{"id":3311,"date":"2019-10-26T00:38:41","date_gmt":"2019-10-26T00:38:41","guid":{"rendered":"http:\/\/eldigitaldeasturias.com\/radio\/?p=3311"},"modified":"2019-10-26T00:38:41","modified_gmt":"2019-10-26T00:38:41","slug":"el-acuario-poema-del-mar-acoge-una-jornada-sobre-la-conservacion-del-angelote-en-canarias","status":"publish","type":"post","link":"https:\/\/eldigitaldeasturias.com\/radio\/el-acuario-poema-del-mar-acoge-una-jornada-sobre-la-conservacion-del-angelote-en-canarias\/","title":{"rendered":"El acuario Poema del Mar acoge una jornada sobre la conservaci\u00f3n del angelote en Canarias"},"content":{"rendered":"<p><img fetchpriority=\"high\" decoding=\"async\" class=\"alignleft size-medium wp-image-3312\" src=\"https:\/\/eldigitaldeasturias.com\/radio\/wp-content\/uploads\/2019\/10\/1571996481_Jornada_Conservaci_n_Angelote_Loro_Parque_24.10.19001-360x201.jpg\" alt=\"\" width=\"360\" height=\"201\" srcset=\"https:\/\/eldigitaldeasturias.com\/radio\/wp-content\/uploads\/2019\/10\/1571996481_Jornada_Conservaci_n_Angelote_Loro_Parque_24.10.19001-360x201.jpg 360w, https:\/\/eldigitaldeasturias.com\/radio\/wp-content\/uploads\/2019\/10\/1571996481_Jornada_Conservaci_n_Angelote_Loro_Parque_24.10.19001-1024x570.jpg 1024w, https:\/\/eldigitaldeasturias.com\/radio\/wp-content\/uploads\/2019\/10\/1571996481_Jornada_Conservaci_n_Angelote_Loro_Parque_24.10.19001-768x428.jpg 768w, https:\/\/eldigitaldeasturias.com\/radio\/wp-content\/uploads\/2019\/10\/1571996481_Jornada_Conservaci_n_Angelote_Loro_Parque_24.10.19001-600x337.jpg 600w, https:\/\/eldigitaldeasturias.com\/radio\/wp-content\/uploads\/2019\/10\/1571996481_Jornada_Conservaci_n_Angelote_Loro_Parque_24.10.19001.jpg 1280w\" sizes=\"(max-width: 360px) 100vw, 360px\" \/>Poema del Mar ha acogido ayer, jueves 24 de octubre, una jornada sobre la conservaci\u00f3n del angelote en Canarias. Con este evento, organizado por Loro Parque Fundaci\u00f3n, el acuario refuerza su compromiso con la protecci\u00f3n de especies en peligro de extinci\u00f3n.<\/p>\n<p>El Dr. Javier Almunia, director de Loro Parque Fundaci\u00f3n, aprovech\u00f3 la ocasi\u00f3n para resaltar la importancia de esta especie marina en Canarias, que est\u00e1 catalogada como cr\u00edticamente amenazada por la Uni\u00f3n Internacional para la Conservaci\u00f3n de la Naturaleza (UICN). \u201cEn este punto era importante poner en com\u00fan los trabajos de los diferentes grupos de investigaci\u00f3n que llevan varios a\u00f1os trabajando en las Islas y crear un foro de discusi\u00f3n para planificar las acciones de conservaci\u00f3n futuras entre los investigadores y el Gobierno regional\u201d, afirm\u00f3.<\/p>\n<p>Por su parte, el Dr. Herrera explic\u00f3 que el objetivo de la administraci\u00f3n es que el a\u00f1o que viene est\u00e9 publicado el Plan de Conservaci\u00f3n de la especie. En su ponencia, hizo referencia al angelote y a la mantellina, que son los que en este momento tienen una situaci\u00f3n m\u00e1s cr\u00edtica, incidiendo en que el objetivo final es mejorar la protecci\u00f3n de los elasmobranquios y crear un santuario para tiburones y rayas en Canarias.<\/p>\n<p>La intervenci\u00f3n de los expertos de Elasmocan se centr\u00f3 en la presentaci\u00f3n de los resultados de la fotoidentificaci\u00f3n de los angelotes, gracias al que han comprobado que al menos los adultos pueden vivir m\u00e1s de 9 a\u00f1os gracias a un ejemplar que se ha reencontrado en varias ocasiones entre 2007 y 2016.<\/p>\n<p>Desde el proyecto\u00a0<em>Angel Shark Project<\/em>, David Jim\u00e9nez Alvarado present\u00f3 la red de buceadores y pescadores con la que han obtenido una gran cantidad de datos de distribuci\u00f3n y gen\u00e9tica. Con esta iniciativa se han marcado m\u00e1s de 500 angelotes en Las Teresitas (Tenerife), que se ha confirmado como uno de los lugares de cr\u00eda de la especie, aunque se han identificado otros 13 en el archipi\u00e9lago que est\u00e1n pendientes de confirmar. Tambi\u00e9n aprovech\u00f3 para presentar algunos estudios preliminares muy prometedores sobre el uso de ADN obtenido del agua y que permitir\u00eda detectar la presencia de los angelotes y otras especies.<\/p>\n<p>Por \u00faltimo, Jacobo Marrero, de la Asociaci\u00f3n Tonina, present\u00f3 los trabajos que ha realizado su grupo en la isla de Tenerife, entre los que destacan las grabaciones de la alimentaci\u00f3n de las cr\u00edas de angelote en la playa de Las Teresitas, donde se alimentan preferiblemente de gueldes y otros peque\u00f1os peces. Estas filmaciones han permitido obtener informaci\u00f3n cient\u00edfica con la que est\u00e1n analizando c\u00f3mo los angelotes seleccionan sus lugares de cr\u00eda.<\/p>\n<p>La tarde ha estado reservada para una jornada profesional preparatoria del taller donde se elaborar\u00e1 el borrador del Plan de Conservaci\u00f3n de esta especie a principios del a\u00f1o pr\u00f3ximo. En ella, se ha debatido sobre el futuro de la conservaci\u00f3n del angelote en Canarias, a trav\u00e9s de un an\u00e1lisis de perspectivas y l\u00edneas de trabajo.<\/p>\n<p><strong>Loro Parque Fundaci\u00f3n, compromiso con la conservaci\u00f3n del angelote<\/strong><\/p>\n<p>La Fundaci\u00f3n ha destinado, desde su creaci\u00f3n en el a\u00f1o 1994, m\u00e1s de 21.000.000 d\u00f3lares a proyectos de investigaci\u00f3n y conservaci\u00f3n de especies amenazadas, y ha desarrollado m\u00e1s de 180 proyectos <em>in situ<\/em>\u00a0y\u00a0<em>ex situ<\/em>\u00a0alrededor de todo el mundo. Actualmente est\u00e1 ejecutando proyectos de protecci\u00f3n y de biodiversidad marina en Canarias, incluyendo uno sobre el angelote en colaboraci\u00f3n con Elasmocan, que se encuentra tambi\u00e9n vinculado al acuario Poema del Mar.<\/p>\n","protected":false},"excerpt":{"rendered":"<p>Poema del Mar ha acogido ayer, jueves 24 de octubre, una jornada sobre la conservaci\u00f3n del angelote en Canarias. Con este evento, organizado por Loro Parque Fundaci\u00f3n, el acuario refuerza su compromiso con la protecci\u00f3n de especies en peligro de extinci\u00f3n. El Dr. Javier Almunia, director de Loro Parque Fundaci\u00f3n, aprovech\u00f3 la ocasi\u00f3n para resaltar<\/p>\n","protected":false},"author":1,"featured_media":3312,"comment_status":"closed","ping_status":"closed","sticky":false,"template":"","format":"standard","meta":{"footnotes":""},"categories":[1],"tags":[],"class_list":{"0":"post-3311","1":"post","2":"type-post","3":"status-publish","4":"format-standard","5":"has-post-thumbnail","7":"category-noticias"},"aioseo_notices":[],"aioseo_head":"\n\t\t<!-- All in One SEO Pro 4.9.6.2 - aioseo.com -->\n\t<meta name=\"description\" content=\"Poema del Mar ha acogido ayer, jueves 24 de octubre, una jornada sobre la conservaci\u00f3n del angelote en Canarias. Con este evento, organizado por Loro Parque Fundaci\u00f3n, el acuario refuerza su compromiso con la protecci\u00f3n de especies en peligro de extinci\u00f3n. El Dr. Javier Almunia, director de Loro Parque Fundaci\u00f3n, aprovech\u00f3 la ocasi\u00f3n para resaltar\" \/>\n\t<meta name=\"robots\" content=\"max-image-preview:large\" \/>\n\t<meta name=\"author\" content=\"NBAsturias\"\/>\n\t<meta name=\"google-site-verification\" content=\"UA-38556648-1\" \/>\n\t<meta name=\"keywords\" content=\"noticias\" \/>\n\t<link rel=\"canonical\" href=\"https:\/\/eldigitaldeasturias.com\/radio\/el-acuario-poema-del-mar-acoge-una-jornada-sobre-la-conservacion-del-angelote-en-canarias\/\" \/>\n\t<meta name=\"generator\" content=\"All in One SEO Pro (AIOSEO) 4.9.6.2\" \/>\n\t\t<meta property=\"og:locale\" content=\"es_ES\" \/>\n\t\t<meta property=\"og:site_name\" content=\"El Digital de Asturias | Diario de informaci\u00f3n y noticias\" \/>\n\t\t<meta property=\"og:type\" content=\"article\" \/>\n\t\t<meta property=\"og:title\" content=\"El acuario Poema del Mar acoge una jornada sobre la conservaci\u00f3n del angelote en Canarias | El Digital de Asturias\" \/>\n\t\t<meta property=\"og:description\" content=\"Poema del Mar ha acogido ayer, jueves 24 de octubre, una jornada sobre la conservaci\u00f3n del angelote en Canarias. Con este evento, organizado por Loro Parque Fundaci\u00f3n, el acuario refuerza su compromiso con la protecci\u00f3n de especies en peligro de extinci\u00f3n. El Dr. Javier Almunia, director de Loro Parque Fundaci\u00f3n, aprovech\u00f3 la ocasi\u00f3n para resaltar\" \/>\n\t\t<meta property=\"og:url\" content=\"https:\/\/eldigitaldeasturias.com\/radio\/el-acuario-poema-del-mar-acoge-una-jornada-sobre-la-conservacion-del-angelote-en-canarias\/\" \/>\n\t\t<meta property=\"og:image\" content=\"https:\/\/eldigitaldeasturias.com\/radio\/wp-content\/uploads\/2019\/10\/1571996481_Jornada_Conservaci_n_Angelote_Loro_Parque_24.10.19001.jpg\" \/>\n\t\t<meta property=\"og:image:secure_url\" content=\"https:\/\/eldigitaldeasturias.com\/radio\/wp-content\/uploads\/2019\/10\/1571996481_Jornada_Conservaci_n_Angelote_Loro_Parque_24.10.19001.jpg\" \/>\n\t\t<meta property=\"og:image:width\" content=\"1280\" \/>\n\t\t<meta property=\"og:image:height\" content=\"713\" \/>\n\t\t<meta property=\"article:published_time\" content=\"2019-10-26T00:38:41+00:00\" \/>\n\t\t<meta property=\"article:modified_time\" content=\"2019-10-26T00:38:41+00:00\" \/>\n\t\t<meta name=\"twitter:card\" content=\"summary_large_image\" \/>\n\t\t<meta name=\"twitter:site\" content=\"@bercodi\" \/>\n\t\t<meta name=\"twitter:title\" content=\"El acuario Poema del Mar acoge una jornada sobre la conservaci\u00f3n del angelote en Canarias | El Digital de Asturias\" \/>\n\t\t<meta name=\"twitter:description\" content=\"Poema del Mar ha acogido ayer, jueves 24 de octubre, una jornada sobre la conservaci\u00f3n del angelote en Canarias. Con este evento, organizado por Loro Parque Fundaci\u00f3n, el acuario refuerza su compromiso con la protecci\u00f3n de especies en peligro de extinci\u00f3n. El Dr. Javier Almunia, director de Loro Parque Fundaci\u00f3n, aprovech\u00f3 la ocasi\u00f3n para resaltar\" \/>\n\t\t<meta name=\"twitter:creator\" content=\"@bercodi\" \/>\n\t\t<meta name=\"twitter:image\" content=\"https:\/\/eldigitaldeasturias.com\/radio\/wp-content\/uploads\/2019\/10\/1571996481_Jornada_Conservaci_n_Angelote_Loro_Parque_24.10.19001.jpg\" \/>\n\t\t<script type=\"application\/ld+json\" class=\"aioseo-schema\">\n\t\t\t{\"@context\":\"https:\\\/\\\/schema.org\",\"@graph\":[{\"@type\":\"BreadcrumbList\",\"@id\":\"https:\\\/\\\/eldigitaldeasturias.com\\\/radio\\\/el-acuario-poema-del-mar-acoge-una-jornada-sobre-la-conservacion-del-angelote-en-canarias\\\/#breadcrumblist\",\"itemListElement\":[{\"@type\":\"ListItem\",\"@id\":\"https:\\\/\\\/eldigitaldeasturias.com\\\/radio#listItem\",\"position\":1,\"name\":\"Inicio\",\"item\":\"https:\\\/\\\/eldigitaldeasturias.com\\\/radio\",\"nextItem\":{\"@type\":\"ListItem\",\"@id\":\"https:\\\/\\\/eldigitaldeasturias.com\\\/radio\\\/category\\\/noticias\\\/#listItem\",\"name\":\"Noticias\"}},{\"@type\":\"ListItem\",\"@id\":\"https:\\\/\\\/eldigitaldeasturias.com\\\/radio\\\/category\\\/noticias\\\/#listItem\",\"position\":2,\"name\":\"Noticias\",\"item\":\"https:\\\/\\\/eldigitaldeasturias.com\\\/radio\\\/category\\\/noticias\\\/\",\"nextItem\":{\"@type\":\"ListItem\",\"@id\":\"https:\\\/\\\/eldigitaldeasturias.com\\\/radio\\\/el-acuario-poema-del-mar-acoge-una-jornada-sobre-la-conservacion-del-angelote-en-canarias\\\/#listItem\",\"name\":\"El acuario Poema del Mar acoge una jornada sobre la conservaci\\u00f3n del angelote en Canarias\"},\"previousItem\":{\"@type\":\"ListItem\",\"@id\":\"https:\\\/\\\/eldigitaldeasturias.com\\\/radio#listItem\",\"name\":\"Inicio\"}},{\"@type\":\"ListItem\",\"@id\":\"https:\\\/\\\/eldigitaldeasturias.com\\\/radio\\\/el-acuario-poema-del-mar-acoge-una-jornada-sobre-la-conservacion-del-angelote-en-canarias\\\/#listItem\",\"position\":3,\"name\":\"El acuario Poema del Mar acoge una jornada sobre la conservaci\\u00f3n del angelote en Canarias\",\"previousItem\":{\"@type\":\"ListItem\",\"@id\":\"https:\\\/\\\/eldigitaldeasturias.com\\\/radio\\\/category\\\/noticias\\\/#listItem\",\"name\":\"Noticias\"}}]},{\"@type\":\"NewsArticle\",\"@id\":\"https:\\\/\\\/eldigitaldeasturias.com\\\/radio\\\/el-acuario-poema-del-mar-acoge-una-jornada-sobre-la-conservacion-del-angelote-en-canarias\\\/#newsarticle\",\"name\":\"El acuario Poema del Mar acoge una jornada sobre la conservaci\\u00f3n del angelote en Canarias | El Digital de Asturias\",\"headline\":\"El acuario Poema del Mar acoge una jornada sobre la conservaci\\u00f3n del angelote en Canarias\",\"author\":{\"@id\":\"https:\\\/\\\/eldigitaldeasturias.com\\\/radio\\\/author\\\/nbasturias\\\/#author\"},\"publisher\":{\"@id\":\"https:\\\/\\\/eldigitaldeasturias.com\\\/radio\\\/#organization\"},\"image\":{\"@type\":\"ImageObject\",\"url\":\"https:\\\/\\\/eldigitaldeasturias.com\\\/radio\\\/wp-content\\\/uploads\\\/2019\\\/10\\\/1571996481_Jornada_Conservaci_n_Angelote_Loro_Parque_24.10.19001.jpg\",\"width\":1280,\"height\":713},\"datePublished\":\"2019-10-26T00:38:41+02:00\",\"dateModified\":\"2019-10-26T00:38:41+02:00\",\"inLanguage\":\"es-ES\",\"mainEntityOfPage\":{\"@id\":\"https:\\\/\\\/eldigitaldeasturias.com\\\/radio\\\/el-acuario-poema-del-mar-acoge-una-jornada-sobre-la-conservacion-del-angelote-en-canarias\\\/#webpage\"},\"isPartOf\":{\"@id\":\"https:\\\/\\\/eldigitaldeasturias.com\\\/radio\\\/el-acuario-poema-del-mar-acoge-una-jornada-sobre-la-conservacion-del-angelote-en-canarias\\\/#webpage\"},\"articleSection\":\"Noticias\",\"dateline\":\"Publicado el octubre 26, 2019.\"},{\"@type\":\"Organization\",\"@id\":\"https:\\\/\\\/eldigitaldeasturias.com\\\/radio\\\/#organization\",\"name\":\"El digital de Asturias Radio\",\"description\":\"Diario de informaci\\u00f3n y noticias\",\"url\":\"https:\\\/\\\/eldigitaldeasturias.com\\\/radio\\\/\",\"telephone\":\"+34652131393\",\"logo\":{\"@type\":\"ImageObject\",\"url\":\"https:\\\/\\\/www.eldigitaldeasturias.com\\\/radio\\\/wp-content\\\/uploads\\\/2021\\\/03\\\/EDA.jpg\",\"@id\":\"https:\\\/\\\/eldigitaldeasturias.com\\\/radio\\\/el-acuario-poema-del-mar-acoge-una-jornada-sobre-la-conservacion-del-angelote-en-canarias\\\/#organizationLogo\"},\"image\":{\"@id\":\"https:\\\/\\\/eldigitaldeasturias.com\\\/radio\\\/el-acuario-poema-del-mar-acoge-una-jornada-sobre-la-conservacion-del-angelote-en-canarias\\\/#organizationLogo\"},\"sameAs\":[\"https:\\\/\\\/www.facebook.com\\\/\",\"https:\\\/\\\/x.com\\\/bercodi\",\"https:\\\/\\\/www.instagram.com\\\/\",\"https:\\\/\\\/www.youtube.com\\\/channel\\\/UCZP-2wLEB9Rv6erhFmqVnvg\"]},{\"@type\":\"Person\",\"@id\":\"https:\\\/\\\/eldigitaldeasturias.com\\\/radio\\\/author\\\/nbasturias\\\/#author\",\"url\":\"https:\\\/\\\/eldigitaldeasturias.com\\\/radio\\\/author\\\/nbasturias\\\/\",\"name\":\"NBAsturias\",\"image\":{\"@type\":\"ImageObject\",\"@id\":\"https:\\\/\\\/eldigitaldeasturias.com\\\/radio\\\/el-acuario-poema-del-mar-acoge-una-jornada-sobre-la-conservacion-del-angelote-en-canarias\\\/#authorImage\",\"url\":\"https:\\\/\\\/secure.gravatar.com\\\/avatar\\\/df2aeffc32bcd13f8d26072ef8a91b623d677766deac7f97ca815868cd41bf5e?s=96&d=mm&r=g\",\"width\":96,\"height\":96,\"caption\":\"NBAsturias\"}},{\"@type\":\"WebPage\",\"@id\":\"https:\\\/\\\/eldigitaldeasturias.com\\\/radio\\\/el-acuario-poema-del-mar-acoge-una-jornada-sobre-la-conservacion-del-angelote-en-canarias\\\/#webpage\",\"url\":\"https:\\\/\\\/eldigitaldeasturias.com\\\/radio\\\/el-acuario-poema-del-mar-acoge-una-jornada-sobre-la-conservacion-del-angelote-en-canarias\\\/\",\"name\":\"El acuario Poema del Mar acoge una jornada sobre la conservaci\\u00f3n del angelote en Canarias | El Digital de Asturias\",\"description\":\"Poema del Mar ha acogido ayer, jueves 24 de octubre, una jornada sobre la conservaci\\u00f3n del angelote en Canarias. Con este evento, organizado por Loro Parque Fundaci\\u00f3n, el acuario refuerza su compromiso con la protecci\\u00f3n de especies en peligro de extinci\\u00f3n. El Dr. Javier Almunia, director de Loro Parque Fundaci\\u00f3n, aprovech\\u00f3 la ocasi\\u00f3n para resaltar\",\"inLanguage\":\"es-ES\",\"isPartOf\":{\"@id\":\"https:\\\/\\\/eldigitaldeasturias.com\\\/radio\\\/#website\"},\"breadcrumb\":{\"@id\":\"https:\\\/\\\/eldigitaldeasturias.com\\\/radio\\\/el-acuario-poema-del-mar-acoge-una-jornada-sobre-la-conservacion-del-angelote-en-canarias\\\/#breadcrumblist\"},\"author\":{\"@id\":\"https:\\\/\\\/eldigitaldeasturias.com\\\/radio\\\/author\\\/nbasturias\\\/#author\"},\"creator\":{\"@id\":\"https:\\\/\\\/eldigitaldeasturias.com\\\/radio\\\/author\\\/nbasturias\\\/#author\"},\"image\":{\"@type\":\"ImageObject\",\"url\":\"https:\\\/\\\/eldigitaldeasturias.com\\\/radio\\\/wp-content\\\/uploads\\\/2019\\\/10\\\/1571996481_Jornada_Conservaci_n_Angelote_Loro_Parque_24.10.19001.jpg\",\"@id\":\"https:\\\/\\\/eldigitaldeasturias.com\\\/radio\\\/el-acuario-poema-del-mar-acoge-una-jornada-sobre-la-conservacion-del-angelote-en-canarias\\\/#mainImage\",\"width\":1280,\"height\":713},\"primaryImageOfPage\":{\"@id\":\"https:\\\/\\\/eldigitaldeasturias.com\\\/radio\\\/el-acuario-poema-del-mar-acoge-una-jornada-sobre-la-conservacion-del-angelote-en-canarias\\\/#mainImage\"},\"datePublished\":\"2019-10-26T00:38:41+02:00\",\"dateModified\":\"2019-10-26T00:38:41+02:00\"},{\"@type\":\"WebSite\",\"@id\":\"https:\\\/\\\/eldigitaldeasturias.com\\\/radio\\\/#website\",\"url\":\"https:\\\/\\\/eldigitaldeasturias.com\\\/radio\\\/\",\"name\":\"El Digital de Asturias\",\"description\":\"Diario de informaci\\u00f3n y noticias\",\"inLanguage\":\"es-ES\",\"publisher\":{\"@id\":\"https:\\\/\\\/eldigitaldeasturias.com\\\/radio\\\/#organization\"}}]}\n\t\t<\/script>\n\t\t<!-- All in One SEO Pro -->\r\n\t\t<title>El acuario Poema del Mar acoge una jornada sobre la conservaci\u00f3n del angelote en Canarias | El Digital de Asturias<\/title>\n\n","aioseo_head_json":{"title":"El acuario Poema del Mar acoge una jornada sobre la conservaci\u00f3n del angelote en Canarias | El Digital de Asturias","description":"Poema del Mar ha acogido ayer, jueves 24 de octubre, una jornada sobre la conservaci\u00f3n del angelote en Canarias. Con este evento, organizado por Loro Parque Fundaci\u00f3n, el acuario refuerza su compromiso con la protecci\u00f3n de especies en peligro de extinci\u00f3n. El Dr. Javier Almunia, director de Loro Parque Fundaci\u00f3n, aprovech\u00f3 la ocasi\u00f3n para resaltar","canonical_url":"https:\/\/eldigitaldeasturias.com\/radio\/el-acuario-poema-del-mar-acoge-una-jornada-sobre-la-conservacion-del-angelote-en-canarias\/","robots":"max-image-preview:large","keywords":"noticias","webmasterTools":{"google-site-verification":"UA-38556648-1","miscellaneous":""},"schema":{"@context":"https:\/\/schema.org","@graph":[{"@type":"BreadcrumbList","@id":"https:\/\/eldigitaldeasturias.com\/radio\/el-acuario-poema-del-mar-acoge-una-jornada-sobre-la-conservacion-del-angelote-en-canarias\/#breadcrumblist","itemListElement":[{"@type":"ListItem","@id":"https:\/\/eldigitaldeasturias.com\/radio#listItem","position":1,"name":"Inicio","item":"https:\/\/eldigitaldeasturias.com\/radio","nextItem":{"@type":"ListItem","@id":"https:\/\/eldigitaldeasturias.com\/radio\/category\/noticias\/#listItem","name":"Noticias"}},{"@type":"ListItem","@id":"https:\/\/eldigitaldeasturias.com\/radio\/category\/noticias\/#listItem","position":2,"name":"Noticias","item":"https:\/\/eldigitaldeasturias.com\/radio\/category\/noticias\/","nextItem":{"@type":"ListItem","@id":"https:\/\/eldigitaldeasturias.com\/radio\/el-acuario-poema-del-mar-acoge-una-jornada-sobre-la-conservacion-del-angelote-en-canarias\/#listItem","name":"El acuario Poema del Mar acoge una jornada sobre la conservaci\u00f3n del angelote en Canarias"},"previousItem":{"@type":"ListItem","@id":"https:\/\/eldigitaldeasturias.com\/radio#listItem","name":"Inicio"}},{"@type":"ListItem","@id":"https:\/\/eldigitaldeasturias.com\/radio\/el-acuario-poema-del-mar-acoge-una-jornada-sobre-la-conservacion-del-angelote-en-canarias\/#listItem","position":3,"name":"El acuario Poema del Mar acoge una jornada sobre la conservaci\u00f3n del angelote en Canarias","previousItem":{"@type":"ListItem","@id":"https:\/\/eldigitaldeasturias.com\/radio\/category\/noticias\/#listItem","name":"Noticias"}}]},{"@type":"NewsArticle","@id":"https:\/\/eldigitaldeasturias.com\/radio\/el-acuario-poema-del-mar-acoge-una-jornada-sobre-la-conservacion-del-angelote-en-canarias\/#newsarticle","name":"El acuario Poema del Mar acoge una jornada sobre la conservaci\u00f3n del angelote en Canarias | El Digital de Asturias","headline":"El acuario Poema del Mar acoge una jornada sobre la conservaci\u00f3n del angelote en Canarias","author":{"@id":"https:\/\/eldigitaldeasturias.com\/radio\/author\/nbasturias\/#author"},"publisher":{"@id":"https:\/\/eldigitaldeasturias.com\/radio\/#organization"},"image":{"@type":"ImageObject","url":"https:\/\/eldigitaldeasturias.com\/radio\/wp-content\/uploads\/2019\/10\/1571996481_Jornada_Conservaci_n_Angelote_Loro_Parque_24.10.19001.jpg","width":1280,"height":713},"datePublished":"2019-10-26T00:38:41+02:00","dateModified":"2019-10-26T00:38:41+02:00","inLanguage":"es-ES","mainEntityOfPage":{"@id":"https:\/\/eldigitaldeasturias.com\/radio\/el-acuario-poema-del-mar-acoge-una-jornada-sobre-la-conservacion-del-angelote-en-canarias\/#webpage"},"isPartOf":{"@id":"https:\/\/eldigitaldeasturias.com\/radio\/el-acuario-poema-del-mar-acoge-una-jornada-sobre-la-conservacion-del-angelote-en-canarias\/#webpage"},"articleSection":"Noticias","dateline":"Publicado el octubre 26, 2019."},{"@type":"Organization","@id":"https:\/\/eldigitaldeasturias.com\/radio\/#organization","name":"El digital de Asturias Radio","description":"Diario de informaci\u00f3n y noticias","url":"https:\/\/eldigitaldeasturias.com\/radio\/","telephone":"+34652131393","logo":{"@type":"ImageObject","url":"https:\/\/www.eldigitaldeasturias.com\/radio\/wp-content\/uploads\/2021\/03\/EDA.jpg","@id":"https:\/\/eldigitaldeasturias.com\/radio\/el-acuario-poema-del-mar-acoge-una-jornada-sobre-la-conservacion-del-angelote-en-canarias\/#organizationLogo"},"image":{"@id":"https:\/\/eldigitaldeasturias.com\/radio\/el-acuario-poema-del-mar-acoge-una-jornada-sobre-la-conservacion-del-angelote-en-canarias\/#organizationLogo"},"sameAs":["https:\/\/www.facebook.com\/","https:\/\/x.com\/bercodi","https:\/\/www.instagram.com\/","https:\/\/www.youtube.com\/channel\/UCZP-2wLEB9Rv6erhFmqVnvg"]},{"@type":"Person","@id":"https:\/\/eldigitaldeasturias.com\/radio\/author\/nbasturias\/#author","url":"https:\/\/eldigitaldeasturias.com\/radio\/author\/nbasturias\/","name":"NBAsturias","image":{"@type":"ImageObject","@id":"https:\/\/eldigitaldeasturias.com\/radio\/el-acuario-poema-del-mar-acoge-una-jornada-sobre-la-conservacion-del-angelote-en-canarias\/#authorImage","url":"https:\/\/secure.gravatar.com\/avatar\/df2aeffc32bcd13f8d26072ef8a91b623d677766deac7f97ca815868cd41bf5e?s=96&d=mm&r=g","width":96,"height":96,"caption":"NBAsturias"}},{"@type":"WebPage","@id":"https:\/\/eldigitaldeasturias.com\/radio\/el-acuario-poema-del-mar-acoge-una-jornada-sobre-la-conservacion-del-angelote-en-canarias\/#webpage","url":"https:\/\/eldigitaldeasturias.com\/radio\/el-acuario-poema-del-mar-acoge-una-jornada-sobre-la-conservacion-del-angelote-en-canarias\/","name":"El acuario Poema del Mar acoge una jornada sobre la conservaci\u00f3n del angelote en Canarias | El Digital de Asturias","description":"Poema del Mar ha acogido ayer, jueves 24 de octubre, una jornada sobre la conservaci\u00f3n del angelote en Canarias. Con este evento, organizado por Loro Parque Fundaci\u00f3n, el acuario refuerza su compromiso con la protecci\u00f3n de especies en peligro de extinci\u00f3n. El Dr. Javier Almunia, director de Loro Parque Fundaci\u00f3n, aprovech\u00f3 la ocasi\u00f3n para resaltar","inLanguage":"es-ES","isPartOf":{"@id":"https:\/\/eldigitaldeasturias.com\/radio\/#website"},"breadcrumb":{"@id":"https:\/\/eldigitaldeasturias.com\/radio\/el-acuario-poema-del-mar-acoge-una-jornada-sobre-la-conservacion-del-angelote-en-canarias\/#breadcrumblist"},"author":{"@id":"https:\/\/eldigitaldeasturias.com\/radio\/author\/nbasturias\/#author"},"creator":{"@id":"https:\/\/eldigitaldeasturias.com\/radio\/author\/nbasturias\/#author"},"image":{"@type":"ImageObject","url":"https:\/\/eldigitaldeasturias.com\/radio\/wp-content\/uploads\/2019\/10\/1571996481_Jornada_Conservaci_n_Angelote_Loro_Parque_24.10.19001.jpg","@id":"https:\/\/eldigitaldeasturias.com\/radio\/el-acuario-poema-del-mar-acoge-una-jornada-sobre-la-conservacion-del-angelote-en-canarias\/#mainImage","width":1280,"height":713},"primaryImageOfPage":{"@id":"https:\/\/eldigitaldeasturias.com\/radio\/el-acuario-poema-del-mar-acoge-una-jornada-sobre-la-conservacion-del-angelote-en-canarias\/#mainImage"},"datePublished":"2019-10-26T00:38:41+02:00","dateModified":"2019-10-26T00:38:41+02:00"},{"@type":"WebSite","@id":"https:\/\/eldigitaldeasturias.com\/radio\/#website","url":"https:\/\/eldigitaldeasturias.com\/radio\/","name":"El Digital de Asturias","description":"Diario de informaci\u00f3n y noticias","inLanguage":"es-ES","publisher":{"@id":"https:\/\/eldigitaldeasturias.com\/radio\/#organization"}}]},"og:locale":"es_ES","og:site_name":"El Digital de Asturias | Diario de informaci\u00f3n y noticias","og:type":"article","og:title":"El acuario Poema del Mar acoge una jornada sobre la conservaci\u00f3n del angelote en Canarias | El Digital de Asturias","og:description":"Poema del Mar ha acogido ayer, jueves 24 de octubre, una jornada sobre la conservaci\u00f3n del angelote en Canarias. Con este evento, organizado por Loro Parque Fundaci\u00f3n, el acuario refuerza su compromiso con la protecci\u00f3n de especies en peligro de extinci\u00f3n. El Dr. Javier Almunia, director de Loro Parque Fundaci\u00f3n, aprovech\u00f3 la ocasi\u00f3n para resaltar","og:url":"https:\/\/eldigitaldeasturias.com\/radio\/el-acuario-poema-del-mar-acoge-una-jornada-sobre-la-conservacion-del-angelote-en-canarias\/","og:image":"https:\/\/eldigitaldeasturias.com\/radio\/wp-content\/uploads\/2019\/10\/1571996481_Jornada_Conservaci_n_Angelote_Loro_Parque_24.10.19001.jpg","og:image:secure_url":"https:\/\/eldigitaldeasturias.com\/radio\/wp-content\/uploads\/2019\/10\/1571996481_Jornada_Conservaci_n_Angelote_Loro_Parque_24.10.19001.jpg","og:image:width":1280,"og:image:height":713,"article:published_time":"2019-10-26T00:38:41+00:00","article:modified_time":"2019-10-26T00:38:41+00:00","twitter:card":"summary_large_image","twitter:site":"@bercodi","twitter:title":"El acuario Poema del Mar acoge una jornada sobre la conservaci\u00f3n del angelote en Canarias | El Digital de Asturias","twitter:description":"Poema del Mar ha acogido ayer, jueves 24 de octubre, una jornada sobre la conservaci\u00f3n del angelote en Canarias. Con este evento, organizado por Loro Parque Fundaci\u00f3n, el acuario refuerza su compromiso con la protecci\u00f3n de especies en peligro de extinci\u00f3n. El Dr. Javier Almunia, director de Loro Parque Fundaci\u00f3n, aprovech\u00f3 la ocasi\u00f3n para resaltar","twitter:creator":"@bercodi","twitter:image":"https:\/\/eldigitaldeasturias.com\/radio\/wp-content\/uploads\/2019\/10\/1571996481_Jornada_Conservaci_n_Angelote_Loro_Parque_24.10.19001.jpg"},"aioseo_meta_data":{"post_id":"3311","title":null,"description":null,"keywords":null,"keyphrases":null,"primary_term":null,"canonical_url":null,"og_title":null,"og_description":null,"og_object_type":"default","og_image_type":"default","og_image_url":null,"og_image_width":null,"og_image_height":null,"og_image_custom_url":null,"og_image_custom_fields":null,"og_video":null,"og_custom_url":null,"og_article_section":null,"og_article_tags":null,"twitter_use_og":false,"twitter_card":"default","twitter_image_type":"default","twitter_image_url":null,"twitter_image_custom_url":null,"twitter_image_custom_fields":null,"twitter_title":null,"twitter_description":null,"schema":{"blockGraphs":[],"customGraphs":[],"default":{"data":{"Article":[],"Course":[],"Dataset":[],"FAQPage":[],"Movie":[],"Person":[],"Product":[],"ProductReview":[],"Car":[],"Recipe":[],"Service":[],"SoftwareApplication":[],"WebPage":[]},"graphName":"","isEnabled":true},"graphs":[],"defaultGraph":"","defaultPostTypeGraph":""},"schema_type":null,"schema_type_options":null,"pillar_content":false,"robots_default":true,"robots_noindex":false,"robots_noarchive":false,"robots_nosnippet":false,"robots_nofollow":false,"robots_noimageindex":false,"robots_noodp":false,"robots_notranslate":false,"robots_max_snippet":null,"robots_max_videopreview":null,"robots_max_imagepreview":"large","priority":null,"frequency":null,"location":null,"local_seo":null,"seo_analyzer_scan_date":"2025-08-28 14:00:23","breadcrumb_settings":null,"limit_modified_date":false,"open_ai":null,"ai":null,"created":"2021-03-26 22:20:33","updated":"2025-08-28 14:00:23"},"aioseo_breadcrumb":"<div class=\"aioseo-breadcrumbs\"><span class=\"aioseo-breadcrumb\">\n\t<a href=\"https:\/\/eldigitaldeasturias.com\/radio\" title=\"Inicio\">Inicio<\/a>\n<\/span><span class=\"aioseo-breadcrumb-separator\">&ndash;<\/span><span class=\"aioseo-breadcrumb\">\n\t<a href=\"https:\/\/eldigitaldeasturias.com\/radio\/category\/noticias\/\" title=\"Noticias\">Noticias<\/a>\n<\/span><span class=\"aioseo-breadcrumb-separator\">&ndash;<\/span><span class=\"aioseo-breadcrumb\">\n\tEl acuario Poema del Mar acoge una jornada sobre la conservaci\u00f3n del angelote en Canarias\n<\/span><\/div>","aioseo_breadcrumb_json":[{"label":"Inicio","link":"https:\/\/eldigitaldeasturias.com\/radio"},{"label":"Noticias","link":"https:\/\/eldigitaldeasturias.com\/radio\/category\/noticias\/"},{"label":"El acuario Poema del Mar acoge una jornada sobre la conservaci\u00f3n del angelote en Canarias","link":"https:\/\/eldigitaldeasturias.com\/radio\/el-acuario-poema-del-mar-acoge-una-jornada-sobre-la-conservacion-del-angelote-en-canarias\/"}],"_links":{"self":[{"href":"https:\/\/eldigitaldeasturias.com\/radio\/wp-json\/wp\/v2\/posts\/3311","targetHints":{"allow":["GET"]}}],"collection":[{"href":"https:\/\/eldigitaldeasturias.com\/radio\/wp-json\/wp\/v2\/posts"}],"about":[{"href":"https:\/\/eldigitaldeasturias.com\/radio\/wp-json\/wp\/v2\/types\/post"}],"author":[{"embeddable":true,"href":"https:\/\/eldigitaldeasturias.com\/radio\/wp-json\/wp\/v2\/users\/1"}],"replies":[{"embeddable":true,"href":"https:\/\/eldigitaldeasturias.com\/radio\/wp-json\/wp\/v2\/comments?post=3311"}],"version-history":[{"count":0,"href":"https:\/\/eldigitaldeasturias.com\/radio\/wp-json\/wp\/v2\/posts\/3311\/revisions"}],"wp:featuredmedia":[{"embeddable":true,"href":"https:\/\/eldigitaldeasturias.com\/radio\/wp-json\/wp\/v2\/media\/3312"}],"wp:attachment":[{"href":"https:\/\/eldigitaldeasturias.com\/radio\/wp-json\/wp\/v2\/media?parent=3311"}],"wp:term":[{"taxonomy":"category","embeddable":true,"href":"https:\/\/eldigitaldeasturias.com\/radio\/wp-json\/wp\/v2\/categories?post=3311"},{"taxonomy":"post_tag","embeddable":true,"href":"https:\/\/eldigitaldeasturias.com\/radio\/wp-json\/wp\/v2\/tags?post=3311"}],"curies":[{"name":"wp","href":"https:\/\/api.w.org\/{rel}","templated":true}]}}