{"id":3298,"date":"2019-10-19T20:39:30","date_gmt":"2019-10-19T20:39:30","guid":{"rendered":"http:\/\/eldigitaldeasturias.com\/radio\/?p=3298"},"modified":"2019-10-19T20:39:30","modified_gmt":"2019-10-19T20:39:30","slug":"la-iglesia-protestante-alemana-nombra-un-comisario-contra-el-antisemitismo","status":"publish","type":"post","link":"https:\/\/eldigitaldeasturias.com\/radio\/la-iglesia-protestante-alemana-nombra-un-comisario-contra-el-antisemitismo\/","title":{"rendered":"La Iglesia Protestante alemana nombra un comisario contra el antisemitismo"},"content":{"rendered":"<p>Berl\u00edn, 19 oct (dpa)- La iglesia evang\u00e9lica luterana de Alemania nombr\u00f3 al te\u00f3logo Christian Staffa como primer comisario para la lucha contra el antisemitismo, anunci\u00f3 el Consejo de la Iglesia Protestante.<\/p>\n<p>El te\u00f3logo berlin\u00e9s es director de los estudios de cultura democr\u00e1tica y la iglesia en la Academia Protestante de Berl\u00edn. Adem\u00e1s, tambi\u00e9n es presidente del grupo de trabajo Jud\u00edos y Cristianos dentro del Congreso de la Iglesia Protestante alemana.<\/p>\n<p>Staffa apoyar\u00e1 a los dirigentes eclesi\u00e1sticos en su lucha contra el antisemitismo.<\/p>\n<p>\u00abLa amenaza de la violencia antisemita no solo se refleja en el ataque profundamente vergonzoso de Halle\u00bb, dijo el obispo Heinrich Bedford-Strohm, presidente del consejo.<\/p>\n<p>Bedford-Strohm agreg\u00f3 que la lucha contra el antisemitismo y el racismo no es responsabilidad exclusiva del Estado, sino de todos y cada uno de los ciudadanos, y especialmente de las iglesias.<\/p>\n<p>\u00abEl antisemitismo contradice todo lo que representa el cristianismo\u00bb, a\u00f1adi\u00f3 el obispo.<\/p>\n<p>Seg\u00fan Bedford-Strohm, el nombramiento de un representante especial para esta lucha demuestra que la iglesia evang\u00e9lica luterana se propone vigilar y enfrentarse a todo tipo de sentimiento y desprecio antijud\u00edo.<\/p>\n<p>El nombramiento se efectu\u00f3 despu\u00e9s del ataque perpetrado por un alem\u00e1n de 27 a\u00f1os contra una sinagoga y un puesto de comida turca en la ciudad de Halle, en el este del pa\u00eds, que se sald\u00f3 con un hombre y una mujer muertos.<\/p>\n<p>El atacante intent\u00f3 abrir a tiros la puerta de la sinagoga, donde unas 50 personas estaban celebrando el Yom Kippur, el d\u00eda jud\u00edo de la expiaci\u00f3n y la mayor fiesta del juda\u00edsmo.<\/p>\n<p>El autor del tiroteo confes\u00f3 el crimen y reconoci\u00f3 su motivaci\u00f3n ultraderechista y antisemita, despu\u00e9s de realizar una extensa declaraci\u00f3n ante el juez encargado del caso.<\/p>\n<p>&nbsp;<\/p>\n","protected":false},"excerpt":{"rendered":"<p>Berl\u00edn, 19 oct (dpa)- La iglesia evang\u00e9lica luterana de Alemania nombr\u00f3 al te\u00f3logo Christian Staffa como primer comisario para la lucha contra el antisemitismo, anunci\u00f3 el Consejo de la Iglesia Protestante. El te\u00f3logo berlin\u00e9s es director de los estudios de cultura democr\u00e1tica y la iglesia en la Academia Protestante de Berl\u00edn. Adem\u00e1s, tambi\u00e9n es presidente<\/p>\n","protected":false},"author":1,"featured_media":1352,"comment_status":"closed","ping_status":"closed","sticky":false,"template":"","format":"standard","meta":{"footnotes":""},"categories":[1],"tags":[],"class_list":{"0":"post-3298","1":"post","2":"type-post","3":"status-publish","4":"format-standard","5":"has-post-thumbnail","7":"category-noticias"},"aioseo_notices":[],"aioseo_head":"\n\t\t<!-- All in One SEO Pro 4.9.6.2 - aioseo.com -->\n\t<meta name=\"description\" content=\"Berl\u00edn, 19 oct (dpa)- La iglesia evang\u00e9lica luterana de Alemania nombr\u00f3 al te\u00f3logo Christian Staffa como primer comisario para la lucha contra el antisemitismo, anunci\u00f3 el Consejo de la Iglesia Protestante. El te\u00f3logo berlin\u00e9s es director de los estudios de cultura democr\u00e1tica y la iglesia en la Academia Protestante de Berl\u00edn. Adem\u00e1s, tambi\u00e9n es presidente\" \/>\n\t<meta name=\"robots\" content=\"max-image-preview:large\" \/>\n\t<meta name=\"author\" content=\"NBAsturias\"\/>\n\t<meta name=\"google-site-verification\" content=\"UA-38556648-1\" \/>\n\t<meta name=\"keywords\" content=\"noticias\" \/>\n\t<link rel=\"canonical\" href=\"https:\/\/eldigitaldeasturias.com\/radio\/la-iglesia-protestante-alemana-nombra-un-comisario-contra-el-antisemitismo\/\" \/>\n\t<meta name=\"generator\" content=\"All in One SEO Pro (AIOSEO) 4.9.6.2\" \/>\n\t\t<meta property=\"og:locale\" content=\"es_ES\" \/>\n\t\t<meta property=\"og:site_name\" content=\"El Digital de Asturias | Diario de informaci\u00f3n y noticias\" \/>\n\t\t<meta property=\"og:type\" content=\"article\" \/>\n\t\t<meta property=\"og:title\" content=\"La Iglesia Protestante alemana nombra un comisario contra el antisemitismo | El Digital de Asturias\" \/>\n\t\t<meta property=\"og:description\" content=\"Berl\u00edn, 19 oct (dpa)- La iglesia evang\u00e9lica luterana de Alemania nombr\u00f3 al te\u00f3logo Christian Staffa como primer comisario para la lucha contra el antisemitismo, anunci\u00f3 el Consejo de la Iglesia Protestante. El te\u00f3logo berlin\u00e9s es director de los estudios de cultura democr\u00e1tica y la iglesia en la Academia Protestante de Berl\u00edn. Adem\u00e1s, tambi\u00e9n es presidente\" \/>\n\t\t<meta property=\"og:url\" content=\"https:\/\/eldigitaldeasturias.com\/radio\/la-iglesia-protestante-alemana-nombra-un-comisario-contra-el-antisemitismo\/\" \/>\n\t\t<meta property=\"og:image\" content=\"https:\/\/eldigitaldeasturias.com\/radio\/wp-content\/uploads\/2018\/10\/technology-785742_960_720.jpg\" \/>\n\t\t<meta property=\"og:image:secure_url\" content=\"https:\/\/eldigitaldeasturias.com\/radio\/wp-content\/uploads\/2018\/10\/technology-785742_960_720.jpg\" \/>\n\t\t<meta property=\"og:image:width\" content=\"960\" \/>\n\t\t<meta property=\"og:image:height\" content=\"640\" \/>\n\t\t<meta property=\"article:published_time\" content=\"2019-10-19T20:39:30+00:00\" \/>\n\t\t<meta property=\"article:modified_time\" content=\"2019-10-19T20:39:30+00:00\" \/>\n\t\t<meta name=\"twitter:card\" content=\"summary_large_image\" \/>\n\t\t<meta name=\"twitter:site\" content=\"@bercodi\" \/>\n\t\t<meta name=\"twitter:title\" content=\"La Iglesia Protestante alemana nombra un comisario contra el antisemitismo | El Digital de Asturias\" \/>\n\t\t<meta name=\"twitter:description\" content=\"Berl\u00edn, 19 oct (dpa)- La iglesia evang\u00e9lica luterana de Alemania nombr\u00f3 al te\u00f3logo Christian Staffa como primer comisario para la lucha contra el antisemitismo, anunci\u00f3 el Consejo de la Iglesia Protestante. El te\u00f3logo berlin\u00e9s es director de los estudios de cultura democr\u00e1tica y la iglesia en la Academia Protestante de Berl\u00edn. Adem\u00e1s, tambi\u00e9n es presidente\" \/>\n\t\t<meta name=\"twitter:creator\" content=\"@bercodi\" \/>\n\t\t<meta name=\"twitter:image\" content=\"https:\/\/eldigitaldeasturias.com\/radio\/wp-content\/uploads\/2018\/10\/technology-785742_960_720.jpg\" \/>\n\t\t<script type=\"application\/ld+json\" class=\"aioseo-schema\">\n\t\t\t{\"@context\":\"https:\\\/\\\/schema.org\",\"@graph\":[{\"@type\":\"BreadcrumbList\",\"@id\":\"https:\\\/\\\/eldigitaldeasturias.com\\\/radio\\\/la-iglesia-protestante-alemana-nombra-un-comisario-contra-el-antisemitismo\\\/#breadcrumblist\",\"itemListElement\":[{\"@type\":\"ListItem\",\"@id\":\"https:\\\/\\\/eldigitaldeasturias.com\\\/radio#listItem\",\"position\":1,\"name\":\"Inicio\",\"item\":\"https:\\\/\\\/eldigitaldeasturias.com\\\/radio\",\"nextItem\":{\"@type\":\"ListItem\",\"@id\":\"https:\\\/\\\/eldigitaldeasturias.com\\\/radio\\\/category\\\/noticias\\\/#listItem\",\"name\":\"Noticias\"}},{\"@type\":\"ListItem\",\"@id\":\"https:\\\/\\\/eldigitaldeasturias.com\\\/radio\\\/category\\\/noticias\\\/#listItem\",\"position\":2,\"name\":\"Noticias\",\"item\":\"https:\\\/\\\/eldigitaldeasturias.com\\\/radio\\\/category\\\/noticias\\\/\",\"nextItem\":{\"@type\":\"ListItem\",\"@id\":\"https:\\\/\\\/eldigitaldeasturias.com\\\/radio\\\/la-iglesia-protestante-alemana-nombra-un-comisario-contra-el-antisemitismo\\\/#listItem\",\"name\":\"La Iglesia Protestante alemana nombra un comisario contra el antisemitismo\"},\"previousItem\":{\"@type\":\"ListItem\",\"@id\":\"https:\\\/\\\/eldigitaldeasturias.com\\\/radio#listItem\",\"name\":\"Inicio\"}},{\"@type\":\"ListItem\",\"@id\":\"https:\\\/\\\/eldigitaldeasturias.com\\\/radio\\\/la-iglesia-protestante-alemana-nombra-un-comisario-contra-el-antisemitismo\\\/#listItem\",\"position\":3,\"name\":\"La Iglesia Protestante alemana nombra un comisario contra el antisemitismo\",\"previousItem\":{\"@type\":\"ListItem\",\"@id\":\"https:\\\/\\\/eldigitaldeasturias.com\\\/radio\\\/category\\\/noticias\\\/#listItem\",\"name\":\"Noticias\"}}]},{\"@type\":\"NewsArticle\",\"@id\":\"https:\\\/\\\/eldigitaldeasturias.com\\\/radio\\\/la-iglesia-protestante-alemana-nombra-un-comisario-contra-el-antisemitismo\\\/#newsarticle\",\"name\":\"La Iglesia Protestante alemana nombra un comisario contra el antisemitismo | El Digital de Asturias\",\"headline\":\"La Iglesia Protestante alemana nombra un comisario contra el antisemitismo\",\"author\":{\"@id\":\"https:\\\/\\\/eldigitaldeasturias.com\\\/radio\\\/author\\\/nbasturias\\\/#author\"},\"publisher\":{\"@id\":\"https:\\\/\\\/eldigitaldeasturias.com\\\/radio\\\/#organization\"},\"image\":{\"@type\":\"ImageObject\",\"url\":\"https:\\\/\\\/eldigitaldeasturias.com\\\/radio\\\/wp-content\\\/uploads\\\/2018\\\/10\\\/technology-785742_960_720.jpg\",\"width\":960,\"height\":640},\"datePublished\":\"2019-10-19T20:39:30+02:00\",\"dateModified\":\"2019-10-19T20:39:30+02:00\",\"inLanguage\":\"es-ES\",\"mainEntityOfPage\":{\"@id\":\"https:\\\/\\\/eldigitaldeasturias.com\\\/radio\\\/la-iglesia-protestante-alemana-nombra-un-comisario-contra-el-antisemitismo\\\/#webpage\"},\"isPartOf\":{\"@id\":\"https:\\\/\\\/eldigitaldeasturias.com\\\/radio\\\/la-iglesia-protestante-alemana-nombra-un-comisario-contra-el-antisemitismo\\\/#webpage\"},\"articleSection\":\"Noticias\",\"dateline\":\"Publicado el octubre 19, 2019.\"},{\"@type\":\"Organization\",\"@id\":\"https:\\\/\\\/eldigitaldeasturias.com\\\/radio\\\/#organization\",\"name\":\"El digital de Asturias Radio\",\"description\":\"Diario de informaci\\u00f3n y noticias\",\"url\":\"https:\\\/\\\/eldigitaldeasturias.com\\\/radio\\\/\",\"telephone\":\"+34652131393\",\"logo\":{\"@type\":\"ImageObject\",\"url\":\"https:\\\/\\\/www.eldigitaldeasturias.com\\\/radio\\\/wp-content\\\/uploads\\\/2021\\\/03\\\/EDA.jpg\",\"@id\":\"https:\\\/\\\/eldigitaldeasturias.com\\\/radio\\\/la-iglesia-protestante-alemana-nombra-un-comisario-contra-el-antisemitismo\\\/#organizationLogo\"},\"image\":{\"@id\":\"https:\\\/\\\/eldigitaldeasturias.com\\\/radio\\\/la-iglesia-protestante-alemana-nombra-un-comisario-contra-el-antisemitismo\\\/#organizationLogo\"},\"sameAs\":[\"https:\\\/\\\/www.facebook.com\\\/\",\"https:\\\/\\\/x.com\\\/bercodi\",\"https:\\\/\\\/www.instagram.com\\\/\",\"https:\\\/\\\/www.youtube.com\\\/channel\\\/UCZP-2wLEB9Rv6erhFmqVnvg\"]},{\"@type\":\"Person\",\"@id\":\"https:\\\/\\\/eldigitaldeasturias.com\\\/radio\\\/author\\\/nbasturias\\\/#author\",\"url\":\"https:\\\/\\\/eldigitaldeasturias.com\\\/radio\\\/author\\\/nbasturias\\\/\",\"name\":\"NBAsturias\",\"image\":{\"@type\":\"ImageObject\",\"@id\":\"https:\\\/\\\/eldigitaldeasturias.com\\\/radio\\\/la-iglesia-protestante-alemana-nombra-un-comisario-contra-el-antisemitismo\\\/#authorImage\",\"url\":\"https:\\\/\\\/secure.gravatar.com\\\/avatar\\\/df2aeffc32bcd13f8d26072ef8a91b623d677766deac7f97ca815868cd41bf5e?s=96&d=mm&r=g\",\"width\":96,\"height\":96,\"caption\":\"NBAsturias\"}},{\"@type\":\"WebPage\",\"@id\":\"https:\\\/\\\/eldigitaldeasturias.com\\\/radio\\\/la-iglesia-protestante-alemana-nombra-un-comisario-contra-el-antisemitismo\\\/#webpage\",\"url\":\"https:\\\/\\\/eldigitaldeasturias.com\\\/radio\\\/la-iglesia-protestante-alemana-nombra-un-comisario-contra-el-antisemitismo\\\/\",\"name\":\"La Iglesia Protestante alemana nombra un comisario contra el antisemitismo | El Digital de Asturias\",\"description\":\"Berl\\u00edn, 19 oct (dpa)- La iglesia evang\\u00e9lica luterana de Alemania nombr\\u00f3 al te\\u00f3logo Christian Staffa como primer comisario para la lucha contra el antisemitismo, anunci\\u00f3 el Consejo de la Iglesia Protestante. El te\\u00f3logo berlin\\u00e9s es director de los estudios de cultura democr\\u00e1tica y la iglesia en la Academia Protestante de Berl\\u00edn. Adem\\u00e1s, tambi\\u00e9n es presidente\",\"inLanguage\":\"es-ES\",\"isPartOf\":{\"@id\":\"https:\\\/\\\/eldigitaldeasturias.com\\\/radio\\\/#website\"},\"breadcrumb\":{\"@id\":\"https:\\\/\\\/eldigitaldeasturias.com\\\/radio\\\/la-iglesia-protestante-alemana-nombra-un-comisario-contra-el-antisemitismo\\\/#breadcrumblist\"},\"author\":{\"@id\":\"https:\\\/\\\/eldigitaldeasturias.com\\\/radio\\\/author\\\/nbasturias\\\/#author\"},\"creator\":{\"@id\":\"https:\\\/\\\/eldigitaldeasturias.com\\\/radio\\\/author\\\/nbasturias\\\/#author\"},\"image\":{\"@type\":\"ImageObject\",\"url\":\"https:\\\/\\\/eldigitaldeasturias.com\\\/radio\\\/wp-content\\\/uploads\\\/2018\\\/10\\\/technology-785742_960_720.jpg\",\"@id\":\"https:\\\/\\\/eldigitaldeasturias.com\\\/radio\\\/la-iglesia-protestante-alemana-nombra-un-comisario-contra-el-antisemitismo\\\/#mainImage\",\"width\":960,\"height\":640},\"primaryImageOfPage\":{\"@id\":\"https:\\\/\\\/eldigitaldeasturias.com\\\/radio\\\/la-iglesia-protestante-alemana-nombra-un-comisario-contra-el-antisemitismo\\\/#mainImage\"},\"datePublished\":\"2019-10-19T20:39:30+02:00\",\"dateModified\":\"2019-10-19T20:39:30+02:00\"},{\"@type\":\"WebSite\",\"@id\":\"https:\\\/\\\/eldigitaldeasturias.com\\\/radio\\\/#website\",\"url\":\"https:\\\/\\\/eldigitaldeasturias.com\\\/radio\\\/\",\"name\":\"El Digital de Asturias\",\"description\":\"Diario de informaci\\u00f3n y noticias\",\"inLanguage\":\"es-ES\",\"publisher\":{\"@id\":\"https:\\\/\\\/eldigitaldeasturias.com\\\/radio\\\/#organization\"}}]}\n\t\t<\/script>\n\t\t<!-- All in One SEO Pro -->\r\n\t\t<title>La Iglesia Protestante alemana nombra un comisario contra el antisemitismo | El Digital de Asturias<\/title>\n\n","aioseo_head_json":{"title":"La Iglesia Protestante alemana nombra un comisario contra el antisemitismo | El Digital de Asturias","description":"Berl\u00edn, 19 oct (dpa)- La iglesia evang\u00e9lica luterana de Alemania nombr\u00f3 al te\u00f3logo Christian Staffa como primer comisario para la lucha contra el antisemitismo, anunci\u00f3 el Consejo de la Iglesia Protestante. El te\u00f3logo berlin\u00e9s es director de los estudios de cultura democr\u00e1tica y la iglesia en la Academia Protestante de Berl\u00edn. Adem\u00e1s, tambi\u00e9n es presidente","canonical_url":"https:\/\/eldigitaldeasturias.com\/radio\/la-iglesia-protestante-alemana-nombra-un-comisario-contra-el-antisemitismo\/","robots":"max-image-preview:large","keywords":"noticias","webmasterTools":{"google-site-verification":"UA-38556648-1","miscellaneous":""},"schema":{"@context":"https:\/\/schema.org","@graph":[{"@type":"BreadcrumbList","@id":"https:\/\/eldigitaldeasturias.com\/radio\/la-iglesia-protestante-alemana-nombra-un-comisario-contra-el-antisemitismo\/#breadcrumblist","itemListElement":[{"@type":"ListItem","@id":"https:\/\/eldigitaldeasturias.com\/radio#listItem","position":1,"name":"Inicio","item":"https:\/\/eldigitaldeasturias.com\/radio","nextItem":{"@type":"ListItem","@id":"https:\/\/eldigitaldeasturias.com\/radio\/category\/noticias\/#listItem","name":"Noticias"}},{"@type":"ListItem","@id":"https:\/\/eldigitaldeasturias.com\/radio\/category\/noticias\/#listItem","position":2,"name":"Noticias","item":"https:\/\/eldigitaldeasturias.com\/radio\/category\/noticias\/","nextItem":{"@type":"ListItem","@id":"https:\/\/eldigitaldeasturias.com\/radio\/la-iglesia-protestante-alemana-nombra-un-comisario-contra-el-antisemitismo\/#listItem","name":"La Iglesia Protestante alemana nombra un comisario contra el antisemitismo"},"previousItem":{"@type":"ListItem","@id":"https:\/\/eldigitaldeasturias.com\/radio#listItem","name":"Inicio"}},{"@type":"ListItem","@id":"https:\/\/eldigitaldeasturias.com\/radio\/la-iglesia-protestante-alemana-nombra-un-comisario-contra-el-antisemitismo\/#listItem","position":3,"name":"La Iglesia Protestante alemana nombra un comisario contra el antisemitismo","previousItem":{"@type":"ListItem","@id":"https:\/\/eldigitaldeasturias.com\/radio\/category\/noticias\/#listItem","name":"Noticias"}}]},{"@type":"NewsArticle","@id":"https:\/\/eldigitaldeasturias.com\/radio\/la-iglesia-protestante-alemana-nombra-un-comisario-contra-el-antisemitismo\/#newsarticle","name":"La Iglesia Protestante alemana nombra un comisario contra el antisemitismo | El Digital de Asturias","headline":"La Iglesia Protestante alemana nombra un comisario contra el antisemitismo","author":{"@id":"https:\/\/eldigitaldeasturias.com\/radio\/author\/nbasturias\/#author"},"publisher":{"@id":"https:\/\/eldigitaldeasturias.com\/radio\/#organization"},"image":{"@type":"ImageObject","url":"https:\/\/eldigitaldeasturias.com\/radio\/wp-content\/uploads\/2018\/10\/technology-785742_960_720.jpg","width":960,"height":640},"datePublished":"2019-10-19T20:39:30+02:00","dateModified":"2019-10-19T20:39:30+02:00","inLanguage":"es-ES","mainEntityOfPage":{"@id":"https:\/\/eldigitaldeasturias.com\/radio\/la-iglesia-protestante-alemana-nombra-un-comisario-contra-el-antisemitismo\/#webpage"},"isPartOf":{"@id":"https:\/\/eldigitaldeasturias.com\/radio\/la-iglesia-protestante-alemana-nombra-un-comisario-contra-el-antisemitismo\/#webpage"},"articleSection":"Noticias","dateline":"Publicado el octubre 19, 2019."},{"@type":"Organization","@id":"https:\/\/eldigitaldeasturias.com\/radio\/#organization","name":"El digital de Asturias Radio","description":"Diario de informaci\u00f3n y noticias","url":"https:\/\/eldigitaldeasturias.com\/radio\/","telephone":"+34652131393","logo":{"@type":"ImageObject","url":"https:\/\/www.eldigitaldeasturias.com\/radio\/wp-content\/uploads\/2021\/03\/EDA.jpg","@id":"https:\/\/eldigitaldeasturias.com\/radio\/la-iglesia-protestante-alemana-nombra-un-comisario-contra-el-antisemitismo\/#organizationLogo"},"image":{"@id":"https:\/\/eldigitaldeasturias.com\/radio\/la-iglesia-protestante-alemana-nombra-un-comisario-contra-el-antisemitismo\/#organizationLogo"},"sameAs":["https:\/\/www.facebook.com\/","https:\/\/x.com\/bercodi","https:\/\/www.instagram.com\/","https:\/\/www.youtube.com\/channel\/UCZP-2wLEB9Rv6erhFmqVnvg"]},{"@type":"Person","@id":"https:\/\/eldigitaldeasturias.com\/radio\/author\/nbasturias\/#author","url":"https:\/\/eldigitaldeasturias.com\/radio\/author\/nbasturias\/","name":"NBAsturias","image":{"@type":"ImageObject","@id":"https:\/\/eldigitaldeasturias.com\/radio\/la-iglesia-protestante-alemana-nombra-un-comisario-contra-el-antisemitismo\/#authorImage","url":"https:\/\/secure.gravatar.com\/avatar\/df2aeffc32bcd13f8d26072ef8a91b623d677766deac7f97ca815868cd41bf5e?s=96&d=mm&r=g","width":96,"height":96,"caption":"NBAsturias"}},{"@type":"WebPage","@id":"https:\/\/eldigitaldeasturias.com\/radio\/la-iglesia-protestante-alemana-nombra-un-comisario-contra-el-antisemitismo\/#webpage","url":"https:\/\/eldigitaldeasturias.com\/radio\/la-iglesia-protestante-alemana-nombra-un-comisario-contra-el-antisemitismo\/","name":"La Iglesia Protestante alemana nombra un comisario contra el antisemitismo | El Digital de Asturias","description":"Berl\u00edn, 19 oct (dpa)- La iglesia evang\u00e9lica luterana de Alemania nombr\u00f3 al te\u00f3logo Christian Staffa como primer comisario para la lucha contra el antisemitismo, anunci\u00f3 el Consejo de la Iglesia Protestante. El te\u00f3logo berlin\u00e9s es director de los estudios de cultura democr\u00e1tica y la iglesia en la Academia Protestante de Berl\u00edn. Adem\u00e1s, tambi\u00e9n es presidente","inLanguage":"es-ES","isPartOf":{"@id":"https:\/\/eldigitaldeasturias.com\/radio\/#website"},"breadcrumb":{"@id":"https:\/\/eldigitaldeasturias.com\/radio\/la-iglesia-protestante-alemana-nombra-un-comisario-contra-el-antisemitismo\/#breadcrumblist"},"author":{"@id":"https:\/\/eldigitaldeasturias.com\/radio\/author\/nbasturias\/#author"},"creator":{"@id":"https:\/\/eldigitaldeasturias.com\/radio\/author\/nbasturias\/#author"},"image":{"@type":"ImageObject","url":"https:\/\/eldigitaldeasturias.com\/radio\/wp-content\/uploads\/2018\/10\/technology-785742_960_720.jpg","@id":"https:\/\/eldigitaldeasturias.com\/radio\/la-iglesia-protestante-alemana-nombra-un-comisario-contra-el-antisemitismo\/#mainImage","width":960,"height":640},"primaryImageOfPage":{"@id":"https:\/\/eldigitaldeasturias.com\/radio\/la-iglesia-protestante-alemana-nombra-un-comisario-contra-el-antisemitismo\/#mainImage"},"datePublished":"2019-10-19T20:39:30+02:00","dateModified":"2019-10-19T20:39:30+02:00"},{"@type":"WebSite","@id":"https:\/\/eldigitaldeasturias.com\/radio\/#website","url":"https:\/\/eldigitaldeasturias.com\/radio\/","name":"El Digital de Asturias","description":"Diario de informaci\u00f3n y noticias","inLanguage":"es-ES","publisher":{"@id":"https:\/\/eldigitaldeasturias.com\/radio\/#organization"}}]},"og:locale":"es_ES","og:site_name":"El Digital de Asturias | Diario de informaci\u00f3n y noticias","og:type":"article","og:title":"La Iglesia Protestante alemana nombra un comisario contra el antisemitismo | El Digital de Asturias","og:description":"Berl\u00edn, 19 oct (dpa)- La iglesia evang\u00e9lica luterana de Alemania nombr\u00f3 al te\u00f3logo Christian Staffa como primer comisario para la lucha contra el antisemitismo, anunci\u00f3 el Consejo de la Iglesia Protestante. El te\u00f3logo berlin\u00e9s es director de los estudios de cultura democr\u00e1tica y la iglesia en la Academia Protestante de Berl\u00edn. Adem\u00e1s, tambi\u00e9n es presidente","og:url":"https:\/\/eldigitaldeasturias.com\/radio\/la-iglesia-protestante-alemana-nombra-un-comisario-contra-el-antisemitismo\/","og:image":"https:\/\/eldigitaldeasturias.com\/radio\/wp-content\/uploads\/2018\/10\/technology-785742_960_720.jpg","og:image:secure_url":"https:\/\/eldigitaldeasturias.com\/radio\/wp-content\/uploads\/2018\/10\/technology-785742_960_720.jpg","og:image:width":960,"og:image:height":640,"article:published_time":"2019-10-19T20:39:30+00:00","article:modified_time":"2019-10-19T20:39:30+00:00","twitter:card":"summary_large_image","twitter:site":"@bercodi","twitter:title":"La Iglesia Protestante alemana nombra un comisario contra el antisemitismo | El Digital de Asturias","twitter:description":"Berl\u00edn, 19 oct (dpa)- La iglesia evang\u00e9lica luterana de Alemania nombr\u00f3 al te\u00f3logo Christian Staffa como primer comisario para la lucha contra el antisemitismo, anunci\u00f3 el Consejo de la Iglesia Protestante. El te\u00f3logo berlin\u00e9s es director de los estudios de cultura democr\u00e1tica y la iglesia en la Academia Protestante de Berl\u00edn. Adem\u00e1s, tambi\u00e9n es presidente","twitter:creator":"@bercodi","twitter:image":"https:\/\/eldigitaldeasturias.com\/radio\/wp-content\/uploads\/2018\/10\/technology-785742_960_720.jpg"},"aioseo_meta_data":{"post_id":"3298","title":null,"description":null,"keywords":null,"keyphrases":null,"primary_term":null,"canonical_url":null,"og_title":null,"og_description":null,"og_object_type":"default","og_image_type":"default","og_image_url":null,"og_image_width":null,"og_image_height":null,"og_image_custom_url":null,"og_image_custom_fields":null,"og_video":null,"og_custom_url":null,"og_article_section":null,"og_article_tags":null,"twitter_use_og":false,"twitter_card":"default","twitter_image_type":"default","twitter_image_url":null,"twitter_image_custom_url":null,"twitter_image_custom_fields":null,"twitter_title":null,"twitter_description":null,"schema":{"blockGraphs":[],"customGraphs":[],"default":{"data":{"Article":[],"Course":[],"Dataset":[],"FAQPage":[],"Movie":[],"Person":[],"Product":[],"ProductReview":[],"Car":[],"Recipe":[],"Service":[],"SoftwareApplication":[],"WebPage":[]},"graphName":"","isEnabled":true},"graphs":[],"defaultGraph":"","defaultPostTypeGraph":""},"schema_type":null,"schema_type_options":null,"pillar_content":false,"robots_default":true,"robots_noindex":false,"robots_noarchive":false,"robots_nosnippet":false,"robots_nofollow":false,"robots_noimageindex":false,"robots_noodp":false,"robots_notranslate":false,"robots_max_snippet":null,"robots_max_videopreview":null,"robots_max_imagepreview":"large","priority":null,"frequency":null,"location":null,"local_seo":null,"seo_analyzer_scan_date":"2025-08-28 13:58:28","breadcrumb_settings":null,"limit_modified_date":false,"open_ai":null,"ai":null,"created":"2021-03-25 20:39:32","updated":"2025-08-28 13:58:28"},"aioseo_breadcrumb":"<div class=\"aioseo-breadcrumbs\"><span class=\"aioseo-breadcrumb\">\n\t<a href=\"https:\/\/eldigitaldeasturias.com\/radio\" title=\"Inicio\">Inicio<\/a>\n<\/span><span class=\"aioseo-breadcrumb-separator\">&ndash;<\/span><span class=\"aioseo-breadcrumb\">\n\t<a href=\"https:\/\/eldigitaldeasturias.com\/radio\/category\/noticias\/\" title=\"Noticias\">Noticias<\/a>\n<\/span><span class=\"aioseo-breadcrumb-separator\">&ndash;<\/span><span class=\"aioseo-breadcrumb\">\n\tLa Iglesia Protestante alemana nombra un comisario contra el antisemitismo\n<\/span><\/div>","aioseo_breadcrumb_json":[{"label":"Inicio","link":"https:\/\/eldigitaldeasturias.com\/radio"},{"label":"Noticias","link":"https:\/\/eldigitaldeasturias.com\/radio\/category\/noticias\/"},{"label":"La Iglesia Protestante alemana nombra un comisario contra el antisemitismo","link":"https:\/\/eldigitaldeasturias.com\/radio\/la-iglesia-protestante-alemana-nombra-un-comisario-contra-el-antisemitismo\/"}],"_links":{"self":[{"href":"https:\/\/eldigitaldeasturias.com\/radio\/wp-json\/wp\/v2\/posts\/3298","targetHints":{"allow":["GET"]}}],"collection":[{"href":"https:\/\/eldigitaldeasturias.com\/radio\/wp-json\/wp\/v2\/posts"}],"about":[{"href":"https:\/\/eldigitaldeasturias.com\/radio\/wp-json\/wp\/v2\/types\/post"}],"author":[{"embeddable":true,"href":"https:\/\/eldigitaldeasturias.com\/radio\/wp-json\/wp\/v2\/users\/1"}],"replies":[{"embeddable":true,"href":"https:\/\/eldigitaldeasturias.com\/radio\/wp-json\/wp\/v2\/comments?post=3298"}],"version-history":[{"count":0,"href":"https:\/\/eldigitaldeasturias.com\/radio\/wp-json\/wp\/v2\/posts\/3298\/revisions"}],"wp:featuredmedia":[{"embeddable":true,"href":"https:\/\/eldigitaldeasturias.com\/radio\/wp-json\/wp\/v2\/media\/1352"}],"wp:attachment":[{"href":"https:\/\/eldigitaldeasturias.com\/radio\/wp-json\/wp\/v2\/media?parent=3298"}],"wp:term":[{"taxonomy":"category","embeddable":true,"href":"https:\/\/eldigitaldeasturias.com\/radio\/wp-json\/wp\/v2\/categories?post=3298"},{"taxonomy":"post_tag","embeddable":true,"href":"https:\/\/eldigitaldeasturias.com\/radio\/wp-json\/wp\/v2\/tags?post=3298"}],"curies":[{"name":"wp","href":"https:\/\/api.w.org\/{rel}","templated":true}]}}