{"id":3292,"date":"2019-10-19T06:05:36","date_gmt":"2019-10-19T06:05:36","guid":{"rendered":"http:\/\/eldigitaldeasturias.com\/radio\/?p=3292"},"modified":"2019-10-19T06:05:36","modified_gmt":"2019-10-19T06:05:36","slug":"entregados-los-x-premios-de-excelencia-a-la-innovacion-para-las-mujeres-rurales-2019","status":"publish","type":"post","link":"https:\/\/eldigitaldeasturias.com\/radio\/entregados-los-x-premios-de-excelencia-a-la-innovacion-para-las-mujeres-rurales-2019\/","title":{"rendered":"Entregados los X Premios de Excelencia a la Innovaci\u00f3n para las Mujeres Rurales 2019"},"content":{"rendered":"<p><img fetchpriority=\"high\" decoding=\"async\" class=\"alignleft size-medium wp-image-3293\" src=\"https:\/\/eldigitaldeasturias.com\/radio\/wp-content\/uploads\/2019\/10\/161019-rurales2-360x239.jpg\" alt=\"\" width=\"360\" height=\"239\" srcset=\"https:\/\/eldigitaldeasturias.com\/radio\/wp-content\/uploads\/2019\/10\/161019-rurales2-360x239.jpg 360w, https:\/\/eldigitaldeasturias.com\/radio\/wp-content\/uploads\/2019\/10\/161019-rurales2.jpg 512w\" sizes=\"(max-width: 360px) 100vw, 360px\" \/>La vicepresidenta del Gobierno, ministra de la Presidencia, Relaciones con las Cortes e Igualdad en funciones, Carmen Calvo, ha agradecido el \u00abinmenso, valiente e innovador trabajo de las mujeres\u00bb en el sector agrario, ganadero y pesquero, por su contribuci\u00f3n al sostenimiento de la industria agroalimentaria y por su \u00abpapel fundamental para acabar con el \u00e9xodo rural\u00bb.<\/p>\n<p>\u200bEn el acto de entrega de los <strong>X Premios de Excelencia a la Innovaci\u00f3n para las Mujeres Rurales 2019<\/strong>, junto al ministro de Agricultura, Pesca y Alimentaci\u00f3n en funciones, Luis Planas, la vicepresidenta ha destacado el \u00abfirme compromiso\u00bb con la igualdad entre mujeres y hombres en las pol\u00edticas dirigidas al mundo rural, para que las mujeres encuentren f\u00f3rmulas de vida y de futuro.<\/p>\n<p>Luis Planas ha puesto en valor el trabajo de las mujeres rurales y ha elogiado el papel que juegan dentro de la construcci\u00f3n del futuro de Espa\u00f1a y todo el trabajo que est\u00e1n llevando a cabo por el medio rural. Ha se\u00f1alado que este Ministerio \u00abpretende ser su altavoz\u00bb y ha subrayado el \u00abcompromiso irrenunciable\u00bb de este Gobierno a favor de las mujeres.<\/p>\n<p>El ministro ha se\u00f1alado que Espa\u00f1a es un pa\u00eds pionero que ha logrado introducir en la PAC 2021-2027 la perspectiva de g\u00e9nero, lo que es un \u00abhito hist\u00f3rico\u00bb.<\/p>\n<p>El Ministerio de Agricultura, Pesca y Alimentaci\u00f3n ha concedido los \u00abPremios de Excelencia a la Innovaci\u00f3n para Mujeres Rurales\u00bb que, en su d\u00e9cima edici\u00f3n, han premiado los trabajos de once mujeres vinculadas con el medio rural.<\/p>\n","protected":false},"excerpt":{"rendered":"<p>La vicepresidenta del Gobierno, ministra de la Presidencia, Relaciones con las Cortes e Igualdad en funciones, Carmen Calvo, ha agradecido el \u00abinmenso, valiente e innovador trabajo de las mujeres\u00bb en el sector agrario, ganadero y pesquero, por su contribuci\u00f3n al sostenimiento de la industria agroalimentaria y por su \u00abpapel fundamental para acabar con el \u00e9xodo<\/p>\n","protected":false},"author":1,"featured_media":3293,"comment_status":"closed","ping_status":"closed","sticky":false,"template":"","format":"standard","meta":{"footnotes":""},"categories":[1],"tags":[],"class_list":{"0":"post-3292","1":"post","2":"type-post","3":"status-publish","4":"format-standard","5":"has-post-thumbnail","7":"category-noticias"},"aioseo_notices":[],"aioseo_head":"\n\t\t<!-- All in One SEO Pro 4.9.6.2 - aioseo.com -->\n\t<meta name=\"description\" content=\"La vicepresidenta del Gobierno, ministra de la Presidencia, Relaciones con las Cortes e Igualdad en funciones, Carmen Calvo, ha agradecido el &quot;inmenso, valiente e innovador trabajo de las mujeres&quot; en el sector agrario, ganadero y pesquero, por su contribuci\u00f3n al sostenimiento de la industria agroalimentaria y por su &quot;papel fundamental para acabar con el \u00e9xodo\" \/>\n\t<meta name=\"robots\" content=\"max-image-preview:large\" \/>\n\t<meta name=\"author\" content=\"NBAsturias\"\/>\n\t<meta name=\"google-site-verification\" content=\"UA-38556648-1\" \/>\n\t<meta name=\"keywords\" content=\"noticias\" \/>\n\t<link rel=\"canonical\" href=\"https:\/\/eldigitaldeasturias.com\/radio\/entregados-los-x-premios-de-excelencia-a-la-innovacion-para-las-mujeres-rurales-2019\/\" \/>\n\t<meta name=\"generator\" content=\"All in One SEO Pro (AIOSEO) 4.9.6.2\" \/>\n\t\t<meta property=\"og:locale\" content=\"es_ES\" \/>\n\t\t<meta property=\"og:site_name\" content=\"El Digital de Asturias | Diario de informaci\u00f3n y noticias\" \/>\n\t\t<meta property=\"og:type\" content=\"article\" \/>\n\t\t<meta property=\"og:title\" content=\"Entregados los X Premios de Excelencia a la Innovaci\u00f3n para las Mujeres Rurales 2019 | El Digital de Asturias\" \/>\n\t\t<meta property=\"og:description\" content=\"La vicepresidenta del Gobierno, ministra de la Presidencia, Relaciones con las Cortes e Igualdad en funciones, Carmen Calvo, ha agradecido el &quot;inmenso, valiente e innovador trabajo de las mujeres&quot; en el sector agrario, ganadero y pesquero, por su contribuci\u00f3n al sostenimiento de la industria agroalimentaria y por su &quot;papel fundamental para acabar con el \u00e9xodo\" \/>\n\t\t<meta property=\"og:url\" content=\"https:\/\/eldigitaldeasturias.com\/radio\/entregados-los-x-premios-de-excelencia-a-la-innovacion-para-las-mujeres-rurales-2019\/\" \/>\n\t\t<meta property=\"og:image\" content=\"https:\/\/eldigitaldeasturias.com\/radio\/wp-content\/uploads\/2019\/10\/161019-rurales2.jpg\" \/>\n\t\t<meta property=\"og:image:secure_url\" content=\"https:\/\/eldigitaldeasturias.com\/radio\/wp-content\/uploads\/2019\/10\/161019-rurales2.jpg\" \/>\n\t\t<meta property=\"og:image:width\" content=\"512\" \/>\n\t\t<meta property=\"og:image:height\" content=\"340\" \/>\n\t\t<meta property=\"article:published_time\" content=\"2019-10-19T06:05:36+00:00\" \/>\n\t\t<meta property=\"article:modified_time\" content=\"2019-10-19T06:05:36+00:00\" \/>\n\t\t<meta name=\"twitter:card\" content=\"summary_large_image\" \/>\n\t\t<meta name=\"twitter:site\" content=\"@bercodi\" \/>\n\t\t<meta name=\"twitter:title\" content=\"Entregados los X Premios de Excelencia a la Innovaci\u00f3n para las Mujeres Rurales 2019 | El Digital de Asturias\" \/>\n\t\t<meta name=\"twitter:description\" content=\"La vicepresidenta del Gobierno, ministra de la Presidencia, Relaciones con las Cortes e Igualdad en funciones, Carmen Calvo, ha agradecido el &quot;inmenso, valiente e innovador trabajo de las mujeres&quot; en el sector agrario, ganadero y pesquero, por su contribuci\u00f3n al sostenimiento de la industria agroalimentaria y por su &quot;papel fundamental para acabar con el \u00e9xodo\" \/>\n\t\t<meta name=\"twitter:creator\" content=\"@bercodi\" \/>\n\t\t<meta name=\"twitter:image\" content=\"https:\/\/eldigitaldeasturias.com\/radio\/wp-content\/uploads\/2019\/10\/161019-rurales2.jpg\" \/>\n\t\t<script type=\"application\/ld+json\" class=\"aioseo-schema\">\n\t\t\t{\"@context\":\"https:\\\/\\\/schema.org\",\"@graph\":[{\"@type\":\"BreadcrumbList\",\"@id\":\"https:\\\/\\\/eldigitaldeasturias.com\\\/radio\\\/entregados-los-x-premios-de-excelencia-a-la-innovacion-para-las-mujeres-rurales-2019\\\/#breadcrumblist\",\"itemListElement\":[{\"@type\":\"ListItem\",\"@id\":\"https:\\\/\\\/eldigitaldeasturias.com\\\/radio#listItem\",\"position\":1,\"name\":\"Inicio\",\"item\":\"https:\\\/\\\/eldigitaldeasturias.com\\\/radio\",\"nextItem\":{\"@type\":\"ListItem\",\"@id\":\"https:\\\/\\\/eldigitaldeasturias.com\\\/radio\\\/category\\\/noticias\\\/#listItem\",\"name\":\"Noticias\"}},{\"@type\":\"ListItem\",\"@id\":\"https:\\\/\\\/eldigitaldeasturias.com\\\/radio\\\/category\\\/noticias\\\/#listItem\",\"position\":2,\"name\":\"Noticias\",\"item\":\"https:\\\/\\\/eldigitaldeasturias.com\\\/radio\\\/category\\\/noticias\\\/\",\"nextItem\":{\"@type\":\"ListItem\",\"@id\":\"https:\\\/\\\/eldigitaldeasturias.com\\\/radio\\\/entregados-los-x-premios-de-excelencia-a-la-innovacion-para-las-mujeres-rurales-2019\\\/#listItem\",\"name\":\"Entregados los X Premios de Excelencia a la Innovaci\\u00f3n para las Mujeres Rurales 2019\"},\"previousItem\":{\"@type\":\"ListItem\",\"@id\":\"https:\\\/\\\/eldigitaldeasturias.com\\\/radio#listItem\",\"name\":\"Inicio\"}},{\"@type\":\"ListItem\",\"@id\":\"https:\\\/\\\/eldigitaldeasturias.com\\\/radio\\\/entregados-los-x-premios-de-excelencia-a-la-innovacion-para-las-mujeres-rurales-2019\\\/#listItem\",\"position\":3,\"name\":\"Entregados los X Premios de Excelencia a la Innovaci\\u00f3n para las Mujeres Rurales 2019\",\"previousItem\":{\"@type\":\"ListItem\",\"@id\":\"https:\\\/\\\/eldigitaldeasturias.com\\\/radio\\\/category\\\/noticias\\\/#listItem\",\"name\":\"Noticias\"}}]},{\"@type\":\"NewsArticle\",\"@id\":\"https:\\\/\\\/eldigitaldeasturias.com\\\/radio\\\/entregados-los-x-premios-de-excelencia-a-la-innovacion-para-las-mujeres-rurales-2019\\\/#newsarticle\",\"name\":\"Entregados los X Premios de Excelencia a la Innovaci\\u00f3n para las Mujeres Rurales 2019 | El Digital de Asturias\",\"headline\":\"Entregados los X Premios de Excelencia a la Innovaci\\u00f3n para las Mujeres Rurales 2019\",\"author\":{\"@id\":\"https:\\\/\\\/eldigitaldeasturias.com\\\/radio\\\/author\\\/nbasturias\\\/#author\"},\"publisher\":{\"@id\":\"https:\\\/\\\/eldigitaldeasturias.com\\\/radio\\\/#organization\"},\"image\":{\"@type\":\"ImageObject\",\"url\":\"https:\\\/\\\/eldigitaldeasturias.com\\\/radio\\\/wp-content\\\/uploads\\\/2019\\\/10\\\/161019-rurales2.jpg\",\"width\":512,\"height\":340},\"datePublished\":\"2019-10-19T06:05:36+02:00\",\"dateModified\":\"2019-10-19T06:05:36+02:00\",\"inLanguage\":\"es-ES\",\"mainEntityOfPage\":{\"@id\":\"https:\\\/\\\/eldigitaldeasturias.com\\\/radio\\\/entregados-los-x-premios-de-excelencia-a-la-innovacion-para-las-mujeres-rurales-2019\\\/#webpage\"},\"isPartOf\":{\"@id\":\"https:\\\/\\\/eldigitaldeasturias.com\\\/radio\\\/entregados-los-x-premios-de-excelencia-a-la-innovacion-para-las-mujeres-rurales-2019\\\/#webpage\"},\"articleSection\":\"Noticias\",\"dateline\":\"Publicado el octubre 19, 2019.\"},{\"@type\":\"Organization\",\"@id\":\"https:\\\/\\\/eldigitaldeasturias.com\\\/radio\\\/#organization\",\"name\":\"El digital de Asturias Radio\",\"description\":\"Diario de informaci\\u00f3n y noticias\",\"url\":\"https:\\\/\\\/eldigitaldeasturias.com\\\/radio\\\/\",\"telephone\":\"+34652131393\",\"logo\":{\"@type\":\"ImageObject\",\"url\":\"https:\\\/\\\/www.eldigitaldeasturias.com\\\/radio\\\/wp-content\\\/uploads\\\/2021\\\/03\\\/EDA.jpg\",\"@id\":\"https:\\\/\\\/eldigitaldeasturias.com\\\/radio\\\/entregados-los-x-premios-de-excelencia-a-la-innovacion-para-las-mujeres-rurales-2019\\\/#organizationLogo\"},\"image\":{\"@id\":\"https:\\\/\\\/eldigitaldeasturias.com\\\/radio\\\/entregados-los-x-premios-de-excelencia-a-la-innovacion-para-las-mujeres-rurales-2019\\\/#organizationLogo\"},\"sameAs\":[\"https:\\\/\\\/www.facebook.com\\\/\",\"https:\\\/\\\/x.com\\\/bercodi\",\"https:\\\/\\\/www.instagram.com\\\/\",\"https:\\\/\\\/www.youtube.com\\\/channel\\\/UCZP-2wLEB9Rv6erhFmqVnvg\"]},{\"@type\":\"Person\",\"@id\":\"https:\\\/\\\/eldigitaldeasturias.com\\\/radio\\\/author\\\/nbasturias\\\/#author\",\"url\":\"https:\\\/\\\/eldigitaldeasturias.com\\\/radio\\\/author\\\/nbasturias\\\/\",\"name\":\"NBAsturias\",\"image\":{\"@type\":\"ImageObject\",\"@id\":\"https:\\\/\\\/eldigitaldeasturias.com\\\/radio\\\/entregados-los-x-premios-de-excelencia-a-la-innovacion-para-las-mujeres-rurales-2019\\\/#authorImage\",\"url\":\"https:\\\/\\\/secure.gravatar.com\\\/avatar\\\/df2aeffc32bcd13f8d26072ef8a91b623d677766deac7f97ca815868cd41bf5e?s=96&d=mm&r=g\",\"width\":96,\"height\":96,\"caption\":\"NBAsturias\"}},{\"@type\":\"WebPage\",\"@id\":\"https:\\\/\\\/eldigitaldeasturias.com\\\/radio\\\/entregados-los-x-premios-de-excelencia-a-la-innovacion-para-las-mujeres-rurales-2019\\\/#webpage\",\"url\":\"https:\\\/\\\/eldigitaldeasturias.com\\\/radio\\\/entregados-los-x-premios-de-excelencia-a-la-innovacion-para-las-mujeres-rurales-2019\\\/\",\"name\":\"Entregados los X Premios de Excelencia a la Innovaci\\u00f3n para las Mujeres Rurales 2019 | El Digital de Asturias\",\"description\":\"La vicepresidenta del Gobierno, ministra de la Presidencia, Relaciones con las Cortes e Igualdad en funciones, Carmen Calvo, ha agradecido el \\\"inmenso, valiente e innovador trabajo de las mujeres\\\" en el sector agrario, ganadero y pesquero, por su contribuci\\u00f3n al sostenimiento de la industria agroalimentaria y por su \\\"papel fundamental para acabar con el \\u00e9xodo\",\"inLanguage\":\"es-ES\",\"isPartOf\":{\"@id\":\"https:\\\/\\\/eldigitaldeasturias.com\\\/radio\\\/#website\"},\"breadcrumb\":{\"@id\":\"https:\\\/\\\/eldigitaldeasturias.com\\\/radio\\\/entregados-los-x-premios-de-excelencia-a-la-innovacion-para-las-mujeres-rurales-2019\\\/#breadcrumblist\"},\"author\":{\"@id\":\"https:\\\/\\\/eldigitaldeasturias.com\\\/radio\\\/author\\\/nbasturias\\\/#author\"},\"creator\":{\"@id\":\"https:\\\/\\\/eldigitaldeasturias.com\\\/radio\\\/author\\\/nbasturias\\\/#author\"},\"image\":{\"@type\":\"ImageObject\",\"url\":\"https:\\\/\\\/eldigitaldeasturias.com\\\/radio\\\/wp-content\\\/uploads\\\/2019\\\/10\\\/161019-rurales2.jpg\",\"@id\":\"https:\\\/\\\/eldigitaldeasturias.com\\\/radio\\\/entregados-los-x-premios-de-excelencia-a-la-innovacion-para-las-mujeres-rurales-2019\\\/#mainImage\",\"width\":512,\"height\":340},\"primaryImageOfPage\":{\"@id\":\"https:\\\/\\\/eldigitaldeasturias.com\\\/radio\\\/entregados-los-x-premios-de-excelencia-a-la-innovacion-para-las-mujeres-rurales-2019\\\/#mainImage\"},\"datePublished\":\"2019-10-19T06:05:36+02:00\",\"dateModified\":\"2019-10-19T06:05:36+02:00\"},{\"@type\":\"WebSite\",\"@id\":\"https:\\\/\\\/eldigitaldeasturias.com\\\/radio\\\/#website\",\"url\":\"https:\\\/\\\/eldigitaldeasturias.com\\\/radio\\\/\",\"name\":\"El Digital de Asturias\",\"description\":\"Diario de informaci\\u00f3n y noticias\",\"inLanguage\":\"es-ES\",\"publisher\":{\"@id\":\"https:\\\/\\\/eldigitaldeasturias.com\\\/radio\\\/#organization\"}}]}\n\t\t<\/script>\n\t\t<!-- All in One SEO Pro -->\r\n\t\t<title>Entregados los X Premios de Excelencia a la Innovaci\u00f3n para las Mujeres Rurales 2019 | El Digital de Asturias<\/title>\n\n","aioseo_head_json":{"title":"Entregados los X Premios de Excelencia a la Innovaci\u00f3n para las Mujeres Rurales 2019 | El Digital de Asturias","description":"La vicepresidenta del Gobierno, ministra de la Presidencia, Relaciones con las Cortes e Igualdad en funciones, Carmen Calvo, ha agradecido el \"inmenso, valiente e innovador trabajo de las mujeres\" en el sector agrario, ganadero y pesquero, por su contribuci\u00f3n al sostenimiento de la industria agroalimentaria y por su \"papel fundamental para acabar con el \u00e9xodo","canonical_url":"https:\/\/eldigitaldeasturias.com\/radio\/entregados-los-x-premios-de-excelencia-a-la-innovacion-para-las-mujeres-rurales-2019\/","robots":"max-image-preview:large","keywords":"noticias","webmasterTools":{"google-site-verification":"UA-38556648-1","miscellaneous":""},"schema":{"@context":"https:\/\/schema.org","@graph":[{"@type":"BreadcrumbList","@id":"https:\/\/eldigitaldeasturias.com\/radio\/entregados-los-x-premios-de-excelencia-a-la-innovacion-para-las-mujeres-rurales-2019\/#breadcrumblist","itemListElement":[{"@type":"ListItem","@id":"https:\/\/eldigitaldeasturias.com\/radio#listItem","position":1,"name":"Inicio","item":"https:\/\/eldigitaldeasturias.com\/radio","nextItem":{"@type":"ListItem","@id":"https:\/\/eldigitaldeasturias.com\/radio\/category\/noticias\/#listItem","name":"Noticias"}},{"@type":"ListItem","@id":"https:\/\/eldigitaldeasturias.com\/radio\/category\/noticias\/#listItem","position":2,"name":"Noticias","item":"https:\/\/eldigitaldeasturias.com\/radio\/category\/noticias\/","nextItem":{"@type":"ListItem","@id":"https:\/\/eldigitaldeasturias.com\/radio\/entregados-los-x-premios-de-excelencia-a-la-innovacion-para-las-mujeres-rurales-2019\/#listItem","name":"Entregados los X Premios de Excelencia a la Innovaci\u00f3n para las Mujeres Rurales 2019"},"previousItem":{"@type":"ListItem","@id":"https:\/\/eldigitaldeasturias.com\/radio#listItem","name":"Inicio"}},{"@type":"ListItem","@id":"https:\/\/eldigitaldeasturias.com\/radio\/entregados-los-x-premios-de-excelencia-a-la-innovacion-para-las-mujeres-rurales-2019\/#listItem","position":3,"name":"Entregados los X Premios de Excelencia a la Innovaci\u00f3n para las Mujeres Rurales 2019","previousItem":{"@type":"ListItem","@id":"https:\/\/eldigitaldeasturias.com\/radio\/category\/noticias\/#listItem","name":"Noticias"}}]},{"@type":"NewsArticle","@id":"https:\/\/eldigitaldeasturias.com\/radio\/entregados-los-x-premios-de-excelencia-a-la-innovacion-para-las-mujeres-rurales-2019\/#newsarticle","name":"Entregados los X Premios de Excelencia a la Innovaci\u00f3n para las Mujeres Rurales 2019 | El Digital de Asturias","headline":"Entregados los X Premios de Excelencia a la Innovaci\u00f3n para las Mujeres Rurales 2019","author":{"@id":"https:\/\/eldigitaldeasturias.com\/radio\/author\/nbasturias\/#author"},"publisher":{"@id":"https:\/\/eldigitaldeasturias.com\/radio\/#organization"},"image":{"@type":"ImageObject","url":"https:\/\/eldigitaldeasturias.com\/radio\/wp-content\/uploads\/2019\/10\/161019-rurales2.jpg","width":512,"height":340},"datePublished":"2019-10-19T06:05:36+02:00","dateModified":"2019-10-19T06:05:36+02:00","inLanguage":"es-ES","mainEntityOfPage":{"@id":"https:\/\/eldigitaldeasturias.com\/radio\/entregados-los-x-premios-de-excelencia-a-la-innovacion-para-las-mujeres-rurales-2019\/#webpage"},"isPartOf":{"@id":"https:\/\/eldigitaldeasturias.com\/radio\/entregados-los-x-premios-de-excelencia-a-la-innovacion-para-las-mujeres-rurales-2019\/#webpage"},"articleSection":"Noticias","dateline":"Publicado el octubre 19, 2019."},{"@type":"Organization","@id":"https:\/\/eldigitaldeasturias.com\/radio\/#organization","name":"El digital de Asturias Radio","description":"Diario de informaci\u00f3n y noticias","url":"https:\/\/eldigitaldeasturias.com\/radio\/","telephone":"+34652131393","logo":{"@type":"ImageObject","url":"https:\/\/www.eldigitaldeasturias.com\/radio\/wp-content\/uploads\/2021\/03\/EDA.jpg","@id":"https:\/\/eldigitaldeasturias.com\/radio\/entregados-los-x-premios-de-excelencia-a-la-innovacion-para-las-mujeres-rurales-2019\/#organizationLogo"},"image":{"@id":"https:\/\/eldigitaldeasturias.com\/radio\/entregados-los-x-premios-de-excelencia-a-la-innovacion-para-las-mujeres-rurales-2019\/#organizationLogo"},"sameAs":["https:\/\/www.facebook.com\/","https:\/\/x.com\/bercodi","https:\/\/www.instagram.com\/","https:\/\/www.youtube.com\/channel\/UCZP-2wLEB9Rv6erhFmqVnvg"]},{"@type":"Person","@id":"https:\/\/eldigitaldeasturias.com\/radio\/author\/nbasturias\/#author","url":"https:\/\/eldigitaldeasturias.com\/radio\/author\/nbasturias\/","name":"NBAsturias","image":{"@type":"ImageObject","@id":"https:\/\/eldigitaldeasturias.com\/radio\/entregados-los-x-premios-de-excelencia-a-la-innovacion-para-las-mujeres-rurales-2019\/#authorImage","url":"https:\/\/secure.gravatar.com\/avatar\/df2aeffc32bcd13f8d26072ef8a91b623d677766deac7f97ca815868cd41bf5e?s=96&d=mm&r=g","width":96,"height":96,"caption":"NBAsturias"}},{"@type":"WebPage","@id":"https:\/\/eldigitaldeasturias.com\/radio\/entregados-los-x-premios-de-excelencia-a-la-innovacion-para-las-mujeres-rurales-2019\/#webpage","url":"https:\/\/eldigitaldeasturias.com\/radio\/entregados-los-x-premios-de-excelencia-a-la-innovacion-para-las-mujeres-rurales-2019\/","name":"Entregados los X Premios de Excelencia a la Innovaci\u00f3n para las Mujeres Rurales 2019 | El Digital de Asturias","description":"La vicepresidenta del Gobierno, ministra de la Presidencia, Relaciones con las Cortes e Igualdad en funciones, Carmen Calvo, ha agradecido el \"inmenso, valiente e innovador trabajo de las mujeres\" en el sector agrario, ganadero y pesquero, por su contribuci\u00f3n al sostenimiento de la industria agroalimentaria y por su \"papel fundamental para acabar con el \u00e9xodo","inLanguage":"es-ES","isPartOf":{"@id":"https:\/\/eldigitaldeasturias.com\/radio\/#website"},"breadcrumb":{"@id":"https:\/\/eldigitaldeasturias.com\/radio\/entregados-los-x-premios-de-excelencia-a-la-innovacion-para-las-mujeres-rurales-2019\/#breadcrumblist"},"author":{"@id":"https:\/\/eldigitaldeasturias.com\/radio\/author\/nbasturias\/#author"},"creator":{"@id":"https:\/\/eldigitaldeasturias.com\/radio\/author\/nbasturias\/#author"},"image":{"@type":"ImageObject","url":"https:\/\/eldigitaldeasturias.com\/radio\/wp-content\/uploads\/2019\/10\/161019-rurales2.jpg","@id":"https:\/\/eldigitaldeasturias.com\/radio\/entregados-los-x-premios-de-excelencia-a-la-innovacion-para-las-mujeres-rurales-2019\/#mainImage","width":512,"height":340},"primaryImageOfPage":{"@id":"https:\/\/eldigitaldeasturias.com\/radio\/entregados-los-x-premios-de-excelencia-a-la-innovacion-para-las-mujeres-rurales-2019\/#mainImage"},"datePublished":"2019-10-19T06:05:36+02:00","dateModified":"2019-10-19T06:05:36+02:00"},{"@type":"WebSite","@id":"https:\/\/eldigitaldeasturias.com\/radio\/#website","url":"https:\/\/eldigitaldeasturias.com\/radio\/","name":"El Digital de Asturias","description":"Diario de informaci\u00f3n y noticias","inLanguage":"es-ES","publisher":{"@id":"https:\/\/eldigitaldeasturias.com\/radio\/#organization"}}]},"og:locale":"es_ES","og:site_name":"El Digital de Asturias | Diario de informaci\u00f3n y noticias","og:type":"article","og:title":"Entregados los X Premios de Excelencia a la Innovaci\u00f3n para las Mujeres Rurales 2019 | El Digital de Asturias","og:description":"La vicepresidenta del Gobierno, ministra de la Presidencia, Relaciones con las Cortes e Igualdad en funciones, Carmen Calvo, ha agradecido el &quot;inmenso, valiente e innovador trabajo de las mujeres&quot; en el sector agrario, ganadero y pesquero, por su contribuci\u00f3n al sostenimiento de la industria agroalimentaria y por su &quot;papel fundamental para acabar con el \u00e9xodo","og:url":"https:\/\/eldigitaldeasturias.com\/radio\/entregados-los-x-premios-de-excelencia-a-la-innovacion-para-las-mujeres-rurales-2019\/","og:image":"https:\/\/eldigitaldeasturias.com\/radio\/wp-content\/uploads\/2019\/10\/161019-rurales2.jpg","og:image:secure_url":"https:\/\/eldigitaldeasturias.com\/radio\/wp-content\/uploads\/2019\/10\/161019-rurales2.jpg","og:image:width":512,"og:image:height":340,"article:published_time":"2019-10-19T06:05:36+00:00","article:modified_time":"2019-10-19T06:05:36+00:00","twitter:card":"summary_large_image","twitter:site":"@bercodi","twitter:title":"Entregados los X Premios de Excelencia a la Innovaci\u00f3n para las Mujeres Rurales 2019 | El Digital de Asturias","twitter:description":"La vicepresidenta del Gobierno, ministra de la Presidencia, Relaciones con las Cortes e Igualdad en funciones, Carmen Calvo, ha agradecido el &quot;inmenso, valiente e innovador trabajo de las mujeres&quot; en el sector agrario, ganadero y pesquero, por su contribuci\u00f3n al sostenimiento de la industria agroalimentaria y por su &quot;papel fundamental para acabar con el \u00e9xodo","twitter:creator":"@bercodi","twitter:image":"https:\/\/eldigitaldeasturias.com\/radio\/wp-content\/uploads\/2019\/10\/161019-rurales2.jpg"},"aioseo_meta_data":{"post_id":"3292","title":null,"description":null,"keywords":null,"keyphrases":null,"primary_term":null,"canonical_url":null,"og_title":null,"og_description":null,"og_object_type":"default","og_image_type":"default","og_image_url":null,"og_image_width":null,"og_image_height":null,"og_image_custom_url":null,"og_image_custom_fields":null,"og_video":null,"og_custom_url":null,"og_article_section":null,"og_article_tags":null,"twitter_use_og":false,"twitter_card":"default","twitter_image_type":"default","twitter_image_url":null,"twitter_image_custom_url":null,"twitter_image_custom_fields":null,"twitter_title":null,"twitter_description":null,"schema":{"blockGraphs":[],"customGraphs":[],"default":{"data":{"Article":[],"Course":[],"Dataset":[],"FAQPage":[],"Movie":[],"Person":[],"Product":[],"ProductReview":[],"Car":[],"Recipe":[],"Service":[],"SoftwareApplication":[],"WebPage":[]},"graphName":"","isEnabled":true},"graphs":[],"defaultGraph":"","defaultPostTypeGraph":""},"schema_type":null,"schema_type_options":null,"pillar_content":false,"robots_default":true,"robots_noindex":false,"robots_noarchive":false,"robots_nosnippet":false,"robots_nofollow":false,"robots_noimageindex":false,"robots_noodp":false,"robots_notranslate":false,"robots_max_snippet":null,"robots_max_videopreview":null,"robots_max_imagepreview":"large","priority":null,"frequency":null,"location":null,"local_seo":null,"seo_analyzer_scan_date":"2025-08-28 13:56:31","breadcrumb_settings":null,"limit_modified_date":false,"open_ai":null,"ai":null,"created":"2021-03-25 20:36:42","updated":"2025-08-28 13:56:31"},"aioseo_breadcrumb":"<div class=\"aioseo-breadcrumbs\"><span class=\"aioseo-breadcrumb\">\n\t<a href=\"https:\/\/eldigitaldeasturias.com\/radio\" title=\"Inicio\">Inicio<\/a>\n<\/span><span class=\"aioseo-breadcrumb-separator\">&ndash;<\/span><span class=\"aioseo-breadcrumb\">\n\t<a href=\"https:\/\/eldigitaldeasturias.com\/radio\/category\/noticias\/\" title=\"Noticias\">Noticias<\/a>\n<\/span><span class=\"aioseo-breadcrumb-separator\">&ndash;<\/span><span class=\"aioseo-breadcrumb\">\n\tEntregados los X Premios de Excelencia a la Innovaci\u00f3n para las Mujeres Rurales 2019\n<\/span><\/div>","aioseo_breadcrumb_json":[{"label":"Inicio","link":"https:\/\/eldigitaldeasturias.com\/radio"},{"label":"Noticias","link":"https:\/\/eldigitaldeasturias.com\/radio\/category\/noticias\/"},{"label":"Entregados los X Premios de Excelencia a la Innovaci\u00f3n para las Mujeres Rurales 2019","link":"https:\/\/eldigitaldeasturias.com\/radio\/entregados-los-x-premios-de-excelencia-a-la-innovacion-para-las-mujeres-rurales-2019\/"}],"_links":{"self":[{"href":"https:\/\/eldigitaldeasturias.com\/radio\/wp-json\/wp\/v2\/posts\/3292","targetHints":{"allow":["GET"]}}],"collection":[{"href":"https:\/\/eldigitaldeasturias.com\/radio\/wp-json\/wp\/v2\/posts"}],"about":[{"href":"https:\/\/eldigitaldeasturias.com\/radio\/wp-json\/wp\/v2\/types\/post"}],"author":[{"embeddable":true,"href":"https:\/\/eldigitaldeasturias.com\/radio\/wp-json\/wp\/v2\/users\/1"}],"replies":[{"embeddable":true,"href":"https:\/\/eldigitaldeasturias.com\/radio\/wp-json\/wp\/v2\/comments?post=3292"}],"version-history":[{"count":0,"href":"https:\/\/eldigitaldeasturias.com\/radio\/wp-json\/wp\/v2\/posts\/3292\/revisions"}],"wp:featuredmedia":[{"embeddable":true,"href":"https:\/\/eldigitaldeasturias.com\/radio\/wp-json\/wp\/v2\/media\/3293"}],"wp:attachment":[{"href":"https:\/\/eldigitaldeasturias.com\/radio\/wp-json\/wp\/v2\/media?parent=3292"}],"wp:term":[{"taxonomy":"category","embeddable":true,"href":"https:\/\/eldigitaldeasturias.com\/radio\/wp-json\/wp\/v2\/categories?post=3292"},{"taxonomy":"post_tag","embeddable":true,"href":"https:\/\/eldigitaldeasturias.com\/radio\/wp-json\/wp\/v2\/tags?post=3292"}],"curies":[{"name":"wp","href":"https:\/\/api.w.org\/{rel}","templated":true}]}}