{"id":3285,"date":"2019-10-19T04:06:39","date_gmt":"2019-10-19T04:06:39","guid":{"rendered":"http:\/\/eldigitaldeasturias.com\/radio\/?p=3285"},"modified":"2019-10-19T04:06:39","modified_gmt":"2019-10-19T04:06:39","slug":"heiko-maas-advierte-de-una-nueva-carrera-armamentista-global","status":"publish","type":"post","link":"https:\/\/eldigitaldeasturias.com\/radio\/heiko-maas-advierte-de-una-nueva-carrera-armamentista-global\/","title":{"rendered":"Heiko Maas advierte de una nueva carrera armamentista global"},"content":{"rendered":"<p><img fetchpriority=\"high\" decoding=\"async\" class=\"alignleft size-medium wp-image-1439\" src=\"https:\/\/eldigitaldeasturias.com\/radio\/wp-content\/uploads\/2018\/10\/berlin-76509_960_720-360x270.jpg\" alt=\"\" width=\"360\" height=\"270\" srcset=\"https:\/\/eldigitaldeasturias.com\/radio\/wp-content\/uploads\/2018\/10\/berlin-76509_960_720-360x270.jpg 360w, https:\/\/eldigitaldeasturias.com\/radio\/wp-content\/uploads\/2018\/10\/berlin-76509_960_720-768x576.jpg 768w, https:\/\/eldigitaldeasturias.com\/radio\/wp-content\/uploads\/2018\/10\/berlin-76509_960_720.jpg 960w\" sizes=\"(max-width: 360px) 100vw, 360px\" \/>Berl\u00edn, 18 oct (dpa) &#8211; El ministro alem\u00e1n de Relaciones Exteriores, Heiko Maas, advirti\u00f3 hoy del peligro de una nueva carrera armamentista global.<\/p>\n<p>En el inicio de una conferencia de expertos en Berl\u00edn, Maas reclam\u00f3 una mayor cooperaci\u00f3n internacional para evitar ambiciones sobre una ventaja tecnol\u00f3gica y de poder.<\/p>\n<p>El ministro germano mencion\u00f3 en este contexto las pruebas con misiles de Corea del Norte, los nuevos sistemas de armas de Rusia, un programa espacial de India y los ataques a refiner\u00edas de petr\u00f3leo en Arabia Saudita, situaci\u00f3n que puede implicar el peligro de una guerra de gran impacto.<\/p>\n<p>\u00abEste camino llevar\u00e1 a una carrera armamentista global. Miles de millones de euros, d\u00f3lares y rublos ser\u00e1n destinados para financiar sofisticados programas de misiles y sistemas de defensa con la esperanza de poder defendernos lo mejor posible\u00bb, observ\u00f3 Maas.<\/p>\n<p>\u00abComo consecuencia, crecer\u00e1 la desconfianza. Aumentar\u00e1 el peligro de una escalada y cada error de c\u00e1lculo puede desencadenar una cat\u00e1strofe. Ese es el camino en el que nos encontramos en este momento\u00bb, advirti\u00f3 el ministro.<\/p>\n<p>Maas inaugur\u00f3 hoy una iniciativa del Ministerio alem\u00e1n de Relaciones Exteriores destinada a promover el intercambio mundial sobre el futuro de los controles de armamento y los contactos entre expertos y representantes gubernamentales.<\/p>\n","protected":false},"excerpt":{"rendered":"<p>Berl\u00edn, 18 oct (dpa) &#8211; El ministro alem\u00e1n de Relaciones Exteriores, Heiko Maas, advirti\u00f3 hoy del peligro de una nueva carrera armamentista global. En el inicio de una conferencia de expertos en Berl\u00edn, Maas reclam\u00f3 una mayor cooperaci\u00f3n internacional para evitar ambiciones sobre una ventaja tecnol\u00f3gica y de poder. El ministro germano mencion\u00f3 en este<\/p>\n","protected":false},"author":1,"featured_media":1439,"comment_status":"closed","ping_status":"closed","sticky":false,"template":"","format":"standard","meta":{"footnotes":""},"categories":[1],"tags":[],"class_list":{"0":"post-3285","1":"post","2":"type-post","3":"status-publish","4":"format-standard","5":"has-post-thumbnail","7":"category-noticias"},"aioseo_notices":[],"aioseo_head":"\n\t\t<!-- All in One SEO Pro 4.9.6.2 - aioseo.com -->\n\t<meta name=\"description\" content=\"Berl\u00edn, 18 oct (dpa) - El ministro alem\u00e1n de Relaciones Exteriores, Heiko Maas, advirti\u00f3 hoy del peligro de una nueva carrera armamentista global. En el inicio de una conferencia de expertos en Berl\u00edn, Maas reclam\u00f3 una mayor cooperaci\u00f3n internacional para evitar ambiciones sobre una ventaja tecnol\u00f3gica y de poder. El ministro germano mencion\u00f3 en este\" \/>\n\t<meta name=\"robots\" content=\"max-image-preview:large\" \/>\n\t<meta name=\"author\" content=\"NBAsturias\"\/>\n\t<meta name=\"google-site-verification\" content=\"UA-38556648-1\" \/>\n\t<meta name=\"keywords\" content=\"noticias\" \/>\n\t<link rel=\"canonical\" href=\"https:\/\/eldigitaldeasturias.com\/radio\/heiko-maas-advierte-de-una-nueva-carrera-armamentista-global\/\" \/>\n\t<meta name=\"generator\" content=\"All in One SEO Pro (AIOSEO) 4.9.6.2\" \/>\n\t\t<meta property=\"og:locale\" content=\"es_ES\" \/>\n\t\t<meta property=\"og:site_name\" content=\"El Digital de Asturias | Diario de informaci\u00f3n y noticias\" \/>\n\t\t<meta property=\"og:type\" content=\"article\" \/>\n\t\t<meta property=\"og:title\" content=\"Heiko Maas advierte de una nueva carrera armamentista global | El Digital de Asturias\" \/>\n\t\t<meta property=\"og:description\" content=\"Berl\u00edn, 18 oct (dpa) - El ministro alem\u00e1n de Relaciones Exteriores, Heiko Maas, advirti\u00f3 hoy del peligro de una nueva carrera armamentista global. En el inicio de una conferencia de expertos en Berl\u00edn, Maas reclam\u00f3 una mayor cooperaci\u00f3n internacional para evitar ambiciones sobre una ventaja tecnol\u00f3gica y de poder. El ministro germano mencion\u00f3 en este\" \/>\n\t\t<meta property=\"og:url\" content=\"https:\/\/eldigitaldeasturias.com\/radio\/heiko-maas-advierte-de-una-nueva-carrera-armamentista-global\/\" \/>\n\t\t<meta property=\"og:image\" content=\"https:\/\/eldigitaldeasturias.com\/radio\/wp-content\/uploads\/2018\/10\/berlin-76509_960_720.jpg\" \/>\n\t\t<meta property=\"og:image:secure_url\" content=\"https:\/\/eldigitaldeasturias.com\/radio\/wp-content\/uploads\/2018\/10\/berlin-76509_960_720.jpg\" \/>\n\t\t<meta property=\"og:image:width\" content=\"960\" \/>\n\t\t<meta property=\"og:image:height\" content=\"720\" \/>\n\t\t<meta property=\"article:published_time\" content=\"2019-10-19T04:06:39+00:00\" \/>\n\t\t<meta property=\"article:modified_time\" content=\"2019-10-19T04:06:39+00:00\" \/>\n\t\t<meta name=\"twitter:card\" content=\"summary_large_image\" \/>\n\t\t<meta name=\"twitter:site\" content=\"@bercodi\" \/>\n\t\t<meta name=\"twitter:title\" content=\"Heiko Maas advierte de una nueva carrera armamentista global | El Digital de Asturias\" \/>\n\t\t<meta name=\"twitter:description\" content=\"Berl\u00edn, 18 oct (dpa) - El ministro alem\u00e1n de Relaciones Exteriores, Heiko Maas, advirti\u00f3 hoy del peligro de una nueva carrera armamentista global. En el inicio de una conferencia de expertos en Berl\u00edn, Maas reclam\u00f3 una mayor cooperaci\u00f3n internacional para evitar ambiciones sobre una ventaja tecnol\u00f3gica y de poder. El ministro germano mencion\u00f3 en este\" \/>\n\t\t<meta name=\"twitter:creator\" content=\"@bercodi\" \/>\n\t\t<meta name=\"twitter:image\" content=\"https:\/\/eldigitaldeasturias.com\/radio\/wp-content\/uploads\/2018\/10\/berlin-76509_960_720.jpg\" \/>\n\t\t<script type=\"application\/ld+json\" class=\"aioseo-schema\">\n\t\t\t{\"@context\":\"https:\\\/\\\/schema.org\",\"@graph\":[{\"@type\":\"BreadcrumbList\",\"@id\":\"https:\\\/\\\/eldigitaldeasturias.com\\\/radio\\\/heiko-maas-advierte-de-una-nueva-carrera-armamentista-global\\\/#breadcrumblist\",\"itemListElement\":[{\"@type\":\"ListItem\",\"@id\":\"https:\\\/\\\/eldigitaldeasturias.com\\\/radio#listItem\",\"position\":1,\"name\":\"Inicio\",\"item\":\"https:\\\/\\\/eldigitaldeasturias.com\\\/radio\",\"nextItem\":{\"@type\":\"ListItem\",\"@id\":\"https:\\\/\\\/eldigitaldeasturias.com\\\/radio\\\/category\\\/noticias\\\/#listItem\",\"name\":\"Noticias\"}},{\"@type\":\"ListItem\",\"@id\":\"https:\\\/\\\/eldigitaldeasturias.com\\\/radio\\\/category\\\/noticias\\\/#listItem\",\"position\":2,\"name\":\"Noticias\",\"item\":\"https:\\\/\\\/eldigitaldeasturias.com\\\/radio\\\/category\\\/noticias\\\/\",\"nextItem\":{\"@type\":\"ListItem\",\"@id\":\"https:\\\/\\\/eldigitaldeasturias.com\\\/radio\\\/heiko-maas-advierte-de-una-nueva-carrera-armamentista-global\\\/#listItem\",\"name\":\"Heiko Maas advierte de una nueva carrera armamentista global\"},\"previousItem\":{\"@type\":\"ListItem\",\"@id\":\"https:\\\/\\\/eldigitaldeasturias.com\\\/radio#listItem\",\"name\":\"Inicio\"}},{\"@type\":\"ListItem\",\"@id\":\"https:\\\/\\\/eldigitaldeasturias.com\\\/radio\\\/heiko-maas-advierte-de-una-nueva-carrera-armamentista-global\\\/#listItem\",\"position\":3,\"name\":\"Heiko Maas advierte de una nueva carrera armamentista global\",\"previousItem\":{\"@type\":\"ListItem\",\"@id\":\"https:\\\/\\\/eldigitaldeasturias.com\\\/radio\\\/category\\\/noticias\\\/#listItem\",\"name\":\"Noticias\"}}]},{\"@type\":\"NewsArticle\",\"@id\":\"https:\\\/\\\/eldigitaldeasturias.com\\\/radio\\\/heiko-maas-advierte-de-una-nueva-carrera-armamentista-global\\\/#newsarticle\",\"name\":\"Heiko Maas advierte de una nueva carrera armamentista global | El Digital de Asturias\",\"headline\":\"Heiko Maas advierte de una nueva carrera armamentista global\",\"author\":{\"@id\":\"https:\\\/\\\/eldigitaldeasturias.com\\\/radio\\\/author\\\/nbasturias\\\/#author\"},\"publisher\":{\"@id\":\"https:\\\/\\\/eldigitaldeasturias.com\\\/radio\\\/#organization\"},\"image\":{\"@type\":\"ImageObject\",\"url\":\"https:\\\/\\\/eldigitaldeasturias.com\\\/radio\\\/wp-content\\\/uploads\\\/2018\\\/10\\\/berlin-76509_960_720.jpg\",\"width\":960,\"height\":720},\"datePublished\":\"2019-10-19T04:06:39+02:00\",\"dateModified\":\"2019-10-19T04:06:39+02:00\",\"inLanguage\":\"es-ES\",\"mainEntityOfPage\":{\"@id\":\"https:\\\/\\\/eldigitaldeasturias.com\\\/radio\\\/heiko-maas-advierte-de-una-nueva-carrera-armamentista-global\\\/#webpage\"},\"isPartOf\":{\"@id\":\"https:\\\/\\\/eldigitaldeasturias.com\\\/radio\\\/heiko-maas-advierte-de-una-nueva-carrera-armamentista-global\\\/#webpage\"},\"articleSection\":\"Noticias\",\"dateline\":\"Publicado el octubre 19, 2019.\"},{\"@type\":\"Organization\",\"@id\":\"https:\\\/\\\/eldigitaldeasturias.com\\\/radio\\\/#organization\",\"name\":\"El digital de Asturias Radio\",\"description\":\"Diario de informaci\\u00f3n y noticias\",\"url\":\"https:\\\/\\\/eldigitaldeasturias.com\\\/radio\\\/\",\"telephone\":\"+34652131393\",\"logo\":{\"@type\":\"ImageObject\",\"url\":\"https:\\\/\\\/www.eldigitaldeasturias.com\\\/radio\\\/wp-content\\\/uploads\\\/2021\\\/03\\\/EDA.jpg\",\"@id\":\"https:\\\/\\\/eldigitaldeasturias.com\\\/radio\\\/heiko-maas-advierte-de-una-nueva-carrera-armamentista-global\\\/#organizationLogo\"},\"image\":{\"@id\":\"https:\\\/\\\/eldigitaldeasturias.com\\\/radio\\\/heiko-maas-advierte-de-una-nueva-carrera-armamentista-global\\\/#organizationLogo\"},\"sameAs\":[\"https:\\\/\\\/www.facebook.com\\\/\",\"https:\\\/\\\/x.com\\\/bercodi\",\"https:\\\/\\\/www.instagram.com\\\/\",\"https:\\\/\\\/www.youtube.com\\\/channel\\\/UCZP-2wLEB9Rv6erhFmqVnvg\"]},{\"@type\":\"Person\",\"@id\":\"https:\\\/\\\/eldigitaldeasturias.com\\\/radio\\\/author\\\/nbasturias\\\/#author\",\"url\":\"https:\\\/\\\/eldigitaldeasturias.com\\\/radio\\\/author\\\/nbasturias\\\/\",\"name\":\"NBAsturias\",\"image\":{\"@type\":\"ImageObject\",\"@id\":\"https:\\\/\\\/eldigitaldeasturias.com\\\/radio\\\/heiko-maas-advierte-de-una-nueva-carrera-armamentista-global\\\/#authorImage\",\"url\":\"https:\\\/\\\/secure.gravatar.com\\\/avatar\\\/df2aeffc32bcd13f8d26072ef8a91b623d677766deac7f97ca815868cd41bf5e?s=96&d=mm&r=g\",\"width\":96,\"height\":96,\"caption\":\"NBAsturias\"}},{\"@type\":\"WebPage\",\"@id\":\"https:\\\/\\\/eldigitaldeasturias.com\\\/radio\\\/heiko-maas-advierte-de-una-nueva-carrera-armamentista-global\\\/#webpage\",\"url\":\"https:\\\/\\\/eldigitaldeasturias.com\\\/radio\\\/heiko-maas-advierte-de-una-nueva-carrera-armamentista-global\\\/\",\"name\":\"Heiko Maas advierte de una nueva carrera armamentista global | El Digital de Asturias\",\"description\":\"Berl\\u00edn, 18 oct (dpa) - El ministro alem\\u00e1n de Relaciones Exteriores, Heiko Maas, advirti\\u00f3 hoy del peligro de una nueva carrera armamentista global. En el inicio de una conferencia de expertos en Berl\\u00edn, Maas reclam\\u00f3 una mayor cooperaci\\u00f3n internacional para evitar ambiciones sobre una ventaja tecnol\\u00f3gica y de poder. El ministro germano mencion\\u00f3 en este\",\"inLanguage\":\"es-ES\",\"isPartOf\":{\"@id\":\"https:\\\/\\\/eldigitaldeasturias.com\\\/radio\\\/#website\"},\"breadcrumb\":{\"@id\":\"https:\\\/\\\/eldigitaldeasturias.com\\\/radio\\\/heiko-maas-advierte-de-una-nueva-carrera-armamentista-global\\\/#breadcrumblist\"},\"author\":{\"@id\":\"https:\\\/\\\/eldigitaldeasturias.com\\\/radio\\\/author\\\/nbasturias\\\/#author\"},\"creator\":{\"@id\":\"https:\\\/\\\/eldigitaldeasturias.com\\\/radio\\\/author\\\/nbasturias\\\/#author\"},\"image\":{\"@type\":\"ImageObject\",\"url\":\"https:\\\/\\\/eldigitaldeasturias.com\\\/radio\\\/wp-content\\\/uploads\\\/2018\\\/10\\\/berlin-76509_960_720.jpg\",\"@id\":\"https:\\\/\\\/eldigitaldeasturias.com\\\/radio\\\/heiko-maas-advierte-de-una-nueva-carrera-armamentista-global\\\/#mainImage\",\"width\":960,\"height\":720},\"primaryImageOfPage\":{\"@id\":\"https:\\\/\\\/eldigitaldeasturias.com\\\/radio\\\/heiko-maas-advierte-de-una-nueva-carrera-armamentista-global\\\/#mainImage\"},\"datePublished\":\"2019-10-19T04:06:39+02:00\",\"dateModified\":\"2019-10-19T04:06:39+02:00\"},{\"@type\":\"WebSite\",\"@id\":\"https:\\\/\\\/eldigitaldeasturias.com\\\/radio\\\/#website\",\"url\":\"https:\\\/\\\/eldigitaldeasturias.com\\\/radio\\\/\",\"name\":\"El Digital de Asturias\",\"description\":\"Diario de informaci\\u00f3n y noticias\",\"inLanguage\":\"es-ES\",\"publisher\":{\"@id\":\"https:\\\/\\\/eldigitaldeasturias.com\\\/radio\\\/#organization\"}}]}\n\t\t<\/script>\n\t\t<!-- All in One SEO Pro -->\r\n\t\t<title>Heiko Maas advierte de una nueva carrera armamentista global | El Digital de Asturias<\/title>\n\n","aioseo_head_json":{"title":"Heiko Maas advierte de una nueva carrera armamentista global | El Digital de Asturias","description":"Berl\u00edn, 18 oct (dpa) - El ministro alem\u00e1n de Relaciones Exteriores, Heiko Maas, advirti\u00f3 hoy del peligro de una nueva carrera armamentista global. En el inicio de una conferencia de expertos en Berl\u00edn, Maas reclam\u00f3 una mayor cooperaci\u00f3n internacional para evitar ambiciones sobre una ventaja tecnol\u00f3gica y de poder. El ministro germano mencion\u00f3 en este","canonical_url":"https:\/\/eldigitaldeasturias.com\/radio\/heiko-maas-advierte-de-una-nueva-carrera-armamentista-global\/","robots":"max-image-preview:large","keywords":"noticias","webmasterTools":{"google-site-verification":"UA-38556648-1","miscellaneous":""},"schema":{"@context":"https:\/\/schema.org","@graph":[{"@type":"BreadcrumbList","@id":"https:\/\/eldigitaldeasturias.com\/radio\/heiko-maas-advierte-de-una-nueva-carrera-armamentista-global\/#breadcrumblist","itemListElement":[{"@type":"ListItem","@id":"https:\/\/eldigitaldeasturias.com\/radio#listItem","position":1,"name":"Inicio","item":"https:\/\/eldigitaldeasturias.com\/radio","nextItem":{"@type":"ListItem","@id":"https:\/\/eldigitaldeasturias.com\/radio\/category\/noticias\/#listItem","name":"Noticias"}},{"@type":"ListItem","@id":"https:\/\/eldigitaldeasturias.com\/radio\/category\/noticias\/#listItem","position":2,"name":"Noticias","item":"https:\/\/eldigitaldeasturias.com\/radio\/category\/noticias\/","nextItem":{"@type":"ListItem","@id":"https:\/\/eldigitaldeasturias.com\/radio\/heiko-maas-advierte-de-una-nueva-carrera-armamentista-global\/#listItem","name":"Heiko Maas advierte de una nueva carrera armamentista global"},"previousItem":{"@type":"ListItem","@id":"https:\/\/eldigitaldeasturias.com\/radio#listItem","name":"Inicio"}},{"@type":"ListItem","@id":"https:\/\/eldigitaldeasturias.com\/radio\/heiko-maas-advierte-de-una-nueva-carrera-armamentista-global\/#listItem","position":3,"name":"Heiko Maas advierte de una nueva carrera armamentista global","previousItem":{"@type":"ListItem","@id":"https:\/\/eldigitaldeasturias.com\/radio\/category\/noticias\/#listItem","name":"Noticias"}}]},{"@type":"NewsArticle","@id":"https:\/\/eldigitaldeasturias.com\/radio\/heiko-maas-advierte-de-una-nueva-carrera-armamentista-global\/#newsarticle","name":"Heiko Maas advierte de una nueva carrera armamentista global | El Digital de Asturias","headline":"Heiko Maas advierte de una nueva carrera armamentista global","author":{"@id":"https:\/\/eldigitaldeasturias.com\/radio\/author\/nbasturias\/#author"},"publisher":{"@id":"https:\/\/eldigitaldeasturias.com\/radio\/#organization"},"image":{"@type":"ImageObject","url":"https:\/\/eldigitaldeasturias.com\/radio\/wp-content\/uploads\/2018\/10\/berlin-76509_960_720.jpg","width":960,"height":720},"datePublished":"2019-10-19T04:06:39+02:00","dateModified":"2019-10-19T04:06:39+02:00","inLanguage":"es-ES","mainEntityOfPage":{"@id":"https:\/\/eldigitaldeasturias.com\/radio\/heiko-maas-advierte-de-una-nueva-carrera-armamentista-global\/#webpage"},"isPartOf":{"@id":"https:\/\/eldigitaldeasturias.com\/radio\/heiko-maas-advierte-de-una-nueva-carrera-armamentista-global\/#webpage"},"articleSection":"Noticias","dateline":"Publicado el octubre 19, 2019."},{"@type":"Organization","@id":"https:\/\/eldigitaldeasturias.com\/radio\/#organization","name":"El digital de Asturias Radio","description":"Diario de informaci\u00f3n y noticias","url":"https:\/\/eldigitaldeasturias.com\/radio\/","telephone":"+34652131393","logo":{"@type":"ImageObject","url":"https:\/\/www.eldigitaldeasturias.com\/radio\/wp-content\/uploads\/2021\/03\/EDA.jpg","@id":"https:\/\/eldigitaldeasturias.com\/radio\/heiko-maas-advierte-de-una-nueva-carrera-armamentista-global\/#organizationLogo"},"image":{"@id":"https:\/\/eldigitaldeasturias.com\/radio\/heiko-maas-advierte-de-una-nueva-carrera-armamentista-global\/#organizationLogo"},"sameAs":["https:\/\/www.facebook.com\/","https:\/\/x.com\/bercodi","https:\/\/www.instagram.com\/","https:\/\/www.youtube.com\/channel\/UCZP-2wLEB9Rv6erhFmqVnvg"]},{"@type":"Person","@id":"https:\/\/eldigitaldeasturias.com\/radio\/author\/nbasturias\/#author","url":"https:\/\/eldigitaldeasturias.com\/radio\/author\/nbasturias\/","name":"NBAsturias","image":{"@type":"ImageObject","@id":"https:\/\/eldigitaldeasturias.com\/radio\/heiko-maas-advierte-de-una-nueva-carrera-armamentista-global\/#authorImage","url":"https:\/\/secure.gravatar.com\/avatar\/df2aeffc32bcd13f8d26072ef8a91b623d677766deac7f97ca815868cd41bf5e?s=96&d=mm&r=g","width":96,"height":96,"caption":"NBAsturias"}},{"@type":"WebPage","@id":"https:\/\/eldigitaldeasturias.com\/radio\/heiko-maas-advierte-de-una-nueva-carrera-armamentista-global\/#webpage","url":"https:\/\/eldigitaldeasturias.com\/radio\/heiko-maas-advierte-de-una-nueva-carrera-armamentista-global\/","name":"Heiko Maas advierte de una nueva carrera armamentista global | El Digital de Asturias","description":"Berl\u00edn, 18 oct (dpa) - El ministro alem\u00e1n de Relaciones Exteriores, Heiko Maas, advirti\u00f3 hoy del peligro de una nueva carrera armamentista global. En el inicio de una conferencia de expertos en Berl\u00edn, Maas reclam\u00f3 una mayor cooperaci\u00f3n internacional para evitar ambiciones sobre una ventaja tecnol\u00f3gica y de poder. El ministro germano mencion\u00f3 en este","inLanguage":"es-ES","isPartOf":{"@id":"https:\/\/eldigitaldeasturias.com\/radio\/#website"},"breadcrumb":{"@id":"https:\/\/eldigitaldeasturias.com\/radio\/heiko-maas-advierte-de-una-nueva-carrera-armamentista-global\/#breadcrumblist"},"author":{"@id":"https:\/\/eldigitaldeasturias.com\/radio\/author\/nbasturias\/#author"},"creator":{"@id":"https:\/\/eldigitaldeasturias.com\/radio\/author\/nbasturias\/#author"},"image":{"@type":"ImageObject","url":"https:\/\/eldigitaldeasturias.com\/radio\/wp-content\/uploads\/2018\/10\/berlin-76509_960_720.jpg","@id":"https:\/\/eldigitaldeasturias.com\/radio\/heiko-maas-advierte-de-una-nueva-carrera-armamentista-global\/#mainImage","width":960,"height":720},"primaryImageOfPage":{"@id":"https:\/\/eldigitaldeasturias.com\/radio\/heiko-maas-advierte-de-una-nueva-carrera-armamentista-global\/#mainImage"},"datePublished":"2019-10-19T04:06:39+02:00","dateModified":"2019-10-19T04:06:39+02:00"},{"@type":"WebSite","@id":"https:\/\/eldigitaldeasturias.com\/radio\/#website","url":"https:\/\/eldigitaldeasturias.com\/radio\/","name":"El Digital de Asturias","description":"Diario de informaci\u00f3n y noticias","inLanguage":"es-ES","publisher":{"@id":"https:\/\/eldigitaldeasturias.com\/radio\/#organization"}}]},"og:locale":"es_ES","og:site_name":"El Digital de Asturias | Diario de informaci\u00f3n y noticias","og:type":"article","og:title":"Heiko Maas advierte de una nueva carrera armamentista global | El Digital de Asturias","og:description":"Berl\u00edn, 18 oct (dpa) - El ministro alem\u00e1n de Relaciones Exteriores, Heiko Maas, advirti\u00f3 hoy del peligro de una nueva carrera armamentista global. En el inicio de una conferencia de expertos en Berl\u00edn, Maas reclam\u00f3 una mayor cooperaci\u00f3n internacional para evitar ambiciones sobre una ventaja tecnol\u00f3gica y de poder. El ministro germano mencion\u00f3 en este","og:url":"https:\/\/eldigitaldeasturias.com\/radio\/heiko-maas-advierte-de-una-nueva-carrera-armamentista-global\/","og:image":"https:\/\/eldigitaldeasturias.com\/radio\/wp-content\/uploads\/2018\/10\/berlin-76509_960_720.jpg","og:image:secure_url":"https:\/\/eldigitaldeasturias.com\/radio\/wp-content\/uploads\/2018\/10\/berlin-76509_960_720.jpg","og:image:width":960,"og:image:height":720,"article:published_time":"2019-10-19T04:06:39+00:00","article:modified_time":"2019-10-19T04:06:39+00:00","twitter:card":"summary_large_image","twitter:site":"@bercodi","twitter:title":"Heiko Maas advierte de una nueva carrera armamentista global | El Digital de Asturias","twitter:description":"Berl\u00edn, 18 oct (dpa) - El ministro alem\u00e1n de Relaciones Exteriores, Heiko Maas, advirti\u00f3 hoy del peligro de una nueva carrera armamentista global. En el inicio de una conferencia de expertos en Berl\u00edn, Maas reclam\u00f3 una mayor cooperaci\u00f3n internacional para evitar ambiciones sobre una ventaja tecnol\u00f3gica y de poder. El ministro germano mencion\u00f3 en este","twitter:creator":"@bercodi","twitter:image":"https:\/\/eldigitaldeasturias.com\/radio\/wp-content\/uploads\/2018\/10\/berlin-76509_960_720.jpg"},"aioseo_meta_data":{"post_id":"3285","title":null,"description":null,"keywords":null,"keyphrases":null,"primary_term":null,"canonical_url":null,"og_title":null,"og_description":null,"og_object_type":"default","og_image_type":"default","og_image_url":null,"og_image_width":null,"og_image_height":null,"og_image_custom_url":null,"og_image_custom_fields":null,"og_video":null,"og_custom_url":null,"og_article_section":null,"og_article_tags":null,"twitter_use_og":false,"twitter_card":"default","twitter_image_type":"default","twitter_image_url":null,"twitter_image_custom_url":null,"twitter_image_custom_fields":null,"twitter_title":null,"twitter_description":null,"schema":{"blockGraphs":[],"customGraphs":[],"default":{"data":{"Article":[],"Course":[],"Dataset":[],"FAQPage":[],"Movie":[],"Person":[],"Product":[],"ProductReview":[],"Car":[],"Recipe":[],"Service":[],"SoftwareApplication":[],"WebPage":[]},"graphName":"","isEnabled":true},"graphs":[],"defaultGraph":"","defaultPostTypeGraph":""},"schema_type":null,"schema_type_options":null,"pillar_content":false,"robots_default":true,"robots_noindex":false,"robots_noarchive":false,"robots_nosnippet":false,"robots_nofollow":false,"robots_noimageindex":false,"robots_noodp":false,"robots_notranslate":false,"robots_max_snippet":null,"robots_max_videopreview":null,"robots_max_imagepreview":"large","priority":null,"frequency":null,"location":null,"local_seo":null,"seo_analyzer_scan_date":"2025-08-28 13:56:27","breadcrumb_settings":null,"limit_modified_date":false,"open_ai":null,"ai":null,"created":"2021-03-26 13:43:51","updated":"2025-08-28 13:56:27"},"aioseo_breadcrumb":"<div class=\"aioseo-breadcrumbs\"><span class=\"aioseo-breadcrumb\">\n\t<a href=\"https:\/\/eldigitaldeasturias.com\/radio\" title=\"Inicio\">Inicio<\/a>\n<\/span><span class=\"aioseo-breadcrumb-separator\">&ndash;<\/span><span class=\"aioseo-breadcrumb\">\n\t<a href=\"https:\/\/eldigitaldeasturias.com\/radio\/category\/noticias\/\" title=\"Noticias\">Noticias<\/a>\n<\/span><span class=\"aioseo-breadcrumb-separator\">&ndash;<\/span><span class=\"aioseo-breadcrumb\">\n\tHeiko Maas advierte de una nueva carrera armamentista global\n<\/span><\/div>","aioseo_breadcrumb_json":[{"label":"Inicio","link":"https:\/\/eldigitaldeasturias.com\/radio"},{"label":"Noticias","link":"https:\/\/eldigitaldeasturias.com\/radio\/category\/noticias\/"},{"label":"Heiko Maas advierte de una nueva carrera armamentista global","link":"https:\/\/eldigitaldeasturias.com\/radio\/heiko-maas-advierte-de-una-nueva-carrera-armamentista-global\/"}],"_links":{"self":[{"href":"https:\/\/eldigitaldeasturias.com\/radio\/wp-json\/wp\/v2\/posts\/3285","targetHints":{"allow":["GET"]}}],"collection":[{"href":"https:\/\/eldigitaldeasturias.com\/radio\/wp-json\/wp\/v2\/posts"}],"about":[{"href":"https:\/\/eldigitaldeasturias.com\/radio\/wp-json\/wp\/v2\/types\/post"}],"author":[{"embeddable":true,"href":"https:\/\/eldigitaldeasturias.com\/radio\/wp-json\/wp\/v2\/users\/1"}],"replies":[{"embeddable":true,"href":"https:\/\/eldigitaldeasturias.com\/radio\/wp-json\/wp\/v2\/comments?post=3285"}],"version-history":[{"count":0,"href":"https:\/\/eldigitaldeasturias.com\/radio\/wp-json\/wp\/v2\/posts\/3285\/revisions"}],"wp:featuredmedia":[{"embeddable":true,"href":"https:\/\/eldigitaldeasturias.com\/radio\/wp-json\/wp\/v2\/media\/1439"}],"wp:attachment":[{"href":"https:\/\/eldigitaldeasturias.com\/radio\/wp-json\/wp\/v2\/media?parent=3285"}],"wp:term":[{"taxonomy":"category","embeddable":true,"href":"https:\/\/eldigitaldeasturias.com\/radio\/wp-json\/wp\/v2\/categories?post=3285"},{"taxonomy":"post_tag","embeddable":true,"href":"https:\/\/eldigitaldeasturias.com\/radio\/wp-json\/wp\/v2\/tags?post=3285"}],"curies":[{"name":"wp","href":"https:\/\/api.w.org\/{rel}","templated":true}]}}