{"id":3271,"date":"2019-10-19T02:52:09","date_gmt":"2019-10-19T02:52:09","guid":{"rendered":"http:\/\/eldigitaldeasturias.com\/radio\/?p=3271"},"modified":"2019-10-19T02:52:09","modified_gmt":"2019-10-19T02:52:09","slug":"ozil-el-racismo-llego-al-centro-de-la-sociedad-alemana","status":"publish","type":"post","link":"https:\/\/eldigitaldeasturias.com\/radio\/ozil-el-racismo-llego-al-centro-de-la-sociedad-alemana\/","title":{"rendered":"\u00d6zil: \u00abEl racismo lleg\u00f3 al centro de la sociedad alemana\u00bb"},"content":{"rendered":"<p>Berl\u00edn, 17 oct (dpa) &#8211; El ex internacional germano Mesut \u00d6zil afirm\u00f3 en una entrevista publicada hoy que el racismo lleg\u00f3 \u00abal centro de la sociedad\u00bb de Alemania.<\/p>\n<p>\u00abDesgraciadamente, el racismo ya no es un tema exclusivo de la (ultra)derecha\u00bb, dijo el jugador que conquist\u00f3 el campeonato del mundo en 2014 con el once germano al portal \u00abThe Athletic\u00bb.<\/p>\n<p>\u00abHay grandes problemas en Alemania. Miren lo que pas\u00f3 la semana pasada en Halle. Otro ataque antisemita\u00bb, dijo el centrocampista.<\/p>\n<p>El mi\u00e9rcoles pasado, un hombre fuertemente armado trat\u00f3 de irrumpir en una sinagoga en Halle, en la que se encontraba medio centenar de personas celebrando la fiesta del Yom Kippur.<\/p>\n<p>Tras fracasar el intento, el alem\u00e1n de 27 a\u00f1os abati\u00f3 a tiros a una mujer de 40 a\u00f1os que pasaba por ah\u00ed y posteriormente a un obrero de 20 a\u00f1os en una tienda de comida turca.<\/p>\n<p>En plena fuga hiri\u00f3 gravemente a una pareja. Fue detenido por la polic\u00eda y confes\u00f3 que hab\u00eda actuado motivado por ideas antisemitas y ultraderechistas.<\/p>\n<p>Asimismo, \u00d6zil sostuvo que tambi\u00e9n hab\u00edan sido racistas las reacciones a la pol\u00e9mica foto que se tom\u00f3 con el presidente turco, Recep Tayyip Erdogan, antes del Mundial de Rusia 2018.<\/p>\n<p>\u00abSent\u00ed que si me disculpaba y admit\u00eda que era un error, todo estar\u00eda bien\u00bb, dijo. \u00abYo nunca har\u00eda eso. El racismo siempre estuvo presente, pero esta situaci\u00f3n fue utilizada por estas personas como excusa para vivirlo\u00bb.<\/p>\n<p>El turco-alem\u00e1n cont\u00f3 que despu\u00e9s de la reuni\u00f3n con Erdogan fue insultado de la peor manera posible y que algunos socios comerciales le hab\u00edan dado la espalda y organizaciones caritativas lo hab\u00edan despojado de su calidad de embajador.<\/p>\n<p>El delantero del Arsenal renunci\u00f3 a la selecci\u00f3n tres semanas despu\u00e9s del Mundial y critic\u00f3 duramente el trato recibido por parte de la Federaci\u00f3n Alemana de F\u00fatbol (DFB) despu\u00e9s de que la foto que se tom\u00f3 Erdogan deviniese en esc\u00e1ndalo en Alemania.<\/p>\n","protected":false},"excerpt":{"rendered":"<p>Berl\u00edn, 17 oct (dpa) &#8211; El ex internacional germano Mesut \u00d6zil afirm\u00f3 en una entrevista publicada hoy que el racismo lleg\u00f3 \u00abal centro de la sociedad\u00bb de Alemania. \u00abDesgraciadamente, el racismo ya no es un tema exclusivo de la (ultra)derecha\u00bb, dijo el jugador que conquist\u00f3 el campeonato del mundo en 2014 con el once germano<\/p>\n","protected":false},"author":1,"featured_media":1352,"comment_status":"closed","ping_status":"closed","sticky":false,"template":"","format":"standard","meta":{"footnotes":""},"categories":[1],"tags":[],"class_list":{"0":"post-3271","1":"post","2":"type-post","3":"status-publish","4":"format-standard","5":"has-post-thumbnail","7":"category-noticias"},"aioseo_notices":[],"aioseo_head":"\n\t\t<!-- All in One SEO Pro 4.9.6.2 - aioseo.com -->\n\t<meta name=\"description\" content=\"Berl\u00edn, 17 oct (dpa) - El ex internacional germano Mesut \u00d6zil afirm\u00f3 en una entrevista publicada hoy que el racismo lleg\u00f3 &quot;al centro de la sociedad&quot; de Alemania. &quot;Desgraciadamente, el racismo ya no es un tema exclusivo de la (ultra)derecha&quot;, dijo el jugador que conquist\u00f3 el campeonato del mundo en 2014 con el once germano\" \/>\n\t<meta name=\"robots\" content=\"max-image-preview:large\" \/>\n\t<meta name=\"author\" content=\"NBAsturias\"\/>\n\t<meta name=\"google-site-verification\" content=\"UA-38556648-1\" \/>\n\t<meta name=\"keywords\" content=\"noticias\" \/>\n\t<link rel=\"canonical\" href=\"https:\/\/eldigitaldeasturias.com\/radio\/ozil-el-racismo-llego-al-centro-de-la-sociedad-alemana\/\" \/>\n\t<meta name=\"generator\" content=\"All in One SEO Pro (AIOSEO) 4.9.6.2\" \/>\n\t\t<meta property=\"og:locale\" content=\"es_ES\" \/>\n\t\t<meta property=\"og:site_name\" content=\"El Digital de Asturias | Diario de informaci\u00f3n y noticias\" \/>\n\t\t<meta property=\"og:type\" content=\"article\" \/>\n\t\t<meta property=\"og:title\" content=\"\u00d6zil: \u00abEl racismo lleg\u00f3 al centro de la sociedad alemana\u00bb | El Digital de Asturias\" \/>\n\t\t<meta property=\"og:description\" content=\"Berl\u00edn, 17 oct (dpa) - El ex internacional germano Mesut \u00d6zil afirm\u00f3 en una entrevista publicada hoy que el racismo lleg\u00f3 &quot;al centro de la sociedad&quot; de Alemania. &quot;Desgraciadamente, el racismo ya no es un tema exclusivo de la (ultra)derecha&quot;, dijo el jugador que conquist\u00f3 el campeonato del mundo en 2014 con el once germano\" \/>\n\t\t<meta property=\"og:url\" content=\"https:\/\/eldigitaldeasturias.com\/radio\/ozil-el-racismo-llego-al-centro-de-la-sociedad-alemana\/\" \/>\n\t\t<meta property=\"og:image\" content=\"https:\/\/eldigitaldeasturias.com\/radio\/wp-content\/uploads\/2018\/10\/technology-785742_960_720.jpg\" \/>\n\t\t<meta property=\"og:image:secure_url\" content=\"https:\/\/eldigitaldeasturias.com\/radio\/wp-content\/uploads\/2018\/10\/technology-785742_960_720.jpg\" \/>\n\t\t<meta property=\"og:image:width\" content=\"960\" \/>\n\t\t<meta property=\"og:image:height\" content=\"640\" \/>\n\t\t<meta property=\"article:published_time\" content=\"2019-10-19T02:52:09+00:00\" \/>\n\t\t<meta property=\"article:modified_time\" content=\"2019-10-19T02:52:09+00:00\" \/>\n\t\t<meta name=\"twitter:card\" content=\"summary_large_image\" \/>\n\t\t<meta name=\"twitter:site\" content=\"@bercodi\" \/>\n\t\t<meta name=\"twitter:title\" content=\"\u00d6zil: \u00abEl racismo lleg\u00f3 al centro de la sociedad alemana\u00bb | El Digital de Asturias\" \/>\n\t\t<meta name=\"twitter:description\" content=\"Berl\u00edn, 17 oct (dpa) - El ex internacional germano Mesut \u00d6zil afirm\u00f3 en una entrevista publicada hoy que el racismo lleg\u00f3 &quot;al centro de la sociedad&quot; de Alemania. &quot;Desgraciadamente, el racismo ya no es un tema exclusivo de la (ultra)derecha&quot;, dijo el jugador que conquist\u00f3 el campeonato del mundo en 2014 con el once germano\" \/>\n\t\t<meta name=\"twitter:creator\" content=\"@bercodi\" \/>\n\t\t<meta name=\"twitter:image\" content=\"https:\/\/eldigitaldeasturias.com\/radio\/wp-content\/uploads\/2018\/10\/technology-785742_960_720.jpg\" \/>\n\t\t<script type=\"application\/ld+json\" class=\"aioseo-schema\">\n\t\t\t{\"@context\":\"https:\\\/\\\/schema.org\",\"@graph\":[{\"@type\":\"BreadcrumbList\",\"@id\":\"https:\\\/\\\/eldigitaldeasturias.com\\\/radio\\\/ozil-el-racismo-llego-al-centro-de-la-sociedad-alemana\\\/#breadcrumblist\",\"itemListElement\":[{\"@type\":\"ListItem\",\"@id\":\"https:\\\/\\\/eldigitaldeasturias.com\\\/radio#listItem\",\"position\":1,\"name\":\"Inicio\",\"item\":\"https:\\\/\\\/eldigitaldeasturias.com\\\/radio\",\"nextItem\":{\"@type\":\"ListItem\",\"@id\":\"https:\\\/\\\/eldigitaldeasturias.com\\\/radio\\\/category\\\/noticias\\\/#listItem\",\"name\":\"Noticias\"}},{\"@type\":\"ListItem\",\"@id\":\"https:\\\/\\\/eldigitaldeasturias.com\\\/radio\\\/category\\\/noticias\\\/#listItem\",\"position\":2,\"name\":\"Noticias\",\"item\":\"https:\\\/\\\/eldigitaldeasturias.com\\\/radio\\\/category\\\/noticias\\\/\",\"nextItem\":{\"@type\":\"ListItem\",\"@id\":\"https:\\\/\\\/eldigitaldeasturias.com\\\/radio\\\/ozil-el-racismo-llego-al-centro-de-la-sociedad-alemana\\\/#listItem\",\"name\":\"\\u00d6zil: \\u00abEl racismo lleg\\u00f3 al centro de la sociedad alemana\\u00bb\"},\"previousItem\":{\"@type\":\"ListItem\",\"@id\":\"https:\\\/\\\/eldigitaldeasturias.com\\\/radio#listItem\",\"name\":\"Inicio\"}},{\"@type\":\"ListItem\",\"@id\":\"https:\\\/\\\/eldigitaldeasturias.com\\\/radio\\\/ozil-el-racismo-llego-al-centro-de-la-sociedad-alemana\\\/#listItem\",\"position\":3,\"name\":\"\\u00d6zil: \\u00abEl racismo lleg\\u00f3 al centro de la sociedad alemana\\u00bb\",\"previousItem\":{\"@type\":\"ListItem\",\"@id\":\"https:\\\/\\\/eldigitaldeasturias.com\\\/radio\\\/category\\\/noticias\\\/#listItem\",\"name\":\"Noticias\"}}]},{\"@type\":\"NewsArticle\",\"@id\":\"https:\\\/\\\/eldigitaldeasturias.com\\\/radio\\\/ozil-el-racismo-llego-al-centro-de-la-sociedad-alemana\\\/#newsarticle\",\"name\":\"\\u00d6zil: \\u00abEl racismo lleg\\u00f3 al centro de la sociedad alemana\\u00bb | El Digital de Asturias\",\"headline\":\"\\u00d6zil: \\u00abEl racismo lleg\\u00f3 al centro de la sociedad alemana\\u00bb\",\"author\":{\"@id\":\"https:\\\/\\\/eldigitaldeasturias.com\\\/radio\\\/author\\\/nbasturias\\\/#author\"},\"publisher\":{\"@id\":\"https:\\\/\\\/eldigitaldeasturias.com\\\/radio\\\/#organization\"},\"image\":{\"@type\":\"ImageObject\",\"url\":\"https:\\\/\\\/eldigitaldeasturias.com\\\/radio\\\/wp-content\\\/uploads\\\/2018\\\/10\\\/technology-785742_960_720.jpg\",\"width\":960,\"height\":640},\"datePublished\":\"2019-10-19T02:52:09+02:00\",\"dateModified\":\"2019-10-19T02:52:09+02:00\",\"inLanguage\":\"es-ES\",\"mainEntityOfPage\":{\"@id\":\"https:\\\/\\\/eldigitaldeasturias.com\\\/radio\\\/ozil-el-racismo-llego-al-centro-de-la-sociedad-alemana\\\/#webpage\"},\"isPartOf\":{\"@id\":\"https:\\\/\\\/eldigitaldeasturias.com\\\/radio\\\/ozil-el-racismo-llego-al-centro-de-la-sociedad-alemana\\\/#webpage\"},\"articleSection\":\"Noticias\",\"dateline\":\"Publicado el octubre 19, 2019.\"},{\"@type\":\"Organization\",\"@id\":\"https:\\\/\\\/eldigitaldeasturias.com\\\/radio\\\/#organization\",\"name\":\"El digital de Asturias Radio\",\"description\":\"Diario de informaci\\u00f3n y noticias\",\"url\":\"https:\\\/\\\/eldigitaldeasturias.com\\\/radio\\\/\",\"telephone\":\"+34652131393\",\"logo\":{\"@type\":\"ImageObject\",\"url\":\"https:\\\/\\\/www.eldigitaldeasturias.com\\\/radio\\\/wp-content\\\/uploads\\\/2021\\\/03\\\/EDA.jpg\",\"@id\":\"https:\\\/\\\/eldigitaldeasturias.com\\\/radio\\\/ozil-el-racismo-llego-al-centro-de-la-sociedad-alemana\\\/#organizationLogo\"},\"image\":{\"@id\":\"https:\\\/\\\/eldigitaldeasturias.com\\\/radio\\\/ozil-el-racismo-llego-al-centro-de-la-sociedad-alemana\\\/#organizationLogo\"},\"sameAs\":[\"https:\\\/\\\/www.facebook.com\\\/\",\"https:\\\/\\\/x.com\\\/bercodi\",\"https:\\\/\\\/www.instagram.com\\\/\",\"https:\\\/\\\/www.youtube.com\\\/channel\\\/UCZP-2wLEB9Rv6erhFmqVnvg\"]},{\"@type\":\"Person\",\"@id\":\"https:\\\/\\\/eldigitaldeasturias.com\\\/radio\\\/author\\\/nbasturias\\\/#author\",\"url\":\"https:\\\/\\\/eldigitaldeasturias.com\\\/radio\\\/author\\\/nbasturias\\\/\",\"name\":\"NBAsturias\",\"image\":{\"@type\":\"ImageObject\",\"@id\":\"https:\\\/\\\/eldigitaldeasturias.com\\\/radio\\\/ozil-el-racismo-llego-al-centro-de-la-sociedad-alemana\\\/#authorImage\",\"url\":\"https:\\\/\\\/secure.gravatar.com\\\/avatar\\\/df2aeffc32bcd13f8d26072ef8a91b623d677766deac7f97ca815868cd41bf5e?s=96&d=mm&r=g\",\"width\":96,\"height\":96,\"caption\":\"NBAsturias\"}},{\"@type\":\"WebPage\",\"@id\":\"https:\\\/\\\/eldigitaldeasturias.com\\\/radio\\\/ozil-el-racismo-llego-al-centro-de-la-sociedad-alemana\\\/#webpage\",\"url\":\"https:\\\/\\\/eldigitaldeasturias.com\\\/radio\\\/ozil-el-racismo-llego-al-centro-de-la-sociedad-alemana\\\/\",\"name\":\"\\u00d6zil: \\u00abEl racismo lleg\\u00f3 al centro de la sociedad alemana\\u00bb | El Digital de Asturias\",\"description\":\"Berl\\u00edn, 17 oct (dpa) - El ex internacional germano Mesut \\u00d6zil afirm\\u00f3 en una entrevista publicada hoy que el racismo lleg\\u00f3 \\\"al centro de la sociedad\\\" de Alemania. \\\"Desgraciadamente, el racismo ya no es un tema exclusivo de la (ultra)derecha\\\", dijo el jugador que conquist\\u00f3 el campeonato del mundo en 2014 con el once germano\",\"inLanguage\":\"es-ES\",\"isPartOf\":{\"@id\":\"https:\\\/\\\/eldigitaldeasturias.com\\\/radio\\\/#website\"},\"breadcrumb\":{\"@id\":\"https:\\\/\\\/eldigitaldeasturias.com\\\/radio\\\/ozil-el-racismo-llego-al-centro-de-la-sociedad-alemana\\\/#breadcrumblist\"},\"author\":{\"@id\":\"https:\\\/\\\/eldigitaldeasturias.com\\\/radio\\\/author\\\/nbasturias\\\/#author\"},\"creator\":{\"@id\":\"https:\\\/\\\/eldigitaldeasturias.com\\\/radio\\\/author\\\/nbasturias\\\/#author\"},\"image\":{\"@type\":\"ImageObject\",\"url\":\"https:\\\/\\\/eldigitaldeasturias.com\\\/radio\\\/wp-content\\\/uploads\\\/2018\\\/10\\\/technology-785742_960_720.jpg\",\"@id\":\"https:\\\/\\\/eldigitaldeasturias.com\\\/radio\\\/ozil-el-racismo-llego-al-centro-de-la-sociedad-alemana\\\/#mainImage\",\"width\":960,\"height\":640},\"primaryImageOfPage\":{\"@id\":\"https:\\\/\\\/eldigitaldeasturias.com\\\/radio\\\/ozil-el-racismo-llego-al-centro-de-la-sociedad-alemana\\\/#mainImage\"},\"datePublished\":\"2019-10-19T02:52:09+02:00\",\"dateModified\":\"2019-10-19T02:52:09+02:00\"},{\"@type\":\"WebSite\",\"@id\":\"https:\\\/\\\/eldigitaldeasturias.com\\\/radio\\\/#website\",\"url\":\"https:\\\/\\\/eldigitaldeasturias.com\\\/radio\\\/\",\"name\":\"El Digital de Asturias\",\"description\":\"Diario de informaci\\u00f3n y noticias\",\"inLanguage\":\"es-ES\",\"publisher\":{\"@id\":\"https:\\\/\\\/eldigitaldeasturias.com\\\/radio\\\/#organization\"}}]}\n\t\t<\/script>\n\t\t<!-- All in One SEO Pro -->\r\n\t\t<title>\u00d6zil: \u00abEl racismo lleg\u00f3 al centro de la sociedad alemana\u00bb | El Digital de Asturias<\/title>\n\n","aioseo_head_json":{"title":"\u00d6zil: \u00abEl racismo lleg\u00f3 al centro de la sociedad alemana\u00bb | El Digital de Asturias","description":"Berl\u00edn, 17 oct (dpa) - El ex internacional germano Mesut \u00d6zil afirm\u00f3 en una entrevista publicada hoy que el racismo lleg\u00f3 \"al centro de la sociedad\" de Alemania. \"Desgraciadamente, el racismo ya no es un tema exclusivo de la (ultra)derecha\", dijo el jugador que conquist\u00f3 el campeonato del mundo en 2014 con el once germano","canonical_url":"https:\/\/eldigitaldeasturias.com\/radio\/ozil-el-racismo-llego-al-centro-de-la-sociedad-alemana\/","robots":"max-image-preview:large","keywords":"noticias","webmasterTools":{"google-site-verification":"UA-38556648-1","miscellaneous":""},"schema":{"@context":"https:\/\/schema.org","@graph":[{"@type":"BreadcrumbList","@id":"https:\/\/eldigitaldeasturias.com\/radio\/ozil-el-racismo-llego-al-centro-de-la-sociedad-alemana\/#breadcrumblist","itemListElement":[{"@type":"ListItem","@id":"https:\/\/eldigitaldeasturias.com\/radio#listItem","position":1,"name":"Inicio","item":"https:\/\/eldigitaldeasturias.com\/radio","nextItem":{"@type":"ListItem","@id":"https:\/\/eldigitaldeasturias.com\/radio\/category\/noticias\/#listItem","name":"Noticias"}},{"@type":"ListItem","@id":"https:\/\/eldigitaldeasturias.com\/radio\/category\/noticias\/#listItem","position":2,"name":"Noticias","item":"https:\/\/eldigitaldeasturias.com\/radio\/category\/noticias\/","nextItem":{"@type":"ListItem","@id":"https:\/\/eldigitaldeasturias.com\/radio\/ozil-el-racismo-llego-al-centro-de-la-sociedad-alemana\/#listItem","name":"\u00d6zil: \u00abEl racismo lleg\u00f3 al centro de la sociedad alemana\u00bb"},"previousItem":{"@type":"ListItem","@id":"https:\/\/eldigitaldeasturias.com\/radio#listItem","name":"Inicio"}},{"@type":"ListItem","@id":"https:\/\/eldigitaldeasturias.com\/radio\/ozil-el-racismo-llego-al-centro-de-la-sociedad-alemana\/#listItem","position":3,"name":"\u00d6zil: \u00abEl racismo lleg\u00f3 al centro de la sociedad alemana\u00bb","previousItem":{"@type":"ListItem","@id":"https:\/\/eldigitaldeasturias.com\/radio\/category\/noticias\/#listItem","name":"Noticias"}}]},{"@type":"NewsArticle","@id":"https:\/\/eldigitaldeasturias.com\/radio\/ozil-el-racismo-llego-al-centro-de-la-sociedad-alemana\/#newsarticle","name":"\u00d6zil: \u00abEl racismo lleg\u00f3 al centro de la sociedad alemana\u00bb | El Digital de Asturias","headline":"\u00d6zil: \u00abEl racismo lleg\u00f3 al centro de la sociedad alemana\u00bb","author":{"@id":"https:\/\/eldigitaldeasturias.com\/radio\/author\/nbasturias\/#author"},"publisher":{"@id":"https:\/\/eldigitaldeasturias.com\/radio\/#organization"},"image":{"@type":"ImageObject","url":"https:\/\/eldigitaldeasturias.com\/radio\/wp-content\/uploads\/2018\/10\/technology-785742_960_720.jpg","width":960,"height":640},"datePublished":"2019-10-19T02:52:09+02:00","dateModified":"2019-10-19T02:52:09+02:00","inLanguage":"es-ES","mainEntityOfPage":{"@id":"https:\/\/eldigitaldeasturias.com\/radio\/ozil-el-racismo-llego-al-centro-de-la-sociedad-alemana\/#webpage"},"isPartOf":{"@id":"https:\/\/eldigitaldeasturias.com\/radio\/ozil-el-racismo-llego-al-centro-de-la-sociedad-alemana\/#webpage"},"articleSection":"Noticias","dateline":"Publicado el octubre 19, 2019."},{"@type":"Organization","@id":"https:\/\/eldigitaldeasturias.com\/radio\/#organization","name":"El digital de Asturias Radio","description":"Diario de informaci\u00f3n y noticias","url":"https:\/\/eldigitaldeasturias.com\/radio\/","telephone":"+34652131393","logo":{"@type":"ImageObject","url":"https:\/\/www.eldigitaldeasturias.com\/radio\/wp-content\/uploads\/2021\/03\/EDA.jpg","@id":"https:\/\/eldigitaldeasturias.com\/radio\/ozil-el-racismo-llego-al-centro-de-la-sociedad-alemana\/#organizationLogo"},"image":{"@id":"https:\/\/eldigitaldeasturias.com\/radio\/ozil-el-racismo-llego-al-centro-de-la-sociedad-alemana\/#organizationLogo"},"sameAs":["https:\/\/www.facebook.com\/","https:\/\/x.com\/bercodi","https:\/\/www.instagram.com\/","https:\/\/www.youtube.com\/channel\/UCZP-2wLEB9Rv6erhFmqVnvg"]},{"@type":"Person","@id":"https:\/\/eldigitaldeasturias.com\/radio\/author\/nbasturias\/#author","url":"https:\/\/eldigitaldeasturias.com\/radio\/author\/nbasturias\/","name":"NBAsturias","image":{"@type":"ImageObject","@id":"https:\/\/eldigitaldeasturias.com\/radio\/ozil-el-racismo-llego-al-centro-de-la-sociedad-alemana\/#authorImage","url":"https:\/\/secure.gravatar.com\/avatar\/df2aeffc32bcd13f8d26072ef8a91b623d677766deac7f97ca815868cd41bf5e?s=96&d=mm&r=g","width":96,"height":96,"caption":"NBAsturias"}},{"@type":"WebPage","@id":"https:\/\/eldigitaldeasturias.com\/radio\/ozil-el-racismo-llego-al-centro-de-la-sociedad-alemana\/#webpage","url":"https:\/\/eldigitaldeasturias.com\/radio\/ozil-el-racismo-llego-al-centro-de-la-sociedad-alemana\/","name":"\u00d6zil: \u00abEl racismo lleg\u00f3 al centro de la sociedad alemana\u00bb | El Digital de Asturias","description":"Berl\u00edn, 17 oct (dpa) - El ex internacional germano Mesut \u00d6zil afirm\u00f3 en una entrevista publicada hoy que el racismo lleg\u00f3 \"al centro de la sociedad\" de Alemania. \"Desgraciadamente, el racismo ya no es un tema exclusivo de la (ultra)derecha\", dijo el jugador que conquist\u00f3 el campeonato del mundo en 2014 con el once germano","inLanguage":"es-ES","isPartOf":{"@id":"https:\/\/eldigitaldeasturias.com\/radio\/#website"},"breadcrumb":{"@id":"https:\/\/eldigitaldeasturias.com\/radio\/ozil-el-racismo-llego-al-centro-de-la-sociedad-alemana\/#breadcrumblist"},"author":{"@id":"https:\/\/eldigitaldeasturias.com\/radio\/author\/nbasturias\/#author"},"creator":{"@id":"https:\/\/eldigitaldeasturias.com\/radio\/author\/nbasturias\/#author"},"image":{"@type":"ImageObject","url":"https:\/\/eldigitaldeasturias.com\/radio\/wp-content\/uploads\/2018\/10\/technology-785742_960_720.jpg","@id":"https:\/\/eldigitaldeasturias.com\/radio\/ozil-el-racismo-llego-al-centro-de-la-sociedad-alemana\/#mainImage","width":960,"height":640},"primaryImageOfPage":{"@id":"https:\/\/eldigitaldeasturias.com\/radio\/ozil-el-racismo-llego-al-centro-de-la-sociedad-alemana\/#mainImage"},"datePublished":"2019-10-19T02:52:09+02:00","dateModified":"2019-10-19T02:52:09+02:00"},{"@type":"WebSite","@id":"https:\/\/eldigitaldeasturias.com\/radio\/#website","url":"https:\/\/eldigitaldeasturias.com\/radio\/","name":"El Digital de Asturias","description":"Diario de informaci\u00f3n y noticias","inLanguage":"es-ES","publisher":{"@id":"https:\/\/eldigitaldeasturias.com\/radio\/#organization"}}]},"og:locale":"es_ES","og:site_name":"El Digital de Asturias | Diario de informaci\u00f3n y noticias","og:type":"article","og:title":"\u00d6zil: \u00abEl racismo lleg\u00f3 al centro de la sociedad alemana\u00bb | El Digital de Asturias","og:description":"Berl\u00edn, 17 oct (dpa) - El ex internacional germano Mesut \u00d6zil afirm\u00f3 en una entrevista publicada hoy que el racismo lleg\u00f3 &quot;al centro de la sociedad&quot; de Alemania. &quot;Desgraciadamente, el racismo ya no es un tema exclusivo de la (ultra)derecha&quot;, dijo el jugador que conquist\u00f3 el campeonato del mundo en 2014 con el once germano","og:url":"https:\/\/eldigitaldeasturias.com\/radio\/ozil-el-racismo-llego-al-centro-de-la-sociedad-alemana\/","og:image":"https:\/\/eldigitaldeasturias.com\/radio\/wp-content\/uploads\/2018\/10\/technology-785742_960_720.jpg","og:image:secure_url":"https:\/\/eldigitaldeasturias.com\/radio\/wp-content\/uploads\/2018\/10\/technology-785742_960_720.jpg","og:image:width":960,"og:image:height":640,"article:published_time":"2019-10-19T02:52:09+00:00","article:modified_time":"2019-10-19T02:52:09+00:00","twitter:card":"summary_large_image","twitter:site":"@bercodi","twitter:title":"\u00d6zil: \u00abEl racismo lleg\u00f3 al centro de la sociedad alemana\u00bb | El Digital de Asturias","twitter:description":"Berl\u00edn, 17 oct (dpa) - El ex internacional germano Mesut \u00d6zil afirm\u00f3 en una entrevista publicada hoy que el racismo lleg\u00f3 &quot;al centro de la sociedad&quot; de Alemania. &quot;Desgraciadamente, el racismo ya no es un tema exclusivo de la (ultra)derecha&quot;, dijo el jugador que conquist\u00f3 el campeonato del mundo en 2014 con el once germano","twitter:creator":"@bercodi","twitter:image":"https:\/\/eldigitaldeasturias.com\/radio\/wp-content\/uploads\/2018\/10\/technology-785742_960_720.jpg"},"aioseo_meta_data":{"post_id":"3271","title":null,"description":null,"keywords":null,"keyphrases":null,"primary_term":null,"canonical_url":null,"og_title":null,"og_description":null,"og_object_type":"default","og_image_type":"default","og_image_url":null,"og_image_width":null,"og_image_height":null,"og_image_custom_url":null,"og_image_custom_fields":null,"og_video":null,"og_custom_url":null,"og_article_section":null,"og_article_tags":null,"twitter_use_og":false,"twitter_card":"default","twitter_image_type":"default","twitter_image_url":null,"twitter_image_custom_url":null,"twitter_image_custom_fields":null,"twitter_title":null,"twitter_description":null,"schema":{"blockGraphs":[],"customGraphs":[],"default":{"data":{"Article":[],"Course":[],"Dataset":[],"FAQPage":[],"Movie":[],"Person":[],"Product":[],"ProductReview":[],"Car":[],"Recipe":[],"Service":[],"SoftwareApplication":[],"WebPage":[]},"graphName":"","isEnabled":true},"graphs":[],"defaultGraph":"","defaultPostTypeGraph":""},"schema_type":null,"schema_type_options":null,"pillar_content":false,"robots_default":true,"robots_noindex":false,"robots_noarchive":false,"robots_nosnippet":false,"robots_nofollow":false,"robots_noimageindex":false,"robots_noodp":false,"robots_notranslate":false,"robots_max_snippet":null,"robots_max_videopreview":null,"robots_max_imagepreview":"large","priority":null,"frequency":null,"location":null,"local_seo":null,"seo_analyzer_scan_date":"2025-08-28 13:55:20","breadcrumb_settings":null,"limit_modified_date":false,"open_ai":null,"ai":null,"created":"2021-03-25 20:42:44","updated":"2025-08-28 13:55:20"},"aioseo_breadcrumb":"<div class=\"aioseo-breadcrumbs\"><span class=\"aioseo-breadcrumb\">\n\t<a href=\"https:\/\/eldigitaldeasturias.com\/radio\" title=\"Inicio\">Inicio<\/a>\n<\/span><span class=\"aioseo-breadcrumb-separator\">&ndash;<\/span><span class=\"aioseo-breadcrumb\">\n\t<a href=\"https:\/\/eldigitaldeasturias.com\/radio\/category\/noticias\/\" title=\"Noticias\">Noticias<\/a>\n<\/span><span class=\"aioseo-breadcrumb-separator\">&ndash;<\/span><span class=\"aioseo-breadcrumb\">\n\t\u00d6zil: \u00abEl racismo lleg\u00f3 al centro de la sociedad alemana\u00bb\n<\/span><\/div>","aioseo_breadcrumb_json":[{"label":"Inicio","link":"https:\/\/eldigitaldeasturias.com\/radio"},{"label":"Noticias","link":"https:\/\/eldigitaldeasturias.com\/radio\/category\/noticias\/"},{"label":"\u00d6zil: \u00abEl racismo lleg\u00f3 al centro de la sociedad alemana\u00bb","link":"https:\/\/eldigitaldeasturias.com\/radio\/ozil-el-racismo-llego-al-centro-de-la-sociedad-alemana\/"}],"_links":{"self":[{"href":"https:\/\/eldigitaldeasturias.com\/radio\/wp-json\/wp\/v2\/posts\/3271","targetHints":{"allow":["GET"]}}],"collection":[{"href":"https:\/\/eldigitaldeasturias.com\/radio\/wp-json\/wp\/v2\/posts"}],"about":[{"href":"https:\/\/eldigitaldeasturias.com\/radio\/wp-json\/wp\/v2\/types\/post"}],"author":[{"embeddable":true,"href":"https:\/\/eldigitaldeasturias.com\/radio\/wp-json\/wp\/v2\/users\/1"}],"replies":[{"embeddable":true,"href":"https:\/\/eldigitaldeasturias.com\/radio\/wp-json\/wp\/v2\/comments?post=3271"}],"version-history":[{"count":0,"href":"https:\/\/eldigitaldeasturias.com\/radio\/wp-json\/wp\/v2\/posts\/3271\/revisions"}],"wp:featuredmedia":[{"embeddable":true,"href":"https:\/\/eldigitaldeasturias.com\/radio\/wp-json\/wp\/v2\/media\/1352"}],"wp:attachment":[{"href":"https:\/\/eldigitaldeasturias.com\/radio\/wp-json\/wp\/v2\/media?parent=3271"}],"wp:term":[{"taxonomy":"category","embeddable":true,"href":"https:\/\/eldigitaldeasturias.com\/radio\/wp-json\/wp\/v2\/categories?post=3271"},{"taxonomy":"post_tag","embeddable":true,"href":"https:\/\/eldigitaldeasturias.com\/radio\/wp-json\/wp\/v2\/tags?post=3271"}],"curies":[{"name":"wp","href":"https:\/\/api.w.org\/{rel}","templated":true}]}}