{"id":3269,"date":"2019-10-19T02:50:36","date_gmt":"2019-10-19T02:50:36","guid":{"rendered":"http:\/\/eldigitaldeasturias.com\/radio\/?p=3269"},"modified":"2019-10-19T02:50:36","modified_gmt":"2019-10-19T02:50:36","slug":"el-paquete-climatico-aleman-afectara-a-los-hogares-con-bajos-ingresos","status":"publish","type":"post","link":"https:\/\/eldigitaldeasturias.com\/radio\/el-paquete-climatico-aleman-afectara-a-los-hogares-con-bajos-ingresos\/","title":{"rendered":"El Paquete clim\u00e1tico alem\u00e1n afectar\u00e1 a los hogares con bajos ingresos"},"content":{"rendered":"<p><img fetchpriority=\"high\" decoding=\"async\" class=\"alignleft size-medium wp-image-1439\" src=\"https:\/\/eldigitaldeasturias.com\/radio\/wp-content\/uploads\/2018\/10\/berlin-76509_960_720-360x270.jpg\" alt=\"\" width=\"360\" height=\"270\" srcset=\"https:\/\/eldigitaldeasturias.com\/radio\/wp-content\/uploads\/2018\/10\/berlin-76509_960_720-360x270.jpg 360w, https:\/\/eldigitaldeasturias.com\/radio\/wp-content\/uploads\/2018\/10\/berlin-76509_960_720-768x576.jpg 768w, https:\/\/eldigitaldeasturias.com\/radio\/wp-content\/uploads\/2018\/10\/berlin-76509_960_720.jpg 960w\" sizes=\"(max-width: 360px) 100vw, 360px\" \/>Berl\u00edn, 17 oct (dpa) &#8211; El paquete de medidas impulsado por Alemania para la protecci\u00f3n clima afecta sobre todo a los hogares con bajos ingresos, seg\u00fan el resultado de un estudio presentado hoy por el Instituto Alem\u00e1n de Investigaci\u00f3n Econ\u00f3mica (DIW).<\/p>\n<p>El informe indica que el precio del di\u00f3xido de carbono (CO2) previsto en el programa no es suficiente para cumplir los objetivos clim\u00e1ticos de 2030 en los sectores del transporte y construcci\u00f3n.<\/p>\n<p>El Gobierno alem\u00e1n quiere cobrar a partir de 2021 un impuesto por la emisi\u00f3n de CO2, el gas de efecto invernadero perjudicial para el clima, en el transporte y en los edificios.<\/p>\n<p>Esta medida encarecer\u00e1 los combustibles que provienen del petr\u00f3leo y el gas natural. Por lo tanto, los expertos esperan que el aumento de los precios proporcione un incentivo para el desarrollo y la compra de coches y sistemas de calefacci\u00f3n respetuosos con el clima.<\/p>\n<p>El precio del CO2 ser\u00e1 inicialmente de 10 euros (11 d\u00f3lares) por tonelada e ir\u00e1 aumentando gradualmente.<\/p>\n<p>De esta manera, ingresar\u00e1n en las arcas p\u00fablicas miles de millones de euros, pero a cambio se prev\u00e9 implementar una serie de medidas de ayuda. Estas incluyen un aumento del subsidio a las personas que se trasladan a diario al trabajo y una reducci\u00f3n del gravamen de la Ley de Energ\u00eda Renovables (EEG, por su sigla en alem\u00e1n).<\/p>\n<p>Bajar los precios de la electricidad mediante la reducci\u00f3n del gravamen de la EEG ayudar\u00e1 mucho m\u00e1s a los hogares con ingresos bajos que a los de altos ingresos, se\u00f1ala el estudio. Sin embargo, la reducci\u00f3n de la tasa EEG representa solamente un peque\u00f1o volumen que apenas compensa los efectos negativos de la fijaci\u00f3n de precios del CO2.<\/p>\n<p>En tanto, el aumento del subsidio por distancia entre la casa y el trabajo alivia m\u00e1s a los hogares con ingresos medios y altos, ya que los desplazamientos m\u00e1s largos no son relevantes en los grupos de ingresos m\u00e1s bajos, detalla el informe.<\/p>\n","protected":false},"excerpt":{"rendered":"<p>Berl\u00edn, 17 oct (dpa) &#8211; El paquete de medidas impulsado por Alemania para la protecci\u00f3n clima afecta sobre todo a los hogares con bajos ingresos, seg\u00fan el resultado de un estudio presentado hoy por el Instituto Alem\u00e1n de Investigaci\u00f3n Econ\u00f3mica (DIW). El informe indica que el precio del di\u00f3xido de carbono (CO2) previsto en el<\/p>\n","protected":false},"author":1,"featured_media":1439,"comment_status":"closed","ping_status":"closed","sticky":false,"template":"","format":"standard","meta":{"footnotes":""},"categories":[1],"tags":[],"class_list":{"0":"post-3269","1":"post","2":"type-post","3":"status-publish","4":"format-standard","5":"has-post-thumbnail","7":"category-noticias"},"aioseo_notices":[],"aioseo_head":"\n\t\t<!-- All in One SEO Pro 4.9.6.2 - aioseo.com -->\n\t<meta name=\"description\" content=\"Berl\u00edn, 17 oct (dpa) - El paquete de medidas impulsado por Alemania para la protecci\u00f3n clima afecta sobre todo a los hogares con bajos ingresos, seg\u00fan el resultado de un estudio presentado hoy por el Instituto Alem\u00e1n de Investigaci\u00f3n Econ\u00f3mica (DIW). El informe indica que el precio del di\u00f3xido de carbono (CO2) previsto en el\" \/>\n\t<meta name=\"robots\" content=\"max-image-preview:large\" \/>\n\t<meta name=\"author\" content=\"NBAsturias\"\/>\n\t<meta name=\"google-site-verification\" content=\"UA-38556648-1\" \/>\n\t<meta name=\"keywords\" content=\"noticias\" \/>\n\t<link rel=\"canonical\" href=\"https:\/\/eldigitaldeasturias.com\/radio\/el-paquete-climatico-aleman-afectara-a-los-hogares-con-bajos-ingresos\/\" \/>\n\t<meta name=\"generator\" content=\"All in One SEO Pro (AIOSEO) 4.9.6.2\" \/>\n\t\t<meta property=\"og:locale\" content=\"es_ES\" \/>\n\t\t<meta property=\"og:site_name\" content=\"El Digital de Asturias | Diario de informaci\u00f3n y noticias\" \/>\n\t\t<meta property=\"og:type\" content=\"article\" \/>\n\t\t<meta property=\"og:title\" content=\"El Paquete clim\u00e1tico alem\u00e1n afectar\u00e1 a los hogares con bajos ingresos | El Digital de Asturias\" \/>\n\t\t<meta property=\"og:description\" content=\"Berl\u00edn, 17 oct (dpa) - El paquete de medidas impulsado por Alemania para la protecci\u00f3n clima afecta sobre todo a los hogares con bajos ingresos, seg\u00fan el resultado de un estudio presentado hoy por el Instituto Alem\u00e1n de Investigaci\u00f3n Econ\u00f3mica (DIW). El informe indica que el precio del di\u00f3xido de carbono (CO2) previsto en el\" \/>\n\t\t<meta property=\"og:url\" content=\"https:\/\/eldigitaldeasturias.com\/radio\/el-paquete-climatico-aleman-afectara-a-los-hogares-con-bajos-ingresos\/\" \/>\n\t\t<meta property=\"og:image\" content=\"https:\/\/eldigitaldeasturias.com\/radio\/wp-content\/uploads\/2018\/10\/berlin-76509_960_720.jpg\" \/>\n\t\t<meta property=\"og:image:secure_url\" content=\"https:\/\/eldigitaldeasturias.com\/radio\/wp-content\/uploads\/2018\/10\/berlin-76509_960_720.jpg\" \/>\n\t\t<meta property=\"og:image:width\" content=\"960\" \/>\n\t\t<meta property=\"og:image:height\" content=\"720\" \/>\n\t\t<meta property=\"article:published_time\" content=\"2019-10-19T02:50:36+00:00\" \/>\n\t\t<meta property=\"article:modified_time\" content=\"2019-10-19T02:50:36+00:00\" \/>\n\t\t<meta name=\"twitter:card\" content=\"summary_large_image\" \/>\n\t\t<meta name=\"twitter:site\" content=\"@bercodi\" \/>\n\t\t<meta name=\"twitter:title\" content=\"El Paquete clim\u00e1tico alem\u00e1n afectar\u00e1 a los hogares con bajos ingresos | El Digital de Asturias\" \/>\n\t\t<meta name=\"twitter:description\" content=\"Berl\u00edn, 17 oct (dpa) - El paquete de medidas impulsado por Alemania para la protecci\u00f3n clima afecta sobre todo a los hogares con bajos ingresos, seg\u00fan el resultado de un estudio presentado hoy por el Instituto Alem\u00e1n de Investigaci\u00f3n Econ\u00f3mica (DIW). El informe indica que el precio del di\u00f3xido de carbono (CO2) previsto en el\" \/>\n\t\t<meta name=\"twitter:creator\" content=\"@bercodi\" \/>\n\t\t<meta name=\"twitter:image\" content=\"https:\/\/eldigitaldeasturias.com\/radio\/wp-content\/uploads\/2018\/10\/berlin-76509_960_720.jpg\" \/>\n\t\t<script type=\"application\/ld+json\" class=\"aioseo-schema\">\n\t\t\t{\"@context\":\"https:\\\/\\\/schema.org\",\"@graph\":[{\"@type\":\"BreadcrumbList\",\"@id\":\"https:\\\/\\\/eldigitaldeasturias.com\\\/radio\\\/el-paquete-climatico-aleman-afectara-a-los-hogares-con-bajos-ingresos\\\/#breadcrumblist\",\"itemListElement\":[{\"@type\":\"ListItem\",\"@id\":\"https:\\\/\\\/eldigitaldeasturias.com\\\/radio#listItem\",\"position\":1,\"name\":\"Inicio\",\"item\":\"https:\\\/\\\/eldigitaldeasturias.com\\\/radio\",\"nextItem\":{\"@type\":\"ListItem\",\"@id\":\"https:\\\/\\\/eldigitaldeasturias.com\\\/radio\\\/category\\\/noticias\\\/#listItem\",\"name\":\"Noticias\"}},{\"@type\":\"ListItem\",\"@id\":\"https:\\\/\\\/eldigitaldeasturias.com\\\/radio\\\/category\\\/noticias\\\/#listItem\",\"position\":2,\"name\":\"Noticias\",\"item\":\"https:\\\/\\\/eldigitaldeasturias.com\\\/radio\\\/category\\\/noticias\\\/\",\"nextItem\":{\"@type\":\"ListItem\",\"@id\":\"https:\\\/\\\/eldigitaldeasturias.com\\\/radio\\\/el-paquete-climatico-aleman-afectara-a-los-hogares-con-bajos-ingresos\\\/#listItem\",\"name\":\"El Paquete clim\\u00e1tico alem\\u00e1n afectar\\u00e1 a los hogares con bajos ingresos\"},\"previousItem\":{\"@type\":\"ListItem\",\"@id\":\"https:\\\/\\\/eldigitaldeasturias.com\\\/radio#listItem\",\"name\":\"Inicio\"}},{\"@type\":\"ListItem\",\"@id\":\"https:\\\/\\\/eldigitaldeasturias.com\\\/radio\\\/el-paquete-climatico-aleman-afectara-a-los-hogares-con-bajos-ingresos\\\/#listItem\",\"position\":3,\"name\":\"El Paquete clim\\u00e1tico alem\\u00e1n afectar\\u00e1 a los hogares con bajos ingresos\",\"previousItem\":{\"@type\":\"ListItem\",\"@id\":\"https:\\\/\\\/eldigitaldeasturias.com\\\/radio\\\/category\\\/noticias\\\/#listItem\",\"name\":\"Noticias\"}}]},{\"@type\":\"NewsArticle\",\"@id\":\"https:\\\/\\\/eldigitaldeasturias.com\\\/radio\\\/el-paquete-climatico-aleman-afectara-a-los-hogares-con-bajos-ingresos\\\/#newsarticle\",\"name\":\"El Paquete clim\\u00e1tico alem\\u00e1n afectar\\u00e1 a los hogares con bajos ingresos | El Digital de Asturias\",\"headline\":\"El Paquete clim\\u00e1tico alem\\u00e1n afectar\\u00e1 a los hogares con bajos ingresos\",\"author\":{\"@id\":\"https:\\\/\\\/eldigitaldeasturias.com\\\/radio\\\/author\\\/nbasturias\\\/#author\"},\"publisher\":{\"@id\":\"https:\\\/\\\/eldigitaldeasturias.com\\\/radio\\\/#organization\"},\"image\":{\"@type\":\"ImageObject\",\"url\":\"https:\\\/\\\/eldigitaldeasturias.com\\\/radio\\\/wp-content\\\/uploads\\\/2018\\\/10\\\/berlin-76509_960_720.jpg\",\"width\":960,\"height\":720},\"datePublished\":\"2019-10-19T02:50:36+02:00\",\"dateModified\":\"2019-10-19T02:50:36+02:00\",\"inLanguage\":\"es-ES\",\"mainEntityOfPage\":{\"@id\":\"https:\\\/\\\/eldigitaldeasturias.com\\\/radio\\\/el-paquete-climatico-aleman-afectara-a-los-hogares-con-bajos-ingresos\\\/#webpage\"},\"isPartOf\":{\"@id\":\"https:\\\/\\\/eldigitaldeasturias.com\\\/radio\\\/el-paquete-climatico-aleman-afectara-a-los-hogares-con-bajos-ingresos\\\/#webpage\"},\"articleSection\":\"Noticias\",\"dateline\":\"Publicado el octubre 19, 2019.\"},{\"@type\":\"Organization\",\"@id\":\"https:\\\/\\\/eldigitaldeasturias.com\\\/radio\\\/#organization\",\"name\":\"El digital de Asturias Radio\",\"description\":\"Diario de informaci\\u00f3n y noticias\",\"url\":\"https:\\\/\\\/eldigitaldeasturias.com\\\/radio\\\/\",\"telephone\":\"+34652131393\",\"logo\":{\"@type\":\"ImageObject\",\"url\":\"https:\\\/\\\/www.eldigitaldeasturias.com\\\/radio\\\/wp-content\\\/uploads\\\/2021\\\/03\\\/EDA.jpg\",\"@id\":\"https:\\\/\\\/eldigitaldeasturias.com\\\/radio\\\/el-paquete-climatico-aleman-afectara-a-los-hogares-con-bajos-ingresos\\\/#organizationLogo\"},\"image\":{\"@id\":\"https:\\\/\\\/eldigitaldeasturias.com\\\/radio\\\/el-paquete-climatico-aleman-afectara-a-los-hogares-con-bajos-ingresos\\\/#organizationLogo\"},\"sameAs\":[\"https:\\\/\\\/www.facebook.com\\\/\",\"https:\\\/\\\/x.com\\\/bercodi\",\"https:\\\/\\\/www.instagram.com\\\/\",\"https:\\\/\\\/www.youtube.com\\\/channel\\\/UCZP-2wLEB9Rv6erhFmqVnvg\"]},{\"@type\":\"Person\",\"@id\":\"https:\\\/\\\/eldigitaldeasturias.com\\\/radio\\\/author\\\/nbasturias\\\/#author\",\"url\":\"https:\\\/\\\/eldigitaldeasturias.com\\\/radio\\\/author\\\/nbasturias\\\/\",\"name\":\"NBAsturias\",\"image\":{\"@type\":\"ImageObject\",\"@id\":\"https:\\\/\\\/eldigitaldeasturias.com\\\/radio\\\/el-paquete-climatico-aleman-afectara-a-los-hogares-con-bajos-ingresos\\\/#authorImage\",\"url\":\"https:\\\/\\\/secure.gravatar.com\\\/avatar\\\/df2aeffc32bcd13f8d26072ef8a91b623d677766deac7f97ca815868cd41bf5e?s=96&d=mm&r=g\",\"width\":96,\"height\":96,\"caption\":\"NBAsturias\"}},{\"@type\":\"WebPage\",\"@id\":\"https:\\\/\\\/eldigitaldeasturias.com\\\/radio\\\/el-paquete-climatico-aleman-afectara-a-los-hogares-con-bajos-ingresos\\\/#webpage\",\"url\":\"https:\\\/\\\/eldigitaldeasturias.com\\\/radio\\\/el-paquete-climatico-aleman-afectara-a-los-hogares-con-bajos-ingresos\\\/\",\"name\":\"El Paquete clim\\u00e1tico alem\\u00e1n afectar\\u00e1 a los hogares con bajos ingresos | El Digital de Asturias\",\"description\":\"Berl\\u00edn, 17 oct (dpa) - El paquete de medidas impulsado por Alemania para la protecci\\u00f3n clima afecta sobre todo a los hogares con bajos ingresos, seg\\u00fan el resultado de un estudio presentado hoy por el Instituto Alem\\u00e1n de Investigaci\\u00f3n Econ\\u00f3mica (DIW). El informe indica que el precio del di\\u00f3xido de carbono (CO2) previsto en el\",\"inLanguage\":\"es-ES\",\"isPartOf\":{\"@id\":\"https:\\\/\\\/eldigitaldeasturias.com\\\/radio\\\/#website\"},\"breadcrumb\":{\"@id\":\"https:\\\/\\\/eldigitaldeasturias.com\\\/radio\\\/el-paquete-climatico-aleman-afectara-a-los-hogares-con-bajos-ingresos\\\/#breadcrumblist\"},\"author\":{\"@id\":\"https:\\\/\\\/eldigitaldeasturias.com\\\/radio\\\/author\\\/nbasturias\\\/#author\"},\"creator\":{\"@id\":\"https:\\\/\\\/eldigitaldeasturias.com\\\/radio\\\/author\\\/nbasturias\\\/#author\"},\"image\":{\"@type\":\"ImageObject\",\"url\":\"https:\\\/\\\/eldigitaldeasturias.com\\\/radio\\\/wp-content\\\/uploads\\\/2018\\\/10\\\/berlin-76509_960_720.jpg\",\"@id\":\"https:\\\/\\\/eldigitaldeasturias.com\\\/radio\\\/el-paquete-climatico-aleman-afectara-a-los-hogares-con-bajos-ingresos\\\/#mainImage\",\"width\":960,\"height\":720},\"primaryImageOfPage\":{\"@id\":\"https:\\\/\\\/eldigitaldeasturias.com\\\/radio\\\/el-paquete-climatico-aleman-afectara-a-los-hogares-con-bajos-ingresos\\\/#mainImage\"},\"datePublished\":\"2019-10-19T02:50:36+02:00\",\"dateModified\":\"2019-10-19T02:50:36+02:00\"},{\"@type\":\"WebSite\",\"@id\":\"https:\\\/\\\/eldigitaldeasturias.com\\\/radio\\\/#website\",\"url\":\"https:\\\/\\\/eldigitaldeasturias.com\\\/radio\\\/\",\"name\":\"El Digital de Asturias\",\"description\":\"Diario de informaci\\u00f3n y noticias\",\"inLanguage\":\"es-ES\",\"publisher\":{\"@id\":\"https:\\\/\\\/eldigitaldeasturias.com\\\/radio\\\/#organization\"}}]}\n\t\t<\/script>\n\t\t<!-- All in One SEO Pro -->\r\n\t\t<title>El Paquete clim\u00e1tico alem\u00e1n afectar\u00e1 a los hogares con bajos ingresos | El Digital de Asturias<\/title>\n\n","aioseo_head_json":{"title":"El Paquete clim\u00e1tico alem\u00e1n afectar\u00e1 a los hogares con bajos ingresos | El Digital de Asturias","description":"Berl\u00edn, 17 oct (dpa) - El paquete de medidas impulsado por Alemania para la protecci\u00f3n clima afecta sobre todo a los hogares con bajos ingresos, seg\u00fan el resultado de un estudio presentado hoy por el Instituto Alem\u00e1n de Investigaci\u00f3n Econ\u00f3mica (DIW). El informe indica que el precio del di\u00f3xido de carbono (CO2) previsto en el","canonical_url":"https:\/\/eldigitaldeasturias.com\/radio\/el-paquete-climatico-aleman-afectara-a-los-hogares-con-bajos-ingresos\/","robots":"max-image-preview:large","keywords":"noticias","webmasterTools":{"google-site-verification":"UA-38556648-1","miscellaneous":""},"schema":{"@context":"https:\/\/schema.org","@graph":[{"@type":"BreadcrumbList","@id":"https:\/\/eldigitaldeasturias.com\/radio\/el-paquete-climatico-aleman-afectara-a-los-hogares-con-bajos-ingresos\/#breadcrumblist","itemListElement":[{"@type":"ListItem","@id":"https:\/\/eldigitaldeasturias.com\/radio#listItem","position":1,"name":"Inicio","item":"https:\/\/eldigitaldeasturias.com\/radio","nextItem":{"@type":"ListItem","@id":"https:\/\/eldigitaldeasturias.com\/radio\/category\/noticias\/#listItem","name":"Noticias"}},{"@type":"ListItem","@id":"https:\/\/eldigitaldeasturias.com\/radio\/category\/noticias\/#listItem","position":2,"name":"Noticias","item":"https:\/\/eldigitaldeasturias.com\/radio\/category\/noticias\/","nextItem":{"@type":"ListItem","@id":"https:\/\/eldigitaldeasturias.com\/radio\/el-paquete-climatico-aleman-afectara-a-los-hogares-con-bajos-ingresos\/#listItem","name":"El Paquete clim\u00e1tico alem\u00e1n afectar\u00e1 a los hogares con bajos ingresos"},"previousItem":{"@type":"ListItem","@id":"https:\/\/eldigitaldeasturias.com\/radio#listItem","name":"Inicio"}},{"@type":"ListItem","@id":"https:\/\/eldigitaldeasturias.com\/radio\/el-paquete-climatico-aleman-afectara-a-los-hogares-con-bajos-ingresos\/#listItem","position":3,"name":"El Paquete clim\u00e1tico alem\u00e1n afectar\u00e1 a los hogares con bajos ingresos","previousItem":{"@type":"ListItem","@id":"https:\/\/eldigitaldeasturias.com\/radio\/category\/noticias\/#listItem","name":"Noticias"}}]},{"@type":"NewsArticle","@id":"https:\/\/eldigitaldeasturias.com\/radio\/el-paquete-climatico-aleman-afectara-a-los-hogares-con-bajos-ingresos\/#newsarticle","name":"El Paquete clim\u00e1tico alem\u00e1n afectar\u00e1 a los hogares con bajos ingresos | El Digital de Asturias","headline":"El Paquete clim\u00e1tico alem\u00e1n afectar\u00e1 a los hogares con bajos ingresos","author":{"@id":"https:\/\/eldigitaldeasturias.com\/radio\/author\/nbasturias\/#author"},"publisher":{"@id":"https:\/\/eldigitaldeasturias.com\/radio\/#organization"},"image":{"@type":"ImageObject","url":"https:\/\/eldigitaldeasturias.com\/radio\/wp-content\/uploads\/2018\/10\/berlin-76509_960_720.jpg","width":960,"height":720},"datePublished":"2019-10-19T02:50:36+02:00","dateModified":"2019-10-19T02:50:36+02:00","inLanguage":"es-ES","mainEntityOfPage":{"@id":"https:\/\/eldigitaldeasturias.com\/radio\/el-paquete-climatico-aleman-afectara-a-los-hogares-con-bajos-ingresos\/#webpage"},"isPartOf":{"@id":"https:\/\/eldigitaldeasturias.com\/radio\/el-paquete-climatico-aleman-afectara-a-los-hogares-con-bajos-ingresos\/#webpage"},"articleSection":"Noticias","dateline":"Publicado el octubre 19, 2019."},{"@type":"Organization","@id":"https:\/\/eldigitaldeasturias.com\/radio\/#organization","name":"El digital de Asturias Radio","description":"Diario de informaci\u00f3n y noticias","url":"https:\/\/eldigitaldeasturias.com\/radio\/","telephone":"+34652131393","logo":{"@type":"ImageObject","url":"https:\/\/www.eldigitaldeasturias.com\/radio\/wp-content\/uploads\/2021\/03\/EDA.jpg","@id":"https:\/\/eldigitaldeasturias.com\/radio\/el-paquete-climatico-aleman-afectara-a-los-hogares-con-bajos-ingresos\/#organizationLogo"},"image":{"@id":"https:\/\/eldigitaldeasturias.com\/radio\/el-paquete-climatico-aleman-afectara-a-los-hogares-con-bajos-ingresos\/#organizationLogo"},"sameAs":["https:\/\/www.facebook.com\/","https:\/\/x.com\/bercodi","https:\/\/www.instagram.com\/","https:\/\/www.youtube.com\/channel\/UCZP-2wLEB9Rv6erhFmqVnvg"]},{"@type":"Person","@id":"https:\/\/eldigitaldeasturias.com\/radio\/author\/nbasturias\/#author","url":"https:\/\/eldigitaldeasturias.com\/radio\/author\/nbasturias\/","name":"NBAsturias","image":{"@type":"ImageObject","@id":"https:\/\/eldigitaldeasturias.com\/radio\/el-paquete-climatico-aleman-afectara-a-los-hogares-con-bajos-ingresos\/#authorImage","url":"https:\/\/secure.gravatar.com\/avatar\/df2aeffc32bcd13f8d26072ef8a91b623d677766deac7f97ca815868cd41bf5e?s=96&d=mm&r=g","width":96,"height":96,"caption":"NBAsturias"}},{"@type":"WebPage","@id":"https:\/\/eldigitaldeasturias.com\/radio\/el-paquete-climatico-aleman-afectara-a-los-hogares-con-bajos-ingresos\/#webpage","url":"https:\/\/eldigitaldeasturias.com\/radio\/el-paquete-climatico-aleman-afectara-a-los-hogares-con-bajos-ingresos\/","name":"El Paquete clim\u00e1tico alem\u00e1n afectar\u00e1 a los hogares con bajos ingresos | El Digital de Asturias","description":"Berl\u00edn, 17 oct (dpa) - El paquete de medidas impulsado por Alemania para la protecci\u00f3n clima afecta sobre todo a los hogares con bajos ingresos, seg\u00fan el resultado de un estudio presentado hoy por el Instituto Alem\u00e1n de Investigaci\u00f3n Econ\u00f3mica (DIW). El informe indica que el precio del di\u00f3xido de carbono (CO2) previsto en el","inLanguage":"es-ES","isPartOf":{"@id":"https:\/\/eldigitaldeasturias.com\/radio\/#website"},"breadcrumb":{"@id":"https:\/\/eldigitaldeasturias.com\/radio\/el-paquete-climatico-aleman-afectara-a-los-hogares-con-bajos-ingresos\/#breadcrumblist"},"author":{"@id":"https:\/\/eldigitaldeasturias.com\/radio\/author\/nbasturias\/#author"},"creator":{"@id":"https:\/\/eldigitaldeasturias.com\/radio\/author\/nbasturias\/#author"},"image":{"@type":"ImageObject","url":"https:\/\/eldigitaldeasturias.com\/radio\/wp-content\/uploads\/2018\/10\/berlin-76509_960_720.jpg","@id":"https:\/\/eldigitaldeasturias.com\/radio\/el-paquete-climatico-aleman-afectara-a-los-hogares-con-bajos-ingresos\/#mainImage","width":960,"height":720},"primaryImageOfPage":{"@id":"https:\/\/eldigitaldeasturias.com\/radio\/el-paquete-climatico-aleman-afectara-a-los-hogares-con-bajos-ingresos\/#mainImage"},"datePublished":"2019-10-19T02:50:36+02:00","dateModified":"2019-10-19T02:50:36+02:00"},{"@type":"WebSite","@id":"https:\/\/eldigitaldeasturias.com\/radio\/#website","url":"https:\/\/eldigitaldeasturias.com\/radio\/","name":"El Digital de Asturias","description":"Diario de informaci\u00f3n y noticias","inLanguage":"es-ES","publisher":{"@id":"https:\/\/eldigitaldeasturias.com\/radio\/#organization"}}]},"og:locale":"es_ES","og:site_name":"El Digital de Asturias | Diario de informaci\u00f3n y noticias","og:type":"article","og:title":"El Paquete clim\u00e1tico alem\u00e1n afectar\u00e1 a los hogares con bajos ingresos | El Digital de Asturias","og:description":"Berl\u00edn, 17 oct (dpa) - El paquete de medidas impulsado por Alemania para la protecci\u00f3n clima afecta sobre todo a los hogares con bajos ingresos, seg\u00fan el resultado de un estudio presentado hoy por el Instituto Alem\u00e1n de Investigaci\u00f3n Econ\u00f3mica (DIW). El informe indica que el precio del di\u00f3xido de carbono (CO2) previsto en el","og:url":"https:\/\/eldigitaldeasturias.com\/radio\/el-paquete-climatico-aleman-afectara-a-los-hogares-con-bajos-ingresos\/","og:image":"https:\/\/eldigitaldeasturias.com\/radio\/wp-content\/uploads\/2018\/10\/berlin-76509_960_720.jpg","og:image:secure_url":"https:\/\/eldigitaldeasturias.com\/radio\/wp-content\/uploads\/2018\/10\/berlin-76509_960_720.jpg","og:image:width":960,"og:image:height":720,"article:published_time":"2019-10-19T02:50:36+00:00","article:modified_time":"2019-10-19T02:50:36+00:00","twitter:card":"summary_large_image","twitter:site":"@bercodi","twitter:title":"El Paquete clim\u00e1tico alem\u00e1n afectar\u00e1 a los hogares con bajos ingresos | El Digital de Asturias","twitter:description":"Berl\u00edn, 17 oct (dpa) - El paquete de medidas impulsado por Alemania para la protecci\u00f3n clima afecta sobre todo a los hogares con bajos ingresos, seg\u00fan el resultado de un estudio presentado hoy por el Instituto Alem\u00e1n de Investigaci\u00f3n Econ\u00f3mica (DIW). El informe indica que el precio del di\u00f3xido de carbono (CO2) previsto en el","twitter:creator":"@bercodi","twitter:image":"https:\/\/eldigitaldeasturias.com\/radio\/wp-content\/uploads\/2018\/10\/berlin-76509_960_720.jpg"},"aioseo_meta_data":{"post_id":"3269","title":null,"description":null,"keywords":null,"keyphrases":null,"primary_term":null,"canonical_url":null,"og_title":null,"og_description":null,"og_object_type":"default","og_image_type":"default","og_image_url":null,"og_image_width":null,"og_image_height":null,"og_image_custom_url":null,"og_image_custom_fields":null,"og_video":null,"og_custom_url":null,"og_article_section":null,"og_article_tags":null,"twitter_use_og":false,"twitter_card":"default","twitter_image_type":"default","twitter_image_url":null,"twitter_image_custom_url":null,"twitter_image_custom_fields":null,"twitter_title":null,"twitter_description":null,"schema":{"blockGraphs":[],"customGraphs":[],"default":{"data":{"Article":[],"Course":[],"Dataset":[],"FAQPage":[],"Movie":[],"Person":[],"Product":[],"ProductReview":[],"Car":[],"Recipe":[],"Service":[],"SoftwareApplication":[],"WebPage":[]},"graphName":"","isEnabled":true},"graphs":[],"defaultGraph":"","defaultPostTypeGraph":""},"schema_type":null,"schema_type_options":null,"pillar_content":false,"robots_default":true,"robots_noindex":false,"robots_noarchive":false,"robots_nosnippet":false,"robots_nofollow":false,"robots_noimageindex":false,"robots_noodp":false,"robots_notranslate":false,"robots_max_snippet":null,"robots_max_videopreview":null,"robots_max_imagepreview":"large","priority":null,"frequency":null,"location":null,"local_seo":null,"seo_analyzer_scan_date":"2025-08-28 13:55:19","breadcrumb_settings":null,"limit_modified_date":false,"open_ai":null,"ai":null,"created":"2021-03-26 22:16:21","updated":"2025-08-28 13:55:19"},"aioseo_breadcrumb":"<div class=\"aioseo-breadcrumbs\"><span class=\"aioseo-breadcrumb\">\n\t<a href=\"https:\/\/eldigitaldeasturias.com\/radio\" title=\"Inicio\">Inicio<\/a>\n<\/span><span class=\"aioseo-breadcrumb-separator\">&ndash;<\/span><span class=\"aioseo-breadcrumb\">\n\t<a href=\"https:\/\/eldigitaldeasturias.com\/radio\/category\/noticias\/\" title=\"Noticias\">Noticias<\/a>\n<\/span><span class=\"aioseo-breadcrumb-separator\">&ndash;<\/span><span class=\"aioseo-breadcrumb\">\n\tEl Paquete clim\u00e1tico alem\u00e1n afectar\u00e1 a los hogares con bajos ingresos\n<\/span><\/div>","aioseo_breadcrumb_json":[{"label":"Inicio","link":"https:\/\/eldigitaldeasturias.com\/radio"},{"label":"Noticias","link":"https:\/\/eldigitaldeasturias.com\/radio\/category\/noticias\/"},{"label":"El Paquete clim\u00e1tico alem\u00e1n afectar\u00e1 a los hogares con bajos ingresos","link":"https:\/\/eldigitaldeasturias.com\/radio\/el-paquete-climatico-aleman-afectara-a-los-hogares-con-bajos-ingresos\/"}],"_links":{"self":[{"href":"https:\/\/eldigitaldeasturias.com\/radio\/wp-json\/wp\/v2\/posts\/3269","targetHints":{"allow":["GET"]}}],"collection":[{"href":"https:\/\/eldigitaldeasturias.com\/radio\/wp-json\/wp\/v2\/posts"}],"about":[{"href":"https:\/\/eldigitaldeasturias.com\/radio\/wp-json\/wp\/v2\/types\/post"}],"author":[{"embeddable":true,"href":"https:\/\/eldigitaldeasturias.com\/radio\/wp-json\/wp\/v2\/users\/1"}],"replies":[{"embeddable":true,"href":"https:\/\/eldigitaldeasturias.com\/radio\/wp-json\/wp\/v2\/comments?post=3269"}],"version-history":[{"count":0,"href":"https:\/\/eldigitaldeasturias.com\/radio\/wp-json\/wp\/v2\/posts\/3269\/revisions"}],"wp:featuredmedia":[{"embeddable":true,"href":"https:\/\/eldigitaldeasturias.com\/radio\/wp-json\/wp\/v2\/media\/1439"}],"wp:attachment":[{"href":"https:\/\/eldigitaldeasturias.com\/radio\/wp-json\/wp\/v2\/media?parent=3269"}],"wp:term":[{"taxonomy":"category","embeddable":true,"href":"https:\/\/eldigitaldeasturias.com\/radio\/wp-json\/wp\/v2\/categories?post=3269"},{"taxonomy":"post_tag","embeddable":true,"href":"https:\/\/eldigitaldeasturias.com\/radio\/wp-json\/wp\/v2\/tags?post=3269"}],"curies":[{"name":"wp","href":"https:\/\/api.w.org\/{rel}","templated":true}]}}