{"id":3263,"date":"2019-10-19T02:47:08","date_gmt":"2019-10-19T02:47:08","guid":{"rendered":"http:\/\/eldigitaldeasturias.com\/radio\/?p=3263"},"modified":"2019-10-19T02:47:08","modified_gmt":"2019-10-19T02:47:08","slug":"denuncian-a-tuv-sud-por-tragedia-minera-en-brasil","status":"publish","type":"post","link":"https:\/\/eldigitaldeasturias.com\/radio\/denuncian-a-tuv-sud-por-tragedia-minera-en-brasil\/","title":{"rendered":"Denuncian a T\u00dcV S\u00fcd por tragedia minera en Brasil"},"content":{"rendered":"<p><img fetchpriority=\"high\" decoding=\"async\" class=\"alignleft size-medium wp-image-242\" src=\"https:\/\/eldigitaldeasturias.com\/radio\/wp-content\/uploads\/2018\/03\/technology-785742_1280-360x240.jpg\" alt=\"\" width=\"360\" height=\"240\" srcset=\"https:\/\/eldigitaldeasturias.com\/radio\/wp-content\/uploads\/2018\/03\/technology-785742_1280-360x240.jpg 360w, https:\/\/eldigitaldeasturias.com\/radio\/wp-content\/uploads\/2018\/03\/technology-785742_1280-1024x682.jpg 1024w, https:\/\/eldigitaldeasturias.com\/radio\/wp-content\/uploads\/2018\/03\/technology-785742_1280-768x512.jpg 768w, https:\/\/eldigitaldeasturias.com\/radio\/wp-content\/uploads\/2018\/03\/technology-785742_1280.jpg 1280w\" sizes=\"(max-width: 360px) 100vw, 360px\" \/>M\u00fanich, 17 oct (dpa) &#8211; Cinco familiares de v\u00edctimas de la devastadora rotura de la presa de una mina de hierro en Brasil presentaron una denuncia contra la auditora alemana T\u00dcV S\u00fcd y uno de sus gerentes en Alemania, confirm\u00f3 hoy la Fiscal\u00eda de M\u00fanich.<\/p>\n<p>La Fiscal\u00eda comunic\u00f3 que hab\u00eda recibido denuncias contra un acusado alem\u00e1n y un abogado, as\u00ed como contra la empresa de servicios de inspecci\u00f3n t\u00e9cnica T\u00dcV S\u00fcd.<\/p>\n<p>Al menos 240 personas perdieron la vida al romperse el 25 de enero una presa de residuos minerales de una mina de la empresa brasile\u00f1a Vale en las inmediaciones de la localidad de Brumadinho. La mina hab\u00eda sido inspeccionada cuatro meses antes por una subsidiaria de T\u00dcV S\u00fcd, que certific\u00f3 que el dique era seguro.<\/p>\n<p>T\u00dcV S\u00fcd confirm\u00f3 la recepci\u00f3n de la denuncia contra los empleados y enfatiz\u00f3: \u00abSeguimos muy interesados en aclarar las causas del accidente y seguimos ofreciendo nuestra cooperaci\u00f3n a las autoridades e instituciones de Brasil y Alemania como parte de las investigaciones en curso\u00bb.<\/p>\n<p>El alem\u00e1n fue acusado de \u00absoborno en las transacciones comerciales por omisi\u00f3n, de causar negligentemente una inundaci\u00f3n en el delito secundario por omisi\u00f3n y de matar por negligencia en el delito secundario por omisi\u00f3n\u00bb, declar\u00f3 el Ministerio P\u00fablico y agreg\u00f3 que llevar\u00e1 alg\u00fan tiempo examinar la denuncia.<\/p>\n<p>La obra episcopal de la iglesia cat\u00f3lica alemana Misereor y el Centro Europeo de Derechos Constitucionales y Humanos (ECCHR) apoyan a los familiares y supervivientes en las acciones legales.<\/p>\n<p>En un comunicado publicado hoy por Misereor, Marcela Nayara Rodrigues, una de las cinco denunciantes, plante\u00f3 graves acusaciones: \u00abLa rotura de la presa no fue un accidente, sino un crimen. T\u00dcV S\u00fcd sab\u00eda que la presa representaba un riesgo para la seguridad, pero se emiti\u00f3 el certificado de estabilidad\u00bb.<\/p>\n<p>\u00abPara m\u00ed, el informe es un asunto personal: porque mi padre muri\u00f3 en la ruptura de la presa y porque el corrupto negocio de la seguridad tiene que cambiar, porque est\u00e1 destruyendo nuestras vidas y nuestro planeta\u00bb, explic\u00f3.<\/p>\n","protected":false},"excerpt":{"rendered":"<p>M\u00fanich, 17 oct (dpa) &#8211; Cinco familiares de v\u00edctimas de la devastadora rotura de la presa de una mina de hierro en Brasil presentaron una denuncia contra la auditora alemana T\u00dcV S\u00fcd y uno de sus gerentes en Alemania, confirm\u00f3 hoy la Fiscal\u00eda de M\u00fanich. La Fiscal\u00eda comunic\u00f3 que hab\u00eda recibido denuncias contra un acusado<\/p>\n","protected":false},"author":1,"featured_media":1352,"comment_status":"closed","ping_status":"closed","sticky":false,"template":"","format":"standard","meta":{"footnotes":""},"categories":[1],"tags":[],"class_list":{"0":"post-3263","1":"post","2":"type-post","3":"status-publish","4":"format-standard","5":"has-post-thumbnail","7":"category-noticias"},"aioseo_notices":[],"aioseo_head":"\n\t\t<!-- All in One SEO Pro 4.9.6.2 - aioseo.com -->\n\t<meta name=\"description\" content=\"M\u00fanich, 17 oct (dpa) - Cinco familiares de v\u00edctimas de la devastadora rotura de la presa de una mina de hierro en Brasil presentaron una denuncia contra la auditora alemana T\u00dcV S\u00fcd y uno de sus gerentes en Alemania, confirm\u00f3 hoy la Fiscal\u00eda de M\u00fanich. La Fiscal\u00eda comunic\u00f3 que hab\u00eda recibido denuncias contra un acusado\" \/>\n\t<meta name=\"robots\" content=\"max-image-preview:large\" \/>\n\t<meta name=\"author\" content=\"NBAsturias\"\/>\n\t<meta name=\"google-site-verification\" content=\"UA-38556648-1\" \/>\n\t<meta name=\"keywords\" content=\"noticias\" \/>\n\t<link rel=\"canonical\" href=\"https:\/\/eldigitaldeasturias.com\/radio\/denuncian-a-tuv-sud-por-tragedia-minera-en-brasil\/\" \/>\n\t<meta name=\"generator\" content=\"All in One SEO Pro (AIOSEO) 4.9.6.2\" \/>\n\t\t<meta property=\"og:locale\" content=\"es_ES\" \/>\n\t\t<meta property=\"og:site_name\" content=\"El Digital de Asturias | Diario de informaci\u00f3n y noticias\" \/>\n\t\t<meta property=\"og:type\" content=\"article\" \/>\n\t\t<meta property=\"og:title\" content=\"Denuncian a T\u00dcV S\u00fcd por tragedia minera en Brasil | El Digital de Asturias\" \/>\n\t\t<meta property=\"og:description\" content=\"M\u00fanich, 17 oct (dpa) - Cinco familiares de v\u00edctimas de la devastadora rotura de la presa de una mina de hierro en Brasil presentaron una denuncia contra la auditora alemana T\u00dcV S\u00fcd y uno de sus gerentes en Alemania, confirm\u00f3 hoy la Fiscal\u00eda de M\u00fanich. La Fiscal\u00eda comunic\u00f3 que hab\u00eda recibido denuncias contra un acusado\" \/>\n\t\t<meta property=\"og:url\" content=\"https:\/\/eldigitaldeasturias.com\/radio\/denuncian-a-tuv-sud-por-tragedia-minera-en-brasil\/\" \/>\n\t\t<meta property=\"og:image\" content=\"https:\/\/eldigitaldeasturias.com\/radio\/wp-content\/uploads\/2018\/10\/technology-785742_960_720.jpg\" \/>\n\t\t<meta property=\"og:image:secure_url\" content=\"https:\/\/eldigitaldeasturias.com\/radio\/wp-content\/uploads\/2018\/10\/technology-785742_960_720.jpg\" \/>\n\t\t<meta property=\"og:image:width\" content=\"960\" \/>\n\t\t<meta property=\"og:image:height\" content=\"640\" \/>\n\t\t<meta property=\"article:published_time\" content=\"2019-10-19T02:47:08+00:00\" \/>\n\t\t<meta property=\"article:modified_time\" content=\"2019-10-19T02:47:08+00:00\" \/>\n\t\t<meta name=\"twitter:card\" content=\"summary_large_image\" \/>\n\t\t<meta name=\"twitter:site\" content=\"@bercodi\" \/>\n\t\t<meta name=\"twitter:title\" content=\"Denuncian a T\u00dcV S\u00fcd por tragedia minera en Brasil | El Digital de Asturias\" \/>\n\t\t<meta name=\"twitter:description\" content=\"M\u00fanich, 17 oct (dpa) - Cinco familiares de v\u00edctimas de la devastadora rotura de la presa de una mina de hierro en Brasil presentaron una denuncia contra la auditora alemana T\u00dcV S\u00fcd y uno de sus gerentes en Alemania, confirm\u00f3 hoy la Fiscal\u00eda de M\u00fanich. La Fiscal\u00eda comunic\u00f3 que hab\u00eda recibido denuncias contra un acusado\" \/>\n\t\t<meta name=\"twitter:creator\" content=\"@bercodi\" \/>\n\t\t<meta name=\"twitter:image\" content=\"https:\/\/eldigitaldeasturias.com\/radio\/wp-content\/uploads\/2018\/10\/technology-785742_960_720.jpg\" \/>\n\t\t<script type=\"application\/ld+json\" class=\"aioseo-schema\">\n\t\t\t{\"@context\":\"https:\\\/\\\/schema.org\",\"@graph\":[{\"@type\":\"BreadcrumbList\",\"@id\":\"https:\\\/\\\/eldigitaldeasturias.com\\\/radio\\\/denuncian-a-tuv-sud-por-tragedia-minera-en-brasil\\\/#breadcrumblist\",\"itemListElement\":[{\"@type\":\"ListItem\",\"@id\":\"https:\\\/\\\/eldigitaldeasturias.com\\\/radio#listItem\",\"position\":1,\"name\":\"Inicio\",\"item\":\"https:\\\/\\\/eldigitaldeasturias.com\\\/radio\",\"nextItem\":{\"@type\":\"ListItem\",\"@id\":\"https:\\\/\\\/eldigitaldeasturias.com\\\/radio\\\/category\\\/noticias\\\/#listItem\",\"name\":\"Noticias\"}},{\"@type\":\"ListItem\",\"@id\":\"https:\\\/\\\/eldigitaldeasturias.com\\\/radio\\\/category\\\/noticias\\\/#listItem\",\"position\":2,\"name\":\"Noticias\",\"item\":\"https:\\\/\\\/eldigitaldeasturias.com\\\/radio\\\/category\\\/noticias\\\/\",\"nextItem\":{\"@type\":\"ListItem\",\"@id\":\"https:\\\/\\\/eldigitaldeasturias.com\\\/radio\\\/denuncian-a-tuv-sud-por-tragedia-minera-en-brasil\\\/#listItem\",\"name\":\"Denuncian a T\\u00dcV S\\u00fcd por tragedia minera en Brasil\"},\"previousItem\":{\"@type\":\"ListItem\",\"@id\":\"https:\\\/\\\/eldigitaldeasturias.com\\\/radio#listItem\",\"name\":\"Inicio\"}},{\"@type\":\"ListItem\",\"@id\":\"https:\\\/\\\/eldigitaldeasturias.com\\\/radio\\\/denuncian-a-tuv-sud-por-tragedia-minera-en-brasil\\\/#listItem\",\"position\":3,\"name\":\"Denuncian a T\\u00dcV S\\u00fcd por tragedia minera en Brasil\",\"previousItem\":{\"@type\":\"ListItem\",\"@id\":\"https:\\\/\\\/eldigitaldeasturias.com\\\/radio\\\/category\\\/noticias\\\/#listItem\",\"name\":\"Noticias\"}}]},{\"@type\":\"NewsArticle\",\"@id\":\"https:\\\/\\\/eldigitaldeasturias.com\\\/radio\\\/denuncian-a-tuv-sud-por-tragedia-minera-en-brasil\\\/#newsarticle\",\"name\":\"Denuncian a T\\u00dcV S\\u00fcd por tragedia minera en Brasil | El Digital de Asturias\",\"headline\":\"Denuncian a T\\u00dcV S\\u00fcd por tragedia minera en Brasil\",\"author\":{\"@id\":\"https:\\\/\\\/eldigitaldeasturias.com\\\/radio\\\/author\\\/nbasturias\\\/#author\"},\"publisher\":{\"@id\":\"https:\\\/\\\/eldigitaldeasturias.com\\\/radio\\\/#organization\"},\"image\":{\"@type\":\"ImageObject\",\"url\":\"https:\\\/\\\/eldigitaldeasturias.com\\\/radio\\\/wp-content\\\/uploads\\\/2018\\\/10\\\/technology-785742_960_720.jpg\",\"width\":960,\"height\":640},\"datePublished\":\"2019-10-19T02:47:08+02:00\",\"dateModified\":\"2019-10-19T02:47:08+02:00\",\"inLanguage\":\"es-ES\",\"mainEntityOfPage\":{\"@id\":\"https:\\\/\\\/eldigitaldeasturias.com\\\/radio\\\/denuncian-a-tuv-sud-por-tragedia-minera-en-brasil\\\/#webpage\"},\"isPartOf\":{\"@id\":\"https:\\\/\\\/eldigitaldeasturias.com\\\/radio\\\/denuncian-a-tuv-sud-por-tragedia-minera-en-brasil\\\/#webpage\"},\"articleSection\":\"Noticias\",\"dateline\":\"Publicado el octubre 19, 2019.\"},{\"@type\":\"Organization\",\"@id\":\"https:\\\/\\\/eldigitaldeasturias.com\\\/radio\\\/#organization\",\"name\":\"El digital de Asturias Radio\",\"description\":\"Diario de informaci\\u00f3n y noticias\",\"url\":\"https:\\\/\\\/eldigitaldeasturias.com\\\/radio\\\/\",\"telephone\":\"+34652131393\",\"logo\":{\"@type\":\"ImageObject\",\"url\":\"https:\\\/\\\/www.eldigitaldeasturias.com\\\/radio\\\/wp-content\\\/uploads\\\/2021\\\/03\\\/EDA.jpg\",\"@id\":\"https:\\\/\\\/eldigitaldeasturias.com\\\/radio\\\/denuncian-a-tuv-sud-por-tragedia-minera-en-brasil\\\/#organizationLogo\"},\"image\":{\"@id\":\"https:\\\/\\\/eldigitaldeasturias.com\\\/radio\\\/denuncian-a-tuv-sud-por-tragedia-minera-en-brasil\\\/#organizationLogo\"},\"sameAs\":[\"https:\\\/\\\/www.facebook.com\\\/\",\"https:\\\/\\\/x.com\\\/bercodi\",\"https:\\\/\\\/www.instagram.com\\\/\",\"https:\\\/\\\/www.youtube.com\\\/channel\\\/UCZP-2wLEB9Rv6erhFmqVnvg\"]},{\"@type\":\"Person\",\"@id\":\"https:\\\/\\\/eldigitaldeasturias.com\\\/radio\\\/author\\\/nbasturias\\\/#author\",\"url\":\"https:\\\/\\\/eldigitaldeasturias.com\\\/radio\\\/author\\\/nbasturias\\\/\",\"name\":\"NBAsturias\",\"image\":{\"@type\":\"ImageObject\",\"@id\":\"https:\\\/\\\/eldigitaldeasturias.com\\\/radio\\\/denuncian-a-tuv-sud-por-tragedia-minera-en-brasil\\\/#authorImage\",\"url\":\"https:\\\/\\\/secure.gravatar.com\\\/avatar\\\/df2aeffc32bcd13f8d26072ef8a91b623d677766deac7f97ca815868cd41bf5e?s=96&d=mm&r=g\",\"width\":96,\"height\":96,\"caption\":\"NBAsturias\"}},{\"@type\":\"WebPage\",\"@id\":\"https:\\\/\\\/eldigitaldeasturias.com\\\/radio\\\/denuncian-a-tuv-sud-por-tragedia-minera-en-brasil\\\/#webpage\",\"url\":\"https:\\\/\\\/eldigitaldeasturias.com\\\/radio\\\/denuncian-a-tuv-sud-por-tragedia-minera-en-brasil\\\/\",\"name\":\"Denuncian a T\\u00dcV S\\u00fcd por tragedia minera en Brasil | El Digital de Asturias\",\"description\":\"M\\u00fanich, 17 oct (dpa) - Cinco familiares de v\\u00edctimas de la devastadora rotura de la presa de una mina de hierro en Brasil presentaron una denuncia contra la auditora alemana T\\u00dcV S\\u00fcd y uno de sus gerentes en Alemania, confirm\\u00f3 hoy la Fiscal\\u00eda de M\\u00fanich. La Fiscal\\u00eda comunic\\u00f3 que hab\\u00eda recibido denuncias contra un acusado\",\"inLanguage\":\"es-ES\",\"isPartOf\":{\"@id\":\"https:\\\/\\\/eldigitaldeasturias.com\\\/radio\\\/#website\"},\"breadcrumb\":{\"@id\":\"https:\\\/\\\/eldigitaldeasturias.com\\\/radio\\\/denuncian-a-tuv-sud-por-tragedia-minera-en-brasil\\\/#breadcrumblist\"},\"author\":{\"@id\":\"https:\\\/\\\/eldigitaldeasturias.com\\\/radio\\\/author\\\/nbasturias\\\/#author\"},\"creator\":{\"@id\":\"https:\\\/\\\/eldigitaldeasturias.com\\\/radio\\\/author\\\/nbasturias\\\/#author\"},\"image\":{\"@type\":\"ImageObject\",\"url\":\"https:\\\/\\\/eldigitaldeasturias.com\\\/radio\\\/wp-content\\\/uploads\\\/2018\\\/10\\\/technology-785742_960_720.jpg\",\"@id\":\"https:\\\/\\\/eldigitaldeasturias.com\\\/radio\\\/denuncian-a-tuv-sud-por-tragedia-minera-en-brasil\\\/#mainImage\",\"width\":960,\"height\":640},\"primaryImageOfPage\":{\"@id\":\"https:\\\/\\\/eldigitaldeasturias.com\\\/radio\\\/denuncian-a-tuv-sud-por-tragedia-minera-en-brasil\\\/#mainImage\"},\"datePublished\":\"2019-10-19T02:47:08+02:00\",\"dateModified\":\"2019-10-19T02:47:08+02:00\"},{\"@type\":\"WebSite\",\"@id\":\"https:\\\/\\\/eldigitaldeasturias.com\\\/radio\\\/#website\",\"url\":\"https:\\\/\\\/eldigitaldeasturias.com\\\/radio\\\/\",\"name\":\"El Digital de Asturias\",\"description\":\"Diario de informaci\\u00f3n y noticias\",\"inLanguage\":\"es-ES\",\"publisher\":{\"@id\":\"https:\\\/\\\/eldigitaldeasturias.com\\\/radio\\\/#organization\"}}]}\n\t\t<\/script>\n\t\t<!-- All in One SEO Pro -->\r\n\t\t<title>Denuncian a T\u00dcV S\u00fcd por tragedia minera en Brasil | El Digital de Asturias<\/title>\n\n","aioseo_head_json":{"title":"Denuncian a T\u00dcV S\u00fcd por tragedia minera en Brasil | El Digital de Asturias","description":"M\u00fanich, 17 oct (dpa) - Cinco familiares de v\u00edctimas de la devastadora rotura de la presa de una mina de hierro en Brasil presentaron una denuncia contra la auditora alemana T\u00dcV S\u00fcd y uno de sus gerentes en Alemania, confirm\u00f3 hoy la Fiscal\u00eda de M\u00fanich. La Fiscal\u00eda comunic\u00f3 que hab\u00eda recibido denuncias contra un acusado","canonical_url":"https:\/\/eldigitaldeasturias.com\/radio\/denuncian-a-tuv-sud-por-tragedia-minera-en-brasil\/","robots":"max-image-preview:large","keywords":"noticias","webmasterTools":{"google-site-verification":"UA-38556648-1","miscellaneous":""},"schema":{"@context":"https:\/\/schema.org","@graph":[{"@type":"BreadcrumbList","@id":"https:\/\/eldigitaldeasturias.com\/radio\/denuncian-a-tuv-sud-por-tragedia-minera-en-brasil\/#breadcrumblist","itemListElement":[{"@type":"ListItem","@id":"https:\/\/eldigitaldeasturias.com\/radio#listItem","position":1,"name":"Inicio","item":"https:\/\/eldigitaldeasturias.com\/radio","nextItem":{"@type":"ListItem","@id":"https:\/\/eldigitaldeasturias.com\/radio\/category\/noticias\/#listItem","name":"Noticias"}},{"@type":"ListItem","@id":"https:\/\/eldigitaldeasturias.com\/radio\/category\/noticias\/#listItem","position":2,"name":"Noticias","item":"https:\/\/eldigitaldeasturias.com\/radio\/category\/noticias\/","nextItem":{"@type":"ListItem","@id":"https:\/\/eldigitaldeasturias.com\/radio\/denuncian-a-tuv-sud-por-tragedia-minera-en-brasil\/#listItem","name":"Denuncian a T\u00dcV S\u00fcd por tragedia minera en Brasil"},"previousItem":{"@type":"ListItem","@id":"https:\/\/eldigitaldeasturias.com\/radio#listItem","name":"Inicio"}},{"@type":"ListItem","@id":"https:\/\/eldigitaldeasturias.com\/radio\/denuncian-a-tuv-sud-por-tragedia-minera-en-brasil\/#listItem","position":3,"name":"Denuncian a T\u00dcV S\u00fcd por tragedia minera en Brasil","previousItem":{"@type":"ListItem","@id":"https:\/\/eldigitaldeasturias.com\/radio\/category\/noticias\/#listItem","name":"Noticias"}}]},{"@type":"NewsArticle","@id":"https:\/\/eldigitaldeasturias.com\/radio\/denuncian-a-tuv-sud-por-tragedia-minera-en-brasil\/#newsarticle","name":"Denuncian a T\u00dcV S\u00fcd por tragedia minera en Brasil | El Digital de Asturias","headline":"Denuncian a T\u00dcV S\u00fcd por tragedia minera en Brasil","author":{"@id":"https:\/\/eldigitaldeasturias.com\/radio\/author\/nbasturias\/#author"},"publisher":{"@id":"https:\/\/eldigitaldeasturias.com\/radio\/#organization"},"image":{"@type":"ImageObject","url":"https:\/\/eldigitaldeasturias.com\/radio\/wp-content\/uploads\/2018\/10\/technology-785742_960_720.jpg","width":960,"height":640},"datePublished":"2019-10-19T02:47:08+02:00","dateModified":"2019-10-19T02:47:08+02:00","inLanguage":"es-ES","mainEntityOfPage":{"@id":"https:\/\/eldigitaldeasturias.com\/radio\/denuncian-a-tuv-sud-por-tragedia-minera-en-brasil\/#webpage"},"isPartOf":{"@id":"https:\/\/eldigitaldeasturias.com\/radio\/denuncian-a-tuv-sud-por-tragedia-minera-en-brasil\/#webpage"},"articleSection":"Noticias","dateline":"Publicado el octubre 19, 2019."},{"@type":"Organization","@id":"https:\/\/eldigitaldeasturias.com\/radio\/#organization","name":"El digital de Asturias Radio","description":"Diario de informaci\u00f3n y noticias","url":"https:\/\/eldigitaldeasturias.com\/radio\/","telephone":"+34652131393","logo":{"@type":"ImageObject","url":"https:\/\/www.eldigitaldeasturias.com\/radio\/wp-content\/uploads\/2021\/03\/EDA.jpg","@id":"https:\/\/eldigitaldeasturias.com\/radio\/denuncian-a-tuv-sud-por-tragedia-minera-en-brasil\/#organizationLogo"},"image":{"@id":"https:\/\/eldigitaldeasturias.com\/radio\/denuncian-a-tuv-sud-por-tragedia-minera-en-brasil\/#organizationLogo"},"sameAs":["https:\/\/www.facebook.com\/","https:\/\/x.com\/bercodi","https:\/\/www.instagram.com\/","https:\/\/www.youtube.com\/channel\/UCZP-2wLEB9Rv6erhFmqVnvg"]},{"@type":"Person","@id":"https:\/\/eldigitaldeasturias.com\/radio\/author\/nbasturias\/#author","url":"https:\/\/eldigitaldeasturias.com\/radio\/author\/nbasturias\/","name":"NBAsturias","image":{"@type":"ImageObject","@id":"https:\/\/eldigitaldeasturias.com\/radio\/denuncian-a-tuv-sud-por-tragedia-minera-en-brasil\/#authorImage","url":"https:\/\/secure.gravatar.com\/avatar\/df2aeffc32bcd13f8d26072ef8a91b623d677766deac7f97ca815868cd41bf5e?s=96&d=mm&r=g","width":96,"height":96,"caption":"NBAsturias"}},{"@type":"WebPage","@id":"https:\/\/eldigitaldeasturias.com\/radio\/denuncian-a-tuv-sud-por-tragedia-minera-en-brasil\/#webpage","url":"https:\/\/eldigitaldeasturias.com\/radio\/denuncian-a-tuv-sud-por-tragedia-minera-en-brasil\/","name":"Denuncian a T\u00dcV S\u00fcd por tragedia minera en Brasil | El Digital de Asturias","description":"M\u00fanich, 17 oct (dpa) - Cinco familiares de v\u00edctimas de la devastadora rotura de la presa de una mina de hierro en Brasil presentaron una denuncia contra la auditora alemana T\u00dcV S\u00fcd y uno de sus gerentes en Alemania, confirm\u00f3 hoy la Fiscal\u00eda de M\u00fanich. La Fiscal\u00eda comunic\u00f3 que hab\u00eda recibido denuncias contra un acusado","inLanguage":"es-ES","isPartOf":{"@id":"https:\/\/eldigitaldeasturias.com\/radio\/#website"},"breadcrumb":{"@id":"https:\/\/eldigitaldeasturias.com\/radio\/denuncian-a-tuv-sud-por-tragedia-minera-en-brasil\/#breadcrumblist"},"author":{"@id":"https:\/\/eldigitaldeasturias.com\/radio\/author\/nbasturias\/#author"},"creator":{"@id":"https:\/\/eldigitaldeasturias.com\/radio\/author\/nbasturias\/#author"},"image":{"@type":"ImageObject","url":"https:\/\/eldigitaldeasturias.com\/radio\/wp-content\/uploads\/2018\/10\/technology-785742_960_720.jpg","@id":"https:\/\/eldigitaldeasturias.com\/radio\/denuncian-a-tuv-sud-por-tragedia-minera-en-brasil\/#mainImage","width":960,"height":640},"primaryImageOfPage":{"@id":"https:\/\/eldigitaldeasturias.com\/radio\/denuncian-a-tuv-sud-por-tragedia-minera-en-brasil\/#mainImage"},"datePublished":"2019-10-19T02:47:08+02:00","dateModified":"2019-10-19T02:47:08+02:00"},{"@type":"WebSite","@id":"https:\/\/eldigitaldeasturias.com\/radio\/#website","url":"https:\/\/eldigitaldeasturias.com\/radio\/","name":"El Digital de Asturias","description":"Diario de informaci\u00f3n y noticias","inLanguage":"es-ES","publisher":{"@id":"https:\/\/eldigitaldeasturias.com\/radio\/#organization"}}]},"og:locale":"es_ES","og:site_name":"El Digital de Asturias | Diario de informaci\u00f3n y noticias","og:type":"article","og:title":"Denuncian a T\u00dcV S\u00fcd por tragedia minera en Brasil | El Digital de Asturias","og:description":"M\u00fanich, 17 oct (dpa) - Cinco familiares de v\u00edctimas de la devastadora rotura de la presa de una mina de hierro en Brasil presentaron una denuncia contra la auditora alemana T\u00dcV S\u00fcd y uno de sus gerentes en Alemania, confirm\u00f3 hoy la Fiscal\u00eda de M\u00fanich. La Fiscal\u00eda comunic\u00f3 que hab\u00eda recibido denuncias contra un acusado","og:url":"https:\/\/eldigitaldeasturias.com\/radio\/denuncian-a-tuv-sud-por-tragedia-minera-en-brasil\/","og:image":"https:\/\/eldigitaldeasturias.com\/radio\/wp-content\/uploads\/2018\/10\/technology-785742_960_720.jpg","og:image:secure_url":"https:\/\/eldigitaldeasturias.com\/radio\/wp-content\/uploads\/2018\/10\/technology-785742_960_720.jpg","og:image:width":960,"og:image:height":640,"article:published_time":"2019-10-19T02:47:08+00:00","article:modified_time":"2019-10-19T02:47:08+00:00","twitter:card":"summary_large_image","twitter:site":"@bercodi","twitter:title":"Denuncian a T\u00dcV S\u00fcd por tragedia minera en Brasil | El Digital de Asturias","twitter:description":"M\u00fanich, 17 oct (dpa) - Cinco familiares de v\u00edctimas de la devastadora rotura de la presa de una mina de hierro en Brasil presentaron una denuncia contra la auditora alemana T\u00dcV S\u00fcd y uno de sus gerentes en Alemania, confirm\u00f3 hoy la Fiscal\u00eda de M\u00fanich. La Fiscal\u00eda comunic\u00f3 que hab\u00eda recibido denuncias contra un acusado","twitter:creator":"@bercodi","twitter:image":"https:\/\/eldigitaldeasturias.com\/radio\/wp-content\/uploads\/2018\/10\/technology-785742_960_720.jpg"},"aioseo_meta_data":{"post_id":"3263","title":null,"description":null,"keywords":null,"keyphrases":null,"primary_term":null,"canonical_url":null,"og_title":null,"og_description":null,"og_object_type":"default","og_image_type":"default","og_image_url":null,"og_image_width":null,"og_image_height":null,"og_image_custom_url":null,"og_image_custom_fields":null,"og_video":null,"og_custom_url":null,"og_article_section":null,"og_article_tags":null,"twitter_use_og":false,"twitter_card":"default","twitter_image_type":"default","twitter_image_url":null,"twitter_image_custom_url":null,"twitter_image_custom_fields":null,"twitter_title":null,"twitter_description":null,"schema":{"blockGraphs":[],"customGraphs":[],"default":{"data":{"Article":[],"Course":[],"Dataset":[],"FAQPage":[],"Movie":[],"Person":[],"Product":[],"ProductReview":[],"Car":[],"Recipe":[],"Service":[],"SoftwareApplication":[],"WebPage":[]},"graphName":"","isEnabled":true},"graphs":[],"defaultGraph":"","defaultPostTypeGraph":""},"schema_type":null,"schema_type_options":null,"pillar_content":false,"robots_default":true,"robots_noindex":false,"robots_noarchive":false,"robots_nosnippet":false,"robots_nofollow":false,"robots_noimageindex":false,"robots_noodp":false,"robots_notranslate":false,"robots_max_snippet":null,"robots_max_videopreview":null,"robots_max_imagepreview":"large","priority":null,"frequency":null,"location":null,"local_seo":null,"seo_analyzer_scan_date":"2025-08-28 13:53:25","breadcrumb_settings":null,"limit_modified_date":false,"open_ai":null,"ai":null,"created":"2021-03-28 21:40:21","updated":"2025-08-28 13:53:25"},"aioseo_breadcrumb":"<div class=\"aioseo-breadcrumbs\"><span class=\"aioseo-breadcrumb\">\n\t<a href=\"https:\/\/eldigitaldeasturias.com\/radio\" title=\"Inicio\">Inicio<\/a>\n<\/span><span class=\"aioseo-breadcrumb-separator\">&ndash;<\/span><span class=\"aioseo-breadcrumb\">\n\t<a href=\"https:\/\/eldigitaldeasturias.com\/radio\/category\/noticias\/\" title=\"Noticias\">Noticias<\/a>\n<\/span><span class=\"aioseo-breadcrumb-separator\">&ndash;<\/span><span class=\"aioseo-breadcrumb\">\n\tDenuncian a T\u00dcV S\u00fcd por tragedia minera en Brasil\n<\/span><\/div>","aioseo_breadcrumb_json":[{"label":"Inicio","link":"https:\/\/eldigitaldeasturias.com\/radio"},{"label":"Noticias","link":"https:\/\/eldigitaldeasturias.com\/radio\/category\/noticias\/"},{"label":"Denuncian a T\u00dcV S\u00fcd por tragedia minera en Brasil","link":"https:\/\/eldigitaldeasturias.com\/radio\/denuncian-a-tuv-sud-por-tragedia-minera-en-brasil\/"}],"_links":{"self":[{"href":"https:\/\/eldigitaldeasturias.com\/radio\/wp-json\/wp\/v2\/posts\/3263","targetHints":{"allow":["GET"]}}],"collection":[{"href":"https:\/\/eldigitaldeasturias.com\/radio\/wp-json\/wp\/v2\/posts"}],"about":[{"href":"https:\/\/eldigitaldeasturias.com\/radio\/wp-json\/wp\/v2\/types\/post"}],"author":[{"embeddable":true,"href":"https:\/\/eldigitaldeasturias.com\/radio\/wp-json\/wp\/v2\/users\/1"}],"replies":[{"embeddable":true,"href":"https:\/\/eldigitaldeasturias.com\/radio\/wp-json\/wp\/v2\/comments?post=3263"}],"version-history":[{"count":0,"href":"https:\/\/eldigitaldeasturias.com\/radio\/wp-json\/wp\/v2\/posts\/3263\/revisions"}],"wp:featuredmedia":[{"embeddable":true,"href":"https:\/\/eldigitaldeasturias.com\/radio\/wp-json\/wp\/v2\/media\/1352"}],"wp:attachment":[{"href":"https:\/\/eldigitaldeasturias.com\/radio\/wp-json\/wp\/v2\/media?parent=3263"}],"wp:term":[{"taxonomy":"category","embeddable":true,"href":"https:\/\/eldigitaldeasturias.com\/radio\/wp-json\/wp\/v2\/categories?post=3263"},{"taxonomy":"post_tag","embeddable":true,"href":"https:\/\/eldigitaldeasturias.com\/radio\/wp-json\/wp\/v2\/tags?post=3263"}],"curies":[{"name":"wp","href":"https:\/\/api.w.org\/{rel}","templated":true}]}}