{"id":3260,"date":"2019-10-19T02:45:17","date_gmt":"2019-10-19T02:45:17","guid":{"rendered":"http:\/\/eldigitaldeasturias.com\/radio\/?p=3260"},"modified":"2019-10-19T02:45:17","modified_gmt":"2019-10-19T02:45:17","slug":"piden-acceso-a-datos-sobre-objetos-coloniales-de-museos-alemanes","status":"publish","type":"post","link":"https:\/\/eldigitaldeasturias.com\/radio\/piden-acceso-a-datos-sobre-objetos-coloniales-de-museos-alemanes\/","title":{"rendered":"Piden acceso a datos sobre objetos coloniales de museos alemanes"},"content":{"rendered":"<figure id=\"attachment_3261\" aria-describedby=\"caption-attachment-3261\" style=\"width: 360px\" class=\"wp-caption alignleft\"><img fetchpriority=\"high\" decoding=\"async\" class=\"size-medium wp-image-3261\" src=\"https:\/\/eldigitaldeasturias.com\/radio\/wp-content\/uploads\/2019\/10\/objetos-coloniales-museos-360x233.jpg\" alt=\"\" width=\"360\" height=\"233\" srcset=\"https:\/\/eldigitaldeasturias.com\/radio\/wp-content\/uploads\/2019\/10\/objetos-coloniales-museos-360x233.jpg 360w, https:\/\/eldigitaldeasturias.com\/radio\/wp-content\/uploads\/2019\/10\/objetos-coloniales-museos-768x497.jpg 768w, https:\/\/eldigitaldeasturias.com\/radio\/wp-content\/uploads\/2019\/10\/objetos-coloniales-museos.jpg 1016w\" sizes=\"(max-width: 360px) 100vw, 360px\" \/><figcaption id=\"caption-attachment-3261\" class=\"wp-caption-text\">Foto: Daniel Bockwoldt\/dpa<\/figcaption><\/figure>\n<p>Berl\u00edn, 17 oct (dpa) &#8211; Cient\u00edficos internacionales hicieron hoy un llamamiento a los responsables de cultura alemanes para poder acceder de \u00abde forma ilimitada e incontrolada\u00bb a los inventarios de los museos de modo de facilitar la devoluci\u00f3n de los objetos coloniales que forman parte actualmente de colecciones alemanas.<\/p>\n<p>El n\u00famero de piezas que pueden haber llegado a Alemania en la \u00e9poca colonial es inmenso. El Museo Etnol\u00f3gico de la Fundaci\u00f3n del Patrimonio Cultural Prusiano, en Berl\u00edn, alberga medio mill\u00f3n de objetos.<\/p>\n<p>El escrito, al que tuvo acceso dpa, fue firmado por la historiadora de arte francesa B\u00e9n\u00e9dicte Savoy, el historiador alem\u00e1n J\u00fcrgen Zimmerer y el economista senegal\u00e9s Felwine Sarr.<\/p>\n<p>A finales de 2018, Savoy y Sarr hab\u00edan recomendado en un sonado informe al presidente franc\u00e9s, Emmanuel Macron, que devolviera las obras de arte de la \u00e9poca colonial a sus pa\u00edses de origen en \u00c1frica.<\/p>\n<p>Los cient\u00edficos calificaron de \u00abesc\u00e1ndalo que, a pesar del continuo debate, todav\u00eda no se tenga libre acceso a las listas de los inventarios de los museos p\u00fablicos en Alemania\u00bb.<\/p>\n<p>Tambi\u00e9n recalcaron que conocer las existencias es la base de todo di\u00e1logo. \u00abCon el fin de crear transparencia, no es necesario realizar largos proyectos de preparaci\u00f3n de datos ni de digitalizaci\u00f3n\u00bb. En opini\u00f3n de los cient\u00edficos el trabajo sobre los inventarios nunca est\u00e1 terminado, por lo que \u00abno hay raz\u00f3n para esperar\u00bb.<\/p>\n<p>Alemania dio luz verde el mi\u00e9rcoles a la creaci\u00f3n de un centro de coordinaci\u00f3n para simplificar la devoluci\u00f3n de los objetos coloniales. Las personas e instituciones de los pa\u00edses de origen y de las sociedades afectadas podr\u00e1n obtener informaci\u00f3n sobre las colecciones de los contextos coloniales de Alemania.<\/p>\n<p>\u00abNumerosos museos y otra instituciones alemanas ya est\u00e1n trabajando en el inventario y la digitalizaci\u00f3n de sus colecciones y est\u00e1n poniendo a disposici\u00f3n datos que pueden incorporarse a la labor de asesoramiento y creaci\u00f3n de redes del centro de coordinaci\u00f3n\u00bb, reza un comunicado.<\/p>\n","protected":false},"excerpt":{"rendered":"<p>Berl\u00edn, 17 oct (dpa) &#8211; Cient\u00edficos internacionales hicieron hoy un llamamiento a los responsables de cultura alemanes para poder acceder de \u00abde forma ilimitada e incontrolada\u00bb a los inventarios de los museos de modo de facilitar la devoluci\u00f3n de los objetos coloniales que forman parte actualmente de colecciones alemanas. El n\u00famero de piezas que pueden<\/p>\n","protected":false},"author":1,"featured_media":3261,"comment_status":"closed","ping_status":"closed","sticky":false,"template":"","format":"standard","meta":{"footnotes":""},"categories":[1],"tags":[],"class_list":{"0":"post-3260","1":"post","2":"type-post","3":"status-publish","4":"format-standard","5":"has-post-thumbnail","7":"category-noticias"},"aioseo_notices":[],"aioseo_head":"\n\t\t<!-- All in One SEO Pro 4.9.6.2 - aioseo.com -->\n\t<meta name=\"description\" content=\"Berl\u00edn, 17 oct (dpa) - Cient\u00edficos internacionales hicieron hoy un llamamiento a los responsables de cultura alemanes para poder acceder de &quot;de forma ilimitada e incontrolada&quot; a los inventarios de los museos de modo de facilitar la devoluci\u00f3n de los objetos coloniales que forman parte actualmente de colecciones alemanas. El n\u00famero de piezas que pueden\" \/>\n\t<meta name=\"robots\" content=\"max-image-preview:large\" \/>\n\t<meta name=\"author\" content=\"NBAsturias\"\/>\n\t<meta name=\"google-site-verification\" content=\"UA-38556648-1\" \/>\n\t<meta name=\"keywords\" content=\"noticias\" \/>\n\t<link rel=\"canonical\" href=\"https:\/\/eldigitaldeasturias.com\/radio\/piden-acceso-a-datos-sobre-objetos-coloniales-de-museos-alemanes\/\" \/>\n\t<meta name=\"generator\" content=\"All in One SEO Pro (AIOSEO) 4.9.6.2\" \/>\n\t\t<meta property=\"og:locale\" content=\"es_ES\" \/>\n\t\t<meta property=\"og:site_name\" content=\"El Digital de Asturias | Diario de informaci\u00f3n y noticias\" \/>\n\t\t<meta property=\"og:type\" content=\"article\" \/>\n\t\t<meta property=\"og:title\" content=\"Piden acceso a datos sobre objetos coloniales de museos alemanes | El Digital de Asturias\" \/>\n\t\t<meta property=\"og:description\" content=\"Berl\u00edn, 17 oct (dpa) - Cient\u00edficos internacionales hicieron hoy un llamamiento a los responsables de cultura alemanes para poder acceder de &quot;de forma ilimitada e incontrolada&quot; a los inventarios de los museos de modo de facilitar la devoluci\u00f3n de los objetos coloniales que forman parte actualmente de colecciones alemanas. El n\u00famero de piezas que pueden\" \/>\n\t\t<meta property=\"og:url\" content=\"https:\/\/eldigitaldeasturias.com\/radio\/piden-acceso-a-datos-sobre-objetos-coloniales-de-museos-alemanes\/\" \/>\n\t\t<meta property=\"og:image\" content=\"https:\/\/eldigitaldeasturias.com\/radio\/wp-content\/uploads\/2019\/10\/objetos-coloniales-museos.jpg\" \/>\n\t\t<meta property=\"og:image:secure_url\" content=\"https:\/\/eldigitaldeasturias.com\/radio\/wp-content\/uploads\/2019\/10\/objetos-coloniales-museos.jpg\" \/>\n\t\t<meta property=\"og:image:width\" content=\"1016\" \/>\n\t\t<meta property=\"og:image:height\" content=\"657\" \/>\n\t\t<meta property=\"article:published_time\" content=\"2019-10-19T02:45:17+00:00\" \/>\n\t\t<meta property=\"article:modified_time\" content=\"2019-10-19T02:45:17+00:00\" \/>\n\t\t<meta name=\"twitter:card\" content=\"summary_large_image\" \/>\n\t\t<meta name=\"twitter:site\" content=\"@bercodi\" \/>\n\t\t<meta name=\"twitter:title\" content=\"Piden acceso a datos sobre objetos coloniales de museos alemanes | El Digital de Asturias\" \/>\n\t\t<meta name=\"twitter:description\" content=\"Berl\u00edn, 17 oct (dpa) - Cient\u00edficos internacionales hicieron hoy un llamamiento a los responsables de cultura alemanes para poder acceder de &quot;de forma ilimitada e incontrolada&quot; a los inventarios de los museos de modo de facilitar la devoluci\u00f3n de los objetos coloniales que forman parte actualmente de colecciones alemanas. El n\u00famero de piezas que pueden\" \/>\n\t\t<meta name=\"twitter:creator\" content=\"@bercodi\" \/>\n\t\t<meta name=\"twitter:image\" content=\"https:\/\/eldigitaldeasturias.com\/radio\/wp-content\/uploads\/2019\/10\/objetos-coloniales-museos.jpg\" \/>\n\t\t<script type=\"application\/ld+json\" class=\"aioseo-schema\">\n\t\t\t{\"@context\":\"https:\\\/\\\/schema.org\",\"@graph\":[{\"@type\":\"BreadcrumbList\",\"@id\":\"https:\\\/\\\/eldigitaldeasturias.com\\\/radio\\\/piden-acceso-a-datos-sobre-objetos-coloniales-de-museos-alemanes\\\/#breadcrumblist\",\"itemListElement\":[{\"@type\":\"ListItem\",\"@id\":\"https:\\\/\\\/eldigitaldeasturias.com\\\/radio#listItem\",\"position\":1,\"name\":\"Inicio\",\"item\":\"https:\\\/\\\/eldigitaldeasturias.com\\\/radio\",\"nextItem\":{\"@type\":\"ListItem\",\"@id\":\"https:\\\/\\\/eldigitaldeasturias.com\\\/radio\\\/category\\\/noticias\\\/#listItem\",\"name\":\"Noticias\"}},{\"@type\":\"ListItem\",\"@id\":\"https:\\\/\\\/eldigitaldeasturias.com\\\/radio\\\/category\\\/noticias\\\/#listItem\",\"position\":2,\"name\":\"Noticias\",\"item\":\"https:\\\/\\\/eldigitaldeasturias.com\\\/radio\\\/category\\\/noticias\\\/\",\"nextItem\":{\"@type\":\"ListItem\",\"@id\":\"https:\\\/\\\/eldigitaldeasturias.com\\\/radio\\\/piden-acceso-a-datos-sobre-objetos-coloniales-de-museos-alemanes\\\/#listItem\",\"name\":\"Piden acceso a datos sobre objetos coloniales de museos alemanes\"},\"previousItem\":{\"@type\":\"ListItem\",\"@id\":\"https:\\\/\\\/eldigitaldeasturias.com\\\/radio#listItem\",\"name\":\"Inicio\"}},{\"@type\":\"ListItem\",\"@id\":\"https:\\\/\\\/eldigitaldeasturias.com\\\/radio\\\/piden-acceso-a-datos-sobre-objetos-coloniales-de-museos-alemanes\\\/#listItem\",\"position\":3,\"name\":\"Piden acceso a datos sobre objetos coloniales de museos alemanes\",\"previousItem\":{\"@type\":\"ListItem\",\"@id\":\"https:\\\/\\\/eldigitaldeasturias.com\\\/radio\\\/category\\\/noticias\\\/#listItem\",\"name\":\"Noticias\"}}]},{\"@type\":\"NewsArticle\",\"@id\":\"https:\\\/\\\/eldigitaldeasturias.com\\\/radio\\\/piden-acceso-a-datos-sobre-objetos-coloniales-de-museos-alemanes\\\/#newsarticle\",\"name\":\"Piden acceso a datos sobre objetos coloniales de museos alemanes | El Digital de Asturias\",\"headline\":\"Piden acceso a datos sobre objetos coloniales de museos alemanes\",\"author\":{\"@id\":\"https:\\\/\\\/eldigitaldeasturias.com\\\/radio\\\/author\\\/nbasturias\\\/#author\"},\"publisher\":{\"@id\":\"https:\\\/\\\/eldigitaldeasturias.com\\\/radio\\\/#organization\"},\"image\":{\"@type\":\"ImageObject\",\"url\":\"https:\\\/\\\/eldigitaldeasturias.com\\\/radio\\\/wp-content\\\/uploads\\\/2019\\\/10\\\/objetos-coloniales-museos.jpg\",\"width\":1016,\"height\":657,\"caption\":\"Foto: Daniel Bockwoldt\\\/dpa\"},\"datePublished\":\"2019-10-19T02:45:17+02:00\",\"dateModified\":\"2019-10-19T02:45:17+02:00\",\"inLanguage\":\"es-ES\",\"mainEntityOfPage\":{\"@id\":\"https:\\\/\\\/eldigitaldeasturias.com\\\/radio\\\/piden-acceso-a-datos-sobre-objetos-coloniales-de-museos-alemanes\\\/#webpage\"},\"isPartOf\":{\"@id\":\"https:\\\/\\\/eldigitaldeasturias.com\\\/radio\\\/piden-acceso-a-datos-sobre-objetos-coloniales-de-museos-alemanes\\\/#webpage\"},\"articleSection\":\"Noticias\",\"dateline\":\"Publicado el octubre 19, 2019.\"},{\"@type\":\"Organization\",\"@id\":\"https:\\\/\\\/eldigitaldeasturias.com\\\/radio\\\/#organization\",\"name\":\"El digital de Asturias Radio\",\"description\":\"Diario de informaci\\u00f3n y noticias\",\"url\":\"https:\\\/\\\/eldigitaldeasturias.com\\\/radio\\\/\",\"telephone\":\"+34652131393\",\"logo\":{\"@type\":\"ImageObject\",\"url\":\"https:\\\/\\\/www.eldigitaldeasturias.com\\\/radio\\\/wp-content\\\/uploads\\\/2021\\\/03\\\/EDA.jpg\",\"@id\":\"https:\\\/\\\/eldigitaldeasturias.com\\\/radio\\\/piden-acceso-a-datos-sobre-objetos-coloniales-de-museos-alemanes\\\/#organizationLogo\"},\"image\":{\"@id\":\"https:\\\/\\\/eldigitaldeasturias.com\\\/radio\\\/piden-acceso-a-datos-sobre-objetos-coloniales-de-museos-alemanes\\\/#organizationLogo\"},\"sameAs\":[\"https:\\\/\\\/www.facebook.com\\\/\",\"https:\\\/\\\/x.com\\\/bercodi\",\"https:\\\/\\\/www.instagram.com\\\/\",\"https:\\\/\\\/www.youtube.com\\\/channel\\\/UCZP-2wLEB9Rv6erhFmqVnvg\"]},{\"@type\":\"Person\",\"@id\":\"https:\\\/\\\/eldigitaldeasturias.com\\\/radio\\\/author\\\/nbasturias\\\/#author\",\"url\":\"https:\\\/\\\/eldigitaldeasturias.com\\\/radio\\\/author\\\/nbasturias\\\/\",\"name\":\"NBAsturias\",\"image\":{\"@type\":\"ImageObject\",\"@id\":\"https:\\\/\\\/eldigitaldeasturias.com\\\/radio\\\/piden-acceso-a-datos-sobre-objetos-coloniales-de-museos-alemanes\\\/#authorImage\",\"url\":\"https:\\\/\\\/secure.gravatar.com\\\/avatar\\\/df2aeffc32bcd13f8d26072ef8a91b623d677766deac7f97ca815868cd41bf5e?s=96&d=mm&r=g\",\"width\":96,\"height\":96,\"caption\":\"NBAsturias\"}},{\"@type\":\"WebPage\",\"@id\":\"https:\\\/\\\/eldigitaldeasturias.com\\\/radio\\\/piden-acceso-a-datos-sobre-objetos-coloniales-de-museos-alemanes\\\/#webpage\",\"url\":\"https:\\\/\\\/eldigitaldeasturias.com\\\/radio\\\/piden-acceso-a-datos-sobre-objetos-coloniales-de-museos-alemanes\\\/\",\"name\":\"Piden acceso a datos sobre objetos coloniales de museos alemanes | El Digital de Asturias\",\"description\":\"Berl\\u00edn, 17 oct (dpa) - Cient\\u00edficos internacionales hicieron hoy un llamamiento a los responsables de cultura alemanes para poder acceder de \\\"de forma ilimitada e incontrolada\\\" a los inventarios de los museos de modo de facilitar la devoluci\\u00f3n de los objetos coloniales que forman parte actualmente de colecciones alemanas. El n\\u00famero de piezas que pueden\",\"inLanguage\":\"es-ES\",\"isPartOf\":{\"@id\":\"https:\\\/\\\/eldigitaldeasturias.com\\\/radio\\\/#website\"},\"breadcrumb\":{\"@id\":\"https:\\\/\\\/eldigitaldeasturias.com\\\/radio\\\/piden-acceso-a-datos-sobre-objetos-coloniales-de-museos-alemanes\\\/#breadcrumblist\"},\"author\":{\"@id\":\"https:\\\/\\\/eldigitaldeasturias.com\\\/radio\\\/author\\\/nbasturias\\\/#author\"},\"creator\":{\"@id\":\"https:\\\/\\\/eldigitaldeasturias.com\\\/radio\\\/author\\\/nbasturias\\\/#author\"},\"image\":{\"@type\":\"ImageObject\",\"url\":\"https:\\\/\\\/eldigitaldeasturias.com\\\/radio\\\/wp-content\\\/uploads\\\/2019\\\/10\\\/objetos-coloniales-museos.jpg\",\"@id\":\"https:\\\/\\\/eldigitaldeasturias.com\\\/radio\\\/piden-acceso-a-datos-sobre-objetos-coloniales-de-museos-alemanes\\\/#mainImage\",\"width\":1016,\"height\":657,\"caption\":\"Foto: Daniel Bockwoldt\\\/dpa\"},\"primaryImageOfPage\":{\"@id\":\"https:\\\/\\\/eldigitaldeasturias.com\\\/radio\\\/piden-acceso-a-datos-sobre-objetos-coloniales-de-museos-alemanes\\\/#mainImage\"},\"datePublished\":\"2019-10-19T02:45:17+02:00\",\"dateModified\":\"2019-10-19T02:45:17+02:00\"},{\"@type\":\"WebSite\",\"@id\":\"https:\\\/\\\/eldigitaldeasturias.com\\\/radio\\\/#website\",\"url\":\"https:\\\/\\\/eldigitaldeasturias.com\\\/radio\\\/\",\"name\":\"El Digital de Asturias\",\"description\":\"Diario de informaci\\u00f3n y noticias\",\"inLanguage\":\"es-ES\",\"publisher\":{\"@id\":\"https:\\\/\\\/eldigitaldeasturias.com\\\/radio\\\/#organization\"}}]}\n\t\t<\/script>\n\t\t<!-- All in One SEO Pro -->\r\n\t\t<title>Piden acceso a datos sobre objetos coloniales de museos alemanes | El Digital de Asturias<\/title>\n\n","aioseo_head_json":{"title":"Piden acceso a datos sobre objetos coloniales de museos alemanes | El Digital de Asturias","description":"Berl\u00edn, 17 oct (dpa) - Cient\u00edficos internacionales hicieron hoy un llamamiento a los responsables de cultura alemanes para poder acceder de \"de forma ilimitada e incontrolada\" a los inventarios de los museos de modo de facilitar la devoluci\u00f3n de los objetos coloniales que forman parte actualmente de colecciones alemanas. El n\u00famero de piezas que pueden","canonical_url":"https:\/\/eldigitaldeasturias.com\/radio\/piden-acceso-a-datos-sobre-objetos-coloniales-de-museos-alemanes\/","robots":"max-image-preview:large","keywords":"noticias","webmasterTools":{"google-site-verification":"UA-38556648-1","miscellaneous":""},"schema":{"@context":"https:\/\/schema.org","@graph":[{"@type":"BreadcrumbList","@id":"https:\/\/eldigitaldeasturias.com\/radio\/piden-acceso-a-datos-sobre-objetos-coloniales-de-museos-alemanes\/#breadcrumblist","itemListElement":[{"@type":"ListItem","@id":"https:\/\/eldigitaldeasturias.com\/radio#listItem","position":1,"name":"Inicio","item":"https:\/\/eldigitaldeasturias.com\/radio","nextItem":{"@type":"ListItem","@id":"https:\/\/eldigitaldeasturias.com\/radio\/category\/noticias\/#listItem","name":"Noticias"}},{"@type":"ListItem","@id":"https:\/\/eldigitaldeasturias.com\/radio\/category\/noticias\/#listItem","position":2,"name":"Noticias","item":"https:\/\/eldigitaldeasturias.com\/radio\/category\/noticias\/","nextItem":{"@type":"ListItem","@id":"https:\/\/eldigitaldeasturias.com\/radio\/piden-acceso-a-datos-sobre-objetos-coloniales-de-museos-alemanes\/#listItem","name":"Piden acceso a datos sobre objetos coloniales de museos alemanes"},"previousItem":{"@type":"ListItem","@id":"https:\/\/eldigitaldeasturias.com\/radio#listItem","name":"Inicio"}},{"@type":"ListItem","@id":"https:\/\/eldigitaldeasturias.com\/radio\/piden-acceso-a-datos-sobre-objetos-coloniales-de-museos-alemanes\/#listItem","position":3,"name":"Piden acceso a datos sobre objetos coloniales de museos alemanes","previousItem":{"@type":"ListItem","@id":"https:\/\/eldigitaldeasturias.com\/radio\/category\/noticias\/#listItem","name":"Noticias"}}]},{"@type":"NewsArticle","@id":"https:\/\/eldigitaldeasturias.com\/radio\/piden-acceso-a-datos-sobre-objetos-coloniales-de-museos-alemanes\/#newsarticle","name":"Piden acceso a datos sobre objetos coloniales de museos alemanes | El Digital de Asturias","headline":"Piden acceso a datos sobre objetos coloniales de museos alemanes","author":{"@id":"https:\/\/eldigitaldeasturias.com\/radio\/author\/nbasturias\/#author"},"publisher":{"@id":"https:\/\/eldigitaldeasturias.com\/radio\/#organization"},"image":{"@type":"ImageObject","url":"https:\/\/eldigitaldeasturias.com\/radio\/wp-content\/uploads\/2019\/10\/objetos-coloniales-museos.jpg","width":1016,"height":657,"caption":"Foto: Daniel Bockwoldt\/dpa"},"datePublished":"2019-10-19T02:45:17+02:00","dateModified":"2019-10-19T02:45:17+02:00","inLanguage":"es-ES","mainEntityOfPage":{"@id":"https:\/\/eldigitaldeasturias.com\/radio\/piden-acceso-a-datos-sobre-objetos-coloniales-de-museos-alemanes\/#webpage"},"isPartOf":{"@id":"https:\/\/eldigitaldeasturias.com\/radio\/piden-acceso-a-datos-sobre-objetos-coloniales-de-museos-alemanes\/#webpage"},"articleSection":"Noticias","dateline":"Publicado el octubre 19, 2019."},{"@type":"Organization","@id":"https:\/\/eldigitaldeasturias.com\/radio\/#organization","name":"El digital de Asturias Radio","description":"Diario de informaci\u00f3n y noticias","url":"https:\/\/eldigitaldeasturias.com\/radio\/","telephone":"+34652131393","logo":{"@type":"ImageObject","url":"https:\/\/www.eldigitaldeasturias.com\/radio\/wp-content\/uploads\/2021\/03\/EDA.jpg","@id":"https:\/\/eldigitaldeasturias.com\/radio\/piden-acceso-a-datos-sobre-objetos-coloniales-de-museos-alemanes\/#organizationLogo"},"image":{"@id":"https:\/\/eldigitaldeasturias.com\/radio\/piden-acceso-a-datos-sobre-objetos-coloniales-de-museos-alemanes\/#organizationLogo"},"sameAs":["https:\/\/www.facebook.com\/","https:\/\/x.com\/bercodi","https:\/\/www.instagram.com\/","https:\/\/www.youtube.com\/channel\/UCZP-2wLEB9Rv6erhFmqVnvg"]},{"@type":"Person","@id":"https:\/\/eldigitaldeasturias.com\/radio\/author\/nbasturias\/#author","url":"https:\/\/eldigitaldeasturias.com\/radio\/author\/nbasturias\/","name":"NBAsturias","image":{"@type":"ImageObject","@id":"https:\/\/eldigitaldeasturias.com\/radio\/piden-acceso-a-datos-sobre-objetos-coloniales-de-museos-alemanes\/#authorImage","url":"https:\/\/secure.gravatar.com\/avatar\/df2aeffc32bcd13f8d26072ef8a91b623d677766deac7f97ca815868cd41bf5e?s=96&d=mm&r=g","width":96,"height":96,"caption":"NBAsturias"}},{"@type":"WebPage","@id":"https:\/\/eldigitaldeasturias.com\/radio\/piden-acceso-a-datos-sobre-objetos-coloniales-de-museos-alemanes\/#webpage","url":"https:\/\/eldigitaldeasturias.com\/radio\/piden-acceso-a-datos-sobre-objetos-coloniales-de-museos-alemanes\/","name":"Piden acceso a datos sobre objetos coloniales de museos alemanes | El Digital de Asturias","description":"Berl\u00edn, 17 oct (dpa) - Cient\u00edficos internacionales hicieron hoy un llamamiento a los responsables de cultura alemanes para poder acceder de \"de forma ilimitada e incontrolada\" a los inventarios de los museos de modo de facilitar la devoluci\u00f3n de los objetos coloniales que forman parte actualmente de colecciones alemanas. El n\u00famero de piezas que pueden","inLanguage":"es-ES","isPartOf":{"@id":"https:\/\/eldigitaldeasturias.com\/radio\/#website"},"breadcrumb":{"@id":"https:\/\/eldigitaldeasturias.com\/radio\/piden-acceso-a-datos-sobre-objetos-coloniales-de-museos-alemanes\/#breadcrumblist"},"author":{"@id":"https:\/\/eldigitaldeasturias.com\/radio\/author\/nbasturias\/#author"},"creator":{"@id":"https:\/\/eldigitaldeasturias.com\/radio\/author\/nbasturias\/#author"},"image":{"@type":"ImageObject","url":"https:\/\/eldigitaldeasturias.com\/radio\/wp-content\/uploads\/2019\/10\/objetos-coloniales-museos.jpg","@id":"https:\/\/eldigitaldeasturias.com\/radio\/piden-acceso-a-datos-sobre-objetos-coloniales-de-museos-alemanes\/#mainImage","width":1016,"height":657,"caption":"Foto: Daniel Bockwoldt\/dpa"},"primaryImageOfPage":{"@id":"https:\/\/eldigitaldeasturias.com\/radio\/piden-acceso-a-datos-sobre-objetos-coloniales-de-museos-alemanes\/#mainImage"},"datePublished":"2019-10-19T02:45:17+02:00","dateModified":"2019-10-19T02:45:17+02:00"},{"@type":"WebSite","@id":"https:\/\/eldigitaldeasturias.com\/radio\/#website","url":"https:\/\/eldigitaldeasturias.com\/radio\/","name":"El Digital de Asturias","description":"Diario de informaci\u00f3n y noticias","inLanguage":"es-ES","publisher":{"@id":"https:\/\/eldigitaldeasturias.com\/radio\/#organization"}}]},"og:locale":"es_ES","og:site_name":"El Digital de Asturias | Diario de informaci\u00f3n y noticias","og:type":"article","og:title":"Piden acceso a datos sobre objetos coloniales de museos alemanes | El Digital de Asturias","og:description":"Berl\u00edn, 17 oct (dpa) - Cient\u00edficos internacionales hicieron hoy un llamamiento a los responsables de cultura alemanes para poder acceder de &quot;de forma ilimitada e incontrolada&quot; a los inventarios de los museos de modo de facilitar la devoluci\u00f3n de los objetos coloniales que forman parte actualmente de colecciones alemanas. El n\u00famero de piezas que pueden","og:url":"https:\/\/eldigitaldeasturias.com\/radio\/piden-acceso-a-datos-sobre-objetos-coloniales-de-museos-alemanes\/","og:image":"https:\/\/eldigitaldeasturias.com\/radio\/wp-content\/uploads\/2019\/10\/objetos-coloniales-museos.jpg","og:image:secure_url":"https:\/\/eldigitaldeasturias.com\/radio\/wp-content\/uploads\/2019\/10\/objetos-coloniales-museos.jpg","og:image:width":1016,"og:image:height":657,"article:published_time":"2019-10-19T02:45:17+00:00","article:modified_time":"2019-10-19T02:45:17+00:00","twitter:card":"summary_large_image","twitter:site":"@bercodi","twitter:title":"Piden acceso a datos sobre objetos coloniales de museos alemanes | El Digital de Asturias","twitter:description":"Berl\u00edn, 17 oct (dpa) - Cient\u00edficos internacionales hicieron hoy un llamamiento a los responsables de cultura alemanes para poder acceder de &quot;de forma ilimitada e incontrolada&quot; a los inventarios de los museos de modo de facilitar la devoluci\u00f3n de los objetos coloniales que forman parte actualmente de colecciones alemanas. El n\u00famero de piezas que pueden","twitter:creator":"@bercodi","twitter:image":"https:\/\/eldigitaldeasturias.com\/radio\/wp-content\/uploads\/2019\/10\/objetos-coloniales-museos.jpg"},"aioseo_meta_data":{"post_id":"3260","title":null,"description":null,"keywords":null,"keyphrases":null,"primary_term":null,"canonical_url":null,"og_title":null,"og_description":null,"og_object_type":"default","og_image_type":"default","og_image_url":null,"og_image_width":null,"og_image_height":null,"og_image_custom_url":null,"og_image_custom_fields":null,"og_video":null,"og_custom_url":null,"og_article_section":null,"og_article_tags":null,"twitter_use_og":false,"twitter_card":"default","twitter_image_type":"default","twitter_image_url":null,"twitter_image_custom_url":null,"twitter_image_custom_fields":null,"twitter_title":null,"twitter_description":null,"schema":{"blockGraphs":[],"customGraphs":[],"default":{"data":{"Article":[],"Course":[],"Dataset":[],"FAQPage":[],"Movie":[],"Person":[],"Product":[],"ProductReview":[],"Car":[],"Recipe":[],"Service":[],"SoftwareApplication":[],"WebPage":[]},"graphName":"","isEnabled":true},"graphs":[],"defaultGraph":"","defaultPostTypeGraph":""},"schema_type":null,"schema_type_options":null,"pillar_content":false,"robots_default":true,"robots_noindex":false,"robots_noarchive":false,"robots_nosnippet":false,"robots_nofollow":false,"robots_noimageindex":false,"robots_noodp":false,"robots_notranslate":false,"robots_max_snippet":null,"robots_max_videopreview":null,"robots_max_imagepreview":"large","priority":null,"frequency":null,"location":null,"local_seo":null,"seo_analyzer_scan_date":"2025-08-28 13:53:24","breadcrumb_settings":null,"limit_modified_date":false,"open_ai":null,"ai":null,"created":"2021-03-26 17:38:05","updated":"2025-08-28 13:53:24"},"aioseo_breadcrumb":"<div class=\"aioseo-breadcrumbs\"><span class=\"aioseo-breadcrumb\">\n\t<a href=\"https:\/\/eldigitaldeasturias.com\/radio\" title=\"Inicio\">Inicio<\/a>\n<\/span><span class=\"aioseo-breadcrumb-separator\">&ndash;<\/span><span class=\"aioseo-breadcrumb\">\n\t<a href=\"https:\/\/eldigitaldeasturias.com\/radio\/category\/noticias\/\" title=\"Noticias\">Noticias<\/a>\n<\/span><span class=\"aioseo-breadcrumb-separator\">&ndash;<\/span><span class=\"aioseo-breadcrumb\">\n\tPiden acceso a datos sobre objetos coloniales de museos alemanes\n<\/span><\/div>","aioseo_breadcrumb_json":[{"label":"Inicio","link":"https:\/\/eldigitaldeasturias.com\/radio"},{"label":"Noticias","link":"https:\/\/eldigitaldeasturias.com\/radio\/category\/noticias\/"},{"label":"Piden acceso a datos sobre objetos coloniales de museos alemanes","link":"https:\/\/eldigitaldeasturias.com\/radio\/piden-acceso-a-datos-sobre-objetos-coloniales-de-museos-alemanes\/"}],"_links":{"self":[{"href":"https:\/\/eldigitaldeasturias.com\/radio\/wp-json\/wp\/v2\/posts\/3260","targetHints":{"allow":["GET"]}}],"collection":[{"href":"https:\/\/eldigitaldeasturias.com\/radio\/wp-json\/wp\/v2\/posts"}],"about":[{"href":"https:\/\/eldigitaldeasturias.com\/radio\/wp-json\/wp\/v2\/types\/post"}],"author":[{"embeddable":true,"href":"https:\/\/eldigitaldeasturias.com\/radio\/wp-json\/wp\/v2\/users\/1"}],"replies":[{"embeddable":true,"href":"https:\/\/eldigitaldeasturias.com\/radio\/wp-json\/wp\/v2\/comments?post=3260"}],"version-history":[{"count":0,"href":"https:\/\/eldigitaldeasturias.com\/radio\/wp-json\/wp\/v2\/posts\/3260\/revisions"}],"wp:featuredmedia":[{"embeddable":true,"href":"https:\/\/eldigitaldeasturias.com\/radio\/wp-json\/wp\/v2\/media\/3261"}],"wp:attachment":[{"href":"https:\/\/eldigitaldeasturias.com\/radio\/wp-json\/wp\/v2\/media?parent=3260"}],"wp:term":[{"taxonomy":"category","embeddable":true,"href":"https:\/\/eldigitaldeasturias.com\/radio\/wp-json\/wp\/v2\/categories?post=3260"},{"taxonomy":"post_tag","embeddable":true,"href":"https:\/\/eldigitaldeasturias.com\/radio\/wp-json\/wp\/v2\/tags?post=3260"}],"curies":[{"name":"wp","href":"https:\/\/api.w.org\/{rel}","templated":true}]}}