{"id":3257,"date":"2019-10-19T02:42:52","date_gmt":"2019-10-19T02:42:52","guid":{"rendered":"http:\/\/eldigitaldeasturias.com\/radio\/?p=3257"},"modified":"2019-10-19T02:42:52","modified_gmt":"2019-10-19T02:42:52","slug":"merkel-y-macron-visitan-la-planta-de-airbus-en-toulouse","status":"publish","type":"post","link":"https:\/\/eldigitaldeasturias.com\/radio\/merkel-y-macron-visitan-la-planta-de-airbus-en-toulouse\/","title":{"rendered":"Merkel y Macron visitan la planta de Airbus en Toulouse"},"content":{"rendered":"<figure id=\"attachment_3258\" aria-describedby=\"caption-attachment-3258\" style=\"width: 360px\" class=\"wp-caption alignleft\"><img fetchpriority=\"high\" decoding=\"async\" class=\"wp-image-3258 size-medium\" src=\"https:\/\/eldigitaldeasturias.com\/radio\/wp-content\/uploads\/2019\/10\/Visita-Airbus-360x270.jpg\" alt=\"\" width=\"360\" height=\"270\" srcset=\"https:\/\/eldigitaldeasturias.com\/radio\/wp-content\/uploads\/2019\/10\/Visita-Airbus-360x270.jpg 360w, https:\/\/eldigitaldeasturias.com\/radio\/wp-content\/uploads\/2019\/10\/Visita-Airbus-768x577.jpg 768w, https:\/\/eldigitaldeasturias.com\/radio\/wp-content\/uploads\/2019\/10\/Visita-Airbus.jpg 884w\" sizes=\"(max-width: 360px) 100vw, 360px\" \/><figcaption id=\"caption-attachment-3258\" class=\"wp-caption-text\">Francia. Foto: Christian B\u00f6hmer\/dpa<\/figcaption><\/figure>\n<p>Toulouse (Francia), 16 oct (dpa) &#8211; La canciller alemana, Angela Merkel, y el presidente franc\u00e9s, Emmanuel Macron, visitaron hoy juntos las instalaciones del fabricante europeo de aviones Airbus en Toulouse.<\/p>\n<p>Los dos mandatarios fueron recibidos por el presidente ejecutivo de Airbus, Guillaume Faury, y por miembros de la direcci\u00f3n de la empresa al mediod\u00eda. Tambi\u00e9n estuvieron presentes el ministro de Econom\u00eda franc\u00e9s, Bruno Le Maire, y su hom\u00f3logo alem\u00e1n, Peter Altmaier.<\/p>\n<p>Merkel y Macron visitaron la planta de producci\u00f3n del avi\u00f3n de larga distancia A350. Por la tarde tendr\u00e1 lugar la reuni\u00f3n del Consejo de Ministros germano-franc\u00e9s en la ciudad del suroeste de Francia.<\/p>\n<p>Toulouse tiene un significado especial para el anfitri\u00f3n franc\u00e9s: Airbus est\u00e1 considerado como un ejemplo de pol\u00edtica industrial franco-alemana. Desde c\u00edrculos cercanos al Palacio del El\u00edseo se dijo anteriormente que la visita ten\u00eda un car\u00e1cter simb\u00f3lico.<\/p>\n<p>Adem\u00e1s, a partir de este viernes, Estados Unidos impondr\u00e1n aranceles multimillonarias a importaciones de la Uni\u00f3n Europea (EU) porque el consorcio europeo recibi\u00f3 subvenciones il\u00edcitas de la UE. La visita es vista en Francia como una se\u00f1al de que los dos pa\u00edses, Francia y Alemania, respaldan la empresa.<\/p>\n<p>En Toulouse se realiza el ensamblaje final de muchos aviones y es sede de gran parte de la administraci\u00f3n empresarial. Alemania y Francia poseen cada una el 11,1 por ciento de las acciones de Airbus, mientras que Espa\u00f1a tambi\u00e9n tiene una participaci\u00f3n menor.<\/p>\n<p>Despu\u00e9s de la visita, Macron y Merkel compartieron un almuerzo con unos 20 j\u00f3venes en un avi\u00f3n de entrenamiento del modelo A350.<\/p>\n<p>Tras el cese de la producci\u00f3n del gigante a\u00e9reo A380, Airbus se concentra ahora principalmente en los aviones de larga distancia de tama\u00f1o medio como el A350.<\/p>\n","protected":false},"excerpt":{"rendered":"<p>Toulouse (Francia), 16 oct (dpa) &#8211; La canciller alemana, Angela Merkel, y el presidente franc\u00e9s, Emmanuel Macron, visitaron hoy juntos las instalaciones del fabricante europeo de aviones Airbus en Toulouse. Los dos mandatarios fueron recibidos por el presidente ejecutivo de Airbus, Guillaume Faury, y por miembros de la direcci\u00f3n de la empresa al mediod\u00eda. Tambi\u00e9n<\/p>\n","protected":false},"author":1,"featured_media":3258,"comment_status":"closed","ping_status":"closed","sticky":false,"template":"","format":"standard","meta":{"footnotes":""},"categories":[1],"tags":[],"class_list":{"0":"post-3257","1":"post","2":"type-post","3":"status-publish","4":"format-standard","5":"has-post-thumbnail","7":"category-noticias"},"aioseo_notices":[],"aioseo_head":"\n\t\t<!-- All in One SEO Pro 4.9.6.2 - aioseo.com -->\n\t<meta name=\"description\" content=\"Toulouse (Francia), 16 oct (dpa) - La canciller alemana, Angela Merkel, y el presidente franc\u00e9s, Emmanuel Macron, visitaron hoy juntos las instalaciones del fabricante europeo de aviones Airbus en Toulouse. Los dos mandatarios fueron recibidos por el presidente ejecutivo de Airbus, Guillaume Faury, y por miembros de la direcci\u00f3n de la empresa al mediod\u00eda. Tambi\u00e9n\" \/>\n\t<meta name=\"robots\" content=\"max-image-preview:large\" \/>\n\t<meta name=\"author\" content=\"NBAsturias\"\/>\n\t<meta name=\"google-site-verification\" content=\"UA-38556648-1\" \/>\n\t<meta name=\"keywords\" content=\"noticias\" \/>\n\t<link rel=\"canonical\" href=\"https:\/\/eldigitaldeasturias.com\/radio\/merkel-y-macron-visitan-la-planta-de-airbus-en-toulouse\/\" \/>\n\t<meta name=\"generator\" content=\"All in One SEO Pro (AIOSEO) 4.9.6.2\" \/>\n\t\t<meta property=\"og:locale\" content=\"es_ES\" \/>\n\t\t<meta property=\"og:site_name\" content=\"El Digital de Asturias | Diario de informaci\u00f3n y noticias\" \/>\n\t\t<meta property=\"og:type\" content=\"article\" \/>\n\t\t<meta property=\"og:title\" content=\"Merkel y Macron visitan la planta de Airbus en Toulouse | El Digital de Asturias\" \/>\n\t\t<meta property=\"og:description\" content=\"Toulouse (Francia), 16 oct (dpa) - La canciller alemana, Angela Merkel, y el presidente franc\u00e9s, Emmanuel Macron, visitaron hoy juntos las instalaciones del fabricante europeo de aviones Airbus en Toulouse. Los dos mandatarios fueron recibidos por el presidente ejecutivo de Airbus, Guillaume Faury, y por miembros de la direcci\u00f3n de la empresa al mediod\u00eda. Tambi\u00e9n\" \/>\n\t\t<meta property=\"og:url\" content=\"https:\/\/eldigitaldeasturias.com\/radio\/merkel-y-macron-visitan-la-planta-de-airbus-en-toulouse\/\" \/>\n\t\t<meta property=\"og:image\" content=\"https:\/\/eldigitaldeasturias.com\/radio\/wp-content\/uploads\/2019\/10\/Visita-Airbus.jpg\" \/>\n\t\t<meta property=\"og:image:secure_url\" content=\"https:\/\/eldigitaldeasturias.com\/radio\/wp-content\/uploads\/2019\/10\/Visita-Airbus.jpg\" \/>\n\t\t<meta property=\"og:image:width\" content=\"884\" \/>\n\t\t<meta property=\"og:image:height\" content=\"664\" \/>\n\t\t<meta property=\"article:published_time\" content=\"2019-10-19T02:42:52+00:00\" \/>\n\t\t<meta property=\"article:modified_time\" content=\"2019-10-19T02:42:52+00:00\" \/>\n\t\t<meta name=\"twitter:card\" content=\"summary_large_image\" \/>\n\t\t<meta name=\"twitter:site\" content=\"@bercodi\" \/>\n\t\t<meta name=\"twitter:title\" content=\"Merkel y Macron visitan la planta de Airbus en Toulouse | El Digital de Asturias\" \/>\n\t\t<meta name=\"twitter:description\" content=\"Toulouse (Francia), 16 oct (dpa) - La canciller alemana, Angela Merkel, y el presidente franc\u00e9s, Emmanuel Macron, visitaron hoy juntos las instalaciones del fabricante europeo de aviones Airbus en Toulouse. Los dos mandatarios fueron recibidos por el presidente ejecutivo de Airbus, Guillaume Faury, y por miembros de la direcci\u00f3n de la empresa al mediod\u00eda. Tambi\u00e9n\" \/>\n\t\t<meta name=\"twitter:creator\" content=\"@bercodi\" \/>\n\t\t<meta name=\"twitter:image\" content=\"https:\/\/eldigitaldeasturias.com\/radio\/wp-content\/uploads\/2019\/10\/Visita-Airbus.jpg\" \/>\n\t\t<script type=\"application\/ld+json\" class=\"aioseo-schema\">\n\t\t\t{\"@context\":\"https:\\\/\\\/schema.org\",\"@graph\":[{\"@type\":\"BreadcrumbList\",\"@id\":\"https:\\\/\\\/eldigitaldeasturias.com\\\/radio\\\/merkel-y-macron-visitan-la-planta-de-airbus-en-toulouse\\\/#breadcrumblist\",\"itemListElement\":[{\"@type\":\"ListItem\",\"@id\":\"https:\\\/\\\/eldigitaldeasturias.com\\\/radio#listItem\",\"position\":1,\"name\":\"Inicio\",\"item\":\"https:\\\/\\\/eldigitaldeasturias.com\\\/radio\",\"nextItem\":{\"@type\":\"ListItem\",\"@id\":\"https:\\\/\\\/eldigitaldeasturias.com\\\/radio\\\/category\\\/noticias\\\/#listItem\",\"name\":\"Noticias\"}},{\"@type\":\"ListItem\",\"@id\":\"https:\\\/\\\/eldigitaldeasturias.com\\\/radio\\\/category\\\/noticias\\\/#listItem\",\"position\":2,\"name\":\"Noticias\",\"item\":\"https:\\\/\\\/eldigitaldeasturias.com\\\/radio\\\/category\\\/noticias\\\/\",\"nextItem\":{\"@type\":\"ListItem\",\"@id\":\"https:\\\/\\\/eldigitaldeasturias.com\\\/radio\\\/merkel-y-macron-visitan-la-planta-de-airbus-en-toulouse\\\/#listItem\",\"name\":\"Merkel y Macron visitan la planta de Airbus en Toulouse\"},\"previousItem\":{\"@type\":\"ListItem\",\"@id\":\"https:\\\/\\\/eldigitaldeasturias.com\\\/radio#listItem\",\"name\":\"Inicio\"}},{\"@type\":\"ListItem\",\"@id\":\"https:\\\/\\\/eldigitaldeasturias.com\\\/radio\\\/merkel-y-macron-visitan-la-planta-de-airbus-en-toulouse\\\/#listItem\",\"position\":3,\"name\":\"Merkel y Macron visitan la planta de Airbus en Toulouse\",\"previousItem\":{\"@type\":\"ListItem\",\"@id\":\"https:\\\/\\\/eldigitaldeasturias.com\\\/radio\\\/category\\\/noticias\\\/#listItem\",\"name\":\"Noticias\"}}]},{\"@type\":\"NewsArticle\",\"@id\":\"https:\\\/\\\/eldigitaldeasturias.com\\\/radio\\\/merkel-y-macron-visitan-la-planta-de-airbus-en-toulouse\\\/#newsarticle\",\"name\":\"Merkel y Macron visitan la planta de Airbus en Toulouse | El Digital de Asturias\",\"headline\":\"Merkel y Macron visitan la planta de Airbus en Toulouse\",\"author\":{\"@id\":\"https:\\\/\\\/eldigitaldeasturias.com\\\/radio\\\/author\\\/nbasturias\\\/#author\"},\"publisher\":{\"@id\":\"https:\\\/\\\/eldigitaldeasturias.com\\\/radio\\\/#organization\"},\"image\":{\"@type\":\"ImageObject\",\"url\":\"https:\\\/\\\/eldigitaldeasturias.com\\\/radio\\\/wp-content\\\/uploads\\\/2019\\\/10\\\/Visita-Airbus.jpg\",\"width\":884,\"height\":664,\"caption\":\"Francia. Foto: Christian B\\u00f6hmer\\\/dpa\"},\"datePublished\":\"2019-10-19T02:42:52+02:00\",\"dateModified\":\"2019-10-19T02:42:52+02:00\",\"inLanguage\":\"es-ES\",\"mainEntityOfPage\":{\"@id\":\"https:\\\/\\\/eldigitaldeasturias.com\\\/radio\\\/merkel-y-macron-visitan-la-planta-de-airbus-en-toulouse\\\/#webpage\"},\"isPartOf\":{\"@id\":\"https:\\\/\\\/eldigitaldeasturias.com\\\/radio\\\/merkel-y-macron-visitan-la-planta-de-airbus-en-toulouse\\\/#webpage\"},\"articleSection\":\"Noticias\",\"dateline\":\"Publicado el octubre 19, 2019.\"},{\"@type\":\"Organization\",\"@id\":\"https:\\\/\\\/eldigitaldeasturias.com\\\/radio\\\/#organization\",\"name\":\"El digital de Asturias Radio\",\"description\":\"Diario de informaci\\u00f3n y noticias\",\"url\":\"https:\\\/\\\/eldigitaldeasturias.com\\\/radio\\\/\",\"telephone\":\"+34652131393\",\"logo\":{\"@type\":\"ImageObject\",\"url\":\"https:\\\/\\\/www.eldigitaldeasturias.com\\\/radio\\\/wp-content\\\/uploads\\\/2021\\\/03\\\/EDA.jpg\",\"@id\":\"https:\\\/\\\/eldigitaldeasturias.com\\\/radio\\\/merkel-y-macron-visitan-la-planta-de-airbus-en-toulouse\\\/#organizationLogo\"},\"image\":{\"@id\":\"https:\\\/\\\/eldigitaldeasturias.com\\\/radio\\\/merkel-y-macron-visitan-la-planta-de-airbus-en-toulouse\\\/#organizationLogo\"},\"sameAs\":[\"https:\\\/\\\/www.facebook.com\\\/\",\"https:\\\/\\\/x.com\\\/bercodi\",\"https:\\\/\\\/www.instagram.com\\\/\",\"https:\\\/\\\/www.youtube.com\\\/channel\\\/UCZP-2wLEB9Rv6erhFmqVnvg\"]},{\"@type\":\"Person\",\"@id\":\"https:\\\/\\\/eldigitaldeasturias.com\\\/radio\\\/author\\\/nbasturias\\\/#author\",\"url\":\"https:\\\/\\\/eldigitaldeasturias.com\\\/radio\\\/author\\\/nbasturias\\\/\",\"name\":\"NBAsturias\",\"image\":{\"@type\":\"ImageObject\",\"@id\":\"https:\\\/\\\/eldigitaldeasturias.com\\\/radio\\\/merkel-y-macron-visitan-la-planta-de-airbus-en-toulouse\\\/#authorImage\",\"url\":\"https:\\\/\\\/secure.gravatar.com\\\/avatar\\\/df2aeffc32bcd13f8d26072ef8a91b623d677766deac7f97ca815868cd41bf5e?s=96&d=mm&r=g\",\"width\":96,\"height\":96,\"caption\":\"NBAsturias\"}},{\"@type\":\"WebPage\",\"@id\":\"https:\\\/\\\/eldigitaldeasturias.com\\\/radio\\\/merkel-y-macron-visitan-la-planta-de-airbus-en-toulouse\\\/#webpage\",\"url\":\"https:\\\/\\\/eldigitaldeasturias.com\\\/radio\\\/merkel-y-macron-visitan-la-planta-de-airbus-en-toulouse\\\/\",\"name\":\"Merkel y Macron visitan la planta de Airbus en Toulouse | El Digital de Asturias\",\"description\":\"Toulouse (Francia), 16 oct (dpa) - La canciller alemana, Angela Merkel, y el presidente franc\\u00e9s, Emmanuel Macron, visitaron hoy juntos las instalaciones del fabricante europeo de aviones Airbus en Toulouse. Los dos mandatarios fueron recibidos por el presidente ejecutivo de Airbus, Guillaume Faury, y por miembros de la direcci\\u00f3n de la empresa al mediod\\u00eda. Tambi\\u00e9n\",\"inLanguage\":\"es-ES\",\"isPartOf\":{\"@id\":\"https:\\\/\\\/eldigitaldeasturias.com\\\/radio\\\/#website\"},\"breadcrumb\":{\"@id\":\"https:\\\/\\\/eldigitaldeasturias.com\\\/radio\\\/merkel-y-macron-visitan-la-planta-de-airbus-en-toulouse\\\/#breadcrumblist\"},\"author\":{\"@id\":\"https:\\\/\\\/eldigitaldeasturias.com\\\/radio\\\/author\\\/nbasturias\\\/#author\"},\"creator\":{\"@id\":\"https:\\\/\\\/eldigitaldeasturias.com\\\/radio\\\/author\\\/nbasturias\\\/#author\"},\"image\":{\"@type\":\"ImageObject\",\"url\":\"https:\\\/\\\/eldigitaldeasturias.com\\\/radio\\\/wp-content\\\/uploads\\\/2019\\\/10\\\/Visita-Airbus.jpg\",\"@id\":\"https:\\\/\\\/eldigitaldeasturias.com\\\/radio\\\/merkel-y-macron-visitan-la-planta-de-airbus-en-toulouse\\\/#mainImage\",\"width\":884,\"height\":664,\"caption\":\"Francia. Foto: Christian B\\u00f6hmer\\\/dpa\"},\"primaryImageOfPage\":{\"@id\":\"https:\\\/\\\/eldigitaldeasturias.com\\\/radio\\\/merkel-y-macron-visitan-la-planta-de-airbus-en-toulouse\\\/#mainImage\"},\"datePublished\":\"2019-10-19T02:42:52+02:00\",\"dateModified\":\"2019-10-19T02:42:52+02:00\"},{\"@type\":\"WebSite\",\"@id\":\"https:\\\/\\\/eldigitaldeasturias.com\\\/radio\\\/#website\",\"url\":\"https:\\\/\\\/eldigitaldeasturias.com\\\/radio\\\/\",\"name\":\"El Digital de Asturias\",\"description\":\"Diario de informaci\\u00f3n y noticias\",\"inLanguage\":\"es-ES\",\"publisher\":{\"@id\":\"https:\\\/\\\/eldigitaldeasturias.com\\\/radio\\\/#organization\"}}]}\n\t\t<\/script>\n\t\t<!-- All in One SEO Pro -->\r\n\t\t<title>Merkel y Macron visitan la planta de Airbus en Toulouse | El Digital de Asturias<\/title>\n\n","aioseo_head_json":{"title":"Merkel y Macron visitan la planta de Airbus en Toulouse | El Digital de Asturias","description":"Toulouse (Francia), 16 oct (dpa) - La canciller alemana, Angela Merkel, y el presidente franc\u00e9s, Emmanuel Macron, visitaron hoy juntos las instalaciones del fabricante europeo de aviones Airbus en Toulouse. Los dos mandatarios fueron recibidos por el presidente ejecutivo de Airbus, Guillaume Faury, y por miembros de la direcci\u00f3n de la empresa al mediod\u00eda. Tambi\u00e9n","canonical_url":"https:\/\/eldigitaldeasturias.com\/radio\/merkel-y-macron-visitan-la-planta-de-airbus-en-toulouse\/","robots":"max-image-preview:large","keywords":"noticias","webmasterTools":{"google-site-verification":"UA-38556648-1","miscellaneous":""},"schema":{"@context":"https:\/\/schema.org","@graph":[{"@type":"BreadcrumbList","@id":"https:\/\/eldigitaldeasturias.com\/radio\/merkel-y-macron-visitan-la-planta-de-airbus-en-toulouse\/#breadcrumblist","itemListElement":[{"@type":"ListItem","@id":"https:\/\/eldigitaldeasturias.com\/radio#listItem","position":1,"name":"Inicio","item":"https:\/\/eldigitaldeasturias.com\/radio","nextItem":{"@type":"ListItem","@id":"https:\/\/eldigitaldeasturias.com\/radio\/category\/noticias\/#listItem","name":"Noticias"}},{"@type":"ListItem","@id":"https:\/\/eldigitaldeasturias.com\/radio\/category\/noticias\/#listItem","position":2,"name":"Noticias","item":"https:\/\/eldigitaldeasturias.com\/radio\/category\/noticias\/","nextItem":{"@type":"ListItem","@id":"https:\/\/eldigitaldeasturias.com\/radio\/merkel-y-macron-visitan-la-planta-de-airbus-en-toulouse\/#listItem","name":"Merkel y Macron visitan la planta de Airbus en Toulouse"},"previousItem":{"@type":"ListItem","@id":"https:\/\/eldigitaldeasturias.com\/radio#listItem","name":"Inicio"}},{"@type":"ListItem","@id":"https:\/\/eldigitaldeasturias.com\/radio\/merkel-y-macron-visitan-la-planta-de-airbus-en-toulouse\/#listItem","position":3,"name":"Merkel y Macron visitan la planta de Airbus en Toulouse","previousItem":{"@type":"ListItem","@id":"https:\/\/eldigitaldeasturias.com\/radio\/category\/noticias\/#listItem","name":"Noticias"}}]},{"@type":"NewsArticle","@id":"https:\/\/eldigitaldeasturias.com\/radio\/merkel-y-macron-visitan-la-planta-de-airbus-en-toulouse\/#newsarticle","name":"Merkel y Macron visitan la planta de Airbus en Toulouse | El Digital de Asturias","headline":"Merkel y Macron visitan la planta de Airbus en Toulouse","author":{"@id":"https:\/\/eldigitaldeasturias.com\/radio\/author\/nbasturias\/#author"},"publisher":{"@id":"https:\/\/eldigitaldeasturias.com\/radio\/#organization"},"image":{"@type":"ImageObject","url":"https:\/\/eldigitaldeasturias.com\/radio\/wp-content\/uploads\/2019\/10\/Visita-Airbus.jpg","width":884,"height":664,"caption":"Francia. Foto: Christian B\u00f6hmer\/dpa"},"datePublished":"2019-10-19T02:42:52+02:00","dateModified":"2019-10-19T02:42:52+02:00","inLanguage":"es-ES","mainEntityOfPage":{"@id":"https:\/\/eldigitaldeasturias.com\/radio\/merkel-y-macron-visitan-la-planta-de-airbus-en-toulouse\/#webpage"},"isPartOf":{"@id":"https:\/\/eldigitaldeasturias.com\/radio\/merkel-y-macron-visitan-la-planta-de-airbus-en-toulouse\/#webpage"},"articleSection":"Noticias","dateline":"Publicado el octubre 19, 2019."},{"@type":"Organization","@id":"https:\/\/eldigitaldeasturias.com\/radio\/#organization","name":"El digital de Asturias Radio","description":"Diario de informaci\u00f3n y noticias","url":"https:\/\/eldigitaldeasturias.com\/radio\/","telephone":"+34652131393","logo":{"@type":"ImageObject","url":"https:\/\/www.eldigitaldeasturias.com\/radio\/wp-content\/uploads\/2021\/03\/EDA.jpg","@id":"https:\/\/eldigitaldeasturias.com\/radio\/merkel-y-macron-visitan-la-planta-de-airbus-en-toulouse\/#organizationLogo"},"image":{"@id":"https:\/\/eldigitaldeasturias.com\/radio\/merkel-y-macron-visitan-la-planta-de-airbus-en-toulouse\/#organizationLogo"},"sameAs":["https:\/\/www.facebook.com\/","https:\/\/x.com\/bercodi","https:\/\/www.instagram.com\/","https:\/\/www.youtube.com\/channel\/UCZP-2wLEB9Rv6erhFmqVnvg"]},{"@type":"Person","@id":"https:\/\/eldigitaldeasturias.com\/radio\/author\/nbasturias\/#author","url":"https:\/\/eldigitaldeasturias.com\/radio\/author\/nbasturias\/","name":"NBAsturias","image":{"@type":"ImageObject","@id":"https:\/\/eldigitaldeasturias.com\/radio\/merkel-y-macron-visitan-la-planta-de-airbus-en-toulouse\/#authorImage","url":"https:\/\/secure.gravatar.com\/avatar\/df2aeffc32bcd13f8d26072ef8a91b623d677766deac7f97ca815868cd41bf5e?s=96&d=mm&r=g","width":96,"height":96,"caption":"NBAsturias"}},{"@type":"WebPage","@id":"https:\/\/eldigitaldeasturias.com\/radio\/merkel-y-macron-visitan-la-planta-de-airbus-en-toulouse\/#webpage","url":"https:\/\/eldigitaldeasturias.com\/radio\/merkel-y-macron-visitan-la-planta-de-airbus-en-toulouse\/","name":"Merkel y Macron visitan la planta de Airbus en Toulouse | El Digital de Asturias","description":"Toulouse (Francia), 16 oct (dpa) - La canciller alemana, Angela Merkel, y el presidente franc\u00e9s, Emmanuel Macron, visitaron hoy juntos las instalaciones del fabricante europeo de aviones Airbus en Toulouse. Los dos mandatarios fueron recibidos por el presidente ejecutivo de Airbus, Guillaume Faury, y por miembros de la direcci\u00f3n de la empresa al mediod\u00eda. Tambi\u00e9n","inLanguage":"es-ES","isPartOf":{"@id":"https:\/\/eldigitaldeasturias.com\/radio\/#website"},"breadcrumb":{"@id":"https:\/\/eldigitaldeasturias.com\/radio\/merkel-y-macron-visitan-la-planta-de-airbus-en-toulouse\/#breadcrumblist"},"author":{"@id":"https:\/\/eldigitaldeasturias.com\/radio\/author\/nbasturias\/#author"},"creator":{"@id":"https:\/\/eldigitaldeasturias.com\/radio\/author\/nbasturias\/#author"},"image":{"@type":"ImageObject","url":"https:\/\/eldigitaldeasturias.com\/radio\/wp-content\/uploads\/2019\/10\/Visita-Airbus.jpg","@id":"https:\/\/eldigitaldeasturias.com\/radio\/merkel-y-macron-visitan-la-planta-de-airbus-en-toulouse\/#mainImage","width":884,"height":664,"caption":"Francia. Foto: Christian B\u00f6hmer\/dpa"},"primaryImageOfPage":{"@id":"https:\/\/eldigitaldeasturias.com\/radio\/merkel-y-macron-visitan-la-planta-de-airbus-en-toulouse\/#mainImage"},"datePublished":"2019-10-19T02:42:52+02:00","dateModified":"2019-10-19T02:42:52+02:00"},{"@type":"WebSite","@id":"https:\/\/eldigitaldeasturias.com\/radio\/#website","url":"https:\/\/eldigitaldeasturias.com\/radio\/","name":"El Digital de Asturias","description":"Diario de informaci\u00f3n y noticias","inLanguage":"es-ES","publisher":{"@id":"https:\/\/eldigitaldeasturias.com\/radio\/#organization"}}]},"og:locale":"es_ES","og:site_name":"El Digital de Asturias | Diario de informaci\u00f3n y noticias","og:type":"article","og:title":"Merkel y Macron visitan la planta de Airbus en Toulouse | El Digital de Asturias","og:description":"Toulouse (Francia), 16 oct (dpa) - La canciller alemana, Angela Merkel, y el presidente franc\u00e9s, Emmanuel Macron, visitaron hoy juntos las instalaciones del fabricante europeo de aviones Airbus en Toulouse. Los dos mandatarios fueron recibidos por el presidente ejecutivo de Airbus, Guillaume Faury, y por miembros de la direcci\u00f3n de la empresa al mediod\u00eda. Tambi\u00e9n","og:url":"https:\/\/eldigitaldeasturias.com\/radio\/merkel-y-macron-visitan-la-planta-de-airbus-en-toulouse\/","og:image":"https:\/\/eldigitaldeasturias.com\/radio\/wp-content\/uploads\/2019\/10\/Visita-Airbus.jpg","og:image:secure_url":"https:\/\/eldigitaldeasturias.com\/radio\/wp-content\/uploads\/2019\/10\/Visita-Airbus.jpg","og:image:width":884,"og:image:height":664,"article:published_time":"2019-10-19T02:42:52+00:00","article:modified_time":"2019-10-19T02:42:52+00:00","twitter:card":"summary_large_image","twitter:site":"@bercodi","twitter:title":"Merkel y Macron visitan la planta de Airbus en Toulouse | El Digital de Asturias","twitter:description":"Toulouse (Francia), 16 oct (dpa) - La canciller alemana, Angela Merkel, y el presidente franc\u00e9s, Emmanuel Macron, visitaron hoy juntos las instalaciones del fabricante europeo de aviones Airbus en Toulouse. Los dos mandatarios fueron recibidos por el presidente ejecutivo de Airbus, Guillaume Faury, y por miembros de la direcci\u00f3n de la empresa al mediod\u00eda. Tambi\u00e9n","twitter:creator":"@bercodi","twitter:image":"https:\/\/eldigitaldeasturias.com\/radio\/wp-content\/uploads\/2019\/10\/Visita-Airbus.jpg"},"aioseo_meta_data":{"post_id":"3257","title":null,"description":null,"keywords":null,"keyphrases":null,"primary_term":null,"canonical_url":null,"og_title":null,"og_description":null,"og_object_type":"default","og_image_type":"default","og_image_url":null,"og_image_width":null,"og_image_height":null,"og_image_custom_url":null,"og_image_custom_fields":null,"og_video":null,"og_custom_url":null,"og_article_section":null,"og_article_tags":null,"twitter_use_og":false,"twitter_card":"default","twitter_image_type":"default","twitter_image_url":null,"twitter_image_custom_url":null,"twitter_image_custom_fields":null,"twitter_title":null,"twitter_description":null,"schema":{"blockGraphs":[],"customGraphs":[],"default":{"data":{"Article":[],"Course":[],"Dataset":[],"FAQPage":[],"Movie":[],"Person":[],"Product":[],"ProductReview":[],"Car":[],"Recipe":[],"Service":[],"SoftwareApplication":[],"WebPage":[]},"graphName":"","isEnabled":true},"graphs":[],"defaultGraph":"","defaultPostTypeGraph":""},"schema_type":null,"schema_type_options":null,"pillar_content":false,"robots_default":true,"robots_noindex":false,"robots_noarchive":false,"robots_nosnippet":false,"robots_nofollow":false,"robots_noimageindex":false,"robots_noodp":false,"robots_notranslate":false,"robots_max_snippet":null,"robots_max_videopreview":null,"robots_max_imagepreview":"large","priority":null,"frequency":null,"location":null,"local_seo":null,"seo_analyzer_scan_date":"2025-08-28 13:53:23","breadcrumb_settings":null,"limit_modified_date":false,"open_ai":null,"ai":null,"created":"2021-03-30 07:57:24","updated":"2025-08-28 13:53:23"},"aioseo_breadcrumb":"<div class=\"aioseo-breadcrumbs\"><span class=\"aioseo-breadcrumb\">\n\t<a href=\"https:\/\/eldigitaldeasturias.com\/radio\" title=\"Inicio\">Inicio<\/a>\n<\/span><span class=\"aioseo-breadcrumb-separator\">&ndash;<\/span><span class=\"aioseo-breadcrumb\">\n\t<a href=\"https:\/\/eldigitaldeasturias.com\/radio\/category\/noticias\/\" title=\"Noticias\">Noticias<\/a>\n<\/span><span class=\"aioseo-breadcrumb-separator\">&ndash;<\/span><span class=\"aioseo-breadcrumb\">\n\tMerkel y Macron visitan la planta de Airbus en Toulouse\n<\/span><\/div>","aioseo_breadcrumb_json":[{"label":"Inicio","link":"https:\/\/eldigitaldeasturias.com\/radio"},{"label":"Noticias","link":"https:\/\/eldigitaldeasturias.com\/radio\/category\/noticias\/"},{"label":"Merkel y Macron visitan la planta de Airbus en Toulouse","link":"https:\/\/eldigitaldeasturias.com\/radio\/merkel-y-macron-visitan-la-planta-de-airbus-en-toulouse\/"}],"_links":{"self":[{"href":"https:\/\/eldigitaldeasturias.com\/radio\/wp-json\/wp\/v2\/posts\/3257","targetHints":{"allow":["GET"]}}],"collection":[{"href":"https:\/\/eldigitaldeasturias.com\/radio\/wp-json\/wp\/v2\/posts"}],"about":[{"href":"https:\/\/eldigitaldeasturias.com\/radio\/wp-json\/wp\/v2\/types\/post"}],"author":[{"embeddable":true,"href":"https:\/\/eldigitaldeasturias.com\/radio\/wp-json\/wp\/v2\/users\/1"}],"replies":[{"embeddable":true,"href":"https:\/\/eldigitaldeasturias.com\/radio\/wp-json\/wp\/v2\/comments?post=3257"}],"version-history":[{"count":0,"href":"https:\/\/eldigitaldeasturias.com\/radio\/wp-json\/wp\/v2\/posts\/3257\/revisions"}],"wp:featuredmedia":[{"embeddable":true,"href":"https:\/\/eldigitaldeasturias.com\/radio\/wp-json\/wp\/v2\/media\/3258"}],"wp:attachment":[{"href":"https:\/\/eldigitaldeasturias.com\/radio\/wp-json\/wp\/v2\/media?parent=3257"}],"wp:term":[{"taxonomy":"category","embeddable":true,"href":"https:\/\/eldigitaldeasturias.com\/radio\/wp-json\/wp\/v2\/categories?post=3257"},{"taxonomy":"post_tag","embeddable":true,"href":"https:\/\/eldigitaldeasturias.com\/radio\/wp-json\/wp\/v2\/tags?post=3257"}],"curies":[{"name":"wp","href":"https:\/\/api.w.org\/{rel}","templated":true}]}}