{"id":3249,"date":"2019-09-29T15:46:26","date_gmt":"2019-09-29T15:46:26","guid":{"rendered":"http:\/\/eldigitaldeasturias.com\/radio\/?p=3249"},"modified":"2019-09-29T15:46:26","modified_gmt":"2019-09-29T15:46:26","slug":"reabren-las-lujosas-salas-del-palacio-residencial-de-dresde","status":"publish","type":"post","link":"https:\/\/eldigitaldeasturias.com\/radio\/reabren-las-lujosas-salas-del-palacio-residencial-de-dresde\/","title":{"rendered":"Reabren las lujosas salas del Palacio Residencial de Dresde"},"content":{"rendered":"<figure id=\"attachment_3250\" aria-describedby=\"caption-attachment-3250\" style=\"width: 360px\" class=\"wp-caption alignleft\"><img fetchpriority=\"high\" decoding=\"async\" class=\"wp-image-3250 size-medium\" src=\"https:\/\/eldigitaldeasturias.com\/radio\/wp-content\/uploads\/2019\/09\/Palacio-Residencial-de-Dresde-360x240.jpg\" alt=\"\" width=\"360\" height=\"240\" srcset=\"https:\/\/eldigitaldeasturias.com\/radio\/wp-content\/uploads\/2019\/09\/Palacio-Residencial-de-Dresde-360x240.jpg 360w, https:\/\/eldigitaldeasturias.com\/radio\/wp-content\/uploads\/2019\/09\/Palacio-Residencial-de-Dresde-768x512.jpg 768w, https:\/\/eldigitaldeasturias.com\/radio\/wp-content\/uploads\/2019\/09\/Palacio-Residencial-de-Dresde.jpg 1002w\" sizes=\"(max-width: 360px) 100vw, 360px\" \/><figcaption id=\"caption-attachment-3250\" class=\"wp-caption-text\">Sala de audiencias del Palacio Residencial de Dresde. Foto: Sebastian Kahnert\/dpa-Zentralbild\/dpa<\/figcaption><\/figure>\n<p>Dresde (Alemania), 28 sep (dpa) &#8211; Las lujosas salas barrocas del Palacio Residencial de Dresde fueron reinauguradas hoy en la ciudad capital del estado federado de Sajonia, a casi 75 a\u00f1os de su destrucci\u00f3n en la Segunda Guerra Mundial.<\/p>\n<p>Las habitaciones fueron reconstruidas hasta el m\u00e1s m\u00ednimo detalle. Michael Kretschmer, jefe del Gobierno regional, destac\u00f3 durante la ceremonia que el palacio no es solo un sitio especial de la historia sajona desde el Renacimiento hasta la actualidad, sino que tambi\u00e9n forma parte de la historia alemana y europea.<\/p>\n<p>Las salas representativas son la \u00abcoronaci\u00f3n\u00bb de las obras para restaurar el edificio que comenzaron en 1986, tras haber sufrido grandes da\u00f1os en 1945. El palacio fue convertido en un complejo de museos gestionado por las Colecciones Estatales de Arte.<\/p>\n<p>Sajonia invirti\u00f3 unos 35 millones de euros (38,2 millones de d\u00f3lares) en la minuciosa reconstrucci\u00f3n de la sala angular, la sala de audiencias y dormitorios con antec\u00e1maras.<\/p>\n<p>El legendario pr\u00edncipe elector saj\u00f3n Augusto el Fuerte (1670-1733), tambi\u00e9n rey de Polonia y gran duque de Lituania, hizo remodelar y amueblar con gran lujo las salas en 1717 con motivo de la boda de su hijo con la hija de un emperador.<\/p>\n","protected":false},"excerpt":{"rendered":"<p>Dresde (Alemania), 28 sep (dpa) &#8211; Las lujosas salas barrocas del Palacio Residencial de Dresde fueron reinauguradas hoy en la ciudad capital del estado federado de Sajonia, a casi 75 a\u00f1os de su destrucci\u00f3n en la Segunda Guerra Mundial. Las habitaciones fueron reconstruidas hasta el m\u00e1s m\u00ednimo detalle. Michael Kretschmer, jefe del Gobierno regional, destac\u00f3<\/p>\n","protected":false},"author":1,"featured_media":3250,"comment_status":"closed","ping_status":"closed","sticky":false,"template":"","format":"standard","meta":{"footnotes":""},"categories":[34],"tags":[],"class_list":{"0":"post-3249","1":"post","2":"type-post","3":"status-publish","4":"format-standard","5":"has-post-thumbnail","7":"category-turismo"},"aioseo_notices":[],"aioseo_head":"\n\t\t<!-- All in One SEO Pro 4.9.6.2 - aioseo.com -->\n\t<meta name=\"description\" content=\"Dresde (Alemania), 28 sep (dpa) - Las lujosas salas barrocas del Palacio Residencial de Dresde fueron reinauguradas hoy en la ciudad capital del estado federado de Sajonia, a casi 75 a\u00f1os de su destrucci\u00f3n en la Segunda Guerra Mundial. Las habitaciones fueron reconstruidas hasta el m\u00e1s m\u00ednimo detalle. Michael Kretschmer, jefe del Gobierno regional, destac\u00f3\" \/>\n\t<meta name=\"robots\" content=\"max-image-preview:large\" \/>\n\t<meta name=\"author\" content=\"NBAsturias\"\/>\n\t<meta name=\"google-site-verification\" content=\"UA-38556648-1\" \/>\n\t<meta name=\"keywords\" content=\"turismo\" \/>\n\t<link rel=\"canonical\" href=\"https:\/\/eldigitaldeasturias.com\/radio\/reabren-las-lujosas-salas-del-palacio-residencial-de-dresde\/\" \/>\n\t<meta name=\"generator\" content=\"All in One SEO Pro (AIOSEO) 4.9.6.2\" \/>\n\t\t<meta property=\"og:locale\" content=\"es_ES\" \/>\n\t\t<meta property=\"og:site_name\" content=\"El Digital de Asturias | Diario de informaci\u00f3n y noticias\" \/>\n\t\t<meta property=\"og:type\" content=\"article\" \/>\n\t\t<meta property=\"og:title\" content=\"Reabren las lujosas salas del Palacio Residencial de Dresde | El Digital de Asturias\" \/>\n\t\t<meta property=\"og:description\" content=\"Dresde (Alemania), 28 sep (dpa) - Las lujosas salas barrocas del Palacio Residencial de Dresde fueron reinauguradas hoy en la ciudad capital del estado federado de Sajonia, a casi 75 a\u00f1os de su destrucci\u00f3n en la Segunda Guerra Mundial. Las habitaciones fueron reconstruidas hasta el m\u00e1s m\u00ednimo detalle. Michael Kretschmer, jefe del Gobierno regional, destac\u00f3\" \/>\n\t\t<meta property=\"og:url\" content=\"https:\/\/eldigitaldeasturias.com\/radio\/reabren-las-lujosas-salas-del-palacio-residencial-de-dresde\/\" \/>\n\t\t<meta property=\"og:image\" content=\"https:\/\/eldigitaldeasturias.com\/radio\/wp-content\/uploads\/2019\/09\/Palacio-Residencial-de-Dresde.jpg\" \/>\n\t\t<meta property=\"og:image:secure_url\" content=\"https:\/\/eldigitaldeasturias.com\/radio\/wp-content\/uploads\/2019\/09\/Palacio-Residencial-de-Dresde.jpg\" \/>\n\t\t<meta property=\"og:image:width\" content=\"1002\" \/>\n\t\t<meta property=\"og:image:height\" content=\"668\" \/>\n\t\t<meta property=\"article:published_time\" content=\"2019-09-29T15:46:26+00:00\" \/>\n\t\t<meta property=\"article:modified_time\" content=\"2019-09-29T15:46:26+00:00\" \/>\n\t\t<meta name=\"twitter:card\" content=\"summary_large_image\" \/>\n\t\t<meta name=\"twitter:site\" content=\"@bercodi\" \/>\n\t\t<meta name=\"twitter:title\" content=\"Reabren las lujosas salas del Palacio Residencial de Dresde | El Digital de Asturias\" \/>\n\t\t<meta name=\"twitter:description\" content=\"Dresde (Alemania), 28 sep (dpa) - Las lujosas salas barrocas del Palacio Residencial de Dresde fueron reinauguradas hoy en la ciudad capital del estado federado de Sajonia, a casi 75 a\u00f1os de su destrucci\u00f3n en la Segunda Guerra Mundial. Las habitaciones fueron reconstruidas hasta el m\u00e1s m\u00ednimo detalle. Michael Kretschmer, jefe del Gobierno regional, destac\u00f3\" \/>\n\t\t<meta name=\"twitter:creator\" content=\"@bercodi\" \/>\n\t\t<meta name=\"twitter:image\" content=\"https:\/\/eldigitaldeasturias.com\/radio\/wp-content\/uploads\/2019\/09\/Palacio-Residencial-de-Dresde.jpg\" \/>\n\t\t<script type=\"application\/ld+json\" class=\"aioseo-schema\">\n\t\t\t{\"@context\":\"https:\\\/\\\/schema.org\",\"@graph\":[{\"@type\":\"BreadcrumbList\",\"@id\":\"https:\\\/\\\/eldigitaldeasturias.com\\\/radio\\\/reabren-las-lujosas-salas-del-palacio-residencial-de-dresde\\\/#breadcrumblist\",\"itemListElement\":[{\"@type\":\"ListItem\",\"@id\":\"https:\\\/\\\/eldigitaldeasturias.com\\\/radio#listItem\",\"position\":1,\"name\":\"Inicio\",\"item\":\"https:\\\/\\\/eldigitaldeasturias.com\\\/radio\",\"nextItem\":{\"@type\":\"ListItem\",\"@id\":\"https:\\\/\\\/eldigitaldeasturias.com\\\/radio\\\/category\\\/turismo\\\/#listItem\",\"name\":\"Turismo\"}},{\"@type\":\"ListItem\",\"@id\":\"https:\\\/\\\/eldigitaldeasturias.com\\\/radio\\\/category\\\/turismo\\\/#listItem\",\"position\":2,\"name\":\"Turismo\",\"item\":\"https:\\\/\\\/eldigitaldeasturias.com\\\/radio\\\/category\\\/turismo\\\/\",\"nextItem\":{\"@type\":\"ListItem\",\"@id\":\"https:\\\/\\\/eldigitaldeasturias.com\\\/radio\\\/reabren-las-lujosas-salas-del-palacio-residencial-de-dresde\\\/#listItem\",\"name\":\"Reabren las lujosas salas del Palacio Residencial de Dresde\"},\"previousItem\":{\"@type\":\"ListItem\",\"@id\":\"https:\\\/\\\/eldigitaldeasturias.com\\\/radio#listItem\",\"name\":\"Inicio\"}},{\"@type\":\"ListItem\",\"@id\":\"https:\\\/\\\/eldigitaldeasturias.com\\\/radio\\\/reabren-las-lujosas-salas-del-palacio-residencial-de-dresde\\\/#listItem\",\"position\":3,\"name\":\"Reabren las lujosas salas del Palacio Residencial de Dresde\",\"previousItem\":{\"@type\":\"ListItem\",\"@id\":\"https:\\\/\\\/eldigitaldeasturias.com\\\/radio\\\/category\\\/turismo\\\/#listItem\",\"name\":\"Turismo\"}}]},{\"@type\":\"NewsArticle\",\"@id\":\"https:\\\/\\\/eldigitaldeasturias.com\\\/radio\\\/reabren-las-lujosas-salas-del-palacio-residencial-de-dresde\\\/#newsarticle\",\"name\":\"Reabren las lujosas salas del Palacio Residencial de Dresde | El Digital de Asturias\",\"headline\":\"Reabren las lujosas salas del Palacio Residencial de Dresde\",\"author\":{\"@id\":\"https:\\\/\\\/eldigitaldeasturias.com\\\/radio\\\/author\\\/nbasturias\\\/#author\"},\"publisher\":{\"@id\":\"https:\\\/\\\/eldigitaldeasturias.com\\\/radio\\\/#organization\"},\"image\":{\"@type\":\"ImageObject\",\"url\":\"https:\\\/\\\/eldigitaldeasturias.com\\\/radio\\\/wp-content\\\/uploads\\\/2019\\\/09\\\/Palacio-Residencial-de-Dresde.jpg\",\"width\":1002,\"height\":668,\"caption\":\"Sala de audiencias del Palacio Residencial de Dresde. Foto: Sebastian Kahnert\\\/dpa-Zentralbild\\\/dpa\"},\"datePublished\":\"2019-09-29T15:46:26+02:00\",\"dateModified\":\"2019-09-29T15:46:26+02:00\",\"inLanguage\":\"es-ES\",\"mainEntityOfPage\":{\"@id\":\"https:\\\/\\\/eldigitaldeasturias.com\\\/radio\\\/reabren-las-lujosas-salas-del-palacio-residencial-de-dresde\\\/#webpage\"},\"isPartOf\":{\"@id\":\"https:\\\/\\\/eldigitaldeasturias.com\\\/radio\\\/reabren-las-lujosas-salas-del-palacio-residencial-de-dresde\\\/#webpage\"},\"articleSection\":\"Turismo\",\"dateline\":\"Publicado el septiembre 29, 2019.\"},{\"@type\":\"Organization\",\"@id\":\"https:\\\/\\\/eldigitaldeasturias.com\\\/radio\\\/#organization\",\"name\":\"El digital de Asturias Radio\",\"description\":\"Diario de informaci\\u00f3n y noticias\",\"url\":\"https:\\\/\\\/eldigitaldeasturias.com\\\/radio\\\/\",\"telephone\":\"+34652131393\",\"logo\":{\"@type\":\"ImageObject\",\"url\":\"https:\\\/\\\/www.eldigitaldeasturias.com\\\/radio\\\/wp-content\\\/uploads\\\/2021\\\/03\\\/EDA.jpg\",\"@id\":\"https:\\\/\\\/eldigitaldeasturias.com\\\/radio\\\/reabren-las-lujosas-salas-del-palacio-residencial-de-dresde\\\/#organizationLogo\"},\"image\":{\"@id\":\"https:\\\/\\\/eldigitaldeasturias.com\\\/radio\\\/reabren-las-lujosas-salas-del-palacio-residencial-de-dresde\\\/#organizationLogo\"},\"sameAs\":[\"https:\\\/\\\/www.facebook.com\\\/\",\"https:\\\/\\\/x.com\\\/bercodi\",\"https:\\\/\\\/www.instagram.com\\\/\",\"https:\\\/\\\/www.youtube.com\\\/channel\\\/UCZP-2wLEB9Rv6erhFmqVnvg\"]},{\"@type\":\"Person\",\"@id\":\"https:\\\/\\\/eldigitaldeasturias.com\\\/radio\\\/author\\\/nbasturias\\\/#author\",\"url\":\"https:\\\/\\\/eldigitaldeasturias.com\\\/radio\\\/author\\\/nbasturias\\\/\",\"name\":\"NBAsturias\",\"image\":{\"@type\":\"ImageObject\",\"@id\":\"https:\\\/\\\/eldigitaldeasturias.com\\\/radio\\\/reabren-las-lujosas-salas-del-palacio-residencial-de-dresde\\\/#authorImage\",\"url\":\"https:\\\/\\\/secure.gravatar.com\\\/avatar\\\/df2aeffc32bcd13f8d26072ef8a91b623d677766deac7f97ca815868cd41bf5e?s=96&d=mm&r=g\",\"width\":96,\"height\":96,\"caption\":\"NBAsturias\"}},{\"@type\":\"WebPage\",\"@id\":\"https:\\\/\\\/eldigitaldeasturias.com\\\/radio\\\/reabren-las-lujosas-salas-del-palacio-residencial-de-dresde\\\/#webpage\",\"url\":\"https:\\\/\\\/eldigitaldeasturias.com\\\/radio\\\/reabren-las-lujosas-salas-del-palacio-residencial-de-dresde\\\/\",\"name\":\"Reabren las lujosas salas del Palacio Residencial de Dresde | El Digital de Asturias\",\"description\":\"Dresde (Alemania), 28 sep (dpa) - Las lujosas salas barrocas del Palacio Residencial de Dresde fueron reinauguradas hoy en la ciudad capital del estado federado de Sajonia, a casi 75 a\\u00f1os de su destrucci\\u00f3n en la Segunda Guerra Mundial. Las habitaciones fueron reconstruidas hasta el m\\u00e1s m\\u00ednimo detalle. Michael Kretschmer, jefe del Gobierno regional, destac\\u00f3\",\"inLanguage\":\"es-ES\",\"isPartOf\":{\"@id\":\"https:\\\/\\\/eldigitaldeasturias.com\\\/radio\\\/#website\"},\"breadcrumb\":{\"@id\":\"https:\\\/\\\/eldigitaldeasturias.com\\\/radio\\\/reabren-las-lujosas-salas-del-palacio-residencial-de-dresde\\\/#breadcrumblist\"},\"author\":{\"@id\":\"https:\\\/\\\/eldigitaldeasturias.com\\\/radio\\\/author\\\/nbasturias\\\/#author\"},\"creator\":{\"@id\":\"https:\\\/\\\/eldigitaldeasturias.com\\\/radio\\\/author\\\/nbasturias\\\/#author\"},\"image\":{\"@type\":\"ImageObject\",\"url\":\"https:\\\/\\\/eldigitaldeasturias.com\\\/radio\\\/wp-content\\\/uploads\\\/2019\\\/09\\\/Palacio-Residencial-de-Dresde.jpg\",\"@id\":\"https:\\\/\\\/eldigitaldeasturias.com\\\/radio\\\/reabren-las-lujosas-salas-del-palacio-residencial-de-dresde\\\/#mainImage\",\"width\":1002,\"height\":668,\"caption\":\"Sala de audiencias del Palacio Residencial de Dresde. Foto: Sebastian Kahnert\\\/dpa-Zentralbild\\\/dpa\"},\"primaryImageOfPage\":{\"@id\":\"https:\\\/\\\/eldigitaldeasturias.com\\\/radio\\\/reabren-las-lujosas-salas-del-palacio-residencial-de-dresde\\\/#mainImage\"},\"datePublished\":\"2019-09-29T15:46:26+02:00\",\"dateModified\":\"2019-09-29T15:46:26+02:00\"},{\"@type\":\"WebSite\",\"@id\":\"https:\\\/\\\/eldigitaldeasturias.com\\\/radio\\\/#website\",\"url\":\"https:\\\/\\\/eldigitaldeasturias.com\\\/radio\\\/\",\"name\":\"El Digital de Asturias\",\"description\":\"Diario de informaci\\u00f3n y noticias\",\"inLanguage\":\"es-ES\",\"publisher\":{\"@id\":\"https:\\\/\\\/eldigitaldeasturias.com\\\/radio\\\/#organization\"}}]}\n\t\t<\/script>\n\t\t<!-- All in One SEO Pro -->\r\n\t\t<title>Reabren las lujosas salas del Palacio Residencial de Dresde | El Digital de Asturias<\/title>\n\n","aioseo_head_json":{"title":"Reabren las lujosas salas del Palacio Residencial de Dresde | El Digital de Asturias","description":"Dresde (Alemania), 28 sep (dpa) - Las lujosas salas barrocas del Palacio Residencial de Dresde fueron reinauguradas hoy en la ciudad capital del estado federado de Sajonia, a casi 75 a\u00f1os de su destrucci\u00f3n en la Segunda Guerra Mundial. Las habitaciones fueron reconstruidas hasta el m\u00e1s m\u00ednimo detalle. Michael Kretschmer, jefe del Gobierno regional, destac\u00f3","canonical_url":"https:\/\/eldigitaldeasturias.com\/radio\/reabren-las-lujosas-salas-del-palacio-residencial-de-dresde\/","robots":"max-image-preview:large","keywords":"turismo","webmasterTools":{"google-site-verification":"UA-38556648-1","miscellaneous":""},"schema":{"@context":"https:\/\/schema.org","@graph":[{"@type":"BreadcrumbList","@id":"https:\/\/eldigitaldeasturias.com\/radio\/reabren-las-lujosas-salas-del-palacio-residencial-de-dresde\/#breadcrumblist","itemListElement":[{"@type":"ListItem","@id":"https:\/\/eldigitaldeasturias.com\/radio#listItem","position":1,"name":"Inicio","item":"https:\/\/eldigitaldeasturias.com\/radio","nextItem":{"@type":"ListItem","@id":"https:\/\/eldigitaldeasturias.com\/radio\/category\/turismo\/#listItem","name":"Turismo"}},{"@type":"ListItem","@id":"https:\/\/eldigitaldeasturias.com\/radio\/category\/turismo\/#listItem","position":2,"name":"Turismo","item":"https:\/\/eldigitaldeasturias.com\/radio\/category\/turismo\/","nextItem":{"@type":"ListItem","@id":"https:\/\/eldigitaldeasturias.com\/radio\/reabren-las-lujosas-salas-del-palacio-residencial-de-dresde\/#listItem","name":"Reabren las lujosas salas del Palacio Residencial de Dresde"},"previousItem":{"@type":"ListItem","@id":"https:\/\/eldigitaldeasturias.com\/radio#listItem","name":"Inicio"}},{"@type":"ListItem","@id":"https:\/\/eldigitaldeasturias.com\/radio\/reabren-las-lujosas-salas-del-palacio-residencial-de-dresde\/#listItem","position":3,"name":"Reabren las lujosas salas del Palacio Residencial de Dresde","previousItem":{"@type":"ListItem","@id":"https:\/\/eldigitaldeasturias.com\/radio\/category\/turismo\/#listItem","name":"Turismo"}}]},{"@type":"NewsArticle","@id":"https:\/\/eldigitaldeasturias.com\/radio\/reabren-las-lujosas-salas-del-palacio-residencial-de-dresde\/#newsarticle","name":"Reabren las lujosas salas del Palacio Residencial de Dresde | El Digital de Asturias","headline":"Reabren las lujosas salas del Palacio Residencial de Dresde","author":{"@id":"https:\/\/eldigitaldeasturias.com\/radio\/author\/nbasturias\/#author"},"publisher":{"@id":"https:\/\/eldigitaldeasturias.com\/radio\/#organization"},"image":{"@type":"ImageObject","url":"https:\/\/eldigitaldeasturias.com\/radio\/wp-content\/uploads\/2019\/09\/Palacio-Residencial-de-Dresde.jpg","width":1002,"height":668,"caption":"Sala de audiencias del Palacio Residencial de Dresde. Foto: Sebastian Kahnert\/dpa-Zentralbild\/dpa"},"datePublished":"2019-09-29T15:46:26+02:00","dateModified":"2019-09-29T15:46:26+02:00","inLanguage":"es-ES","mainEntityOfPage":{"@id":"https:\/\/eldigitaldeasturias.com\/radio\/reabren-las-lujosas-salas-del-palacio-residencial-de-dresde\/#webpage"},"isPartOf":{"@id":"https:\/\/eldigitaldeasturias.com\/radio\/reabren-las-lujosas-salas-del-palacio-residencial-de-dresde\/#webpage"},"articleSection":"Turismo","dateline":"Publicado el septiembre 29, 2019."},{"@type":"Organization","@id":"https:\/\/eldigitaldeasturias.com\/radio\/#organization","name":"El digital de Asturias Radio","description":"Diario de informaci\u00f3n y noticias","url":"https:\/\/eldigitaldeasturias.com\/radio\/","telephone":"+34652131393","logo":{"@type":"ImageObject","url":"https:\/\/www.eldigitaldeasturias.com\/radio\/wp-content\/uploads\/2021\/03\/EDA.jpg","@id":"https:\/\/eldigitaldeasturias.com\/radio\/reabren-las-lujosas-salas-del-palacio-residencial-de-dresde\/#organizationLogo"},"image":{"@id":"https:\/\/eldigitaldeasturias.com\/radio\/reabren-las-lujosas-salas-del-palacio-residencial-de-dresde\/#organizationLogo"},"sameAs":["https:\/\/www.facebook.com\/","https:\/\/x.com\/bercodi","https:\/\/www.instagram.com\/","https:\/\/www.youtube.com\/channel\/UCZP-2wLEB9Rv6erhFmqVnvg"]},{"@type":"Person","@id":"https:\/\/eldigitaldeasturias.com\/radio\/author\/nbasturias\/#author","url":"https:\/\/eldigitaldeasturias.com\/radio\/author\/nbasturias\/","name":"NBAsturias","image":{"@type":"ImageObject","@id":"https:\/\/eldigitaldeasturias.com\/radio\/reabren-las-lujosas-salas-del-palacio-residencial-de-dresde\/#authorImage","url":"https:\/\/secure.gravatar.com\/avatar\/df2aeffc32bcd13f8d26072ef8a91b623d677766deac7f97ca815868cd41bf5e?s=96&d=mm&r=g","width":96,"height":96,"caption":"NBAsturias"}},{"@type":"WebPage","@id":"https:\/\/eldigitaldeasturias.com\/radio\/reabren-las-lujosas-salas-del-palacio-residencial-de-dresde\/#webpage","url":"https:\/\/eldigitaldeasturias.com\/radio\/reabren-las-lujosas-salas-del-palacio-residencial-de-dresde\/","name":"Reabren las lujosas salas del Palacio Residencial de Dresde | El Digital de Asturias","description":"Dresde (Alemania), 28 sep (dpa) - Las lujosas salas barrocas del Palacio Residencial de Dresde fueron reinauguradas hoy en la ciudad capital del estado federado de Sajonia, a casi 75 a\u00f1os de su destrucci\u00f3n en la Segunda Guerra Mundial. Las habitaciones fueron reconstruidas hasta el m\u00e1s m\u00ednimo detalle. Michael Kretschmer, jefe del Gobierno regional, destac\u00f3","inLanguage":"es-ES","isPartOf":{"@id":"https:\/\/eldigitaldeasturias.com\/radio\/#website"},"breadcrumb":{"@id":"https:\/\/eldigitaldeasturias.com\/radio\/reabren-las-lujosas-salas-del-palacio-residencial-de-dresde\/#breadcrumblist"},"author":{"@id":"https:\/\/eldigitaldeasturias.com\/radio\/author\/nbasturias\/#author"},"creator":{"@id":"https:\/\/eldigitaldeasturias.com\/radio\/author\/nbasturias\/#author"},"image":{"@type":"ImageObject","url":"https:\/\/eldigitaldeasturias.com\/radio\/wp-content\/uploads\/2019\/09\/Palacio-Residencial-de-Dresde.jpg","@id":"https:\/\/eldigitaldeasturias.com\/radio\/reabren-las-lujosas-salas-del-palacio-residencial-de-dresde\/#mainImage","width":1002,"height":668,"caption":"Sala de audiencias del Palacio Residencial de Dresde. Foto: Sebastian Kahnert\/dpa-Zentralbild\/dpa"},"primaryImageOfPage":{"@id":"https:\/\/eldigitaldeasturias.com\/radio\/reabren-las-lujosas-salas-del-palacio-residencial-de-dresde\/#mainImage"},"datePublished":"2019-09-29T15:46:26+02:00","dateModified":"2019-09-29T15:46:26+02:00"},{"@type":"WebSite","@id":"https:\/\/eldigitaldeasturias.com\/radio\/#website","url":"https:\/\/eldigitaldeasturias.com\/radio\/","name":"El Digital de Asturias","description":"Diario de informaci\u00f3n y noticias","inLanguage":"es-ES","publisher":{"@id":"https:\/\/eldigitaldeasturias.com\/radio\/#organization"}}]},"og:locale":"es_ES","og:site_name":"El Digital de Asturias | Diario de informaci\u00f3n y noticias","og:type":"article","og:title":"Reabren las lujosas salas del Palacio Residencial de Dresde | El Digital de Asturias","og:description":"Dresde (Alemania), 28 sep (dpa) - Las lujosas salas barrocas del Palacio Residencial de Dresde fueron reinauguradas hoy en la ciudad capital del estado federado de Sajonia, a casi 75 a\u00f1os de su destrucci\u00f3n en la Segunda Guerra Mundial. Las habitaciones fueron reconstruidas hasta el m\u00e1s m\u00ednimo detalle. Michael Kretschmer, jefe del Gobierno regional, destac\u00f3","og:url":"https:\/\/eldigitaldeasturias.com\/radio\/reabren-las-lujosas-salas-del-palacio-residencial-de-dresde\/","og:image":"https:\/\/eldigitaldeasturias.com\/radio\/wp-content\/uploads\/2019\/09\/Palacio-Residencial-de-Dresde.jpg","og:image:secure_url":"https:\/\/eldigitaldeasturias.com\/radio\/wp-content\/uploads\/2019\/09\/Palacio-Residencial-de-Dresde.jpg","og:image:width":1002,"og:image:height":668,"article:published_time":"2019-09-29T15:46:26+00:00","article:modified_time":"2019-09-29T15:46:26+00:00","twitter:card":"summary_large_image","twitter:site":"@bercodi","twitter:title":"Reabren las lujosas salas del Palacio Residencial de Dresde | El Digital de Asturias","twitter:description":"Dresde (Alemania), 28 sep (dpa) - Las lujosas salas barrocas del Palacio Residencial de Dresde fueron reinauguradas hoy en la ciudad capital del estado federado de Sajonia, a casi 75 a\u00f1os de su destrucci\u00f3n en la Segunda Guerra Mundial. Las habitaciones fueron reconstruidas hasta el m\u00e1s m\u00ednimo detalle. Michael Kretschmer, jefe del Gobierno regional, destac\u00f3","twitter:creator":"@bercodi","twitter:image":"https:\/\/eldigitaldeasturias.com\/radio\/wp-content\/uploads\/2019\/09\/Palacio-Residencial-de-Dresde.jpg"},"aioseo_meta_data":{"post_id":"3249","title":null,"description":null,"keywords":null,"keyphrases":null,"primary_term":null,"canonical_url":null,"og_title":null,"og_description":null,"og_object_type":"default","og_image_type":"default","og_image_url":null,"og_image_width":null,"og_image_height":null,"og_image_custom_url":null,"og_image_custom_fields":null,"og_video":null,"og_custom_url":null,"og_article_section":null,"og_article_tags":null,"twitter_use_og":false,"twitter_card":"default","twitter_image_type":"default","twitter_image_url":null,"twitter_image_custom_url":null,"twitter_image_custom_fields":null,"twitter_title":null,"twitter_description":null,"schema":{"blockGraphs":[],"customGraphs":[],"default":{"data":{"Article":[],"Course":[],"Dataset":[],"FAQPage":[],"Movie":[],"Person":[],"Product":[],"ProductReview":[],"Car":[],"Recipe":[],"Service":[],"SoftwareApplication":[],"WebPage":[]},"graphName":"","isEnabled":true},"graphs":[],"defaultGraph":"","defaultPostTypeGraph":""},"schema_type":null,"schema_type_options":null,"pillar_content":false,"robots_default":true,"robots_noindex":false,"robots_noarchive":false,"robots_nosnippet":false,"robots_nofollow":false,"robots_noimageindex":false,"robots_noodp":false,"robots_notranslate":false,"robots_max_snippet":null,"robots_max_videopreview":null,"robots_max_imagepreview":"large","priority":null,"frequency":null,"location":null,"local_seo":null,"seo_analyzer_scan_date":"2025-08-28 13:51:31","breadcrumb_settings":null,"limit_modified_date":false,"open_ai":null,"ai":null,"created":"2021-03-25 12:41:54","updated":"2025-08-28 13:51:31"},"aioseo_breadcrumb":"<div class=\"aioseo-breadcrumbs\"><span class=\"aioseo-breadcrumb\">\n\t<a href=\"https:\/\/eldigitaldeasturias.com\/radio\" title=\"Inicio\">Inicio<\/a>\n<\/span><span class=\"aioseo-breadcrumb-separator\">&ndash;<\/span><span class=\"aioseo-breadcrumb\">\n\t<a href=\"https:\/\/eldigitaldeasturias.com\/radio\/category\/turismo\/\" title=\"Turismo\">Turismo<\/a>\n<\/span><span class=\"aioseo-breadcrumb-separator\">&ndash;<\/span><span class=\"aioseo-breadcrumb\">\n\tReabren las lujosas salas del Palacio Residencial de Dresde\n<\/span><\/div>","aioseo_breadcrumb_json":[{"label":"Inicio","link":"https:\/\/eldigitaldeasturias.com\/radio"},{"label":"Turismo","link":"https:\/\/eldigitaldeasturias.com\/radio\/category\/turismo\/"},{"label":"Reabren las lujosas salas del Palacio Residencial de Dresde","link":"https:\/\/eldigitaldeasturias.com\/radio\/reabren-las-lujosas-salas-del-palacio-residencial-de-dresde\/"}],"_links":{"self":[{"href":"https:\/\/eldigitaldeasturias.com\/radio\/wp-json\/wp\/v2\/posts\/3249","targetHints":{"allow":["GET"]}}],"collection":[{"href":"https:\/\/eldigitaldeasturias.com\/radio\/wp-json\/wp\/v2\/posts"}],"about":[{"href":"https:\/\/eldigitaldeasturias.com\/radio\/wp-json\/wp\/v2\/types\/post"}],"author":[{"embeddable":true,"href":"https:\/\/eldigitaldeasturias.com\/radio\/wp-json\/wp\/v2\/users\/1"}],"replies":[{"embeddable":true,"href":"https:\/\/eldigitaldeasturias.com\/radio\/wp-json\/wp\/v2\/comments?post=3249"}],"version-history":[{"count":0,"href":"https:\/\/eldigitaldeasturias.com\/radio\/wp-json\/wp\/v2\/posts\/3249\/revisions"}],"wp:featuredmedia":[{"embeddable":true,"href":"https:\/\/eldigitaldeasturias.com\/radio\/wp-json\/wp\/v2\/media\/3250"}],"wp:attachment":[{"href":"https:\/\/eldigitaldeasturias.com\/radio\/wp-json\/wp\/v2\/media?parent=3249"}],"wp:term":[{"taxonomy":"category","embeddable":true,"href":"https:\/\/eldigitaldeasturias.com\/radio\/wp-json\/wp\/v2\/categories?post=3249"},{"taxonomy":"post_tag","embeddable":true,"href":"https:\/\/eldigitaldeasturias.com\/radio\/wp-json\/wp\/v2\/tags?post=3249"}],"curies":[{"name":"wp","href":"https:\/\/api.w.org\/{rel}","templated":true}]}}