{"id":3244,"date":"2019-09-29T15:34:21","date_gmt":"2019-09-29T15:34:21","guid":{"rendered":"http:\/\/eldigitaldeasturias.com\/radio\/?p=3244"},"modified":"2019-09-29T15:34:21","modified_gmt":"2019-09-29T15:34:21","slug":"honran-en-praga-a-los-refugiados-de-la-extinta-rda","status":"publish","type":"post","link":"https:\/\/eldigitaldeasturias.com\/radio\/honran-en-praga-a-los-refugiados-de-la-extinta-rda\/","title":{"rendered":"Honran en Praga a los refugiados de la extinta RDA"},"content":{"rendered":"<p><img fetchpriority=\"high\" decoding=\"async\" class=\"alignleft size-medium wp-image-1352\" src=\"https:\/\/eldigitaldeasturias.com\/radio\/wp-content\/uploads\/2018\/10\/technology-785742_960_720-360x240.jpg\" alt=\"\" width=\"360\" height=\"240\" srcset=\"https:\/\/eldigitaldeasturias.com\/radio\/wp-content\/uploads\/2018\/10\/technology-785742_960_720-360x240.jpg 360w, https:\/\/eldigitaldeasturias.com\/radio\/wp-content\/uploads\/2018\/10\/technology-785742_960_720-768x512.jpg 768w, https:\/\/eldigitaldeasturias.com\/radio\/wp-content\/uploads\/2018\/10\/technology-785742_960_720.jpg 960w\" sizes=\"(max-width: 360px) 100vw, 360px\" \/>Praga, 28 sep (dpa) &#8211; Una nueva placa conmemorativa que recuerda la partida hace 30 a\u00f1os de los refugiados de la antigua Rep\u00fablica Democr\u00e1tica Alemana (RDA) de la embajada de Alemania Occidental fue inaugurada hoy en la estaci\u00f3n de tren checa Praga-Liben.<\/p>\n<p>Rudolf Seiters, el ex jefe de la Canciller\u00eda de Alemania que en aquel momento dirigi\u00f3 las negociaciones con la RDA, descubri\u00f3 la placa junto con uno de los refugiados de la \u00e9poca, el m\u00fasico Markus Rind.<\/p>\n<p>M\u00e1s de 4.000 ciudadanos de la antigua Alemania Oriental buscaron refugio en la embajada de Alemania Occidental en Praga en el oto\u00f1o boreal de 1989.<\/p>\n<p>El 30 de septiembre, el entonces ministro de Asuntos Exteriores Hans-Dietrich Genscher les anunci\u00f3 que se hab\u00eda autorizado su partida con trenes especiales rumbo a la Rep\u00fablica Federal de Alemania a trav\u00e9s del territorio de la RDA.<\/p>\n<p>Ahora, un \u00abtren de la libertad\u00bb en la direcci\u00f3n opuesta llev\u00f3 a testigos contempor\u00e1neos y grupos escolares de Alemania a Praga para celebrar el 30 aniversario del acontecimiento hist\u00f3rico.<\/p>\n<p>Hilmar Zander estaba en 1989 entre los refugiados en la embajada, el Palacio Lobkowicz, junto con su esposa y sus dos hijos peque\u00f1os. \u00abLas emociones est\u00e1n surgiendo\u00bb, dijo este hombre de 65 a\u00f1os. Record\u00f3 las dif\u00edciles condiciones de convivencia e higiene, pero tambi\u00e9n dijo: \u00abVali\u00f3 la pena\u00bb.<\/p>\n<p>Otro testigo de la \u00e9poca revel\u00f3 los temores de los refugiados, mientras luchaba por evitar las l\u00e1grimas. Ten\u00edan mucho miedo de que los ferrocarriles no los llevaran a Alemania Occidental sino a campos de refugiados sovi\u00e9ticos, confes\u00f3 Frank Schr\u00f6ter.<\/p>\n<p>Pocas semanas despu\u00e9s, el 9 de noviembre, con la ca\u00edda del Muro de Berl\u00edn se elimin\u00f3 la frontera entre las dos Alemanias.<\/p>\n","protected":false},"excerpt":{"rendered":"<p>Praga, 28 sep (dpa) &#8211; Una nueva placa conmemorativa que recuerda la partida hace 30 a\u00f1os de los refugiados de la antigua Rep\u00fablica Democr\u00e1tica Alemana (RDA) de la embajada de Alemania Occidental fue inaugurada hoy en la estaci\u00f3n de tren checa Praga-Liben. Rudolf Seiters, el ex jefe de la Canciller\u00eda de Alemania que en aquel<\/p>\n","protected":false},"author":1,"featured_media":1352,"comment_status":"closed","ping_status":"closed","sticky":false,"template":"","format":"standard","meta":{"footnotes":""},"categories":[1],"tags":[],"class_list":{"0":"post-3244","1":"post","2":"type-post","3":"status-publish","4":"format-standard","5":"has-post-thumbnail","7":"category-noticias"},"aioseo_notices":[],"aioseo_head":"\n\t\t<!-- All in One SEO Pro 4.9.6.2 - aioseo.com -->\n\t<meta name=\"description\" content=\"Praga, 28 sep (dpa) - Una nueva placa conmemorativa que recuerda la partida hace 30 a\u00f1os de los refugiados de la antigua Rep\u00fablica Democr\u00e1tica Alemana (RDA) de la embajada de Alemania Occidental fue inaugurada hoy en la estaci\u00f3n de tren checa Praga-Liben. Rudolf Seiters, el ex jefe de la Canciller\u00eda de Alemania que en aquel\" \/>\n\t<meta name=\"robots\" content=\"max-image-preview:large\" \/>\n\t<meta name=\"author\" content=\"NBAsturias\"\/>\n\t<meta name=\"google-site-verification\" content=\"UA-38556648-1\" \/>\n\t<meta name=\"keywords\" content=\"noticias\" \/>\n\t<link rel=\"canonical\" href=\"https:\/\/eldigitaldeasturias.com\/radio\/honran-en-praga-a-los-refugiados-de-la-extinta-rda\/\" \/>\n\t<meta name=\"generator\" content=\"All in One SEO Pro (AIOSEO) 4.9.6.2\" \/>\n\t\t<meta property=\"og:locale\" content=\"es_ES\" \/>\n\t\t<meta property=\"og:site_name\" content=\"El Digital de Asturias | Diario de informaci\u00f3n y noticias\" \/>\n\t\t<meta property=\"og:type\" content=\"article\" \/>\n\t\t<meta property=\"og:title\" content=\"Honran en Praga a los refugiados de la extinta RDA | El Digital de Asturias\" \/>\n\t\t<meta property=\"og:description\" content=\"Praga, 28 sep (dpa) - Una nueva placa conmemorativa que recuerda la partida hace 30 a\u00f1os de los refugiados de la antigua Rep\u00fablica Democr\u00e1tica Alemana (RDA) de la embajada de Alemania Occidental fue inaugurada hoy en la estaci\u00f3n de tren checa Praga-Liben. Rudolf Seiters, el ex jefe de la Canciller\u00eda de Alemania que en aquel\" \/>\n\t\t<meta property=\"og:url\" content=\"https:\/\/eldigitaldeasturias.com\/radio\/honran-en-praga-a-los-refugiados-de-la-extinta-rda\/\" \/>\n\t\t<meta property=\"og:image\" content=\"https:\/\/eldigitaldeasturias.com\/radio\/wp-content\/uploads\/2018\/10\/technology-785742_960_720.jpg\" \/>\n\t\t<meta property=\"og:image:secure_url\" content=\"https:\/\/eldigitaldeasturias.com\/radio\/wp-content\/uploads\/2018\/10\/technology-785742_960_720.jpg\" \/>\n\t\t<meta property=\"og:image:width\" content=\"960\" \/>\n\t\t<meta property=\"og:image:height\" content=\"640\" \/>\n\t\t<meta property=\"article:published_time\" content=\"2019-09-29T15:34:21+00:00\" \/>\n\t\t<meta property=\"article:modified_time\" content=\"2019-09-29T15:34:21+00:00\" \/>\n\t\t<meta name=\"twitter:card\" content=\"summary_large_image\" \/>\n\t\t<meta name=\"twitter:site\" content=\"@bercodi\" \/>\n\t\t<meta name=\"twitter:title\" content=\"Honran en Praga a los refugiados de la extinta RDA | El Digital de Asturias\" \/>\n\t\t<meta name=\"twitter:description\" content=\"Praga, 28 sep (dpa) - Una nueva placa conmemorativa que recuerda la partida hace 30 a\u00f1os de los refugiados de la antigua Rep\u00fablica Democr\u00e1tica Alemana (RDA) de la embajada de Alemania Occidental fue inaugurada hoy en la estaci\u00f3n de tren checa Praga-Liben. Rudolf Seiters, el ex jefe de la Canciller\u00eda de Alemania que en aquel\" \/>\n\t\t<meta name=\"twitter:creator\" content=\"@bercodi\" \/>\n\t\t<meta name=\"twitter:image\" content=\"https:\/\/eldigitaldeasturias.com\/radio\/wp-content\/uploads\/2018\/10\/technology-785742_960_720.jpg\" \/>\n\t\t<script type=\"application\/ld+json\" class=\"aioseo-schema\">\n\t\t\t{\"@context\":\"https:\\\/\\\/schema.org\",\"@graph\":[{\"@type\":\"BreadcrumbList\",\"@id\":\"https:\\\/\\\/eldigitaldeasturias.com\\\/radio\\\/honran-en-praga-a-los-refugiados-de-la-extinta-rda\\\/#breadcrumblist\",\"itemListElement\":[{\"@type\":\"ListItem\",\"@id\":\"https:\\\/\\\/eldigitaldeasturias.com\\\/radio#listItem\",\"position\":1,\"name\":\"Inicio\",\"item\":\"https:\\\/\\\/eldigitaldeasturias.com\\\/radio\",\"nextItem\":{\"@type\":\"ListItem\",\"@id\":\"https:\\\/\\\/eldigitaldeasturias.com\\\/radio\\\/category\\\/noticias\\\/#listItem\",\"name\":\"Noticias\"}},{\"@type\":\"ListItem\",\"@id\":\"https:\\\/\\\/eldigitaldeasturias.com\\\/radio\\\/category\\\/noticias\\\/#listItem\",\"position\":2,\"name\":\"Noticias\",\"item\":\"https:\\\/\\\/eldigitaldeasturias.com\\\/radio\\\/category\\\/noticias\\\/\",\"nextItem\":{\"@type\":\"ListItem\",\"@id\":\"https:\\\/\\\/eldigitaldeasturias.com\\\/radio\\\/honran-en-praga-a-los-refugiados-de-la-extinta-rda\\\/#listItem\",\"name\":\"Honran en Praga a los refugiados de la extinta RDA\"},\"previousItem\":{\"@type\":\"ListItem\",\"@id\":\"https:\\\/\\\/eldigitaldeasturias.com\\\/radio#listItem\",\"name\":\"Inicio\"}},{\"@type\":\"ListItem\",\"@id\":\"https:\\\/\\\/eldigitaldeasturias.com\\\/radio\\\/honran-en-praga-a-los-refugiados-de-la-extinta-rda\\\/#listItem\",\"position\":3,\"name\":\"Honran en Praga a los refugiados de la extinta RDA\",\"previousItem\":{\"@type\":\"ListItem\",\"@id\":\"https:\\\/\\\/eldigitaldeasturias.com\\\/radio\\\/category\\\/noticias\\\/#listItem\",\"name\":\"Noticias\"}}]},{\"@type\":\"NewsArticle\",\"@id\":\"https:\\\/\\\/eldigitaldeasturias.com\\\/radio\\\/honran-en-praga-a-los-refugiados-de-la-extinta-rda\\\/#newsarticle\",\"name\":\"Honran en Praga a los refugiados de la extinta RDA | El Digital de Asturias\",\"headline\":\"Honran en Praga a los refugiados de la extinta RDA\",\"author\":{\"@id\":\"https:\\\/\\\/eldigitaldeasturias.com\\\/radio\\\/author\\\/nbasturias\\\/#author\"},\"publisher\":{\"@id\":\"https:\\\/\\\/eldigitaldeasturias.com\\\/radio\\\/#organization\"},\"image\":{\"@type\":\"ImageObject\",\"url\":\"https:\\\/\\\/eldigitaldeasturias.com\\\/radio\\\/wp-content\\\/uploads\\\/2018\\\/10\\\/technology-785742_960_720.jpg\",\"width\":960,\"height\":640},\"datePublished\":\"2019-09-29T15:34:21+02:00\",\"dateModified\":\"2019-09-29T15:34:21+02:00\",\"inLanguage\":\"es-ES\",\"mainEntityOfPage\":{\"@id\":\"https:\\\/\\\/eldigitaldeasturias.com\\\/radio\\\/honran-en-praga-a-los-refugiados-de-la-extinta-rda\\\/#webpage\"},\"isPartOf\":{\"@id\":\"https:\\\/\\\/eldigitaldeasturias.com\\\/radio\\\/honran-en-praga-a-los-refugiados-de-la-extinta-rda\\\/#webpage\"},\"articleSection\":\"Noticias\",\"dateline\":\"Publicado el septiembre 29, 2019.\"},{\"@type\":\"Organization\",\"@id\":\"https:\\\/\\\/eldigitaldeasturias.com\\\/radio\\\/#organization\",\"name\":\"El digital de Asturias Radio\",\"description\":\"Diario de informaci\\u00f3n y noticias\",\"url\":\"https:\\\/\\\/eldigitaldeasturias.com\\\/radio\\\/\",\"telephone\":\"+34652131393\",\"logo\":{\"@type\":\"ImageObject\",\"url\":\"https:\\\/\\\/www.eldigitaldeasturias.com\\\/radio\\\/wp-content\\\/uploads\\\/2021\\\/03\\\/EDA.jpg\",\"@id\":\"https:\\\/\\\/eldigitaldeasturias.com\\\/radio\\\/honran-en-praga-a-los-refugiados-de-la-extinta-rda\\\/#organizationLogo\"},\"image\":{\"@id\":\"https:\\\/\\\/eldigitaldeasturias.com\\\/radio\\\/honran-en-praga-a-los-refugiados-de-la-extinta-rda\\\/#organizationLogo\"},\"sameAs\":[\"https:\\\/\\\/www.facebook.com\\\/\",\"https:\\\/\\\/x.com\\\/bercodi\",\"https:\\\/\\\/www.instagram.com\\\/\",\"https:\\\/\\\/www.youtube.com\\\/channel\\\/UCZP-2wLEB9Rv6erhFmqVnvg\"]},{\"@type\":\"Person\",\"@id\":\"https:\\\/\\\/eldigitaldeasturias.com\\\/radio\\\/author\\\/nbasturias\\\/#author\",\"url\":\"https:\\\/\\\/eldigitaldeasturias.com\\\/radio\\\/author\\\/nbasturias\\\/\",\"name\":\"NBAsturias\",\"image\":{\"@type\":\"ImageObject\",\"@id\":\"https:\\\/\\\/eldigitaldeasturias.com\\\/radio\\\/honran-en-praga-a-los-refugiados-de-la-extinta-rda\\\/#authorImage\",\"url\":\"https:\\\/\\\/secure.gravatar.com\\\/avatar\\\/df2aeffc32bcd13f8d26072ef8a91b623d677766deac7f97ca815868cd41bf5e?s=96&d=mm&r=g\",\"width\":96,\"height\":96,\"caption\":\"NBAsturias\"}},{\"@type\":\"WebPage\",\"@id\":\"https:\\\/\\\/eldigitaldeasturias.com\\\/radio\\\/honran-en-praga-a-los-refugiados-de-la-extinta-rda\\\/#webpage\",\"url\":\"https:\\\/\\\/eldigitaldeasturias.com\\\/radio\\\/honran-en-praga-a-los-refugiados-de-la-extinta-rda\\\/\",\"name\":\"Honran en Praga a los refugiados de la extinta RDA | El Digital de Asturias\",\"description\":\"Praga, 28 sep (dpa) - Una nueva placa conmemorativa que recuerda la partida hace 30 a\\u00f1os de los refugiados de la antigua Rep\\u00fablica Democr\\u00e1tica Alemana (RDA) de la embajada de Alemania Occidental fue inaugurada hoy en la estaci\\u00f3n de tren checa Praga-Liben. Rudolf Seiters, el ex jefe de la Canciller\\u00eda de Alemania que en aquel\",\"inLanguage\":\"es-ES\",\"isPartOf\":{\"@id\":\"https:\\\/\\\/eldigitaldeasturias.com\\\/radio\\\/#website\"},\"breadcrumb\":{\"@id\":\"https:\\\/\\\/eldigitaldeasturias.com\\\/radio\\\/honran-en-praga-a-los-refugiados-de-la-extinta-rda\\\/#breadcrumblist\"},\"author\":{\"@id\":\"https:\\\/\\\/eldigitaldeasturias.com\\\/radio\\\/author\\\/nbasturias\\\/#author\"},\"creator\":{\"@id\":\"https:\\\/\\\/eldigitaldeasturias.com\\\/radio\\\/author\\\/nbasturias\\\/#author\"},\"image\":{\"@type\":\"ImageObject\",\"url\":\"https:\\\/\\\/eldigitaldeasturias.com\\\/radio\\\/wp-content\\\/uploads\\\/2018\\\/10\\\/technology-785742_960_720.jpg\",\"@id\":\"https:\\\/\\\/eldigitaldeasturias.com\\\/radio\\\/honran-en-praga-a-los-refugiados-de-la-extinta-rda\\\/#mainImage\",\"width\":960,\"height\":640},\"primaryImageOfPage\":{\"@id\":\"https:\\\/\\\/eldigitaldeasturias.com\\\/radio\\\/honran-en-praga-a-los-refugiados-de-la-extinta-rda\\\/#mainImage\"},\"datePublished\":\"2019-09-29T15:34:21+02:00\",\"dateModified\":\"2019-09-29T15:34:21+02:00\"},{\"@type\":\"WebSite\",\"@id\":\"https:\\\/\\\/eldigitaldeasturias.com\\\/radio\\\/#website\",\"url\":\"https:\\\/\\\/eldigitaldeasturias.com\\\/radio\\\/\",\"name\":\"El Digital de Asturias\",\"description\":\"Diario de informaci\\u00f3n y noticias\",\"inLanguage\":\"es-ES\",\"publisher\":{\"@id\":\"https:\\\/\\\/eldigitaldeasturias.com\\\/radio\\\/#organization\"}}]}\n\t\t<\/script>\n\t\t<!-- All in One SEO Pro -->\r\n\t\t<title>Honran en Praga a los refugiados de la extinta RDA | El Digital de Asturias<\/title>\n\n","aioseo_head_json":{"title":"Honran en Praga a los refugiados de la extinta RDA | El Digital de Asturias","description":"Praga, 28 sep (dpa) - Una nueva placa conmemorativa que recuerda la partida hace 30 a\u00f1os de los refugiados de la antigua Rep\u00fablica Democr\u00e1tica Alemana (RDA) de la embajada de Alemania Occidental fue inaugurada hoy en la estaci\u00f3n de tren checa Praga-Liben. Rudolf Seiters, el ex jefe de la Canciller\u00eda de Alemania que en aquel","canonical_url":"https:\/\/eldigitaldeasturias.com\/radio\/honran-en-praga-a-los-refugiados-de-la-extinta-rda\/","robots":"max-image-preview:large","keywords":"noticias","webmasterTools":{"google-site-verification":"UA-38556648-1","miscellaneous":""},"schema":{"@context":"https:\/\/schema.org","@graph":[{"@type":"BreadcrumbList","@id":"https:\/\/eldigitaldeasturias.com\/radio\/honran-en-praga-a-los-refugiados-de-la-extinta-rda\/#breadcrumblist","itemListElement":[{"@type":"ListItem","@id":"https:\/\/eldigitaldeasturias.com\/radio#listItem","position":1,"name":"Inicio","item":"https:\/\/eldigitaldeasturias.com\/radio","nextItem":{"@type":"ListItem","@id":"https:\/\/eldigitaldeasturias.com\/radio\/category\/noticias\/#listItem","name":"Noticias"}},{"@type":"ListItem","@id":"https:\/\/eldigitaldeasturias.com\/radio\/category\/noticias\/#listItem","position":2,"name":"Noticias","item":"https:\/\/eldigitaldeasturias.com\/radio\/category\/noticias\/","nextItem":{"@type":"ListItem","@id":"https:\/\/eldigitaldeasturias.com\/radio\/honran-en-praga-a-los-refugiados-de-la-extinta-rda\/#listItem","name":"Honran en Praga a los refugiados de la extinta RDA"},"previousItem":{"@type":"ListItem","@id":"https:\/\/eldigitaldeasturias.com\/radio#listItem","name":"Inicio"}},{"@type":"ListItem","@id":"https:\/\/eldigitaldeasturias.com\/radio\/honran-en-praga-a-los-refugiados-de-la-extinta-rda\/#listItem","position":3,"name":"Honran en Praga a los refugiados de la extinta RDA","previousItem":{"@type":"ListItem","@id":"https:\/\/eldigitaldeasturias.com\/radio\/category\/noticias\/#listItem","name":"Noticias"}}]},{"@type":"NewsArticle","@id":"https:\/\/eldigitaldeasturias.com\/radio\/honran-en-praga-a-los-refugiados-de-la-extinta-rda\/#newsarticle","name":"Honran en Praga a los refugiados de la extinta RDA | El Digital de Asturias","headline":"Honran en Praga a los refugiados de la extinta RDA","author":{"@id":"https:\/\/eldigitaldeasturias.com\/radio\/author\/nbasturias\/#author"},"publisher":{"@id":"https:\/\/eldigitaldeasturias.com\/radio\/#organization"},"image":{"@type":"ImageObject","url":"https:\/\/eldigitaldeasturias.com\/radio\/wp-content\/uploads\/2018\/10\/technology-785742_960_720.jpg","width":960,"height":640},"datePublished":"2019-09-29T15:34:21+02:00","dateModified":"2019-09-29T15:34:21+02:00","inLanguage":"es-ES","mainEntityOfPage":{"@id":"https:\/\/eldigitaldeasturias.com\/radio\/honran-en-praga-a-los-refugiados-de-la-extinta-rda\/#webpage"},"isPartOf":{"@id":"https:\/\/eldigitaldeasturias.com\/radio\/honran-en-praga-a-los-refugiados-de-la-extinta-rda\/#webpage"},"articleSection":"Noticias","dateline":"Publicado el septiembre 29, 2019."},{"@type":"Organization","@id":"https:\/\/eldigitaldeasturias.com\/radio\/#organization","name":"El digital de Asturias Radio","description":"Diario de informaci\u00f3n y noticias","url":"https:\/\/eldigitaldeasturias.com\/radio\/","telephone":"+34652131393","logo":{"@type":"ImageObject","url":"https:\/\/www.eldigitaldeasturias.com\/radio\/wp-content\/uploads\/2021\/03\/EDA.jpg","@id":"https:\/\/eldigitaldeasturias.com\/radio\/honran-en-praga-a-los-refugiados-de-la-extinta-rda\/#organizationLogo"},"image":{"@id":"https:\/\/eldigitaldeasturias.com\/radio\/honran-en-praga-a-los-refugiados-de-la-extinta-rda\/#organizationLogo"},"sameAs":["https:\/\/www.facebook.com\/","https:\/\/x.com\/bercodi","https:\/\/www.instagram.com\/","https:\/\/www.youtube.com\/channel\/UCZP-2wLEB9Rv6erhFmqVnvg"]},{"@type":"Person","@id":"https:\/\/eldigitaldeasturias.com\/radio\/author\/nbasturias\/#author","url":"https:\/\/eldigitaldeasturias.com\/radio\/author\/nbasturias\/","name":"NBAsturias","image":{"@type":"ImageObject","@id":"https:\/\/eldigitaldeasturias.com\/radio\/honran-en-praga-a-los-refugiados-de-la-extinta-rda\/#authorImage","url":"https:\/\/secure.gravatar.com\/avatar\/df2aeffc32bcd13f8d26072ef8a91b623d677766deac7f97ca815868cd41bf5e?s=96&d=mm&r=g","width":96,"height":96,"caption":"NBAsturias"}},{"@type":"WebPage","@id":"https:\/\/eldigitaldeasturias.com\/radio\/honran-en-praga-a-los-refugiados-de-la-extinta-rda\/#webpage","url":"https:\/\/eldigitaldeasturias.com\/radio\/honran-en-praga-a-los-refugiados-de-la-extinta-rda\/","name":"Honran en Praga a los refugiados de la extinta RDA | El Digital de Asturias","description":"Praga, 28 sep (dpa) - Una nueva placa conmemorativa que recuerda la partida hace 30 a\u00f1os de los refugiados de la antigua Rep\u00fablica Democr\u00e1tica Alemana (RDA) de la embajada de Alemania Occidental fue inaugurada hoy en la estaci\u00f3n de tren checa Praga-Liben. Rudolf Seiters, el ex jefe de la Canciller\u00eda de Alemania que en aquel","inLanguage":"es-ES","isPartOf":{"@id":"https:\/\/eldigitaldeasturias.com\/radio\/#website"},"breadcrumb":{"@id":"https:\/\/eldigitaldeasturias.com\/radio\/honran-en-praga-a-los-refugiados-de-la-extinta-rda\/#breadcrumblist"},"author":{"@id":"https:\/\/eldigitaldeasturias.com\/radio\/author\/nbasturias\/#author"},"creator":{"@id":"https:\/\/eldigitaldeasturias.com\/radio\/author\/nbasturias\/#author"},"image":{"@type":"ImageObject","url":"https:\/\/eldigitaldeasturias.com\/radio\/wp-content\/uploads\/2018\/10\/technology-785742_960_720.jpg","@id":"https:\/\/eldigitaldeasturias.com\/radio\/honran-en-praga-a-los-refugiados-de-la-extinta-rda\/#mainImage","width":960,"height":640},"primaryImageOfPage":{"@id":"https:\/\/eldigitaldeasturias.com\/radio\/honran-en-praga-a-los-refugiados-de-la-extinta-rda\/#mainImage"},"datePublished":"2019-09-29T15:34:21+02:00","dateModified":"2019-09-29T15:34:21+02:00"},{"@type":"WebSite","@id":"https:\/\/eldigitaldeasturias.com\/radio\/#website","url":"https:\/\/eldigitaldeasturias.com\/radio\/","name":"El Digital de Asturias","description":"Diario de informaci\u00f3n y noticias","inLanguage":"es-ES","publisher":{"@id":"https:\/\/eldigitaldeasturias.com\/radio\/#organization"}}]},"og:locale":"es_ES","og:site_name":"El Digital de Asturias | Diario de informaci\u00f3n y noticias","og:type":"article","og:title":"Honran en Praga a los refugiados de la extinta RDA | El Digital de Asturias","og:description":"Praga, 28 sep (dpa) - Una nueva placa conmemorativa que recuerda la partida hace 30 a\u00f1os de los refugiados de la antigua Rep\u00fablica Democr\u00e1tica Alemana (RDA) de la embajada de Alemania Occidental fue inaugurada hoy en la estaci\u00f3n de tren checa Praga-Liben. Rudolf Seiters, el ex jefe de la Canciller\u00eda de Alemania que en aquel","og:url":"https:\/\/eldigitaldeasturias.com\/radio\/honran-en-praga-a-los-refugiados-de-la-extinta-rda\/","og:image":"https:\/\/eldigitaldeasturias.com\/radio\/wp-content\/uploads\/2018\/10\/technology-785742_960_720.jpg","og:image:secure_url":"https:\/\/eldigitaldeasturias.com\/radio\/wp-content\/uploads\/2018\/10\/technology-785742_960_720.jpg","og:image:width":960,"og:image:height":640,"article:published_time":"2019-09-29T15:34:21+00:00","article:modified_time":"2019-09-29T15:34:21+00:00","twitter:card":"summary_large_image","twitter:site":"@bercodi","twitter:title":"Honran en Praga a los refugiados de la extinta RDA | El Digital de Asturias","twitter:description":"Praga, 28 sep (dpa) - Una nueva placa conmemorativa que recuerda la partida hace 30 a\u00f1os de los refugiados de la antigua Rep\u00fablica Democr\u00e1tica Alemana (RDA) de la embajada de Alemania Occidental fue inaugurada hoy en la estaci\u00f3n de tren checa Praga-Liben. Rudolf Seiters, el ex jefe de la Canciller\u00eda de Alemania que en aquel","twitter:creator":"@bercodi","twitter:image":"https:\/\/eldigitaldeasturias.com\/radio\/wp-content\/uploads\/2018\/10\/technology-785742_960_720.jpg"},"aioseo_meta_data":{"post_id":"3244","title":null,"description":null,"keywords":null,"keyphrases":null,"primary_term":null,"canonical_url":null,"og_title":null,"og_description":null,"og_object_type":"default","og_image_type":"default","og_image_url":null,"og_image_width":null,"og_image_height":null,"og_image_custom_url":null,"og_image_custom_fields":null,"og_video":null,"og_custom_url":null,"og_article_section":null,"og_article_tags":null,"twitter_use_og":false,"twitter_card":"default","twitter_image_type":"default","twitter_image_url":null,"twitter_image_custom_url":null,"twitter_image_custom_fields":null,"twitter_title":null,"twitter_description":null,"schema":{"blockGraphs":[],"customGraphs":[],"default":{"data":{"Article":[],"Course":[],"Dataset":[],"FAQPage":[],"Movie":[],"Person":[],"Product":[],"ProductReview":[],"Car":[],"Recipe":[],"Service":[],"SoftwareApplication":[],"WebPage":[]},"graphName":"","isEnabled":true},"graphs":[],"defaultGraph":"","defaultPostTypeGraph":""},"schema_type":null,"schema_type_options":null,"pillar_content":false,"robots_default":true,"robots_noindex":false,"robots_noarchive":false,"robots_nosnippet":false,"robots_nofollow":false,"robots_noimageindex":false,"robots_noodp":false,"robots_notranslate":false,"robots_max_snippet":null,"robots_max_videopreview":null,"robots_max_imagepreview":"large","priority":null,"frequency":null,"location":null,"local_seo":null,"seo_analyzer_scan_date":"2025-08-28 13:51:28","breadcrumb_settings":null,"limit_modified_date":false,"open_ai":null,"ai":null,"created":"2021-03-30 14:16:06","updated":"2025-08-28 13:51:28"},"aioseo_breadcrumb":"<div class=\"aioseo-breadcrumbs\"><span class=\"aioseo-breadcrumb\">\n\t<a href=\"https:\/\/eldigitaldeasturias.com\/radio\" title=\"Inicio\">Inicio<\/a>\n<\/span><span class=\"aioseo-breadcrumb-separator\">&ndash;<\/span><span class=\"aioseo-breadcrumb\">\n\t<a href=\"https:\/\/eldigitaldeasturias.com\/radio\/category\/noticias\/\" title=\"Noticias\">Noticias<\/a>\n<\/span><span class=\"aioseo-breadcrumb-separator\">&ndash;<\/span><span class=\"aioseo-breadcrumb\">\n\tHonran en Praga a los refugiados de la extinta RDA\n<\/span><\/div>","aioseo_breadcrumb_json":[{"label":"Inicio","link":"https:\/\/eldigitaldeasturias.com\/radio"},{"label":"Noticias","link":"https:\/\/eldigitaldeasturias.com\/radio\/category\/noticias\/"},{"label":"Honran en Praga a los refugiados de la extinta RDA","link":"https:\/\/eldigitaldeasturias.com\/radio\/honran-en-praga-a-los-refugiados-de-la-extinta-rda\/"}],"_links":{"self":[{"href":"https:\/\/eldigitaldeasturias.com\/radio\/wp-json\/wp\/v2\/posts\/3244","targetHints":{"allow":["GET"]}}],"collection":[{"href":"https:\/\/eldigitaldeasturias.com\/radio\/wp-json\/wp\/v2\/posts"}],"about":[{"href":"https:\/\/eldigitaldeasturias.com\/radio\/wp-json\/wp\/v2\/types\/post"}],"author":[{"embeddable":true,"href":"https:\/\/eldigitaldeasturias.com\/radio\/wp-json\/wp\/v2\/users\/1"}],"replies":[{"embeddable":true,"href":"https:\/\/eldigitaldeasturias.com\/radio\/wp-json\/wp\/v2\/comments?post=3244"}],"version-history":[{"count":0,"href":"https:\/\/eldigitaldeasturias.com\/radio\/wp-json\/wp\/v2\/posts\/3244\/revisions"}],"wp:featuredmedia":[{"embeddable":true,"href":"https:\/\/eldigitaldeasturias.com\/radio\/wp-json\/wp\/v2\/media\/1352"}],"wp:attachment":[{"href":"https:\/\/eldigitaldeasturias.com\/radio\/wp-json\/wp\/v2\/media?parent=3244"}],"wp:term":[{"taxonomy":"category","embeddable":true,"href":"https:\/\/eldigitaldeasturias.com\/radio\/wp-json\/wp\/v2\/categories?post=3244"},{"taxonomy":"post_tag","embeddable":true,"href":"https:\/\/eldigitaldeasturias.com\/radio\/wp-json\/wp\/v2\/tags?post=3244"}],"curies":[{"name":"wp","href":"https:\/\/api.w.org\/{rel}","templated":true}]}}