{"id":3228,"date":"2019-09-21T18:57:19","date_gmt":"2019-09-21T18:57:19","guid":{"rendered":"http:\/\/eldigitaldeasturias.com\/radio\/?p=3228"},"modified":"2019-09-21T18:57:19","modified_gmt":"2019-09-21T18:57:19","slug":"distinguen-a-barbara-kruger-con-premio-de-arte-kaiserring-2019","status":"publish","type":"post","link":"https:\/\/eldigitaldeasturias.com\/radio\/distinguen-a-barbara-kruger-con-premio-de-arte-kaiserring-2019\/","title":{"rendered":"Distinguen a Barbara Kruger con premio de arte Kaiserring 2019"},"content":{"rendered":"<figure id=\"attachment_3229\" aria-describedby=\"caption-attachment-3229\" style=\"width: 360px\" class=\"wp-caption alignleft\"><img fetchpriority=\"high\" decoding=\"async\" class=\"size-medium wp-image-3229\" src=\"https:\/\/eldigitaldeasturias.com\/radio\/wp-content\/uploads\/2019\/09\/Barbara-Kruger-360x244.jpg\" alt=\"\" width=\"360\" height=\"244\" srcset=\"https:\/\/eldigitaldeasturias.com\/radio\/wp-content\/uploads\/2019\/09\/Barbara-Kruger-360x244.jpg 360w, https:\/\/eldigitaldeasturias.com\/radio\/wp-content\/uploads\/2019\/09\/Barbara-Kruger-768x520.jpg 768w, https:\/\/eldigitaldeasturias.com\/radio\/wp-content\/uploads\/2019\/09\/Barbara-Kruger.jpg 974w\" sizes=\"(max-width: 360px) 100vw, 360px\" \/><figcaption id=\"caption-attachment-3229\" class=\"wp-caption-text\">Foto: Swen Pf\u00f6rtner\/dpa<\/figcaption><\/figure>\n<p>Goslar (Alemania), 21 sep (dpa) \u2013 La artista conceptual estadounidense Barbara Kruger recibi\u00f3 este a\u00f1o el anillo \u00abKaiserring\u00bb de la ciudad alemana de Goslar, considerado uno de los premios mundiales m\u00e1s importantes para el arte moderno.<\/p>\n<p>La artista, de 74 a\u00f1os, recibi\u00f3 la distinci\u00f3n el s\u00e1bado en el hist\u00f3rico Palacio Imperial de Goslar. El fundamento del jurado se\u00f1al\u00f3 que Kruger analiza desde hace m\u00e1s de 40 a\u00f1os con im\u00e1genes, instalaciones, videos y obras de gran formato en el espacio p\u00fablico las complejas relaciones entre poder y sociedad.<\/p>\n<p>A\u00f1adi\u00f3 que sus trabajos son intervenciones cr\u00edticas con las que trata de destapar los abismos del sistema capitalista y las tentaciones ilusorias del consumo.<\/p>\n<p>\u00abLa concisi\u00f3n, precisi\u00f3n y empuje de dos a tres palabras que pueden iluminar o ser mortales distinguieron la obra de Kruger\u00bb, dijo el presidente del jurado, Wulf Herzogenrath.<\/p>\n<p>Kruger, que cancel\u00f3 su participaci\u00f3n en la conferencia de prensa con poca antelaci\u00f3n, explic\u00f3 de acuerdo con la ciudad en una discusi\u00f3n con estudiantes en Goslar que hay millones de formas de crear arte: \u00abSimplemente trabajo con im\u00e1genes y palabras\u00bb.<\/p>\n<p>Tras ser distinguida con el premio dijo: \u00abEstoy muy emocionada de que me hayan elegido como portadora del &#8216;Kaiserring&#8217; de alto rango y de que ahora pertenecer\u00e9 al c\u00edrculo de todos estos grandiosos artistas y colegas\u00bb.<\/p>\n<p>El Kaiserring, que no est\u00e1 dotado de dinero y que recuerda al emperador Enrique IV nacido en 1050 en la ciudad de Goslar, es entregado anualmente desde 1975.<\/p>\n<p>Con \u00e9l son distinguidos artistas representativos por sus servicios al arte contempor\u00e1neo. Otros ganadores anteriores del premio fueron entre otros Max Ernst, Joseph Beuys, Christo, Jenny Holzer y hace poco Isa Genzken y Wolfgang Tillmans.<\/p>\n","protected":false},"excerpt":{"rendered":"<p>Goslar (Alemania), 21 sep (dpa) \u2013 La artista conceptual estadounidense Barbara Kruger recibi\u00f3 este a\u00f1o el anillo \u00abKaiserring\u00bb de la ciudad alemana de Goslar, considerado uno de los premios mundiales m\u00e1s importantes para el arte moderno. La artista, de 74 a\u00f1os, recibi\u00f3 la distinci\u00f3n el s\u00e1bado en el hist\u00f3rico Palacio Imperial de Goslar. El fundamento<\/p>\n","protected":false},"author":1,"featured_media":3229,"comment_status":"closed","ping_status":"closed","sticky":false,"template":"","format":"standard","meta":{"footnotes":""},"categories":[1],"tags":[],"class_list":{"0":"post-3228","1":"post","2":"type-post","3":"status-publish","4":"format-standard","5":"has-post-thumbnail","7":"category-noticias"},"aioseo_notices":[],"aioseo_head":"\n\t\t<!-- All in One SEO Pro 4.9.6.2 - aioseo.com -->\n\t<meta name=\"description\" content=\"Goslar (Alemania), 21 sep (dpa) \u2013 La artista conceptual estadounidense Barbara Kruger recibi\u00f3 este a\u00f1o el anillo &quot;Kaiserring&quot; de la ciudad alemana de Goslar, considerado uno de los premios mundiales m\u00e1s importantes para el arte moderno. La artista, de 74 a\u00f1os, recibi\u00f3 la distinci\u00f3n el s\u00e1bado en el hist\u00f3rico Palacio Imperial de Goslar. El fundamento\" \/>\n\t<meta name=\"robots\" content=\"max-image-preview:large\" \/>\n\t<meta name=\"author\" content=\"NBAsturias\"\/>\n\t<meta name=\"google-site-verification\" content=\"UA-38556648-1\" \/>\n\t<meta name=\"keywords\" content=\"noticias\" \/>\n\t<link rel=\"canonical\" href=\"https:\/\/eldigitaldeasturias.com\/radio\/distinguen-a-barbara-kruger-con-premio-de-arte-kaiserring-2019\/\" \/>\n\t<meta name=\"generator\" content=\"All in One SEO Pro (AIOSEO) 4.9.6.2\" \/>\n\t\t<meta property=\"og:locale\" content=\"es_ES\" \/>\n\t\t<meta property=\"og:site_name\" content=\"El Digital de Asturias | Diario de informaci\u00f3n y noticias\" \/>\n\t\t<meta property=\"og:type\" content=\"article\" \/>\n\t\t<meta property=\"og:title\" content=\"Distinguen a Barbara Kruger con premio de arte Kaiserring 2019 | El Digital de Asturias\" \/>\n\t\t<meta property=\"og:description\" content=\"Goslar (Alemania), 21 sep (dpa) \u2013 La artista conceptual estadounidense Barbara Kruger recibi\u00f3 este a\u00f1o el anillo &quot;Kaiserring&quot; de la ciudad alemana de Goslar, considerado uno de los premios mundiales m\u00e1s importantes para el arte moderno. La artista, de 74 a\u00f1os, recibi\u00f3 la distinci\u00f3n el s\u00e1bado en el hist\u00f3rico Palacio Imperial de Goslar. El fundamento\" \/>\n\t\t<meta property=\"og:url\" content=\"https:\/\/eldigitaldeasturias.com\/radio\/distinguen-a-barbara-kruger-con-premio-de-arte-kaiserring-2019\/\" \/>\n\t\t<meta property=\"og:image\" content=\"https:\/\/eldigitaldeasturias.com\/radio\/wp-content\/uploads\/2019\/09\/Barbara-Kruger.jpg\" \/>\n\t\t<meta property=\"og:image:secure_url\" content=\"https:\/\/eldigitaldeasturias.com\/radio\/wp-content\/uploads\/2019\/09\/Barbara-Kruger.jpg\" \/>\n\t\t<meta property=\"og:image:width\" content=\"974\" \/>\n\t\t<meta property=\"og:image:height\" content=\"660\" \/>\n\t\t<meta property=\"article:published_time\" content=\"2019-09-21T18:57:19+00:00\" \/>\n\t\t<meta property=\"article:modified_time\" content=\"2019-09-21T18:57:19+00:00\" \/>\n\t\t<meta name=\"twitter:card\" content=\"summary_large_image\" \/>\n\t\t<meta name=\"twitter:site\" content=\"@bercodi\" \/>\n\t\t<meta name=\"twitter:title\" content=\"Distinguen a Barbara Kruger con premio de arte Kaiserring 2019 | El Digital de Asturias\" \/>\n\t\t<meta name=\"twitter:description\" content=\"Goslar (Alemania), 21 sep (dpa) \u2013 La artista conceptual estadounidense Barbara Kruger recibi\u00f3 este a\u00f1o el anillo &quot;Kaiserring&quot; de la ciudad alemana de Goslar, considerado uno de los premios mundiales m\u00e1s importantes para el arte moderno. La artista, de 74 a\u00f1os, recibi\u00f3 la distinci\u00f3n el s\u00e1bado en el hist\u00f3rico Palacio Imperial de Goslar. El fundamento\" \/>\n\t\t<meta name=\"twitter:creator\" content=\"@bercodi\" \/>\n\t\t<meta name=\"twitter:image\" content=\"https:\/\/eldigitaldeasturias.com\/radio\/wp-content\/uploads\/2019\/09\/Barbara-Kruger.jpg\" \/>\n\t\t<script type=\"application\/ld+json\" class=\"aioseo-schema\">\n\t\t\t{\"@context\":\"https:\\\/\\\/schema.org\",\"@graph\":[{\"@type\":\"BreadcrumbList\",\"@id\":\"https:\\\/\\\/eldigitaldeasturias.com\\\/radio\\\/distinguen-a-barbara-kruger-con-premio-de-arte-kaiserring-2019\\\/#breadcrumblist\",\"itemListElement\":[{\"@type\":\"ListItem\",\"@id\":\"https:\\\/\\\/eldigitaldeasturias.com\\\/radio#listItem\",\"position\":1,\"name\":\"Inicio\",\"item\":\"https:\\\/\\\/eldigitaldeasturias.com\\\/radio\",\"nextItem\":{\"@type\":\"ListItem\",\"@id\":\"https:\\\/\\\/eldigitaldeasturias.com\\\/radio\\\/category\\\/noticias\\\/#listItem\",\"name\":\"Noticias\"}},{\"@type\":\"ListItem\",\"@id\":\"https:\\\/\\\/eldigitaldeasturias.com\\\/radio\\\/category\\\/noticias\\\/#listItem\",\"position\":2,\"name\":\"Noticias\",\"item\":\"https:\\\/\\\/eldigitaldeasturias.com\\\/radio\\\/category\\\/noticias\\\/\",\"nextItem\":{\"@type\":\"ListItem\",\"@id\":\"https:\\\/\\\/eldigitaldeasturias.com\\\/radio\\\/distinguen-a-barbara-kruger-con-premio-de-arte-kaiserring-2019\\\/#listItem\",\"name\":\"Distinguen a Barbara Kruger con premio de arte Kaiserring 2019\"},\"previousItem\":{\"@type\":\"ListItem\",\"@id\":\"https:\\\/\\\/eldigitaldeasturias.com\\\/radio#listItem\",\"name\":\"Inicio\"}},{\"@type\":\"ListItem\",\"@id\":\"https:\\\/\\\/eldigitaldeasturias.com\\\/radio\\\/distinguen-a-barbara-kruger-con-premio-de-arte-kaiserring-2019\\\/#listItem\",\"position\":3,\"name\":\"Distinguen a Barbara Kruger con premio de arte Kaiserring 2019\",\"previousItem\":{\"@type\":\"ListItem\",\"@id\":\"https:\\\/\\\/eldigitaldeasturias.com\\\/radio\\\/category\\\/noticias\\\/#listItem\",\"name\":\"Noticias\"}}]},{\"@type\":\"NewsArticle\",\"@id\":\"https:\\\/\\\/eldigitaldeasturias.com\\\/radio\\\/distinguen-a-barbara-kruger-con-premio-de-arte-kaiserring-2019\\\/#newsarticle\",\"name\":\"Distinguen a Barbara Kruger con premio de arte Kaiserring 2019 | El Digital de Asturias\",\"headline\":\"Distinguen a Barbara Kruger con premio de arte Kaiserring 2019\",\"author\":{\"@id\":\"https:\\\/\\\/eldigitaldeasturias.com\\\/radio\\\/author\\\/nbasturias\\\/#author\"},\"publisher\":{\"@id\":\"https:\\\/\\\/eldigitaldeasturias.com\\\/radio\\\/#organization\"},\"image\":{\"@type\":\"ImageObject\",\"url\":\"https:\\\/\\\/eldigitaldeasturias.com\\\/radio\\\/wp-content\\\/uploads\\\/2019\\\/09\\\/Barbara-Kruger.jpg\",\"width\":974,\"height\":660,\"caption\":\"Foto: Swen Pf\\u00f6rtner\\\/dpa\"},\"datePublished\":\"2019-09-21T18:57:19+02:00\",\"dateModified\":\"2019-09-21T18:57:19+02:00\",\"inLanguage\":\"es-ES\",\"mainEntityOfPage\":{\"@id\":\"https:\\\/\\\/eldigitaldeasturias.com\\\/radio\\\/distinguen-a-barbara-kruger-con-premio-de-arte-kaiserring-2019\\\/#webpage\"},\"isPartOf\":{\"@id\":\"https:\\\/\\\/eldigitaldeasturias.com\\\/radio\\\/distinguen-a-barbara-kruger-con-premio-de-arte-kaiserring-2019\\\/#webpage\"},\"articleSection\":\"Noticias\",\"dateline\":\"Publicado el septiembre 21, 2019.\"},{\"@type\":\"Organization\",\"@id\":\"https:\\\/\\\/eldigitaldeasturias.com\\\/radio\\\/#organization\",\"name\":\"El digital de Asturias Radio\",\"description\":\"Diario de informaci\\u00f3n y noticias\",\"url\":\"https:\\\/\\\/eldigitaldeasturias.com\\\/radio\\\/\",\"telephone\":\"+34652131393\",\"logo\":{\"@type\":\"ImageObject\",\"url\":\"https:\\\/\\\/www.eldigitaldeasturias.com\\\/radio\\\/wp-content\\\/uploads\\\/2021\\\/03\\\/EDA.jpg\",\"@id\":\"https:\\\/\\\/eldigitaldeasturias.com\\\/radio\\\/distinguen-a-barbara-kruger-con-premio-de-arte-kaiserring-2019\\\/#organizationLogo\"},\"image\":{\"@id\":\"https:\\\/\\\/eldigitaldeasturias.com\\\/radio\\\/distinguen-a-barbara-kruger-con-premio-de-arte-kaiserring-2019\\\/#organizationLogo\"},\"sameAs\":[\"https:\\\/\\\/www.facebook.com\\\/\",\"https:\\\/\\\/x.com\\\/bercodi\",\"https:\\\/\\\/www.instagram.com\\\/\",\"https:\\\/\\\/www.youtube.com\\\/channel\\\/UCZP-2wLEB9Rv6erhFmqVnvg\"]},{\"@type\":\"Person\",\"@id\":\"https:\\\/\\\/eldigitaldeasturias.com\\\/radio\\\/author\\\/nbasturias\\\/#author\",\"url\":\"https:\\\/\\\/eldigitaldeasturias.com\\\/radio\\\/author\\\/nbasturias\\\/\",\"name\":\"NBAsturias\",\"image\":{\"@type\":\"ImageObject\",\"@id\":\"https:\\\/\\\/eldigitaldeasturias.com\\\/radio\\\/distinguen-a-barbara-kruger-con-premio-de-arte-kaiserring-2019\\\/#authorImage\",\"url\":\"https:\\\/\\\/secure.gravatar.com\\\/avatar\\\/df2aeffc32bcd13f8d26072ef8a91b623d677766deac7f97ca815868cd41bf5e?s=96&d=mm&r=g\",\"width\":96,\"height\":96,\"caption\":\"NBAsturias\"}},{\"@type\":\"WebPage\",\"@id\":\"https:\\\/\\\/eldigitaldeasturias.com\\\/radio\\\/distinguen-a-barbara-kruger-con-premio-de-arte-kaiserring-2019\\\/#webpage\",\"url\":\"https:\\\/\\\/eldigitaldeasturias.com\\\/radio\\\/distinguen-a-barbara-kruger-con-premio-de-arte-kaiserring-2019\\\/\",\"name\":\"Distinguen a Barbara Kruger con premio de arte Kaiserring 2019 | El Digital de Asturias\",\"description\":\"Goslar (Alemania), 21 sep (dpa) \\u2013 La artista conceptual estadounidense Barbara Kruger recibi\\u00f3 este a\\u00f1o el anillo \\\"Kaiserring\\\" de la ciudad alemana de Goslar, considerado uno de los premios mundiales m\\u00e1s importantes para el arte moderno. La artista, de 74 a\\u00f1os, recibi\\u00f3 la distinci\\u00f3n el s\\u00e1bado en el hist\\u00f3rico Palacio Imperial de Goslar. El fundamento\",\"inLanguage\":\"es-ES\",\"isPartOf\":{\"@id\":\"https:\\\/\\\/eldigitaldeasturias.com\\\/radio\\\/#website\"},\"breadcrumb\":{\"@id\":\"https:\\\/\\\/eldigitaldeasturias.com\\\/radio\\\/distinguen-a-barbara-kruger-con-premio-de-arte-kaiserring-2019\\\/#breadcrumblist\"},\"author\":{\"@id\":\"https:\\\/\\\/eldigitaldeasturias.com\\\/radio\\\/author\\\/nbasturias\\\/#author\"},\"creator\":{\"@id\":\"https:\\\/\\\/eldigitaldeasturias.com\\\/radio\\\/author\\\/nbasturias\\\/#author\"},\"image\":{\"@type\":\"ImageObject\",\"url\":\"https:\\\/\\\/eldigitaldeasturias.com\\\/radio\\\/wp-content\\\/uploads\\\/2019\\\/09\\\/Barbara-Kruger.jpg\",\"@id\":\"https:\\\/\\\/eldigitaldeasturias.com\\\/radio\\\/distinguen-a-barbara-kruger-con-premio-de-arte-kaiserring-2019\\\/#mainImage\",\"width\":974,\"height\":660,\"caption\":\"Foto: Swen Pf\\u00f6rtner\\\/dpa\"},\"primaryImageOfPage\":{\"@id\":\"https:\\\/\\\/eldigitaldeasturias.com\\\/radio\\\/distinguen-a-barbara-kruger-con-premio-de-arte-kaiserring-2019\\\/#mainImage\"},\"datePublished\":\"2019-09-21T18:57:19+02:00\",\"dateModified\":\"2019-09-21T18:57:19+02:00\"},{\"@type\":\"WebSite\",\"@id\":\"https:\\\/\\\/eldigitaldeasturias.com\\\/radio\\\/#website\",\"url\":\"https:\\\/\\\/eldigitaldeasturias.com\\\/radio\\\/\",\"name\":\"El Digital de Asturias\",\"description\":\"Diario de informaci\\u00f3n y noticias\",\"inLanguage\":\"es-ES\",\"publisher\":{\"@id\":\"https:\\\/\\\/eldigitaldeasturias.com\\\/radio\\\/#organization\"}}]}\n\t\t<\/script>\n\t\t<!-- All in One SEO Pro -->\r\n\t\t<title>Distinguen a Barbara Kruger con premio de arte Kaiserring 2019 | El Digital de Asturias<\/title>\n\n","aioseo_head_json":{"title":"Distinguen a Barbara Kruger con premio de arte Kaiserring 2019 | El Digital de Asturias","description":"Goslar (Alemania), 21 sep (dpa) \u2013 La artista conceptual estadounidense Barbara Kruger recibi\u00f3 este a\u00f1o el anillo \"Kaiserring\" de la ciudad alemana de Goslar, considerado uno de los premios mundiales m\u00e1s importantes para el arte moderno. La artista, de 74 a\u00f1os, recibi\u00f3 la distinci\u00f3n el s\u00e1bado en el hist\u00f3rico Palacio Imperial de Goslar. El fundamento","canonical_url":"https:\/\/eldigitaldeasturias.com\/radio\/distinguen-a-barbara-kruger-con-premio-de-arte-kaiserring-2019\/","robots":"max-image-preview:large","keywords":"noticias","webmasterTools":{"google-site-verification":"UA-38556648-1","miscellaneous":""},"schema":{"@context":"https:\/\/schema.org","@graph":[{"@type":"BreadcrumbList","@id":"https:\/\/eldigitaldeasturias.com\/radio\/distinguen-a-barbara-kruger-con-premio-de-arte-kaiserring-2019\/#breadcrumblist","itemListElement":[{"@type":"ListItem","@id":"https:\/\/eldigitaldeasturias.com\/radio#listItem","position":1,"name":"Inicio","item":"https:\/\/eldigitaldeasturias.com\/radio","nextItem":{"@type":"ListItem","@id":"https:\/\/eldigitaldeasturias.com\/radio\/category\/noticias\/#listItem","name":"Noticias"}},{"@type":"ListItem","@id":"https:\/\/eldigitaldeasturias.com\/radio\/category\/noticias\/#listItem","position":2,"name":"Noticias","item":"https:\/\/eldigitaldeasturias.com\/radio\/category\/noticias\/","nextItem":{"@type":"ListItem","@id":"https:\/\/eldigitaldeasturias.com\/radio\/distinguen-a-barbara-kruger-con-premio-de-arte-kaiserring-2019\/#listItem","name":"Distinguen a Barbara Kruger con premio de arte Kaiserring 2019"},"previousItem":{"@type":"ListItem","@id":"https:\/\/eldigitaldeasturias.com\/radio#listItem","name":"Inicio"}},{"@type":"ListItem","@id":"https:\/\/eldigitaldeasturias.com\/radio\/distinguen-a-barbara-kruger-con-premio-de-arte-kaiserring-2019\/#listItem","position":3,"name":"Distinguen a Barbara Kruger con premio de arte Kaiserring 2019","previousItem":{"@type":"ListItem","@id":"https:\/\/eldigitaldeasturias.com\/radio\/category\/noticias\/#listItem","name":"Noticias"}}]},{"@type":"NewsArticle","@id":"https:\/\/eldigitaldeasturias.com\/radio\/distinguen-a-barbara-kruger-con-premio-de-arte-kaiserring-2019\/#newsarticle","name":"Distinguen a Barbara Kruger con premio de arte Kaiserring 2019 | El Digital de Asturias","headline":"Distinguen a Barbara Kruger con premio de arte Kaiserring 2019","author":{"@id":"https:\/\/eldigitaldeasturias.com\/radio\/author\/nbasturias\/#author"},"publisher":{"@id":"https:\/\/eldigitaldeasturias.com\/radio\/#organization"},"image":{"@type":"ImageObject","url":"https:\/\/eldigitaldeasturias.com\/radio\/wp-content\/uploads\/2019\/09\/Barbara-Kruger.jpg","width":974,"height":660,"caption":"Foto: Swen Pf\u00f6rtner\/dpa"},"datePublished":"2019-09-21T18:57:19+02:00","dateModified":"2019-09-21T18:57:19+02:00","inLanguage":"es-ES","mainEntityOfPage":{"@id":"https:\/\/eldigitaldeasturias.com\/radio\/distinguen-a-barbara-kruger-con-premio-de-arte-kaiserring-2019\/#webpage"},"isPartOf":{"@id":"https:\/\/eldigitaldeasturias.com\/radio\/distinguen-a-barbara-kruger-con-premio-de-arte-kaiserring-2019\/#webpage"},"articleSection":"Noticias","dateline":"Publicado el septiembre 21, 2019."},{"@type":"Organization","@id":"https:\/\/eldigitaldeasturias.com\/radio\/#organization","name":"El digital de Asturias Radio","description":"Diario de informaci\u00f3n y noticias","url":"https:\/\/eldigitaldeasturias.com\/radio\/","telephone":"+34652131393","logo":{"@type":"ImageObject","url":"https:\/\/www.eldigitaldeasturias.com\/radio\/wp-content\/uploads\/2021\/03\/EDA.jpg","@id":"https:\/\/eldigitaldeasturias.com\/radio\/distinguen-a-barbara-kruger-con-premio-de-arte-kaiserring-2019\/#organizationLogo"},"image":{"@id":"https:\/\/eldigitaldeasturias.com\/radio\/distinguen-a-barbara-kruger-con-premio-de-arte-kaiserring-2019\/#organizationLogo"},"sameAs":["https:\/\/www.facebook.com\/","https:\/\/x.com\/bercodi","https:\/\/www.instagram.com\/","https:\/\/www.youtube.com\/channel\/UCZP-2wLEB9Rv6erhFmqVnvg"]},{"@type":"Person","@id":"https:\/\/eldigitaldeasturias.com\/radio\/author\/nbasturias\/#author","url":"https:\/\/eldigitaldeasturias.com\/radio\/author\/nbasturias\/","name":"NBAsturias","image":{"@type":"ImageObject","@id":"https:\/\/eldigitaldeasturias.com\/radio\/distinguen-a-barbara-kruger-con-premio-de-arte-kaiserring-2019\/#authorImage","url":"https:\/\/secure.gravatar.com\/avatar\/df2aeffc32bcd13f8d26072ef8a91b623d677766deac7f97ca815868cd41bf5e?s=96&d=mm&r=g","width":96,"height":96,"caption":"NBAsturias"}},{"@type":"WebPage","@id":"https:\/\/eldigitaldeasturias.com\/radio\/distinguen-a-barbara-kruger-con-premio-de-arte-kaiserring-2019\/#webpage","url":"https:\/\/eldigitaldeasturias.com\/radio\/distinguen-a-barbara-kruger-con-premio-de-arte-kaiserring-2019\/","name":"Distinguen a Barbara Kruger con premio de arte Kaiserring 2019 | El Digital de Asturias","description":"Goslar (Alemania), 21 sep (dpa) \u2013 La artista conceptual estadounidense Barbara Kruger recibi\u00f3 este a\u00f1o el anillo \"Kaiserring\" de la ciudad alemana de Goslar, considerado uno de los premios mundiales m\u00e1s importantes para el arte moderno. La artista, de 74 a\u00f1os, recibi\u00f3 la distinci\u00f3n el s\u00e1bado en el hist\u00f3rico Palacio Imperial de Goslar. El fundamento","inLanguage":"es-ES","isPartOf":{"@id":"https:\/\/eldigitaldeasturias.com\/radio\/#website"},"breadcrumb":{"@id":"https:\/\/eldigitaldeasturias.com\/radio\/distinguen-a-barbara-kruger-con-premio-de-arte-kaiserring-2019\/#breadcrumblist"},"author":{"@id":"https:\/\/eldigitaldeasturias.com\/radio\/author\/nbasturias\/#author"},"creator":{"@id":"https:\/\/eldigitaldeasturias.com\/radio\/author\/nbasturias\/#author"},"image":{"@type":"ImageObject","url":"https:\/\/eldigitaldeasturias.com\/radio\/wp-content\/uploads\/2019\/09\/Barbara-Kruger.jpg","@id":"https:\/\/eldigitaldeasturias.com\/radio\/distinguen-a-barbara-kruger-con-premio-de-arte-kaiserring-2019\/#mainImage","width":974,"height":660,"caption":"Foto: Swen Pf\u00f6rtner\/dpa"},"primaryImageOfPage":{"@id":"https:\/\/eldigitaldeasturias.com\/radio\/distinguen-a-barbara-kruger-con-premio-de-arte-kaiserring-2019\/#mainImage"},"datePublished":"2019-09-21T18:57:19+02:00","dateModified":"2019-09-21T18:57:19+02:00"},{"@type":"WebSite","@id":"https:\/\/eldigitaldeasturias.com\/radio\/#website","url":"https:\/\/eldigitaldeasturias.com\/radio\/","name":"El Digital de Asturias","description":"Diario de informaci\u00f3n y noticias","inLanguage":"es-ES","publisher":{"@id":"https:\/\/eldigitaldeasturias.com\/radio\/#organization"}}]},"og:locale":"es_ES","og:site_name":"El Digital de Asturias | Diario de informaci\u00f3n y noticias","og:type":"article","og:title":"Distinguen a Barbara Kruger con premio de arte Kaiserring 2019 | El Digital de Asturias","og:description":"Goslar (Alemania), 21 sep (dpa) \u2013 La artista conceptual estadounidense Barbara Kruger recibi\u00f3 este a\u00f1o el anillo &quot;Kaiserring&quot; de la ciudad alemana de Goslar, considerado uno de los premios mundiales m\u00e1s importantes para el arte moderno. La artista, de 74 a\u00f1os, recibi\u00f3 la distinci\u00f3n el s\u00e1bado en el hist\u00f3rico Palacio Imperial de Goslar. El fundamento","og:url":"https:\/\/eldigitaldeasturias.com\/radio\/distinguen-a-barbara-kruger-con-premio-de-arte-kaiserring-2019\/","og:image":"https:\/\/eldigitaldeasturias.com\/radio\/wp-content\/uploads\/2019\/09\/Barbara-Kruger.jpg","og:image:secure_url":"https:\/\/eldigitaldeasturias.com\/radio\/wp-content\/uploads\/2019\/09\/Barbara-Kruger.jpg","og:image:width":974,"og:image:height":660,"article:published_time":"2019-09-21T18:57:19+00:00","article:modified_time":"2019-09-21T18:57:19+00:00","twitter:card":"summary_large_image","twitter:site":"@bercodi","twitter:title":"Distinguen a Barbara Kruger con premio de arte Kaiserring 2019 | El Digital de Asturias","twitter:description":"Goslar (Alemania), 21 sep (dpa) \u2013 La artista conceptual estadounidense Barbara Kruger recibi\u00f3 este a\u00f1o el anillo &quot;Kaiserring&quot; de la ciudad alemana de Goslar, considerado uno de los premios mundiales m\u00e1s importantes para el arte moderno. La artista, de 74 a\u00f1os, recibi\u00f3 la distinci\u00f3n el s\u00e1bado en el hist\u00f3rico Palacio Imperial de Goslar. El fundamento","twitter:creator":"@bercodi","twitter:image":"https:\/\/eldigitaldeasturias.com\/radio\/wp-content\/uploads\/2019\/09\/Barbara-Kruger.jpg"},"aioseo_meta_data":{"post_id":"3228","title":null,"description":null,"keywords":null,"keyphrases":null,"primary_term":null,"canonical_url":null,"og_title":null,"og_description":null,"og_object_type":"default","og_image_type":"default","og_image_url":null,"og_image_width":null,"og_image_height":null,"og_image_custom_url":null,"og_image_custom_fields":null,"og_video":null,"og_custom_url":null,"og_article_section":null,"og_article_tags":null,"twitter_use_og":false,"twitter_card":"default","twitter_image_type":"default","twitter_image_url":null,"twitter_image_custom_url":null,"twitter_image_custom_fields":null,"twitter_title":null,"twitter_description":null,"schema":{"blockGraphs":[],"customGraphs":[],"default":{"data":{"Article":[],"Course":[],"Dataset":[],"FAQPage":[],"Movie":[],"Person":[],"Product":[],"ProductReview":[],"Car":[],"Recipe":[],"Service":[],"SoftwareApplication":[],"WebPage":[]},"graphName":"","isEnabled":true},"graphs":[],"defaultGraph":"","defaultPostTypeGraph":""},"schema_type":null,"schema_type_options":null,"pillar_content":false,"robots_default":true,"robots_noindex":false,"robots_noarchive":false,"robots_nosnippet":false,"robots_nofollow":false,"robots_noimageindex":false,"robots_noodp":false,"robots_notranslate":false,"robots_max_snippet":null,"robots_max_videopreview":null,"robots_max_imagepreview":"large","priority":null,"frequency":null,"location":null,"local_seo":null,"seo_analyzer_scan_date":"2025-08-28 13:49:23","breadcrumb_settings":null,"limit_modified_date":false,"open_ai":null,"ai":null,"created":"2021-03-28 00:07:56","updated":"2025-08-28 13:49:23"},"aioseo_breadcrumb":"<div class=\"aioseo-breadcrumbs\"><span class=\"aioseo-breadcrumb\">\n\t<a href=\"https:\/\/eldigitaldeasturias.com\/radio\" title=\"Inicio\">Inicio<\/a>\n<\/span><span class=\"aioseo-breadcrumb-separator\">&ndash;<\/span><span class=\"aioseo-breadcrumb\">\n\t<a href=\"https:\/\/eldigitaldeasturias.com\/radio\/category\/noticias\/\" title=\"Noticias\">Noticias<\/a>\n<\/span><span class=\"aioseo-breadcrumb-separator\">&ndash;<\/span><span class=\"aioseo-breadcrumb\">\n\tDistinguen a Barbara Kruger con premio de arte Kaiserring 2019\n<\/span><\/div>","aioseo_breadcrumb_json":[{"label":"Inicio","link":"https:\/\/eldigitaldeasturias.com\/radio"},{"label":"Noticias","link":"https:\/\/eldigitaldeasturias.com\/radio\/category\/noticias\/"},{"label":"Distinguen a Barbara Kruger con premio de arte Kaiserring 2019","link":"https:\/\/eldigitaldeasturias.com\/radio\/distinguen-a-barbara-kruger-con-premio-de-arte-kaiserring-2019\/"}],"_links":{"self":[{"href":"https:\/\/eldigitaldeasturias.com\/radio\/wp-json\/wp\/v2\/posts\/3228","targetHints":{"allow":["GET"]}}],"collection":[{"href":"https:\/\/eldigitaldeasturias.com\/radio\/wp-json\/wp\/v2\/posts"}],"about":[{"href":"https:\/\/eldigitaldeasturias.com\/radio\/wp-json\/wp\/v2\/types\/post"}],"author":[{"embeddable":true,"href":"https:\/\/eldigitaldeasturias.com\/radio\/wp-json\/wp\/v2\/users\/1"}],"replies":[{"embeddable":true,"href":"https:\/\/eldigitaldeasturias.com\/radio\/wp-json\/wp\/v2\/comments?post=3228"}],"version-history":[{"count":0,"href":"https:\/\/eldigitaldeasturias.com\/radio\/wp-json\/wp\/v2\/posts\/3228\/revisions"}],"wp:featuredmedia":[{"embeddable":true,"href":"https:\/\/eldigitaldeasturias.com\/radio\/wp-json\/wp\/v2\/media\/3229"}],"wp:attachment":[{"href":"https:\/\/eldigitaldeasturias.com\/radio\/wp-json\/wp\/v2\/media?parent=3228"}],"wp:term":[{"taxonomy":"category","embeddable":true,"href":"https:\/\/eldigitaldeasturias.com\/radio\/wp-json\/wp\/v2\/categories?post=3228"},{"taxonomy":"post_tag","embeddable":true,"href":"https:\/\/eldigitaldeasturias.com\/radio\/wp-json\/wp\/v2\/tags?post=3228"}],"curies":[{"name":"wp","href":"https:\/\/api.w.org\/{rel}","templated":true}]}}