{"id":3213,"date":"2019-09-09T10:53:20","date_gmt":"2019-09-09T10:53:20","guid":{"rendered":"http:\/\/eldigitaldeasturias.com\/radio\/?p=3213"},"modified":"2019-09-09T10:53:20","modified_gmt":"2019-09-09T10:53:20","slug":"los-alemanes-no-se-acostumbran-a-los-coches-electricos-y-autonomos","status":"publish","type":"post","link":"https:\/\/eldigitaldeasturias.com\/radio\/los-alemanes-no-se-acostumbran-a-los-coches-electricos-y-autonomos\/","title":{"rendered":"Los alemanes no se acostumbran a los coches el\u00e9ctricos y aut\u00f3nomos"},"content":{"rendered":"<p><img fetchpriority=\"high\" decoding=\"async\" class=\"alignleft size-medium wp-image-3214\" src=\"https:\/\/eldigitaldeasturias.com\/radio\/wp-content\/uploads\/2019\/09\/electric-car-1458836_960_720-360x202.jpg\" alt=\"\" width=\"360\" height=\"202\" srcset=\"https:\/\/eldigitaldeasturias.com\/radio\/wp-content\/uploads\/2019\/09\/electric-car-1458836_960_720-360x202.jpg 360w, https:\/\/eldigitaldeasturias.com\/radio\/wp-content\/uploads\/2019\/09\/electric-car-1458836_960_720-768x431.jpg 768w, https:\/\/eldigitaldeasturias.com\/radio\/wp-content\/uploads\/2019\/09\/electric-car-1458836_960_720-600x337.jpg 600w, https:\/\/eldigitaldeasturias.com\/radio\/wp-content\/uploads\/2019\/09\/electric-car-1458836_960_720.jpg 960w\" sizes=\"(max-width: 360px) 100vw, 360px\" \/>Hannover\/Stuttgart, 8 sep (dpa) &#8211; Los coches el\u00e9ctricos y la conducci\u00f3n aut\u00f3noma no se abren camino entre los alemanes, revel\u00f3 una encuesta de la empresa consultora EY unos d\u00edas antes de que sea inaugurada la feria de automovilismo IIA en Fr\u00e1ncfort.<\/p>\n<p>La encuesta mostr\u00f3 que los problemas que reducen el inter\u00e9s de los consumidores germanos son los cl\u00e1sicos: autonom\u00eda, costes y puntos de recarga.<\/p>\n<p>De los 2.500 adultos encuestados, una gran mayor\u00eda considera los coches el\u00e9ctricos poco pr\u00e1cticos y muy caros, report\u00f3 el sondeo. Casi dos tercios de los encuestados (un 64 por ciento) indic\u00f3 que este tipo de coches ahora mismo no son una opci\u00f3n.<\/p>\n<p>De estos, el 28 por ciento cit\u00f3 como raz\u00f3n principal la gama reducida de los modelos actuales, el 27 por ciento el precio de compra comparativamente alto, el 13 por ciento la escasa red de recarga y el 11 por ciento el tiempo de carga. M\u00e1s de la mitad (53 por ciento) inform\u00f3 que quiere comprar un coche de gasolina o di\u00e9sel.<\/p>\n<p>Las perspectivas de la conducci\u00f3n aut\u00f3noma tampoco son mejores en Alemania. La mayor\u00eda tiene sentimientos encontrados hacia esta novedosa forma de conducci\u00f3n por los desaf\u00edos que plantea en torno a la seguridad, las cuestiones \u00e9ticas y los riesgos de responsabilidad.<\/p>\n<p>Casi la mitad de los encuestados (un 49 por ciento) no se montar\u00eda en un coche de conducci\u00f3n aut\u00f3noma total. Los coches semi-auton\u00f3mos, donde el conductor todav\u00eda decide en la conducci\u00f3n, son rechazados por un 30 por ciento.<\/p>\n","protected":false},"excerpt":{"rendered":"<p>Hannover\/Stuttgart, 8 sep (dpa) &#8211; Los coches el\u00e9ctricos y la conducci\u00f3n aut\u00f3noma no se abren camino entre los alemanes, revel\u00f3 una encuesta de la empresa consultora EY unos d\u00edas antes de que sea inaugurada la feria de automovilismo IIA en Fr\u00e1ncfort. La encuesta mostr\u00f3 que los problemas que reducen el inter\u00e9s de los consumidores germanos<\/p>\n","protected":false},"author":1,"featured_media":3214,"comment_status":"closed","ping_status":"closed","sticky":false,"template":"","format":"standard","meta":{"footnotes":""},"categories":[1],"tags":[],"class_list":{"0":"post-3213","1":"post","2":"type-post","3":"status-publish","4":"format-standard","5":"has-post-thumbnail","7":"category-noticias"},"aioseo_notices":[],"aioseo_head":"\n\t\t<!-- All in One SEO Pro 4.9.6.2 - aioseo.com -->\n\t<meta name=\"description\" content=\"Hannover\/Stuttgart, 8 sep (dpa) - Los coches el\u00e9ctricos y la conducci\u00f3n aut\u00f3noma no se abren camino entre los alemanes, revel\u00f3 una encuesta de la empresa consultora EY unos d\u00edas antes de que sea inaugurada la feria de automovilismo IIA en Fr\u00e1ncfort. La encuesta mostr\u00f3 que los problemas que reducen el inter\u00e9s de los consumidores germanos\" \/>\n\t<meta name=\"robots\" content=\"max-image-preview:large\" \/>\n\t<meta name=\"author\" content=\"NBAsturias\"\/>\n\t<meta name=\"google-site-verification\" content=\"UA-38556648-1\" \/>\n\t<meta name=\"keywords\" content=\"noticias\" \/>\n\t<link rel=\"canonical\" href=\"https:\/\/eldigitaldeasturias.com\/radio\/los-alemanes-no-se-acostumbran-a-los-coches-electricos-y-autonomos\/\" \/>\n\t<meta name=\"generator\" content=\"All in One SEO Pro (AIOSEO) 4.9.6.2\" \/>\n\t\t<meta property=\"og:locale\" content=\"es_ES\" \/>\n\t\t<meta property=\"og:site_name\" content=\"El Digital de Asturias | Diario de informaci\u00f3n y noticias\" \/>\n\t\t<meta property=\"og:type\" content=\"article\" \/>\n\t\t<meta property=\"og:title\" content=\"Los alemanes no se acostumbran a los coches el\u00e9ctricos y aut\u00f3nomos | El Digital de Asturias\" \/>\n\t\t<meta property=\"og:description\" content=\"Hannover\/Stuttgart, 8 sep (dpa) - Los coches el\u00e9ctricos y la conducci\u00f3n aut\u00f3noma no se abren camino entre los alemanes, revel\u00f3 una encuesta de la empresa consultora EY unos d\u00edas antes de que sea inaugurada la feria de automovilismo IIA en Fr\u00e1ncfort. La encuesta mostr\u00f3 que los problemas que reducen el inter\u00e9s de los consumidores germanos\" \/>\n\t\t<meta property=\"og:url\" content=\"https:\/\/eldigitaldeasturias.com\/radio\/los-alemanes-no-se-acostumbran-a-los-coches-electricos-y-autonomos\/\" \/>\n\t\t<meta property=\"og:image\" content=\"https:\/\/eldigitaldeasturias.com\/radio\/wp-content\/uploads\/2019\/09\/electric-car-1458836_960_720.jpg\" \/>\n\t\t<meta property=\"og:image:secure_url\" content=\"https:\/\/eldigitaldeasturias.com\/radio\/wp-content\/uploads\/2019\/09\/electric-car-1458836_960_720.jpg\" \/>\n\t\t<meta property=\"og:image:width\" content=\"960\" \/>\n\t\t<meta property=\"og:image:height\" content=\"539\" \/>\n\t\t<meta property=\"article:published_time\" content=\"2019-09-09T10:53:20+00:00\" \/>\n\t\t<meta property=\"article:modified_time\" content=\"2019-09-09T10:53:20+00:00\" \/>\n\t\t<meta name=\"twitter:card\" content=\"summary_large_image\" \/>\n\t\t<meta name=\"twitter:site\" content=\"@bercodi\" \/>\n\t\t<meta name=\"twitter:title\" content=\"Los alemanes no se acostumbran a los coches el\u00e9ctricos y aut\u00f3nomos | El Digital de Asturias\" \/>\n\t\t<meta name=\"twitter:description\" content=\"Hannover\/Stuttgart, 8 sep (dpa) - Los coches el\u00e9ctricos y la conducci\u00f3n aut\u00f3noma no se abren camino entre los alemanes, revel\u00f3 una encuesta de la empresa consultora EY unos d\u00edas antes de que sea inaugurada la feria de automovilismo IIA en Fr\u00e1ncfort. La encuesta mostr\u00f3 que los problemas que reducen el inter\u00e9s de los consumidores germanos\" \/>\n\t\t<meta name=\"twitter:creator\" content=\"@bercodi\" \/>\n\t\t<meta name=\"twitter:image\" content=\"https:\/\/eldigitaldeasturias.com\/radio\/wp-content\/uploads\/2019\/09\/electric-car-1458836_960_720.jpg\" \/>\n\t\t<script type=\"application\/ld+json\" class=\"aioseo-schema\">\n\t\t\t{\"@context\":\"https:\\\/\\\/schema.org\",\"@graph\":[{\"@type\":\"BreadcrumbList\",\"@id\":\"https:\\\/\\\/eldigitaldeasturias.com\\\/radio\\\/los-alemanes-no-se-acostumbran-a-los-coches-electricos-y-autonomos\\\/#breadcrumblist\",\"itemListElement\":[{\"@type\":\"ListItem\",\"@id\":\"https:\\\/\\\/eldigitaldeasturias.com\\\/radio#listItem\",\"position\":1,\"name\":\"Inicio\",\"item\":\"https:\\\/\\\/eldigitaldeasturias.com\\\/radio\",\"nextItem\":{\"@type\":\"ListItem\",\"@id\":\"https:\\\/\\\/eldigitaldeasturias.com\\\/radio\\\/category\\\/noticias\\\/#listItem\",\"name\":\"Noticias\"}},{\"@type\":\"ListItem\",\"@id\":\"https:\\\/\\\/eldigitaldeasturias.com\\\/radio\\\/category\\\/noticias\\\/#listItem\",\"position\":2,\"name\":\"Noticias\",\"item\":\"https:\\\/\\\/eldigitaldeasturias.com\\\/radio\\\/category\\\/noticias\\\/\",\"nextItem\":{\"@type\":\"ListItem\",\"@id\":\"https:\\\/\\\/eldigitaldeasturias.com\\\/radio\\\/los-alemanes-no-se-acostumbran-a-los-coches-electricos-y-autonomos\\\/#listItem\",\"name\":\"Los alemanes no se acostumbran a los coches el\\u00e9ctricos y aut\\u00f3nomos\"},\"previousItem\":{\"@type\":\"ListItem\",\"@id\":\"https:\\\/\\\/eldigitaldeasturias.com\\\/radio#listItem\",\"name\":\"Inicio\"}},{\"@type\":\"ListItem\",\"@id\":\"https:\\\/\\\/eldigitaldeasturias.com\\\/radio\\\/los-alemanes-no-se-acostumbran-a-los-coches-electricos-y-autonomos\\\/#listItem\",\"position\":3,\"name\":\"Los alemanes no se acostumbran a los coches el\\u00e9ctricos y aut\\u00f3nomos\",\"previousItem\":{\"@type\":\"ListItem\",\"@id\":\"https:\\\/\\\/eldigitaldeasturias.com\\\/radio\\\/category\\\/noticias\\\/#listItem\",\"name\":\"Noticias\"}}]},{\"@type\":\"NewsArticle\",\"@id\":\"https:\\\/\\\/eldigitaldeasturias.com\\\/radio\\\/los-alemanes-no-se-acostumbran-a-los-coches-electricos-y-autonomos\\\/#newsarticle\",\"name\":\"Los alemanes no se acostumbran a los coches el\\u00e9ctricos y aut\\u00f3nomos | El Digital de Asturias\",\"headline\":\"Los alemanes no se acostumbran a los coches el\\u00e9ctricos y aut\\u00f3nomos\",\"author\":{\"@id\":\"https:\\\/\\\/eldigitaldeasturias.com\\\/radio\\\/author\\\/nbasturias\\\/#author\"},\"publisher\":{\"@id\":\"https:\\\/\\\/eldigitaldeasturias.com\\\/radio\\\/#organization\"},\"image\":{\"@type\":\"ImageObject\",\"url\":\"https:\\\/\\\/eldigitaldeasturias.com\\\/radio\\\/wp-content\\\/uploads\\\/2019\\\/09\\\/electric-car-1458836_960_720.jpg\",\"width\":960,\"height\":539},\"datePublished\":\"2019-09-09T10:53:20+02:00\",\"dateModified\":\"2019-09-09T10:53:20+02:00\",\"inLanguage\":\"es-ES\",\"mainEntityOfPage\":{\"@id\":\"https:\\\/\\\/eldigitaldeasturias.com\\\/radio\\\/los-alemanes-no-se-acostumbran-a-los-coches-electricos-y-autonomos\\\/#webpage\"},\"isPartOf\":{\"@id\":\"https:\\\/\\\/eldigitaldeasturias.com\\\/radio\\\/los-alemanes-no-se-acostumbran-a-los-coches-electricos-y-autonomos\\\/#webpage\"},\"articleSection\":\"Noticias\",\"dateline\":\"Publicado el septiembre 9, 2019.\"},{\"@type\":\"Organization\",\"@id\":\"https:\\\/\\\/eldigitaldeasturias.com\\\/radio\\\/#organization\",\"name\":\"El digital de Asturias Radio\",\"description\":\"Diario de informaci\\u00f3n y noticias\",\"url\":\"https:\\\/\\\/eldigitaldeasturias.com\\\/radio\\\/\",\"telephone\":\"+34652131393\",\"logo\":{\"@type\":\"ImageObject\",\"url\":\"https:\\\/\\\/www.eldigitaldeasturias.com\\\/radio\\\/wp-content\\\/uploads\\\/2021\\\/03\\\/EDA.jpg\",\"@id\":\"https:\\\/\\\/eldigitaldeasturias.com\\\/radio\\\/los-alemanes-no-se-acostumbran-a-los-coches-electricos-y-autonomos\\\/#organizationLogo\"},\"image\":{\"@id\":\"https:\\\/\\\/eldigitaldeasturias.com\\\/radio\\\/los-alemanes-no-se-acostumbran-a-los-coches-electricos-y-autonomos\\\/#organizationLogo\"},\"sameAs\":[\"https:\\\/\\\/www.facebook.com\\\/\",\"https:\\\/\\\/x.com\\\/bercodi\",\"https:\\\/\\\/www.instagram.com\\\/\",\"https:\\\/\\\/www.youtube.com\\\/channel\\\/UCZP-2wLEB9Rv6erhFmqVnvg\"]},{\"@type\":\"Person\",\"@id\":\"https:\\\/\\\/eldigitaldeasturias.com\\\/radio\\\/author\\\/nbasturias\\\/#author\",\"url\":\"https:\\\/\\\/eldigitaldeasturias.com\\\/radio\\\/author\\\/nbasturias\\\/\",\"name\":\"NBAsturias\",\"image\":{\"@type\":\"ImageObject\",\"@id\":\"https:\\\/\\\/eldigitaldeasturias.com\\\/radio\\\/los-alemanes-no-se-acostumbran-a-los-coches-electricos-y-autonomos\\\/#authorImage\",\"url\":\"https:\\\/\\\/secure.gravatar.com\\\/avatar\\\/df2aeffc32bcd13f8d26072ef8a91b623d677766deac7f97ca815868cd41bf5e?s=96&d=mm&r=g\",\"width\":96,\"height\":96,\"caption\":\"NBAsturias\"}},{\"@type\":\"WebPage\",\"@id\":\"https:\\\/\\\/eldigitaldeasturias.com\\\/radio\\\/los-alemanes-no-se-acostumbran-a-los-coches-electricos-y-autonomos\\\/#webpage\",\"url\":\"https:\\\/\\\/eldigitaldeasturias.com\\\/radio\\\/los-alemanes-no-se-acostumbran-a-los-coches-electricos-y-autonomos\\\/\",\"name\":\"Los alemanes no se acostumbran a los coches el\\u00e9ctricos y aut\\u00f3nomos | El Digital de Asturias\",\"description\":\"Hannover\\\/Stuttgart, 8 sep (dpa) - Los coches el\\u00e9ctricos y la conducci\\u00f3n aut\\u00f3noma no se abren camino entre los alemanes, revel\\u00f3 una encuesta de la empresa consultora EY unos d\\u00edas antes de que sea inaugurada la feria de automovilismo IIA en Fr\\u00e1ncfort. La encuesta mostr\\u00f3 que los problemas que reducen el inter\\u00e9s de los consumidores germanos\",\"inLanguage\":\"es-ES\",\"isPartOf\":{\"@id\":\"https:\\\/\\\/eldigitaldeasturias.com\\\/radio\\\/#website\"},\"breadcrumb\":{\"@id\":\"https:\\\/\\\/eldigitaldeasturias.com\\\/radio\\\/los-alemanes-no-se-acostumbran-a-los-coches-electricos-y-autonomos\\\/#breadcrumblist\"},\"author\":{\"@id\":\"https:\\\/\\\/eldigitaldeasturias.com\\\/radio\\\/author\\\/nbasturias\\\/#author\"},\"creator\":{\"@id\":\"https:\\\/\\\/eldigitaldeasturias.com\\\/radio\\\/author\\\/nbasturias\\\/#author\"},\"image\":{\"@type\":\"ImageObject\",\"url\":\"https:\\\/\\\/eldigitaldeasturias.com\\\/radio\\\/wp-content\\\/uploads\\\/2019\\\/09\\\/electric-car-1458836_960_720.jpg\",\"@id\":\"https:\\\/\\\/eldigitaldeasturias.com\\\/radio\\\/los-alemanes-no-se-acostumbran-a-los-coches-electricos-y-autonomos\\\/#mainImage\",\"width\":960,\"height\":539},\"primaryImageOfPage\":{\"@id\":\"https:\\\/\\\/eldigitaldeasturias.com\\\/radio\\\/los-alemanes-no-se-acostumbran-a-los-coches-electricos-y-autonomos\\\/#mainImage\"},\"datePublished\":\"2019-09-09T10:53:20+02:00\",\"dateModified\":\"2019-09-09T10:53:20+02:00\"},{\"@type\":\"WebSite\",\"@id\":\"https:\\\/\\\/eldigitaldeasturias.com\\\/radio\\\/#website\",\"url\":\"https:\\\/\\\/eldigitaldeasturias.com\\\/radio\\\/\",\"name\":\"El Digital de Asturias\",\"description\":\"Diario de informaci\\u00f3n y noticias\",\"inLanguage\":\"es-ES\",\"publisher\":{\"@id\":\"https:\\\/\\\/eldigitaldeasturias.com\\\/radio\\\/#organization\"}}]}\n\t\t<\/script>\n\t\t<!-- All in One SEO Pro -->\r\n\t\t<title>Los alemanes no se acostumbran a los coches el\u00e9ctricos y aut\u00f3nomos | El Digital de Asturias<\/title>\n\n","aioseo_head_json":{"title":"Los alemanes no se acostumbran a los coches el\u00e9ctricos y aut\u00f3nomos | El Digital de Asturias","description":"Hannover\/Stuttgart, 8 sep (dpa) - Los coches el\u00e9ctricos y la conducci\u00f3n aut\u00f3noma no se abren camino entre los alemanes, revel\u00f3 una encuesta de la empresa consultora EY unos d\u00edas antes de que sea inaugurada la feria de automovilismo IIA en Fr\u00e1ncfort. La encuesta mostr\u00f3 que los problemas que reducen el inter\u00e9s de los consumidores germanos","canonical_url":"https:\/\/eldigitaldeasturias.com\/radio\/los-alemanes-no-se-acostumbran-a-los-coches-electricos-y-autonomos\/","robots":"max-image-preview:large","keywords":"noticias","webmasterTools":{"google-site-verification":"UA-38556648-1","miscellaneous":""},"schema":{"@context":"https:\/\/schema.org","@graph":[{"@type":"BreadcrumbList","@id":"https:\/\/eldigitaldeasturias.com\/radio\/los-alemanes-no-se-acostumbran-a-los-coches-electricos-y-autonomos\/#breadcrumblist","itemListElement":[{"@type":"ListItem","@id":"https:\/\/eldigitaldeasturias.com\/radio#listItem","position":1,"name":"Inicio","item":"https:\/\/eldigitaldeasturias.com\/radio","nextItem":{"@type":"ListItem","@id":"https:\/\/eldigitaldeasturias.com\/radio\/category\/noticias\/#listItem","name":"Noticias"}},{"@type":"ListItem","@id":"https:\/\/eldigitaldeasturias.com\/radio\/category\/noticias\/#listItem","position":2,"name":"Noticias","item":"https:\/\/eldigitaldeasturias.com\/radio\/category\/noticias\/","nextItem":{"@type":"ListItem","@id":"https:\/\/eldigitaldeasturias.com\/radio\/los-alemanes-no-se-acostumbran-a-los-coches-electricos-y-autonomos\/#listItem","name":"Los alemanes no se acostumbran a los coches el\u00e9ctricos y aut\u00f3nomos"},"previousItem":{"@type":"ListItem","@id":"https:\/\/eldigitaldeasturias.com\/radio#listItem","name":"Inicio"}},{"@type":"ListItem","@id":"https:\/\/eldigitaldeasturias.com\/radio\/los-alemanes-no-se-acostumbran-a-los-coches-electricos-y-autonomos\/#listItem","position":3,"name":"Los alemanes no se acostumbran a los coches el\u00e9ctricos y aut\u00f3nomos","previousItem":{"@type":"ListItem","@id":"https:\/\/eldigitaldeasturias.com\/radio\/category\/noticias\/#listItem","name":"Noticias"}}]},{"@type":"NewsArticle","@id":"https:\/\/eldigitaldeasturias.com\/radio\/los-alemanes-no-se-acostumbran-a-los-coches-electricos-y-autonomos\/#newsarticle","name":"Los alemanes no se acostumbran a los coches el\u00e9ctricos y aut\u00f3nomos | El Digital de Asturias","headline":"Los alemanes no se acostumbran a los coches el\u00e9ctricos y aut\u00f3nomos","author":{"@id":"https:\/\/eldigitaldeasturias.com\/radio\/author\/nbasturias\/#author"},"publisher":{"@id":"https:\/\/eldigitaldeasturias.com\/radio\/#organization"},"image":{"@type":"ImageObject","url":"https:\/\/eldigitaldeasturias.com\/radio\/wp-content\/uploads\/2019\/09\/electric-car-1458836_960_720.jpg","width":960,"height":539},"datePublished":"2019-09-09T10:53:20+02:00","dateModified":"2019-09-09T10:53:20+02:00","inLanguage":"es-ES","mainEntityOfPage":{"@id":"https:\/\/eldigitaldeasturias.com\/radio\/los-alemanes-no-se-acostumbran-a-los-coches-electricos-y-autonomos\/#webpage"},"isPartOf":{"@id":"https:\/\/eldigitaldeasturias.com\/radio\/los-alemanes-no-se-acostumbran-a-los-coches-electricos-y-autonomos\/#webpage"},"articleSection":"Noticias","dateline":"Publicado el septiembre 9, 2019."},{"@type":"Organization","@id":"https:\/\/eldigitaldeasturias.com\/radio\/#organization","name":"El digital de Asturias Radio","description":"Diario de informaci\u00f3n y noticias","url":"https:\/\/eldigitaldeasturias.com\/radio\/","telephone":"+34652131393","logo":{"@type":"ImageObject","url":"https:\/\/www.eldigitaldeasturias.com\/radio\/wp-content\/uploads\/2021\/03\/EDA.jpg","@id":"https:\/\/eldigitaldeasturias.com\/radio\/los-alemanes-no-se-acostumbran-a-los-coches-electricos-y-autonomos\/#organizationLogo"},"image":{"@id":"https:\/\/eldigitaldeasturias.com\/radio\/los-alemanes-no-se-acostumbran-a-los-coches-electricos-y-autonomos\/#organizationLogo"},"sameAs":["https:\/\/www.facebook.com\/","https:\/\/x.com\/bercodi","https:\/\/www.instagram.com\/","https:\/\/www.youtube.com\/channel\/UCZP-2wLEB9Rv6erhFmqVnvg"]},{"@type":"Person","@id":"https:\/\/eldigitaldeasturias.com\/radio\/author\/nbasturias\/#author","url":"https:\/\/eldigitaldeasturias.com\/radio\/author\/nbasturias\/","name":"NBAsturias","image":{"@type":"ImageObject","@id":"https:\/\/eldigitaldeasturias.com\/radio\/los-alemanes-no-se-acostumbran-a-los-coches-electricos-y-autonomos\/#authorImage","url":"https:\/\/secure.gravatar.com\/avatar\/df2aeffc32bcd13f8d26072ef8a91b623d677766deac7f97ca815868cd41bf5e?s=96&d=mm&r=g","width":96,"height":96,"caption":"NBAsturias"}},{"@type":"WebPage","@id":"https:\/\/eldigitaldeasturias.com\/radio\/los-alemanes-no-se-acostumbran-a-los-coches-electricos-y-autonomos\/#webpage","url":"https:\/\/eldigitaldeasturias.com\/radio\/los-alemanes-no-se-acostumbran-a-los-coches-electricos-y-autonomos\/","name":"Los alemanes no se acostumbran a los coches el\u00e9ctricos y aut\u00f3nomos | El Digital de Asturias","description":"Hannover\/Stuttgart, 8 sep (dpa) - Los coches el\u00e9ctricos y la conducci\u00f3n aut\u00f3noma no se abren camino entre los alemanes, revel\u00f3 una encuesta de la empresa consultora EY unos d\u00edas antes de que sea inaugurada la feria de automovilismo IIA en Fr\u00e1ncfort. La encuesta mostr\u00f3 que los problemas que reducen el inter\u00e9s de los consumidores germanos","inLanguage":"es-ES","isPartOf":{"@id":"https:\/\/eldigitaldeasturias.com\/radio\/#website"},"breadcrumb":{"@id":"https:\/\/eldigitaldeasturias.com\/radio\/los-alemanes-no-se-acostumbran-a-los-coches-electricos-y-autonomos\/#breadcrumblist"},"author":{"@id":"https:\/\/eldigitaldeasturias.com\/radio\/author\/nbasturias\/#author"},"creator":{"@id":"https:\/\/eldigitaldeasturias.com\/radio\/author\/nbasturias\/#author"},"image":{"@type":"ImageObject","url":"https:\/\/eldigitaldeasturias.com\/radio\/wp-content\/uploads\/2019\/09\/electric-car-1458836_960_720.jpg","@id":"https:\/\/eldigitaldeasturias.com\/radio\/los-alemanes-no-se-acostumbran-a-los-coches-electricos-y-autonomos\/#mainImage","width":960,"height":539},"primaryImageOfPage":{"@id":"https:\/\/eldigitaldeasturias.com\/radio\/los-alemanes-no-se-acostumbran-a-los-coches-electricos-y-autonomos\/#mainImage"},"datePublished":"2019-09-09T10:53:20+02:00","dateModified":"2019-09-09T10:53:20+02:00"},{"@type":"WebSite","@id":"https:\/\/eldigitaldeasturias.com\/radio\/#website","url":"https:\/\/eldigitaldeasturias.com\/radio\/","name":"El Digital de Asturias","description":"Diario de informaci\u00f3n y noticias","inLanguage":"es-ES","publisher":{"@id":"https:\/\/eldigitaldeasturias.com\/radio\/#organization"}}]},"og:locale":"es_ES","og:site_name":"El Digital de Asturias | Diario de informaci\u00f3n y noticias","og:type":"article","og:title":"Los alemanes no se acostumbran a los coches el\u00e9ctricos y aut\u00f3nomos | El Digital de Asturias","og:description":"Hannover\/Stuttgart, 8 sep (dpa) - Los coches el\u00e9ctricos y la conducci\u00f3n aut\u00f3noma no se abren camino entre los alemanes, revel\u00f3 una encuesta de la empresa consultora EY unos d\u00edas antes de que sea inaugurada la feria de automovilismo IIA en Fr\u00e1ncfort. La encuesta mostr\u00f3 que los problemas que reducen el inter\u00e9s de los consumidores germanos","og:url":"https:\/\/eldigitaldeasturias.com\/radio\/los-alemanes-no-se-acostumbran-a-los-coches-electricos-y-autonomos\/","og:image":"https:\/\/eldigitaldeasturias.com\/radio\/wp-content\/uploads\/2019\/09\/electric-car-1458836_960_720.jpg","og:image:secure_url":"https:\/\/eldigitaldeasturias.com\/radio\/wp-content\/uploads\/2019\/09\/electric-car-1458836_960_720.jpg","og:image:width":960,"og:image:height":539,"article:published_time":"2019-09-09T10:53:20+00:00","article:modified_time":"2019-09-09T10:53:20+00:00","twitter:card":"summary_large_image","twitter:site":"@bercodi","twitter:title":"Los alemanes no se acostumbran a los coches el\u00e9ctricos y aut\u00f3nomos | El Digital de Asturias","twitter:description":"Hannover\/Stuttgart, 8 sep (dpa) - Los coches el\u00e9ctricos y la conducci\u00f3n aut\u00f3noma no se abren camino entre los alemanes, revel\u00f3 una encuesta de la empresa consultora EY unos d\u00edas antes de que sea inaugurada la feria de automovilismo IIA en Fr\u00e1ncfort. La encuesta mostr\u00f3 que los problemas que reducen el inter\u00e9s de los consumidores germanos","twitter:creator":"@bercodi","twitter:image":"https:\/\/eldigitaldeasturias.com\/radio\/wp-content\/uploads\/2019\/09\/electric-car-1458836_960_720.jpg"},"aioseo_meta_data":{"post_id":"3213","title":null,"description":null,"keywords":null,"keyphrases":null,"primary_term":null,"canonical_url":null,"og_title":null,"og_description":null,"og_object_type":"default","og_image_type":"default","og_image_url":null,"og_image_width":null,"og_image_height":null,"og_image_custom_url":null,"og_image_custom_fields":null,"og_video":null,"og_custom_url":null,"og_article_section":null,"og_article_tags":null,"twitter_use_og":false,"twitter_card":"default","twitter_image_type":"default","twitter_image_url":null,"twitter_image_custom_url":null,"twitter_image_custom_fields":null,"twitter_title":null,"twitter_description":null,"schema":{"blockGraphs":[],"customGraphs":[],"default":{"data":{"Article":[],"Course":[],"Dataset":[],"FAQPage":[],"Movie":[],"Person":[],"Product":[],"ProductReview":[],"Car":[],"Recipe":[],"Service":[],"SoftwareApplication":[],"WebPage":[]},"graphName":"","isEnabled":true},"graphs":[],"defaultGraph":"","defaultPostTypeGraph":""},"schema_type":null,"schema_type_options":null,"pillar_content":false,"robots_default":true,"robots_noindex":false,"robots_noarchive":false,"robots_nosnippet":false,"robots_nofollow":false,"robots_noimageindex":false,"robots_noodp":false,"robots_notranslate":false,"robots_max_snippet":null,"robots_max_videopreview":null,"robots_max_imagepreview":"large","priority":null,"frequency":null,"location":null,"local_seo":null,"seo_analyzer_scan_date":"2025-08-28 13:47:25","breadcrumb_settings":null,"limit_modified_date":false,"open_ai":null,"ai":null,"created":"2021-03-30 14:16:06","updated":"2025-08-28 13:47:25"},"aioseo_breadcrumb":"<div class=\"aioseo-breadcrumbs\"><span class=\"aioseo-breadcrumb\">\n\t<a href=\"https:\/\/eldigitaldeasturias.com\/radio\" title=\"Inicio\">Inicio<\/a>\n<\/span><span class=\"aioseo-breadcrumb-separator\">&ndash;<\/span><span class=\"aioseo-breadcrumb\">\n\t<a href=\"https:\/\/eldigitaldeasturias.com\/radio\/category\/noticias\/\" title=\"Noticias\">Noticias<\/a>\n<\/span><span class=\"aioseo-breadcrumb-separator\">&ndash;<\/span><span class=\"aioseo-breadcrumb\">\n\tLos alemanes no se acostumbran a los coches el\u00e9ctricos y aut\u00f3nomos\n<\/span><\/div>","aioseo_breadcrumb_json":[{"label":"Inicio","link":"https:\/\/eldigitaldeasturias.com\/radio"},{"label":"Noticias","link":"https:\/\/eldigitaldeasturias.com\/radio\/category\/noticias\/"},{"label":"Los alemanes no se acostumbran a los coches el\u00e9ctricos y aut\u00f3nomos","link":"https:\/\/eldigitaldeasturias.com\/radio\/los-alemanes-no-se-acostumbran-a-los-coches-electricos-y-autonomos\/"}],"_links":{"self":[{"href":"https:\/\/eldigitaldeasturias.com\/radio\/wp-json\/wp\/v2\/posts\/3213","targetHints":{"allow":["GET"]}}],"collection":[{"href":"https:\/\/eldigitaldeasturias.com\/radio\/wp-json\/wp\/v2\/posts"}],"about":[{"href":"https:\/\/eldigitaldeasturias.com\/radio\/wp-json\/wp\/v2\/types\/post"}],"author":[{"embeddable":true,"href":"https:\/\/eldigitaldeasturias.com\/radio\/wp-json\/wp\/v2\/users\/1"}],"replies":[{"embeddable":true,"href":"https:\/\/eldigitaldeasturias.com\/radio\/wp-json\/wp\/v2\/comments?post=3213"}],"version-history":[{"count":0,"href":"https:\/\/eldigitaldeasturias.com\/radio\/wp-json\/wp\/v2\/posts\/3213\/revisions"}],"wp:featuredmedia":[{"embeddable":true,"href":"https:\/\/eldigitaldeasturias.com\/radio\/wp-json\/wp\/v2\/media\/3214"}],"wp:attachment":[{"href":"https:\/\/eldigitaldeasturias.com\/radio\/wp-json\/wp\/v2\/media?parent=3213"}],"wp:term":[{"taxonomy":"category","embeddable":true,"href":"https:\/\/eldigitaldeasturias.com\/radio\/wp-json\/wp\/v2\/categories?post=3213"},{"taxonomy":"post_tag","embeddable":true,"href":"https:\/\/eldigitaldeasturias.com\/radio\/wp-json\/wp\/v2\/tags?post=3213"}],"curies":[{"name":"wp","href":"https:\/\/api.w.org\/{rel}","templated":true}]}}