{"id":3201,"date":"2019-09-08T19:28:04","date_gmt":"2019-09-08T19:28:04","guid":{"rendered":"http:\/\/eldigitaldeasturias.com\/radio\/?p=3201"},"modified":"2019-09-08T19:28:04","modified_gmt":"2019-09-08T19:28:04","slug":"drones-para-asistir-a-los-peregrinos-del-camino-de-santiago","status":"publish","type":"post","link":"https:\/\/eldigitaldeasturias.com\/radio\/drones-para-asistir-a-los-peregrinos-del-camino-de-santiago\/","title":{"rendered":"Drones para asistir a los peregrinos del camino de Santiago"},"content":{"rendered":"<p><img fetchpriority=\"high\" decoding=\"async\" class=\"alignleft size-medium wp-image-3202\" src=\"https:\/\/eldigitaldeasturias.com\/radio\/wp-content\/uploads\/2019\/09\/1567759393_photo_1521405924368_64c5b84bec60-360x270.jpg\" alt=\"\" width=\"360\" height=\"270\" srcset=\"https:\/\/eldigitaldeasturias.com\/radio\/wp-content\/uploads\/2019\/09\/1567759393_photo_1521405924368_64c5b84bec60-360x270.jpg 360w, https:\/\/eldigitaldeasturias.com\/radio\/wp-content\/uploads\/2019\/09\/1567759393_photo_1521405924368_64c5b84bec60.jpg 667w\" sizes=\"(max-width: 360px) 100vw, 360px\" \/>Esta semana el consejero de Econom\u00eda de la Xunta, Francisco Conde, ha anunciado que se instaurar\u00e1 un servicio de cardioprotecci\u00f3n en el Camino de Santiago. La utilizaci\u00f3n de drones para asistir a los peregrinos har\u00e1 mucho m\u00e1s r\u00e1pida la actuaci\u00f3n ante una parada cardiorespiratoria durante el propio trayecto. El sistema estar\u00e1 disponible en el a\u00f1o 2020, antes de que tenga lugar el Xacobeo 2021. Se trata de un ejemplo m\u00e1s de c\u00f3mo los drones se est\u00e1n introduciendo en la vida diaria.<\/p>\n<p>Cada vez son m\u00e1s quienes apuestas por los\u00a0<span style=\"color: #ff6600;\"><strong>cursos de drones<\/strong><\/span>\u00a0para poder incorporarlos en distintos mecanismos y servicios a nivel p\u00fablico y privado. Este sistema de drones estar\u00e1 en contacto con el 061. Poseer\u00e1n un electrocardi\u00f3grafo y un desfibrilador para poder atender lo m\u00e1s r\u00e1pido posible a aquellas personas que sufran en alg\u00fan tramo del Camino una parada cardiorrespiratoria.<\/p>\n<p>Para que sea lo m\u00e1s efectivo posible, el sistema se encuentra en el interior de la Central de Coordinaci\u00f3n de Urgencias Sanitarias CCUS-061. Por ello, ante las llamadas de posibles paradas el dron llegar\u00e1 en tiempo r\u00e9cord para poder salvar la vida de estos pacientes. Con el objetivo de poder llevar a cabo su aplicaci\u00f3n lo m\u00e1s eficaz posible, la Xunta ha declarado que los desfibriladores son de uso sencillo, por lo que cualquier persona que acompa\u00f1e al paciente los podr\u00e1 utilizar sin ning\u00fan problema. Guiados en todo momento por el personal sanitario que se encuentra en la base del 061.<\/p>\n<p>Se trata de una medida que convierte a nivel nacional a Galicia en toda una pionera del sector. La aplicaci\u00f3n de veh\u00edculos a\u00e9reos no tripulados para mejorar la asistencia de usuarios en periodos de peregrinaci\u00f3n ser\u00e1 de lo m\u00e1s eficaz, como explican especialistas como la empresa\u00a0<span style=\"color: #ff6600;\"><strong><a style=\"color: #ff6600;\" href=\"https:\/\/www.aero2mildrones.es\/curso-avanzado-de-piloto-de-drones\/\" target=\"_blank\" rel=\"nofollow noopener noreferrer\">Aero2mil Dron<\/a><\/strong><\/span>. Pero esta iniciativa no solo contar\u00e1 con drones, tambi\u00e9n incorporar\u00e1 en m\u00e1s de setenta albergues p\u00fablicos desfibriladores semiautom\u00e1ticos externos.<\/p>\n","protected":false},"excerpt":{"rendered":"<p>Esta semana el consejero de Econom\u00eda de la Xunta, Francisco Conde, ha anunciado que se instaurar\u00e1 un servicio de cardioprotecci\u00f3n en el Camino de Santiago. La utilizaci\u00f3n de drones para asistir a los peregrinos har\u00e1 mucho m\u00e1s r\u00e1pida la actuaci\u00f3n ante una parada cardiorespiratoria durante el propio trayecto. El sistema estar\u00e1 disponible en el a\u00f1o<\/p>\n","protected":false},"author":1,"featured_media":3202,"comment_status":"closed","ping_status":"closed","sticky":false,"template":"","format":"standard","meta":{"footnotes":""},"categories":[1],"tags":[],"class_list":{"0":"post-3201","1":"post","2":"type-post","3":"status-publish","4":"format-standard","5":"has-post-thumbnail","7":"category-noticias"},"aioseo_notices":[],"aioseo_head":"\n\t\t<!-- All in One SEO Pro 4.9.6.2 - aioseo.com -->\n\t<meta name=\"description\" content=\"Esta semana el consejero de Econom\u00eda de la Xunta, Francisco Conde, ha anunciado que se instaurar\u00e1 un servicio de cardioprotecci\u00f3n en el Camino de Santiago. La utilizaci\u00f3n de drones para asistir a los peregrinos har\u00e1 mucho m\u00e1s r\u00e1pida la actuaci\u00f3n ante una parada cardiorespiratoria durante el propio trayecto. El sistema estar\u00e1 disponible en el a\u00f1o\" \/>\n\t<meta name=\"robots\" content=\"max-image-preview:large\" \/>\n\t<meta name=\"author\" content=\"NBAsturias\"\/>\n\t<meta name=\"google-site-verification\" content=\"UA-38556648-1\" \/>\n\t<meta name=\"keywords\" content=\"noticias\" \/>\n\t<link rel=\"canonical\" href=\"https:\/\/eldigitaldeasturias.com\/radio\/drones-para-asistir-a-los-peregrinos-del-camino-de-santiago\/\" \/>\n\t<meta name=\"generator\" content=\"All in One SEO Pro (AIOSEO) 4.9.6.2\" \/>\n\t\t<meta property=\"og:locale\" content=\"es_ES\" \/>\n\t\t<meta property=\"og:site_name\" content=\"El Digital de Asturias | Diario de informaci\u00f3n y noticias\" \/>\n\t\t<meta property=\"og:type\" content=\"article\" \/>\n\t\t<meta property=\"og:title\" content=\"Drones para asistir a los peregrinos del camino de Santiago | El Digital de Asturias\" \/>\n\t\t<meta property=\"og:description\" content=\"Esta semana el consejero de Econom\u00eda de la Xunta, Francisco Conde, ha anunciado que se instaurar\u00e1 un servicio de cardioprotecci\u00f3n en el Camino de Santiago. La utilizaci\u00f3n de drones para asistir a los peregrinos har\u00e1 mucho m\u00e1s r\u00e1pida la actuaci\u00f3n ante una parada cardiorespiratoria durante el propio trayecto. El sistema estar\u00e1 disponible en el a\u00f1o\" \/>\n\t\t<meta property=\"og:url\" content=\"https:\/\/eldigitaldeasturias.com\/radio\/drones-para-asistir-a-los-peregrinos-del-camino-de-santiago\/\" \/>\n\t\t<meta property=\"og:image\" content=\"https:\/\/eldigitaldeasturias.com\/radio\/wp-content\/uploads\/2019\/09\/1567759393_photo_1521405924368_64c5b84bec60.jpg\" \/>\n\t\t<meta property=\"og:image:secure_url\" content=\"https:\/\/eldigitaldeasturias.com\/radio\/wp-content\/uploads\/2019\/09\/1567759393_photo_1521405924368_64c5b84bec60.jpg\" \/>\n\t\t<meta property=\"og:image:width\" content=\"667\" \/>\n\t\t<meta property=\"og:image:height\" content=\"500\" \/>\n\t\t<meta property=\"article:published_time\" content=\"2019-09-08T19:28:04+00:00\" \/>\n\t\t<meta property=\"article:modified_time\" content=\"2019-09-08T19:28:04+00:00\" \/>\n\t\t<meta name=\"twitter:card\" content=\"summary_large_image\" \/>\n\t\t<meta name=\"twitter:site\" content=\"@bercodi\" \/>\n\t\t<meta name=\"twitter:title\" content=\"Drones para asistir a los peregrinos del camino de Santiago | El Digital de Asturias\" \/>\n\t\t<meta name=\"twitter:description\" content=\"Esta semana el consejero de Econom\u00eda de la Xunta, Francisco Conde, ha anunciado que se instaurar\u00e1 un servicio de cardioprotecci\u00f3n en el Camino de Santiago. La utilizaci\u00f3n de drones para asistir a los peregrinos har\u00e1 mucho m\u00e1s r\u00e1pida la actuaci\u00f3n ante una parada cardiorespiratoria durante el propio trayecto. El sistema estar\u00e1 disponible en el a\u00f1o\" \/>\n\t\t<meta name=\"twitter:creator\" content=\"@bercodi\" \/>\n\t\t<meta name=\"twitter:image\" content=\"https:\/\/eldigitaldeasturias.com\/radio\/wp-content\/uploads\/2019\/09\/1567759393_photo_1521405924368_64c5b84bec60.jpg\" \/>\n\t\t<script type=\"application\/ld+json\" class=\"aioseo-schema\">\n\t\t\t{\"@context\":\"https:\\\/\\\/schema.org\",\"@graph\":[{\"@type\":\"BreadcrumbList\",\"@id\":\"https:\\\/\\\/eldigitaldeasturias.com\\\/radio\\\/drones-para-asistir-a-los-peregrinos-del-camino-de-santiago\\\/#breadcrumblist\",\"itemListElement\":[{\"@type\":\"ListItem\",\"@id\":\"https:\\\/\\\/eldigitaldeasturias.com\\\/radio#listItem\",\"position\":1,\"name\":\"Inicio\",\"item\":\"https:\\\/\\\/eldigitaldeasturias.com\\\/radio\",\"nextItem\":{\"@type\":\"ListItem\",\"@id\":\"https:\\\/\\\/eldigitaldeasturias.com\\\/radio\\\/category\\\/noticias\\\/#listItem\",\"name\":\"Noticias\"}},{\"@type\":\"ListItem\",\"@id\":\"https:\\\/\\\/eldigitaldeasturias.com\\\/radio\\\/category\\\/noticias\\\/#listItem\",\"position\":2,\"name\":\"Noticias\",\"item\":\"https:\\\/\\\/eldigitaldeasturias.com\\\/radio\\\/category\\\/noticias\\\/\",\"nextItem\":{\"@type\":\"ListItem\",\"@id\":\"https:\\\/\\\/eldigitaldeasturias.com\\\/radio\\\/drones-para-asistir-a-los-peregrinos-del-camino-de-santiago\\\/#listItem\",\"name\":\"Drones para asistir a los peregrinos del camino de Santiago\"},\"previousItem\":{\"@type\":\"ListItem\",\"@id\":\"https:\\\/\\\/eldigitaldeasturias.com\\\/radio#listItem\",\"name\":\"Inicio\"}},{\"@type\":\"ListItem\",\"@id\":\"https:\\\/\\\/eldigitaldeasturias.com\\\/radio\\\/drones-para-asistir-a-los-peregrinos-del-camino-de-santiago\\\/#listItem\",\"position\":3,\"name\":\"Drones para asistir a los peregrinos del camino de Santiago\",\"previousItem\":{\"@type\":\"ListItem\",\"@id\":\"https:\\\/\\\/eldigitaldeasturias.com\\\/radio\\\/category\\\/noticias\\\/#listItem\",\"name\":\"Noticias\"}}]},{\"@type\":\"NewsArticle\",\"@id\":\"https:\\\/\\\/eldigitaldeasturias.com\\\/radio\\\/drones-para-asistir-a-los-peregrinos-del-camino-de-santiago\\\/#newsarticle\",\"name\":\"Drones para asistir a los peregrinos del camino de Santiago | El Digital de Asturias\",\"headline\":\"Drones para asistir a los peregrinos del camino de Santiago\",\"author\":{\"@id\":\"https:\\\/\\\/eldigitaldeasturias.com\\\/radio\\\/author\\\/nbasturias\\\/#author\"},\"publisher\":{\"@id\":\"https:\\\/\\\/eldigitaldeasturias.com\\\/radio\\\/#organization\"},\"image\":{\"@type\":\"ImageObject\",\"url\":\"https:\\\/\\\/eldigitaldeasturias.com\\\/radio\\\/wp-content\\\/uploads\\\/2019\\\/09\\\/1567759393_photo_1521405924368_64c5b84bec60.jpg\",\"width\":667,\"height\":500},\"datePublished\":\"2019-09-08T19:28:04+02:00\",\"dateModified\":\"2019-09-08T19:28:04+02:00\",\"inLanguage\":\"es-ES\",\"mainEntityOfPage\":{\"@id\":\"https:\\\/\\\/eldigitaldeasturias.com\\\/radio\\\/drones-para-asistir-a-los-peregrinos-del-camino-de-santiago\\\/#webpage\"},\"isPartOf\":{\"@id\":\"https:\\\/\\\/eldigitaldeasturias.com\\\/radio\\\/drones-para-asistir-a-los-peregrinos-del-camino-de-santiago\\\/#webpage\"},\"articleSection\":\"Noticias\",\"dateline\":\"Publicado el septiembre 8, 2019.\"},{\"@type\":\"Organization\",\"@id\":\"https:\\\/\\\/eldigitaldeasturias.com\\\/radio\\\/#organization\",\"name\":\"El digital de Asturias Radio\",\"description\":\"Diario de informaci\\u00f3n y noticias\",\"url\":\"https:\\\/\\\/eldigitaldeasturias.com\\\/radio\\\/\",\"telephone\":\"+34652131393\",\"logo\":{\"@type\":\"ImageObject\",\"url\":\"https:\\\/\\\/www.eldigitaldeasturias.com\\\/radio\\\/wp-content\\\/uploads\\\/2021\\\/03\\\/EDA.jpg\",\"@id\":\"https:\\\/\\\/eldigitaldeasturias.com\\\/radio\\\/drones-para-asistir-a-los-peregrinos-del-camino-de-santiago\\\/#organizationLogo\"},\"image\":{\"@id\":\"https:\\\/\\\/eldigitaldeasturias.com\\\/radio\\\/drones-para-asistir-a-los-peregrinos-del-camino-de-santiago\\\/#organizationLogo\"},\"sameAs\":[\"https:\\\/\\\/www.facebook.com\\\/\",\"https:\\\/\\\/x.com\\\/bercodi\",\"https:\\\/\\\/www.instagram.com\\\/\",\"https:\\\/\\\/www.youtube.com\\\/channel\\\/UCZP-2wLEB9Rv6erhFmqVnvg\"]},{\"@type\":\"Person\",\"@id\":\"https:\\\/\\\/eldigitaldeasturias.com\\\/radio\\\/author\\\/nbasturias\\\/#author\",\"url\":\"https:\\\/\\\/eldigitaldeasturias.com\\\/radio\\\/author\\\/nbasturias\\\/\",\"name\":\"NBAsturias\",\"image\":{\"@type\":\"ImageObject\",\"@id\":\"https:\\\/\\\/eldigitaldeasturias.com\\\/radio\\\/drones-para-asistir-a-los-peregrinos-del-camino-de-santiago\\\/#authorImage\",\"url\":\"https:\\\/\\\/secure.gravatar.com\\\/avatar\\\/df2aeffc32bcd13f8d26072ef8a91b623d677766deac7f97ca815868cd41bf5e?s=96&d=mm&r=g\",\"width\":96,\"height\":96,\"caption\":\"NBAsturias\"}},{\"@type\":\"WebPage\",\"@id\":\"https:\\\/\\\/eldigitaldeasturias.com\\\/radio\\\/drones-para-asistir-a-los-peregrinos-del-camino-de-santiago\\\/#webpage\",\"url\":\"https:\\\/\\\/eldigitaldeasturias.com\\\/radio\\\/drones-para-asistir-a-los-peregrinos-del-camino-de-santiago\\\/\",\"name\":\"Drones para asistir a los peregrinos del camino de Santiago | El Digital de Asturias\",\"description\":\"Esta semana el consejero de Econom\\u00eda de la Xunta, Francisco Conde, ha anunciado que se instaurar\\u00e1 un servicio de cardioprotecci\\u00f3n en el Camino de Santiago. La utilizaci\\u00f3n de drones para asistir a los peregrinos har\\u00e1 mucho m\\u00e1s r\\u00e1pida la actuaci\\u00f3n ante una parada cardiorespiratoria durante el propio trayecto. El sistema estar\\u00e1 disponible en el a\\u00f1o\",\"inLanguage\":\"es-ES\",\"isPartOf\":{\"@id\":\"https:\\\/\\\/eldigitaldeasturias.com\\\/radio\\\/#website\"},\"breadcrumb\":{\"@id\":\"https:\\\/\\\/eldigitaldeasturias.com\\\/radio\\\/drones-para-asistir-a-los-peregrinos-del-camino-de-santiago\\\/#breadcrumblist\"},\"author\":{\"@id\":\"https:\\\/\\\/eldigitaldeasturias.com\\\/radio\\\/author\\\/nbasturias\\\/#author\"},\"creator\":{\"@id\":\"https:\\\/\\\/eldigitaldeasturias.com\\\/radio\\\/author\\\/nbasturias\\\/#author\"},\"image\":{\"@type\":\"ImageObject\",\"url\":\"https:\\\/\\\/eldigitaldeasturias.com\\\/radio\\\/wp-content\\\/uploads\\\/2019\\\/09\\\/1567759393_photo_1521405924368_64c5b84bec60.jpg\",\"@id\":\"https:\\\/\\\/eldigitaldeasturias.com\\\/radio\\\/drones-para-asistir-a-los-peregrinos-del-camino-de-santiago\\\/#mainImage\",\"width\":667,\"height\":500},\"primaryImageOfPage\":{\"@id\":\"https:\\\/\\\/eldigitaldeasturias.com\\\/radio\\\/drones-para-asistir-a-los-peregrinos-del-camino-de-santiago\\\/#mainImage\"},\"datePublished\":\"2019-09-08T19:28:04+02:00\",\"dateModified\":\"2019-09-08T19:28:04+02:00\"},{\"@type\":\"WebSite\",\"@id\":\"https:\\\/\\\/eldigitaldeasturias.com\\\/radio\\\/#website\",\"url\":\"https:\\\/\\\/eldigitaldeasturias.com\\\/radio\\\/\",\"name\":\"El Digital de Asturias\",\"description\":\"Diario de informaci\\u00f3n y noticias\",\"inLanguage\":\"es-ES\",\"publisher\":{\"@id\":\"https:\\\/\\\/eldigitaldeasturias.com\\\/radio\\\/#organization\"}}]}\n\t\t<\/script>\n\t\t<!-- All in One SEO Pro -->\r\n\t\t<title>Drones para asistir a los peregrinos del camino de Santiago | El Digital de Asturias<\/title>\n\n","aioseo_head_json":{"title":"Drones para asistir a los peregrinos del camino de Santiago | El Digital de Asturias","description":"Esta semana el consejero de Econom\u00eda de la Xunta, Francisco Conde, ha anunciado que se instaurar\u00e1 un servicio de cardioprotecci\u00f3n en el Camino de Santiago. La utilizaci\u00f3n de drones para asistir a los peregrinos har\u00e1 mucho m\u00e1s r\u00e1pida la actuaci\u00f3n ante una parada cardiorespiratoria durante el propio trayecto. El sistema estar\u00e1 disponible en el a\u00f1o","canonical_url":"https:\/\/eldigitaldeasturias.com\/radio\/drones-para-asistir-a-los-peregrinos-del-camino-de-santiago\/","robots":"max-image-preview:large","keywords":"noticias","webmasterTools":{"google-site-verification":"UA-38556648-1","miscellaneous":""},"schema":{"@context":"https:\/\/schema.org","@graph":[{"@type":"BreadcrumbList","@id":"https:\/\/eldigitaldeasturias.com\/radio\/drones-para-asistir-a-los-peregrinos-del-camino-de-santiago\/#breadcrumblist","itemListElement":[{"@type":"ListItem","@id":"https:\/\/eldigitaldeasturias.com\/radio#listItem","position":1,"name":"Inicio","item":"https:\/\/eldigitaldeasturias.com\/radio","nextItem":{"@type":"ListItem","@id":"https:\/\/eldigitaldeasturias.com\/radio\/category\/noticias\/#listItem","name":"Noticias"}},{"@type":"ListItem","@id":"https:\/\/eldigitaldeasturias.com\/radio\/category\/noticias\/#listItem","position":2,"name":"Noticias","item":"https:\/\/eldigitaldeasturias.com\/radio\/category\/noticias\/","nextItem":{"@type":"ListItem","@id":"https:\/\/eldigitaldeasturias.com\/radio\/drones-para-asistir-a-los-peregrinos-del-camino-de-santiago\/#listItem","name":"Drones para asistir a los peregrinos del camino de Santiago"},"previousItem":{"@type":"ListItem","@id":"https:\/\/eldigitaldeasturias.com\/radio#listItem","name":"Inicio"}},{"@type":"ListItem","@id":"https:\/\/eldigitaldeasturias.com\/radio\/drones-para-asistir-a-los-peregrinos-del-camino-de-santiago\/#listItem","position":3,"name":"Drones para asistir a los peregrinos del camino de Santiago","previousItem":{"@type":"ListItem","@id":"https:\/\/eldigitaldeasturias.com\/radio\/category\/noticias\/#listItem","name":"Noticias"}}]},{"@type":"NewsArticle","@id":"https:\/\/eldigitaldeasturias.com\/radio\/drones-para-asistir-a-los-peregrinos-del-camino-de-santiago\/#newsarticle","name":"Drones para asistir a los peregrinos del camino de Santiago | El Digital de Asturias","headline":"Drones para asistir a los peregrinos del camino de Santiago","author":{"@id":"https:\/\/eldigitaldeasturias.com\/radio\/author\/nbasturias\/#author"},"publisher":{"@id":"https:\/\/eldigitaldeasturias.com\/radio\/#organization"},"image":{"@type":"ImageObject","url":"https:\/\/eldigitaldeasturias.com\/radio\/wp-content\/uploads\/2019\/09\/1567759393_photo_1521405924368_64c5b84bec60.jpg","width":667,"height":500},"datePublished":"2019-09-08T19:28:04+02:00","dateModified":"2019-09-08T19:28:04+02:00","inLanguage":"es-ES","mainEntityOfPage":{"@id":"https:\/\/eldigitaldeasturias.com\/radio\/drones-para-asistir-a-los-peregrinos-del-camino-de-santiago\/#webpage"},"isPartOf":{"@id":"https:\/\/eldigitaldeasturias.com\/radio\/drones-para-asistir-a-los-peregrinos-del-camino-de-santiago\/#webpage"},"articleSection":"Noticias","dateline":"Publicado el septiembre 8, 2019."},{"@type":"Organization","@id":"https:\/\/eldigitaldeasturias.com\/radio\/#organization","name":"El digital de Asturias Radio","description":"Diario de informaci\u00f3n y noticias","url":"https:\/\/eldigitaldeasturias.com\/radio\/","telephone":"+34652131393","logo":{"@type":"ImageObject","url":"https:\/\/www.eldigitaldeasturias.com\/radio\/wp-content\/uploads\/2021\/03\/EDA.jpg","@id":"https:\/\/eldigitaldeasturias.com\/radio\/drones-para-asistir-a-los-peregrinos-del-camino-de-santiago\/#organizationLogo"},"image":{"@id":"https:\/\/eldigitaldeasturias.com\/radio\/drones-para-asistir-a-los-peregrinos-del-camino-de-santiago\/#organizationLogo"},"sameAs":["https:\/\/www.facebook.com\/","https:\/\/x.com\/bercodi","https:\/\/www.instagram.com\/","https:\/\/www.youtube.com\/channel\/UCZP-2wLEB9Rv6erhFmqVnvg"]},{"@type":"Person","@id":"https:\/\/eldigitaldeasturias.com\/radio\/author\/nbasturias\/#author","url":"https:\/\/eldigitaldeasturias.com\/radio\/author\/nbasturias\/","name":"NBAsturias","image":{"@type":"ImageObject","@id":"https:\/\/eldigitaldeasturias.com\/radio\/drones-para-asistir-a-los-peregrinos-del-camino-de-santiago\/#authorImage","url":"https:\/\/secure.gravatar.com\/avatar\/df2aeffc32bcd13f8d26072ef8a91b623d677766deac7f97ca815868cd41bf5e?s=96&d=mm&r=g","width":96,"height":96,"caption":"NBAsturias"}},{"@type":"WebPage","@id":"https:\/\/eldigitaldeasturias.com\/radio\/drones-para-asistir-a-los-peregrinos-del-camino-de-santiago\/#webpage","url":"https:\/\/eldigitaldeasturias.com\/radio\/drones-para-asistir-a-los-peregrinos-del-camino-de-santiago\/","name":"Drones para asistir a los peregrinos del camino de Santiago | El Digital de Asturias","description":"Esta semana el consejero de Econom\u00eda de la Xunta, Francisco Conde, ha anunciado que se instaurar\u00e1 un servicio de cardioprotecci\u00f3n en el Camino de Santiago. La utilizaci\u00f3n de drones para asistir a los peregrinos har\u00e1 mucho m\u00e1s r\u00e1pida la actuaci\u00f3n ante una parada cardiorespiratoria durante el propio trayecto. El sistema estar\u00e1 disponible en el a\u00f1o","inLanguage":"es-ES","isPartOf":{"@id":"https:\/\/eldigitaldeasturias.com\/radio\/#website"},"breadcrumb":{"@id":"https:\/\/eldigitaldeasturias.com\/radio\/drones-para-asistir-a-los-peregrinos-del-camino-de-santiago\/#breadcrumblist"},"author":{"@id":"https:\/\/eldigitaldeasturias.com\/radio\/author\/nbasturias\/#author"},"creator":{"@id":"https:\/\/eldigitaldeasturias.com\/radio\/author\/nbasturias\/#author"},"image":{"@type":"ImageObject","url":"https:\/\/eldigitaldeasturias.com\/radio\/wp-content\/uploads\/2019\/09\/1567759393_photo_1521405924368_64c5b84bec60.jpg","@id":"https:\/\/eldigitaldeasturias.com\/radio\/drones-para-asistir-a-los-peregrinos-del-camino-de-santiago\/#mainImage","width":667,"height":500},"primaryImageOfPage":{"@id":"https:\/\/eldigitaldeasturias.com\/radio\/drones-para-asistir-a-los-peregrinos-del-camino-de-santiago\/#mainImage"},"datePublished":"2019-09-08T19:28:04+02:00","dateModified":"2019-09-08T19:28:04+02:00"},{"@type":"WebSite","@id":"https:\/\/eldigitaldeasturias.com\/radio\/#website","url":"https:\/\/eldigitaldeasturias.com\/radio\/","name":"El Digital de Asturias","description":"Diario de informaci\u00f3n y noticias","inLanguage":"es-ES","publisher":{"@id":"https:\/\/eldigitaldeasturias.com\/radio\/#organization"}}]},"og:locale":"es_ES","og:site_name":"El Digital de Asturias | Diario de informaci\u00f3n y noticias","og:type":"article","og:title":"Drones para asistir a los peregrinos del camino de Santiago | El Digital de Asturias","og:description":"Esta semana el consejero de Econom\u00eda de la Xunta, Francisco Conde, ha anunciado que se instaurar\u00e1 un servicio de cardioprotecci\u00f3n en el Camino de Santiago. La utilizaci\u00f3n de drones para asistir a los peregrinos har\u00e1 mucho m\u00e1s r\u00e1pida la actuaci\u00f3n ante una parada cardiorespiratoria durante el propio trayecto. El sistema estar\u00e1 disponible en el a\u00f1o","og:url":"https:\/\/eldigitaldeasturias.com\/radio\/drones-para-asistir-a-los-peregrinos-del-camino-de-santiago\/","og:image":"https:\/\/eldigitaldeasturias.com\/radio\/wp-content\/uploads\/2019\/09\/1567759393_photo_1521405924368_64c5b84bec60.jpg","og:image:secure_url":"https:\/\/eldigitaldeasturias.com\/radio\/wp-content\/uploads\/2019\/09\/1567759393_photo_1521405924368_64c5b84bec60.jpg","og:image:width":667,"og:image:height":500,"article:published_time":"2019-09-08T19:28:04+00:00","article:modified_time":"2019-09-08T19:28:04+00:00","twitter:card":"summary_large_image","twitter:site":"@bercodi","twitter:title":"Drones para asistir a los peregrinos del camino de Santiago | El Digital de Asturias","twitter:description":"Esta semana el consejero de Econom\u00eda de la Xunta, Francisco Conde, ha anunciado que se instaurar\u00e1 un servicio de cardioprotecci\u00f3n en el Camino de Santiago. La utilizaci\u00f3n de drones para asistir a los peregrinos har\u00e1 mucho m\u00e1s r\u00e1pida la actuaci\u00f3n ante una parada cardiorespiratoria durante el propio trayecto. El sistema estar\u00e1 disponible en el a\u00f1o","twitter:creator":"@bercodi","twitter:image":"https:\/\/eldigitaldeasturias.com\/radio\/wp-content\/uploads\/2019\/09\/1567759393_photo_1521405924368_64c5b84bec60.jpg"},"aioseo_meta_data":{"post_id":"3201","title":null,"description":null,"keywords":null,"keyphrases":null,"primary_term":null,"canonical_url":null,"og_title":null,"og_description":null,"og_object_type":"default","og_image_type":"default","og_image_url":null,"og_image_width":null,"og_image_height":null,"og_image_custom_url":null,"og_image_custom_fields":null,"og_video":null,"og_custom_url":null,"og_article_section":null,"og_article_tags":null,"twitter_use_og":false,"twitter_card":"default","twitter_image_type":"default","twitter_image_url":null,"twitter_image_custom_url":null,"twitter_image_custom_fields":null,"twitter_title":null,"twitter_description":null,"schema":{"blockGraphs":[],"customGraphs":[],"default":{"data":{"Article":[],"Course":[],"Dataset":[],"FAQPage":[],"Movie":[],"Person":[],"Product":[],"ProductReview":[],"Car":[],"Recipe":[],"Service":[],"SoftwareApplication":[],"WebPage":[]},"graphName":"","isEnabled":true},"graphs":[],"defaultGraph":"","defaultPostTypeGraph":""},"schema_type":null,"schema_type_options":null,"pillar_content":false,"robots_default":true,"robots_noindex":false,"robots_noarchive":false,"robots_nosnippet":false,"robots_nofollow":false,"robots_noimageindex":false,"robots_noodp":false,"robots_notranslate":false,"robots_max_snippet":null,"robots_max_videopreview":null,"robots_max_imagepreview":"large","priority":null,"frequency":null,"location":null,"local_seo":null,"seo_analyzer_scan_date":"2025-08-28 13:45:25","breadcrumb_settings":null,"limit_modified_date":false,"open_ai":null,"ai":null,"created":"2021-03-29 07:23:43","updated":"2025-08-28 13:45:25"},"aioseo_breadcrumb":"<div class=\"aioseo-breadcrumbs\"><span class=\"aioseo-breadcrumb\">\n\t<a href=\"https:\/\/eldigitaldeasturias.com\/radio\" title=\"Inicio\">Inicio<\/a>\n<\/span><span class=\"aioseo-breadcrumb-separator\">&ndash;<\/span><span class=\"aioseo-breadcrumb\">\n\t<a href=\"https:\/\/eldigitaldeasturias.com\/radio\/category\/noticias\/\" title=\"Noticias\">Noticias<\/a>\n<\/span><span class=\"aioseo-breadcrumb-separator\">&ndash;<\/span><span class=\"aioseo-breadcrumb\">\n\tDrones para asistir a los peregrinos del camino de Santiago\n<\/span><\/div>","aioseo_breadcrumb_json":[{"label":"Inicio","link":"https:\/\/eldigitaldeasturias.com\/radio"},{"label":"Noticias","link":"https:\/\/eldigitaldeasturias.com\/radio\/category\/noticias\/"},{"label":"Drones para asistir a los peregrinos del camino de Santiago","link":"https:\/\/eldigitaldeasturias.com\/radio\/drones-para-asistir-a-los-peregrinos-del-camino-de-santiago\/"}],"_links":{"self":[{"href":"https:\/\/eldigitaldeasturias.com\/radio\/wp-json\/wp\/v2\/posts\/3201","targetHints":{"allow":["GET"]}}],"collection":[{"href":"https:\/\/eldigitaldeasturias.com\/radio\/wp-json\/wp\/v2\/posts"}],"about":[{"href":"https:\/\/eldigitaldeasturias.com\/radio\/wp-json\/wp\/v2\/types\/post"}],"author":[{"embeddable":true,"href":"https:\/\/eldigitaldeasturias.com\/radio\/wp-json\/wp\/v2\/users\/1"}],"replies":[{"embeddable":true,"href":"https:\/\/eldigitaldeasturias.com\/radio\/wp-json\/wp\/v2\/comments?post=3201"}],"version-history":[{"count":0,"href":"https:\/\/eldigitaldeasturias.com\/radio\/wp-json\/wp\/v2\/posts\/3201\/revisions"}],"wp:featuredmedia":[{"embeddable":true,"href":"https:\/\/eldigitaldeasturias.com\/radio\/wp-json\/wp\/v2\/media\/3202"}],"wp:attachment":[{"href":"https:\/\/eldigitaldeasturias.com\/radio\/wp-json\/wp\/v2\/media?parent=3201"}],"wp:term":[{"taxonomy":"category","embeddable":true,"href":"https:\/\/eldigitaldeasturias.com\/radio\/wp-json\/wp\/v2\/categories?post=3201"},{"taxonomy":"post_tag","embeddable":true,"href":"https:\/\/eldigitaldeasturias.com\/radio\/wp-json\/wp\/v2\/tags?post=3201"}],"curies":[{"name":"wp","href":"https:\/\/api.w.org\/{rel}","templated":true}]}}