{"id":3192,"date":"2019-09-08T18:55:54","date_gmt":"2019-09-08T18:55:54","guid":{"rendered":"http:\/\/eldigitaldeasturias.com\/radio\/?p=3192"},"modified":"2019-09-08T18:55:54","modified_gmt":"2019-09-08T18:55:54","slug":"el-dia-mundial-de-la-fisioterapia-se-centra-en-el-tratamiento-del-dolor-cronico","status":"publish","type":"post","link":"https:\/\/eldigitaldeasturias.com\/radio\/el-dia-mundial-de-la-fisioterapia-se-centra-en-el-tratamiento-del-dolor-cronico\/","title":{"rendered":"El D\u00eda Mundial de la Fisioterapia se centra en el tratamiento del dolor cr\u00f3nico"},"content":{"rendered":"<p><img fetchpriority=\"high\" decoding=\"async\" class=\"alignleft size-medium wp-image-3193\" src=\"https:\/\/eldigitaldeasturias.com\/radio\/wp-content\/uploads\/2019\/09\/1567753588_Poster1ChronicPain_Spanish_FINAL_A4a-212x300.jpg\" alt=\"\" width=\"212\" height=\"300\" srcset=\"https:\/\/eldigitaldeasturias.com\/radio\/wp-content\/uploads\/2019\/09\/1567753588_Poster1ChronicPain_Spanish_FINAL_A4a-212x300.jpg 212w, https:\/\/eldigitaldeasturias.com\/radio\/wp-content\/uploads\/2019\/09\/1567753588_Poster1ChronicPain_Spanish_FINAL_A4a.jpg 709w\" sizes=\"(max-width: 212px) 100vw, 212px\" \/>Con motivo de la celebraci\u00f3n del D\u00eda Mundial de la Fisioterapia, el pr\u00f3ximo domingo 8 de septiembre, el Consejo General de Colegios de Fisioterapeutas de Espa\u00f1a (<span style=\"color: #ff6600;\"><strong><a style=\"color: #ff6600;\" href=\"https:\/\/www.consejo-fisioterapia.org\/\" target=\"_blank\" rel=\"nofollow noopener noreferrer\">CGCFE<\/a><\/strong><\/span>), se une a la campa\u00f1a de la World Confederation for Physical Therapy (<span style=\"color: #ff6600;\"><strong><a style=\"color: #ff6600;\" href=\"https:\/\/www.wcpt.org\/\" target=\"_blank\" rel=\"nofollow noopener noreferrer\">WPTD<\/a><\/strong><\/span>), centrada en esta ocasi\u00f3n en el dolor cr\u00f3nico y el papel fundamental de la terapia y la actividad f\u00edsica para ayudar a las personas que sufren esta dolencia.<\/p>\n<p>El dolor cr\u00f3nico, persistente o prolongado es un dolor que dura m\u00e1s de tres meses despu\u00e9s de su inicio. Suele considerarse como un dolor que persiste m\u00e1s all\u00e1 del tiempo habitual en el que los tejidos tardan en curarse despu\u00e9s de una lesi\u00f3n. El dolor agudo es una alarma sobre el da\u00f1o potencial de los tejidos y, generalmente, aparece repentinamente como resultado de un incidente espec\u00edfico, una cirug\u00eda, una fractura o un traumatismo. Sin embargo, el dolor cr\u00f3nico no sirve a ning\u00fan prop\u00f3sito biol\u00f3gico, ya que no est\u00e1 relacionado ni se manifiesta como una amenaza de da\u00f1o tisular. El dolor cr\u00f3nico puede considerarse un estado de enfermedad y puede persistir durante meses o a\u00f1os.<\/p>\n<p>El dolor cr\u00f3nico m\u00e1s habitual se produce en la zona lumbar, cervical y tor\u00e1cica, adem\u00e1s del hombro. Las causas principales son la artritis reumatoide, artrosis, osteoartritis, neoplasias y tumores, fibromialgia y migra\u00f1as o dolor de cabeza.<\/p>\n<p>El dolor cr\u00f3nico es una carga significativa para la salud global y una merma muy importante en el estado de salud del paciente que lo sufre. El dolor lumbar, por ejemplo, causa m\u00e1s discapacidad que cualquier otra enfermedad. Para muchas personas el dolor cr\u00f3nico puede dificultar la vida, llevando a comportamientos de miedo, evitaci\u00f3n y escape. El aumento del dolor en las actividades diarias o cuando intentan ser m\u00e1s activas supone una p\u00e9rdida general de control sobre su d\u00eda a d\u00eda, dificultad para las actividades de la vida diaria y puede llevar a la depresi\u00f3n, el aislamiento social y la falta de participaci\u00f3n.<\/p>\n<p>El ejercicio terap\u00e9utico, siempre bajo la supervisi\u00f3n de un fisioterapeuta, aporta importantes beneficios para el control del dolor, como son el mantenimiento de la flexibilidad y el movimiento; la mejora de la salud cardiovascular, la construcci\u00f3n y mantenimiento del tono muscular; la mejora del estado de \u00e1nimo y el bienestar general; el control del dolor; un aumento de la confianza para participar en diversas actividades y poder retomar el control de la vida diaria, reduciendo los miedos de los pacientes.<\/p>\n<p>El ejercicio terap\u00e9utico puede ayudar a recuperar el control, comenzando lentamente, siempre bajo las indicaciones de un profesional de la fisioterapia, que ayudar\u00e1 a identificar y lograr los objetivos de cada paciente, utilizando actividades graduadas y un programa de ejercicio personalizados, siempre seg\u00fan la tolerancia y capacidades que tenga el paciente para realizar estos ejercicios. Es fundamental aumentar la comprensi\u00f3n del dolor, lo que reduce el miedo a sufrir da\u00f1os y, por lo tanto, un mayor control sobre el mismo. A medida que se incrementa la movilidad, el dolor puede disminuir y el paciente puede disfrutar de una mejor calidad de vida.<\/p>\n<p>El fisioterapeuta ayuda a comprender que el dolor es un sistema de alarma, dise\u00f1ado de tal manera que a menudo se desencadena m\u00e1s f\u00e1cilmente con el dolor cr\u00f3nico. Los profesionales de la fisioterapia ayudan a reducir el miedo que se asocia al dolor, cambiando las creencias y comportamiento del paciente y educ\u00e1ndole sobre su situaci\u00f3n y las opciones para manejarla. Adem\u00e1s, el fisioterapeuta, como \u00fanico profesional cualificado y capacitado para realizar ejercicio con un fin terap\u00e9utico, ayuda al paciente a realizar actividad f\u00edsica de manera segura, gui\u00e1ndole a trav\u00e9s del proceso de participaci\u00f3n en actividades dolorosas, para poder recuperar el control f\u00edsico y emocional del dolor cr\u00f3nico.<\/p>\n<p>La labor del fisioterapeuta es mantener la movilidad de las personas, maximizando su fuerza, a trav\u00e9s de diversas terapias, programas de asesoramiento y entrenamiento de ejercicio terap\u00e9utico seg\u00fan las necesidades y capacidades del individuo, apoyando a los pacientes de todas las edades a lograr una mejor calidad de vida.<\/p>\n","protected":false},"excerpt":{"rendered":"<p>Con motivo de la celebraci\u00f3n del D\u00eda Mundial de la Fisioterapia, el pr\u00f3ximo domingo 8 de septiembre, el Consejo General de Colegios de Fisioterapeutas de Espa\u00f1a (CGCFE), se une a la campa\u00f1a de la World Confederation for Physical Therapy (WPTD), centrada en esta ocasi\u00f3n en el dolor cr\u00f3nico y el papel fundamental de la terapia<\/p>\n","protected":false},"author":1,"featured_media":3193,"comment_status":"closed","ping_status":"closed","sticky":false,"template":"","format":"standard","meta":{"footnotes":""},"categories":[1],"tags":[],"class_list":{"0":"post-3192","1":"post","2":"type-post","3":"status-publish","4":"format-standard","5":"has-post-thumbnail","7":"category-noticias"},"aioseo_notices":[],"aioseo_head":"\n\t\t<!-- All in One SEO Pro 4.9.6.2 - aioseo.com -->\n\t<meta name=\"description\" content=\"Con motivo de la celebraci\u00f3n del D\u00eda Mundial de la Fisioterapia, el pr\u00f3ximo domingo 8 de septiembre, el Consejo General de Colegios de Fisioterapeutas de Espa\u00f1a (CGCFE), se une a la campa\u00f1a de la World Confederation for Physical Therapy (WPTD), centrada en esta ocasi\u00f3n en el dolor cr\u00f3nico y el papel fundamental de la terapia\" \/>\n\t<meta name=\"robots\" content=\"max-image-preview:large\" \/>\n\t<meta name=\"author\" content=\"NBAsturias\"\/>\n\t<meta name=\"google-site-verification\" content=\"UA-38556648-1\" \/>\n\t<meta name=\"keywords\" content=\"noticias\" \/>\n\t<link rel=\"canonical\" href=\"https:\/\/eldigitaldeasturias.com\/radio\/el-dia-mundial-de-la-fisioterapia-se-centra-en-el-tratamiento-del-dolor-cronico\/\" \/>\n\t<meta name=\"generator\" content=\"All in One SEO Pro (AIOSEO) 4.9.6.2\" \/>\n\t\t<meta property=\"og:locale\" content=\"es_ES\" \/>\n\t\t<meta property=\"og:site_name\" content=\"El Digital de Asturias | Diario de informaci\u00f3n y noticias\" \/>\n\t\t<meta property=\"og:type\" content=\"article\" \/>\n\t\t<meta property=\"og:title\" content=\"El D\u00eda Mundial de la Fisioterapia se centra en el tratamiento del dolor cr\u00f3nico | El Digital de Asturias\" \/>\n\t\t<meta property=\"og:description\" content=\"Con motivo de la celebraci\u00f3n del D\u00eda Mundial de la Fisioterapia, el pr\u00f3ximo domingo 8 de septiembre, el Consejo General de Colegios de Fisioterapeutas de Espa\u00f1a (CGCFE), se une a la campa\u00f1a de la World Confederation for Physical Therapy (WPTD), centrada en esta ocasi\u00f3n en el dolor cr\u00f3nico y el papel fundamental de la terapia\" \/>\n\t\t<meta property=\"og:url\" content=\"https:\/\/eldigitaldeasturias.com\/radio\/el-dia-mundial-de-la-fisioterapia-se-centra-en-el-tratamiento-del-dolor-cronico\/\" \/>\n\t\t<meta property=\"og:image\" content=\"https:\/\/eldigitaldeasturias.com\/radio\/wp-content\/uploads\/2019\/09\/1567753588_Poster1ChronicPain_Spanish_FINAL_A4a.jpg\" \/>\n\t\t<meta property=\"og:image:secure_url\" content=\"https:\/\/eldigitaldeasturias.com\/radio\/wp-content\/uploads\/2019\/09\/1567753588_Poster1ChronicPain_Spanish_FINAL_A4a.jpg\" \/>\n\t\t<meta property=\"og:image:width\" content=\"709\" \/>\n\t\t<meta property=\"og:image:height\" content=\"1004\" \/>\n\t\t<meta property=\"article:published_time\" content=\"2019-09-08T18:55:54+00:00\" \/>\n\t\t<meta property=\"article:modified_time\" content=\"2019-09-08T18:55:54+00:00\" \/>\n\t\t<meta name=\"twitter:card\" content=\"summary_large_image\" \/>\n\t\t<meta name=\"twitter:site\" content=\"@bercodi\" \/>\n\t\t<meta name=\"twitter:title\" content=\"El D\u00eda Mundial de la Fisioterapia se centra en el tratamiento del dolor cr\u00f3nico | El Digital de Asturias\" \/>\n\t\t<meta name=\"twitter:description\" content=\"Con motivo de la celebraci\u00f3n del D\u00eda Mundial de la Fisioterapia, el pr\u00f3ximo domingo 8 de septiembre, el Consejo General de Colegios de Fisioterapeutas de Espa\u00f1a (CGCFE), se une a la campa\u00f1a de la World Confederation for Physical Therapy (WPTD), centrada en esta ocasi\u00f3n en el dolor cr\u00f3nico y el papel fundamental de la terapia\" \/>\n\t\t<meta name=\"twitter:creator\" content=\"@bercodi\" \/>\n\t\t<meta name=\"twitter:image\" content=\"https:\/\/eldigitaldeasturias.com\/radio\/wp-content\/uploads\/2019\/09\/1567753588_Poster1ChronicPain_Spanish_FINAL_A4a.jpg\" \/>\n\t\t<script type=\"application\/ld+json\" class=\"aioseo-schema\">\n\t\t\t{\"@context\":\"https:\\\/\\\/schema.org\",\"@graph\":[{\"@type\":\"BreadcrumbList\",\"@id\":\"https:\\\/\\\/eldigitaldeasturias.com\\\/radio\\\/el-dia-mundial-de-la-fisioterapia-se-centra-en-el-tratamiento-del-dolor-cronico\\\/#breadcrumblist\",\"itemListElement\":[{\"@type\":\"ListItem\",\"@id\":\"https:\\\/\\\/eldigitaldeasturias.com\\\/radio#listItem\",\"position\":1,\"name\":\"Inicio\",\"item\":\"https:\\\/\\\/eldigitaldeasturias.com\\\/radio\",\"nextItem\":{\"@type\":\"ListItem\",\"@id\":\"https:\\\/\\\/eldigitaldeasturias.com\\\/radio\\\/category\\\/noticias\\\/#listItem\",\"name\":\"Noticias\"}},{\"@type\":\"ListItem\",\"@id\":\"https:\\\/\\\/eldigitaldeasturias.com\\\/radio\\\/category\\\/noticias\\\/#listItem\",\"position\":2,\"name\":\"Noticias\",\"item\":\"https:\\\/\\\/eldigitaldeasturias.com\\\/radio\\\/category\\\/noticias\\\/\",\"nextItem\":{\"@type\":\"ListItem\",\"@id\":\"https:\\\/\\\/eldigitaldeasturias.com\\\/radio\\\/el-dia-mundial-de-la-fisioterapia-se-centra-en-el-tratamiento-del-dolor-cronico\\\/#listItem\",\"name\":\"El D\\u00eda Mundial de la Fisioterapia se centra en el tratamiento del dolor cr\\u00f3nico\"},\"previousItem\":{\"@type\":\"ListItem\",\"@id\":\"https:\\\/\\\/eldigitaldeasturias.com\\\/radio#listItem\",\"name\":\"Inicio\"}},{\"@type\":\"ListItem\",\"@id\":\"https:\\\/\\\/eldigitaldeasturias.com\\\/radio\\\/el-dia-mundial-de-la-fisioterapia-se-centra-en-el-tratamiento-del-dolor-cronico\\\/#listItem\",\"position\":3,\"name\":\"El D\\u00eda Mundial de la Fisioterapia se centra en el tratamiento del dolor cr\\u00f3nico\",\"previousItem\":{\"@type\":\"ListItem\",\"@id\":\"https:\\\/\\\/eldigitaldeasturias.com\\\/radio\\\/category\\\/noticias\\\/#listItem\",\"name\":\"Noticias\"}}]},{\"@type\":\"NewsArticle\",\"@id\":\"https:\\\/\\\/eldigitaldeasturias.com\\\/radio\\\/el-dia-mundial-de-la-fisioterapia-se-centra-en-el-tratamiento-del-dolor-cronico\\\/#newsarticle\",\"name\":\"El D\\u00eda Mundial de la Fisioterapia se centra en el tratamiento del dolor cr\\u00f3nico | El Digital de Asturias\",\"headline\":\"El D\\u00eda Mundial de la Fisioterapia se centra en el tratamiento del dolor cr\\u00f3nico\",\"author\":{\"@id\":\"https:\\\/\\\/eldigitaldeasturias.com\\\/radio\\\/author\\\/nbasturias\\\/#author\"},\"publisher\":{\"@id\":\"https:\\\/\\\/eldigitaldeasturias.com\\\/radio\\\/#organization\"},\"image\":{\"@type\":\"ImageObject\",\"url\":\"https:\\\/\\\/eldigitaldeasturias.com\\\/radio\\\/wp-content\\\/uploads\\\/2019\\\/09\\\/1567753588_Poster1ChronicPain_Spanish_FINAL_A4a.jpg\",\"width\":709,\"height\":1004},\"datePublished\":\"2019-09-08T18:55:54+02:00\",\"dateModified\":\"2019-09-08T18:55:54+02:00\",\"inLanguage\":\"es-ES\",\"mainEntityOfPage\":{\"@id\":\"https:\\\/\\\/eldigitaldeasturias.com\\\/radio\\\/el-dia-mundial-de-la-fisioterapia-se-centra-en-el-tratamiento-del-dolor-cronico\\\/#webpage\"},\"isPartOf\":{\"@id\":\"https:\\\/\\\/eldigitaldeasturias.com\\\/radio\\\/el-dia-mundial-de-la-fisioterapia-se-centra-en-el-tratamiento-del-dolor-cronico\\\/#webpage\"},\"articleSection\":\"Noticias\",\"dateline\":\"Publicado el septiembre 8, 2019.\"},{\"@type\":\"Organization\",\"@id\":\"https:\\\/\\\/eldigitaldeasturias.com\\\/radio\\\/#organization\",\"name\":\"El digital de Asturias Radio\",\"description\":\"Diario de informaci\\u00f3n y noticias\",\"url\":\"https:\\\/\\\/eldigitaldeasturias.com\\\/radio\\\/\",\"telephone\":\"+34652131393\",\"logo\":{\"@type\":\"ImageObject\",\"url\":\"https:\\\/\\\/www.eldigitaldeasturias.com\\\/radio\\\/wp-content\\\/uploads\\\/2021\\\/03\\\/EDA.jpg\",\"@id\":\"https:\\\/\\\/eldigitaldeasturias.com\\\/radio\\\/el-dia-mundial-de-la-fisioterapia-se-centra-en-el-tratamiento-del-dolor-cronico\\\/#organizationLogo\"},\"image\":{\"@id\":\"https:\\\/\\\/eldigitaldeasturias.com\\\/radio\\\/el-dia-mundial-de-la-fisioterapia-se-centra-en-el-tratamiento-del-dolor-cronico\\\/#organizationLogo\"},\"sameAs\":[\"https:\\\/\\\/www.facebook.com\\\/\",\"https:\\\/\\\/x.com\\\/bercodi\",\"https:\\\/\\\/www.instagram.com\\\/\",\"https:\\\/\\\/www.youtube.com\\\/channel\\\/UCZP-2wLEB9Rv6erhFmqVnvg\"]},{\"@type\":\"Person\",\"@id\":\"https:\\\/\\\/eldigitaldeasturias.com\\\/radio\\\/author\\\/nbasturias\\\/#author\",\"url\":\"https:\\\/\\\/eldigitaldeasturias.com\\\/radio\\\/author\\\/nbasturias\\\/\",\"name\":\"NBAsturias\",\"image\":{\"@type\":\"ImageObject\",\"@id\":\"https:\\\/\\\/eldigitaldeasturias.com\\\/radio\\\/el-dia-mundial-de-la-fisioterapia-se-centra-en-el-tratamiento-del-dolor-cronico\\\/#authorImage\",\"url\":\"https:\\\/\\\/secure.gravatar.com\\\/avatar\\\/df2aeffc32bcd13f8d26072ef8a91b623d677766deac7f97ca815868cd41bf5e?s=96&d=mm&r=g\",\"width\":96,\"height\":96,\"caption\":\"NBAsturias\"}},{\"@type\":\"WebPage\",\"@id\":\"https:\\\/\\\/eldigitaldeasturias.com\\\/radio\\\/el-dia-mundial-de-la-fisioterapia-se-centra-en-el-tratamiento-del-dolor-cronico\\\/#webpage\",\"url\":\"https:\\\/\\\/eldigitaldeasturias.com\\\/radio\\\/el-dia-mundial-de-la-fisioterapia-se-centra-en-el-tratamiento-del-dolor-cronico\\\/\",\"name\":\"El D\\u00eda Mundial de la Fisioterapia se centra en el tratamiento del dolor cr\\u00f3nico | El Digital de Asturias\",\"description\":\"Con motivo de la celebraci\\u00f3n del D\\u00eda Mundial de la Fisioterapia, el pr\\u00f3ximo domingo 8 de septiembre, el Consejo General de Colegios de Fisioterapeutas de Espa\\u00f1a (CGCFE), se une a la campa\\u00f1a de la World Confederation for Physical Therapy (WPTD), centrada en esta ocasi\\u00f3n en el dolor cr\\u00f3nico y el papel fundamental de la terapia\",\"inLanguage\":\"es-ES\",\"isPartOf\":{\"@id\":\"https:\\\/\\\/eldigitaldeasturias.com\\\/radio\\\/#website\"},\"breadcrumb\":{\"@id\":\"https:\\\/\\\/eldigitaldeasturias.com\\\/radio\\\/el-dia-mundial-de-la-fisioterapia-se-centra-en-el-tratamiento-del-dolor-cronico\\\/#breadcrumblist\"},\"author\":{\"@id\":\"https:\\\/\\\/eldigitaldeasturias.com\\\/radio\\\/author\\\/nbasturias\\\/#author\"},\"creator\":{\"@id\":\"https:\\\/\\\/eldigitaldeasturias.com\\\/radio\\\/author\\\/nbasturias\\\/#author\"},\"image\":{\"@type\":\"ImageObject\",\"url\":\"https:\\\/\\\/eldigitaldeasturias.com\\\/radio\\\/wp-content\\\/uploads\\\/2019\\\/09\\\/1567753588_Poster1ChronicPain_Spanish_FINAL_A4a.jpg\",\"@id\":\"https:\\\/\\\/eldigitaldeasturias.com\\\/radio\\\/el-dia-mundial-de-la-fisioterapia-se-centra-en-el-tratamiento-del-dolor-cronico\\\/#mainImage\",\"width\":709,\"height\":1004},\"primaryImageOfPage\":{\"@id\":\"https:\\\/\\\/eldigitaldeasturias.com\\\/radio\\\/el-dia-mundial-de-la-fisioterapia-se-centra-en-el-tratamiento-del-dolor-cronico\\\/#mainImage\"},\"datePublished\":\"2019-09-08T18:55:54+02:00\",\"dateModified\":\"2019-09-08T18:55:54+02:00\"},{\"@type\":\"WebSite\",\"@id\":\"https:\\\/\\\/eldigitaldeasturias.com\\\/radio\\\/#website\",\"url\":\"https:\\\/\\\/eldigitaldeasturias.com\\\/radio\\\/\",\"name\":\"El Digital de Asturias\",\"description\":\"Diario de informaci\\u00f3n y noticias\",\"inLanguage\":\"es-ES\",\"publisher\":{\"@id\":\"https:\\\/\\\/eldigitaldeasturias.com\\\/radio\\\/#organization\"}}]}\n\t\t<\/script>\n\t\t<!-- All in One SEO Pro -->\r\n\t\t<title>El D\u00eda Mundial de la Fisioterapia se centra en el tratamiento del dolor cr\u00f3nico | El Digital de Asturias<\/title>\n\n","aioseo_head_json":{"title":"El D\u00eda Mundial de la Fisioterapia se centra en el tratamiento del dolor cr\u00f3nico | El Digital de Asturias","description":"Con motivo de la celebraci\u00f3n del D\u00eda Mundial de la Fisioterapia, el pr\u00f3ximo domingo 8 de septiembre, el Consejo General de Colegios de Fisioterapeutas de Espa\u00f1a (CGCFE), se une a la campa\u00f1a de la World Confederation for Physical Therapy (WPTD), centrada en esta ocasi\u00f3n en el dolor cr\u00f3nico y el papel fundamental de la terapia","canonical_url":"https:\/\/eldigitaldeasturias.com\/radio\/el-dia-mundial-de-la-fisioterapia-se-centra-en-el-tratamiento-del-dolor-cronico\/","robots":"max-image-preview:large","keywords":"noticias","webmasterTools":{"google-site-verification":"UA-38556648-1","miscellaneous":""},"schema":{"@context":"https:\/\/schema.org","@graph":[{"@type":"BreadcrumbList","@id":"https:\/\/eldigitaldeasturias.com\/radio\/el-dia-mundial-de-la-fisioterapia-se-centra-en-el-tratamiento-del-dolor-cronico\/#breadcrumblist","itemListElement":[{"@type":"ListItem","@id":"https:\/\/eldigitaldeasturias.com\/radio#listItem","position":1,"name":"Inicio","item":"https:\/\/eldigitaldeasturias.com\/radio","nextItem":{"@type":"ListItem","@id":"https:\/\/eldigitaldeasturias.com\/radio\/category\/noticias\/#listItem","name":"Noticias"}},{"@type":"ListItem","@id":"https:\/\/eldigitaldeasturias.com\/radio\/category\/noticias\/#listItem","position":2,"name":"Noticias","item":"https:\/\/eldigitaldeasturias.com\/radio\/category\/noticias\/","nextItem":{"@type":"ListItem","@id":"https:\/\/eldigitaldeasturias.com\/radio\/el-dia-mundial-de-la-fisioterapia-se-centra-en-el-tratamiento-del-dolor-cronico\/#listItem","name":"El D\u00eda Mundial de la Fisioterapia se centra en el tratamiento del dolor cr\u00f3nico"},"previousItem":{"@type":"ListItem","@id":"https:\/\/eldigitaldeasturias.com\/radio#listItem","name":"Inicio"}},{"@type":"ListItem","@id":"https:\/\/eldigitaldeasturias.com\/radio\/el-dia-mundial-de-la-fisioterapia-se-centra-en-el-tratamiento-del-dolor-cronico\/#listItem","position":3,"name":"El D\u00eda Mundial de la Fisioterapia se centra en el tratamiento del dolor cr\u00f3nico","previousItem":{"@type":"ListItem","@id":"https:\/\/eldigitaldeasturias.com\/radio\/category\/noticias\/#listItem","name":"Noticias"}}]},{"@type":"NewsArticle","@id":"https:\/\/eldigitaldeasturias.com\/radio\/el-dia-mundial-de-la-fisioterapia-se-centra-en-el-tratamiento-del-dolor-cronico\/#newsarticle","name":"El D\u00eda Mundial de la Fisioterapia se centra en el tratamiento del dolor cr\u00f3nico | El Digital de Asturias","headline":"El D\u00eda Mundial de la Fisioterapia se centra en el tratamiento del dolor cr\u00f3nico","author":{"@id":"https:\/\/eldigitaldeasturias.com\/radio\/author\/nbasturias\/#author"},"publisher":{"@id":"https:\/\/eldigitaldeasturias.com\/radio\/#organization"},"image":{"@type":"ImageObject","url":"https:\/\/eldigitaldeasturias.com\/radio\/wp-content\/uploads\/2019\/09\/1567753588_Poster1ChronicPain_Spanish_FINAL_A4a.jpg","width":709,"height":1004},"datePublished":"2019-09-08T18:55:54+02:00","dateModified":"2019-09-08T18:55:54+02:00","inLanguage":"es-ES","mainEntityOfPage":{"@id":"https:\/\/eldigitaldeasturias.com\/radio\/el-dia-mundial-de-la-fisioterapia-se-centra-en-el-tratamiento-del-dolor-cronico\/#webpage"},"isPartOf":{"@id":"https:\/\/eldigitaldeasturias.com\/radio\/el-dia-mundial-de-la-fisioterapia-se-centra-en-el-tratamiento-del-dolor-cronico\/#webpage"},"articleSection":"Noticias","dateline":"Publicado el septiembre 8, 2019."},{"@type":"Organization","@id":"https:\/\/eldigitaldeasturias.com\/radio\/#organization","name":"El digital de Asturias Radio","description":"Diario de informaci\u00f3n y noticias","url":"https:\/\/eldigitaldeasturias.com\/radio\/","telephone":"+34652131393","logo":{"@type":"ImageObject","url":"https:\/\/www.eldigitaldeasturias.com\/radio\/wp-content\/uploads\/2021\/03\/EDA.jpg","@id":"https:\/\/eldigitaldeasturias.com\/radio\/el-dia-mundial-de-la-fisioterapia-se-centra-en-el-tratamiento-del-dolor-cronico\/#organizationLogo"},"image":{"@id":"https:\/\/eldigitaldeasturias.com\/radio\/el-dia-mundial-de-la-fisioterapia-se-centra-en-el-tratamiento-del-dolor-cronico\/#organizationLogo"},"sameAs":["https:\/\/www.facebook.com\/","https:\/\/x.com\/bercodi","https:\/\/www.instagram.com\/","https:\/\/www.youtube.com\/channel\/UCZP-2wLEB9Rv6erhFmqVnvg"]},{"@type":"Person","@id":"https:\/\/eldigitaldeasturias.com\/radio\/author\/nbasturias\/#author","url":"https:\/\/eldigitaldeasturias.com\/radio\/author\/nbasturias\/","name":"NBAsturias","image":{"@type":"ImageObject","@id":"https:\/\/eldigitaldeasturias.com\/radio\/el-dia-mundial-de-la-fisioterapia-se-centra-en-el-tratamiento-del-dolor-cronico\/#authorImage","url":"https:\/\/secure.gravatar.com\/avatar\/df2aeffc32bcd13f8d26072ef8a91b623d677766deac7f97ca815868cd41bf5e?s=96&d=mm&r=g","width":96,"height":96,"caption":"NBAsturias"}},{"@type":"WebPage","@id":"https:\/\/eldigitaldeasturias.com\/radio\/el-dia-mundial-de-la-fisioterapia-se-centra-en-el-tratamiento-del-dolor-cronico\/#webpage","url":"https:\/\/eldigitaldeasturias.com\/radio\/el-dia-mundial-de-la-fisioterapia-se-centra-en-el-tratamiento-del-dolor-cronico\/","name":"El D\u00eda Mundial de la Fisioterapia se centra en el tratamiento del dolor cr\u00f3nico | El Digital de Asturias","description":"Con motivo de la celebraci\u00f3n del D\u00eda Mundial de la Fisioterapia, el pr\u00f3ximo domingo 8 de septiembre, el Consejo General de Colegios de Fisioterapeutas de Espa\u00f1a (CGCFE), se une a la campa\u00f1a de la World Confederation for Physical Therapy (WPTD), centrada en esta ocasi\u00f3n en el dolor cr\u00f3nico y el papel fundamental de la terapia","inLanguage":"es-ES","isPartOf":{"@id":"https:\/\/eldigitaldeasturias.com\/radio\/#website"},"breadcrumb":{"@id":"https:\/\/eldigitaldeasturias.com\/radio\/el-dia-mundial-de-la-fisioterapia-se-centra-en-el-tratamiento-del-dolor-cronico\/#breadcrumblist"},"author":{"@id":"https:\/\/eldigitaldeasturias.com\/radio\/author\/nbasturias\/#author"},"creator":{"@id":"https:\/\/eldigitaldeasturias.com\/radio\/author\/nbasturias\/#author"},"image":{"@type":"ImageObject","url":"https:\/\/eldigitaldeasturias.com\/radio\/wp-content\/uploads\/2019\/09\/1567753588_Poster1ChronicPain_Spanish_FINAL_A4a.jpg","@id":"https:\/\/eldigitaldeasturias.com\/radio\/el-dia-mundial-de-la-fisioterapia-se-centra-en-el-tratamiento-del-dolor-cronico\/#mainImage","width":709,"height":1004},"primaryImageOfPage":{"@id":"https:\/\/eldigitaldeasturias.com\/radio\/el-dia-mundial-de-la-fisioterapia-se-centra-en-el-tratamiento-del-dolor-cronico\/#mainImage"},"datePublished":"2019-09-08T18:55:54+02:00","dateModified":"2019-09-08T18:55:54+02:00"},{"@type":"WebSite","@id":"https:\/\/eldigitaldeasturias.com\/radio\/#website","url":"https:\/\/eldigitaldeasturias.com\/radio\/","name":"El Digital de Asturias","description":"Diario de informaci\u00f3n y noticias","inLanguage":"es-ES","publisher":{"@id":"https:\/\/eldigitaldeasturias.com\/radio\/#organization"}}]},"og:locale":"es_ES","og:site_name":"El Digital de Asturias | Diario de informaci\u00f3n y noticias","og:type":"article","og:title":"El D\u00eda Mundial de la Fisioterapia se centra en el tratamiento del dolor cr\u00f3nico | El Digital de Asturias","og:description":"Con motivo de la celebraci\u00f3n del D\u00eda Mundial de la Fisioterapia, el pr\u00f3ximo domingo 8 de septiembre, el Consejo General de Colegios de Fisioterapeutas de Espa\u00f1a (CGCFE), se une a la campa\u00f1a de la World Confederation for Physical Therapy (WPTD), centrada en esta ocasi\u00f3n en el dolor cr\u00f3nico y el papel fundamental de la terapia","og:url":"https:\/\/eldigitaldeasturias.com\/radio\/el-dia-mundial-de-la-fisioterapia-se-centra-en-el-tratamiento-del-dolor-cronico\/","og:image":"https:\/\/eldigitaldeasturias.com\/radio\/wp-content\/uploads\/2019\/09\/1567753588_Poster1ChronicPain_Spanish_FINAL_A4a.jpg","og:image:secure_url":"https:\/\/eldigitaldeasturias.com\/radio\/wp-content\/uploads\/2019\/09\/1567753588_Poster1ChronicPain_Spanish_FINAL_A4a.jpg","og:image:width":709,"og:image:height":1004,"article:published_time":"2019-09-08T18:55:54+00:00","article:modified_time":"2019-09-08T18:55:54+00:00","twitter:card":"summary_large_image","twitter:site":"@bercodi","twitter:title":"El D\u00eda Mundial de la Fisioterapia se centra en el tratamiento del dolor cr\u00f3nico | El Digital de Asturias","twitter:description":"Con motivo de la celebraci\u00f3n del D\u00eda Mundial de la Fisioterapia, el pr\u00f3ximo domingo 8 de septiembre, el Consejo General de Colegios de Fisioterapeutas de Espa\u00f1a (CGCFE), se une a la campa\u00f1a de la World Confederation for Physical Therapy (WPTD), centrada en esta ocasi\u00f3n en el dolor cr\u00f3nico y el papel fundamental de la terapia","twitter:creator":"@bercodi","twitter:image":"https:\/\/eldigitaldeasturias.com\/radio\/wp-content\/uploads\/2019\/09\/1567753588_Poster1ChronicPain_Spanish_FINAL_A4a.jpg"},"aioseo_meta_data":{"post_id":"3192","title":null,"description":null,"keywords":null,"keyphrases":null,"primary_term":null,"canonical_url":null,"og_title":null,"og_description":null,"og_object_type":"default","og_image_type":"default","og_image_url":null,"og_image_width":null,"og_image_height":null,"og_image_custom_url":null,"og_image_custom_fields":null,"og_video":null,"og_custom_url":null,"og_article_section":null,"og_article_tags":null,"twitter_use_og":false,"twitter_card":"default","twitter_image_type":"default","twitter_image_url":null,"twitter_image_custom_url":null,"twitter_image_custom_fields":null,"twitter_title":null,"twitter_description":null,"schema":{"blockGraphs":[],"customGraphs":[],"default":{"data":{"Article":[],"Course":[],"Dataset":[],"FAQPage":[],"Movie":[],"Person":[],"Product":[],"ProductReview":[],"Car":[],"Recipe":[],"Service":[],"SoftwareApplication":[],"WebPage":[]},"graphName":"","isEnabled":true},"graphs":[],"defaultGraph":"","defaultPostTypeGraph":""},"schema_type":null,"schema_type_options":null,"pillar_content":false,"robots_default":true,"robots_noindex":false,"robots_noarchive":false,"robots_nosnippet":false,"robots_nofollow":false,"robots_noimageindex":false,"robots_noodp":false,"robots_notranslate":false,"robots_max_snippet":null,"robots_max_videopreview":null,"robots_max_imagepreview":"large","priority":null,"frequency":null,"location":null,"local_seo":null,"seo_analyzer_scan_date":"2025-08-28 13:43:30","breadcrumb_settings":null,"limit_modified_date":false,"open_ai":null,"ai":null,"created":"2021-03-25 23:48:17","updated":"2025-08-28 13:43:30"},"aioseo_breadcrumb":"<div class=\"aioseo-breadcrumbs\"><span class=\"aioseo-breadcrumb\">\n\t<a href=\"https:\/\/eldigitaldeasturias.com\/radio\" title=\"Inicio\">Inicio<\/a>\n<\/span><span class=\"aioseo-breadcrumb-separator\">&ndash;<\/span><span class=\"aioseo-breadcrumb\">\n\t<a href=\"https:\/\/eldigitaldeasturias.com\/radio\/category\/noticias\/\" title=\"Noticias\">Noticias<\/a>\n<\/span><span class=\"aioseo-breadcrumb-separator\">&ndash;<\/span><span class=\"aioseo-breadcrumb\">\n\tEl D\u00eda Mundial de la Fisioterapia se centra en el tratamiento del dolor cr\u00f3nico\n<\/span><\/div>","aioseo_breadcrumb_json":[{"label":"Inicio","link":"https:\/\/eldigitaldeasturias.com\/radio"},{"label":"Noticias","link":"https:\/\/eldigitaldeasturias.com\/radio\/category\/noticias\/"},{"label":"El D\u00eda Mundial de la Fisioterapia se centra en el tratamiento del dolor cr\u00f3nico","link":"https:\/\/eldigitaldeasturias.com\/radio\/el-dia-mundial-de-la-fisioterapia-se-centra-en-el-tratamiento-del-dolor-cronico\/"}],"_links":{"self":[{"href":"https:\/\/eldigitaldeasturias.com\/radio\/wp-json\/wp\/v2\/posts\/3192","targetHints":{"allow":["GET"]}}],"collection":[{"href":"https:\/\/eldigitaldeasturias.com\/radio\/wp-json\/wp\/v2\/posts"}],"about":[{"href":"https:\/\/eldigitaldeasturias.com\/radio\/wp-json\/wp\/v2\/types\/post"}],"author":[{"embeddable":true,"href":"https:\/\/eldigitaldeasturias.com\/radio\/wp-json\/wp\/v2\/users\/1"}],"replies":[{"embeddable":true,"href":"https:\/\/eldigitaldeasturias.com\/radio\/wp-json\/wp\/v2\/comments?post=3192"}],"version-history":[{"count":0,"href":"https:\/\/eldigitaldeasturias.com\/radio\/wp-json\/wp\/v2\/posts\/3192\/revisions"}],"wp:featuredmedia":[{"embeddable":true,"href":"https:\/\/eldigitaldeasturias.com\/radio\/wp-json\/wp\/v2\/media\/3193"}],"wp:attachment":[{"href":"https:\/\/eldigitaldeasturias.com\/radio\/wp-json\/wp\/v2\/media?parent=3192"}],"wp:term":[{"taxonomy":"category","embeddable":true,"href":"https:\/\/eldigitaldeasturias.com\/radio\/wp-json\/wp\/v2\/categories?post=3192"},{"taxonomy":"post_tag","embeddable":true,"href":"https:\/\/eldigitaldeasturias.com\/radio\/wp-json\/wp\/v2\/tags?post=3192"}],"curies":[{"name":"wp","href":"https:\/\/api.w.org\/{rel}","templated":true}]}}