{"id":3143,"date":"2019-08-20T02:59:04","date_gmt":"2019-08-20T02:59:04","guid":{"rendered":"http:\/\/eldigitaldeasturias.com\/radio\/?p=3143"},"modified":"2019-08-20T02:59:04","modified_gmt":"2019-08-20T02:59:04","slug":"el-neuropediatra-explica-que-hacer-si-un-nino-no-habla-nada-con-dos-anos","status":"publish","type":"post","link":"https:\/\/eldigitaldeasturias.com\/radio\/el-neuropediatra-explica-que-hacer-si-un-nino-no-habla-nada-con-dos-anos\/","title":{"rendered":"El Neuropediatra explica qu\u00e9 hacer si un ni\u00f1o no habla nada con dos a\u00f1os"},"content":{"rendered":"<p><img fetchpriority=\"high\" decoding=\"async\" class=\"alignleft size-medium wp-image-3144\" src=\"https:\/\/eldigitaldeasturias.com\/radio\/wp-content\/uploads\/2019\/08\/1566032856_beb_-360x239.jpg\" alt=\"\" width=\"360\" height=\"239\" srcset=\"https:\/\/eldigitaldeasturias.com\/radio\/wp-content\/uploads\/2019\/08\/1566032856_beb_-360x239.jpg 360w, https:\/\/eldigitaldeasturias.com\/radio\/wp-content\/uploads\/2019\/08\/1566032856_beb_-1024x680.jpg 1024w, https:\/\/eldigitaldeasturias.com\/radio\/wp-content\/uploads\/2019\/08\/1566032856_beb_-768x510.jpg 768w, https:\/\/eldigitaldeasturias.com\/radio\/wp-content\/uploads\/2019\/08\/1566032856_beb_.jpg 1053w\" sizes=\"(max-width: 360px) 100vw, 360px\" \/>Muchos padres se preocupan cuando sus hijos llega a los dos a\u00f1os y no pronuncian ni una sola palabra. Hay que aprender a no confundir habla y lenguaje y preguntar al experto cada duda que se tenga al respecto<\/p>\n<p>Es muy com\u00fan que los padres &#8211; explica\u00a0<span style=\"color: #ff6600;\"><strong><a style=\"color: #ff6600;\" href=\"https:\/\/elneuropediatra.es\/\" target=\"_blank\" rel=\"nofollow noopener noreferrer\">Manuel Antonio Fern\u00e1ndez, el Neuropediatra<\/a><\/strong><\/span>\u00a0&#8211; digan la expresi\u00f3n \u2018<strong>mi hijo no habla, pero entiende todo<\/strong>\u2019. \u00abEs la situaci\u00f3n m\u00e1s habitual que me encuentro en la consulta y suele ser una buena se\u00f1al\u00bb, sostiene el experto. Antes de preocuparse &#8211; explica &#8211; \u00abse debe seguir una serie de pasos para poner entender mejor la situaci\u00f3n en la que se encuentra tu hijo\u00bb. Estos son los consejos del experto:<\/p>\n<p>Lo\u00a0<strong>primero<\/strong>\u00a0que hay que tener claro cuando se tenga dudas sobre si deber\u00eda haber empezado a hablar o es normal que a\u00fan no tenga lenguaje, e<strong>s pensar en su edad y en la evoluci\u00f3n normal de estos procesos<\/strong>.<\/p>\n<p><strong>\u00abDespu\u00e9s<\/strong>\u00a0debes ir a\u00a0<strong>hablar con tu suegra\u00bb<\/strong>. S\u00ed, as\u00ed es. La edad de inicio del lenguaje tiene un componente gen\u00e9tico. La fecha de aparici\u00f3n de las primeras palabras de un ni\u00f1o est\u00e1 muy estrechamente relacionada con la del padre.<\/p>\n<p>Tambi\u00e9n es importante\u00a0<strong>observar detenidamente c\u00f3mo reacciona<\/strong>\u00a0ante diferentes situaciones.<\/p>\n<p>\u00bfResponde solo antes sonidos fuertes o tambi\u00e9n es capaz de escuchar sonidos de volumen bajo?<\/p>\n<p>\u00bfNo responde a su nombre, pero hace caso cuando se le ofrece\u00a0algo que le gusta?<\/p>\n<p><strong>Si<\/strong>\u00a0se tiene claro que\u00a0<strong>escucha bien<\/strong>, es importante\u00a0<strong>valorar su nivel de\u00a0<\/strong><span style=\"color: #ff6600;\"><a style=\"color: #ff6600;\" href=\"https:\/\/es.wikipedia.org\/wiki\/Comprensi%C3%B3n_lectora\" target=\"_blank\" rel=\"nofollow noopener noreferrer\"><strong>comprensi\u00f3n<\/strong><\/a><\/span>\u00a0en funci\u00f3n de la edad.<\/p>\n<p>Llevar un registro de todas estas cuestiones durante unas 2 semanas y luego consultar con el pediatra para comentar el caso y que haga una valoraci\u00f3n de forma general.<\/p>\n<h4><strong>Habla y lenguaje. Dos conceptos que no se deben confundir<\/strong><\/h4>\n<p>Hay una gran diferencia entre lenguaje y habla. \u00abEs un poco t\u00e9cnica pero muy importante tenerla clara\u00bb, sostiene el experto.<\/p>\n<p>El\u00a0<strong>lenguaje<\/strong>\u00a0es el sistema completo de\u00a0<strong>expresar y recibir informaci\u00f3n con significado<\/strong>. Hace referencia a entender y ser entendido ya sea de forma verbal o no verbal.<\/p>\n<p>El\u00a0<strong>habla<\/strong>\u00a0es la\u00a0<strong>expresi\u00f3n verbal del lenguaje<\/strong>. En ella se incluye la articulaci\u00f3n, que es el modo en que se forman los sonidos y las palabras.<\/p>\n<p>Aunque coloquialmente se hable de\u00a0<span style=\"color: #ff6600;\"><a style=\"color: #ff6600;\" href=\"https:\/\/elneuropediatra.es\/logopeda-y-los-trastornos-del-desarrollo\/\" target=\"_blank\" rel=\"nofollow noopener noreferrer\"><strong>retraso del lenguaje<\/strong><\/a><\/span>\u00a0cuando un ni\u00f1o tarda en hablar, realmente se trata de un\u00a0<strong>retraso del habla<\/strong>. Esto es algo mucho m\u00e1s leve y de menor trascendencia.<\/p>\n<p>Cuando se afecta el habla, no tiene por qu\u00e9 haber ning\u00fan otro problema de comprensi\u00f3n o expresi\u00f3n a nivel comunicativo. En cambio, cuando se afecta el lenguaje, se trata de algo mucho m\u00e1s profundo que puede llevar aparejado una limitaci\u00f3n en la capacidad de relaci\u00f3n con los dem\u00e1s.<\/p>\n<p><strong>\u00bfCu\u00e1ndo debe hablar un ni\u00f1o? \u00bfCu\u00e1ndo empiezan los ni\u00f1os a decir pap\u00e1 o mam\u00e1?<\/strong>\u00a0<strong>El desarrollo del lenguaje sigue una serie de pasos bien definidos.<\/strong><\/p>\n<p>\u00abHay muchas madres que me cuentan en consulta c\u00f3mo su hijo empez\u00f3 a decir sus primeras palabras con muy pocos meses. No quiero quitarles la ilusi\u00f3n, pero una cosa es que tu hijo pronuncie las s\u00edlabas \u201cma-ma\u201d o \u201cpa-pa\u201d y otra muy diferente que eso se pueda considerar lenguaje\u00bb, explica Fern\u00e1ndez.<\/p>\n<ul>\n<li><strong>Las primeras palabras<\/strong>\u00a0de los ni\u00f1os son sencillas y de tipo\u00a0<strong>bis\u00edlabos<\/strong>. Las puede empezar a pronunciar\u00a0<strong>alrededor de los 9 meses,<\/strong>\u00a0aunque no tengan conciencia de su significado.<\/li>\n<li>La variedad va aumentando progresivamente y\u00a0<strong>a partir de los 12 meses<\/strong>, los ni\u00f1os\u00a0<strong>imitan sonidos<\/strong>\u00a0y\u00a0<strong>pronuncian 2-3 palabras<\/strong>\u00a0de forma habitual.<\/li>\n<li>Entre los 15 y los 18 meses, este proceso sigue evolucionando con gran velocidad y se ampl\u00eda cada vez m\u00e1s el n\u00famero de palabras.<\/li>\n<li>Alrededor de los\u00a0<strong>2 a\u00f1os<\/strong>, los ni\u00f1os pronuncian entre\u00a0<strong>20 y 50 palabras<\/strong>\u00a0con facilidad,\u00a0<strong>combinan palabras<\/strong>\u00a0y siguen \u00f3rdenes de dos pasos.<\/li>\n<li>A partir de los\u00a0<strong>3 a\u00f1os<\/strong>, se multiplica la complejidad del lenguaje y aparece claramente el\u00a0<strong>uso del verbo,<\/strong>\u00a0as\u00ed como\u00a0<strong>frases de entre tres y cinco palabras.<\/strong><\/li>\n<\/ul>\n<h4><strong>Retraso del lenguaje. Qu\u00e9 es y signos de alarma con indicaciones de actuaci\u00f3n<\/strong><\/h4>\n<p>\u00abEs muy importante que los padres sepan cuando preocuparse si su hijo no habla a la edad esperada. Hay una sabidur\u00eda popular que sirve para todo y opina de casi todo, pero no hay que dejar que nadie influya en tu criterio\u00bb, advierte el neuropediatra. \u00abCualquiera te dar\u00e1 su opini\u00f3n sobre a qu\u00e9 edad hay que preocuparse si un ni\u00f1o no habla, pero no le escuches &#8211; explica &#8211; cada caso es completamente diferente. El Pediatra te puede ayudar cuando tengas dudas y, adem\u00e1s, puede valorar aspectos mucho m\u00e1s amplios del desarrollo\u00bb.<\/p>\n<p><strong>Qu\u00e9 ocurre si un ni\u00f1o de 2 a\u00f1os no habla nada<\/strong>. Evidentemente, es algo a tener en cuenta y que necesita ser estudiado por parte de un profesional. Aun as\u00ed, no siempre es sin\u00f3nimo de un trastorno del lenguaje. Hay\u00a0<strong>aspectos<\/strong>\u00a0puramente\u00a0<strong>madurativos<\/strong>\u00a0que\u00a0<strong>pueden justificar esta situaci\u00f3n<\/strong>\u00a0sin asociar una patolog\u00eda<\/p>\n<p><strong>Y si un ni\u00f1o de 3 a\u00f1os tampoco no habla nada<\/strong>: Aqu\u00ed ya hay que ponerse en alerta para\u00a0<strong>buscar la causa<\/strong>. Con esta edad, la capacidad de comprensi\u00f3n y expresi\u00f3n deber\u00eda estar suficientemente desarrollada. Es factible analizar posibles causas f\u00edsicas por parte de un profesional.<\/p>\n<p><strong>Si se trata de un ni\u00f1o de 4 a\u00f1os que no habla nada<\/strong>. A partir de esta edad, la existencia de mutismo o ausencia de lenguaje\u00a0<strong>suele asociarse a alg\u00fan tipo de problema neurol\u00f3gico o trastorno del desarrollo<\/strong>. Es necesaria la valoraci\u00f3n por parte de un profesional especializado.<\/p>\n<p>Signos\u00a0<strong>de alarma<\/strong>\u00a0generales para preocuparse por el lenguaje de un ni\u00f1o en funci\u00f3n de la edad:<\/p>\n<p><strong>Antes del a\u00f1o:\u00a0<\/strong>Si no responde con normalidad a los sonidos o no vocaliza ning\u00fan sonido.<\/p>\n<p><strong>Entre uno y dos a\u00f1os:\u00a0<\/strong>\u00a0no usa gestos o se\u00f1ala con el dedo, no dice adi\u00f3s a los 12 meses, prefiere usar gestos a expresar verbalmente para comunicarse a los 18 meses, no imita sonidos habituales a los 18 meses y tiene dificultad para entender \u00f3rdenes sencillas.<\/p>\n<p><strong>A los dos a\u00f1os:<\/strong>\u00a0no es capaz de articular palabras o frases, repite sonidos o palabras, pero no usa el lenguaje con finalidad comunicativa y no es capaz de entender instrucciones sencillas.<\/p>\n<h4><strong>Diagn\u00f3stico del retraso del lenguaje y trastorno del lenguaje<\/strong><\/h4>\n<p>Una de las primeras preguntas que se hacen los padres cuando tienen un hijo con problemas de lenguaje es \u2018\u00bfcu\u00e1ndo empezar\u00e1 a hablar mi hijo?\u2019 Para saberlo, lo primero es conocer la causa. Para ello es necesario hacer una evaluaci\u00f3n del lenguaje que permita conseguir un diagn\u00f3stico &#8211; sostiene el experto. \u00abAunque se piense que esto es muy sencillo, hay un sistema muy bien definido dentro de la logopedia para diagnosticar un trastorno del lenguaje, hay muchos tests de evaluaci\u00f3n del lenguaje, as\u00ed como pruebas para evaluar el habla. Seg\u00fan la edad del ni\u00f1o y los s\u00edntomas que presente, se le asignar\u00e1 las m\u00e1s adecuadas para responder a las dudas que se tengan\u00bb, explica.<\/p>\n<p>Adem\u00e1s &#8211; agrega &#8211; \u00aben caso de necesitarlo, el logopeda recomendar\u00e1 la valoraci\u00f3n de otros profesionales como psic\u00f3logo, neuropediatra, pedagogo etc. ya que puede haber problemas complementarios que analizar y tratar\u00bb, concluye.<\/p>\n","protected":false},"excerpt":{"rendered":"<p>Muchos padres se preocupan cuando sus hijos llega a los dos a\u00f1os y no pronuncian ni una sola palabra. Hay que aprender a no confundir habla y lenguaje y preguntar al experto cada duda que se tenga al respecto Es muy com\u00fan que los padres &#8211; explica\u00a0Manuel Antonio Fern\u00e1ndez, el Neuropediatra\u00a0&#8211; digan la expresi\u00f3n \u2018mi<\/p>\n","protected":false},"author":1,"featured_media":3144,"comment_status":"closed","ping_status":"closed","sticky":false,"template":"","format":"standard","meta":{"footnotes":""},"categories":[38],"tags":[],"class_list":{"0":"post-3143","1":"post","2":"type-post","3":"status-publish","4":"format-standard","5":"has-post-thumbnail","7":"category-live"},"aioseo_notices":[],"aioseo_head":"\n\t\t<!-- All in One SEO Pro 4.9.6.2 - aioseo.com -->\n\t<meta name=\"description\" content=\"Muchos padres se preocupan cuando sus hijos llega a los dos a\u00f1os y no pronuncian ni una sola palabra. Hay que aprender a no confundir habla y lenguaje y preguntar al experto cada duda que se tenga al respecto Es muy com\u00fan que los padres - explica Manuel Antonio Fern\u00e1ndez, el Neuropediatra - digan la expresi\u00f3n \u2018mi\" \/>\n\t<meta name=\"robots\" content=\"max-image-preview:large\" \/>\n\t<meta name=\"author\" content=\"NBAsturias\"\/>\n\t<meta name=\"google-site-verification\" content=\"UA-38556648-1\" \/>\n\t<meta name=\"keywords\" content=\"live\" \/>\n\t<link rel=\"canonical\" href=\"https:\/\/eldigitaldeasturias.com\/radio\/el-neuropediatra-explica-que-hacer-si-un-nino-no-habla-nada-con-dos-anos\/\" \/>\n\t<meta name=\"generator\" content=\"All in One SEO Pro (AIOSEO) 4.9.6.2\" \/>\n\t\t<meta property=\"og:locale\" content=\"es_ES\" \/>\n\t\t<meta property=\"og:site_name\" content=\"El Digital de Asturias | Diario de informaci\u00f3n y noticias\" \/>\n\t\t<meta property=\"og:type\" content=\"article\" \/>\n\t\t<meta property=\"og:title\" content=\"El Neuropediatra explica qu\u00e9 hacer si un ni\u00f1o no habla nada con dos a\u00f1os | El Digital de Asturias\" \/>\n\t\t<meta property=\"og:description\" content=\"Muchos padres se preocupan cuando sus hijos llega a los dos a\u00f1os y no pronuncian ni una sola palabra. Hay que aprender a no confundir habla y lenguaje y preguntar al experto cada duda que se tenga al respecto Es muy com\u00fan que los padres - explica Manuel Antonio Fern\u00e1ndez, el Neuropediatra - digan la expresi\u00f3n \u2018mi\" \/>\n\t\t<meta property=\"og:url\" content=\"https:\/\/eldigitaldeasturias.com\/radio\/el-neuropediatra-explica-que-hacer-si-un-nino-no-habla-nada-con-dos-anos\/\" \/>\n\t\t<meta property=\"og:image\" content=\"https:\/\/eldigitaldeasturias.com\/radio\/wp-content\/uploads\/2019\/08\/1566032856_beb_.jpg\" \/>\n\t\t<meta property=\"og:image:secure_url\" content=\"https:\/\/eldigitaldeasturias.com\/radio\/wp-content\/uploads\/2019\/08\/1566032856_beb_.jpg\" \/>\n\t\t<meta property=\"og:image:width\" content=\"1053\" \/>\n\t\t<meta property=\"og:image:height\" content=\"699\" \/>\n\t\t<meta property=\"article:published_time\" content=\"2019-08-20T02:59:04+00:00\" \/>\n\t\t<meta property=\"article:modified_time\" content=\"2019-08-20T02:59:04+00:00\" \/>\n\t\t<meta name=\"twitter:card\" content=\"summary_large_image\" \/>\n\t\t<meta name=\"twitter:site\" content=\"@bercodi\" \/>\n\t\t<meta name=\"twitter:title\" content=\"El Neuropediatra explica qu\u00e9 hacer si un ni\u00f1o no habla nada con dos a\u00f1os | El Digital de Asturias\" \/>\n\t\t<meta name=\"twitter:description\" content=\"Muchos padres se preocupan cuando sus hijos llega a los dos a\u00f1os y no pronuncian ni una sola palabra. Hay que aprender a no confundir habla y lenguaje y preguntar al experto cada duda que se tenga al respecto Es muy com\u00fan que los padres - explica Manuel Antonio Fern\u00e1ndez, el Neuropediatra - digan la expresi\u00f3n \u2018mi\" \/>\n\t\t<meta name=\"twitter:creator\" content=\"@bercodi\" \/>\n\t\t<meta name=\"twitter:image\" content=\"https:\/\/eldigitaldeasturias.com\/radio\/wp-content\/uploads\/2019\/08\/1566032856_beb_.jpg\" \/>\n\t\t<script type=\"application\/ld+json\" class=\"aioseo-schema\">\n\t\t\t{\"@context\":\"https:\\\/\\\/schema.org\",\"@graph\":[{\"@type\":\"BreadcrumbList\",\"@id\":\"https:\\\/\\\/eldigitaldeasturias.com\\\/radio\\\/el-neuropediatra-explica-que-hacer-si-un-nino-no-habla-nada-con-dos-anos\\\/#breadcrumblist\",\"itemListElement\":[{\"@type\":\"ListItem\",\"@id\":\"https:\\\/\\\/eldigitaldeasturias.com\\\/radio#listItem\",\"position\":1,\"name\":\"Inicio\",\"item\":\"https:\\\/\\\/eldigitaldeasturias.com\\\/radio\",\"nextItem\":{\"@type\":\"ListItem\",\"@id\":\"https:\\\/\\\/eldigitaldeasturias.com\\\/radio\\\/category\\\/live\\\/#listItem\",\"name\":\"Live\"}},{\"@type\":\"ListItem\",\"@id\":\"https:\\\/\\\/eldigitaldeasturias.com\\\/radio\\\/category\\\/live\\\/#listItem\",\"position\":2,\"name\":\"Live\",\"item\":\"https:\\\/\\\/eldigitaldeasturias.com\\\/radio\\\/category\\\/live\\\/\",\"nextItem\":{\"@type\":\"ListItem\",\"@id\":\"https:\\\/\\\/eldigitaldeasturias.com\\\/radio\\\/el-neuropediatra-explica-que-hacer-si-un-nino-no-habla-nada-con-dos-anos\\\/#listItem\",\"name\":\"El Neuropediatra explica qu\\u00e9 hacer si un ni\\u00f1o no habla nada con dos a\\u00f1os\"},\"previousItem\":{\"@type\":\"ListItem\",\"@id\":\"https:\\\/\\\/eldigitaldeasturias.com\\\/radio#listItem\",\"name\":\"Inicio\"}},{\"@type\":\"ListItem\",\"@id\":\"https:\\\/\\\/eldigitaldeasturias.com\\\/radio\\\/el-neuropediatra-explica-que-hacer-si-un-nino-no-habla-nada-con-dos-anos\\\/#listItem\",\"position\":3,\"name\":\"El Neuropediatra explica qu\\u00e9 hacer si un ni\\u00f1o no habla nada con dos a\\u00f1os\",\"previousItem\":{\"@type\":\"ListItem\",\"@id\":\"https:\\\/\\\/eldigitaldeasturias.com\\\/radio\\\/category\\\/live\\\/#listItem\",\"name\":\"Live\"}}]},{\"@type\":\"NewsArticle\",\"@id\":\"https:\\\/\\\/eldigitaldeasturias.com\\\/radio\\\/el-neuropediatra-explica-que-hacer-si-un-nino-no-habla-nada-con-dos-anos\\\/#newsarticle\",\"name\":\"El Neuropediatra explica qu\\u00e9 hacer si un ni\\u00f1o no habla nada con dos a\\u00f1os | El Digital de Asturias\",\"headline\":\"El Neuropediatra explica qu\\u00e9 hacer si un ni\\u00f1o no habla nada con dos a\\u00f1os\",\"author\":{\"@id\":\"https:\\\/\\\/eldigitaldeasturias.com\\\/radio\\\/author\\\/nbasturias\\\/#author\"},\"publisher\":{\"@id\":\"https:\\\/\\\/eldigitaldeasturias.com\\\/radio\\\/#organization\"},\"image\":{\"@type\":\"ImageObject\",\"url\":\"https:\\\/\\\/eldigitaldeasturias.com\\\/radio\\\/wp-content\\\/uploads\\\/2019\\\/08\\\/1566032856_beb_.jpg\",\"width\":1053,\"height\":699},\"datePublished\":\"2019-08-20T02:59:04+02:00\",\"dateModified\":\"2019-08-20T02:59:04+02:00\",\"inLanguage\":\"es-ES\",\"mainEntityOfPage\":{\"@id\":\"https:\\\/\\\/eldigitaldeasturias.com\\\/radio\\\/el-neuropediatra-explica-que-hacer-si-un-nino-no-habla-nada-con-dos-anos\\\/#webpage\"},\"isPartOf\":{\"@id\":\"https:\\\/\\\/eldigitaldeasturias.com\\\/radio\\\/el-neuropediatra-explica-que-hacer-si-un-nino-no-habla-nada-con-dos-anos\\\/#webpage\"},\"articleSection\":\"Live\",\"dateline\":\"Publicado el agosto 20, 2019.\"},{\"@type\":\"Organization\",\"@id\":\"https:\\\/\\\/eldigitaldeasturias.com\\\/radio\\\/#organization\",\"name\":\"El digital de Asturias Radio\",\"description\":\"Diario de informaci\\u00f3n y noticias\",\"url\":\"https:\\\/\\\/eldigitaldeasturias.com\\\/radio\\\/\",\"telephone\":\"+34652131393\",\"logo\":{\"@type\":\"ImageObject\",\"url\":\"https:\\\/\\\/www.eldigitaldeasturias.com\\\/radio\\\/wp-content\\\/uploads\\\/2021\\\/03\\\/EDA.jpg\",\"@id\":\"https:\\\/\\\/eldigitaldeasturias.com\\\/radio\\\/el-neuropediatra-explica-que-hacer-si-un-nino-no-habla-nada-con-dos-anos\\\/#organizationLogo\"},\"image\":{\"@id\":\"https:\\\/\\\/eldigitaldeasturias.com\\\/radio\\\/el-neuropediatra-explica-que-hacer-si-un-nino-no-habla-nada-con-dos-anos\\\/#organizationLogo\"},\"sameAs\":[\"https:\\\/\\\/www.facebook.com\\\/\",\"https:\\\/\\\/x.com\\\/bercodi\",\"https:\\\/\\\/www.instagram.com\\\/\",\"https:\\\/\\\/www.youtube.com\\\/channel\\\/UCZP-2wLEB9Rv6erhFmqVnvg\"]},{\"@type\":\"Person\",\"@id\":\"https:\\\/\\\/eldigitaldeasturias.com\\\/radio\\\/author\\\/nbasturias\\\/#author\",\"url\":\"https:\\\/\\\/eldigitaldeasturias.com\\\/radio\\\/author\\\/nbasturias\\\/\",\"name\":\"NBAsturias\",\"image\":{\"@type\":\"ImageObject\",\"@id\":\"https:\\\/\\\/eldigitaldeasturias.com\\\/radio\\\/el-neuropediatra-explica-que-hacer-si-un-nino-no-habla-nada-con-dos-anos\\\/#authorImage\",\"url\":\"https:\\\/\\\/secure.gravatar.com\\\/avatar\\\/df2aeffc32bcd13f8d26072ef8a91b623d677766deac7f97ca815868cd41bf5e?s=96&d=mm&r=g\",\"width\":96,\"height\":96,\"caption\":\"NBAsturias\"}},{\"@type\":\"WebPage\",\"@id\":\"https:\\\/\\\/eldigitaldeasturias.com\\\/radio\\\/el-neuropediatra-explica-que-hacer-si-un-nino-no-habla-nada-con-dos-anos\\\/#webpage\",\"url\":\"https:\\\/\\\/eldigitaldeasturias.com\\\/radio\\\/el-neuropediatra-explica-que-hacer-si-un-nino-no-habla-nada-con-dos-anos\\\/\",\"name\":\"El Neuropediatra explica qu\\u00e9 hacer si un ni\\u00f1o no habla nada con dos a\\u00f1os | El Digital de Asturias\",\"description\":\"Muchos padres se preocupan cuando sus hijos llega a los dos a\\u00f1os y no pronuncian ni una sola palabra. Hay que aprender a no confundir habla y lenguaje y preguntar al experto cada duda que se tenga al respecto Es muy com\\u00fan que los padres - explica Manuel Antonio Fern\\u00e1ndez, el Neuropediatra - digan la expresi\\u00f3n \\u2018mi\",\"inLanguage\":\"es-ES\",\"isPartOf\":{\"@id\":\"https:\\\/\\\/eldigitaldeasturias.com\\\/radio\\\/#website\"},\"breadcrumb\":{\"@id\":\"https:\\\/\\\/eldigitaldeasturias.com\\\/radio\\\/el-neuropediatra-explica-que-hacer-si-un-nino-no-habla-nada-con-dos-anos\\\/#breadcrumblist\"},\"author\":{\"@id\":\"https:\\\/\\\/eldigitaldeasturias.com\\\/radio\\\/author\\\/nbasturias\\\/#author\"},\"creator\":{\"@id\":\"https:\\\/\\\/eldigitaldeasturias.com\\\/radio\\\/author\\\/nbasturias\\\/#author\"},\"image\":{\"@type\":\"ImageObject\",\"url\":\"https:\\\/\\\/eldigitaldeasturias.com\\\/radio\\\/wp-content\\\/uploads\\\/2019\\\/08\\\/1566032856_beb_.jpg\",\"@id\":\"https:\\\/\\\/eldigitaldeasturias.com\\\/radio\\\/el-neuropediatra-explica-que-hacer-si-un-nino-no-habla-nada-con-dos-anos\\\/#mainImage\",\"width\":1053,\"height\":699},\"primaryImageOfPage\":{\"@id\":\"https:\\\/\\\/eldigitaldeasturias.com\\\/radio\\\/el-neuropediatra-explica-que-hacer-si-un-nino-no-habla-nada-con-dos-anos\\\/#mainImage\"},\"datePublished\":\"2019-08-20T02:59:04+02:00\",\"dateModified\":\"2019-08-20T02:59:04+02:00\"},{\"@type\":\"WebSite\",\"@id\":\"https:\\\/\\\/eldigitaldeasturias.com\\\/radio\\\/#website\",\"url\":\"https:\\\/\\\/eldigitaldeasturias.com\\\/radio\\\/\",\"name\":\"El Digital de Asturias\",\"description\":\"Diario de informaci\\u00f3n y noticias\",\"inLanguage\":\"es-ES\",\"publisher\":{\"@id\":\"https:\\\/\\\/eldigitaldeasturias.com\\\/radio\\\/#organization\"}}]}\n\t\t<\/script>\n\t\t<!-- All in One SEO Pro -->\r\n\t\t<title>El Neuropediatra explica qu\u00e9 hacer si un ni\u00f1o no habla nada con dos a\u00f1os | El Digital de Asturias<\/title>\n\n","aioseo_head_json":{"title":"El Neuropediatra explica qu\u00e9 hacer si un ni\u00f1o no habla nada con dos a\u00f1os | El Digital de Asturias","description":"Muchos padres se preocupan cuando sus hijos llega a los dos a\u00f1os y no pronuncian ni una sola palabra. Hay que aprender a no confundir habla y lenguaje y preguntar al experto cada duda que se tenga al respecto Es muy com\u00fan que los padres - explica Manuel Antonio Fern\u00e1ndez, el Neuropediatra - digan la expresi\u00f3n \u2018mi","canonical_url":"https:\/\/eldigitaldeasturias.com\/radio\/el-neuropediatra-explica-que-hacer-si-un-nino-no-habla-nada-con-dos-anos\/","robots":"max-image-preview:large","keywords":"live","webmasterTools":{"google-site-verification":"UA-38556648-1","miscellaneous":""},"schema":{"@context":"https:\/\/schema.org","@graph":[{"@type":"BreadcrumbList","@id":"https:\/\/eldigitaldeasturias.com\/radio\/el-neuropediatra-explica-que-hacer-si-un-nino-no-habla-nada-con-dos-anos\/#breadcrumblist","itemListElement":[{"@type":"ListItem","@id":"https:\/\/eldigitaldeasturias.com\/radio#listItem","position":1,"name":"Inicio","item":"https:\/\/eldigitaldeasturias.com\/radio","nextItem":{"@type":"ListItem","@id":"https:\/\/eldigitaldeasturias.com\/radio\/category\/live\/#listItem","name":"Live"}},{"@type":"ListItem","@id":"https:\/\/eldigitaldeasturias.com\/radio\/category\/live\/#listItem","position":2,"name":"Live","item":"https:\/\/eldigitaldeasturias.com\/radio\/category\/live\/","nextItem":{"@type":"ListItem","@id":"https:\/\/eldigitaldeasturias.com\/radio\/el-neuropediatra-explica-que-hacer-si-un-nino-no-habla-nada-con-dos-anos\/#listItem","name":"El Neuropediatra explica qu\u00e9 hacer si un ni\u00f1o no habla nada con dos a\u00f1os"},"previousItem":{"@type":"ListItem","@id":"https:\/\/eldigitaldeasturias.com\/radio#listItem","name":"Inicio"}},{"@type":"ListItem","@id":"https:\/\/eldigitaldeasturias.com\/radio\/el-neuropediatra-explica-que-hacer-si-un-nino-no-habla-nada-con-dos-anos\/#listItem","position":3,"name":"El Neuropediatra explica qu\u00e9 hacer si un ni\u00f1o no habla nada con dos a\u00f1os","previousItem":{"@type":"ListItem","@id":"https:\/\/eldigitaldeasturias.com\/radio\/category\/live\/#listItem","name":"Live"}}]},{"@type":"NewsArticle","@id":"https:\/\/eldigitaldeasturias.com\/radio\/el-neuropediatra-explica-que-hacer-si-un-nino-no-habla-nada-con-dos-anos\/#newsarticle","name":"El Neuropediatra explica qu\u00e9 hacer si un ni\u00f1o no habla nada con dos a\u00f1os | El Digital de Asturias","headline":"El Neuropediatra explica qu\u00e9 hacer si un ni\u00f1o no habla nada con dos a\u00f1os","author":{"@id":"https:\/\/eldigitaldeasturias.com\/radio\/author\/nbasturias\/#author"},"publisher":{"@id":"https:\/\/eldigitaldeasturias.com\/radio\/#organization"},"image":{"@type":"ImageObject","url":"https:\/\/eldigitaldeasturias.com\/radio\/wp-content\/uploads\/2019\/08\/1566032856_beb_.jpg","width":1053,"height":699},"datePublished":"2019-08-20T02:59:04+02:00","dateModified":"2019-08-20T02:59:04+02:00","inLanguage":"es-ES","mainEntityOfPage":{"@id":"https:\/\/eldigitaldeasturias.com\/radio\/el-neuropediatra-explica-que-hacer-si-un-nino-no-habla-nada-con-dos-anos\/#webpage"},"isPartOf":{"@id":"https:\/\/eldigitaldeasturias.com\/radio\/el-neuropediatra-explica-que-hacer-si-un-nino-no-habla-nada-con-dos-anos\/#webpage"},"articleSection":"Live","dateline":"Publicado el agosto 20, 2019."},{"@type":"Organization","@id":"https:\/\/eldigitaldeasturias.com\/radio\/#organization","name":"El digital de Asturias Radio","description":"Diario de informaci\u00f3n y noticias","url":"https:\/\/eldigitaldeasturias.com\/radio\/","telephone":"+34652131393","logo":{"@type":"ImageObject","url":"https:\/\/www.eldigitaldeasturias.com\/radio\/wp-content\/uploads\/2021\/03\/EDA.jpg","@id":"https:\/\/eldigitaldeasturias.com\/radio\/el-neuropediatra-explica-que-hacer-si-un-nino-no-habla-nada-con-dos-anos\/#organizationLogo"},"image":{"@id":"https:\/\/eldigitaldeasturias.com\/radio\/el-neuropediatra-explica-que-hacer-si-un-nino-no-habla-nada-con-dos-anos\/#organizationLogo"},"sameAs":["https:\/\/www.facebook.com\/","https:\/\/x.com\/bercodi","https:\/\/www.instagram.com\/","https:\/\/www.youtube.com\/channel\/UCZP-2wLEB9Rv6erhFmqVnvg"]},{"@type":"Person","@id":"https:\/\/eldigitaldeasturias.com\/radio\/author\/nbasturias\/#author","url":"https:\/\/eldigitaldeasturias.com\/radio\/author\/nbasturias\/","name":"NBAsturias","image":{"@type":"ImageObject","@id":"https:\/\/eldigitaldeasturias.com\/radio\/el-neuropediatra-explica-que-hacer-si-un-nino-no-habla-nada-con-dos-anos\/#authorImage","url":"https:\/\/secure.gravatar.com\/avatar\/df2aeffc32bcd13f8d26072ef8a91b623d677766deac7f97ca815868cd41bf5e?s=96&d=mm&r=g","width":96,"height":96,"caption":"NBAsturias"}},{"@type":"WebPage","@id":"https:\/\/eldigitaldeasturias.com\/radio\/el-neuropediatra-explica-que-hacer-si-un-nino-no-habla-nada-con-dos-anos\/#webpage","url":"https:\/\/eldigitaldeasturias.com\/radio\/el-neuropediatra-explica-que-hacer-si-un-nino-no-habla-nada-con-dos-anos\/","name":"El Neuropediatra explica qu\u00e9 hacer si un ni\u00f1o no habla nada con dos a\u00f1os | El Digital de Asturias","description":"Muchos padres se preocupan cuando sus hijos llega a los dos a\u00f1os y no pronuncian ni una sola palabra. Hay que aprender a no confundir habla y lenguaje y preguntar al experto cada duda que se tenga al respecto Es muy com\u00fan que los padres - explica Manuel Antonio Fern\u00e1ndez, el Neuropediatra - digan la expresi\u00f3n \u2018mi","inLanguage":"es-ES","isPartOf":{"@id":"https:\/\/eldigitaldeasturias.com\/radio\/#website"},"breadcrumb":{"@id":"https:\/\/eldigitaldeasturias.com\/radio\/el-neuropediatra-explica-que-hacer-si-un-nino-no-habla-nada-con-dos-anos\/#breadcrumblist"},"author":{"@id":"https:\/\/eldigitaldeasturias.com\/radio\/author\/nbasturias\/#author"},"creator":{"@id":"https:\/\/eldigitaldeasturias.com\/radio\/author\/nbasturias\/#author"},"image":{"@type":"ImageObject","url":"https:\/\/eldigitaldeasturias.com\/radio\/wp-content\/uploads\/2019\/08\/1566032856_beb_.jpg","@id":"https:\/\/eldigitaldeasturias.com\/radio\/el-neuropediatra-explica-que-hacer-si-un-nino-no-habla-nada-con-dos-anos\/#mainImage","width":1053,"height":699},"primaryImageOfPage":{"@id":"https:\/\/eldigitaldeasturias.com\/radio\/el-neuropediatra-explica-que-hacer-si-un-nino-no-habla-nada-con-dos-anos\/#mainImage"},"datePublished":"2019-08-20T02:59:04+02:00","dateModified":"2019-08-20T02:59:04+02:00"},{"@type":"WebSite","@id":"https:\/\/eldigitaldeasturias.com\/radio\/#website","url":"https:\/\/eldigitaldeasturias.com\/radio\/","name":"El Digital de Asturias","description":"Diario de informaci\u00f3n y noticias","inLanguage":"es-ES","publisher":{"@id":"https:\/\/eldigitaldeasturias.com\/radio\/#organization"}}]},"og:locale":"es_ES","og:site_name":"El Digital de Asturias | Diario de informaci\u00f3n y noticias","og:type":"article","og:title":"El Neuropediatra explica qu\u00e9 hacer si un ni\u00f1o no habla nada con dos a\u00f1os | El Digital de Asturias","og:description":"Muchos padres se preocupan cuando sus hijos llega a los dos a\u00f1os y no pronuncian ni una sola palabra. Hay que aprender a no confundir habla y lenguaje y preguntar al experto cada duda que se tenga al respecto Es muy com\u00fan que los padres - explica Manuel Antonio Fern\u00e1ndez, el Neuropediatra - digan la expresi\u00f3n \u2018mi","og:url":"https:\/\/eldigitaldeasturias.com\/radio\/el-neuropediatra-explica-que-hacer-si-un-nino-no-habla-nada-con-dos-anos\/","og:image":"https:\/\/eldigitaldeasturias.com\/radio\/wp-content\/uploads\/2019\/08\/1566032856_beb_.jpg","og:image:secure_url":"https:\/\/eldigitaldeasturias.com\/radio\/wp-content\/uploads\/2019\/08\/1566032856_beb_.jpg","og:image:width":1053,"og:image:height":699,"article:published_time":"2019-08-20T02:59:04+00:00","article:modified_time":"2019-08-20T02:59:04+00:00","twitter:card":"summary_large_image","twitter:site":"@bercodi","twitter:title":"El Neuropediatra explica qu\u00e9 hacer si un ni\u00f1o no habla nada con dos a\u00f1os | El Digital de Asturias","twitter:description":"Muchos padres se preocupan cuando sus hijos llega a los dos a\u00f1os y no pronuncian ni una sola palabra. Hay que aprender a no confundir habla y lenguaje y preguntar al experto cada duda que se tenga al respecto Es muy com\u00fan que los padres - explica Manuel Antonio Fern\u00e1ndez, el Neuropediatra - digan la expresi\u00f3n \u2018mi","twitter:creator":"@bercodi","twitter:image":"https:\/\/eldigitaldeasturias.com\/radio\/wp-content\/uploads\/2019\/08\/1566032856_beb_.jpg"},"aioseo_meta_data":{"post_id":"3143","title":null,"description":null,"keywords":null,"keyphrases":null,"primary_term":null,"canonical_url":null,"og_title":null,"og_description":null,"og_object_type":"default","og_image_type":"default","og_image_url":null,"og_image_width":null,"og_image_height":null,"og_image_custom_url":null,"og_image_custom_fields":null,"og_video":null,"og_custom_url":null,"og_article_section":null,"og_article_tags":null,"twitter_use_og":false,"twitter_card":"default","twitter_image_type":"default","twitter_image_url":null,"twitter_image_custom_url":null,"twitter_image_custom_fields":null,"twitter_title":null,"twitter_description":null,"schema":{"blockGraphs":[],"customGraphs":[],"default":{"data":{"Article":[],"Course":[],"Dataset":[],"FAQPage":[],"Movie":[],"Person":[],"Product":[],"ProductReview":[],"Car":[],"Recipe":[],"Service":[],"SoftwareApplication":[],"WebPage":[]},"graphName":"","isEnabled":true},"graphs":[],"defaultGraph":"","defaultPostTypeGraph":""},"schema_type":null,"schema_type_options":null,"pillar_content":false,"robots_default":true,"robots_noindex":false,"robots_noarchive":false,"robots_nosnippet":false,"robots_nofollow":false,"robots_noimageindex":false,"robots_noodp":false,"robots_notranslate":false,"robots_max_snippet":null,"robots_max_videopreview":null,"robots_max_imagepreview":"large","priority":null,"frequency":null,"location":null,"local_seo":null,"seo_analyzer_scan_date":"2025-08-28 13:37:27","breadcrumb_settings":null,"limit_modified_date":false,"open_ai":null,"ai":null,"created":"2021-03-27 19:53:16","updated":"2025-08-28 13:37:27"},"aioseo_breadcrumb":"<div class=\"aioseo-breadcrumbs\"><span class=\"aioseo-breadcrumb\">\n\t<a href=\"https:\/\/eldigitaldeasturias.com\/radio\" title=\"Inicio\">Inicio<\/a>\n<\/span><span class=\"aioseo-breadcrumb-separator\">&ndash;<\/span><span class=\"aioseo-breadcrumb\">\n\t<a href=\"https:\/\/eldigitaldeasturias.com\/radio\/category\/live\/\" title=\"Live\">Live<\/a>\n<\/span><span class=\"aioseo-breadcrumb-separator\">&ndash;<\/span><span class=\"aioseo-breadcrumb\">\n\tEl Neuropediatra explica qu\u00e9 hacer si un ni\u00f1o no habla nada con dos a\u00f1os\n<\/span><\/div>","aioseo_breadcrumb_json":[{"label":"Inicio","link":"https:\/\/eldigitaldeasturias.com\/radio"},{"label":"Live","link":"https:\/\/eldigitaldeasturias.com\/radio\/category\/live\/"},{"label":"El Neuropediatra explica qu\u00e9 hacer si un ni\u00f1o no habla nada con dos a\u00f1os","link":"https:\/\/eldigitaldeasturias.com\/radio\/el-neuropediatra-explica-que-hacer-si-un-nino-no-habla-nada-con-dos-anos\/"}],"_links":{"self":[{"href":"https:\/\/eldigitaldeasturias.com\/radio\/wp-json\/wp\/v2\/posts\/3143","targetHints":{"allow":["GET"]}}],"collection":[{"href":"https:\/\/eldigitaldeasturias.com\/radio\/wp-json\/wp\/v2\/posts"}],"about":[{"href":"https:\/\/eldigitaldeasturias.com\/radio\/wp-json\/wp\/v2\/types\/post"}],"author":[{"embeddable":true,"href":"https:\/\/eldigitaldeasturias.com\/radio\/wp-json\/wp\/v2\/users\/1"}],"replies":[{"embeddable":true,"href":"https:\/\/eldigitaldeasturias.com\/radio\/wp-json\/wp\/v2\/comments?post=3143"}],"version-history":[{"count":0,"href":"https:\/\/eldigitaldeasturias.com\/radio\/wp-json\/wp\/v2\/posts\/3143\/revisions"}],"wp:featuredmedia":[{"embeddable":true,"href":"https:\/\/eldigitaldeasturias.com\/radio\/wp-json\/wp\/v2\/media\/3144"}],"wp:attachment":[{"href":"https:\/\/eldigitaldeasturias.com\/radio\/wp-json\/wp\/v2\/media?parent=3143"}],"wp:term":[{"taxonomy":"category","embeddable":true,"href":"https:\/\/eldigitaldeasturias.com\/radio\/wp-json\/wp\/v2\/categories?post=3143"},{"taxonomy":"post_tag","embeddable":true,"href":"https:\/\/eldigitaldeasturias.com\/radio\/wp-json\/wp\/v2\/tags?post=3143"}],"curies":[{"name":"wp","href":"https:\/\/api.w.org\/{rel}","templated":true}]}}