{"id":3138,"date":"2019-08-20T01:05:47","date_gmt":"2019-08-20T01:05:47","guid":{"rendered":"http:\/\/eldigitaldeasturias.com\/radio\/?p=3138"},"modified":"2019-08-20T01:05:47","modified_gmt":"2019-08-20T01:05:47","slug":"mundial-de-oficios-2019-en-kazan","status":"publish","type":"post","link":"https:\/\/eldigitaldeasturias.com\/radio\/mundial-de-oficios-2019-en-kazan\/","title":{"rendered":"Mundial de Oficios 2019 en Kaz\u00e1n"},"content":{"rendered":"<figure id=\"attachment_3139\" aria-describedby=\"caption-attachment-3139\" style=\"width: 360px\" class=\"wp-caption alignleft\"><img fetchpriority=\"high\" decoding=\"async\" class=\"size-medium wp-image-3139\" src=\"https:\/\/eldigitaldeasturias.com\/radio\/wp-content\/uploads\/2019\/08\/Mundial-Oficios-360x250.jpg\" alt=\"\" width=\"360\" height=\"250\" srcset=\"https:\/\/eldigitaldeasturias.com\/radio\/wp-content\/uploads\/2019\/08\/Mundial-Oficios-360x250.jpg 360w, https:\/\/eldigitaldeasturias.com\/radio\/wp-content\/uploads\/2019\/08\/Mundial-Oficios-768x532.jpg 768w, https:\/\/eldigitaldeasturias.com\/radio\/wp-content\/uploads\/2019\/08\/Mundial-Oficios.jpg 962w\" sizes=\"(max-width: 360px) 100vw, 360px\" \/><figcaption id=\"caption-attachment-3139\" class=\"wp-caption-text\">Alba\u00f1iles alemanes se preparan para el Campeonato Mundial de Oficios en Kaz\u00e1n, Rusia. Foto: Stefan Puchner\/dpa<\/figcaption><\/figure>\n<p>Berl\u00edn, 18 ago (dpa) &#8211; Unos 40 trabajadores alemanes del sector del comercio, la industria y los servicios participar\u00e1n del <strong>Campeonato Mundial de Oficios<\/strong>, que se celebrar\u00e1 la pr\u00f3xima semana en Kaz\u00e1n, capital de la rep\u00fablica rusa aut\u00f3noma de Tartarist\u00e1n, seg\u00fan anunci\u00f3 hoy la asociaci\u00f3n WorlSkills Alemania, con sede en Stuttgart.<\/p>\n<p>Los j\u00f3venes profesionales, cuya edad m\u00e1xima no puede superar los 23 a\u00f1os, competir\u00e1n en la ciudad rusa en 34 de los 56 oficios representados. En total se presentar\u00e1n m\u00e1s de 1.350 trabajadores cualificados procedentes de m\u00e1s de 60 pa\u00edses.<\/p>\n<p>El equipo alem\u00e1n cuenta con varios expertos en distintos oficios, que son considerados internacionalmente como candidatos a medallas.<\/p>\n<p>La ganadora alemana en el sector de la pintura, Jessica J\u00f6rges, de 21 a\u00f1os, y el alba\u00f1il Christoph Rapp, de 22 a\u00f1os, se ubican entre los aspirantes a la medalla de oro.<\/p>\n<p>La canciller alemana, Angela Merkel, que ha asumido el patrocinio de la selecci\u00f3n alemana en el campeonato WorldSkills 2019, destac\u00f3 que la participaci\u00f3n de un equipo tan numeroso demuestra \u00abla competitividad de la formaci\u00f3n dual alemana en comparaci\u00f3n internacional\u00bb.<\/p>\n","protected":false},"excerpt":{"rendered":"<p>Berl\u00edn, 18 ago (dpa) &#8211; Unos 40 trabajadores alemanes del sector del comercio, la industria y los servicios participar\u00e1n del Campeonato Mundial de Oficios, que se celebrar\u00e1 la pr\u00f3xima semana en Kaz\u00e1n, capital de la rep\u00fablica rusa aut\u00f3noma de Tartarist\u00e1n, seg\u00fan anunci\u00f3 hoy la asociaci\u00f3n WorlSkills Alemania, con sede en Stuttgart. Los j\u00f3venes profesionales, cuya<\/p>\n","protected":false},"author":1,"featured_media":3139,"comment_status":"closed","ping_status":"closed","sticky":false,"template":"","format":"standard","meta":{"footnotes":""},"categories":[1],"tags":[],"class_list":{"0":"post-3138","1":"post","2":"type-post","3":"status-publish","4":"format-standard","5":"has-post-thumbnail","7":"category-noticias"},"aioseo_notices":[],"aioseo_head":"\n\t\t<!-- All in One SEO Pro 4.9.6.2 - aioseo.com -->\n\t<meta name=\"description\" content=\"Berl\u00edn, 18 ago (dpa) - Unos 40 trabajadores alemanes del sector del comercio, la industria y los servicios participar\u00e1n del Campeonato Mundial de Oficios, que se celebrar\u00e1 la pr\u00f3xima semana en Kaz\u00e1n, capital de la rep\u00fablica rusa aut\u00f3noma de Tartarist\u00e1n, seg\u00fan anunci\u00f3 hoy la asociaci\u00f3n WorlSkills Alemania, con sede en Stuttgart. Los j\u00f3venes profesionales, cuya\" \/>\n\t<meta name=\"robots\" content=\"max-image-preview:large\" \/>\n\t<meta name=\"author\" content=\"NBAsturias\"\/>\n\t<meta name=\"google-site-verification\" content=\"UA-38556648-1\" \/>\n\t<meta name=\"keywords\" content=\"noticias\" \/>\n\t<link rel=\"canonical\" href=\"https:\/\/eldigitaldeasturias.com\/radio\/mundial-de-oficios-2019-en-kazan\/\" \/>\n\t<meta name=\"generator\" content=\"All in One SEO Pro (AIOSEO) 4.9.6.2\" \/>\n\t\t<meta property=\"og:locale\" content=\"es_ES\" \/>\n\t\t<meta property=\"og:site_name\" content=\"El Digital de Asturias | Diario de informaci\u00f3n y noticias\" \/>\n\t\t<meta property=\"og:type\" content=\"article\" \/>\n\t\t<meta property=\"og:title\" content=\"Mundial de Oficios 2019 en Kaz\u00e1n | El Digital de Asturias\" \/>\n\t\t<meta property=\"og:description\" content=\"Berl\u00edn, 18 ago (dpa) - Unos 40 trabajadores alemanes del sector del comercio, la industria y los servicios participar\u00e1n del Campeonato Mundial de Oficios, que se celebrar\u00e1 la pr\u00f3xima semana en Kaz\u00e1n, capital de la rep\u00fablica rusa aut\u00f3noma de Tartarist\u00e1n, seg\u00fan anunci\u00f3 hoy la asociaci\u00f3n WorlSkills Alemania, con sede en Stuttgart. Los j\u00f3venes profesionales, cuya\" \/>\n\t\t<meta property=\"og:url\" content=\"https:\/\/eldigitaldeasturias.com\/radio\/mundial-de-oficios-2019-en-kazan\/\" \/>\n\t\t<meta property=\"og:image\" content=\"https:\/\/eldigitaldeasturias.com\/radio\/wp-content\/uploads\/2019\/08\/Mundial-Oficios.jpg\" \/>\n\t\t<meta property=\"og:image:secure_url\" content=\"https:\/\/eldigitaldeasturias.com\/radio\/wp-content\/uploads\/2019\/08\/Mundial-Oficios.jpg\" \/>\n\t\t<meta property=\"og:image:width\" content=\"962\" \/>\n\t\t<meta property=\"og:image:height\" content=\"667\" \/>\n\t\t<meta property=\"article:published_time\" content=\"2019-08-20T01:05:47+00:00\" \/>\n\t\t<meta property=\"article:modified_time\" content=\"2019-08-20T01:05:47+00:00\" \/>\n\t\t<meta name=\"twitter:card\" content=\"summary_large_image\" \/>\n\t\t<meta name=\"twitter:site\" content=\"@bercodi\" \/>\n\t\t<meta name=\"twitter:title\" content=\"Mundial de Oficios 2019 en Kaz\u00e1n | El Digital de Asturias\" \/>\n\t\t<meta name=\"twitter:description\" content=\"Berl\u00edn, 18 ago (dpa) - Unos 40 trabajadores alemanes del sector del comercio, la industria y los servicios participar\u00e1n del Campeonato Mundial de Oficios, que se celebrar\u00e1 la pr\u00f3xima semana en Kaz\u00e1n, capital de la rep\u00fablica rusa aut\u00f3noma de Tartarist\u00e1n, seg\u00fan anunci\u00f3 hoy la asociaci\u00f3n WorlSkills Alemania, con sede en Stuttgart. Los j\u00f3venes profesionales, cuya\" \/>\n\t\t<meta name=\"twitter:creator\" content=\"@bercodi\" \/>\n\t\t<meta name=\"twitter:image\" content=\"https:\/\/eldigitaldeasturias.com\/radio\/wp-content\/uploads\/2019\/08\/Mundial-Oficios.jpg\" \/>\n\t\t<script type=\"application\/ld+json\" class=\"aioseo-schema\">\n\t\t\t{\"@context\":\"https:\\\/\\\/schema.org\",\"@graph\":[{\"@type\":\"BreadcrumbList\",\"@id\":\"https:\\\/\\\/eldigitaldeasturias.com\\\/radio\\\/mundial-de-oficios-2019-en-kazan\\\/#breadcrumblist\",\"itemListElement\":[{\"@type\":\"ListItem\",\"@id\":\"https:\\\/\\\/eldigitaldeasturias.com\\\/radio#listItem\",\"position\":1,\"name\":\"Inicio\",\"item\":\"https:\\\/\\\/eldigitaldeasturias.com\\\/radio\",\"nextItem\":{\"@type\":\"ListItem\",\"@id\":\"https:\\\/\\\/eldigitaldeasturias.com\\\/radio\\\/category\\\/noticias\\\/#listItem\",\"name\":\"Noticias\"}},{\"@type\":\"ListItem\",\"@id\":\"https:\\\/\\\/eldigitaldeasturias.com\\\/radio\\\/category\\\/noticias\\\/#listItem\",\"position\":2,\"name\":\"Noticias\",\"item\":\"https:\\\/\\\/eldigitaldeasturias.com\\\/radio\\\/category\\\/noticias\\\/\",\"nextItem\":{\"@type\":\"ListItem\",\"@id\":\"https:\\\/\\\/eldigitaldeasturias.com\\\/radio\\\/mundial-de-oficios-2019-en-kazan\\\/#listItem\",\"name\":\"Mundial de Oficios 2019 en Kaz\\u00e1n\"},\"previousItem\":{\"@type\":\"ListItem\",\"@id\":\"https:\\\/\\\/eldigitaldeasturias.com\\\/radio#listItem\",\"name\":\"Inicio\"}},{\"@type\":\"ListItem\",\"@id\":\"https:\\\/\\\/eldigitaldeasturias.com\\\/radio\\\/mundial-de-oficios-2019-en-kazan\\\/#listItem\",\"position\":3,\"name\":\"Mundial de Oficios 2019 en Kaz\\u00e1n\",\"previousItem\":{\"@type\":\"ListItem\",\"@id\":\"https:\\\/\\\/eldigitaldeasturias.com\\\/radio\\\/category\\\/noticias\\\/#listItem\",\"name\":\"Noticias\"}}]},{\"@type\":\"NewsArticle\",\"@id\":\"https:\\\/\\\/eldigitaldeasturias.com\\\/radio\\\/mundial-de-oficios-2019-en-kazan\\\/#newsarticle\",\"name\":\"Mundial de Oficios 2019 en Kaz\\u00e1n | El Digital de Asturias\",\"headline\":\"Mundial de Oficios 2019 en Kaz\\u00e1n\",\"author\":{\"@id\":\"https:\\\/\\\/eldigitaldeasturias.com\\\/radio\\\/author\\\/nbasturias\\\/#author\"},\"publisher\":{\"@id\":\"https:\\\/\\\/eldigitaldeasturias.com\\\/radio\\\/#organization\"},\"image\":{\"@type\":\"ImageObject\",\"url\":\"https:\\\/\\\/eldigitaldeasturias.com\\\/radio\\\/wp-content\\\/uploads\\\/2019\\\/08\\\/Mundial-Oficios.jpg\",\"width\":962,\"height\":667,\"caption\":\"Alba\\u00f1iles alemanes se preparan para el Campeonato Mundial de Oficios en Kaz\\u00e1n, Rusia. Foto: Stefan Puchner\\\/dpa\"},\"datePublished\":\"2019-08-20T01:05:47+02:00\",\"dateModified\":\"2019-08-20T01:05:47+02:00\",\"inLanguage\":\"es-ES\",\"mainEntityOfPage\":{\"@id\":\"https:\\\/\\\/eldigitaldeasturias.com\\\/radio\\\/mundial-de-oficios-2019-en-kazan\\\/#webpage\"},\"isPartOf\":{\"@id\":\"https:\\\/\\\/eldigitaldeasturias.com\\\/radio\\\/mundial-de-oficios-2019-en-kazan\\\/#webpage\"},\"articleSection\":\"Noticias\",\"dateline\":\"Publicado el agosto 20, 2019.\"},{\"@type\":\"Organization\",\"@id\":\"https:\\\/\\\/eldigitaldeasturias.com\\\/radio\\\/#organization\",\"name\":\"El digital de Asturias Radio\",\"description\":\"Diario de informaci\\u00f3n y noticias\",\"url\":\"https:\\\/\\\/eldigitaldeasturias.com\\\/radio\\\/\",\"telephone\":\"+34652131393\",\"logo\":{\"@type\":\"ImageObject\",\"url\":\"https:\\\/\\\/www.eldigitaldeasturias.com\\\/radio\\\/wp-content\\\/uploads\\\/2021\\\/03\\\/EDA.jpg\",\"@id\":\"https:\\\/\\\/eldigitaldeasturias.com\\\/radio\\\/mundial-de-oficios-2019-en-kazan\\\/#organizationLogo\"},\"image\":{\"@id\":\"https:\\\/\\\/eldigitaldeasturias.com\\\/radio\\\/mundial-de-oficios-2019-en-kazan\\\/#organizationLogo\"},\"sameAs\":[\"https:\\\/\\\/www.facebook.com\\\/\",\"https:\\\/\\\/x.com\\\/bercodi\",\"https:\\\/\\\/www.instagram.com\\\/\",\"https:\\\/\\\/www.youtube.com\\\/channel\\\/UCZP-2wLEB9Rv6erhFmqVnvg\"]},{\"@type\":\"Person\",\"@id\":\"https:\\\/\\\/eldigitaldeasturias.com\\\/radio\\\/author\\\/nbasturias\\\/#author\",\"url\":\"https:\\\/\\\/eldigitaldeasturias.com\\\/radio\\\/author\\\/nbasturias\\\/\",\"name\":\"NBAsturias\",\"image\":{\"@type\":\"ImageObject\",\"@id\":\"https:\\\/\\\/eldigitaldeasturias.com\\\/radio\\\/mundial-de-oficios-2019-en-kazan\\\/#authorImage\",\"url\":\"https:\\\/\\\/secure.gravatar.com\\\/avatar\\\/df2aeffc32bcd13f8d26072ef8a91b623d677766deac7f97ca815868cd41bf5e?s=96&d=mm&r=g\",\"width\":96,\"height\":96,\"caption\":\"NBAsturias\"}},{\"@type\":\"WebPage\",\"@id\":\"https:\\\/\\\/eldigitaldeasturias.com\\\/radio\\\/mundial-de-oficios-2019-en-kazan\\\/#webpage\",\"url\":\"https:\\\/\\\/eldigitaldeasturias.com\\\/radio\\\/mundial-de-oficios-2019-en-kazan\\\/\",\"name\":\"Mundial de Oficios 2019 en Kaz\\u00e1n | El Digital de Asturias\",\"description\":\"Berl\\u00edn, 18 ago (dpa) - Unos 40 trabajadores alemanes del sector del comercio, la industria y los servicios participar\\u00e1n del Campeonato Mundial de Oficios, que se celebrar\\u00e1 la pr\\u00f3xima semana en Kaz\\u00e1n, capital de la rep\\u00fablica rusa aut\\u00f3noma de Tartarist\\u00e1n, seg\\u00fan anunci\\u00f3 hoy la asociaci\\u00f3n WorlSkills Alemania, con sede en Stuttgart. Los j\\u00f3venes profesionales, cuya\",\"inLanguage\":\"es-ES\",\"isPartOf\":{\"@id\":\"https:\\\/\\\/eldigitaldeasturias.com\\\/radio\\\/#website\"},\"breadcrumb\":{\"@id\":\"https:\\\/\\\/eldigitaldeasturias.com\\\/radio\\\/mundial-de-oficios-2019-en-kazan\\\/#breadcrumblist\"},\"author\":{\"@id\":\"https:\\\/\\\/eldigitaldeasturias.com\\\/radio\\\/author\\\/nbasturias\\\/#author\"},\"creator\":{\"@id\":\"https:\\\/\\\/eldigitaldeasturias.com\\\/radio\\\/author\\\/nbasturias\\\/#author\"},\"image\":{\"@type\":\"ImageObject\",\"url\":\"https:\\\/\\\/eldigitaldeasturias.com\\\/radio\\\/wp-content\\\/uploads\\\/2019\\\/08\\\/Mundial-Oficios.jpg\",\"@id\":\"https:\\\/\\\/eldigitaldeasturias.com\\\/radio\\\/mundial-de-oficios-2019-en-kazan\\\/#mainImage\",\"width\":962,\"height\":667,\"caption\":\"Alba\\u00f1iles alemanes se preparan para el Campeonato Mundial de Oficios en Kaz\\u00e1n, Rusia. Foto: Stefan Puchner\\\/dpa\"},\"primaryImageOfPage\":{\"@id\":\"https:\\\/\\\/eldigitaldeasturias.com\\\/radio\\\/mundial-de-oficios-2019-en-kazan\\\/#mainImage\"},\"datePublished\":\"2019-08-20T01:05:47+02:00\",\"dateModified\":\"2019-08-20T01:05:47+02:00\"},{\"@type\":\"WebSite\",\"@id\":\"https:\\\/\\\/eldigitaldeasturias.com\\\/radio\\\/#website\",\"url\":\"https:\\\/\\\/eldigitaldeasturias.com\\\/radio\\\/\",\"name\":\"El Digital de Asturias\",\"description\":\"Diario de informaci\\u00f3n y noticias\",\"inLanguage\":\"es-ES\",\"publisher\":{\"@id\":\"https:\\\/\\\/eldigitaldeasturias.com\\\/radio\\\/#organization\"}}]}\n\t\t<\/script>\n\t\t<!-- All in One SEO Pro -->\r\n\t\t<title>Mundial de Oficios 2019 en Kaz\u00e1n | El Digital de Asturias<\/title>\n\n","aioseo_head_json":{"title":"Mundial de Oficios 2019 en Kaz\u00e1n | El Digital de Asturias","description":"Berl\u00edn, 18 ago (dpa) - Unos 40 trabajadores alemanes del sector del comercio, la industria y los servicios participar\u00e1n del Campeonato Mundial de Oficios, que se celebrar\u00e1 la pr\u00f3xima semana en Kaz\u00e1n, capital de la rep\u00fablica rusa aut\u00f3noma de Tartarist\u00e1n, seg\u00fan anunci\u00f3 hoy la asociaci\u00f3n WorlSkills Alemania, con sede en Stuttgart. Los j\u00f3venes profesionales, cuya","canonical_url":"https:\/\/eldigitaldeasturias.com\/radio\/mundial-de-oficios-2019-en-kazan\/","robots":"max-image-preview:large","keywords":"noticias","webmasterTools":{"google-site-verification":"UA-38556648-1","miscellaneous":""},"schema":{"@context":"https:\/\/schema.org","@graph":[{"@type":"BreadcrumbList","@id":"https:\/\/eldigitaldeasturias.com\/radio\/mundial-de-oficios-2019-en-kazan\/#breadcrumblist","itemListElement":[{"@type":"ListItem","@id":"https:\/\/eldigitaldeasturias.com\/radio#listItem","position":1,"name":"Inicio","item":"https:\/\/eldigitaldeasturias.com\/radio","nextItem":{"@type":"ListItem","@id":"https:\/\/eldigitaldeasturias.com\/radio\/category\/noticias\/#listItem","name":"Noticias"}},{"@type":"ListItem","@id":"https:\/\/eldigitaldeasturias.com\/radio\/category\/noticias\/#listItem","position":2,"name":"Noticias","item":"https:\/\/eldigitaldeasturias.com\/radio\/category\/noticias\/","nextItem":{"@type":"ListItem","@id":"https:\/\/eldigitaldeasturias.com\/radio\/mundial-de-oficios-2019-en-kazan\/#listItem","name":"Mundial de Oficios 2019 en Kaz\u00e1n"},"previousItem":{"@type":"ListItem","@id":"https:\/\/eldigitaldeasturias.com\/radio#listItem","name":"Inicio"}},{"@type":"ListItem","@id":"https:\/\/eldigitaldeasturias.com\/radio\/mundial-de-oficios-2019-en-kazan\/#listItem","position":3,"name":"Mundial de Oficios 2019 en Kaz\u00e1n","previousItem":{"@type":"ListItem","@id":"https:\/\/eldigitaldeasturias.com\/radio\/category\/noticias\/#listItem","name":"Noticias"}}]},{"@type":"NewsArticle","@id":"https:\/\/eldigitaldeasturias.com\/radio\/mundial-de-oficios-2019-en-kazan\/#newsarticle","name":"Mundial de Oficios 2019 en Kaz\u00e1n | El Digital de Asturias","headline":"Mundial de Oficios 2019 en Kaz\u00e1n","author":{"@id":"https:\/\/eldigitaldeasturias.com\/radio\/author\/nbasturias\/#author"},"publisher":{"@id":"https:\/\/eldigitaldeasturias.com\/radio\/#organization"},"image":{"@type":"ImageObject","url":"https:\/\/eldigitaldeasturias.com\/radio\/wp-content\/uploads\/2019\/08\/Mundial-Oficios.jpg","width":962,"height":667,"caption":"Alba\u00f1iles alemanes se preparan para el Campeonato Mundial de Oficios en Kaz\u00e1n, Rusia. Foto: Stefan Puchner\/dpa"},"datePublished":"2019-08-20T01:05:47+02:00","dateModified":"2019-08-20T01:05:47+02:00","inLanguage":"es-ES","mainEntityOfPage":{"@id":"https:\/\/eldigitaldeasturias.com\/radio\/mundial-de-oficios-2019-en-kazan\/#webpage"},"isPartOf":{"@id":"https:\/\/eldigitaldeasturias.com\/radio\/mundial-de-oficios-2019-en-kazan\/#webpage"},"articleSection":"Noticias","dateline":"Publicado el agosto 20, 2019."},{"@type":"Organization","@id":"https:\/\/eldigitaldeasturias.com\/radio\/#organization","name":"El digital de Asturias Radio","description":"Diario de informaci\u00f3n y noticias","url":"https:\/\/eldigitaldeasturias.com\/radio\/","telephone":"+34652131393","logo":{"@type":"ImageObject","url":"https:\/\/www.eldigitaldeasturias.com\/radio\/wp-content\/uploads\/2021\/03\/EDA.jpg","@id":"https:\/\/eldigitaldeasturias.com\/radio\/mundial-de-oficios-2019-en-kazan\/#organizationLogo"},"image":{"@id":"https:\/\/eldigitaldeasturias.com\/radio\/mundial-de-oficios-2019-en-kazan\/#organizationLogo"},"sameAs":["https:\/\/www.facebook.com\/","https:\/\/x.com\/bercodi","https:\/\/www.instagram.com\/","https:\/\/www.youtube.com\/channel\/UCZP-2wLEB9Rv6erhFmqVnvg"]},{"@type":"Person","@id":"https:\/\/eldigitaldeasturias.com\/radio\/author\/nbasturias\/#author","url":"https:\/\/eldigitaldeasturias.com\/radio\/author\/nbasturias\/","name":"NBAsturias","image":{"@type":"ImageObject","@id":"https:\/\/eldigitaldeasturias.com\/radio\/mundial-de-oficios-2019-en-kazan\/#authorImage","url":"https:\/\/secure.gravatar.com\/avatar\/df2aeffc32bcd13f8d26072ef8a91b623d677766deac7f97ca815868cd41bf5e?s=96&d=mm&r=g","width":96,"height":96,"caption":"NBAsturias"}},{"@type":"WebPage","@id":"https:\/\/eldigitaldeasturias.com\/radio\/mundial-de-oficios-2019-en-kazan\/#webpage","url":"https:\/\/eldigitaldeasturias.com\/radio\/mundial-de-oficios-2019-en-kazan\/","name":"Mundial de Oficios 2019 en Kaz\u00e1n | El Digital de Asturias","description":"Berl\u00edn, 18 ago (dpa) - Unos 40 trabajadores alemanes del sector del comercio, la industria y los servicios participar\u00e1n del Campeonato Mundial de Oficios, que se celebrar\u00e1 la pr\u00f3xima semana en Kaz\u00e1n, capital de la rep\u00fablica rusa aut\u00f3noma de Tartarist\u00e1n, seg\u00fan anunci\u00f3 hoy la asociaci\u00f3n WorlSkills Alemania, con sede en Stuttgart. Los j\u00f3venes profesionales, cuya","inLanguage":"es-ES","isPartOf":{"@id":"https:\/\/eldigitaldeasturias.com\/radio\/#website"},"breadcrumb":{"@id":"https:\/\/eldigitaldeasturias.com\/radio\/mundial-de-oficios-2019-en-kazan\/#breadcrumblist"},"author":{"@id":"https:\/\/eldigitaldeasturias.com\/radio\/author\/nbasturias\/#author"},"creator":{"@id":"https:\/\/eldigitaldeasturias.com\/radio\/author\/nbasturias\/#author"},"image":{"@type":"ImageObject","url":"https:\/\/eldigitaldeasturias.com\/radio\/wp-content\/uploads\/2019\/08\/Mundial-Oficios.jpg","@id":"https:\/\/eldigitaldeasturias.com\/radio\/mundial-de-oficios-2019-en-kazan\/#mainImage","width":962,"height":667,"caption":"Alba\u00f1iles alemanes se preparan para el Campeonato Mundial de Oficios en Kaz\u00e1n, Rusia. Foto: Stefan Puchner\/dpa"},"primaryImageOfPage":{"@id":"https:\/\/eldigitaldeasturias.com\/radio\/mundial-de-oficios-2019-en-kazan\/#mainImage"},"datePublished":"2019-08-20T01:05:47+02:00","dateModified":"2019-08-20T01:05:47+02:00"},{"@type":"WebSite","@id":"https:\/\/eldigitaldeasturias.com\/radio\/#website","url":"https:\/\/eldigitaldeasturias.com\/radio\/","name":"El Digital de Asturias","description":"Diario de informaci\u00f3n y noticias","inLanguage":"es-ES","publisher":{"@id":"https:\/\/eldigitaldeasturias.com\/radio\/#organization"}}]},"og:locale":"es_ES","og:site_name":"El Digital de Asturias | Diario de informaci\u00f3n y noticias","og:type":"article","og:title":"Mundial de Oficios 2019 en Kaz\u00e1n | El Digital de Asturias","og:description":"Berl\u00edn, 18 ago (dpa) - Unos 40 trabajadores alemanes del sector del comercio, la industria y los servicios participar\u00e1n del Campeonato Mundial de Oficios, que se celebrar\u00e1 la pr\u00f3xima semana en Kaz\u00e1n, capital de la rep\u00fablica rusa aut\u00f3noma de Tartarist\u00e1n, seg\u00fan anunci\u00f3 hoy la asociaci\u00f3n WorlSkills Alemania, con sede en Stuttgart. Los j\u00f3venes profesionales, cuya","og:url":"https:\/\/eldigitaldeasturias.com\/radio\/mundial-de-oficios-2019-en-kazan\/","og:image":"https:\/\/eldigitaldeasturias.com\/radio\/wp-content\/uploads\/2019\/08\/Mundial-Oficios.jpg","og:image:secure_url":"https:\/\/eldigitaldeasturias.com\/radio\/wp-content\/uploads\/2019\/08\/Mundial-Oficios.jpg","og:image:width":962,"og:image:height":667,"article:published_time":"2019-08-20T01:05:47+00:00","article:modified_time":"2019-08-20T01:05:47+00:00","twitter:card":"summary_large_image","twitter:site":"@bercodi","twitter:title":"Mundial de Oficios 2019 en Kaz\u00e1n | El Digital de Asturias","twitter:description":"Berl\u00edn, 18 ago (dpa) - Unos 40 trabajadores alemanes del sector del comercio, la industria y los servicios participar\u00e1n del Campeonato Mundial de Oficios, que se celebrar\u00e1 la pr\u00f3xima semana en Kaz\u00e1n, capital de la rep\u00fablica rusa aut\u00f3noma de Tartarist\u00e1n, seg\u00fan anunci\u00f3 hoy la asociaci\u00f3n WorlSkills Alemania, con sede en Stuttgart. Los j\u00f3venes profesionales, cuya","twitter:creator":"@bercodi","twitter:image":"https:\/\/eldigitaldeasturias.com\/radio\/wp-content\/uploads\/2019\/08\/Mundial-Oficios.jpg"},"aioseo_meta_data":{"post_id":"3138","title":null,"description":null,"keywords":null,"keyphrases":null,"primary_term":null,"canonical_url":null,"og_title":null,"og_description":null,"og_object_type":"default","og_image_type":"default","og_image_url":null,"og_image_width":null,"og_image_height":null,"og_image_custom_url":null,"og_image_custom_fields":null,"og_video":null,"og_custom_url":null,"og_article_section":null,"og_article_tags":null,"twitter_use_og":false,"twitter_card":"default","twitter_image_type":"default","twitter_image_url":null,"twitter_image_custom_url":null,"twitter_image_custom_fields":null,"twitter_title":null,"twitter_description":null,"schema":{"blockGraphs":[],"customGraphs":[],"default":{"data":{"Article":[],"Course":[],"Dataset":[],"FAQPage":[],"Movie":[],"Person":[],"Product":[],"ProductReview":[],"Car":[],"Recipe":[],"Service":[],"SoftwareApplication":[],"WebPage":[]},"graphName":"","isEnabled":true},"graphs":[]},"schema_type":null,"schema_type_options":null,"pillar_content":false,"robots_default":true,"robots_noindex":false,"robots_noarchive":false,"robots_nosnippet":false,"robots_nofollow":false,"robots_noimageindex":false,"robots_noodp":false,"robots_notranslate":false,"robots_max_snippet":null,"robots_max_videopreview":null,"robots_max_imagepreview":"large","priority":null,"frequency":null,"location":null,"local_seo":null,"seo_analyzer_scan_date":"2025-08-28 13:37:25","breadcrumb_settings":null,"limit_modified_date":false,"open_ai":null,"ai":null,"created":"2021-03-27 23:03:07","updated":"2025-08-28 13:37:25"},"aioseo_breadcrumb":"<div class=\"aioseo-breadcrumbs\"><span class=\"aioseo-breadcrumb\">\n\t<a href=\"https:\/\/eldigitaldeasturias.com\/radio\" title=\"Inicio\">Inicio<\/a>\n<\/span><span class=\"aioseo-breadcrumb-separator\">&ndash;<\/span><span class=\"aioseo-breadcrumb\">\n\t<a href=\"https:\/\/eldigitaldeasturias.com\/radio\/category\/noticias\/\" title=\"Noticias\">Noticias<\/a>\n<\/span><span class=\"aioseo-breadcrumb-separator\">&ndash;<\/span><span class=\"aioseo-breadcrumb\">\n\tMundial de Oficios 2019 en Kaz\u00e1n\n<\/span><\/div>","aioseo_breadcrumb_json":[{"label":"Inicio","link":"https:\/\/eldigitaldeasturias.com\/radio"},{"label":"Noticias","link":"https:\/\/eldigitaldeasturias.com\/radio\/category\/noticias\/"},{"label":"Mundial de Oficios 2019 en Kaz\u00e1n","link":"https:\/\/eldigitaldeasturias.com\/radio\/mundial-de-oficios-2019-en-kazan\/"}],"_links":{"self":[{"href":"https:\/\/eldigitaldeasturias.com\/radio\/wp-json\/wp\/v2\/posts\/3138","targetHints":{"allow":["GET"]}}],"collection":[{"href":"https:\/\/eldigitaldeasturias.com\/radio\/wp-json\/wp\/v2\/posts"}],"about":[{"href":"https:\/\/eldigitaldeasturias.com\/radio\/wp-json\/wp\/v2\/types\/post"}],"author":[{"embeddable":true,"href":"https:\/\/eldigitaldeasturias.com\/radio\/wp-json\/wp\/v2\/users\/1"}],"replies":[{"embeddable":true,"href":"https:\/\/eldigitaldeasturias.com\/radio\/wp-json\/wp\/v2\/comments?post=3138"}],"version-history":[{"count":0,"href":"https:\/\/eldigitaldeasturias.com\/radio\/wp-json\/wp\/v2\/posts\/3138\/revisions"}],"wp:featuredmedia":[{"embeddable":true,"href":"https:\/\/eldigitaldeasturias.com\/radio\/wp-json\/wp\/v2\/media\/3139"}],"wp:attachment":[{"href":"https:\/\/eldigitaldeasturias.com\/radio\/wp-json\/wp\/v2\/media?parent=3138"}],"wp:term":[{"taxonomy":"category","embeddable":true,"href":"https:\/\/eldigitaldeasturias.com\/radio\/wp-json\/wp\/v2\/categories?post=3138"},{"taxonomy":"post_tag","embeddable":true,"href":"https:\/\/eldigitaldeasturias.com\/radio\/wp-json\/wp\/v2\/tags?post=3138"}],"curies":[{"name":"wp","href":"https:\/\/api.w.org\/{rel}","templated":true}]}}