{"id":3113,"date":"2019-08-16T23:34:04","date_gmt":"2019-08-16T23:34:04","guid":{"rendered":"http:\/\/eldigitaldeasturias.com\/radio\/?p=3113"},"modified":"2019-08-16T23:34:04","modified_gmt":"2019-08-16T23:34:04","slug":"el-primer-viaje-de-la-goleta-flying-clipper-aun-tendra-que-esperar","status":"publish","type":"post","link":"https:\/\/eldigitaldeasturias.com\/radio\/el-primer-viaje-de-la-goleta-flying-clipper-aun-tendra-que-esperar\/","title":{"rendered":"El primer viaje de la goleta \u00abFlying Clipper\u00bb a\u00fan tendr\u00e1 que esperar"},"content":{"rendered":"<figure id=\"attachment_3114\" aria-describedby=\"caption-attachment-3114\" style=\"width: 360px\" class=\"wp-caption alignleft\"><img fetchpriority=\"high\" decoding=\"async\" class=\"size-medium wp-image-3114\" src=\"https:\/\/eldigitaldeasturias.com\/radio\/wp-content\/uploads\/2019\/08\/Flying-Clipper-360x272.jpg\" alt=\"\" width=\"360\" height=\"272\" srcset=\"https:\/\/eldigitaldeasturias.com\/radio\/wp-content\/uploads\/2019\/08\/Flying-Clipper-360x272.jpg 360w, https:\/\/eldigitaldeasturias.com\/radio\/wp-content\/uploads\/2019\/08\/Flying-Clipper-768x579.jpg 768w, https:\/\/eldigitaldeasturias.com\/radio\/wp-content\/uploads\/2019\/08\/Flying-Clipper.jpg 895w\" sizes=\"(max-width: 360px) 100vw, 360px\" \/><figcaption id=\"caption-attachment-3114\" class=\"wp-caption-text\">Foto: Star Clippers\/dpa-tmn<\/figcaption><\/figure>\n<p>(dpa) &#8211; El nuevo crucero a vela <strong>\u00abFlying Clipper\u00bb<\/strong> probablemente ya no podr\u00e1 conocer mar abierto durante el verano europeo de este a\u00f1o, a causa de una disputa legal entre la compa\u00f1\u00eda naviera Star Clippers en M\u00f3naco y el astillero croata Brodosplit, seg\u00fan confirm\u00f3 la compa\u00f1\u00eda naviera.<\/p>\n<p>De momento a\u00fan no se puede prever cu\u00e1ndo podr\u00e1 zarpar la embarcaci\u00f3n para su primer viaje. Hasta ahora tampoco se pueden reservar billetes.<\/p>\n<p><strong>Inicialmente el \u00abFlying Clipper\u00bb deb\u00eda partir a su primer viaje crucero a fines de 2017<\/strong>, pero se produjeron retrasos durante su fabricaci\u00f3n.<\/p>\n<p>Este barco de 162 metros de eslora, dotado con cinco m\u00e1stiles y espacio para un m\u00e1ximo de 300 pasajeros, se convertir\u00e1 en el mayor buque goleta de vela cuadrada del mundo, de acuerdo con los datos proporcionados.<\/p>\n<p>El \u00abFlying Clipper\u00bb ser\u00e1 adem\u00e1s el cuarto velero de la flota, a la que ya pertenecen las embarcaciones \u00abStar Clipper\u00bb, \u00abRoyal Clipper\u00bb y \u00abStar Flyer\u00bb.<\/p>\n<p>A bordo hay una piscina en la que se puede practicar el buceo y otra superficie de ba\u00f1o en la popa. <strong>Las suites disponen de balcones<\/strong>.<\/p>\n","protected":false},"excerpt":{"rendered":"<p>(dpa) &#8211; El nuevo crucero a vela \u00abFlying Clipper\u00bb probablemente ya no podr\u00e1 conocer mar abierto durante el verano europeo de este a\u00f1o, a causa de una disputa legal entre la compa\u00f1\u00eda naviera Star Clippers en M\u00f3naco y el astillero croata Brodosplit, seg\u00fan confirm\u00f3 la compa\u00f1\u00eda naviera. De momento a\u00fan no se puede prever cu\u00e1ndo<\/p>\n","protected":false},"author":1,"featured_media":3114,"comment_status":"closed","ping_status":"closed","sticky":false,"template":"","format":"standard","meta":{"footnotes":""},"categories":[34],"tags":[],"class_list":{"0":"post-3113","1":"post","2":"type-post","3":"status-publish","4":"format-standard","5":"has-post-thumbnail","7":"category-turismo"},"aioseo_notices":[],"aioseo_head":"\n\t\t<!-- All in One SEO Pro 4.9.6.2 - aioseo.com -->\n\t<meta name=\"description\" content=\"(dpa) - El nuevo crucero a vela &quot;Flying Clipper&quot; probablemente ya no podr\u00e1 conocer mar abierto durante el verano europeo de este a\u00f1o, a causa de una disputa legal entre la compa\u00f1\u00eda naviera Star Clippers en M\u00f3naco y el astillero croata Brodosplit, seg\u00fan confirm\u00f3 la compa\u00f1\u00eda naviera. De momento a\u00fan no se puede prever cu\u00e1ndo\" \/>\n\t<meta name=\"robots\" content=\"max-image-preview:large\" \/>\n\t<meta name=\"author\" content=\"NBAsturias\"\/>\n\t<meta name=\"google-site-verification\" content=\"UA-38556648-1\" \/>\n\t<meta name=\"keywords\" content=\"turismo\" \/>\n\t<link rel=\"canonical\" href=\"https:\/\/eldigitaldeasturias.com\/radio\/el-primer-viaje-de-la-goleta-flying-clipper-aun-tendra-que-esperar\/\" \/>\n\t<meta name=\"generator\" content=\"All in One SEO Pro (AIOSEO) 4.9.6.2\" \/>\n\t\t<meta property=\"og:locale\" content=\"es_ES\" \/>\n\t\t<meta property=\"og:site_name\" content=\"El Digital de Asturias | Diario de informaci\u00f3n y noticias\" \/>\n\t\t<meta property=\"og:type\" content=\"article\" \/>\n\t\t<meta property=\"og:title\" content=\"El primer viaje de la goleta \u00abFlying Clipper\u00bb a\u00fan tendr\u00e1 que esperar | El Digital de Asturias\" \/>\n\t\t<meta property=\"og:description\" content=\"(dpa) - El nuevo crucero a vela &quot;Flying Clipper&quot; probablemente ya no podr\u00e1 conocer mar abierto durante el verano europeo de este a\u00f1o, a causa de una disputa legal entre la compa\u00f1\u00eda naviera Star Clippers en M\u00f3naco y el astillero croata Brodosplit, seg\u00fan confirm\u00f3 la compa\u00f1\u00eda naviera. De momento a\u00fan no se puede prever cu\u00e1ndo\" \/>\n\t\t<meta property=\"og:url\" content=\"https:\/\/eldigitaldeasturias.com\/radio\/el-primer-viaje-de-la-goleta-flying-clipper-aun-tendra-que-esperar\/\" \/>\n\t\t<meta property=\"og:image\" content=\"https:\/\/eldigitaldeasturias.com\/radio\/wp-content\/uploads\/2019\/08\/Flying-Clipper.jpg\" \/>\n\t\t<meta property=\"og:image:secure_url\" content=\"https:\/\/eldigitaldeasturias.com\/radio\/wp-content\/uploads\/2019\/08\/Flying-Clipper.jpg\" \/>\n\t\t<meta property=\"og:image:width\" content=\"895\" \/>\n\t\t<meta property=\"og:image:height\" content=\"675\" \/>\n\t\t<meta property=\"article:published_time\" content=\"2019-08-16T23:34:04+00:00\" \/>\n\t\t<meta property=\"article:modified_time\" content=\"2019-08-16T23:34:04+00:00\" \/>\n\t\t<meta name=\"twitter:card\" content=\"summary_large_image\" \/>\n\t\t<meta name=\"twitter:site\" content=\"@bercodi\" \/>\n\t\t<meta name=\"twitter:title\" content=\"El primer viaje de la goleta \u00abFlying Clipper\u00bb a\u00fan tendr\u00e1 que esperar | El Digital de Asturias\" \/>\n\t\t<meta name=\"twitter:description\" content=\"(dpa) - El nuevo crucero a vela &quot;Flying Clipper&quot; probablemente ya no podr\u00e1 conocer mar abierto durante el verano europeo de este a\u00f1o, a causa de una disputa legal entre la compa\u00f1\u00eda naviera Star Clippers en M\u00f3naco y el astillero croata Brodosplit, seg\u00fan confirm\u00f3 la compa\u00f1\u00eda naviera. De momento a\u00fan no se puede prever cu\u00e1ndo\" \/>\n\t\t<meta name=\"twitter:creator\" content=\"@bercodi\" \/>\n\t\t<meta name=\"twitter:image\" content=\"https:\/\/eldigitaldeasturias.com\/radio\/wp-content\/uploads\/2019\/08\/Flying-Clipper.jpg\" \/>\n\t\t<script type=\"application\/ld+json\" class=\"aioseo-schema\">\n\t\t\t{\"@context\":\"https:\\\/\\\/schema.org\",\"@graph\":[{\"@type\":\"BreadcrumbList\",\"@id\":\"https:\\\/\\\/eldigitaldeasturias.com\\\/radio\\\/el-primer-viaje-de-la-goleta-flying-clipper-aun-tendra-que-esperar\\\/#breadcrumblist\",\"itemListElement\":[{\"@type\":\"ListItem\",\"@id\":\"https:\\\/\\\/eldigitaldeasturias.com\\\/radio#listItem\",\"position\":1,\"name\":\"Inicio\",\"item\":\"https:\\\/\\\/eldigitaldeasturias.com\\\/radio\",\"nextItem\":{\"@type\":\"ListItem\",\"@id\":\"https:\\\/\\\/eldigitaldeasturias.com\\\/radio\\\/category\\\/turismo\\\/#listItem\",\"name\":\"Turismo\"}},{\"@type\":\"ListItem\",\"@id\":\"https:\\\/\\\/eldigitaldeasturias.com\\\/radio\\\/category\\\/turismo\\\/#listItem\",\"position\":2,\"name\":\"Turismo\",\"item\":\"https:\\\/\\\/eldigitaldeasturias.com\\\/radio\\\/category\\\/turismo\\\/\",\"nextItem\":{\"@type\":\"ListItem\",\"@id\":\"https:\\\/\\\/eldigitaldeasturias.com\\\/radio\\\/el-primer-viaje-de-la-goleta-flying-clipper-aun-tendra-que-esperar\\\/#listItem\",\"name\":\"El primer viaje de la goleta \\u00abFlying Clipper\\u00bb a\\u00fan tendr\\u00e1 que esperar\"},\"previousItem\":{\"@type\":\"ListItem\",\"@id\":\"https:\\\/\\\/eldigitaldeasturias.com\\\/radio#listItem\",\"name\":\"Inicio\"}},{\"@type\":\"ListItem\",\"@id\":\"https:\\\/\\\/eldigitaldeasturias.com\\\/radio\\\/el-primer-viaje-de-la-goleta-flying-clipper-aun-tendra-que-esperar\\\/#listItem\",\"position\":3,\"name\":\"El primer viaje de la goleta \\u00abFlying Clipper\\u00bb a\\u00fan tendr\\u00e1 que esperar\",\"previousItem\":{\"@type\":\"ListItem\",\"@id\":\"https:\\\/\\\/eldigitaldeasturias.com\\\/radio\\\/category\\\/turismo\\\/#listItem\",\"name\":\"Turismo\"}}]},{\"@type\":\"NewsArticle\",\"@id\":\"https:\\\/\\\/eldigitaldeasturias.com\\\/radio\\\/el-primer-viaje-de-la-goleta-flying-clipper-aun-tendra-que-esperar\\\/#newsarticle\",\"name\":\"El primer viaje de la goleta \\u00abFlying Clipper\\u00bb a\\u00fan tendr\\u00e1 que esperar | El Digital de Asturias\",\"headline\":\"El primer viaje de la goleta \\u00abFlying Clipper\\u00bb a\\u00fan tendr\\u00e1 que esperar\",\"author\":{\"@id\":\"https:\\\/\\\/eldigitaldeasturias.com\\\/radio\\\/author\\\/nbasturias\\\/#author\"},\"publisher\":{\"@id\":\"https:\\\/\\\/eldigitaldeasturias.com\\\/radio\\\/#organization\"},\"image\":{\"@type\":\"ImageObject\",\"url\":\"https:\\\/\\\/eldigitaldeasturias.com\\\/radio\\\/wp-content\\\/uploads\\\/2019\\\/08\\\/Flying-Clipper.jpg\",\"width\":895,\"height\":675,\"caption\":\"Foto: Star Clippers\\\/dpa-tmn\"},\"datePublished\":\"2019-08-16T23:34:04+02:00\",\"dateModified\":\"2019-08-16T23:34:04+02:00\",\"inLanguage\":\"es-ES\",\"mainEntityOfPage\":{\"@id\":\"https:\\\/\\\/eldigitaldeasturias.com\\\/radio\\\/el-primer-viaje-de-la-goleta-flying-clipper-aun-tendra-que-esperar\\\/#webpage\"},\"isPartOf\":{\"@id\":\"https:\\\/\\\/eldigitaldeasturias.com\\\/radio\\\/el-primer-viaje-de-la-goleta-flying-clipper-aun-tendra-que-esperar\\\/#webpage\"},\"articleSection\":\"Turismo\",\"dateline\":\"Publicado el agosto 16, 2019.\"},{\"@type\":\"Organization\",\"@id\":\"https:\\\/\\\/eldigitaldeasturias.com\\\/radio\\\/#organization\",\"name\":\"El digital de Asturias Radio\",\"description\":\"Diario de informaci\\u00f3n y noticias\",\"url\":\"https:\\\/\\\/eldigitaldeasturias.com\\\/radio\\\/\",\"telephone\":\"+34652131393\",\"logo\":{\"@type\":\"ImageObject\",\"url\":\"https:\\\/\\\/www.eldigitaldeasturias.com\\\/radio\\\/wp-content\\\/uploads\\\/2021\\\/03\\\/EDA.jpg\",\"@id\":\"https:\\\/\\\/eldigitaldeasturias.com\\\/radio\\\/el-primer-viaje-de-la-goleta-flying-clipper-aun-tendra-que-esperar\\\/#organizationLogo\"},\"image\":{\"@id\":\"https:\\\/\\\/eldigitaldeasturias.com\\\/radio\\\/el-primer-viaje-de-la-goleta-flying-clipper-aun-tendra-que-esperar\\\/#organizationLogo\"},\"sameAs\":[\"https:\\\/\\\/www.facebook.com\\\/\",\"https:\\\/\\\/x.com\\\/bercodi\",\"https:\\\/\\\/www.instagram.com\\\/\",\"https:\\\/\\\/www.youtube.com\\\/channel\\\/UCZP-2wLEB9Rv6erhFmqVnvg\"]},{\"@type\":\"Person\",\"@id\":\"https:\\\/\\\/eldigitaldeasturias.com\\\/radio\\\/author\\\/nbasturias\\\/#author\",\"url\":\"https:\\\/\\\/eldigitaldeasturias.com\\\/radio\\\/author\\\/nbasturias\\\/\",\"name\":\"NBAsturias\",\"image\":{\"@type\":\"ImageObject\",\"@id\":\"https:\\\/\\\/eldigitaldeasturias.com\\\/radio\\\/el-primer-viaje-de-la-goleta-flying-clipper-aun-tendra-que-esperar\\\/#authorImage\",\"url\":\"https:\\\/\\\/secure.gravatar.com\\\/avatar\\\/df2aeffc32bcd13f8d26072ef8a91b623d677766deac7f97ca815868cd41bf5e?s=96&d=mm&r=g\",\"width\":96,\"height\":96,\"caption\":\"NBAsturias\"}},{\"@type\":\"WebPage\",\"@id\":\"https:\\\/\\\/eldigitaldeasturias.com\\\/radio\\\/el-primer-viaje-de-la-goleta-flying-clipper-aun-tendra-que-esperar\\\/#webpage\",\"url\":\"https:\\\/\\\/eldigitaldeasturias.com\\\/radio\\\/el-primer-viaje-de-la-goleta-flying-clipper-aun-tendra-que-esperar\\\/\",\"name\":\"El primer viaje de la goleta \\u00abFlying Clipper\\u00bb a\\u00fan tendr\\u00e1 que esperar | El Digital de Asturias\",\"description\":\"(dpa) - El nuevo crucero a vela \\\"Flying Clipper\\\" probablemente ya no podr\\u00e1 conocer mar abierto durante el verano europeo de este a\\u00f1o, a causa de una disputa legal entre la compa\\u00f1\\u00eda naviera Star Clippers en M\\u00f3naco y el astillero croata Brodosplit, seg\\u00fan confirm\\u00f3 la compa\\u00f1\\u00eda naviera. De momento a\\u00fan no se puede prever cu\\u00e1ndo\",\"inLanguage\":\"es-ES\",\"isPartOf\":{\"@id\":\"https:\\\/\\\/eldigitaldeasturias.com\\\/radio\\\/#website\"},\"breadcrumb\":{\"@id\":\"https:\\\/\\\/eldigitaldeasturias.com\\\/radio\\\/el-primer-viaje-de-la-goleta-flying-clipper-aun-tendra-que-esperar\\\/#breadcrumblist\"},\"author\":{\"@id\":\"https:\\\/\\\/eldigitaldeasturias.com\\\/radio\\\/author\\\/nbasturias\\\/#author\"},\"creator\":{\"@id\":\"https:\\\/\\\/eldigitaldeasturias.com\\\/radio\\\/author\\\/nbasturias\\\/#author\"},\"image\":{\"@type\":\"ImageObject\",\"url\":\"https:\\\/\\\/eldigitaldeasturias.com\\\/radio\\\/wp-content\\\/uploads\\\/2019\\\/08\\\/Flying-Clipper.jpg\",\"@id\":\"https:\\\/\\\/eldigitaldeasturias.com\\\/radio\\\/el-primer-viaje-de-la-goleta-flying-clipper-aun-tendra-que-esperar\\\/#mainImage\",\"width\":895,\"height\":675,\"caption\":\"Foto: Star Clippers\\\/dpa-tmn\"},\"primaryImageOfPage\":{\"@id\":\"https:\\\/\\\/eldigitaldeasturias.com\\\/radio\\\/el-primer-viaje-de-la-goleta-flying-clipper-aun-tendra-que-esperar\\\/#mainImage\"},\"datePublished\":\"2019-08-16T23:34:04+02:00\",\"dateModified\":\"2019-08-16T23:34:04+02:00\"},{\"@type\":\"WebSite\",\"@id\":\"https:\\\/\\\/eldigitaldeasturias.com\\\/radio\\\/#website\",\"url\":\"https:\\\/\\\/eldigitaldeasturias.com\\\/radio\\\/\",\"name\":\"El Digital de Asturias\",\"description\":\"Diario de informaci\\u00f3n y noticias\",\"inLanguage\":\"es-ES\",\"publisher\":{\"@id\":\"https:\\\/\\\/eldigitaldeasturias.com\\\/radio\\\/#organization\"}}]}\n\t\t<\/script>\n\t\t<!-- All in One SEO Pro -->\r\n\t\t<title>El primer viaje de la goleta \u00abFlying Clipper\u00bb a\u00fan tendr\u00e1 que esperar | El Digital de Asturias<\/title>\n\n","aioseo_head_json":{"title":"El primer viaje de la goleta \u00abFlying Clipper\u00bb a\u00fan tendr\u00e1 que esperar | El Digital de Asturias","description":"(dpa) - El nuevo crucero a vela \"Flying Clipper\" probablemente ya no podr\u00e1 conocer mar abierto durante el verano europeo de este a\u00f1o, a causa de una disputa legal entre la compa\u00f1\u00eda naviera Star Clippers en M\u00f3naco y el astillero croata Brodosplit, seg\u00fan confirm\u00f3 la compa\u00f1\u00eda naviera. De momento a\u00fan no se puede prever cu\u00e1ndo","canonical_url":"https:\/\/eldigitaldeasturias.com\/radio\/el-primer-viaje-de-la-goleta-flying-clipper-aun-tendra-que-esperar\/","robots":"max-image-preview:large","keywords":"turismo","webmasterTools":{"google-site-verification":"UA-38556648-1","miscellaneous":""},"schema":{"@context":"https:\/\/schema.org","@graph":[{"@type":"BreadcrumbList","@id":"https:\/\/eldigitaldeasturias.com\/radio\/el-primer-viaje-de-la-goleta-flying-clipper-aun-tendra-que-esperar\/#breadcrumblist","itemListElement":[{"@type":"ListItem","@id":"https:\/\/eldigitaldeasturias.com\/radio#listItem","position":1,"name":"Inicio","item":"https:\/\/eldigitaldeasturias.com\/radio","nextItem":{"@type":"ListItem","@id":"https:\/\/eldigitaldeasturias.com\/radio\/category\/turismo\/#listItem","name":"Turismo"}},{"@type":"ListItem","@id":"https:\/\/eldigitaldeasturias.com\/radio\/category\/turismo\/#listItem","position":2,"name":"Turismo","item":"https:\/\/eldigitaldeasturias.com\/radio\/category\/turismo\/","nextItem":{"@type":"ListItem","@id":"https:\/\/eldigitaldeasturias.com\/radio\/el-primer-viaje-de-la-goleta-flying-clipper-aun-tendra-que-esperar\/#listItem","name":"El primer viaje de la goleta \u00abFlying Clipper\u00bb a\u00fan tendr\u00e1 que esperar"},"previousItem":{"@type":"ListItem","@id":"https:\/\/eldigitaldeasturias.com\/radio#listItem","name":"Inicio"}},{"@type":"ListItem","@id":"https:\/\/eldigitaldeasturias.com\/radio\/el-primer-viaje-de-la-goleta-flying-clipper-aun-tendra-que-esperar\/#listItem","position":3,"name":"El primer viaje de la goleta \u00abFlying Clipper\u00bb a\u00fan tendr\u00e1 que esperar","previousItem":{"@type":"ListItem","@id":"https:\/\/eldigitaldeasturias.com\/radio\/category\/turismo\/#listItem","name":"Turismo"}}]},{"@type":"NewsArticle","@id":"https:\/\/eldigitaldeasturias.com\/radio\/el-primer-viaje-de-la-goleta-flying-clipper-aun-tendra-que-esperar\/#newsarticle","name":"El primer viaje de la goleta \u00abFlying Clipper\u00bb a\u00fan tendr\u00e1 que esperar | El Digital de Asturias","headline":"El primer viaje de la goleta \u00abFlying Clipper\u00bb a\u00fan tendr\u00e1 que esperar","author":{"@id":"https:\/\/eldigitaldeasturias.com\/radio\/author\/nbasturias\/#author"},"publisher":{"@id":"https:\/\/eldigitaldeasturias.com\/radio\/#organization"},"image":{"@type":"ImageObject","url":"https:\/\/eldigitaldeasturias.com\/radio\/wp-content\/uploads\/2019\/08\/Flying-Clipper.jpg","width":895,"height":675,"caption":"Foto: Star Clippers\/dpa-tmn"},"datePublished":"2019-08-16T23:34:04+02:00","dateModified":"2019-08-16T23:34:04+02:00","inLanguage":"es-ES","mainEntityOfPage":{"@id":"https:\/\/eldigitaldeasturias.com\/radio\/el-primer-viaje-de-la-goleta-flying-clipper-aun-tendra-que-esperar\/#webpage"},"isPartOf":{"@id":"https:\/\/eldigitaldeasturias.com\/radio\/el-primer-viaje-de-la-goleta-flying-clipper-aun-tendra-que-esperar\/#webpage"},"articleSection":"Turismo","dateline":"Publicado el agosto 16, 2019."},{"@type":"Organization","@id":"https:\/\/eldigitaldeasturias.com\/radio\/#organization","name":"El digital de Asturias Radio","description":"Diario de informaci\u00f3n y noticias","url":"https:\/\/eldigitaldeasturias.com\/radio\/","telephone":"+34652131393","logo":{"@type":"ImageObject","url":"https:\/\/www.eldigitaldeasturias.com\/radio\/wp-content\/uploads\/2021\/03\/EDA.jpg","@id":"https:\/\/eldigitaldeasturias.com\/radio\/el-primer-viaje-de-la-goleta-flying-clipper-aun-tendra-que-esperar\/#organizationLogo"},"image":{"@id":"https:\/\/eldigitaldeasturias.com\/radio\/el-primer-viaje-de-la-goleta-flying-clipper-aun-tendra-que-esperar\/#organizationLogo"},"sameAs":["https:\/\/www.facebook.com\/","https:\/\/x.com\/bercodi","https:\/\/www.instagram.com\/","https:\/\/www.youtube.com\/channel\/UCZP-2wLEB9Rv6erhFmqVnvg"]},{"@type":"Person","@id":"https:\/\/eldigitaldeasturias.com\/radio\/author\/nbasturias\/#author","url":"https:\/\/eldigitaldeasturias.com\/radio\/author\/nbasturias\/","name":"NBAsturias","image":{"@type":"ImageObject","@id":"https:\/\/eldigitaldeasturias.com\/radio\/el-primer-viaje-de-la-goleta-flying-clipper-aun-tendra-que-esperar\/#authorImage","url":"https:\/\/secure.gravatar.com\/avatar\/df2aeffc32bcd13f8d26072ef8a91b623d677766deac7f97ca815868cd41bf5e?s=96&d=mm&r=g","width":96,"height":96,"caption":"NBAsturias"}},{"@type":"WebPage","@id":"https:\/\/eldigitaldeasturias.com\/radio\/el-primer-viaje-de-la-goleta-flying-clipper-aun-tendra-que-esperar\/#webpage","url":"https:\/\/eldigitaldeasturias.com\/radio\/el-primer-viaje-de-la-goleta-flying-clipper-aun-tendra-que-esperar\/","name":"El primer viaje de la goleta \u00abFlying Clipper\u00bb a\u00fan tendr\u00e1 que esperar | El Digital de Asturias","description":"(dpa) - El nuevo crucero a vela \"Flying Clipper\" probablemente ya no podr\u00e1 conocer mar abierto durante el verano europeo de este a\u00f1o, a causa de una disputa legal entre la compa\u00f1\u00eda naviera Star Clippers en M\u00f3naco y el astillero croata Brodosplit, seg\u00fan confirm\u00f3 la compa\u00f1\u00eda naviera. De momento a\u00fan no se puede prever cu\u00e1ndo","inLanguage":"es-ES","isPartOf":{"@id":"https:\/\/eldigitaldeasturias.com\/radio\/#website"},"breadcrumb":{"@id":"https:\/\/eldigitaldeasturias.com\/radio\/el-primer-viaje-de-la-goleta-flying-clipper-aun-tendra-que-esperar\/#breadcrumblist"},"author":{"@id":"https:\/\/eldigitaldeasturias.com\/radio\/author\/nbasturias\/#author"},"creator":{"@id":"https:\/\/eldigitaldeasturias.com\/radio\/author\/nbasturias\/#author"},"image":{"@type":"ImageObject","url":"https:\/\/eldigitaldeasturias.com\/radio\/wp-content\/uploads\/2019\/08\/Flying-Clipper.jpg","@id":"https:\/\/eldigitaldeasturias.com\/radio\/el-primer-viaje-de-la-goleta-flying-clipper-aun-tendra-que-esperar\/#mainImage","width":895,"height":675,"caption":"Foto: Star Clippers\/dpa-tmn"},"primaryImageOfPage":{"@id":"https:\/\/eldigitaldeasturias.com\/radio\/el-primer-viaje-de-la-goleta-flying-clipper-aun-tendra-que-esperar\/#mainImage"},"datePublished":"2019-08-16T23:34:04+02:00","dateModified":"2019-08-16T23:34:04+02:00"},{"@type":"WebSite","@id":"https:\/\/eldigitaldeasturias.com\/radio\/#website","url":"https:\/\/eldigitaldeasturias.com\/radio\/","name":"El Digital de Asturias","description":"Diario de informaci\u00f3n y noticias","inLanguage":"es-ES","publisher":{"@id":"https:\/\/eldigitaldeasturias.com\/radio\/#organization"}}]},"og:locale":"es_ES","og:site_name":"El Digital de Asturias | Diario de informaci\u00f3n y noticias","og:type":"article","og:title":"El primer viaje de la goleta \u00abFlying Clipper\u00bb a\u00fan tendr\u00e1 que esperar | El Digital de Asturias","og:description":"(dpa) - El nuevo crucero a vela &quot;Flying Clipper&quot; probablemente ya no podr\u00e1 conocer mar abierto durante el verano europeo de este a\u00f1o, a causa de una disputa legal entre la compa\u00f1\u00eda naviera Star Clippers en M\u00f3naco y el astillero croata Brodosplit, seg\u00fan confirm\u00f3 la compa\u00f1\u00eda naviera. De momento a\u00fan no se puede prever cu\u00e1ndo","og:url":"https:\/\/eldigitaldeasturias.com\/radio\/el-primer-viaje-de-la-goleta-flying-clipper-aun-tendra-que-esperar\/","og:image":"https:\/\/eldigitaldeasturias.com\/radio\/wp-content\/uploads\/2019\/08\/Flying-Clipper.jpg","og:image:secure_url":"https:\/\/eldigitaldeasturias.com\/radio\/wp-content\/uploads\/2019\/08\/Flying-Clipper.jpg","og:image:width":895,"og:image:height":675,"article:published_time":"2019-08-16T23:34:04+00:00","article:modified_time":"2019-08-16T23:34:04+00:00","twitter:card":"summary_large_image","twitter:site":"@bercodi","twitter:title":"El primer viaje de la goleta \u00abFlying Clipper\u00bb a\u00fan tendr\u00e1 que esperar | El Digital de Asturias","twitter:description":"(dpa) - El nuevo crucero a vela &quot;Flying Clipper&quot; probablemente ya no podr\u00e1 conocer mar abierto durante el verano europeo de este a\u00f1o, a causa de una disputa legal entre la compa\u00f1\u00eda naviera Star Clippers en M\u00f3naco y el astillero croata Brodosplit, seg\u00fan confirm\u00f3 la compa\u00f1\u00eda naviera. De momento a\u00fan no se puede prever cu\u00e1ndo","twitter:creator":"@bercodi","twitter:image":"https:\/\/eldigitaldeasturias.com\/radio\/wp-content\/uploads\/2019\/08\/Flying-Clipper.jpg"},"aioseo_meta_data":{"post_id":"3113","title":null,"description":null,"keywords":null,"keyphrases":null,"primary_term":null,"canonical_url":null,"og_title":null,"og_description":null,"og_object_type":"default","og_image_type":"default","og_image_url":null,"og_image_width":null,"og_image_height":null,"og_image_custom_url":null,"og_image_custom_fields":null,"og_video":null,"og_custom_url":null,"og_article_section":null,"og_article_tags":null,"twitter_use_og":false,"twitter_card":"default","twitter_image_type":"default","twitter_image_url":null,"twitter_image_custom_url":null,"twitter_image_custom_fields":null,"twitter_title":null,"twitter_description":null,"schema":{"blockGraphs":[],"customGraphs":[],"default":{"data":{"Article":[],"Course":[],"Dataset":[],"FAQPage":[],"Movie":[],"Person":[],"Product":[],"ProductReview":[],"Car":[],"Recipe":[],"Service":[],"SoftwareApplication":[],"WebPage":[]},"graphName":"","isEnabled":true},"graphs":[],"defaultGraph":"","defaultPostTypeGraph":""},"schema_type":null,"schema_type_options":null,"pillar_content":false,"robots_default":true,"robots_noindex":false,"robots_noarchive":false,"robots_nosnippet":false,"robots_nofollow":false,"robots_noimageindex":false,"robots_noodp":false,"robots_notranslate":false,"robots_max_snippet":null,"robots_max_videopreview":null,"robots_max_imagepreview":"large","priority":null,"frequency":null,"location":null,"local_seo":null,"seo_analyzer_scan_date":"2025-08-28 13:33:28","breadcrumb_settings":null,"limit_modified_date":false,"open_ai":null,"ai":null,"created":"2021-03-25 12:41:54","updated":"2025-08-28 13:33:28"},"aioseo_breadcrumb":"<div class=\"aioseo-breadcrumbs\"><span class=\"aioseo-breadcrumb\">\n\t<a href=\"https:\/\/eldigitaldeasturias.com\/radio\" title=\"Inicio\">Inicio<\/a>\n<\/span><span class=\"aioseo-breadcrumb-separator\">&ndash;<\/span><span class=\"aioseo-breadcrumb\">\n\t<a href=\"https:\/\/eldigitaldeasturias.com\/radio\/category\/turismo\/\" title=\"Turismo\">Turismo<\/a>\n<\/span><span class=\"aioseo-breadcrumb-separator\">&ndash;<\/span><span class=\"aioseo-breadcrumb\">\n\tEl primer viaje de la goleta \u00abFlying Clipper\u00bb a\u00fan tendr\u00e1 que esperar\n<\/span><\/div>","aioseo_breadcrumb_json":[{"label":"Inicio","link":"https:\/\/eldigitaldeasturias.com\/radio"},{"label":"Turismo","link":"https:\/\/eldigitaldeasturias.com\/radio\/category\/turismo\/"},{"label":"El primer viaje de la goleta \u00abFlying Clipper\u00bb a\u00fan tendr\u00e1 que esperar","link":"https:\/\/eldigitaldeasturias.com\/radio\/el-primer-viaje-de-la-goleta-flying-clipper-aun-tendra-que-esperar\/"}],"_links":{"self":[{"href":"https:\/\/eldigitaldeasturias.com\/radio\/wp-json\/wp\/v2\/posts\/3113","targetHints":{"allow":["GET"]}}],"collection":[{"href":"https:\/\/eldigitaldeasturias.com\/radio\/wp-json\/wp\/v2\/posts"}],"about":[{"href":"https:\/\/eldigitaldeasturias.com\/radio\/wp-json\/wp\/v2\/types\/post"}],"author":[{"embeddable":true,"href":"https:\/\/eldigitaldeasturias.com\/radio\/wp-json\/wp\/v2\/users\/1"}],"replies":[{"embeddable":true,"href":"https:\/\/eldigitaldeasturias.com\/radio\/wp-json\/wp\/v2\/comments?post=3113"}],"version-history":[{"count":0,"href":"https:\/\/eldigitaldeasturias.com\/radio\/wp-json\/wp\/v2\/posts\/3113\/revisions"}],"wp:featuredmedia":[{"embeddable":true,"href":"https:\/\/eldigitaldeasturias.com\/radio\/wp-json\/wp\/v2\/media\/3114"}],"wp:attachment":[{"href":"https:\/\/eldigitaldeasturias.com\/radio\/wp-json\/wp\/v2\/media?parent=3113"}],"wp:term":[{"taxonomy":"category","embeddable":true,"href":"https:\/\/eldigitaldeasturias.com\/radio\/wp-json\/wp\/v2\/categories?post=3113"},{"taxonomy":"post_tag","embeddable":true,"href":"https:\/\/eldigitaldeasturias.com\/radio\/wp-json\/wp\/v2\/tags?post=3113"}],"curies":[{"name":"wp","href":"https:\/\/api.w.org\/{rel}","templated":true}]}}