{"id":3045,"date":"2019-08-06T20:34:12","date_gmt":"2019-08-06T20:34:12","guid":{"rendered":"http:\/\/eldigitaldeasturias.com\/radio\/?p=3045"},"modified":"2019-08-06T20:34:12","modified_gmt":"2019-08-06T20:34:12","slug":"emisora-alemana-acusa-a-rusia-de-aplicar-metodo-de-estado-policial","status":"publish","type":"post","link":"https:\/\/eldigitaldeasturias.com\/radio\/emisora-alemana-acusa-a-rusia-de-aplicar-metodo-de-estado-policial\/","title":{"rendered":"Emisora alemana acusa a Rusia de aplicar \u00abm\u00e9todo de Estado policial\u00bb"},"content":{"rendered":"<p>Mosc\u00fa (Rusia), 6 ago (dpa) &#8211; Deutsche Welle (DW), la emisora de noticias internacionales del Gobierno alem\u00e1n, acus\u00f3 a Rusia, tras el arresto temporal de uno de sus reporteros, de aplicar un \u00abm\u00e9todo de Estado policial\u00bb, inform\u00f3 en un comunicado el director de DW, Peter Limbourg.<\/p>\n<p>\u00abSi se declara a periodistas, que informan sobre una manifestaci\u00f3n, como participantes (de esta) y adem\u00e1s se los detiene, esto no s\u00f3lo es una flagrante violaci\u00f3n de la libertad de prensa sino tambi\u00e9n es el m\u00e9todo de un Estado policial\u00bb, se\u00f1al\u00f3 el directivo de la emisora germana en un comunicado.<\/p>\n<p>El 27 de julio, un corresponsal de DW fue detenido temporalmente en Mosc\u00fa durante protestas no autorizadas. Tras el arresto, la emisora alemana de noticias para el extranjero present\u00f3 una nota de protesta ante el ministerio de Relaciones Exteriores en Mosc\u00fa. Este rechaz\u00f3 la cr\u00edtica en una respuesta del viernes, a la que tuvo acceso dpa.<\/p>\n<p>Dicha respuesta aduce que la germana DW llam\u00f3 a participar de la protesta y agrega que los colaboradores de la emisora alemana \u00abno pueden ser considerados periodistas sino que (ellos mismos) son participantes activos de las acciones ilegales\u00bb. DW rechaz\u00f3 la cr\u00edtica, por su parte.<\/p>\n<p>La portavoz del ministerio de Relaciones Exteriores de Mosc\u00fa, Maria Sacharowa, volvi\u00f3 a afirmar el domingo por la noche en la televisi\u00f3n estatal rusa que (la alemana) Deutsche Welle llama a participar en protestas en Rusia.<\/p>\n<p>Sacharowa destac\u00f3 que, dado que DW es una emisora financiada por el Gobierno alem\u00e1n, se trata tambi\u00e9n de una injerencia alemana en los asuntos internos de Rusia.<\/p>\n","protected":false},"excerpt":{"rendered":"<p>Mosc\u00fa (Rusia), 6 ago (dpa) &#8211; Deutsche Welle (DW), la emisora de noticias internacionales del Gobierno alem\u00e1n, acus\u00f3 a Rusia, tras el arresto temporal de uno de sus reporteros, de aplicar un \u00abm\u00e9todo de Estado policial\u00bb, inform\u00f3 en un comunicado el director de DW, Peter Limbourg. \u00abSi se declara a periodistas, que informan sobre una<\/p>\n","protected":false},"author":1,"featured_media":1352,"comment_status":"closed","ping_status":"closed","sticky":false,"template":"","format":"standard","meta":{"footnotes":""},"categories":[1],"tags":[],"class_list":{"0":"post-3045","1":"post","2":"type-post","3":"status-publish","4":"format-standard","5":"has-post-thumbnail","7":"category-noticias"},"aioseo_notices":[],"aioseo_head":"\n\t\t<!-- All in One SEO Pro 4.9.6.2 - aioseo.com -->\n\t<meta name=\"description\" content=\"Mosc\u00fa (Rusia), 6 ago (dpa) - Deutsche Welle (DW), la emisora de noticias internacionales del Gobierno alem\u00e1n, acus\u00f3 a Rusia, tras el arresto temporal de uno de sus reporteros, de aplicar un &quot;m\u00e9todo de Estado policial&quot;, inform\u00f3 en un comunicado el director de DW, Peter Limbourg. &quot;Si se declara a periodistas, que informan sobre una\" \/>\n\t<meta name=\"robots\" content=\"max-image-preview:large\" \/>\n\t<meta name=\"author\" content=\"NBAsturias\"\/>\n\t<meta name=\"google-site-verification\" content=\"UA-38556648-1\" \/>\n\t<meta name=\"keywords\" content=\"noticias\" \/>\n\t<link rel=\"canonical\" href=\"https:\/\/eldigitaldeasturias.com\/radio\/emisora-alemana-acusa-a-rusia-de-aplicar-metodo-de-estado-policial\/\" \/>\n\t<meta name=\"generator\" content=\"All in One SEO Pro (AIOSEO) 4.9.6.2\" \/>\n\t\t<meta property=\"og:locale\" content=\"es_ES\" \/>\n\t\t<meta property=\"og:site_name\" content=\"El Digital de Asturias | Diario de informaci\u00f3n y noticias\" \/>\n\t\t<meta property=\"og:type\" content=\"article\" \/>\n\t\t<meta property=\"og:title\" content=\"Emisora alemana acusa a Rusia de aplicar \u00abm\u00e9todo de Estado policial\u00bb | El Digital de Asturias\" \/>\n\t\t<meta property=\"og:description\" content=\"Mosc\u00fa (Rusia), 6 ago (dpa) - Deutsche Welle (DW), la emisora de noticias internacionales del Gobierno alem\u00e1n, acus\u00f3 a Rusia, tras el arresto temporal de uno de sus reporteros, de aplicar un &quot;m\u00e9todo de Estado policial&quot;, inform\u00f3 en un comunicado el director de DW, Peter Limbourg. &quot;Si se declara a periodistas, que informan sobre una\" \/>\n\t\t<meta property=\"og:url\" content=\"https:\/\/eldigitaldeasturias.com\/radio\/emisora-alemana-acusa-a-rusia-de-aplicar-metodo-de-estado-policial\/\" \/>\n\t\t<meta property=\"og:image\" content=\"https:\/\/eldigitaldeasturias.com\/radio\/wp-content\/uploads\/2018\/10\/technology-785742_960_720.jpg\" \/>\n\t\t<meta property=\"og:image:secure_url\" content=\"https:\/\/eldigitaldeasturias.com\/radio\/wp-content\/uploads\/2018\/10\/technology-785742_960_720.jpg\" \/>\n\t\t<meta property=\"og:image:width\" content=\"960\" \/>\n\t\t<meta property=\"og:image:height\" content=\"640\" \/>\n\t\t<meta property=\"article:published_time\" content=\"2019-08-06T20:34:12+00:00\" \/>\n\t\t<meta property=\"article:modified_time\" content=\"2019-08-06T20:34:12+00:00\" \/>\n\t\t<meta name=\"twitter:card\" content=\"summary_large_image\" \/>\n\t\t<meta name=\"twitter:site\" content=\"@bercodi\" \/>\n\t\t<meta name=\"twitter:title\" content=\"Emisora alemana acusa a Rusia de aplicar \u00abm\u00e9todo de Estado policial\u00bb | El Digital de Asturias\" \/>\n\t\t<meta name=\"twitter:description\" content=\"Mosc\u00fa (Rusia), 6 ago (dpa) - Deutsche Welle (DW), la emisora de noticias internacionales del Gobierno alem\u00e1n, acus\u00f3 a Rusia, tras el arresto temporal de uno de sus reporteros, de aplicar un &quot;m\u00e9todo de Estado policial&quot;, inform\u00f3 en un comunicado el director de DW, Peter Limbourg. &quot;Si se declara a periodistas, que informan sobre una\" \/>\n\t\t<meta name=\"twitter:creator\" content=\"@bercodi\" \/>\n\t\t<meta name=\"twitter:image\" content=\"https:\/\/eldigitaldeasturias.com\/radio\/wp-content\/uploads\/2018\/10\/technology-785742_960_720.jpg\" \/>\n\t\t<script type=\"application\/ld+json\" class=\"aioseo-schema\">\n\t\t\t{\"@context\":\"https:\\\/\\\/schema.org\",\"@graph\":[{\"@type\":\"BreadcrumbList\",\"@id\":\"https:\\\/\\\/eldigitaldeasturias.com\\\/radio\\\/emisora-alemana-acusa-a-rusia-de-aplicar-metodo-de-estado-policial\\\/#breadcrumblist\",\"itemListElement\":[{\"@type\":\"ListItem\",\"@id\":\"https:\\\/\\\/eldigitaldeasturias.com\\\/radio#listItem\",\"position\":1,\"name\":\"Inicio\",\"item\":\"https:\\\/\\\/eldigitaldeasturias.com\\\/radio\",\"nextItem\":{\"@type\":\"ListItem\",\"@id\":\"https:\\\/\\\/eldigitaldeasturias.com\\\/radio\\\/category\\\/noticias\\\/#listItem\",\"name\":\"Noticias\"}},{\"@type\":\"ListItem\",\"@id\":\"https:\\\/\\\/eldigitaldeasturias.com\\\/radio\\\/category\\\/noticias\\\/#listItem\",\"position\":2,\"name\":\"Noticias\",\"item\":\"https:\\\/\\\/eldigitaldeasturias.com\\\/radio\\\/category\\\/noticias\\\/\",\"nextItem\":{\"@type\":\"ListItem\",\"@id\":\"https:\\\/\\\/eldigitaldeasturias.com\\\/radio\\\/emisora-alemana-acusa-a-rusia-de-aplicar-metodo-de-estado-policial\\\/#listItem\",\"name\":\"Emisora alemana acusa a Rusia de aplicar \\u00abm\\u00e9todo de Estado policial\\u00bb\"},\"previousItem\":{\"@type\":\"ListItem\",\"@id\":\"https:\\\/\\\/eldigitaldeasturias.com\\\/radio#listItem\",\"name\":\"Inicio\"}},{\"@type\":\"ListItem\",\"@id\":\"https:\\\/\\\/eldigitaldeasturias.com\\\/radio\\\/emisora-alemana-acusa-a-rusia-de-aplicar-metodo-de-estado-policial\\\/#listItem\",\"position\":3,\"name\":\"Emisora alemana acusa a Rusia de aplicar \\u00abm\\u00e9todo de Estado policial\\u00bb\",\"previousItem\":{\"@type\":\"ListItem\",\"@id\":\"https:\\\/\\\/eldigitaldeasturias.com\\\/radio\\\/category\\\/noticias\\\/#listItem\",\"name\":\"Noticias\"}}]},{\"@type\":\"NewsArticle\",\"@id\":\"https:\\\/\\\/eldigitaldeasturias.com\\\/radio\\\/emisora-alemana-acusa-a-rusia-de-aplicar-metodo-de-estado-policial\\\/#newsarticle\",\"name\":\"Emisora alemana acusa a Rusia de aplicar \\u00abm\\u00e9todo de Estado policial\\u00bb | El Digital de Asturias\",\"headline\":\"Emisora alemana acusa a Rusia de aplicar \\u00abm\\u00e9todo de Estado policial\\u00bb\",\"author\":{\"@id\":\"https:\\\/\\\/eldigitaldeasturias.com\\\/radio\\\/author\\\/nbasturias\\\/#author\"},\"publisher\":{\"@id\":\"https:\\\/\\\/eldigitaldeasturias.com\\\/radio\\\/#organization\"},\"image\":{\"@type\":\"ImageObject\",\"url\":\"https:\\\/\\\/eldigitaldeasturias.com\\\/radio\\\/wp-content\\\/uploads\\\/2018\\\/10\\\/technology-785742_960_720.jpg\",\"width\":960,\"height\":640},\"datePublished\":\"2019-08-06T20:34:12+02:00\",\"dateModified\":\"2019-08-06T20:34:12+02:00\",\"inLanguage\":\"es-ES\",\"mainEntityOfPage\":{\"@id\":\"https:\\\/\\\/eldigitaldeasturias.com\\\/radio\\\/emisora-alemana-acusa-a-rusia-de-aplicar-metodo-de-estado-policial\\\/#webpage\"},\"isPartOf\":{\"@id\":\"https:\\\/\\\/eldigitaldeasturias.com\\\/radio\\\/emisora-alemana-acusa-a-rusia-de-aplicar-metodo-de-estado-policial\\\/#webpage\"},\"articleSection\":\"Noticias\",\"dateline\":\"Publicado el agosto 6, 2019.\"},{\"@type\":\"Organization\",\"@id\":\"https:\\\/\\\/eldigitaldeasturias.com\\\/radio\\\/#organization\",\"name\":\"El digital de Asturias Radio\",\"description\":\"Diario de informaci\\u00f3n y noticias\",\"url\":\"https:\\\/\\\/eldigitaldeasturias.com\\\/radio\\\/\",\"telephone\":\"+34652131393\",\"logo\":{\"@type\":\"ImageObject\",\"url\":\"https:\\\/\\\/www.eldigitaldeasturias.com\\\/radio\\\/wp-content\\\/uploads\\\/2021\\\/03\\\/EDA.jpg\",\"@id\":\"https:\\\/\\\/eldigitaldeasturias.com\\\/radio\\\/emisora-alemana-acusa-a-rusia-de-aplicar-metodo-de-estado-policial\\\/#organizationLogo\"},\"image\":{\"@id\":\"https:\\\/\\\/eldigitaldeasturias.com\\\/radio\\\/emisora-alemana-acusa-a-rusia-de-aplicar-metodo-de-estado-policial\\\/#organizationLogo\"},\"sameAs\":[\"https:\\\/\\\/www.facebook.com\\\/\",\"https:\\\/\\\/x.com\\\/bercodi\",\"https:\\\/\\\/www.instagram.com\\\/\",\"https:\\\/\\\/www.youtube.com\\\/channel\\\/UCZP-2wLEB9Rv6erhFmqVnvg\"]},{\"@type\":\"Person\",\"@id\":\"https:\\\/\\\/eldigitaldeasturias.com\\\/radio\\\/author\\\/nbasturias\\\/#author\",\"url\":\"https:\\\/\\\/eldigitaldeasturias.com\\\/radio\\\/author\\\/nbasturias\\\/\",\"name\":\"NBAsturias\",\"image\":{\"@type\":\"ImageObject\",\"@id\":\"https:\\\/\\\/eldigitaldeasturias.com\\\/radio\\\/emisora-alemana-acusa-a-rusia-de-aplicar-metodo-de-estado-policial\\\/#authorImage\",\"url\":\"https:\\\/\\\/secure.gravatar.com\\\/avatar\\\/df2aeffc32bcd13f8d26072ef8a91b623d677766deac7f97ca815868cd41bf5e?s=96&d=mm&r=g\",\"width\":96,\"height\":96,\"caption\":\"NBAsturias\"}},{\"@type\":\"WebPage\",\"@id\":\"https:\\\/\\\/eldigitaldeasturias.com\\\/radio\\\/emisora-alemana-acusa-a-rusia-de-aplicar-metodo-de-estado-policial\\\/#webpage\",\"url\":\"https:\\\/\\\/eldigitaldeasturias.com\\\/radio\\\/emisora-alemana-acusa-a-rusia-de-aplicar-metodo-de-estado-policial\\\/\",\"name\":\"Emisora alemana acusa a Rusia de aplicar \\u00abm\\u00e9todo de Estado policial\\u00bb | El Digital de Asturias\",\"description\":\"Mosc\\u00fa (Rusia), 6 ago (dpa) - Deutsche Welle (DW), la emisora de noticias internacionales del Gobierno alem\\u00e1n, acus\\u00f3 a Rusia, tras el arresto temporal de uno de sus reporteros, de aplicar un \\\"m\\u00e9todo de Estado policial\\\", inform\\u00f3 en un comunicado el director de DW, Peter Limbourg. \\\"Si se declara a periodistas, que informan sobre una\",\"inLanguage\":\"es-ES\",\"isPartOf\":{\"@id\":\"https:\\\/\\\/eldigitaldeasturias.com\\\/radio\\\/#website\"},\"breadcrumb\":{\"@id\":\"https:\\\/\\\/eldigitaldeasturias.com\\\/radio\\\/emisora-alemana-acusa-a-rusia-de-aplicar-metodo-de-estado-policial\\\/#breadcrumblist\"},\"author\":{\"@id\":\"https:\\\/\\\/eldigitaldeasturias.com\\\/radio\\\/author\\\/nbasturias\\\/#author\"},\"creator\":{\"@id\":\"https:\\\/\\\/eldigitaldeasturias.com\\\/radio\\\/author\\\/nbasturias\\\/#author\"},\"image\":{\"@type\":\"ImageObject\",\"url\":\"https:\\\/\\\/eldigitaldeasturias.com\\\/radio\\\/wp-content\\\/uploads\\\/2018\\\/10\\\/technology-785742_960_720.jpg\",\"@id\":\"https:\\\/\\\/eldigitaldeasturias.com\\\/radio\\\/emisora-alemana-acusa-a-rusia-de-aplicar-metodo-de-estado-policial\\\/#mainImage\",\"width\":960,\"height\":640},\"primaryImageOfPage\":{\"@id\":\"https:\\\/\\\/eldigitaldeasturias.com\\\/radio\\\/emisora-alemana-acusa-a-rusia-de-aplicar-metodo-de-estado-policial\\\/#mainImage\"},\"datePublished\":\"2019-08-06T20:34:12+02:00\",\"dateModified\":\"2019-08-06T20:34:12+02:00\"},{\"@type\":\"WebSite\",\"@id\":\"https:\\\/\\\/eldigitaldeasturias.com\\\/radio\\\/#website\",\"url\":\"https:\\\/\\\/eldigitaldeasturias.com\\\/radio\\\/\",\"name\":\"El Digital de Asturias\",\"description\":\"Diario de informaci\\u00f3n y noticias\",\"inLanguage\":\"es-ES\",\"publisher\":{\"@id\":\"https:\\\/\\\/eldigitaldeasturias.com\\\/radio\\\/#organization\"}}]}\n\t\t<\/script>\n\t\t<!-- All in One SEO Pro -->\r\n\t\t<title>Emisora alemana acusa a Rusia de aplicar \u00abm\u00e9todo de Estado policial\u00bb | El Digital de Asturias<\/title>\n\n","aioseo_head_json":{"title":"Emisora alemana acusa a Rusia de aplicar \u00abm\u00e9todo de Estado policial\u00bb | El Digital de Asturias","description":"Mosc\u00fa (Rusia), 6 ago (dpa) - Deutsche Welle (DW), la emisora de noticias internacionales del Gobierno alem\u00e1n, acus\u00f3 a Rusia, tras el arresto temporal de uno de sus reporteros, de aplicar un \"m\u00e9todo de Estado policial\", inform\u00f3 en un comunicado el director de DW, Peter Limbourg. \"Si se declara a periodistas, que informan sobre una","canonical_url":"https:\/\/eldigitaldeasturias.com\/radio\/emisora-alemana-acusa-a-rusia-de-aplicar-metodo-de-estado-policial\/","robots":"max-image-preview:large","keywords":"noticias","webmasterTools":{"google-site-verification":"UA-38556648-1","miscellaneous":""},"schema":{"@context":"https:\/\/schema.org","@graph":[{"@type":"BreadcrumbList","@id":"https:\/\/eldigitaldeasturias.com\/radio\/emisora-alemana-acusa-a-rusia-de-aplicar-metodo-de-estado-policial\/#breadcrumblist","itemListElement":[{"@type":"ListItem","@id":"https:\/\/eldigitaldeasturias.com\/radio#listItem","position":1,"name":"Inicio","item":"https:\/\/eldigitaldeasturias.com\/radio","nextItem":{"@type":"ListItem","@id":"https:\/\/eldigitaldeasturias.com\/radio\/category\/noticias\/#listItem","name":"Noticias"}},{"@type":"ListItem","@id":"https:\/\/eldigitaldeasturias.com\/radio\/category\/noticias\/#listItem","position":2,"name":"Noticias","item":"https:\/\/eldigitaldeasturias.com\/radio\/category\/noticias\/","nextItem":{"@type":"ListItem","@id":"https:\/\/eldigitaldeasturias.com\/radio\/emisora-alemana-acusa-a-rusia-de-aplicar-metodo-de-estado-policial\/#listItem","name":"Emisora alemana acusa a Rusia de aplicar \u00abm\u00e9todo de Estado policial\u00bb"},"previousItem":{"@type":"ListItem","@id":"https:\/\/eldigitaldeasturias.com\/radio#listItem","name":"Inicio"}},{"@type":"ListItem","@id":"https:\/\/eldigitaldeasturias.com\/radio\/emisora-alemana-acusa-a-rusia-de-aplicar-metodo-de-estado-policial\/#listItem","position":3,"name":"Emisora alemana acusa a Rusia de aplicar \u00abm\u00e9todo de Estado policial\u00bb","previousItem":{"@type":"ListItem","@id":"https:\/\/eldigitaldeasturias.com\/radio\/category\/noticias\/#listItem","name":"Noticias"}}]},{"@type":"NewsArticle","@id":"https:\/\/eldigitaldeasturias.com\/radio\/emisora-alemana-acusa-a-rusia-de-aplicar-metodo-de-estado-policial\/#newsarticle","name":"Emisora alemana acusa a Rusia de aplicar \u00abm\u00e9todo de Estado policial\u00bb | El Digital de Asturias","headline":"Emisora alemana acusa a Rusia de aplicar \u00abm\u00e9todo de Estado policial\u00bb","author":{"@id":"https:\/\/eldigitaldeasturias.com\/radio\/author\/nbasturias\/#author"},"publisher":{"@id":"https:\/\/eldigitaldeasturias.com\/radio\/#organization"},"image":{"@type":"ImageObject","url":"https:\/\/eldigitaldeasturias.com\/radio\/wp-content\/uploads\/2018\/10\/technology-785742_960_720.jpg","width":960,"height":640},"datePublished":"2019-08-06T20:34:12+02:00","dateModified":"2019-08-06T20:34:12+02:00","inLanguage":"es-ES","mainEntityOfPage":{"@id":"https:\/\/eldigitaldeasturias.com\/radio\/emisora-alemana-acusa-a-rusia-de-aplicar-metodo-de-estado-policial\/#webpage"},"isPartOf":{"@id":"https:\/\/eldigitaldeasturias.com\/radio\/emisora-alemana-acusa-a-rusia-de-aplicar-metodo-de-estado-policial\/#webpage"},"articleSection":"Noticias","dateline":"Publicado el agosto 6, 2019."},{"@type":"Organization","@id":"https:\/\/eldigitaldeasturias.com\/radio\/#organization","name":"El digital de Asturias Radio","description":"Diario de informaci\u00f3n y noticias","url":"https:\/\/eldigitaldeasturias.com\/radio\/","telephone":"+34652131393","logo":{"@type":"ImageObject","url":"https:\/\/www.eldigitaldeasturias.com\/radio\/wp-content\/uploads\/2021\/03\/EDA.jpg","@id":"https:\/\/eldigitaldeasturias.com\/radio\/emisora-alemana-acusa-a-rusia-de-aplicar-metodo-de-estado-policial\/#organizationLogo"},"image":{"@id":"https:\/\/eldigitaldeasturias.com\/radio\/emisora-alemana-acusa-a-rusia-de-aplicar-metodo-de-estado-policial\/#organizationLogo"},"sameAs":["https:\/\/www.facebook.com\/","https:\/\/x.com\/bercodi","https:\/\/www.instagram.com\/","https:\/\/www.youtube.com\/channel\/UCZP-2wLEB9Rv6erhFmqVnvg"]},{"@type":"Person","@id":"https:\/\/eldigitaldeasturias.com\/radio\/author\/nbasturias\/#author","url":"https:\/\/eldigitaldeasturias.com\/radio\/author\/nbasturias\/","name":"NBAsturias","image":{"@type":"ImageObject","@id":"https:\/\/eldigitaldeasturias.com\/radio\/emisora-alemana-acusa-a-rusia-de-aplicar-metodo-de-estado-policial\/#authorImage","url":"https:\/\/secure.gravatar.com\/avatar\/df2aeffc32bcd13f8d26072ef8a91b623d677766deac7f97ca815868cd41bf5e?s=96&d=mm&r=g","width":96,"height":96,"caption":"NBAsturias"}},{"@type":"WebPage","@id":"https:\/\/eldigitaldeasturias.com\/radio\/emisora-alemana-acusa-a-rusia-de-aplicar-metodo-de-estado-policial\/#webpage","url":"https:\/\/eldigitaldeasturias.com\/radio\/emisora-alemana-acusa-a-rusia-de-aplicar-metodo-de-estado-policial\/","name":"Emisora alemana acusa a Rusia de aplicar \u00abm\u00e9todo de Estado policial\u00bb | El Digital de Asturias","description":"Mosc\u00fa (Rusia), 6 ago (dpa) - Deutsche Welle (DW), la emisora de noticias internacionales del Gobierno alem\u00e1n, acus\u00f3 a Rusia, tras el arresto temporal de uno de sus reporteros, de aplicar un \"m\u00e9todo de Estado policial\", inform\u00f3 en un comunicado el director de DW, Peter Limbourg. \"Si se declara a periodistas, que informan sobre una","inLanguage":"es-ES","isPartOf":{"@id":"https:\/\/eldigitaldeasturias.com\/radio\/#website"},"breadcrumb":{"@id":"https:\/\/eldigitaldeasturias.com\/radio\/emisora-alemana-acusa-a-rusia-de-aplicar-metodo-de-estado-policial\/#breadcrumblist"},"author":{"@id":"https:\/\/eldigitaldeasturias.com\/radio\/author\/nbasturias\/#author"},"creator":{"@id":"https:\/\/eldigitaldeasturias.com\/radio\/author\/nbasturias\/#author"},"image":{"@type":"ImageObject","url":"https:\/\/eldigitaldeasturias.com\/radio\/wp-content\/uploads\/2018\/10\/technology-785742_960_720.jpg","@id":"https:\/\/eldigitaldeasturias.com\/radio\/emisora-alemana-acusa-a-rusia-de-aplicar-metodo-de-estado-policial\/#mainImage","width":960,"height":640},"primaryImageOfPage":{"@id":"https:\/\/eldigitaldeasturias.com\/radio\/emisora-alemana-acusa-a-rusia-de-aplicar-metodo-de-estado-policial\/#mainImage"},"datePublished":"2019-08-06T20:34:12+02:00","dateModified":"2019-08-06T20:34:12+02:00"},{"@type":"WebSite","@id":"https:\/\/eldigitaldeasturias.com\/radio\/#website","url":"https:\/\/eldigitaldeasturias.com\/radio\/","name":"El Digital de Asturias","description":"Diario de informaci\u00f3n y noticias","inLanguage":"es-ES","publisher":{"@id":"https:\/\/eldigitaldeasturias.com\/radio\/#organization"}}]},"og:locale":"es_ES","og:site_name":"El Digital de Asturias | Diario de informaci\u00f3n y noticias","og:type":"article","og:title":"Emisora alemana acusa a Rusia de aplicar \u00abm\u00e9todo de Estado policial\u00bb | El Digital de Asturias","og:description":"Mosc\u00fa (Rusia), 6 ago (dpa) - Deutsche Welle (DW), la emisora de noticias internacionales del Gobierno alem\u00e1n, acus\u00f3 a Rusia, tras el arresto temporal de uno de sus reporteros, de aplicar un &quot;m\u00e9todo de Estado policial&quot;, inform\u00f3 en un comunicado el director de DW, Peter Limbourg. &quot;Si se declara a periodistas, que informan sobre una","og:url":"https:\/\/eldigitaldeasturias.com\/radio\/emisora-alemana-acusa-a-rusia-de-aplicar-metodo-de-estado-policial\/","og:image":"https:\/\/eldigitaldeasturias.com\/radio\/wp-content\/uploads\/2018\/10\/technology-785742_960_720.jpg","og:image:secure_url":"https:\/\/eldigitaldeasturias.com\/radio\/wp-content\/uploads\/2018\/10\/technology-785742_960_720.jpg","og:image:width":960,"og:image:height":640,"article:published_time":"2019-08-06T20:34:12+00:00","article:modified_time":"2019-08-06T20:34:12+00:00","twitter:card":"summary_large_image","twitter:site":"@bercodi","twitter:title":"Emisora alemana acusa a Rusia de aplicar \u00abm\u00e9todo de Estado policial\u00bb | El Digital de Asturias","twitter:description":"Mosc\u00fa (Rusia), 6 ago (dpa) - Deutsche Welle (DW), la emisora de noticias internacionales del Gobierno alem\u00e1n, acus\u00f3 a Rusia, tras el arresto temporal de uno de sus reporteros, de aplicar un &quot;m\u00e9todo de Estado policial&quot;, inform\u00f3 en un comunicado el director de DW, Peter Limbourg. &quot;Si se declara a periodistas, que informan sobre una","twitter:creator":"@bercodi","twitter:image":"https:\/\/eldigitaldeasturias.com\/radio\/wp-content\/uploads\/2018\/10\/technology-785742_960_720.jpg"},"aioseo_meta_data":{"post_id":"3045","title":null,"description":null,"keywords":null,"keyphrases":null,"primary_term":null,"canonical_url":null,"og_title":null,"og_description":null,"og_object_type":"default","og_image_type":"default","og_image_url":null,"og_image_width":null,"og_image_height":null,"og_image_custom_url":null,"og_image_custom_fields":null,"og_video":null,"og_custom_url":null,"og_article_section":null,"og_article_tags":null,"twitter_use_og":false,"twitter_card":"default","twitter_image_type":"default","twitter_image_url":null,"twitter_image_custom_url":null,"twitter_image_custom_fields":null,"twitter_title":null,"twitter_description":null,"schema":{"blockGraphs":[],"customGraphs":[],"default":{"data":{"Article":[],"Course":[],"Dataset":[],"FAQPage":[],"Movie":[],"Person":[],"Product":[],"ProductReview":[],"Car":[],"Recipe":[],"Service":[],"SoftwareApplication":[],"WebPage":[]},"graphName":"","isEnabled":true},"graphs":[],"defaultGraph":"","defaultPostTypeGraph":""},"schema_type":null,"schema_type_options":null,"pillar_content":false,"robots_default":true,"robots_noindex":false,"robots_noarchive":false,"robots_nosnippet":false,"robots_nofollow":false,"robots_noimageindex":false,"robots_noodp":false,"robots_notranslate":false,"robots_max_snippet":null,"robots_max_videopreview":null,"robots_max_imagepreview":"large","priority":null,"frequency":null,"location":null,"local_seo":null,"seo_analyzer_scan_date":"2025-08-28 13:26:25","breadcrumb_settings":null,"limit_modified_date":false,"open_ai":null,"ai":null,"created":"2021-03-27 23:03:07","updated":"2025-08-28 13:26:25"},"aioseo_breadcrumb":"<div class=\"aioseo-breadcrumbs\"><span class=\"aioseo-breadcrumb\">\n\t<a href=\"https:\/\/eldigitaldeasturias.com\/radio\" title=\"Inicio\">Inicio<\/a>\n<\/span><span class=\"aioseo-breadcrumb-separator\">&ndash;<\/span><span class=\"aioseo-breadcrumb\">\n\t<a href=\"https:\/\/eldigitaldeasturias.com\/radio\/category\/noticias\/\" title=\"Noticias\">Noticias<\/a>\n<\/span><span class=\"aioseo-breadcrumb-separator\">&ndash;<\/span><span class=\"aioseo-breadcrumb\">\n\tEmisora alemana acusa a Rusia de aplicar \u00abm\u00e9todo de Estado policial\u00bb\n<\/span><\/div>","aioseo_breadcrumb_json":[{"label":"Inicio","link":"https:\/\/eldigitaldeasturias.com\/radio"},{"label":"Noticias","link":"https:\/\/eldigitaldeasturias.com\/radio\/category\/noticias\/"},{"label":"Emisora alemana acusa a Rusia de aplicar \u00abm\u00e9todo de Estado policial\u00bb","link":"https:\/\/eldigitaldeasturias.com\/radio\/emisora-alemana-acusa-a-rusia-de-aplicar-metodo-de-estado-policial\/"}],"_links":{"self":[{"href":"https:\/\/eldigitaldeasturias.com\/radio\/wp-json\/wp\/v2\/posts\/3045","targetHints":{"allow":["GET"]}}],"collection":[{"href":"https:\/\/eldigitaldeasturias.com\/radio\/wp-json\/wp\/v2\/posts"}],"about":[{"href":"https:\/\/eldigitaldeasturias.com\/radio\/wp-json\/wp\/v2\/types\/post"}],"author":[{"embeddable":true,"href":"https:\/\/eldigitaldeasturias.com\/radio\/wp-json\/wp\/v2\/users\/1"}],"replies":[{"embeddable":true,"href":"https:\/\/eldigitaldeasturias.com\/radio\/wp-json\/wp\/v2\/comments?post=3045"}],"version-history":[{"count":0,"href":"https:\/\/eldigitaldeasturias.com\/radio\/wp-json\/wp\/v2\/posts\/3045\/revisions"}],"wp:featuredmedia":[{"embeddable":true,"href":"https:\/\/eldigitaldeasturias.com\/radio\/wp-json\/wp\/v2\/media\/1352"}],"wp:attachment":[{"href":"https:\/\/eldigitaldeasturias.com\/radio\/wp-json\/wp\/v2\/media?parent=3045"}],"wp:term":[{"taxonomy":"category","embeddable":true,"href":"https:\/\/eldigitaldeasturias.com\/radio\/wp-json\/wp\/v2\/categories?post=3045"},{"taxonomy":"post_tag","embeddable":true,"href":"https:\/\/eldigitaldeasturias.com\/radio\/wp-json\/wp\/v2\/tags?post=3045"}],"curies":[{"name":"wp","href":"https:\/\/api.w.org\/{rel}","templated":true}]}}