{"id":3036,"date":"2019-08-06T14:25:21","date_gmt":"2019-08-06T14:25:21","guid":{"rendered":"http:\/\/eldigitaldeasturias.com\/radio\/?p=3036"},"modified":"2019-08-06T14:25:21","modified_gmt":"2019-08-06T14:25:21","slug":"revolverheld-sera-la-embajadora-de-war-child","status":"publish","type":"post","link":"https:\/\/eldigitaldeasturias.com\/radio\/revolverheld-sera-la-embajadora-de-war-child\/","title":{"rendered":"Revolverheld ser\u00e1 la embajadora de \u00abWar Child\u00bb"},"content":{"rendered":"<figure id=\"attachment_3037\" aria-describedby=\"caption-attachment-3037\" style=\"width: 360px\" class=\"wp-caption alignleft\"><img fetchpriority=\"high\" decoding=\"async\" class=\"size-medium wp-image-3037\" src=\"https:\/\/eldigitaldeasturias.com\/radio\/wp-content\/uploads\/2019\/08\/Revolverheld-360x238.jpg\" alt=\"\" width=\"360\" height=\"238\" srcset=\"https:\/\/eldigitaldeasturias.com\/radio\/wp-content\/uploads\/2019\/08\/Revolverheld-360x238.jpg 360w, https:\/\/eldigitaldeasturias.com\/radio\/wp-content\/uploads\/2019\/08\/Revolverheld-768x507.jpg 768w, https:\/\/eldigitaldeasturias.com\/radio\/wp-content\/uploads\/2019\/08\/Revolverheld.jpg 1009w\" sizes=\"(max-width: 360px) 100vw, 360px\" \/><figcaption id=\"caption-attachment-3037\" class=\"wp-caption-text\">Foto: Daniel Bockwoldt\/dpa<\/figcaption><\/figure>\n<p>Hamburgo (Alemania), 5 ago (dpa) &#8211; La banda de pop y hard rock hamburguesa <strong>Revolverheld<\/strong> ser\u00e1 la embajadora oficial de la ONG <strong>\u00abWar Child\u00bb<\/strong> que ofrece ayuda en Alemania a ni\u00f1os y j\u00f3venes refugiados y oriundos de regiones conflictivas, inform\u00f3 hoy la organizaci\u00f3n en la ciudad portuaria del norte alem\u00e1n.<\/p>\n<p>\u00ab<strong>Estos ni\u00f1os merecen la oportunidad de tener una vida mejor<\/strong>\u00ab, se\u00f1al\u00f3 Johannes Strate, uno de los m\u00fasicos de la banda, en un comunicado de prensa.<\/p>\n<p>Los m\u00fasicos viajar\u00e1n en septiembre, ya como embajadores de \u00abWar Child\u00bb, a una regi\u00f3n donde la ONG desarrolla proyectos y ofrecer\u00e1n un concierto ben\u00e9fico para recaudar fondos para la organizaci\u00f3n.<\/p>\n<p>Recientemente, los m\u00fasicos hamburgueses apoyaron el rescate mar\u00edtimo de personas financiando una parte de la actual misi\u00f3n de salvataje de la organizaci\u00f3n alemana de ayuda humanitaria<strong> Sea Eye<\/strong> en el mar Mediterr\u00e1no.<\/p>\n","protected":false},"excerpt":{"rendered":"<p>Hamburgo (Alemania), 5 ago (dpa) &#8211; La banda de pop y hard rock hamburguesa Revolverheld ser\u00e1 la embajadora oficial de la ONG \u00abWar Child\u00bb que ofrece ayuda en Alemania a ni\u00f1os y j\u00f3venes refugiados y oriundos de regiones conflictivas, inform\u00f3 hoy la organizaci\u00f3n en la ciudad portuaria del norte alem\u00e1n. \u00abEstos ni\u00f1os merecen la oportunidad<\/p>\n","protected":false},"author":1,"featured_media":3037,"comment_status":"closed","ping_status":"closed","sticky":false,"template":"","format":"standard","meta":{"footnotes":""},"categories":[1],"tags":[],"class_list":{"0":"post-3036","1":"post","2":"type-post","3":"status-publish","4":"format-standard","5":"has-post-thumbnail","7":"category-noticias"},"aioseo_notices":[],"aioseo_head":"\n\t\t<!-- All in One SEO Pro 4.9.6.2 - aioseo.com -->\n\t<meta name=\"description\" content=\"Hamburgo (Alemania), 5 ago (dpa) - La banda de pop y hard rock hamburguesa Revolverheld ser\u00e1 la embajadora oficial de la ONG &quot;War Child&quot; que ofrece ayuda en Alemania a ni\u00f1os y j\u00f3venes refugiados y oriundos de regiones conflictivas, inform\u00f3 hoy la organizaci\u00f3n en la ciudad portuaria del norte alem\u00e1n. &quot;Estos ni\u00f1os merecen la oportunidad\" \/>\n\t<meta name=\"robots\" content=\"max-image-preview:large\" \/>\n\t<meta name=\"author\" content=\"NBAsturias\"\/>\n\t<meta name=\"google-site-verification\" content=\"UA-38556648-1\" \/>\n\t<meta name=\"keywords\" content=\"noticias\" \/>\n\t<link rel=\"canonical\" href=\"https:\/\/eldigitaldeasturias.com\/radio\/revolverheld-sera-la-embajadora-de-war-child\/\" \/>\n\t<meta name=\"generator\" content=\"All in One SEO Pro (AIOSEO) 4.9.6.2\" \/>\n\t\t<meta property=\"og:locale\" content=\"es_ES\" \/>\n\t\t<meta property=\"og:site_name\" content=\"El Digital de Asturias | Diario de informaci\u00f3n y noticias\" \/>\n\t\t<meta property=\"og:type\" content=\"article\" \/>\n\t\t<meta property=\"og:title\" content=\"Revolverheld ser\u00e1 la embajadora de \u00abWar Child\u00bb | El Digital de Asturias\" \/>\n\t\t<meta property=\"og:description\" content=\"Hamburgo (Alemania), 5 ago (dpa) - La banda de pop y hard rock hamburguesa Revolverheld ser\u00e1 la embajadora oficial de la ONG &quot;War Child&quot; que ofrece ayuda en Alemania a ni\u00f1os y j\u00f3venes refugiados y oriundos de regiones conflictivas, inform\u00f3 hoy la organizaci\u00f3n en la ciudad portuaria del norte alem\u00e1n. &quot;Estos ni\u00f1os merecen la oportunidad\" \/>\n\t\t<meta property=\"og:url\" content=\"https:\/\/eldigitaldeasturias.com\/radio\/revolverheld-sera-la-embajadora-de-war-child\/\" \/>\n\t\t<meta property=\"og:image\" content=\"https:\/\/eldigitaldeasturias.com\/radio\/wp-content\/uploads\/2019\/08\/Revolverheld.jpg\" \/>\n\t\t<meta property=\"og:image:secure_url\" content=\"https:\/\/eldigitaldeasturias.com\/radio\/wp-content\/uploads\/2019\/08\/Revolverheld.jpg\" \/>\n\t\t<meta property=\"og:image:width\" content=\"1009\" \/>\n\t\t<meta property=\"og:image:height\" content=\"666\" \/>\n\t\t<meta property=\"article:published_time\" content=\"2019-08-06T14:25:21+00:00\" \/>\n\t\t<meta property=\"article:modified_time\" content=\"2019-08-06T14:25:21+00:00\" \/>\n\t\t<meta name=\"twitter:card\" content=\"summary_large_image\" \/>\n\t\t<meta name=\"twitter:site\" content=\"@bercodi\" \/>\n\t\t<meta name=\"twitter:title\" content=\"Revolverheld ser\u00e1 la embajadora de \u00abWar Child\u00bb | El Digital de Asturias\" \/>\n\t\t<meta name=\"twitter:description\" content=\"Hamburgo (Alemania), 5 ago (dpa) - La banda de pop y hard rock hamburguesa Revolverheld ser\u00e1 la embajadora oficial de la ONG &quot;War Child&quot; que ofrece ayuda en Alemania a ni\u00f1os y j\u00f3venes refugiados y oriundos de regiones conflictivas, inform\u00f3 hoy la organizaci\u00f3n en la ciudad portuaria del norte alem\u00e1n. &quot;Estos ni\u00f1os merecen la oportunidad\" \/>\n\t\t<meta name=\"twitter:creator\" content=\"@bercodi\" \/>\n\t\t<meta name=\"twitter:image\" content=\"https:\/\/eldigitaldeasturias.com\/radio\/wp-content\/uploads\/2019\/08\/Revolverheld.jpg\" \/>\n\t\t<script type=\"application\/ld+json\" class=\"aioseo-schema\">\n\t\t\t{\"@context\":\"https:\\\/\\\/schema.org\",\"@graph\":[{\"@type\":\"BreadcrumbList\",\"@id\":\"https:\\\/\\\/eldigitaldeasturias.com\\\/radio\\\/revolverheld-sera-la-embajadora-de-war-child\\\/#breadcrumblist\",\"itemListElement\":[{\"@type\":\"ListItem\",\"@id\":\"https:\\\/\\\/eldigitaldeasturias.com\\\/radio#listItem\",\"position\":1,\"name\":\"Inicio\",\"item\":\"https:\\\/\\\/eldigitaldeasturias.com\\\/radio\",\"nextItem\":{\"@type\":\"ListItem\",\"@id\":\"https:\\\/\\\/eldigitaldeasturias.com\\\/radio\\\/category\\\/noticias\\\/#listItem\",\"name\":\"Noticias\"}},{\"@type\":\"ListItem\",\"@id\":\"https:\\\/\\\/eldigitaldeasturias.com\\\/radio\\\/category\\\/noticias\\\/#listItem\",\"position\":2,\"name\":\"Noticias\",\"item\":\"https:\\\/\\\/eldigitaldeasturias.com\\\/radio\\\/category\\\/noticias\\\/\",\"nextItem\":{\"@type\":\"ListItem\",\"@id\":\"https:\\\/\\\/eldigitaldeasturias.com\\\/radio\\\/revolverheld-sera-la-embajadora-de-war-child\\\/#listItem\",\"name\":\"Revolverheld ser\\u00e1 la embajadora de \\u00abWar Child\\u00bb\"},\"previousItem\":{\"@type\":\"ListItem\",\"@id\":\"https:\\\/\\\/eldigitaldeasturias.com\\\/radio#listItem\",\"name\":\"Inicio\"}},{\"@type\":\"ListItem\",\"@id\":\"https:\\\/\\\/eldigitaldeasturias.com\\\/radio\\\/revolverheld-sera-la-embajadora-de-war-child\\\/#listItem\",\"position\":3,\"name\":\"Revolverheld ser\\u00e1 la embajadora de \\u00abWar Child\\u00bb\",\"previousItem\":{\"@type\":\"ListItem\",\"@id\":\"https:\\\/\\\/eldigitaldeasturias.com\\\/radio\\\/category\\\/noticias\\\/#listItem\",\"name\":\"Noticias\"}}]},{\"@type\":\"NewsArticle\",\"@id\":\"https:\\\/\\\/eldigitaldeasturias.com\\\/radio\\\/revolverheld-sera-la-embajadora-de-war-child\\\/#newsarticle\",\"name\":\"Revolverheld ser\\u00e1 la embajadora de \\u00abWar Child\\u00bb | El Digital de Asturias\",\"headline\":\"Revolverheld ser\\u00e1 la embajadora de \\u00abWar Child\\u00bb\",\"author\":{\"@id\":\"https:\\\/\\\/eldigitaldeasturias.com\\\/radio\\\/author\\\/nbasturias\\\/#author\"},\"publisher\":{\"@id\":\"https:\\\/\\\/eldigitaldeasturias.com\\\/radio\\\/#organization\"},\"image\":{\"@type\":\"ImageObject\",\"url\":\"https:\\\/\\\/eldigitaldeasturias.com\\\/radio\\\/wp-content\\\/uploads\\\/2019\\\/08\\\/Revolverheld.jpg\",\"width\":1009,\"height\":666,\"caption\":\"Foto: Daniel Bockwoldt\\\/dpa\"},\"datePublished\":\"2019-08-06T14:25:21+02:00\",\"dateModified\":\"2019-08-06T14:25:21+02:00\",\"inLanguage\":\"es-ES\",\"mainEntityOfPage\":{\"@id\":\"https:\\\/\\\/eldigitaldeasturias.com\\\/radio\\\/revolverheld-sera-la-embajadora-de-war-child\\\/#webpage\"},\"isPartOf\":{\"@id\":\"https:\\\/\\\/eldigitaldeasturias.com\\\/radio\\\/revolverheld-sera-la-embajadora-de-war-child\\\/#webpage\"},\"articleSection\":\"Noticias\",\"dateline\":\"Publicado el agosto 6, 2019.\"},{\"@type\":\"Organization\",\"@id\":\"https:\\\/\\\/eldigitaldeasturias.com\\\/radio\\\/#organization\",\"name\":\"El digital de Asturias Radio\",\"description\":\"Diario de informaci\\u00f3n y noticias\",\"url\":\"https:\\\/\\\/eldigitaldeasturias.com\\\/radio\\\/\",\"telephone\":\"+34652131393\",\"logo\":{\"@type\":\"ImageObject\",\"url\":\"https:\\\/\\\/www.eldigitaldeasturias.com\\\/radio\\\/wp-content\\\/uploads\\\/2021\\\/03\\\/EDA.jpg\",\"@id\":\"https:\\\/\\\/eldigitaldeasturias.com\\\/radio\\\/revolverheld-sera-la-embajadora-de-war-child\\\/#organizationLogo\"},\"image\":{\"@id\":\"https:\\\/\\\/eldigitaldeasturias.com\\\/radio\\\/revolverheld-sera-la-embajadora-de-war-child\\\/#organizationLogo\"},\"sameAs\":[\"https:\\\/\\\/www.facebook.com\\\/\",\"https:\\\/\\\/x.com\\\/bercodi\",\"https:\\\/\\\/www.instagram.com\\\/\",\"https:\\\/\\\/www.youtube.com\\\/channel\\\/UCZP-2wLEB9Rv6erhFmqVnvg\"]},{\"@type\":\"Person\",\"@id\":\"https:\\\/\\\/eldigitaldeasturias.com\\\/radio\\\/author\\\/nbasturias\\\/#author\",\"url\":\"https:\\\/\\\/eldigitaldeasturias.com\\\/radio\\\/author\\\/nbasturias\\\/\",\"name\":\"NBAsturias\",\"image\":{\"@type\":\"ImageObject\",\"@id\":\"https:\\\/\\\/eldigitaldeasturias.com\\\/radio\\\/revolverheld-sera-la-embajadora-de-war-child\\\/#authorImage\",\"url\":\"https:\\\/\\\/secure.gravatar.com\\\/avatar\\\/df2aeffc32bcd13f8d26072ef8a91b623d677766deac7f97ca815868cd41bf5e?s=96&d=mm&r=g\",\"width\":96,\"height\":96,\"caption\":\"NBAsturias\"}},{\"@type\":\"WebPage\",\"@id\":\"https:\\\/\\\/eldigitaldeasturias.com\\\/radio\\\/revolverheld-sera-la-embajadora-de-war-child\\\/#webpage\",\"url\":\"https:\\\/\\\/eldigitaldeasturias.com\\\/radio\\\/revolverheld-sera-la-embajadora-de-war-child\\\/\",\"name\":\"Revolverheld ser\\u00e1 la embajadora de \\u00abWar Child\\u00bb | El Digital de Asturias\",\"description\":\"Hamburgo (Alemania), 5 ago (dpa) - La banda de pop y hard rock hamburguesa Revolverheld ser\\u00e1 la embajadora oficial de la ONG \\\"War Child\\\" que ofrece ayuda en Alemania a ni\\u00f1os y j\\u00f3venes refugiados y oriundos de regiones conflictivas, inform\\u00f3 hoy la organizaci\\u00f3n en la ciudad portuaria del norte alem\\u00e1n. \\\"Estos ni\\u00f1os merecen la oportunidad\",\"inLanguage\":\"es-ES\",\"isPartOf\":{\"@id\":\"https:\\\/\\\/eldigitaldeasturias.com\\\/radio\\\/#website\"},\"breadcrumb\":{\"@id\":\"https:\\\/\\\/eldigitaldeasturias.com\\\/radio\\\/revolverheld-sera-la-embajadora-de-war-child\\\/#breadcrumblist\"},\"author\":{\"@id\":\"https:\\\/\\\/eldigitaldeasturias.com\\\/radio\\\/author\\\/nbasturias\\\/#author\"},\"creator\":{\"@id\":\"https:\\\/\\\/eldigitaldeasturias.com\\\/radio\\\/author\\\/nbasturias\\\/#author\"},\"image\":{\"@type\":\"ImageObject\",\"url\":\"https:\\\/\\\/eldigitaldeasturias.com\\\/radio\\\/wp-content\\\/uploads\\\/2019\\\/08\\\/Revolverheld.jpg\",\"@id\":\"https:\\\/\\\/eldigitaldeasturias.com\\\/radio\\\/revolverheld-sera-la-embajadora-de-war-child\\\/#mainImage\",\"width\":1009,\"height\":666,\"caption\":\"Foto: Daniel Bockwoldt\\\/dpa\"},\"primaryImageOfPage\":{\"@id\":\"https:\\\/\\\/eldigitaldeasturias.com\\\/radio\\\/revolverheld-sera-la-embajadora-de-war-child\\\/#mainImage\"},\"datePublished\":\"2019-08-06T14:25:21+02:00\",\"dateModified\":\"2019-08-06T14:25:21+02:00\"},{\"@type\":\"WebSite\",\"@id\":\"https:\\\/\\\/eldigitaldeasturias.com\\\/radio\\\/#website\",\"url\":\"https:\\\/\\\/eldigitaldeasturias.com\\\/radio\\\/\",\"name\":\"El Digital de Asturias\",\"description\":\"Diario de informaci\\u00f3n y noticias\",\"inLanguage\":\"es-ES\",\"publisher\":{\"@id\":\"https:\\\/\\\/eldigitaldeasturias.com\\\/radio\\\/#organization\"}}]}\n\t\t<\/script>\n\t\t<!-- All in One SEO Pro -->\r\n\t\t<title>Revolverheld ser\u00e1 la embajadora de \u00abWar Child\u00bb | El Digital de Asturias<\/title>\n\n","aioseo_head_json":{"title":"Revolverheld ser\u00e1 la embajadora de \u00abWar Child\u00bb | El Digital de Asturias","description":"Hamburgo (Alemania), 5 ago (dpa) - La banda de pop y hard rock hamburguesa Revolverheld ser\u00e1 la embajadora oficial de la ONG \"War Child\" que ofrece ayuda en Alemania a ni\u00f1os y j\u00f3venes refugiados y oriundos de regiones conflictivas, inform\u00f3 hoy la organizaci\u00f3n en la ciudad portuaria del norte alem\u00e1n. \"Estos ni\u00f1os merecen la oportunidad","canonical_url":"https:\/\/eldigitaldeasturias.com\/radio\/revolverheld-sera-la-embajadora-de-war-child\/","robots":"max-image-preview:large","keywords":"noticias","webmasterTools":{"google-site-verification":"UA-38556648-1","miscellaneous":""},"schema":{"@context":"https:\/\/schema.org","@graph":[{"@type":"BreadcrumbList","@id":"https:\/\/eldigitaldeasturias.com\/radio\/revolverheld-sera-la-embajadora-de-war-child\/#breadcrumblist","itemListElement":[{"@type":"ListItem","@id":"https:\/\/eldigitaldeasturias.com\/radio#listItem","position":1,"name":"Inicio","item":"https:\/\/eldigitaldeasturias.com\/radio","nextItem":{"@type":"ListItem","@id":"https:\/\/eldigitaldeasturias.com\/radio\/category\/noticias\/#listItem","name":"Noticias"}},{"@type":"ListItem","@id":"https:\/\/eldigitaldeasturias.com\/radio\/category\/noticias\/#listItem","position":2,"name":"Noticias","item":"https:\/\/eldigitaldeasturias.com\/radio\/category\/noticias\/","nextItem":{"@type":"ListItem","@id":"https:\/\/eldigitaldeasturias.com\/radio\/revolverheld-sera-la-embajadora-de-war-child\/#listItem","name":"Revolverheld ser\u00e1 la embajadora de \u00abWar Child\u00bb"},"previousItem":{"@type":"ListItem","@id":"https:\/\/eldigitaldeasturias.com\/radio#listItem","name":"Inicio"}},{"@type":"ListItem","@id":"https:\/\/eldigitaldeasturias.com\/radio\/revolverheld-sera-la-embajadora-de-war-child\/#listItem","position":3,"name":"Revolverheld ser\u00e1 la embajadora de \u00abWar Child\u00bb","previousItem":{"@type":"ListItem","@id":"https:\/\/eldigitaldeasturias.com\/radio\/category\/noticias\/#listItem","name":"Noticias"}}]},{"@type":"NewsArticle","@id":"https:\/\/eldigitaldeasturias.com\/radio\/revolverheld-sera-la-embajadora-de-war-child\/#newsarticle","name":"Revolverheld ser\u00e1 la embajadora de \u00abWar Child\u00bb | El Digital de Asturias","headline":"Revolverheld ser\u00e1 la embajadora de \u00abWar Child\u00bb","author":{"@id":"https:\/\/eldigitaldeasturias.com\/radio\/author\/nbasturias\/#author"},"publisher":{"@id":"https:\/\/eldigitaldeasturias.com\/radio\/#organization"},"image":{"@type":"ImageObject","url":"https:\/\/eldigitaldeasturias.com\/radio\/wp-content\/uploads\/2019\/08\/Revolverheld.jpg","width":1009,"height":666,"caption":"Foto: Daniel Bockwoldt\/dpa"},"datePublished":"2019-08-06T14:25:21+02:00","dateModified":"2019-08-06T14:25:21+02:00","inLanguage":"es-ES","mainEntityOfPage":{"@id":"https:\/\/eldigitaldeasturias.com\/radio\/revolverheld-sera-la-embajadora-de-war-child\/#webpage"},"isPartOf":{"@id":"https:\/\/eldigitaldeasturias.com\/radio\/revolverheld-sera-la-embajadora-de-war-child\/#webpage"},"articleSection":"Noticias","dateline":"Publicado el agosto 6, 2019."},{"@type":"Organization","@id":"https:\/\/eldigitaldeasturias.com\/radio\/#organization","name":"El digital de Asturias Radio","description":"Diario de informaci\u00f3n y noticias","url":"https:\/\/eldigitaldeasturias.com\/radio\/","telephone":"+34652131393","logo":{"@type":"ImageObject","url":"https:\/\/www.eldigitaldeasturias.com\/radio\/wp-content\/uploads\/2021\/03\/EDA.jpg","@id":"https:\/\/eldigitaldeasturias.com\/radio\/revolverheld-sera-la-embajadora-de-war-child\/#organizationLogo"},"image":{"@id":"https:\/\/eldigitaldeasturias.com\/radio\/revolverheld-sera-la-embajadora-de-war-child\/#organizationLogo"},"sameAs":["https:\/\/www.facebook.com\/","https:\/\/x.com\/bercodi","https:\/\/www.instagram.com\/","https:\/\/www.youtube.com\/channel\/UCZP-2wLEB9Rv6erhFmqVnvg"]},{"@type":"Person","@id":"https:\/\/eldigitaldeasturias.com\/radio\/author\/nbasturias\/#author","url":"https:\/\/eldigitaldeasturias.com\/radio\/author\/nbasturias\/","name":"NBAsturias","image":{"@type":"ImageObject","@id":"https:\/\/eldigitaldeasturias.com\/radio\/revolverheld-sera-la-embajadora-de-war-child\/#authorImage","url":"https:\/\/secure.gravatar.com\/avatar\/df2aeffc32bcd13f8d26072ef8a91b623d677766deac7f97ca815868cd41bf5e?s=96&d=mm&r=g","width":96,"height":96,"caption":"NBAsturias"}},{"@type":"WebPage","@id":"https:\/\/eldigitaldeasturias.com\/radio\/revolverheld-sera-la-embajadora-de-war-child\/#webpage","url":"https:\/\/eldigitaldeasturias.com\/radio\/revolverheld-sera-la-embajadora-de-war-child\/","name":"Revolverheld ser\u00e1 la embajadora de \u00abWar Child\u00bb | El Digital de Asturias","description":"Hamburgo (Alemania), 5 ago (dpa) - La banda de pop y hard rock hamburguesa Revolverheld ser\u00e1 la embajadora oficial de la ONG \"War Child\" que ofrece ayuda en Alemania a ni\u00f1os y j\u00f3venes refugiados y oriundos de regiones conflictivas, inform\u00f3 hoy la organizaci\u00f3n en la ciudad portuaria del norte alem\u00e1n. \"Estos ni\u00f1os merecen la oportunidad","inLanguage":"es-ES","isPartOf":{"@id":"https:\/\/eldigitaldeasturias.com\/radio\/#website"},"breadcrumb":{"@id":"https:\/\/eldigitaldeasturias.com\/radio\/revolverheld-sera-la-embajadora-de-war-child\/#breadcrumblist"},"author":{"@id":"https:\/\/eldigitaldeasturias.com\/radio\/author\/nbasturias\/#author"},"creator":{"@id":"https:\/\/eldigitaldeasturias.com\/radio\/author\/nbasturias\/#author"},"image":{"@type":"ImageObject","url":"https:\/\/eldigitaldeasturias.com\/radio\/wp-content\/uploads\/2019\/08\/Revolverheld.jpg","@id":"https:\/\/eldigitaldeasturias.com\/radio\/revolverheld-sera-la-embajadora-de-war-child\/#mainImage","width":1009,"height":666,"caption":"Foto: Daniel Bockwoldt\/dpa"},"primaryImageOfPage":{"@id":"https:\/\/eldigitaldeasturias.com\/radio\/revolverheld-sera-la-embajadora-de-war-child\/#mainImage"},"datePublished":"2019-08-06T14:25:21+02:00","dateModified":"2019-08-06T14:25:21+02:00"},{"@type":"WebSite","@id":"https:\/\/eldigitaldeasturias.com\/radio\/#website","url":"https:\/\/eldigitaldeasturias.com\/radio\/","name":"El Digital de Asturias","description":"Diario de informaci\u00f3n y noticias","inLanguage":"es-ES","publisher":{"@id":"https:\/\/eldigitaldeasturias.com\/radio\/#organization"}}]},"og:locale":"es_ES","og:site_name":"El Digital de Asturias | Diario de informaci\u00f3n y noticias","og:type":"article","og:title":"Revolverheld ser\u00e1 la embajadora de \u00abWar Child\u00bb | El Digital de Asturias","og:description":"Hamburgo (Alemania), 5 ago (dpa) - La banda de pop y hard rock hamburguesa Revolverheld ser\u00e1 la embajadora oficial de la ONG &quot;War Child&quot; que ofrece ayuda en Alemania a ni\u00f1os y j\u00f3venes refugiados y oriundos de regiones conflictivas, inform\u00f3 hoy la organizaci\u00f3n en la ciudad portuaria del norte alem\u00e1n. &quot;Estos ni\u00f1os merecen la oportunidad","og:url":"https:\/\/eldigitaldeasturias.com\/radio\/revolverheld-sera-la-embajadora-de-war-child\/","og:image":"https:\/\/eldigitaldeasturias.com\/radio\/wp-content\/uploads\/2019\/08\/Revolverheld.jpg","og:image:secure_url":"https:\/\/eldigitaldeasturias.com\/radio\/wp-content\/uploads\/2019\/08\/Revolverheld.jpg","og:image:width":1009,"og:image:height":666,"article:published_time":"2019-08-06T14:25:21+00:00","article:modified_time":"2019-08-06T14:25:21+00:00","twitter:card":"summary_large_image","twitter:site":"@bercodi","twitter:title":"Revolverheld ser\u00e1 la embajadora de \u00abWar Child\u00bb | El Digital de Asturias","twitter:description":"Hamburgo (Alemania), 5 ago (dpa) - La banda de pop y hard rock hamburguesa Revolverheld ser\u00e1 la embajadora oficial de la ONG &quot;War Child&quot; que ofrece ayuda en Alemania a ni\u00f1os y j\u00f3venes refugiados y oriundos de regiones conflictivas, inform\u00f3 hoy la organizaci\u00f3n en la ciudad portuaria del norte alem\u00e1n. &quot;Estos ni\u00f1os merecen la oportunidad","twitter:creator":"@bercodi","twitter:image":"https:\/\/eldigitaldeasturias.com\/radio\/wp-content\/uploads\/2019\/08\/Revolverheld.jpg"},"aioseo_meta_data":{"post_id":"3036","title":null,"description":null,"keywords":null,"keyphrases":null,"primary_term":null,"canonical_url":null,"og_title":null,"og_description":null,"og_object_type":"default","og_image_type":"default","og_image_url":null,"og_image_width":null,"og_image_height":null,"og_image_custom_url":null,"og_image_custom_fields":null,"og_video":null,"og_custom_url":null,"og_article_section":null,"og_article_tags":null,"twitter_use_og":false,"twitter_card":"default","twitter_image_type":"default","twitter_image_url":null,"twitter_image_custom_url":null,"twitter_image_custom_fields":null,"twitter_title":null,"twitter_description":null,"schema":{"blockGraphs":[],"customGraphs":[],"default":{"data":{"Article":[],"Course":[],"Dataset":[],"FAQPage":[],"Movie":[],"Person":[],"Product":[],"ProductReview":[],"Car":[],"Recipe":[],"Service":[],"SoftwareApplication":[],"WebPage":[]},"graphName":"","isEnabled":true},"graphs":[],"defaultGraph":"","defaultPostTypeGraph":""},"schema_type":null,"schema_type_options":null,"pillar_content":false,"robots_default":true,"robots_noindex":false,"robots_noarchive":false,"robots_nosnippet":false,"robots_nofollow":false,"robots_noimageindex":false,"robots_noodp":false,"robots_notranslate":false,"robots_max_snippet":null,"robots_max_videopreview":null,"robots_max_imagepreview":"large","priority":null,"frequency":null,"location":null,"local_seo":null,"seo_analyzer_scan_date":"2025-08-28 13:26:23","breadcrumb_settings":null,"limit_modified_date":false,"open_ai":null,"ai":null,"created":"2021-03-27 23:03:07","updated":"2025-08-28 13:26:23"},"aioseo_breadcrumb":"<div class=\"aioseo-breadcrumbs\"><span class=\"aioseo-breadcrumb\">\n\t<a href=\"https:\/\/eldigitaldeasturias.com\/radio\" title=\"Inicio\">Inicio<\/a>\n<\/span><span class=\"aioseo-breadcrumb-separator\">&ndash;<\/span><span class=\"aioseo-breadcrumb\">\n\t<a href=\"https:\/\/eldigitaldeasturias.com\/radio\/category\/noticias\/\" title=\"Noticias\">Noticias<\/a>\n<\/span><span class=\"aioseo-breadcrumb-separator\">&ndash;<\/span><span class=\"aioseo-breadcrumb\">\n\tRevolverheld ser\u00e1 la embajadora de \u00abWar Child\u00bb\n<\/span><\/div>","aioseo_breadcrumb_json":[{"label":"Inicio","link":"https:\/\/eldigitaldeasturias.com\/radio"},{"label":"Noticias","link":"https:\/\/eldigitaldeasturias.com\/radio\/category\/noticias\/"},{"label":"Revolverheld ser\u00e1 la embajadora de \u00abWar Child\u00bb","link":"https:\/\/eldigitaldeasturias.com\/radio\/revolverheld-sera-la-embajadora-de-war-child\/"}],"_links":{"self":[{"href":"https:\/\/eldigitaldeasturias.com\/radio\/wp-json\/wp\/v2\/posts\/3036","targetHints":{"allow":["GET"]}}],"collection":[{"href":"https:\/\/eldigitaldeasturias.com\/radio\/wp-json\/wp\/v2\/posts"}],"about":[{"href":"https:\/\/eldigitaldeasturias.com\/radio\/wp-json\/wp\/v2\/types\/post"}],"author":[{"embeddable":true,"href":"https:\/\/eldigitaldeasturias.com\/radio\/wp-json\/wp\/v2\/users\/1"}],"replies":[{"embeddable":true,"href":"https:\/\/eldigitaldeasturias.com\/radio\/wp-json\/wp\/v2\/comments?post=3036"}],"version-history":[{"count":0,"href":"https:\/\/eldigitaldeasturias.com\/radio\/wp-json\/wp\/v2\/posts\/3036\/revisions"}],"wp:featuredmedia":[{"embeddable":true,"href":"https:\/\/eldigitaldeasturias.com\/radio\/wp-json\/wp\/v2\/media\/3037"}],"wp:attachment":[{"href":"https:\/\/eldigitaldeasturias.com\/radio\/wp-json\/wp\/v2\/media?parent=3036"}],"wp:term":[{"taxonomy":"category","embeddable":true,"href":"https:\/\/eldigitaldeasturias.com\/radio\/wp-json\/wp\/v2\/categories?post=3036"},{"taxonomy":"post_tag","embeddable":true,"href":"https:\/\/eldigitaldeasturias.com\/radio\/wp-json\/wp\/v2\/tags?post=3036"}],"curies":[{"name":"wp","href":"https:\/\/api.w.org\/{rel}","templated":true}]}}