{"id":3027,"date":"2019-08-03T22:32:42","date_gmt":"2019-08-03T22:32:42","guid":{"rendered":"http:\/\/eldigitaldeasturias.com\/radio\/?p=3027"},"modified":"2019-08-03T22:32:42","modified_gmt":"2019-08-03T22:32:42","slug":"unas-70-000-mascotas-pasaran-las-vacaciones-en-refugios-alemanes","status":"publish","type":"post","link":"https:\/\/eldigitaldeasturias.com\/radio\/unas-70-000-mascotas-pasaran-las-vacaciones-en-refugios-alemanes\/","title":{"rendered":"Unas 70.000 mascotas \u201cpasar\u00e1n las vacaciones\u201d en refugios alemanes"},"content":{"rendered":"<p><img fetchpriority=\"high\" decoding=\"async\" class=\"alignleft size-medium wp-image-3028\" src=\"https:\/\/eldigitaldeasturias.com\/radio\/wp-content\/uploads\/2019\/08\/dog-2785074_960_720-360x240.jpg\" alt=\"\" width=\"360\" height=\"240\" srcset=\"https:\/\/eldigitaldeasturias.com\/radio\/wp-content\/uploads\/2019\/08\/dog-2785074_960_720-360x240.jpg 360w, https:\/\/eldigitaldeasturias.com\/radio\/wp-content\/uploads\/2019\/08\/dog-2785074_960_720-768x511.jpg 768w, https:\/\/eldigitaldeasturias.com\/radio\/wp-content\/uploads\/2019\/08\/dog-2785074_960_720.jpg 960w\" sizes=\"(max-width: 360px) 100vw, 360px\" \/>Osnabr\u00fcck (Alemania), 3 ago (dpa) &#8211; Hasta 70.000 animales dom\u00e9sticos fueron dejados en refugios germanos para mascotas durante las vacaciones de verano, indic\u00f3 el presidente de la Asociaci\u00f3n Alemana de Protecci\u00f3n de Animales, Thomas Schr\u00f6der, al diario \u00abNeue Osnabr\u00fccker Zeitung\u00bb en su edici\u00f3n de hoy.<\/p>\n<p>\u00abLos refugios de animales ya est\u00e1n al l\u00edmite de su capacidad durante todo el a\u00f1o. Por lo tanto, cada animal adicional es naturalmente uno de m\u00e1s\u00bb, coment\u00f3 Schr\u00f6der.<\/p>\n<p>La raz\u00f3n es a menudo el estado de salud de los animales. \u00abLos due\u00f1os dejan sus animales porque ya no pueden afrontar el tratamiento de perros o gatos\u00bb, explic\u00f3.<\/p>\n<p>Schr\u00f6der puntualiz\u00f3 tambi\u00e9n que el trabajo se ve dificultado adem\u00e1s en los centros de acogida para animales por especies ex\u00f3ticas como serpientes, reptiles o tar\u00e1ntulas, ya que las instalaciones no est\u00e1n preparadas para ellas.<\/p>\n<p>\u00abEl cuidado de estos animales exige requisitos especiales. Y, en parte, son peligrosos para los empleados\u00bb, coment\u00f3 el presidente de la Asociaci\u00f3n de Protecci\u00f3n Animal germana.<\/p>\n<p>Schr\u00f6der se manifest\u00f3 por lo tanto a favor de un cat\u00e1logo para los animales que pueden tenerse en Alemania. Tanto el Gobierno como los estados federados deben confeccionar una denominada lista positiva, reclam\u00f3. \u00abActualmente cualquiera puede tener pr\u00e1cticamente cualquier animal\u00bb, alert\u00f3.<\/p>\n","protected":false},"excerpt":{"rendered":"<p>Osnabr\u00fcck (Alemania), 3 ago (dpa) &#8211; Hasta 70.000 animales dom\u00e9sticos fueron dejados en refugios germanos para mascotas durante las vacaciones de verano, indic\u00f3 el presidente de la Asociaci\u00f3n Alemana de Protecci\u00f3n de Animales, Thomas Schr\u00f6der, al diario \u00abNeue Osnabr\u00fccker Zeitung\u00bb en su edici\u00f3n de hoy. \u00abLos refugios de animales ya est\u00e1n al l\u00edmite de su<\/p>\n","protected":false},"author":1,"featured_media":3028,"comment_status":"closed","ping_status":"closed","sticky":false,"template":"","format":"standard","meta":{"footnotes":""},"categories":[1],"tags":[],"class_list":{"0":"post-3027","1":"post","2":"type-post","3":"status-publish","4":"format-standard","5":"has-post-thumbnail","7":"category-noticias"},"aioseo_notices":[],"aioseo_head":"\n\t\t<!-- All in One SEO Pro 4.9.6.2 - aioseo.com -->\n\t<meta name=\"description\" content=\"Osnabr\u00fcck (Alemania), 3 ago (dpa) - Hasta 70.000 animales dom\u00e9sticos fueron dejados en refugios germanos para mascotas durante las vacaciones de verano, indic\u00f3 el presidente de la Asociaci\u00f3n Alemana de Protecci\u00f3n de Animales, Thomas Schr\u00f6der, al diario &quot;Neue Osnabr\u00fccker Zeitung&quot; en su edici\u00f3n de hoy. &quot;Los refugios de animales ya est\u00e1n al l\u00edmite de su\" \/>\n\t<meta name=\"robots\" content=\"max-image-preview:large\" \/>\n\t<meta name=\"author\" content=\"NBAsturias\"\/>\n\t<meta name=\"google-site-verification\" content=\"UA-38556648-1\" \/>\n\t<meta name=\"keywords\" content=\"noticias\" \/>\n\t<link rel=\"canonical\" href=\"https:\/\/eldigitaldeasturias.com\/radio\/unas-70-000-mascotas-pasaran-las-vacaciones-en-refugios-alemanes\/\" \/>\n\t<meta name=\"generator\" content=\"All in One SEO Pro (AIOSEO) 4.9.6.2\" \/>\n\t\t<meta property=\"og:locale\" content=\"es_ES\" \/>\n\t\t<meta property=\"og:site_name\" content=\"El Digital de Asturias | Diario de informaci\u00f3n y noticias\" \/>\n\t\t<meta property=\"og:type\" content=\"article\" \/>\n\t\t<meta property=\"og:title\" content=\"Unas 70.000 mascotas \u201cpasar\u00e1n las vacaciones\u201d en refugios alemanes | El Digital de Asturias\" \/>\n\t\t<meta property=\"og:description\" content=\"Osnabr\u00fcck (Alemania), 3 ago (dpa) - Hasta 70.000 animales dom\u00e9sticos fueron dejados en refugios germanos para mascotas durante las vacaciones de verano, indic\u00f3 el presidente de la Asociaci\u00f3n Alemana de Protecci\u00f3n de Animales, Thomas Schr\u00f6der, al diario &quot;Neue Osnabr\u00fccker Zeitung&quot; en su edici\u00f3n de hoy. &quot;Los refugios de animales ya est\u00e1n al l\u00edmite de su\" \/>\n\t\t<meta property=\"og:url\" content=\"https:\/\/eldigitaldeasturias.com\/radio\/unas-70-000-mascotas-pasaran-las-vacaciones-en-refugios-alemanes\/\" \/>\n\t\t<meta property=\"og:image\" content=\"https:\/\/eldigitaldeasturias.com\/radio\/wp-content\/uploads\/2019\/08\/dog-2785074_960_720.jpg\" \/>\n\t\t<meta property=\"og:image:secure_url\" content=\"https:\/\/eldigitaldeasturias.com\/radio\/wp-content\/uploads\/2019\/08\/dog-2785074_960_720.jpg\" \/>\n\t\t<meta property=\"og:image:width\" content=\"960\" \/>\n\t\t<meta property=\"og:image:height\" content=\"639\" \/>\n\t\t<meta property=\"article:published_time\" content=\"2019-08-03T22:32:42+00:00\" \/>\n\t\t<meta property=\"article:modified_time\" content=\"2019-08-03T22:32:42+00:00\" \/>\n\t\t<meta name=\"twitter:card\" content=\"summary_large_image\" \/>\n\t\t<meta name=\"twitter:site\" content=\"@bercodi\" \/>\n\t\t<meta name=\"twitter:title\" content=\"Unas 70.000 mascotas \u201cpasar\u00e1n las vacaciones\u201d en refugios alemanes | El Digital de Asturias\" \/>\n\t\t<meta name=\"twitter:description\" content=\"Osnabr\u00fcck (Alemania), 3 ago (dpa) - Hasta 70.000 animales dom\u00e9sticos fueron dejados en refugios germanos para mascotas durante las vacaciones de verano, indic\u00f3 el presidente de la Asociaci\u00f3n Alemana de Protecci\u00f3n de Animales, Thomas Schr\u00f6der, al diario &quot;Neue Osnabr\u00fccker Zeitung&quot; en su edici\u00f3n de hoy. &quot;Los refugios de animales ya est\u00e1n al l\u00edmite de su\" \/>\n\t\t<meta name=\"twitter:creator\" content=\"@bercodi\" \/>\n\t\t<meta name=\"twitter:image\" content=\"https:\/\/eldigitaldeasturias.com\/radio\/wp-content\/uploads\/2019\/08\/dog-2785074_960_720.jpg\" \/>\n\t\t<script type=\"application\/ld+json\" class=\"aioseo-schema\">\n\t\t\t{\"@context\":\"https:\\\/\\\/schema.org\",\"@graph\":[{\"@type\":\"BreadcrumbList\",\"@id\":\"https:\\\/\\\/eldigitaldeasturias.com\\\/radio\\\/unas-70-000-mascotas-pasaran-las-vacaciones-en-refugios-alemanes\\\/#breadcrumblist\",\"itemListElement\":[{\"@type\":\"ListItem\",\"@id\":\"https:\\\/\\\/eldigitaldeasturias.com\\\/radio#listItem\",\"position\":1,\"name\":\"Inicio\",\"item\":\"https:\\\/\\\/eldigitaldeasturias.com\\\/radio\",\"nextItem\":{\"@type\":\"ListItem\",\"@id\":\"https:\\\/\\\/eldigitaldeasturias.com\\\/radio\\\/category\\\/noticias\\\/#listItem\",\"name\":\"Noticias\"}},{\"@type\":\"ListItem\",\"@id\":\"https:\\\/\\\/eldigitaldeasturias.com\\\/radio\\\/category\\\/noticias\\\/#listItem\",\"position\":2,\"name\":\"Noticias\",\"item\":\"https:\\\/\\\/eldigitaldeasturias.com\\\/radio\\\/category\\\/noticias\\\/\",\"nextItem\":{\"@type\":\"ListItem\",\"@id\":\"https:\\\/\\\/eldigitaldeasturias.com\\\/radio\\\/unas-70-000-mascotas-pasaran-las-vacaciones-en-refugios-alemanes\\\/#listItem\",\"name\":\"Unas 70.000 mascotas \\u201cpasar\\u00e1n las vacaciones\\u201d en refugios alemanes\"},\"previousItem\":{\"@type\":\"ListItem\",\"@id\":\"https:\\\/\\\/eldigitaldeasturias.com\\\/radio#listItem\",\"name\":\"Inicio\"}},{\"@type\":\"ListItem\",\"@id\":\"https:\\\/\\\/eldigitaldeasturias.com\\\/radio\\\/unas-70-000-mascotas-pasaran-las-vacaciones-en-refugios-alemanes\\\/#listItem\",\"position\":3,\"name\":\"Unas 70.000 mascotas \\u201cpasar\\u00e1n las vacaciones\\u201d en refugios alemanes\",\"previousItem\":{\"@type\":\"ListItem\",\"@id\":\"https:\\\/\\\/eldigitaldeasturias.com\\\/radio\\\/category\\\/noticias\\\/#listItem\",\"name\":\"Noticias\"}}]},{\"@type\":\"NewsArticle\",\"@id\":\"https:\\\/\\\/eldigitaldeasturias.com\\\/radio\\\/unas-70-000-mascotas-pasaran-las-vacaciones-en-refugios-alemanes\\\/#newsarticle\",\"name\":\"Unas 70.000 mascotas \\u201cpasar\\u00e1n las vacaciones\\u201d en refugios alemanes | El Digital de Asturias\",\"headline\":\"Unas 70.000 mascotas \\u201cpasar\\u00e1n las vacaciones\\u201d en refugios alemanes\",\"author\":{\"@id\":\"https:\\\/\\\/eldigitaldeasturias.com\\\/radio\\\/author\\\/nbasturias\\\/#author\"},\"publisher\":{\"@id\":\"https:\\\/\\\/eldigitaldeasturias.com\\\/radio\\\/#organization\"},\"image\":{\"@type\":\"ImageObject\",\"url\":\"https:\\\/\\\/eldigitaldeasturias.com\\\/radio\\\/wp-content\\\/uploads\\\/2019\\\/08\\\/dog-2785074_960_720.jpg\",\"width\":960,\"height\":639},\"datePublished\":\"2019-08-03T22:32:42+02:00\",\"dateModified\":\"2019-08-03T22:32:42+02:00\",\"inLanguage\":\"es-ES\",\"mainEntityOfPage\":{\"@id\":\"https:\\\/\\\/eldigitaldeasturias.com\\\/radio\\\/unas-70-000-mascotas-pasaran-las-vacaciones-en-refugios-alemanes\\\/#webpage\"},\"isPartOf\":{\"@id\":\"https:\\\/\\\/eldigitaldeasturias.com\\\/radio\\\/unas-70-000-mascotas-pasaran-las-vacaciones-en-refugios-alemanes\\\/#webpage\"},\"articleSection\":\"Noticias\",\"dateline\":\"Publicado el agosto 3, 2019.\"},{\"@type\":\"Organization\",\"@id\":\"https:\\\/\\\/eldigitaldeasturias.com\\\/radio\\\/#organization\",\"name\":\"El digital de Asturias Radio\",\"description\":\"Diario de informaci\\u00f3n y noticias\",\"url\":\"https:\\\/\\\/eldigitaldeasturias.com\\\/radio\\\/\",\"telephone\":\"+34652131393\",\"logo\":{\"@type\":\"ImageObject\",\"url\":\"https:\\\/\\\/www.eldigitaldeasturias.com\\\/radio\\\/wp-content\\\/uploads\\\/2021\\\/03\\\/EDA.jpg\",\"@id\":\"https:\\\/\\\/eldigitaldeasturias.com\\\/radio\\\/unas-70-000-mascotas-pasaran-las-vacaciones-en-refugios-alemanes\\\/#organizationLogo\"},\"image\":{\"@id\":\"https:\\\/\\\/eldigitaldeasturias.com\\\/radio\\\/unas-70-000-mascotas-pasaran-las-vacaciones-en-refugios-alemanes\\\/#organizationLogo\"},\"sameAs\":[\"https:\\\/\\\/www.facebook.com\\\/\",\"https:\\\/\\\/x.com\\\/bercodi\",\"https:\\\/\\\/www.instagram.com\\\/\",\"https:\\\/\\\/www.youtube.com\\\/channel\\\/UCZP-2wLEB9Rv6erhFmqVnvg\"]},{\"@type\":\"Person\",\"@id\":\"https:\\\/\\\/eldigitaldeasturias.com\\\/radio\\\/author\\\/nbasturias\\\/#author\",\"url\":\"https:\\\/\\\/eldigitaldeasturias.com\\\/radio\\\/author\\\/nbasturias\\\/\",\"name\":\"NBAsturias\",\"image\":{\"@type\":\"ImageObject\",\"@id\":\"https:\\\/\\\/eldigitaldeasturias.com\\\/radio\\\/unas-70-000-mascotas-pasaran-las-vacaciones-en-refugios-alemanes\\\/#authorImage\",\"url\":\"https:\\\/\\\/secure.gravatar.com\\\/avatar\\\/df2aeffc32bcd13f8d26072ef8a91b623d677766deac7f97ca815868cd41bf5e?s=96&d=mm&r=g\",\"width\":96,\"height\":96,\"caption\":\"NBAsturias\"}},{\"@type\":\"WebPage\",\"@id\":\"https:\\\/\\\/eldigitaldeasturias.com\\\/radio\\\/unas-70-000-mascotas-pasaran-las-vacaciones-en-refugios-alemanes\\\/#webpage\",\"url\":\"https:\\\/\\\/eldigitaldeasturias.com\\\/radio\\\/unas-70-000-mascotas-pasaran-las-vacaciones-en-refugios-alemanes\\\/\",\"name\":\"Unas 70.000 mascotas \\u201cpasar\\u00e1n las vacaciones\\u201d en refugios alemanes | El Digital de Asturias\",\"description\":\"Osnabr\\u00fcck (Alemania), 3 ago (dpa) - Hasta 70.000 animales dom\\u00e9sticos fueron dejados en refugios germanos para mascotas durante las vacaciones de verano, indic\\u00f3 el presidente de la Asociaci\\u00f3n Alemana de Protecci\\u00f3n de Animales, Thomas Schr\\u00f6der, al diario \\\"Neue Osnabr\\u00fccker Zeitung\\\" en su edici\\u00f3n de hoy. \\\"Los refugios de animales ya est\\u00e1n al l\\u00edmite de su\",\"inLanguage\":\"es-ES\",\"isPartOf\":{\"@id\":\"https:\\\/\\\/eldigitaldeasturias.com\\\/radio\\\/#website\"},\"breadcrumb\":{\"@id\":\"https:\\\/\\\/eldigitaldeasturias.com\\\/radio\\\/unas-70-000-mascotas-pasaran-las-vacaciones-en-refugios-alemanes\\\/#breadcrumblist\"},\"author\":{\"@id\":\"https:\\\/\\\/eldigitaldeasturias.com\\\/radio\\\/author\\\/nbasturias\\\/#author\"},\"creator\":{\"@id\":\"https:\\\/\\\/eldigitaldeasturias.com\\\/radio\\\/author\\\/nbasturias\\\/#author\"},\"image\":{\"@type\":\"ImageObject\",\"url\":\"https:\\\/\\\/eldigitaldeasturias.com\\\/radio\\\/wp-content\\\/uploads\\\/2019\\\/08\\\/dog-2785074_960_720.jpg\",\"@id\":\"https:\\\/\\\/eldigitaldeasturias.com\\\/radio\\\/unas-70-000-mascotas-pasaran-las-vacaciones-en-refugios-alemanes\\\/#mainImage\",\"width\":960,\"height\":639},\"primaryImageOfPage\":{\"@id\":\"https:\\\/\\\/eldigitaldeasturias.com\\\/radio\\\/unas-70-000-mascotas-pasaran-las-vacaciones-en-refugios-alemanes\\\/#mainImage\"},\"datePublished\":\"2019-08-03T22:32:42+02:00\",\"dateModified\":\"2019-08-03T22:32:42+02:00\"},{\"@type\":\"WebSite\",\"@id\":\"https:\\\/\\\/eldigitaldeasturias.com\\\/radio\\\/#website\",\"url\":\"https:\\\/\\\/eldigitaldeasturias.com\\\/radio\\\/\",\"name\":\"El Digital de Asturias\",\"description\":\"Diario de informaci\\u00f3n y noticias\",\"inLanguage\":\"es-ES\",\"publisher\":{\"@id\":\"https:\\\/\\\/eldigitaldeasturias.com\\\/radio\\\/#organization\"}}]}\n\t\t<\/script>\n\t\t<!-- All in One SEO Pro -->\r\n\t\t<title>Unas 70.000 mascotas \u201cpasar\u00e1n las vacaciones\u201d en refugios alemanes | El Digital de Asturias<\/title>\n\n","aioseo_head_json":{"title":"Unas 70.000 mascotas \u201cpasar\u00e1n las vacaciones\u201d en refugios alemanes | El Digital de Asturias","description":"Osnabr\u00fcck (Alemania), 3 ago (dpa) - Hasta 70.000 animales dom\u00e9sticos fueron dejados en refugios germanos para mascotas durante las vacaciones de verano, indic\u00f3 el presidente de la Asociaci\u00f3n Alemana de Protecci\u00f3n de Animales, Thomas Schr\u00f6der, al diario \"Neue Osnabr\u00fccker Zeitung\" en su edici\u00f3n de hoy. \"Los refugios de animales ya est\u00e1n al l\u00edmite de su","canonical_url":"https:\/\/eldigitaldeasturias.com\/radio\/unas-70-000-mascotas-pasaran-las-vacaciones-en-refugios-alemanes\/","robots":"max-image-preview:large","keywords":"noticias","webmasterTools":{"google-site-verification":"UA-38556648-1","miscellaneous":""},"schema":{"@context":"https:\/\/schema.org","@graph":[{"@type":"BreadcrumbList","@id":"https:\/\/eldigitaldeasturias.com\/radio\/unas-70-000-mascotas-pasaran-las-vacaciones-en-refugios-alemanes\/#breadcrumblist","itemListElement":[{"@type":"ListItem","@id":"https:\/\/eldigitaldeasturias.com\/radio#listItem","position":1,"name":"Inicio","item":"https:\/\/eldigitaldeasturias.com\/radio","nextItem":{"@type":"ListItem","@id":"https:\/\/eldigitaldeasturias.com\/radio\/category\/noticias\/#listItem","name":"Noticias"}},{"@type":"ListItem","@id":"https:\/\/eldigitaldeasturias.com\/radio\/category\/noticias\/#listItem","position":2,"name":"Noticias","item":"https:\/\/eldigitaldeasturias.com\/radio\/category\/noticias\/","nextItem":{"@type":"ListItem","@id":"https:\/\/eldigitaldeasturias.com\/radio\/unas-70-000-mascotas-pasaran-las-vacaciones-en-refugios-alemanes\/#listItem","name":"Unas 70.000 mascotas \u201cpasar\u00e1n las vacaciones\u201d en refugios alemanes"},"previousItem":{"@type":"ListItem","@id":"https:\/\/eldigitaldeasturias.com\/radio#listItem","name":"Inicio"}},{"@type":"ListItem","@id":"https:\/\/eldigitaldeasturias.com\/radio\/unas-70-000-mascotas-pasaran-las-vacaciones-en-refugios-alemanes\/#listItem","position":3,"name":"Unas 70.000 mascotas \u201cpasar\u00e1n las vacaciones\u201d en refugios alemanes","previousItem":{"@type":"ListItem","@id":"https:\/\/eldigitaldeasturias.com\/radio\/category\/noticias\/#listItem","name":"Noticias"}}]},{"@type":"NewsArticle","@id":"https:\/\/eldigitaldeasturias.com\/radio\/unas-70-000-mascotas-pasaran-las-vacaciones-en-refugios-alemanes\/#newsarticle","name":"Unas 70.000 mascotas \u201cpasar\u00e1n las vacaciones\u201d en refugios alemanes | El Digital de Asturias","headline":"Unas 70.000 mascotas \u201cpasar\u00e1n las vacaciones\u201d en refugios alemanes","author":{"@id":"https:\/\/eldigitaldeasturias.com\/radio\/author\/nbasturias\/#author"},"publisher":{"@id":"https:\/\/eldigitaldeasturias.com\/radio\/#organization"},"image":{"@type":"ImageObject","url":"https:\/\/eldigitaldeasturias.com\/radio\/wp-content\/uploads\/2019\/08\/dog-2785074_960_720.jpg","width":960,"height":639},"datePublished":"2019-08-03T22:32:42+02:00","dateModified":"2019-08-03T22:32:42+02:00","inLanguage":"es-ES","mainEntityOfPage":{"@id":"https:\/\/eldigitaldeasturias.com\/radio\/unas-70-000-mascotas-pasaran-las-vacaciones-en-refugios-alemanes\/#webpage"},"isPartOf":{"@id":"https:\/\/eldigitaldeasturias.com\/radio\/unas-70-000-mascotas-pasaran-las-vacaciones-en-refugios-alemanes\/#webpage"},"articleSection":"Noticias","dateline":"Publicado el agosto 3, 2019."},{"@type":"Organization","@id":"https:\/\/eldigitaldeasturias.com\/radio\/#organization","name":"El digital de Asturias Radio","description":"Diario de informaci\u00f3n y noticias","url":"https:\/\/eldigitaldeasturias.com\/radio\/","telephone":"+34652131393","logo":{"@type":"ImageObject","url":"https:\/\/www.eldigitaldeasturias.com\/radio\/wp-content\/uploads\/2021\/03\/EDA.jpg","@id":"https:\/\/eldigitaldeasturias.com\/radio\/unas-70-000-mascotas-pasaran-las-vacaciones-en-refugios-alemanes\/#organizationLogo"},"image":{"@id":"https:\/\/eldigitaldeasturias.com\/radio\/unas-70-000-mascotas-pasaran-las-vacaciones-en-refugios-alemanes\/#organizationLogo"},"sameAs":["https:\/\/www.facebook.com\/","https:\/\/x.com\/bercodi","https:\/\/www.instagram.com\/","https:\/\/www.youtube.com\/channel\/UCZP-2wLEB9Rv6erhFmqVnvg"]},{"@type":"Person","@id":"https:\/\/eldigitaldeasturias.com\/radio\/author\/nbasturias\/#author","url":"https:\/\/eldigitaldeasturias.com\/radio\/author\/nbasturias\/","name":"NBAsturias","image":{"@type":"ImageObject","@id":"https:\/\/eldigitaldeasturias.com\/radio\/unas-70-000-mascotas-pasaran-las-vacaciones-en-refugios-alemanes\/#authorImage","url":"https:\/\/secure.gravatar.com\/avatar\/df2aeffc32bcd13f8d26072ef8a91b623d677766deac7f97ca815868cd41bf5e?s=96&d=mm&r=g","width":96,"height":96,"caption":"NBAsturias"}},{"@type":"WebPage","@id":"https:\/\/eldigitaldeasturias.com\/radio\/unas-70-000-mascotas-pasaran-las-vacaciones-en-refugios-alemanes\/#webpage","url":"https:\/\/eldigitaldeasturias.com\/radio\/unas-70-000-mascotas-pasaran-las-vacaciones-en-refugios-alemanes\/","name":"Unas 70.000 mascotas \u201cpasar\u00e1n las vacaciones\u201d en refugios alemanes | El Digital de Asturias","description":"Osnabr\u00fcck (Alemania), 3 ago (dpa) - Hasta 70.000 animales dom\u00e9sticos fueron dejados en refugios germanos para mascotas durante las vacaciones de verano, indic\u00f3 el presidente de la Asociaci\u00f3n Alemana de Protecci\u00f3n de Animales, Thomas Schr\u00f6der, al diario \"Neue Osnabr\u00fccker Zeitung\" en su edici\u00f3n de hoy. \"Los refugios de animales ya est\u00e1n al l\u00edmite de su","inLanguage":"es-ES","isPartOf":{"@id":"https:\/\/eldigitaldeasturias.com\/radio\/#website"},"breadcrumb":{"@id":"https:\/\/eldigitaldeasturias.com\/radio\/unas-70-000-mascotas-pasaran-las-vacaciones-en-refugios-alemanes\/#breadcrumblist"},"author":{"@id":"https:\/\/eldigitaldeasturias.com\/radio\/author\/nbasturias\/#author"},"creator":{"@id":"https:\/\/eldigitaldeasturias.com\/radio\/author\/nbasturias\/#author"},"image":{"@type":"ImageObject","url":"https:\/\/eldigitaldeasturias.com\/radio\/wp-content\/uploads\/2019\/08\/dog-2785074_960_720.jpg","@id":"https:\/\/eldigitaldeasturias.com\/radio\/unas-70-000-mascotas-pasaran-las-vacaciones-en-refugios-alemanes\/#mainImage","width":960,"height":639},"primaryImageOfPage":{"@id":"https:\/\/eldigitaldeasturias.com\/radio\/unas-70-000-mascotas-pasaran-las-vacaciones-en-refugios-alemanes\/#mainImage"},"datePublished":"2019-08-03T22:32:42+02:00","dateModified":"2019-08-03T22:32:42+02:00"},{"@type":"WebSite","@id":"https:\/\/eldigitaldeasturias.com\/radio\/#website","url":"https:\/\/eldigitaldeasturias.com\/radio\/","name":"El Digital de Asturias","description":"Diario de informaci\u00f3n y noticias","inLanguage":"es-ES","publisher":{"@id":"https:\/\/eldigitaldeasturias.com\/radio\/#organization"}}]},"og:locale":"es_ES","og:site_name":"El Digital de Asturias | Diario de informaci\u00f3n y noticias","og:type":"article","og:title":"Unas 70.000 mascotas \u201cpasar\u00e1n las vacaciones\u201d en refugios alemanes | El Digital de Asturias","og:description":"Osnabr\u00fcck (Alemania), 3 ago (dpa) - Hasta 70.000 animales dom\u00e9sticos fueron dejados en refugios germanos para mascotas durante las vacaciones de verano, indic\u00f3 el presidente de la Asociaci\u00f3n Alemana de Protecci\u00f3n de Animales, Thomas Schr\u00f6der, al diario &quot;Neue Osnabr\u00fccker Zeitung&quot; en su edici\u00f3n de hoy. &quot;Los refugios de animales ya est\u00e1n al l\u00edmite de su","og:url":"https:\/\/eldigitaldeasturias.com\/radio\/unas-70-000-mascotas-pasaran-las-vacaciones-en-refugios-alemanes\/","og:image":"https:\/\/eldigitaldeasturias.com\/radio\/wp-content\/uploads\/2019\/08\/dog-2785074_960_720.jpg","og:image:secure_url":"https:\/\/eldigitaldeasturias.com\/radio\/wp-content\/uploads\/2019\/08\/dog-2785074_960_720.jpg","og:image:width":960,"og:image:height":639,"article:published_time":"2019-08-03T22:32:42+00:00","article:modified_time":"2019-08-03T22:32:42+00:00","twitter:card":"summary_large_image","twitter:site":"@bercodi","twitter:title":"Unas 70.000 mascotas \u201cpasar\u00e1n las vacaciones\u201d en refugios alemanes | El Digital de Asturias","twitter:description":"Osnabr\u00fcck (Alemania), 3 ago (dpa) - Hasta 70.000 animales dom\u00e9sticos fueron dejados en refugios germanos para mascotas durante las vacaciones de verano, indic\u00f3 el presidente de la Asociaci\u00f3n Alemana de Protecci\u00f3n de Animales, Thomas Schr\u00f6der, al diario &quot;Neue Osnabr\u00fccker Zeitung&quot; en su edici\u00f3n de hoy. &quot;Los refugios de animales ya est\u00e1n al l\u00edmite de su","twitter:creator":"@bercodi","twitter:image":"https:\/\/eldigitaldeasturias.com\/radio\/wp-content\/uploads\/2019\/08\/dog-2785074_960_720.jpg"},"aioseo_meta_data":{"post_id":"3027","title":null,"description":null,"keywords":null,"keyphrases":null,"primary_term":null,"canonical_url":null,"og_title":null,"og_description":null,"og_object_type":"default","og_image_type":"default","og_image_url":null,"og_image_width":null,"og_image_height":null,"og_image_custom_url":null,"og_image_custom_fields":null,"og_video":null,"og_custom_url":null,"og_article_section":null,"og_article_tags":null,"twitter_use_og":false,"twitter_card":"default","twitter_image_type":"default","twitter_image_url":null,"twitter_image_custom_url":null,"twitter_image_custom_fields":null,"twitter_title":null,"twitter_description":null,"schema":{"blockGraphs":[],"customGraphs":[],"default":{"data":{"Article":[],"Course":[],"Dataset":[],"FAQPage":[],"Movie":[],"Person":[],"Product":[],"ProductReview":[],"Car":[],"Recipe":[],"Service":[],"SoftwareApplication":[],"WebPage":[]},"graphName":"","isEnabled":true},"graphs":[],"defaultGraph":"","defaultPostTypeGraph":""},"schema_type":null,"schema_type_options":null,"pillar_content":false,"robots_default":true,"robots_noindex":false,"robots_noarchive":false,"robots_nosnippet":false,"robots_nofollow":false,"robots_noimageindex":false,"robots_noodp":false,"robots_notranslate":false,"robots_max_snippet":null,"robots_max_videopreview":null,"robots_max_imagepreview":"large","priority":null,"frequency":null,"location":null,"local_seo":null,"seo_analyzer_scan_date":"2025-08-28 13:24:24","breadcrumb_settings":null,"limit_modified_date":false,"open_ai":null,"ai":null,"created":"2021-03-27 22:34:29","updated":"2025-08-28 13:24:24"},"aioseo_breadcrumb":"<div class=\"aioseo-breadcrumbs\"><span class=\"aioseo-breadcrumb\">\n\t<a href=\"https:\/\/eldigitaldeasturias.com\/radio\" title=\"Inicio\">Inicio<\/a>\n<\/span><span class=\"aioseo-breadcrumb-separator\">&ndash;<\/span><span class=\"aioseo-breadcrumb\">\n\t<a href=\"https:\/\/eldigitaldeasturias.com\/radio\/category\/noticias\/\" title=\"Noticias\">Noticias<\/a>\n<\/span><span class=\"aioseo-breadcrumb-separator\">&ndash;<\/span><span class=\"aioseo-breadcrumb\">\n\tUnas 70.000 mascotas \u201cpasar\u00e1n las vacaciones\u201d en refugios alemanes\n<\/span><\/div>","aioseo_breadcrumb_json":[{"label":"Inicio","link":"https:\/\/eldigitaldeasturias.com\/radio"},{"label":"Noticias","link":"https:\/\/eldigitaldeasturias.com\/radio\/category\/noticias\/"},{"label":"Unas 70.000 mascotas \u201cpasar\u00e1n las vacaciones\u201d en refugios alemanes","link":"https:\/\/eldigitaldeasturias.com\/radio\/unas-70-000-mascotas-pasaran-las-vacaciones-en-refugios-alemanes\/"}],"_links":{"self":[{"href":"https:\/\/eldigitaldeasturias.com\/radio\/wp-json\/wp\/v2\/posts\/3027","targetHints":{"allow":["GET"]}}],"collection":[{"href":"https:\/\/eldigitaldeasturias.com\/radio\/wp-json\/wp\/v2\/posts"}],"about":[{"href":"https:\/\/eldigitaldeasturias.com\/radio\/wp-json\/wp\/v2\/types\/post"}],"author":[{"embeddable":true,"href":"https:\/\/eldigitaldeasturias.com\/radio\/wp-json\/wp\/v2\/users\/1"}],"replies":[{"embeddable":true,"href":"https:\/\/eldigitaldeasturias.com\/radio\/wp-json\/wp\/v2\/comments?post=3027"}],"version-history":[{"count":0,"href":"https:\/\/eldigitaldeasturias.com\/radio\/wp-json\/wp\/v2\/posts\/3027\/revisions"}],"wp:featuredmedia":[{"embeddable":true,"href":"https:\/\/eldigitaldeasturias.com\/radio\/wp-json\/wp\/v2\/media\/3028"}],"wp:attachment":[{"href":"https:\/\/eldigitaldeasturias.com\/radio\/wp-json\/wp\/v2\/media?parent=3027"}],"wp:term":[{"taxonomy":"category","embeddable":true,"href":"https:\/\/eldigitaldeasturias.com\/radio\/wp-json\/wp\/v2\/categories?post=3027"},{"taxonomy":"post_tag","embeddable":true,"href":"https:\/\/eldigitaldeasturias.com\/radio\/wp-json\/wp\/v2\/tags?post=3027"}],"curies":[{"name":"wp","href":"https:\/\/api.w.org\/{rel}","templated":true}]}}