{"id":3025,"date":"2019-08-03T21:02:15","date_gmt":"2019-08-03T21:02:15","guid":{"rendered":"http:\/\/eldigitaldeasturias.com\/radio\/?p=3025"},"modified":"2019-08-03T21:36:19","modified_gmt":"2019-08-03T21:36:19","slug":"museo-diocesano-de-bamberg-expone-la-tumba-de-blancanieves","status":"publish","type":"post","link":"https:\/\/eldigitaldeasturias.com\/radio\/museo-diocesano-de-bamberg-expone-la-tumba-de-blancanieves\/","title":{"rendered":"Museo diocesano de Bamberg expone la tumba de \u00abBlancanieves\u00bb"},"content":{"rendered":"<p>Bamberg (Alemania), 3 ago (dpa) &#8211; Los visitantes que acudan al Museo Diocesano de Bamberg, en Baviera, pueden ver ahora la l\u00e1pida del personaje real en la que se inspiraron los hermanos Grimm para escribir el famoso cuento de \u00abBlancanieves\u00bb.<\/p>\n<p>La archidi\u00f3cesis de Bamberg inform\u00f3 que la losa pertenece a la tumba de la princesa Mar\u00eda Sof\u00eda de Erthal (1725-1796) de la ciudad de Lohr am Main.<\/p>\n<p>Al igual que la figura del cuento de los famosos escritores alemanes, Von Erthal creci\u00f3 en un castillo rodeado de un \u00abbosque salvaje\u00bb, el Spessart, y siete colinas a lo largo de la cadena monta\u00f1osa de \u00abWieser Stra\u00dfe\u00bb.<\/p>\n<p>Su padre no solo era supervisor de una manufactura de espejos, sino que su segunda esposa, al igual que la malvada madrastra de Blancanives, tambi\u00e9n era considerada una mujer dominante y desp\u00f3tica.<\/p>\n","protected":false},"excerpt":{"rendered":"<p>Bamberg (Alemania), 3 ago (dpa) &#8211; Los visitantes que acudan al Museo Diocesano de Bamberg, en Baviera, pueden ver ahora la l\u00e1pida del personaje real en la que se inspiraron los hermanos Grimm para escribir el famoso cuento de \u00abBlancanieves\u00bb. La archidi\u00f3cesis de Bamberg inform\u00f3 que la losa pertenece a la tumba de la princesa<\/p>\n","protected":false},"author":1,"featured_media":878,"comment_status":"closed","ping_status":"closed","sticky":false,"template":"","format":"standard","meta":{"footnotes":""},"categories":[1],"tags":[],"class_list":{"0":"post-3025","1":"post","2":"type-post","3":"status-publish","4":"format-standard","5":"has-post-thumbnail","7":"category-noticias"},"aioseo_notices":[],"aioseo_head":"\n\t\t<!-- All in One SEO Pro 4.9.6.2 - aioseo.com -->\n\t<meta name=\"description\" content=\"Bamberg (Alemania), 3 ago (dpa) - Los visitantes que acudan al Museo Diocesano de Bamberg, en Baviera, pueden ver ahora la l\u00e1pida del personaje real en la que se inspiraron los hermanos Grimm para escribir el famoso cuento de &quot;Blancanieves&quot;. La archidi\u00f3cesis de Bamberg inform\u00f3 que la losa pertenece a la tumba de la princesa\" \/>\n\t<meta name=\"robots\" content=\"max-image-preview:large\" \/>\n\t<meta name=\"author\" content=\"NBAsturias\"\/>\n\t<meta name=\"google-site-verification\" content=\"UA-38556648-1\" \/>\n\t<meta name=\"keywords\" content=\"noticias\" \/>\n\t<link rel=\"canonical\" href=\"https:\/\/eldigitaldeasturias.com\/radio\/museo-diocesano-de-bamberg-expone-la-tumba-de-blancanieves\/\" \/>\n\t<meta name=\"generator\" content=\"All in One SEO Pro (AIOSEO) 4.9.6.2\" \/>\n\t\t<meta property=\"og:locale\" content=\"es_ES\" \/>\n\t\t<meta property=\"og:site_name\" content=\"El Digital de Asturias | Diario de informaci\u00f3n y noticias\" \/>\n\t\t<meta property=\"og:type\" content=\"article\" \/>\n\t\t<meta property=\"og:title\" content=\"Museo diocesano de Bamberg expone la tumba de \u00abBlancanieves\u00bb | El Digital de Asturias\" \/>\n\t\t<meta property=\"og:description\" content=\"Bamberg (Alemania), 3 ago (dpa) - Los visitantes que acudan al Museo Diocesano de Bamberg, en Baviera, pueden ver ahora la l\u00e1pida del personaje real en la que se inspiraron los hermanos Grimm para escribir el famoso cuento de &quot;Blancanieves&quot;. La archidi\u00f3cesis de Bamberg inform\u00f3 que la losa pertenece a la tumba de la princesa\" \/>\n\t\t<meta property=\"og:url\" content=\"https:\/\/eldigitaldeasturias.com\/radio\/museo-diocesano-de-bamberg-expone-la-tumba-de-blancanieves\/\" \/>\n\t\t<meta property=\"og:image\" content=\"https:\/\/eldigitaldeasturias.com\/radio\/wp-content\/uploads\/2018\/05\/book-1291164_960_720.jpg\" \/>\n\t\t<meta property=\"og:image:secure_url\" content=\"https:\/\/eldigitaldeasturias.com\/radio\/wp-content\/uploads\/2018\/05\/book-1291164_960_720.jpg\" \/>\n\t\t<meta property=\"og:image:width\" content=\"960\" \/>\n\t\t<meta property=\"og:image:height\" content=\"640\" \/>\n\t\t<meta property=\"article:published_time\" content=\"2019-08-03T21:02:15+00:00\" \/>\n\t\t<meta property=\"article:modified_time\" content=\"2019-08-03T21:36:19+00:00\" \/>\n\t\t<meta name=\"twitter:card\" content=\"summary_large_image\" \/>\n\t\t<meta name=\"twitter:site\" content=\"@bercodi\" \/>\n\t\t<meta name=\"twitter:title\" content=\"Museo diocesano de Bamberg expone la tumba de \u00abBlancanieves\u00bb | El Digital de Asturias\" \/>\n\t\t<meta name=\"twitter:description\" content=\"Bamberg (Alemania), 3 ago (dpa) - Los visitantes que acudan al Museo Diocesano de Bamberg, en Baviera, pueden ver ahora la l\u00e1pida del personaje real en la que se inspiraron los hermanos Grimm para escribir el famoso cuento de &quot;Blancanieves&quot;. La archidi\u00f3cesis de Bamberg inform\u00f3 que la losa pertenece a la tumba de la princesa\" \/>\n\t\t<meta name=\"twitter:creator\" content=\"@bercodi\" \/>\n\t\t<meta name=\"twitter:image\" content=\"https:\/\/eldigitaldeasturias.com\/radio\/wp-content\/uploads\/2018\/05\/book-1291164_960_720.jpg\" \/>\n\t\t<script type=\"application\/ld+json\" class=\"aioseo-schema\">\n\t\t\t{\"@context\":\"https:\\\/\\\/schema.org\",\"@graph\":[{\"@type\":\"BreadcrumbList\",\"@id\":\"https:\\\/\\\/eldigitaldeasturias.com\\\/radio\\\/museo-diocesano-de-bamberg-expone-la-tumba-de-blancanieves\\\/#breadcrumblist\",\"itemListElement\":[{\"@type\":\"ListItem\",\"@id\":\"https:\\\/\\\/eldigitaldeasturias.com\\\/radio#listItem\",\"position\":1,\"name\":\"Inicio\",\"item\":\"https:\\\/\\\/eldigitaldeasturias.com\\\/radio\",\"nextItem\":{\"@type\":\"ListItem\",\"@id\":\"https:\\\/\\\/eldigitaldeasturias.com\\\/radio\\\/category\\\/noticias\\\/#listItem\",\"name\":\"Noticias\"}},{\"@type\":\"ListItem\",\"@id\":\"https:\\\/\\\/eldigitaldeasturias.com\\\/radio\\\/category\\\/noticias\\\/#listItem\",\"position\":2,\"name\":\"Noticias\",\"item\":\"https:\\\/\\\/eldigitaldeasturias.com\\\/radio\\\/category\\\/noticias\\\/\",\"nextItem\":{\"@type\":\"ListItem\",\"@id\":\"https:\\\/\\\/eldigitaldeasturias.com\\\/radio\\\/museo-diocesano-de-bamberg-expone-la-tumba-de-blancanieves\\\/#listItem\",\"name\":\"Museo diocesano de Bamberg expone la tumba de \\u00abBlancanieves\\u00bb\"},\"previousItem\":{\"@type\":\"ListItem\",\"@id\":\"https:\\\/\\\/eldigitaldeasturias.com\\\/radio#listItem\",\"name\":\"Inicio\"}},{\"@type\":\"ListItem\",\"@id\":\"https:\\\/\\\/eldigitaldeasturias.com\\\/radio\\\/museo-diocesano-de-bamberg-expone-la-tumba-de-blancanieves\\\/#listItem\",\"position\":3,\"name\":\"Museo diocesano de Bamberg expone la tumba de \\u00abBlancanieves\\u00bb\",\"previousItem\":{\"@type\":\"ListItem\",\"@id\":\"https:\\\/\\\/eldigitaldeasturias.com\\\/radio\\\/category\\\/noticias\\\/#listItem\",\"name\":\"Noticias\"}}]},{\"@type\":\"NewsArticle\",\"@id\":\"https:\\\/\\\/eldigitaldeasturias.com\\\/radio\\\/museo-diocesano-de-bamberg-expone-la-tumba-de-blancanieves\\\/#newsarticle\",\"name\":\"Museo diocesano de Bamberg expone la tumba de \\u00abBlancanieves\\u00bb | El Digital de Asturias\",\"headline\":\"Museo diocesano de Bamberg expone la tumba de \\u00abBlancanieves\\u00bb\",\"author\":{\"@id\":\"https:\\\/\\\/eldigitaldeasturias.com\\\/radio\\\/author\\\/nbasturias\\\/#author\"},\"publisher\":{\"@id\":\"https:\\\/\\\/eldigitaldeasturias.com\\\/radio\\\/#organization\"},\"image\":{\"@type\":\"ImageObject\",\"url\":\"https:\\\/\\\/eldigitaldeasturias.com\\\/radio\\\/wp-content\\\/uploads\\\/2018\\\/05\\\/book-1291164_960_720.jpg\",\"width\":960,\"height\":640},\"datePublished\":\"2019-08-03T21:02:15+02:00\",\"dateModified\":\"2019-08-03T21:36:19+02:00\",\"inLanguage\":\"es-ES\",\"mainEntityOfPage\":{\"@id\":\"https:\\\/\\\/eldigitaldeasturias.com\\\/radio\\\/museo-diocesano-de-bamberg-expone-la-tumba-de-blancanieves\\\/#webpage\"},\"isPartOf\":{\"@id\":\"https:\\\/\\\/eldigitaldeasturias.com\\\/radio\\\/museo-diocesano-de-bamberg-expone-la-tumba-de-blancanieves\\\/#webpage\"},\"articleSection\":\"Noticias\",\"dateline\":\"Publicado el agosto 3, 2019.\"},{\"@type\":\"Organization\",\"@id\":\"https:\\\/\\\/eldigitaldeasturias.com\\\/radio\\\/#organization\",\"name\":\"El digital de Asturias Radio\",\"description\":\"Diario de informaci\\u00f3n y noticias\",\"url\":\"https:\\\/\\\/eldigitaldeasturias.com\\\/radio\\\/\",\"telephone\":\"+34652131393\",\"logo\":{\"@type\":\"ImageObject\",\"url\":\"https:\\\/\\\/www.eldigitaldeasturias.com\\\/radio\\\/wp-content\\\/uploads\\\/2021\\\/03\\\/EDA.jpg\",\"@id\":\"https:\\\/\\\/eldigitaldeasturias.com\\\/radio\\\/museo-diocesano-de-bamberg-expone-la-tumba-de-blancanieves\\\/#organizationLogo\"},\"image\":{\"@id\":\"https:\\\/\\\/eldigitaldeasturias.com\\\/radio\\\/museo-diocesano-de-bamberg-expone-la-tumba-de-blancanieves\\\/#organizationLogo\"},\"sameAs\":[\"https:\\\/\\\/www.facebook.com\\\/\",\"https:\\\/\\\/x.com\\\/bercodi\",\"https:\\\/\\\/www.instagram.com\\\/\",\"https:\\\/\\\/www.youtube.com\\\/channel\\\/UCZP-2wLEB9Rv6erhFmqVnvg\"]},{\"@type\":\"Person\",\"@id\":\"https:\\\/\\\/eldigitaldeasturias.com\\\/radio\\\/author\\\/nbasturias\\\/#author\",\"url\":\"https:\\\/\\\/eldigitaldeasturias.com\\\/radio\\\/author\\\/nbasturias\\\/\",\"name\":\"NBAsturias\",\"image\":{\"@type\":\"ImageObject\",\"@id\":\"https:\\\/\\\/eldigitaldeasturias.com\\\/radio\\\/museo-diocesano-de-bamberg-expone-la-tumba-de-blancanieves\\\/#authorImage\",\"url\":\"https:\\\/\\\/secure.gravatar.com\\\/avatar\\\/df2aeffc32bcd13f8d26072ef8a91b623d677766deac7f97ca815868cd41bf5e?s=96&d=mm&r=g\",\"width\":96,\"height\":96,\"caption\":\"NBAsturias\"}},{\"@type\":\"WebPage\",\"@id\":\"https:\\\/\\\/eldigitaldeasturias.com\\\/radio\\\/museo-diocesano-de-bamberg-expone-la-tumba-de-blancanieves\\\/#webpage\",\"url\":\"https:\\\/\\\/eldigitaldeasturias.com\\\/radio\\\/museo-diocesano-de-bamberg-expone-la-tumba-de-blancanieves\\\/\",\"name\":\"Museo diocesano de Bamberg expone la tumba de \\u00abBlancanieves\\u00bb | El Digital de Asturias\",\"description\":\"Bamberg (Alemania), 3 ago (dpa) - Los visitantes que acudan al Museo Diocesano de Bamberg, en Baviera, pueden ver ahora la l\\u00e1pida del personaje real en la que se inspiraron los hermanos Grimm para escribir el famoso cuento de \\\"Blancanieves\\\". La archidi\\u00f3cesis de Bamberg inform\\u00f3 que la losa pertenece a la tumba de la princesa\",\"inLanguage\":\"es-ES\",\"isPartOf\":{\"@id\":\"https:\\\/\\\/eldigitaldeasturias.com\\\/radio\\\/#website\"},\"breadcrumb\":{\"@id\":\"https:\\\/\\\/eldigitaldeasturias.com\\\/radio\\\/museo-diocesano-de-bamberg-expone-la-tumba-de-blancanieves\\\/#breadcrumblist\"},\"author\":{\"@id\":\"https:\\\/\\\/eldigitaldeasturias.com\\\/radio\\\/author\\\/nbasturias\\\/#author\"},\"creator\":{\"@id\":\"https:\\\/\\\/eldigitaldeasturias.com\\\/radio\\\/author\\\/nbasturias\\\/#author\"},\"image\":{\"@type\":\"ImageObject\",\"url\":\"https:\\\/\\\/eldigitaldeasturias.com\\\/radio\\\/wp-content\\\/uploads\\\/2018\\\/05\\\/book-1291164_960_720.jpg\",\"@id\":\"https:\\\/\\\/eldigitaldeasturias.com\\\/radio\\\/museo-diocesano-de-bamberg-expone-la-tumba-de-blancanieves\\\/#mainImage\",\"width\":960,\"height\":640},\"primaryImageOfPage\":{\"@id\":\"https:\\\/\\\/eldigitaldeasturias.com\\\/radio\\\/museo-diocesano-de-bamberg-expone-la-tumba-de-blancanieves\\\/#mainImage\"},\"datePublished\":\"2019-08-03T21:02:15+02:00\",\"dateModified\":\"2019-08-03T21:36:19+02:00\"},{\"@type\":\"WebSite\",\"@id\":\"https:\\\/\\\/eldigitaldeasturias.com\\\/radio\\\/#website\",\"url\":\"https:\\\/\\\/eldigitaldeasturias.com\\\/radio\\\/\",\"name\":\"El Digital de Asturias\",\"description\":\"Diario de informaci\\u00f3n y noticias\",\"inLanguage\":\"es-ES\",\"publisher\":{\"@id\":\"https:\\\/\\\/eldigitaldeasturias.com\\\/radio\\\/#organization\"}}]}\n\t\t<\/script>\n\t\t<!-- All in One SEO Pro -->\r\n\t\t<title>Museo diocesano de Bamberg expone la tumba de \u00abBlancanieves\u00bb | El Digital de Asturias<\/title>\n\n","aioseo_head_json":{"title":"Museo diocesano de Bamberg expone la tumba de \u00abBlancanieves\u00bb | El Digital de Asturias","description":"Bamberg (Alemania), 3 ago (dpa) - Los visitantes que acudan al Museo Diocesano de Bamberg, en Baviera, pueden ver ahora la l\u00e1pida del personaje real en la que se inspiraron los hermanos Grimm para escribir el famoso cuento de \"Blancanieves\". La archidi\u00f3cesis de Bamberg inform\u00f3 que la losa pertenece a la tumba de la princesa","canonical_url":"https:\/\/eldigitaldeasturias.com\/radio\/museo-diocesano-de-bamberg-expone-la-tumba-de-blancanieves\/","robots":"max-image-preview:large","keywords":"noticias","webmasterTools":{"google-site-verification":"UA-38556648-1","miscellaneous":""},"schema":{"@context":"https:\/\/schema.org","@graph":[{"@type":"BreadcrumbList","@id":"https:\/\/eldigitaldeasturias.com\/radio\/museo-diocesano-de-bamberg-expone-la-tumba-de-blancanieves\/#breadcrumblist","itemListElement":[{"@type":"ListItem","@id":"https:\/\/eldigitaldeasturias.com\/radio#listItem","position":1,"name":"Inicio","item":"https:\/\/eldigitaldeasturias.com\/radio","nextItem":{"@type":"ListItem","@id":"https:\/\/eldigitaldeasturias.com\/radio\/category\/noticias\/#listItem","name":"Noticias"}},{"@type":"ListItem","@id":"https:\/\/eldigitaldeasturias.com\/radio\/category\/noticias\/#listItem","position":2,"name":"Noticias","item":"https:\/\/eldigitaldeasturias.com\/radio\/category\/noticias\/","nextItem":{"@type":"ListItem","@id":"https:\/\/eldigitaldeasturias.com\/radio\/museo-diocesano-de-bamberg-expone-la-tumba-de-blancanieves\/#listItem","name":"Museo diocesano de Bamberg expone la tumba de \u00abBlancanieves\u00bb"},"previousItem":{"@type":"ListItem","@id":"https:\/\/eldigitaldeasturias.com\/radio#listItem","name":"Inicio"}},{"@type":"ListItem","@id":"https:\/\/eldigitaldeasturias.com\/radio\/museo-diocesano-de-bamberg-expone-la-tumba-de-blancanieves\/#listItem","position":3,"name":"Museo diocesano de Bamberg expone la tumba de \u00abBlancanieves\u00bb","previousItem":{"@type":"ListItem","@id":"https:\/\/eldigitaldeasturias.com\/radio\/category\/noticias\/#listItem","name":"Noticias"}}]},{"@type":"NewsArticle","@id":"https:\/\/eldigitaldeasturias.com\/radio\/museo-diocesano-de-bamberg-expone-la-tumba-de-blancanieves\/#newsarticle","name":"Museo diocesano de Bamberg expone la tumba de \u00abBlancanieves\u00bb | El Digital de Asturias","headline":"Museo diocesano de Bamberg expone la tumba de \u00abBlancanieves\u00bb","author":{"@id":"https:\/\/eldigitaldeasturias.com\/radio\/author\/nbasturias\/#author"},"publisher":{"@id":"https:\/\/eldigitaldeasturias.com\/radio\/#organization"},"image":{"@type":"ImageObject","url":"https:\/\/eldigitaldeasturias.com\/radio\/wp-content\/uploads\/2018\/05\/book-1291164_960_720.jpg","width":960,"height":640},"datePublished":"2019-08-03T21:02:15+02:00","dateModified":"2019-08-03T21:36:19+02:00","inLanguage":"es-ES","mainEntityOfPage":{"@id":"https:\/\/eldigitaldeasturias.com\/radio\/museo-diocesano-de-bamberg-expone-la-tumba-de-blancanieves\/#webpage"},"isPartOf":{"@id":"https:\/\/eldigitaldeasturias.com\/radio\/museo-diocesano-de-bamberg-expone-la-tumba-de-blancanieves\/#webpage"},"articleSection":"Noticias","dateline":"Publicado el agosto 3, 2019."},{"@type":"Organization","@id":"https:\/\/eldigitaldeasturias.com\/radio\/#organization","name":"El digital de Asturias Radio","description":"Diario de informaci\u00f3n y noticias","url":"https:\/\/eldigitaldeasturias.com\/radio\/","telephone":"+34652131393","logo":{"@type":"ImageObject","url":"https:\/\/www.eldigitaldeasturias.com\/radio\/wp-content\/uploads\/2021\/03\/EDA.jpg","@id":"https:\/\/eldigitaldeasturias.com\/radio\/museo-diocesano-de-bamberg-expone-la-tumba-de-blancanieves\/#organizationLogo"},"image":{"@id":"https:\/\/eldigitaldeasturias.com\/radio\/museo-diocesano-de-bamberg-expone-la-tumba-de-blancanieves\/#organizationLogo"},"sameAs":["https:\/\/www.facebook.com\/","https:\/\/x.com\/bercodi","https:\/\/www.instagram.com\/","https:\/\/www.youtube.com\/channel\/UCZP-2wLEB9Rv6erhFmqVnvg"]},{"@type":"Person","@id":"https:\/\/eldigitaldeasturias.com\/radio\/author\/nbasturias\/#author","url":"https:\/\/eldigitaldeasturias.com\/radio\/author\/nbasturias\/","name":"NBAsturias","image":{"@type":"ImageObject","@id":"https:\/\/eldigitaldeasturias.com\/radio\/museo-diocesano-de-bamberg-expone-la-tumba-de-blancanieves\/#authorImage","url":"https:\/\/secure.gravatar.com\/avatar\/df2aeffc32bcd13f8d26072ef8a91b623d677766deac7f97ca815868cd41bf5e?s=96&d=mm&r=g","width":96,"height":96,"caption":"NBAsturias"}},{"@type":"WebPage","@id":"https:\/\/eldigitaldeasturias.com\/radio\/museo-diocesano-de-bamberg-expone-la-tumba-de-blancanieves\/#webpage","url":"https:\/\/eldigitaldeasturias.com\/radio\/museo-diocesano-de-bamberg-expone-la-tumba-de-blancanieves\/","name":"Museo diocesano de Bamberg expone la tumba de \u00abBlancanieves\u00bb | El Digital de Asturias","description":"Bamberg (Alemania), 3 ago (dpa) - Los visitantes que acudan al Museo Diocesano de Bamberg, en Baviera, pueden ver ahora la l\u00e1pida del personaje real en la que se inspiraron los hermanos Grimm para escribir el famoso cuento de \"Blancanieves\". La archidi\u00f3cesis de Bamberg inform\u00f3 que la losa pertenece a la tumba de la princesa","inLanguage":"es-ES","isPartOf":{"@id":"https:\/\/eldigitaldeasturias.com\/radio\/#website"},"breadcrumb":{"@id":"https:\/\/eldigitaldeasturias.com\/radio\/museo-diocesano-de-bamberg-expone-la-tumba-de-blancanieves\/#breadcrumblist"},"author":{"@id":"https:\/\/eldigitaldeasturias.com\/radio\/author\/nbasturias\/#author"},"creator":{"@id":"https:\/\/eldigitaldeasturias.com\/radio\/author\/nbasturias\/#author"},"image":{"@type":"ImageObject","url":"https:\/\/eldigitaldeasturias.com\/radio\/wp-content\/uploads\/2018\/05\/book-1291164_960_720.jpg","@id":"https:\/\/eldigitaldeasturias.com\/radio\/museo-diocesano-de-bamberg-expone-la-tumba-de-blancanieves\/#mainImage","width":960,"height":640},"primaryImageOfPage":{"@id":"https:\/\/eldigitaldeasturias.com\/radio\/museo-diocesano-de-bamberg-expone-la-tumba-de-blancanieves\/#mainImage"},"datePublished":"2019-08-03T21:02:15+02:00","dateModified":"2019-08-03T21:36:19+02:00"},{"@type":"WebSite","@id":"https:\/\/eldigitaldeasturias.com\/radio\/#website","url":"https:\/\/eldigitaldeasturias.com\/radio\/","name":"El Digital de Asturias","description":"Diario de informaci\u00f3n y noticias","inLanguage":"es-ES","publisher":{"@id":"https:\/\/eldigitaldeasturias.com\/radio\/#organization"}}]},"og:locale":"es_ES","og:site_name":"El Digital de Asturias | Diario de informaci\u00f3n y noticias","og:type":"article","og:title":"Museo diocesano de Bamberg expone la tumba de \u00abBlancanieves\u00bb | El Digital de Asturias","og:description":"Bamberg (Alemania), 3 ago (dpa) - Los visitantes que acudan al Museo Diocesano de Bamberg, en Baviera, pueden ver ahora la l\u00e1pida del personaje real en la que se inspiraron los hermanos Grimm para escribir el famoso cuento de &quot;Blancanieves&quot;. La archidi\u00f3cesis de Bamberg inform\u00f3 que la losa pertenece a la tumba de la princesa","og:url":"https:\/\/eldigitaldeasturias.com\/radio\/museo-diocesano-de-bamberg-expone-la-tumba-de-blancanieves\/","og:image":"https:\/\/eldigitaldeasturias.com\/radio\/wp-content\/uploads\/2018\/05\/book-1291164_960_720.jpg","og:image:secure_url":"https:\/\/eldigitaldeasturias.com\/radio\/wp-content\/uploads\/2018\/05\/book-1291164_960_720.jpg","og:image:width":960,"og:image:height":640,"article:published_time":"2019-08-03T21:02:15+00:00","article:modified_time":"2019-08-03T21:36:19+00:00","twitter:card":"summary_large_image","twitter:site":"@bercodi","twitter:title":"Museo diocesano de Bamberg expone la tumba de \u00abBlancanieves\u00bb | El Digital de Asturias","twitter:description":"Bamberg (Alemania), 3 ago (dpa) - Los visitantes que acudan al Museo Diocesano de Bamberg, en Baviera, pueden ver ahora la l\u00e1pida del personaje real en la que se inspiraron los hermanos Grimm para escribir el famoso cuento de &quot;Blancanieves&quot;. La archidi\u00f3cesis de Bamberg inform\u00f3 que la losa pertenece a la tumba de la princesa","twitter:creator":"@bercodi","twitter:image":"https:\/\/eldigitaldeasturias.com\/radio\/wp-content\/uploads\/2018\/05\/book-1291164_960_720.jpg"},"aioseo_meta_data":{"post_id":"3025","title":null,"description":null,"keywords":null,"keyphrases":null,"primary_term":null,"canonical_url":null,"og_title":null,"og_description":null,"og_object_type":"default","og_image_type":"default","og_image_url":null,"og_image_width":null,"og_image_height":null,"og_image_custom_url":null,"og_image_custom_fields":null,"og_video":null,"og_custom_url":null,"og_article_section":null,"og_article_tags":null,"twitter_use_og":false,"twitter_card":"default","twitter_image_type":"default","twitter_image_url":null,"twitter_image_custom_url":null,"twitter_image_custom_fields":null,"twitter_title":null,"twitter_description":null,"schema":{"blockGraphs":[],"customGraphs":[],"default":{"data":{"Article":[],"Course":[],"Dataset":[],"FAQPage":[],"Movie":[],"Person":[],"Product":[],"ProductReview":[],"Car":[],"Recipe":[],"Service":[],"SoftwareApplication":[],"WebPage":[]},"graphName":"","isEnabled":true},"graphs":[],"defaultGraph":"","defaultPostTypeGraph":""},"schema_type":null,"schema_type_options":null,"pillar_content":false,"robots_default":true,"robots_noindex":false,"robots_noarchive":false,"robots_nosnippet":false,"robots_nofollow":false,"robots_noimageindex":false,"robots_noodp":false,"robots_notranslate":false,"robots_max_snippet":null,"robots_max_videopreview":null,"robots_max_imagepreview":"large","priority":null,"frequency":null,"location":null,"local_seo":null,"seo_analyzer_scan_date":"2025-08-28 13:24:23","breadcrumb_settings":null,"limit_modified_date":false,"open_ai":null,"ai":null,"created":"2021-03-27 23:03:07","updated":"2025-08-28 13:24:23"},"aioseo_breadcrumb":"<div class=\"aioseo-breadcrumbs\"><span class=\"aioseo-breadcrumb\">\n\t<a href=\"https:\/\/eldigitaldeasturias.com\/radio\" title=\"Inicio\">Inicio<\/a>\n<\/span><span class=\"aioseo-breadcrumb-separator\">&ndash;<\/span><span class=\"aioseo-breadcrumb\">\n\t<a href=\"https:\/\/eldigitaldeasturias.com\/radio\/category\/noticias\/\" title=\"Noticias\">Noticias<\/a>\n<\/span><span class=\"aioseo-breadcrumb-separator\">&ndash;<\/span><span class=\"aioseo-breadcrumb\">\n\tMuseo diocesano de Bamberg expone la tumba de \u00abBlancanieves\u00bb\n<\/span><\/div>","aioseo_breadcrumb_json":[{"label":"Inicio","link":"https:\/\/eldigitaldeasturias.com\/radio"},{"label":"Noticias","link":"https:\/\/eldigitaldeasturias.com\/radio\/category\/noticias\/"},{"label":"Museo diocesano de Bamberg expone la tumba de \u00abBlancanieves\u00bb","link":"https:\/\/eldigitaldeasturias.com\/radio\/museo-diocesano-de-bamberg-expone-la-tumba-de-blancanieves\/"}],"_links":{"self":[{"href":"https:\/\/eldigitaldeasturias.com\/radio\/wp-json\/wp\/v2\/posts\/3025","targetHints":{"allow":["GET"]}}],"collection":[{"href":"https:\/\/eldigitaldeasturias.com\/radio\/wp-json\/wp\/v2\/posts"}],"about":[{"href":"https:\/\/eldigitaldeasturias.com\/radio\/wp-json\/wp\/v2\/types\/post"}],"author":[{"embeddable":true,"href":"https:\/\/eldigitaldeasturias.com\/radio\/wp-json\/wp\/v2\/users\/1"}],"replies":[{"embeddable":true,"href":"https:\/\/eldigitaldeasturias.com\/radio\/wp-json\/wp\/v2\/comments?post=3025"}],"version-history":[{"count":0,"href":"https:\/\/eldigitaldeasturias.com\/radio\/wp-json\/wp\/v2\/posts\/3025\/revisions"}],"wp:featuredmedia":[{"embeddable":true,"href":"https:\/\/eldigitaldeasturias.com\/radio\/wp-json\/wp\/v2\/media\/878"}],"wp:attachment":[{"href":"https:\/\/eldigitaldeasturias.com\/radio\/wp-json\/wp\/v2\/media?parent=3025"}],"wp:term":[{"taxonomy":"category","embeddable":true,"href":"https:\/\/eldigitaldeasturias.com\/radio\/wp-json\/wp\/v2\/categories?post=3025"},{"taxonomy":"post_tag","embeddable":true,"href":"https:\/\/eldigitaldeasturias.com\/radio\/wp-json\/wp\/v2\/tags?post=3025"}],"curies":[{"name":"wp","href":"https:\/\/api.w.org\/{rel}","templated":true}]}}