{"id":3012,"date":"2019-08-02T19:41:32","date_gmt":"2019-08-02T19:41:32","guid":{"rendered":"http:\/\/eldigitaldeasturias.com\/radio\/?p=3012"},"modified":"2019-08-02T20:21:51","modified_gmt":"2019-08-02T20:21:51","slug":"presentan-una-seleccion-de-valiosas-obras-de-la-vieja-galeria-de-dresde","status":"publish","type":"post","link":"https:\/\/eldigitaldeasturias.com\/radio\/presentan-una-seleccion-de-valiosas-obras-de-la-vieja-galeria-de-dresde\/","title":{"rendered":"Presentan una selecci\u00f3n de valiosas obras de la Vieja Galer\u00eda de Dresde"},"content":{"rendered":"<figure id=\"attachment_3013\" aria-describedby=\"caption-attachment-3013\" style=\"width: 360px\" class=\"wp-caption alignleft\"><img fetchpriority=\"high\" decoding=\"async\" class=\"size-medium wp-image-3013\" src=\"https:\/\/eldigitaldeasturias.com\/radio\/wp-content\/uploads\/2019\/08\/complejo-del-Zwinger-de-Dresde-360x236.jpg\" alt=\"\" width=\"360\" height=\"236\" srcset=\"https:\/\/eldigitaldeasturias.com\/radio\/wp-content\/uploads\/2019\/08\/complejo-del-Zwinger-de-Dresde-360x236.jpg 360w, https:\/\/eldigitaldeasturias.com\/radio\/wp-content\/uploads\/2019\/08\/complejo-del-Zwinger-de-Dresde-768x504.jpg 768w, https:\/\/eldigitaldeasturias.com\/radio\/wp-content\/uploads\/2019\/08\/complejo-del-Zwinger-de-Dresde.jpg 1008w\" sizes=\"(max-width: 360px) 100vw, 360px\" \/><figcaption id=\"caption-attachment-3013\" class=\"wp-caption-text\">Turistas pasean por el patio interno de la \u00abnueva\u00bb Galer\u00eda Semper en el complejo del Zwinger de Dresde, uno de los edificios barrocos m\u00e1s importantes de Alemania. Foto: Monika Skolimowska\/zb\/dpa<\/figcaption><\/figure>\n<p>Dresde (Alemania), 2 ago (dpa) &#8211; La Galer\u00eda de Maestros Antiguos de Dresde presenta una selecci\u00f3n de sus \u00f3leos m\u00e1s valiosos, entre ellos la \u00abMadona sixtina\u00bb, la \u00abVenus dormida\u00bb y el \u00abAltar de Dresde\u00bb, en salas que no est\u00e1n afectadas por la remodelaci\u00f3n del museo, informaron hoy desde la instituci\u00f3n.<\/p>\n<p>La muestra incluye 55 obras maestras y conforma un \u00abextracto\u00bb de m\u00e1ximo nivel, se\u00f1al\u00f3 el curador, Roland Enke.<\/p>\n<p>La colecci\u00f3n total de la galer\u00eda suma unas 3.800 obras.<\/p>\n<p>La muestra temporal en la Sala de los Gobelinos y gabinetes adyacentes cerrar\u00e1 a comienzos de noviembre y tambi\u00e9n tiene el objetivo de despertar inter\u00e9s por la \u00abnueva\u00bb Galer\u00eda Semper, que funcionar\u00e1 en las salas remodeladas del museo en el complejo del Zwinger de Dresde, uno de los edificios barrocos m\u00e1s importantes de Alemania.<\/p>\n<p>La selecci\u00f3n de grandes obras incluye trabajos de los artistas m\u00e1s relevantes desde el Renacimiento temprano hasta la Ilustraci\u00f3n, entre ellos Lucas el Viejo, Durero, van Eyck, Tiziano, Rubens, Rembrandt, Nicolas Poussin, El Greco, Diego Vel\u00e1zquez, Sandro Botticelli y Bernardo Bellotto.<\/p>\n<p>Las famosas \u00abMadona sixtina\u00bb, de Rafael, la \u00abVenus dormida\u00bb de Giorgione, la \u00abAlcahueta\u00bb, de Jan Vermeer, as\u00ed como el \u00abAltar de Dresde\u00bb, de Durero, tambi\u00e9n pueden ser apreciadas en esta exposici\u00f3n de la capital del estado federado de Sajonia.<\/p>\n<p>&nbsp;<\/p>\n","protected":false},"excerpt":{"rendered":"<p>Dresde (Alemania), 2 ago (dpa) &#8211; La Galer\u00eda de Maestros Antiguos de Dresde presenta una selecci\u00f3n de sus \u00f3leos m\u00e1s valiosos, entre ellos la \u00abMadona sixtina\u00bb, la \u00abVenus dormida\u00bb y el \u00abAltar de Dresde\u00bb, en salas que no est\u00e1n afectadas por la remodelaci\u00f3n del museo, informaron hoy desde la instituci\u00f3n. La muestra incluye 55 obras<\/p>\n","protected":false},"author":1,"featured_media":3013,"comment_status":"closed","ping_status":"closed","sticky":false,"template":"","format":"standard","meta":{"footnotes":""},"categories":[1],"tags":[],"class_list":{"0":"post-3012","1":"post","2":"type-post","3":"status-publish","4":"format-standard","5":"has-post-thumbnail","7":"category-noticias"},"aioseo_notices":[],"aioseo_head":"\n\t\t<!-- All in One SEO Pro 4.9.6.2 - aioseo.com -->\n\t<meta name=\"description\" content=\"Dresde (Alemania), 2 ago (dpa) - La Galer\u00eda de Maestros Antiguos de Dresde presenta una selecci\u00f3n de sus \u00f3leos m\u00e1s valiosos, entre ellos la &quot;Madona sixtina&quot;, la &quot;Venus dormida&quot; y el &quot;Altar de Dresde&quot;, en salas que no est\u00e1n afectadas por la remodelaci\u00f3n del museo, informaron hoy desde la instituci\u00f3n. La muestra incluye 55 obras\" \/>\n\t<meta name=\"robots\" content=\"max-image-preview:large\" \/>\n\t<meta name=\"author\" content=\"NBAsturias\"\/>\n\t<meta name=\"google-site-verification\" content=\"UA-38556648-1\" \/>\n\t<meta name=\"keywords\" content=\"noticias\" \/>\n\t<link rel=\"canonical\" href=\"https:\/\/eldigitaldeasturias.com\/radio\/presentan-una-seleccion-de-valiosas-obras-de-la-vieja-galeria-de-dresde\/\" \/>\n\t<meta name=\"generator\" content=\"All in One SEO Pro (AIOSEO) 4.9.6.2\" \/>\n\t\t<meta property=\"og:locale\" content=\"es_ES\" \/>\n\t\t<meta property=\"og:site_name\" content=\"El Digital de Asturias | Diario de informaci\u00f3n y noticias\" \/>\n\t\t<meta property=\"og:type\" content=\"article\" \/>\n\t\t<meta property=\"og:title\" content=\"Presentan una selecci\u00f3n de valiosas obras de la Vieja Galer\u00eda de Dresde | El Digital de Asturias\" \/>\n\t\t<meta property=\"og:description\" content=\"Dresde (Alemania), 2 ago (dpa) - La Galer\u00eda de Maestros Antiguos de Dresde presenta una selecci\u00f3n de sus \u00f3leos m\u00e1s valiosos, entre ellos la &quot;Madona sixtina&quot;, la &quot;Venus dormida&quot; y el &quot;Altar de Dresde&quot;, en salas que no est\u00e1n afectadas por la remodelaci\u00f3n del museo, informaron hoy desde la instituci\u00f3n. La muestra incluye 55 obras\" \/>\n\t\t<meta property=\"og:url\" content=\"https:\/\/eldigitaldeasturias.com\/radio\/presentan-una-seleccion-de-valiosas-obras-de-la-vieja-galeria-de-dresde\/\" \/>\n\t\t<meta property=\"og:image\" content=\"https:\/\/eldigitaldeasturias.com\/radio\/wp-content\/uploads\/2019\/08\/complejo-del-Zwinger-de-Dresde.jpg\" \/>\n\t\t<meta property=\"og:image:secure_url\" content=\"https:\/\/eldigitaldeasturias.com\/radio\/wp-content\/uploads\/2019\/08\/complejo-del-Zwinger-de-Dresde.jpg\" \/>\n\t\t<meta property=\"og:image:width\" content=\"1008\" \/>\n\t\t<meta property=\"og:image:height\" content=\"662\" \/>\n\t\t<meta property=\"article:published_time\" content=\"2019-08-02T19:41:32+00:00\" \/>\n\t\t<meta property=\"article:modified_time\" content=\"2019-08-02T20:21:51+00:00\" \/>\n\t\t<meta name=\"twitter:card\" content=\"summary_large_image\" \/>\n\t\t<meta name=\"twitter:site\" content=\"@bercodi\" \/>\n\t\t<meta name=\"twitter:title\" content=\"Presentan una selecci\u00f3n de valiosas obras de la Vieja Galer\u00eda de Dresde | El Digital de Asturias\" \/>\n\t\t<meta name=\"twitter:description\" content=\"Dresde (Alemania), 2 ago (dpa) - La Galer\u00eda de Maestros Antiguos de Dresde presenta una selecci\u00f3n de sus \u00f3leos m\u00e1s valiosos, entre ellos la &quot;Madona sixtina&quot;, la &quot;Venus dormida&quot; y el &quot;Altar de Dresde&quot;, en salas que no est\u00e1n afectadas por la remodelaci\u00f3n del museo, informaron hoy desde la instituci\u00f3n. La muestra incluye 55 obras\" \/>\n\t\t<meta name=\"twitter:creator\" content=\"@bercodi\" \/>\n\t\t<meta name=\"twitter:image\" content=\"https:\/\/eldigitaldeasturias.com\/radio\/wp-content\/uploads\/2019\/08\/complejo-del-Zwinger-de-Dresde.jpg\" \/>\n\t\t<script type=\"application\/ld+json\" class=\"aioseo-schema\">\n\t\t\t{\"@context\":\"https:\\\/\\\/schema.org\",\"@graph\":[{\"@type\":\"BreadcrumbList\",\"@id\":\"https:\\\/\\\/eldigitaldeasturias.com\\\/radio\\\/presentan-una-seleccion-de-valiosas-obras-de-la-vieja-galeria-de-dresde\\\/#breadcrumblist\",\"itemListElement\":[{\"@type\":\"ListItem\",\"@id\":\"https:\\\/\\\/eldigitaldeasturias.com\\\/radio#listItem\",\"position\":1,\"name\":\"Inicio\",\"item\":\"https:\\\/\\\/eldigitaldeasturias.com\\\/radio\",\"nextItem\":{\"@type\":\"ListItem\",\"@id\":\"https:\\\/\\\/eldigitaldeasturias.com\\\/radio\\\/category\\\/noticias\\\/#listItem\",\"name\":\"Noticias\"}},{\"@type\":\"ListItem\",\"@id\":\"https:\\\/\\\/eldigitaldeasturias.com\\\/radio\\\/category\\\/noticias\\\/#listItem\",\"position\":2,\"name\":\"Noticias\",\"item\":\"https:\\\/\\\/eldigitaldeasturias.com\\\/radio\\\/category\\\/noticias\\\/\",\"nextItem\":{\"@type\":\"ListItem\",\"@id\":\"https:\\\/\\\/eldigitaldeasturias.com\\\/radio\\\/presentan-una-seleccion-de-valiosas-obras-de-la-vieja-galeria-de-dresde\\\/#listItem\",\"name\":\"Presentan una selecci\\u00f3n de valiosas obras de la Vieja Galer\\u00eda de Dresde\"},\"previousItem\":{\"@type\":\"ListItem\",\"@id\":\"https:\\\/\\\/eldigitaldeasturias.com\\\/radio#listItem\",\"name\":\"Inicio\"}},{\"@type\":\"ListItem\",\"@id\":\"https:\\\/\\\/eldigitaldeasturias.com\\\/radio\\\/presentan-una-seleccion-de-valiosas-obras-de-la-vieja-galeria-de-dresde\\\/#listItem\",\"position\":3,\"name\":\"Presentan una selecci\\u00f3n de valiosas obras de la Vieja Galer\\u00eda de Dresde\",\"previousItem\":{\"@type\":\"ListItem\",\"@id\":\"https:\\\/\\\/eldigitaldeasturias.com\\\/radio\\\/category\\\/noticias\\\/#listItem\",\"name\":\"Noticias\"}}]},{\"@type\":\"NewsArticle\",\"@id\":\"https:\\\/\\\/eldigitaldeasturias.com\\\/radio\\\/presentan-una-seleccion-de-valiosas-obras-de-la-vieja-galeria-de-dresde\\\/#newsarticle\",\"name\":\"Presentan una selecci\\u00f3n de valiosas obras de la Vieja Galer\\u00eda de Dresde | El Digital de Asturias\",\"headline\":\"Presentan una selecci\\u00f3n de valiosas obras de la Vieja Galer\\u00eda de Dresde\",\"author\":{\"@id\":\"https:\\\/\\\/eldigitaldeasturias.com\\\/radio\\\/author\\\/nbasturias\\\/#author\"},\"publisher\":{\"@id\":\"https:\\\/\\\/eldigitaldeasturias.com\\\/radio\\\/#organization\"},\"image\":{\"@type\":\"ImageObject\",\"url\":\"https:\\\/\\\/eldigitaldeasturias.com\\\/radio\\\/wp-content\\\/uploads\\\/2019\\\/08\\\/complejo-del-Zwinger-de-Dresde.jpg\",\"width\":1008,\"height\":662,\"caption\":\"Turistas pasean por el patio interno de la \\\"nueva\\\" Galer\\u00eda Semper en el complejo del Zwinger de Dresde, uno de los edificios barrocos m\\u00e1s importantes de Alemania. Foto: Monika Skolimowska\\\/zb\\\/dpa\"},\"datePublished\":\"2019-08-02T19:41:32+02:00\",\"dateModified\":\"2019-08-02T20:21:51+02:00\",\"inLanguage\":\"es-ES\",\"mainEntityOfPage\":{\"@id\":\"https:\\\/\\\/eldigitaldeasturias.com\\\/radio\\\/presentan-una-seleccion-de-valiosas-obras-de-la-vieja-galeria-de-dresde\\\/#webpage\"},\"isPartOf\":{\"@id\":\"https:\\\/\\\/eldigitaldeasturias.com\\\/radio\\\/presentan-una-seleccion-de-valiosas-obras-de-la-vieja-galeria-de-dresde\\\/#webpage\"},\"articleSection\":\"Noticias\",\"dateline\":\"Publicado el agosto 2, 2019.\"},{\"@type\":\"Organization\",\"@id\":\"https:\\\/\\\/eldigitaldeasturias.com\\\/radio\\\/#organization\",\"name\":\"El digital de Asturias Radio\",\"description\":\"Diario de informaci\\u00f3n y noticias\",\"url\":\"https:\\\/\\\/eldigitaldeasturias.com\\\/radio\\\/\",\"telephone\":\"+34652131393\",\"logo\":{\"@type\":\"ImageObject\",\"url\":\"https:\\\/\\\/www.eldigitaldeasturias.com\\\/radio\\\/wp-content\\\/uploads\\\/2021\\\/03\\\/EDA.jpg\",\"@id\":\"https:\\\/\\\/eldigitaldeasturias.com\\\/radio\\\/presentan-una-seleccion-de-valiosas-obras-de-la-vieja-galeria-de-dresde\\\/#organizationLogo\"},\"image\":{\"@id\":\"https:\\\/\\\/eldigitaldeasturias.com\\\/radio\\\/presentan-una-seleccion-de-valiosas-obras-de-la-vieja-galeria-de-dresde\\\/#organizationLogo\"},\"sameAs\":[\"https:\\\/\\\/www.facebook.com\\\/\",\"https:\\\/\\\/x.com\\\/bercodi\",\"https:\\\/\\\/www.instagram.com\\\/\",\"https:\\\/\\\/www.youtube.com\\\/channel\\\/UCZP-2wLEB9Rv6erhFmqVnvg\"]},{\"@type\":\"Person\",\"@id\":\"https:\\\/\\\/eldigitaldeasturias.com\\\/radio\\\/author\\\/nbasturias\\\/#author\",\"url\":\"https:\\\/\\\/eldigitaldeasturias.com\\\/radio\\\/author\\\/nbasturias\\\/\",\"name\":\"NBAsturias\",\"image\":{\"@type\":\"ImageObject\",\"@id\":\"https:\\\/\\\/eldigitaldeasturias.com\\\/radio\\\/presentan-una-seleccion-de-valiosas-obras-de-la-vieja-galeria-de-dresde\\\/#authorImage\",\"url\":\"https:\\\/\\\/secure.gravatar.com\\\/avatar\\\/df2aeffc32bcd13f8d26072ef8a91b623d677766deac7f97ca815868cd41bf5e?s=96&d=mm&r=g\",\"width\":96,\"height\":96,\"caption\":\"NBAsturias\"}},{\"@type\":\"WebPage\",\"@id\":\"https:\\\/\\\/eldigitaldeasturias.com\\\/radio\\\/presentan-una-seleccion-de-valiosas-obras-de-la-vieja-galeria-de-dresde\\\/#webpage\",\"url\":\"https:\\\/\\\/eldigitaldeasturias.com\\\/radio\\\/presentan-una-seleccion-de-valiosas-obras-de-la-vieja-galeria-de-dresde\\\/\",\"name\":\"Presentan una selecci\\u00f3n de valiosas obras de la Vieja Galer\\u00eda de Dresde | El Digital de Asturias\",\"description\":\"Dresde (Alemania), 2 ago (dpa) - La Galer\\u00eda de Maestros Antiguos de Dresde presenta una selecci\\u00f3n de sus \\u00f3leos m\\u00e1s valiosos, entre ellos la \\\"Madona sixtina\\\", la \\\"Venus dormida\\\" y el \\\"Altar de Dresde\\\", en salas que no est\\u00e1n afectadas por la remodelaci\\u00f3n del museo, informaron hoy desde la instituci\\u00f3n. La muestra incluye 55 obras\",\"inLanguage\":\"es-ES\",\"isPartOf\":{\"@id\":\"https:\\\/\\\/eldigitaldeasturias.com\\\/radio\\\/#website\"},\"breadcrumb\":{\"@id\":\"https:\\\/\\\/eldigitaldeasturias.com\\\/radio\\\/presentan-una-seleccion-de-valiosas-obras-de-la-vieja-galeria-de-dresde\\\/#breadcrumblist\"},\"author\":{\"@id\":\"https:\\\/\\\/eldigitaldeasturias.com\\\/radio\\\/author\\\/nbasturias\\\/#author\"},\"creator\":{\"@id\":\"https:\\\/\\\/eldigitaldeasturias.com\\\/radio\\\/author\\\/nbasturias\\\/#author\"},\"image\":{\"@type\":\"ImageObject\",\"url\":\"https:\\\/\\\/eldigitaldeasturias.com\\\/radio\\\/wp-content\\\/uploads\\\/2019\\\/08\\\/complejo-del-Zwinger-de-Dresde.jpg\",\"@id\":\"https:\\\/\\\/eldigitaldeasturias.com\\\/radio\\\/presentan-una-seleccion-de-valiosas-obras-de-la-vieja-galeria-de-dresde\\\/#mainImage\",\"width\":1008,\"height\":662,\"caption\":\"Turistas pasean por el patio interno de la \\\"nueva\\\" Galer\\u00eda Semper en el complejo del Zwinger de Dresde, uno de los edificios barrocos m\\u00e1s importantes de Alemania. Foto: Monika Skolimowska\\\/zb\\\/dpa\"},\"primaryImageOfPage\":{\"@id\":\"https:\\\/\\\/eldigitaldeasturias.com\\\/radio\\\/presentan-una-seleccion-de-valiosas-obras-de-la-vieja-galeria-de-dresde\\\/#mainImage\"},\"datePublished\":\"2019-08-02T19:41:32+02:00\",\"dateModified\":\"2019-08-02T20:21:51+02:00\"},{\"@type\":\"WebSite\",\"@id\":\"https:\\\/\\\/eldigitaldeasturias.com\\\/radio\\\/#website\",\"url\":\"https:\\\/\\\/eldigitaldeasturias.com\\\/radio\\\/\",\"name\":\"El Digital de Asturias\",\"description\":\"Diario de informaci\\u00f3n y noticias\",\"inLanguage\":\"es-ES\",\"publisher\":{\"@id\":\"https:\\\/\\\/eldigitaldeasturias.com\\\/radio\\\/#organization\"}}]}\n\t\t<\/script>\n\t\t<!-- All in One SEO Pro -->\r\n\t\t<title>Presentan una selecci\u00f3n de valiosas obras de la Vieja Galer\u00eda de Dresde | El Digital de Asturias<\/title>\n\n","aioseo_head_json":{"title":"Presentan una selecci\u00f3n de valiosas obras de la Vieja Galer\u00eda de Dresde | El Digital de Asturias","description":"Dresde (Alemania), 2 ago (dpa) - La Galer\u00eda de Maestros Antiguos de Dresde presenta una selecci\u00f3n de sus \u00f3leos m\u00e1s valiosos, entre ellos la \"Madona sixtina\", la \"Venus dormida\" y el \"Altar de Dresde\", en salas que no est\u00e1n afectadas por la remodelaci\u00f3n del museo, informaron hoy desde la instituci\u00f3n. La muestra incluye 55 obras","canonical_url":"https:\/\/eldigitaldeasturias.com\/radio\/presentan-una-seleccion-de-valiosas-obras-de-la-vieja-galeria-de-dresde\/","robots":"max-image-preview:large","keywords":"noticias","webmasterTools":{"google-site-verification":"UA-38556648-1","miscellaneous":""},"schema":{"@context":"https:\/\/schema.org","@graph":[{"@type":"BreadcrumbList","@id":"https:\/\/eldigitaldeasturias.com\/radio\/presentan-una-seleccion-de-valiosas-obras-de-la-vieja-galeria-de-dresde\/#breadcrumblist","itemListElement":[{"@type":"ListItem","@id":"https:\/\/eldigitaldeasturias.com\/radio#listItem","position":1,"name":"Inicio","item":"https:\/\/eldigitaldeasturias.com\/radio","nextItem":{"@type":"ListItem","@id":"https:\/\/eldigitaldeasturias.com\/radio\/category\/noticias\/#listItem","name":"Noticias"}},{"@type":"ListItem","@id":"https:\/\/eldigitaldeasturias.com\/radio\/category\/noticias\/#listItem","position":2,"name":"Noticias","item":"https:\/\/eldigitaldeasturias.com\/radio\/category\/noticias\/","nextItem":{"@type":"ListItem","@id":"https:\/\/eldigitaldeasturias.com\/radio\/presentan-una-seleccion-de-valiosas-obras-de-la-vieja-galeria-de-dresde\/#listItem","name":"Presentan una selecci\u00f3n de valiosas obras de la Vieja Galer\u00eda de Dresde"},"previousItem":{"@type":"ListItem","@id":"https:\/\/eldigitaldeasturias.com\/radio#listItem","name":"Inicio"}},{"@type":"ListItem","@id":"https:\/\/eldigitaldeasturias.com\/radio\/presentan-una-seleccion-de-valiosas-obras-de-la-vieja-galeria-de-dresde\/#listItem","position":3,"name":"Presentan una selecci\u00f3n de valiosas obras de la Vieja Galer\u00eda de Dresde","previousItem":{"@type":"ListItem","@id":"https:\/\/eldigitaldeasturias.com\/radio\/category\/noticias\/#listItem","name":"Noticias"}}]},{"@type":"NewsArticle","@id":"https:\/\/eldigitaldeasturias.com\/radio\/presentan-una-seleccion-de-valiosas-obras-de-la-vieja-galeria-de-dresde\/#newsarticle","name":"Presentan una selecci\u00f3n de valiosas obras de la Vieja Galer\u00eda de Dresde | El Digital de Asturias","headline":"Presentan una selecci\u00f3n de valiosas obras de la Vieja Galer\u00eda de Dresde","author":{"@id":"https:\/\/eldigitaldeasturias.com\/radio\/author\/nbasturias\/#author"},"publisher":{"@id":"https:\/\/eldigitaldeasturias.com\/radio\/#organization"},"image":{"@type":"ImageObject","url":"https:\/\/eldigitaldeasturias.com\/radio\/wp-content\/uploads\/2019\/08\/complejo-del-Zwinger-de-Dresde.jpg","width":1008,"height":662,"caption":"Turistas pasean por el patio interno de la \"nueva\" Galer\u00eda Semper en el complejo del Zwinger de Dresde, uno de los edificios barrocos m\u00e1s importantes de Alemania. Foto: Monika Skolimowska\/zb\/dpa"},"datePublished":"2019-08-02T19:41:32+02:00","dateModified":"2019-08-02T20:21:51+02:00","inLanguage":"es-ES","mainEntityOfPage":{"@id":"https:\/\/eldigitaldeasturias.com\/radio\/presentan-una-seleccion-de-valiosas-obras-de-la-vieja-galeria-de-dresde\/#webpage"},"isPartOf":{"@id":"https:\/\/eldigitaldeasturias.com\/radio\/presentan-una-seleccion-de-valiosas-obras-de-la-vieja-galeria-de-dresde\/#webpage"},"articleSection":"Noticias","dateline":"Publicado el agosto 2, 2019."},{"@type":"Organization","@id":"https:\/\/eldigitaldeasturias.com\/radio\/#organization","name":"El digital de Asturias Radio","description":"Diario de informaci\u00f3n y noticias","url":"https:\/\/eldigitaldeasturias.com\/radio\/","telephone":"+34652131393","logo":{"@type":"ImageObject","url":"https:\/\/www.eldigitaldeasturias.com\/radio\/wp-content\/uploads\/2021\/03\/EDA.jpg","@id":"https:\/\/eldigitaldeasturias.com\/radio\/presentan-una-seleccion-de-valiosas-obras-de-la-vieja-galeria-de-dresde\/#organizationLogo"},"image":{"@id":"https:\/\/eldigitaldeasturias.com\/radio\/presentan-una-seleccion-de-valiosas-obras-de-la-vieja-galeria-de-dresde\/#organizationLogo"},"sameAs":["https:\/\/www.facebook.com\/","https:\/\/x.com\/bercodi","https:\/\/www.instagram.com\/","https:\/\/www.youtube.com\/channel\/UCZP-2wLEB9Rv6erhFmqVnvg"]},{"@type":"Person","@id":"https:\/\/eldigitaldeasturias.com\/radio\/author\/nbasturias\/#author","url":"https:\/\/eldigitaldeasturias.com\/radio\/author\/nbasturias\/","name":"NBAsturias","image":{"@type":"ImageObject","@id":"https:\/\/eldigitaldeasturias.com\/radio\/presentan-una-seleccion-de-valiosas-obras-de-la-vieja-galeria-de-dresde\/#authorImage","url":"https:\/\/secure.gravatar.com\/avatar\/df2aeffc32bcd13f8d26072ef8a91b623d677766deac7f97ca815868cd41bf5e?s=96&d=mm&r=g","width":96,"height":96,"caption":"NBAsturias"}},{"@type":"WebPage","@id":"https:\/\/eldigitaldeasturias.com\/radio\/presentan-una-seleccion-de-valiosas-obras-de-la-vieja-galeria-de-dresde\/#webpage","url":"https:\/\/eldigitaldeasturias.com\/radio\/presentan-una-seleccion-de-valiosas-obras-de-la-vieja-galeria-de-dresde\/","name":"Presentan una selecci\u00f3n de valiosas obras de la Vieja Galer\u00eda de Dresde | El Digital de Asturias","description":"Dresde (Alemania), 2 ago (dpa) - La Galer\u00eda de Maestros Antiguos de Dresde presenta una selecci\u00f3n de sus \u00f3leos m\u00e1s valiosos, entre ellos la \"Madona sixtina\", la \"Venus dormida\" y el \"Altar de Dresde\", en salas que no est\u00e1n afectadas por la remodelaci\u00f3n del museo, informaron hoy desde la instituci\u00f3n. La muestra incluye 55 obras","inLanguage":"es-ES","isPartOf":{"@id":"https:\/\/eldigitaldeasturias.com\/radio\/#website"},"breadcrumb":{"@id":"https:\/\/eldigitaldeasturias.com\/radio\/presentan-una-seleccion-de-valiosas-obras-de-la-vieja-galeria-de-dresde\/#breadcrumblist"},"author":{"@id":"https:\/\/eldigitaldeasturias.com\/radio\/author\/nbasturias\/#author"},"creator":{"@id":"https:\/\/eldigitaldeasturias.com\/radio\/author\/nbasturias\/#author"},"image":{"@type":"ImageObject","url":"https:\/\/eldigitaldeasturias.com\/radio\/wp-content\/uploads\/2019\/08\/complejo-del-Zwinger-de-Dresde.jpg","@id":"https:\/\/eldigitaldeasturias.com\/radio\/presentan-una-seleccion-de-valiosas-obras-de-la-vieja-galeria-de-dresde\/#mainImage","width":1008,"height":662,"caption":"Turistas pasean por el patio interno de la \"nueva\" Galer\u00eda Semper en el complejo del Zwinger de Dresde, uno de los edificios barrocos m\u00e1s importantes de Alemania. Foto: Monika Skolimowska\/zb\/dpa"},"primaryImageOfPage":{"@id":"https:\/\/eldigitaldeasturias.com\/radio\/presentan-una-seleccion-de-valiosas-obras-de-la-vieja-galeria-de-dresde\/#mainImage"},"datePublished":"2019-08-02T19:41:32+02:00","dateModified":"2019-08-02T20:21:51+02:00"},{"@type":"WebSite","@id":"https:\/\/eldigitaldeasturias.com\/radio\/#website","url":"https:\/\/eldigitaldeasturias.com\/radio\/","name":"El Digital de Asturias","description":"Diario de informaci\u00f3n y noticias","inLanguage":"es-ES","publisher":{"@id":"https:\/\/eldigitaldeasturias.com\/radio\/#organization"}}]},"og:locale":"es_ES","og:site_name":"El Digital de Asturias | Diario de informaci\u00f3n y noticias","og:type":"article","og:title":"Presentan una selecci\u00f3n de valiosas obras de la Vieja Galer\u00eda de Dresde | El Digital de Asturias","og:description":"Dresde (Alemania), 2 ago (dpa) - La Galer\u00eda de Maestros Antiguos de Dresde presenta una selecci\u00f3n de sus \u00f3leos m\u00e1s valiosos, entre ellos la &quot;Madona sixtina&quot;, la &quot;Venus dormida&quot; y el &quot;Altar de Dresde&quot;, en salas que no est\u00e1n afectadas por la remodelaci\u00f3n del museo, informaron hoy desde la instituci\u00f3n. La muestra incluye 55 obras","og:url":"https:\/\/eldigitaldeasturias.com\/radio\/presentan-una-seleccion-de-valiosas-obras-de-la-vieja-galeria-de-dresde\/","og:image":"https:\/\/eldigitaldeasturias.com\/radio\/wp-content\/uploads\/2019\/08\/complejo-del-Zwinger-de-Dresde.jpg","og:image:secure_url":"https:\/\/eldigitaldeasturias.com\/radio\/wp-content\/uploads\/2019\/08\/complejo-del-Zwinger-de-Dresde.jpg","og:image:width":1008,"og:image:height":662,"article:published_time":"2019-08-02T19:41:32+00:00","article:modified_time":"2019-08-02T20:21:51+00:00","twitter:card":"summary_large_image","twitter:site":"@bercodi","twitter:title":"Presentan una selecci\u00f3n de valiosas obras de la Vieja Galer\u00eda de Dresde | El Digital de Asturias","twitter:description":"Dresde (Alemania), 2 ago (dpa) - La Galer\u00eda de Maestros Antiguos de Dresde presenta una selecci\u00f3n de sus \u00f3leos m\u00e1s valiosos, entre ellos la &quot;Madona sixtina&quot;, la &quot;Venus dormida&quot; y el &quot;Altar de Dresde&quot;, en salas que no est\u00e1n afectadas por la remodelaci\u00f3n del museo, informaron hoy desde la instituci\u00f3n. La muestra incluye 55 obras","twitter:creator":"@bercodi","twitter:image":"https:\/\/eldigitaldeasturias.com\/radio\/wp-content\/uploads\/2019\/08\/complejo-del-Zwinger-de-Dresde.jpg"},"aioseo_meta_data":{"post_id":"3012","title":null,"description":null,"keywords":null,"keyphrases":null,"primary_term":null,"canonical_url":null,"og_title":null,"og_description":null,"og_object_type":"default","og_image_type":"default","og_image_url":null,"og_image_width":null,"og_image_height":null,"og_image_custom_url":null,"og_image_custom_fields":null,"og_video":null,"og_custom_url":null,"og_article_section":null,"og_article_tags":null,"twitter_use_og":false,"twitter_card":"default","twitter_image_type":"default","twitter_image_url":null,"twitter_image_custom_url":null,"twitter_image_custom_fields":null,"twitter_title":null,"twitter_description":null,"schema":{"blockGraphs":[],"customGraphs":[],"default":{"data":{"Article":[],"Course":[],"Dataset":[],"FAQPage":[],"Movie":[],"Person":[],"Product":[],"ProductReview":[],"Car":[],"Recipe":[],"Service":[],"SoftwareApplication":[],"WebPage":[]},"graphName":"","isEnabled":true},"graphs":[],"defaultGraph":"","defaultPostTypeGraph":""},"schema_type":null,"schema_type_options":null,"pillar_content":false,"robots_default":true,"robots_noindex":false,"robots_noarchive":false,"robots_nosnippet":false,"robots_nofollow":false,"robots_noimageindex":false,"robots_noodp":false,"robots_notranslate":false,"robots_max_snippet":null,"robots_max_videopreview":null,"robots_max_imagepreview":"large","priority":null,"frequency":null,"location":null,"local_seo":null,"seo_analyzer_scan_date":"2025-08-28 13:23:17","breadcrumb_settings":null,"limit_modified_date":false,"open_ai":null,"ai":null,"created":"2021-03-30 00:39:15","updated":"2025-08-28 13:23:17"},"aioseo_breadcrumb":"<div class=\"aioseo-breadcrumbs\"><span class=\"aioseo-breadcrumb\">\n\t<a href=\"https:\/\/eldigitaldeasturias.com\/radio\" title=\"Inicio\">Inicio<\/a>\n<\/span><span class=\"aioseo-breadcrumb-separator\">&ndash;<\/span><span class=\"aioseo-breadcrumb\">\n\t<a href=\"https:\/\/eldigitaldeasturias.com\/radio\/category\/noticias\/\" title=\"Noticias\">Noticias<\/a>\n<\/span><span class=\"aioseo-breadcrumb-separator\">&ndash;<\/span><span class=\"aioseo-breadcrumb\">\n\tPresentan una selecci\u00f3n de valiosas obras de la Vieja Galer\u00eda de Dresde\n<\/span><\/div>","aioseo_breadcrumb_json":[{"label":"Inicio","link":"https:\/\/eldigitaldeasturias.com\/radio"},{"label":"Noticias","link":"https:\/\/eldigitaldeasturias.com\/radio\/category\/noticias\/"},{"label":"Presentan una selecci\u00f3n de valiosas obras de la Vieja Galer\u00eda de Dresde","link":"https:\/\/eldigitaldeasturias.com\/radio\/presentan-una-seleccion-de-valiosas-obras-de-la-vieja-galeria-de-dresde\/"}],"_links":{"self":[{"href":"https:\/\/eldigitaldeasturias.com\/radio\/wp-json\/wp\/v2\/posts\/3012","targetHints":{"allow":["GET"]}}],"collection":[{"href":"https:\/\/eldigitaldeasturias.com\/radio\/wp-json\/wp\/v2\/posts"}],"about":[{"href":"https:\/\/eldigitaldeasturias.com\/radio\/wp-json\/wp\/v2\/types\/post"}],"author":[{"embeddable":true,"href":"https:\/\/eldigitaldeasturias.com\/radio\/wp-json\/wp\/v2\/users\/1"}],"replies":[{"embeddable":true,"href":"https:\/\/eldigitaldeasturias.com\/radio\/wp-json\/wp\/v2\/comments?post=3012"}],"version-history":[{"count":0,"href":"https:\/\/eldigitaldeasturias.com\/radio\/wp-json\/wp\/v2\/posts\/3012\/revisions"}],"wp:featuredmedia":[{"embeddable":true,"href":"https:\/\/eldigitaldeasturias.com\/radio\/wp-json\/wp\/v2\/media\/3013"}],"wp:attachment":[{"href":"https:\/\/eldigitaldeasturias.com\/radio\/wp-json\/wp\/v2\/media?parent=3012"}],"wp:term":[{"taxonomy":"category","embeddable":true,"href":"https:\/\/eldigitaldeasturias.com\/radio\/wp-json\/wp\/v2\/categories?post=3012"},{"taxonomy":"post_tag","embeddable":true,"href":"https:\/\/eldigitaldeasturias.com\/radio\/wp-json\/wp\/v2\/tags?post=3012"}],"curies":[{"name":"wp","href":"https:\/\/api.w.org\/{rel}","templated":true}]}}