{"id":3006,"date":"2019-08-02T19:08:09","date_gmt":"2019-08-02T19:08:09","guid":{"rendered":"http:\/\/eldigitaldeasturias.com\/radio\/?p=3006"},"modified":"2019-08-02T19:08:09","modified_gmt":"2019-08-02T19:08:09","slug":"espana-se-coloca-entre-los-10-paises-mas-vegetarianos-del-mundo","status":"publish","type":"post","link":"https:\/\/eldigitaldeasturias.com\/radio\/espana-se-coloca-entre-los-10-paises-mas-vegetarianos-del-mundo\/","title":{"rendered":"Espa\u00f1a se coloca entre los 10 pa\u00edses m\u00e1s vegetarianos del mundo"},"content":{"rendered":"<p><img fetchpriority=\"high\" decoding=\"async\" class=\"alignleft size-medium wp-image-3007\" src=\"https:\/\/eldigitaldeasturias.com\/radio\/wp-content\/uploads\/2019\/08\/carrots-2106825_960_720-360x240.jpg\" alt=\"\" width=\"360\" height=\"240\" srcset=\"https:\/\/eldigitaldeasturias.com\/radio\/wp-content\/uploads\/2019\/08\/carrots-2106825_960_720-360x240.jpg 360w, https:\/\/eldigitaldeasturias.com\/radio\/wp-content\/uploads\/2019\/08\/carrots-2106825_960_720-768x512.jpg 768w, https:\/\/eldigitaldeasturias.com\/radio\/wp-content\/uploads\/2019\/08\/carrots-2106825_960_720.jpg 960w\" sizes=\"(max-width: 360px) 100vw, 360px\" \/>Seg\u00fan el \u00faltimo informe realizado por<span style=\"color: #ff6600;\"><strong>\u00a0<\/strong><\/span><a href=\"http:\/\/www.lantern.es\/\" target=\"_blank\" rel=\"nofollow noopener noreferrer\"><span style=\"color: #ff6600;\"><strong>Lantern Espa\u00f1a<\/strong><\/span><\/a>, se colocar\u00eda entre los 10 pa\u00edses con m\u00e1s poblaci\u00f3n con alimentaci\u00f3n basada principalmente en vegetales, una tendencia que ha ido aumentando a lo largo de los \u00faltimos a\u00f1os contando ya con m\u00e1s de 3,8 millones de personas, es decir, el 9,9 % de la poblaci\u00f3n. Tambi\u00e9n se ha desvelado que las mujeres conforman los 2\/3 de este porcentaje, 1 de cada 10 espa\u00f1olas ya sigue alg\u00fan tipo de dieta vegetal.<\/p>\n<p>Este tipo de alimentaci\u00f3n ha pasado de ser una moda o tendencia a convertirse en una realidad para muchas personas que han modificado su dieta convirti\u00e9ndose as\u00ed en flexitarianos, vegetarianos o veganos, seg\u00fan destacan los responsables de dicha consultora. La alimentaci\u00f3n vegetal se ha instalado de forma definitiva en la lista de la compra y en el plato de la poblaci\u00f3n espa\u00f1ola.<\/p>\n<p>Los flexitarianos, personas cuya alimentaci\u00f3n es principalmente vegetal, pero que tambi\u00e9n consume carne y pescado de forma puntual, conforman el porcentaje mayor de las cifras. Respecto a los motivos declarados, la salud es el argumento principal de quienes reducen su consumo de carne, aunque se registra un crecimiento en la preocupaci\u00f3n por la sostenibilidad medioambiental y el sufrimiento animal.<\/p>\n<p>Andaluc\u00eda es la comunidad aut\u00f3noma donde los empresarios ven un mayor nicho de mercado para este tipo de clientes. En concreto, Granada es la ciudad m\u00e1s\u00a0<em>veggie<\/em>\u00a0de Espa\u00f1a y la que cuenta con el mayor volumen de restaurantes &#8216;veggies&#8217; por habitantes, concretamente 1 por cada 1.000 habitantes. Este tipo de oportunidades tampoco pasan desapercibidas por los servicios de catering para los\u00a0<span style=\"color: #ff6600;\"><a style=\"color: #ff6600;\" href=\"https:\/\/www.moraimacatering.com\/\" target=\"_blank\" rel=\"nofollow noopener noreferrer\"><strong>salones de celebraciones de boda de Sevilla<\/strong><\/a><\/span>, que ya ofertan men\u00fas completamente adaptados a cada tipo de dieta. Cada vez son m\u00e1s las parejas que eligen este tipo de dieta y que se deciden por estos tipos de men\u00fa para su\u00a0<span style=\"color: #ff6600;\"><strong><a style=\"color: #ff6600;\" href=\"https:\/\/www.moraimacatering.com\/servicios\/bodas\/\" target=\"_blank\" rel=\"nofollow noopener noreferrer\">sal\u00f3n de celebraciones de boda en Sevilla.<\/a><\/strong><\/span><\/p>\n<p>La realidad es que el crecimiento de la filosof\u00eda\u00a0<em>veggie<\/em>\u00a0es real, pero lento. No obstante se percibe que est\u00e1 aumentando la informaci\u00f3n que la poblaci\u00f3n espa\u00f1ola tiene sobre esta forma de alimentaci\u00f3n, siendo cada vez m\u00e1s gente la que sabe que esta opci\u00f3n existe y se informa sobre los falsos mitos que se relacionan con este tipo de dieta.<\/p>\n<p>&nbsp;<\/p>\n","protected":false},"excerpt":{"rendered":"<p>Seg\u00fan el \u00faltimo informe realizado por\u00a0Lantern Espa\u00f1a, se colocar\u00eda entre los 10 pa\u00edses con m\u00e1s poblaci\u00f3n con alimentaci\u00f3n basada principalmente en vegetales, una tendencia que ha ido aumentando a lo largo de los \u00faltimos a\u00f1os contando ya con m\u00e1s de 3,8 millones de personas, es decir, el 9,9 % de la poblaci\u00f3n. Tambi\u00e9n se ha<\/p>\n","protected":false},"author":1,"featured_media":3007,"comment_status":"closed","ping_status":"closed","sticky":false,"template":"","format":"standard","meta":{"footnotes":""},"categories":[1],"tags":[],"class_list":{"0":"post-3006","1":"post","2":"type-post","3":"status-publish","4":"format-standard","5":"has-post-thumbnail","7":"category-noticias"},"aioseo_notices":[],"aioseo_head":"\n\t\t<!-- All in One SEO Pro 4.9.6.2 - aioseo.com -->\n\t<meta name=\"description\" content=\"Seg\u00fan el \u00faltimo informe realizado por Lantern Espa\u00f1a, se colocar\u00eda entre los 10 pa\u00edses con m\u00e1s poblaci\u00f3n con alimentaci\u00f3n basada principalmente en vegetales, una tendencia que ha ido aumentando a lo largo de los \u00faltimos a\u00f1os contando ya con m\u00e1s de 3,8 millones de personas, es decir, el 9,9 % de la poblaci\u00f3n. Tambi\u00e9n se ha\" \/>\n\t<meta name=\"robots\" content=\"max-image-preview:large\" \/>\n\t<meta name=\"author\" content=\"NBAsturias\"\/>\n\t<meta name=\"google-site-verification\" content=\"UA-38556648-1\" \/>\n\t<meta name=\"keywords\" content=\"noticias\" \/>\n\t<link rel=\"canonical\" href=\"https:\/\/eldigitaldeasturias.com\/radio\/espana-se-coloca-entre-los-10-paises-mas-vegetarianos-del-mundo\/\" \/>\n\t<meta name=\"generator\" content=\"All in One SEO Pro (AIOSEO) 4.9.6.2\" \/>\n\t\t<meta property=\"og:locale\" content=\"es_ES\" \/>\n\t\t<meta property=\"og:site_name\" content=\"El Digital de Asturias | Diario de informaci\u00f3n y noticias\" \/>\n\t\t<meta property=\"og:type\" content=\"article\" \/>\n\t\t<meta property=\"og:title\" content=\"Espa\u00f1a se coloca entre los 10 pa\u00edses m\u00e1s vegetarianos del mundo | El Digital de Asturias\" \/>\n\t\t<meta property=\"og:description\" content=\"Seg\u00fan el \u00faltimo informe realizado por Lantern Espa\u00f1a, se colocar\u00eda entre los 10 pa\u00edses con m\u00e1s poblaci\u00f3n con alimentaci\u00f3n basada principalmente en vegetales, una tendencia que ha ido aumentando a lo largo de los \u00faltimos a\u00f1os contando ya con m\u00e1s de 3,8 millones de personas, es decir, el 9,9 % de la poblaci\u00f3n. Tambi\u00e9n se ha\" \/>\n\t\t<meta property=\"og:url\" content=\"https:\/\/eldigitaldeasturias.com\/radio\/espana-se-coloca-entre-los-10-paises-mas-vegetarianos-del-mundo\/\" \/>\n\t\t<meta property=\"og:image\" content=\"https:\/\/eldigitaldeasturias.com\/radio\/wp-content\/uploads\/2019\/08\/carrots-2106825_960_720.jpg\" \/>\n\t\t<meta property=\"og:image:secure_url\" content=\"https:\/\/eldigitaldeasturias.com\/radio\/wp-content\/uploads\/2019\/08\/carrots-2106825_960_720.jpg\" \/>\n\t\t<meta property=\"og:image:width\" content=\"960\" \/>\n\t\t<meta property=\"og:image:height\" content=\"640\" \/>\n\t\t<meta property=\"article:published_time\" content=\"2019-08-02T19:08:09+00:00\" \/>\n\t\t<meta property=\"article:modified_time\" content=\"2019-08-02T19:08:09+00:00\" \/>\n\t\t<meta name=\"twitter:card\" content=\"summary_large_image\" \/>\n\t\t<meta name=\"twitter:site\" content=\"@bercodi\" \/>\n\t\t<meta name=\"twitter:title\" content=\"Espa\u00f1a se coloca entre los 10 pa\u00edses m\u00e1s vegetarianos del mundo | El Digital de Asturias\" \/>\n\t\t<meta name=\"twitter:description\" content=\"Seg\u00fan el \u00faltimo informe realizado por Lantern Espa\u00f1a, se colocar\u00eda entre los 10 pa\u00edses con m\u00e1s poblaci\u00f3n con alimentaci\u00f3n basada principalmente en vegetales, una tendencia que ha ido aumentando a lo largo de los \u00faltimos a\u00f1os contando ya con m\u00e1s de 3,8 millones de personas, es decir, el 9,9 % de la poblaci\u00f3n. Tambi\u00e9n se ha\" \/>\n\t\t<meta name=\"twitter:creator\" content=\"@bercodi\" \/>\n\t\t<meta name=\"twitter:image\" content=\"https:\/\/eldigitaldeasturias.com\/radio\/wp-content\/uploads\/2019\/08\/carrots-2106825_960_720.jpg\" \/>\n\t\t<script type=\"application\/ld+json\" class=\"aioseo-schema\">\n\t\t\t{\"@context\":\"https:\\\/\\\/schema.org\",\"@graph\":[{\"@type\":\"BreadcrumbList\",\"@id\":\"https:\\\/\\\/eldigitaldeasturias.com\\\/radio\\\/espana-se-coloca-entre-los-10-paises-mas-vegetarianos-del-mundo\\\/#breadcrumblist\",\"itemListElement\":[{\"@type\":\"ListItem\",\"@id\":\"https:\\\/\\\/eldigitaldeasturias.com\\\/radio#listItem\",\"position\":1,\"name\":\"Inicio\",\"item\":\"https:\\\/\\\/eldigitaldeasturias.com\\\/radio\",\"nextItem\":{\"@type\":\"ListItem\",\"@id\":\"https:\\\/\\\/eldigitaldeasturias.com\\\/radio\\\/category\\\/noticias\\\/#listItem\",\"name\":\"Noticias\"}},{\"@type\":\"ListItem\",\"@id\":\"https:\\\/\\\/eldigitaldeasturias.com\\\/radio\\\/category\\\/noticias\\\/#listItem\",\"position\":2,\"name\":\"Noticias\",\"item\":\"https:\\\/\\\/eldigitaldeasturias.com\\\/radio\\\/category\\\/noticias\\\/\",\"nextItem\":{\"@type\":\"ListItem\",\"@id\":\"https:\\\/\\\/eldigitaldeasturias.com\\\/radio\\\/espana-se-coloca-entre-los-10-paises-mas-vegetarianos-del-mundo\\\/#listItem\",\"name\":\"Espa\\u00f1a se coloca entre los 10 pa\\u00edses m\\u00e1s vegetarianos del mundo\"},\"previousItem\":{\"@type\":\"ListItem\",\"@id\":\"https:\\\/\\\/eldigitaldeasturias.com\\\/radio#listItem\",\"name\":\"Inicio\"}},{\"@type\":\"ListItem\",\"@id\":\"https:\\\/\\\/eldigitaldeasturias.com\\\/radio\\\/espana-se-coloca-entre-los-10-paises-mas-vegetarianos-del-mundo\\\/#listItem\",\"position\":3,\"name\":\"Espa\\u00f1a se coloca entre los 10 pa\\u00edses m\\u00e1s vegetarianos del mundo\",\"previousItem\":{\"@type\":\"ListItem\",\"@id\":\"https:\\\/\\\/eldigitaldeasturias.com\\\/radio\\\/category\\\/noticias\\\/#listItem\",\"name\":\"Noticias\"}}]},{\"@type\":\"NewsArticle\",\"@id\":\"https:\\\/\\\/eldigitaldeasturias.com\\\/radio\\\/espana-se-coloca-entre-los-10-paises-mas-vegetarianos-del-mundo\\\/#newsarticle\",\"name\":\"Espa\\u00f1a se coloca entre los 10 pa\\u00edses m\\u00e1s vegetarianos del mundo | El Digital de Asturias\",\"headline\":\"Espa\\u00f1a se coloca entre los 10 pa\\u00edses m\\u00e1s vegetarianos del mundo\",\"author\":{\"@id\":\"https:\\\/\\\/eldigitaldeasturias.com\\\/radio\\\/author\\\/nbasturias\\\/#author\"},\"publisher\":{\"@id\":\"https:\\\/\\\/eldigitaldeasturias.com\\\/radio\\\/#organization\"},\"image\":{\"@type\":\"ImageObject\",\"url\":\"https:\\\/\\\/eldigitaldeasturias.com\\\/radio\\\/wp-content\\\/uploads\\\/2019\\\/08\\\/carrots-2106825_960_720.jpg\",\"width\":960,\"height\":640},\"datePublished\":\"2019-08-02T19:08:09+02:00\",\"dateModified\":\"2019-08-02T19:08:09+02:00\",\"inLanguage\":\"es-ES\",\"mainEntityOfPage\":{\"@id\":\"https:\\\/\\\/eldigitaldeasturias.com\\\/radio\\\/espana-se-coloca-entre-los-10-paises-mas-vegetarianos-del-mundo\\\/#webpage\"},\"isPartOf\":{\"@id\":\"https:\\\/\\\/eldigitaldeasturias.com\\\/radio\\\/espana-se-coloca-entre-los-10-paises-mas-vegetarianos-del-mundo\\\/#webpage\"},\"articleSection\":\"Noticias\",\"dateline\":\"Publicado el agosto 2, 2019.\"},{\"@type\":\"Organization\",\"@id\":\"https:\\\/\\\/eldigitaldeasturias.com\\\/radio\\\/#organization\",\"name\":\"El digital de Asturias Radio\",\"description\":\"Diario de informaci\\u00f3n y noticias\",\"url\":\"https:\\\/\\\/eldigitaldeasturias.com\\\/radio\\\/\",\"telephone\":\"+34652131393\",\"logo\":{\"@type\":\"ImageObject\",\"url\":\"https:\\\/\\\/www.eldigitaldeasturias.com\\\/radio\\\/wp-content\\\/uploads\\\/2021\\\/03\\\/EDA.jpg\",\"@id\":\"https:\\\/\\\/eldigitaldeasturias.com\\\/radio\\\/espana-se-coloca-entre-los-10-paises-mas-vegetarianos-del-mundo\\\/#organizationLogo\"},\"image\":{\"@id\":\"https:\\\/\\\/eldigitaldeasturias.com\\\/radio\\\/espana-se-coloca-entre-los-10-paises-mas-vegetarianos-del-mundo\\\/#organizationLogo\"},\"sameAs\":[\"https:\\\/\\\/www.facebook.com\\\/\",\"https:\\\/\\\/x.com\\\/bercodi\",\"https:\\\/\\\/www.instagram.com\\\/\",\"https:\\\/\\\/www.youtube.com\\\/channel\\\/UCZP-2wLEB9Rv6erhFmqVnvg\"]},{\"@type\":\"Person\",\"@id\":\"https:\\\/\\\/eldigitaldeasturias.com\\\/radio\\\/author\\\/nbasturias\\\/#author\",\"url\":\"https:\\\/\\\/eldigitaldeasturias.com\\\/radio\\\/author\\\/nbasturias\\\/\",\"name\":\"NBAsturias\",\"image\":{\"@type\":\"ImageObject\",\"@id\":\"https:\\\/\\\/eldigitaldeasturias.com\\\/radio\\\/espana-se-coloca-entre-los-10-paises-mas-vegetarianos-del-mundo\\\/#authorImage\",\"url\":\"https:\\\/\\\/secure.gravatar.com\\\/avatar\\\/df2aeffc32bcd13f8d26072ef8a91b623d677766deac7f97ca815868cd41bf5e?s=96&d=mm&r=g\",\"width\":96,\"height\":96,\"caption\":\"NBAsturias\"}},{\"@type\":\"WebPage\",\"@id\":\"https:\\\/\\\/eldigitaldeasturias.com\\\/radio\\\/espana-se-coloca-entre-los-10-paises-mas-vegetarianos-del-mundo\\\/#webpage\",\"url\":\"https:\\\/\\\/eldigitaldeasturias.com\\\/radio\\\/espana-se-coloca-entre-los-10-paises-mas-vegetarianos-del-mundo\\\/\",\"name\":\"Espa\\u00f1a se coloca entre los 10 pa\\u00edses m\\u00e1s vegetarianos del mundo | El Digital de Asturias\",\"description\":\"Seg\\u00fan el \\u00faltimo informe realizado por Lantern Espa\\u00f1a, se colocar\\u00eda entre los 10 pa\\u00edses con m\\u00e1s poblaci\\u00f3n con alimentaci\\u00f3n basada principalmente en vegetales, una tendencia que ha ido aumentando a lo largo de los \\u00faltimos a\\u00f1os contando ya con m\\u00e1s de 3,8 millones de personas, es decir, el 9,9 % de la poblaci\\u00f3n. Tambi\\u00e9n se ha\",\"inLanguage\":\"es-ES\",\"isPartOf\":{\"@id\":\"https:\\\/\\\/eldigitaldeasturias.com\\\/radio\\\/#website\"},\"breadcrumb\":{\"@id\":\"https:\\\/\\\/eldigitaldeasturias.com\\\/radio\\\/espana-se-coloca-entre-los-10-paises-mas-vegetarianos-del-mundo\\\/#breadcrumblist\"},\"author\":{\"@id\":\"https:\\\/\\\/eldigitaldeasturias.com\\\/radio\\\/author\\\/nbasturias\\\/#author\"},\"creator\":{\"@id\":\"https:\\\/\\\/eldigitaldeasturias.com\\\/radio\\\/author\\\/nbasturias\\\/#author\"},\"image\":{\"@type\":\"ImageObject\",\"url\":\"https:\\\/\\\/eldigitaldeasturias.com\\\/radio\\\/wp-content\\\/uploads\\\/2019\\\/08\\\/carrots-2106825_960_720.jpg\",\"@id\":\"https:\\\/\\\/eldigitaldeasturias.com\\\/radio\\\/espana-se-coloca-entre-los-10-paises-mas-vegetarianos-del-mundo\\\/#mainImage\",\"width\":960,\"height\":640},\"primaryImageOfPage\":{\"@id\":\"https:\\\/\\\/eldigitaldeasturias.com\\\/radio\\\/espana-se-coloca-entre-los-10-paises-mas-vegetarianos-del-mundo\\\/#mainImage\"},\"datePublished\":\"2019-08-02T19:08:09+02:00\",\"dateModified\":\"2019-08-02T19:08:09+02:00\"},{\"@type\":\"WebSite\",\"@id\":\"https:\\\/\\\/eldigitaldeasturias.com\\\/radio\\\/#website\",\"url\":\"https:\\\/\\\/eldigitaldeasturias.com\\\/radio\\\/\",\"name\":\"El Digital de Asturias\",\"description\":\"Diario de informaci\\u00f3n y noticias\",\"inLanguage\":\"es-ES\",\"publisher\":{\"@id\":\"https:\\\/\\\/eldigitaldeasturias.com\\\/radio\\\/#organization\"}}]}\n\t\t<\/script>\n\t\t<!-- All in One SEO Pro -->\r\n\t\t<title>Espa\u00f1a se coloca entre los 10 pa\u00edses m\u00e1s vegetarianos del mundo | El Digital de Asturias<\/title>\n\n","aioseo_head_json":{"title":"Espa\u00f1a se coloca entre los 10 pa\u00edses m\u00e1s vegetarianos del mundo | El Digital de Asturias","description":"Seg\u00fan el \u00faltimo informe realizado por Lantern Espa\u00f1a, se colocar\u00eda entre los 10 pa\u00edses con m\u00e1s poblaci\u00f3n con alimentaci\u00f3n basada principalmente en vegetales, una tendencia que ha ido aumentando a lo largo de los \u00faltimos a\u00f1os contando ya con m\u00e1s de 3,8 millones de personas, es decir, el 9,9 % de la poblaci\u00f3n. Tambi\u00e9n se ha","canonical_url":"https:\/\/eldigitaldeasturias.com\/radio\/espana-se-coloca-entre-los-10-paises-mas-vegetarianos-del-mundo\/","robots":"max-image-preview:large","keywords":"noticias","webmasterTools":{"google-site-verification":"UA-38556648-1","miscellaneous":""},"schema":{"@context":"https:\/\/schema.org","@graph":[{"@type":"BreadcrumbList","@id":"https:\/\/eldigitaldeasturias.com\/radio\/espana-se-coloca-entre-los-10-paises-mas-vegetarianos-del-mundo\/#breadcrumblist","itemListElement":[{"@type":"ListItem","@id":"https:\/\/eldigitaldeasturias.com\/radio#listItem","position":1,"name":"Inicio","item":"https:\/\/eldigitaldeasturias.com\/radio","nextItem":{"@type":"ListItem","@id":"https:\/\/eldigitaldeasturias.com\/radio\/category\/noticias\/#listItem","name":"Noticias"}},{"@type":"ListItem","@id":"https:\/\/eldigitaldeasturias.com\/radio\/category\/noticias\/#listItem","position":2,"name":"Noticias","item":"https:\/\/eldigitaldeasturias.com\/radio\/category\/noticias\/","nextItem":{"@type":"ListItem","@id":"https:\/\/eldigitaldeasturias.com\/radio\/espana-se-coloca-entre-los-10-paises-mas-vegetarianos-del-mundo\/#listItem","name":"Espa\u00f1a se coloca entre los 10 pa\u00edses m\u00e1s vegetarianos del mundo"},"previousItem":{"@type":"ListItem","@id":"https:\/\/eldigitaldeasturias.com\/radio#listItem","name":"Inicio"}},{"@type":"ListItem","@id":"https:\/\/eldigitaldeasturias.com\/radio\/espana-se-coloca-entre-los-10-paises-mas-vegetarianos-del-mundo\/#listItem","position":3,"name":"Espa\u00f1a se coloca entre los 10 pa\u00edses m\u00e1s vegetarianos del mundo","previousItem":{"@type":"ListItem","@id":"https:\/\/eldigitaldeasturias.com\/radio\/category\/noticias\/#listItem","name":"Noticias"}}]},{"@type":"NewsArticle","@id":"https:\/\/eldigitaldeasturias.com\/radio\/espana-se-coloca-entre-los-10-paises-mas-vegetarianos-del-mundo\/#newsarticle","name":"Espa\u00f1a se coloca entre los 10 pa\u00edses m\u00e1s vegetarianos del mundo | El Digital de Asturias","headline":"Espa\u00f1a se coloca entre los 10 pa\u00edses m\u00e1s vegetarianos del mundo","author":{"@id":"https:\/\/eldigitaldeasturias.com\/radio\/author\/nbasturias\/#author"},"publisher":{"@id":"https:\/\/eldigitaldeasturias.com\/radio\/#organization"},"image":{"@type":"ImageObject","url":"https:\/\/eldigitaldeasturias.com\/radio\/wp-content\/uploads\/2019\/08\/carrots-2106825_960_720.jpg","width":960,"height":640},"datePublished":"2019-08-02T19:08:09+02:00","dateModified":"2019-08-02T19:08:09+02:00","inLanguage":"es-ES","mainEntityOfPage":{"@id":"https:\/\/eldigitaldeasturias.com\/radio\/espana-se-coloca-entre-los-10-paises-mas-vegetarianos-del-mundo\/#webpage"},"isPartOf":{"@id":"https:\/\/eldigitaldeasturias.com\/radio\/espana-se-coloca-entre-los-10-paises-mas-vegetarianos-del-mundo\/#webpage"},"articleSection":"Noticias","dateline":"Publicado el agosto 2, 2019."},{"@type":"Organization","@id":"https:\/\/eldigitaldeasturias.com\/radio\/#organization","name":"El digital de Asturias Radio","description":"Diario de informaci\u00f3n y noticias","url":"https:\/\/eldigitaldeasturias.com\/radio\/","telephone":"+34652131393","logo":{"@type":"ImageObject","url":"https:\/\/www.eldigitaldeasturias.com\/radio\/wp-content\/uploads\/2021\/03\/EDA.jpg","@id":"https:\/\/eldigitaldeasturias.com\/radio\/espana-se-coloca-entre-los-10-paises-mas-vegetarianos-del-mundo\/#organizationLogo"},"image":{"@id":"https:\/\/eldigitaldeasturias.com\/radio\/espana-se-coloca-entre-los-10-paises-mas-vegetarianos-del-mundo\/#organizationLogo"},"sameAs":["https:\/\/www.facebook.com\/","https:\/\/x.com\/bercodi","https:\/\/www.instagram.com\/","https:\/\/www.youtube.com\/channel\/UCZP-2wLEB9Rv6erhFmqVnvg"]},{"@type":"Person","@id":"https:\/\/eldigitaldeasturias.com\/radio\/author\/nbasturias\/#author","url":"https:\/\/eldigitaldeasturias.com\/radio\/author\/nbasturias\/","name":"NBAsturias","image":{"@type":"ImageObject","@id":"https:\/\/eldigitaldeasturias.com\/radio\/espana-se-coloca-entre-los-10-paises-mas-vegetarianos-del-mundo\/#authorImage","url":"https:\/\/secure.gravatar.com\/avatar\/df2aeffc32bcd13f8d26072ef8a91b623d677766deac7f97ca815868cd41bf5e?s=96&d=mm&r=g","width":96,"height":96,"caption":"NBAsturias"}},{"@type":"WebPage","@id":"https:\/\/eldigitaldeasturias.com\/radio\/espana-se-coloca-entre-los-10-paises-mas-vegetarianos-del-mundo\/#webpage","url":"https:\/\/eldigitaldeasturias.com\/radio\/espana-se-coloca-entre-los-10-paises-mas-vegetarianos-del-mundo\/","name":"Espa\u00f1a se coloca entre los 10 pa\u00edses m\u00e1s vegetarianos del mundo | El Digital de Asturias","description":"Seg\u00fan el \u00faltimo informe realizado por Lantern Espa\u00f1a, se colocar\u00eda entre los 10 pa\u00edses con m\u00e1s poblaci\u00f3n con alimentaci\u00f3n basada principalmente en vegetales, una tendencia que ha ido aumentando a lo largo de los \u00faltimos a\u00f1os contando ya con m\u00e1s de 3,8 millones de personas, es decir, el 9,9 % de la poblaci\u00f3n. Tambi\u00e9n se ha","inLanguage":"es-ES","isPartOf":{"@id":"https:\/\/eldigitaldeasturias.com\/radio\/#website"},"breadcrumb":{"@id":"https:\/\/eldigitaldeasturias.com\/radio\/espana-se-coloca-entre-los-10-paises-mas-vegetarianos-del-mundo\/#breadcrumblist"},"author":{"@id":"https:\/\/eldigitaldeasturias.com\/radio\/author\/nbasturias\/#author"},"creator":{"@id":"https:\/\/eldigitaldeasturias.com\/radio\/author\/nbasturias\/#author"},"image":{"@type":"ImageObject","url":"https:\/\/eldigitaldeasturias.com\/radio\/wp-content\/uploads\/2019\/08\/carrots-2106825_960_720.jpg","@id":"https:\/\/eldigitaldeasturias.com\/radio\/espana-se-coloca-entre-los-10-paises-mas-vegetarianos-del-mundo\/#mainImage","width":960,"height":640},"primaryImageOfPage":{"@id":"https:\/\/eldigitaldeasturias.com\/radio\/espana-se-coloca-entre-los-10-paises-mas-vegetarianos-del-mundo\/#mainImage"},"datePublished":"2019-08-02T19:08:09+02:00","dateModified":"2019-08-02T19:08:09+02:00"},{"@type":"WebSite","@id":"https:\/\/eldigitaldeasturias.com\/radio\/#website","url":"https:\/\/eldigitaldeasturias.com\/radio\/","name":"El Digital de Asturias","description":"Diario de informaci\u00f3n y noticias","inLanguage":"es-ES","publisher":{"@id":"https:\/\/eldigitaldeasturias.com\/radio\/#organization"}}]},"og:locale":"es_ES","og:site_name":"El Digital de Asturias | Diario de informaci\u00f3n y noticias","og:type":"article","og:title":"Espa\u00f1a se coloca entre los 10 pa\u00edses m\u00e1s vegetarianos del mundo | El Digital de Asturias","og:description":"Seg\u00fan el \u00faltimo informe realizado por Lantern Espa\u00f1a, se colocar\u00eda entre los 10 pa\u00edses con m\u00e1s poblaci\u00f3n con alimentaci\u00f3n basada principalmente en vegetales, una tendencia que ha ido aumentando a lo largo de los \u00faltimos a\u00f1os contando ya con m\u00e1s de 3,8 millones de personas, es decir, el 9,9 % de la poblaci\u00f3n. Tambi\u00e9n se ha","og:url":"https:\/\/eldigitaldeasturias.com\/radio\/espana-se-coloca-entre-los-10-paises-mas-vegetarianos-del-mundo\/","og:image":"https:\/\/eldigitaldeasturias.com\/radio\/wp-content\/uploads\/2019\/08\/carrots-2106825_960_720.jpg","og:image:secure_url":"https:\/\/eldigitaldeasturias.com\/radio\/wp-content\/uploads\/2019\/08\/carrots-2106825_960_720.jpg","og:image:width":960,"og:image:height":640,"article:published_time":"2019-08-02T19:08:09+00:00","article:modified_time":"2019-08-02T19:08:09+00:00","twitter:card":"summary_large_image","twitter:site":"@bercodi","twitter:title":"Espa\u00f1a se coloca entre los 10 pa\u00edses m\u00e1s vegetarianos del mundo | El Digital de Asturias","twitter:description":"Seg\u00fan el \u00faltimo informe realizado por Lantern Espa\u00f1a, se colocar\u00eda entre los 10 pa\u00edses con m\u00e1s poblaci\u00f3n con alimentaci\u00f3n basada principalmente en vegetales, una tendencia que ha ido aumentando a lo largo de los \u00faltimos a\u00f1os contando ya con m\u00e1s de 3,8 millones de personas, es decir, el 9,9 % de la poblaci\u00f3n. Tambi\u00e9n se ha","twitter:creator":"@bercodi","twitter:image":"https:\/\/eldigitaldeasturias.com\/radio\/wp-content\/uploads\/2019\/08\/carrots-2106825_960_720.jpg"},"aioseo_meta_data":{"post_id":"3006","title":null,"description":null,"keywords":null,"keyphrases":null,"primary_term":null,"canonical_url":null,"og_title":null,"og_description":null,"og_object_type":"default","og_image_type":"default","og_image_url":null,"og_image_width":null,"og_image_height":null,"og_image_custom_url":null,"og_image_custom_fields":null,"og_video":null,"og_custom_url":null,"og_article_section":null,"og_article_tags":null,"twitter_use_og":false,"twitter_card":"default","twitter_image_type":"default","twitter_image_url":null,"twitter_image_custom_url":null,"twitter_image_custom_fields":null,"twitter_title":null,"twitter_description":null,"schema":{"blockGraphs":[],"customGraphs":[],"default":{"data":{"Article":[],"Course":[],"Dataset":[],"FAQPage":[],"Movie":[],"Person":[],"Product":[],"ProductReview":[],"Car":[],"Recipe":[],"Service":[],"SoftwareApplication":[],"WebPage":[]},"graphName":"","isEnabled":true},"graphs":[],"defaultGraph":"","defaultPostTypeGraph":""},"schema_type":null,"schema_type_options":null,"pillar_content":false,"robots_default":true,"robots_noindex":false,"robots_noarchive":false,"robots_nosnippet":false,"robots_nofollow":false,"robots_noimageindex":false,"robots_noodp":false,"robots_notranslate":false,"robots_max_snippet":null,"robots_max_videopreview":null,"robots_max_imagepreview":"large","priority":null,"frequency":null,"location":null,"local_seo":null,"seo_analyzer_scan_date":"2025-08-28 13:21:30","breadcrumb_settings":null,"limit_modified_date":false,"open_ai":null,"ai":null,"created":"2021-03-27 08:27:40","updated":"2025-08-28 13:21:30"},"aioseo_breadcrumb":"<div class=\"aioseo-breadcrumbs\"><span class=\"aioseo-breadcrumb\">\n\t<a href=\"https:\/\/eldigitaldeasturias.com\/radio\" title=\"Inicio\">Inicio<\/a>\n<\/span><span class=\"aioseo-breadcrumb-separator\">&ndash;<\/span><span class=\"aioseo-breadcrumb\">\n\t<a href=\"https:\/\/eldigitaldeasturias.com\/radio\/category\/noticias\/\" title=\"Noticias\">Noticias<\/a>\n<\/span><span class=\"aioseo-breadcrumb-separator\">&ndash;<\/span><span class=\"aioseo-breadcrumb\">\n\tEspa\u00f1a se coloca entre los 10 pa\u00edses m\u00e1s vegetarianos del mundo\n<\/span><\/div>","aioseo_breadcrumb_json":[{"label":"Inicio","link":"https:\/\/eldigitaldeasturias.com\/radio"},{"label":"Noticias","link":"https:\/\/eldigitaldeasturias.com\/radio\/category\/noticias\/"},{"label":"Espa\u00f1a se coloca entre los 10 pa\u00edses m\u00e1s vegetarianos del mundo","link":"https:\/\/eldigitaldeasturias.com\/radio\/espana-se-coloca-entre-los-10-paises-mas-vegetarianos-del-mundo\/"}],"_links":{"self":[{"href":"https:\/\/eldigitaldeasturias.com\/radio\/wp-json\/wp\/v2\/posts\/3006","targetHints":{"allow":["GET"]}}],"collection":[{"href":"https:\/\/eldigitaldeasturias.com\/radio\/wp-json\/wp\/v2\/posts"}],"about":[{"href":"https:\/\/eldigitaldeasturias.com\/radio\/wp-json\/wp\/v2\/types\/post"}],"author":[{"embeddable":true,"href":"https:\/\/eldigitaldeasturias.com\/radio\/wp-json\/wp\/v2\/users\/1"}],"replies":[{"embeddable":true,"href":"https:\/\/eldigitaldeasturias.com\/radio\/wp-json\/wp\/v2\/comments?post=3006"}],"version-history":[{"count":0,"href":"https:\/\/eldigitaldeasturias.com\/radio\/wp-json\/wp\/v2\/posts\/3006\/revisions"}],"wp:featuredmedia":[{"embeddable":true,"href":"https:\/\/eldigitaldeasturias.com\/radio\/wp-json\/wp\/v2\/media\/3007"}],"wp:attachment":[{"href":"https:\/\/eldigitaldeasturias.com\/radio\/wp-json\/wp\/v2\/media?parent=3006"}],"wp:term":[{"taxonomy":"category","embeddable":true,"href":"https:\/\/eldigitaldeasturias.com\/radio\/wp-json\/wp\/v2\/categories?post=3006"},{"taxonomy":"post_tag","embeddable":true,"href":"https:\/\/eldigitaldeasturias.com\/radio\/wp-json\/wp\/v2\/tags?post=3006"}],"curies":[{"name":"wp","href":"https:\/\/api.w.org\/{rel}","templated":true}]}}