{"id":2979,"date":"2019-08-02T10:05:26","date_gmt":"2019-08-02T10:05:26","guid":{"rendered":"http:\/\/eldigitaldeasturias.com\/radio\/?p=2979"},"modified":"2019-08-02T10:05:26","modified_gmt":"2019-08-02T10:05:26","slug":"reint-gropp-algunas-regiones-rurales-del-este-de-alemania-pereceran","status":"publish","type":"post","link":"https:\/\/eldigitaldeasturias.com\/radio\/reint-gropp-algunas-regiones-rurales-del-este-de-alemania-pereceran\/","title":{"rendered":"Reint Gropp:  \u00abAlgunas regiones rurales del este de Alemania perecer\u00e1n\u00bb"},"content":{"rendered":"<p><img decoding=\"async\" class=\"alignleft size-medium wp-image-2980\" src=\"https:\/\/eldigitaldeasturias.com\/radio\/wp-content\/uploads\/2019\/08\/wheat-field-2554356_960_720-360x136.jpg\" alt=\"\" width=\"360\" height=\"136\" srcset=\"https:\/\/eldigitaldeasturias.com\/radio\/wp-content\/uploads\/2019\/08\/wheat-field-2554356_960_720-360x136.jpg 360w, https:\/\/eldigitaldeasturias.com\/radio\/wp-content\/uploads\/2019\/08\/wheat-field-2554356_960_720-768x290.jpg 768w, https:\/\/eldigitaldeasturias.com\/radio\/wp-content\/uploads\/2019\/08\/wheat-field-2554356_960_720.jpg 960w\" sizes=\"(max-width: 360px) 100vw, 360px\" \/>Halle (Alemania), 2 ago (dpa) &#8211; El presidente del Instituto Leibniz para Investigaci\u00f3n Econ\u00f3mica (IWH), Reint Gropp, reclam\u00f3 una nueva pol\u00edtica de fomento para las regiones del este de Alemania, seg\u00fan publica la revista econ\u00f3mica \u00abWirtschaftswoche\u00bb en su edici\u00f3n de hoy.<\/p>\n<p>El economista se\u00f1al\u00f3 que la dirigencia pol\u00edtica deber\u00eda concentrar los fondos y las inversiones en proyectos de infraestructura en las grandes ciudades y para impulsar la conexi\u00f3n de las zonas perif\u00e9ricas con los centros urbanos.<\/p>\n<p>\u00abNo puede ser que los pol\u00edticos permitan que la regi\u00f3n de Berl\u00edn se asfixie en embotellamientos de tr\u00e1nsito mientras que en alg\u00fan rinc\u00f3n de Lusacia se construye una salida de autopista para unos pocos cientos de veh\u00edculos al d\u00eda\u00bb, dijo Gropp en entrevista con la revista germana. La regi\u00f3n Lusacia, en la frontera con Polonia, est\u00e1 escasamente poblada.<\/p>\n<p>El presidente del IWH tambi\u00e9n se pronunci\u00f3 en contra de una red de telefon\u00eda 5G que cubra todo el este de Alemania debido a que su implementaci\u00f3n en las zonas rurales ser\u00eda demasiado costosa.<\/p>\n<p>\u00abDebemos despedirnos del dogma de la igualdad de condiciones de vida. Esta meta es una ilusi\u00f3n peligrosa y nos lleva a gastar mucho dinero de manera ineficiente\u00bb, a\u00f1adi\u00f3 Gropp.<\/p>\n<p>En vista de la desfavorable evoluci\u00f3n demogr\u00e1fica de los llamados \u00abnuevos estados federados\u00bb (porque se integraron tras la unificaci\u00f3n alemana), el economista teme la despoblaci\u00f3n de regiones enteras y considera que esto no puede ser evitado con medidas aplicadas desde el orden pol\u00edtico.<\/p>\n<p>\u00abAlgunas regiones rurales perecer\u00e1n a causa de la demograf\u00eda y la falta de migraci\u00f3n\u00bb, opin\u00f3 Gropp.<\/p>\n","protected":false},"excerpt":{"rendered":"<p>Halle (Alemania), 2 ago (dpa) &#8211; El presidente del Instituto Leibniz para Investigaci\u00f3n Econ\u00f3mica (IWH), Reint Gropp, reclam\u00f3 una nueva pol\u00edtica de fomento para las regiones del este de Alemania, seg\u00fan publica la revista econ\u00f3mica \u00abWirtschaftswoche\u00bb en su edici\u00f3n de hoy. El economista se\u00f1al\u00f3 que la dirigencia pol\u00edtica deber\u00eda concentrar los fondos y las inversiones<\/p>\n","protected":false},"author":1,"featured_media":2980,"comment_status":"closed","ping_status":"closed","sticky":false,"template":"","format":"standard","meta":{"footnotes":""},"categories":[1],"tags":[],"class_list":{"0":"post-2979","1":"post","2":"type-post","3":"status-publish","4":"format-standard","5":"has-post-thumbnail","7":"category-noticias"},"aioseo_notices":[],"aioseo_head":"\n\t\t<!-- All in One SEO Pro 4.9.6.2 - aioseo.com -->\n\t<meta name=\"description\" content=\"Halle (Alemania), 2 ago (dpa) - El presidente del Instituto Leibniz para Investigaci\u00f3n Econ\u00f3mica (IWH), Reint Gropp, reclam\u00f3 una nueva pol\u00edtica de fomento para las regiones del este de Alemania, seg\u00fan publica la revista econ\u00f3mica &quot;Wirtschaftswoche&quot; en su edici\u00f3n de hoy. El economista se\u00f1al\u00f3 que la dirigencia pol\u00edtica deber\u00eda concentrar los fondos y las inversiones\" \/>\n\t<meta name=\"robots\" content=\"max-image-preview:large\" \/>\n\t<meta name=\"author\" content=\"NBAsturias\"\/>\n\t<meta name=\"google-site-verification\" content=\"UA-38556648-1\" \/>\n\t<meta name=\"keywords\" content=\"noticias\" \/>\n\t<link rel=\"canonical\" href=\"https:\/\/eldigitaldeasturias.com\/radio\/reint-gropp-algunas-regiones-rurales-del-este-de-alemania-pereceran\/\" \/>\n\t<meta name=\"generator\" content=\"All in One SEO Pro (AIOSEO) 4.9.6.2\" \/>\n\t\t<meta property=\"og:locale\" content=\"es_ES\" \/>\n\t\t<meta property=\"og:site_name\" content=\"El Digital de Asturias | Diario de informaci\u00f3n y noticias\" \/>\n\t\t<meta property=\"og:type\" content=\"article\" \/>\n\t\t<meta property=\"og:title\" content=\"Reint Gropp: \u00abAlgunas regiones rurales del este de Alemania perecer\u00e1n\u00bb | El Digital de Asturias\" \/>\n\t\t<meta property=\"og:description\" content=\"Halle (Alemania), 2 ago (dpa) - El presidente del Instituto Leibniz para Investigaci\u00f3n Econ\u00f3mica (IWH), Reint Gropp, reclam\u00f3 una nueva pol\u00edtica de fomento para las regiones del este de Alemania, seg\u00fan publica la revista econ\u00f3mica &quot;Wirtschaftswoche&quot; en su edici\u00f3n de hoy. El economista se\u00f1al\u00f3 que la dirigencia pol\u00edtica deber\u00eda concentrar los fondos y las inversiones\" \/>\n\t\t<meta property=\"og:url\" content=\"https:\/\/eldigitaldeasturias.com\/radio\/reint-gropp-algunas-regiones-rurales-del-este-de-alemania-pereceran\/\" \/>\n\t\t<meta property=\"og:image\" content=\"https:\/\/eldigitaldeasturias.com\/radio\/wp-content\/uploads\/2019\/08\/wheat-field-2554356_960_720.jpg\" \/>\n\t\t<meta property=\"og:image:secure_url\" content=\"https:\/\/eldigitaldeasturias.com\/radio\/wp-content\/uploads\/2019\/08\/wheat-field-2554356_960_720.jpg\" \/>\n\t\t<meta property=\"og:image:width\" content=\"960\" \/>\n\t\t<meta property=\"og:image:height\" content=\"363\" \/>\n\t\t<meta property=\"article:published_time\" content=\"2019-08-02T10:05:26+00:00\" \/>\n\t\t<meta property=\"article:modified_time\" content=\"2019-08-02T10:05:26+00:00\" \/>\n\t\t<meta name=\"twitter:card\" content=\"summary_large_image\" \/>\n\t\t<meta name=\"twitter:site\" content=\"@bercodi\" \/>\n\t\t<meta name=\"twitter:title\" content=\"Reint Gropp: \u00abAlgunas regiones rurales del este de Alemania perecer\u00e1n\u00bb | El Digital de Asturias\" \/>\n\t\t<meta name=\"twitter:description\" content=\"Halle (Alemania), 2 ago (dpa) - El presidente del Instituto Leibniz para Investigaci\u00f3n Econ\u00f3mica (IWH), Reint Gropp, reclam\u00f3 una nueva pol\u00edtica de fomento para las regiones del este de Alemania, seg\u00fan publica la revista econ\u00f3mica &quot;Wirtschaftswoche&quot; en su edici\u00f3n de hoy. El economista se\u00f1al\u00f3 que la dirigencia pol\u00edtica deber\u00eda concentrar los fondos y las inversiones\" \/>\n\t\t<meta name=\"twitter:creator\" content=\"@bercodi\" \/>\n\t\t<meta name=\"twitter:image\" content=\"https:\/\/eldigitaldeasturias.com\/radio\/wp-content\/uploads\/2019\/08\/wheat-field-2554356_960_720.jpg\" \/>\n\t\t<script type=\"application\/ld+json\" class=\"aioseo-schema\">\n\t\t\t{\"@context\":\"https:\\\/\\\/schema.org\",\"@graph\":[{\"@type\":\"BreadcrumbList\",\"@id\":\"https:\\\/\\\/eldigitaldeasturias.com\\\/radio\\\/reint-gropp-algunas-regiones-rurales-del-este-de-alemania-pereceran\\\/#breadcrumblist\",\"itemListElement\":[{\"@type\":\"ListItem\",\"@id\":\"https:\\\/\\\/eldigitaldeasturias.com\\\/radio#listItem\",\"position\":1,\"name\":\"Inicio\",\"item\":\"https:\\\/\\\/eldigitaldeasturias.com\\\/radio\",\"nextItem\":{\"@type\":\"ListItem\",\"@id\":\"https:\\\/\\\/eldigitaldeasturias.com\\\/radio\\\/category\\\/noticias\\\/#listItem\",\"name\":\"Noticias\"}},{\"@type\":\"ListItem\",\"@id\":\"https:\\\/\\\/eldigitaldeasturias.com\\\/radio\\\/category\\\/noticias\\\/#listItem\",\"position\":2,\"name\":\"Noticias\",\"item\":\"https:\\\/\\\/eldigitaldeasturias.com\\\/radio\\\/category\\\/noticias\\\/\",\"nextItem\":{\"@type\":\"ListItem\",\"@id\":\"https:\\\/\\\/eldigitaldeasturias.com\\\/radio\\\/reint-gropp-algunas-regiones-rurales-del-este-de-alemania-pereceran\\\/#listItem\",\"name\":\"Reint Gropp:  \\u00abAlgunas regiones rurales del este de Alemania perecer\\u00e1n\\u00bb\"},\"previousItem\":{\"@type\":\"ListItem\",\"@id\":\"https:\\\/\\\/eldigitaldeasturias.com\\\/radio#listItem\",\"name\":\"Inicio\"}},{\"@type\":\"ListItem\",\"@id\":\"https:\\\/\\\/eldigitaldeasturias.com\\\/radio\\\/reint-gropp-algunas-regiones-rurales-del-este-de-alemania-pereceran\\\/#listItem\",\"position\":3,\"name\":\"Reint Gropp:  \\u00abAlgunas regiones rurales del este de Alemania perecer\\u00e1n\\u00bb\",\"previousItem\":{\"@type\":\"ListItem\",\"@id\":\"https:\\\/\\\/eldigitaldeasturias.com\\\/radio\\\/category\\\/noticias\\\/#listItem\",\"name\":\"Noticias\"}}]},{\"@type\":\"NewsArticle\",\"@id\":\"https:\\\/\\\/eldigitaldeasturias.com\\\/radio\\\/reint-gropp-algunas-regiones-rurales-del-este-de-alemania-pereceran\\\/#newsarticle\",\"name\":\"Reint Gropp: \\u00abAlgunas regiones rurales del este de Alemania perecer\\u00e1n\\u00bb | El Digital de Asturias\",\"headline\":\"Reint Gropp:  \\u00abAlgunas regiones rurales del este de Alemania perecer\\u00e1n\\u00bb\",\"author\":{\"@id\":\"https:\\\/\\\/eldigitaldeasturias.com\\\/radio\\\/author\\\/nbasturias\\\/#author\"},\"publisher\":{\"@id\":\"https:\\\/\\\/eldigitaldeasturias.com\\\/radio\\\/#organization\"},\"image\":{\"@type\":\"ImageObject\",\"url\":\"https:\\\/\\\/eldigitaldeasturias.com\\\/radio\\\/wp-content\\\/uploads\\\/2019\\\/08\\\/wheat-field-2554356_960_720.jpg\",\"width\":960,\"height\":363},\"datePublished\":\"2019-08-02T10:05:26+02:00\",\"dateModified\":\"2019-08-02T10:05:26+02:00\",\"inLanguage\":\"es-ES\",\"mainEntityOfPage\":{\"@id\":\"https:\\\/\\\/eldigitaldeasturias.com\\\/radio\\\/reint-gropp-algunas-regiones-rurales-del-este-de-alemania-pereceran\\\/#webpage\"},\"isPartOf\":{\"@id\":\"https:\\\/\\\/eldigitaldeasturias.com\\\/radio\\\/reint-gropp-algunas-regiones-rurales-del-este-de-alemania-pereceran\\\/#webpage\"},\"articleSection\":\"Noticias\",\"dateline\":\"Publicado el agosto 2, 2019.\"},{\"@type\":\"Organization\",\"@id\":\"https:\\\/\\\/eldigitaldeasturias.com\\\/radio\\\/#organization\",\"name\":\"El digital de Asturias Radio\",\"description\":\"Diario de informaci\\u00f3n y noticias\",\"url\":\"https:\\\/\\\/eldigitaldeasturias.com\\\/radio\\\/\",\"telephone\":\"+34652131393\",\"logo\":{\"@type\":\"ImageObject\",\"url\":\"https:\\\/\\\/www.eldigitaldeasturias.com\\\/radio\\\/wp-content\\\/uploads\\\/2021\\\/03\\\/EDA.jpg\",\"@id\":\"https:\\\/\\\/eldigitaldeasturias.com\\\/radio\\\/reint-gropp-algunas-regiones-rurales-del-este-de-alemania-pereceran\\\/#organizationLogo\"},\"image\":{\"@id\":\"https:\\\/\\\/eldigitaldeasturias.com\\\/radio\\\/reint-gropp-algunas-regiones-rurales-del-este-de-alemania-pereceran\\\/#organizationLogo\"},\"sameAs\":[\"https:\\\/\\\/www.facebook.com\\\/\",\"https:\\\/\\\/x.com\\\/bercodi\",\"https:\\\/\\\/www.instagram.com\\\/\",\"https:\\\/\\\/www.youtube.com\\\/channel\\\/UCZP-2wLEB9Rv6erhFmqVnvg\"]},{\"@type\":\"Person\",\"@id\":\"https:\\\/\\\/eldigitaldeasturias.com\\\/radio\\\/author\\\/nbasturias\\\/#author\",\"url\":\"https:\\\/\\\/eldigitaldeasturias.com\\\/radio\\\/author\\\/nbasturias\\\/\",\"name\":\"NBAsturias\",\"image\":{\"@type\":\"ImageObject\",\"@id\":\"https:\\\/\\\/eldigitaldeasturias.com\\\/radio\\\/reint-gropp-algunas-regiones-rurales-del-este-de-alemania-pereceran\\\/#authorImage\",\"url\":\"https:\\\/\\\/secure.gravatar.com\\\/avatar\\\/df2aeffc32bcd13f8d26072ef8a91b623d677766deac7f97ca815868cd41bf5e?s=96&d=mm&r=g\",\"width\":96,\"height\":96,\"caption\":\"NBAsturias\"}},{\"@type\":\"WebPage\",\"@id\":\"https:\\\/\\\/eldigitaldeasturias.com\\\/radio\\\/reint-gropp-algunas-regiones-rurales-del-este-de-alemania-pereceran\\\/#webpage\",\"url\":\"https:\\\/\\\/eldigitaldeasturias.com\\\/radio\\\/reint-gropp-algunas-regiones-rurales-del-este-de-alemania-pereceran\\\/\",\"name\":\"Reint Gropp: \\u00abAlgunas regiones rurales del este de Alemania perecer\\u00e1n\\u00bb | El Digital de Asturias\",\"description\":\"Halle (Alemania), 2 ago (dpa) - El presidente del Instituto Leibniz para Investigaci\\u00f3n Econ\\u00f3mica (IWH), Reint Gropp, reclam\\u00f3 una nueva pol\\u00edtica de fomento para las regiones del este de Alemania, seg\\u00fan publica la revista econ\\u00f3mica \\\"Wirtschaftswoche\\\" en su edici\\u00f3n de hoy. El economista se\\u00f1al\\u00f3 que la dirigencia pol\\u00edtica deber\\u00eda concentrar los fondos y las inversiones\",\"inLanguage\":\"es-ES\",\"isPartOf\":{\"@id\":\"https:\\\/\\\/eldigitaldeasturias.com\\\/radio\\\/#website\"},\"breadcrumb\":{\"@id\":\"https:\\\/\\\/eldigitaldeasturias.com\\\/radio\\\/reint-gropp-algunas-regiones-rurales-del-este-de-alemania-pereceran\\\/#breadcrumblist\"},\"author\":{\"@id\":\"https:\\\/\\\/eldigitaldeasturias.com\\\/radio\\\/author\\\/nbasturias\\\/#author\"},\"creator\":{\"@id\":\"https:\\\/\\\/eldigitaldeasturias.com\\\/radio\\\/author\\\/nbasturias\\\/#author\"},\"image\":{\"@type\":\"ImageObject\",\"url\":\"https:\\\/\\\/eldigitaldeasturias.com\\\/radio\\\/wp-content\\\/uploads\\\/2019\\\/08\\\/wheat-field-2554356_960_720.jpg\",\"@id\":\"https:\\\/\\\/eldigitaldeasturias.com\\\/radio\\\/reint-gropp-algunas-regiones-rurales-del-este-de-alemania-pereceran\\\/#mainImage\",\"width\":960,\"height\":363},\"primaryImageOfPage\":{\"@id\":\"https:\\\/\\\/eldigitaldeasturias.com\\\/radio\\\/reint-gropp-algunas-regiones-rurales-del-este-de-alemania-pereceran\\\/#mainImage\"},\"datePublished\":\"2019-08-02T10:05:26+02:00\",\"dateModified\":\"2019-08-02T10:05:26+02:00\"},{\"@type\":\"WebSite\",\"@id\":\"https:\\\/\\\/eldigitaldeasturias.com\\\/radio\\\/#website\",\"url\":\"https:\\\/\\\/eldigitaldeasturias.com\\\/radio\\\/\",\"name\":\"El Digital de Asturias\",\"description\":\"Diario de informaci\\u00f3n y noticias\",\"inLanguage\":\"es-ES\",\"publisher\":{\"@id\":\"https:\\\/\\\/eldigitaldeasturias.com\\\/radio\\\/#organization\"}}]}\n\t\t<\/script>\n\t\t<!-- All in One SEO Pro -->\r\n\t\t<title>Reint Gropp: \u00abAlgunas regiones rurales del este de Alemania perecer\u00e1n\u00bb | El Digital de Asturias<\/title>\n\n","aioseo_head_json":{"title":"Reint Gropp: \u00abAlgunas regiones rurales del este de Alemania perecer\u00e1n\u00bb | El Digital de Asturias","description":"Halle (Alemania), 2 ago (dpa) - El presidente del Instituto Leibniz para Investigaci\u00f3n Econ\u00f3mica (IWH), Reint Gropp, reclam\u00f3 una nueva pol\u00edtica de fomento para las regiones del este de Alemania, seg\u00fan publica la revista econ\u00f3mica \"Wirtschaftswoche\" en su edici\u00f3n de hoy. El economista se\u00f1al\u00f3 que la dirigencia pol\u00edtica deber\u00eda concentrar los fondos y las inversiones","canonical_url":"https:\/\/eldigitaldeasturias.com\/radio\/reint-gropp-algunas-regiones-rurales-del-este-de-alemania-pereceran\/","robots":"max-image-preview:large","keywords":"noticias","webmasterTools":{"google-site-verification":"UA-38556648-1","miscellaneous":""},"schema":{"@context":"https:\/\/schema.org","@graph":[{"@type":"BreadcrumbList","@id":"https:\/\/eldigitaldeasturias.com\/radio\/reint-gropp-algunas-regiones-rurales-del-este-de-alemania-pereceran\/#breadcrumblist","itemListElement":[{"@type":"ListItem","@id":"https:\/\/eldigitaldeasturias.com\/radio#listItem","position":1,"name":"Inicio","item":"https:\/\/eldigitaldeasturias.com\/radio","nextItem":{"@type":"ListItem","@id":"https:\/\/eldigitaldeasturias.com\/radio\/category\/noticias\/#listItem","name":"Noticias"}},{"@type":"ListItem","@id":"https:\/\/eldigitaldeasturias.com\/radio\/category\/noticias\/#listItem","position":2,"name":"Noticias","item":"https:\/\/eldigitaldeasturias.com\/radio\/category\/noticias\/","nextItem":{"@type":"ListItem","@id":"https:\/\/eldigitaldeasturias.com\/radio\/reint-gropp-algunas-regiones-rurales-del-este-de-alemania-pereceran\/#listItem","name":"Reint Gropp:  \u00abAlgunas regiones rurales del este de Alemania perecer\u00e1n\u00bb"},"previousItem":{"@type":"ListItem","@id":"https:\/\/eldigitaldeasturias.com\/radio#listItem","name":"Inicio"}},{"@type":"ListItem","@id":"https:\/\/eldigitaldeasturias.com\/radio\/reint-gropp-algunas-regiones-rurales-del-este-de-alemania-pereceran\/#listItem","position":3,"name":"Reint Gropp:  \u00abAlgunas regiones rurales del este de Alemania perecer\u00e1n\u00bb","previousItem":{"@type":"ListItem","@id":"https:\/\/eldigitaldeasturias.com\/radio\/category\/noticias\/#listItem","name":"Noticias"}}]},{"@type":"NewsArticle","@id":"https:\/\/eldigitaldeasturias.com\/radio\/reint-gropp-algunas-regiones-rurales-del-este-de-alemania-pereceran\/#newsarticle","name":"Reint Gropp: \u00abAlgunas regiones rurales del este de Alemania perecer\u00e1n\u00bb | El Digital de Asturias","headline":"Reint Gropp:  \u00abAlgunas regiones rurales del este de Alemania perecer\u00e1n\u00bb","author":{"@id":"https:\/\/eldigitaldeasturias.com\/radio\/author\/nbasturias\/#author"},"publisher":{"@id":"https:\/\/eldigitaldeasturias.com\/radio\/#organization"},"image":{"@type":"ImageObject","url":"https:\/\/eldigitaldeasturias.com\/radio\/wp-content\/uploads\/2019\/08\/wheat-field-2554356_960_720.jpg","width":960,"height":363},"datePublished":"2019-08-02T10:05:26+02:00","dateModified":"2019-08-02T10:05:26+02:00","inLanguage":"es-ES","mainEntityOfPage":{"@id":"https:\/\/eldigitaldeasturias.com\/radio\/reint-gropp-algunas-regiones-rurales-del-este-de-alemania-pereceran\/#webpage"},"isPartOf":{"@id":"https:\/\/eldigitaldeasturias.com\/radio\/reint-gropp-algunas-regiones-rurales-del-este-de-alemania-pereceran\/#webpage"},"articleSection":"Noticias","dateline":"Publicado el agosto 2, 2019."},{"@type":"Organization","@id":"https:\/\/eldigitaldeasturias.com\/radio\/#organization","name":"El digital de Asturias Radio","description":"Diario de informaci\u00f3n y noticias","url":"https:\/\/eldigitaldeasturias.com\/radio\/","telephone":"+34652131393","logo":{"@type":"ImageObject","url":"https:\/\/www.eldigitaldeasturias.com\/radio\/wp-content\/uploads\/2021\/03\/EDA.jpg","@id":"https:\/\/eldigitaldeasturias.com\/radio\/reint-gropp-algunas-regiones-rurales-del-este-de-alemania-pereceran\/#organizationLogo"},"image":{"@id":"https:\/\/eldigitaldeasturias.com\/radio\/reint-gropp-algunas-regiones-rurales-del-este-de-alemania-pereceran\/#organizationLogo"},"sameAs":["https:\/\/www.facebook.com\/","https:\/\/x.com\/bercodi","https:\/\/www.instagram.com\/","https:\/\/www.youtube.com\/channel\/UCZP-2wLEB9Rv6erhFmqVnvg"]},{"@type":"Person","@id":"https:\/\/eldigitaldeasturias.com\/radio\/author\/nbasturias\/#author","url":"https:\/\/eldigitaldeasturias.com\/radio\/author\/nbasturias\/","name":"NBAsturias","image":{"@type":"ImageObject","@id":"https:\/\/eldigitaldeasturias.com\/radio\/reint-gropp-algunas-regiones-rurales-del-este-de-alemania-pereceran\/#authorImage","url":"https:\/\/secure.gravatar.com\/avatar\/df2aeffc32bcd13f8d26072ef8a91b623d677766deac7f97ca815868cd41bf5e?s=96&d=mm&r=g","width":96,"height":96,"caption":"NBAsturias"}},{"@type":"WebPage","@id":"https:\/\/eldigitaldeasturias.com\/radio\/reint-gropp-algunas-regiones-rurales-del-este-de-alemania-pereceran\/#webpage","url":"https:\/\/eldigitaldeasturias.com\/radio\/reint-gropp-algunas-regiones-rurales-del-este-de-alemania-pereceran\/","name":"Reint Gropp: \u00abAlgunas regiones rurales del este de Alemania perecer\u00e1n\u00bb | El Digital de Asturias","description":"Halle (Alemania), 2 ago (dpa) - El presidente del Instituto Leibniz para Investigaci\u00f3n Econ\u00f3mica (IWH), Reint Gropp, reclam\u00f3 una nueva pol\u00edtica de fomento para las regiones del este de Alemania, seg\u00fan publica la revista econ\u00f3mica \"Wirtschaftswoche\" en su edici\u00f3n de hoy. El economista se\u00f1al\u00f3 que la dirigencia pol\u00edtica deber\u00eda concentrar los fondos y las inversiones","inLanguage":"es-ES","isPartOf":{"@id":"https:\/\/eldigitaldeasturias.com\/radio\/#website"},"breadcrumb":{"@id":"https:\/\/eldigitaldeasturias.com\/radio\/reint-gropp-algunas-regiones-rurales-del-este-de-alemania-pereceran\/#breadcrumblist"},"author":{"@id":"https:\/\/eldigitaldeasturias.com\/radio\/author\/nbasturias\/#author"},"creator":{"@id":"https:\/\/eldigitaldeasturias.com\/radio\/author\/nbasturias\/#author"},"image":{"@type":"ImageObject","url":"https:\/\/eldigitaldeasturias.com\/radio\/wp-content\/uploads\/2019\/08\/wheat-field-2554356_960_720.jpg","@id":"https:\/\/eldigitaldeasturias.com\/radio\/reint-gropp-algunas-regiones-rurales-del-este-de-alemania-pereceran\/#mainImage","width":960,"height":363},"primaryImageOfPage":{"@id":"https:\/\/eldigitaldeasturias.com\/radio\/reint-gropp-algunas-regiones-rurales-del-este-de-alemania-pereceran\/#mainImage"},"datePublished":"2019-08-02T10:05:26+02:00","dateModified":"2019-08-02T10:05:26+02:00"},{"@type":"WebSite","@id":"https:\/\/eldigitaldeasturias.com\/radio\/#website","url":"https:\/\/eldigitaldeasturias.com\/radio\/","name":"El Digital de Asturias","description":"Diario de informaci\u00f3n y noticias","inLanguage":"es-ES","publisher":{"@id":"https:\/\/eldigitaldeasturias.com\/radio\/#organization"}}]},"og:locale":"es_ES","og:site_name":"El Digital de Asturias | Diario de informaci\u00f3n y noticias","og:type":"article","og:title":"Reint Gropp: \u00abAlgunas regiones rurales del este de Alemania perecer\u00e1n\u00bb | El Digital de Asturias","og:description":"Halle (Alemania), 2 ago (dpa) - El presidente del Instituto Leibniz para Investigaci\u00f3n Econ\u00f3mica (IWH), Reint Gropp, reclam\u00f3 una nueva pol\u00edtica de fomento para las regiones del este de Alemania, seg\u00fan publica la revista econ\u00f3mica &quot;Wirtschaftswoche&quot; en su edici\u00f3n de hoy. El economista se\u00f1al\u00f3 que la dirigencia pol\u00edtica deber\u00eda concentrar los fondos y las inversiones","og:url":"https:\/\/eldigitaldeasturias.com\/radio\/reint-gropp-algunas-regiones-rurales-del-este-de-alemania-pereceran\/","og:image":"https:\/\/eldigitaldeasturias.com\/radio\/wp-content\/uploads\/2019\/08\/wheat-field-2554356_960_720.jpg","og:image:secure_url":"https:\/\/eldigitaldeasturias.com\/radio\/wp-content\/uploads\/2019\/08\/wheat-field-2554356_960_720.jpg","og:image:width":960,"og:image:height":363,"article:published_time":"2019-08-02T10:05:26+00:00","article:modified_time":"2019-08-02T10:05:26+00:00","twitter:card":"summary_large_image","twitter:site":"@bercodi","twitter:title":"Reint Gropp: \u00abAlgunas regiones rurales del este de Alemania perecer\u00e1n\u00bb | El Digital de Asturias","twitter:description":"Halle (Alemania), 2 ago (dpa) - El presidente del Instituto Leibniz para Investigaci\u00f3n Econ\u00f3mica (IWH), Reint Gropp, reclam\u00f3 una nueva pol\u00edtica de fomento para las regiones del este de Alemania, seg\u00fan publica la revista econ\u00f3mica &quot;Wirtschaftswoche&quot; en su edici\u00f3n de hoy. El economista se\u00f1al\u00f3 que la dirigencia pol\u00edtica deber\u00eda concentrar los fondos y las inversiones","twitter:creator":"@bercodi","twitter:image":"https:\/\/eldigitaldeasturias.com\/radio\/wp-content\/uploads\/2019\/08\/wheat-field-2554356_960_720.jpg"},"aioseo_meta_data":{"post_id":"2979","title":null,"description":null,"keywords":null,"keyphrases":null,"primary_term":null,"canonical_url":null,"og_title":null,"og_description":null,"og_object_type":"default","og_image_type":"default","og_image_url":null,"og_image_width":null,"og_image_height":null,"og_image_custom_url":null,"og_image_custom_fields":null,"og_video":null,"og_custom_url":null,"og_article_section":null,"og_article_tags":null,"twitter_use_og":false,"twitter_card":"default","twitter_image_type":"default","twitter_image_url":null,"twitter_image_custom_url":null,"twitter_image_custom_fields":null,"twitter_title":null,"twitter_description":null,"schema":{"blockGraphs":[],"customGraphs":[],"default":{"data":{"Article":[],"Course":[],"Dataset":[],"FAQPage":[],"Movie":[],"Person":[],"Product":[],"ProductReview":[],"Car":[],"Recipe":[],"Service":[],"SoftwareApplication":[],"WebPage":[]},"graphName":"","isEnabled":true},"graphs":[],"defaultGraph":"","defaultPostTypeGraph":""},"schema_type":null,"schema_type_options":null,"pillar_content":false,"robots_default":true,"robots_noindex":false,"robots_noarchive":false,"robots_nosnippet":false,"robots_nofollow":false,"robots_noimageindex":false,"robots_noodp":false,"robots_notranslate":false,"robots_max_snippet":null,"robots_max_videopreview":null,"robots_max_imagepreview":"large","priority":null,"frequency":null,"location":null,"local_seo":null,"seo_analyzer_scan_date":"2025-08-28 13:17:27","breadcrumb_settings":null,"limit_modified_date":false,"open_ai":null,"ai":null,"created":"2021-03-27 08:27:40","updated":"2025-08-28 13:17:27"},"aioseo_breadcrumb":"<div class=\"aioseo-breadcrumbs\"><span class=\"aioseo-breadcrumb\">\n\t<a href=\"https:\/\/eldigitaldeasturias.com\/radio\" title=\"Inicio\">Inicio<\/a>\n<\/span><span class=\"aioseo-breadcrumb-separator\">&ndash;<\/span><span class=\"aioseo-breadcrumb\">\n\t<a href=\"https:\/\/eldigitaldeasturias.com\/radio\/category\/noticias\/\" title=\"Noticias\">Noticias<\/a>\n<\/span><span class=\"aioseo-breadcrumb-separator\">&ndash;<\/span><span class=\"aioseo-breadcrumb\">\n\tReint Gropp:  \u00abAlgunas regiones rurales del este de Alemania perecer\u00e1n\u00bb\n<\/span><\/div>","aioseo_breadcrumb_json":[{"label":"Inicio","link":"https:\/\/eldigitaldeasturias.com\/radio"},{"label":"Noticias","link":"https:\/\/eldigitaldeasturias.com\/radio\/category\/noticias\/"},{"label":"Reint Gropp:  \u00abAlgunas regiones rurales del este de Alemania perecer\u00e1n\u00bb","link":"https:\/\/eldigitaldeasturias.com\/radio\/reint-gropp-algunas-regiones-rurales-del-este-de-alemania-pereceran\/"}],"_links":{"self":[{"href":"https:\/\/eldigitaldeasturias.com\/radio\/wp-json\/wp\/v2\/posts\/2979","targetHints":{"allow":["GET"]}}],"collection":[{"href":"https:\/\/eldigitaldeasturias.com\/radio\/wp-json\/wp\/v2\/posts"}],"about":[{"href":"https:\/\/eldigitaldeasturias.com\/radio\/wp-json\/wp\/v2\/types\/post"}],"author":[{"embeddable":true,"href":"https:\/\/eldigitaldeasturias.com\/radio\/wp-json\/wp\/v2\/users\/1"}],"replies":[{"embeddable":true,"href":"https:\/\/eldigitaldeasturias.com\/radio\/wp-json\/wp\/v2\/comments?post=2979"}],"version-history":[{"count":0,"href":"https:\/\/eldigitaldeasturias.com\/radio\/wp-json\/wp\/v2\/posts\/2979\/revisions"}],"wp:featuredmedia":[{"embeddable":true,"href":"https:\/\/eldigitaldeasturias.com\/radio\/wp-json\/wp\/v2\/media\/2980"}],"wp:attachment":[{"href":"https:\/\/eldigitaldeasturias.com\/radio\/wp-json\/wp\/v2\/media?parent=2979"}],"wp:term":[{"taxonomy":"category","embeddable":true,"href":"https:\/\/eldigitaldeasturias.com\/radio\/wp-json\/wp\/v2\/categories?post=2979"},{"taxonomy":"post_tag","embeddable":true,"href":"https:\/\/eldigitaldeasturias.com\/radio\/wp-json\/wp\/v2\/tags?post=2979"}],"curies":[{"name":"wp","href":"https:\/\/api.w.org\/{rel}","templated":true}]}}