{"id":2976,"date":"2019-08-02T09:28:25","date_gmt":"2019-08-02T09:28:25","guid":{"rendered":"http:\/\/eldigitaldeasturias.com\/radio\/?p=2976"},"modified":"2019-08-02T09:28:25","modified_gmt":"2019-08-02T09:28:25","slug":"el-60-de-los-espanoles-si-concilia","status":"publish","type":"post","link":"https:\/\/eldigitaldeasturias.com\/radio\/el-60-de-los-espanoles-si-concilia\/","title":{"rendered":"El 60% de los espa\u00f1oles s\u00ed concilia"},"content":{"rendered":"<p><img fetchpriority=\"high\" decoding=\"async\" class=\"alignleft size-medium wp-image-2977\" src=\"https:\/\/eldigitaldeasturias.com\/radio\/wp-content\/uploads\/2019\/08\/ecology-2985781_960_720-360x240.jpg\" alt=\"\" width=\"360\" height=\"240\" srcset=\"https:\/\/eldigitaldeasturias.com\/radio\/wp-content\/uploads\/2019\/08\/ecology-2985781_960_720-360x240.jpg 360w, https:\/\/eldigitaldeasturias.com\/radio\/wp-content\/uploads\/2019\/08\/ecology-2985781_960_720-768x512.jpg 768w, https:\/\/eldigitaldeasturias.com\/radio\/wp-content\/uploads\/2019\/08\/ecology-2985781_960_720.jpg 960w\" sizes=\"(max-width: 360px) 100vw, 360px\" \/>Pese a que la conciliaci\u00f3n de la vida laboral y personal ha mejorado en los \u00faltimos a\u00f1os, gracias al impulso de las medidas de flexibilidad implantadas por las empresas, el tiempo dedicado a los m\u00e1s cercanos todav\u00eda no termina de ser satisfactorio. As\u00ed lo indica el estudio\u00a0<span style=\"color: #ff6600;\"><strong><a style=\"color: #ff6600;\" href=\"https:\/\/wellbeing.cigna.com\/360Survey_Report.pdf\" target=\"_blank\" rel=\"nofollow noopener noreferrer\">&#8216;360 Wellbeing Survey 2019: Well and Beyond<\/a><\/strong><\/span><strong>&#8216;<\/strong>\u00a0realizado por\u00a0<span style=\"color: #ff6600;\"><strong><a style=\"color: #ff6600;\" href=\"https:\/\/www.cignasalud.es\/\" target=\"_blank\" rel=\"nofollow noopener noreferrer\">Cigna<\/a><\/strong><\/span>. Aunque la conciliaci\u00f3n entre trabajo y vida privada ha mejorado 10 puntos durante los \u00faltimos dos a\u00f1os (al pasar de un 54% de empleados satisfechos en 2017 a un 64% este a\u00f1o), los datos recogidos indican que el balance entre calidad y cantidad del tiempo que se dedica a la familia y al c\u00edrculo social ha empeorado.<\/p>\n<p>En el caso de la familia, aunque un 36% de encuestados reconoce pasar el tiempo suficiente con sus familiares, se ha producido un descenso de 10 puntos en tan s\u00f3lo 2 a\u00f1os (en 2017 era del 46% y en 2018 del 42%, respectivamente). Si bien no se aprecian diferencias significativas por sexo, s\u00ed se perciben en cuanto a la edad: los pertenecientes al grupo de entre 35 y 49 a\u00f1os son los que m\u00e1s aprovechan sus horas con los m\u00e1s cercanos (41%), frente a los de 25-34 a\u00f1os (32%) y a los de m\u00e1s de 50 a\u00f1os (31%).<\/p>\n<p>En cuanto al \u00e1mbito social, los datos son similares a los recabados en el contexto familiar. La satisfacci\u00f3n por el tiempo dedicado a amigos hace dos a\u00f1os era del 76%, mientras que en 2018 esta cifra bajaba al 69%, y actualmente se sit\u00faa en el 66%, diez puntos menos respecto a 2017.<\/p>\n<p>No obstante, en este caso, se percibe una mejora en cu\u00e1nto a la calidad de las relaciones sociales, ya que el 30% afirma disfrutar de amistades con las que poder hablar abiertamente. En 2017 y 2018 estas cifras eran del 27% y 24%, respectivamente. Por sexo, ellas son las que m\u00e1s horas reservan a su vida social (69% mujeres vs 64% hombres), pero, a su vez, las que menos amigos de calidad tienen: 25% vs 35%.<\/p>\n<p>Este an\u00e1lisis refleja, adem\u00e1s, la importancia de las relaciones sociales para el cuidado de la salud mental: para el 34% de espa\u00f1oles, hablar con sus amigos y allegados es la mejor receta para sobrellevar el estr\u00e9s diario.<\/p>\n<p><strong>\u00bfC\u00f3mo sacar tiempo para familia y amigos?<\/strong><\/p>\n<p>Un estudio realizado por la <span style=\"color: #ff6600;\"><strong><a style=\"color: #ff6600;\" href=\"https:\/\/research.msu.edu\/are-friends-better-for-us-than-family\/\" target=\"_blank\" rel=\"nofollow noopener noreferrer\">Universidad de Michigan<\/a><\/strong><\/span>, que involucr\u00f3 a m\u00e1s de 270.000 personas de un centenar de pa\u00edses de todo el mundo, demostr\u00f3 que las relaciones familiares y de amistad influyen directamente en la salud, bienestar y felicidad de aquellos que las disfrutan. Por eso,\u00a0<span style=\"color: #ff6600;\"><strong><a style=\"color: #ff6600;\" href=\"https:\/\/www.cignasalud.es\/\" target=\"_blank\" rel=\"nofollow noopener noreferrer\">Cigna<\/a><\/strong><\/span>\u00a0ofrece\u00a0<strong>cinco claves para aprovechar el tiempo libre fuera del horario laboral:<\/strong><\/p>\n<ul>\n<li><strong>Establecer peque\u00f1os objetivos en el trabajo.<\/strong>\u00a0Establecer metas y fechas l\u00edmite (ya sean diarias, semanales o mensuales) contribuye a aumentar la productividad y evita tener que trabajar en el tiempo libre.<\/li>\n<li><strong>Optimizar el tiempo fuera del trabajo.<\/strong>\u00a0Reducir las horas dedicadas a ver la televisi\u00f3n, preparar la noche anterior todo lo necesario para la ma\u00f1ana siguiente o apagar el ordenador o el m\u00f3vil a partir de las 8 de la tarde son algunos consejos con los que ganar tiempo de calidad y disfrutar de los m\u00e1s allegados.<\/li>\n<li><strong>Planificar el tiempo libre.<\/strong>\u00a0De manera similar al contexto laboral, tambi\u00e9n conviene organizarse y planificar el tiempo que se dedica a la familia y a los amigos, fijando fecha, horario y tipo de actividad a realizar con cada c\u00edrculo. Esto ayudar\u00e1, adem\u00e1s, a tener un control de los asuntos pendientes de la rutina cotidiana y evitar despistes innecesarios. El objetivo es establecer un orden de prioridades.<\/li>\n<li><strong>Disfrutar de los hobbies con familiares y amigos.<\/strong>\u00a0Seg\u00fan los datos del estudio de\u00a0<strong>Cigna,\u00a0<\/strong>la satisfacci\u00f3n con respecto a la pr\u00e1ctica de actividades de ocio ha mejorado: el 74% de los espa\u00f1oles (70% en 2018 y 79% en 2017) reconoce dedicar el tiempo suficiente a aquellas actividades que m\u00e1s le gustan. \u00bfPor qu\u00e9 no aprovecharlo e incluir en estos planes a familiares y amigos?<\/li>\n<li><strong>Disfrutar del trabajo junto al c\u00edrculo personal.<\/strong>\u00a0Una buena t\u00e9cnica de inteligencia emocional es establecer una conexi\u00f3n entre vida familiar y laboral, buscando siempre lo positivo. Por ejemplo, celebrar con familiares y amistades m\u00e1s cercanas las alegr\u00edas profesionales.<\/li>\n<\/ul>\n","protected":false},"excerpt":{"rendered":"<p>Pese a que la conciliaci\u00f3n de la vida laboral y personal ha mejorado en los \u00faltimos a\u00f1os, gracias al impulso de las medidas de flexibilidad implantadas por las empresas, el tiempo dedicado a los m\u00e1s cercanos todav\u00eda no termina de ser satisfactorio. As\u00ed lo indica el estudio\u00a0&#8216;360 Wellbeing Survey 2019: Well and Beyond&#8216;\u00a0realizado por\u00a0Cigna. Aunque<\/p>\n","protected":false},"author":1,"featured_media":2977,"comment_status":"closed","ping_status":"closed","sticky":false,"template":"","format":"standard","meta":{"footnotes":""},"categories":[1],"tags":[],"class_list":{"0":"post-2976","1":"post","2":"type-post","3":"status-publish","4":"format-standard","5":"has-post-thumbnail","7":"category-noticias"},"aioseo_notices":[],"aioseo_head":"\n\t\t<!-- All in One SEO Pro 4.9.6.2 - aioseo.com -->\n\t<meta name=\"description\" content=\"Pese a que la conciliaci\u00f3n de la vida laboral y personal ha mejorado en los \u00faltimos a\u00f1os, gracias al impulso de las medidas de flexibilidad implantadas por las empresas, el tiempo dedicado a los m\u00e1s cercanos todav\u00eda no termina de ser satisfactorio. As\u00ed lo indica el estudio &#039;360 Wellbeing Survey 2019: Well and Beyond&#039; realizado por Cigna. Aunque\" \/>\n\t<meta name=\"robots\" content=\"max-image-preview:large\" \/>\n\t<meta name=\"author\" content=\"NBAsturias\"\/>\n\t<meta name=\"google-site-verification\" content=\"UA-38556648-1\" \/>\n\t<meta name=\"keywords\" content=\"noticias\" \/>\n\t<link rel=\"canonical\" href=\"https:\/\/eldigitaldeasturias.com\/radio\/el-60-de-los-espanoles-si-concilia\/\" \/>\n\t<meta name=\"generator\" content=\"All in One SEO Pro (AIOSEO) 4.9.6.2\" \/>\n\t\t<meta property=\"og:locale\" content=\"es_ES\" \/>\n\t\t<meta property=\"og:site_name\" content=\"El Digital de Asturias | Diario de informaci\u00f3n y noticias\" \/>\n\t\t<meta property=\"og:type\" content=\"article\" \/>\n\t\t<meta property=\"og:title\" content=\"El 60% de los espa\u00f1oles s\u00ed concilia | El Digital de Asturias\" \/>\n\t\t<meta property=\"og:description\" content=\"Pese a que la conciliaci\u00f3n de la vida laboral y personal ha mejorado en los \u00faltimos a\u00f1os, gracias al impulso de las medidas de flexibilidad implantadas por las empresas, el tiempo dedicado a los m\u00e1s cercanos todav\u00eda no termina de ser satisfactorio. As\u00ed lo indica el estudio &#039;360 Wellbeing Survey 2019: Well and Beyond&#039; realizado por Cigna. Aunque\" \/>\n\t\t<meta property=\"og:url\" content=\"https:\/\/eldigitaldeasturias.com\/radio\/el-60-de-los-espanoles-si-concilia\/\" \/>\n\t\t<meta property=\"og:image\" content=\"https:\/\/eldigitaldeasturias.com\/radio\/wp-content\/uploads\/2019\/08\/ecology-2985781_960_720.jpg\" \/>\n\t\t<meta property=\"og:image:secure_url\" content=\"https:\/\/eldigitaldeasturias.com\/radio\/wp-content\/uploads\/2019\/08\/ecology-2985781_960_720.jpg\" \/>\n\t\t<meta property=\"og:image:width\" content=\"960\" \/>\n\t\t<meta property=\"og:image:height\" content=\"640\" \/>\n\t\t<meta property=\"article:published_time\" content=\"2019-08-02T09:28:25+00:00\" \/>\n\t\t<meta property=\"article:modified_time\" content=\"2019-08-02T09:28:25+00:00\" \/>\n\t\t<meta name=\"twitter:card\" content=\"summary_large_image\" \/>\n\t\t<meta name=\"twitter:site\" content=\"@bercodi\" \/>\n\t\t<meta name=\"twitter:title\" content=\"El 60% de los espa\u00f1oles s\u00ed concilia | El Digital de Asturias\" \/>\n\t\t<meta name=\"twitter:description\" content=\"Pese a que la conciliaci\u00f3n de la vida laboral y personal ha mejorado en los \u00faltimos a\u00f1os, gracias al impulso de las medidas de flexibilidad implantadas por las empresas, el tiempo dedicado a los m\u00e1s cercanos todav\u00eda no termina de ser satisfactorio. As\u00ed lo indica el estudio &#039;360 Wellbeing Survey 2019: Well and Beyond&#039; realizado por Cigna. Aunque\" \/>\n\t\t<meta name=\"twitter:creator\" content=\"@bercodi\" \/>\n\t\t<meta name=\"twitter:image\" content=\"https:\/\/eldigitaldeasturias.com\/radio\/wp-content\/uploads\/2019\/08\/ecology-2985781_960_720.jpg\" \/>\n\t\t<script type=\"application\/ld+json\" class=\"aioseo-schema\">\n\t\t\t{\"@context\":\"https:\\\/\\\/schema.org\",\"@graph\":[{\"@type\":\"BreadcrumbList\",\"@id\":\"https:\\\/\\\/eldigitaldeasturias.com\\\/radio\\\/el-60-de-los-espanoles-si-concilia\\\/#breadcrumblist\",\"itemListElement\":[{\"@type\":\"ListItem\",\"@id\":\"https:\\\/\\\/eldigitaldeasturias.com\\\/radio#listItem\",\"position\":1,\"name\":\"Inicio\",\"item\":\"https:\\\/\\\/eldigitaldeasturias.com\\\/radio\",\"nextItem\":{\"@type\":\"ListItem\",\"@id\":\"https:\\\/\\\/eldigitaldeasturias.com\\\/radio\\\/category\\\/noticias\\\/#listItem\",\"name\":\"Noticias\"}},{\"@type\":\"ListItem\",\"@id\":\"https:\\\/\\\/eldigitaldeasturias.com\\\/radio\\\/category\\\/noticias\\\/#listItem\",\"position\":2,\"name\":\"Noticias\",\"item\":\"https:\\\/\\\/eldigitaldeasturias.com\\\/radio\\\/category\\\/noticias\\\/\",\"nextItem\":{\"@type\":\"ListItem\",\"@id\":\"https:\\\/\\\/eldigitaldeasturias.com\\\/radio\\\/el-60-de-los-espanoles-si-concilia\\\/#listItem\",\"name\":\"El 60% de los espa\\u00f1oles s\\u00ed concilia\"},\"previousItem\":{\"@type\":\"ListItem\",\"@id\":\"https:\\\/\\\/eldigitaldeasturias.com\\\/radio#listItem\",\"name\":\"Inicio\"}},{\"@type\":\"ListItem\",\"@id\":\"https:\\\/\\\/eldigitaldeasturias.com\\\/radio\\\/el-60-de-los-espanoles-si-concilia\\\/#listItem\",\"position\":3,\"name\":\"El 60% de los espa\\u00f1oles s\\u00ed concilia\",\"previousItem\":{\"@type\":\"ListItem\",\"@id\":\"https:\\\/\\\/eldigitaldeasturias.com\\\/radio\\\/category\\\/noticias\\\/#listItem\",\"name\":\"Noticias\"}}]},{\"@type\":\"NewsArticle\",\"@id\":\"https:\\\/\\\/eldigitaldeasturias.com\\\/radio\\\/el-60-de-los-espanoles-si-concilia\\\/#newsarticle\",\"name\":\"El 60% de los espa\\u00f1oles s\\u00ed concilia | El Digital de Asturias\",\"headline\":\"El 60% de los espa\\u00f1oles s\\u00ed concilia\",\"author\":{\"@id\":\"https:\\\/\\\/eldigitaldeasturias.com\\\/radio\\\/author\\\/nbasturias\\\/#author\"},\"publisher\":{\"@id\":\"https:\\\/\\\/eldigitaldeasturias.com\\\/radio\\\/#organization\"},\"image\":{\"@type\":\"ImageObject\",\"url\":\"https:\\\/\\\/eldigitaldeasturias.com\\\/radio\\\/wp-content\\\/uploads\\\/2019\\\/08\\\/ecology-2985781_960_720.jpg\",\"width\":960,\"height\":640},\"datePublished\":\"2019-08-02T09:28:25+02:00\",\"dateModified\":\"2019-08-02T09:28:25+02:00\",\"inLanguage\":\"es-ES\",\"mainEntityOfPage\":{\"@id\":\"https:\\\/\\\/eldigitaldeasturias.com\\\/radio\\\/el-60-de-los-espanoles-si-concilia\\\/#webpage\"},\"isPartOf\":{\"@id\":\"https:\\\/\\\/eldigitaldeasturias.com\\\/radio\\\/el-60-de-los-espanoles-si-concilia\\\/#webpage\"},\"articleSection\":\"Noticias\",\"dateline\":\"Publicado el agosto 2, 2019.\"},{\"@type\":\"Organization\",\"@id\":\"https:\\\/\\\/eldigitaldeasturias.com\\\/radio\\\/#organization\",\"name\":\"El digital de Asturias Radio\",\"description\":\"Diario de informaci\\u00f3n y noticias\",\"url\":\"https:\\\/\\\/eldigitaldeasturias.com\\\/radio\\\/\",\"telephone\":\"+34652131393\",\"logo\":{\"@type\":\"ImageObject\",\"url\":\"https:\\\/\\\/www.eldigitaldeasturias.com\\\/radio\\\/wp-content\\\/uploads\\\/2021\\\/03\\\/EDA.jpg\",\"@id\":\"https:\\\/\\\/eldigitaldeasturias.com\\\/radio\\\/el-60-de-los-espanoles-si-concilia\\\/#organizationLogo\"},\"image\":{\"@id\":\"https:\\\/\\\/eldigitaldeasturias.com\\\/radio\\\/el-60-de-los-espanoles-si-concilia\\\/#organizationLogo\"},\"sameAs\":[\"https:\\\/\\\/www.facebook.com\\\/\",\"https:\\\/\\\/x.com\\\/bercodi\",\"https:\\\/\\\/www.instagram.com\\\/\",\"https:\\\/\\\/www.youtube.com\\\/channel\\\/UCZP-2wLEB9Rv6erhFmqVnvg\"]},{\"@type\":\"Person\",\"@id\":\"https:\\\/\\\/eldigitaldeasturias.com\\\/radio\\\/author\\\/nbasturias\\\/#author\",\"url\":\"https:\\\/\\\/eldigitaldeasturias.com\\\/radio\\\/author\\\/nbasturias\\\/\",\"name\":\"NBAsturias\",\"image\":{\"@type\":\"ImageObject\",\"@id\":\"https:\\\/\\\/eldigitaldeasturias.com\\\/radio\\\/el-60-de-los-espanoles-si-concilia\\\/#authorImage\",\"url\":\"https:\\\/\\\/secure.gravatar.com\\\/avatar\\\/df2aeffc32bcd13f8d26072ef8a91b623d677766deac7f97ca815868cd41bf5e?s=96&d=mm&r=g\",\"width\":96,\"height\":96,\"caption\":\"NBAsturias\"}},{\"@type\":\"WebPage\",\"@id\":\"https:\\\/\\\/eldigitaldeasturias.com\\\/radio\\\/el-60-de-los-espanoles-si-concilia\\\/#webpage\",\"url\":\"https:\\\/\\\/eldigitaldeasturias.com\\\/radio\\\/el-60-de-los-espanoles-si-concilia\\\/\",\"name\":\"El 60% de los espa\\u00f1oles s\\u00ed concilia | El Digital de Asturias\",\"description\":\"Pese a que la conciliaci\\u00f3n de la vida laboral y personal ha mejorado en los \\u00faltimos a\\u00f1os, gracias al impulso de las medidas de flexibilidad implantadas por las empresas, el tiempo dedicado a los m\\u00e1s cercanos todav\\u00eda no termina de ser satisfactorio. As\\u00ed lo indica el estudio '360 Wellbeing Survey 2019: Well and Beyond' realizado por Cigna. Aunque\",\"inLanguage\":\"es-ES\",\"isPartOf\":{\"@id\":\"https:\\\/\\\/eldigitaldeasturias.com\\\/radio\\\/#website\"},\"breadcrumb\":{\"@id\":\"https:\\\/\\\/eldigitaldeasturias.com\\\/radio\\\/el-60-de-los-espanoles-si-concilia\\\/#breadcrumblist\"},\"author\":{\"@id\":\"https:\\\/\\\/eldigitaldeasturias.com\\\/radio\\\/author\\\/nbasturias\\\/#author\"},\"creator\":{\"@id\":\"https:\\\/\\\/eldigitaldeasturias.com\\\/radio\\\/author\\\/nbasturias\\\/#author\"},\"image\":{\"@type\":\"ImageObject\",\"url\":\"https:\\\/\\\/eldigitaldeasturias.com\\\/radio\\\/wp-content\\\/uploads\\\/2019\\\/08\\\/ecology-2985781_960_720.jpg\",\"@id\":\"https:\\\/\\\/eldigitaldeasturias.com\\\/radio\\\/el-60-de-los-espanoles-si-concilia\\\/#mainImage\",\"width\":960,\"height\":640},\"primaryImageOfPage\":{\"@id\":\"https:\\\/\\\/eldigitaldeasturias.com\\\/radio\\\/el-60-de-los-espanoles-si-concilia\\\/#mainImage\"},\"datePublished\":\"2019-08-02T09:28:25+02:00\",\"dateModified\":\"2019-08-02T09:28:25+02:00\"},{\"@type\":\"WebSite\",\"@id\":\"https:\\\/\\\/eldigitaldeasturias.com\\\/radio\\\/#website\",\"url\":\"https:\\\/\\\/eldigitaldeasturias.com\\\/radio\\\/\",\"name\":\"El Digital de Asturias\",\"description\":\"Diario de informaci\\u00f3n y noticias\",\"inLanguage\":\"es-ES\",\"publisher\":{\"@id\":\"https:\\\/\\\/eldigitaldeasturias.com\\\/radio\\\/#organization\"}}]}\n\t\t<\/script>\n\t\t<!-- All in One SEO Pro -->\r\n\t\t<title>El 60% de los espa\u00f1oles s\u00ed concilia | El Digital de Asturias<\/title>\n\n","aioseo_head_json":{"title":"El 60% de los espa\u00f1oles s\u00ed concilia | El Digital de Asturias","description":"Pese a que la conciliaci\u00f3n de la vida laboral y personal ha mejorado en los \u00faltimos a\u00f1os, gracias al impulso de las medidas de flexibilidad implantadas por las empresas, el tiempo dedicado a los m\u00e1s cercanos todav\u00eda no termina de ser satisfactorio. As\u00ed lo indica el estudio '360 Wellbeing Survey 2019: Well and Beyond' realizado por Cigna. Aunque","canonical_url":"https:\/\/eldigitaldeasturias.com\/radio\/el-60-de-los-espanoles-si-concilia\/","robots":"max-image-preview:large","keywords":"noticias","webmasterTools":{"google-site-verification":"UA-38556648-1","miscellaneous":""},"schema":{"@context":"https:\/\/schema.org","@graph":[{"@type":"BreadcrumbList","@id":"https:\/\/eldigitaldeasturias.com\/radio\/el-60-de-los-espanoles-si-concilia\/#breadcrumblist","itemListElement":[{"@type":"ListItem","@id":"https:\/\/eldigitaldeasturias.com\/radio#listItem","position":1,"name":"Inicio","item":"https:\/\/eldigitaldeasturias.com\/radio","nextItem":{"@type":"ListItem","@id":"https:\/\/eldigitaldeasturias.com\/radio\/category\/noticias\/#listItem","name":"Noticias"}},{"@type":"ListItem","@id":"https:\/\/eldigitaldeasturias.com\/radio\/category\/noticias\/#listItem","position":2,"name":"Noticias","item":"https:\/\/eldigitaldeasturias.com\/radio\/category\/noticias\/","nextItem":{"@type":"ListItem","@id":"https:\/\/eldigitaldeasturias.com\/radio\/el-60-de-los-espanoles-si-concilia\/#listItem","name":"El 60% de los espa\u00f1oles s\u00ed concilia"},"previousItem":{"@type":"ListItem","@id":"https:\/\/eldigitaldeasturias.com\/radio#listItem","name":"Inicio"}},{"@type":"ListItem","@id":"https:\/\/eldigitaldeasturias.com\/radio\/el-60-de-los-espanoles-si-concilia\/#listItem","position":3,"name":"El 60% de los espa\u00f1oles s\u00ed concilia","previousItem":{"@type":"ListItem","@id":"https:\/\/eldigitaldeasturias.com\/radio\/category\/noticias\/#listItem","name":"Noticias"}}]},{"@type":"NewsArticle","@id":"https:\/\/eldigitaldeasturias.com\/radio\/el-60-de-los-espanoles-si-concilia\/#newsarticle","name":"El 60% de los espa\u00f1oles s\u00ed concilia | El Digital de Asturias","headline":"El 60% de los espa\u00f1oles s\u00ed concilia","author":{"@id":"https:\/\/eldigitaldeasturias.com\/radio\/author\/nbasturias\/#author"},"publisher":{"@id":"https:\/\/eldigitaldeasturias.com\/radio\/#organization"},"image":{"@type":"ImageObject","url":"https:\/\/eldigitaldeasturias.com\/radio\/wp-content\/uploads\/2019\/08\/ecology-2985781_960_720.jpg","width":960,"height":640},"datePublished":"2019-08-02T09:28:25+02:00","dateModified":"2019-08-02T09:28:25+02:00","inLanguage":"es-ES","mainEntityOfPage":{"@id":"https:\/\/eldigitaldeasturias.com\/radio\/el-60-de-los-espanoles-si-concilia\/#webpage"},"isPartOf":{"@id":"https:\/\/eldigitaldeasturias.com\/radio\/el-60-de-los-espanoles-si-concilia\/#webpage"},"articleSection":"Noticias","dateline":"Publicado el agosto 2, 2019."},{"@type":"Organization","@id":"https:\/\/eldigitaldeasturias.com\/radio\/#organization","name":"El digital de Asturias Radio","description":"Diario de informaci\u00f3n y noticias","url":"https:\/\/eldigitaldeasturias.com\/radio\/","telephone":"+34652131393","logo":{"@type":"ImageObject","url":"https:\/\/www.eldigitaldeasturias.com\/radio\/wp-content\/uploads\/2021\/03\/EDA.jpg","@id":"https:\/\/eldigitaldeasturias.com\/radio\/el-60-de-los-espanoles-si-concilia\/#organizationLogo"},"image":{"@id":"https:\/\/eldigitaldeasturias.com\/radio\/el-60-de-los-espanoles-si-concilia\/#organizationLogo"},"sameAs":["https:\/\/www.facebook.com\/","https:\/\/x.com\/bercodi","https:\/\/www.instagram.com\/","https:\/\/www.youtube.com\/channel\/UCZP-2wLEB9Rv6erhFmqVnvg"]},{"@type":"Person","@id":"https:\/\/eldigitaldeasturias.com\/radio\/author\/nbasturias\/#author","url":"https:\/\/eldigitaldeasturias.com\/radio\/author\/nbasturias\/","name":"NBAsturias","image":{"@type":"ImageObject","@id":"https:\/\/eldigitaldeasturias.com\/radio\/el-60-de-los-espanoles-si-concilia\/#authorImage","url":"https:\/\/secure.gravatar.com\/avatar\/df2aeffc32bcd13f8d26072ef8a91b623d677766deac7f97ca815868cd41bf5e?s=96&d=mm&r=g","width":96,"height":96,"caption":"NBAsturias"}},{"@type":"WebPage","@id":"https:\/\/eldigitaldeasturias.com\/radio\/el-60-de-los-espanoles-si-concilia\/#webpage","url":"https:\/\/eldigitaldeasturias.com\/radio\/el-60-de-los-espanoles-si-concilia\/","name":"El 60% de los espa\u00f1oles s\u00ed concilia | El Digital de Asturias","description":"Pese a que la conciliaci\u00f3n de la vida laboral y personal ha mejorado en los \u00faltimos a\u00f1os, gracias al impulso de las medidas de flexibilidad implantadas por las empresas, el tiempo dedicado a los m\u00e1s cercanos todav\u00eda no termina de ser satisfactorio. As\u00ed lo indica el estudio '360 Wellbeing Survey 2019: Well and Beyond' realizado por Cigna. Aunque","inLanguage":"es-ES","isPartOf":{"@id":"https:\/\/eldigitaldeasturias.com\/radio\/#website"},"breadcrumb":{"@id":"https:\/\/eldigitaldeasturias.com\/radio\/el-60-de-los-espanoles-si-concilia\/#breadcrumblist"},"author":{"@id":"https:\/\/eldigitaldeasturias.com\/radio\/author\/nbasturias\/#author"},"creator":{"@id":"https:\/\/eldigitaldeasturias.com\/radio\/author\/nbasturias\/#author"},"image":{"@type":"ImageObject","url":"https:\/\/eldigitaldeasturias.com\/radio\/wp-content\/uploads\/2019\/08\/ecology-2985781_960_720.jpg","@id":"https:\/\/eldigitaldeasturias.com\/radio\/el-60-de-los-espanoles-si-concilia\/#mainImage","width":960,"height":640},"primaryImageOfPage":{"@id":"https:\/\/eldigitaldeasturias.com\/radio\/el-60-de-los-espanoles-si-concilia\/#mainImage"},"datePublished":"2019-08-02T09:28:25+02:00","dateModified":"2019-08-02T09:28:25+02:00"},{"@type":"WebSite","@id":"https:\/\/eldigitaldeasturias.com\/radio\/#website","url":"https:\/\/eldigitaldeasturias.com\/radio\/","name":"El Digital de Asturias","description":"Diario de informaci\u00f3n y noticias","inLanguage":"es-ES","publisher":{"@id":"https:\/\/eldigitaldeasturias.com\/radio\/#organization"}}]},"og:locale":"es_ES","og:site_name":"El Digital de Asturias | Diario de informaci\u00f3n y noticias","og:type":"article","og:title":"El 60% de los espa\u00f1oles s\u00ed concilia | El Digital de Asturias","og:description":"Pese a que la conciliaci\u00f3n de la vida laboral y personal ha mejorado en los \u00faltimos a\u00f1os, gracias al impulso de las medidas de flexibilidad implantadas por las empresas, el tiempo dedicado a los m\u00e1s cercanos todav\u00eda no termina de ser satisfactorio. As\u00ed lo indica el estudio '360 Wellbeing Survey 2019: Well and Beyond' realizado por Cigna. Aunque","og:url":"https:\/\/eldigitaldeasturias.com\/radio\/el-60-de-los-espanoles-si-concilia\/","og:image":"https:\/\/eldigitaldeasturias.com\/radio\/wp-content\/uploads\/2019\/08\/ecology-2985781_960_720.jpg","og:image:secure_url":"https:\/\/eldigitaldeasturias.com\/radio\/wp-content\/uploads\/2019\/08\/ecology-2985781_960_720.jpg","og:image:width":960,"og:image:height":640,"article:published_time":"2019-08-02T09:28:25+00:00","article:modified_time":"2019-08-02T09:28:25+00:00","twitter:card":"summary_large_image","twitter:site":"@bercodi","twitter:title":"El 60% de los espa\u00f1oles s\u00ed concilia | El Digital de Asturias","twitter:description":"Pese a que la conciliaci\u00f3n de la vida laboral y personal ha mejorado en los \u00faltimos a\u00f1os, gracias al impulso de las medidas de flexibilidad implantadas por las empresas, el tiempo dedicado a los m\u00e1s cercanos todav\u00eda no termina de ser satisfactorio. As\u00ed lo indica el estudio '360 Wellbeing Survey 2019: Well and Beyond' realizado por Cigna. Aunque","twitter:creator":"@bercodi","twitter:image":"https:\/\/eldigitaldeasturias.com\/radio\/wp-content\/uploads\/2019\/08\/ecology-2985781_960_720.jpg"},"aioseo_meta_data":{"post_id":"2976","title":null,"description":null,"keywords":null,"keyphrases":null,"primary_term":null,"canonical_url":null,"og_title":null,"og_description":null,"og_object_type":"default","og_image_type":"default","og_image_url":null,"og_image_width":null,"og_image_height":null,"og_image_custom_url":null,"og_image_custom_fields":null,"og_video":null,"og_custom_url":null,"og_article_section":null,"og_article_tags":null,"twitter_use_og":false,"twitter_card":"default","twitter_image_type":"default","twitter_image_url":null,"twitter_image_custom_url":null,"twitter_image_custom_fields":null,"twitter_title":null,"twitter_description":null,"schema":{"blockGraphs":[],"customGraphs":[],"default":{"data":{"Article":[],"Course":[],"Dataset":[],"FAQPage":[],"Movie":[],"Person":[],"Product":[],"ProductReview":[],"Car":[],"Recipe":[],"Service":[],"SoftwareApplication":[],"WebPage":[]},"graphName":"","isEnabled":true},"graphs":[],"defaultGraph":"","defaultPostTypeGraph":""},"schema_type":null,"schema_type_options":null,"pillar_content":false,"robots_default":true,"robots_noindex":false,"robots_noarchive":false,"robots_nosnippet":false,"robots_nofollow":false,"robots_noimageindex":false,"robots_noodp":false,"robots_notranslate":false,"robots_max_snippet":null,"robots_max_videopreview":null,"robots_max_imagepreview":"large","priority":null,"frequency":null,"location":null,"local_seo":null,"seo_analyzer_scan_date":"2025-08-28 13:17:26","breadcrumb_settings":null,"limit_modified_date":false,"open_ai":null,"ai":null,"created":"2021-03-28 10:16:49","updated":"2025-08-28 13:17:26"},"aioseo_breadcrumb":"<div class=\"aioseo-breadcrumbs\"><span class=\"aioseo-breadcrumb\">\n\t<a href=\"https:\/\/eldigitaldeasturias.com\/radio\" title=\"Inicio\">Inicio<\/a>\n<\/span><span class=\"aioseo-breadcrumb-separator\">&ndash;<\/span><span class=\"aioseo-breadcrumb\">\n\t<a href=\"https:\/\/eldigitaldeasturias.com\/radio\/category\/noticias\/\" title=\"Noticias\">Noticias<\/a>\n<\/span><span class=\"aioseo-breadcrumb-separator\">&ndash;<\/span><span class=\"aioseo-breadcrumb\">\n\tEl 60% de los espa\u00f1oles s\u00ed concilia\n<\/span><\/div>","aioseo_breadcrumb_json":[{"label":"Inicio","link":"https:\/\/eldigitaldeasturias.com\/radio"},{"label":"Noticias","link":"https:\/\/eldigitaldeasturias.com\/radio\/category\/noticias\/"},{"label":"El 60% de los espa\u00f1oles s\u00ed concilia","link":"https:\/\/eldigitaldeasturias.com\/radio\/el-60-de-los-espanoles-si-concilia\/"}],"_links":{"self":[{"href":"https:\/\/eldigitaldeasturias.com\/radio\/wp-json\/wp\/v2\/posts\/2976","targetHints":{"allow":["GET"]}}],"collection":[{"href":"https:\/\/eldigitaldeasturias.com\/radio\/wp-json\/wp\/v2\/posts"}],"about":[{"href":"https:\/\/eldigitaldeasturias.com\/radio\/wp-json\/wp\/v2\/types\/post"}],"author":[{"embeddable":true,"href":"https:\/\/eldigitaldeasturias.com\/radio\/wp-json\/wp\/v2\/users\/1"}],"replies":[{"embeddable":true,"href":"https:\/\/eldigitaldeasturias.com\/radio\/wp-json\/wp\/v2\/comments?post=2976"}],"version-history":[{"count":0,"href":"https:\/\/eldigitaldeasturias.com\/radio\/wp-json\/wp\/v2\/posts\/2976\/revisions"}],"wp:featuredmedia":[{"embeddable":true,"href":"https:\/\/eldigitaldeasturias.com\/radio\/wp-json\/wp\/v2\/media\/2977"}],"wp:attachment":[{"href":"https:\/\/eldigitaldeasturias.com\/radio\/wp-json\/wp\/v2\/media?parent=2976"}],"wp:term":[{"taxonomy":"category","embeddable":true,"href":"https:\/\/eldigitaldeasturias.com\/radio\/wp-json\/wp\/v2\/categories?post=2976"},{"taxonomy":"post_tag","embeddable":true,"href":"https:\/\/eldigitaldeasturias.com\/radio\/wp-json\/wp\/v2\/tags?post=2976"}],"curies":[{"name":"wp","href":"https:\/\/api.w.org\/{rel}","templated":true}]}}