{"id":2950,"date":"2019-07-27T04:50:46","date_gmt":"2019-07-27T04:50:46","guid":{"rendered":"http:\/\/eldigitaldeasturias.com\/radio\/?p=2950"},"modified":"2019-07-27T04:50:46","modified_gmt":"2019-07-27T04:50:46","slug":"mayoria-esta-a-favor-de-examen-de-bachillerato-central-en-alemania","status":"publish","type":"post","link":"https:\/\/eldigitaldeasturias.com\/radio\/mayoria-esta-a-favor-de-examen-de-bachillerato-central-en-alemania\/","title":{"rendered":"Mayor\u00eda est\u00e1 a favor de examen de bachillerato central en Alemania"},"content":{"rendered":"<p>Berl\u00edn, 26 jul (dpa) &#8211; Una clara mayor\u00eda en Alemania est\u00e1 a favor de un examen de bachillerato (Abitur) central, revel\u00f3 una encuesta representativa realizada por el instituto de opini\u00f3n YouGov a solicitud de dpa.<\/p>\n<p>De acuerdo con el sondeo, el 80 por ciento de los encuestados se declar\u00f3 a favor de que los aspirantes al t\u00edtulo de bachiller de la escuela secundaria alemana se sometan a ex\u00e1menes uniformes en todo el pa\u00eds. S\u00f3lo uno de cada diez se decant\u00f3 en contra, el nueve por ciento respondi\u00f3 con \u00abno sabe\/no responde\u00bb.<\/p>\n<p>Una clara mayor\u00eda del 61 por ciento de los ciudadanos indic\u00f3 rechazar el hecho de que cada estado federado de Alemania sea responsable de su propia cartera de Educaci\u00f3n, mientras que el 28 por ciento se mostr\u00f3 a favor del llamado federalismo educativo.<\/p>\n<p>Independientemente del estado federado, la aprobaci\u00f3n de un examen de Abitur central fue alta entre todas las personas que participaron en la encuesta.<\/p>\n<p>Incluso en Baviera, el 74 por ciento de los 317 all\u00ed encuestados dijeron estar a favor de tareas uniformes para el examen de bachillerato. La Uni\u00f3n Socialcristiana b\u00e1vara (CSU) y el Gobierno regional de Baviera manifestaron claramente su oposici\u00f3n a un bachillerato unificado.<\/p>\n<p>El debate en torno del examen de bachillerato volvi\u00f3 a encenderse en la primavera (boreal) despu\u00e9s de que los estudiantes secundarios se quejaran de tareas demasiado dif\u00edciles en las pruebas de matem\u00e1ticas. Desde entonces, surgen una y otra vez nuevas opiniones y declaraciones sobre el tema.<\/p>\n<p>Recientemente, el l\u00edder del Partido Liberal (FDP), Christian Lindner, la l\u00edder provisional del partido Socialdem\u00f3crata (SPD), Manuela Schwesig, y la ministra de Cultura de Baden-Wurtemberg, Susanne Eisenmann (CDU), se pronunciaron a favor de un examen de Abitur central.<\/p>\n","protected":false},"excerpt":{"rendered":"<p>Berl\u00edn, 26 jul (dpa) &#8211; Una clara mayor\u00eda en Alemania est\u00e1 a favor de un examen de bachillerato (Abitur) central, revel\u00f3 una encuesta representativa realizada por el instituto de opini\u00f3n YouGov a solicitud de dpa. De acuerdo con el sondeo, el 80 por ciento de los encuestados se declar\u00f3 a favor de que los aspirantes<\/p>\n","protected":false},"author":1,"featured_media":62,"comment_status":"closed","ping_status":"closed","sticky":false,"template":"","format":"standard","meta":{"footnotes":""},"categories":[1],"tags":[],"class_list":{"0":"post-2950","1":"post","2":"type-post","3":"status-publish","4":"format-standard","5":"has-post-thumbnail","7":"category-noticias"},"aioseo_notices":[],"aioseo_head":"\n\t\t<!-- All in One SEO Pro 4.9.6.2 - aioseo.com -->\n\t<meta name=\"description\" content=\"Berl\u00edn, 26 jul (dpa) - Una clara mayor\u00eda en Alemania est\u00e1 a favor de un examen de bachillerato (Abitur) central, revel\u00f3 una encuesta representativa realizada por el instituto de opini\u00f3n YouGov a solicitud de dpa. De acuerdo con el sondeo, el 80 por ciento de los encuestados se declar\u00f3 a favor de que los aspirantes\" \/>\n\t<meta name=\"robots\" content=\"max-image-preview:large\" \/>\n\t<meta name=\"author\" content=\"NBAsturias\"\/>\n\t<meta name=\"google-site-verification\" content=\"UA-38556648-1\" \/>\n\t<meta name=\"keywords\" content=\"noticias\" \/>\n\t<link rel=\"canonical\" href=\"https:\/\/eldigitaldeasturias.com\/radio\/mayoria-esta-a-favor-de-examen-de-bachillerato-central-en-alemania\/\" \/>\n\t<meta name=\"generator\" content=\"All in One SEO Pro (AIOSEO) 4.9.6.2\" \/>\n\t\t<meta property=\"og:locale\" content=\"es_ES\" \/>\n\t\t<meta property=\"og:site_name\" content=\"El Digital de Asturias | Diario de informaci\u00f3n y noticias\" \/>\n\t\t<meta property=\"og:type\" content=\"article\" \/>\n\t\t<meta property=\"og:title\" content=\"Mayor\u00eda est\u00e1 a favor de examen de bachillerato central en Alemania | El Digital de Asturias\" \/>\n\t\t<meta property=\"og:description\" content=\"Berl\u00edn, 26 jul (dpa) - Una clara mayor\u00eda en Alemania est\u00e1 a favor de un examen de bachillerato (Abitur) central, revel\u00f3 una encuesta representativa realizada por el instituto de opini\u00f3n YouGov a solicitud de dpa. De acuerdo con el sondeo, el 80 por ciento de los encuestados se declar\u00f3 a favor de que los aspirantes\" \/>\n\t\t<meta property=\"og:url\" content=\"https:\/\/eldigitaldeasturias.com\/radio\/mayoria-esta-a-favor-de-examen-de-bachillerato-central-en-alemania\/\" \/>\n\t\t<meta property=\"og:image\" content=\"https:\/\/eldigitaldeasturias.com\/radio\/wp-content\/uploads\/2018\/03\/macbook-577758_1280.jpg\" \/>\n\t\t<meta property=\"og:image:secure_url\" content=\"https:\/\/eldigitaldeasturias.com\/radio\/wp-content\/uploads\/2018\/03\/macbook-577758_1280.jpg\" \/>\n\t\t<meta property=\"og:image:width\" content=\"1280\" \/>\n\t\t<meta property=\"og:image:height\" content=\"850\" \/>\n\t\t<meta property=\"article:published_time\" content=\"2019-07-27T04:50:46+00:00\" \/>\n\t\t<meta property=\"article:modified_time\" content=\"2019-07-27T04:50:46+00:00\" \/>\n\t\t<meta name=\"twitter:card\" content=\"summary_large_image\" \/>\n\t\t<meta name=\"twitter:site\" content=\"@bercodi\" \/>\n\t\t<meta name=\"twitter:title\" content=\"Mayor\u00eda est\u00e1 a favor de examen de bachillerato central en Alemania | El Digital de Asturias\" \/>\n\t\t<meta name=\"twitter:description\" content=\"Berl\u00edn, 26 jul (dpa) - Una clara mayor\u00eda en Alemania est\u00e1 a favor de un examen de bachillerato (Abitur) central, revel\u00f3 una encuesta representativa realizada por el instituto de opini\u00f3n YouGov a solicitud de dpa. De acuerdo con el sondeo, el 80 por ciento de los encuestados se declar\u00f3 a favor de que los aspirantes\" \/>\n\t\t<meta name=\"twitter:creator\" content=\"@bercodi\" \/>\n\t\t<meta name=\"twitter:image\" content=\"https:\/\/eldigitaldeasturias.com\/radio\/wp-content\/uploads\/2018\/03\/macbook-577758_1280.jpg\" \/>\n\t\t<script type=\"application\/ld+json\" class=\"aioseo-schema\">\n\t\t\t{\"@context\":\"https:\\\/\\\/schema.org\",\"@graph\":[{\"@type\":\"BreadcrumbList\",\"@id\":\"https:\\\/\\\/eldigitaldeasturias.com\\\/radio\\\/mayoria-esta-a-favor-de-examen-de-bachillerato-central-en-alemania\\\/#breadcrumblist\",\"itemListElement\":[{\"@type\":\"ListItem\",\"@id\":\"https:\\\/\\\/eldigitaldeasturias.com\\\/radio#listItem\",\"position\":1,\"name\":\"Inicio\",\"item\":\"https:\\\/\\\/eldigitaldeasturias.com\\\/radio\",\"nextItem\":{\"@type\":\"ListItem\",\"@id\":\"https:\\\/\\\/eldigitaldeasturias.com\\\/radio\\\/category\\\/noticias\\\/#listItem\",\"name\":\"Noticias\"}},{\"@type\":\"ListItem\",\"@id\":\"https:\\\/\\\/eldigitaldeasturias.com\\\/radio\\\/category\\\/noticias\\\/#listItem\",\"position\":2,\"name\":\"Noticias\",\"item\":\"https:\\\/\\\/eldigitaldeasturias.com\\\/radio\\\/category\\\/noticias\\\/\",\"nextItem\":{\"@type\":\"ListItem\",\"@id\":\"https:\\\/\\\/eldigitaldeasturias.com\\\/radio\\\/mayoria-esta-a-favor-de-examen-de-bachillerato-central-en-alemania\\\/#listItem\",\"name\":\"Mayor\\u00eda est\\u00e1 a favor de examen de bachillerato central en Alemania\"},\"previousItem\":{\"@type\":\"ListItem\",\"@id\":\"https:\\\/\\\/eldigitaldeasturias.com\\\/radio#listItem\",\"name\":\"Inicio\"}},{\"@type\":\"ListItem\",\"@id\":\"https:\\\/\\\/eldigitaldeasturias.com\\\/radio\\\/mayoria-esta-a-favor-de-examen-de-bachillerato-central-en-alemania\\\/#listItem\",\"position\":3,\"name\":\"Mayor\\u00eda est\\u00e1 a favor de examen de bachillerato central en Alemania\",\"previousItem\":{\"@type\":\"ListItem\",\"@id\":\"https:\\\/\\\/eldigitaldeasturias.com\\\/radio\\\/category\\\/noticias\\\/#listItem\",\"name\":\"Noticias\"}}]},{\"@type\":\"NewsArticle\",\"@id\":\"https:\\\/\\\/eldigitaldeasturias.com\\\/radio\\\/mayoria-esta-a-favor-de-examen-de-bachillerato-central-en-alemania\\\/#newsarticle\",\"name\":\"Mayor\\u00eda est\\u00e1 a favor de examen de bachillerato central en Alemania | El Digital de Asturias\",\"headline\":\"Mayor\\u00eda est\\u00e1 a favor de examen de bachillerato central en Alemania\",\"author\":{\"@id\":\"https:\\\/\\\/eldigitaldeasturias.com\\\/radio\\\/author\\\/nbasturias\\\/#author\"},\"publisher\":{\"@id\":\"https:\\\/\\\/eldigitaldeasturias.com\\\/radio\\\/#organization\"},\"image\":{\"@type\":\"ImageObject\",\"url\":\"https:\\\/\\\/eldigitaldeasturias.com\\\/radio\\\/wp-content\\\/uploads\\\/2018\\\/03\\\/macbook-577758_1280.jpg\",\"width\":1280,\"height\":850},\"datePublished\":\"2019-07-27T04:50:46+02:00\",\"dateModified\":\"2019-07-27T04:50:46+02:00\",\"inLanguage\":\"es-ES\",\"mainEntityOfPage\":{\"@id\":\"https:\\\/\\\/eldigitaldeasturias.com\\\/radio\\\/mayoria-esta-a-favor-de-examen-de-bachillerato-central-en-alemania\\\/#webpage\"},\"isPartOf\":{\"@id\":\"https:\\\/\\\/eldigitaldeasturias.com\\\/radio\\\/mayoria-esta-a-favor-de-examen-de-bachillerato-central-en-alemania\\\/#webpage\"},\"articleSection\":\"Noticias\",\"dateline\":\"Publicado el julio 27, 2019.\"},{\"@type\":\"Organization\",\"@id\":\"https:\\\/\\\/eldigitaldeasturias.com\\\/radio\\\/#organization\",\"name\":\"El digital de Asturias Radio\",\"description\":\"Diario de informaci\\u00f3n y noticias\",\"url\":\"https:\\\/\\\/eldigitaldeasturias.com\\\/radio\\\/\",\"telephone\":\"+34652131393\",\"logo\":{\"@type\":\"ImageObject\",\"url\":\"https:\\\/\\\/www.eldigitaldeasturias.com\\\/radio\\\/wp-content\\\/uploads\\\/2021\\\/03\\\/EDA.jpg\",\"@id\":\"https:\\\/\\\/eldigitaldeasturias.com\\\/radio\\\/mayoria-esta-a-favor-de-examen-de-bachillerato-central-en-alemania\\\/#organizationLogo\"},\"image\":{\"@id\":\"https:\\\/\\\/eldigitaldeasturias.com\\\/radio\\\/mayoria-esta-a-favor-de-examen-de-bachillerato-central-en-alemania\\\/#organizationLogo\"},\"sameAs\":[\"https:\\\/\\\/www.facebook.com\\\/\",\"https:\\\/\\\/x.com\\\/bercodi\",\"https:\\\/\\\/www.instagram.com\\\/\",\"https:\\\/\\\/www.youtube.com\\\/channel\\\/UCZP-2wLEB9Rv6erhFmqVnvg\"]},{\"@type\":\"Person\",\"@id\":\"https:\\\/\\\/eldigitaldeasturias.com\\\/radio\\\/author\\\/nbasturias\\\/#author\",\"url\":\"https:\\\/\\\/eldigitaldeasturias.com\\\/radio\\\/author\\\/nbasturias\\\/\",\"name\":\"NBAsturias\",\"image\":{\"@type\":\"ImageObject\",\"@id\":\"https:\\\/\\\/eldigitaldeasturias.com\\\/radio\\\/mayoria-esta-a-favor-de-examen-de-bachillerato-central-en-alemania\\\/#authorImage\",\"url\":\"https:\\\/\\\/secure.gravatar.com\\\/avatar\\\/df2aeffc32bcd13f8d26072ef8a91b623d677766deac7f97ca815868cd41bf5e?s=96&d=mm&r=g\",\"width\":96,\"height\":96,\"caption\":\"NBAsturias\"}},{\"@type\":\"WebPage\",\"@id\":\"https:\\\/\\\/eldigitaldeasturias.com\\\/radio\\\/mayoria-esta-a-favor-de-examen-de-bachillerato-central-en-alemania\\\/#webpage\",\"url\":\"https:\\\/\\\/eldigitaldeasturias.com\\\/radio\\\/mayoria-esta-a-favor-de-examen-de-bachillerato-central-en-alemania\\\/\",\"name\":\"Mayor\\u00eda est\\u00e1 a favor de examen de bachillerato central en Alemania | El Digital de Asturias\",\"description\":\"Berl\\u00edn, 26 jul (dpa) - Una clara mayor\\u00eda en Alemania est\\u00e1 a favor de un examen de bachillerato (Abitur) central, revel\\u00f3 una encuesta representativa realizada por el instituto de opini\\u00f3n YouGov a solicitud de dpa. De acuerdo con el sondeo, el 80 por ciento de los encuestados se declar\\u00f3 a favor de que los aspirantes\",\"inLanguage\":\"es-ES\",\"isPartOf\":{\"@id\":\"https:\\\/\\\/eldigitaldeasturias.com\\\/radio\\\/#website\"},\"breadcrumb\":{\"@id\":\"https:\\\/\\\/eldigitaldeasturias.com\\\/radio\\\/mayoria-esta-a-favor-de-examen-de-bachillerato-central-en-alemania\\\/#breadcrumblist\"},\"author\":{\"@id\":\"https:\\\/\\\/eldigitaldeasturias.com\\\/radio\\\/author\\\/nbasturias\\\/#author\"},\"creator\":{\"@id\":\"https:\\\/\\\/eldigitaldeasturias.com\\\/radio\\\/author\\\/nbasturias\\\/#author\"},\"image\":{\"@type\":\"ImageObject\",\"url\":\"https:\\\/\\\/eldigitaldeasturias.com\\\/radio\\\/wp-content\\\/uploads\\\/2018\\\/03\\\/macbook-577758_1280.jpg\",\"@id\":\"https:\\\/\\\/eldigitaldeasturias.com\\\/radio\\\/mayoria-esta-a-favor-de-examen-de-bachillerato-central-en-alemania\\\/#mainImage\",\"width\":1280,\"height\":850},\"primaryImageOfPage\":{\"@id\":\"https:\\\/\\\/eldigitaldeasturias.com\\\/radio\\\/mayoria-esta-a-favor-de-examen-de-bachillerato-central-en-alemania\\\/#mainImage\"},\"datePublished\":\"2019-07-27T04:50:46+02:00\",\"dateModified\":\"2019-07-27T04:50:46+02:00\"},{\"@type\":\"WebSite\",\"@id\":\"https:\\\/\\\/eldigitaldeasturias.com\\\/radio\\\/#website\",\"url\":\"https:\\\/\\\/eldigitaldeasturias.com\\\/radio\\\/\",\"name\":\"El Digital de Asturias\",\"description\":\"Diario de informaci\\u00f3n y noticias\",\"inLanguage\":\"es-ES\",\"publisher\":{\"@id\":\"https:\\\/\\\/eldigitaldeasturias.com\\\/radio\\\/#organization\"}}]}\n\t\t<\/script>\n\t\t<!-- All in One SEO Pro -->\r\n\t\t<title>Mayor\u00eda est\u00e1 a favor de examen de bachillerato central en Alemania | El Digital de Asturias<\/title>\n\n","aioseo_head_json":{"title":"Mayor\u00eda est\u00e1 a favor de examen de bachillerato central en Alemania | El Digital de Asturias","description":"Berl\u00edn, 26 jul (dpa) - Una clara mayor\u00eda en Alemania est\u00e1 a favor de un examen de bachillerato (Abitur) central, revel\u00f3 una encuesta representativa realizada por el instituto de opini\u00f3n YouGov a solicitud de dpa. De acuerdo con el sondeo, el 80 por ciento de los encuestados se declar\u00f3 a favor de que los aspirantes","canonical_url":"https:\/\/eldigitaldeasturias.com\/radio\/mayoria-esta-a-favor-de-examen-de-bachillerato-central-en-alemania\/","robots":"max-image-preview:large","keywords":"noticias","webmasterTools":{"google-site-verification":"UA-38556648-1","miscellaneous":""},"schema":{"@context":"https:\/\/schema.org","@graph":[{"@type":"BreadcrumbList","@id":"https:\/\/eldigitaldeasturias.com\/radio\/mayoria-esta-a-favor-de-examen-de-bachillerato-central-en-alemania\/#breadcrumblist","itemListElement":[{"@type":"ListItem","@id":"https:\/\/eldigitaldeasturias.com\/radio#listItem","position":1,"name":"Inicio","item":"https:\/\/eldigitaldeasturias.com\/radio","nextItem":{"@type":"ListItem","@id":"https:\/\/eldigitaldeasturias.com\/radio\/category\/noticias\/#listItem","name":"Noticias"}},{"@type":"ListItem","@id":"https:\/\/eldigitaldeasturias.com\/radio\/category\/noticias\/#listItem","position":2,"name":"Noticias","item":"https:\/\/eldigitaldeasturias.com\/radio\/category\/noticias\/","nextItem":{"@type":"ListItem","@id":"https:\/\/eldigitaldeasturias.com\/radio\/mayoria-esta-a-favor-de-examen-de-bachillerato-central-en-alemania\/#listItem","name":"Mayor\u00eda est\u00e1 a favor de examen de bachillerato central en Alemania"},"previousItem":{"@type":"ListItem","@id":"https:\/\/eldigitaldeasturias.com\/radio#listItem","name":"Inicio"}},{"@type":"ListItem","@id":"https:\/\/eldigitaldeasturias.com\/radio\/mayoria-esta-a-favor-de-examen-de-bachillerato-central-en-alemania\/#listItem","position":3,"name":"Mayor\u00eda est\u00e1 a favor de examen de bachillerato central en Alemania","previousItem":{"@type":"ListItem","@id":"https:\/\/eldigitaldeasturias.com\/radio\/category\/noticias\/#listItem","name":"Noticias"}}]},{"@type":"NewsArticle","@id":"https:\/\/eldigitaldeasturias.com\/radio\/mayoria-esta-a-favor-de-examen-de-bachillerato-central-en-alemania\/#newsarticle","name":"Mayor\u00eda est\u00e1 a favor de examen de bachillerato central en Alemania | El Digital de Asturias","headline":"Mayor\u00eda est\u00e1 a favor de examen de bachillerato central en Alemania","author":{"@id":"https:\/\/eldigitaldeasturias.com\/radio\/author\/nbasturias\/#author"},"publisher":{"@id":"https:\/\/eldigitaldeasturias.com\/radio\/#organization"},"image":{"@type":"ImageObject","url":"https:\/\/eldigitaldeasturias.com\/radio\/wp-content\/uploads\/2018\/03\/macbook-577758_1280.jpg","width":1280,"height":850},"datePublished":"2019-07-27T04:50:46+02:00","dateModified":"2019-07-27T04:50:46+02:00","inLanguage":"es-ES","mainEntityOfPage":{"@id":"https:\/\/eldigitaldeasturias.com\/radio\/mayoria-esta-a-favor-de-examen-de-bachillerato-central-en-alemania\/#webpage"},"isPartOf":{"@id":"https:\/\/eldigitaldeasturias.com\/radio\/mayoria-esta-a-favor-de-examen-de-bachillerato-central-en-alemania\/#webpage"},"articleSection":"Noticias","dateline":"Publicado el julio 27, 2019."},{"@type":"Organization","@id":"https:\/\/eldigitaldeasturias.com\/radio\/#organization","name":"El digital de Asturias Radio","description":"Diario de informaci\u00f3n y noticias","url":"https:\/\/eldigitaldeasturias.com\/radio\/","telephone":"+34652131393","logo":{"@type":"ImageObject","url":"https:\/\/www.eldigitaldeasturias.com\/radio\/wp-content\/uploads\/2021\/03\/EDA.jpg","@id":"https:\/\/eldigitaldeasturias.com\/radio\/mayoria-esta-a-favor-de-examen-de-bachillerato-central-en-alemania\/#organizationLogo"},"image":{"@id":"https:\/\/eldigitaldeasturias.com\/radio\/mayoria-esta-a-favor-de-examen-de-bachillerato-central-en-alemania\/#organizationLogo"},"sameAs":["https:\/\/www.facebook.com\/","https:\/\/x.com\/bercodi","https:\/\/www.instagram.com\/","https:\/\/www.youtube.com\/channel\/UCZP-2wLEB9Rv6erhFmqVnvg"]},{"@type":"Person","@id":"https:\/\/eldigitaldeasturias.com\/radio\/author\/nbasturias\/#author","url":"https:\/\/eldigitaldeasturias.com\/radio\/author\/nbasturias\/","name":"NBAsturias","image":{"@type":"ImageObject","@id":"https:\/\/eldigitaldeasturias.com\/radio\/mayoria-esta-a-favor-de-examen-de-bachillerato-central-en-alemania\/#authorImage","url":"https:\/\/secure.gravatar.com\/avatar\/df2aeffc32bcd13f8d26072ef8a91b623d677766deac7f97ca815868cd41bf5e?s=96&d=mm&r=g","width":96,"height":96,"caption":"NBAsturias"}},{"@type":"WebPage","@id":"https:\/\/eldigitaldeasturias.com\/radio\/mayoria-esta-a-favor-de-examen-de-bachillerato-central-en-alemania\/#webpage","url":"https:\/\/eldigitaldeasturias.com\/radio\/mayoria-esta-a-favor-de-examen-de-bachillerato-central-en-alemania\/","name":"Mayor\u00eda est\u00e1 a favor de examen de bachillerato central en Alemania | El Digital de Asturias","description":"Berl\u00edn, 26 jul (dpa) - Una clara mayor\u00eda en Alemania est\u00e1 a favor de un examen de bachillerato (Abitur) central, revel\u00f3 una encuesta representativa realizada por el instituto de opini\u00f3n YouGov a solicitud de dpa. De acuerdo con el sondeo, el 80 por ciento de los encuestados se declar\u00f3 a favor de que los aspirantes","inLanguage":"es-ES","isPartOf":{"@id":"https:\/\/eldigitaldeasturias.com\/radio\/#website"},"breadcrumb":{"@id":"https:\/\/eldigitaldeasturias.com\/radio\/mayoria-esta-a-favor-de-examen-de-bachillerato-central-en-alemania\/#breadcrumblist"},"author":{"@id":"https:\/\/eldigitaldeasturias.com\/radio\/author\/nbasturias\/#author"},"creator":{"@id":"https:\/\/eldigitaldeasturias.com\/radio\/author\/nbasturias\/#author"},"image":{"@type":"ImageObject","url":"https:\/\/eldigitaldeasturias.com\/radio\/wp-content\/uploads\/2018\/03\/macbook-577758_1280.jpg","@id":"https:\/\/eldigitaldeasturias.com\/radio\/mayoria-esta-a-favor-de-examen-de-bachillerato-central-en-alemania\/#mainImage","width":1280,"height":850},"primaryImageOfPage":{"@id":"https:\/\/eldigitaldeasturias.com\/radio\/mayoria-esta-a-favor-de-examen-de-bachillerato-central-en-alemania\/#mainImage"},"datePublished":"2019-07-27T04:50:46+02:00","dateModified":"2019-07-27T04:50:46+02:00"},{"@type":"WebSite","@id":"https:\/\/eldigitaldeasturias.com\/radio\/#website","url":"https:\/\/eldigitaldeasturias.com\/radio\/","name":"El Digital de Asturias","description":"Diario de informaci\u00f3n y noticias","inLanguage":"es-ES","publisher":{"@id":"https:\/\/eldigitaldeasturias.com\/radio\/#organization"}}]},"og:locale":"es_ES","og:site_name":"El Digital de Asturias | Diario de informaci\u00f3n y noticias","og:type":"article","og:title":"Mayor\u00eda est\u00e1 a favor de examen de bachillerato central en Alemania | El Digital de Asturias","og:description":"Berl\u00edn, 26 jul (dpa) - Una clara mayor\u00eda en Alemania est\u00e1 a favor de un examen de bachillerato (Abitur) central, revel\u00f3 una encuesta representativa realizada por el instituto de opini\u00f3n YouGov a solicitud de dpa. De acuerdo con el sondeo, el 80 por ciento de los encuestados se declar\u00f3 a favor de que los aspirantes","og:url":"https:\/\/eldigitaldeasturias.com\/radio\/mayoria-esta-a-favor-de-examen-de-bachillerato-central-en-alemania\/","og:image":"https:\/\/eldigitaldeasturias.com\/radio\/wp-content\/uploads\/2018\/03\/macbook-577758_1280.jpg","og:image:secure_url":"https:\/\/eldigitaldeasturias.com\/radio\/wp-content\/uploads\/2018\/03\/macbook-577758_1280.jpg","og:image:width":1280,"og:image:height":850,"article:published_time":"2019-07-27T04:50:46+00:00","article:modified_time":"2019-07-27T04:50:46+00:00","twitter:card":"summary_large_image","twitter:site":"@bercodi","twitter:title":"Mayor\u00eda est\u00e1 a favor de examen de bachillerato central en Alemania | El Digital de Asturias","twitter:description":"Berl\u00edn, 26 jul (dpa) - Una clara mayor\u00eda en Alemania est\u00e1 a favor de un examen de bachillerato (Abitur) central, revel\u00f3 una encuesta representativa realizada por el instituto de opini\u00f3n YouGov a solicitud de dpa. De acuerdo con el sondeo, el 80 por ciento de los encuestados se declar\u00f3 a favor de que los aspirantes","twitter:creator":"@bercodi","twitter:image":"https:\/\/eldigitaldeasturias.com\/radio\/wp-content\/uploads\/2018\/03\/macbook-577758_1280.jpg"},"aioseo_meta_data":{"post_id":"2950","title":null,"description":null,"keywords":null,"keyphrases":null,"primary_term":null,"canonical_url":null,"og_title":null,"og_description":null,"og_object_type":"default","og_image_type":"default","og_image_url":null,"og_image_width":null,"og_image_height":null,"og_image_custom_url":null,"og_image_custom_fields":null,"og_video":null,"og_custom_url":null,"og_article_section":null,"og_article_tags":null,"twitter_use_og":false,"twitter_card":"default","twitter_image_type":"default","twitter_image_url":null,"twitter_image_custom_url":null,"twitter_image_custom_fields":null,"twitter_title":null,"twitter_description":null,"schema":{"blockGraphs":[],"customGraphs":[],"default":{"data":{"Article":[],"Course":[],"Dataset":[],"FAQPage":[],"Movie":[],"Person":[],"Product":[],"ProductReview":[],"Car":[],"Recipe":[],"Service":[],"SoftwareApplication":[],"WebPage":[]},"graphName":"","isEnabled":true},"graphs":[],"defaultGraph":"","defaultPostTypeGraph":""},"schema_type":null,"schema_type_options":null,"pillar_content":false,"robots_default":true,"robots_noindex":false,"robots_noarchive":false,"robots_nosnippet":false,"robots_nofollow":false,"robots_noimageindex":false,"robots_noodp":false,"robots_notranslate":false,"robots_max_snippet":null,"robots_max_videopreview":null,"robots_max_imagepreview":"large","priority":null,"frequency":null,"location":null,"local_seo":null,"seo_analyzer_scan_date":"2025-08-28 13:16:14","breadcrumb_settings":null,"limit_modified_date":false,"open_ai":null,"ai":null,"created":"2021-03-31 05:29:48","updated":"2025-08-28 13:16:14"},"aioseo_breadcrumb":"<div class=\"aioseo-breadcrumbs\"><span class=\"aioseo-breadcrumb\">\n\t<a href=\"https:\/\/eldigitaldeasturias.com\/radio\" title=\"Inicio\">Inicio<\/a>\n<\/span><span class=\"aioseo-breadcrumb-separator\">&ndash;<\/span><span class=\"aioseo-breadcrumb\">\n\t<a href=\"https:\/\/eldigitaldeasturias.com\/radio\/category\/noticias\/\" title=\"Noticias\">Noticias<\/a>\n<\/span><span class=\"aioseo-breadcrumb-separator\">&ndash;<\/span><span class=\"aioseo-breadcrumb\">\n\tMayor\u00eda est\u00e1 a favor de examen de bachillerato central en Alemania\n<\/span><\/div>","aioseo_breadcrumb_json":[{"label":"Inicio","link":"https:\/\/eldigitaldeasturias.com\/radio"},{"label":"Noticias","link":"https:\/\/eldigitaldeasturias.com\/radio\/category\/noticias\/"},{"label":"Mayor\u00eda est\u00e1 a favor de examen de bachillerato central en Alemania","link":"https:\/\/eldigitaldeasturias.com\/radio\/mayoria-esta-a-favor-de-examen-de-bachillerato-central-en-alemania\/"}],"_links":{"self":[{"href":"https:\/\/eldigitaldeasturias.com\/radio\/wp-json\/wp\/v2\/posts\/2950","targetHints":{"allow":["GET"]}}],"collection":[{"href":"https:\/\/eldigitaldeasturias.com\/radio\/wp-json\/wp\/v2\/posts"}],"about":[{"href":"https:\/\/eldigitaldeasturias.com\/radio\/wp-json\/wp\/v2\/types\/post"}],"author":[{"embeddable":true,"href":"https:\/\/eldigitaldeasturias.com\/radio\/wp-json\/wp\/v2\/users\/1"}],"replies":[{"embeddable":true,"href":"https:\/\/eldigitaldeasturias.com\/radio\/wp-json\/wp\/v2\/comments?post=2950"}],"version-history":[{"count":0,"href":"https:\/\/eldigitaldeasturias.com\/radio\/wp-json\/wp\/v2\/posts\/2950\/revisions"}],"wp:featuredmedia":[{"embeddable":true,"href":"https:\/\/eldigitaldeasturias.com\/radio\/wp-json\/wp\/v2\/media\/62"}],"wp:attachment":[{"href":"https:\/\/eldigitaldeasturias.com\/radio\/wp-json\/wp\/v2\/media?parent=2950"}],"wp:term":[{"taxonomy":"category","embeddable":true,"href":"https:\/\/eldigitaldeasturias.com\/radio\/wp-json\/wp\/v2\/categories?post=2950"},{"taxonomy":"post_tag","embeddable":true,"href":"https:\/\/eldigitaldeasturias.com\/radio\/wp-json\/wp\/v2\/tags?post=2950"}],"curies":[{"name":"wp","href":"https:\/\/api.w.org\/{rel}","templated":true}]}}