{"id":2935,"date":"2019-07-24T11:07:11","date_gmt":"2019-07-24T11:07:11","guid":{"rendered":"http:\/\/eldigitaldeasturias.com\/radio\/?p=2935"},"modified":"2019-07-24T11:07:11","modified_gmt":"2019-07-24T11:07:11","slug":"el-riesgo-de-cistitis-aumenta-en-verano","status":"publish","type":"post","link":"https:\/\/eldigitaldeasturias.com\/radio\/el-riesgo-de-cistitis-aumenta-en-verano\/","title":{"rendered":"El riesgo de cistitis aumenta en verano"},"content":{"rendered":"<p><img fetchpriority=\"high\" decoding=\"async\" class=\"alignleft size-medium wp-image-2936\" src=\"https:\/\/eldigitaldeasturias.com\/radio\/wp-content\/uploads\/2019\/07\/1563877158_Cistitis_y_verano-360x240.jpg\" alt=\"\" width=\"360\" height=\"240\" srcset=\"https:\/\/eldigitaldeasturias.com\/radio\/wp-content\/uploads\/2019\/07\/1563877158_Cistitis_y_verano-360x240.jpg 360w, https:\/\/eldigitaldeasturias.com\/radio\/wp-content\/uploads\/2019\/07\/1563877158_Cistitis_y_verano-1024x684.jpg 1024w, https:\/\/eldigitaldeasturias.com\/radio\/wp-content\/uploads\/2019\/07\/1563877158_Cistitis_y_verano-768x513.jpg 768w, https:\/\/eldigitaldeasturias.com\/radio\/wp-content\/uploads\/2019\/07\/1563877158_Cistitis_y_verano.jpg 1200w\" sizes=\"(max-width: 360px) 100vw, 360px\" \/>El riesgo de contraer infecciones urinarias se incrementa en verano como consecuencia de permanecer con el ba\u00f1ador h\u00famedo durante un tiempo prolongado y por el aumento de las relaciones sexuales. De hecho, de las personas que sufren cistitis, el 60% la tienen en verano, seg\u00fan datos del\u00a0<a href=\"https:\/\/plantasmedicinalespara.com\/\" target=\"_blank\" rel=\"nofollow noopener noreferrer\"><span style=\"color: #ff6600;\"><strong>Centro de Investigaci\u00f3n sobre Fitoterapia (INFITO)<\/strong><\/span><\/a>\u00a0que, junto con el\u00a0<span style=\"color: #ff6600;\"><strong><a style=\"color: #ff6600;\" href=\"https:\/\/cistitisderepeticion.com\/\" target=\"_blank\" rel=\"nofollow noopener noreferrer\">Centro de Informaci\u00f3n de la Cistitis<\/a><\/strong><\/span>\u00a0han editado el informe\u00a0<span style=\"color: #ff6600;\"><strong><em><a style=\"color: #ff6600;\" href=\"https:\/\/plantasmedicinalespara.com\/wp-content\/uploads\/2019\/07\/Informe-Cistitis-y-verano.pdf\" target=\"_blank\" rel=\"nofollow noopener noreferrer\">Cistitis y verano<\/a><\/em><\/strong><\/span>, en el que advierten sobre la importancia de seguir una serie de medidas higi\u00e9nico-diet\u00e9ticas para prevenir su aparici\u00f3n, sobre todo en los casos de cistitis recurrentes. En este sentido, aconsejan la toma de preparados farmac\u00e9uticos a base de ar\u00e1ndano rojo o\u00a0<em>cranberry<\/em>, junto a plantas medicinales como el brezo, que ayudan a mantener el bienestar urinario.<\/p>\n<p><iframe src=\"https:\/\/www.youtube.com\/embed\/PV8ieCWbYEo\" width=\"645\" height=\"360\" frameborder=\"0\" allowfullscreen=\"allowfullscreen\"><span data-mce-type=\"bookmark\" style=\"display: inline-block; width: 0px; overflow: hidden; line-height: 0;\" class=\"mce_SELRES_start\">\ufeff<\/span><\/iframe><\/p>\n<p>La cistitis se encuentra entre las infecciones urinarias m\u00e1s comunes, por detr\u00e1s de las respiratorias y las m\u00e1s vulnerables a sufrirlas son las mujeres. De hecho, cerca del 60% de ellas sufrir\u00e1 alg\u00fan episodio a lo largo de su vida, seg\u00fan la \u00faltima gu\u00eda publicada por la Academia Americana de Urolog\u00eda. Adem\u00e1s, se estima que entre el 20 y el 40% de las mujeres que han tenido un episodio de cistitis previa experimentar\u00e1 un episodio adicional posterior, y de ellas entre el 25 y el 50% sufrir\u00e1 m\u00faltiples episodios recurrentes, considerando como tal 3 episodios en un a\u00f1o y 2 en seis meses. \u201cEn el 80% de los casos la cistitis est\u00e1 causada por la bacteria\u00a0<em>Escherichia coli<\/em>, un pat\u00f3geno que habita de forma natural en el intestino pero que, por diferentes factores, puede proliferar y ascender a la vejiga causando infecci\u00f3n. La humedad y las altas temperaturas, son dos condiciones ambientales que favorecen el crecimiento de este tipo de bacterias en verano. Por ello, el permanecer con el traje de ba\u00f1o h\u00famedo durante mucho tiempo puede ser un factor de riesgo para la cistitis en esta \u00e9poca\u201d, subraya el doctor Miguel Mart\u00edn Almendros, m\u00e9dico de Atenci\u00f3n Primaria y miembro de la Junta Directiva de INFITO. Seg\u00fan datos de INFITO, las dos principales causas se\u00f1aladas por las personas que sufren cistitis son la falta de hidrataci\u00f3n y mantener el ba\u00f1ador mojado.<\/p>\n<p>Otro factor de riesgo que puede incrementar las posibilidades de tener cistitis en verano es el aumento de las relaciones sexuales. \u201cEl ritmo de vida durante la etapa estival disminuye y hay m\u00e1s tiempo libre por lo que es normal que suelan aumentar. Muchas mujeres asocian el sexo con la cistitis, lo que se conoce como cistitis postcoital, la cual sucede porque durante el coito se favorece el paso de bacterias hacia la uretra, m\u00e1s corta en las mujeres y por eso hay mayor prevalencia en el g\u00e9nero femenino\u201d, subraya el doctor Mart\u00edn Almendros.<\/p>\n<p>Por otro lado, en las vacaciones veraniegas tambi\u00e9n se producen una serie de modificaciones en la dieta y se suele consumir m\u00e1s alcohol. \u201cTomamos otro tipo de comidas, en algunos casos m\u00e1s condimentadas o \u00e1cidas y tambi\u00e9n salimos m\u00e1s lo que hace que consumamos m\u00e1s alcohol que durante el invierno. Estos factores pueden alterar la microbiota y el sistema inmunitario y hacerlo m\u00e1s vulnerable ante este tipo de infecciones\u201d, subraya el doctor Mart\u00edn Almendros.<\/p>\n<p>Los s\u00edntomas que pueden hacer sospechar que se padece una infecci\u00f3n urinaria en las v\u00edas urinarias bajas son el dolor o escozor al orinar, el aumento del n\u00famero de micciones o polaquiuria, la urgencia miccional y presi\u00f3n en la parte inferior de la pelvis\u201d, explica el doctor Mart\u00edn Almendros. Seg\u00fan datos del Centro de Informaci\u00f3n de la Cistitis, el s\u00edntoma que m\u00e1s sufren los pacientes es el picor o escozor.<\/p>\n<p><strong>Ar\u00e1ndano rojo para la cistitis<\/strong><\/p>\n<p>Durante el verano, ser\u00e1 necesario que aquellas mujeres que sufren cistitis de repetici\u00f3n sigan una serie de medidas higi\u00e9nico-diet\u00e9ticas, seg\u00fan recomiendan los expertos. Entre ellas, incluidas en el <em>Dec\u00e1logo de Prevenci\u00f3n de la Cistitis,\u00a0<\/em>se encuentran la ingesta de abundante l\u00edquido para favorecer la expulsi\u00f3n de bacterias; la evitaci\u00f3n de sustancias excitantes, como la cafe\u00edna o el alcohol; mantener un buen ritmo urinario e ir al ba\u00f1o cada 2 o 3 horas, as\u00ed como antes y despu\u00e9s del sexo; lavarse con jabones neutros; cambiar los trajes de ba\u00f1o h\u00famedos tras salir de la playa o la piscina; o la toma de<a href=\"https:\/\/youtu.be\/PV8ieCWbYEo\" target=\"_blank\" rel=\"nofollow noopener noreferrer\">\u00a0<span style=\"color: #ff6600;\"><strong>preparados farmac\u00e9uticos a base de ar\u00e1ndano rojo<\/strong><\/span><\/a>\u00a0en combinaci\u00f3n con plantas medicinales como el brezo.<\/p>\n<p>El ar\u00e1ndano rojo americano es un fruto cuyos componentes, las proantocianidinas (PAC), \u201cresultan eficaces para evitar la adhesi\u00f3n de las bacterias causantes de cistitis a las paredes del tracto urinario. De esta manera evitan la aparici\u00f3n de infecci\u00f3n y, combinados con plantas medicinales, como el brezo, consiguen mantener el bienestar urinario y prevenir los episodios de repetici\u00f3n\u201d, indica Teresa Ortega, vicepresidenta de INFITO y Profesora Titular de Farmacolog\u00eda de la Universidad Complutense de Madrid. En ese sentido, un estudio espa\u00f1ol reciente realizado por el\u00a0<span style=\"color: #ff6600;\"><strong><a style=\"color: #ff6600;\" href=\"https:\/\/www.ncbi.nlm.nih.gov\/pubmed\/30746933\" target=\"_blank\" rel=\"nofollow noopener noreferrer\">Instituto de Investigaci\u00f3n en Ciencias de la Alimentaci\u00f3n (CIAL) <\/a><\/strong><\/span>confirma la actividad antiadhesiva y los efectos beneficiosos de los componentes del ar\u00e1ndano rojo contra las infecciones urinarias.<\/p>\n<p>Desde INFITO y el Centro de Informaci\u00f3n de la Cistitis se recuerda que lo importante a la hora de utilizar frutos o plantas medicinales, como es el caso del ar\u00e1ndano rojo americano<em>,\u00a0<\/em>\u201ces adquirirlos en la farmacia donde nos van a garantizar una cantidad \u00f3ptima de principios activos necesarios para la eficacia terap\u00e9utica que buscamos obtener. Adem\u00e1s recibiremos el consejo del farmac\u00e9utico que es el profesional sanitario con mejor formaci\u00f3n para el consejo y la recomendaci\u00f3n de plantas medicinales\u201d, asegura la profesora Ortega.<\/p>\n<p>Descargar el informe<span style=\"color: #ff6600;\"><strong>\u00a0<a style=\"color: #ff6600;\" href=\"https:\/\/plantasmedicinalespara.com\/multimedia\/cistitis\/\" target=\"_blank\" rel=\"nofollow noopener noreferrer\">Cistitis y verano<\/a><\/strong><\/span>.<\/p>\n","protected":false},"excerpt":{"rendered":"<p>El riesgo de contraer infecciones urinarias se incrementa en verano como consecuencia de permanecer con el ba\u00f1ador h\u00famedo durante un tiempo prolongado y por el aumento de las relaciones sexuales. De hecho, de las personas que sufren cistitis, el 60% la tienen en verano, seg\u00fan datos del\u00a0Centro de Investigaci\u00f3n sobre Fitoterapia (INFITO)\u00a0que, junto con el\u00a0Centro<\/p>\n","protected":false},"author":1,"featured_media":2936,"comment_status":"closed","ping_status":"closed","sticky":false,"template":"","format":"standard","meta":{"footnotes":""},"categories":[38],"tags":[],"class_list":{"0":"post-2935","1":"post","2":"type-post","3":"status-publish","4":"format-standard","5":"has-post-thumbnail","7":"category-live"},"aioseo_notices":[],"aioseo_head":"\n\t\t<!-- All in One SEO Pro 4.9.6.2 - aioseo.com -->\n\t<meta name=\"description\" content=\"El riesgo de contraer infecciones urinarias se incrementa en verano como consecuencia de permanecer con el ba\u00f1ador h\u00famedo durante un tiempo prolongado y por el aumento de las relaciones sexuales. De hecho, de las personas que sufren cistitis, el 60% la tienen en verano, seg\u00fan datos del Centro de Investigaci\u00f3n sobre Fitoterapia (INFITO) que, junto con el Centro\" \/>\n\t<meta name=\"robots\" content=\"max-image-preview:large\" \/>\n\t<meta name=\"author\" content=\"NBAsturias\"\/>\n\t<meta name=\"google-site-verification\" content=\"UA-38556648-1\" \/>\n\t<meta name=\"keywords\" content=\"live\" \/>\n\t<link rel=\"canonical\" href=\"https:\/\/eldigitaldeasturias.com\/radio\/el-riesgo-de-cistitis-aumenta-en-verano\/\" \/>\n\t<meta name=\"generator\" content=\"All in One SEO Pro (AIOSEO) 4.9.6.2\" \/>\n\t\t<meta property=\"og:locale\" content=\"es_ES\" \/>\n\t\t<meta property=\"og:site_name\" content=\"El Digital de Asturias | Diario de informaci\u00f3n y noticias\" \/>\n\t\t<meta property=\"og:type\" content=\"article\" \/>\n\t\t<meta property=\"og:title\" content=\"El riesgo de cistitis aumenta en verano | El Digital de Asturias\" \/>\n\t\t<meta property=\"og:description\" content=\"El riesgo de contraer infecciones urinarias se incrementa en verano como consecuencia de permanecer con el ba\u00f1ador h\u00famedo durante un tiempo prolongado y por el aumento de las relaciones sexuales. De hecho, de las personas que sufren cistitis, el 60% la tienen en verano, seg\u00fan datos del Centro de Investigaci\u00f3n sobre Fitoterapia (INFITO) que, junto con el Centro\" \/>\n\t\t<meta property=\"og:url\" content=\"https:\/\/eldigitaldeasturias.com\/radio\/el-riesgo-de-cistitis-aumenta-en-verano\/\" \/>\n\t\t<meta property=\"og:image\" content=\"https:\/\/eldigitaldeasturias.com\/radio\/wp-content\/uploads\/2019\/07\/1563877158_Cistitis_y_verano.jpg\" \/>\n\t\t<meta property=\"og:image:secure_url\" content=\"https:\/\/eldigitaldeasturias.com\/radio\/wp-content\/uploads\/2019\/07\/1563877158_Cistitis_y_verano.jpg\" \/>\n\t\t<meta property=\"og:image:width\" content=\"1200\" \/>\n\t\t<meta property=\"og:image:height\" content=\"801\" \/>\n\t\t<meta property=\"article:published_time\" content=\"2019-07-24T11:07:11+00:00\" \/>\n\t\t<meta property=\"article:modified_time\" content=\"2019-07-24T11:07:11+00:00\" \/>\n\t\t<meta name=\"twitter:card\" content=\"summary_large_image\" \/>\n\t\t<meta name=\"twitter:site\" content=\"@bercodi\" \/>\n\t\t<meta name=\"twitter:title\" content=\"El riesgo de cistitis aumenta en verano | El Digital de Asturias\" \/>\n\t\t<meta name=\"twitter:description\" content=\"El riesgo de contraer infecciones urinarias se incrementa en verano como consecuencia de permanecer con el ba\u00f1ador h\u00famedo durante un tiempo prolongado y por el aumento de las relaciones sexuales. De hecho, de las personas que sufren cistitis, el 60% la tienen en verano, seg\u00fan datos del Centro de Investigaci\u00f3n sobre Fitoterapia (INFITO) que, junto con el Centro\" \/>\n\t\t<meta name=\"twitter:creator\" content=\"@bercodi\" \/>\n\t\t<meta name=\"twitter:image\" content=\"https:\/\/eldigitaldeasturias.com\/radio\/wp-content\/uploads\/2019\/07\/1563877158_Cistitis_y_verano.jpg\" \/>\n\t\t<script type=\"application\/ld+json\" class=\"aioseo-schema\">\n\t\t\t{\"@context\":\"https:\\\/\\\/schema.org\",\"@graph\":[{\"@type\":\"BreadcrumbList\",\"@id\":\"https:\\\/\\\/eldigitaldeasturias.com\\\/radio\\\/el-riesgo-de-cistitis-aumenta-en-verano\\\/#breadcrumblist\",\"itemListElement\":[{\"@type\":\"ListItem\",\"@id\":\"https:\\\/\\\/eldigitaldeasturias.com\\\/radio#listItem\",\"position\":1,\"name\":\"Inicio\",\"item\":\"https:\\\/\\\/eldigitaldeasturias.com\\\/radio\",\"nextItem\":{\"@type\":\"ListItem\",\"@id\":\"https:\\\/\\\/eldigitaldeasturias.com\\\/radio\\\/category\\\/live\\\/#listItem\",\"name\":\"Live\"}},{\"@type\":\"ListItem\",\"@id\":\"https:\\\/\\\/eldigitaldeasturias.com\\\/radio\\\/category\\\/live\\\/#listItem\",\"position\":2,\"name\":\"Live\",\"item\":\"https:\\\/\\\/eldigitaldeasturias.com\\\/radio\\\/category\\\/live\\\/\",\"nextItem\":{\"@type\":\"ListItem\",\"@id\":\"https:\\\/\\\/eldigitaldeasturias.com\\\/radio\\\/el-riesgo-de-cistitis-aumenta-en-verano\\\/#listItem\",\"name\":\"El riesgo de cistitis aumenta en verano\"},\"previousItem\":{\"@type\":\"ListItem\",\"@id\":\"https:\\\/\\\/eldigitaldeasturias.com\\\/radio#listItem\",\"name\":\"Inicio\"}},{\"@type\":\"ListItem\",\"@id\":\"https:\\\/\\\/eldigitaldeasturias.com\\\/radio\\\/el-riesgo-de-cistitis-aumenta-en-verano\\\/#listItem\",\"position\":3,\"name\":\"El riesgo de cistitis aumenta en verano\",\"previousItem\":{\"@type\":\"ListItem\",\"@id\":\"https:\\\/\\\/eldigitaldeasturias.com\\\/radio\\\/category\\\/live\\\/#listItem\",\"name\":\"Live\"}}]},{\"@type\":\"NewsArticle\",\"@id\":\"https:\\\/\\\/eldigitaldeasturias.com\\\/radio\\\/el-riesgo-de-cistitis-aumenta-en-verano\\\/#newsarticle\",\"name\":\"El riesgo de cistitis aumenta en verano | El Digital de Asturias\",\"headline\":\"El riesgo de cistitis aumenta en verano\",\"author\":{\"@id\":\"https:\\\/\\\/eldigitaldeasturias.com\\\/radio\\\/author\\\/nbasturias\\\/#author\"},\"publisher\":{\"@id\":\"https:\\\/\\\/eldigitaldeasturias.com\\\/radio\\\/#organization\"},\"image\":{\"@type\":\"ImageObject\",\"url\":\"https:\\\/\\\/eldigitaldeasturias.com\\\/radio\\\/wp-content\\\/uploads\\\/2019\\\/07\\\/1563877158_Cistitis_y_verano.jpg\",\"width\":1200,\"height\":801},\"datePublished\":\"2019-07-24T11:07:11+02:00\",\"dateModified\":\"2019-07-24T11:07:11+02:00\",\"inLanguage\":\"es-ES\",\"mainEntityOfPage\":{\"@id\":\"https:\\\/\\\/eldigitaldeasturias.com\\\/radio\\\/el-riesgo-de-cistitis-aumenta-en-verano\\\/#webpage\"},\"isPartOf\":{\"@id\":\"https:\\\/\\\/eldigitaldeasturias.com\\\/radio\\\/el-riesgo-de-cistitis-aumenta-en-verano\\\/#webpage\"},\"articleSection\":\"Live\",\"dateline\":\"Publicado el julio 24, 2019.\"},{\"@type\":\"Organization\",\"@id\":\"https:\\\/\\\/eldigitaldeasturias.com\\\/radio\\\/#organization\",\"name\":\"El digital de Asturias Radio\",\"description\":\"Diario de informaci\\u00f3n y noticias\",\"url\":\"https:\\\/\\\/eldigitaldeasturias.com\\\/radio\\\/\",\"telephone\":\"+34652131393\",\"logo\":{\"@type\":\"ImageObject\",\"url\":\"https:\\\/\\\/www.eldigitaldeasturias.com\\\/radio\\\/wp-content\\\/uploads\\\/2021\\\/03\\\/EDA.jpg\",\"@id\":\"https:\\\/\\\/eldigitaldeasturias.com\\\/radio\\\/el-riesgo-de-cistitis-aumenta-en-verano\\\/#organizationLogo\"},\"image\":{\"@id\":\"https:\\\/\\\/eldigitaldeasturias.com\\\/radio\\\/el-riesgo-de-cistitis-aumenta-en-verano\\\/#organizationLogo\"},\"sameAs\":[\"https:\\\/\\\/www.facebook.com\\\/\",\"https:\\\/\\\/x.com\\\/bercodi\",\"https:\\\/\\\/www.instagram.com\\\/\",\"https:\\\/\\\/www.youtube.com\\\/channel\\\/UCZP-2wLEB9Rv6erhFmqVnvg\"]},{\"@type\":\"Person\",\"@id\":\"https:\\\/\\\/eldigitaldeasturias.com\\\/radio\\\/author\\\/nbasturias\\\/#author\",\"url\":\"https:\\\/\\\/eldigitaldeasturias.com\\\/radio\\\/author\\\/nbasturias\\\/\",\"name\":\"NBAsturias\",\"image\":{\"@type\":\"ImageObject\",\"@id\":\"https:\\\/\\\/eldigitaldeasturias.com\\\/radio\\\/el-riesgo-de-cistitis-aumenta-en-verano\\\/#authorImage\",\"url\":\"https:\\\/\\\/secure.gravatar.com\\\/avatar\\\/df2aeffc32bcd13f8d26072ef8a91b623d677766deac7f97ca815868cd41bf5e?s=96&d=mm&r=g\",\"width\":96,\"height\":96,\"caption\":\"NBAsturias\"}},{\"@type\":\"WebPage\",\"@id\":\"https:\\\/\\\/eldigitaldeasturias.com\\\/radio\\\/el-riesgo-de-cistitis-aumenta-en-verano\\\/#webpage\",\"url\":\"https:\\\/\\\/eldigitaldeasturias.com\\\/radio\\\/el-riesgo-de-cistitis-aumenta-en-verano\\\/\",\"name\":\"El riesgo de cistitis aumenta en verano | El Digital de Asturias\",\"description\":\"El riesgo de contraer infecciones urinarias se incrementa en verano como consecuencia de permanecer con el ba\\u00f1ador h\\u00famedo durante un tiempo prolongado y por el aumento de las relaciones sexuales. De hecho, de las personas que sufren cistitis, el 60% la tienen en verano, seg\\u00fan datos del Centro de Investigaci\\u00f3n sobre Fitoterapia (INFITO) que, junto con el Centro\",\"inLanguage\":\"es-ES\",\"isPartOf\":{\"@id\":\"https:\\\/\\\/eldigitaldeasturias.com\\\/radio\\\/#website\"},\"breadcrumb\":{\"@id\":\"https:\\\/\\\/eldigitaldeasturias.com\\\/radio\\\/el-riesgo-de-cistitis-aumenta-en-verano\\\/#breadcrumblist\"},\"author\":{\"@id\":\"https:\\\/\\\/eldigitaldeasturias.com\\\/radio\\\/author\\\/nbasturias\\\/#author\"},\"creator\":{\"@id\":\"https:\\\/\\\/eldigitaldeasturias.com\\\/radio\\\/author\\\/nbasturias\\\/#author\"},\"image\":{\"@type\":\"ImageObject\",\"url\":\"https:\\\/\\\/eldigitaldeasturias.com\\\/radio\\\/wp-content\\\/uploads\\\/2019\\\/07\\\/1563877158_Cistitis_y_verano.jpg\",\"@id\":\"https:\\\/\\\/eldigitaldeasturias.com\\\/radio\\\/el-riesgo-de-cistitis-aumenta-en-verano\\\/#mainImage\",\"width\":1200,\"height\":801},\"primaryImageOfPage\":{\"@id\":\"https:\\\/\\\/eldigitaldeasturias.com\\\/radio\\\/el-riesgo-de-cistitis-aumenta-en-verano\\\/#mainImage\"},\"datePublished\":\"2019-07-24T11:07:11+02:00\",\"dateModified\":\"2019-07-24T11:07:11+02:00\"},{\"@type\":\"WebSite\",\"@id\":\"https:\\\/\\\/eldigitaldeasturias.com\\\/radio\\\/#website\",\"url\":\"https:\\\/\\\/eldigitaldeasturias.com\\\/radio\\\/\",\"name\":\"El Digital de Asturias\",\"description\":\"Diario de informaci\\u00f3n y noticias\",\"inLanguage\":\"es-ES\",\"publisher\":{\"@id\":\"https:\\\/\\\/eldigitaldeasturias.com\\\/radio\\\/#organization\"}}]}\n\t\t<\/script>\n\t\t<!-- All in One SEO Pro -->\r\n\t\t<title>El riesgo de cistitis aumenta en verano | El Digital de Asturias<\/title>\n\n","aioseo_head_json":{"title":"El riesgo de cistitis aumenta en verano | El Digital de Asturias","description":"El riesgo de contraer infecciones urinarias se incrementa en verano como consecuencia de permanecer con el ba\u00f1ador h\u00famedo durante un tiempo prolongado y por el aumento de las relaciones sexuales. De hecho, de las personas que sufren cistitis, el 60% la tienen en verano, seg\u00fan datos del Centro de Investigaci\u00f3n sobre Fitoterapia (INFITO) que, junto con el Centro","canonical_url":"https:\/\/eldigitaldeasturias.com\/radio\/el-riesgo-de-cistitis-aumenta-en-verano\/","robots":"max-image-preview:large","keywords":"live","webmasterTools":{"google-site-verification":"UA-38556648-1","miscellaneous":""},"schema":{"@context":"https:\/\/schema.org","@graph":[{"@type":"BreadcrumbList","@id":"https:\/\/eldigitaldeasturias.com\/radio\/el-riesgo-de-cistitis-aumenta-en-verano\/#breadcrumblist","itemListElement":[{"@type":"ListItem","@id":"https:\/\/eldigitaldeasturias.com\/radio#listItem","position":1,"name":"Inicio","item":"https:\/\/eldigitaldeasturias.com\/radio","nextItem":{"@type":"ListItem","@id":"https:\/\/eldigitaldeasturias.com\/radio\/category\/live\/#listItem","name":"Live"}},{"@type":"ListItem","@id":"https:\/\/eldigitaldeasturias.com\/radio\/category\/live\/#listItem","position":2,"name":"Live","item":"https:\/\/eldigitaldeasturias.com\/radio\/category\/live\/","nextItem":{"@type":"ListItem","@id":"https:\/\/eldigitaldeasturias.com\/radio\/el-riesgo-de-cistitis-aumenta-en-verano\/#listItem","name":"El riesgo de cistitis aumenta en verano"},"previousItem":{"@type":"ListItem","@id":"https:\/\/eldigitaldeasturias.com\/radio#listItem","name":"Inicio"}},{"@type":"ListItem","@id":"https:\/\/eldigitaldeasturias.com\/radio\/el-riesgo-de-cistitis-aumenta-en-verano\/#listItem","position":3,"name":"El riesgo de cistitis aumenta en verano","previousItem":{"@type":"ListItem","@id":"https:\/\/eldigitaldeasturias.com\/radio\/category\/live\/#listItem","name":"Live"}}]},{"@type":"NewsArticle","@id":"https:\/\/eldigitaldeasturias.com\/radio\/el-riesgo-de-cistitis-aumenta-en-verano\/#newsarticle","name":"El riesgo de cistitis aumenta en verano | El Digital de Asturias","headline":"El riesgo de cistitis aumenta en verano","author":{"@id":"https:\/\/eldigitaldeasturias.com\/radio\/author\/nbasturias\/#author"},"publisher":{"@id":"https:\/\/eldigitaldeasturias.com\/radio\/#organization"},"image":{"@type":"ImageObject","url":"https:\/\/eldigitaldeasturias.com\/radio\/wp-content\/uploads\/2019\/07\/1563877158_Cistitis_y_verano.jpg","width":1200,"height":801},"datePublished":"2019-07-24T11:07:11+02:00","dateModified":"2019-07-24T11:07:11+02:00","inLanguage":"es-ES","mainEntityOfPage":{"@id":"https:\/\/eldigitaldeasturias.com\/radio\/el-riesgo-de-cistitis-aumenta-en-verano\/#webpage"},"isPartOf":{"@id":"https:\/\/eldigitaldeasturias.com\/radio\/el-riesgo-de-cistitis-aumenta-en-verano\/#webpage"},"articleSection":"Live","dateline":"Publicado el julio 24, 2019."},{"@type":"Organization","@id":"https:\/\/eldigitaldeasturias.com\/radio\/#organization","name":"El digital de Asturias Radio","description":"Diario de informaci\u00f3n y noticias","url":"https:\/\/eldigitaldeasturias.com\/radio\/","telephone":"+34652131393","logo":{"@type":"ImageObject","url":"https:\/\/www.eldigitaldeasturias.com\/radio\/wp-content\/uploads\/2021\/03\/EDA.jpg","@id":"https:\/\/eldigitaldeasturias.com\/radio\/el-riesgo-de-cistitis-aumenta-en-verano\/#organizationLogo"},"image":{"@id":"https:\/\/eldigitaldeasturias.com\/radio\/el-riesgo-de-cistitis-aumenta-en-verano\/#organizationLogo"},"sameAs":["https:\/\/www.facebook.com\/","https:\/\/x.com\/bercodi","https:\/\/www.instagram.com\/","https:\/\/www.youtube.com\/channel\/UCZP-2wLEB9Rv6erhFmqVnvg"]},{"@type":"Person","@id":"https:\/\/eldigitaldeasturias.com\/radio\/author\/nbasturias\/#author","url":"https:\/\/eldigitaldeasturias.com\/radio\/author\/nbasturias\/","name":"NBAsturias","image":{"@type":"ImageObject","@id":"https:\/\/eldigitaldeasturias.com\/radio\/el-riesgo-de-cistitis-aumenta-en-verano\/#authorImage","url":"https:\/\/secure.gravatar.com\/avatar\/df2aeffc32bcd13f8d26072ef8a91b623d677766deac7f97ca815868cd41bf5e?s=96&d=mm&r=g","width":96,"height":96,"caption":"NBAsturias"}},{"@type":"WebPage","@id":"https:\/\/eldigitaldeasturias.com\/radio\/el-riesgo-de-cistitis-aumenta-en-verano\/#webpage","url":"https:\/\/eldigitaldeasturias.com\/radio\/el-riesgo-de-cistitis-aumenta-en-verano\/","name":"El riesgo de cistitis aumenta en verano | El Digital de Asturias","description":"El riesgo de contraer infecciones urinarias se incrementa en verano como consecuencia de permanecer con el ba\u00f1ador h\u00famedo durante un tiempo prolongado y por el aumento de las relaciones sexuales. De hecho, de las personas que sufren cistitis, el 60% la tienen en verano, seg\u00fan datos del Centro de Investigaci\u00f3n sobre Fitoterapia (INFITO) que, junto con el Centro","inLanguage":"es-ES","isPartOf":{"@id":"https:\/\/eldigitaldeasturias.com\/radio\/#website"},"breadcrumb":{"@id":"https:\/\/eldigitaldeasturias.com\/radio\/el-riesgo-de-cistitis-aumenta-en-verano\/#breadcrumblist"},"author":{"@id":"https:\/\/eldigitaldeasturias.com\/radio\/author\/nbasturias\/#author"},"creator":{"@id":"https:\/\/eldigitaldeasturias.com\/radio\/author\/nbasturias\/#author"},"image":{"@type":"ImageObject","url":"https:\/\/eldigitaldeasturias.com\/radio\/wp-content\/uploads\/2019\/07\/1563877158_Cistitis_y_verano.jpg","@id":"https:\/\/eldigitaldeasturias.com\/radio\/el-riesgo-de-cistitis-aumenta-en-verano\/#mainImage","width":1200,"height":801},"primaryImageOfPage":{"@id":"https:\/\/eldigitaldeasturias.com\/radio\/el-riesgo-de-cistitis-aumenta-en-verano\/#mainImage"},"datePublished":"2019-07-24T11:07:11+02:00","dateModified":"2019-07-24T11:07:11+02:00"},{"@type":"WebSite","@id":"https:\/\/eldigitaldeasturias.com\/radio\/#website","url":"https:\/\/eldigitaldeasturias.com\/radio\/","name":"El Digital de Asturias","description":"Diario de informaci\u00f3n y noticias","inLanguage":"es-ES","publisher":{"@id":"https:\/\/eldigitaldeasturias.com\/radio\/#organization"}}]},"og:locale":"es_ES","og:site_name":"El Digital de Asturias | Diario de informaci\u00f3n y noticias","og:type":"article","og:title":"El riesgo de cistitis aumenta en verano | El Digital de Asturias","og:description":"El riesgo de contraer infecciones urinarias se incrementa en verano como consecuencia de permanecer con el ba\u00f1ador h\u00famedo durante un tiempo prolongado y por el aumento de las relaciones sexuales. De hecho, de las personas que sufren cistitis, el 60% la tienen en verano, seg\u00fan datos del Centro de Investigaci\u00f3n sobre Fitoterapia (INFITO) que, junto con el Centro","og:url":"https:\/\/eldigitaldeasturias.com\/radio\/el-riesgo-de-cistitis-aumenta-en-verano\/","og:image":"https:\/\/eldigitaldeasturias.com\/radio\/wp-content\/uploads\/2019\/07\/1563877158_Cistitis_y_verano.jpg","og:image:secure_url":"https:\/\/eldigitaldeasturias.com\/radio\/wp-content\/uploads\/2019\/07\/1563877158_Cistitis_y_verano.jpg","og:image:width":1200,"og:image:height":801,"article:published_time":"2019-07-24T11:07:11+00:00","article:modified_time":"2019-07-24T11:07:11+00:00","twitter:card":"summary_large_image","twitter:site":"@bercodi","twitter:title":"El riesgo de cistitis aumenta en verano | El Digital de Asturias","twitter:description":"El riesgo de contraer infecciones urinarias se incrementa en verano como consecuencia de permanecer con el ba\u00f1ador h\u00famedo durante un tiempo prolongado y por el aumento de las relaciones sexuales. De hecho, de las personas que sufren cistitis, el 60% la tienen en verano, seg\u00fan datos del Centro de Investigaci\u00f3n sobre Fitoterapia (INFITO) que, junto con el Centro","twitter:creator":"@bercodi","twitter:image":"https:\/\/eldigitaldeasturias.com\/radio\/wp-content\/uploads\/2019\/07\/1563877158_Cistitis_y_verano.jpg"},"aioseo_meta_data":{"post_id":"2935","title":null,"description":null,"keywords":null,"keyphrases":null,"primary_term":null,"canonical_url":null,"og_title":null,"og_description":null,"og_object_type":"default","og_image_type":"default","og_image_url":null,"og_image_width":null,"og_image_height":null,"og_image_custom_url":null,"og_image_custom_fields":null,"og_video":null,"og_custom_url":null,"og_article_section":null,"og_article_tags":null,"twitter_use_og":false,"twitter_card":"default","twitter_image_type":"default","twitter_image_url":null,"twitter_image_custom_url":null,"twitter_image_custom_fields":null,"twitter_title":null,"twitter_description":null,"schema":{"blockGraphs":[],"customGraphs":[],"default":{"data":{"Article":[],"Course":[],"Dataset":[],"FAQPage":[],"Movie":[],"Person":[],"Product":[],"ProductReview":[],"Car":[],"Recipe":[],"Service":[],"SoftwareApplication":[],"WebPage":[]},"graphName":"","isEnabled":true},"graphs":[],"defaultGraph":"","defaultPostTypeGraph":""},"schema_type":null,"schema_type_options":null,"pillar_content":false,"robots_default":true,"robots_noindex":false,"robots_noarchive":false,"robots_nosnippet":false,"robots_nofollow":false,"robots_noimageindex":false,"robots_noodp":false,"robots_notranslate":false,"robots_max_snippet":null,"robots_max_videopreview":null,"robots_max_imagepreview":"large","priority":null,"frequency":null,"location":null,"local_seo":null,"seo_analyzer_scan_date":"2025-08-28 13:14:25","breadcrumb_settings":null,"limit_modified_date":false,"open_ai":null,"ai":null,"created":"2021-03-25 13:39:56","updated":"2025-08-28 13:14:25"},"aioseo_breadcrumb":"<div class=\"aioseo-breadcrumbs\"><span class=\"aioseo-breadcrumb\">\n\t<a href=\"https:\/\/eldigitaldeasturias.com\/radio\" title=\"Inicio\">Inicio<\/a>\n<\/span><span class=\"aioseo-breadcrumb-separator\">&ndash;<\/span><span class=\"aioseo-breadcrumb\">\n\t<a href=\"https:\/\/eldigitaldeasturias.com\/radio\/category\/live\/\" title=\"Live\">Live<\/a>\n<\/span><span class=\"aioseo-breadcrumb-separator\">&ndash;<\/span><span class=\"aioseo-breadcrumb\">\n\tEl riesgo de cistitis aumenta en verano\n<\/span><\/div>","aioseo_breadcrumb_json":[{"label":"Inicio","link":"https:\/\/eldigitaldeasturias.com\/radio"},{"label":"Live","link":"https:\/\/eldigitaldeasturias.com\/radio\/category\/live\/"},{"label":"El riesgo de cistitis aumenta en verano","link":"https:\/\/eldigitaldeasturias.com\/radio\/el-riesgo-de-cistitis-aumenta-en-verano\/"}],"_links":{"self":[{"href":"https:\/\/eldigitaldeasturias.com\/radio\/wp-json\/wp\/v2\/posts\/2935","targetHints":{"allow":["GET"]}}],"collection":[{"href":"https:\/\/eldigitaldeasturias.com\/radio\/wp-json\/wp\/v2\/posts"}],"about":[{"href":"https:\/\/eldigitaldeasturias.com\/radio\/wp-json\/wp\/v2\/types\/post"}],"author":[{"embeddable":true,"href":"https:\/\/eldigitaldeasturias.com\/radio\/wp-json\/wp\/v2\/users\/1"}],"replies":[{"embeddable":true,"href":"https:\/\/eldigitaldeasturias.com\/radio\/wp-json\/wp\/v2\/comments?post=2935"}],"version-history":[{"count":0,"href":"https:\/\/eldigitaldeasturias.com\/radio\/wp-json\/wp\/v2\/posts\/2935\/revisions"}],"wp:featuredmedia":[{"embeddable":true,"href":"https:\/\/eldigitaldeasturias.com\/radio\/wp-json\/wp\/v2\/media\/2936"}],"wp:attachment":[{"href":"https:\/\/eldigitaldeasturias.com\/radio\/wp-json\/wp\/v2\/media?parent=2935"}],"wp:term":[{"taxonomy":"category","embeddable":true,"href":"https:\/\/eldigitaldeasturias.com\/radio\/wp-json\/wp\/v2\/categories?post=2935"},{"taxonomy":"post_tag","embeddable":true,"href":"https:\/\/eldigitaldeasturias.com\/radio\/wp-json\/wp\/v2\/tags?post=2935"}],"curies":[{"name":"wp","href":"https:\/\/api.w.org\/{rel}","templated":true}]}}