{"id":2932,"date":"2019-07-24T10:58:12","date_gmt":"2019-07-24T10:58:12","guid":{"rendered":"http:\/\/eldigitaldeasturias.com\/radio\/?p=2932"},"modified":"2019-07-24T10:58:12","modified_gmt":"2019-07-24T10:58:12","slug":"83a-edicion-del-descenso-internacional-del-sella","status":"publish","type":"post","link":"https:\/\/eldigitaldeasturias.com\/radio\/83a-edicion-del-descenso-internacional-del-sella\/","title":{"rendered":"83\u00aa edici\u00f3n del Descenso Internacional del Sella"},"content":{"rendered":"<p><img fetchpriority=\"high\" decoding=\"async\" class=\"alignleft size-medium wp-image-2933\" src=\"https:\/\/eldigitaldeasturias.com\/radio\/wp-content\/uploads\/2019\/07\/1563872964_descensodelsella2019-360x203.jpg\" alt=\"\" width=\"360\" height=\"203\" srcset=\"https:\/\/eldigitaldeasturias.com\/radio\/wp-content\/uploads\/2019\/07\/1563872964_descensodelsella2019-360x203.jpg 360w, https:\/\/eldigitaldeasturias.com\/radio\/wp-content\/uploads\/2019\/07\/1563872964_descensodelsella2019-600x337.jpg 600w, https:\/\/eldigitaldeasturias.com\/radio\/wp-content\/uploads\/2019\/07\/1563872964_descensodelsella2019.jpg 720w\" sizes=\"(max-width: 360px) 100vw, 360px\" \/>El pr\u00f3ximo 3 de agosto del 2019 se lleva a cabo la 83\u00aa edici\u00f3n del Descenso Internacional del Sella<\/p>\n<p>Una prueba tambi\u00e9n conocida en Asturias por el nombre de \u201cLes Pirag\u00fces\u201d que acontecer\u00e1 entre Arriondas y Ribadesella.<\/p>\n<p>Una competici\u00f3n que reunir\u00e1 a grandes profesionales, campeones y campeonas de este deporte, provenientes de\u00a0<strong>diferentes lugares del mundo<\/strong>, que se dejar\u00e1n la piel a lo largo de los 20 Km de recorrido por el r\u00edo Sella en Asturias. Por el momento ya se esperan m\u00e1s de 1000 pirag\u00fcistas profesionales para ese d\u00eda y algunos grandes nombres.<\/p>\n<p>Diferentes deportistas originarios de Espa\u00f1a, Sud\u00e1frica, Australia, Suiza, Dinamarca, etc. se reunir\u00e1n el primer s\u00e1bado de agosto para celebrar esta nueva edici\u00f3n del\u00a0<a href=\"https:\/\/jairecanoas.com\/descensodelsella2019.php\" target=\"_blank\" rel=\"nofollow noopener noreferrer\"><strong><span style=\"color: #ff6600;\">descenso Internacional del Sella<\/span>\u00a0<\/strong><\/a>que tiene su origen en el siglo XX, concretamente en el a\u00f1o 1930.<\/p>\n<p>Lo que empez\u00f3 como\u00a0<strong>una bonita y competitiva excursi\u00f3n entre amigos<\/strong>, se fue convirtiendo en un descenso con cada vez m\u00e1s participantes, primero a nivel provincial, m\u00e1s tarde a nivel nacional y finalmente, desde 1951, a nivel Internacional, tal y como se conoce actualmente.<\/p>\n<p>Una vez acabada la competici\u00f3n empieza la fiesta. Y es que cuando el\u00a0<strong><span style=\"color: #ff6600;\"><a style=\"color: #ff6600;\" href=\"https:\/\/jairecanoas.com\/descenso-del-sella.php\" target=\"_blank\" rel=\"nofollow noopener noreferrer\">descenso del Sella<\/a><\/span>\u00a0<\/strong>llega a su fin, se celebra una romer\u00eda en Llovio a la que pueden acudir tanto espectadores, como participantes para\u00a0<strong>disfrutar del final del d\u00eda<\/strong>.<\/p>\n<p>Para todos aquellos que quieran disfrutar del espect\u00e1culo, existen empresas como\u00a0<strong>Jaire Aventura<\/strong>\u00a0que ofrece a todos los usuarios que lo deseen, una posici\u00f3n privilegiada del torneo; incluso la posibilidad de empezar el\u00a0<strong><span style=\"color: #ff6600;\"><a style=\"color: #ff6600;\" href=\"https:\/\/jairecanoas.com\/descenso-del-sella.php\" target=\"_blank\" rel=\"nofollow noopener noreferrer\">descenso del Sella en canoa<\/a><\/span>\u00a0<\/strong>justo detr\u00e1s de todos los participantes.<\/p>\n<p>Para quienes quieran participar,\u00a0<strong>solo deber\u00e1n de reservar una canoa<\/strong>\u00a0y en el momento indicado podr\u00e1n empezar el recorrido sin necesidad de desplazarse.<\/p>\n","protected":false},"excerpt":{"rendered":"<p>El pr\u00f3ximo 3 de agosto del 2019 se lleva a cabo la 83\u00aa edici\u00f3n del Descenso Internacional del Sella Una prueba tambi\u00e9n conocida en Asturias por el nombre de \u201cLes Pirag\u00fces\u201d que acontecer\u00e1 entre Arriondas y Ribadesella. Una competici\u00f3n que reunir\u00e1 a grandes profesionales, campeones y campeonas de este deporte, provenientes de\u00a0diferentes lugares del mundo,<\/p>\n","protected":false},"author":1,"featured_media":2933,"comment_status":"closed","ping_status":"closed","sticky":false,"template":"","format":"standard","meta":{"footnotes":""},"categories":[1],"tags":[],"class_list":{"0":"post-2932","1":"post","2":"type-post","3":"status-publish","4":"format-standard","5":"has-post-thumbnail","7":"category-noticias"},"aioseo_notices":[],"aioseo_head":"\n\t\t<!-- All in One SEO Pro 4.9.6.2 - aioseo.com -->\n\t<meta name=\"description\" content=\"El pr\u00f3ximo 3 de agosto del 2019 se lleva a cabo la 83\u00aa edici\u00f3n del Descenso Internacional del Sella Una prueba tambi\u00e9n conocida en Asturias por el nombre de \u201cLes Pirag\u00fces\u201d que acontecer\u00e1 entre Arriondas y Ribadesella. Una competici\u00f3n que reunir\u00e1 a grandes profesionales, campeones y campeonas de este deporte, provenientes de diferentes lugares del mundo,\" \/>\n\t<meta name=\"robots\" content=\"max-image-preview:large\" \/>\n\t<meta name=\"author\" content=\"NBAsturias\"\/>\n\t<meta name=\"google-site-verification\" content=\"UA-38556648-1\" \/>\n\t<meta name=\"keywords\" content=\"noticias\" \/>\n\t<link rel=\"canonical\" href=\"https:\/\/eldigitaldeasturias.com\/radio\/83a-edicion-del-descenso-internacional-del-sella\/\" \/>\n\t<meta name=\"generator\" content=\"All in One SEO Pro (AIOSEO) 4.9.6.2\" \/>\n\t\t<meta property=\"og:locale\" content=\"es_ES\" \/>\n\t\t<meta property=\"og:site_name\" content=\"El Digital de Asturias | Diario de informaci\u00f3n y noticias\" \/>\n\t\t<meta property=\"og:type\" content=\"article\" \/>\n\t\t<meta property=\"og:title\" content=\"83\u00aa edici\u00f3n del Descenso Internacional del Sella | El Digital de Asturias\" \/>\n\t\t<meta property=\"og:description\" content=\"El pr\u00f3ximo 3 de agosto del 2019 se lleva a cabo la 83\u00aa edici\u00f3n del Descenso Internacional del Sella Una prueba tambi\u00e9n conocida en Asturias por el nombre de \u201cLes Pirag\u00fces\u201d que acontecer\u00e1 entre Arriondas y Ribadesella. Una competici\u00f3n que reunir\u00e1 a grandes profesionales, campeones y campeonas de este deporte, provenientes de diferentes lugares del mundo,\" \/>\n\t\t<meta property=\"og:url\" content=\"https:\/\/eldigitaldeasturias.com\/radio\/83a-edicion-del-descenso-internacional-del-sella\/\" \/>\n\t\t<meta property=\"og:image\" content=\"https:\/\/eldigitaldeasturias.com\/radio\/wp-content\/uploads\/2019\/07\/1563872964_descensodelsella2019.jpg\" \/>\n\t\t<meta property=\"og:image:secure_url\" content=\"https:\/\/eldigitaldeasturias.com\/radio\/wp-content\/uploads\/2019\/07\/1563872964_descensodelsella2019.jpg\" \/>\n\t\t<meta property=\"og:image:width\" content=\"720\" \/>\n\t\t<meta property=\"og:image:height\" content=\"405\" \/>\n\t\t<meta property=\"article:published_time\" content=\"2019-07-24T10:58:12+00:00\" \/>\n\t\t<meta property=\"article:modified_time\" content=\"2019-07-24T10:58:12+00:00\" \/>\n\t\t<meta name=\"twitter:card\" content=\"summary_large_image\" \/>\n\t\t<meta name=\"twitter:site\" content=\"@bercodi\" \/>\n\t\t<meta name=\"twitter:title\" content=\"83\u00aa edici\u00f3n del Descenso Internacional del Sella | El Digital de Asturias\" \/>\n\t\t<meta name=\"twitter:description\" content=\"El pr\u00f3ximo 3 de agosto del 2019 se lleva a cabo la 83\u00aa edici\u00f3n del Descenso Internacional del Sella Una prueba tambi\u00e9n conocida en Asturias por el nombre de \u201cLes Pirag\u00fces\u201d que acontecer\u00e1 entre Arriondas y Ribadesella. Una competici\u00f3n que reunir\u00e1 a grandes profesionales, campeones y campeonas de este deporte, provenientes de diferentes lugares del mundo,\" \/>\n\t\t<meta name=\"twitter:creator\" content=\"@bercodi\" \/>\n\t\t<meta name=\"twitter:image\" content=\"https:\/\/eldigitaldeasturias.com\/radio\/wp-content\/uploads\/2019\/07\/1563872964_descensodelsella2019.jpg\" \/>\n\t\t<script type=\"application\/ld+json\" class=\"aioseo-schema\">\n\t\t\t{\"@context\":\"https:\\\/\\\/schema.org\",\"@graph\":[{\"@type\":\"BreadcrumbList\",\"@id\":\"https:\\\/\\\/eldigitaldeasturias.com\\\/radio\\\/83a-edicion-del-descenso-internacional-del-sella\\\/#breadcrumblist\",\"itemListElement\":[{\"@type\":\"ListItem\",\"@id\":\"https:\\\/\\\/eldigitaldeasturias.com\\\/radio#listItem\",\"position\":1,\"name\":\"Inicio\",\"item\":\"https:\\\/\\\/eldigitaldeasturias.com\\\/radio\",\"nextItem\":{\"@type\":\"ListItem\",\"@id\":\"https:\\\/\\\/eldigitaldeasturias.com\\\/radio\\\/category\\\/noticias\\\/#listItem\",\"name\":\"Noticias\"}},{\"@type\":\"ListItem\",\"@id\":\"https:\\\/\\\/eldigitaldeasturias.com\\\/radio\\\/category\\\/noticias\\\/#listItem\",\"position\":2,\"name\":\"Noticias\",\"item\":\"https:\\\/\\\/eldigitaldeasturias.com\\\/radio\\\/category\\\/noticias\\\/\",\"nextItem\":{\"@type\":\"ListItem\",\"@id\":\"https:\\\/\\\/eldigitaldeasturias.com\\\/radio\\\/83a-edicion-del-descenso-internacional-del-sella\\\/#listItem\",\"name\":\"83\\u00aa edici\\u00f3n del Descenso Internacional del Sella\"},\"previousItem\":{\"@type\":\"ListItem\",\"@id\":\"https:\\\/\\\/eldigitaldeasturias.com\\\/radio#listItem\",\"name\":\"Inicio\"}},{\"@type\":\"ListItem\",\"@id\":\"https:\\\/\\\/eldigitaldeasturias.com\\\/radio\\\/83a-edicion-del-descenso-internacional-del-sella\\\/#listItem\",\"position\":3,\"name\":\"83\\u00aa edici\\u00f3n del Descenso Internacional del Sella\",\"previousItem\":{\"@type\":\"ListItem\",\"@id\":\"https:\\\/\\\/eldigitaldeasturias.com\\\/radio\\\/category\\\/noticias\\\/#listItem\",\"name\":\"Noticias\"}}]},{\"@type\":\"NewsArticle\",\"@id\":\"https:\\\/\\\/eldigitaldeasturias.com\\\/radio\\\/83a-edicion-del-descenso-internacional-del-sella\\\/#newsarticle\",\"name\":\"83\\u00aa edici\\u00f3n del Descenso Internacional del Sella | El Digital de Asturias\",\"headline\":\"83\\u00aa edici\\u00f3n del Descenso Internacional del Sella\",\"author\":{\"@id\":\"https:\\\/\\\/eldigitaldeasturias.com\\\/radio\\\/author\\\/nbasturias\\\/#author\"},\"publisher\":{\"@id\":\"https:\\\/\\\/eldigitaldeasturias.com\\\/radio\\\/#organization\"},\"image\":{\"@type\":\"ImageObject\",\"url\":\"https:\\\/\\\/eldigitaldeasturias.com\\\/radio\\\/wp-content\\\/uploads\\\/2019\\\/07\\\/1563872964_descensodelsella2019.jpg\",\"width\":720,\"height\":405},\"datePublished\":\"2019-07-24T10:58:12+02:00\",\"dateModified\":\"2019-07-24T10:58:12+02:00\",\"inLanguage\":\"es-ES\",\"mainEntityOfPage\":{\"@id\":\"https:\\\/\\\/eldigitaldeasturias.com\\\/radio\\\/83a-edicion-del-descenso-internacional-del-sella\\\/#webpage\"},\"isPartOf\":{\"@id\":\"https:\\\/\\\/eldigitaldeasturias.com\\\/radio\\\/83a-edicion-del-descenso-internacional-del-sella\\\/#webpage\"},\"articleSection\":\"Noticias\",\"dateline\":\"Publicado el julio 24, 2019.\"},{\"@type\":\"Organization\",\"@id\":\"https:\\\/\\\/eldigitaldeasturias.com\\\/radio\\\/#organization\",\"name\":\"El digital de Asturias Radio\",\"description\":\"Diario de informaci\\u00f3n y noticias\",\"url\":\"https:\\\/\\\/eldigitaldeasturias.com\\\/radio\\\/\",\"telephone\":\"+34652131393\",\"logo\":{\"@type\":\"ImageObject\",\"url\":\"https:\\\/\\\/www.eldigitaldeasturias.com\\\/radio\\\/wp-content\\\/uploads\\\/2021\\\/03\\\/EDA.jpg\",\"@id\":\"https:\\\/\\\/eldigitaldeasturias.com\\\/radio\\\/83a-edicion-del-descenso-internacional-del-sella\\\/#organizationLogo\"},\"image\":{\"@id\":\"https:\\\/\\\/eldigitaldeasturias.com\\\/radio\\\/83a-edicion-del-descenso-internacional-del-sella\\\/#organizationLogo\"},\"sameAs\":[\"https:\\\/\\\/www.facebook.com\\\/\",\"https:\\\/\\\/x.com\\\/bercodi\",\"https:\\\/\\\/www.instagram.com\\\/\",\"https:\\\/\\\/www.youtube.com\\\/channel\\\/UCZP-2wLEB9Rv6erhFmqVnvg\"]},{\"@type\":\"Person\",\"@id\":\"https:\\\/\\\/eldigitaldeasturias.com\\\/radio\\\/author\\\/nbasturias\\\/#author\",\"url\":\"https:\\\/\\\/eldigitaldeasturias.com\\\/radio\\\/author\\\/nbasturias\\\/\",\"name\":\"NBAsturias\",\"image\":{\"@type\":\"ImageObject\",\"@id\":\"https:\\\/\\\/eldigitaldeasturias.com\\\/radio\\\/83a-edicion-del-descenso-internacional-del-sella\\\/#authorImage\",\"url\":\"https:\\\/\\\/secure.gravatar.com\\\/avatar\\\/df2aeffc32bcd13f8d26072ef8a91b623d677766deac7f97ca815868cd41bf5e?s=96&d=mm&r=g\",\"width\":96,\"height\":96,\"caption\":\"NBAsturias\"}},{\"@type\":\"WebPage\",\"@id\":\"https:\\\/\\\/eldigitaldeasturias.com\\\/radio\\\/83a-edicion-del-descenso-internacional-del-sella\\\/#webpage\",\"url\":\"https:\\\/\\\/eldigitaldeasturias.com\\\/radio\\\/83a-edicion-del-descenso-internacional-del-sella\\\/\",\"name\":\"83\\u00aa edici\\u00f3n del Descenso Internacional del Sella | El Digital de Asturias\",\"description\":\"El pr\\u00f3ximo 3 de agosto del 2019 se lleva a cabo la 83\\u00aa edici\\u00f3n del Descenso Internacional del Sella Una prueba tambi\\u00e9n conocida en Asturias por el nombre de \\u201cLes Pirag\\u00fces\\u201d que acontecer\\u00e1 entre Arriondas y Ribadesella. Una competici\\u00f3n que reunir\\u00e1 a grandes profesionales, campeones y campeonas de este deporte, provenientes de diferentes lugares del mundo,\",\"inLanguage\":\"es-ES\",\"isPartOf\":{\"@id\":\"https:\\\/\\\/eldigitaldeasturias.com\\\/radio\\\/#website\"},\"breadcrumb\":{\"@id\":\"https:\\\/\\\/eldigitaldeasturias.com\\\/radio\\\/83a-edicion-del-descenso-internacional-del-sella\\\/#breadcrumblist\"},\"author\":{\"@id\":\"https:\\\/\\\/eldigitaldeasturias.com\\\/radio\\\/author\\\/nbasturias\\\/#author\"},\"creator\":{\"@id\":\"https:\\\/\\\/eldigitaldeasturias.com\\\/radio\\\/author\\\/nbasturias\\\/#author\"},\"image\":{\"@type\":\"ImageObject\",\"url\":\"https:\\\/\\\/eldigitaldeasturias.com\\\/radio\\\/wp-content\\\/uploads\\\/2019\\\/07\\\/1563872964_descensodelsella2019.jpg\",\"@id\":\"https:\\\/\\\/eldigitaldeasturias.com\\\/radio\\\/83a-edicion-del-descenso-internacional-del-sella\\\/#mainImage\",\"width\":720,\"height\":405},\"primaryImageOfPage\":{\"@id\":\"https:\\\/\\\/eldigitaldeasturias.com\\\/radio\\\/83a-edicion-del-descenso-internacional-del-sella\\\/#mainImage\"},\"datePublished\":\"2019-07-24T10:58:12+02:00\",\"dateModified\":\"2019-07-24T10:58:12+02:00\"},{\"@type\":\"WebSite\",\"@id\":\"https:\\\/\\\/eldigitaldeasturias.com\\\/radio\\\/#website\",\"url\":\"https:\\\/\\\/eldigitaldeasturias.com\\\/radio\\\/\",\"name\":\"El Digital de Asturias\",\"description\":\"Diario de informaci\\u00f3n y noticias\",\"inLanguage\":\"es-ES\",\"publisher\":{\"@id\":\"https:\\\/\\\/eldigitaldeasturias.com\\\/radio\\\/#organization\"}}]}\n\t\t<\/script>\n\t\t<!-- All in One SEO Pro -->\r\n\t\t<title>83\u00aa edici\u00f3n del Descenso Internacional del Sella | El Digital de Asturias<\/title>\n\n","aioseo_head_json":{"title":"83\u00aa edici\u00f3n del Descenso Internacional del Sella | El Digital de Asturias","description":"El pr\u00f3ximo 3 de agosto del 2019 se lleva a cabo la 83\u00aa edici\u00f3n del Descenso Internacional del Sella Una prueba tambi\u00e9n conocida en Asturias por el nombre de \u201cLes Pirag\u00fces\u201d que acontecer\u00e1 entre Arriondas y Ribadesella. Una competici\u00f3n que reunir\u00e1 a grandes profesionales, campeones y campeonas de este deporte, provenientes de diferentes lugares del mundo,","canonical_url":"https:\/\/eldigitaldeasturias.com\/radio\/83a-edicion-del-descenso-internacional-del-sella\/","robots":"max-image-preview:large","keywords":"noticias","webmasterTools":{"google-site-verification":"UA-38556648-1","miscellaneous":""},"schema":{"@context":"https:\/\/schema.org","@graph":[{"@type":"BreadcrumbList","@id":"https:\/\/eldigitaldeasturias.com\/radio\/83a-edicion-del-descenso-internacional-del-sella\/#breadcrumblist","itemListElement":[{"@type":"ListItem","@id":"https:\/\/eldigitaldeasturias.com\/radio#listItem","position":1,"name":"Inicio","item":"https:\/\/eldigitaldeasturias.com\/radio","nextItem":{"@type":"ListItem","@id":"https:\/\/eldigitaldeasturias.com\/radio\/category\/noticias\/#listItem","name":"Noticias"}},{"@type":"ListItem","@id":"https:\/\/eldigitaldeasturias.com\/radio\/category\/noticias\/#listItem","position":2,"name":"Noticias","item":"https:\/\/eldigitaldeasturias.com\/radio\/category\/noticias\/","nextItem":{"@type":"ListItem","@id":"https:\/\/eldigitaldeasturias.com\/radio\/83a-edicion-del-descenso-internacional-del-sella\/#listItem","name":"83\u00aa edici\u00f3n del Descenso Internacional del Sella"},"previousItem":{"@type":"ListItem","@id":"https:\/\/eldigitaldeasturias.com\/radio#listItem","name":"Inicio"}},{"@type":"ListItem","@id":"https:\/\/eldigitaldeasturias.com\/radio\/83a-edicion-del-descenso-internacional-del-sella\/#listItem","position":3,"name":"83\u00aa edici\u00f3n del Descenso Internacional del Sella","previousItem":{"@type":"ListItem","@id":"https:\/\/eldigitaldeasturias.com\/radio\/category\/noticias\/#listItem","name":"Noticias"}}]},{"@type":"NewsArticle","@id":"https:\/\/eldigitaldeasturias.com\/radio\/83a-edicion-del-descenso-internacional-del-sella\/#newsarticle","name":"83\u00aa edici\u00f3n del Descenso Internacional del Sella | El Digital de Asturias","headline":"83\u00aa edici\u00f3n del Descenso Internacional del Sella","author":{"@id":"https:\/\/eldigitaldeasturias.com\/radio\/author\/nbasturias\/#author"},"publisher":{"@id":"https:\/\/eldigitaldeasturias.com\/radio\/#organization"},"image":{"@type":"ImageObject","url":"https:\/\/eldigitaldeasturias.com\/radio\/wp-content\/uploads\/2019\/07\/1563872964_descensodelsella2019.jpg","width":720,"height":405},"datePublished":"2019-07-24T10:58:12+02:00","dateModified":"2019-07-24T10:58:12+02:00","inLanguage":"es-ES","mainEntityOfPage":{"@id":"https:\/\/eldigitaldeasturias.com\/radio\/83a-edicion-del-descenso-internacional-del-sella\/#webpage"},"isPartOf":{"@id":"https:\/\/eldigitaldeasturias.com\/radio\/83a-edicion-del-descenso-internacional-del-sella\/#webpage"},"articleSection":"Noticias","dateline":"Publicado el julio 24, 2019."},{"@type":"Organization","@id":"https:\/\/eldigitaldeasturias.com\/radio\/#organization","name":"El digital de Asturias Radio","description":"Diario de informaci\u00f3n y noticias","url":"https:\/\/eldigitaldeasturias.com\/radio\/","telephone":"+34652131393","logo":{"@type":"ImageObject","url":"https:\/\/www.eldigitaldeasturias.com\/radio\/wp-content\/uploads\/2021\/03\/EDA.jpg","@id":"https:\/\/eldigitaldeasturias.com\/radio\/83a-edicion-del-descenso-internacional-del-sella\/#organizationLogo"},"image":{"@id":"https:\/\/eldigitaldeasturias.com\/radio\/83a-edicion-del-descenso-internacional-del-sella\/#organizationLogo"},"sameAs":["https:\/\/www.facebook.com\/","https:\/\/x.com\/bercodi","https:\/\/www.instagram.com\/","https:\/\/www.youtube.com\/channel\/UCZP-2wLEB9Rv6erhFmqVnvg"]},{"@type":"Person","@id":"https:\/\/eldigitaldeasturias.com\/radio\/author\/nbasturias\/#author","url":"https:\/\/eldigitaldeasturias.com\/radio\/author\/nbasturias\/","name":"NBAsturias","image":{"@type":"ImageObject","@id":"https:\/\/eldigitaldeasturias.com\/radio\/83a-edicion-del-descenso-internacional-del-sella\/#authorImage","url":"https:\/\/secure.gravatar.com\/avatar\/df2aeffc32bcd13f8d26072ef8a91b623d677766deac7f97ca815868cd41bf5e?s=96&d=mm&r=g","width":96,"height":96,"caption":"NBAsturias"}},{"@type":"WebPage","@id":"https:\/\/eldigitaldeasturias.com\/radio\/83a-edicion-del-descenso-internacional-del-sella\/#webpage","url":"https:\/\/eldigitaldeasturias.com\/radio\/83a-edicion-del-descenso-internacional-del-sella\/","name":"83\u00aa edici\u00f3n del Descenso Internacional del Sella | El Digital de Asturias","description":"El pr\u00f3ximo 3 de agosto del 2019 se lleva a cabo la 83\u00aa edici\u00f3n del Descenso Internacional del Sella Una prueba tambi\u00e9n conocida en Asturias por el nombre de \u201cLes Pirag\u00fces\u201d que acontecer\u00e1 entre Arriondas y Ribadesella. Una competici\u00f3n que reunir\u00e1 a grandes profesionales, campeones y campeonas de este deporte, provenientes de diferentes lugares del mundo,","inLanguage":"es-ES","isPartOf":{"@id":"https:\/\/eldigitaldeasturias.com\/radio\/#website"},"breadcrumb":{"@id":"https:\/\/eldigitaldeasturias.com\/radio\/83a-edicion-del-descenso-internacional-del-sella\/#breadcrumblist"},"author":{"@id":"https:\/\/eldigitaldeasturias.com\/radio\/author\/nbasturias\/#author"},"creator":{"@id":"https:\/\/eldigitaldeasturias.com\/radio\/author\/nbasturias\/#author"},"image":{"@type":"ImageObject","url":"https:\/\/eldigitaldeasturias.com\/radio\/wp-content\/uploads\/2019\/07\/1563872964_descensodelsella2019.jpg","@id":"https:\/\/eldigitaldeasturias.com\/radio\/83a-edicion-del-descenso-internacional-del-sella\/#mainImage","width":720,"height":405},"primaryImageOfPage":{"@id":"https:\/\/eldigitaldeasturias.com\/radio\/83a-edicion-del-descenso-internacional-del-sella\/#mainImage"},"datePublished":"2019-07-24T10:58:12+02:00","dateModified":"2019-07-24T10:58:12+02:00"},{"@type":"WebSite","@id":"https:\/\/eldigitaldeasturias.com\/radio\/#website","url":"https:\/\/eldigitaldeasturias.com\/radio\/","name":"El Digital de Asturias","description":"Diario de informaci\u00f3n y noticias","inLanguage":"es-ES","publisher":{"@id":"https:\/\/eldigitaldeasturias.com\/radio\/#organization"}}]},"og:locale":"es_ES","og:site_name":"El Digital de Asturias | Diario de informaci\u00f3n y noticias","og:type":"article","og:title":"83\u00aa edici\u00f3n del Descenso Internacional del Sella | El Digital de Asturias","og:description":"El pr\u00f3ximo 3 de agosto del 2019 se lleva a cabo la 83\u00aa edici\u00f3n del Descenso Internacional del Sella Una prueba tambi\u00e9n conocida en Asturias por el nombre de \u201cLes Pirag\u00fces\u201d que acontecer\u00e1 entre Arriondas y Ribadesella. Una competici\u00f3n que reunir\u00e1 a grandes profesionales, campeones y campeonas de este deporte, provenientes de diferentes lugares del mundo,","og:url":"https:\/\/eldigitaldeasturias.com\/radio\/83a-edicion-del-descenso-internacional-del-sella\/","og:image":"https:\/\/eldigitaldeasturias.com\/radio\/wp-content\/uploads\/2019\/07\/1563872964_descensodelsella2019.jpg","og:image:secure_url":"https:\/\/eldigitaldeasturias.com\/radio\/wp-content\/uploads\/2019\/07\/1563872964_descensodelsella2019.jpg","og:image:width":720,"og:image:height":405,"article:published_time":"2019-07-24T10:58:12+00:00","article:modified_time":"2019-07-24T10:58:12+00:00","twitter:card":"summary_large_image","twitter:site":"@bercodi","twitter:title":"83\u00aa edici\u00f3n del Descenso Internacional del Sella | El Digital de Asturias","twitter:description":"El pr\u00f3ximo 3 de agosto del 2019 se lleva a cabo la 83\u00aa edici\u00f3n del Descenso Internacional del Sella Una prueba tambi\u00e9n conocida en Asturias por el nombre de \u201cLes Pirag\u00fces\u201d que acontecer\u00e1 entre Arriondas y Ribadesella. Una competici\u00f3n que reunir\u00e1 a grandes profesionales, campeones y campeonas de este deporte, provenientes de diferentes lugares del mundo,","twitter:creator":"@bercodi","twitter:image":"https:\/\/eldigitaldeasturias.com\/radio\/wp-content\/uploads\/2019\/07\/1563872964_descensodelsella2019.jpg"},"aioseo_meta_data":{"post_id":"2932","title":null,"description":null,"keywords":null,"keyphrases":null,"primary_term":null,"canonical_url":null,"og_title":null,"og_description":null,"og_object_type":"default","og_image_type":"default","og_image_url":null,"og_image_width":null,"og_image_height":null,"og_image_custom_url":null,"og_image_custom_fields":null,"og_video":null,"og_custom_url":null,"og_article_section":null,"og_article_tags":null,"twitter_use_og":false,"twitter_card":"default","twitter_image_type":"default","twitter_image_url":null,"twitter_image_custom_url":null,"twitter_image_custom_fields":null,"twitter_title":null,"twitter_description":null,"schema":{"blockGraphs":[],"customGraphs":[],"default":{"data":{"Article":[],"Course":[],"Dataset":[],"FAQPage":[],"Movie":[],"Person":[],"Product":[],"ProductReview":[],"Car":[],"Recipe":[],"Service":[],"SoftwareApplication":[],"WebPage":[]},"graphName":"","isEnabled":true},"graphs":[],"defaultGraph":"","defaultPostTypeGraph":""},"schema_type":null,"schema_type_options":null,"pillar_content":false,"robots_default":true,"robots_noindex":false,"robots_noarchive":false,"robots_nosnippet":false,"robots_nofollow":false,"robots_noimageindex":false,"robots_noodp":false,"robots_notranslate":false,"robots_max_snippet":null,"robots_max_videopreview":null,"robots_max_imagepreview":"large","priority":null,"frequency":null,"location":null,"local_seo":null,"seo_analyzer_scan_date":"2025-08-28 13:14:24","breadcrumb_settings":null,"limit_modified_date":false,"open_ai":null,"ai":null,"created":"2021-03-29 22:13:39","updated":"2025-08-28 13:14:24"},"aioseo_breadcrumb":"<div class=\"aioseo-breadcrumbs\"><span class=\"aioseo-breadcrumb\">\n\t<a href=\"https:\/\/eldigitaldeasturias.com\/radio\" title=\"Inicio\">Inicio<\/a>\n<\/span><span class=\"aioseo-breadcrumb-separator\">&ndash;<\/span><span class=\"aioseo-breadcrumb\">\n\t<a href=\"https:\/\/eldigitaldeasturias.com\/radio\/category\/noticias\/\" title=\"Noticias\">Noticias<\/a>\n<\/span><span class=\"aioseo-breadcrumb-separator\">&ndash;<\/span><span class=\"aioseo-breadcrumb\">\n\t83\u00aa edici\u00f3n del Descenso Internacional del Sella\n<\/span><\/div>","aioseo_breadcrumb_json":[{"label":"Inicio","link":"https:\/\/eldigitaldeasturias.com\/radio"},{"label":"Noticias","link":"https:\/\/eldigitaldeasturias.com\/radio\/category\/noticias\/"},{"label":"83\u00aa edici\u00f3n del Descenso Internacional del Sella","link":"https:\/\/eldigitaldeasturias.com\/radio\/83a-edicion-del-descenso-internacional-del-sella\/"}],"_links":{"self":[{"href":"https:\/\/eldigitaldeasturias.com\/radio\/wp-json\/wp\/v2\/posts\/2932","targetHints":{"allow":["GET"]}}],"collection":[{"href":"https:\/\/eldigitaldeasturias.com\/radio\/wp-json\/wp\/v2\/posts"}],"about":[{"href":"https:\/\/eldigitaldeasturias.com\/radio\/wp-json\/wp\/v2\/types\/post"}],"author":[{"embeddable":true,"href":"https:\/\/eldigitaldeasturias.com\/radio\/wp-json\/wp\/v2\/users\/1"}],"replies":[{"embeddable":true,"href":"https:\/\/eldigitaldeasturias.com\/radio\/wp-json\/wp\/v2\/comments?post=2932"}],"version-history":[{"count":0,"href":"https:\/\/eldigitaldeasturias.com\/radio\/wp-json\/wp\/v2\/posts\/2932\/revisions"}],"wp:featuredmedia":[{"embeddable":true,"href":"https:\/\/eldigitaldeasturias.com\/radio\/wp-json\/wp\/v2\/media\/2933"}],"wp:attachment":[{"href":"https:\/\/eldigitaldeasturias.com\/radio\/wp-json\/wp\/v2\/media?parent=2932"}],"wp:term":[{"taxonomy":"category","embeddable":true,"href":"https:\/\/eldigitaldeasturias.com\/radio\/wp-json\/wp\/v2\/categories?post=2932"},{"taxonomy":"post_tag","embeddable":true,"href":"https:\/\/eldigitaldeasturias.com\/radio\/wp-json\/wp\/v2\/tags?post=2932"}],"curies":[{"name":"wp","href":"https:\/\/api.w.org\/{rel}","templated":true}]}}