{"id":2914,"date":"2019-07-24T10:21:18","date_gmt":"2019-07-24T10:21:18","guid":{"rendered":"http:\/\/eldigitaldeasturias.com\/radio\/?p=2914"},"modified":"2019-07-24T10:21:18","modified_gmt":"2019-07-24T10:21:18","slug":"von-der-leyen-agradece-a-macron-su-apoyo","status":"publish","type":"post","link":"https:\/\/eldigitaldeasturias.com\/radio\/von-der-leyen-agradece-a-macron-su-apoyo\/","title":{"rendered":"Von der Leyen agradece a Macron su apoyo"},"content":{"rendered":"<figure id=\"attachment_2915\" aria-describedby=\"caption-attachment-2915\" style=\"width: 360px\" class=\"wp-caption alignleft\"><img fetchpriority=\"high\" decoding=\"async\" class=\"size-medium wp-image-2915\" src=\"https:\/\/eldigitaldeasturias.com\/radio\/wp-content\/uploads\/2019\/07\/Von-der-Leyen-360x247.jpg\" alt=\"\" width=\"360\" height=\"247\" srcset=\"https:\/\/eldigitaldeasturias.com\/radio\/wp-content\/uploads\/2019\/07\/Von-der-Leyen-360x247.jpg 360w, https:\/\/eldigitaldeasturias.com\/radio\/wp-content\/uploads\/2019\/07\/Von-der-Leyen-768x528.jpg 768w, https:\/\/eldigitaldeasturias.com\/radio\/wp-content\/uploads\/2019\/07\/Von-der-Leyen.jpg 978w\" sizes=\"(max-width: 360px) 100vw, 360px\" \/><figcaption id=\"caption-attachment-2915\" class=\"wp-caption-text\">Foto: Michael Kappeler\/dpa<\/figcaption><\/figure>\n<p>Par\u00eds, 23 jul (dpa) &#8211; La pol\u00edtica conservadora alemana, Ursula von der Leyen, flamante presidenta electa de la Comisi\u00f3n Europea, agradeci\u00f3 hoy en Par\u00eds al presidente franc\u00e9s, Emmanuel Macron, el apoyo recibido por el mandatario en su elecci\u00f3n.<\/p>\n<p>\u00abQuiero agradecerle el apoyo que me ha brindado en los \u00faltimos d\u00edas y semanas\u00bb, dijo von der Leyen al comienzo de una reuni\u00f3n con el jefe de Estado franc\u00e9s en el Palacio del El\u00edseo.<\/p>\n<p>Von der Leyen coment\u00f3 que estuvo en Berl\u00edn tras ser elegida por el Parlamento Europeo en Estrasburgo, sin embargo su primer viaje ha sido a Par\u00eds. La funcionaria dijo que luego viajar\u00e1 a Polonia y Croacia.<\/p>\n<p>Macron defendi\u00f3 la candidatura de la ex ministra alemana de Defensa y miembro activo de la Uni\u00f3n Dem\u00f3crata Cristiana (CDU) ante el c\u00edrculo de jefes de Estado y de Gobierno de la Uni\u00f3n Europea (UE).<\/p>\n<p>Von der Leyen fue elegida hace una semana por el Parlamento Europeo como la nueva presidenta de la Comisi\u00f3n de la Uni\u00f3n Europea y ser\u00e1 la sucesora del luxemburgu\u00e9s Jean-Claude Juncker a partir del 1 de noviembre.<\/p>\n<p>Macron subray\u00f3 que von der Leyen ser\u00e1 la primera mujer al mando de la Comisi\u00f3n Europea. Dirigi\u00e9ndose a von der Leyen, el pol\u00edtico franc\u00e9s dijo: \u00abUsted encarna esta nueva Europa\u00bb.<\/p>\n<p>El \u00e1mbito pol\u00edtico de Macron en el Parlamento Europeo pertenece al Grupo Liberal, que apoy\u00f3 el programa pol\u00edtico de Von der Leyen.<\/p>\n<p>Von der Leyen se comprometi\u00f3 en gran medida ante el Parlamento Europeo a favor de una Europa neutral desde el punto de vista clim\u00e1tico, social y unida.<\/p>\n","protected":false},"excerpt":{"rendered":"<p>Par\u00eds, 23 jul (dpa) &#8211; La pol\u00edtica conservadora alemana, Ursula von der Leyen, flamante presidenta electa de la Comisi\u00f3n Europea, agradeci\u00f3 hoy en Par\u00eds al presidente franc\u00e9s, Emmanuel Macron, el apoyo recibido por el mandatario en su elecci\u00f3n. \u00abQuiero agradecerle el apoyo que me ha brindado en los \u00faltimos d\u00edas y semanas\u00bb, dijo von der<\/p>\n","protected":false},"author":1,"featured_media":2915,"comment_status":"closed","ping_status":"closed","sticky":false,"template":"","format":"standard","meta":{"footnotes":""},"categories":[1],"tags":[],"class_list":{"0":"post-2914","1":"post","2":"type-post","3":"status-publish","4":"format-standard","5":"has-post-thumbnail","7":"category-noticias"},"aioseo_notices":[],"aioseo_head":"\n\t\t<!-- All in One SEO Pro 4.9.6.2 - aioseo.com -->\n\t<meta name=\"description\" content=\"Par\u00eds, 23 jul (dpa) - La pol\u00edtica conservadora alemana, Ursula von der Leyen, flamante presidenta electa de la Comisi\u00f3n Europea, agradeci\u00f3 hoy en Par\u00eds al presidente franc\u00e9s, Emmanuel Macron, el apoyo recibido por el mandatario en su elecci\u00f3n. &quot;Quiero agradecerle el apoyo que me ha brindado en los \u00faltimos d\u00edas y semanas&quot;, dijo von der\" \/>\n\t<meta name=\"robots\" content=\"max-image-preview:large\" \/>\n\t<meta name=\"author\" content=\"NBAsturias\"\/>\n\t<meta name=\"google-site-verification\" content=\"UA-38556648-1\" \/>\n\t<meta name=\"keywords\" content=\"noticias\" \/>\n\t<link rel=\"canonical\" href=\"https:\/\/eldigitaldeasturias.com\/radio\/von-der-leyen-agradece-a-macron-su-apoyo\/\" \/>\n\t<meta name=\"generator\" content=\"All in One SEO Pro (AIOSEO) 4.9.6.2\" \/>\n\t\t<meta property=\"og:locale\" content=\"es_ES\" \/>\n\t\t<meta property=\"og:site_name\" content=\"El Digital de Asturias | Diario de informaci\u00f3n y noticias\" \/>\n\t\t<meta property=\"og:type\" content=\"article\" \/>\n\t\t<meta property=\"og:title\" content=\"Von der Leyen agradece a Macron su apoyo | El Digital de Asturias\" \/>\n\t\t<meta property=\"og:description\" content=\"Par\u00eds, 23 jul (dpa) - La pol\u00edtica conservadora alemana, Ursula von der Leyen, flamante presidenta electa de la Comisi\u00f3n Europea, agradeci\u00f3 hoy en Par\u00eds al presidente franc\u00e9s, Emmanuel Macron, el apoyo recibido por el mandatario en su elecci\u00f3n. &quot;Quiero agradecerle el apoyo que me ha brindado en los \u00faltimos d\u00edas y semanas&quot;, dijo von der\" \/>\n\t\t<meta property=\"og:url\" content=\"https:\/\/eldigitaldeasturias.com\/radio\/von-der-leyen-agradece-a-macron-su-apoyo\/\" \/>\n\t\t<meta property=\"og:image\" content=\"https:\/\/eldigitaldeasturias.com\/radio\/wp-content\/uploads\/2019\/07\/Von-der-Leyen.jpg\" \/>\n\t\t<meta property=\"og:image:secure_url\" content=\"https:\/\/eldigitaldeasturias.com\/radio\/wp-content\/uploads\/2019\/07\/Von-der-Leyen.jpg\" \/>\n\t\t<meta property=\"og:image:width\" content=\"978\" \/>\n\t\t<meta property=\"og:image:height\" content=\"672\" \/>\n\t\t<meta property=\"article:published_time\" content=\"2019-07-24T10:21:18+00:00\" \/>\n\t\t<meta property=\"article:modified_time\" content=\"2019-07-24T10:21:18+00:00\" \/>\n\t\t<meta name=\"twitter:card\" content=\"summary_large_image\" \/>\n\t\t<meta name=\"twitter:site\" content=\"@bercodi\" \/>\n\t\t<meta name=\"twitter:title\" content=\"Von der Leyen agradece a Macron su apoyo | El Digital de Asturias\" \/>\n\t\t<meta name=\"twitter:description\" content=\"Par\u00eds, 23 jul (dpa) - La pol\u00edtica conservadora alemana, Ursula von der Leyen, flamante presidenta electa de la Comisi\u00f3n Europea, agradeci\u00f3 hoy en Par\u00eds al presidente franc\u00e9s, Emmanuel Macron, el apoyo recibido por el mandatario en su elecci\u00f3n. &quot;Quiero agradecerle el apoyo que me ha brindado en los \u00faltimos d\u00edas y semanas&quot;, dijo von der\" \/>\n\t\t<meta name=\"twitter:creator\" content=\"@bercodi\" \/>\n\t\t<meta name=\"twitter:image\" content=\"https:\/\/eldigitaldeasturias.com\/radio\/wp-content\/uploads\/2019\/07\/Von-der-Leyen.jpg\" \/>\n\t\t<script type=\"application\/ld+json\" class=\"aioseo-schema\">\n\t\t\t{\"@context\":\"https:\\\/\\\/schema.org\",\"@graph\":[{\"@type\":\"BreadcrumbList\",\"@id\":\"https:\\\/\\\/eldigitaldeasturias.com\\\/radio\\\/von-der-leyen-agradece-a-macron-su-apoyo\\\/#breadcrumblist\",\"itemListElement\":[{\"@type\":\"ListItem\",\"@id\":\"https:\\\/\\\/eldigitaldeasturias.com\\\/radio#listItem\",\"position\":1,\"name\":\"Inicio\",\"item\":\"https:\\\/\\\/eldigitaldeasturias.com\\\/radio\",\"nextItem\":{\"@type\":\"ListItem\",\"@id\":\"https:\\\/\\\/eldigitaldeasturias.com\\\/radio\\\/category\\\/noticias\\\/#listItem\",\"name\":\"Noticias\"}},{\"@type\":\"ListItem\",\"@id\":\"https:\\\/\\\/eldigitaldeasturias.com\\\/radio\\\/category\\\/noticias\\\/#listItem\",\"position\":2,\"name\":\"Noticias\",\"item\":\"https:\\\/\\\/eldigitaldeasturias.com\\\/radio\\\/category\\\/noticias\\\/\",\"nextItem\":{\"@type\":\"ListItem\",\"@id\":\"https:\\\/\\\/eldigitaldeasturias.com\\\/radio\\\/von-der-leyen-agradece-a-macron-su-apoyo\\\/#listItem\",\"name\":\"Von der Leyen agradece a Macron su apoyo\"},\"previousItem\":{\"@type\":\"ListItem\",\"@id\":\"https:\\\/\\\/eldigitaldeasturias.com\\\/radio#listItem\",\"name\":\"Inicio\"}},{\"@type\":\"ListItem\",\"@id\":\"https:\\\/\\\/eldigitaldeasturias.com\\\/radio\\\/von-der-leyen-agradece-a-macron-su-apoyo\\\/#listItem\",\"position\":3,\"name\":\"Von der Leyen agradece a Macron su apoyo\",\"previousItem\":{\"@type\":\"ListItem\",\"@id\":\"https:\\\/\\\/eldigitaldeasturias.com\\\/radio\\\/category\\\/noticias\\\/#listItem\",\"name\":\"Noticias\"}}]},{\"@type\":\"NewsArticle\",\"@id\":\"https:\\\/\\\/eldigitaldeasturias.com\\\/radio\\\/von-der-leyen-agradece-a-macron-su-apoyo\\\/#newsarticle\",\"name\":\"Von der Leyen agradece a Macron su apoyo | El Digital de Asturias\",\"headline\":\"Von der Leyen agradece a Macron su apoyo\",\"author\":{\"@id\":\"https:\\\/\\\/eldigitaldeasturias.com\\\/radio\\\/author\\\/nbasturias\\\/#author\"},\"publisher\":{\"@id\":\"https:\\\/\\\/eldigitaldeasturias.com\\\/radio\\\/#organization\"},\"image\":{\"@type\":\"ImageObject\",\"url\":\"https:\\\/\\\/eldigitaldeasturias.com\\\/radio\\\/wp-content\\\/uploads\\\/2019\\\/07\\\/Von-der-Leyen.jpg\",\"width\":978,\"height\":672,\"caption\":\"Foto: Michael Kappeler\\\/dpa\"},\"datePublished\":\"2019-07-24T10:21:18+02:00\",\"dateModified\":\"2019-07-24T10:21:18+02:00\",\"inLanguage\":\"es-ES\",\"mainEntityOfPage\":{\"@id\":\"https:\\\/\\\/eldigitaldeasturias.com\\\/radio\\\/von-der-leyen-agradece-a-macron-su-apoyo\\\/#webpage\"},\"isPartOf\":{\"@id\":\"https:\\\/\\\/eldigitaldeasturias.com\\\/radio\\\/von-der-leyen-agradece-a-macron-su-apoyo\\\/#webpage\"},\"articleSection\":\"Noticias\",\"dateline\":\"Publicado el julio 24, 2019.\"},{\"@type\":\"Organization\",\"@id\":\"https:\\\/\\\/eldigitaldeasturias.com\\\/radio\\\/#organization\",\"name\":\"El digital de Asturias Radio\",\"description\":\"Diario de informaci\\u00f3n y noticias\",\"url\":\"https:\\\/\\\/eldigitaldeasturias.com\\\/radio\\\/\",\"telephone\":\"+34652131393\",\"logo\":{\"@type\":\"ImageObject\",\"url\":\"https:\\\/\\\/www.eldigitaldeasturias.com\\\/radio\\\/wp-content\\\/uploads\\\/2021\\\/03\\\/EDA.jpg\",\"@id\":\"https:\\\/\\\/eldigitaldeasturias.com\\\/radio\\\/von-der-leyen-agradece-a-macron-su-apoyo\\\/#organizationLogo\"},\"image\":{\"@id\":\"https:\\\/\\\/eldigitaldeasturias.com\\\/radio\\\/von-der-leyen-agradece-a-macron-su-apoyo\\\/#organizationLogo\"},\"sameAs\":[\"https:\\\/\\\/www.facebook.com\\\/\",\"https:\\\/\\\/x.com\\\/bercodi\",\"https:\\\/\\\/www.instagram.com\\\/\",\"https:\\\/\\\/www.youtube.com\\\/channel\\\/UCZP-2wLEB9Rv6erhFmqVnvg\"]},{\"@type\":\"Person\",\"@id\":\"https:\\\/\\\/eldigitaldeasturias.com\\\/radio\\\/author\\\/nbasturias\\\/#author\",\"url\":\"https:\\\/\\\/eldigitaldeasturias.com\\\/radio\\\/author\\\/nbasturias\\\/\",\"name\":\"NBAsturias\",\"image\":{\"@type\":\"ImageObject\",\"@id\":\"https:\\\/\\\/eldigitaldeasturias.com\\\/radio\\\/von-der-leyen-agradece-a-macron-su-apoyo\\\/#authorImage\",\"url\":\"https:\\\/\\\/secure.gravatar.com\\\/avatar\\\/df2aeffc32bcd13f8d26072ef8a91b623d677766deac7f97ca815868cd41bf5e?s=96&d=mm&r=g\",\"width\":96,\"height\":96,\"caption\":\"NBAsturias\"}},{\"@type\":\"WebPage\",\"@id\":\"https:\\\/\\\/eldigitaldeasturias.com\\\/radio\\\/von-der-leyen-agradece-a-macron-su-apoyo\\\/#webpage\",\"url\":\"https:\\\/\\\/eldigitaldeasturias.com\\\/radio\\\/von-der-leyen-agradece-a-macron-su-apoyo\\\/\",\"name\":\"Von der Leyen agradece a Macron su apoyo | El Digital de Asturias\",\"description\":\"Par\\u00eds, 23 jul (dpa) - La pol\\u00edtica conservadora alemana, Ursula von der Leyen, flamante presidenta electa de la Comisi\\u00f3n Europea, agradeci\\u00f3 hoy en Par\\u00eds al presidente franc\\u00e9s, Emmanuel Macron, el apoyo recibido por el mandatario en su elecci\\u00f3n. \\\"Quiero agradecerle el apoyo que me ha brindado en los \\u00faltimos d\\u00edas y semanas\\\", dijo von der\",\"inLanguage\":\"es-ES\",\"isPartOf\":{\"@id\":\"https:\\\/\\\/eldigitaldeasturias.com\\\/radio\\\/#website\"},\"breadcrumb\":{\"@id\":\"https:\\\/\\\/eldigitaldeasturias.com\\\/radio\\\/von-der-leyen-agradece-a-macron-su-apoyo\\\/#breadcrumblist\"},\"author\":{\"@id\":\"https:\\\/\\\/eldigitaldeasturias.com\\\/radio\\\/author\\\/nbasturias\\\/#author\"},\"creator\":{\"@id\":\"https:\\\/\\\/eldigitaldeasturias.com\\\/radio\\\/author\\\/nbasturias\\\/#author\"},\"image\":{\"@type\":\"ImageObject\",\"url\":\"https:\\\/\\\/eldigitaldeasturias.com\\\/radio\\\/wp-content\\\/uploads\\\/2019\\\/07\\\/Von-der-Leyen.jpg\",\"@id\":\"https:\\\/\\\/eldigitaldeasturias.com\\\/radio\\\/von-der-leyen-agradece-a-macron-su-apoyo\\\/#mainImage\",\"width\":978,\"height\":672,\"caption\":\"Foto: Michael Kappeler\\\/dpa\"},\"primaryImageOfPage\":{\"@id\":\"https:\\\/\\\/eldigitaldeasturias.com\\\/radio\\\/von-der-leyen-agradece-a-macron-su-apoyo\\\/#mainImage\"},\"datePublished\":\"2019-07-24T10:21:18+02:00\",\"dateModified\":\"2019-07-24T10:21:18+02:00\"},{\"@type\":\"WebSite\",\"@id\":\"https:\\\/\\\/eldigitaldeasturias.com\\\/radio\\\/#website\",\"url\":\"https:\\\/\\\/eldigitaldeasturias.com\\\/radio\\\/\",\"name\":\"El Digital de Asturias\",\"description\":\"Diario de informaci\\u00f3n y noticias\",\"inLanguage\":\"es-ES\",\"publisher\":{\"@id\":\"https:\\\/\\\/eldigitaldeasturias.com\\\/radio\\\/#organization\"}}]}\n\t\t<\/script>\n\t\t<!-- All in One SEO Pro -->\r\n\t\t<title>Von der Leyen agradece a Macron su apoyo | El Digital de Asturias<\/title>\n\n","aioseo_head_json":{"title":"Von der Leyen agradece a Macron su apoyo | El Digital de Asturias","description":"Par\u00eds, 23 jul (dpa) - La pol\u00edtica conservadora alemana, Ursula von der Leyen, flamante presidenta electa de la Comisi\u00f3n Europea, agradeci\u00f3 hoy en Par\u00eds al presidente franc\u00e9s, Emmanuel Macron, el apoyo recibido por el mandatario en su elecci\u00f3n. \"Quiero agradecerle el apoyo que me ha brindado en los \u00faltimos d\u00edas y semanas\", dijo von der","canonical_url":"https:\/\/eldigitaldeasturias.com\/radio\/von-der-leyen-agradece-a-macron-su-apoyo\/","robots":"max-image-preview:large","keywords":"noticias","webmasterTools":{"google-site-verification":"UA-38556648-1","miscellaneous":""},"schema":{"@context":"https:\/\/schema.org","@graph":[{"@type":"BreadcrumbList","@id":"https:\/\/eldigitaldeasturias.com\/radio\/von-der-leyen-agradece-a-macron-su-apoyo\/#breadcrumblist","itemListElement":[{"@type":"ListItem","@id":"https:\/\/eldigitaldeasturias.com\/radio#listItem","position":1,"name":"Inicio","item":"https:\/\/eldigitaldeasturias.com\/radio","nextItem":{"@type":"ListItem","@id":"https:\/\/eldigitaldeasturias.com\/radio\/category\/noticias\/#listItem","name":"Noticias"}},{"@type":"ListItem","@id":"https:\/\/eldigitaldeasturias.com\/radio\/category\/noticias\/#listItem","position":2,"name":"Noticias","item":"https:\/\/eldigitaldeasturias.com\/radio\/category\/noticias\/","nextItem":{"@type":"ListItem","@id":"https:\/\/eldigitaldeasturias.com\/radio\/von-der-leyen-agradece-a-macron-su-apoyo\/#listItem","name":"Von der Leyen agradece a Macron su apoyo"},"previousItem":{"@type":"ListItem","@id":"https:\/\/eldigitaldeasturias.com\/radio#listItem","name":"Inicio"}},{"@type":"ListItem","@id":"https:\/\/eldigitaldeasturias.com\/radio\/von-der-leyen-agradece-a-macron-su-apoyo\/#listItem","position":3,"name":"Von der Leyen agradece a Macron su apoyo","previousItem":{"@type":"ListItem","@id":"https:\/\/eldigitaldeasturias.com\/radio\/category\/noticias\/#listItem","name":"Noticias"}}]},{"@type":"NewsArticle","@id":"https:\/\/eldigitaldeasturias.com\/radio\/von-der-leyen-agradece-a-macron-su-apoyo\/#newsarticle","name":"Von der Leyen agradece a Macron su apoyo | El Digital de Asturias","headline":"Von der Leyen agradece a Macron su apoyo","author":{"@id":"https:\/\/eldigitaldeasturias.com\/radio\/author\/nbasturias\/#author"},"publisher":{"@id":"https:\/\/eldigitaldeasturias.com\/radio\/#organization"},"image":{"@type":"ImageObject","url":"https:\/\/eldigitaldeasturias.com\/radio\/wp-content\/uploads\/2019\/07\/Von-der-Leyen.jpg","width":978,"height":672,"caption":"Foto: Michael Kappeler\/dpa"},"datePublished":"2019-07-24T10:21:18+02:00","dateModified":"2019-07-24T10:21:18+02:00","inLanguage":"es-ES","mainEntityOfPage":{"@id":"https:\/\/eldigitaldeasturias.com\/radio\/von-der-leyen-agradece-a-macron-su-apoyo\/#webpage"},"isPartOf":{"@id":"https:\/\/eldigitaldeasturias.com\/radio\/von-der-leyen-agradece-a-macron-su-apoyo\/#webpage"},"articleSection":"Noticias","dateline":"Publicado el julio 24, 2019."},{"@type":"Organization","@id":"https:\/\/eldigitaldeasturias.com\/radio\/#organization","name":"El digital de Asturias Radio","description":"Diario de informaci\u00f3n y noticias","url":"https:\/\/eldigitaldeasturias.com\/radio\/","telephone":"+34652131393","logo":{"@type":"ImageObject","url":"https:\/\/www.eldigitaldeasturias.com\/radio\/wp-content\/uploads\/2021\/03\/EDA.jpg","@id":"https:\/\/eldigitaldeasturias.com\/radio\/von-der-leyen-agradece-a-macron-su-apoyo\/#organizationLogo"},"image":{"@id":"https:\/\/eldigitaldeasturias.com\/radio\/von-der-leyen-agradece-a-macron-su-apoyo\/#organizationLogo"},"sameAs":["https:\/\/www.facebook.com\/","https:\/\/x.com\/bercodi","https:\/\/www.instagram.com\/","https:\/\/www.youtube.com\/channel\/UCZP-2wLEB9Rv6erhFmqVnvg"]},{"@type":"Person","@id":"https:\/\/eldigitaldeasturias.com\/radio\/author\/nbasturias\/#author","url":"https:\/\/eldigitaldeasturias.com\/radio\/author\/nbasturias\/","name":"NBAsturias","image":{"@type":"ImageObject","@id":"https:\/\/eldigitaldeasturias.com\/radio\/von-der-leyen-agradece-a-macron-su-apoyo\/#authorImage","url":"https:\/\/secure.gravatar.com\/avatar\/df2aeffc32bcd13f8d26072ef8a91b623d677766deac7f97ca815868cd41bf5e?s=96&d=mm&r=g","width":96,"height":96,"caption":"NBAsturias"}},{"@type":"WebPage","@id":"https:\/\/eldigitaldeasturias.com\/radio\/von-der-leyen-agradece-a-macron-su-apoyo\/#webpage","url":"https:\/\/eldigitaldeasturias.com\/radio\/von-der-leyen-agradece-a-macron-su-apoyo\/","name":"Von der Leyen agradece a Macron su apoyo | El Digital de Asturias","description":"Par\u00eds, 23 jul (dpa) - La pol\u00edtica conservadora alemana, Ursula von der Leyen, flamante presidenta electa de la Comisi\u00f3n Europea, agradeci\u00f3 hoy en Par\u00eds al presidente franc\u00e9s, Emmanuel Macron, el apoyo recibido por el mandatario en su elecci\u00f3n. \"Quiero agradecerle el apoyo que me ha brindado en los \u00faltimos d\u00edas y semanas\", dijo von der","inLanguage":"es-ES","isPartOf":{"@id":"https:\/\/eldigitaldeasturias.com\/radio\/#website"},"breadcrumb":{"@id":"https:\/\/eldigitaldeasturias.com\/radio\/von-der-leyen-agradece-a-macron-su-apoyo\/#breadcrumblist"},"author":{"@id":"https:\/\/eldigitaldeasturias.com\/radio\/author\/nbasturias\/#author"},"creator":{"@id":"https:\/\/eldigitaldeasturias.com\/radio\/author\/nbasturias\/#author"},"image":{"@type":"ImageObject","url":"https:\/\/eldigitaldeasturias.com\/radio\/wp-content\/uploads\/2019\/07\/Von-der-Leyen.jpg","@id":"https:\/\/eldigitaldeasturias.com\/radio\/von-der-leyen-agradece-a-macron-su-apoyo\/#mainImage","width":978,"height":672,"caption":"Foto: Michael Kappeler\/dpa"},"primaryImageOfPage":{"@id":"https:\/\/eldigitaldeasturias.com\/radio\/von-der-leyen-agradece-a-macron-su-apoyo\/#mainImage"},"datePublished":"2019-07-24T10:21:18+02:00","dateModified":"2019-07-24T10:21:18+02:00"},{"@type":"WebSite","@id":"https:\/\/eldigitaldeasturias.com\/radio\/#website","url":"https:\/\/eldigitaldeasturias.com\/radio\/","name":"El Digital de Asturias","description":"Diario de informaci\u00f3n y noticias","inLanguage":"es-ES","publisher":{"@id":"https:\/\/eldigitaldeasturias.com\/radio\/#organization"}}]},"og:locale":"es_ES","og:site_name":"El Digital de Asturias | Diario de informaci\u00f3n y noticias","og:type":"article","og:title":"Von der Leyen agradece a Macron su apoyo | El Digital de Asturias","og:description":"Par\u00eds, 23 jul (dpa) - La pol\u00edtica conservadora alemana, Ursula von der Leyen, flamante presidenta electa de la Comisi\u00f3n Europea, agradeci\u00f3 hoy en Par\u00eds al presidente franc\u00e9s, Emmanuel Macron, el apoyo recibido por el mandatario en su elecci\u00f3n. &quot;Quiero agradecerle el apoyo que me ha brindado en los \u00faltimos d\u00edas y semanas&quot;, dijo von der","og:url":"https:\/\/eldigitaldeasturias.com\/radio\/von-der-leyen-agradece-a-macron-su-apoyo\/","og:image":"https:\/\/eldigitaldeasturias.com\/radio\/wp-content\/uploads\/2019\/07\/Von-der-Leyen.jpg","og:image:secure_url":"https:\/\/eldigitaldeasturias.com\/radio\/wp-content\/uploads\/2019\/07\/Von-der-Leyen.jpg","og:image:width":978,"og:image:height":672,"article:published_time":"2019-07-24T10:21:18+00:00","article:modified_time":"2019-07-24T10:21:18+00:00","twitter:card":"summary_large_image","twitter:site":"@bercodi","twitter:title":"Von der Leyen agradece a Macron su apoyo | El Digital de Asturias","twitter:description":"Par\u00eds, 23 jul (dpa) - La pol\u00edtica conservadora alemana, Ursula von der Leyen, flamante presidenta electa de la Comisi\u00f3n Europea, agradeci\u00f3 hoy en Par\u00eds al presidente franc\u00e9s, Emmanuel Macron, el apoyo recibido por el mandatario en su elecci\u00f3n. &quot;Quiero agradecerle el apoyo que me ha brindado en los \u00faltimos d\u00edas y semanas&quot;, dijo von der","twitter:creator":"@bercodi","twitter:image":"https:\/\/eldigitaldeasturias.com\/radio\/wp-content\/uploads\/2019\/07\/Von-der-Leyen.jpg"},"aioseo_meta_data":{"post_id":"2914","title":null,"description":null,"keywords":null,"keyphrases":null,"primary_term":null,"canonical_url":null,"og_title":null,"og_description":null,"og_object_type":"default","og_image_type":"default","og_image_url":null,"og_image_width":null,"og_image_height":null,"og_image_custom_url":null,"og_image_custom_fields":null,"og_video":null,"og_custom_url":null,"og_article_section":null,"og_article_tags":null,"twitter_use_og":false,"twitter_card":"default","twitter_image_type":"default","twitter_image_url":null,"twitter_image_custom_url":null,"twitter_image_custom_fields":null,"twitter_title":null,"twitter_description":null,"schema":{"blockGraphs":[],"customGraphs":[],"default":{"data":{"Article":[],"Course":[],"Dataset":[],"FAQPage":[],"Movie":[],"Person":[],"Product":[],"ProductReview":[],"Car":[],"Recipe":[],"Service":[],"SoftwareApplication":[],"WebPage":[]},"graphName":"","isEnabled":true},"graphs":[],"defaultGraph":"","defaultPostTypeGraph":""},"schema_type":null,"schema_type_options":null,"pillar_content":false,"robots_default":true,"robots_noindex":false,"robots_noarchive":false,"robots_nosnippet":false,"robots_nofollow":false,"robots_noimageindex":false,"robots_noodp":false,"robots_notranslate":false,"robots_max_snippet":null,"robots_max_videopreview":null,"robots_max_imagepreview":"large","priority":null,"frequency":null,"location":null,"local_seo":null,"seo_analyzer_scan_date":"2025-08-28 13:12:23","breadcrumb_settings":null,"limit_modified_date":false,"open_ai":null,"ai":null,"created":"2021-03-29 06:03:35","updated":"2025-08-28 13:12:23"},"aioseo_breadcrumb":"<div class=\"aioseo-breadcrumbs\"><span class=\"aioseo-breadcrumb\">\n\t<a href=\"https:\/\/eldigitaldeasturias.com\/radio\" title=\"Inicio\">Inicio<\/a>\n<\/span><span class=\"aioseo-breadcrumb-separator\">&ndash;<\/span><span class=\"aioseo-breadcrumb\">\n\t<a href=\"https:\/\/eldigitaldeasturias.com\/radio\/category\/noticias\/\" title=\"Noticias\">Noticias<\/a>\n<\/span><span class=\"aioseo-breadcrumb-separator\">&ndash;<\/span><span class=\"aioseo-breadcrumb\">\n\tVon der Leyen agradece a Macron su apoyo\n<\/span><\/div>","aioseo_breadcrumb_json":[{"label":"Inicio","link":"https:\/\/eldigitaldeasturias.com\/radio"},{"label":"Noticias","link":"https:\/\/eldigitaldeasturias.com\/radio\/category\/noticias\/"},{"label":"Von der Leyen agradece a Macron su apoyo","link":"https:\/\/eldigitaldeasturias.com\/radio\/von-der-leyen-agradece-a-macron-su-apoyo\/"}],"_links":{"self":[{"href":"https:\/\/eldigitaldeasturias.com\/radio\/wp-json\/wp\/v2\/posts\/2914","targetHints":{"allow":["GET"]}}],"collection":[{"href":"https:\/\/eldigitaldeasturias.com\/radio\/wp-json\/wp\/v2\/posts"}],"about":[{"href":"https:\/\/eldigitaldeasturias.com\/radio\/wp-json\/wp\/v2\/types\/post"}],"author":[{"embeddable":true,"href":"https:\/\/eldigitaldeasturias.com\/radio\/wp-json\/wp\/v2\/users\/1"}],"replies":[{"embeddable":true,"href":"https:\/\/eldigitaldeasturias.com\/radio\/wp-json\/wp\/v2\/comments?post=2914"}],"version-history":[{"count":0,"href":"https:\/\/eldigitaldeasturias.com\/radio\/wp-json\/wp\/v2\/posts\/2914\/revisions"}],"wp:featuredmedia":[{"embeddable":true,"href":"https:\/\/eldigitaldeasturias.com\/radio\/wp-json\/wp\/v2\/media\/2915"}],"wp:attachment":[{"href":"https:\/\/eldigitaldeasturias.com\/radio\/wp-json\/wp\/v2\/media?parent=2914"}],"wp:term":[{"taxonomy":"category","embeddable":true,"href":"https:\/\/eldigitaldeasturias.com\/radio\/wp-json\/wp\/v2\/categories?post=2914"},{"taxonomy":"post_tag","embeddable":true,"href":"https:\/\/eldigitaldeasturias.com\/radio\/wp-json\/wp\/v2\/tags?post=2914"}],"curies":[{"name":"wp","href":"https:\/\/api.w.org\/{rel}","templated":true}]}}