{"id":2912,"date":"2019-07-24T10:17:34","date_gmt":"2019-07-24T10:17:34","guid":{"rendered":"http:\/\/eldigitaldeasturias.com\/radio\/?p=2912"},"modified":"2019-07-24T10:17:34","modified_gmt":"2019-07-24T10:17:34","slug":"alemania-establece-sistema-de-ayuda-para-evitar-la-desercion-escolar","status":"publish","type":"post","link":"https:\/\/eldigitaldeasturias.com\/radio\/alemania-establece-sistema-de-ayuda-para-evitar-la-desercion-escolar\/","title":{"rendered":"Alemania establece sistema de ayuda para evitar la deserci\u00f3n escolar"},"content":{"rendered":"<p>N\u00faremberg (Alemania), 23 jul (dpa) &#8211; La Oficina Federal de Empleo de Alemania (BA, por sus siglas en alem\u00e1n) anunci\u00f3 hoy que hay importantes avances en el establecimiento de una soluci\u00f3n de emergencia para estudiantes que abandonan las aulas o j\u00f3venes que interrumpen su formaci\u00f3n profesional.<\/p>\n<p>\u00abYa hemos avanzado mucho\u00bb, indic\u00f3 a dpa el director de la BA, Detlef Scheele.<\/p>\n<p>El registro y asesoramiento de los j\u00f3venes en la transici\u00f3n de la escuela hacia el trabajo entrar\u00e1 en vigor a principios del a\u00f1o escolar 2021.<\/p>\n<p>En el pasado, estos j\u00f3venes muchas veces quedaban varados en las redes de asesoramiento oficiales, se\u00f1al\u00f3 Scheele durante una revisi\u00f3n intermedia de su mandato de cinco a\u00f1os.<\/p>\n<p>En el futuro, una soluci\u00f3n inform\u00e1tica garantizar\u00e1 el intercambio de datos entre la Oficina Federal, el servicio comunal de asistencia a los j\u00f3venes y las escuelas para que \u00abning\u00fan joven se pierda despu\u00e9s de terminar la escuela\u00bb, afirm\u00f3 Scheele, quien lleva muchos a\u00f1os luchando por una soluci\u00f3n nacional de este problema.<\/p>\n<p>El funcionario toma como modelo la ciudad de Hamburgo.<\/p>\n<p>\u00abQueremos utilizar ese sistema de datos para identificar a aquellos que no acuden a nosotros o que amenazan con desertar de la escuela o formaci\u00f3n profesional. En ese caso, el servicio de asistencia a la juventud deber\u00eda poder ayudar\u00bb, agreg\u00f3 Scheele.<\/p>\n<p>De esta manera, es probable que los j\u00f3venes que durante el a\u00f1o escolar est\u00e9n en situaci\u00f3n de riesgo puedan ser registrados a trav\u00e9s de estas tecnolog\u00edas y puedan as\u00ed recibir apoyo, explic\u00f3 el funcionario.<\/p>\n","protected":false},"excerpt":{"rendered":"<p>N\u00faremberg (Alemania), 23 jul (dpa) &#8211; La Oficina Federal de Empleo de Alemania (BA, por sus siglas en alem\u00e1n) anunci\u00f3 hoy que hay importantes avances en el establecimiento de una soluci\u00f3n de emergencia para estudiantes que abandonan las aulas o j\u00f3venes que interrumpen su formaci\u00f3n profesional. \u00abYa hemos avanzado mucho\u00bb, indic\u00f3 a dpa el director<\/p>\n","protected":false},"author":1,"featured_media":242,"comment_status":"closed","ping_status":"closed","sticky":false,"template":"","format":"standard","meta":{"footnotes":""},"categories":[1],"tags":[],"class_list":{"0":"post-2912","1":"post","2":"type-post","3":"status-publish","4":"format-standard","5":"has-post-thumbnail","7":"category-noticias"},"aioseo_notices":[],"aioseo_head":"\n\t\t<!-- All in One SEO Pro 4.9.6.2 - aioseo.com -->\n\t<meta name=\"description\" content=\"N\u00faremberg (Alemania), 23 jul (dpa) - La Oficina Federal de Empleo de Alemania (BA, por sus siglas en alem\u00e1n) anunci\u00f3 hoy que hay importantes avances en el establecimiento de una soluci\u00f3n de emergencia para estudiantes que abandonan las aulas o j\u00f3venes que interrumpen su formaci\u00f3n profesional. &quot;Ya hemos avanzado mucho&quot;, indic\u00f3 a dpa el director\" \/>\n\t<meta name=\"robots\" content=\"max-image-preview:large\" \/>\n\t<meta name=\"author\" content=\"NBAsturias\"\/>\n\t<meta name=\"google-site-verification\" content=\"UA-38556648-1\" \/>\n\t<meta name=\"keywords\" content=\"noticias\" \/>\n\t<link rel=\"canonical\" href=\"https:\/\/eldigitaldeasturias.com\/radio\/alemania-establece-sistema-de-ayuda-para-evitar-la-desercion-escolar\/\" \/>\n\t<meta name=\"generator\" content=\"All in One SEO Pro (AIOSEO) 4.9.6.2\" \/>\n\t\t<meta property=\"og:locale\" content=\"es_ES\" \/>\n\t\t<meta property=\"og:site_name\" content=\"El Digital de Asturias | Diario de informaci\u00f3n y noticias\" \/>\n\t\t<meta property=\"og:type\" content=\"article\" \/>\n\t\t<meta property=\"og:title\" content=\"Alemania establece sistema de ayuda para evitar la deserci\u00f3n escolar | El Digital de Asturias\" \/>\n\t\t<meta property=\"og:description\" content=\"N\u00faremberg (Alemania), 23 jul (dpa) - La Oficina Federal de Empleo de Alemania (BA, por sus siglas en alem\u00e1n) anunci\u00f3 hoy que hay importantes avances en el establecimiento de una soluci\u00f3n de emergencia para estudiantes que abandonan las aulas o j\u00f3venes que interrumpen su formaci\u00f3n profesional. &quot;Ya hemos avanzado mucho&quot;, indic\u00f3 a dpa el director\" \/>\n\t\t<meta property=\"og:url\" content=\"https:\/\/eldigitaldeasturias.com\/radio\/alemania-establece-sistema-de-ayuda-para-evitar-la-desercion-escolar\/\" \/>\n\t\t<meta property=\"og:image\" content=\"https:\/\/eldigitaldeasturias.com\/radio\/wp-content\/uploads\/2018\/03\/technology-785742_1280.jpg\" \/>\n\t\t<meta property=\"og:image:secure_url\" content=\"https:\/\/eldigitaldeasturias.com\/radio\/wp-content\/uploads\/2018\/03\/technology-785742_1280.jpg\" \/>\n\t\t<meta property=\"og:image:width\" content=\"1280\" \/>\n\t\t<meta property=\"og:image:height\" content=\"853\" \/>\n\t\t<meta property=\"article:published_time\" content=\"2019-07-24T10:17:34+00:00\" \/>\n\t\t<meta property=\"article:modified_time\" content=\"2019-07-24T10:17:34+00:00\" \/>\n\t\t<meta name=\"twitter:card\" content=\"summary_large_image\" \/>\n\t\t<meta name=\"twitter:site\" content=\"@bercodi\" \/>\n\t\t<meta name=\"twitter:title\" content=\"Alemania establece sistema de ayuda para evitar la deserci\u00f3n escolar | El Digital de Asturias\" \/>\n\t\t<meta name=\"twitter:description\" content=\"N\u00faremberg (Alemania), 23 jul (dpa) - La Oficina Federal de Empleo de Alemania (BA, por sus siglas en alem\u00e1n) anunci\u00f3 hoy que hay importantes avances en el establecimiento de una soluci\u00f3n de emergencia para estudiantes que abandonan las aulas o j\u00f3venes que interrumpen su formaci\u00f3n profesional. &quot;Ya hemos avanzado mucho&quot;, indic\u00f3 a dpa el director\" \/>\n\t\t<meta name=\"twitter:creator\" content=\"@bercodi\" \/>\n\t\t<meta name=\"twitter:image\" content=\"https:\/\/eldigitaldeasturias.com\/radio\/wp-content\/uploads\/2018\/03\/technology-785742_1280.jpg\" \/>\n\t\t<script type=\"application\/ld+json\" class=\"aioseo-schema\">\n\t\t\t{\"@context\":\"https:\\\/\\\/schema.org\",\"@graph\":[{\"@type\":\"BreadcrumbList\",\"@id\":\"https:\\\/\\\/eldigitaldeasturias.com\\\/radio\\\/alemania-establece-sistema-de-ayuda-para-evitar-la-desercion-escolar\\\/#breadcrumblist\",\"itemListElement\":[{\"@type\":\"ListItem\",\"@id\":\"https:\\\/\\\/eldigitaldeasturias.com\\\/radio#listItem\",\"position\":1,\"name\":\"Inicio\",\"item\":\"https:\\\/\\\/eldigitaldeasturias.com\\\/radio\",\"nextItem\":{\"@type\":\"ListItem\",\"@id\":\"https:\\\/\\\/eldigitaldeasturias.com\\\/radio\\\/category\\\/noticias\\\/#listItem\",\"name\":\"Noticias\"}},{\"@type\":\"ListItem\",\"@id\":\"https:\\\/\\\/eldigitaldeasturias.com\\\/radio\\\/category\\\/noticias\\\/#listItem\",\"position\":2,\"name\":\"Noticias\",\"item\":\"https:\\\/\\\/eldigitaldeasturias.com\\\/radio\\\/category\\\/noticias\\\/\",\"nextItem\":{\"@type\":\"ListItem\",\"@id\":\"https:\\\/\\\/eldigitaldeasturias.com\\\/radio\\\/alemania-establece-sistema-de-ayuda-para-evitar-la-desercion-escolar\\\/#listItem\",\"name\":\"Alemania establece sistema de ayuda para evitar la deserci\\u00f3n escolar\"},\"previousItem\":{\"@type\":\"ListItem\",\"@id\":\"https:\\\/\\\/eldigitaldeasturias.com\\\/radio#listItem\",\"name\":\"Inicio\"}},{\"@type\":\"ListItem\",\"@id\":\"https:\\\/\\\/eldigitaldeasturias.com\\\/radio\\\/alemania-establece-sistema-de-ayuda-para-evitar-la-desercion-escolar\\\/#listItem\",\"position\":3,\"name\":\"Alemania establece sistema de ayuda para evitar la deserci\\u00f3n escolar\",\"previousItem\":{\"@type\":\"ListItem\",\"@id\":\"https:\\\/\\\/eldigitaldeasturias.com\\\/radio\\\/category\\\/noticias\\\/#listItem\",\"name\":\"Noticias\"}}]},{\"@type\":\"NewsArticle\",\"@id\":\"https:\\\/\\\/eldigitaldeasturias.com\\\/radio\\\/alemania-establece-sistema-de-ayuda-para-evitar-la-desercion-escolar\\\/#newsarticle\",\"name\":\"Alemania establece sistema de ayuda para evitar la deserci\\u00f3n escolar | El Digital de Asturias\",\"headline\":\"Alemania establece sistema de ayuda para evitar la deserci\\u00f3n escolar\",\"author\":{\"@id\":\"https:\\\/\\\/eldigitaldeasturias.com\\\/radio\\\/author\\\/nbasturias\\\/#author\"},\"publisher\":{\"@id\":\"https:\\\/\\\/eldigitaldeasturias.com\\\/radio\\\/#organization\"},\"image\":{\"@type\":\"ImageObject\",\"url\":\"https:\\\/\\\/eldigitaldeasturias.com\\\/radio\\\/wp-content\\\/uploads\\\/2018\\\/03\\\/technology-785742_1280.jpg\",\"width\":1280,\"height\":853},\"datePublished\":\"2019-07-24T10:17:34+02:00\",\"dateModified\":\"2019-07-24T10:17:34+02:00\",\"inLanguage\":\"es-ES\",\"mainEntityOfPage\":{\"@id\":\"https:\\\/\\\/eldigitaldeasturias.com\\\/radio\\\/alemania-establece-sistema-de-ayuda-para-evitar-la-desercion-escolar\\\/#webpage\"},\"isPartOf\":{\"@id\":\"https:\\\/\\\/eldigitaldeasturias.com\\\/radio\\\/alemania-establece-sistema-de-ayuda-para-evitar-la-desercion-escolar\\\/#webpage\"},\"articleSection\":\"Noticias\",\"dateline\":\"Publicado el julio 24, 2019.\"},{\"@type\":\"Organization\",\"@id\":\"https:\\\/\\\/eldigitaldeasturias.com\\\/radio\\\/#organization\",\"name\":\"El digital de Asturias Radio\",\"description\":\"Diario de informaci\\u00f3n y noticias\",\"url\":\"https:\\\/\\\/eldigitaldeasturias.com\\\/radio\\\/\",\"telephone\":\"+34652131393\",\"logo\":{\"@type\":\"ImageObject\",\"url\":\"https:\\\/\\\/www.eldigitaldeasturias.com\\\/radio\\\/wp-content\\\/uploads\\\/2021\\\/03\\\/EDA.jpg\",\"@id\":\"https:\\\/\\\/eldigitaldeasturias.com\\\/radio\\\/alemania-establece-sistema-de-ayuda-para-evitar-la-desercion-escolar\\\/#organizationLogo\"},\"image\":{\"@id\":\"https:\\\/\\\/eldigitaldeasturias.com\\\/radio\\\/alemania-establece-sistema-de-ayuda-para-evitar-la-desercion-escolar\\\/#organizationLogo\"},\"sameAs\":[\"https:\\\/\\\/www.facebook.com\\\/\",\"https:\\\/\\\/x.com\\\/bercodi\",\"https:\\\/\\\/www.instagram.com\\\/\",\"https:\\\/\\\/www.youtube.com\\\/channel\\\/UCZP-2wLEB9Rv6erhFmqVnvg\"]},{\"@type\":\"Person\",\"@id\":\"https:\\\/\\\/eldigitaldeasturias.com\\\/radio\\\/author\\\/nbasturias\\\/#author\",\"url\":\"https:\\\/\\\/eldigitaldeasturias.com\\\/radio\\\/author\\\/nbasturias\\\/\",\"name\":\"NBAsturias\",\"image\":{\"@type\":\"ImageObject\",\"@id\":\"https:\\\/\\\/eldigitaldeasturias.com\\\/radio\\\/alemania-establece-sistema-de-ayuda-para-evitar-la-desercion-escolar\\\/#authorImage\",\"url\":\"https:\\\/\\\/secure.gravatar.com\\\/avatar\\\/df2aeffc32bcd13f8d26072ef8a91b623d677766deac7f97ca815868cd41bf5e?s=96&d=mm&r=g\",\"width\":96,\"height\":96,\"caption\":\"NBAsturias\"}},{\"@type\":\"WebPage\",\"@id\":\"https:\\\/\\\/eldigitaldeasturias.com\\\/radio\\\/alemania-establece-sistema-de-ayuda-para-evitar-la-desercion-escolar\\\/#webpage\",\"url\":\"https:\\\/\\\/eldigitaldeasturias.com\\\/radio\\\/alemania-establece-sistema-de-ayuda-para-evitar-la-desercion-escolar\\\/\",\"name\":\"Alemania establece sistema de ayuda para evitar la deserci\\u00f3n escolar | El Digital de Asturias\",\"description\":\"N\\u00faremberg (Alemania), 23 jul (dpa) - La Oficina Federal de Empleo de Alemania (BA, por sus siglas en alem\\u00e1n) anunci\\u00f3 hoy que hay importantes avances en el establecimiento de una soluci\\u00f3n de emergencia para estudiantes que abandonan las aulas o j\\u00f3venes que interrumpen su formaci\\u00f3n profesional. \\\"Ya hemos avanzado mucho\\\", indic\\u00f3 a dpa el director\",\"inLanguage\":\"es-ES\",\"isPartOf\":{\"@id\":\"https:\\\/\\\/eldigitaldeasturias.com\\\/radio\\\/#website\"},\"breadcrumb\":{\"@id\":\"https:\\\/\\\/eldigitaldeasturias.com\\\/radio\\\/alemania-establece-sistema-de-ayuda-para-evitar-la-desercion-escolar\\\/#breadcrumblist\"},\"author\":{\"@id\":\"https:\\\/\\\/eldigitaldeasturias.com\\\/radio\\\/author\\\/nbasturias\\\/#author\"},\"creator\":{\"@id\":\"https:\\\/\\\/eldigitaldeasturias.com\\\/radio\\\/author\\\/nbasturias\\\/#author\"},\"image\":{\"@type\":\"ImageObject\",\"url\":\"https:\\\/\\\/eldigitaldeasturias.com\\\/radio\\\/wp-content\\\/uploads\\\/2018\\\/03\\\/technology-785742_1280.jpg\",\"@id\":\"https:\\\/\\\/eldigitaldeasturias.com\\\/radio\\\/alemania-establece-sistema-de-ayuda-para-evitar-la-desercion-escolar\\\/#mainImage\",\"width\":1280,\"height\":853},\"primaryImageOfPage\":{\"@id\":\"https:\\\/\\\/eldigitaldeasturias.com\\\/radio\\\/alemania-establece-sistema-de-ayuda-para-evitar-la-desercion-escolar\\\/#mainImage\"},\"datePublished\":\"2019-07-24T10:17:34+02:00\",\"dateModified\":\"2019-07-24T10:17:34+02:00\"},{\"@type\":\"WebSite\",\"@id\":\"https:\\\/\\\/eldigitaldeasturias.com\\\/radio\\\/#website\",\"url\":\"https:\\\/\\\/eldigitaldeasturias.com\\\/radio\\\/\",\"name\":\"El Digital de Asturias\",\"description\":\"Diario de informaci\\u00f3n y noticias\",\"inLanguage\":\"es-ES\",\"publisher\":{\"@id\":\"https:\\\/\\\/eldigitaldeasturias.com\\\/radio\\\/#organization\"}}]}\n\t\t<\/script>\n\t\t<!-- All in One SEO Pro -->\r\n\t\t<title>Alemania establece sistema de ayuda para evitar la deserci\u00f3n escolar | El Digital de Asturias<\/title>\n\n","aioseo_head_json":{"title":"Alemania establece sistema de ayuda para evitar la deserci\u00f3n escolar | El Digital de Asturias","description":"N\u00faremberg (Alemania), 23 jul (dpa) - La Oficina Federal de Empleo de Alemania (BA, por sus siglas en alem\u00e1n) anunci\u00f3 hoy que hay importantes avances en el establecimiento de una soluci\u00f3n de emergencia para estudiantes que abandonan las aulas o j\u00f3venes que interrumpen su formaci\u00f3n profesional. \"Ya hemos avanzado mucho\", indic\u00f3 a dpa el director","canonical_url":"https:\/\/eldigitaldeasturias.com\/radio\/alemania-establece-sistema-de-ayuda-para-evitar-la-desercion-escolar\/","robots":"max-image-preview:large","keywords":"noticias","webmasterTools":{"google-site-verification":"UA-38556648-1","miscellaneous":""},"schema":{"@context":"https:\/\/schema.org","@graph":[{"@type":"BreadcrumbList","@id":"https:\/\/eldigitaldeasturias.com\/radio\/alemania-establece-sistema-de-ayuda-para-evitar-la-desercion-escolar\/#breadcrumblist","itemListElement":[{"@type":"ListItem","@id":"https:\/\/eldigitaldeasturias.com\/radio#listItem","position":1,"name":"Inicio","item":"https:\/\/eldigitaldeasturias.com\/radio","nextItem":{"@type":"ListItem","@id":"https:\/\/eldigitaldeasturias.com\/radio\/category\/noticias\/#listItem","name":"Noticias"}},{"@type":"ListItem","@id":"https:\/\/eldigitaldeasturias.com\/radio\/category\/noticias\/#listItem","position":2,"name":"Noticias","item":"https:\/\/eldigitaldeasturias.com\/radio\/category\/noticias\/","nextItem":{"@type":"ListItem","@id":"https:\/\/eldigitaldeasturias.com\/radio\/alemania-establece-sistema-de-ayuda-para-evitar-la-desercion-escolar\/#listItem","name":"Alemania establece sistema de ayuda para evitar la deserci\u00f3n escolar"},"previousItem":{"@type":"ListItem","@id":"https:\/\/eldigitaldeasturias.com\/radio#listItem","name":"Inicio"}},{"@type":"ListItem","@id":"https:\/\/eldigitaldeasturias.com\/radio\/alemania-establece-sistema-de-ayuda-para-evitar-la-desercion-escolar\/#listItem","position":3,"name":"Alemania establece sistema de ayuda para evitar la deserci\u00f3n escolar","previousItem":{"@type":"ListItem","@id":"https:\/\/eldigitaldeasturias.com\/radio\/category\/noticias\/#listItem","name":"Noticias"}}]},{"@type":"NewsArticle","@id":"https:\/\/eldigitaldeasturias.com\/radio\/alemania-establece-sistema-de-ayuda-para-evitar-la-desercion-escolar\/#newsarticle","name":"Alemania establece sistema de ayuda para evitar la deserci\u00f3n escolar | El Digital de Asturias","headline":"Alemania establece sistema de ayuda para evitar la deserci\u00f3n escolar","author":{"@id":"https:\/\/eldigitaldeasturias.com\/radio\/author\/nbasturias\/#author"},"publisher":{"@id":"https:\/\/eldigitaldeasturias.com\/radio\/#organization"},"image":{"@type":"ImageObject","url":"https:\/\/eldigitaldeasturias.com\/radio\/wp-content\/uploads\/2018\/03\/technology-785742_1280.jpg","width":1280,"height":853},"datePublished":"2019-07-24T10:17:34+02:00","dateModified":"2019-07-24T10:17:34+02:00","inLanguage":"es-ES","mainEntityOfPage":{"@id":"https:\/\/eldigitaldeasturias.com\/radio\/alemania-establece-sistema-de-ayuda-para-evitar-la-desercion-escolar\/#webpage"},"isPartOf":{"@id":"https:\/\/eldigitaldeasturias.com\/radio\/alemania-establece-sistema-de-ayuda-para-evitar-la-desercion-escolar\/#webpage"},"articleSection":"Noticias","dateline":"Publicado el julio 24, 2019."},{"@type":"Organization","@id":"https:\/\/eldigitaldeasturias.com\/radio\/#organization","name":"El digital de Asturias Radio","description":"Diario de informaci\u00f3n y noticias","url":"https:\/\/eldigitaldeasturias.com\/radio\/","telephone":"+34652131393","logo":{"@type":"ImageObject","url":"https:\/\/www.eldigitaldeasturias.com\/radio\/wp-content\/uploads\/2021\/03\/EDA.jpg","@id":"https:\/\/eldigitaldeasturias.com\/radio\/alemania-establece-sistema-de-ayuda-para-evitar-la-desercion-escolar\/#organizationLogo"},"image":{"@id":"https:\/\/eldigitaldeasturias.com\/radio\/alemania-establece-sistema-de-ayuda-para-evitar-la-desercion-escolar\/#organizationLogo"},"sameAs":["https:\/\/www.facebook.com\/","https:\/\/x.com\/bercodi","https:\/\/www.instagram.com\/","https:\/\/www.youtube.com\/channel\/UCZP-2wLEB9Rv6erhFmqVnvg"]},{"@type":"Person","@id":"https:\/\/eldigitaldeasturias.com\/radio\/author\/nbasturias\/#author","url":"https:\/\/eldigitaldeasturias.com\/radio\/author\/nbasturias\/","name":"NBAsturias","image":{"@type":"ImageObject","@id":"https:\/\/eldigitaldeasturias.com\/radio\/alemania-establece-sistema-de-ayuda-para-evitar-la-desercion-escolar\/#authorImage","url":"https:\/\/secure.gravatar.com\/avatar\/df2aeffc32bcd13f8d26072ef8a91b623d677766deac7f97ca815868cd41bf5e?s=96&d=mm&r=g","width":96,"height":96,"caption":"NBAsturias"}},{"@type":"WebPage","@id":"https:\/\/eldigitaldeasturias.com\/radio\/alemania-establece-sistema-de-ayuda-para-evitar-la-desercion-escolar\/#webpage","url":"https:\/\/eldigitaldeasturias.com\/radio\/alemania-establece-sistema-de-ayuda-para-evitar-la-desercion-escolar\/","name":"Alemania establece sistema de ayuda para evitar la deserci\u00f3n escolar | El Digital de Asturias","description":"N\u00faremberg (Alemania), 23 jul (dpa) - La Oficina Federal de Empleo de Alemania (BA, por sus siglas en alem\u00e1n) anunci\u00f3 hoy que hay importantes avances en el establecimiento de una soluci\u00f3n de emergencia para estudiantes que abandonan las aulas o j\u00f3venes que interrumpen su formaci\u00f3n profesional. \"Ya hemos avanzado mucho\", indic\u00f3 a dpa el director","inLanguage":"es-ES","isPartOf":{"@id":"https:\/\/eldigitaldeasturias.com\/radio\/#website"},"breadcrumb":{"@id":"https:\/\/eldigitaldeasturias.com\/radio\/alemania-establece-sistema-de-ayuda-para-evitar-la-desercion-escolar\/#breadcrumblist"},"author":{"@id":"https:\/\/eldigitaldeasturias.com\/radio\/author\/nbasturias\/#author"},"creator":{"@id":"https:\/\/eldigitaldeasturias.com\/radio\/author\/nbasturias\/#author"},"image":{"@type":"ImageObject","url":"https:\/\/eldigitaldeasturias.com\/radio\/wp-content\/uploads\/2018\/03\/technology-785742_1280.jpg","@id":"https:\/\/eldigitaldeasturias.com\/radio\/alemania-establece-sistema-de-ayuda-para-evitar-la-desercion-escolar\/#mainImage","width":1280,"height":853},"primaryImageOfPage":{"@id":"https:\/\/eldigitaldeasturias.com\/radio\/alemania-establece-sistema-de-ayuda-para-evitar-la-desercion-escolar\/#mainImage"},"datePublished":"2019-07-24T10:17:34+02:00","dateModified":"2019-07-24T10:17:34+02:00"},{"@type":"WebSite","@id":"https:\/\/eldigitaldeasturias.com\/radio\/#website","url":"https:\/\/eldigitaldeasturias.com\/radio\/","name":"El Digital de Asturias","description":"Diario de informaci\u00f3n y noticias","inLanguage":"es-ES","publisher":{"@id":"https:\/\/eldigitaldeasturias.com\/radio\/#organization"}}]},"og:locale":"es_ES","og:site_name":"El Digital de Asturias | Diario de informaci\u00f3n y noticias","og:type":"article","og:title":"Alemania establece sistema de ayuda para evitar la deserci\u00f3n escolar | El Digital de Asturias","og:description":"N\u00faremberg (Alemania), 23 jul (dpa) - La Oficina Federal de Empleo de Alemania (BA, por sus siglas en alem\u00e1n) anunci\u00f3 hoy que hay importantes avances en el establecimiento de una soluci\u00f3n de emergencia para estudiantes que abandonan las aulas o j\u00f3venes que interrumpen su formaci\u00f3n profesional. &quot;Ya hemos avanzado mucho&quot;, indic\u00f3 a dpa el director","og:url":"https:\/\/eldigitaldeasturias.com\/radio\/alemania-establece-sistema-de-ayuda-para-evitar-la-desercion-escolar\/","og:image":"https:\/\/eldigitaldeasturias.com\/radio\/wp-content\/uploads\/2018\/03\/technology-785742_1280.jpg","og:image:secure_url":"https:\/\/eldigitaldeasturias.com\/radio\/wp-content\/uploads\/2018\/03\/technology-785742_1280.jpg","og:image:width":1280,"og:image:height":853,"article:published_time":"2019-07-24T10:17:34+00:00","article:modified_time":"2019-07-24T10:17:34+00:00","twitter:card":"summary_large_image","twitter:site":"@bercodi","twitter:title":"Alemania establece sistema de ayuda para evitar la deserci\u00f3n escolar | El Digital de Asturias","twitter:description":"N\u00faremberg (Alemania), 23 jul (dpa) - La Oficina Federal de Empleo de Alemania (BA, por sus siglas en alem\u00e1n) anunci\u00f3 hoy que hay importantes avances en el establecimiento de una soluci\u00f3n de emergencia para estudiantes que abandonan las aulas o j\u00f3venes que interrumpen su formaci\u00f3n profesional. &quot;Ya hemos avanzado mucho&quot;, indic\u00f3 a dpa el director","twitter:creator":"@bercodi","twitter:image":"https:\/\/eldigitaldeasturias.com\/radio\/wp-content\/uploads\/2018\/03\/technology-785742_1280.jpg"},"aioseo_meta_data":{"post_id":"2912","title":null,"description":null,"keywords":null,"keyphrases":null,"primary_term":null,"canonical_url":null,"og_title":null,"og_description":null,"og_object_type":"default","og_image_type":"default","og_image_url":null,"og_image_width":null,"og_image_height":null,"og_image_custom_url":null,"og_image_custom_fields":null,"og_video":null,"og_custom_url":null,"og_article_section":null,"og_article_tags":null,"twitter_use_og":false,"twitter_card":"default","twitter_image_type":"default","twitter_image_url":null,"twitter_image_custom_url":null,"twitter_image_custom_fields":null,"twitter_title":null,"twitter_description":null,"schema":{"blockGraphs":[],"customGraphs":[],"default":{"data":{"Article":[],"Course":[],"Dataset":[],"FAQPage":[],"Movie":[],"Person":[],"Product":[],"ProductReview":[],"Car":[],"Recipe":[],"Service":[],"SoftwareApplication":[],"WebPage":[]},"graphName":"","isEnabled":true},"graphs":[],"defaultGraph":"","defaultPostTypeGraph":""},"schema_type":null,"schema_type_options":null,"pillar_content":false,"robots_default":true,"robots_noindex":false,"robots_noarchive":false,"robots_nosnippet":false,"robots_nofollow":false,"robots_noimageindex":false,"robots_noodp":false,"robots_notranslate":false,"robots_max_snippet":null,"robots_max_videopreview":null,"robots_max_imagepreview":"large","priority":null,"frequency":null,"location":null,"local_seo":null,"seo_analyzer_scan_date":"2025-08-28 13:10:43","breadcrumb_settings":null,"limit_modified_date":false,"open_ai":null,"ai":null,"created":"2021-03-28 10:43:42","updated":"2025-08-28 13:10:43"},"aioseo_breadcrumb":"<div class=\"aioseo-breadcrumbs\"><span class=\"aioseo-breadcrumb\">\n\t<a href=\"https:\/\/eldigitaldeasturias.com\/radio\" title=\"Inicio\">Inicio<\/a>\n<\/span><span class=\"aioseo-breadcrumb-separator\">&ndash;<\/span><span class=\"aioseo-breadcrumb\">\n\t<a href=\"https:\/\/eldigitaldeasturias.com\/radio\/category\/noticias\/\" title=\"Noticias\">Noticias<\/a>\n<\/span><span class=\"aioseo-breadcrumb-separator\">&ndash;<\/span><span class=\"aioseo-breadcrumb\">\n\tAlemania establece sistema de ayuda para evitar la deserci\u00f3n escolar\n<\/span><\/div>","aioseo_breadcrumb_json":[{"label":"Inicio","link":"https:\/\/eldigitaldeasturias.com\/radio"},{"label":"Noticias","link":"https:\/\/eldigitaldeasturias.com\/radio\/category\/noticias\/"},{"label":"Alemania establece sistema de ayuda para evitar la deserci\u00f3n escolar","link":"https:\/\/eldigitaldeasturias.com\/radio\/alemania-establece-sistema-de-ayuda-para-evitar-la-desercion-escolar\/"}],"_links":{"self":[{"href":"https:\/\/eldigitaldeasturias.com\/radio\/wp-json\/wp\/v2\/posts\/2912","targetHints":{"allow":["GET"]}}],"collection":[{"href":"https:\/\/eldigitaldeasturias.com\/radio\/wp-json\/wp\/v2\/posts"}],"about":[{"href":"https:\/\/eldigitaldeasturias.com\/radio\/wp-json\/wp\/v2\/types\/post"}],"author":[{"embeddable":true,"href":"https:\/\/eldigitaldeasturias.com\/radio\/wp-json\/wp\/v2\/users\/1"}],"replies":[{"embeddable":true,"href":"https:\/\/eldigitaldeasturias.com\/radio\/wp-json\/wp\/v2\/comments?post=2912"}],"version-history":[{"count":0,"href":"https:\/\/eldigitaldeasturias.com\/radio\/wp-json\/wp\/v2\/posts\/2912\/revisions"}],"wp:featuredmedia":[{"embeddable":true,"href":"https:\/\/eldigitaldeasturias.com\/radio\/wp-json\/wp\/v2\/media\/242"}],"wp:attachment":[{"href":"https:\/\/eldigitaldeasturias.com\/radio\/wp-json\/wp\/v2\/media?parent=2912"}],"wp:term":[{"taxonomy":"category","embeddable":true,"href":"https:\/\/eldigitaldeasturias.com\/radio\/wp-json\/wp\/v2\/categories?post=2912"},{"taxonomy":"post_tag","embeddable":true,"href":"https:\/\/eldigitaldeasturias.com\/radio\/wp-json\/wp\/v2\/tags?post=2912"}],"curies":[{"name":"wp","href":"https:\/\/api.w.org\/{rel}","templated":true}]}}