{"id":2889,"date":"2019-07-21T00:36:44","date_gmt":"2019-07-21T00:36:44","guid":{"rendered":"http:\/\/eldigitaldeasturias.com\/radio\/?p=2889"},"modified":"2019-07-21T00:36:44","modified_gmt":"2019-07-21T00:36:44","slug":"alemania-devuelve-a-italia-cuadro-robado-en-la-ii-guerra-mundial","status":"publish","type":"post","link":"https:\/\/eldigitaldeasturias.com\/radio\/alemania-devuelve-a-italia-cuadro-robado-en-la-ii-guerra-mundial\/","title":{"rendered":"Alemania devuelve a Italia cuadro robado en la II Guerra Mundial"},"content":{"rendered":"<figure id=\"attachment_2890\" aria-describedby=\"caption-attachment-2890\" style=\"width: 360px\" class=\"wp-caption alignleft\"><img fetchpriority=\"high\" decoding=\"async\" class=\"size-medium wp-image-2890\" src=\"https:\/\/eldigitaldeasturias.com\/radio\/wp-content\/uploads\/2019\/07\/Maas-en-Italia-dpa-360x242.jpg\" alt=\"\" width=\"360\" height=\"242\" srcset=\"https:\/\/eldigitaldeasturias.com\/radio\/wp-content\/uploads\/2019\/07\/Maas-en-Italia-dpa-360x242.jpg 360w, https:\/\/eldigitaldeasturias.com\/radio\/wp-content\/uploads\/2019\/07\/Maas-en-Italia-dpa-768x516.jpg 768w, https:\/\/eldigitaldeasturias.com\/radio\/wp-content\/uploads\/2019\/07\/Maas-en-Italia-dpa.jpg 1008w\" sizes=\"(max-width: 360px) 100vw, 360px\" \/><figcaption id=\"caption-attachment-2890\" class=\"wp-caption-text\">Foto: Britta Pedersen\/dpa-Zentralbild\/dpa<\/figcaption><\/figure>\n<p>Florencia, 19 jul (dpa) &#8211; Alemania devolvi\u00f3 hoy a la Galer\u00eda de los Uffizi de Florencia un cuadro robado hace 75 a\u00f1os, durante la Segunda Guerra Mundial.<\/p>\n<p>El Ministro alem\u00e1n de Asuntos Exteriores, Heiko Maas, entreg\u00f3 el cuadro \u00abVaso di Fiori\u00bb (Florero) del pintor holand\u00e9s Jan van Huysum (1682-1749) al Ministro italiano de Cultura, Alberto Bonisoli, y al titular de Asuntos Exteriores, Enzo Moavero Milanesi.<\/p>\n<p>\u00abEs el final feliz de un largo viaje involuntario\u00bb, dijo Maas durante una ceremonia en el museo de Florencia. \u00abEste cuadro pertenece aqu\u00ed\u00bb, a\u00f1adi\u00f3.<\/p>\n<p>Bonisoli habl\u00f3 de un \u00abd\u00eda hist\u00f3rico\u00bb. Agreg\u00f3 que marcaba un gran \u00e9xito para la diplomacia cultural de su pa\u00eds.<\/p>\n<p>La obra fue robada de un dep\u00f3sito de los Uffizi por un soldado del Ej\u00e9rcito germano en 1944. El cuadro apareci\u00f3 de nuevo en 1991 cuando la familia del soldado intent\u00f3 venderlo a trav\u00e9s de una casa de subastas.<\/p>\n<p>Desde entonces, el Ministerio alem\u00e1n de Asuntos Exteriores y la Polic\u00eda Criminal germana se esforzaron con \u00e9xito por devolverlo gratuitamente a los Uffizi. El valor de la pintura es desconocido. Van Huysum es uno de los pintores m\u00e1s famosos de principios del siglo XVIII.<\/p>\n<p>La naturaleza muerta con flores e insectos es considerada en Italia un bien cultural nacional. Hab\u00eda sido comprada por Leopoldo de Habsburgo-Lorena, Gran Duque de Toscana, y su esposa Maria-Anna de Sajonia en 1824 y estuvo en Florencia durante 120 a\u00f1os hasta que fue sacada del almac\u00e9n durante la guerra.<\/p>\n<p>Maas transport\u00f3 el cuadro, de s\u00f3lo 35 por 47 cent\u00edmetros de tama\u00f1o, en una caja de cart\u00f3n en el compartimento VIP de su avi\u00f3n oficial.<\/p>\n<p>&nbsp;<\/p>\n","protected":false},"excerpt":{"rendered":"<p>Florencia, 19 jul (dpa) &#8211; Alemania devolvi\u00f3 hoy a la Galer\u00eda de los Uffizi de Florencia un cuadro robado hace 75 a\u00f1os, durante la Segunda Guerra Mundial. El Ministro alem\u00e1n de Asuntos Exteriores, Heiko Maas, entreg\u00f3 el cuadro \u00abVaso di Fiori\u00bb (Florero) del pintor holand\u00e9s Jan van Huysum (1682-1749) al Ministro italiano de Cultura, Alberto<\/p>\n","protected":false},"author":1,"featured_media":2890,"comment_status":"closed","ping_status":"closed","sticky":false,"template":"","format":"standard","meta":{"footnotes":""},"categories":[1],"tags":[],"class_list":{"0":"post-2889","1":"post","2":"type-post","3":"status-publish","4":"format-standard","5":"has-post-thumbnail","7":"category-noticias"},"aioseo_notices":[],"aioseo_head":"\n\t\t<!-- All in One SEO Pro 4.9.6.2 - aioseo.com -->\n\t<meta name=\"description\" content=\"Florencia, 19 jul (dpa) - Alemania devolvi\u00f3 hoy a la Galer\u00eda de los Uffizi de Florencia un cuadro robado hace 75 a\u00f1os, durante la Segunda Guerra Mundial. El Ministro alem\u00e1n de Asuntos Exteriores, Heiko Maas, entreg\u00f3 el cuadro &quot;Vaso di Fiori&quot; (Florero) del pintor holand\u00e9s Jan van Huysum (1682-1749) al Ministro italiano de Cultura, Alberto\" \/>\n\t<meta name=\"robots\" content=\"max-image-preview:large\" \/>\n\t<meta name=\"author\" content=\"NBAsturias\"\/>\n\t<meta name=\"google-site-verification\" content=\"UA-38556648-1\" \/>\n\t<meta name=\"keywords\" content=\"noticias\" \/>\n\t<link rel=\"canonical\" href=\"https:\/\/eldigitaldeasturias.com\/radio\/alemania-devuelve-a-italia-cuadro-robado-en-la-ii-guerra-mundial\/\" \/>\n\t<meta name=\"generator\" content=\"All in One SEO Pro (AIOSEO) 4.9.6.2\" \/>\n\t\t<meta property=\"og:locale\" content=\"es_ES\" \/>\n\t\t<meta property=\"og:site_name\" content=\"El Digital de Asturias | Diario de informaci\u00f3n y noticias\" \/>\n\t\t<meta property=\"og:type\" content=\"article\" \/>\n\t\t<meta property=\"og:title\" content=\"Alemania devuelve a Italia cuadro robado en la II Guerra Mundial | El Digital de Asturias\" \/>\n\t\t<meta property=\"og:description\" content=\"Florencia, 19 jul (dpa) - Alemania devolvi\u00f3 hoy a la Galer\u00eda de los Uffizi de Florencia un cuadro robado hace 75 a\u00f1os, durante la Segunda Guerra Mundial. El Ministro alem\u00e1n de Asuntos Exteriores, Heiko Maas, entreg\u00f3 el cuadro &quot;Vaso di Fiori&quot; (Florero) del pintor holand\u00e9s Jan van Huysum (1682-1749) al Ministro italiano de Cultura, Alberto\" \/>\n\t\t<meta property=\"og:url\" content=\"https:\/\/eldigitaldeasturias.com\/radio\/alemania-devuelve-a-italia-cuadro-robado-en-la-ii-guerra-mundial\/\" \/>\n\t\t<meta property=\"og:image\" content=\"https:\/\/eldigitaldeasturias.com\/radio\/wp-content\/uploads\/2019\/07\/Maas-en-Italia-dpa.jpg\" \/>\n\t\t<meta property=\"og:image:secure_url\" content=\"https:\/\/eldigitaldeasturias.com\/radio\/wp-content\/uploads\/2019\/07\/Maas-en-Italia-dpa.jpg\" \/>\n\t\t<meta property=\"og:image:width\" content=\"1008\" \/>\n\t\t<meta property=\"og:image:height\" content=\"677\" \/>\n\t\t<meta property=\"article:published_time\" content=\"2019-07-21T00:36:44+00:00\" \/>\n\t\t<meta property=\"article:modified_time\" content=\"2019-07-21T00:36:44+00:00\" \/>\n\t\t<meta name=\"twitter:card\" content=\"summary_large_image\" \/>\n\t\t<meta name=\"twitter:site\" content=\"@bercodi\" \/>\n\t\t<meta name=\"twitter:title\" content=\"Alemania devuelve a Italia cuadro robado en la II Guerra Mundial | El Digital de Asturias\" \/>\n\t\t<meta name=\"twitter:description\" content=\"Florencia, 19 jul (dpa) - Alemania devolvi\u00f3 hoy a la Galer\u00eda de los Uffizi de Florencia un cuadro robado hace 75 a\u00f1os, durante la Segunda Guerra Mundial. El Ministro alem\u00e1n de Asuntos Exteriores, Heiko Maas, entreg\u00f3 el cuadro &quot;Vaso di Fiori&quot; (Florero) del pintor holand\u00e9s Jan van Huysum (1682-1749) al Ministro italiano de Cultura, Alberto\" \/>\n\t\t<meta name=\"twitter:creator\" content=\"@bercodi\" \/>\n\t\t<meta name=\"twitter:image\" content=\"https:\/\/eldigitaldeasturias.com\/radio\/wp-content\/uploads\/2019\/07\/Maas-en-Italia-dpa.jpg\" \/>\n\t\t<script type=\"application\/ld+json\" class=\"aioseo-schema\">\n\t\t\t{\"@context\":\"https:\\\/\\\/schema.org\",\"@graph\":[{\"@type\":\"BreadcrumbList\",\"@id\":\"https:\\\/\\\/eldigitaldeasturias.com\\\/radio\\\/alemania-devuelve-a-italia-cuadro-robado-en-la-ii-guerra-mundial\\\/#breadcrumblist\",\"itemListElement\":[{\"@type\":\"ListItem\",\"@id\":\"https:\\\/\\\/eldigitaldeasturias.com\\\/radio#listItem\",\"position\":1,\"name\":\"Inicio\",\"item\":\"https:\\\/\\\/eldigitaldeasturias.com\\\/radio\",\"nextItem\":{\"@type\":\"ListItem\",\"@id\":\"https:\\\/\\\/eldigitaldeasturias.com\\\/radio\\\/category\\\/noticias\\\/#listItem\",\"name\":\"Noticias\"}},{\"@type\":\"ListItem\",\"@id\":\"https:\\\/\\\/eldigitaldeasturias.com\\\/radio\\\/category\\\/noticias\\\/#listItem\",\"position\":2,\"name\":\"Noticias\",\"item\":\"https:\\\/\\\/eldigitaldeasturias.com\\\/radio\\\/category\\\/noticias\\\/\",\"nextItem\":{\"@type\":\"ListItem\",\"@id\":\"https:\\\/\\\/eldigitaldeasturias.com\\\/radio\\\/alemania-devuelve-a-italia-cuadro-robado-en-la-ii-guerra-mundial\\\/#listItem\",\"name\":\"Alemania devuelve a Italia cuadro robado en la II Guerra Mundial\"},\"previousItem\":{\"@type\":\"ListItem\",\"@id\":\"https:\\\/\\\/eldigitaldeasturias.com\\\/radio#listItem\",\"name\":\"Inicio\"}},{\"@type\":\"ListItem\",\"@id\":\"https:\\\/\\\/eldigitaldeasturias.com\\\/radio\\\/alemania-devuelve-a-italia-cuadro-robado-en-la-ii-guerra-mundial\\\/#listItem\",\"position\":3,\"name\":\"Alemania devuelve a Italia cuadro robado en la II Guerra Mundial\",\"previousItem\":{\"@type\":\"ListItem\",\"@id\":\"https:\\\/\\\/eldigitaldeasturias.com\\\/radio\\\/category\\\/noticias\\\/#listItem\",\"name\":\"Noticias\"}}]},{\"@type\":\"NewsArticle\",\"@id\":\"https:\\\/\\\/eldigitaldeasturias.com\\\/radio\\\/alemania-devuelve-a-italia-cuadro-robado-en-la-ii-guerra-mundial\\\/#newsarticle\",\"name\":\"Alemania devuelve a Italia cuadro robado en la II Guerra Mundial | El Digital de Asturias\",\"headline\":\"Alemania devuelve a Italia cuadro robado en la II Guerra Mundial\",\"author\":{\"@id\":\"https:\\\/\\\/eldigitaldeasturias.com\\\/radio\\\/author\\\/nbasturias\\\/#author\"},\"publisher\":{\"@id\":\"https:\\\/\\\/eldigitaldeasturias.com\\\/radio\\\/#organization\"},\"image\":{\"@type\":\"ImageObject\",\"url\":\"https:\\\/\\\/eldigitaldeasturias.com\\\/radio\\\/wp-content\\\/uploads\\\/2019\\\/07\\\/Maas-en-Italia-dpa.jpg\",\"width\":1008,\"height\":677,\"caption\":\"Foto: Britta Pedersen\\\/dpa-Zentralbild\\\/dpa\"},\"datePublished\":\"2019-07-21T00:36:44+02:00\",\"dateModified\":\"2019-07-21T00:36:44+02:00\",\"inLanguage\":\"es-ES\",\"mainEntityOfPage\":{\"@id\":\"https:\\\/\\\/eldigitaldeasturias.com\\\/radio\\\/alemania-devuelve-a-italia-cuadro-robado-en-la-ii-guerra-mundial\\\/#webpage\"},\"isPartOf\":{\"@id\":\"https:\\\/\\\/eldigitaldeasturias.com\\\/radio\\\/alemania-devuelve-a-italia-cuadro-robado-en-la-ii-guerra-mundial\\\/#webpage\"},\"articleSection\":\"Noticias\",\"dateline\":\"Publicado el julio 21, 2019.\"},{\"@type\":\"Organization\",\"@id\":\"https:\\\/\\\/eldigitaldeasturias.com\\\/radio\\\/#organization\",\"name\":\"El digital de Asturias Radio\",\"description\":\"Diario de informaci\\u00f3n y noticias\",\"url\":\"https:\\\/\\\/eldigitaldeasturias.com\\\/radio\\\/\",\"telephone\":\"+34652131393\",\"logo\":{\"@type\":\"ImageObject\",\"url\":\"https:\\\/\\\/www.eldigitaldeasturias.com\\\/radio\\\/wp-content\\\/uploads\\\/2021\\\/03\\\/EDA.jpg\",\"@id\":\"https:\\\/\\\/eldigitaldeasturias.com\\\/radio\\\/alemania-devuelve-a-italia-cuadro-robado-en-la-ii-guerra-mundial\\\/#organizationLogo\"},\"image\":{\"@id\":\"https:\\\/\\\/eldigitaldeasturias.com\\\/radio\\\/alemania-devuelve-a-italia-cuadro-robado-en-la-ii-guerra-mundial\\\/#organizationLogo\"},\"sameAs\":[\"https:\\\/\\\/www.facebook.com\\\/\",\"https:\\\/\\\/x.com\\\/bercodi\",\"https:\\\/\\\/www.instagram.com\\\/\",\"https:\\\/\\\/www.youtube.com\\\/channel\\\/UCZP-2wLEB9Rv6erhFmqVnvg\"]},{\"@type\":\"Person\",\"@id\":\"https:\\\/\\\/eldigitaldeasturias.com\\\/radio\\\/author\\\/nbasturias\\\/#author\",\"url\":\"https:\\\/\\\/eldigitaldeasturias.com\\\/radio\\\/author\\\/nbasturias\\\/\",\"name\":\"NBAsturias\",\"image\":{\"@type\":\"ImageObject\",\"@id\":\"https:\\\/\\\/eldigitaldeasturias.com\\\/radio\\\/alemania-devuelve-a-italia-cuadro-robado-en-la-ii-guerra-mundial\\\/#authorImage\",\"url\":\"https:\\\/\\\/secure.gravatar.com\\\/avatar\\\/df2aeffc32bcd13f8d26072ef8a91b623d677766deac7f97ca815868cd41bf5e?s=96&d=mm&r=g\",\"width\":96,\"height\":96,\"caption\":\"NBAsturias\"}},{\"@type\":\"WebPage\",\"@id\":\"https:\\\/\\\/eldigitaldeasturias.com\\\/radio\\\/alemania-devuelve-a-italia-cuadro-robado-en-la-ii-guerra-mundial\\\/#webpage\",\"url\":\"https:\\\/\\\/eldigitaldeasturias.com\\\/radio\\\/alemania-devuelve-a-italia-cuadro-robado-en-la-ii-guerra-mundial\\\/\",\"name\":\"Alemania devuelve a Italia cuadro robado en la II Guerra Mundial | El Digital de Asturias\",\"description\":\"Florencia, 19 jul (dpa) - Alemania devolvi\\u00f3 hoy a la Galer\\u00eda de los Uffizi de Florencia un cuadro robado hace 75 a\\u00f1os, durante la Segunda Guerra Mundial. El Ministro alem\\u00e1n de Asuntos Exteriores, Heiko Maas, entreg\\u00f3 el cuadro \\\"Vaso di Fiori\\\" (Florero) del pintor holand\\u00e9s Jan van Huysum (1682-1749) al Ministro italiano de Cultura, Alberto\",\"inLanguage\":\"es-ES\",\"isPartOf\":{\"@id\":\"https:\\\/\\\/eldigitaldeasturias.com\\\/radio\\\/#website\"},\"breadcrumb\":{\"@id\":\"https:\\\/\\\/eldigitaldeasturias.com\\\/radio\\\/alemania-devuelve-a-italia-cuadro-robado-en-la-ii-guerra-mundial\\\/#breadcrumblist\"},\"author\":{\"@id\":\"https:\\\/\\\/eldigitaldeasturias.com\\\/radio\\\/author\\\/nbasturias\\\/#author\"},\"creator\":{\"@id\":\"https:\\\/\\\/eldigitaldeasturias.com\\\/radio\\\/author\\\/nbasturias\\\/#author\"},\"image\":{\"@type\":\"ImageObject\",\"url\":\"https:\\\/\\\/eldigitaldeasturias.com\\\/radio\\\/wp-content\\\/uploads\\\/2019\\\/07\\\/Maas-en-Italia-dpa.jpg\",\"@id\":\"https:\\\/\\\/eldigitaldeasturias.com\\\/radio\\\/alemania-devuelve-a-italia-cuadro-robado-en-la-ii-guerra-mundial\\\/#mainImage\",\"width\":1008,\"height\":677,\"caption\":\"Foto: Britta Pedersen\\\/dpa-Zentralbild\\\/dpa\"},\"primaryImageOfPage\":{\"@id\":\"https:\\\/\\\/eldigitaldeasturias.com\\\/radio\\\/alemania-devuelve-a-italia-cuadro-robado-en-la-ii-guerra-mundial\\\/#mainImage\"},\"datePublished\":\"2019-07-21T00:36:44+02:00\",\"dateModified\":\"2019-07-21T00:36:44+02:00\"},{\"@type\":\"WebSite\",\"@id\":\"https:\\\/\\\/eldigitaldeasturias.com\\\/radio\\\/#website\",\"url\":\"https:\\\/\\\/eldigitaldeasturias.com\\\/radio\\\/\",\"name\":\"El Digital de Asturias\",\"description\":\"Diario de informaci\\u00f3n y noticias\",\"inLanguage\":\"es-ES\",\"publisher\":{\"@id\":\"https:\\\/\\\/eldigitaldeasturias.com\\\/radio\\\/#organization\"}}]}\n\t\t<\/script>\n\t\t<!-- All in One SEO Pro -->\r\n\t\t<title>Alemania devuelve a Italia cuadro robado en la II Guerra Mundial | El Digital de Asturias<\/title>\n\n","aioseo_head_json":{"title":"Alemania devuelve a Italia cuadro robado en la II Guerra Mundial | El Digital de Asturias","description":"Florencia, 19 jul (dpa) - Alemania devolvi\u00f3 hoy a la Galer\u00eda de los Uffizi de Florencia un cuadro robado hace 75 a\u00f1os, durante la Segunda Guerra Mundial. El Ministro alem\u00e1n de Asuntos Exteriores, Heiko Maas, entreg\u00f3 el cuadro \"Vaso di Fiori\" (Florero) del pintor holand\u00e9s Jan van Huysum (1682-1749) al Ministro italiano de Cultura, Alberto","canonical_url":"https:\/\/eldigitaldeasturias.com\/radio\/alemania-devuelve-a-italia-cuadro-robado-en-la-ii-guerra-mundial\/","robots":"max-image-preview:large","keywords":"noticias","webmasterTools":{"google-site-verification":"UA-38556648-1","miscellaneous":""},"schema":{"@context":"https:\/\/schema.org","@graph":[{"@type":"BreadcrumbList","@id":"https:\/\/eldigitaldeasturias.com\/radio\/alemania-devuelve-a-italia-cuadro-robado-en-la-ii-guerra-mundial\/#breadcrumblist","itemListElement":[{"@type":"ListItem","@id":"https:\/\/eldigitaldeasturias.com\/radio#listItem","position":1,"name":"Inicio","item":"https:\/\/eldigitaldeasturias.com\/radio","nextItem":{"@type":"ListItem","@id":"https:\/\/eldigitaldeasturias.com\/radio\/category\/noticias\/#listItem","name":"Noticias"}},{"@type":"ListItem","@id":"https:\/\/eldigitaldeasturias.com\/radio\/category\/noticias\/#listItem","position":2,"name":"Noticias","item":"https:\/\/eldigitaldeasturias.com\/radio\/category\/noticias\/","nextItem":{"@type":"ListItem","@id":"https:\/\/eldigitaldeasturias.com\/radio\/alemania-devuelve-a-italia-cuadro-robado-en-la-ii-guerra-mundial\/#listItem","name":"Alemania devuelve a Italia cuadro robado en la II Guerra Mundial"},"previousItem":{"@type":"ListItem","@id":"https:\/\/eldigitaldeasturias.com\/radio#listItem","name":"Inicio"}},{"@type":"ListItem","@id":"https:\/\/eldigitaldeasturias.com\/radio\/alemania-devuelve-a-italia-cuadro-robado-en-la-ii-guerra-mundial\/#listItem","position":3,"name":"Alemania devuelve a Italia cuadro robado en la II Guerra Mundial","previousItem":{"@type":"ListItem","@id":"https:\/\/eldigitaldeasturias.com\/radio\/category\/noticias\/#listItem","name":"Noticias"}}]},{"@type":"NewsArticle","@id":"https:\/\/eldigitaldeasturias.com\/radio\/alemania-devuelve-a-italia-cuadro-robado-en-la-ii-guerra-mundial\/#newsarticle","name":"Alemania devuelve a Italia cuadro robado en la II Guerra Mundial | El Digital de Asturias","headline":"Alemania devuelve a Italia cuadro robado en la II Guerra Mundial","author":{"@id":"https:\/\/eldigitaldeasturias.com\/radio\/author\/nbasturias\/#author"},"publisher":{"@id":"https:\/\/eldigitaldeasturias.com\/radio\/#organization"},"image":{"@type":"ImageObject","url":"https:\/\/eldigitaldeasturias.com\/radio\/wp-content\/uploads\/2019\/07\/Maas-en-Italia-dpa.jpg","width":1008,"height":677,"caption":"Foto: Britta Pedersen\/dpa-Zentralbild\/dpa"},"datePublished":"2019-07-21T00:36:44+02:00","dateModified":"2019-07-21T00:36:44+02:00","inLanguage":"es-ES","mainEntityOfPage":{"@id":"https:\/\/eldigitaldeasturias.com\/radio\/alemania-devuelve-a-italia-cuadro-robado-en-la-ii-guerra-mundial\/#webpage"},"isPartOf":{"@id":"https:\/\/eldigitaldeasturias.com\/radio\/alemania-devuelve-a-italia-cuadro-robado-en-la-ii-guerra-mundial\/#webpage"},"articleSection":"Noticias","dateline":"Publicado el julio 21, 2019."},{"@type":"Organization","@id":"https:\/\/eldigitaldeasturias.com\/radio\/#organization","name":"El digital de Asturias Radio","description":"Diario de informaci\u00f3n y noticias","url":"https:\/\/eldigitaldeasturias.com\/radio\/","telephone":"+34652131393","logo":{"@type":"ImageObject","url":"https:\/\/www.eldigitaldeasturias.com\/radio\/wp-content\/uploads\/2021\/03\/EDA.jpg","@id":"https:\/\/eldigitaldeasturias.com\/radio\/alemania-devuelve-a-italia-cuadro-robado-en-la-ii-guerra-mundial\/#organizationLogo"},"image":{"@id":"https:\/\/eldigitaldeasturias.com\/radio\/alemania-devuelve-a-italia-cuadro-robado-en-la-ii-guerra-mundial\/#organizationLogo"},"sameAs":["https:\/\/www.facebook.com\/","https:\/\/x.com\/bercodi","https:\/\/www.instagram.com\/","https:\/\/www.youtube.com\/channel\/UCZP-2wLEB9Rv6erhFmqVnvg"]},{"@type":"Person","@id":"https:\/\/eldigitaldeasturias.com\/radio\/author\/nbasturias\/#author","url":"https:\/\/eldigitaldeasturias.com\/radio\/author\/nbasturias\/","name":"NBAsturias","image":{"@type":"ImageObject","@id":"https:\/\/eldigitaldeasturias.com\/radio\/alemania-devuelve-a-italia-cuadro-robado-en-la-ii-guerra-mundial\/#authorImage","url":"https:\/\/secure.gravatar.com\/avatar\/df2aeffc32bcd13f8d26072ef8a91b623d677766deac7f97ca815868cd41bf5e?s=96&d=mm&r=g","width":96,"height":96,"caption":"NBAsturias"}},{"@type":"WebPage","@id":"https:\/\/eldigitaldeasturias.com\/radio\/alemania-devuelve-a-italia-cuadro-robado-en-la-ii-guerra-mundial\/#webpage","url":"https:\/\/eldigitaldeasturias.com\/radio\/alemania-devuelve-a-italia-cuadro-robado-en-la-ii-guerra-mundial\/","name":"Alemania devuelve a Italia cuadro robado en la II Guerra Mundial | El Digital de Asturias","description":"Florencia, 19 jul (dpa) - Alemania devolvi\u00f3 hoy a la Galer\u00eda de los Uffizi de Florencia un cuadro robado hace 75 a\u00f1os, durante la Segunda Guerra Mundial. El Ministro alem\u00e1n de Asuntos Exteriores, Heiko Maas, entreg\u00f3 el cuadro \"Vaso di Fiori\" (Florero) del pintor holand\u00e9s Jan van Huysum (1682-1749) al Ministro italiano de Cultura, Alberto","inLanguage":"es-ES","isPartOf":{"@id":"https:\/\/eldigitaldeasturias.com\/radio\/#website"},"breadcrumb":{"@id":"https:\/\/eldigitaldeasturias.com\/radio\/alemania-devuelve-a-italia-cuadro-robado-en-la-ii-guerra-mundial\/#breadcrumblist"},"author":{"@id":"https:\/\/eldigitaldeasturias.com\/radio\/author\/nbasturias\/#author"},"creator":{"@id":"https:\/\/eldigitaldeasturias.com\/radio\/author\/nbasturias\/#author"},"image":{"@type":"ImageObject","url":"https:\/\/eldigitaldeasturias.com\/radio\/wp-content\/uploads\/2019\/07\/Maas-en-Italia-dpa.jpg","@id":"https:\/\/eldigitaldeasturias.com\/radio\/alemania-devuelve-a-italia-cuadro-robado-en-la-ii-guerra-mundial\/#mainImage","width":1008,"height":677,"caption":"Foto: Britta Pedersen\/dpa-Zentralbild\/dpa"},"primaryImageOfPage":{"@id":"https:\/\/eldigitaldeasturias.com\/radio\/alemania-devuelve-a-italia-cuadro-robado-en-la-ii-guerra-mundial\/#mainImage"},"datePublished":"2019-07-21T00:36:44+02:00","dateModified":"2019-07-21T00:36:44+02:00"},{"@type":"WebSite","@id":"https:\/\/eldigitaldeasturias.com\/radio\/#website","url":"https:\/\/eldigitaldeasturias.com\/radio\/","name":"El Digital de Asturias","description":"Diario de informaci\u00f3n y noticias","inLanguage":"es-ES","publisher":{"@id":"https:\/\/eldigitaldeasturias.com\/radio\/#organization"}}]},"og:locale":"es_ES","og:site_name":"El Digital de Asturias | Diario de informaci\u00f3n y noticias","og:type":"article","og:title":"Alemania devuelve a Italia cuadro robado en la II Guerra Mundial | El Digital de Asturias","og:description":"Florencia, 19 jul (dpa) - Alemania devolvi\u00f3 hoy a la Galer\u00eda de los Uffizi de Florencia un cuadro robado hace 75 a\u00f1os, durante la Segunda Guerra Mundial. El Ministro alem\u00e1n de Asuntos Exteriores, Heiko Maas, entreg\u00f3 el cuadro &quot;Vaso di Fiori&quot; (Florero) del pintor holand\u00e9s Jan van Huysum (1682-1749) al Ministro italiano de Cultura, Alberto","og:url":"https:\/\/eldigitaldeasturias.com\/radio\/alemania-devuelve-a-italia-cuadro-robado-en-la-ii-guerra-mundial\/","og:image":"https:\/\/eldigitaldeasturias.com\/radio\/wp-content\/uploads\/2019\/07\/Maas-en-Italia-dpa.jpg","og:image:secure_url":"https:\/\/eldigitaldeasturias.com\/radio\/wp-content\/uploads\/2019\/07\/Maas-en-Italia-dpa.jpg","og:image:width":1008,"og:image:height":677,"article:published_time":"2019-07-21T00:36:44+00:00","article:modified_time":"2019-07-21T00:36:44+00:00","twitter:card":"summary_large_image","twitter:site":"@bercodi","twitter:title":"Alemania devuelve a Italia cuadro robado en la II Guerra Mundial | El Digital de Asturias","twitter:description":"Florencia, 19 jul (dpa) - Alemania devolvi\u00f3 hoy a la Galer\u00eda de los Uffizi de Florencia un cuadro robado hace 75 a\u00f1os, durante la Segunda Guerra Mundial. El Ministro alem\u00e1n de Asuntos Exteriores, Heiko Maas, entreg\u00f3 el cuadro &quot;Vaso di Fiori&quot; (Florero) del pintor holand\u00e9s Jan van Huysum (1682-1749) al Ministro italiano de Cultura, Alberto","twitter:creator":"@bercodi","twitter:image":"https:\/\/eldigitaldeasturias.com\/radio\/wp-content\/uploads\/2019\/07\/Maas-en-Italia-dpa.jpg"},"aioseo_meta_data":{"post_id":"2889","title":null,"description":null,"keywords":null,"keyphrases":null,"primary_term":null,"canonical_url":null,"og_title":null,"og_description":null,"og_object_type":"default","og_image_type":"default","og_image_url":null,"og_image_width":null,"og_image_height":null,"og_image_custom_url":null,"og_image_custom_fields":null,"og_video":null,"og_custom_url":null,"og_article_section":null,"og_article_tags":null,"twitter_use_og":false,"twitter_card":"default","twitter_image_type":"default","twitter_image_url":null,"twitter_image_custom_url":null,"twitter_image_custom_fields":null,"twitter_title":null,"twitter_description":null,"schema":{"blockGraphs":[],"customGraphs":[],"default":{"data":{"Article":[],"Course":[],"Dataset":[],"FAQPage":[],"Movie":[],"Person":[],"Product":[],"ProductReview":[],"Car":[],"Recipe":[],"Service":[],"SoftwareApplication":[],"WebPage":[]},"graphName":"","isEnabled":true},"graphs":[],"defaultGraph":"","defaultPostTypeGraph":""},"schema_type":null,"schema_type_options":null,"pillar_content":false,"robots_default":true,"robots_noindex":false,"robots_noarchive":false,"robots_nosnippet":false,"robots_nofollow":false,"robots_noimageindex":false,"robots_noodp":false,"robots_notranslate":false,"robots_max_snippet":null,"robots_max_videopreview":null,"robots_max_imagepreview":"large","priority":null,"frequency":null,"location":null,"local_seo":null,"seo_analyzer_scan_date":"2025-08-28 13:09:25","breadcrumb_settings":null,"limit_modified_date":false,"open_ai":null,"ai":null,"created":"2021-03-29 05:38:20","updated":"2025-08-28 13:09:25"},"aioseo_breadcrumb":"<div class=\"aioseo-breadcrumbs\"><span class=\"aioseo-breadcrumb\">\n\t<a href=\"https:\/\/eldigitaldeasturias.com\/radio\" title=\"Inicio\">Inicio<\/a>\n<\/span><span class=\"aioseo-breadcrumb-separator\">&ndash;<\/span><span class=\"aioseo-breadcrumb\">\n\t<a href=\"https:\/\/eldigitaldeasturias.com\/radio\/category\/noticias\/\" title=\"Noticias\">Noticias<\/a>\n<\/span><span class=\"aioseo-breadcrumb-separator\">&ndash;<\/span><span class=\"aioseo-breadcrumb\">\n\tAlemania devuelve a Italia cuadro robado en la II Guerra Mundial\n<\/span><\/div>","aioseo_breadcrumb_json":[{"label":"Inicio","link":"https:\/\/eldigitaldeasturias.com\/radio"},{"label":"Noticias","link":"https:\/\/eldigitaldeasturias.com\/radio\/category\/noticias\/"},{"label":"Alemania devuelve a Italia cuadro robado en la II Guerra Mundial","link":"https:\/\/eldigitaldeasturias.com\/radio\/alemania-devuelve-a-italia-cuadro-robado-en-la-ii-guerra-mundial\/"}],"_links":{"self":[{"href":"https:\/\/eldigitaldeasturias.com\/radio\/wp-json\/wp\/v2\/posts\/2889","targetHints":{"allow":["GET"]}}],"collection":[{"href":"https:\/\/eldigitaldeasturias.com\/radio\/wp-json\/wp\/v2\/posts"}],"about":[{"href":"https:\/\/eldigitaldeasturias.com\/radio\/wp-json\/wp\/v2\/types\/post"}],"author":[{"embeddable":true,"href":"https:\/\/eldigitaldeasturias.com\/radio\/wp-json\/wp\/v2\/users\/1"}],"replies":[{"embeddable":true,"href":"https:\/\/eldigitaldeasturias.com\/radio\/wp-json\/wp\/v2\/comments?post=2889"}],"version-history":[{"count":0,"href":"https:\/\/eldigitaldeasturias.com\/radio\/wp-json\/wp\/v2\/posts\/2889\/revisions"}],"wp:featuredmedia":[{"embeddable":true,"href":"https:\/\/eldigitaldeasturias.com\/radio\/wp-json\/wp\/v2\/media\/2890"}],"wp:attachment":[{"href":"https:\/\/eldigitaldeasturias.com\/radio\/wp-json\/wp\/v2\/media?parent=2889"}],"wp:term":[{"taxonomy":"category","embeddable":true,"href":"https:\/\/eldigitaldeasturias.com\/radio\/wp-json\/wp\/v2\/categories?post=2889"},{"taxonomy":"post_tag","embeddable":true,"href":"https:\/\/eldigitaldeasturias.com\/radio\/wp-json\/wp\/v2\/tags?post=2889"}],"curies":[{"name":"wp","href":"https:\/\/api.w.org\/{rel}","templated":true}]}}