{"id":2886,"date":"2019-07-21T00:29:47","date_gmt":"2019-07-21T00:29:47","guid":{"rendered":"http:\/\/eldigitaldeasturias.com\/radio\/?p=2886"},"modified":"2019-07-21T00:29:47","modified_gmt":"2019-07-21T00:29:47","slug":"merkel-espera-llevar-una-vida-sana-tras-su-carrera-politica","status":"publish","type":"post","link":"https:\/\/eldigitaldeasturias.com\/radio\/merkel-espera-llevar-una-vida-sana-tras-su-carrera-politica\/","title":{"rendered":"Merkel espera llevar una vida sana tras su carrera pol\u00edtica"},"content":{"rendered":"<p><img fetchpriority=\"high\" decoding=\"async\" class=\"alignleft size-medium wp-image-2887\" src=\"https:\/\/eldigitaldeasturias.com\/radio\/wp-content\/uploads\/2019\/07\/Merkel-salud-vida-360x239.jpg\" alt=\"\" width=\"360\" height=\"239\" srcset=\"https:\/\/eldigitaldeasturias.com\/radio\/wp-content\/uploads\/2019\/07\/Merkel-salud-vida-360x239.jpg 360w, https:\/\/eldigitaldeasturias.com\/radio\/wp-content\/uploads\/2019\/07\/Merkel-salud-vida-768x511.jpg 768w, https:\/\/eldigitaldeasturias.com\/radio\/wp-content\/uploads\/2019\/07\/Merkel-salud-vida.jpg 1009w\" sizes=\"(max-width: 360px) 100vw, 360px\" \/>Berl\u00edn, 19 jul (dpa) &#8211; La canciller alemana, Angela Merkel, se mostr\u00f3 hoy esperanzada en poder llevar una vida sana una vez que abandone la pol\u00edtica.<\/p>\n<p>La jefa de Gobierno asegur\u00f3 que su carrera pol\u00edtica finalizar\u00e1 en 2021, al final de su actual mandato. \u00abPero espero que entonces haya otra vida. Y me gustar\u00eda continuar as\u00ed de sana\u00bb, declar\u00f3 en la tradicional rueda de prensa que celebra antes de las vacaciones.<\/p>\n<p>Merkel afirm\u00f3 que se encuentra bien, al tiempo que reiter\u00f3: \u00abComo persona, tengo un gran inter\u00e9s en mi salud\u00bb.<\/p>\n<p>La canciller particip\u00f3 sentada en sus dos \u00faltimas recepciones oficiales a jefes de Estado, debido a que en el \u00faltimo mes sufri\u00f3 tres episodios distintos de temblores.<\/p>\n","protected":false},"excerpt":{"rendered":"<p>Berl\u00edn, 19 jul (dpa) &#8211; La canciller alemana, Angela Merkel, se mostr\u00f3 hoy esperanzada en poder llevar una vida sana una vez que abandone la pol\u00edtica. La jefa de Gobierno asegur\u00f3 que su carrera pol\u00edtica finalizar\u00e1 en 2021, al final de su actual mandato. \u00abPero espero que entonces haya otra vida. Y me gustar\u00eda continuar<\/p>\n","protected":false},"author":1,"featured_media":2887,"comment_status":"closed","ping_status":"closed","sticky":false,"template":"","format":"standard","meta":{"footnotes":""},"categories":[1],"tags":[],"class_list":{"0":"post-2886","1":"post","2":"type-post","3":"status-publish","4":"format-standard","5":"has-post-thumbnail","7":"category-noticias"},"aioseo_notices":[],"aioseo_head":"\n\t\t<!-- All in One SEO Pro 4.9.6.2 - aioseo.com -->\n\t<meta name=\"description\" content=\"Berl\u00edn, 19 jul (dpa) - La canciller alemana, Angela Merkel, se mostr\u00f3 hoy esperanzada en poder llevar una vida sana una vez que abandone la pol\u00edtica. La jefa de Gobierno asegur\u00f3 que su carrera pol\u00edtica finalizar\u00e1 en 2021, al final de su actual mandato. &quot;Pero espero que entonces haya otra vida. Y me gustar\u00eda continuar\" \/>\n\t<meta name=\"robots\" content=\"max-image-preview:large\" \/>\n\t<meta name=\"author\" content=\"NBAsturias\"\/>\n\t<meta name=\"google-site-verification\" content=\"UA-38556648-1\" \/>\n\t<meta name=\"keywords\" content=\"noticias\" \/>\n\t<link rel=\"canonical\" href=\"https:\/\/eldigitaldeasturias.com\/radio\/merkel-espera-llevar-una-vida-sana-tras-su-carrera-politica\/\" \/>\n\t<meta name=\"generator\" content=\"All in One SEO Pro (AIOSEO) 4.9.6.2\" \/>\n\t\t<meta property=\"og:locale\" content=\"es_ES\" \/>\n\t\t<meta property=\"og:site_name\" content=\"El Digital de Asturias | Diario de informaci\u00f3n y noticias\" \/>\n\t\t<meta property=\"og:type\" content=\"article\" \/>\n\t\t<meta property=\"og:title\" content=\"Merkel espera llevar una vida sana tras su carrera pol\u00edtica | El Digital de Asturias\" \/>\n\t\t<meta property=\"og:description\" content=\"Berl\u00edn, 19 jul (dpa) - La canciller alemana, Angela Merkel, se mostr\u00f3 hoy esperanzada en poder llevar una vida sana una vez que abandone la pol\u00edtica. La jefa de Gobierno asegur\u00f3 que su carrera pol\u00edtica finalizar\u00e1 en 2021, al final de su actual mandato. &quot;Pero espero que entonces haya otra vida. Y me gustar\u00eda continuar\" \/>\n\t\t<meta property=\"og:url\" content=\"https:\/\/eldigitaldeasturias.com\/radio\/merkel-espera-llevar-una-vida-sana-tras-su-carrera-politica\/\" \/>\n\t\t<meta property=\"og:image\" content=\"https:\/\/eldigitaldeasturias.com\/radio\/wp-content\/uploads\/2019\/07\/Merkel-salud-vida.jpg\" \/>\n\t\t<meta property=\"og:image:secure_url\" content=\"https:\/\/eldigitaldeasturias.com\/radio\/wp-content\/uploads\/2019\/07\/Merkel-salud-vida.jpg\" \/>\n\t\t<meta property=\"og:image:width\" content=\"1009\" \/>\n\t\t<meta property=\"og:image:height\" content=\"671\" \/>\n\t\t<meta property=\"article:published_time\" content=\"2019-07-21T00:29:47+00:00\" \/>\n\t\t<meta property=\"article:modified_time\" content=\"2019-07-21T00:29:47+00:00\" \/>\n\t\t<meta name=\"twitter:card\" content=\"summary_large_image\" \/>\n\t\t<meta name=\"twitter:site\" content=\"@bercodi\" \/>\n\t\t<meta name=\"twitter:title\" content=\"Merkel espera llevar una vida sana tras su carrera pol\u00edtica | El Digital de Asturias\" \/>\n\t\t<meta name=\"twitter:description\" content=\"Berl\u00edn, 19 jul (dpa) - La canciller alemana, Angela Merkel, se mostr\u00f3 hoy esperanzada en poder llevar una vida sana una vez que abandone la pol\u00edtica. La jefa de Gobierno asegur\u00f3 que su carrera pol\u00edtica finalizar\u00e1 en 2021, al final de su actual mandato. &quot;Pero espero que entonces haya otra vida. Y me gustar\u00eda continuar\" \/>\n\t\t<meta name=\"twitter:creator\" content=\"@bercodi\" \/>\n\t\t<meta name=\"twitter:image\" content=\"https:\/\/eldigitaldeasturias.com\/radio\/wp-content\/uploads\/2019\/07\/Merkel-salud-vida.jpg\" \/>\n\t\t<script type=\"application\/ld+json\" class=\"aioseo-schema\">\n\t\t\t{\"@context\":\"https:\\\/\\\/schema.org\",\"@graph\":[{\"@type\":\"BreadcrumbList\",\"@id\":\"https:\\\/\\\/eldigitaldeasturias.com\\\/radio\\\/merkel-espera-llevar-una-vida-sana-tras-su-carrera-politica\\\/#breadcrumblist\",\"itemListElement\":[{\"@type\":\"ListItem\",\"@id\":\"https:\\\/\\\/eldigitaldeasturias.com\\\/radio#listItem\",\"position\":1,\"name\":\"Inicio\",\"item\":\"https:\\\/\\\/eldigitaldeasturias.com\\\/radio\",\"nextItem\":{\"@type\":\"ListItem\",\"@id\":\"https:\\\/\\\/eldigitaldeasturias.com\\\/radio\\\/category\\\/noticias\\\/#listItem\",\"name\":\"Noticias\"}},{\"@type\":\"ListItem\",\"@id\":\"https:\\\/\\\/eldigitaldeasturias.com\\\/radio\\\/category\\\/noticias\\\/#listItem\",\"position\":2,\"name\":\"Noticias\",\"item\":\"https:\\\/\\\/eldigitaldeasturias.com\\\/radio\\\/category\\\/noticias\\\/\",\"nextItem\":{\"@type\":\"ListItem\",\"@id\":\"https:\\\/\\\/eldigitaldeasturias.com\\\/radio\\\/merkel-espera-llevar-una-vida-sana-tras-su-carrera-politica\\\/#listItem\",\"name\":\"Merkel espera llevar una vida sana tras su carrera pol\\u00edtica\"},\"previousItem\":{\"@type\":\"ListItem\",\"@id\":\"https:\\\/\\\/eldigitaldeasturias.com\\\/radio#listItem\",\"name\":\"Inicio\"}},{\"@type\":\"ListItem\",\"@id\":\"https:\\\/\\\/eldigitaldeasturias.com\\\/radio\\\/merkel-espera-llevar-una-vida-sana-tras-su-carrera-politica\\\/#listItem\",\"position\":3,\"name\":\"Merkel espera llevar una vida sana tras su carrera pol\\u00edtica\",\"previousItem\":{\"@type\":\"ListItem\",\"@id\":\"https:\\\/\\\/eldigitaldeasturias.com\\\/radio\\\/category\\\/noticias\\\/#listItem\",\"name\":\"Noticias\"}}]},{\"@type\":\"NewsArticle\",\"@id\":\"https:\\\/\\\/eldigitaldeasturias.com\\\/radio\\\/merkel-espera-llevar-una-vida-sana-tras-su-carrera-politica\\\/#newsarticle\",\"name\":\"Merkel espera llevar una vida sana tras su carrera pol\\u00edtica | El Digital de Asturias\",\"headline\":\"Merkel espera llevar una vida sana tras su carrera pol\\u00edtica\",\"author\":{\"@id\":\"https:\\\/\\\/eldigitaldeasturias.com\\\/radio\\\/author\\\/nbasturias\\\/#author\"},\"publisher\":{\"@id\":\"https:\\\/\\\/eldigitaldeasturias.com\\\/radio\\\/#organization\"},\"image\":{\"@type\":\"ImageObject\",\"url\":\"https:\\\/\\\/eldigitaldeasturias.com\\\/radio\\\/wp-content\\\/uploads\\\/2019\\\/07\\\/Merkel-salud-vida.jpg\",\"width\":1009,\"height\":671},\"datePublished\":\"2019-07-21T00:29:47+02:00\",\"dateModified\":\"2019-07-21T00:29:47+02:00\",\"inLanguage\":\"es-ES\",\"mainEntityOfPage\":{\"@id\":\"https:\\\/\\\/eldigitaldeasturias.com\\\/radio\\\/merkel-espera-llevar-una-vida-sana-tras-su-carrera-politica\\\/#webpage\"},\"isPartOf\":{\"@id\":\"https:\\\/\\\/eldigitaldeasturias.com\\\/radio\\\/merkel-espera-llevar-una-vida-sana-tras-su-carrera-politica\\\/#webpage\"},\"articleSection\":\"Noticias\",\"dateline\":\"Publicado el julio 21, 2019.\"},{\"@type\":\"Organization\",\"@id\":\"https:\\\/\\\/eldigitaldeasturias.com\\\/radio\\\/#organization\",\"name\":\"El digital de Asturias Radio\",\"description\":\"Diario de informaci\\u00f3n y noticias\",\"url\":\"https:\\\/\\\/eldigitaldeasturias.com\\\/radio\\\/\",\"telephone\":\"+34652131393\",\"logo\":{\"@type\":\"ImageObject\",\"url\":\"https:\\\/\\\/www.eldigitaldeasturias.com\\\/radio\\\/wp-content\\\/uploads\\\/2021\\\/03\\\/EDA.jpg\",\"@id\":\"https:\\\/\\\/eldigitaldeasturias.com\\\/radio\\\/merkel-espera-llevar-una-vida-sana-tras-su-carrera-politica\\\/#organizationLogo\"},\"image\":{\"@id\":\"https:\\\/\\\/eldigitaldeasturias.com\\\/radio\\\/merkel-espera-llevar-una-vida-sana-tras-su-carrera-politica\\\/#organizationLogo\"},\"sameAs\":[\"https:\\\/\\\/www.facebook.com\\\/\",\"https:\\\/\\\/x.com\\\/bercodi\",\"https:\\\/\\\/www.instagram.com\\\/\",\"https:\\\/\\\/www.youtube.com\\\/channel\\\/UCZP-2wLEB9Rv6erhFmqVnvg\"]},{\"@type\":\"Person\",\"@id\":\"https:\\\/\\\/eldigitaldeasturias.com\\\/radio\\\/author\\\/nbasturias\\\/#author\",\"url\":\"https:\\\/\\\/eldigitaldeasturias.com\\\/radio\\\/author\\\/nbasturias\\\/\",\"name\":\"NBAsturias\",\"image\":{\"@type\":\"ImageObject\",\"@id\":\"https:\\\/\\\/eldigitaldeasturias.com\\\/radio\\\/merkel-espera-llevar-una-vida-sana-tras-su-carrera-politica\\\/#authorImage\",\"url\":\"https:\\\/\\\/secure.gravatar.com\\\/avatar\\\/df2aeffc32bcd13f8d26072ef8a91b623d677766deac7f97ca815868cd41bf5e?s=96&d=mm&r=g\",\"width\":96,\"height\":96,\"caption\":\"NBAsturias\"}},{\"@type\":\"WebPage\",\"@id\":\"https:\\\/\\\/eldigitaldeasturias.com\\\/radio\\\/merkel-espera-llevar-una-vida-sana-tras-su-carrera-politica\\\/#webpage\",\"url\":\"https:\\\/\\\/eldigitaldeasturias.com\\\/radio\\\/merkel-espera-llevar-una-vida-sana-tras-su-carrera-politica\\\/\",\"name\":\"Merkel espera llevar una vida sana tras su carrera pol\\u00edtica | El Digital de Asturias\",\"description\":\"Berl\\u00edn, 19 jul (dpa) - La canciller alemana, Angela Merkel, se mostr\\u00f3 hoy esperanzada en poder llevar una vida sana una vez que abandone la pol\\u00edtica. La jefa de Gobierno asegur\\u00f3 que su carrera pol\\u00edtica finalizar\\u00e1 en 2021, al final de su actual mandato. \\\"Pero espero que entonces haya otra vida. Y me gustar\\u00eda continuar\",\"inLanguage\":\"es-ES\",\"isPartOf\":{\"@id\":\"https:\\\/\\\/eldigitaldeasturias.com\\\/radio\\\/#website\"},\"breadcrumb\":{\"@id\":\"https:\\\/\\\/eldigitaldeasturias.com\\\/radio\\\/merkel-espera-llevar-una-vida-sana-tras-su-carrera-politica\\\/#breadcrumblist\"},\"author\":{\"@id\":\"https:\\\/\\\/eldigitaldeasturias.com\\\/radio\\\/author\\\/nbasturias\\\/#author\"},\"creator\":{\"@id\":\"https:\\\/\\\/eldigitaldeasturias.com\\\/radio\\\/author\\\/nbasturias\\\/#author\"},\"image\":{\"@type\":\"ImageObject\",\"url\":\"https:\\\/\\\/eldigitaldeasturias.com\\\/radio\\\/wp-content\\\/uploads\\\/2019\\\/07\\\/Merkel-salud-vida.jpg\",\"@id\":\"https:\\\/\\\/eldigitaldeasturias.com\\\/radio\\\/merkel-espera-llevar-una-vida-sana-tras-su-carrera-politica\\\/#mainImage\",\"width\":1009,\"height\":671},\"primaryImageOfPage\":{\"@id\":\"https:\\\/\\\/eldigitaldeasturias.com\\\/radio\\\/merkel-espera-llevar-una-vida-sana-tras-su-carrera-politica\\\/#mainImage\"},\"datePublished\":\"2019-07-21T00:29:47+02:00\",\"dateModified\":\"2019-07-21T00:29:47+02:00\"},{\"@type\":\"WebSite\",\"@id\":\"https:\\\/\\\/eldigitaldeasturias.com\\\/radio\\\/#website\",\"url\":\"https:\\\/\\\/eldigitaldeasturias.com\\\/radio\\\/\",\"name\":\"El Digital de Asturias\",\"description\":\"Diario de informaci\\u00f3n y noticias\",\"inLanguage\":\"es-ES\",\"publisher\":{\"@id\":\"https:\\\/\\\/eldigitaldeasturias.com\\\/radio\\\/#organization\"}}]}\n\t\t<\/script>\n\t\t<!-- All in One SEO Pro -->\r\n\t\t<title>Merkel espera llevar una vida sana tras su carrera pol\u00edtica | El Digital de Asturias<\/title>\n\n","aioseo_head_json":{"title":"Merkel espera llevar una vida sana tras su carrera pol\u00edtica | El Digital de Asturias","description":"Berl\u00edn, 19 jul (dpa) - La canciller alemana, Angela Merkel, se mostr\u00f3 hoy esperanzada en poder llevar una vida sana una vez que abandone la pol\u00edtica. La jefa de Gobierno asegur\u00f3 que su carrera pol\u00edtica finalizar\u00e1 en 2021, al final de su actual mandato. \"Pero espero que entonces haya otra vida. Y me gustar\u00eda continuar","canonical_url":"https:\/\/eldigitaldeasturias.com\/radio\/merkel-espera-llevar-una-vida-sana-tras-su-carrera-politica\/","robots":"max-image-preview:large","keywords":"noticias","webmasterTools":{"google-site-verification":"UA-38556648-1","miscellaneous":""},"schema":{"@context":"https:\/\/schema.org","@graph":[{"@type":"BreadcrumbList","@id":"https:\/\/eldigitaldeasturias.com\/radio\/merkel-espera-llevar-una-vida-sana-tras-su-carrera-politica\/#breadcrumblist","itemListElement":[{"@type":"ListItem","@id":"https:\/\/eldigitaldeasturias.com\/radio#listItem","position":1,"name":"Inicio","item":"https:\/\/eldigitaldeasturias.com\/radio","nextItem":{"@type":"ListItem","@id":"https:\/\/eldigitaldeasturias.com\/radio\/category\/noticias\/#listItem","name":"Noticias"}},{"@type":"ListItem","@id":"https:\/\/eldigitaldeasturias.com\/radio\/category\/noticias\/#listItem","position":2,"name":"Noticias","item":"https:\/\/eldigitaldeasturias.com\/radio\/category\/noticias\/","nextItem":{"@type":"ListItem","@id":"https:\/\/eldigitaldeasturias.com\/radio\/merkel-espera-llevar-una-vida-sana-tras-su-carrera-politica\/#listItem","name":"Merkel espera llevar una vida sana tras su carrera pol\u00edtica"},"previousItem":{"@type":"ListItem","@id":"https:\/\/eldigitaldeasturias.com\/radio#listItem","name":"Inicio"}},{"@type":"ListItem","@id":"https:\/\/eldigitaldeasturias.com\/radio\/merkel-espera-llevar-una-vida-sana-tras-su-carrera-politica\/#listItem","position":3,"name":"Merkel espera llevar una vida sana tras su carrera pol\u00edtica","previousItem":{"@type":"ListItem","@id":"https:\/\/eldigitaldeasturias.com\/radio\/category\/noticias\/#listItem","name":"Noticias"}}]},{"@type":"NewsArticle","@id":"https:\/\/eldigitaldeasturias.com\/radio\/merkel-espera-llevar-una-vida-sana-tras-su-carrera-politica\/#newsarticle","name":"Merkel espera llevar una vida sana tras su carrera pol\u00edtica | El Digital de Asturias","headline":"Merkel espera llevar una vida sana tras su carrera pol\u00edtica","author":{"@id":"https:\/\/eldigitaldeasturias.com\/radio\/author\/nbasturias\/#author"},"publisher":{"@id":"https:\/\/eldigitaldeasturias.com\/radio\/#organization"},"image":{"@type":"ImageObject","url":"https:\/\/eldigitaldeasturias.com\/radio\/wp-content\/uploads\/2019\/07\/Merkel-salud-vida.jpg","width":1009,"height":671},"datePublished":"2019-07-21T00:29:47+02:00","dateModified":"2019-07-21T00:29:47+02:00","inLanguage":"es-ES","mainEntityOfPage":{"@id":"https:\/\/eldigitaldeasturias.com\/radio\/merkel-espera-llevar-una-vida-sana-tras-su-carrera-politica\/#webpage"},"isPartOf":{"@id":"https:\/\/eldigitaldeasturias.com\/radio\/merkel-espera-llevar-una-vida-sana-tras-su-carrera-politica\/#webpage"},"articleSection":"Noticias","dateline":"Publicado el julio 21, 2019."},{"@type":"Organization","@id":"https:\/\/eldigitaldeasturias.com\/radio\/#organization","name":"El digital de Asturias Radio","description":"Diario de informaci\u00f3n y noticias","url":"https:\/\/eldigitaldeasturias.com\/radio\/","telephone":"+34652131393","logo":{"@type":"ImageObject","url":"https:\/\/www.eldigitaldeasturias.com\/radio\/wp-content\/uploads\/2021\/03\/EDA.jpg","@id":"https:\/\/eldigitaldeasturias.com\/radio\/merkel-espera-llevar-una-vida-sana-tras-su-carrera-politica\/#organizationLogo"},"image":{"@id":"https:\/\/eldigitaldeasturias.com\/radio\/merkel-espera-llevar-una-vida-sana-tras-su-carrera-politica\/#organizationLogo"},"sameAs":["https:\/\/www.facebook.com\/","https:\/\/x.com\/bercodi","https:\/\/www.instagram.com\/","https:\/\/www.youtube.com\/channel\/UCZP-2wLEB9Rv6erhFmqVnvg"]},{"@type":"Person","@id":"https:\/\/eldigitaldeasturias.com\/radio\/author\/nbasturias\/#author","url":"https:\/\/eldigitaldeasturias.com\/radio\/author\/nbasturias\/","name":"NBAsturias","image":{"@type":"ImageObject","@id":"https:\/\/eldigitaldeasturias.com\/radio\/merkel-espera-llevar-una-vida-sana-tras-su-carrera-politica\/#authorImage","url":"https:\/\/secure.gravatar.com\/avatar\/df2aeffc32bcd13f8d26072ef8a91b623d677766deac7f97ca815868cd41bf5e?s=96&d=mm&r=g","width":96,"height":96,"caption":"NBAsturias"}},{"@type":"WebPage","@id":"https:\/\/eldigitaldeasturias.com\/radio\/merkel-espera-llevar-una-vida-sana-tras-su-carrera-politica\/#webpage","url":"https:\/\/eldigitaldeasturias.com\/radio\/merkel-espera-llevar-una-vida-sana-tras-su-carrera-politica\/","name":"Merkel espera llevar una vida sana tras su carrera pol\u00edtica | El Digital de Asturias","description":"Berl\u00edn, 19 jul (dpa) - La canciller alemana, Angela Merkel, se mostr\u00f3 hoy esperanzada en poder llevar una vida sana una vez que abandone la pol\u00edtica. La jefa de Gobierno asegur\u00f3 que su carrera pol\u00edtica finalizar\u00e1 en 2021, al final de su actual mandato. \"Pero espero que entonces haya otra vida. Y me gustar\u00eda continuar","inLanguage":"es-ES","isPartOf":{"@id":"https:\/\/eldigitaldeasturias.com\/radio\/#website"},"breadcrumb":{"@id":"https:\/\/eldigitaldeasturias.com\/radio\/merkel-espera-llevar-una-vida-sana-tras-su-carrera-politica\/#breadcrumblist"},"author":{"@id":"https:\/\/eldigitaldeasturias.com\/radio\/author\/nbasturias\/#author"},"creator":{"@id":"https:\/\/eldigitaldeasturias.com\/radio\/author\/nbasturias\/#author"},"image":{"@type":"ImageObject","url":"https:\/\/eldigitaldeasturias.com\/radio\/wp-content\/uploads\/2019\/07\/Merkel-salud-vida.jpg","@id":"https:\/\/eldigitaldeasturias.com\/radio\/merkel-espera-llevar-una-vida-sana-tras-su-carrera-politica\/#mainImage","width":1009,"height":671},"primaryImageOfPage":{"@id":"https:\/\/eldigitaldeasturias.com\/radio\/merkel-espera-llevar-una-vida-sana-tras-su-carrera-politica\/#mainImage"},"datePublished":"2019-07-21T00:29:47+02:00","dateModified":"2019-07-21T00:29:47+02:00"},{"@type":"WebSite","@id":"https:\/\/eldigitaldeasturias.com\/radio\/#website","url":"https:\/\/eldigitaldeasturias.com\/radio\/","name":"El Digital de Asturias","description":"Diario de informaci\u00f3n y noticias","inLanguage":"es-ES","publisher":{"@id":"https:\/\/eldigitaldeasturias.com\/radio\/#organization"}}]},"og:locale":"es_ES","og:site_name":"El Digital de Asturias | Diario de informaci\u00f3n y noticias","og:type":"article","og:title":"Merkel espera llevar una vida sana tras su carrera pol\u00edtica | El Digital de Asturias","og:description":"Berl\u00edn, 19 jul (dpa) - La canciller alemana, Angela Merkel, se mostr\u00f3 hoy esperanzada en poder llevar una vida sana una vez que abandone la pol\u00edtica. La jefa de Gobierno asegur\u00f3 que su carrera pol\u00edtica finalizar\u00e1 en 2021, al final de su actual mandato. &quot;Pero espero que entonces haya otra vida. Y me gustar\u00eda continuar","og:url":"https:\/\/eldigitaldeasturias.com\/radio\/merkel-espera-llevar-una-vida-sana-tras-su-carrera-politica\/","og:image":"https:\/\/eldigitaldeasturias.com\/radio\/wp-content\/uploads\/2019\/07\/Merkel-salud-vida.jpg","og:image:secure_url":"https:\/\/eldigitaldeasturias.com\/radio\/wp-content\/uploads\/2019\/07\/Merkel-salud-vida.jpg","og:image:width":1009,"og:image:height":671,"article:published_time":"2019-07-21T00:29:47+00:00","article:modified_time":"2019-07-21T00:29:47+00:00","twitter:card":"summary_large_image","twitter:site":"@bercodi","twitter:title":"Merkel espera llevar una vida sana tras su carrera pol\u00edtica | El Digital de Asturias","twitter:description":"Berl\u00edn, 19 jul (dpa) - La canciller alemana, Angela Merkel, se mostr\u00f3 hoy esperanzada en poder llevar una vida sana una vez que abandone la pol\u00edtica. La jefa de Gobierno asegur\u00f3 que su carrera pol\u00edtica finalizar\u00e1 en 2021, al final de su actual mandato. &quot;Pero espero que entonces haya otra vida. Y me gustar\u00eda continuar","twitter:creator":"@bercodi","twitter:image":"https:\/\/eldigitaldeasturias.com\/radio\/wp-content\/uploads\/2019\/07\/Merkel-salud-vida.jpg"},"aioseo_meta_data":{"post_id":"2886","title":null,"description":null,"keywords":null,"keyphrases":null,"primary_term":null,"canonical_url":null,"og_title":null,"og_description":null,"og_object_type":"default","og_image_type":"default","og_image_url":null,"og_image_width":null,"og_image_height":null,"og_image_custom_url":null,"og_image_custom_fields":null,"og_video":null,"og_custom_url":null,"og_article_section":null,"og_article_tags":null,"twitter_use_og":false,"twitter_card":"default","twitter_image_type":"default","twitter_image_url":null,"twitter_image_custom_url":null,"twitter_image_custom_fields":null,"twitter_title":null,"twitter_description":null,"schema":{"blockGraphs":[],"customGraphs":[],"default":{"data":{"Article":[],"Course":[],"Dataset":[],"FAQPage":[],"Movie":[],"Person":[],"Product":[],"ProductReview":[],"Car":[],"Recipe":[],"Service":[],"SoftwareApplication":[],"WebPage":[]},"graphName":"","isEnabled":true},"graphs":[],"defaultGraph":"","defaultPostTypeGraph":""},"schema_type":null,"schema_type_options":null,"pillar_content":false,"robots_default":true,"robots_noindex":false,"robots_noarchive":false,"robots_nosnippet":false,"robots_nofollow":false,"robots_noimageindex":false,"robots_noodp":false,"robots_notranslate":false,"robots_max_snippet":null,"robots_max_videopreview":null,"robots_max_imagepreview":"large","priority":null,"frequency":null,"location":null,"local_seo":null,"seo_analyzer_scan_date":"2025-08-28 13:09:24","breadcrumb_settings":null,"limit_modified_date":false,"open_ai":null,"ai":null,"created":"2021-03-31 08:57:24","updated":"2025-08-28 13:09:24"},"aioseo_breadcrumb":"<div class=\"aioseo-breadcrumbs\"><span class=\"aioseo-breadcrumb\">\n\t<a href=\"https:\/\/eldigitaldeasturias.com\/radio\" title=\"Inicio\">Inicio<\/a>\n<\/span><span class=\"aioseo-breadcrumb-separator\">&ndash;<\/span><span class=\"aioseo-breadcrumb\">\n\t<a href=\"https:\/\/eldigitaldeasturias.com\/radio\/category\/noticias\/\" title=\"Noticias\">Noticias<\/a>\n<\/span><span class=\"aioseo-breadcrumb-separator\">&ndash;<\/span><span class=\"aioseo-breadcrumb\">\n\tMerkel espera llevar una vida sana tras su carrera pol\u00edtica\n<\/span><\/div>","aioseo_breadcrumb_json":[{"label":"Inicio","link":"https:\/\/eldigitaldeasturias.com\/radio"},{"label":"Noticias","link":"https:\/\/eldigitaldeasturias.com\/radio\/category\/noticias\/"},{"label":"Merkel espera llevar una vida sana tras su carrera pol\u00edtica","link":"https:\/\/eldigitaldeasturias.com\/radio\/merkel-espera-llevar-una-vida-sana-tras-su-carrera-politica\/"}],"_links":{"self":[{"href":"https:\/\/eldigitaldeasturias.com\/radio\/wp-json\/wp\/v2\/posts\/2886","targetHints":{"allow":["GET"]}}],"collection":[{"href":"https:\/\/eldigitaldeasturias.com\/radio\/wp-json\/wp\/v2\/posts"}],"about":[{"href":"https:\/\/eldigitaldeasturias.com\/radio\/wp-json\/wp\/v2\/types\/post"}],"author":[{"embeddable":true,"href":"https:\/\/eldigitaldeasturias.com\/radio\/wp-json\/wp\/v2\/users\/1"}],"replies":[{"embeddable":true,"href":"https:\/\/eldigitaldeasturias.com\/radio\/wp-json\/wp\/v2\/comments?post=2886"}],"version-history":[{"count":0,"href":"https:\/\/eldigitaldeasturias.com\/radio\/wp-json\/wp\/v2\/posts\/2886\/revisions"}],"wp:featuredmedia":[{"embeddable":true,"href":"https:\/\/eldigitaldeasturias.com\/radio\/wp-json\/wp\/v2\/media\/2887"}],"wp:attachment":[{"href":"https:\/\/eldigitaldeasturias.com\/radio\/wp-json\/wp\/v2\/media?parent=2886"}],"wp:term":[{"taxonomy":"category","embeddable":true,"href":"https:\/\/eldigitaldeasturias.com\/radio\/wp-json\/wp\/v2\/categories?post=2886"},{"taxonomy":"post_tag","embeddable":true,"href":"https:\/\/eldigitaldeasturias.com\/radio\/wp-json\/wp\/v2\/tags?post=2886"}],"curies":[{"name":"wp","href":"https:\/\/api.w.org\/{rel}","templated":true}]}}