{"id":2884,"date":"2019-07-21T00:25:42","date_gmt":"2019-07-21T00:25:42","guid":{"rendered":"http:\/\/eldigitaldeasturias.com\/radio\/?p=2884"},"modified":"2019-07-21T00:25:42","modified_gmt":"2019-07-21T00:25:42","slug":"iglesias-catolica-y-evangelica-alemanas-siguen-perdiendo-feligreses","status":"publish","type":"post","link":"https:\/\/eldigitaldeasturias.com\/radio\/iglesias-catolica-y-evangelica-alemanas-siguen-perdiendo-feligreses\/","title":{"rendered":"Iglesias cat\u00f3lica y evang\u00e9lica alemanas siguen perdiendo feligreses"},"content":{"rendered":"<p>Bonn\/Hannover (Alemania), 19 jul (dpa) \u2013 Las Iglesias cat\u00f3lica y evang\u00e9lica alemanas perdieron en 2018 m\u00e1s de 200.000 fieles cada una, seg\u00fan anunciaron hoy la Conferencia Episcopal Alemana y la Iglesia Evang\u00e9lica Alemana (EKD).<\/p>\n<p>Alrededor de 216.000 personas abandonaron la Iglesia cat\u00f3lica en 2018, seg\u00fan se anunci\u00f3 hoy en Bonn, lo que representa una p\u00e9rdida de 48.500 fieles m\u00e1s que en 2017, cuando la cifra descendi\u00f3 en 167.500 personas. El n\u00famero total de cat\u00f3licos en Alemania se redujo el a\u00f1o pasado a 23 millones.<\/p>\n<p>El mismo a\u00f1o, otras 220.000 personas abandonaron la otra Iglesia mayoritaria en Alemania, la evang\u00e9lica, seg\u00fan anunci\u00f3 EKD en Hannover. Esta reducci\u00f3n supone un incremento de la p\u00e9rdida de fieles protestantes del 11,6 por ciento respecto al a\u00f1o anterior. El n\u00famero total se redujo a 21 millones, en una proporci\u00f3n similar a la de 2017.<\/p>\n<p>Heinrich Bedford-Strohm, presidente del consejo de la EKD, dijo que cada abandono era doloroso, pero destac\u00f3 que a diferencia de lo que ocurr\u00eda en el pasado, hoy es posible decidir libremente si se quiere pertenecer a la Iglesia o no. \u00abAgradecemos a todas las personas que deciden por convicci\u00f3n ser part\u00edcipes de su Iglesia\u00bb, se\u00f1al\u00f3.<\/p>\n<p>Por su parte, Hans Langend\u00f6rfer, Secretario de la Conferencia Episcopal Alemana, calific\u00f3 el descenso de fieles cat\u00f3licos como \u00abalarmante\u00bb y lo atribuy\u00f3, entre otras razones, al informe sobre abusos en el seno de la Iglesia publicado en septiembre, que provoc\u00f3 un gran debate.<\/p>\n<p>\u00abMucha gente ya no cree que tomamos medidas firmes y coherentes contra los autores\u00bb de los abusos, explic\u00f3 Langend\u00f6rfer a dpa.<\/p>\n","protected":false},"excerpt":{"rendered":"<p>Bonn\/Hannover (Alemania), 19 jul (dpa) \u2013 Las Iglesias cat\u00f3lica y evang\u00e9lica alemanas perdieron en 2018 m\u00e1s de 200.000 fieles cada una, seg\u00fan anunciaron hoy la Conferencia Episcopal Alemana y la Iglesia Evang\u00e9lica Alemana (EKD). Alrededor de 216.000 personas abandonaron la Iglesia cat\u00f3lica en 2018, seg\u00fan se anunci\u00f3 hoy en Bonn, lo que representa una p\u00e9rdida<\/p>\n","protected":false},"author":1,"featured_media":62,"comment_status":"closed","ping_status":"closed","sticky":false,"template":"","format":"standard","meta":{"footnotes":""},"categories":[1],"tags":[],"class_list":{"0":"post-2884","1":"post","2":"type-post","3":"status-publish","4":"format-standard","5":"has-post-thumbnail","7":"category-noticias"},"aioseo_notices":[],"aioseo_head":"\n\t\t<!-- All in One SEO Pro 4.9.6.2 - aioseo.com -->\n\t<meta name=\"description\" content=\"Bonn\/Hannover (Alemania), 19 jul (dpa) \u2013 Las Iglesias cat\u00f3lica y evang\u00e9lica alemanas perdieron en 2018 m\u00e1s de 200.000 fieles cada una, seg\u00fan anunciaron hoy la Conferencia Episcopal Alemana y la Iglesia Evang\u00e9lica Alemana (EKD). Alrededor de 216.000 personas abandonaron la Iglesia cat\u00f3lica en 2018, seg\u00fan se anunci\u00f3 hoy en Bonn, lo que representa una p\u00e9rdida\" \/>\n\t<meta name=\"robots\" content=\"max-image-preview:large\" \/>\n\t<meta name=\"author\" content=\"NBAsturias\"\/>\n\t<meta name=\"google-site-verification\" content=\"UA-38556648-1\" \/>\n\t<meta name=\"keywords\" content=\"noticias\" \/>\n\t<link rel=\"canonical\" href=\"https:\/\/eldigitaldeasturias.com\/radio\/iglesias-catolica-y-evangelica-alemanas-siguen-perdiendo-feligreses\/\" \/>\n\t<meta name=\"generator\" content=\"All in One SEO Pro (AIOSEO) 4.9.6.2\" \/>\n\t\t<meta property=\"og:locale\" content=\"es_ES\" \/>\n\t\t<meta property=\"og:site_name\" content=\"El Digital de Asturias | Diario de informaci\u00f3n y noticias\" \/>\n\t\t<meta property=\"og:type\" content=\"article\" \/>\n\t\t<meta property=\"og:title\" content=\"Iglesias cat\u00f3lica y evang\u00e9lica alemanas siguen perdiendo feligreses | El Digital de Asturias\" \/>\n\t\t<meta property=\"og:description\" content=\"Bonn\/Hannover (Alemania), 19 jul (dpa) \u2013 Las Iglesias cat\u00f3lica y evang\u00e9lica alemanas perdieron en 2018 m\u00e1s de 200.000 fieles cada una, seg\u00fan anunciaron hoy la Conferencia Episcopal Alemana y la Iglesia Evang\u00e9lica Alemana (EKD). Alrededor de 216.000 personas abandonaron la Iglesia cat\u00f3lica en 2018, seg\u00fan se anunci\u00f3 hoy en Bonn, lo que representa una p\u00e9rdida\" \/>\n\t\t<meta property=\"og:url\" content=\"https:\/\/eldigitaldeasturias.com\/radio\/iglesias-catolica-y-evangelica-alemanas-siguen-perdiendo-feligreses\/\" \/>\n\t\t<meta property=\"og:image\" content=\"https:\/\/eldigitaldeasturias.com\/radio\/wp-content\/uploads\/2018\/03\/macbook-577758_1280.jpg\" \/>\n\t\t<meta property=\"og:image:secure_url\" content=\"https:\/\/eldigitaldeasturias.com\/radio\/wp-content\/uploads\/2018\/03\/macbook-577758_1280.jpg\" \/>\n\t\t<meta property=\"og:image:width\" content=\"1280\" \/>\n\t\t<meta property=\"og:image:height\" content=\"850\" \/>\n\t\t<meta property=\"article:published_time\" content=\"2019-07-21T00:25:42+00:00\" \/>\n\t\t<meta property=\"article:modified_time\" content=\"2019-07-21T00:25:42+00:00\" \/>\n\t\t<meta name=\"twitter:card\" content=\"summary_large_image\" \/>\n\t\t<meta name=\"twitter:site\" content=\"@bercodi\" \/>\n\t\t<meta name=\"twitter:title\" content=\"Iglesias cat\u00f3lica y evang\u00e9lica alemanas siguen perdiendo feligreses | El Digital de Asturias\" \/>\n\t\t<meta name=\"twitter:description\" content=\"Bonn\/Hannover (Alemania), 19 jul (dpa) \u2013 Las Iglesias cat\u00f3lica y evang\u00e9lica alemanas perdieron en 2018 m\u00e1s de 200.000 fieles cada una, seg\u00fan anunciaron hoy la Conferencia Episcopal Alemana y la Iglesia Evang\u00e9lica Alemana (EKD). Alrededor de 216.000 personas abandonaron la Iglesia cat\u00f3lica en 2018, seg\u00fan se anunci\u00f3 hoy en Bonn, lo que representa una p\u00e9rdida\" \/>\n\t\t<meta name=\"twitter:creator\" content=\"@bercodi\" \/>\n\t\t<meta name=\"twitter:image\" content=\"https:\/\/eldigitaldeasturias.com\/radio\/wp-content\/uploads\/2018\/03\/macbook-577758_1280.jpg\" \/>\n\t\t<script type=\"application\/ld+json\" class=\"aioseo-schema\">\n\t\t\t{\"@context\":\"https:\\\/\\\/schema.org\",\"@graph\":[{\"@type\":\"BreadcrumbList\",\"@id\":\"https:\\\/\\\/eldigitaldeasturias.com\\\/radio\\\/iglesias-catolica-y-evangelica-alemanas-siguen-perdiendo-feligreses\\\/#breadcrumblist\",\"itemListElement\":[{\"@type\":\"ListItem\",\"@id\":\"https:\\\/\\\/eldigitaldeasturias.com\\\/radio#listItem\",\"position\":1,\"name\":\"Inicio\",\"item\":\"https:\\\/\\\/eldigitaldeasturias.com\\\/radio\",\"nextItem\":{\"@type\":\"ListItem\",\"@id\":\"https:\\\/\\\/eldigitaldeasturias.com\\\/radio\\\/category\\\/noticias\\\/#listItem\",\"name\":\"Noticias\"}},{\"@type\":\"ListItem\",\"@id\":\"https:\\\/\\\/eldigitaldeasturias.com\\\/radio\\\/category\\\/noticias\\\/#listItem\",\"position\":2,\"name\":\"Noticias\",\"item\":\"https:\\\/\\\/eldigitaldeasturias.com\\\/radio\\\/category\\\/noticias\\\/\",\"nextItem\":{\"@type\":\"ListItem\",\"@id\":\"https:\\\/\\\/eldigitaldeasturias.com\\\/radio\\\/iglesias-catolica-y-evangelica-alemanas-siguen-perdiendo-feligreses\\\/#listItem\",\"name\":\"Iglesias cat\\u00f3lica y evang\\u00e9lica alemanas siguen perdiendo feligreses\"},\"previousItem\":{\"@type\":\"ListItem\",\"@id\":\"https:\\\/\\\/eldigitaldeasturias.com\\\/radio#listItem\",\"name\":\"Inicio\"}},{\"@type\":\"ListItem\",\"@id\":\"https:\\\/\\\/eldigitaldeasturias.com\\\/radio\\\/iglesias-catolica-y-evangelica-alemanas-siguen-perdiendo-feligreses\\\/#listItem\",\"position\":3,\"name\":\"Iglesias cat\\u00f3lica y evang\\u00e9lica alemanas siguen perdiendo feligreses\",\"previousItem\":{\"@type\":\"ListItem\",\"@id\":\"https:\\\/\\\/eldigitaldeasturias.com\\\/radio\\\/category\\\/noticias\\\/#listItem\",\"name\":\"Noticias\"}}]},{\"@type\":\"NewsArticle\",\"@id\":\"https:\\\/\\\/eldigitaldeasturias.com\\\/radio\\\/iglesias-catolica-y-evangelica-alemanas-siguen-perdiendo-feligreses\\\/#newsarticle\",\"name\":\"Iglesias cat\\u00f3lica y evang\\u00e9lica alemanas siguen perdiendo feligreses | El Digital de Asturias\",\"headline\":\"Iglesias cat\\u00f3lica y evang\\u00e9lica alemanas siguen perdiendo feligreses\",\"author\":{\"@id\":\"https:\\\/\\\/eldigitaldeasturias.com\\\/radio\\\/author\\\/nbasturias\\\/#author\"},\"publisher\":{\"@id\":\"https:\\\/\\\/eldigitaldeasturias.com\\\/radio\\\/#organization\"},\"image\":{\"@type\":\"ImageObject\",\"url\":\"https:\\\/\\\/eldigitaldeasturias.com\\\/radio\\\/wp-content\\\/uploads\\\/2018\\\/03\\\/macbook-577758_1280.jpg\",\"width\":1280,\"height\":850},\"datePublished\":\"2019-07-21T00:25:42+02:00\",\"dateModified\":\"2019-07-21T00:25:42+02:00\",\"inLanguage\":\"es-ES\",\"mainEntityOfPage\":{\"@id\":\"https:\\\/\\\/eldigitaldeasturias.com\\\/radio\\\/iglesias-catolica-y-evangelica-alemanas-siguen-perdiendo-feligreses\\\/#webpage\"},\"isPartOf\":{\"@id\":\"https:\\\/\\\/eldigitaldeasturias.com\\\/radio\\\/iglesias-catolica-y-evangelica-alemanas-siguen-perdiendo-feligreses\\\/#webpage\"},\"articleSection\":\"Noticias\",\"dateline\":\"Publicado el julio 21, 2019.\"},{\"@type\":\"Organization\",\"@id\":\"https:\\\/\\\/eldigitaldeasturias.com\\\/radio\\\/#organization\",\"name\":\"El digital de Asturias Radio\",\"description\":\"Diario de informaci\\u00f3n y noticias\",\"url\":\"https:\\\/\\\/eldigitaldeasturias.com\\\/radio\\\/\",\"telephone\":\"+34652131393\",\"logo\":{\"@type\":\"ImageObject\",\"url\":\"https:\\\/\\\/www.eldigitaldeasturias.com\\\/radio\\\/wp-content\\\/uploads\\\/2021\\\/03\\\/EDA.jpg\",\"@id\":\"https:\\\/\\\/eldigitaldeasturias.com\\\/radio\\\/iglesias-catolica-y-evangelica-alemanas-siguen-perdiendo-feligreses\\\/#organizationLogo\"},\"image\":{\"@id\":\"https:\\\/\\\/eldigitaldeasturias.com\\\/radio\\\/iglesias-catolica-y-evangelica-alemanas-siguen-perdiendo-feligreses\\\/#organizationLogo\"},\"sameAs\":[\"https:\\\/\\\/www.facebook.com\\\/\",\"https:\\\/\\\/x.com\\\/bercodi\",\"https:\\\/\\\/www.instagram.com\\\/\",\"https:\\\/\\\/www.youtube.com\\\/channel\\\/UCZP-2wLEB9Rv6erhFmqVnvg\"]},{\"@type\":\"Person\",\"@id\":\"https:\\\/\\\/eldigitaldeasturias.com\\\/radio\\\/author\\\/nbasturias\\\/#author\",\"url\":\"https:\\\/\\\/eldigitaldeasturias.com\\\/radio\\\/author\\\/nbasturias\\\/\",\"name\":\"NBAsturias\",\"image\":{\"@type\":\"ImageObject\",\"@id\":\"https:\\\/\\\/eldigitaldeasturias.com\\\/radio\\\/iglesias-catolica-y-evangelica-alemanas-siguen-perdiendo-feligreses\\\/#authorImage\",\"url\":\"https:\\\/\\\/secure.gravatar.com\\\/avatar\\\/df2aeffc32bcd13f8d26072ef8a91b623d677766deac7f97ca815868cd41bf5e?s=96&d=mm&r=g\",\"width\":96,\"height\":96,\"caption\":\"NBAsturias\"}},{\"@type\":\"WebPage\",\"@id\":\"https:\\\/\\\/eldigitaldeasturias.com\\\/radio\\\/iglesias-catolica-y-evangelica-alemanas-siguen-perdiendo-feligreses\\\/#webpage\",\"url\":\"https:\\\/\\\/eldigitaldeasturias.com\\\/radio\\\/iglesias-catolica-y-evangelica-alemanas-siguen-perdiendo-feligreses\\\/\",\"name\":\"Iglesias cat\\u00f3lica y evang\\u00e9lica alemanas siguen perdiendo feligreses | El Digital de Asturias\",\"description\":\"Bonn\\\/Hannover (Alemania), 19 jul (dpa) \\u2013 Las Iglesias cat\\u00f3lica y evang\\u00e9lica alemanas perdieron en 2018 m\\u00e1s de 200.000 fieles cada una, seg\\u00fan anunciaron hoy la Conferencia Episcopal Alemana y la Iglesia Evang\\u00e9lica Alemana (EKD). Alrededor de 216.000 personas abandonaron la Iglesia cat\\u00f3lica en 2018, seg\\u00fan se anunci\\u00f3 hoy en Bonn, lo que representa una p\\u00e9rdida\",\"inLanguage\":\"es-ES\",\"isPartOf\":{\"@id\":\"https:\\\/\\\/eldigitaldeasturias.com\\\/radio\\\/#website\"},\"breadcrumb\":{\"@id\":\"https:\\\/\\\/eldigitaldeasturias.com\\\/radio\\\/iglesias-catolica-y-evangelica-alemanas-siguen-perdiendo-feligreses\\\/#breadcrumblist\"},\"author\":{\"@id\":\"https:\\\/\\\/eldigitaldeasturias.com\\\/radio\\\/author\\\/nbasturias\\\/#author\"},\"creator\":{\"@id\":\"https:\\\/\\\/eldigitaldeasturias.com\\\/radio\\\/author\\\/nbasturias\\\/#author\"},\"image\":{\"@type\":\"ImageObject\",\"url\":\"https:\\\/\\\/eldigitaldeasturias.com\\\/radio\\\/wp-content\\\/uploads\\\/2018\\\/03\\\/macbook-577758_1280.jpg\",\"@id\":\"https:\\\/\\\/eldigitaldeasturias.com\\\/radio\\\/iglesias-catolica-y-evangelica-alemanas-siguen-perdiendo-feligreses\\\/#mainImage\",\"width\":1280,\"height\":850},\"primaryImageOfPage\":{\"@id\":\"https:\\\/\\\/eldigitaldeasturias.com\\\/radio\\\/iglesias-catolica-y-evangelica-alemanas-siguen-perdiendo-feligreses\\\/#mainImage\"},\"datePublished\":\"2019-07-21T00:25:42+02:00\",\"dateModified\":\"2019-07-21T00:25:42+02:00\"},{\"@type\":\"WebSite\",\"@id\":\"https:\\\/\\\/eldigitaldeasturias.com\\\/radio\\\/#website\",\"url\":\"https:\\\/\\\/eldigitaldeasturias.com\\\/radio\\\/\",\"name\":\"El Digital de Asturias\",\"description\":\"Diario de informaci\\u00f3n y noticias\",\"inLanguage\":\"es-ES\",\"publisher\":{\"@id\":\"https:\\\/\\\/eldigitaldeasturias.com\\\/radio\\\/#organization\"}}]}\n\t\t<\/script>\n\t\t<!-- All in One SEO Pro -->\r\n\t\t<title>Iglesias cat\u00f3lica y evang\u00e9lica alemanas siguen perdiendo feligreses | El Digital de Asturias<\/title>\n\n","aioseo_head_json":{"title":"Iglesias cat\u00f3lica y evang\u00e9lica alemanas siguen perdiendo feligreses | El Digital de Asturias","description":"Bonn\/Hannover (Alemania), 19 jul (dpa) \u2013 Las Iglesias cat\u00f3lica y evang\u00e9lica alemanas perdieron en 2018 m\u00e1s de 200.000 fieles cada una, seg\u00fan anunciaron hoy la Conferencia Episcopal Alemana y la Iglesia Evang\u00e9lica Alemana (EKD). Alrededor de 216.000 personas abandonaron la Iglesia cat\u00f3lica en 2018, seg\u00fan se anunci\u00f3 hoy en Bonn, lo que representa una p\u00e9rdida","canonical_url":"https:\/\/eldigitaldeasturias.com\/radio\/iglesias-catolica-y-evangelica-alemanas-siguen-perdiendo-feligreses\/","robots":"max-image-preview:large","keywords":"noticias","webmasterTools":{"google-site-verification":"UA-38556648-1","miscellaneous":""},"schema":{"@context":"https:\/\/schema.org","@graph":[{"@type":"BreadcrumbList","@id":"https:\/\/eldigitaldeasturias.com\/radio\/iglesias-catolica-y-evangelica-alemanas-siguen-perdiendo-feligreses\/#breadcrumblist","itemListElement":[{"@type":"ListItem","@id":"https:\/\/eldigitaldeasturias.com\/radio#listItem","position":1,"name":"Inicio","item":"https:\/\/eldigitaldeasturias.com\/radio","nextItem":{"@type":"ListItem","@id":"https:\/\/eldigitaldeasturias.com\/radio\/category\/noticias\/#listItem","name":"Noticias"}},{"@type":"ListItem","@id":"https:\/\/eldigitaldeasturias.com\/radio\/category\/noticias\/#listItem","position":2,"name":"Noticias","item":"https:\/\/eldigitaldeasturias.com\/radio\/category\/noticias\/","nextItem":{"@type":"ListItem","@id":"https:\/\/eldigitaldeasturias.com\/radio\/iglesias-catolica-y-evangelica-alemanas-siguen-perdiendo-feligreses\/#listItem","name":"Iglesias cat\u00f3lica y evang\u00e9lica alemanas siguen perdiendo feligreses"},"previousItem":{"@type":"ListItem","@id":"https:\/\/eldigitaldeasturias.com\/radio#listItem","name":"Inicio"}},{"@type":"ListItem","@id":"https:\/\/eldigitaldeasturias.com\/radio\/iglesias-catolica-y-evangelica-alemanas-siguen-perdiendo-feligreses\/#listItem","position":3,"name":"Iglesias cat\u00f3lica y evang\u00e9lica alemanas siguen perdiendo feligreses","previousItem":{"@type":"ListItem","@id":"https:\/\/eldigitaldeasturias.com\/radio\/category\/noticias\/#listItem","name":"Noticias"}}]},{"@type":"NewsArticle","@id":"https:\/\/eldigitaldeasturias.com\/radio\/iglesias-catolica-y-evangelica-alemanas-siguen-perdiendo-feligreses\/#newsarticle","name":"Iglesias cat\u00f3lica y evang\u00e9lica alemanas siguen perdiendo feligreses | El Digital de Asturias","headline":"Iglesias cat\u00f3lica y evang\u00e9lica alemanas siguen perdiendo feligreses","author":{"@id":"https:\/\/eldigitaldeasturias.com\/radio\/author\/nbasturias\/#author"},"publisher":{"@id":"https:\/\/eldigitaldeasturias.com\/radio\/#organization"},"image":{"@type":"ImageObject","url":"https:\/\/eldigitaldeasturias.com\/radio\/wp-content\/uploads\/2018\/03\/macbook-577758_1280.jpg","width":1280,"height":850},"datePublished":"2019-07-21T00:25:42+02:00","dateModified":"2019-07-21T00:25:42+02:00","inLanguage":"es-ES","mainEntityOfPage":{"@id":"https:\/\/eldigitaldeasturias.com\/radio\/iglesias-catolica-y-evangelica-alemanas-siguen-perdiendo-feligreses\/#webpage"},"isPartOf":{"@id":"https:\/\/eldigitaldeasturias.com\/radio\/iglesias-catolica-y-evangelica-alemanas-siguen-perdiendo-feligreses\/#webpage"},"articleSection":"Noticias","dateline":"Publicado el julio 21, 2019."},{"@type":"Organization","@id":"https:\/\/eldigitaldeasturias.com\/radio\/#organization","name":"El digital de Asturias Radio","description":"Diario de informaci\u00f3n y noticias","url":"https:\/\/eldigitaldeasturias.com\/radio\/","telephone":"+34652131393","logo":{"@type":"ImageObject","url":"https:\/\/www.eldigitaldeasturias.com\/radio\/wp-content\/uploads\/2021\/03\/EDA.jpg","@id":"https:\/\/eldigitaldeasturias.com\/radio\/iglesias-catolica-y-evangelica-alemanas-siguen-perdiendo-feligreses\/#organizationLogo"},"image":{"@id":"https:\/\/eldigitaldeasturias.com\/radio\/iglesias-catolica-y-evangelica-alemanas-siguen-perdiendo-feligreses\/#organizationLogo"},"sameAs":["https:\/\/www.facebook.com\/","https:\/\/x.com\/bercodi","https:\/\/www.instagram.com\/","https:\/\/www.youtube.com\/channel\/UCZP-2wLEB9Rv6erhFmqVnvg"]},{"@type":"Person","@id":"https:\/\/eldigitaldeasturias.com\/radio\/author\/nbasturias\/#author","url":"https:\/\/eldigitaldeasturias.com\/radio\/author\/nbasturias\/","name":"NBAsturias","image":{"@type":"ImageObject","@id":"https:\/\/eldigitaldeasturias.com\/radio\/iglesias-catolica-y-evangelica-alemanas-siguen-perdiendo-feligreses\/#authorImage","url":"https:\/\/secure.gravatar.com\/avatar\/df2aeffc32bcd13f8d26072ef8a91b623d677766deac7f97ca815868cd41bf5e?s=96&d=mm&r=g","width":96,"height":96,"caption":"NBAsturias"}},{"@type":"WebPage","@id":"https:\/\/eldigitaldeasturias.com\/radio\/iglesias-catolica-y-evangelica-alemanas-siguen-perdiendo-feligreses\/#webpage","url":"https:\/\/eldigitaldeasturias.com\/radio\/iglesias-catolica-y-evangelica-alemanas-siguen-perdiendo-feligreses\/","name":"Iglesias cat\u00f3lica y evang\u00e9lica alemanas siguen perdiendo feligreses | El Digital de Asturias","description":"Bonn\/Hannover (Alemania), 19 jul (dpa) \u2013 Las Iglesias cat\u00f3lica y evang\u00e9lica alemanas perdieron en 2018 m\u00e1s de 200.000 fieles cada una, seg\u00fan anunciaron hoy la Conferencia Episcopal Alemana y la Iglesia Evang\u00e9lica Alemana (EKD). Alrededor de 216.000 personas abandonaron la Iglesia cat\u00f3lica en 2018, seg\u00fan se anunci\u00f3 hoy en Bonn, lo que representa una p\u00e9rdida","inLanguage":"es-ES","isPartOf":{"@id":"https:\/\/eldigitaldeasturias.com\/radio\/#website"},"breadcrumb":{"@id":"https:\/\/eldigitaldeasturias.com\/radio\/iglesias-catolica-y-evangelica-alemanas-siguen-perdiendo-feligreses\/#breadcrumblist"},"author":{"@id":"https:\/\/eldigitaldeasturias.com\/radio\/author\/nbasturias\/#author"},"creator":{"@id":"https:\/\/eldigitaldeasturias.com\/radio\/author\/nbasturias\/#author"},"image":{"@type":"ImageObject","url":"https:\/\/eldigitaldeasturias.com\/radio\/wp-content\/uploads\/2018\/03\/macbook-577758_1280.jpg","@id":"https:\/\/eldigitaldeasturias.com\/radio\/iglesias-catolica-y-evangelica-alemanas-siguen-perdiendo-feligreses\/#mainImage","width":1280,"height":850},"primaryImageOfPage":{"@id":"https:\/\/eldigitaldeasturias.com\/radio\/iglesias-catolica-y-evangelica-alemanas-siguen-perdiendo-feligreses\/#mainImage"},"datePublished":"2019-07-21T00:25:42+02:00","dateModified":"2019-07-21T00:25:42+02:00"},{"@type":"WebSite","@id":"https:\/\/eldigitaldeasturias.com\/radio\/#website","url":"https:\/\/eldigitaldeasturias.com\/radio\/","name":"El Digital de Asturias","description":"Diario de informaci\u00f3n y noticias","inLanguage":"es-ES","publisher":{"@id":"https:\/\/eldigitaldeasturias.com\/radio\/#organization"}}]},"og:locale":"es_ES","og:site_name":"El Digital de Asturias | Diario de informaci\u00f3n y noticias","og:type":"article","og:title":"Iglesias cat\u00f3lica y evang\u00e9lica alemanas siguen perdiendo feligreses | El Digital de Asturias","og:description":"Bonn\/Hannover (Alemania), 19 jul (dpa) \u2013 Las Iglesias cat\u00f3lica y evang\u00e9lica alemanas perdieron en 2018 m\u00e1s de 200.000 fieles cada una, seg\u00fan anunciaron hoy la Conferencia Episcopal Alemana y la Iglesia Evang\u00e9lica Alemana (EKD). Alrededor de 216.000 personas abandonaron la Iglesia cat\u00f3lica en 2018, seg\u00fan se anunci\u00f3 hoy en Bonn, lo que representa una p\u00e9rdida","og:url":"https:\/\/eldigitaldeasturias.com\/radio\/iglesias-catolica-y-evangelica-alemanas-siguen-perdiendo-feligreses\/","og:image":"https:\/\/eldigitaldeasturias.com\/radio\/wp-content\/uploads\/2018\/03\/macbook-577758_1280.jpg","og:image:secure_url":"https:\/\/eldigitaldeasturias.com\/radio\/wp-content\/uploads\/2018\/03\/macbook-577758_1280.jpg","og:image:width":1280,"og:image:height":850,"article:published_time":"2019-07-21T00:25:42+00:00","article:modified_time":"2019-07-21T00:25:42+00:00","twitter:card":"summary_large_image","twitter:site":"@bercodi","twitter:title":"Iglesias cat\u00f3lica y evang\u00e9lica alemanas siguen perdiendo feligreses | El Digital de Asturias","twitter:description":"Bonn\/Hannover (Alemania), 19 jul (dpa) \u2013 Las Iglesias cat\u00f3lica y evang\u00e9lica alemanas perdieron en 2018 m\u00e1s de 200.000 fieles cada una, seg\u00fan anunciaron hoy la Conferencia Episcopal Alemana y la Iglesia Evang\u00e9lica Alemana (EKD). Alrededor de 216.000 personas abandonaron la Iglesia cat\u00f3lica en 2018, seg\u00fan se anunci\u00f3 hoy en Bonn, lo que representa una p\u00e9rdida","twitter:creator":"@bercodi","twitter:image":"https:\/\/eldigitaldeasturias.com\/radio\/wp-content\/uploads\/2018\/03\/macbook-577758_1280.jpg"},"aioseo_meta_data":{"post_id":"2884","title":null,"description":null,"keywords":null,"keyphrases":null,"primary_term":null,"canonical_url":null,"og_title":null,"og_description":null,"og_object_type":"default","og_image_type":"default","og_image_url":null,"og_image_width":null,"og_image_height":null,"og_image_custom_url":null,"og_image_custom_fields":null,"og_video":null,"og_custom_url":null,"og_article_section":null,"og_article_tags":null,"twitter_use_og":false,"twitter_card":"default","twitter_image_type":"default","twitter_image_url":null,"twitter_image_custom_url":null,"twitter_image_custom_fields":null,"twitter_title":null,"twitter_description":null,"schema":{"blockGraphs":[],"customGraphs":[],"default":{"data":{"Article":[],"Course":[],"Dataset":[],"FAQPage":[],"Movie":[],"Person":[],"Product":[],"ProductReview":[],"Car":[],"Recipe":[],"Service":[],"SoftwareApplication":[],"WebPage":[]},"graphName":"","isEnabled":true},"graphs":[],"defaultGraph":"","defaultPostTypeGraph":""},"schema_type":null,"schema_type_options":null,"pillar_content":false,"robots_default":true,"robots_noindex":false,"robots_noarchive":false,"robots_nosnippet":false,"robots_nofollow":false,"robots_noimageindex":false,"robots_noodp":false,"robots_notranslate":false,"robots_max_snippet":null,"robots_max_videopreview":null,"robots_max_imagepreview":"large","priority":null,"frequency":null,"location":null,"local_seo":null,"seo_analyzer_scan_date":"2025-08-28 13:09:23","breadcrumb_settings":null,"limit_modified_date":false,"open_ai":null,"ai":null,"created":"2021-03-29 00:50:26","updated":"2025-08-28 13:09:23"},"aioseo_breadcrumb":"<div class=\"aioseo-breadcrumbs\"><span class=\"aioseo-breadcrumb\">\n\t<a href=\"https:\/\/eldigitaldeasturias.com\/radio\" title=\"Inicio\">Inicio<\/a>\n<\/span><span class=\"aioseo-breadcrumb-separator\">&ndash;<\/span><span class=\"aioseo-breadcrumb\">\n\t<a href=\"https:\/\/eldigitaldeasturias.com\/radio\/category\/noticias\/\" title=\"Noticias\">Noticias<\/a>\n<\/span><span class=\"aioseo-breadcrumb-separator\">&ndash;<\/span><span class=\"aioseo-breadcrumb\">\n\tIglesias cat\u00f3lica y evang\u00e9lica alemanas siguen perdiendo feligreses\n<\/span><\/div>","aioseo_breadcrumb_json":[{"label":"Inicio","link":"https:\/\/eldigitaldeasturias.com\/radio"},{"label":"Noticias","link":"https:\/\/eldigitaldeasturias.com\/radio\/category\/noticias\/"},{"label":"Iglesias cat\u00f3lica y evang\u00e9lica alemanas siguen perdiendo feligreses","link":"https:\/\/eldigitaldeasturias.com\/radio\/iglesias-catolica-y-evangelica-alemanas-siguen-perdiendo-feligreses\/"}],"_links":{"self":[{"href":"https:\/\/eldigitaldeasturias.com\/radio\/wp-json\/wp\/v2\/posts\/2884","targetHints":{"allow":["GET"]}}],"collection":[{"href":"https:\/\/eldigitaldeasturias.com\/radio\/wp-json\/wp\/v2\/posts"}],"about":[{"href":"https:\/\/eldigitaldeasturias.com\/radio\/wp-json\/wp\/v2\/types\/post"}],"author":[{"embeddable":true,"href":"https:\/\/eldigitaldeasturias.com\/radio\/wp-json\/wp\/v2\/users\/1"}],"replies":[{"embeddable":true,"href":"https:\/\/eldigitaldeasturias.com\/radio\/wp-json\/wp\/v2\/comments?post=2884"}],"version-history":[{"count":0,"href":"https:\/\/eldigitaldeasturias.com\/radio\/wp-json\/wp\/v2\/posts\/2884\/revisions"}],"wp:featuredmedia":[{"embeddable":true,"href":"https:\/\/eldigitaldeasturias.com\/radio\/wp-json\/wp\/v2\/media\/62"}],"wp:attachment":[{"href":"https:\/\/eldigitaldeasturias.com\/radio\/wp-json\/wp\/v2\/media?parent=2884"}],"wp:term":[{"taxonomy":"category","embeddable":true,"href":"https:\/\/eldigitaldeasturias.com\/radio\/wp-json\/wp\/v2\/categories?post=2884"},{"taxonomy":"post_tag","embeddable":true,"href":"https:\/\/eldigitaldeasturias.com\/radio\/wp-json\/wp\/v2\/tags?post=2884"}],"curies":[{"name":"wp","href":"https:\/\/api.w.org\/{rel}","templated":true}]}}