{"id":2882,"date":"2019-07-21T00:24:30","date_gmt":"2019-07-21T00:24:30","guid":{"rendered":"http:\/\/eldigitaldeasturias.com\/radio\/?p=2882"},"modified":"2019-07-21T00:24:30","modified_gmt":"2019-07-21T00:24:30","slug":"sea-watch-capitana-carola-rackete-abandona-italia","status":"publish","type":"post","link":"https:\/\/eldigitaldeasturias.com\/radio\/sea-watch-capitana-carola-rackete-abandona-italia\/","title":{"rendered":"Sea-Watch: Capitana Carola Rackete abandona Italia"},"content":{"rendered":"<p>Roma, 19 jul (dpa) &#8211; La capitana alemana Carola Rackete abandon\u00f3 Italia, seg\u00fan inform\u00f3 hoy la organizaci\u00f3n de salvamento humanitario Sea-Watch.<\/p>\n<p>Una portavoz de la organizaci\u00f3n alemana de ayuda humanitaria inform\u00f3 a dpa que Rackete dej\u00f3 el pa\u00eds mediterr\u00e1neo sin precisar el destino.<\/p>\n<p>La joven alemana, de 31 a\u00f1os, capitane\u00f3 el barco de salvamento \u00abSea-Watch 3\u00bb durante semanas con decenas de migrantes rescatados a bordo, hasta atracar sin permiso oficial en la isla de Lampedusa. En un principio fue detenida y confinada bajo arresto domiciliario, pero finalmente fue puesta en libertad.<\/p>\n<p>La Fiscal\u00eda italiana la acusa de ayuda a la migraci\u00f3n ilegal y de resistencia ante un buque de guerra. El jueves fue interrogada durante cuatro horas, aunque todav\u00eda no existe una decisi\u00f3n sobre si la causa sigue su curso o, por el contrario, se desestiman los cargos.<\/p>\n<p>El ministro italiano del Interior, Matteo Salvini, declar\u00f3 hoy que no pod\u00eda esperar \u00abpara expulsar a esta mimada comunista alemana y enviarla a casa\u00bb.<\/p>\n<p>Rackete tiene interpuesta una demanda por difamaci\u00f3n contra el pol\u00edtico italiano por los insultos vertidos por este en Internet.<\/p>\n","protected":false},"excerpt":{"rendered":"<p>Roma, 19 jul (dpa) &#8211; La capitana alemana Carola Rackete abandon\u00f3 Italia, seg\u00fan inform\u00f3 hoy la organizaci\u00f3n de salvamento humanitario Sea-Watch. Una portavoz de la organizaci\u00f3n alemana de ayuda humanitaria inform\u00f3 a dpa que Rackete dej\u00f3 el pa\u00eds mediterr\u00e1neo sin precisar el destino. La joven alemana, de 31 a\u00f1os, capitane\u00f3 el barco de salvamento \u00abSea-Watch<\/p>\n","protected":false},"author":1,"featured_media":1352,"comment_status":"closed","ping_status":"closed","sticky":false,"template":"","format":"standard","meta":{"footnotes":""},"categories":[1],"tags":[],"class_list":{"0":"post-2882","1":"post","2":"type-post","3":"status-publish","4":"format-standard","5":"has-post-thumbnail","7":"category-noticias"},"aioseo_notices":[],"aioseo_head":"\n\t\t<!-- All in One SEO Pro 4.9.6.2 - aioseo.com -->\n\t<meta name=\"description\" content=\"Roma, 19 jul (dpa) - La capitana alemana Carola Rackete abandon\u00f3 Italia, seg\u00fan inform\u00f3 hoy la organizaci\u00f3n de salvamento humanitario Sea-Watch. Una portavoz de la organizaci\u00f3n alemana de ayuda humanitaria inform\u00f3 a dpa que Rackete dej\u00f3 el pa\u00eds mediterr\u00e1neo sin precisar el destino. La joven alemana, de 31 a\u00f1os, capitane\u00f3 el barco de salvamento &quot;Sea-Watch\" \/>\n\t<meta name=\"robots\" content=\"max-image-preview:large\" \/>\n\t<meta name=\"author\" content=\"NBAsturias\"\/>\n\t<meta name=\"google-site-verification\" content=\"UA-38556648-1\" \/>\n\t<meta name=\"keywords\" content=\"noticias\" \/>\n\t<link rel=\"canonical\" href=\"https:\/\/eldigitaldeasturias.com\/radio\/sea-watch-capitana-carola-rackete-abandona-italia\/\" \/>\n\t<meta name=\"generator\" content=\"All in One SEO Pro (AIOSEO) 4.9.6.2\" \/>\n\t\t<meta property=\"og:locale\" content=\"es_ES\" \/>\n\t\t<meta property=\"og:site_name\" content=\"El Digital de Asturias | Diario de informaci\u00f3n y noticias\" \/>\n\t\t<meta property=\"og:type\" content=\"article\" \/>\n\t\t<meta property=\"og:title\" content=\"Sea-Watch: Capitana Carola Rackete abandona Italia | El Digital de Asturias\" \/>\n\t\t<meta property=\"og:description\" content=\"Roma, 19 jul (dpa) - La capitana alemana Carola Rackete abandon\u00f3 Italia, seg\u00fan inform\u00f3 hoy la organizaci\u00f3n de salvamento humanitario Sea-Watch. Una portavoz de la organizaci\u00f3n alemana de ayuda humanitaria inform\u00f3 a dpa que Rackete dej\u00f3 el pa\u00eds mediterr\u00e1neo sin precisar el destino. La joven alemana, de 31 a\u00f1os, capitane\u00f3 el barco de salvamento &quot;Sea-Watch\" \/>\n\t\t<meta property=\"og:url\" content=\"https:\/\/eldigitaldeasturias.com\/radio\/sea-watch-capitana-carola-rackete-abandona-italia\/\" \/>\n\t\t<meta property=\"og:image\" content=\"https:\/\/eldigitaldeasturias.com\/radio\/wp-content\/uploads\/2018\/10\/technology-785742_960_720.jpg\" \/>\n\t\t<meta property=\"og:image:secure_url\" content=\"https:\/\/eldigitaldeasturias.com\/radio\/wp-content\/uploads\/2018\/10\/technology-785742_960_720.jpg\" \/>\n\t\t<meta property=\"og:image:width\" content=\"960\" \/>\n\t\t<meta property=\"og:image:height\" content=\"640\" \/>\n\t\t<meta property=\"article:published_time\" content=\"2019-07-21T00:24:30+00:00\" \/>\n\t\t<meta property=\"article:modified_time\" content=\"2019-07-21T00:24:30+00:00\" \/>\n\t\t<meta name=\"twitter:card\" content=\"summary_large_image\" \/>\n\t\t<meta name=\"twitter:site\" content=\"@bercodi\" \/>\n\t\t<meta name=\"twitter:title\" content=\"Sea-Watch: Capitana Carola Rackete abandona Italia | El Digital de Asturias\" \/>\n\t\t<meta name=\"twitter:description\" content=\"Roma, 19 jul (dpa) - La capitana alemana Carola Rackete abandon\u00f3 Italia, seg\u00fan inform\u00f3 hoy la organizaci\u00f3n de salvamento humanitario Sea-Watch. Una portavoz de la organizaci\u00f3n alemana de ayuda humanitaria inform\u00f3 a dpa que Rackete dej\u00f3 el pa\u00eds mediterr\u00e1neo sin precisar el destino. La joven alemana, de 31 a\u00f1os, capitane\u00f3 el barco de salvamento &quot;Sea-Watch\" \/>\n\t\t<meta name=\"twitter:creator\" content=\"@bercodi\" \/>\n\t\t<meta name=\"twitter:image\" content=\"https:\/\/eldigitaldeasturias.com\/radio\/wp-content\/uploads\/2018\/10\/technology-785742_960_720.jpg\" \/>\n\t\t<script type=\"application\/ld+json\" class=\"aioseo-schema\">\n\t\t\t{\"@context\":\"https:\\\/\\\/schema.org\",\"@graph\":[{\"@type\":\"BreadcrumbList\",\"@id\":\"https:\\\/\\\/eldigitaldeasturias.com\\\/radio\\\/sea-watch-capitana-carola-rackete-abandona-italia\\\/#breadcrumblist\",\"itemListElement\":[{\"@type\":\"ListItem\",\"@id\":\"https:\\\/\\\/eldigitaldeasturias.com\\\/radio#listItem\",\"position\":1,\"name\":\"Inicio\",\"item\":\"https:\\\/\\\/eldigitaldeasturias.com\\\/radio\",\"nextItem\":{\"@type\":\"ListItem\",\"@id\":\"https:\\\/\\\/eldigitaldeasturias.com\\\/radio\\\/category\\\/noticias\\\/#listItem\",\"name\":\"Noticias\"}},{\"@type\":\"ListItem\",\"@id\":\"https:\\\/\\\/eldigitaldeasturias.com\\\/radio\\\/category\\\/noticias\\\/#listItem\",\"position\":2,\"name\":\"Noticias\",\"item\":\"https:\\\/\\\/eldigitaldeasturias.com\\\/radio\\\/category\\\/noticias\\\/\",\"nextItem\":{\"@type\":\"ListItem\",\"@id\":\"https:\\\/\\\/eldigitaldeasturias.com\\\/radio\\\/sea-watch-capitana-carola-rackete-abandona-italia\\\/#listItem\",\"name\":\"Sea-Watch: Capitana Carola Rackete abandona Italia\"},\"previousItem\":{\"@type\":\"ListItem\",\"@id\":\"https:\\\/\\\/eldigitaldeasturias.com\\\/radio#listItem\",\"name\":\"Inicio\"}},{\"@type\":\"ListItem\",\"@id\":\"https:\\\/\\\/eldigitaldeasturias.com\\\/radio\\\/sea-watch-capitana-carola-rackete-abandona-italia\\\/#listItem\",\"position\":3,\"name\":\"Sea-Watch: Capitana Carola Rackete abandona Italia\",\"previousItem\":{\"@type\":\"ListItem\",\"@id\":\"https:\\\/\\\/eldigitaldeasturias.com\\\/radio\\\/category\\\/noticias\\\/#listItem\",\"name\":\"Noticias\"}}]},{\"@type\":\"NewsArticle\",\"@id\":\"https:\\\/\\\/eldigitaldeasturias.com\\\/radio\\\/sea-watch-capitana-carola-rackete-abandona-italia\\\/#newsarticle\",\"name\":\"Sea-Watch: Capitana Carola Rackete abandona Italia | El Digital de Asturias\",\"headline\":\"Sea-Watch: Capitana Carola Rackete abandona Italia\",\"author\":{\"@id\":\"https:\\\/\\\/eldigitaldeasturias.com\\\/radio\\\/author\\\/nbasturias\\\/#author\"},\"publisher\":{\"@id\":\"https:\\\/\\\/eldigitaldeasturias.com\\\/radio\\\/#organization\"},\"image\":{\"@type\":\"ImageObject\",\"url\":\"https:\\\/\\\/eldigitaldeasturias.com\\\/radio\\\/wp-content\\\/uploads\\\/2018\\\/10\\\/technology-785742_960_720.jpg\",\"width\":960,\"height\":640},\"datePublished\":\"2019-07-21T00:24:30+02:00\",\"dateModified\":\"2019-07-21T00:24:30+02:00\",\"inLanguage\":\"es-ES\",\"mainEntityOfPage\":{\"@id\":\"https:\\\/\\\/eldigitaldeasturias.com\\\/radio\\\/sea-watch-capitana-carola-rackete-abandona-italia\\\/#webpage\"},\"isPartOf\":{\"@id\":\"https:\\\/\\\/eldigitaldeasturias.com\\\/radio\\\/sea-watch-capitana-carola-rackete-abandona-italia\\\/#webpage\"},\"articleSection\":\"Noticias\",\"dateline\":\"Publicado el julio 21, 2019.\"},{\"@type\":\"Organization\",\"@id\":\"https:\\\/\\\/eldigitaldeasturias.com\\\/radio\\\/#organization\",\"name\":\"El digital de Asturias Radio\",\"description\":\"Diario de informaci\\u00f3n y noticias\",\"url\":\"https:\\\/\\\/eldigitaldeasturias.com\\\/radio\\\/\",\"telephone\":\"+34652131393\",\"logo\":{\"@type\":\"ImageObject\",\"url\":\"https:\\\/\\\/www.eldigitaldeasturias.com\\\/radio\\\/wp-content\\\/uploads\\\/2021\\\/03\\\/EDA.jpg\",\"@id\":\"https:\\\/\\\/eldigitaldeasturias.com\\\/radio\\\/sea-watch-capitana-carola-rackete-abandona-italia\\\/#organizationLogo\"},\"image\":{\"@id\":\"https:\\\/\\\/eldigitaldeasturias.com\\\/radio\\\/sea-watch-capitana-carola-rackete-abandona-italia\\\/#organizationLogo\"},\"sameAs\":[\"https:\\\/\\\/www.facebook.com\\\/\",\"https:\\\/\\\/x.com\\\/bercodi\",\"https:\\\/\\\/www.instagram.com\\\/\",\"https:\\\/\\\/www.youtube.com\\\/channel\\\/UCZP-2wLEB9Rv6erhFmqVnvg\"]},{\"@type\":\"Person\",\"@id\":\"https:\\\/\\\/eldigitaldeasturias.com\\\/radio\\\/author\\\/nbasturias\\\/#author\",\"url\":\"https:\\\/\\\/eldigitaldeasturias.com\\\/radio\\\/author\\\/nbasturias\\\/\",\"name\":\"NBAsturias\",\"image\":{\"@type\":\"ImageObject\",\"@id\":\"https:\\\/\\\/eldigitaldeasturias.com\\\/radio\\\/sea-watch-capitana-carola-rackete-abandona-italia\\\/#authorImage\",\"url\":\"https:\\\/\\\/secure.gravatar.com\\\/avatar\\\/df2aeffc32bcd13f8d26072ef8a91b623d677766deac7f97ca815868cd41bf5e?s=96&d=mm&r=g\",\"width\":96,\"height\":96,\"caption\":\"NBAsturias\"}},{\"@type\":\"WebPage\",\"@id\":\"https:\\\/\\\/eldigitaldeasturias.com\\\/radio\\\/sea-watch-capitana-carola-rackete-abandona-italia\\\/#webpage\",\"url\":\"https:\\\/\\\/eldigitaldeasturias.com\\\/radio\\\/sea-watch-capitana-carola-rackete-abandona-italia\\\/\",\"name\":\"Sea-Watch: Capitana Carola Rackete abandona Italia | El Digital de Asturias\",\"description\":\"Roma, 19 jul (dpa) - La capitana alemana Carola Rackete abandon\\u00f3 Italia, seg\\u00fan inform\\u00f3 hoy la organizaci\\u00f3n de salvamento humanitario Sea-Watch. Una portavoz de la organizaci\\u00f3n alemana de ayuda humanitaria inform\\u00f3 a dpa que Rackete dej\\u00f3 el pa\\u00eds mediterr\\u00e1neo sin precisar el destino. La joven alemana, de 31 a\\u00f1os, capitane\\u00f3 el barco de salvamento \\\"Sea-Watch\",\"inLanguage\":\"es-ES\",\"isPartOf\":{\"@id\":\"https:\\\/\\\/eldigitaldeasturias.com\\\/radio\\\/#website\"},\"breadcrumb\":{\"@id\":\"https:\\\/\\\/eldigitaldeasturias.com\\\/radio\\\/sea-watch-capitana-carola-rackete-abandona-italia\\\/#breadcrumblist\"},\"author\":{\"@id\":\"https:\\\/\\\/eldigitaldeasturias.com\\\/radio\\\/author\\\/nbasturias\\\/#author\"},\"creator\":{\"@id\":\"https:\\\/\\\/eldigitaldeasturias.com\\\/radio\\\/author\\\/nbasturias\\\/#author\"},\"image\":{\"@type\":\"ImageObject\",\"url\":\"https:\\\/\\\/eldigitaldeasturias.com\\\/radio\\\/wp-content\\\/uploads\\\/2018\\\/10\\\/technology-785742_960_720.jpg\",\"@id\":\"https:\\\/\\\/eldigitaldeasturias.com\\\/radio\\\/sea-watch-capitana-carola-rackete-abandona-italia\\\/#mainImage\",\"width\":960,\"height\":640},\"primaryImageOfPage\":{\"@id\":\"https:\\\/\\\/eldigitaldeasturias.com\\\/radio\\\/sea-watch-capitana-carola-rackete-abandona-italia\\\/#mainImage\"},\"datePublished\":\"2019-07-21T00:24:30+02:00\",\"dateModified\":\"2019-07-21T00:24:30+02:00\"},{\"@type\":\"WebSite\",\"@id\":\"https:\\\/\\\/eldigitaldeasturias.com\\\/radio\\\/#website\",\"url\":\"https:\\\/\\\/eldigitaldeasturias.com\\\/radio\\\/\",\"name\":\"El Digital de Asturias\",\"description\":\"Diario de informaci\\u00f3n y noticias\",\"inLanguage\":\"es-ES\",\"publisher\":{\"@id\":\"https:\\\/\\\/eldigitaldeasturias.com\\\/radio\\\/#organization\"}}]}\n\t\t<\/script>\n\t\t<!-- All in One SEO Pro -->\r\n\t\t<title>Sea-Watch: Capitana Carola Rackete abandona Italia | El Digital de Asturias<\/title>\n\n","aioseo_head_json":{"title":"Sea-Watch: Capitana Carola Rackete abandona Italia | El Digital de Asturias","description":"Roma, 19 jul (dpa) - La capitana alemana Carola Rackete abandon\u00f3 Italia, seg\u00fan inform\u00f3 hoy la organizaci\u00f3n de salvamento humanitario Sea-Watch. Una portavoz de la organizaci\u00f3n alemana de ayuda humanitaria inform\u00f3 a dpa que Rackete dej\u00f3 el pa\u00eds mediterr\u00e1neo sin precisar el destino. La joven alemana, de 31 a\u00f1os, capitane\u00f3 el barco de salvamento \"Sea-Watch","canonical_url":"https:\/\/eldigitaldeasturias.com\/radio\/sea-watch-capitana-carola-rackete-abandona-italia\/","robots":"max-image-preview:large","keywords":"noticias","webmasterTools":{"google-site-verification":"UA-38556648-1","miscellaneous":""},"schema":{"@context":"https:\/\/schema.org","@graph":[{"@type":"BreadcrumbList","@id":"https:\/\/eldigitaldeasturias.com\/radio\/sea-watch-capitana-carola-rackete-abandona-italia\/#breadcrumblist","itemListElement":[{"@type":"ListItem","@id":"https:\/\/eldigitaldeasturias.com\/radio#listItem","position":1,"name":"Inicio","item":"https:\/\/eldigitaldeasturias.com\/radio","nextItem":{"@type":"ListItem","@id":"https:\/\/eldigitaldeasturias.com\/radio\/category\/noticias\/#listItem","name":"Noticias"}},{"@type":"ListItem","@id":"https:\/\/eldigitaldeasturias.com\/radio\/category\/noticias\/#listItem","position":2,"name":"Noticias","item":"https:\/\/eldigitaldeasturias.com\/radio\/category\/noticias\/","nextItem":{"@type":"ListItem","@id":"https:\/\/eldigitaldeasturias.com\/radio\/sea-watch-capitana-carola-rackete-abandona-italia\/#listItem","name":"Sea-Watch: Capitana Carola Rackete abandona Italia"},"previousItem":{"@type":"ListItem","@id":"https:\/\/eldigitaldeasturias.com\/radio#listItem","name":"Inicio"}},{"@type":"ListItem","@id":"https:\/\/eldigitaldeasturias.com\/radio\/sea-watch-capitana-carola-rackete-abandona-italia\/#listItem","position":3,"name":"Sea-Watch: Capitana Carola Rackete abandona Italia","previousItem":{"@type":"ListItem","@id":"https:\/\/eldigitaldeasturias.com\/radio\/category\/noticias\/#listItem","name":"Noticias"}}]},{"@type":"NewsArticle","@id":"https:\/\/eldigitaldeasturias.com\/radio\/sea-watch-capitana-carola-rackete-abandona-italia\/#newsarticle","name":"Sea-Watch: Capitana Carola Rackete abandona Italia | El Digital de Asturias","headline":"Sea-Watch: Capitana Carola Rackete abandona Italia","author":{"@id":"https:\/\/eldigitaldeasturias.com\/radio\/author\/nbasturias\/#author"},"publisher":{"@id":"https:\/\/eldigitaldeasturias.com\/radio\/#organization"},"image":{"@type":"ImageObject","url":"https:\/\/eldigitaldeasturias.com\/radio\/wp-content\/uploads\/2018\/10\/technology-785742_960_720.jpg","width":960,"height":640},"datePublished":"2019-07-21T00:24:30+02:00","dateModified":"2019-07-21T00:24:30+02:00","inLanguage":"es-ES","mainEntityOfPage":{"@id":"https:\/\/eldigitaldeasturias.com\/radio\/sea-watch-capitana-carola-rackete-abandona-italia\/#webpage"},"isPartOf":{"@id":"https:\/\/eldigitaldeasturias.com\/radio\/sea-watch-capitana-carola-rackete-abandona-italia\/#webpage"},"articleSection":"Noticias","dateline":"Publicado el julio 21, 2019."},{"@type":"Organization","@id":"https:\/\/eldigitaldeasturias.com\/radio\/#organization","name":"El digital de Asturias Radio","description":"Diario de informaci\u00f3n y noticias","url":"https:\/\/eldigitaldeasturias.com\/radio\/","telephone":"+34652131393","logo":{"@type":"ImageObject","url":"https:\/\/www.eldigitaldeasturias.com\/radio\/wp-content\/uploads\/2021\/03\/EDA.jpg","@id":"https:\/\/eldigitaldeasturias.com\/radio\/sea-watch-capitana-carola-rackete-abandona-italia\/#organizationLogo"},"image":{"@id":"https:\/\/eldigitaldeasturias.com\/radio\/sea-watch-capitana-carola-rackete-abandona-italia\/#organizationLogo"},"sameAs":["https:\/\/www.facebook.com\/","https:\/\/x.com\/bercodi","https:\/\/www.instagram.com\/","https:\/\/www.youtube.com\/channel\/UCZP-2wLEB9Rv6erhFmqVnvg"]},{"@type":"Person","@id":"https:\/\/eldigitaldeasturias.com\/radio\/author\/nbasturias\/#author","url":"https:\/\/eldigitaldeasturias.com\/radio\/author\/nbasturias\/","name":"NBAsturias","image":{"@type":"ImageObject","@id":"https:\/\/eldigitaldeasturias.com\/radio\/sea-watch-capitana-carola-rackete-abandona-italia\/#authorImage","url":"https:\/\/secure.gravatar.com\/avatar\/df2aeffc32bcd13f8d26072ef8a91b623d677766deac7f97ca815868cd41bf5e?s=96&d=mm&r=g","width":96,"height":96,"caption":"NBAsturias"}},{"@type":"WebPage","@id":"https:\/\/eldigitaldeasturias.com\/radio\/sea-watch-capitana-carola-rackete-abandona-italia\/#webpage","url":"https:\/\/eldigitaldeasturias.com\/radio\/sea-watch-capitana-carola-rackete-abandona-italia\/","name":"Sea-Watch: Capitana Carola Rackete abandona Italia | El Digital de Asturias","description":"Roma, 19 jul (dpa) - La capitana alemana Carola Rackete abandon\u00f3 Italia, seg\u00fan inform\u00f3 hoy la organizaci\u00f3n de salvamento humanitario Sea-Watch. Una portavoz de la organizaci\u00f3n alemana de ayuda humanitaria inform\u00f3 a dpa que Rackete dej\u00f3 el pa\u00eds mediterr\u00e1neo sin precisar el destino. La joven alemana, de 31 a\u00f1os, capitane\u00f3 el barco de salvamento \"Sea-Watch","inLanguage":"es-ES","isPartOf":{"@id":"https:\/\/eldigitaldeasturias.com\/radio\/#website"},"breadcrumb":{"@id":"https:\/\/eldigitaldeasturias.com\/radio\/sea-watch-capitana-carola-rackete-abandona-italia\/#breadcrumblist"},"author":{"@id":"https:\/\/eldigitaldeasturias.com\/radio\/author\/nbasturias\/#author"},"creator":{"@id":"https:\/\/eldigitaldeasturias.com\/radio\/author\/nbasturias\/#author"},"image":{"@type":"ImageObject","url":"https:\/\/eldigitaldeasturias.com\/radio\/wp-content\/uploads\/2018\/10\/technology-785742_960_720.jpg","@id":"https:\/\/eldigitaldeasturias.com\/radio\/sea-watch-capitana-carola-rackete-abandona-italia\/#mainImage","width":960,"height":640},"primaryImageOfPage":{"@id":"https:\/\/eldigitaldeasturias.com\/radio\/sea-watch-capitana-carola-rackete-abandona-italia\/#mainImage"},"datePublished":"2019-07-21T00:24:30+02:00","dateModified":"2019-07-21T00:24:30+02:00"},{"@type":"WebSite","@id":"https:\/\/eldigitaldeasturias.com\/radio\/#website","url":"https:\/\/eldigitaldeasturias.com\/radio\/","name":"El Digital de Asturias","description":"Diario de informaci\u00f3n y noticias","inLanguage":"es-ES","publisher":{"@id":"https:\/\/eldigitaldeasturias.com\/radio\/#organization"}}]},"og:locale":"es_ES","og:site_name":"El Digital de Asturias | Diario de informaci\u00f3n y noticias","og:type":"article","og:title":"Sea-Watch: Capitana Carola Rackete abandona Italia | El Digital de Asturias","og:description":"Roma, 19 jul (dpa) - La capitana alemana Carola Rackete abandon\u00f3 Italia, seg\u00fan inform\u00f3 hoy la organizaci\u00f3n de salvamento humanitario Sea-Watch. Una portavoz de la organizaci\u00f3n alemana de ayuda humanitaria inform\u00f3 a dpa que Rackete dej\u00f3 el pa\u00eds mediterr\u00e1neo sin precisar el destino. La joven alemana, de 31 a\u00f1os, capitane\u00f3 el barco de salvamento &quot;Sea-Watch","og:url":"https:\/\/eldigitaldeasturias.com\/radio\/sea-watch-capitana-carola-rackete-abandona-italia\/","og:image":"https:\/\/eldigitaldeasturias.com\/radio\/wp-content\/uploads\/2018\/10\/technology-785742_960_720.jpg","og:image:secure_url":"https:\/\/eldigitaldeasturias.com\/radio\/wp-content\/uploads\/2018\/10\/technology-785742_960_720.jpg","og:image:width":960,"og:image:height":640,"article:published_time":"2019-07-21T00:24:30+00:00","article:modified_time":"2019-07-21T00:24:30+00:00","twitter:card":"summary_large_image","twitter:site":"@bercodi","twitter:title":"Sea-Watch: Capitana Carola Rackete abandona Italia | El Digital de Asturias","twitter:description":"Roma, 19 jul (dpa) - La capitana alemana Carola Rackete abandon\u00f3 Italia, seg\u00fan inform\u00f3 hoy la organizaci\u00f3n de salvamento humanitario Sea-Watch. Una portavoz de la organizaci\u00f3n alemana de ayuda humanitaria inform\u00f3 a dpa que Rackete dej\u00f3 el pa\u00eds mediterr\u00e1neo sin precisar el destino. La joven alemana, de 31 a\u00f1os, capitane\u00f3 el barco de salvamento &quot;Sea-Watch","twitter:creator":"@bercodi","twitter:image":"https:\/\/eldigitaldeasturias.com\/radio\/wp-content\/uploads\/2018\/10\/technology-785742_960_720.jpg"},"aioseo_meta_data":{"post_id":"2882","title":null,"description":null,"keywords":null,"keyphrases":null,"primary_term":null,"canonical_url":null,"og_title":null,"og_description":null,"og_object_type":"default","og_image_type":"default","og_image_url":null,"og_image_width":null,"og_image_height":null,"og_image_custom_url":null,"og_image_custom_fields":null,"og_video":null,"og_custom_url":null,"og_article_section":null,"og_article_tags":null,"twitter_use_og":false,"twitter_card":"default","twitter_image_type":"default","twitter_image_url":null,"twitter_image_custom_url":null,"twitter_image_custom_fields":null,"twitter_title":null,"twitter_description":null,"schema":{"blockGraphs":[],"customGraphs":[],"default":{"data":{"Article":[],"Course":[],"Dataset":[],"FAQPage":[],"Movie":[],"Person":[],"Product":[],"ProductReview":[],"Car":[],"Recipe":[],"Service":[],"SoftwareApplication":[],"WebPage":[]},"graphName":"","isEnabled":true},"graphs":[],"defaultGraph":"","defaultPostTypeGraph":""},"schema_type":null,"schema_type_options":null,"pillar_content":false,"robots_default":true,"robots_noindex":false,"robots_noarchive":false,"robots_nosnippet":false,"robots_nofollow":false,"robots_noimageindex":false,"robots_noodp":false,"robots_notranslate":false,"robots_max_snippet":null,"robots_max_videopreview":null,"robots_max_imagepreview":"large","priority":null,"frequency":null,"location":null,"local_seo":null,"seo_analyzer_scan_date":"2025-08-28 13:09:22","breadcrumb_settings":null,"limit_modified_date":false,"open_ai":null,"ai":null,"created":"2021-03-31 08:57:24","updated":"2025-08-28 13:09:22"},"aioseo_breadcrumb":"<div class=\"aioseo-breadcrumbs\"><span class=\"aioseo-breadcrumb\">\n\t<a href=\"https:\/\/eldigitaldeasturias.com\/radio\" title=\"Inicio\">Inicio<\/a>\n<\/span><span class=\"aioseo-breadcrumb-separator\">&ndash;<\/span><span class=\"aioseo-breadcrumb\">\n\t<a href=\"https:\/\/eldigitaldeasturias.com\/radio\/category\/noticias\/\" title=\"Noticias\">Noticias<\/a>\n<\/span><span class=\"aioseo-breadcrumb-separator\">&ndash;<\/span><span class=\"aioseo-breadcrumb\">\n\tSea-Watch: Capitana Carola Rackete abandona Italia\n<\/span><\/div>","aioseo_breadcrumb_json":[{"label":"Inicio","link":"https:\/\/eldigitaldeasturias.com\/radio"},{"label":"Noticias","link":"https:\/\/eldigitaldeasturias.com\/radio\/category\/noticias\/"},{"label":"Sea-Watch: Capitana Carola Rackete abandona Italia","link":"https:\/\/eldigitaldeasturias.com\/radio\/sea-watch-capitana-carola-rackete-abandona-italia\/"}],"_links":{"self":[{"href":"https:\/\/eldigitaldeasturias.com\/radio\/wp-json\/wp\/v2\/posts\/2882","targetHints":{"allow":["GET"]}}],"collection":[{"href":"https:\/\/eldigitaldeasturias.com\/radio\/wp-json\/wp\/v2\/posts"}],"about":[{"href":"https:\/\/eldigitaldeasturias.com\/radio\/wp-json\/wp\/v2\/types\/post"}],"author":[{"embeddable":true,"href":"https:\/\/eldigitaldeasturias.com\/radio\/wp-json\/wp\/v2\/users\/1"}],"replies":[{"embeddable":true,"href":"https:\/\/eldigitaldeasturias.com\/radio\/wp-json\/wp\/v2\/comments?post=2882"}],"version-history":[{"count":0,"href":"https:\/\/eldigitaldeasturias.com\/radio\/wp-json\/wp\/v2\/posts\/2882\/revisions"}],"wp:featuredmedia":[{"embeddable":true,"href":"https:\/\/eldigitaldeasturias.com\/radio\/wp-json\/wp\/v2\/media\/1352"}],"wp:attachment":[{"href":"https:\/\/eldigitaldeasturias.com\/radio\/wp-json\/wp\/v2\/media?parent=2882"}],"wp:term":[{"taxonomy":"category","embeddable":true,"href":"https:\/\/eldigitaldeasturias.com\/radio\/wp-json\/wp\/v2\/categories?post=2882"},{"taxonomy":"post_tag","embeddable":true,"href":"https:\/\/eldigitaldeasturias.com\/radio\/wp-json\/wp\/v2\/tags?post=2882"}],"curies":[{"name":"wp","href":"https:\/\/api.w.org\/{rel}","templated":true}]}}