{"id":2880,"date":"2019-07-21T00:23:39","date_gmt":"2019-07-21T00:23:39","guid":{"rendered":"http:\/\/eldigitaldeasturias.com\/radio\/?p=2880"},"modified":"2019-07-21T00:23:39","modified_gmt":"2019-07-21T00:23:39","slug":"sondeo-clara-mayoria-para-alianza-de-conservadores-y-verdes-alemanes","status":"publish","type":"post","link":"https:\/\/eldigitaldeasturias.com\/radio\/sondeo-clara-mayoria-para-alianza-de-conservadores-y-verdes-alemanes\/","title":{"rendered":"Sondeo: Clara mayor\u00eda para alianza de conservadores y verdes alemanes"},"content":{"rendered":"<p>Maguncia (Alemania), 19 jul (dpa) &#8211; Una clara mayor\u00eda de alemanes sigue estando a favor de una futura alianza de gobierno de los conservadores de la canciller Angela Merkel y los opositores verdes, seg\u00fan arroj\u00f3 una encuesta publicada hoy por la televisi\u00f3n p\u00fablica ZDF.<\/p>\n<p>Las uniones dem\u00f3cratas y social cristianas (CDU\/CSU) de Merkel contin\u00faan en cabeza de las preferencias electorales y avanzaron un punto para ubicarse en el 28 por ciento, revela el llamado Bar\u00f3metro Pol\u00edtico de la ZDF.<\/p>\n<p>Detr\u00e1s se ubican Los Verdes, con un 25 por ciento en la intenci\u00f3n de voto, un punto menos que en la consulta anterior.<\/p>\n<p>Tambi\u00e9n sufrieron ligeras p\u00e9rdidas el Partido Socialdem\u00f3crata (SPD), socio actual de los conservadores, con 13 por ciento (un punto menos) y los ultraderechistas de Alternativa para Alemania (AfD), con 12 por ciento (tambi\u00e9n un punto menos). El Partido Liberal (FDP) y La Izquierda mejoraron un punto para ubicarse en el ocho por ciento.<\/p>\n<p>Por otra parte, un 41 por ciento de los 1.290 consultados entre el 16 y el 18 de julio por el instituto Forschungsgruppe Wahlen celebr\u00f3 la elecci\u00f3n de la alemana Ursula von der Leyen a la presidencia de la Comisi\u00f3n Ejecutiva de la Uni\u00f3n Europea. Un 35 por ciento se pronunciaron contrarios a la elecci\u00f3n y un 20 por ciento se manifestaron indiferentes.<\/p>\n","protected":false},"excerpt":{"rendered":"<p>Maguncia (Alemania), 19 jul (dpa) &#8211; Una clara mayor\u00eda de alemanes sigue estando a favor de una futura alianza de gobierno de los conservadores de la canciller Angela Merkel y los opositores verdes, seg\u00fan arroj\u00f3 una encuesta publicada hoy por la televisi\u00f3n p\u00fablica ZDF. Las uniones dem\u00f3cratas y social cristianas (CDU\/CSU) de Merkel contin\u00faan en<\/p>\n","protected":false},"author":1,"featured_media":1352,"comment_status":"closed","ping_status":"closed","sticky":false,"template":"","format":"standard","meta":{"footnotes":""},"categories":[1],"tags":[],"class_list":{"0":"post-2880","1":"post","2":"type-post","3":"status-publish","4":"format-standard","5":"has-post-thumbnail","7":"category-noticias"},"aioseo_notices":[],"aioseo_head":"\n\t\t<!-- All in One SEO Pro 4.9.6.2 - aioseo.com -->\n\t<meta name=\"description\" content=\"Maguncia (Alemania), 19 jul (dpa) - Una clara mayor\u00eda de alemanes sigue estando a favor de una futura alianza de gobierno de los conservadores de la canciller Angela Merkel y los opositores verdes, seg\u00fan arroj\u00f3 una encuesta publicada hoy por la televisi\u00f3n p\u00fablica ZDF. Las uniones dem\u00f3cratas y social cristianas (CDU\/CSU) de Merkel contin\u00faan en\" \/>\n\t<meta name=\"robots\" content=\"max-image-preview:large\" \/>\n\t<meta name=\"author\" content=\"NBAsturias\"\/>\n\t<meta name=\"google-site-verification\" content=\"UA-38556648-1\" \/>\n\t<meta name=\"keywords\" content=\"noticias\" \/>\n\t<link rel=\"canonical\" href=\"https:\/\/eldigitaldeasturias.com\/radio\/sondeo-clara-mayoria-para-alianza-de-conservadores-y-verdes-alemanes\/\" \/>\n\t<meta name=\"generator\" content=\"All in One SEO Pro (AIOSEO) 4.9.6.2\" \/>\n\t\t<meta property=\"og:locale\" content=\"es_ES\" \/>\n\t\t<meta property=\"og:site_name\" content=\"El Digital de Asturias | Diario de informaci\u00f3n y noticias\" \/>\n\t\t<meta property=\"og:type\" content=\"article\" \/>\n\t\t<meta property=\"og:title\" content=\"Sondeo: Clara mayor\u00eda para alianza de conservadores y verdes alemanes | El Digital de Asturias\" \/>\n\t\t<meta property=\"og:description\" content=\"Maguncia (Alemania), 19 jul (dpa) - Una clara mayor\u00eda de alemanes sigue estando a favor de una futura alianza de gobierno de los conservadores de la canciller Angela Merkel y los opositores verdes, seg\u00fan arroj\u00f3 una encuesta publicada hoy por la televisi\u00f3n p\u00fablica ZDF. Las uniones dem\u00f3cratas y social cristianas (CDU\/CSU) de Merkel contin\u00faan en\" \/>\n\t\t<meta property=\"og:url\" content=\"https:\/\/eldigitaldeasturias.com\/radio\/sondeo-clara-mayoria-para-alianza-de-conservadores-y-verdes-alemanes\/\" \/>\n\t\t<meta property=\"og:image\" content=\"https:\/\/eldigitaldeasturias.com\/radio\/wp-content\/uploads\/2018\/10\/technology-785742_960_720.jpg\" \/>\n\t\t<meta property=\"og:image:secure_url\" content=\"https:\/\/eldigitaldeasturias.com\/radio\/wp-content\/uploads\/2018\/10\/technology-785742_960_720.jpg\" \/>\n\t\t<meta property=\"og:image:width\" content=\"960\" \/>\n\t\t<meta property=\"og:image:height\" content=\"640\" \/>\n\t\t<meta property=\"article:published_time\" content=\"2019-07-21T00:23:39+00:00\" \/>\n\t\t<meta property=\"article:modified_time\" content=\"2019-07-21T00:23:39+00:00\" \/>\n\t\t<meta name=\"twitter:card\" content=\"summary_large_image\" \/>\n\t\t<meta name=\"twitter:site\" content=\"@bercodi\" \/>\n\t\t<meta name=\"twitter:title\" content=\"Sondeo: Clara mayor\u00eda para alianza de conservadores y verdes alemanes | El Digital de Asturias\" \/>\n\t\t<meta name=\"twitter:description\" content=\"Maguncia (Alemania), 19 jul (dpa) - Una clara mayor\u00eda de alemanes sigue estando a favor de una futura alianza de gobierno de los conservadores de la canciller Angela Merkel y los opositores verdes, seg\u00fan arroj\u00f3 una encuesta publicada hoy por la televisi\u00f3n p\u00fablica ZDF. Las uniones dem\u00f3cratas y social cristianas (CDU\/CSU) de Merkel contin\u00faan en\" \/>\n\t\t<meta name=\"twitter:creator\" content=\"@bercodi\" \/>\n\t\t<meta name=\"twitter:image\" content=\"https:\/\/eldigitaldeasturias.com\/radio\/wp-content\/uploads\/2018\/10\/technology-785742_960_720.jpg\" \/>\n\t\t<script type=\"application\/ld+json\" class=\"aioseo-schema\">\n\t\t\t{\"@context\":\"https:\\\/\\\/schema.org\",\"@graph\":[{\"@type\":\"BreadcrumbList\",\"@id\":\"https:\\\/\\\/eldigitaldeasturias.com\\\/radio\\\/sondeo-clara-mayoria-para-alianza-de-conservadores-y-verdes-alemanes\\\/#breadcrumblist\",\"itemListElement\":[{\"@type\":\"ListItem\",\"@id\":\"https:\\\/\\\/eldigitaldeasturias.com\\\/radio#listItem\",\"position\":1,\"name\":\"Inicio\",\"item\":\"https:\\\/\\\/eldigitaldeasturias.com\\\/radio\",\"nextItem\":{\"@type\":\"ListItem\",\"@id\":\"https:\\\/\\\/eldigitaldeasturias.com\\\/radio\\\/category\\\/noticias\\\/#listItem\",\"name\":\"Noticias\"}},{\"@type\":\"ListItem\",\"@id\":\"https:\\\/\\\/eldigitaldeasturias.com\\\/radio\\\/category\\\/noticias\\\/#listItem\",\"position\":2,\"name\":\"Noticias\",\"item\":\"https:\\\/\\\/eldigitaldeasturias.com\\\/radio\\\/category\\\/noticias\\\/\",\"nextItem\":{\"@type\":\"ListItem\",\"@id\":\"https:\\\/\\\/eldigitaldeasturias.com\\\/radio\\\/sondeo-clara-mayoria-para-alianza-de-conservadores-y-verdes-alemanes\\\/#listItem\",\"name\":\"Sondeo: Clara mayor\\u00eda para alianza de conservadores y verdes alemanes\"},\"previousItem\":{\"@type\":\"ListItem\",\"@id\":\"https:\\\/\\\/eldigitaldeasturias.com\\\/radio#listItem\",\"name\":\"Inicio\"}},{\"@type\":\"ListItem\",\"@id\":\"https:\\\/\\\/eldigitaldeasturias.com\\\/radio\\\/sondeo-clara-mayoria-para-alianza-de-conservadores-y-verdes-alemanes\\\/#listItem\",\"position\":3,\"name\":\"Sondeo: Clara mayor\\u00eda para alianza de conservadores y verdes alemanes\",\"previousItem\":{\"@type\":\"ListItem\",\"@id\":\"https:\\\/\\\/eldigitaldeasturias.com\\\/radio\\\/category\\\/noticias\\\/#listItem\",\"name\":\"Noticias\"}}]},{\"@type\":\"NewsArticle\",\"@id\":\"https:\\\/\\\/eldigitaldeasturias.com\\\/radio\\\/sondeo-clara-mayoria-para-alianza-de-conservadores-y-verdes-alemanes\\\/#newsarticle\",\"name\":\"Sondeo: Clara mayor\\u00eda para alianza de conservadores y verdes alemanes | El Digital de Asturias\",\"headline\":\"Sondeo: Clara mayor\\u00eda para alianza de conservadores y verdes alemanes\",\"author\":{\"@id\":\"https:\\\/\\\/eldigitaldeasturias.com\\\/radio\\\/author\\\/nbasturias\\\/#author\"},\"publisher\":{\"@id\":\"https:\\\/\\\/eldigitaldeasturias.com\\\/radio\\\/#organization\"},\"image\":{\"@type\":\"ImageObject\",\"url\":\"https:\\\/\\\/eldigitaldeasturias.com\\\/radio\\\/wp-content\\\/uploads\\\/2018\\\/10\\\/technology-785742_960_720.jpg\",\"width\":960,\"height\":640},\"datePublished\":\"2019-07-21T00:23:39+02:00\",\"dateModified\":\"2019-07-21T00:23:39+02:00\",\"inLanguage\":\"es-ES\",\"mainEntityOfPage\":{\"@id\":\"https:\\\/\\\/eldigitaldeasturias.com\\\/radio\\\/sondeo-clara-mayoria-para-alianza-de-conservadores-y-verdes-alemanes\\\/#webpage\"},\"isPartOf\":{\"@id\":\"https:\\\/\\\/eldigitaldeasturias.com\\\/radio\\\/sondeo-clara-mayoria-para-alianza-de-conservadores-y-verdes-alemanes\\\/#webpage\"},\"articleSection\":\"Noticias\",\"dateline\":\"Publicado el julio 21, 2019.\"},{\"@type\":\"Organization\",\"@id\":\"https:\\\/\\\/eldigitaldeasturias.com\\\/radio\\\/#organization\",\"name\":\"El digital de Asturias Radio\",\"description\":\"Diario de informaci\\u00f3n y noticias\",\"url\":\"https:\\\/\\\/eldigitaldeasturias.com\\\/radio\\\/\",\"telephone\":\"+34652131393\",\"logo\":{\"@type\":\"ImageObject\",\"url\":\"https:\\\/\\\/www.eldigitaldeasturias.com\\\/radio\\\/wp-content\\\/uploads\\\/2021\\\/03\\\/EDA.jpg\",\"@id\":\"https:\\\/\\\/eldigitaldeasturias.com\\\/radio\\\/sondeo-clara-mayoria-para-alianza-de-conservadores-y-verdes-alemanes\\\/#organizationLogo\"},\"image\":{\"@id\":\"https:\\\/\\\/eldigitaldeasturias.com\\\/radio\\\/sondeo-clara-mayoria-para-alianza-de-conservadores-y-verdes-alemanes\\\/#organizationLogo\"},\"sameAs\":[\"https:\\\/\\\/www.facebook.com\\\/\",\"https:\\\/\\\/x.com\\\/bercodi\",\"https:\\\/\\\/www.instagram.com\\\/\",\"https:\\\/\\\/www.youtube.com\\\/channel\\\/UCZP-2wLEB9Rv6erhFmqVnvg\"]},{\"@type\":\"Person\",\"@id\":\"https:\\\/\\\/eldigitaldeasturias.com\\\/radio\\\/author\\\/nbasturias\\\/#author\",\"url\":\"https:\\\/\\\/eldigitaldeasturias.com\\\/radio\\\/author\\\/nbasturias\\\/\",\"name\":\"NBAsturias\",\"image\":{\"@type\":\"ImageObject\",\"@id\":\"https:\\\/\\\/eldigitaldeasturias.com\\\/radio\\\/sondeo-clara-mayoria-para-alianza-de-conservadores-y-verdes-alemanes\\\/#authorImage\",\"url\":\"https:\\\/\\\/secure.gravatar.com\\\/avatar\\\/df2aeffc32bcd13f8d26072ef8a91b623d677766deac7f97ca815868cd41bf5e?s=96&d=mm&r=g\",\"width\":96,\"height\":96,\"caption\":\"NBAsturias\"}},{\"@type\":\"WebPage\",\"@id\":\"https:\\\/\\\/eldigitaldeasturias.com\\\/radio\\\/sondeo-clara-mayoria-para-alianza-de-conservadores-y-verdes-alemanes\\\/#webpage\",\"url\":\"https:\\\/\\\/eldigitaldeasturias.com\\\/radio\\\/sondeo-clara-mayoria-para-alianza-de-conservadores-y-verdes-alemanes\\\/\",\"name\":\"Sondeo: Clara mayor\\u00eda para alianza de conservadores y verdes alemanes | El Digital de Asturias\",\"description\":\"Maguncia (Alemania), 19 jul (dpa) - Una clara mayor\\u00eda de alemanes sigue estando a favor de una futura alianza de gobierno de los conservadores de la canciller Angela Merkel y los opositores verdes, seg\\u00fan arroj\\u00f3 una encuesta publicada hoy por la televisi\\u00f3n p\\u00fablica ZDF. Las uniones dem\\u00f3cratas y social cristianas (CDU\\\/CSU) de Merkel contin\\u00faan en\",\"inLanguage\":\"es-ES\",\"isPartOf\":{\"@id\":\"https:\\\/\\\/eldigitaldeasturias.com\\\/radio\\\/#website\"},\"breadcrumb\":{\"@id\":\"https:\\\/\\\/eldigitaldeasturias.com\\\/radio\\\/sondeo-clara-mayoria-para-alianza-de-conservadores-y-verdes-alemanes\\\/#breadcrumblist\"},\"author\":{\"@id\":\"https:\\\/\\\/eldigitaldeasturias.com\\\/radio\\\/author\\\/nbasturias\\\/#author\"},\"creator\":{\"@id\":\"https:\\\/\\\/eldigitaldeasturias.com\\\/radio\\\/author\\\/nbasturias\\\/#author\"},\"image\":{\"@type\":\"ImageObject\",\"url\":\"https:\\\/\\\/eldigitaldeasturias.com\\\/radio\\\/wp-content\\\/uploads\\\/2018\\\/10\\\/technology-785742_960_720.jpg\",\"@id\":\"https:\\\/\\\/eldigitaldeasturias.com\\\/radio\\\/sondeo-clara-mayoria-para-alianza-de-conservadores-y-verdes-alemanes\\\/#mainImage\",\"width\":960,\"height\":640},\"primaryImageOfPage\":{\"@id\":\"https:\\\/\\\/eldigitaldeasturias.com\\\/radio\\\/sondeo-clara-mayoria-para-alianza-de-conservadores-y-verdes-alemanes\\\/#mainImage\"},\"datePublished\":\"2019-07-21T00:23:39+02:00\",\"dateModified\":\"2019-07-21T00:23:39+02:00\"},{\"@type\":\"WebSite\",\"@id\":\"https:\\\/\\\/eldigitaldeasturias.com\\\/radio\\\/#website\",\"url\":\"https:\\\/\\\/eldigitaldeasturias.com\\\/radio\\\/\",\"name\":\"El Digital de Asturias\",\"description\":\"Diario de informaci\\u00f3n y noticias\",\"inLanguage\":\"es-ES\",\"publisher\":{\"@id\":\"https:\\\/\\\/eldigitaldeasturias.com\\\/radio\\\/#organization\"}}]}\n\t\t<\/script>\n\t\t<!-- All in One SEO Pro -->\r\n\t\t<title>Sondeo: Clara mayor\u00eda para alianza de conservadores y verdes alemanes | El Digital de Asturias<\/title>\n\n","aioseo_head_json":{"title":"Sondeo: Clara mayor\u00eda para alianza de conservadores y verdes alemanes | El Digital de Asturias","description":"Maguncia (Alemania), 19 jul (dpa) - Una clara mayor\u00eda de alemanes sigue estando a favor de una futura alianza de gobierno de los conservadores de la canciller Angela Merkel y los opositores verdes, seg\u00fan arroj\u00f3 una encuesta publicada hoy por la televisi\u00f3n p\u00fablica ZDF. Las uniones dem\u00f3cratas y social cristianas (CDU\/CSU) de Merkel contin\u00faan en","canonical_url":"https:\/\/eldigitaldeasturias.com\/radio\/sondeo-clara-mayoria-para-alianza-de-conservadores-y-verdes-alemanes\/","robots":"max-image-preview:large","keywords":"noticias","webmasterTools":{"google-site-verification":"UA-38556648-1","miscellaneous":""},"schema":{"@context":"https:\/\/schema.org","@graph":[{"@type":"BreadcrumbList","@id":"https:\/\/eldigitaldeasturias.com\/radio\/sondeo-clara-mayoria-para-alianza-de-conservadores-y-verdes-alemanes\/#breadcrumblist","itemListElement":[{"@type":"ListItem","@id":"https:\/\/eldigitaldeasturias.com\/radio#listItem","position":1,"name":"Inicio","item":"https:\/\/eldigitaldeasturias.com\/radio","nextItem":{"@type":"ListItem","@id":"https:\/\/eldigitaldeasturias.com\/radio\/category\/noticias\/#listItem","name":"Noticias"}},{"@type":"ListItem","@id":"https:\/\/eldigitaldeasturias.com\/radio\/category\/noticias\/#listItem","position":2,"name":"Noticias","item":"https:\/\/eldigitaldeasturias.com\/radio\/category\/noticias\/","nextItem":{"@type":"ListItem","@id":"https:\/\/eldigitaldeasturias.com\/radio\/sondeo-clara-mayoria-para-alianza-de-conservadores-y-verdes-alemanes\/#listItem","name":"Sondeo: Clara mayor\u00eda para alianza de conservadores y verdes alemanes"},"previousItem":{"@type":"ListItem","@id":"https:\/\/eldigitaldeasturias.com\/radio#listItem","name":"Inicio"}},{"@type":"ListItem","@id":"https:\/\/eldigitaldeasturias.com\/radio\/sondeo-clara-mayoria-para-alianza-de-conservadores-y-verdes-alemanes\/#listItem","position":3,"name":"Sondeo: Clara mayor\u00eda para alianza de conservadores y verdes alemanes","previousItem":{"@type":"ListItem","@id":"https:\/\/eldigitaldeasturias.com\/radio\/category\/noticias\/#listItem","name":"Noticias"}}]},{"@type":"NewsArticle","@id":"https:\/\/eldigitaldeasturias.com\/radio\/sondeo-clara-mayoria-para-alianza-de-conservadores-y-verdes-alemanes\/#newsarticle","name":"Sondeo: Clara mayor\u00eda para alianza de conservadores y verdes alemanes | El Digital de Asturias","headline":"Sondeo: Clara mayor\u00eda para alianza de conservadores y verdes alemanes","author":{"@id":"https:\/\/eldigitaldeasturias.com\/radio\/author\/nbasturias\/#author"},"publisher":{"@id":"https:\/\/eldigitaldeasturias.com\/radio\/#organization"},"image":{"@type":"ImageObject","url":"https:\/\/eldigitaldeasturias.com\/radio\/wp-content\/uploads\/2018\/10\/technology-785742_960_720.jpg","width":960,"height":640},"datePublished":"2019-07-21T00:23:39+02:00","dateModified":"2019-07-21T00:23:39+02:00","inLanguage":"es-ES","mainEntityOfPage":{"@id":"https:\/\/eldigitaldeasturias.com\/radio\/sondeo-clara-mayoria-para-alianza-de-conservadores-y-verdes-alemanes\/#webpage"},"isPartOf":{"@id":"https:\/\/eldigitaldeasturias.com\/radio\/sondeo-clara-mayoria-para-alianza-de-conservadores-y-verdes-alemanes\/#webpage"},"articleSection":"Noticias","dateline":"Publicado el julio 21, 2019."},{"@type":"Organization","@id":"https:\/\/eldigitaldeasturias.com\/radio\/#organization","name":"El digital de Asturias Radio","description":"Diario de informaci\u00f3n y noticias","url":"https:\/\/eldigitaldeasturias.com\/radio\/","telephone":"+34652131393","logo":{"@type":"ImageObject","url":"https:\/\/www.eldigitaldeasturias.com\/radio\/wp-content\/uploads\/2021\/03\/EDA.jpg","@id":"https:\/\/eldigitaldeasturias.com\/radio\/sondeo-clara-mayoria-para-alianza-de-conservadores-y-verdes-alemanes\/#organizationLogo"},"image":{"@id":"https:\/\/eldigitaldeasturias.com\/radio\/sondeo-clara-mayoria-para-alianza-de-conservadores-y-verdes-alemanes\/#organizationLogo"},"sameAs":["https:\/\/www.facebook.com\/","https:\/\/x.com\/bercodi","https:\/\/www.instagram.com\/","https:\/\/www.youtube.com\/channel\/UCZP-2wLEB9Rv6erhFmqVnvg"]},{"@type":"Person","@id":"https:\/\/eldigitaldeasturias.com\/radio\/author\/nbasturias\/#author","url":"https:\/\/eldigitaldeasturias.com\/radio\/author\/nbasturias\/","name":"NBAsturias","image":{"@type":"ImageObject","@id":"https:\/\/eldigitaldeasturias.com\/radio\/sondeo-clara-mayoria-para-alianza-de-conservadores-y-verdes-alemanes\/#authorImage","url":"https:\/\/secure.gravatar.com\/avatar\/df2aeffc32bcd13f8d26072ef8a91b623d677766deac7f97ca815868cd41bf5e?s=96&d=mm&r=g","width":96,"height":96,"caption":"NBAsturias"}},{"@type":"WebPage","@id":"https:\/\/eldigitaldeasturias.com\/radio\/sondeo-clara-mayoria-para-alianza-de-conservadores-y-verdes-alemanes\/#webpage","url":"https:\/\/eldigitaldeasturias.com\/radio\/sondeo-clara-mayoria-para-alianza-de-conservadores-y-verdes-alemanes\/","name":"Sondeo: Clara mayor\u00eda para alianza de conservadores y verdes alemanes | El Digital de Asturias","description":"Maguncia (Alemania), 19 jul (dpa) - Una clara mayor\u00eda de alemanes sigue estando a favor de una futura alianza de gobierno de los conservadores de la canciller Angela Merkel y los opositores verdes, seg\u00fan arroj\u00f3 una encuesta publicada hoy por la televisi\u00f3n p\u00fablica ZDF. Las uniones dem\u00f3cratas y social cristianas (CDU\/CSU) de Merkel contin\u00faan en","inLanguage":"es-ES","isPartOf":{"@id":"https:\/\/eldigitaldeasturias.com\/radio\/#website"},"breadcrumb":{"@id":"https:\/\/eldigitaldeasturias.com\/radio\/sondeo-clara-mayoria-para-alianza-de-conservadores-y-verdes-alemanes\/#breadcrumblist"},"author":{"@id":"https:\/\/eldigitaldeasturias.com\/radio\/author\/nbasturias\/#author"},"creator":{"@id":"https:\/\/eldigitaldeasturias.com\/radio\/author\/nbasturias\/#author"},"image":{"@type":"ImageObject","url":"https:\/\/eldigitaldeasturias.com\/radio\/wp-content\/uploads\/2018\/10\/technology-785742_960_720.jpg","@id":"https:\/\/eldigitaldeasturias.com\/radio\/sondeo-clara-mayoria-para-alianza-de-conservadores-y-verdes-alemanes\/#mainImage","width":960,"height":640},"primaryImageOfPage":{"@id":"https:\/\/eldigitaldeasturias.com\/radio\/sondeo-clara-mayoria-para-alianza-de-conservadores-y-verdes-alemanes\/#mainImage"},"datePublished":"2019-07-21T00:23:39+02:00","dateModified":"2019-07-21T00:23:39+02:00"},{"@type":"WebSite","@id":"https:\/\/eldigitaldeasturias.com\/radio\/#website","url":"https:\/\/eldigitaldeasturias.com\/radio\/","name":"El Digital de Asturias","description":"Diario de informaci\u00f3n y noticias","inLanguage":"es-ES","publisher":{"@id":"https:\/\/eldigitaldeasturias.com\/radio\/#organization"}}]},"og:locale":"es_ES","og:site_name":"El Digital de Asturias | Diario de informaci\u00f3n y noticias","og:type":"article","og:title":"Sondeo: Clara mayor\u00eda para alianza de conservadores y verdes alemanes | El Digital de Asturias","og:description":"Maguncia (Alemania), 19 jul (dpa) - Una clara mayor\u00eda de alemanes sigue estando a favor de una futura alianza de gobierno de los conservadores de la canciller Angela Merkel y los opositores verdes, seg\u00fan arroj\u00f3 una encuesta publicada hoy por la televisi\u00f3n p\u00fablica ZDF. Las uniones dem\u00f3cratas y social cristianas (CDU\/CSU) de Merkel contin\u00faan en","og:url":"https:\/\/eldigitaldeasturias.com\/radio\/sondeo-clara-mayoria-para-alianza-de-conservadores-y-verdes-alemanes\/","og:image":"https:\/\/eldigitaldeasturias.com\/radio\/wp-content\/uploads\/2018\/10\/technology-785742_960_720.jpg","og:image:secure_url":"https:\/\/eldigitaldeasturias.com\/radio\/wp-content\/uploads\/2018\/10\/technology-785742_960_720.jpg","og:image:width":960,"og:image:height":640,"article:published_time":"2019-07-21T00:23:39+00:00","article:modified_time":"2019-07-21T00:23:39+00:00","twitter:card":"summary_large_image","twitter:site":"@bercodi","twitter:title":"Sondeo: Clara mayor\u00eda para alianza de conservadores y verdes alemanes | El Digital de Asturias","twitter:description":"Maguncia (Alemania), 19 jul (dpa) - Una clara mayor\u00eda de alemanes sigue estando a favor de una futura alianza de gobierno de los conservadores de la canciller Angela Merkel y los opositores verdes, seg\u00fan arroj\u00f3 una encuesta publicada hoy por la televisi\u00f3n p\u00fablica ZDF. Las uniones dem\u00f3cratas y social cristianas (CDU\/CSU) de Merkel contin\u00faan en","twitter:creator":"@bercodi","twitter:image":"https:\/\/eldigitaldeasturias.com\/radio\/wp-content\/uploads\/2018\/10\/technology-785742_960_720.jpg"},"aioseo_meta_data":{"post_id":"2880","title":null,"description":null,"keywords":null,"keyphrases":null,"primary_term":null,"canonical_url":null,"og_title":null,"og_description":null,"og_object_type":"default","og_image_type":"default","og_image_url":null,"og_image_width":null,"og_image_height":null,"og_image_custom_url":null,"og_image_custom_fields":null,"og_video":null,"og_custom_url":null,"og_article_section":null,"og_article_tags":null,"twitter_use_og":false,"twitter_card":"default","twitter_image_type":"default","twitter_image_url":null,"twitter_image_custom_url":null,"twitter_image_custom_fields":null,"twitter_title":null,"twitter_description":null,"schema":{"blockGraphs":[],"customGraphs":[],"default":{"data":{"Article":[],"Course":[],"Dataset":[],"FAQPage":[],"Movie":[],"Person":[],"Product":[],"ProductReview":[],"Car":[],"Recipe":[],"Service":[],"SoftwareApplication":[],"WebPage":[]},"graphName":"","isEnabled":true},"graphs":[],"defaultGraph":"","defaultPostTypeGraph":""},"schema_type":null,"schema_type_options":null,"pillar_content":false,"robots_default":true,"robots_noindex":false,"robots_noarchive":false,"robots_nosnippet":false,"robots_nofollow":false,"robots_noimageindex":false,"robots_noodp":false,"robots_notranslate":false,"robots_max_snippet":null,"robots_max_videopreview":null,"robots_max_imagepreview":"large","priority":null,"frequency":null,"location":null,"local_seo":null,"seo_analyzer_scan_date":"2025-08-28 13:07:32","breadcrumb_settings":null,"limit_modified_date":false,"open_ai":null,"ai":null,"created":"2021-03-31 08:57:24","updated":"2025-08-28 13:07:32"},"aioseo_breadcrumb":"<div class=\"aioseo-breadcrumbs\"><span class=\"aioseo-breadcrumb\">\n\t<a href=\"https:\/\/eldigitaldeasturias.com\/radio\" title=\"Inicio\">Inicio<\/a>\n<\/span><span class=\"aioseo-breadcrumb-separator\">&ndash;<\/span><span class=\"aioseo-breadcrumb\">\n\t<a href=\"https:\/\/eldigitaldeasturias.com\/radio\/category\/noticias\/\" title=\"Noticias\">Noticias<\/a>\n<\/span><span class=\"aioseo-breadcrumb-separator\">&ndash;<\/span><span class=\"aioseo-breadcrumb\">\n\tSondeo: Clara mayor\u00eda para alianza de conservadores y verdes alemanes\n<\/span><\/div>","aioseo_breadcrumb_json":[{"label":"Inicio","link":"https:\/\/eldigitaldeasturias.com\/radio"},{"label":"Noticias","link":"https:\/\/eldigitaldeasturias.com\/radio\/category\/noticias\/"},{"label":"Sondeo: Clara mayor\u00eda para alianza de conservadores y verdes alemanes","link":"https:\/\/eldigitaldeasturias.com\/radio\/sondeo-clara-mayoria-para-alianza-de-conservadores-y-verdes-alemanes\/"}],"_links":{"self":[{"href":"https:\/\/eldigitaldeasturias.com\/radio\/wp-json\/wp\/v2\/posts\/2880","targetHints":{"allow":["GET"]}}],"collection":[{"href":"https:\/\/eldigitaldeasturias.com\/radio\/wp-json\/wp\/v2\/posts"}],"about":[{"href":"https:\/\/eldigitaldeasturias.com\/radio\/wp-json\/wp\/v2\/types\/post"}],"author":[{"embeddable":true,"href":"https:\/\/eldigitaldeasturias.com\/radio\/wp-json\/wp\/v2\/users\/1"}],"replies":[{"embeddable":true,"href":"https:\/\/eldigitaldeasturias.com\/radio\/wp-json\/wp\/v2\/comments?post=2880"}],"version-history":[{"count":0,"href":"https:\/\/eldigitaldeasturias.com\/radio\/wp-json\/wp\/v2\/posts\/2880\/revisions"}],"wp:featuredmedia":[{"embeddable":true,"href":"https:\/\/eldigitaldeasturias.com\/radio\/wp-json\/wp\/v2\/media\/1352"}],"wp:attachment":[{"href":"https:\/\/eldigitaldeasturias.com\/radio\/wp-json\/wp\/v2\/media?parent=2880"}],"wp:term":[{"taxonomy":"category","embeddable":true,"href":"https:\/\/eldigitaldeasturias.com\/radio\/wp-json\/wp\/v2\/categories?post=2880"},{"taxonomy":"post_tag","embeddable":true,"href":"https:\/\/eldigitaldeasturias.com\/radio\/wp-json\/wp\/v2\/tags?post=2880"}],"curies":[{"name":"wp","href":"https:\/\/api.w.org\/{rel}","templated":true}]}}