{"id":2878,"date":"2019-07-21T00:23:00","date_gmt":"2019-07-21T00:23:00","guid":{"rendered":"http:\/\/eldigitaldeasturias.com\/radio\/?p=2878"},"modified":"2019-07-21T00:23:00","modified_gmt":"2019-07-21T00:23:00","slug":"greta-thunberg-nunca-nos-detendremos","status":"publish","type":"post","link":"https:\/\/eldigitaldeasturias.com\/radio\/greta-thunberg-nunca-nos-detendremos\/","title":{"rendered":"Greta Thunberg: \u00abNunca nos detendremos\u00bb"},"content":{"rendered":"<p><img fetchpriority=\"high\" decoding=\"async\" class=\"alignleft size-medium wp-image-2266\" src=\"https:\/\/eldigitaldeasturias.com\/radio\/wp-content\/uploads\/2019\/01\/berliner-dom-3873686_960_720-360x227.jpg\" alt=\"\" width=\"360\" height=\"227\" srcset=\"https:\/\/eldigitaldeasturias.com\/radio\/wp-content\/uploads\/2019\/01\/berliner-dom-3873686_960_720-360x227.jpg 360w, https:\/\/eldigitaldeasturias.com\/radio\/wp-content\/uploads\/2019\/01\/berliner-dom-3873686_960_720-768x483.jpg 768w, https:\/\/eldigitaldeasturias.com\/radio\/wp-content\/uploads\/2019\/01\/berliner-dom-3873686_960_720.jpg 960w\" sizes=\"(max-width: 360px) 100vw, 360px\" \/>Berl\u00edn, 19 jul (dpa) &#8211; La joven ecologista Greta Thunberg apel\u00f3 hoy a continuar con las protestas en favor de la protecci\u00f3n del clima en su tercera visita a la ciudad de Berl\u00edn.<\/p>\n<p>\u00abNunca nos detendremos\u00bb, dijo Thunberg en un parque de la capital alemana, donde donde particip\u00f3 en una nueva manifestaci\u00f3n estudiantil del movimiento que ella misma puso en marcha, \u00abFridays for Future\u00bb (Viernes por el futuro).<\/p>\n<p>En agosto de 2018, esta joven de 16 a\u00f1os comenz\u00f3 a manifestarse ante el Parlamento sueco, en Estocolmo, para reclamar un compromiso m\u00e1s firme de Suecia contra el cambio clim\u00e1tico. Su movimiento se extendi\u00f3 con rapidez a un gran n\u00famero de ciudades internacionales.<\/p>\n<p>La canciller Angela Merkel, en su tradicional rueda de prensa previa a las vacaciones, elogi\u00f3 la influencia pol\u00edtica lograda tanto por Greta Thunberg como el movimiento estudiantil que lidera. \u00abNos han motivado a actuar m\u00e1s r\u00e1pido\u00bb, declar\u00f3.<\/p>\n<p>Merkel tambi\u00e9n destac\u00f3 los actuales \u00abfen\u00f3menos metereol\u00f3gicos extraordinarios\u00bb como muestra del da\u00f1o que la falta de acci\u00f3n pol\u00edtica puede causar al respecto.<\/p>\n","protected":false},"excerpt":{"rendered":"<p>Berl\u00edn, 19 jul (dpa) &#8211; La joven ecologista Greta Thunberg apel\u00f3 hoy a continuar con las protestas en favor de la protecci\u00f3n del clima en su tercera visita a la ciudad de Berl\u00edn. \u00abNunca nos detendremos\u00bb, dijo Thunberg en un parque de la capital alemana, donde donde particip\u00f3 en una nueva manifestaci\u00f3n estudiantil del movimiento<\/p>\n","protected":false},"author":1,"featured_media":2266,"comment_status":"closed","ping_status":"closed","sticky":false,"template":"","format":"standard","meta":{"footnotes":""},"categories":[1],"tags":[],"class_list":{"0":"post-2878","1":"post","2":"type-post","3":"status-publish","4":"format-standard","5":"has-post-thumbnail","7":"category-noticias"},"aioseo_notices":[],"aioseo_head":"\n\t\t<!-- All in One SEO Pro 4.9.6.2 - aioseo.com -->\n\t<meta name=\"description\" content=\"Berl\u00edn, 19 jul (dpa) - La joven ecologista Greta Thunberg apel\u00f3 hoy a continuar con las protestas en favor de la protecci\u00f3n del clima en su tercera visita a la ciudad de Berl\u00edn. &quot;Nunca nos detendremos&quot;, dijo Thunberg en un parque de la capital alemana, donde donde particip\u00f3 en una nueva manifestaci\u00f3n estudiantil del movimiento\" \/>\n\t<meta name=\"robots\" content=\"max-image-preview:large\" \/>\n\t<meta name=\"author\" content=\"NBAsturias\"\/>\n\t<meta name=\"google-site-verification\" content=\"UA-38556648-1\" \/>\n\t<meta name=\"keywords\" content=\"noticias\" \/>\n\t<link rel=\"canonical\" href=\"https:\/\/eldigitaldeasturias.com\/radio\/greta-thunberg-nunca-nos-detendremos\/\" \/>\n\t<meta name=\"generator\" content=\"All in One SEO Pro (AIOSEO) 4.9.6.2\" \/>\n\t\t<meta property=\"og:locale\" content=\"es_ES\" \/>\n\t\t<meta property=\"og:site_name\" content=\"El Digital de Asturias | Diario de informaci\u00f3n y noticias\" \/>\n\t\t<meta property=\"og:type\" content=\"article\" \/>\n\t\t<meta property=\"og:title\" content=\"Greta Thunberg: \u00abNunca nos detendremos\u00bb | El Digital de Asturias\" \/>\n\t\t<meta property=\"og:description\" content=\"Berl\u00edn, 19 jul (dpa) - La joven ecologista Greta Thunberg apel\u00f3 hoy a continuar con las protestas en favor de la protecci\u00f3n del clima en su tercera visita a la ciudad de Berl\u00edn. &quot;Nunca nos detendremos&quot;, dijo Thunberg en un parque de la capital alemana, donde donde particip\u00f3 en una nueva manifestaci\u00f3n estudiantil del movimiento\" \/>\n\t\t<meta property=\"og:url\" content=\"https:\/\/eldigitaldeasturias.com\/radio\/greta-thunberg-nunca-nos-detendremos\/\" \/>\n\t\t<meta property=\"og:image\" content=\"https:\/\/eldigitaldeasturias.com\/radio\/wp-content\/uploads\/2019\/01\/berliner-dom-3873686_960_720.jpg\" \/>\n\t\t<meta property=\"og:image:secure_url\" content=\"https:\/\/eldigitaldeasturias.com\/radio\/wp-content\/uploads\/2019\/01\/berliner-dom-3873686_960_720.jpg\" \/>\n\t\t<meta property=\"og:image:width\" content=\"960\" \/>\n\t\t<meta property=\"og:image:height\" content=\"604\" \/>\n\t\t<meta property=\"article:published_time\" content=\"2019-07-21T00:23:00+00:00\" \/>\n\t\t<meta property=\"article:modified_time\" content=\"2019-07-21T00:23:00+00:00\" \/>\n\t\t<meta name=\"twitter:card\" content=\"summary_large_image\" \/>\n\t\t<meta name=\"twitter:site\" content=\"@bercodi\" \/>\n\t\t<meta name=\"twitter:title\" content=\"Greta Thunberg: \u00abNunca nos detendremos\u00bb | El Digital de Asturias\" \/>\n\t\t<meta name=\"twitter:description\" content=\"Berl\u00edn, 19 jul (dpa) - La joven ecologista Greta Thunberg apel\u00f3 hoy a continuar con las protestas en favor de la protecci\u00f3n del clima en su tercera visita a la ciudad de Berl\u00edn. &quot;Nunca nos detendremos&quot;, dijo Thunberg en un parque de la capital alemana, donde donde particip\u00f3 en una nueva manifestaci\u00f3n estudiantil del movimiento\" \/>\n\t\t<meta name=\"twitter:creator\" content=\"@bercodi\" \/>\n\t\t<meta name=\"twitter:image\" content=\"https:\/\/eldigitaldeasturias.com\/radio\/wp-content\/uploads\/2019\/01\/berliner-dom-3873686_960_720.jpg\" \/>\n\t\t<script type=\"application\/ld+json\" class=\"aioseo-schema\">\n\t\t\t{\"@context\":\"https:\\\/\\\/schema.org\",\"@graph\":[{\"@type\":\"BreadcrumbList\",\"@id\":\"https:\\\/\\\/eldigitaldeasturias.com\\\/radio\\\/greta-thunberg-nunca-nos-detendremos\\\/#breadcrumblist\",\"itemListElement\":[{\"@type\":\"ListItem\",\"@id\":\"https:\\\/\\\/eldigitaldeasturias.com\\\/radio#listItem\",\"position\":1,\"name\":\"Inicio\",\"item\":\"https:\\\/\\\/eldigitaldeasturias.com\\\/radio\",\"nextItem\":{\"@type\":\"ListItem\",\"@id\":\"https:\\\/\\\/eldigitaldeasturias.com\\\/radio\\\/category\\\/noticias\\\/#listItem\",\"name\":\"Noticias\"}},{\"@type\":\"ListItem\",\"@id\":\"https:\\\/\\\/eldigitaldeasturias.com\\\/radio\\\/category\\\/noticias\\\/#listItem\",\"position\":2,\"name\":\"Noticias\",\"item\":\"https:\\\/\\\/eldigitaldeasturias.com\\\/radio\\\/category\\\/noticias\\\/\",\"nextItem\":{\"@type\":\"ListItem\",\"@id\":\"https:\\\/\\\/eldigitaldeasturias.com\\\/radio\\\/greta-thunberg-nunca-nos-detendremos\\\/#listItem\",\"name\":\"Greta Thunberg: \\u00abNunca nos detendremos\\u00bb\"},\"previousItem\":{\"@type\":\"ListItem\",\"@id\":\"https:\\\/\\\/eldigitaldeasturias.com\\\/radio#listItem\",\"name\":\"Inicio\"}},{\"@type\":\"ListItem\",\"@id\":\"https:\\\/\\\/eldigitaldeasturias.com\\\/radio\\\/greta-thunberg-nunca-nos-detendremos\\\/#listItem\",\"position\":3,\"name\":\"Greta Thunberg: \\u00abNunca nos detendremos\\u00bb\",\"previousItem\":{\"@type\":\"ListItem\",\"@id\":\"https:\\\/\\\/eldigitaldeasturias.com\\\/radio\\\/category\\\/noticias\\\/#listItem\",\"name\":\"Noticias\"}}]},{\"@type\":\"NewsArticle\",\"@id\":\"https:\\\/\\\/eldigitaldeasturias.com\\\/radio\\\/greta-thunberg-nunca-nos-detendremos\\\/#newsarticle\",\"name\":\"Greta Thunberg: \\u00abNunca nos detendremos\\u00bb | El Digital de Asturias\",\"headline\":\"Greta Thunberg: \\u00abNunca nos detendremos\\u00bb\",\"author\":{\"@id\":\"https:\\\/\\\/eldigitaldeasturias.com\\\/radio\\\/author\\\/nbasturias\\\/#author\"},\"publisher\":{\"@id\":\"https:\\\/\\\/eldigitaldeasturias.com\\\/radio\\\/#organization\"},\"image\":{\"@type\":\"ImageObject\",\"url\":\"https:\\\/\\\/eldigitaldeasturias.com\\\/radio\\\/wp-content\\\/uploads\\\/2019\\\/01\\\/berliner-dom-3873686_960_720.jpg\",\"width\":960,\"height\":604},\"datePublished\":\"2019-07-21T00:23:00+02:00\",\"dateModified\":\"2019-07-21T00:23:00+02:00\",\"inLanguage\":\"es-ES\",\"mainEntityOfPage\":{\"@id\":\"https:\\\/\\\/eldigitaldeasturias.com\\\/radio\\\/greta-thunberg-nunca-nos-detendremos\\\/#webpage\"},\"isPartOf\":{\"@id\":\"https:\\\/\\\/eldigitaldeasturias.com\\\/radio\\\/greta-thunberg-nunca-nos-detendremos\\\/#webpage\"},\"articleSection\":\"Noticias\",\"dateline\":\"Publicado el julio 21, 2019.\"},{\"@type\":\"Organization\",\"@id\":\"https:\\\/\\\/eldigitaldeasturias.com\\\/radio\\\/#organization\",\"name\":\"El digital de Asturias Radio\",\"description\":\"Diario de informaci\\u00f3n y noticias\",\"url\":\"https:\\\/\\\/eldigitaldeasturias.com\\\/radio\\\/\",\"telephone\":\"+34652131393\",\"logo\":{\"@type\":\"ImageObject\",\"url\":\"https:\\\/\\\/www.eldigitaldeasturias.com\\\/radio\\\/wp-content\\\/uploads\\\/2021\\\/03\\\/EDA.jpg\",\"@id\":\"https:\\\/\\\/eldigitaldeasturias.com\\\/radio\\\/greta-thunberg-nunca-nos-detendremos\\\/#organizationLogo\"},\"image\":{\"@id\":\"https:\\\/\\\/eldigitaldeasturias.com\\\/radio\\\/greta-thunberg-nunca-nos-detendremos\\\/#organizationLogo\"},\"sameAs\":[\"https:\\\/\\\/www.facebook.com\\\/\",\"https:\\\/\\\/x.com\\\/bercodi\",\"https:\\\/\\\/www.instagram.com\\\/\",\"https:\\\/\\\/www.youtube.com\\\/channel\\\/UCZP-2wLEB9Rv6erhFmqVnvg\"]},{\"@type\":\"Person\",\"@id\":\"https:\\\/\\\/eldigitaldeasturias.com\\\/radio\\\/author\\\/nbasturias\\\/#author\",\"url\":\"https:\\\/\\\/eldigitaldeasturias.com\\\/radio\\\/author\\\/nbasturias\\\/\",\"name\":\"NBAsturias\",\"image\":{\"@type\":\"ImageObject\",\"@id\":\"https:\\\/\\\/eldigitaldeasturias.com\\\/radio\\\/greta-thunberg-nunca-nos-detendremos\\\/#authorImage\",\"url\":\"https:\\\/\\\/secure.gravatar.com\\\/avatar\\\/df2aeffc32bcd13f8d26072ef8a91b623d677766deac7f97ca815868cd41bf5e?s=96&d=mm&r=g\",\"width\":96,\"height\":96,\"caption\":\"NBAsturias\"}},{\"@type\":\"WebPage\",\"@id\":\"https:\\\/\\\/eldigitaldeasturias.com\\\/radio\\\/greta-thunberg-nunca-nos-detendremos\\\/#webpage\",\"url\":\"https:\\\/\\\/eldigitaldeasturias.com\\\/radio\\\/greta-thunberg-nunca-nos-detendremos\\\/\",\"name\":\"Greta Thunberg: \\u00abNunca nos detendremos\\u00bb | El Digital de Asturias\",\"description\":\"Berl\\u00edn, 19 jul (dpa) - La joven ecologista Greta Thunberg apel\\u00f3 hoy a continuar con las protestas en favor de la protecci\\u00f3n del clima en su tercera visita a la ciudad de Berl\\u00edn. \\\"Nunca nos detendremos\\\", dijo Thunberg en un parque de la capital alemana, donde donde particip\\u00f3 en una nueva manifestaci\\u00f3n estudiantil del movimiento\",\"inLanguage\":\"es-ES\",\"isPartOf\":{\"@id\":\"https:\\\/\\\/eldigitaldeasturias.com\\\/radio\\\/#website\"},\"breadcrumb\":{\"@id\":\"https:\\\/\\\/eldigitaldeasturias.com\\\/radio\\\/greta-thunberg-nunca-nos-detendremos\\\/#breadcrumblist\"},\"author\":{\"@id\":\"https:\\\/\\\/eldigitaldeasturias.com\\\/radio\\\/author\\\/nbasturias\\\/#author\"},\"creator\":{\"@id\":\"https:\\\/\\\/eldigitaldeasturias.com\\\/radio\\\/author\\\/nbasturias\\\/#author\"},\"image\":{\"@type\":\"ImageObject\",\"url\":\"https:\\\/\\\/eldigitaldeasturias.com\\\/radio\\\/wp-content\\\/uploads\\\/2019\\\/01\\\/berliner-dom-3873686_960_720.jpg\",\"@id\":\"https:\\\/\\\/eldigitaldeasturias.com\\\/radio\\\/greta-thunberg-nunca-nos-detendremos\\\/#mainImage\",\"width\":960,\"height\":604},\"primaryImageOfPage\":{\"@id\":\"https:\\\/\\\/eldigitaldeasturias.com\\\/radio\\\/greta-thunberg-nunca-nos-detendremos\\\/#mainImage\"},\"datePublished\":\"2019-07-21T00:23:00+02:00\",\"dateModified\":\"2019-07-21T00:23:00+02:00\"},{\"@type\":\"WebSite\",\"@id\":\"https:\\\/\\\/eldigitaldeasturias.com\\\/radio\\\/#website\",\"url\":\"https:\\\/\\\/eldigitaldeasturias.com\\\/radio\\\/\",\"name\":\"El Digital de Asturias\",\"description\":\"Diario de informaci\\u00f3n y noticias\",\"inLanguage\":\"es-ES\",\"publisher\":{\"@id\":\"https:\\\/\\\/eldigitaldeasturias.com\\\/radio\\\/#organization\"}}]}\n\t\t<\/script>\n\t\t<!-- All in One SEO Pro -->\r\n\t\t<title>Greta Thunberg: \u00abNunca nos detendremos\u00bb | El Digital de Asturias<\/title>\n\n","aioseo_head_json":{"title":"Greta Thunberg: \u00abNunca nos detendremos\u00bb | El Digital de Asturias","description":"Berl\u00edn, 19 jul (dpa) - La joven ecologista Greta Thunberg apel\u00f3 hoy a continuar con las protestas en favor de la protecci\u00f3n del clima en su tercera visita a la ciudad de Berl\u00edn. \"Nunca nos detendremos\", dijo Thunberg en un parque de la capital alemana, donde donde particip\u00f3 en una nueva manifestaci\u00f3n estudiantil del movimiento","canonical_url":"https:\/\/eldigitaldeasturias.com\/radio\/greta-thunberg-nunca-nos-detendremos\/","robots":"max-image-preview:large","keywords":"noticias","webmasterTools":{"google-site-verification":"UA-38556648-1","miscellaneous":""},"schema":{"@context":"https:\/\/schema.org","@graph":[{"@type":"BreadcrumbList","@id":"https:\/\/eldigitaldeasturias.com\/radio\/greta-thunberg-nunca-nos-detendremos\/#breadcrumblist","itemListElement":[{"@type":"ListItem","@id":"https:\/\/eldigitaldeasturias.com\/radio#listItem","position":1,"name":"Inicio","item":"https:\/\/eldigitaldeasturias.com\/radio","nextItem":{"@type":"ListItem","@id":"https:\/\/eldigitaldeasturias.com\/radio\/category\/noticias\/#listItem","name":"Noticias"}},{"@type":"ListItem","@id":"https:\/\/eldigitaldeasturias.com\/radio\/category\/noticias\/#listItem","position":2,"name":"Noticias","item":"https:\/\/eldigitaldeasturias.com\/radio\/category\/noticias\/","nextItem":{"@type":"ListItem","@id":"https:\/\/eldigitaldeasturias.com\/radio\/greta-thunberg-nunca-nos-detendremos\/#listItem","name":"Greta Thunberg: \u00abNunca nos detendremos\u00bb"},"previousItem":{"@type":"ListItem","@id":"https:\/\/eldigitaldeasturias.com\/radio#listItem","name":"Inicio"}},{"@type":"ListItem","@id":"https:\/\/eldigitaldeasturias.com\/radio\/greta-thunberg-nunca-nos-detendremos\/#listItem","position":3,"name":"Greta Thunberg: \u00abNunca nos detendremos\u00bb","previousItem":{"@type":"ListItem","@id":"https:\/\/eldigitaldeasturias.com\/radio\/category\/noticias\/#listItem","name":"Noticias"}}]},{"@type":"NewsArticle","@id":"https:\/\/eldigitaldeasturias.com\/radio\/greta-thunberg-nunca-nos-detendremos\/#newsarticle","name":"Greta Thunberg: \u00abNunca nos detendremos\u00bb | El Digital de Asturias","headline":"Greta Thunberg: \u00abNunca nos detendremos\u00bb","author":{"@id":"https:\/\/eldigitaldeasturias.com\/radio\/author\/nbasturias\/#author"},"publisher":{"@id":"https:\/\/eldigitaldeasturias.com\/radio\/#organization"},"image":{"@type":"ImageObject","url":"https:\/\/eldigitaldeasturias.com\/radio\/wp-content\/uploads\/2019\/01\/berliner-dom-3873686_960_720.jpg","width":960,"height":604},"datePublished":"2019-07-21T00:23:00+02:00","dateModified":"2019-07-21T00:23:00+02:00","inLanguage":"es-ES","mainEntityOfPage":{"@id":"https:\/\/eldigitaldeasturias.com\/radio\/greta-thunberg-nunca-nos-detendremos\/#webpage"},"isPartOf":{"@id":"https:\/\/eldigitaldeasturias.com\/radio\/greta-thunberg-nunca-nos-detendremos\/#webpage"},"articleSection":"Noticias","dateline":"Publicado el julio 21, 2019."},{"@type":"Organization","@id":"https:\/\/eldigitaldeasturias.com\/radio\/#organization","name":"El digital de Asturias Radio","description":"Diario de informaci\u00f3n y noticias","url":"https:\/\/eldigitaldeasturias.com\/radio\/","telephone":"+34652131393","logo":{"@type":"ImageObject","url":"https:\/\/www.eldigitaldeasturias.com\/radio\/wp-content\/uploads\/2021\/03\/EDA.jpg","@id":"https:\/\/eldigitaldeasturias.com\/radio\/greta-thunberg-nunca-nos-detendremos\/#organizationLogo"},"image":{"@id":"https:\/\/eldigitaldeasturias.com\/radio\/greta-thunberg-nunca-nos-detendremos\/#organizationLogo"},"sameAs":["https:\/\/www.facebook.com\/","https:\/\/x.com\/bercodi","https:\/\/www.instagram.com\/","https:\/\/www.youtube.com\/channel\/UCZP-2wLEB9Rv6erhFmqVnvg"]},{"@type":"Person","@id":"https:\/\/eldigitaldeasturias.com\/radio\/author\/nbasturias\/#author","url":"https:\/\/eldigitaldeasturias.com\/radio\/author\/nbasturias\/","name":"NBAsturias","image":{"@type":"ImageObject","@id":"https:\/\/eldigitaldeasturias.com\/radio\/greta-thunberg-nunca-nos-detendremos\/#authorImage","url":"https:\/\/secure.gravatar.com\/avatar\/df2aeffc32bcd13f8d26072ef8a91b623d677766deac7f97ca815868cd41bf5e?s=96&d=mm&r=g","width":96,"height":96,"caption":"NBAsturias"}},{"@type":"WebPage","@id":"https:\/\/eldigitaldeasturias.com\/radio\/greta-thunberg-nunca-nos-detendremos\/#webpage","url":"https:\/\/eldigitaldeasturias.com\/radio\/greta-thunberg-nunca-nos-detendremos\/","name":"Greta Thunberg: \u00abNunca nos detendremos\u00bb | El Digital de Asturias","description":"Berl\u00edn, 19 jul (dpa) - La joven ecologista Greta Thunberg apel\u00f3 hoy a continuar con las protestas en favor de la protecci\u00f3n del clima en su tercera visita a la ciudad de Berl\u00edn. \"Nunca nos detendremos\", dijo Thunberg en un parque de la capital alemana, donde donde particip\u00f3 en una nueva manifestaci\u00f3n estudiantil del movimiento","inLanguage":"es-ES","isPartOf":{"@id":"https:\/\/eldigitaldeasturias.com\/radio\/#website"},"breadcrumb":{"@id":"https:\/\/eldigitaldeasturias.com\/radio\/greta-thunberg-nunca-nos-detendremos\/#breadcrumblist"},"author":{"@id":"https:\/\/eldigitaldeasturias.com\/radio\/author\/nbasturias\/#author"},"creator":{"@id":"https:\/\/eldigitaldeasturias.com\/radio\/author\/nbasturias\/#author"},"image":{"@type":"ImageObject","url":"https:\/\/eldigitaldeasturias.com\/radio\/wp-content\/uploads\/2019\/01\/berliner-dom-3873686_960_720.jpg","@id":"https:\/\/eldigitaldeasturias.com\/radio\/greta-thunberg-nunca-nos-detendremos\/#mainImage","width":960,"height":604},"primaryImageOfPage":{"@id":"https:\/\/eldigitaldeasturias.com\/radio\/greta-thunberg-nunca-nos-detendremos\/#mainImage"},"datePublished":"2019-07-21T00:23:00+02:00","dateModified":"2019-07-21T00:23:00+02:00"},{"@type":"WebSite","@id":"https:\/\/eldigitaldeasturias.com\/radio\/#website","url":"https:\/\/eldigitaldeasturias.com\/radio\/","name":"El Digital de Asturias","description":"Diario de informaci\u00f3n y noticias","inLanguage":"es-ES","publisher":{"@id":"https:\/\/eldigitaldeasturias.com\/radio\/#organization"}}]},"og:locale":"es_ES","og:site_name":"El Digital de Asturias | Diario de informaci\u00f3n y noticias","og:type":"article","og:title":"Greta Thunberg: \u00abNunca nos detendremos\u00bb | El Digital de Asturias","og:description":"Berl\u00edn, 19 jul (dpa) - La joven ecologista Greta Thunberg apel\u00f3 hoy a continuar con las protestas en favor de la protecci\u00f3n del clima en su tercera visita a la ciudad de Berl\u00edn. &quot;Nunca nos detendremos&quot;, dijo Thunberg en un parque de la capital alemana, donde donde particip\u00f3 en una nueva manifestaci\u00f3n estudiantil del movimiento","og:url":"https:\/\/eldigitaldeasturias.com\/radio\/greta-thunberg-nunca-nos-detendremos\/","og:image":"https:\/\/eldigitaldeasturias.com\/radio\/wp-content\/uploads\/2019\/01\/berliner-dom-3873686_960_720.jpg","og:image:secure_url":"https:\/\/eldigitaldeasturias.com\/radio\/wp-content\/uploads\/2019\/01\/berliner-dom-3873686_960_720.jpg","og:image:width":960,"og:image:height":604,"article:published_time":"2019-07-21T00:23:00+00:00","article:modified_time":"2019-07-21T00:23:00+00:00","twitter:card":"summary_large_image","twitter:site":"@bercodi","twitter:title":"Greta Thunberg: \u00abNunca nos detendremos\u00bb | El Digital de Asturias","twitter:description":"Berl\u00edn, 19 jul (dpa) - La joven ecologista Greta Thunberg apel\u00f3 hoy a continuar con las protestas en favor de la protecci\u00f3n del clima en su tercera visita a la ciudad de Berl\u00edn. &quot;Nunca nos detendremos&quot;, dijo Thunberg en un parque de la capital alemana, donde donde particip\u00f3 en una nueva manifestaci\u00f3n estudiantil del movimiento","twitter:creator":"@bercodi","twitter:image":"https:\/\/eldigitaldeasturias.com\/radio\/wp-content\/uploads\/2019\/01\/berliner-dom-3873686_960_720.jpg"},"aioseo_meta_data":{"post_id":"2878","title":null,"description":null,"keywords":null,"keyphrases":null,"primary_term":null,"canonical_url":null,"og_title":null,"og_description":null,"og_object_type":"default","og_image_type":"default","og_image_url":null,"og_image_width":null,"og_image_height":null,"og_image_custom_url":null,"og_image_custom_fields":null,"og_video":null,"og_custom_url":null,"og_article_section":null,"og_article_tags":null,"twitter_use_og":false,"twitter_card":"default","twitter_image_type":"default","twitter_image_url":null,"twitter_image_custom_url":null,"twitter_image_custom_fields":null,"twitter_title":null,"twitter_description":null,"schema":{"blockGraphs":[],"customGraphs":[],"default":{"data":{"Article":[],"Course":[],"Dataset":[],"FAQPage":[],"Movie":[],"Person":[],"Product":[],"ProductReview":[],"Car":[],"Recipe":[],"Service":[],"SoftwareApplication":[],"WebPage":[]},"graphName":"","isEnabled":true},"graphs":[],"defaultGraph":"","defaultPostTypeGraph":""},"schema_type":null,"schema_type_options":null,"pillar_content":false,"robots_default":true,"robots_noindex":false,"robots_noarchive":false,"robots_nosnippet":false,"robots_nofollow":false,"robots_noimageindex":false,"robots_noodp":false,"robots_notranslate":false,"robots_max_snippet":null,"robots_max_videopreview":null,"robots_max_imagepreview":"large","priority":null,"frequency":null,"location":null,"local_seo":null,"seo_analyzer_scan_date":"2025-08-28 13:07:31","breadcrumb_settings":null,"limit_modified_date":false,"open_ai":null,"ai":null,"created":"2021-03-31 06:45:45","updated":"2025-08-28 13:07:31"},"aioseo_breadcrumb":"<div class=\"aioseo-breadcrumbs\"><span class=\"aioseo-breadcrumb\">\n\t<a href=\"https:\/\/eldigitaldeasturias.com\/radio\" title=\"Inicio\">Inicio<\/a>\n<\/span><span class=\"aioseo-breadcrumb-separator\">&ndash;<\/span><span class=\"aioseo-breadcrumb\">\n\t<a href=\"https:\/\/eldigitaldeasturias.com\/radio\/category\/noticias\/\" title=\"Noticias\">Noticias<\/a>\n<\/span><span class=\"aioseo-breadcrumb-separator\">&ndash;<\/span><span class=\"aioseo-breadcrumb\">\n\tGreta Thunberg: \u00abNunca nos detendremos\u00bb\n<\/span><\/div>","aioseo_breadcrumb_json":[{"label":"Inicio","link":"https:\/\/eldigitaldeasturias.com\/radio"},{"label":"Noticias","link":"https:\/\/eldigitaldeasturias.com\/radio\/category\/noticias\/"},{"label":"Greta Thunberg: \u00abNunca nos detendremos\u00bb","link":"https:\/\/eldigitaldeasturias.com\/radio\/greta-thunberg-nunca-nos-detendremos\/"}],"_links":{"self":[{"href":"https:\/\/eldigitaldeasturias.com\/radio\/wp-json\/wp\/v2\/posts\/2878","targetHints":{"allow":["GET"]}}],"collection":[{"href":"https:\/\/eldigitaldeasturias.com\/radio\/wp-json\/wp\/v2\/posts"}],"about":[{"href":"https:\/\/eldigitaldeasturias.com\/radio\/wp-json\/wp\/v2\/types\/post"}],"author":[{"embeddable":true,"href":"https:\/\/eldigitaldeasturias.com\/radio\/wp-json\/wp\/v2\/users\/1"}],"replies":[{"embeddable":true,"href":"https:\/\/eldigitaldeasturias.com\/radio\/wp-json\/wp\/v2\/comments?post=2878"}],"version-history":[{"count":0,"href":"https:\/\/eldigitaldeasturias.com\/radio\/wp-json\/wp\/v2\/posts\/2878\/revisions"}],"wp:featuredmedia":[{"embeddable":true,"href":"https:\/\/eldigitaldeasturias.com\/radio\/wp-json\/wp\/v2\/media\/2266"}],"wp:attachment":[{"href":"https:\/\/eldigitaldeasturias.com\/radio\/wp-json\/wp\/v2\/media?parent=2878"}],"wp:term":[{"taxonomy":"category","embeddable":true,"href":"https:\/\/eldigitaldeasturias.com\/radio\/wp-json\/wp\/v2\/categories?post=2878"},{"taxonomy":"post_tag","embeddable":true,"href":"https:\/\/eldigitaldeasturias.com\/radio\/wp-json\/wp\/v2\/tags?post=2878"}],"curies":[{"name":"wp","href":"https:\/\/api.w.org\/{rel}","templated":true}]}}