{"id":2869,"date":"2019-07-21T00:15:33","date_gmt":"2019-07-21T00:15:33","guid":{"rendered":"http:\/\/eldigitaldeasturias.com\/radio\/?p=2869"},"modified":"2019-07-21T00:15:33","modified_gmt":"2019-07-21T00:15:33","slug":"reciclaje-energia-solar-y-movilidad-sostenible-como-ejes-principales-del-madrid-del-futuro","status":"publish","type":"post","link":"https:\/\/eldigitaldeasturias.com\/radio\/reciclaje-energia-solar-y-movilidad-sostenible-como-ejes-principales-del-madrid-del-futuro\/","title":{"rendered":"Reciclaje, energ\u00eda solar y movilidad sostenible como ejes principales del Madrid del futuro"},"content":{"rendered":"<p><img fetchpriority=\"high\" decoding=\"async\" class=\"alignleft size-medium wp-image-2870\" src=\"https:\/\/eldigitaldeasturias.com\/radio\/wp-content\/uploads\/2019\/07\/1562921986_Hackaton_Madrid_1_-360x240.jpg\" alt=\"\" width=\"360\" height=\"240\" srcset=\"https:\/\/eldigitaldeasturias.com\/radio\/wp-content\/uploads\/2019\/07\/1562921986_Hackaton_Madrid_1_-360x240.jpg 360w, https:\/\/eldigitaldeasturias.com\/radio\/wp-content\/uploads\/2019\/07\/1562921986_Hackaton_Madrid_1_-1024x683.jpg 1024w, https:\/\/eldigitaldeasturias.com\/radio\/wp-content\/uploads\/2019\/07\/1562921986_Hackaton_Madrid_1_-768x512.jpg 768w, https:\/\/eldigitaldeasturias.com\/radio\/wp-content\/uploads\/2019\/07\/1562921986_Hackaton_Madrid_1_-1536x1024.jpg 1536w, https:\/\/eldigitaldeasturias.com\/radio\/wp-content\/uploads\/2019\/07\/1562921986_Hackaton_Madrid_1_-2048x1365.jpg 2048w\" sizes=\"(max-width: 360px) 100vw, 360px\" \/>El pasado 5 de julio m\u00e1s de 30 estudiantes de diversos puntos del territorio se reunieron en Madrid durante 11 horas para buscar soluciones sostenibles y eficientes para resolver los retos energ\u00e9ticos de la capital espa\u00f1ola, especialmente pensando en los ambiciosos objetivos medioambientales planteados en el Plan Integrado de Energ\u00eda y Clima 2021-2030. El encuentro tuvo lugar en las oficinas de San Sebasti\u00e1n de los Reyes de Schneider Electric, l\u00edder en la transformaci\u00f3n digital de la gesti\u00f3n de la energ\u00eda y la automatizaci\u00f3n, con la colaboraci\u00f3n del ecosistema de talento joven TRIVU.<\/p>\n<p>Los participantes han estado trabajando en distintos proyectos, divididos por equipos, para dar respuesta a una de las siguientes cuestiones: \u00bfC\u00f3mo crear un Madrid cada vez m\u00e1s descarbonizado?; \u00bfC\u00f3mo conseguir un hogar madrile\u00f1o inteligente y sostenible?; \u00bfC\u00f3mo ser\u00e1n los edificios de la ciudad del futuro para contribuir a un entorno m\u00e1s sostenible? El proyecto \u201cGreen Bin\u201d, ganador del primer premio, ha puesto sobre la mesa el problema que supone la generaci\u00f3n de residuos, en especial entre estudiantes que viven por primera vez fuera de casa. Los productos de un solo uso son habituales en su d\u00eda a d\u00eda, por lo que su propuesta ha sido un innovador sistema de reciclaje en residencias universitarias, optimizando los recursos con un enfoque 5R (reutilizar, reducir, reparar, reciclar y regular). Otro de los proyectos galardonados ha sido \u201cIn Sunny\u201d, que ha optado por aprovechar el potencial de la energ\u00eda solar unificando la eficiencia energ\u00e9tica y las nuevas formas de trabajar. Su propuesta ha sido la instalaci\u00f3n de paneles solares en los hogares madrile\u00f1os, disminuyendo el coste energ\u00e9tico y fomentando el teletrabajo sin asumir un coste extra por aumentar el consumo en horas no habituales. Por \u00faltimo, \u201cMy eDrive\u201d ha querido poner el foco en uno de los mayores problemas de Madrid: la movilidad. El equipo ha propuesto la puesta en marcha de una flota de 400 coches el\u00e9ctricos aut\u00f3nomos que fomenten el car-sharing, reduzcan costes de transporte y constituyan una alternativa de movilidad sostenible.<\/p>\n<p>Los estudiantes que han participado en el hackaton han podido aplicar metodolog\u00edas de innovaci\u00f3n y Design Thinking, contando con el conocimiento y la experiencia de los vicepresidentes de distintas unidades de negocio de Schneider Electric, que han sido tanto mentores como miembros del jurado de la competici\u00f3n.<\/p>\n<p>Alberto Mart\u00ednez Sanguino, vicepresidente de Recursos Humanos de Schneider Electric Iberia, ha explicado que la \u201cHackon Madrid ha sido un evento sumamente enriquecedor, ya que nos ha permitido compartir con j\u00f3venes talentos sus ideas m\u00e1s innovadoras y disruptivas en relaci\u00f3n a las tendencias del mercado para una industria energ\u00e9tica sostenible. Adem\u00e1s, hemos tenido la oportunidad de trabajar con ellos directamente, gracias a los espacios de mentor\u00eda, de manera que hemos conocido de primera mano sus ambiciones, pero tambi\u00e9n hemos tenido la oportunidad de comentar su desarrollo profesional e incursi\u00f3n en el \u00e1mbito laboral. Sin duda, una jornada altamente provechosa tanto para ellos como para nosotros\u201d.<\/p>\n","protected":false},"excerpt":{"rendered":"<p>El pasado 5 de julio m\u00e1s de 30 estudiantes de diversos puntos del territorio se reunieron en Madrid durante 11 horas para buscar soluciones sostenibles y eficientes para resolver los retos energ\u00e9ticos de la capital espa\u00f1ola, especialmente pensando en los ambiciosos objetivos medioambientales planteados en el Plan Integrado de Energ\u00eda y Clima 2021-2030. El encuentro<\/p>\n","protected":false},"author":1,"featured_media":2870,"comment_status":"closed","ping_status":"closed","sticky":false,"template":"","format":"standard","meta":{"footnotes":""},"categories":[1],"tags":[],"class_list":{"0":"post-2869","1":"post","2":"type-post","3":"status-publish","4":"format-standard","5":"has-post-thumbnail","7":"category-noticias"},"aioseo_notices":[],"aioseo_head":"\n\t\t<!-- All in One SEO Pro 4.9.6.2 - aioseo.com -->\n\t<meta name=\"description\" content=\"El pasado 5 de julio m\u00e1s de 30 estudiantes de diversos puntos del territorio se reunieron en Madrid durante 11 horas para buscar soluciones sostenibles y eficientes para resolver los retos energ\u00e9ticos de la capital espa\u00f1ola, especialmente pensando en los ambiciosos objetivos medioambientales planteados en el Plan Integrado de Energ\u00eda y Clima 2021-2030. El encuentro\" \/>\n\t<meta name=\"robots\" content=\"max-image-preview:large\" \/>\n\t<meta name=\"author\" content=\"NBAsturias\"\/>\n\t<meta name=\"google-site-verification\" content=\"UA-38556648-1\" \/>\n\t<meta name=\"keywords\" content=\"noticias\" \/>\n\t<link rel=\"canonical\" href=\"https:\/\/eldigitaldeasturias.com\/radio\/reciclaje-energia-solar-y-movilidad-sostenible-como-ejes-principales-del-madrid-del-futuro\/\" \/>\n\t<meta name=\"generator\" content=\"All in One SEO Pro (AIOSEO) 4.9.6.2\" \/>\n\t\t<meta property=\"og:locale\" content=\"es_ES\" \/>\n\t\t<meta property=\"og:site_name\" content=\"El Digital de Asturias | Diario de informaci\u00f3n y noticias\" \/>\n\t\t<meta property=\"og:type\" content=\"article\" \/>\n\t\t<meta property=\"og:title\" content=\"Reciclaje, energ\u00eda solar y movilidad sostenible como ejes principales del Madrid del futuro | El Digital de Asturias\" \/>\n\t\t<meta property=\"og:description\" content=\"El pasado 5 de julio m\u00e1s de 30 estudiantes de diversos puntos del territorio se reunieron en Madrid durante 11 horas para buscar soluciones sostenibles y eficientes para resolver los retos energ\u00e9ticos de la capital espa\u00f1ola, especialmente pensando en los ambiciosos objetivos medioambientales planteados en el Plan Integrado de Energ\u00eda y Clima 2021-2030. El encuentro\" \/>\n\t\t<meta property=\"og:url\" content=\"https:\/\/eldigitaldeasturias.com\/radio\/reciclaje-energia-solar-y-movilidad-sostenible-como-ejes-principales-del-madrid-del-futuro\/\" \/>\n\t\t<meta property=\"og:image\" content=\"https:\/\/eldigitaldeasturias.com\/radio\/wp-content\/uploads\/2019\/07\/1562921986_Hackaton_Madrid_1_-scaled.jpg\" \/>\n\t\t<meta property=\"og:image:secure_url\" content=\"https:\/\/eldigitaldeasturias.com\/radio\/wp-content\/uploads\/2019\/07\/1562921986_Hackaton_Madrid_1_-scaled.jpg\" \/>\n\t\t<meta property=\"og:image:width\" content=\"2560\" \/>\n\t\t<meta property=\"og:image:height\" content=\"1707\" \/>\n\t\t<meta property=\"article:published_time\" content=\"2019-07-21T00:15:33+00:00\" \/>\n\t\t<meta property=\"article:modified_time\" content=\"2019-07-21T00:15:33+00:00\" \/>\n\t\t<meta name=\"twitter:card\" content=\"summary_large_image\" \/>\n\t\t<meta name=\"twitter:site\" content=\"@bercodi\" \/>\n\t\t<meta name=\"twitter:title\" content=\"Reciclaje, energ\u00eda solar y movilidad sostenible como ejes principales del Madrid del futuro | El Digital de Asturias\" \/>\n\t\t<meta name=\"twitter:description\" content=\"El pasado 5 de julio m\u00e1s de 30 estudiantes de diversos puntos del territorio se reunieron en Madrid durante 11 horas para buscar soluciones sostenibles y eficientes para resolver los retos energ\u00e9ticos de la capital espa\u00f1ola, especialmente pensando en los ambiciosos objetivos medioambientales planteados en el Plan Integrado de Energ\u00eda y Clima 2021-2030. El encuentro\" \/>\n\t\t<meta name=\"twitter:creator\" content=\"@bercodi\" \/>\n\t\t<meta name=\"twitter:image\" content=\"https:\/\/eldigitaldeasturias.com\/radio\/wp-content\/uploads\/2019\/07\/1562921986_Hackaton_Madrid_1_-scaled.jpg\" \/>\n\t\t<script type=\"application\/ld+json\" class=\"aioseo-schema\">\n\t\t\t{\"@context\":\"https:\\\/\\\/schema.org\",\"@graph\":[{\"@type\":\"BreadcrumbList\",\"@id\":\"https:\\\/\\\/eldigitaldeasturias.com\\\/radio\\\/reciclaje-energia-solar-y-movilidad-sostenible-como-ejes-principales-del-madrid-del-futuro\\\/#breadcrumblist\",\"itemListElement\":[{\"@type\":\"ListItem\",\"@id\":\"https:\\\/\\\/eldigitaldeasturias.com\\\/radio#listItem\",\"position\":1,\"name\":\"Inicio\",\"item\":\"https:\\\/\\\/eldigitaldeasturias.com\\\/radio\",\"nextItem\":{\"@type\":\"ListItem\",\"@id\":\"https:\\\/\\\/eldigitaldeasturias.com\\\/radio\\\/category\\\/noticias\\\/#listItem\",\"name\":\"Noticias\"}},{\"@type\":\"ListItem\",\"@id\":\"https:\\\/\\\/eldigitaldeasturias.com\\\/radio\\\/category\\\/noticias\\\/#listItem\",\"position\":2,\"name\":\"Noticias\",\"item\":\"https:\\\/\\\/eldigitaldeasturias.com\\\/radio\\\/category\\\/noticias\\\/\",\"nextItem\":{\"@type\":\"ListItem\",\"@id\":\"https:\\\/\\\/eldigitaldeasturias.com\\\/radio\\\/reciclaje-energia-solar-y-movilidad-sostenible-como-ejes-principales-del-madrid-del-futuro\\\/#listItem\",\"name\":\"Reciclaje, energ\\u00eda solar y movilidad sostenible como ejes principales del Madrid del futuro\"},\"previousItem\":{\"@type\":\"ListItem\",\"@id\":\"https:\\\/\\\/eldigitaldeasturias.com\\\/radio#listItem\",\"name\":\"Inicio\"}},{\"@type\":\"ListItem\",\"@id\":\"https:\\\/\\\/eldigitaldeasturias.com\\\/radio\\\/reciclaje-energia-solar-y-movilidad-sostenible-como-ejes-principales-del-madrid-del-futuro\\\/#listItem\",\"position\":3,\"name\":\"Reciclaje, energ\\u00eda solar y movilidad sostenible como ejes principales del Madrid del futuro\",\"previousItem\":{\"@type\":\"ListItem\",\"@id\":\"https:\\\/\\\/eldigitaldeasturias.com\\\/radio\\\/category\\\/noticias\\\/#listItem\",\"name\":\"Noticias\"}}]},{\"@type\":\"NewsArticle\",\"@id\":\"https:\\\/\\\/eldigitaldeasturias.com\\\/radio\\\/reciclaje-energia-solar-y-movilidad-sostenible-como-ejes-principales-del-madrid-del-futuro\\\/#newsarticle\",\"name\":\"Reciclaje, energ\\u00eda solar y movilidad sostenible como ejes principales del Madrid del futuro | El Digital de Asturias\",\"headline\":\"Reciclaje, energ\\u00eda solar y movilidad sostenible como ejes principales del Madrid del futuro\",\"author\":{\"@id\":\"https:\\\/\\\/eldigitaldeasturias.com\\\/radio\\\/author\\\/nbasturias\\\/#author\"},\"publisher\":{\"@id\":\"https:\\\/\\\/eldigitaldeasturias.com\\\/radio\\\/#organization\"},\"image\":{\"@type\":\"ImageObject\",\"url\":\"https:\\\/\\\/eldigitaldeasturias.com\\\/radio\\\/wp-content\\\/uploads\\\/2019\\\/07\\\/1562921986_Hackaton_Madrid_1_-scaled.jpg\",\"width\":2560,\"height\":1707},\"datePublished\":\"2019-07-21T00:15:33+02:00\",\"dateModified\":\"2019-07-21T00:15:33+02:00\",\"inLanguage\":\"es-ES\",\"mainEntityOfPage\":{\"@id\":\"https:\\\/\\\/eldigitaldeasturias.com\\\/radio\\\/reciclaje-energia-solar-y-movilidad-sostenible-como-ejes-principales-del-madrid-del-futuro\\\/#webpage\"},\"isPartOf\":{\"@id\":\"https:\\\/\\\/eldigitaldeasturias.com\\\/radio\\\/reciclaje-energia-solar-y-movilidad-sostenible-como-ejes-principales-del-madrid-del-futuro\\\/#webpage\"},\"articleSection\":\"Noticias\",\"dateline\":\"Publicado el julio 21, 2019.\"},{\"@type\":\"Organization\",\"@id\":\"https:\\\/\\\/eldigitaldeasturias.com\\\/radio\\\/#organization\",\"name\":\"El digital de Asturias Radio\",\"description\":\"Diario de informaci\\u00f3n y noticias\",\"url\":\"https:\\\/\\\/eldigitaldeasturias.com\\\/radio\\\/\",\"telephone\":\"+34652131393\",\"logo\":{\"@type\":\"ImageObject\",\"url\":\"https:\\\/\\\/www.eldigitaldeasturias.com\\\/radio\\\/wp-content\\\/uploads\\\/2021\\\/03\\\/EDA.jpg\",\"@id\":\"https:\\\/\\\/eldigitaldeasturias.com\\\/radio\\\/reciclaje-energia-solar-y-movilidad-sostenible-como-ejes-principales-del-madrid-del-futuro\\\/#organizationLogo\"},\"image\":{\"@id\":\"https:\\\/\\\/eldigitaldeasturias.com\\\/radio\\\/reciclaje-energia-solar-y-movilidad-sostenible-como-ejes-principales-del-madrid-del-futuro\\\/#organizationLogo\"},\"sameAs\":[\"https:\\\/\\\/www.facebook.com\\\/\",\"https:\\\/\\\/x.com\\\/bercodi\",\"https:\\\/\\\/www.instagram.com\\\/\",\"https:\\\/\\\/www.youtube.com\\\/channel\\\/UCZP-2wLEB9Rv6erhFmqVnvg\"]},{\"@type\":\"Person\",\"@id\":\"https:\\\/\\\/eldigitaldeasturias.com\\\/radio\\\/author\\\/nbasturias\\\/#author\",\"url\":\"https:\\\/\\\/eldigitaldeasturias.com\\\/radio\\\/author\\\/nbasturias\\\/\",\"name\":\"NBAsturias\",\"image\":{\"@type\":\"ImageObject\",\"@id\":\"https:\\\/\\\/eldigitaldeasturias.com\\\/radio\\\/reciclaje-energia-solar-y-movilidad-sostenible-como-ejes-principales-del-madrid-del-futuro\\\/#authorImage\",\"url\":\"https:\\\/\\\/secure.gravatar.com\\\/avatar\\\/df2aeffc32bcd13f8d26072ef8a91b623d677766deac7f97ca815868cd41bf5e?s=96&d=mm&r=g\",\"width\":96,\"height\":96,\"caption\":\"NBAsturias\"}},{\"@type\":\"WebPage\",\"@id\":\"https:\\\/\\\/eldigitaldeasturias.com\\\/radio\\\/reciclaje-energia-solar-y-movilidad-sostenible-como-ejes-principales-del-madrid-del-futuro\\\/#webpage\",\"url\":\"https:\\\/\\\/eldigitaldeasturias.com\\\/radio\\\/reciclaje-energia-solar-y-movilidad-sostenible-como-ejes-principales-del-madrid-del-futuro\\\/\",\"name\":\"Reciclaje, energ\\u00eda solar y movilidad sostenible como ejes principales del Madrid del futuro | El Digital de Asturias\",\"description\":\"El pasado 5 de julio m\\u00e1s de 30 estudiantes de diversos puntos del territorio se reunieron en Madrid durante 11 horas para buscar soluciones sostenibles y eficientes para resolver los retos energ\\u00e9ticos de la capital espa\\u00f1ola, especialmente pensando en los ambiciosos objetivos medioambientales planteados en el Plan Integrado de Energ\\u00eda y Clima 2021-2030. El encuentro\",\"inLanguage\":\"es-ES\",\"isPartOf\":{\"@id\":\"https:\\\/\\\/eldigitaldeasturias.com\\\/radio\\\/#website\"},\"breadcrumb\":{\"@id\":\"https:\\\/\\\/eldigitaldeasturias.com\\\/radio\\\/reciclaje-energia-solar-y-movilidad-sostenible-como-ejes-principales-del-madrid-del-futuro\\\/#breadcrumblist\"},\"author\":{\"@id\":\"https:\\\/\\\/eldigitaldeasturias.com\\\/radio\\\/author\\\/nbasturias\\\/#author\"},\"creator\":{\"@id\":\"https:\\\/\\\/eldigitaldeasturias.com\\\/radio\\\/author\\\/nbasturias\\\/#author\"},\"image\":{\"@type\":\"ImageObject\",\"url\":\"https:\\\/\\\/eldigitaldeasturias.com\\\/radio\\\/wp-content\\\/uploads\\\/2019\\\/07\\\/1562921986_Hackaton_Madrid_1_-scaled.jpg\",\"@id\":\"https:\\\/\\\/eldigitaldeasturias.com\\\/radio\\\/reciclaje-energia-solar-y-movilidad-sostenible-como-ejes-principales-del-madrid-del-futuro\\\/#mainImage\",\"width\":2560,\"height\":1707},\"primaryImageOfPage\":{\"@id\":\"https:\\\/\\\/eldigitaldeasturias.com\\\/radio\\\/reciclaje-energia-solar-y-movilidad-sostenible-como-ejes-principales-del-madrid-del-futuro\\\/#mainImage\"},\"datePublished\":\"2019-07-21T00:15:33+02:00\",\"dateModified\":\"2019-07-21T00:15:33+02:00\"},{\"@type\":\"WebSite\",\"@id\":\"https:\\\/\\\/eldigitaldeasturias.com\\\/radio\\\/#website\",\"url\":\"https:\\\/\\\/eldigitaldeasturias.com\\\/radio\\\/\",\"name\":\"El Digital de Asturias\",\"description\":\"Diario de informaci\\u00f3n y noticias\",\"inLanguage\":\"es-ES\",\"publisher\":{\"@id\":\"https:\\\/\\\/eldigitaldeasturias.com\\\/radio\\\/#organization\"}}]}\n\t\t<\/script>\n\t\t<!-- All in One SEO Pro -->\r\n\t\t<title>Reciclaje, energ\u00eda solar y movilidad sostenible como ejes principales del Madrid del futuro | El Digital de Asturias<\/title>\n\n","aioseo_head_json":{"title":"Reciclaje, energ\u00eda solar y movilidad sostenible como ejes principales del Madrid del futuro | El Digital de Asturias","description":"El pasado 5 de julio m\u00e1s de 30 estudiantes de diversos puntos del territorio se reunieron en Madrid durante 11 horas para buscar soluciones sostenibles y eficientes para resolver los retos energ\u00e9ticos de la capital espa\u00f1ola, especialmente pensando en los ambiciosos objetivos medioambientales planteados en el Plan Integrado de Energ\u00eda y Clima 2021-2030. El encuentro","canonical_url":"https:\/\/eldigitaldeasturias.com\/radio\/reciclaje-energia-solar-y-movilidad-sostenible-como-ejes-principales-del-madrid-del-futuro\/","robots":"max-image-preview:large","keywords":"noticias","webmasterTools":{"google-site-verification":"UA-38556648-1","miscellaneous":""},"schema":{"@context":"https:\/\/schema.org","@graph":[{"@type":"BreadcrumbList","@id":"https:\/\/eldigitaldeasturias.com\/radio\/reciclaje-energia-solar-y-movilidad-sostenible-como-ejes-principales-del-madrid-del-futuro\/#breadcrumblist","itemListElement":[{"@type":"ListItem","@id":"https:\/\/eldigitaldeasturias.com\/radio#listItem","position":1,"name":"Inicio","item":"https:\/\/eldigitaldeasturias.com\/radio","nextItem":{"@type":"ListItem","@id":"https:\/\/eldigitaldeasturias.com\/radio\/category\/noticias\/#listItem","name":"Noticias"}},{"@type":"ListItem","@id":"https:\/\/eldigitaldeasturias.com\/radio\/category\/noticias\/#listItem","position":2,"name":"Noticias","item":"https:\/\/eldigitaldeasturias.com\/radio\/category\/noticias\/","nextItem":{"@type":"ListItem","@id":"https:\/\/eldigitaldeasturias.com\/radio\/reciclaje-energia-solar-y-movilidad-sostenible-como-ejes-principales-del-madrid-del-futuro\/#listItem","name":"Reciclaje, energ\u00eda solar y movilidad sostenible como ejes principales del Madrid del futuro"},"previousItem":{"@type":"ListItem","@id":"https:\/\/eldigitaldeasturias.com\/radio#listItem","name":"Inicio"}},{"@type":"ListItem","@id":"https:\/\/eldigitaldeasturias.com\/radio\/reciclaje-energia-solar-y-movilidad-sostenible-como-ejes-principales-del-madrid-del-futuro\/#listItem","position":3,"name":"Reciclaje, energ\u00eda solar y movilidad sostenible como ejes principales del Madrid del futuro","previousItem":{"@type":"ListItem","@id":"https:\/\/eldigitaldeasturias.com\/radio\/category\/noticias\/#listItem","name":"Noticias"}}]},{"@type":"NewsArticle","@id":"https:\/\/eldigitaldeasturias.com\/radio\/reciclaje-energia-solar-y-movilidad-sostenible-como-ejes-principales-del-madrid-del-futuro\/#newsarticle","name":"Reciclaje, energ\u00eda solar y movilidad sostenible como ejes principales del Madrid del futuro | El Digital de Asturias","headline":"Reciclaje, energ\u00eda solar y movilidad sostenible como ejes principales del Madrid del futuro","author":{"@id":"https:\/\/eldigitaldeasturias.com\/radio\/author\/nbasturias\/#author"},"publisher":{"@id":"https:\/\/eldigitaldeasturias.com\/radio\/#organization"},"image":{"@type":"ImageObject","url":"https:\/\/eldigitaldeasturias.com\/radio\/wp-content\/uploads\/2019\/07\/1562921986_Hackaton_Madrid_1_-scaled.jpg","width":2560,"height":1707},"datePublished":"2019-07-21T00:15:33+02:00","dateModified":"2019-07-21T00:15:33+02:00","inLanguage":"es-ES","mainEntityOfPage":{"@id":"https:\/\/eldigitaldeasturias.com\/radio\/reciclaje-energia-solar-y-movilidad-sostenible-como-ejes-principales-del-madrid-del-futuro\/#webpage"},"isPartOf":{"@id":"https:\/\/eldigitaldeasturias.com\/radio\/reciclaje-energia-solar-y-movilidad-sostenible-como-ejes-principales-del-madrid-del-futuro\/#webpage"},"articleSection":"Noticias","dateline":"Publicado el julio 21, 2019."},{"@type":"Organization","@id":"https:\/\/eldigitaldeasturias.com\/radio\/#organization","name":"El digital de Asturias Radio","description":"Diario de informaci\u00f3n y noticias","url":"https:\/\/eldigitaldeasturias.com\/radio\/","telephone":"+34652131393","logo":{"@type":"ImageObject","url":"https:\/\/www.eldigitaldeasturias.com\/radio\/wp-content\/uploads\/2021\/03\/EDA.jpg","@id":"https:\/\/eldigitaldeasturias.com\/radio\/reciclaje-energia-solar-y-movilidad-sostenible-como-ejes-principales-del-madrid-del-futuro\/#organizationLogo"},"image":{"@id":"https:\/\/eldigitaldeasturias.com\/radio\/reciclaje-energia-solar-y-movilidad-sostenible-como-ejes-principales-del-madrid-del-futuro\/#organizationLogo"},"sameAs":["https:\/\/www.facebook.com\/","https:\/\/x.com\/bercodi","https:\/\/www.instagram.com\/","https:\/\/www.youtube.com\/channel\/UCZP-2wLEB9Rv6erhFmqVnvg"]},{"@type":"Person","@id":"https:\/\/eldigitaldeasturias.com\/radio\/author\/nbasturias\/#author","url":"https:\/\/eldigitaldeasturias.com\/radio\/author\/nbasturias\/","name":"NBAsturias","image":{"@type":"ImageObject","@id":"https:\/\/eldigitaldeasturias.com\/radio\/reciclaje-energia-solar-y-movilidad-sostenible-como-ejes-principales-del-madrid-del-futuro\/#authorImage","url":"https:\/\/secure.gravatar.com\/avatar\/df2aeffc32bcd13f8d26072ef8a91b623d677766deac7f97ca815868cd41bf5e?s=96&d=mm&r=g","width":96,"height":96,"caption":"NBAsturias"}},{"@type":"WebPage","@id":"https:\/\/eldigitaldeasturias.com\/radio\/reciclaje-energia-solar-y-movilidad-sostenible-como-ejes-principales-del-madrid-del-futuro\/#webpage","url":"https:\/\/eldigitaldeasturias.com\/radio\/reciclaje-energia-solar-y-movilidad-sostenible-como-ejes-principales-del-madrid-del-futuro\/","name":"Reciclaje, energ\u00eda solar y movilidad sostenible como ejes principales del Madrid del futuro | El Digital de Asturias","description":"El pasado 5 de julio m\u00e1s de 30 estudiantes de diversos puntos del territorio se reunieron en Madrid durante 11 horas para buscar soluciones sostenibles y eficientes para resolver los retos energ\u00e9ticos de la capital espa\u00f1ola, especialmente pensando en los ambiciosos objetivos medioambientales planteados en el Plan Integrado de Energ\u00eda y Clima 2021-2030. El encuentro","inLanguage":"es-ES","isPartOf":{"@id":"https:\/\/eldigitaldeasturias.com\/radio\/#website"},"breadcrumb":{"@id":"https:\/\/eldigitaldeasturias.com\/radio\/reciclaje-energia-solar-y-movilidad-sostenible-como-ejes-principales-del-madrid-del-futuro\/#breadcrumblist"},"author":{"@id":"https:\/\/eldigitaldeasturias.com\/radio\/author\/nbasturias\/#author"},"creator":{"@id":"https:\/\/eldigitaldeasturias.com\/radio\/author\/nbasturias\/#author"},"image":{"@type":"ImageObject","url":"https:\/\/eldigitaldeasturias.com\/radio\/wp-content\/uploads\/2019\/07\/1562921986_Hackaton_Madrid_1_-scaled.jpg","@id":"https:\/\/eldigitaldeasturias.com\/radio\/reciclaje-energia-solar-y-movilidad-sostenible-como-ejes-principales-del-madrid-del-futuro\/#mainImage","width":2560,"height":1707},"primaryImageOfPage":{"@id":"https:\/\/eldigitaldeasturias.com\/radio\/reciclaje-energia-solar-y-movilidad-sostenible-como-ejes-principales-del-madrid-del-futuro\/#mainImage"},"datePublished":"2019-07-21T00:15:33+02:00","dateModified":"2019-07-21T00:15:33+02:00"},{"@type":"WebSite","@id":"https:\/\/eldigitaldeasturias.com\/radio\/#website","url":"https:\/\/eldigitaldeasturias.com\/radio\/","name":"El Digital de Asturias","description":"Diario de informaci\u00f3n y noticias","inLanguage":"es-ES","publisher":{"@id":"https:\/\/eldigitaldeasturias.com\/radio\/#organization"}}]},"og:locale":"es_ES","og:site_name":"El Digital de Asturias | Diario de informaci\u00f3n y noticias","og:type":"article","og:title":"Reciclaje, energ\u00eda solar y movilidad sostenible como ejes principales del Madrid del futuro | El Digital de Asturias","og:description":"El pasado 5 de julio m\u00e1s de 30 estudiantes de diversos puntos del territorio se reunieron en Madrid durante 11 horas para buscar soluciones sostenibles y eficientes para resolver los retos energ\u00e9ticos de la capital espa\u00f1ola, especialmente pensando en los ambiciosos objetivos medioambientales planteados en el Plan Integrado de Energ\u00eda y Clima 2021-2030. El encuentro","og:url":"https:\/\/eldigitaldeasturias.com\/radio\/reciclaje-energia-solar-y-movilidad-sostenible-como-ejes-principales-del-madrid-del-futuro\/","og:image":"https:\/\/eldigitaldeasturias.com\/radio\/wp-content\/uploads\/2019\/07\/1562921986_Hackaton_Madrid_1_-scaled.jpg","og:image:secure_url":"https:\/\/eldigitaldeasturias.com\/radio\/wp-content\/uploads\/2019\/07\/1562921986_Hackaton_Madrid_1_-scaled.jpg","og:image:width":2560,"og:image:height":1707,"article:published_time":"2019-07-21T00:15:33+00:00","article:modified_time":"2019-07-21T00:15:33+00:00","twitter:card":"summary_large_image","twitter:site":"@bercodi","twitter:title":"Reciclaje, energ\u00eda solar y movilidad sostenible como ejes principales del Madrid del futuro | El Digital de Asturias","twitter:description":"El pasado 5 de julio m\u00e1s de 30 estudiantes de diversos puntos del territorio se reunieron en Madrid durante 11 horas para buscar soluciones sostenibles y eficientes para resolver los retos energ\u00e9ticos de la capital espa\u00f1ola, especialmente pensando en los ambiciosos objetivos medioambientales planteados en el Plan Integrado de Energ\u00eda y Clima 2021-2030. El encuentro","twitter:creator":"@bercodi","twitter:image":"https:\/\/eldigitaldeasturias.com\/radio\/wp-content\/uploads\/2019\/07\/1562921986_Hackaton_Madrid_1_-scaled.jpg"},"aioseo_meta_data":{"post_id":"2869","title":null,"description":null,"keywords":null,"keyphrases":null,"primary_term":null,"canonical_url":null,"og_title":null,"og_description":null,"og_object_type":"default","og_image_type":"default","og_image_url":null,"og_image_width":null,"og_image_height":null,"og_image_custom_url":null,"og_image_custom_fields":null,"og_video":null,"og_custom_url":null,"og_article_section":null,"og_article_tags":null,"twitter_use_og":false,"twitter_card":"default","twitter_image_type":"default","twitter_image_url":null,"twitter_image_custom_url":null,"twitter_image_custom_fields":null,"twitter_title":null,"twitter_description":null,"schema":{"blockGraphs":[],"customGraphs":[],"default":{"data":{"Article":[],"Course":[],"Dataset":[],"FAQPage":[],"Movie":[],"Person":[],"Product":[],"ProductReview":[],"Car":[],"Recipe":[],"Service":[],"SoftwareApplication":[],"WebPage":[]},"graphName":"","isEnabled":true},"graphs":[],"defaultGraph":"","defaultPostTypeGraph":""},"schema_type":null,"schema_type_options":null,"pillar_content":false,"robots_default":true,"robots_noindex":false,"robots_noarchive":false,"robots_nosnippet":false,"robots_nofollow":false,"robots_noimageindex":false,"robots_noodp":false,"robots_notranslate":false,"robots_max_snippet":null,"robots_max_videopreview":null,"robots_max_imagepreview":"large","priority":null,"frequency":null,"location":null,"local_seo":null,"seo_analyzer_scan_date":"2025-08-28 13:07:27","breadcrumb_settings":null,"limit_modified_date":false,"open_ai":null,"ai":null,"created":"2021-03-30 19:02:33","updated":"2025-08-28 13:07:27"},"aioseo_breadcrumb":"<div class=\"aioseo-breadcrumbs\"><span class=\"aioseo-breadcrumb\">\n\t<a href=\"https:\/\/eldigitaldeasturias.com\/radio\" title=\"Inicio\">Inicio<\/a>\n<\/span><span class=\"aioseo-breadcrumb-separator\">&ndash;<\/span><span class=\"aioseo-breadcrumb\">\n\t<a href=\"https:\/\/eldigitaldeasturias.com\/radio\/category\/noticias\/\" title=\"Noticias\">Noticias<\/a>\n<\/span><span class=\"aioseo-breadcrumb-separator\">&ndash;<\/span><span class=\"aioseo-breadcrumb\">\n\tReciclaje, energ\u00eda solar y movilidad sostenible como ejes principales del Madrid del futuro\n<\/span><\/div>","aioseo_breadcrumb_json":[{"label":"Inicio","link":"https:\/\/eldigitaldeasturias.com\/radio"},{"label":"Noticias","link":"https:\/\/eldigitaldeasturias.com\/radio\/category\/noticias\/"},{"label":"Reciclaje, energ\u00eda solar y movilidad sostenible como ejes principales del Madrid del futuro","link":"https:\/\/eldigitaldeasturias.com\/radio\/reciclaje-energia-solar-y-movilidad-sostenible-como-ejes-principales-del-madrid-del-futuro\/"}],"_links":{"self":[{"href":"https:\/\/eldigitaldeasturias.com\/radio\/wp-json\/wp\/v2\/posts\/2869","targetHints":{"allow":["GET"]}}],"collection":[{"href":"https:\/\/eldigitaldeasturias.com\/radio\/wp-json\/wp\/v2\/posts"}],"about":[{"href":"https:\/\/eldigitaldeasturias.com\/radio\/wp-json\/wp\/v2\/types\/post"}],"author":[{"embeddable":true,"href":"https:\/\/eldigitaldeasturias.com\/radio\/wp-json\/wp\/v2\/users\/1"}],"replies":[{"embeddable":true,"href":"https:\/\/eldigitaldeasturias.com\/radio\/wp-json\/wp\/v2\/comments?post=2869"}],"version-history":[{"count":0,"href":"https:\/\/eldigitaldeasturias.com\/radio\/wp-json\/wp\/v2\/posts\/2869\/revisions"}],"wp:featuredmedia":[{"embeddable":true,"href":"https:\/\/eldigitaldeasturias.com\/radio\/wp-json\/wp\/v2\/media\/2870"}],"wp:attachment":[{"href":"https:\/\/eldigitaldeasturias.com\/radio\/wp-json\/wp\/v2\/media?parent=2869"}],"wp:term":[{"taxonomy":"category","embeddable":true,"href":"https:\/\/eldigitaldeasturias.com\/radio\/wp-json\/wp\/v2\/categories?post=2869"},{"taxonomy":"post_tag","embeddable":true,"href":"https:\/\/eldigitaldeasturias.com\/radio\/wp-json\/wp\/v2\/tags?post=2869"}],"curies":[{"name":"wp","href":"https:\/\/api.w.org\/{rel}","templated":true}]}}