{"id":2848,"date":"2019-07-21T00:02:27","date_gmt":"2019-07-21T00:02:27","guid":{"rendered":"http:\/\/eldigitaldeasturias.com\/radio\/?p=2848"},"modified":"2019-07-21T00:02:27","modified_gmt":"2019-07-21T00:02:27","slug":"travel-work-desarrolla-un-programa-para-estudiar-un-curso-academico-y-trabajar-en-irlanda","status":"publish","type":"post","link":"https:\/\/eldigitaldeasturias.com\/radio\/travel-work-desarrolla-un-programa-para-estudiar-un-curso-academico-y-trabajar-en-irlanda\/","title":{"rendered":"Travel Work desarrolla un programa para estudiar un curso acad\u00e9mico y trabajar en Irlanda"},"content":{"rendered":"<p><img fetchpriority=\"high\" decoding=\"async\" class=\"alignleft size-medium wp-image-2849\" src=\"https:\/\/eldigitaldeasturias.com\/radio\/wp-content\/uploads\/2019\/07\/1562848831_Captura_de_Pantalla_2019_07_11_a_les_14.40.26-336x300.png\" alt=\"\" width=\"336\" height=\"300\" srcset=\"https:\/\/eldigitaldeasturias.com\/radio\/wp-content\/uploads\/2019\/07\/1562848831_Captura_de_Pantalla_2019_07_11_a_les_14.40.26-336x300.png 336w, https:\/\/eldigitaldeasturias.com\/radio\/wp-content\/uploads\/2019\/07\/1562848831_Captura_de_Pantalla_2019_07_11_a_les_14.40.26.png 607w\" sizes=\"(max-width: 336px) 100vw, 336px\" \/>Con m\u00e1s de 25 a\u00f1os de experiencia y siendo uno de los referentes del mercado espa\u00f1ol,\u00a0<a href=\"https:\/\/www.travel-work.com\/\" target=\"_blank\" rel=\"nofollow noopener noreferrer\"><strong><span style=\"color: #ff6600;\">Travel Work<\/span><\/strong><\/a>\u00a0ha dise\u00f1ado un programa \u00fanico para realizar un\u00a0<strong>per\u00edodo de estudios en un College de educaci\u00f3n superior<\/strong>\u00a0al mismo tiempo que conseguir<strong>\u00a0un trabajo<\/strong>\u00a0que permita ayudar a costearse la estancia en Irlanda.<\/p>\n<p>A tan s\u00f3lo 20 kil\u00f3metros de la capital irlandesa, en la localidad costera de Bray, los participantes del programa podr\u00e1n combinar sus estudios en un College en distintos sectores como\u00a0<strong>Eventos\/turismo, deportes, emprendedur\u00eda\/marketing digital, educaci\u00f3n infantil o cuidado animal.<\/strong><\/p>\n<p><a href=\"https:\/\/www.travel-work.com\/\" target=\"_blank\" rel=\"nofollow noopener noreferrer\"><strong><span style=\"color: #ff6600;\">Travel Work<\/span>\u00a0<\/strong><\/a>ha dise\u00f1ado un\u00a0<strong>programa adaptado a las necesidades de cada uno de sus participantes<\/strong>. Despu\u00e9s de m\u00e1s de dos d\u00e9cadas trabajando al lado de escuelas, universidades y empresas de todos los sectores, lanza un programa \u00fanico que permite la incorporaci\u00f3n de los travelworkers en un\u00a0<strong>College irland\u00e9s<\/strong>\u00a0donde podr\u00e1n cursar formaciones a full time o part time.<\/p>\n<p>\u201cAquellos que busquen una nueva experiencia se encontrar\u00e1n con un lugar lleno de gente muy agradable y en el que todo son facilidades\u201d, se\u00f1ala la Directora y Fundadora de <span style=\"color: #ff6600;\"><strong>T<\/strong><\/span><strong><span style=\"color: #ff6600;\">ravel Work<\/span><\/strong><strong>, Eva Sabater<\/strong>. \u00bfEl escenario de esta aventura?\u00a0<strong>Dubl\u00edn<\/strong>\u00a0y sus alrededores ser\u00e1n el paisaje en el que los futuros participantes se sumergir\u00e1n en un ambiente local, y conociendo con mayor profundidad su cultura e idioma.<\/p>\n<p>El programa, que admite inscripciones hasta finales de este mes de julio, incluye un curso acad\u00e9mico a escoger, la gesti\u00f3n de la b\u00fasqueda de empleo y alojamiento, los gastos de tramitaci\u00f3n, la orientaci\u00f3n desde Barcelona y la coordinaci\u00f3n en destino. El programa supone una gran oportunidad para los j\u00f3venes estudiantes que quieran singularizar su curr\u00edculum ganando una formaci\u00f3n y experiencia laboral en Irlanda. Travel-work consigue esta experiencia a un coste muy asequible al ser Colleges p\u00fablicos.<\/p>\n<p><strong>Sobre Travel Work<\/strong><\/p>\n<p>Travel Work es una empresa privada ubicada en el centro de Barcelona y creada en 1994 (25 a\u00f1os de experiencia), con el objetivo de proporcionar a los j\u00f3venes de la Uni\u00f3n Europea la oportunidad de realizar una experiencia laboral internacional a trav\u00e9s de unas pr\u00e1cticas, trabajo o voluntariado en el mundo. Adem\u00e1s tambi\u00e9n de mejorar el idioma a trav\u00e9s de cursos de ingl\u00e9s econ\u00f3micos.<\/p>\n","protected":false},"excerpt":{"rendered":"<p>Con m\u00e1s de 25 a\u00f1os de experiencia y siendo uno de los referentes del mercado espa\u00f1ol,\u00a0Travel Work\u00a0ha dise\u00f1ado un programa \u00fanico para realizar un\u00a0per\u00edodo de estudios en un College de educaci\u00f3n superior\u00a0al mismo tiempo que conseguir\u00a0un trabajo\u00a0que permita ayudar a costearse la estancia en Irlanda. A tan s\u00f3lo 20 kil\u00f3metros de la capital irlandesa, en<\/p>\n","protected":false},"author":1,"featured_media":2849,"comment_status":"closed","ping_status":"closed","sticky":false,"template":"","format":"standard","meta":{"footnotes":""},"categories":[1],"tags":[],"class_list":{"0":"post-2848","1":"post","2":"type-post","3":"status-publish","4":"format-standard","5":"has-post-thumbnail","7":"category-noticias"},"aioseo_notices":[],"aioseo_head":"\n\t\t<!-- All in One SEO Pro 4.9.6.2 - aioseo.com -->\n\t<meta name=\"description\" content=\"Con m\u00e1s de 25 a\u00f1os de experiencia y siendo uno de los referentes del mercado espa\u00f1ol, Travel Work ha dise\u00f1ado un programa \u00fanico para realizar un per\u00edodo de estudios en un College de educaci\u00f3n superior al mismo tiempo que conseguir un trabajo que permita ayudar a costearse la estancia en Irlanda. A tan s\u00f3lo 20 kil\u00f3metros de la capital irlandesa, en\" \/>\n\t<meta name=\"robots\" content=\"max-image-preview:large\" \/>\n\t<meta name=\"author\" content=\"NBAsturias\"\/>\n\t<meta name=\"google-site-verification\" content=\"UA-38556648-1\" \/>\n\t<meta name=\"keywords\" content=\"noticias\" \/>\n\t<link rel=\"canonical\" href=\"https:\/\/eldigitaldeasturias.com\/radio\/travel-work-desarrolla-un-programa-para-estudiar-un-curso-academico-y-trabajar-en-irlanda\/\" \/>\n\t<meta name=\"generator\" content=\"All in One SEO Pro (AIOSEO) 4.9.6.2\" \/>\n\t\t<meta property=\"og:locale\" content=\"es_ES\" \/>\n\t\t<meta property=\"og:site_name\" content=\"El Digital de Asturias | Diario de informaci\u00f3n y noticias\" \/>\n\t\t<meta property=\"og:type\" content=\"article\" \/>\n\t\t<meta property=\"og:title\" content=\"Travel Work desarrolla un programa para estudiar un curso acad\u00e9mico y trabajar en Irlanda | El Digital de Asturias\" \/>\n\t\t<meta property=\"og:description\" content=\"Con m\u00e1s de 25 a\u00f1os de experiencia y siendo uno de los referentes del mercado espa\u00f1ol, Travel Work ha dise\u00f1ado un programa \u00fanico para realizar un per\u00edodo de estudios en un College de educaci\u00f3n superior al mismo tiempo que conseguir un trabajo que permita ayudar a costearse la estancia en Irlanda. A tan s\u00f3lo 20 kil\u00f3metros de la capital irlandesa, en\" \/>\n\t\t<meta property=\"og:url\" content=\"https:\/\/eldigitaldeasturias.com\/radio\/travel-work-desarrolla-un-programa-para-estudiar-un-curso-academico-y-trabajar-en-irlanda\/\" \/>\n\t\t<meta property=\"og:image\" content=\"https:\/\/eldigitaldeasturias.com\/radio\/wp-content\/uploads\/2019\/07\/1562848831_Captura_de_Pantalla_2019_07_11_a_les_14.40.26.png\" \/>\n\t\t<meta property=\"og:image:secure_url\" content=\"https:\/\/eldigitaldeasturias.com\/radio\/wp-content\/uploads\/2019\/07\/1562848831_Captura_de_Pantalla_2019_07_11_a_les_14.40.26.png\" \/>\n\t\t<meta property=\"og:image:width\" content=\"607\" \/>\n\t\t<meta property=\"og:image:height\" content=\"542\" \/>\n\t\t<meta property=\"article:published_time\" content=\"2019-07-21T00:02:27+00:00\" \/>\n\t\t<meta property=\"article:modified_time\" content=\"2019-07-21T00:02:27+00:00\" \/>\n\t\t<meta name=\"twitter:card\" content=\"summary_large_image\" \/>\n\t\t<meta name=\"twitter:site\" content=\"@bercodi\" \/>\n\t\t<meta name=\"twitter:title\" content=\"Travel Work desarrolla un programa para estudiar un curso acad\u00e9mico y trabajar en Irlanda | El Digital de Asturias\" \/>\n\t\t<meta name=\"twitter:description\" content=\"Con m\u00e1s de 25 a\u00f1os de experiencia y siendo uno de los referentes del mercado espa\u00f1ol, Travel Work ha dise\u00f1ado un programa \u00fanico para realizar un per\u00edodo de estudios en un College de educaci\u00f3n superior al mismo tiempo que conseguir un trabajo que permita ayudar a costearse la estancia en Irlanda. A tan s\u00f3lo 20 kil\u00f3metros de la capital irlandesa, en\" \/>\n\t\t<meta name=\"twitter:creator\" content=\"@bercodi\" \/>\n\t\t<meta name=\"twitter:image\" content=\"https:\/\/eldigitaldeasturias.com\/radio\/wp-content\/uploads\/2019\/07\/1562848831_Captura_de_Pantalla_2019_07_11_a_les_14.40.26.png\" \/>\n\t\t<script type=\"application\/ld+json\" class=\"aioseo-schema\">\n\t\t\t{\"@context\":\"https:\\\/\\\/schema.org\",\"@graph\":[{\"@type\":\"BreadcrumbList\",\"@id\":\"https:\\\/\\\/eldigitaldeasturias.com\\\/radio\\\/travel-work-desarrolla-un-programa-para-estudiar-un-curso-academico-y-trabajar-en-irlanda\\\/#breadcrumblist\",\"itemListElement\":[{\"@type\":\"ListItem\",\"@id\":\"https:\\\/\\\/eldigitaldeasturias.com\\\/radio#listItem\",\"position\":1,\"name\":\"Inicio\",\"item\":\"https:\\\/\\\/eldigitaldeasturias.com\\\/radio\",\"nextItem\":{\"@type\":\"ListItem\",\"@id\":\"https:\\\/\\\/eldigitaldeasturias.com\\\/radio\\\/category\\\/noticias\\\/#listItem\",\"name\":\"Noticias\"}},{\"@type\":\"ListItem\",\"@id\":\"https:\\\/\\\/eldigitaldeasturias.com\\\/radio\\\/category\\\/noticias\\\/#listItem\",\"position\":2,\"name\":\"Noticias\",\"item\":\"https:\\\/\\\/eldigitaldeasturias.com\\\/radio\\\/category\\\/noticias\\\/\",\"nextItem\":{\"@type\":\"ListItem\",\"@id\":\"https:\\\/\\\/eldigitaldeasturias.com\\\/radio\\\/travel-work-desarrolla-un-programa-para-estudiar-un-curso-academico-y-trabajar-en-irlanda\\\/#listItem\",\"name\":\"Travel Work desarrolla un programa para estudiar un curso acad\\u00e9mico y trabajar en Irlanda\"},\"previousItem\":{\"@type\":\"ListItem\",\"@id\":\"https:\\\/\\\/eldigitaldeasturias.com\\\/radio#listItem\",\"name\":\"Inicio\"}},{\"@type\":\"ListItem\",\"@id\":\"https:\\\/\\\/eldigitaldeasturias.com\\\/radio\\\/travel-work-desarrolla-un-programa-para-estudiar-un-curso-academico-y-trabajar-en-irlanda\\\/#listItem\",\"position\":3,\"name\":\"Travel Work desarrolla un programa para estudiar un curso acad\\u00e9mico y trabajar en Irlanda\",\"previousItem\":{\"@type\":\"ListItem\",\"@id\":\"https:\\\/\\\/eldigitaldeasturias.com\\\/radio\\\/category\\\/noticias\\\/#listItem\",\"name\":\"Noticias\"}}]},{\"@type\":\"NewsArticle\",\"@id\":\"https:\\\/\\\/eldigitaldeasturias.com\\\/radio\\\/travel-work-desarrolla-un-programa-para-estudiar-un-curso-academico-y-trabajar-en-irlanda\\\/#newsarticle\",\"name\":\"Travel Work desarrolla un programa para estudiar un curso acad\\u00e9mico y trabajar en Irlanda | El Digital de Asturias\",\"headline\":\"Travel Work desarrolla un programa para estudiar un curso acad\\u00e9mico y trabajar en Irlanda\",\"author\":{\"@id\":\"https:\\\/\\\/eldigitaldeasturias.com\\\/radio\\\/author\\\/nbasturias\\\/#author\"},\"publisher\":{\"@id\":\"https:\\\/\\\/eldigitaldeasturias.com\\\/radio\\\/#organization\"},\"image\":{\"@type\":\"ImageObject\",\"url\":\"https:\\\/\\\/eldigitaldeasturias.com\\\/radio\\\/wp-content\\\/uploads\\\/2019\\\/07\\\/1562848831_Captura_de_Pantalla_2019_07_11_a_les_14.40.26.png\",\"width\":607,\"height\":542},\"datePublished\":\"2019-07-21T00:02:27+02:00\",\"dateModified\":\"2019-07-21T00:02:27+02:00\",\"inLanguage\":\"es-ES\",\"mainEntityOfPage\":{\"@id\":\"https:\\\/\\\/eldigitaldeasturias.com\\\/radio\\\/travel-work-desarrolla-un-programa-para-estudiar-un-curso-academico-y-trabajar-en-irlanda\\\/#webpage\"},\"isPartOf\":{\"@id\":\"https:\\\/\\\/eldigitaldeasturias.com\\\/radio\\\/travel-work-desarrolla-un-programa-para-estudiar-un-curso-academico-y-trabajar-en-irlanda\\\/#webpage\"},\"articleSection\":\"Noticias\",\"dateline\":\"Publicado el julio 21, 2019.\"},{\"@type\":\"Organization\",\"@id\":\"https:\\\/\\\/eldigitaldeasturias.com\\\/radio\\\/#organization\",\"name\":\"El digital de Asturias Radio\",\"description\":\"Diario de informaci\\u00f3n y noticias\",\"url\":\"https:\\\/\\\/eldigitaldeasturias.com\\\/radio\\\/\",\"telephone\":\"+34652131393\",\"logo\":{\"@type\":\"ImageObject\",\"url\":\"https:\\\/\\\/www.eldigitaldeasturias.com\\\/radio\\\/wp-content\\\/uploads\\\/2021\\\/03\\\/EDA.jpg\",\"@id\":\"https:\\\/\\\/eldigitaldeasturias.com\\\/radio\\\/travel-work-desarrolla-un-programa-para-estudiar-un-curso-academico-y-trabajar-en-irlanda\\\/#organizationLogo\"},\"image\":{\"@id\":\"https:\\\/\\\/eldigitaldeasturias.com\\\/radio\\\/travel-work-desarrolla-un-programa-para-estudiar-un-curso-academico-y-trabajar-en-irlanda\\\/#organizationLogo\"},\"sameAs\":[\"https:\\\/\\\/www.facebook.com\\\/\",\"https:\\\/\\\/x.com\\\/bercodi\",\"https:\\\/\\\/www.instagram.com\\\/\",\"https:\\\/\\\/www.youtube.com\\\/channel\\\/UCZP-2wLEB9Rv6erhFmqVnvg\"]},{\"@type\":\"Person\",\"@id\":\"https:\\\/\\\/eldigitaldeasturias.com\\\/radio\\\/author\\\/nbasturias\\\/#author\",\"url\":\"https:\\\/\\\/eldigitaldeasturias.com\\\/radio\\\/author\\\/nbasturias\\\/\",\"name\":\"NBAsturias\",\"image\":{\"@type\":\"ImageObject\",\"@id\":\"https:\\\/\\\/eldigitaldeasturias.com\\\/radio\\\/travel-work-desarrolla-un-programa-para-estudiar-un-curso-academico-y-trabajar-en-irlanda\\\/#authorImage\",\"url\":\"https:\\\/\\\/secure.gravatar.com\\\/avatar\\\/df2aeffc32bcd13f8d26072ef8a91b623d677766deac7f97ca815868cd41bf5e?s=96&d=mm&r=g\",\"width\":96,\"height\":96,\"caption\":\"NBAsturias\"}},{\"@type\":\"WebPage\",\"@id\":\"https:\\\/\\\/eldigitaldeasturias.com\\\/radio\\\/travel-work-desarrolla-un-programa-para-estudiar-un-curso-academico-y-trabajar-en-irlanda\\\/#webpage\",\"url\":\"https:\\\/\\\/eldigitaldeasturias.com\\\/radio\\\/travel-work-desarrolla-un-programa-para-estudiar-un-curso-academico-y-trabajar-en-irlanda\\\/\",\"name\":\"Travel Work desarrolla un programa para estudiar un curso acad\\u00e9mico y trabajar en Irlanda | El Digital de Asturias\",\"description\":\"Con m\\u00e1s de 25 a\\u00f1os de experiencia y siendo uno de los referentes del mercado espa\\u00f1ol, Travel Work ha dise\\u00f1ado un programa \\u00fanico para realizar un per\\u00edodo de estudios en un College de educaci\\u00f3n superior al mismo tiempo que conseguir un trabajo que permita ayudar a costearse la estancia en Irlanda. A tan s\\u00f3lo 20 kil\\u00f3metros de la capital irlandesa, en\",\"inLanguage\":\"es-ES\",\"isPartOf\":{\"@id\":\"https:\\\/\\\/eldigitaldeasturias.com\\\/radio\\\/#website\"},\"breadcrumb\":{\"@id\":\"https:\\\/\\\/eldigitaldeasturias.com\\\/radio\\\/travel-work-desarrolla-un-programa-para-estudiar-un-curso-academico-y-trabajar-en-irlanda\\\/#breadcrumblist\"},\"author\":{\"@id\":\"https:\\\/\\\/eldigitaldeasturias.com\\\/radio\\\/author\\\/nbasturias\\\/#author\"},\"creator\":{\"@id\":\"https:\\\/\\\/eldigitaldeasturias.com\\\/radio\\\/author\\\/nbasturias\\\/#author\"},\"image\":{\"@type\":\"ImageObject\",\"url\":\"https:\\\/\\\/eldigitaldeasturias.com\\\/radio\\\/wp-content\\\/uploads\\\/2019\\\/07\\\/1562848831_Captura_de_Pantalla_2019_07_11_a_les_14.40.26.png\",\"@id\":\"https:\\\/\\\/eldigitaldeasturias.com\\\/radio\\\/travel-work-desarrolla-un-programa-para-estudiar-un-curso-academico-y-trabajar-en-irlanda\\\/#mainImage\",\"width\":607,\"height\":542},\"primaryImageOfPage\":{\"@id\":\"https:\\\/\\\/eldigitaldeasturias.com\\\/radio\\\/travel-work-desarrolla-un-programa-para-estudiar-un-curso-academico-y-trabajar-en-irlanda\\\/#mainImage\"},\"datePublished\":\"2019-07-21T00:02:27+02:00\",\"dateModified\":\"2019-07-21T00:02:27+02:00\"},{\"@type\":\"WebSite\",\"@id\":\"https:\\\/\\\/eldigitaldeasturias.com\\\/radio\\\/#website\",\"url\":\"https:\\\/\\\/eldigitaldeasturias.com\\\/radio\\\/\",\"name\":\"El Digital de Asturias\",\"description\":\"Diario de informaci\\u00f3n y noticias\",\"inLanguage\":\"es-ES\",\"publisher\":{\"@id\":\"https:\\\/\\\/eldigitaldeasturias.com\\\/radio\\\/#organization\"}}]}\n\t\t<\/script>\n\t\t<!-- All in One SEO Pro -->\r\n\t\t<title>Travel Work desarrolla un programa para estudiar un curso acad\u00e9mico y trabajar en Irlanda | El Digital de Asturias<\/title>\n\n","aioseo_head_json":{"title":"Travel Work desarrolla un programa para estudiar un curso acad\u00e9mico y trabajar en Irlanda | El Digital de Asturias","description":"Con m\u00e1s de 25 a\u00f1os de experiencia y siendo uno de los referentes del mercado espa\u00f1ol, Travel Work ha dise\u00f1ado un programa \u00fanico para realizar un per\u00edodo de estudios en un College de educaci\u00f3n superior al mismo tiempo que conseguir un trabajo que permita ayudar a costearse la estancia en Irlanda. A tan s\u00f3lo 20 kil\u00f3metros de la capital irlandesa, en","canonical_url":"https:\/\/eldigitaldeasturias.com\/radio\/travel-work-desarrolla-un-programa-para-estudiar-un-curso-academico-y-trabajar-en-irlanda\/","robots":"max-image-preview:large","keywords":"noticias","webmasterTools":{"google-site-verification":"UA-38556648-1","miscellaneous":""},"schema":{"@context":"https:\/\/schema.org","@graph":[{"@type":"BreadcrumbList","@id":"https:\/\/eldigitaldeasturias.com\/radio\/travel-work-desarrolla-un-programa-para-estudiar-un-curso-academico-y-trabajar-en-irlanda\/#breadcrumblist","itemListElement":[{"@type":"ListItem","@id":"https:\/\/eldigitaldeasturias.com\/radio#listItem","position":1,"name":"Inicio","item":"https:\/\/eldigitaldeasturias.com\/radio","nextItem":{"@type":"ListItem","@id":"https:\/\/eldigitaldeasturias.com\/radio\/category\/noticias\/#listItem","name":"Noticias"}},{"@type":"ListItem","@id":"https:\/\/eldigitaldeasturias.com\/radio\/category\/noticias\/#listItem","position":2,"name":"Noticias","item":"https:\/\/eldigitaldeasturias.com\/radio\/category\/noticias\/","nextItem":{"@type":"ListItem","@id":"https:\/\/eldigitaldeasturias.com\/radio\/travel-work-desarrolla-un-programa-para-estudiar-un-curso-academico-y-trabajar-en-irlanda\/#listItem","name":"Travel Work desarrolla un programa para estudiar un curso acad\u00e9mico y trabajar en Irlanda"},"previousItem":{"@type":"ListItem","@id":"https:\/\/eldigitaldeasturias.com\/radio#listItem","name":"Inicio"}},{"@type":"ListItem","@id":"https:\/\/eldigitaldeasturias.com\/radio\/travel-work-desarrolla-un-programa-para-estudiar-un-curso-academico-y-trabajar-en-irlanda\/#listItem","position":3,"name":"Travel Work desarrolla un programa para estudiar un curso acad\u00e9mico y trabajar en Irlanda","previousItem":{"@type":"ListItem","@id":"https:\/\/eldigitaldeasturias.com\/radio\/category\/noticias\/#listItem","name":"Noticias"}}]},{"@type":"NewsArticle","@id":"https:\/\/eldigitaldeasturias.com\/radio\/travel-work-desarrolla-un-programa-para-estudiar-un-curso-academico-y-trabajar-en-irlanda\/#newsarticle","name":"Travel Work desarrolla un programa para estudiar un curso acad\u00e9mico y trabajar en Irlanda | El Digital de Asturias","headline":"Travel Work desarrolla un programa para estudiar un curso acad\u00e9mico y trabajar en Irlanda","author":{"@id":"https:\/\/eldigitaldeasturias.com\/radio\/author\/nbasturias\/#author"},"publisher":{"@id":"https:\/\/eldigitaldeasturias.com\/radio\/#organization"},"image":{"@type":"ImageObject","url":"https:\/\/eldigitaldeasturias.com\/radio\/wp-content\/uploads\/2019\/07\/1562848831_Captura_de_Pantalla_2019_07_11_a_les_14.40.26.png","width":607,"height":542},"datePublished":"2019-07-21T00:02:27+02:00","dateModified":"2019-07-21T00:02:27+02:00","inLanguage":"es-ES","mainEntityOfPage":{"@id":"https:\/\/eldigitaldeasturias.com\/radio\/travel-work-desarrolla-un-programa-para-estudiar-un-curso-academico-y-trabajar-en-irlanda\/#webpage"},"isPartOf":{"@id":"https:\/\/eldigitaldeasturias.com\/radio\/travel-work-desarrolla-un-programa-para-estudiar-un-curso-academico-y-trabajar-en-irlanda\/#webpage"},"articleSection":"Noticias","dateline":"Publicado el julio 21, 2019."},{"@type":"Organization","@id":"https:\/\/eldigitaldeasturias.com\/radio\/#organization","name":"El digital de Asturias Radio","description":"Diario de informaci\u00f3n y noticias","url":"https:\/\/eldigitaldeasturias.com\/radio\/","telephone":"+34652131393","logo":{"@type":"ImageObject","url":"https:\/\/www.eldigitaldeasturias.com\/radio\/wp-content\/uploads\/2021\/03\/EDA.jpg","@id":"https:\/\/eldigitaldeasturias.com\/radio\/travel-work-desarrolla-un-programa-para-estudiar-un-curso-academico-y-trabajar-en-irlanda\/#organizationLogo"},"image":{"@id":"https:\/\/eldigitaldeasturias.com\/radio\/travel-work-desarrolla-un-programa-para-estudiar-un-curso-academico-y-trabajar-en-irlanda\/#organizationLogo"},"sameAs":["https:\/\/www.facebook.com\/","https:\/\/x.com\/bercodi","https:\/\/www.instagram.com\/","https:\/\/www.youtube.com\/channel\/UCZP-2wLEB9Rv6erhFmqVnvg"]},{"@type":"Person","@id":"https:\/\/eldigitaldeasturias.com\/radio\/author\/nbasturias\/#author","url":"https:\/\/eldigitaldeasturias.com\/radio\/author\/nbasturias\/","name":"NBAsturias","image":{"@type":"ImageObject","@id":"https:\/\/eldigitaldeasturias.com\/radio\/travel-work-desarrolla-un-programa-para-estudiar-un-curso-academico-y-trabajar-en-irlanda\/#authorImage","url":"https:\/\/secure.gravatar.com\/avatar\/df2aeffc32bcd13f8d26072ef8a91b623d677766deac7f97ca815868cd41bf5e?s=96&d=mm&r=g","width":96,"height":96,"caption":"NBAsturias"}},{"@type":"WebPage","@id":"https:\/\/eldigitaldeasturias.com\/radio\/travel-work-desarrolla-un-programa-para-estudiar-un-curso-academico-y-trabajar-en-irlanda\/#webpage","url":"https:\/\/eldigitaldeasturias.com\/radio\/travel-work-desarrolla-un-programa-para-estudiar-un-curso-academico-y-trabajar-en-irlanda\/","name":"Travel Work desarrolla un programa para estudiar un curso acad\u00e9mico y trabajar en Irlanda | El Digital de Asturias","description":"Con m\u00e1s de 25 a\u00f1os de experiencia y siendo uno de los referentes del mercado espa\u00f1ol, Travel Work ha dise\u00f1ado un programa \u00fanico para realizar un per\u00edodo de estudios en un College de educaci\u00f3n superior al mismo tiempo que conseguir un trabajo que permita ayudar a costearse la estancia en Irlanda. A tan s\u00f3lo 20 kil\u00f3metros de la capital irlandesa, en","inLanguage":"es-ES","isPartOf":{"@id":"https:\/\/eldigitaldeasturias.com\/radio\/#website"},"breadcrumb":{"@id":"https:\/\/eldigitaldeasturias.com\/radio\/travel-work-desarrolla-un-programa-para-estudiar-un-curso-academico-y-trabajar-en-irlanda\/#breadcrumblist"},"author":{"@id":"https:\/\/eldigitaldeasturias.com\/radio\/author\/nbasturias\/#author"},"creator":{"@id":"https:\/\/eldigitaldeasturias.com\/radio\/author\/nbasturias\/#author"},"image":{"@type":"ImageObject","url":"https:\/\/eldigitaldeasturias.com\/radio\/wp-content\/uploads\/2019\/07\/1562848831_Captura_de_Pantalla_2019_07_11_a_les_14.40.26.png","@id":"https:\/\/eldigitaldeasturias.com\/radio\/travel-work-desarrolla-un-programa-para-estudiar-un-curso-academico-y-trabajar-en-irlanda\/#mainImage","width":607,"height":542},"primaryImageOfPage":{"@id":"https:\/\/eldigitaldeasturias.com\/radio\/travel-work-desarrolla-un-programa-para-estudiar-un-curso-academico-y-trabajar-en-irlanda\/#mainImage"},"datePublished":"2019-07-21T00:02:27+02:00","dateModified":"2019-07-21T00:02:27+02:00"},{"@type":"WebSite","@id":"https:\/\/eldigitaldeasturias.com\/radio\/#website","url":"https:\/\/eldigitaldeasturias.com\/radio\/","name":"El Digital de Asturias","description":"Diario de informaci\u00f3n y noticias","inLanguage":"es-ES","publisher":{"@id":"https:\/\/eldigitaldeasturias.com\/radio\/#organization"}}]},"og:locale":"es_ES","og:site_name":"El Digital de Asturias | Diario de informaci\u00f3n y noticias","og:type":"article","og:title":"Travel Work desarrolla un programa para estudiar un curso acad\u00e9mico y trabajar en Irlanda | El Digital de Asturias","og:description":"Con m\u00e1s de 25 a\u00f1os de experiencia y siendo uno de los referentes del mercado espa\u00f1ol, Travel Work ha dise\u00f1ado un programa \u00fanico para realizar un per\u00edodo de estudios en un College de educaci\u00f3n superior al mismo tiempo que conseguir un trabajo que permita ayudar a costearse la estancia en Irlanda. A tan s\u00f3lo 20 kil\u00f3metros de la capital irlandesa, en","og:url":"https:\/\/eldigitaldeasturias.com\/radio\/travel-work-desarrolla-un-programa-para-estudiar-un-curso-academico-y-trabajar-en-irlanda\/","og:image":"https:\/\/eldigitaldeasturias.com\/radio\/wp-content\/uploads\/2019\/07\/1562848831_Captura_de_Pantalla_2019_07_11_a_les_14.40.26.png","og:image:secure_url":"https:\/\/eldigitaldeasturias.com\/radio\/wp-content\/uploads\/2019\/07\/1562848831_Captura_de_Pantalla_2019_07_11_a_les_14.40.26.png","og:image:width":607,"og:image:height":542,"article:published_time":"2019-07-21T00:02:27+00:00","article:modified_time":"2019-07-21T00:02:27+00:00","twitter:card":"summary_large_image","twitter:site":"@bercodi","twitter:title":"Travel Work desarrolla un programa para estudiar un curso acad\u00e9mico y trabajar en Irlanda | El Digital de Asturias","twitter:description":"Con m\u00e1s de 25 a\u00f1os de experiencia y siendo uno de los referentes del mercado espa\u00f1ol, Travel Work ha dise\u00f1ado un programa \u00fanico para realizar un per\u00edodo de estudios en un College de educaci\u00f3n superior al mismo tiempo que conseguir un trabajo que permita ayudar a costearse la estancia en Irlanda. A tan s\u00f3lo 20 kil\u00f3metros de la capital irlandesa, en","twitter:creator":"@bercodi","twitter:image":"https:\/\/eldigitaldeasturias.com\/radio\/wp-content\/uploads\/2019\/07\/1562848831_Captura_de_Pantalla_2019_07_11_a_les_14.40.26.png"},"aioseo_meta_data":{"post_id":"2848","title":null,"description":null,"keywords":null,"keyphrases":null,"primary_term":null,"canonical_url":null,"og_title":null,"og_description":null,"og_object_type":"default","og_image_type":"default","og_image_url":null,"og_image_width":null,"og_image_height":null,"og_image_custom_url":null,"og_image_custom_fields":null,"og_video":null,"og_custom_url":null,"og_article_section":null,"og_article_tags":null,"twitter_use_og":false,"twitter_card":"default","twitter_image_type":"default","twitter_image_url":null,"twitter_image_custom_url":null,"twitter_image_custom_fields":null,"twitter_title":null,"twitter_description":null,"schema":{"blockGraphs":[],"customGraphs":[],"default":{"data":{"Article":[],"Course":[],"Dataset":[],"FAQPage":[],"Movie":[],"Person":[],"Product":[],"ProductReview":[],"Car":[],"Recipe":[],"Service":[],"SoftwareApplication":[],"WebPage":[]},"graphName":"","isEnabled":true},"graphs":[],"defaultGraph":"","defaultPostTypeGraph":""},"schema_type":null,"schema_type_options":null,"pillar_content":false,"robots_default":true,"robots_noindex":false,"robots_noarchive":false,"robots_nosnippet":false,"robots_nofollow":false,"robots_noimageindex":false,"robots_noodp":false,"robots_notranslate":false,"robots_max_snippet":null,"robots_max_videopreview":null,"robots_max_imagepreview":"large","priority":null,"frequency":null,"location":null,"local_seo":null,"seo_analyzer_scan_date":"2025-08-28 13:02:25","breadcrumb_settings":null,"limit_modified_date":false,"open_ai":null,"ai":null,"created":"2021-03-29 05:15:54","updated":"2025-08-28 13:02:25"},"aioseo_breadcrumb":"<div class=\"aioseo-breadcrumbs\"><span class=\"aioseo-breadcrumb\">\n\t<a href=\"https:\/\/eldigitaldeasturias.com\/radio\" title=\"Inicio\">Inicio<\/a>\n<\/span><span class=\"aioseo-breadcrumb-separator\">&ndash;<\/span><span class=\"aioseo-breadcrumb\">\n\t<a href=\"https:\/\/eldigitaldeasturias.com\/radio\/category\/noticias\/\" title=\"Noticias\">Noticias<\/a>\n<\/span><span class=\"aioseo-breadcrumb-separator\">&ndash;<\/span><span class=\"aioseo-breadcrumb\">\n\tTravel Work desarrolla un programa para estudiar un curso acad\u00e9mico y trabajar en Irlanda\n<\/span><\/div>","aioseo_breadcrumb_json":[{"label":"Inicio","link":"https:\/\/eldigitaldeasturias.com\/radio"},{"label":"Noticias","link":"https:\/\/eldigitaldeasturias.com\/radio\/category\/noticias\/"},{"label":"Travel Work desarrolla un programa para estudiar un curso acad\u00e9mico y trabajar en Irlanda","link":"https:\/\/eldigitaldeasturias.com\/radio\/travel-work-desarrolla-un-programa-para-estudiar-un-curso-academico-y-trabajar-en-irlanda\/"}],"_links":{"self":[{"href":"https:\/\/eldigitaldeasturias.com\/radio\/wp-json\/wp\/v2\/posts\/2848","targetHints":{"allow":["GET"]}}],"collection":[{"href":"https:\/\/eldigitaldeasturias.com\/radio\/wp-json\/wp\/v2\/posts"}],"about":[{"href":"https:\/\/eldigitaldeasturias.com\/radio\/wp-json\/wp\/v2\/types\/post"}],"author":[{"embeddable":true,"href":"https:\/\/eldigitaldeasturias.com\/radio\/wp-json\/wp\/v2\/users\/1"}],"replies":[{"embeddable":true,"href":"https:\/\/eldigitaldeasturias.com\/radio\/wp-json\/wp\/v2\/comments?post=2848"}],"version-history":[{"count":0,"href":"https:\/\/eldigitaldeasturias.com\/radio\/wp-json\/wp\/v2\/posts\/2848\/revisions"}],"wp:featuredmedia":[{"embeddable":true,"href":"https:\/\/eldigitaldeasturias.com\/radio\/wp-json\/wp\/v2\/media\/2849"}],"wp:attachment":[{"href":"https:\/\/eldigitaldeasturias.com\/radio\/wp-json\/wp\/v2\/media?parent=2848"}],"wp:term":[{"taxonomy":"category","embeddable":true,"href":"https:\/\/eldigitaldeasturias.com\/radio\/wp-json\/wp\/v2\/categories?post=2848"},{"taxonomy":"post_tag","embeddable":true,"href":"https:\/\/eldigitaldeasturias.com\/radio\/wp-json\/wp\/v2\/tags?post=2848"}],"curies":[{"name":"wp","href":"https:\/\/api.w.org\/{rel}","templated":true}]}}