{"id":2842,"date":"2019-07-03T17:05:20","date_gmt":"2019-07-03T17:05:20","guid":{"rendered":"http:\/\/eldigitaldeasturias.com\/radio\/?p=2842"},"modified":"2019-07-03T17:05:20","modified_gmt":"2019-07-03T17:05:20","slug":"sol-escobar-asistira-a-la-jornada-anual-del-lamc-en-nueva-york","status":"publish","type":"post","link":"https:\/\/eldigitaldeasturias.com\/radio\/sol-escobar-asistira-a-la-jornada-anual-del-lamc-en-nueva-york\/","title":{"rendered":"Sol Escobar asistir\u00e1 a la jornada anual del LAMC en Nueva York"},"content":{"rendered":"<p><img fetchpriority=\"high\" decoding=\"async\" class=\"alignleft size-medium wp-image-2843\" src=\"https:\/\/eldigitaldeasturias.com\/radio\/wp-content\/uploads\/2019\/07\/sol-escobar-263x300.jpg\" alt=\"\" width=\"263\" height=\"300\" srcset=\"https:\/\/eldigitaldeasturias.com\/radio\/wp-content\/uploads\/2019\/07\/sol-escobar-263x300.jpg 263w, https:\/\/eldigitaldeasturias.com\/radio\/wp-content\/uploads\/2019\/07\/sol-escobar.jpg 700w\" sizes=\"(max-width: 263px) 100vw, 263px\" \/>La C\u00fapula Music anunci\u00f3 este mi\u00e9rcoles mediante un comunicado de prensa que Nueva York recibe a Sol Escobar para asistir a la jornada anual del LAMC (Latin American Music Conference) el pr\u00f3ximo mi\u00e9rcoles d\u00eda 10 de julio a las 18h en la Sala DROM de Manhattan. De la mano de Sounds From Spain, plataforma de internacionalizaci\u00f3n de la ind\u00fastria musical espa\u00f1ola, la cantante colombiana llega a la ciudad de los rascacielos, despu\u00e9s de su exitosa carrera como cantante y actriz en Latinoam\u00e9rica, para ofrecer un showcase a los asistentes del evento, donde interpretar\u00e1 las canciones de La Dama Oscura, un disco que public\u00f3 el pasado mes de mayo La Cupula Music Records.<\/p>\n<p>LAMC es la conferencia de m\u00fasica independiente m\u00e1s importante de la m\u00fasica latina y la m\u00e1s relevante de EE.UU. En ella, se dan cita pr\u00e1cticamente todos los g\u00e9neros musicales y fusiones, adem\u00e1s de lo mejor de la m\u00fasica latina y los sonidos m\u00e1s novedosos del rock, del hip hop, del indie, y de la m\u00fasica electr\u00f3nica, entre otros. En los \u00faltimos a\u00f1os, se ha convertido en el escaparate m\u00e1s importante de las nuevas tendencias en la industria.<\/p>\n<p>Como en un film de David Lynch, Tarantino o Wong Kar Wai, su nuevo trabajo narra historias de amor vamp\u00edrico, fantasmas traicionados, desamores y desencantos de otras vidas que atraviesan el espacio y el tiempo. En sus canciones, podemos escuchar una melodi\u00eca de ranchera seguida de una guitarra surf, un poderoso coro de voces li\u00ecricas seguido de un piano cantinero o descubrir como transforma un tango en blues, un bolero en rock.<\/p>\n<p>El pasado mes de mayo nos sorprend\u00eda con la publicaci\u00f3n de Disparo, su primer sencillo, un corte compuesto por ella misma para la \u00faltima obra de teatro musical en la que particip\u00f3. Una canci\u00f3n de duelo directa al alma, desilusi\u00f3n y desgarro ahogados entre l\u00e1grimas por el enga\u00f1o de un amor ya perdido. &#8216;Le canto a lo que se siente cuando descubres que te han dejado de amar por otra persona&#8217;. En el videoclip su intenci\u00f3n es complementar de manera filos\u00f3fica lo que en la canci\u00f3n era claramente una p\u00e9rdida amorosa. Siendo \u201cDisparo\u201d una canci\u00f3n que relata de manera directa la tristeza que se siente cuando te cambian por otra persona, en el video lo vemos de manera m\u00e1s simb\u00f3lica, narr\u00e1ndolo de forma cinematogr\u00e1fica, introspectiva y pausada: tres personajes (lo oscuro, lo claro y lo rom\u00e1ntico), viven un duelo literal en un bosque perdido.<\/p>\n","protected":false},"excerpt":{"rendered":"<p>La C\u00fapula Music anunci\u00f3 este mi\u00e9rcoles mediante un comunicado de prensa que Nueva York recibe a Sol Escobar para asistir a la jornada anual del LAMC (Latin American Music Conference) el pr\u00f3ximo mi\u00e9rcoles d\u00eda 10 de julio a las 18h en la Sala DROM de Manhattan. De la mano de Sounds From Spain, plataforma de<\/p>\n","protected":false},"author":1,"featured_media":2843,"comment_status":"closed","ping_status":"closed","sticky":false,"template":"","format":"standard","meta":{"footnotes":""},"categories":[1],"tags":[],"class_list":{"0":"post-2842","1":"post","2":"type-post","3":"status-publish","4":"format-standard","5":"has-post-thumbnail","7":"category-noticias"},"aioseo_notices":[],"aioseo_head":"\n\t\t<!-- All in One SEO Pro 4.9.6.2 - aioseo.com -->\n\t<meta name=\"description\" content=\"La C\u00fapula Music anunci\u00f3 este mi\u00e9rcoles mediante un comunicado de prensa que Nueva York recibe a Sol Escobar para asistir a la jornada anual del LAMC (Latin American Music Conference) el pr\u00f3ximo mi\u00e9rcoles d\u00eda 10 de julio a las 18h en la Sala DROM de Manhattan. De la mano de Sounds From Spain, plataforma de\" \/>\n\t<meta name=\"robots\" content=\"max-image-preview:large\" \/>\n\t<meta name=\"author\" content=\"NBAsturias\"\/>\n\t<meta name=\"google-site-verification\" content=\"UA-38556648-1\" \/>\n\t<meta name=\"keywords\" content=\"noticias\" \/>\n\t<link rel=\"canonical\" href=\"https:\/\/eldigitaldeasturias.com\/radio\/sol-escobar-asistira-a-la-jornada-anual-del-lamc-en-nueva-york\/\" \/>\n\t<meta name=\"generator\" content=\"All in One SEO Pro (AIOSEO) 4.9.6.2\" \/>\n\t\t<meta property=\"og:locale\" content=\"es_ES\" \/>\n\t\t<meta property=\"og:site_name\" content=\"El Digital de Asturias | Diario de informaci\u00f3n y noticias\" \/>\n\t\t<meta property=\"og:type\" content=\"article\" \/>\n\t\t<meta property=\"og:title\" content=\"Sol Escobar asistir\u00e1 a la jornada anual del LAMC en Nueva York | El Digital de Asturias\" \/>\n\t\t<meta property=\"og:description\" content=\"La C\u00fapula Music anunci\u00f3 este mi\u00e9rcoles mediante un comunicado de prensa que Nueva York recibe a Sol Escobar para asistir a la jornada anual del LAMC (Latin American Music Conference) el pr\u00f3ximo mi\u00e9rcoles d\u00eda 10 de julio a las 18h en la Sala DROM de Manhattan. De la mano de Sounds From Spain, plataforma de\" \/>\n\t\t<meta property=\"og:url\" content=\"https:\/\/eldigitaldeasturias.com\/radio\/sol-escobar-asistira-a-la-jornada-anual-del-lamc-en-nueva-york\/\" \/>\n\t\t<meta property=\"og:image\" content=\"https:\/\/eldigitaldeasturias.com\/radio\/wp-content\/uploads\/2019\/07\/sol-escobar.jpg\" \/>\n\t\t<meta property=\"og:image:secure_url\" content=\"https:\/\/eldigitaldeasturias.com\/radio\/wp-content\/uploads\/2019\/07\/sol-escobar.jpg\" \/>\n\t\t<meta property=\"og:image:width\" content=\"700\" \/>\n\t\t<meta property=\"og:image:height\" content=\"800\" \/>\n\t\t<meta property=\"article:published_time\" content=\"2019-07-03T17:05:20+00:00\" \/>\n\t\t<meta property=\"article:modified_time\" content=\"2019-07-03T17:05:20+00:00\" \/>\n\t\t<meta name=\"twitter:card\" content=\"summary_large_image\" \/>\n\t\t<meta name=\"twitter:site\" content=\"@bercodi\" \/>\n\t\t<meta name=\"twitter:title\" content=\"Sol Escobar asistir\u00e1 a la jornada anual del LAMC en Nueva York | El Digital de Asturias\" \/>\n\t\t<meta name=\"twitter:description\" content=\"La C\u00fapula Music anunci\u00f3 este mi\u00e9rcoles mediante un comunicado de prensa que Nueva York recibe a Sol Escobar para asistir a la jornada anual del LAMC (Latin American Music Conference) el pr\u00f3ximo mi\u00e9rcoles d\u00eda 10 de julio a las 18h en la Sala DROM de Manhattan. De la mano de Sounds From Spain, plataforma de\" \/>\n\t\t<meta name=\"twitter:creator\" content=\"@bercodi\" \/>\n\t\t<meta name=\"twitter:image\" content=\"https:\/\/eldigitaldeasturias.com\/radio\/wp-content\/uploads\/2019\/07\/sol-escobar.jpg\" \/>\n\t\t<script type=\"application\/ld+json\" class=\"aioseo-schema\">\n\t\t\t{\"@context\":\"https:\\\/\\\/schema.org\",\"@graph\":[{\"@type\":\"BreadcrumbList\",\"@id\":\"https:\\\/\\\/eldigitaldeasturias.com\\\/radio\\\/sol-escobar-asistira-a-la-jornada-anual-del-lamc-en-nueva-york\\\/#breadcrumblist\",\"itemListElement\":[{\"@type\":\"ListItem\",\"@id\":\"https:\\\/\\\/eldigitaldeasturias.com\\\/radio#listItem\",\"position\":1,\"name\":\"Inicio\",\"item\":\"https:\\\/\\\/eldigitaldeasturias.com\\\/radio\",\"nextItem\":{\"@type\":\"ListItem\",\"@id\":\"https:\\\/\\\/eldigitaldeasturias.com\\\/radio\\\/category\\\/noticias\\\/#listItem\",\"name\":\"Noticias\"}},{\"@type\":\"ListItem\",\"@id\":\"https:\\\/\\\/eldigitaldeasturias.com\\\/radio\\\/category\\\/noticias\\\/#listItem\",\"position\":2,\"name\":\"Noticias\",\"item\":\"https:\\\/\\\/eldigitaldeasturias.com\\\/radio\\\/category\\\/noticias\\\/\",\"nextItem\":{\"@type\":\"ListItem\",\"@id\":\"https:\\\/\\\/eldigitaldeasturias.com\\\/radio\\\/sol-escobar-asistira-a-la-jornada-anual-del-lamc-en-nueva-york\\\/#listItem\",\"name\":\"Sol Escobar asistir\\u00e1 a la jornada anual del LAMC en Nueva York\"},\"previousItem\":{\"@type\":\"ListItem\",\"@id\":\"https:\\\/\\\/eldigitaldeasturias.com\\\/radio#listItem\",\"name\":\"Inicio\"}},{\"@type\":\"ListItem\",\"@id\":\"https:\\\/\\\/eldigitaldeasturias.com\\\/radio\\\/sol-escobar-asistira-a-la-jornada-anual-del-lamc-en-nueva-york\\\/#listItem\",\"position\":3,\"name\":\"Sol Escobar asistir\\u00e1 a la jornada anual del LAMC en Nueva York\",\"previousItem\":{\"@type\":\"ListItem\",\"@id\":\"https:\\\/\\\/eldigitaldeasturias.com\\\/radio\\\/category\\\/noticias\\\/#listItem\",\"name\":\"Noticias\"}}]},{\"@type\":\"NewsArticle\",\"@id\":\"https:\\\/\\\/eldigitaldeasturias.com\\\/radio\\\/sol-escobar-asistira-a-la-jornada-anual-del-lamc-en-nueva-york\\\/#newsarticle\",\"name\":\"Sol Escobar asistir\\u00e1 a la jornada anual del LAMC en Nueva York | El Digital de Asturias\",\"headline\":\"Sol Escobar asistir\\u00e1 a la jornada anual del LAMC en Nueva York\",\"author\":{\"@id\":\"https:\\\/\\\/eldigitaldeasturias.com\\\/radio\\\/author\\\/nbasturias\\\/#author\"},\"publisher\":{\"@id\":\"https:\\\/\\\/eldigitaldeasturias.com\\\/radio\\\/#organization\"},\"image\":{\"@type\":\"ImageObject\",\"url\":\"https:\\\/\\\/eldigitaldeasturias.com\\\/radio\\\/wp-content\\\/uploads\\\/2019\\\/07\\\/sol-escobar.jpg\",\"width\":700,\"height\":800},\"datePublished\":\"2019-07-03T17:05:20+02:00\",\"dateModified\":\"2019-07-03T17:05:20+02:00\",\"inLanguage\":\"es-ES\",\"mainEntityOfPage\":{\"@id\":\"https:\\\/\\\/eldigitaldeasturias.com\\\/radio\\\/sol-escobar-asistira-a-la-jornada-anual-del-lamc-en-nueva-york\\\/#webpage\"},\"isPartOf\":{\"@id\":\"https:\\\/\\\/eldigitaldeasturias.com\\\/radio\\\/sol-escobar-asistira-a-la-jornada-anual-del-lamc-en-nueva-york\\\/#webpage\"},\"articleSection\":\"Noticias\",\"dateline\":\"Publicado el julio 3, 2019.\"},{\"@type\":\"Organization\",\"@id\":\"https:\\\/\\\/eldigitaldeasturias.com\\\/radio\\\/#organization\",\"name\":\"El digital de Asturias Radio\",\"description\":\"Diario de informaci\\u00f3n y noticias\",\"url\":\"https:\\\/\\\/eldigitaldeasturias.com\\\/radio\\\/\",\"telephone\":\"+34652131393\",\"logo\":{\"@type\":\"ImageObject\",\"url\":\"https:\\\/\\\/www.eldigitaldeasturias.com\\\/radio\\\/wp-content\\\/uploads\\\/2021\\\/03\\\/EDA.jpg\",\"@id\":\"https:\\\/\\\/eldigitaldeasturias.com\\\/radio\\\/sol-escobar-asistira-a-la-jornada-anual-del-lamc-en-nueva-york\\\/#organizationLogo\"},\"image\":{\"@id\":\"https:\\\/\\\/eldigitaldeasturias.com\\\/radio\\\/sol-escobar-asistira-a-la-jornada-anual-del-lamc-en-nueva-york\\\/#organizationLogo\"},\"sameAs\":[\"https:\\\/\\\/www.facebook.com\\\/\",\"https:\\\/\\\/x.com\\\/bercodi\",\"https:\\\/\\\/www.instagram.com\\\/\",\"https:\\\/\\\/www.youtube.com\\\/channel\\\/UCZP-2wLEB9Rv6erhFmqVnvg\"]},{\"@type\":\"Person\",\"@id\":\"https:\\\/\\\/eldigitaldeasturias.com\\\/radio\\\/author\\\/nbasturias\\\/#author\",\"url\":\"https:\\\/\\\/eldigitaldeasturias.com\\\/radio\\\/author\\\/nbasturias\\\/\",\"name\":\"NBAsturias\",\"image\":{\"@type\":\"ImageObject\",\"@id\":\"https:\\\/\\\/eldigitaldeasturias.com\\\/radio\\\/sol-escobar-asistira-a-la-jornada-anual-del-lamc-en-nueva-york\\\/#authorImage\",\"url\":\"https:\\\/\\\/secure.gravatar.com\\\/avatar\\\/df2aeffc32bcd13f8d26072ef8a91b623d677766deac7f97ca815868cd41bf5e?s=96&d=mm&r=g\",\"width\":96,\"height\":96,\"caption\":\"NBAsturias\"}},{\"@type\":\"WebPage\",\"@id\":\"https:\\\/\\\/eldigitaldeasturias.com\\\/radio\\\/sol-escobar-asistira-a-la-jornada-anual-del-lamc-en-nueva-york\\\/#webpage\",\"url\":\"https:\\\/\\\/eldigitaldeasturias.com\\\/radio\\\/sol-escobar-asistira-a-la-jornada-anual-del-lamc-en-nueva-york\\\/\",\"name\":\"Sol Escobar asistir\\u00e1 a la jornada anual del LAMC en Nueva York | El Digital de Asturias\",\"description\":\"La C\\u00fapula Music anunci\\u00f3 este mi\\u00e9rcoles mediante un comunicado de prensa que Nueva York recibe a Sol Escobar para asistir a la jornada anual del LAMC (Latin American Music Conference) el pr\\u00f3ximo mi\\u00e9rcoles d\\u00eda 10 de julio a las 18h en la Sala DROM de Manhattan. De la mano de Sounds From Spain, plataforma de\",\"inLanguage\":\"es-ES\",\"isPartOf\":{\"@id\":\"https:\\\/\\\/eldigitaldeasturias.com\\\/radio\\\/#website\"},\"breadcrumb\":{\"@id\":\"https:\\\/\\\/eldigitaldeasturias.com\\\/radio\\\/sol-escobar-asistira-a-la-jornada-anual-del-lamc-en-nueva-york\\\/#breadcrumblist\"},\"author\":{\"@id\":\"https:\\\/\\\/eldigitaldeasturias.com\\\/radio\\\/author\\\/nbasturias\\\/#author\"},\"creator\":{\"@id\":\"https:\\\/\\\/eldigitaldeasturias.com\\\/radio\\\/author\\\/nbasturias\\\/#author\"},\"image\":{\"@type\":\"ImageObject\",\"url\":\"https:\\\/\\\/eldigitaldeasturias.com\\\/radio\\\/wp-content\\\/uploads\\\/2019\\\/07\\\/sol-escobar.jpg\",\"@id\":\"https:\\\/\\\/eldigitaldeasturias.com\\\/radio\\\/sol-escobar-asistira-a-la-jornada-anual-del-lamc-en-nueva-york\\\/#mainImage\",\"width\":700,\"height\":800},\"primaryImageOfPage\":{\"@id\":\"https:\\\/\\\/eldigitaldeasturias.com\\\/radio\\\/sol-escobar-asistira-a-la-jornada-anual-del-lamc-en-nueva-york\\\/#mainImage\"},\"datePublished\":\"2019-07-03T17:05:20+02:00\",\"dateModified\":\"2019-07-03T17:05:20+02:00\"},{\"@type\":\"WebSite\",\"@id\":\"https:\\\/\\\/eldigitaldeasturias.com\\\/radio\\\/#website\",\"url\":\"https:\\\/\\\/eldigitaldeasturias.com\\\/radio\\\/\",\"name\":\"El Digital de Asturias\",\"description\":\"Diario de informaci\\u00f3n y noticias\",\"inLanguage\":\"es-ES\",\"publisher\":{\"@id\":\"https:\\\/\\\/eldigitaldeasturias.com\\\/radio\\\/#organization\"}}]}\n\t\t<\/script>\n\t\t<!-- All in One SEO Pro -->\r\n\t\t<title>Sol Escobar asistir\u00e1 a la jornada anual del LAMC en Nueva York | El Digital de Asturias<\/title>\n\n","aioseo_head_json":{"title":"Sol Escobar asistir\u00e1 a la jornada anual del LAMC en Nueva York | El Digital de Asturias","description":"La C\u00fapula Music anunci\u00f3 este mi\u00e9rcoles mediante un comunicado de prensa que Nueva York recibe a Sol Escobar para asistir a la jornada anual del LAMC (Latin American Music Conference) el pr\u00f3ximo mi\u00e9rcoles d\u00eda 10 de julio a las 18h en la Sala DROM de Manhattan. De la mano de Sounds From Spain, plataforma de","canonical_url":"https:\/\/eldigitaldeasturias.com\/radio\/sol-escobar-asistira-a-la-jornada-anual-del-lamc-en-nueva-york\/","robots":"max-image-preview:large","keywords":"noticias","webmasterTools":{"google-site-verification":"UA-38556648-1","miscellaneous":""},"schema":{"@context":"https:\/\/schema.org","@graph":[{"@type":"BreadcrumbList","@id":"https:\/\/eldigitaldeasturias.com\/radio\/sol-escobar-asistira-a-la-jornada-anual-del-lamc-en-nueva-york\/#breadcrumblist","itemListElement":[{"@type":"ListItem","@id":"https:\/\/eldigitaldeasturias.com\/radio#listItem","position":1,"name":"Inicio","item":"https:\/\/eldigitaldeasturias.com\/radio","nextItem":{"@type":"ListItem","@id":"https:\/\/eldigitaldeasturias.com\/radio\/category\/noticias\/#listItem","name":"Noticias"}},{"@type":"ListItem","@id":"https:\/\/eldigitaldeasturias.com\/radio\/category\/noticias\/#listItem","position":2,"name":"Noticias","item":"https:\/\/eldigitaldeasturias.com\/radio\/category\/noticias\/","nextItem":{"@type":"ListItem","@id":"https:\/\/eldigitaldeasturias.com\/radio\/sol-escobar-asistira-a-la-jornada-anual-del-lamc-en-nueva-york\/#listItem","name":"Sol Escobar asistir\u00e1 a la jornada anual del LAMC en Nueva York"},"previousItem":{"@type":"ListItem","@id":"https:\/\/eldigitaldeasturias.com\/radio#listItem","name":"Inicio"}},{"@type":"ListItem","@id":"https:\/\/eldigitaldeasturias.com\/radio\/sol-escobar-asistira-a-la-jornada-anual-del-lamc-en-nueva-york\/#listItem","position":3,"name":"Sol Escobar asistir\u00e1 a la jornada anual del LAMC en Nueva York","previousItem":{"@type":"ListItem","@id":"https:\/\/eldigitaldeasturias.com\/radio\/category\/noticias\/#listItem","name":"Noticias"}}]},{"@type":"NewsArticle","@id":"https:\/\/eldigitaldeasturias.com\/radio\/sol-escobar-asistira-a-la-jornada-anual-del-lamc-en-nueva-york\/#newsarticle","name":"Sol Escobar asistir\u00e1 a la jornada anual del LAMC en Nueva York | El Digital de Asturias","headline":"Sol Escobar asistir\u00e1 a la jornada anual del LAMC en Nueva York","author":{"@id":"https:\/\/eldigitaldeasturias.com\/radio\/author\/nbasturias\/#author"},"publisher":{"@id":"https:\/\/eldigitaldeasturias.com\/radio\/#organization"},"image":{"@type":"ImageObject","url":"https:\/\/eldigitaldeasturias.com\/radio\/wp-content\/uploads\/2019\/07\/sol-escobar.jpg","width":700,"height":800},"datePublished":"2019-07-03T17:05:20+02:00","dateModified":"2019-07-03T17:05:20+02:00","inLanguage":"es-ES","mainEntityOfPage":{"@id":"https:\/\/eldigitaldeasturias.com\/radio\/sol-escobar-asistira-a-la-jornada-anual-del-lamc-en-nueva-york\/#webpage"},"isPartOf":{"@id":"https:\/\/eldigitaldeasturias.com\/radio\/sol-escobar-asistira-a-la-jornada-anual-del-lamc-en-nueva-york\/#webpage"},"articleSection":"Noticias","dateline":"Publicado el julio 3, 2019."},{"@type":"Organization","@id":"https:\/\/eldigitaldeasturias.com\/radio\/#organization","name":"El digital de Asturias Radio","description":"Diario de informaci\u00f3n y noticias","url":"https:\/\/eldigitaldeasturias.com\/radio\/","telephone":"+34652131393","logo":{"@type":"ImageObject","url":"https:\/\/www.eldigitaldeasturias.com\/radio\/wp-content\/uploads\/2021\/03\/EDA.jpg","@id":"https:\/\/eldigitaldeasturias.com\/radio\/sol-escobar-asistira-a-la-jornada-anual-del-lamc-en-nueva-york\/#organizationLogo"},"image":{"@id":"https:\/\/eldigitaldeasturias.com\/radio\/sol-escobar-asistira-a-la-jornada-anual-del-lamc-en-nueva-york\/#organizationLogo"},"sameAs":["https:\/\/www.facebook.com\/","https:\/\/x.com\/bercodi","https:\/\/www.instagram.com\/","https:\/\/www.youtube.com\/channel\/UCZP-2wLEB9Rv6erhFmqVnvg"]},{"@type":"Person","@id":"https:\/\/eldigitaldeasturias.com\/radio\/author\/nbasturias\/#author","url":"https:\/\/eldigitaldeasturias.com\/radio\/author\/nbasturias\/","name":"NBAsturias","image":{"@type":"ImageObject","@id":"https:\/\/eldigitaldeasturias.com\/radio\/sol-escobar-asistira-a-la-jornada-anual-del-lamc-en-nueva-york\/#authorImage","url":"https:\/\/secure.gravatar.com\/avatar\/df2aeffc32bcd13f8d26072ef8a91b623d677766deac7f97ca815868cd41bf5e?s=96&d=mm&r=g","width":96,"height":96,"caption":"NBAsturias"}},{"@type":"WebPage","@id":"https:\/\/eldigitaldeasturias.com\/radio\/sol-escobar-asistira-a-la-jornada-anual-del-lamc-en-nueva-york\/#webpage","url":"https:\/\/eldigitaldeasturias.com\/radio\/sol-escobar-asistira-a-la-jornada-anual-del-lamc-en-nueva-york\/","name":"Sol Escobar asistir\u00e1 a la jornada anual del LAMC en Nueva York | El Digital de Asturias","description":"La C\u00fapula Music anunci\u00f3 este mi\u00e9rcoles mediante un comunicado de prensa que Nueva York recibe a Sol Escobar para asistir a la jornada anual del LAMC (Latin American Music Conference) el pr\u00f3ximo mi\u00e9rcoles d\u00eda 10 de julio a las 18h en la Sala DROM de Manhattan. De la mano de Sounds From Spain, plataforma de","inLanguage":"es-ES","isPartOf":{"@id":"https:\/\/eldigitaldeasturias.com\/radio\/#website"},"breadcrumb":{"@id":"https:\/\/eldigitaldeasturias.com\/radio\/sol-escobar-asistira-a-la-jornada-anual-del-lamc-en-nueva-york\/#breadcrumblist"},"author":{"@id":"https:\/\/eldigitaldeasturias.com\/radio\/author\/nbasturias\/#author"},"creator":{"@id":"https:\/\/eldigitaldeasturias.com\/radio\/author\/nbasturias\/#author"},"image":{"@type":"ImageObject","url":"https:\/\/eldigitaldeasturias.com\/radio\/wp-content\/uploads\/2019\/07\/sol-escobar.jpg","@id":"https:\/\/eldigitaldeasturias.com\/radio\/sol-escobar-asistira-a-la-jornada-anual-del-lamc-en-nueva-york\/#mainImage","width":700,"height":800},"primaryImageOfPage":{"@id":"https:\/\/eldigitaldeasturias.com\/radio\/sol-escobar-asistira-a-la-jornada-anual-del-lamc-en-nueva-york\/#mainImage"},"datePublished":"2019-07-03T17:05:20+02:00","dateModified":"2019-07-03T17:05:20+02:00"},{"@type":"WebSite","@id":"https:\/\/eldigitaldeasturias.com\/radio\/#website","url":"https:\/\/eldigitaldeasturias.com\/radio\/","name":"El Digital de Asturias","description":"Diario de informaci\u00f3n y noticias","inLanguage":"es-ES","publisher":{"@id":"https:\/\/eldigitaldeasturias.com\/radio\/#organization"}}]},"og:locale":"es_ES","og:site_name":"El Digital de Asturias | Diario de informaci\u00f3n y noticias","og:type":"article","og:title":"Sol Escobar asistir\u00e1 a la jornada anual del LAMC en Nueva York | El Digital de Asturias","og:description":"La C\u00fapula Music anunci\u00f3 este mi\u00e9rcoles mediante un comunicado de prensa que Nueva York recibe a Sol Escobar para asistir a la jornada anual del LAMC (Latin American Music Conference) el pr\u00f3ximo mi\u00e9rcoles d\u00eda 10 de julio a las 18h en la Sala DROM de Manhattan. De la mano de Sounds From Spain, plataforma de","og:url":"https:\/\/eldigitaldeasturias.com\/radio\/sol-escobar-asistira-a-la-jornada-anual-del-lamc-en-nueva-york\/","og:image":"https:\/\/eldigitaldeasturias.com\/radio\/wp-content\/uploads\/2019\/07\/sol-escobar.jpg","og:image:secure_url":"https:\/\/eldigitaldeasturias.com\/radio\/wp-content\/uploads\/2019\/07\/sol-escobar.jpg","og:image:width":700,"og:image:height":800,"article:published_time":"2019-07-03T17:05:20+00:00","article:modified_time":"2019-07-03T17:05:20+00:00","twitter:card":"summary_large_image","twitter:site":"@bercodi","twitter:title":"Sol Escobar asistir\u00e1 a la jornada anual del LAMC en Nueva York | El Digital de Asturias","twitter:description":"La C\u00fapula Music anunci\u00f3 este mi\u00e9rcoles mediante un comunicado de prensa que Nueva York recibe a Sol Escobar para asistir a la jornada anual del LAMC (Latin American Music Conference) el pr\u00f3ximo mi\u00e9rcoles d\u00eda 10 de julio a las 18h en la Sala DROM de Manhattan. De la mano de Sounds From Spain, plataforma de","twitter:creator":"@bercodi","twitter:image":"https:\/\/eldigitaldeasturias.com\/radio\/wp-content\/uploads\/2019\/07\/sol-escobar.jpg"},"aioseo_meta_data":{"post_id":"2842","title":null,"description":null,"keywords":null,"keyphrases":null,"primary_term":null,"canonical_url":null,"og_title":null,"og_description":null,"og_object_type":"default","og_image_type":"default","og_image_url":null,"og_image_width":null,"og_image_height":null,"og_image_custom_url":null,"og_image_custom_fields":null,"og_video":null,"og_custom_url":null,"og_article_section":null,"og_article_tags":null,"twitter_use_og":false,"twitter_card":"default","twitter_image_type":"default","twitter_image_url":null,"twitter_image_custom_url":null,"twitter_image_custom_fields":null,"twitter_title":null,"twitter_description":null,"schema":{"blockGraphs":[],"customGraphs":[],"default":{"data":{"Article":[],"Course":[],"Dataset":[],"FAQPage":[],"Movie":[],"Person":[],"Product":[],"ProductReview":[],"Car":[],"Recipe":[],"Service":[],"SoftwareApplication":[],"WebPage":[]},"graphName":"","isEnabled":true},"graphs":[],"defaultGraph":"","defaultPostTypeGraph":""},"schema_type":null,"schema_type_options":null,"pillar_content":false,"robots_default":true,"robots_noindex":false,"robots_noarchive":false,"robots_nosnippet":false,"robots_nofollow":false,"robots_noimageindex":false,"robots_noodp":false,"robots_notranslate":false,"robots_max_snippet":null,"robots_max_videopreview":null,"robots_max_imagepreview":"large","priority":null,"frequency":null,"location":null,"local_seo":null,"seo_analyzer_scan_date":"2025-08-28 13:02:24","breadcrumb_settings":null,"limit_modified_date":false,"open_ai":null,"ai":null,"created":"2021-03-26 11:22:07","updated":"2025-08-28 13:02:24"},"aioseo_breadcrumb":"<div class=\"aioseo-breadcrumbs\"><span class=\"aioseo-breadcrumb\">\n\t<a href=\"https:\/\/eldigitaldeasturias.com\/radio\" title=\"Inicio\">Inicio<\/a>\n<\/span><span class=\"aioseo-breadcrumb-separator\">&ndash;<\/span><span class=\"aioseo-breadcrumb\">\n\t<a href=\"https:\/\/eldigitaldeasturias.com\/radio\/category\/noticias\/\" title=\"Noticias\">Noticias<\/a>\n<\/span><span class=\"aioseo-breadcrumb-separator\">&ndash;<\/span><span class=\"aioseo-breadcrumb\">\n\tSol Escobar asistir\u00e1 a la jornada anual del LAMC en Nueva York\n<\/span><\/div>","aioseo_breadcrumb_json":[{"label":"Inicio","link":"https:\/\/eldigitaldeasturias.com\/radio"},{"label":"Noticias","link":"https:\/\/eldigitaldeasturias.com\/radio\/category\/noticias\/"},{"label":"Sol Escobar asistir\u00e1 a la jornada anual del LAMC en Nueva York","link":"https:\/\/eldigitaldeasturias.com\/radio\/sol-escobar-asistira-a-la-jornada-anual-del-lamc-en-nueva-york\/"}],"_links":{"self":[{"href":"https:\/\/eldigitaldeasturias.com\/radio\/wp-json\/wp\/v2\/posts\/2842","targetHints":{"allow":["GET"]}}],"collection":[{"href":"https:\/\/eldigitaldeasturias.com\/radio\/wp-json\/wp\/v2\/posts"}],"about":[{"href":"https:\/\/eldigitaldeasturias.com\/radio\/wp-json\/wp\/v2\/types\/post"}],"author":[{"embeddable":true,"href":"https:\/\/eldigitaldeasturias.com\/radio\/wp-json\/wp\/v2\/users\/1"}],"replies":[{"embeddable":true,"href":"https:\/\/eldigitaldeasturias.com\/radio\/wp-json\/wp\/v2\/comments?post=2842"}],"version-history":[{"count":0,"href":"https:\/\/eldigitaldeasturias.com\/radio\/wp-json\/wp\/v2\/posts\/2842\/revisions"}],"wp:featuredmedia":[{"embeddable":true,"href":"https:\/\/eldigitaldeasturias.com\/radio\/wp-json\/wp\/v2\/media\/2843"}],"wp:attachment":[{"href":"https:\/\/eldigitaldeasturias.com\/radio\/wp-json\/wp\/v2\/media?parent=2842"}],"wp:term":[{"taxonomy":"category","embeddable":true,"href":"https:\/\/eldigitaldeasturias.com\/radio\/wp-json\/wp\/v2\/categories?post=2842"},{"taxonomy":"post_tag","embeddable":true,"href":"https:\/\/eldigitaldeasturias.com\/radio\/wp-json\/wp\/v2\/tags?post=2842"}],"curies":[{"name":"wp","href":"https:\/\/api.w.org\/{rel}","templated":true}]}}