{"id":2839,"date":"2019-07-03T10:38:41","date_gmt":"2019-07-03T10:38:41","guid":{"rendered":"http:\/\/eldigitaldeasturias.com\/radio\/?p=2839"},"modified":"2019-07-03T10:38:41","modified_gmt":"2019-07-03T10:38:41","slug":"dorian-y-anni-b-sweet-tocaran-en-las-alturas-del-pablo-serrano","status":"publish","type":"post","link":"https:\/\/eldigitaldeasturias.com\/radio\/dorian-y-anni-b-sweet-tocaran-en-las-alturas-del-pablo-serrano\/","title":{"rendered":"Dorian y Anni B Sweet tocar\u00e1n en las alturas del Pablo Serrano"},"content":{"rendered":"<p><img fetchpriority=\"high\" decoding=\"async\" class=\"alignleft size-medium wp-image-2840\" src=\"https:\/\/eldigitaldeasturias.com\/radio\/wp-content\/uploads\/2019\/07\/gente-f-360x159.jpg\" alt=\"\" width=\"360\" height=\"159\" srcset=\"https:\/\/eldigitaldeasturias.com\/radio\/wp-content\/uploads\/2019\/07\/gente-f-360x159.jpg 360w, https:\/\/eldigitaldeasturias.com\/radio\/wp-content\/uploads\/2019\/07\/gente-f.jpg 700w\" sizes=\"(max-width: 360px) 100vw, 360px\" \/>El IAACC Pablo Serrano de Zaragoza volver\u00e1 a tener este 2019 un verano muy musical. Durante cuatro noches, algunos de los m\u00e1s importantes artistas alternativos del pa\u00eds pasar\u00e1n por su azotea para ofrecer un concierto \u00fanico en las alturas de Zaragoza dentro del ciclo nacional \u2018Live the roof\u2019 que se organiza en ciudades como Madrid, Barcelona, San Sebasti\u00e1n, M\u00e1laga, Alicante o C\u00e1diz. La parada aragonesa, una de las que m\u00e1s fechas tiene de todo el pa\u00eds, se abrir\u00e1 con un recital de la cantautora andaluza Anni B. Sweet, que presentar\u00e1 el 27 de julio los temas de su reci\u00e9n lanzado \u00e1lbum \u2018Universo por estrenar\u2019. Un mes m\u00e1s tarde, el 23 de agosto, Zenet se subir\u00e1 al escenario del Serrano para compartir con el p\u00fablico el c\u00f3ctel de estilos que le hizo famoso. Ya en septiembre, el d\u00eda 5, el cantautor murciano Muerdo traer\u00e1 su mezcla de pop, reggae y hip hop, en un ciclo que cerrar\u00e1 el 12 de septiembre la banda Dorian, una de las m\u00e1s aclamadas del \u2018indie\u2019 espa\u00f1ol, con una tradicional vinculaci\u00f3n con Zaragoza, donde han iniciado o cerrado sus giras en m\u00faltiples ocasiones.<\/p>\n<p>Todos los conciertos, seg\u00fan ha apuntado el programador Sergio Vinad\u00e9, tendr\u00e1n lugar a las 22.00 y la apertura de puertas ser\u00e1 a las 21.30. Las entradas ya est\u00e1n a la venta en la p\u00e1gina web del programa\u00a0<a href=\"http:\/\/livetheroof.com\/\" target=\"_blank\" rel=\"noopener noreferrer\" data-saferedirecturl=\"https:\/\/www.google.com\/url?q=http:\/\/livetheroof.com&amp;source=gmail&amp;ust=1562236554802000&amp;usg=AFQjCNFf6ug7l2xn_rvRZmcC3GFB6ZsHsA\">livetheroof.com<\/a> y en la plataforma Wegow, a un precio de 20 euros los dos primeros, de 15 en el caso de Muerdo y de 35 para el fin de fiesta con Dorian.<\/p>\n<p>Esta iniciativa, que llega de la mano de Coca-Cola Mix y que cuenta con la colaboraci\u00f3n del Gobierno de Arag\u00f3n, recorrer\u00e1 en las pr\u00f3ximas fechas las azoteas de 12 ciudades, con las actuaciones de 12 artistas en m\u00e1s de 30 conciertos. La experiencia ya pas\u00f3 con gran \u00e9xito el pasado verano por el IAACC Pablo Serrano, con los conciertos de Mikel Erentxun, El Kanka y Full.<\/p>\n<p>La terraza del Pablo Serrano vuelve a convertirse de esta manera en un referente musical, tras la celebraci\u00f3n entre marzo y junio de \u2018Azotea de estrellas\u2019, que ha combinado durante diez s\u00e1bados m\u00fasica y gastronom\u00eda en una experiencia \u00fanica, con conciertos-degustaci\u00f3n a la hora del verm\u00fa protagonizados por bandas emergentes y artistas con trayectorias consolidadas, tanto de Arag\u00f3n como de fuera de la Comunidad. \u00a0As\u00ed, se celebr\u00f3 un ciclo de tres conciertos en colaboraci\u00f3n con el Polifonik Sound de Barbastro donde algunos de sus cabezas de cartel pasaron antes del festival por el IAACC Pablo Serrano (en este caso, Second, Cupido y Alondra Bentley). Adem\u00e1s, tocaron en esta terraza en pasadas semanas David Civera, Jimmy Barnat\u00e1n, Pecker o EFFE.<\/p>\n","protected":false},"excerpt":{"rendered":"<p>El IAACC Pablo Serrano de Zaragoza volver\u00e1 a tener este 2019 un verano muy musical. Durante cuatro noches, algunos de los m\u00e1s importantes artistas alternativos del pa\u00eds pasar\u00e1n por su azotea para ofrecer un concierto \u00fanico en las alturas de Zaragoza dentro del ciclo nacional \u2018Live the roof\u2019 que se organiza en ciudades como Madrid,<\/p>\n","protected":false},"author":1,"featured_media":2840,"comment_status":"closed","ping_status":"closed","sticky":false,"template":"","format":"standard","meta":{"footnotes":""},"categories":[1],"tags":[],"class_list":{"0":"post-2839","1":"post","2":"type-post","3":"status-publish","4":"format-standard","5":"has-post-thumbnail","7":"category-noticias"},"aioseo_notices":[],"aioseo_head":"\n\t\t<!-- All in One SEO Pro 4.9.6.2 - aioseo.com -->\n\t<meta name=\"description\" content=\"El IAACC Pablo Serrano de Zaragoza volver\u00e1 a tener este 2019 un verano muy musical. Durante cuatro noches, algunos de los m\u00e1s importantes artistas alternativos del pa\u00eds pasar\u00e1n por su azotea para ofrecer un concierto \u00fanico en las alturas de Zaragoza dentro del ciclo nacional \u2018Live the roof\u2019 que se organiza en ciudades como Madrid,\" \/>\n\t<meta name=\"robots\" content=\"max-image-preview:large\" \/>\n\t<meta name=\"author\" content=\"NBAsturias\"\/>\n\t<meta name=\"google-site-verification\" content=\"UA-38556648-1\" \/>\n\t<meta name=\"keywords\" content=\"noticias\" \/>\n\t<link rel=\"canonical\" href=\"https:\/\/eldigitaldeasturias.com\/radio\/dorian-y-anni-b-sweet-tocaran-en-las-alturas-del-pablo-serrano\/\" \/>\n\t<meta name=\"generator\" content=\"All in One SEO Pro (AIOSEO) 4.9.6.2\" \/>\n\t\t<meta property=\"og:locale\" content=\"es_ES\" \/>\n\t\t<meta property=\"og:site_name\" content=\"El Digital de Asturias | Diario de informaci\u00f3n y noticias\" \/>\n\t\t<meta property=\"og:type\" content=\"article\" \/>\n\t\t<meta property=\"og:title\" content=\"Dorian y Anni B Sweet tocar\u00e1n en las alturas del Pablo Serrano | El Digital de Asturias\" \/>\n\t\t<meta property=\"og:description\" content=\"El IAACC Pablo Serrano de Zaragoza volver\u00e1 a tener este 2019 un verano muy musical. Durante cuatro noches, algunos de los m\u00e1s importantes artistas alternativos del pa\u00eds pasar\u00e1n por su azotea para ofrecer un concierto \u00fanico en las alturas de Zaragoza dentro del ciclo nacional \u2018Live the roof\u2019 que se organiza en ciudades como Madrid,\" \/>\n\t\t<meta property=\"og:url\" content=\"https:\/\/eldigitaldeasturias.com\/radio\/dorian-y-anni-b-sweet-tocaran-en-las-alturas-del-pablo-serrano\/\" \/>\n\t\t<meta property=\"og:image\" content=\"https:\/\/eldigitaldeasturias.com\/radio\/wp-content\/uploads\/2019\/07\/gente-f.jpg\" \/>\n\t\t<meta property=\"og:image:secure_url\" content=\"https:\/\/eldigitaldeasturias.com\/radio\/wp-content\/uploads\/2019\/07\/gente-f.jpg\" \/>\n\t\t<meta property=\"og:image:width\" content=\"700\" \/>\n\t\t<meta property=\"og:image:height\" content=\"310\" \/>\n\t\t<meta property=\"article:published_time\" content=\"2019-07-03T10:38:41+00:00\" \/>\n\t\t<meta property=\"article:modified_time\" content=\"2019-07-03T10:38:41+00:00\" \/>\n\t\t<meta name=\"twitter:card\" content=\"summary_large_image\" \/>\n\t\t<meta name=\"twitter:site\" content=\"@bercodi\" \/>\n\t\t<meta name=\"twitter:title\" content=\"Dorian y Anni B Sweet tocar\u00e1n en las alturas del Pablo Serrano | El Digital de Asturias\" \/>\n\t\t<meta name=\"twitter:description\" content=\"El IAACC Pablo Serrano de Zaragoza volver\u00e1 a tener este 2019 un verano muy musical. Durante cuatro noches, algunos de los m\u00e1s importantes artistas alternativos del pa\u00eds pasar\u00e1n por su azotea para ofrecer un concierto \u00fanico en las alturas de Zaragoza dentro del ciclo nacional \u2018Live the roof\u2019 que se organiza en ciudades como Madrid,\" \/>\n\t\t<meta name=\"twitter:creator\" content=\"@bercodi\" \/>\n\t\t<meta name=\"twitter:image\" content=\"https:\/\/eldigitaldeasturias.com\/radio\/wp-content\/uploads\/2019\/07\/gente-f.jpg\" \/>\n\t\t<script type=\"application\/ld+json\" class=\"aioseo-schema\">\n\t\t\t{\"@context\":\"https:\\\/\\\/schema.org\",\"@graph\":[{\"@type\":\"BreadcrumbList\",\"@id\":\"https:\\\/\\\/eldigitaldeasturias.com\\\/radio\\\/dorian-y-anni-b-sweet-tocaran-en-las-alturas-del-pablo-serrano\\\/#breadcrumblist\",\"itemListElement\":[{\"@type\":\"ListItem\",\"@id\":\"https:\\\/\\\/eldigitaldeasturias.com\\\/radio#listItem\",\"position\":1,\"name\":\"Inicio\",\"item\":\"https:\\\/\\\/eldigitaldeasturias.com\\\/radio\",\"nextItem\":{\"@type\":\"ListItem\",\"@id\":\"https:\\\/\\\/eldigitaldeasturias.com\\\/radio\\\/category\\\/noticias\\\/#listItem\",\"name\":\"Noticias\"}},{\"@type\":\"ListItem\",\"@id\":\"https:\\\/\\\/eldigitaldeasturias.com\\\/radio\\\/category\\\/noticias\\\/#listItem\",\"position\":2,\"name\":\"Noticias\",\"item\":\"https:\\\/\\\/eldigitaldeasturias.com\\\/radio\\\/category\\\/noticias\\\/\",\"nextItem\":{\"@type\":\"ListItem\",\"@id\":\"https:\\\/\\\/eldigitaldeasturias.com\\\/radio\\\/dorian-y-anni-b-sweet-tocaran-en-las-alturas-del-pablo-serrano\\\/#listItem\",\"name\":\"Dorian y Anni B Sweet tocar\\u00e1n en las alturas del Pablo Serrano\"},\"previousItem\":{\"@type\":\"ListItem\",\"@id\":\"https:\\\/\\\/eldigitaldeasturias.com\\\/radio#listItem\",\"name\":\"Inicio\"}},{\"@type\":\"ListItem\",\"@id\":\"https:\\\/\\\/eldigitaldeasturias.com\\\/radio\\\/dorian-y-anni-b-sweet-tocaran-en-las-alturas-del-pablo-serrano\\\/#listItem\",\"position\":3,\"name\":\"Dorian y Anni B Sweet tocar\\u00e1n en las alturas del Pablo Serrano\",\"previousItem\":{\"@type\":\"ListItem\",\"@id\":\"https:\\\/\\\/eldigitaldeasturias.com\\\/radio\\\/category\\\/noticias\\\/#listItem\",\"name\":\"Noticias\"}}]},{\"@type\":\"NewsArticle\",\"@id\":\"https:\\\/\\\/eldigitaldeasturias.com\\\/radio\\\/dorian-y-anni-b-sweet-tocaran-en-las-alturas-del-pablo-serrano\\\/#newsarticle\",\"name\":\"Dorian y Anni B Sweet tocar\\u00e1n en las alturas del Pablo Serrano | El Digital de Asturias\",\"headline\":\"Dorian y Anni B Sweet tocar\\u00e1n en las alturas del Pablo Serrano\",\"author\":{\"@id\":\"https:\\\/\\\/eldigitaldeasturias.com\\\/radio\\\/author\\\/nbasturias\\\/#author\"},\"publisher\":{\"@id\":\"https:\\\/\\\/eldigitaldeasturias.com\\\/radio\\\/#organization\"},\"image\":{\"@type\":\"ImageObject\",\"url\":\"https:\\\/\\\/eldigitaldeasturias.com\\\/radio\\\/wp-content\\\/uploads\\\/2019\\\/07\\\/gente-f.jpg\",\"width\":700,\"height\":310},\"datePublished\":\"2019-07-03T10:38:41+02:00\",\"dateModified\":\"2019-07-03T10:38:41+02:00\",\"inLanguage\":\"es-ES\",\"mainEntityOfPage\":{\"@id\":\"https:\\\/\\\/eldigitaldeasturias.com\\\/radio\\\/dorian-y-anni-b-sweet-tocaran-en-las-alturas-del-pablo-serrano\\\/#webpage\"},\"isPartOf\":{\"@id\":\"https:\\\/\\\/eldigitaldeasturias.com\\\/radio\\\/dorian-y-anni-b-sweet-tocaran-en-las-alturas-del-pablo-serrano\\\/#webpage\"},\"articleSection\":\"Noticias\",\"dateline\":\"Publicado el julio 3, 2019.\"},{\"@type\":\"Organization\",\"@id\":\"https:\\\/\\\/eldigitaldeasturias.com\\\/radio\\\/#organization\",\"name\":\"El digital de Asturias Radio\",\"description\":\"Diario de informaci\\u00f3n y noticias\",\"url\":\"https:\\\/\\\/eldigitaldeasturias.com\\\/radio\\\/\",\"telephone\":\"+34652131393\",\"logo\":{\"@type\":\"ImageObject\",\"url\":\"https:\\\/\\\/www.eldigitaldeasturias.com\\\/radio\\\/wp-content\\\/uploads\\\/2021\\\/03\\\/EDA.jpg\",\"@id\":\"https:\\\/\\\/eldigitaldeasturias.com\\\/radio\\\/dorian-y-anni-b-sweet-tocaran-en-las-alturas-del-pablo-serrano\\\/#organizationLogo\"},\"image\":{\"@id\":\"https:\\\/\\\/eldigitaldeasturias.com\\\/radio\\\/dorian-y-anni-b-sweet-tocaran-en-las-alturas-del-pablo-serrano\\\/#organizationLogo\"},\"sameAs\":[\"https:\\\/\\\/www.facebook.com\\\/\",\"https:\\\/\\\/x.com\\\/bercodi\",\"https:\\\/\\\/www.instagram.com\\\/\",\"https:\\\/\\\/www.youtube.com\\\/channel\\\/UCZP-2wLEB9Rv6erhFmqVnvg\"]},{\"@type\":\"Person\",\"@id\":\"https:\\\/\\\/eldigitaldeasturias.com\\\/radio\\\/author\\\/nbasturias\\\/#author\",\"url\":\"https:\\\/\\\/eldigitaldeasturias.com\\\/radio\\\/author\\\/nbasturias\\\/\",\"name\":\"NBAsturias\",\"image\":{\"@type\":\"ImageObject\",\"@id\":\"https:\\\/\\\/eldigitaldeasturias.com\\\/radio\\\/dorian-y-anni-b-sweet-tocaran-en-las-alturas-del-pablo-serrano\\\/#authorImage\",\"url\":\"https:\\\/\\\/secure.gravatar.com\\\/avatar\\\/df2aeffc32bcd13f8d26072ef8a91b623d677766deac7f97ca815868cd41bf5e?s=96&d=mm&r=g\",\"width\":96,\"height\":96,\"caption\":\"NBAsturias\"}},{\"@type\":\"WebPage\",\"@id\":\"https:\\\/\\\/eldigitaldeasturias.com\\\/radio\\\/dorian-y-anni-b-sweet-tocaran-en-las-alturas-del-pablo-serrano\\\/#webpage\",\"url\":\"https:\\\/\\\/eldigitaldeasturias.com\\\/radio\\\/dorian-y-anni-b-sweet-tocaran-en-las-alturas-del-pablo-serrano\\\/\",\"name\":\"Dorian y Anni B Sweet tocar\\u00e1n en las alturas del Pablo Serrano | El Digital de Asturias\",\"description\":\"El IAACC Pablo Serrano de Zaragoza volver\\u00e1 a tener este 2019 un verano muy musical. Durante cuatro noches, algunos de los m\\u00e1s importantes artistas alternativos del pa\\u00eds pasar\\u00e1n por su azotea para ofrecer un concierto \\u00fanico en las alturas de Zaragoza dentro del ciclo nacional \\u2018Live the roof\\u2019 que se organiza en ciudades como Madrid,\",\"inLanguage\":\"es-ES\",\"isPartOf\":{\"@id\":\"https:\\\/\\\/eldigitaldeasturias.com\\\/radio\\\/#website\"},\"breadcrumb\":{\"@id\":\"https:\\\/\\\/eldigitaldeasturias.com\\\/radio\\\/dorian-y-anni-b-sweet-tocaran-en-las-alturas-del-pablo-serrano\\\/#breadcrumblist\"},\"author\":{\"@id\":\"https:\\\/\\\/eldigitaldeasturias.com\\\/radio\\\/author\\\/nbasturias\\\/#author\"},\"creator\":{\"@id\":\"https:\\\/\\\/eldigitaldeasturias.com\\\/radio\\\/author\\\/nbasturias\\\/#author\"},\"image\":{\"@type\":\"ImageObject\",\"url\":\"https:\\\/\\\/eldigitaldeasturias.com\\\/radio\\\/wp-content\\\/uploads\\\/2019\\\/07\\\/gente-f.jpg\",\"@id\":\"https:\\\/\\\/eldigitaldeasturias.com\\\/radio\\\/dorian-y-anni-b-sweet-tocaran-en-las-alturas-del-pablo-serrano\\\/#mainImage\",\"width\":700,\"height\":310},\"primaryImageOfPage\":{\"@id\":\"https:\\\/\\\/eldigitaldeasturias.com\\\/radio\\\/dorian-y-anni-b-sweet-tocaran-en-las-alturas-del-pablo-serrano\\\/#mainImage\"},\"datePublished\":\"2019-07-03T10:38:41+02:00\",\"dateModified\":\"2019-07-03T10:38:41+02:00\"},{\"@type\":\"WebSite\",\"@id\":\"https:\\\/\\\/eldigitaldeasturias.com\\\/radio\\\/#website\",\"url\":\"https:\\\/\\\/eldigitaldeasturias.com\\\/radio\\\/\",\"name\":\"El Digital de Asturias\",\"description\":\"Diario de informaci\\u00f3n y noticias\",\"inLanguage\":\"es-ES\",\"publisher\":{\"@id\":\"https:\\\/\\\/eldigitaldeasturias.com\\\/radio\\\/#organization\"}}]}\n\t\t<\/script>\n\t\t<!-- All in One SEO Pro -->\r\n\t\t<title>Dorian y Anni B Sweet tocar\u00e1n en las alturas del Pablo Serrano | El Digital de Asturias<\/title>\n\n","aioseo_head_json":{"title":"Dorian y Anni B Sweet tocar\u00e1n en las alturas del Pablo Serrano | El Digital de Asturias","description":"El IAACC Pablo Serrano de Zaragoza volver\u00e1 a tener este 2019 un verano muy musical. Durante cuatro noches, algunos de los m\u00e1s importantes artistas alternativos del pa\u00eds pasar\u00e1n por su azotea para ofrecer un concierto \u00fanico en las alturas de Zaragoza dentro del ciclo nacional \u2018Live the roof\u2019 que se organiza en ciudades como Madrid,","canonical_url":"https:\/\/eldigitaldeasturias.com\/radio\/dorian-y-anni-b-sweet-tocaran-en-las-alturas-del-pablo-serrano\/","robots":"max-image-preview:large","keywords":"noticias","webmasterTools":{"google-site-verification":"UA-38556648-1","miscellaneous":""},"schema":{"@context":"https:\/\/schema.org","@graph":[{"@type":"BreadcrumbList","@id":"https:\/\/eldigitaldeasturias.com\/radio\/dorian-y-anni-b-sweet-tocaran-en-las-alturas-del-pablo-serrano\/#breadcrumblist","itemListElement":[{"@type":"ListItem","@id":"https:\/\/eldigitaldeasturias.com\/radio#listItem","position":1,"name":"Inicio","item":"https:\/\/eldigitaldeasturias.com\/radio","nextItem":{"@type":"ListItem","@id":"https:\/\/eldigitaldeasturias.com\/radio\/category\/noticias\/#listItem","name":"Noticias"}},{"@type":"ListItem","@id":"https:\/\/eldigitaldeasturias.com\/radio\/category\/noticias\/#listItem","position":2,"name":"Noticias","item":"https:\/\/eldigitaldeasturias.com\/radio\/category\/noticias\/","nextItem":{"@type":"ListItem","@id":"https:\/\/eldigitaldeasturias.com\/radio\/dorian-y-anni-b-sweet-tocaran-en-las-alturas-del-pablo-serrano\/#listItem","name":"Dorian y Anni B Sweet tocar\u00e1n en las alturas del Pablo Serrano"},"previousItem":{"@type":"ListItem","@id":"https:\/\/eldigitaldeasturias.com\/radio#listItem","name":"Inicio"}},{"@type":"ListItem","@id":"https:\/\/eldigitaldeasturias.com\/radio\/dorian-y-anni-b-sweet-tocaran-en-las-alturas-del-pablo-serrano\/#listItem","position":3,"name":"Dorian y Anni B Sweet tocar\u00e1n en las alturas del Pablo Serrano","previousItem":{"@type":"ListItem","@id":"https:\/\/eldigitaldeasturias.com\/radio\/category\/noticias\/#listItem","name":"Noticias"}}]},{"@type":"NewsArticle","@id":"https:\/\/eldigitaldeasturias.com\/radio\/dorian-y-anni-b-sweet-tocaran-en-las-alturas-del-pablo-serrano\/#newsarticle","name":"Dorian y Anni B Sweet tocar\u00e1n en las alturas del Pablo Serrano | El Digital de Asturias","headline":"Dorian y Anni B Sweet tocar\u00e1n en las alturas del Pablo Serrano","author":{"@id":"https:\/\/eldigitaldeasturias.com\/radio\/author\/nbasturias\/#author"},"publisher":{"@id":"https:\/\/eldigitaldeasturias.com\/radio\/#organization"},"image":{"@type":"ImageObject","url":"https:\/\/eldigitaldeasturias.com\/radio\/wp-content\/uploads\/2019\/07\/gente-f.jpg","width":700,"height":310},"datePublished":"2019-07-03T10:38:41+02:00","dateModified":"2019-07-03T10:38:41+02:00","inLanguage":"es-ES","mainEntityOfPage":{"@id":"https:\/\/eldigitaldeasturias.com\/radio\/dorian-y-anni-b-sweet-tocaran-en-las-alturas-del-pablo-serrano\/#webpage"},"isPartOf":{"@id":"https:\/\/eldigitaldeasturias.com\/radio\/dorian-y-anni-b-sweet-tocaran-en-las-alturas-del-pablo-serrano\/#webpage"},"articleSection":"Noticias","dateline":"Publicado el julio 3, 2019."},{"@type":"Organization","@id":"https:\/\/eldigitaldeasturias.com\/radio\/#organization","name":"El digital de Asturias Radio","description":"Diario de informaci\u00f3n y noticias","url":"https:\/\/eldigitaldeasturias.com\/radio\/","telephone":"+34652131393","logo":{"@type":"ImageObject","url":"https:\/\/www.eldigitaldeasturias.com\/radio\/wp-content\/uploads\/2021\/03\/EDA.jpg","@id":"https:\/\/eldigitaldeasturias.com\/radio\/dorian-y-anni-b-sweet-tocaran-en-las-alturas-del-pablo-serrano\/#organizationLogo"},"image":{"@id":"https:\/\/eldigitaldeasturias.com\/radio\/dorian-y-anni-b-sweet-tocaran-en-las-alturas-del-pablo-serrano\/#organizationLogo"},"sameAs":["https:\/\/www.facebook.com\/","https:\/\/x.com\/bercodi","https:\/\/www.instagram.com\/","https:\/\/www.youtube.com\/channel\/UCZP-2wLEB9Rv6erhFmqVnvg"]},{"@type":"Person","@id":"https:\/\/eldigitaldeasturias.com\/radio\/author\/nbasturias\/#author","url":"https:\/\/eldigitaldeasturias.com\/radio\/author\/nbasturias\/","name":"NBAsturias","image":{"@type":"ImageObject","@id":"https:\/\/eldigitaldeasturias.com\/radio\/dorian-y-anni-b-sweet-tocaran-en-las-alturas-del-pablo-serrano\/#authorImage","url":"https:\/\/secure.gravatar.com\/avatar\/df2aeffc32bcd13f8d26072ef8a91b623d677766deac7f97ca815868cd41bf5e?s=96&d=mm&r=g","width":96,"height":96,"caption":"NBAsturias"}},{"@type":"WebPage","@id":"https:\/\/eldigitaldeasturias.com\/radio\/dorian-y-anni-b-sweet-tocaran-en-las-alturas-del-pablo-serrano\/#webpage","url":"https:\/\/eldigitaldeasturias.com\/radio\/dorian-y-anni-b-sweet-tocaran-en-las-alturas-del-pablo-serrano\/","name":"Dorian y Anni B Sweet tocar\u00e1n en las alturas del Pablo Serrano | El Digital de Asturias","description":"El IAACC Pablo Serrano de Zaragoza volver\u00e1 a tener este 2019 un verano muy musical. Durante cuatro noches, algunos de los m\u00e1s importantes artistas alternativos del pa\u00eds pasar\u00e1n por su azotea para ofrecer un concierto \u00fanico en las alturas de Zaragoza dentro del ciclo nacional \u2018Live the roof\u2019 que se organiza en ciudades como Madrid,","inLanguage":"es-ES","isPartOf":{"@id":"https:\/\/eldigitaldeasturias.com\/radio\/#website"},"breadcrumb":{"@id":"https:\/\/eldigitaldeasturias.com\/radio\/dorian-y-anni-b-sweet-tocaran-en-las-alturas-del-pablo-serrano\/#breadcrumblist"},"author":{"@id":"https:\/\/eldigitaldeasturias.com\/radio\/author\/nbasturias\/#author"},"creator":{"@id":"https:\/\/eldigitaldeasturias.com\/radio\/author\/nbasturias\/#author"},"image":{"@type":"ImageObject","url":"https:\/\/eldigitaldeasturias.com\/radio\/wp-content\/uploads\/2019\/07\/gente-f.jpg","@id":"https:\/\/eldigitaldeasturias.com\/radio\/dorian-y-anni-b-sweet-tocaran-en-las-alturas-del-pablo-serrano\/#mainImage","width":700,"height":310},"primaryImageOfPage":{"@id":"https:\/\/eldigitaldeasturias.com\/radio\/dorian-y-anni-b-sweet-tocaran-en-las-alturas-del-pablo-serrano\/#mainImage"},"datePublished":"2019-07-03T10:38:41+02:00","dateModified":"2019-07-03T10:38:41+02:00"},{"@type":"WebSite","@id":"https:\/\/eldigitaldeasturias.com\/radio\/#website","url":"https:\/\/eldigitaldeasturias.com\/radio\/","name":"El Digital de Asturias","description":"Diario de informaci\u00f3n y noticias","inLanguage":"es-ES","publisher":{"@id":"https:\/\/eldigitaldeasturias.com\/radio\/#organization"}}]},"og:locale":"es_ES","og:site_name":"El Digital de Asturias | Diario de informaci\u00f3n y noticias","og:type":"article","og:title":"Dorian y Anni B Sweet tocar\u00e1n en las alturas del Pablo Serrano | El Digital de Asturias","og:description":"El IAACC Pablo Serrano de Zaragoza volver\u00e1 a tener este 2019 un verano muy musical. Durante cuatro noches, algunos de los m\u00e1s importantes artistas alternativos del pa\u00eds pasar\u00e1n por su azotea para ofrecer un concierto \u00fanico en las alturas de Zaragoza dentro del ciclo nacional \u2018Live the roof\u2019 que se organiza en ciudades como Madrid,","og:url":"https:\/\/eldigitaldeasturias.com\/radio\/dorian-y-anni-b-sweet-tocaran-en-las-alturas-del-pablo-serrano\/","og:image":"https:\/\/eldigitaldeasturias.com\/radio\/wp-content\/uploads\/2019\/07\/gente-f.jpg","og:image:secure_url":"https:\/\/eldigitaldeasturias.com\/radio\/wp-content\/uploads\/2019\/07\/gente-f.jpg","og:image:width":700,"og:image:height":310,"article:published_time":"2019-07-03T10:38:41+00:00","article:modified_time":"2019-07-03T10:38:41+00:00","twitter:card":"summary_large_image","twitter:site":"@bercodi","twitter:title":"Dorian y Anni B Sweet tocar\u00e1n en las alturas del Pablo Serrano | El Digital de Asturias","twitter:description":"El IAACC Pablo Serrano de Zaragoza volver\u00e1 a tener este 2019 un verano muy musical. Durante cuatro noches, algunos de los m\u00e1s importantes artistas alternativos del pa\u00eds pasar\u00e1n por su azotea para ofrecer un concierto \u00fanico en las alturas de Zaragoza dentro del ciclo nacional \u2018Live the roof\u2019 que se organiza en ciudades como Madrid,","twitter:creator":"@bercodi","twitter:image":"https:\/\/eldigitaldeasturias.com\/radio\/wp-content\/uploads\/2019\/07\/gente-f.jpg"},"aioseo_meta_data":{"post_id":"2839","title":null,"description":null,"keywords":null,"keyphrases":null,"primary_term":null,"canonical_url":null,"og_title":null,"og_description":null,"og_object_type":"default","og_image_type":"default","og_image_url":null,"og_image_width":null,"og_image_height":null,"og_image_custom_url":null,"og_image_custom_fields":null,"og_video":null,"og_custom_url":null,"og_article_section":null,"og_article_tags":null,"twitter_use_og":false,"twitter_card":"default","twitter_image_type":"default","twitter_image_url":null,"twitter_image_custom_url":null,"twitter_image_custom_fields":null,"twitter_title":null,"twitter_description":null,"schema":{"blockGraphs":[],"customGraphs":[],"default":{"data":{"Article":[],"Course":[],"Dataset":[],"FAQPage":[],"Movie":[],"Person":[],"Product":[],"ProductReview":[],"Car":[],"Recipe":[],"Service":[],"SoftwareApplication":[],"WebPage":[]},"graphName":"","isEnabled":true},"graphs":[],"defaultGraph":"","defaultPostTypeGraph":""},"schema_type":null,"schema_type_options":null,"pillar_content":false,"robots_default":true,"robots_noindex":false,"robots_noarchive":false,"robots_nosnippet":false,"robots_nofollow":false,"robots_noimageindex":false,"robots_noodp":false,"robots_notranslate":false,"robots_max_snippet":null,"robots_max_videopreview":null,"robots_max_imagepreview":"large","priority":null,"frequency":null,"location":null,"local_seo":null,"seo_analyzer_scan_date":"2025-08-28 13:02:23","breadcrumb_settings":null,"limit_modified_date":false,"open_ai":null,"ai":null,"created":"2021-03-26 11:22:07","updated":"2025-08-28 13:02:23"},"aioseo_breadcrumb":"<div class=\"aioseo-breadcrumbs\"><span class=\"aioseo-breadcrumb\">\n\t<a href=\"https:\/\/eldigitaldeasturias.com\/radio\" title=\"Inicio\">Inicio<\/a>\n<\/span><span class=\"aioseo-breadcrumb-separator\">&ndash;<\/span><span class=\"aioseo-breadcrumb\">\n\t<a href=\"https:\/\/eldigitaldeasturias.com\/radio\/category\/noticias\/\" title=\"Noticias\">Noticias<\/a>\n<\/span><span class=\"aioseo-breadcrumb-separator\">&ndash;<\/span><span class=\"aioseo-breadcrumb\">\n\tDorian y Anni B Sweet tocar\u00e1n en las alturas del Pablo Serrano\n<\/span><\/div>","aioseo_breadcrumb_json":[{"label":"Inicio","link":"https:\/\/eldigitaldeasturias.com\/radio"},{"label":"Noticias","link":"https:\/\/eldigitaldeasturias.com\/radio\/category\/noticias\/"},{"label":"Dorian y Anni B Sweet tocar\u00e1n en las alturas del Pablo Serrano","link":"https:\/\/eldigitaldeasturias.com\/radio\/dorian-y-anni-b-sweet-tocaran-en-las-alturas-del-pablo-serrano\/"}],"_links":{"self":[{"href":"https:\/\/eldigitaldeasturias.com\/radio\/wp-json\/wp\/v2\/posts\/2839","targetHints":{"allow":["GET"]}}],"collection":[{"href":"https:\/\/eldigitaldeasturias.com\/radio\/wp-json\/wp\/v2\/posts"}],"about":[{"href":"https:\/\/eldigitaldeasturias.com\/radio\/wp-json\/wp\/v2\/types\/post"}],"author":[{"embeddable":true,"href":"https:\/\/eldigitaldeasturias.com\/radio\/wp-json\/wp\/v2\/users\/1"}],"replies":[{"embeddable":true,"href":"https:\/\/eldigitaldeasturias.com\/radio\/wp-json\/wp\/v2\/comments?post=2839"}],"version-history":[{"count":0,"href":"https:\/\/eldigitaldeasturias.com\/radio\/wp-json\/wp\/v2\/posts\/2839\/revisions"}],"wp:featuredmedia":[{"embeddable":true,"href":"https:\/\/eldigitaldeasturias.com\/radio\/wp-json\/wp\/v2\/media\/2840"}],"wp:attachment":[{"href":"https:\/\/eldigitaldeasturias.com\/radio\/wp-json\/wp\/v2\/media?parent=2839"}],"wp:term":[{"taxonomy":"category","embeddable":true,"href":"https:\/\/eldigitaldeasturias.com\/radio\/wp-json\/wp\/v2\/categories?post=2839"},{"taxonomy":"post_tag","embeddable":true,"href":"https:\/\/eldigitaldeasturias.com\/radio\/wp-json\/wp\/v2\/tags?post=2839"}],"curies":[{"name":"wp","href":"https:\/\/api.w.org\/{rel}","templated":true}]}}