{"id":2836,"date":"2019-07-03T09:23:03","date_gmt":"2019-07-03T09:23:03","guid":{"rendered":"http:\/\/eldigitaldeasturias.com\/radio\/?p=2836"},"modified":"2019-07-03T09:23:03","modified_gmt":"2019-07-03T09:23:03","slug":"salvador-beltran-presenta-su-nuevo-trabajo-discografico-epicentro","status":"publish","type":"post","link":"https:\/\/eldigitaldeasturias.com\/radio\/salvador-beltran-presenta-su-nuevo-trabajo-discografico-epicentro\/","title":{"rendered":"Salvador Beltr\u00e1n presenta su nuevo trabajo discogr\u00e1fico: \u201cEpicentro\u201d"},"content":{"rendered":"<p><img fetchpriority=\"high\" decoding=\"async\" class=\"alignleft size-medium wp-image-2837\" src=\"https:\/\/eldigitaldeasturias.com\/radio\/wp-content\/uploads\/2019\/07\/epicentro-300x300.jpg\" alt=\"\" width=\"300\" height=\"300\" srcset=\"https:\/\/eldigitaldeasturias.com\/radio\/wp-content\/uploads\/2019\/07\/epicentro-300x300.jpg 300w, https:\/\/eldigitaldeasturias.com\/radio\/wp-content\/uploads\/2019\/07\/epicentro-100x100.jpg 100w, https:\/\/eldigitaldeasturias.com\/radio\/wp-content\/uploads\/2019\/07\/epicentro.jpg 315w\" sizes=\"(max-width: 300px) 100vw, 300px\" \/>De acuerdo con un comunicado de prensa enviado este mi\u00e9rcoles por Sonogrand Music, el artista Salvador Beltr\u00e1n presentar\u00e1 su nuevo trabajo discogr\u00e1fico: \u201cEPICENTRO\u201d el pr\u00f3ximo 5 julio.<\/p>\n<p>En este sentido, el comunicado de prensa completo enviado por Sonogrand expone la siguiente informaci\u00f3n:<\/p>\n<p>\u201cEpicentro es un disco en el que encontramos un Salvador Beltr\u00e1n mucho m\u00e1s maduro, tanto a nivel musical como en la producci\u00f3n del \u00e1lbum. El disco est\u00e1 compuesto por 12 temas que van desde la balada rom\u00e1ntica, que tanto ha caracterizado al artista, como temas mucho m\u00e1s guitarreros y movidos.<\/p>\n<p>Un disco en el que Salvador Beltr\u00e1n ha querido mantener su esencia y su manera de entender la m\u00fasica.<\/p>\n<p>Su primer \u00e1lbum, \u201cCambio de planes\u201d (2012), supuso su debut en escena musical.<\/p>\n<p>Con \u201cReflejos en mi camino\u201d, su segundo \u00e1lbum de estudio (2015), dio un paso adelante como artista que se evidenciaba en todos los sentidos: las letras, la producci\u00f3n, la madurez musical y la forma de interpretar sus propios temas.<\/p>\n<p>A sus espaldas cuenta con colaboraciones como las que llev\u00f3 a cabo con MERCHE, en los temas \u201cPor si vienes\u201d y \u201cM\u00edrame aqu\u00ed me tienes\u201d; con INDIA MART\u00cdNEZ en<\/p>\n<p>\u201cLa estrella de la navidad\u201d, tambi\u00e9n ha sido invitado de FRANCO DE VITA en sus dos \u00faltimas giras por Espa\u00f1a, invitado de ALEJANDRO SANZ (SU DESCUBRIDOR) en la gira \u201cLa m\u00fasica no se toca\u201d y otros premios de reconocimiento por su trabajo por parte de emisoras importantes a nivel nacional.<\/p>\n<p>En 2016, Televisi\u00f3n Espa\u00f1ola proclama a Salvador como uno de los seis preseleccionados para representar a Espa\u00f1a en Eurovisi\u00f3n 2016, participando en el programa \u201cObjetivo eurovisi\u00f3n 2016\u201d en el cual, a pesar de no haber conseguido su paso a eurovisi\u00f3n, recibi\u00f3 la puntuaci\u00f3n m\u00e1xima del jurado internacional (UK, Francia, Italia y Suecia).<\/p>\n<p>En 2017 con la canci\u00f3n \u201cD\u00f3nde estabas t\u00fa\u201d se proclama ganador del Festival Vi\u00f1a del Mar en el cual se le otorga la Gaviota de Plata (m\u00e1ximo galard\u00f3n en la competencia internacional)\u201d, concluye el comunicado de prensa de Sonogrand.<\/p>\n","protected":false},"excerpt":{"rendered":"<p>De acuerdo con un comunicado de prensa enviado este mi\u00e9rcoles por Sonogrand Music, el artista Salvador Beltr\u00e1n presentar\u00e1 su nuevo trabajo discogr\u00e1fico: \u201cEPICENTRO\u201d el pr\u00f3ximo 5 julio. En este sentido, el comunicado de prensa completo enviado por Sonogrand expone la siguiente informaci\u00f3n: \u201cEpicentro es un disco en el que encontramos un Salvador Beltr\u00e1n mucho m\u00e1s<\/p>\n","protected":false},"author":1,"featured_media":2837,"comment_status":"closed","ping_status":"closed","sticky":false,"template":"","format":"standard","meta":{"footnotes":""},"categories":[1],"tags":[],"class_list":{"0":"post-2836","1":"post","2":"type-post","3":"status-publish","4":"format-standard","5":"has-post-thumbnail","7":"category-noticias"},"aioseo_notices":[],"aioseo_head":"\n\t\t<!-- All in One SEO Pro 4.9.6.2 - aioseo.com -->\n\t<meta name=\"description\" content=\"De acuerdo con un comunicado de prensa enviado este mi\u00e9rcoles por Sonogrand Music, el artista Salvador Beltr\u00e1n presentar\u00e1 su nuevo trabajo discogr\u00e1fico: \u201cEPICENTRO\u201d el pr\u00f3ximo 5 julio. En este sentido, el comunicado de prensa completo enviado por Sonogrand expone la siguiente informaci\u00f3n: \u201cEpicentro es un disco en el que encontramos un Salvador Beltr\u00e1n mucho m\u00e1s\" \/>\n\t<meta name=\"robots\" content=\"max-image-preview:large\" \/>\n\t<meta name=\"author\" content=\"NBAsturias\"\/>\n\t<meta name=\"google-site-verification\" content=\"UA-38556648-1\" \/>\n\t<meta name=\"keywords\" content=\"noticias\" \/>\n\t<link rel=\"canonical\" href=\"https:\/\/eldigitaldeasturias.com\/radio\/salvador-beltran-presenta-su-nuevo-trabajo-discografico-epicentro\/\" \/>\n\t<meta name=\"generator\" content=\"All in One SEO Pro (AIOSEO) 4.9.6.2\" \/>\n\t\t<meta property=\"og:locale\" content=\"es_ES\" \/>\n\t\t<meta property=\"og:site_name\" content=\"El Digital de Asturias | Diario de informaci\u00f3n y noticias\" \/>\n\t\t<meta property=\"og:type\" content=\"article\" \/>\n\t\t<meta property=\"og:title\" content=\"Salvador Beltr\u00e1n presenta su nuevo trabajo discogr\u00e1fico: \u201cEpicentro\u201d | El Digital de Asturias\" \/>\n\t\t<meta property=\"og:description\" content=\"De acuerdo con un comunicado de prensa enviado este mi\u00e9rcoles por Sonogrand Music, el artista Salvador Beltr\u00e1n presentar\u00e1 su nuevo trabajo discogr\u00e1fico: \u201cEPICENTRO\u201d el pr\u00f3ximo 5 julio. En este sentido, el comunicado de prensa completo enviado por Sonogrand expone la siguiente informaci\u00f3n: \u201cEpicentro es un disco en el que encontramos un Salvador Beltr\u00e1n mucho m\u00e1s\" \/>\n\t\t<meta property=\"og:url\" content=\"https:\/\/eldigitaldeasturias.com\/radio\/salvador-beltran-presenta-su-nuevo-trabajo-discografico-epicentro\/\" \/>\n\t\t<meta property=\"og:image\" content=\"https:\/\/eldigitaldeasturias.com\/radio\/wp-content\/uploads\/2019\/07\/epicentro.jpg\" \/>\n\t\t<meta property=\"og:image:secure_url\" content=\"https:\/\/eldigitaldeasturias.com\/radio\/wp-content\/uploads\/2019\/07\/epicentro.jpg\" \/>\n\t\t<meta property=\"og:image:width\" content=\"315\" \/>\n\t\t<meta property=\"og:image:height\" content=\"315\" \/>\n\t\t<meta property=\"article:published_time\" content=\"2019-07-03T09:23:03+00:00\" \/>\n\t\t<meta property=\"article:modified_time\" content=\"2019-07-03T09:23:03+00:00\" \/>\n\t\t<meta name=\"twitter:card\" content=\"summary_large_image\" \/>\n\t\t<meta name=\"twitter:site\" content=\"@bercodi\" \/>\n\t\t<meta name=\"twitter:title\" content=\"Salvador Beltr\u00e1n presenta su nuevo trabajo discogr\u00e1fico: \u201cEpicentro\u201d | El Digital de Asturias\" \/>\n\t\t<meta name=\"twitter:description\" content=\"De acuerdo con un comunicado de prensa enviado este mi\u00e9rcoles por Sonogrand Music, el artista Salvador Beltr\u00e1n presentar\u00e1 su nuevo trabajo discogr\u00e1fico: \u201cEPICENTRO\u201d el pr\u00f3ximo 5 julio. En este sentido, el comunicado de prensa completo enviado por Sonogrand expone la siguiente informaci\u00f3n: \u201cEpicentro es un disco en el que encontramos un Salvador Beltr\u00e1n mucho m\u00e1s\" \/>\n\t\t<meta name=\"twitter:creator\" content=\"@bercodi\" \/>\n\t\t<meta name=\"twitter:image\" content=\"https:\/\/eldigitaldeasturias.com\/radio\/wp-content\/uploads\/2019\/07\/epicentro.jpg\" \/>\n\t\t<script type=\"application\/ld+json\" class=\"aioseo-schema\">\n\t\t\t{\"@context\":\"https:\\\/\\\/schema.org\",\"@graph\":[{\"@type\":\"BreadcrumbList\",\"@id\":\"https:\\\/\\\/eldigitaldeasturias.com\\\/radio\\\/salvador-beltran-presenta-su-nuevo-trabajo-discografico-epicentro\\\/#breadcrumblist\",\"itemListElement\":[{\"@type\":\"ListItem\",\"@id\":\"https:\\\/\\\/eldigitaldeasturias.com\\\/radio#listItem\",\"position\":1,\"name\":\"Inicio\",\"item\":\"https:\\\/\\\/eldigitaldeasturias.com\\\/radio\",\"nextItem\":{\"@type\":\"ListItem\",\"@id\":\"https:\\\/\\\/eldigitaldeasturias.com\\\/radio\\\/category\\\/noticias\\\/#listItem\",\"name\":\"Noticias\"}},{\"@type\":\"ListItem\",\"@id\":\"https:\\\/\\\/eldigitaldeasturias.com\\\/radio\\\/category\\\/noticias\\\/#listItem\",\"position\":2,\"name\":\"Noticias\",\"item\":\"https:\\\/\\\/eldigitaldeasturias.com\\\/radio\\\/category\\\/noticias\\\/\",\"nextItem\":{\"@type\":\"ListItem\",\"@id\":\"https:\\\/\\\/eldigitaldeasturias.com\\\/radio\\\/salvador-beltran-presenta-su-nuevo-trabajo-discografico-epicentro\\\/#listItem\",\"name\":\"Salvador Beltr\\u00e1n presenta su nuevo trabajo discogr\\u00e1fico: \\u201cEpicentro\\u201d\"},\"previousItem\":{\"@type\":\"ListItem\",\"@id\":\"https:\\\/\\\/eldigitaldeasturias.com\\\/radio#listItem\",\"name\":\"Inicio\"}},{\"@type\":\"ListItem\",\"@id\":\"https:\\\/\\\/eldigitaldeasturias.com\\\/radio\\\/salvador-beltran-presenta-su-nuevo-trabajo-discografico-epicentro\\\/#listItem\",\"position\":3,\"name\":\"Salvador Beltr\\u00e1n presenta su nuevo trabajo discogr\\u00e1fico: \\u201cEpicentro\\u201d\",\"previousItem\":{\"@type\":\"ListItem\",\"@id\":\"https:\\\/\\\/eldigitaldeasturias.com\\\/radio\\\/category\\\/noticias\\\/#listItem\",\"name\":\"Noticias\"}}]},{\"@type\":\"NewsArticle\",\"@id\":\"https:\\\/\\\/eldigitaldeasturias.com\\\/radio\\\/salvador-beltran-presenta-su-nuevo-trabajo-discografico-epicentro\\\/#newsarticle\",\"name\":\"Salvador Beltr\\u00e1n presenta su nuevo trabajo discogr\\u00e1fico: \\u201cEpicentro\\u201d | El Digital de Asturias\",\"headline\":\"Salvador Beltr\\u00e1n presenta su nuevo trabajo discogr\\u00e1fico: \\u201cEpicentro\\u201d\",\"author\":{\"@id\":\"https:\\\/\\\/eldigitaldeasturias.com\\\/radio\\\/author\\\/nbasturias\\\/#author\"},\"publisher\":{\"@id\":\"https:\\\/\\\/eldigitaldeasturias.com\\\/radio\\\/#organization\"},\"image\":{\"@type\":\"ImageObject\",\"url\":\"https:\\\/\\\/eldigitaldeasturias.com\\\/radio\\\/wp-content\\\/uploads\\\/2019\\\/07\\\/epicentro.jpg\",\"width\":315,\"height\":315},\"datePublished\":\"2019-07-03T09:23:03+02:00\",\"dateModified\":\"2019-07-03T09:23:03+02:00\",\"inLanguage\":\"es-ES\",\"mainEntityOfPage\":{\"@id\":\"https:\\\/\\\/eldigitaldeasturias.com\\\/radio\\\/salvador-beltran-presenta-su-nuevo-trabajo-discografico-epicentro\\\/#webpage\"},\"isPartOf\":{\"@id\":\"https:\\\/\\\/eldigitaldeasturias.com\\\/radio\\\/salvador-beltran-presenta-su-nuevo-trabajo-discografico-epicentro\\\/#webpage\"},\"articleSection\":\"Noticias\",\"dateline\":\"Publicado el julio 3, 2019.\"},{\"@type\":\"Organization\",\"@id\":\"https:\\\/\\\/eldigitaldeasturias.com\\\/radio\\\/#organization\",\"name\":\"El digital de Asturias Radio\",\"description\":\"Diario de informaci\\u00f3n y noticias\",\"url\":\"https:\\\/\\\/eldigitaldeasturias.com\\\/radio\\\/\",\"telephone\":\"+34652131393\",\"logo\":{\"@type\":\"ImageObject\",\"url\":\"https:\\\/\\\/www.eldigitaldeasturias.com\\\/radio\\\/wp-content\\\/uploads\\\/2021\\\/03\\\/EDA.jpg\",\"@id\":\"https:\\\/\\\/eldigitaldeasturias.com\\\/radio\\\/salvador-beltran-presenta-su-nuevo-trabajo-discografico-epicentro\\\/#organizationLogo\"},\"image\":{\"@id\":\"https:\\\/\\\/eldigitaldeasturias.com\\\/radio\\\/salvador-beltran-presenta-su-nuevo-trabajo-discografico-epicentro\\\/#organizationLogo\"},\"sameAs\":[\"https:\\\/\\\/www.facebook.com\\\/\",\"https:\\\/\\\/x.com\\\/bercodi\",\"https:\\\/\\\/www.instagram.com\\\/\",\"https:\\\/\\\/www.youtube.com\\\/channel\\\/UCZP-2wLEB9Rv6erhFmqVnvg\"]},{\"@type\":\"Person\",\"@id\":\"https:\\\/\\\/eldigitaldeasturias.com\\\/radio\\\/author\\\/nbasturias\\\/#author\",\"url\":\"https:\\\/\\\/eldigitaldeasturias.com\\\/radio\\\/author\\\/nbasturias\\\/\",\"name\":\"NBAsturias\",\"image\":{\"@type\":\"ImageObject\",\"@id\":\"https:\\\/\\\/eldigitaldeasturias.com\\\/radio\\\/salvador-beltran-presenta-su-nuevo-trabajo-discografico-epicentro\\\/#authorImage\",\"url\":\"https:\\\/\\\/secure.gravatar.com\\\/avatar\\\/df2aeffc32bcd13f8d26072ef8a91b623d677766deac7f97ca815868cd41bf5e?s=96&d=mm&r=g\",\"width\":96,\"height\":96,\"caption\":\"NBAsturias\"}},{\"@type\":\"WebPage\",\"@id\":\"https:\\\/\\\/eldigitaldeasturias.com\\\/radio\\\/salvador-beltran-presenta-su-nuevo-trabajo-discografico-epicentro\\\/#webpage\",\"url\":\"https:\\\/\\\/eldigitaldeasturias.com\\\/radio\\\/salvador-beltran-presenta-su-nuevo-trabajo-discografico-epicentro\\\/\",\"name\":\"Salvador Beltr\\u00e1n presenta su nuevo trabajo discogr\\u00e1fico: \\u201cEpicentro\\u201d | El Digital de Asturias\",\"description\":\"De acuerdo con un comunicado de prensa enviado este mi\\u00e9rcoles por Sonogrand Music, el artista Salvador Beltr\\u00e1n presentar\\u00e1 su nuevo trabajo discogr\\u00e1fico: \\u201cEPICENTRO\\u201d el pr\\u00f3ximo 5 julio. En este sentido, el comunicado de prensa completo enviado por Sonogrand expone la siguiente informaci\\u00f3n: \\u201cEpicentro es un disco en el que encontramos un Salvador Beltr\\u00e1n mucho m\\u00e1s\",\"inLanguage\":\"es-ES\",\"isPartOf\":{\"@id\":\"https:\\\/\\\/eldigitaldeasturias.com\\\/radio\\\/#website\"},\"breadcrumb\":{\"@id\":\"https:\\\/\\\/eldigitaldeasturias.com\\\/radio\\\/salvador-beltran-presenta-su-nuevo-trabajo-discografico-epicentro\\\/#breadcrumblist\"},\"author\":{\"@id\":\"https:\\\/\\\/eldigitaldeasturias.com\\\/radio\\\/author\\\/nbasturias\\\/#author\"},\"creator\":{\"@id\":\"https:\\\/\\\/eldigitaldeasturias.com\\\/radio\\\/author\\\/nbasturias\\\/#author\"},\"image\":{\"@type\":\"ImageObject\",\"url\":\"https:\\\/\\\/eldigitaldeasturias.com\\\/radio\\\/wp-content\\\/uploads\\\/2019\\\/07\\\/epicentro.jpg\",\"@id\":\"https:\\\/\\\/eldigitaldeasturias.com\\\/radio\\\/salvador-beltran-presenta-su-nuevo-trabajo-discografico-epicentro\\\/#mainImage\",\"width\":315,\"height\":315},\"primaryImageOfPage\":{\"@id\":\"https:\\\/\\\/eldigitaldeasturias.com\\\/radio\\\/salvador-beltran-presenta-su-nuevo-trabajo-discografico-epicentro\\\/#mainImage\"},\"datePublished\":\"2019-07-03T09:23:03+02:00\",\"dateModified\":\"2019-07-03T09:23:03+02:00\"},{\"@type\":\"WebSite\",\"@id\":\"https:\\\/\\\/eldigitaldeasturias.com\\\/radio\\\/#website\",\"url\":\"https:\\\/\\\/eldigitaldeasturias.com\\\/radio\\\/\",\"name\":\"El Digital de Asturias\",\"description\":\"Diario de informaci\\u00f3n y noticias\",\"inLanguage\":\"es-ES\",\"publisher\":{\"@id\":\"https:\\\/\\\/eldigitaldeasturias.com\\\/radio\\\/#organization\"}}]}\n\t\t<\/script>\n\t\t<!-- All in One SEO Pro -->\r\n\t\t<title>Salvador Beltr\u00e1n presenta su nuevo trabajo discogr\u00e1fico: \u201cEpicentro\u201d | El Digital de Asturias<\/title>\n\n","aioseo_head_json":{"title":"Salvador Beltr\u00e1n presenta su nuevo trabajo discogr\u00e1fico: \u201cEpicentro\u201d | El Digital de Asturias","description":"De acuerdo con un comunicado de prensa enviado este mi\u00e9rcoles por Sonogrand Music, el artista Salvador Beltr\u00e1n presentar\u00e1 su nuevo trabajo discogr\u00e1fico: \u201cEPICENTRO\u201d el pr\u00f3ximo 5 julio. En este sentido, el comunicado de prensa completo enviado por Sonogrand expone la siguiente informaci\u00f3n: \u201cEpicentro es un disco en el que encontramos un Salvador Beltr\u00e1n mucho m\u00e1s","canonical_url":"https:\/\/eldigitaldeasturias.com\/radio\/salvador-beltran-presenta-su-nuevo-trabajo-discografico-epicentro\/","robots":"max-image-preview:large","keywords":"noticias","webmasterTools":{"google-site-verification":"UA-38556648-1","miscellaneous":""},"schema":{"@context":"https:\/\/schema.org","@graph":[{"@type":"BreadcrumbList","@id":"https:\/\/eldigitaldeasturias.com\/radio\/salvador-beltran-presenta-su-nuevo-trabajo-discografico-epicentro\/#breadcrumblist","itemListElement":[{"@type":"ListItem","@id":"https:\/\/eldigitaldeasturias.com\/radio#listItem","position":1,"name":"Inicio","item":"https:\/\/eldigitaldeasturias.com\/radio","nextItem":{"@type":"ListItem","@id":"https:\/\/eldigitaldeasturias.com\/radio\/category\/noticias\/#listItem","name":"Noticias"}},{"@type":"ListItem","@id":"https:\/\/eldigitaldeasturias.com\/radio\/category\/noticias\/#listItem","position":2,"name":"Noticias","item":"https:\/\/eldigitaldeasturias.com\/radio\/category\/noticias\/","nextItem":{"@type":"ListItem","@id":"https:\/\/eldigitaldeasturias.com\/radio\/salvador-beltran-presenta-su-nuevo-trabajo-discografico-epicentro\/#listItem","name":"Salvador Beltr\u00e1n presenta su nuevo trabajo discogr\u00e1fico: \u201cEpicentro\u201d"},"previousItem":{"@type":"ListItem","@id":"https:\/\/eldigitaldeasturias.com\/radio#listItem","name":"Inicio"}},{"@type":"ListItem","@id":"https:\/\/eldigitaldeasturias.com\/radio\/salvador-beltran-presenta-su-nuevo-trabajo-discografico-epicentro\/#listItem","position":3,"name":"Salvador Beltr\u00e1n presenta su nuevo trabajo discogr\u00e1fico: \u201cEpicentro\u201d","previousItem":{"@type":"ListItem","@id":"https:\/\/eldigitaldeasturias.com\/radio\/category\/noticias\/#listItem","name":"Noticias"}}]},{"@type":"NewsArticle","@id":"https:\/\/eldigitaldeasturias.com\/radio\/salvador-beltran-presenta-su-nuevo-trabajo-discografico-epicentro\/#newsarticle","name":"Salvador Beltr\u00e1n presenta su nuevo trabajo discogr\u00e1fico: \u201cEpicentro\u201d | El Digital de Asturias","headline":"Salvador Beltr\u00e1n presenta su nuevo trabajo discogr\u00e1fico: \u201cEpicentro\u201d","author":{"@id":"https:\/\/eldigitaldeasturias.com\/radio\/author\/nbasturias\/#author"},"publisher":{"@id":"https:\/\/eldigitaldeasturias.com\/radio\/#organization"},"image":{"@type":"ImageObject","url":"https:\/\/eldigitaldeasturias.com\/radio\/wp-content\/uploads\/2019\/07\/epicentro.jpg","width":315,"height":315},"datePublished":"2019-07-03T09:23:03+02:00","dateModified":"2019-07-03T09:23:03+02:00","inLanguage":"es-ES","mainEntityOfPage":{"@id":"https:\/\/eldigitaldeasturias.com\/radio\/salvador-beltran-presenta-su-nuevo-trabajo-discografico-epicentro\/#webpage"},"isPartOf":{"@id":"https:\/\/eldigitaldeasturias.com\/radio\/salvador-beltran-presenta-su-nuevo-trabajo-discografico-epicentro\/#webpage"},"articleSection":"Noticias","dateline":"Publicado el julio 3, 2019."},{"@type":"Organization","@id":"https:\/\/eldigitaldeasturias.com\/radio\/#organization","name":"El digital de Asturias Radio","description":"Diario de informaci\u00f3n y noticias","url":"https:\/\/eldigitaldeasturias.com\/radio\/","telephone":"+34652131393","logo":{"@type":"ImageObject","url":"https:\/\/www.eldigitaldeasturias.com\/radio\/wp-content\/uploads\/2021\/03\/EDA.jpg","@id":"https:\/\/eldigitaldeasturias.com\/radio\/salvador-beltran-presenta-su-nuevo-trabajo-discografico-epicentro\/#organizationLogo"},"image":{"@id":"https:\/\/eldigitaldeasturias.com\/radio\/salvador-beltran-presenta-su-nuevo-trabajo-discografico-epicentro\/#organizationLogo"},"sameAs":["https:\/\/www.facebook.com\/","https:\/\/x.com\/bercodi","https:\/\/www.instagram.com\/","https:\/\/www.youtube.com\/channel\/UCZP-2wLEB9Rv6erhFmqVnvg"]},{"@type":"Person","@id":"https:\/\/eldigitaldeasturias.com\/radio\/author\/nbasturias\/#author","url":"https:\/\/eldigitaldeasturias.com\/radio\/author\/nbasturias\/","name":"NBAsturias","image":{"@type":"ImageObject","@id":"https:\/\/eldigitaldeasturias.com\/radio\/salvador-beltran-presenta-su-nuevo-trabajo-discografico-epicentro\/#authorImage","url":"https:\/\/secure.gravatar.com\/avatar\/df2aeffc32bcd13f8d26072ef8a91b623d677766deac7f97ca815868cd41bf5e?s=96&d=mm&r=g","width":96,"height":96,"caption":"NBAsturias"}},{"@type":"WebPage","@id":"https:\/\/eldigitaldeasturias.com\/radio\/salvador-beltran-presenta-su-nuevo-trabajo-discografico-epicentro\/#webpage","url":"https:\/\/eldigitaldeasturias.com\/radio\/salvador-beltran-presenta-su-nuevo-trabajo-discografico-epicentro\/","name":"Salvador Beltr\u00e1n presenta su nuevo trabajo discogr\u00e1fico: \u201cEpicentro\u201d | El Digital de Asturias","description":"De acuerdo con un comunicado de prensa enviado este mi\u00e9rcoles por Sonogrand Music, el artista Salvador Beltr\u00e1n presentar\u00e1 su nuevo trabajo discogr\u00e1fico: \u201cEPICENTRO\u201d el pr\u00f3ximo 5 julio. En este sentido, el comunicado de prensa completo enviado por Sonogrand expone la siguiente informaci\u00f3n: \u201cEpicentro es un disco en el que encontramos un Salvador Beltr\u00e1n mucho m\u00e1s","inLanguage":"es-ES","isPartOf":{"@id":"https:\/\/eldigitaldeasturias.com\/radio\/#website"},"breadcrumb":{"@id":"https:\/\/eldigitaldeasturias.com\/radio\/salvador-beltran-presenta-su-nuevo-trabajo-discografico-epicentro\/#breadcrumblist"},"author":{"@id":"https:\/\/eldigitaldeasturias.com\/radio\/author\/nbasturias\/#author"},"creator":{"@id":"https:\/\/eldigitaldeasturias.com\/radio\/author\/nbasturias\/#author"},"image":{"@type":"ImageObject","url":"https:\/\/eldigitaldeasturias.com\/radio\/wp-content\/uploads\/2019\/07\/epicentro.jpg","@id":"https:\/\/eldigitaldeasturias.com\/radio\/salvador-beltran-presenta-su-nuevo-trabajo-discografico-epicentro\/#mainImage","width":315,"height":315},"primaryImageOfPage":{"@id":"https:\/\/eldigitaldeasturias.com\/radio\/salvador-beltran-presenta-su-nuevo-trabajo-discografico-epicentro\/#mainImage"},"datePublished":"2019-07-03T09:23:03+02:00","dateModified":"2019-07-03T09:23:03+02:00"},{"@type":"WebSite","@id":"https:\/\/eldigitaldeasturias.com\/radio\/#website","url":"https:\/\/eldigitaldeasturias.com\/radio\/","name":"El Digital de Asturias","description":"Diario de informaci\u00f3n y noticias","inLanguage":"es-ES","publisher":{"@id":"https:\/\/eldigitaldeasturias.com\/radio\/#organization"}}]},"og:locale":"es_ES","og:site_name":"El Digital de Asturias | Diario de informaci\u00f3n y noticias","og:type":"article","og:title":"Salvador Beltr\u00e1n presenta su nuevo trabajo discogr\u00e1fico: \u201cEpicentro\u201d | El Digital de Asturias","og:description":"De acuerdo con un comunicado de prensa enviado este mi\u00e9rcoles por Sonogrand Music, el artista Salvador Beltr\u00e1n presentar\u00e1 su nuevo trabajo discogr\u00e1fico: \u201cEPICENTRO\u201d el pr\u00f3ximo 5 julio. En este sentido, el comunicado de prensa completo enviado por Sonogrand expone la siguiente informaci\u00f3n: \u201cEpicentro es un disco en el que encontramos un Salvador Beltr\u00e1n mucho m\u00e1s","og:url":"https:\/\/eldigitaldeasturias.com\/radio\/salvador-beltran-presenta-su-nuevo-trabajo-discografico-epicentro\/","og:image":"https:\/\/eldigitaldeasturias.com\/radio\/wp-content\/uploads\/2019\/07\/epicentro.jpg","og:image:secure_url":"https:\/\/eldigitaldeasturias.com\/radio\/wp-content\/uploads\/2019\/07\/epicentro.jpg","og:image:width":315,"og:image:height":315,"article:published_time":"2019-07-03T09:23:03+00:00","article:modified_time":"2019-07-03T09:23:03+00:00","twitter:card":"summary_large_image","twitter:site":"@bercodi","twitter:title":"Salvador Beltr\u00e1n presenta su nuevo trabajo discogr\u00e1fico: \u201cEpicentro\u201d | El Digital de Asturias","twitter:description":"De acuerdo con un comunicado de prensa enviado este mi\u00e9rcoles por Sonogrand Music, el artista Salvador Beltr\u00e1n presentar\u00e1 su nuevo trabajo discogr\u00e1fico: \u201cEPICENTRO\u201d el pr\u00f3ximo 5 julio. En este sentido, el comunicado de prensa completo enviado por Sonogrand expone la siguiente informaci\u00f3n: \u201cEpicentro es un disco en el que encontramos un Salvador Beltr\u00e1n mucho m\u00e1s","twitter:creator":"@bercodi","twitter:image":"https:\/\/eldigitaldeasturias.com\/radio\/wp-content\/uploads\/2019\/07\/epicentro.jpg"},"aioseo_meta_data":{"post_id":"2836","title":null,"description":null,"keywords":null,"keyphrases":null,"primary_term":null,"canonical_url":null,"og_title":null,"og_description":null,"og_object_type":"default","og_image_type":"default","og_image_url":null,"og_image_width":null,"og_image_height":null,"og_image_custom_url":null,"og_image_custom_fields":null,"og_video":null,"og_custom_url":null,"og_article_section":null,"og_article_tags":null,"twitter_use_og":false,"twitter_card":"default","twitter_image_type":"default","twitter_image_url":null,"twitter_image_custom_url":null,"twitter_image_custom_fields":null,"twitter_title":null,"twitter_description":null,"schema":{"blockGraphs":[],"customGraphs":[],"default":{"data":{"Article":[],"Course":[],"Dataset":[],"FAQPage":[],"Movie":[],"Person":[],"Product":[],"ProductReview":[],"Car":[],"Recipe":[],"Service":[],"SoftwareApplication":[],"WebPage":[]},"graphName":"","isEnabled":true},"graphs":[],"defaultGraph":"","defaultPostTypeGraph":""},"schema_type":null,"schema_type_options":null,"pillar_content":false,"robots_default":true,"robots_noindex":false,"robots_noarchive":false,"robots_nosnippet":false,"robots_nofollow":false,"robots_noimageindex":false,"robots_noodp":false,"robots_notranslate":false,"robots_max_snippet":null,"robots_max_videopreview":null,"robots_max_imagepreview":"large","priority":null,"frequency":null,"location":null,"local_seo":null,"seo_analyzer_scan_date":"2025-08-28 13:02:22","breadcrumb_settings":null,"limit_modified_date":false,"open_ai":null,"ai":null,"created":"2021-03-26 11:22:07","updated":"2025-08-28 13:02:22"},"aioseo_breadcrumb":"<div class=\"aioseo-breadcrumbs\"><span class=\"aioseo-breadcrumb\">\n\t<a href=\"https:\/\/eldigitaldeasturias.com\/radio\" title=\"Inicio\">Inicio<\/a>\n<\/span><span class=\"aioseo-breadcrumb-separator\">&ndash;<\/span><span class=\"aioseo-breadcrumb\">\n\t<a href=\"https:\/\/eldigitaldeasturias.com\/radio\/category\/noticias\/\" title=\"Noticias\">Noticias<\/a>\n<\/span><span class=\"aioseo-breadcrumb-separator\">&ndash;<\/span><span class=\"aioseo-breadcrumb\">\n\tSalvador Beltr\u00e1n presenta su nuevo trabajo discogr\u00e1fico: \u201cEpicentro\u201d\n<\/span><\/div>","aioseo_breadcrumb_json":[{"label":"Inicio","link":"https:\/\/eldigitaldeasturias.com\/radio"},{"label":"Noticias","link":"https:\/\/eldigitaldeasturias.com\/radio\/category\/noticias\/"},{"label":"Salvador Beltr\u00e1n presenta su nuevo trabajo discogr\u00e1fico: \u201cEpicentro\u201d","link":"https:\/\/eldigitaldeasturias.com\/radio\/salvador-beltran-presenta-su-nuevo-trabajo-discografico-epicentro\/"}],"_links":{"self":[{"href":"https:\/\/eldigitaldeasturias.com\/radio\/wp-json\/wp\/v2\/posts\/2836","targetHints":{"allow":["GET"]}}],"collection":[{"href":"https:\/\/eldigitaldeasturias.com\/radio\/wp-json\/wp\/v2\/posts"}],"about":[{"href":"https:\/\/eldigitaldeasturias.com\/radio\/wp-json\/wp\/v2\/types\/post"}],"author":[{"embeddable":true,"href":"https:\/\/eldigitaldeasturias.com\/radio\/wp-json\/wp\/v2\/users\/1"}],"replies":[{"embeddable":true,"href":"https:\/\/eldigitaldeasturias.com\/radio\/wp-json\/wp\/v2\/comments?post=2836"}],"version-history":[{"count":0,"href":"https:\/\/eldigitaldeasturias.com\/radio\/wp-json\/wp\/v2\/posts\/2836\/revisions"}],"wp:featuredmedia":[{"embeddable":true,"href":"https:\/\/eldigitaldeasturias.com\/radio\/wp-json\/wp\/v2\/media\/2837"}],"wp:attachment":[{"href":"https:\/\/eldigitaldeasturias.com\/radio\/wp-json\/wp\/v2\/media?parent=2836"}],"wp:term":[{"taxonomy":"category","embeddable":true,"href":"https:\/\/eldigitaldeasturias.com\/radio\/wp-json\/wp\/v2\/categories?post=2836"},{"taxonomy":"post_tag","embeddable":true,"href":"https:\/\/eldigitaldeasturias.com\/radio\/wp-json\/wp\/v2\/tags?post=2836"}],"curies":[{"name":"wp","href":"https:\/\/api.w.org\/{rel}","templated":true}]}}