{"id":2814,"date":"2019-07-01T14:27:17","date_gmt":"2019-07-01T14:27:17","guid":{"rendered":"http:\/\/eldigitaldeasturias.com\/radio\/?p=2814"},"modified":"2019-07-01T14:30:58","modified_gmt":"2019-07-01T14:30:58","slug":"verano-en-australia-que-ver-y-que-hacer","status":"publish","type":"post","link":"https:\/\/eldigitaldeasturias.com\/radio\/verano-en-australia-que-ver-y-que-hacer\/","title":{"rendered":"Verano en Australia: \u00bfqu\u00e9 ver y qu\u00e9 hacer?"},"content":{"rendered":"<p><img fetchpriority=\"high\" decoding=\"async\" class=\"alignleft size-medium wp-image-2815\" src=\"https:\/\/eldigitaldeasturias.com\/radio\/wp-content\/uploads\/2019\/07\/SYDNEY-360x270.jpg\" alt=\"\" width=\"360\" height=\"270\" srcset=\"https:\/\/eldigitaldeasturias.com\/radio\/wp-content\/uploads\/2019\/07\/SYDNEY-360x270.jpg 360w, https:\/\/eldigitaldeasturias.com\/radio\/wp-content\/uploads\/2019\/07\/SYDNEY-768x576.jpg 768w, https:\/\/eldigitaldeasturias.com\/radio\/wp-content\/uploads\/2019\/07\/SYDNEY.jpg 960w\" sizes=\"(max-width: 360px) 100vw, 360px\" \/>Contrario a lo que pasa en la mayor\u00eda de los pa\u00edses del mundo, el verano en Australia no es por estas fechas, sino que va desde el mes de diciembre hasta el mes de febrero. Por lo tanto, entre diciembre y febrero es la \u00e9poca perfecta para disfrutar de unos calurosos y soleados d\u00edas de verano, con una temperatura promedio de 29\u00b0 C.<\/p>\n<p>El verano en Australia es una experiencia muy diferente a la que quiz\u00e1s se vive en otros pa\u00edses. Su costa este es la zona m\u00e1s poblada y visitada por los turistas, as\u00ed como tambi\u00e9n la zona que goza de un clima m\u00e1s templado. Adem\u00e1s, el oc\u00e9ano suele suavizar las condiciones clim\u00e1ticas de las zonas costeras, aunque el clima tiende a ser m\u00e1s c\u00e1lido y tropical cuanto m\u00e1s hacia el norte del pa\u00eds estemos.<\/p>\n<p>Si decides viajar a Australia durante los meses de verano, tendr\u00e1s cientos de actividades por hacer, sobre todo si se trata de actividades al aire libre, ya que, en Australia el turismo rural y las opciones de relax, disfrute y ocio son infinitas. A continuaci\u00f3n, te mencionaremos algunos de los lugares que no puedes dejar de conocer si escoges este hermoso y peculiar destino durante el verano:<\/p>\n<p>Para comenzar, si eres aventurero y est\u00e1s buscando el lugar m\u00e1s emblem\u00e1tico que visitar en Australia, ese es, sin duda, la gran \u201cAyers Rock\u201d &#8211; conocida como <em>Uluru<\/em> en lengua aborigen. Se trata de un gigantesco monolito rojizo, casi en el centro del pa\u00eds que se levanta unos 350 metros sobre el suelo y su contorno mide unos 9,4 kil\u00f3metros.<\/p>\n<p>Alrededor de Uluru puedes encontrar un gran n\u00famero de riachuelos, cuevas y antiguas pinturas con significados sagrados.<\/p>\n<p>Por otro lado, no puedes irte de Australia sin visitar Sydney. Contrario a lo que mucha gente cree, Sydney no es la capital de Australia, ya que, la capital de Australia se llama Canberra, aunque Sydney es sin duda la ciudad m\u00e1s visitada por los turistas.<\/p>\n<p>En esta hermosa ciudad podr\u00e1s vivir experiencias de cara al mar, con playas como la reconocida Bondi Beach, que cada a\u00f1o acoge a un gran n\u00famero de turistas de todas las nacionalidades.<\/p>\n<p>Entre sus lugares m\u00e1s famosos cabe destacar tambi\u00e9n la Opera House, el puente sobre la Bah\u00eda de Sydney, el Barrio Chino o el Jard\u00edn Bot\u00e1nico.<\/p>\n<p>Otro lugar que no puedes perderte durante el verano es el denominado: Las Monta\u00f1as Azules (Blue Mountains).\u00a0 Esta cadena monta\u00f1osa se encuentra a tan s\u00f3lo 50 km de Sydney y es una perfecta escapada natural para quienes est\u00e9n de paso en la ciudad m\u00e1s poblada de Australia.<\/p>\n<p>De sus formaciones calizas brotan estupendos y frondosos bosques que van desde eucaliptos hasta selvas tropicales, que medran en sus gargantas m\u00e1s profundas. Si te internas en sus tierras, podr\u00e1s ver koalas, canguros grises, extra\u00f1os reptiles e incluso dingos.<\/p>\n<p>Y, por \u00faltimo, no puedes regresarte a casa sin conocer la preciosa ciudad de Gold Coast. Se trata de una ciudad y regi\u00f3n costera australiana de aproximadamente 70 kil\u00f3metros que est\u00e1 ubicada al sur de Brisbane, en el estado de Queensland. Hoy en d\u00eda, Gold Coast es un importante destino tur\u00edstico con su soleado clima subtropical y se ha hecho muy conocido por sus playas, sus parques tem\u00e1ticos, vida nocturna y selva tropical. La ciudad es parte de la industria del entretenimiento de la naci\u00f3n con producciones televisivas y una importante industria cinematogr\u00e1fica.<\/p>\n<p>As\u00ed que ya lo sabes, si visitas Australia durante los meses de diciembre a febrero, en pleno verano, esas son algunas de las actividades que no puedes dejar de hacer por nada del mundo. Estamos seguros de que pasar\u00e1s unas vacaciones inolvidables.<\/p>\n<p><strong>Soraya Andreina P\u00e9rez Mohammed <\/strong><\/p>\n","protected":false},"excerpt":{"rendered":"<p>Contrario a lo que pasa en la mayor\u00eda de los pa\u00edses del mundo, el verano en Australia no es por estas fechas, sino que va desde el mes de diciembre hasta el mes de febrero. Por lo tanto, entre diciembre y febrero es la \u00e9poca perfecta para disfrutar de unos calurosos y soleados d\u00edas de<\/p>\n","protected":false},"author":1,"featured_media":2815,"comment_status":"closed","ping_status":"closed","sticky":false,"template":"","format":"standard","meta":{"footnotes":""},"categories":[34],"tags":[],"class_list":{"0":"post-2814","1":"post","2":"type-post","3":"status-publish","4":"format-standard","5":"has-post-thumbnail","7":"category-turismo"},"aioseo_notices":[],"aioseo_head":"\n\t\t<!-- All in One SEO Pro 4.9.6.2 - aioseo.com -->\n\t<meta name=\"description\" content=\"Contrario a lo que pasa en la mayor\u00eda de los pa\u00edses del mundo, el verano en Australia no es por estas fechas, sino que va desde el mes de diciembre hasta el mes de febrero. Por lo tanto, entre diciembre y febrero es la \u00e9poca perfecta para disfrutar de unos calurosos y soleados d\u00edas de\" \/>\n\t<meta name=\"robots\" content=\"max-image-preview:large\" \/>\n\t<meta name=\"author\" content=\"NBAsturias\"\/>\n\t<meta name=\"google-site-verification\" content=\"UA-38556648-1\" \/>\n\t<meta name=\"keywords\" content=\"turismo\" \/>\n\t<link rel=\"canonical\" href=\"https:\/\/eldigitaldeasturias.com\/radio\/verano-en-australia-que-ver-y-que-hacer\/\" \/>\n\t<meta name=\"generator\" content=\"All in One SEO Pro (AIOSEO) 4.9.6.2\" \/>\n\t\t<meta property=\"og:locale\" content=\"es_ES\" \/>\n\t\t<meta property=\"og:site_name\" content=\"El Digital de Asturias | Diario de informaci\u00f3n y noticias\" \/>\n\t\t<meta property=\"og:type\" content=\"article\" \/>\n\t\t<meta property=\"og:title\" content=\"Verano en Australia: \u00bfqu\u00e9 ver y qu\u00e9 hacer? | El Digital de Asturias\" \/>\n\t\t<meta property=\"og:description\" content=\"Contrario a lo que pasa en la mayor\u00eda de los pa\u00edses del mundo, el verano en Australia no es por estas fechas, sino que va desde el mes de diciembre hasta el mes de febrero. Por lo tanto, entre diciembre y febrero es la \u00e9poca perfecta para disfrutar de unos calurosos y soleados d\u00edas de\" \/>\n\t\t<meta property=\"og:url\" content=\"https:\/\/eldigitaldeasturias.com\/radio\/verano-en-australia-que-ver-y-que-hacer\/\" \/>\n\t\t<meta property=\"og:image\" content=\"https:\/\/eldigitaldeasturias.com\/radio\/wp-content\/uploads\/2019\/07\/SYDNEY.jpg\" \/>\n\t\t<meta property=\"og:image:secure_url\" content=\"https:\/\/eldigitaldeasturias.com\/radio\/wp-content\/uploads\/2019\/07\/SYDNEY.jpg\" \/>\n\t\t<meta property=\"og:image:width\" content=\"960\" \/>\n\t\t<meta property=\"og:image:height\" content=\"720\" \/>\n\t\t<meta property=\"article:published_time\" content=\"2019-07-01T14:27:17+00:00\" \/>\n\t\t<meta property=\"article:modified_time\" content=\"2019-07-01T14:30:58+00:00\" \/>\n\t\t<meta name=\"twitter:card\" content=\"summary_large_image\" \/>\n\t\t<meta name=\"twitter:site\" content=\"@bercodi\" \/>\n\t\t<meta name=\"twitter:title\" content=\"Verano en Australia: \u00bfqu\u00e9 ver y qu\u00e9 hacer? | El Digital de Asturias\" \/>\n\t\t<meta name=\"twitter:description\" content=\"Contrario a lo que pasa en la mayor\u00eda de los pa\u00edses del mundo, el verano en Australia no es por estas fechas, sino que va desde el mes de diciembre hasta el mes de febrero. Por lo tanto, entre diciembre y febrero es la \u00e9poca perfecta para disfrutar de unos calurosos y soleados d\u00edas de\" \/>\n\t\t<meta name=\"twitter:creator\" content=\"@bercodi\" \/>\n\t\t<meta name=\"twitter:image\" content=\"https:\/\/eldigitaldeasturias.com\/radio\/wp-content\/uploads\/2019\/07\/SYDNEY.jpg\" \/>\n\t\t<script type=\"application\/ld+json\" class=\"aioseo-schema\">\n\t\t\t{\"@context\":\"https:\\\/\\\/schema.org\",\"@graph\":[{\"@type\":\"BreadcrumbList\",\"@id\":\"https:\\\/\\\/eldigitaldeasturias.com\\\/radio\\\/verano-en-australia-que-ver-y-que-hacer\\\/#breadcrumblist\",\"itemListElement\":[{\"@type\":\"ListItem\",\"@id\":\"https:\\\/\\\/eldigitaldeasturias.com\\\/radio#listItem\",\"position\":1,\"name\":\"Inicio\",\"item\":\"https:\\\/\\\/eldigitaldeasturias.com\\\/radio\",\"nextItem\":{\"@type\":\"ListItem\",\"@id\":\"https:\\\/\\\/eldigitaldeasturias.com\\\/radio\\\/category\\\/turismo\\\/#listItem\",\"name\":\"Turismo\"}},{\"@type\":\"ListItem\",\"@id\":\"https:\\\/\\\/eldigitaldeasturias.com\\\/radio\\\/category\\\/turismo\\\/#listItem\",\"position\":2,\"name\":\"Turismo\",\"item\":\"https:\\\/\\\/eldigitaldeasturias.com\\\/radio\\\/category\\\/turismo\\\/\",\"nextItem\":{\"@type\":\"ListItem\",\"@id\":\"https:\\\/\\\/eldigitaldeasturias.com\\\/radio\\\/verano-en-australia-que-ver-y-que-hacer\\\/#listItem\",\"name\":\"Verano en Australia: \\u00bfqu\\u00e9 ver y qu\\u00e9 hacer?\"},\"previousItem\":{\"@type\":\"ListItem\",\"@id\":\"https:\\\/\\\/eldigitaldeasturias.com\\\/radio#listItem\",\"name\":\"Inicio\"}},{\"@type\":\"ListItem\",\"@id\":\"https:\\\/\\\/eldigitaldeasturias.com\\\/radio\\\/verano-en-australia-que-ver-y-que-hacer\\\/#listItem\",\"position\":3,\"name\":\"Verano en Australia: \\u00bfqu\\u00e9 ver y qu\\u00e9 hacer?\",\"previousItem\":{\"@type\":\"ListItem\",\"@id\":\"https:\\\/\\\/eldigitaldeasturias.com\\\/radio\\\/category\\\/turismo\\\/#listItem\",\"name\":\"Turismo\"}}]},{\"@type\":\"NewsArticle\",\"@id\":\"https:\\\/\\\/eldigitaldeasturias.com\\\/radio\\\/verano-en-australia-que-ver-y-que-hacer\\\/#newsarticle\",\"name\":\"Verano en Australia: \\u00bfqu\\u00e9 ver y qu\\u00e9 hacer? | El Digital de Asturias\",\"headline\":\"Verano en Australia: \\u00bfqu\\u00e9 ver y qu\\u00e9 hacer?\",\"author\":{\"@id\":\"https:\\\/\\\/eldigitaldeasturias.com\\\/radio\\\/author\\\/nbasturias\\\/#author\"},\"publisher\":{\"@id\":\"https:\\\/\\\/eldigitaldeasturias.com\\\/radio\\\/#organization\"},\"image\":{\"@type\":\"ImageObject\",\"url\":\"https:\\\/\\\/eldigitaldeasturias.com\\\/radio\\\/wp-content\\\/uploads\\\/2019\\\/07\\\/SYDNEY.jpg\",\"width\":960,\"height\":720},\"datePublished\":\"2019-07-01T14:27:17+02:00\",\"dateModified\":\"2019-07-01T14:30:58+02:00\",\"inLanguage\":\"es-ES\",\"mainEntityOfPage\":{\"@id\":\"https:\\\/\\\/eldigitaldeasturias.com\\\/radio\\\/verano-en-australia-que-ver-y-que-hacer\\\/#webpage\"},\"isPartOf\":{\"@id\":\"https:\\\/\\\/eldigitaldeasturias.com\\\/radio\\\/verano-en-australia-que-ver-y-que-hacer\\\/#webpage\"},\"articleSection\":\"Turismo\",\"dateline\":\"Publicado el julio 1, 2019.\"},{\"@type\":\"Organization\",\"@id\":\"https:\\\/\\\/eldigitaldeasturias.com\\\/radio\\\/#organization\",\"name\":\"El digital de Asturias Radio\",\"description\":\"Diario de informaci\\u00f3n y noticias\",\"url\":\"https:\\\/\\\/eldigitaldeasturias.com\\\/radio\\\/\",\"telephone\":\"+34652131393\",\"logo\":{\"@type\":\"ImageObject\",\"url\":\"https:\\\/\\\/www.eldigitaldeasturias.com\\\/radio\\\/wp-content\\\/uploads\\\/2021\\\/03\\\/EDA.jpg\",\"@id\":\"https:\\\/\\\/eldigitaldeasturias.com\\\/radio\\\/verano-en-australia-que-ver-y-que-hacer\\\/#organizationLogo\"},\"image\":{\"@id\":\"https:\\\/\\\/eldigitaldeasturias.com\\\/radio\\\/verano-en-australia-que-ver-y-que-hacer\\\/#organizationLogo\"},\"sameAs\":[\"https:\\\/\\\/www.facebook.com\\\/\",\"https:\\\/\\\/x.com\\\/bercodi\",\"https:\\\/\\\/www.instagram.com\\\/\",\"https:\\\/\\\/www.youtube.com\\\/channel\\\/UCZP-2wLEB9Rv6erhFmqVnvg\"]},{\"@type\":\"Person\",\"@id\":\"https:\\\/\\\/eldigitaldeasturias.com\\\/radio\\\/author\\\/nbasturias\\\/#author\",\"url\":\"https:\\\/\\\/eldigitaldeasturias.com\\\/radio\\\/author\\\/nbasturias\\\/\",\"name\":\"NBAsturias\",\"image\":{\"@type\":\"ImageObject\",\"@id\":\"https:\\\/\\\/eldigitaldeasturias.com\\\/radio\\\/verano-en-australia-que-ver-y-que-hacer\\\/#authorImage\",\"url\":\"https:\\\/\\\/secure.gravatar.com\\\/avatar\\\/df2aeffc32bcd13f8d26072ef8a91b623d677766deac7f97ca815868cd41bf5e?s=96&d=mm&r=g\",\"width\":96,\"height\":96,\"caption\":\"NBAsturias\"}},{\"@type\":\"WebPage\",\"@id\":\"https:\\\/\\\/eldigitaldeasturias.com\\\/radio\\\/verano-en-australia-que-ver-y-que-hacer\\\/#webpage\",\"url\":\"https:\\\/\\\/eldigitaldeasturias.com\\\/radio\\\/verano-en-australia-que-ver-y-que-hacer\\\/\",\"name\":\"Verano en Australia: \\u00bfqu\\u00e9 ver y qu\\u00e9 hacer? | El Digital de Asturias\",\"description\":\"Contrario a lo que pasa en la mayor\\u00eda de los pa\\u00edses del mundo, el verano en Australia no es por estas fechas, sino que va desde el mes de diciembre hasta el mes de febrero. Por lo tanto, entre diciembre y febrero es la \\u00e9poca perfecta para disfrutar de unos calurosos y soleados d\\u00edas de\",\"inLanguage\":\"es-ES\",\"isPartOf\":{\"@id\":\"https:\\\/\\\/eldigitaldeasturias.com\\\/radio\\\/#website\"},\"breadcrumb\":{\"@id\":\"https:\\\/\\\/eldigitaldeasturias.com\\\/radio\\\/verano-en-australia-que-ver-y-que-hacer\\\/#breadcrumblist\"},\"author\":{\"@id\":\"https:\\\/\\\/eldigitaldeasturias.com\\\/radio\\\/author\\\/nbasturias\\\/#author\"},\"creator\":{\"@id\":\"https:\\\/\\\/eldigitaldeasturias.com\\\/radio\\\/author\\\/nbasturias\\\/#author\"},\"image\":{\"@type\":\"ImageObject\",\"url\":\"https:\\\/\\\/eldigitaldeasturias.com\\\/radio\\\/wp-content\\\/uploads\\\/2019\\\/07\\\/SYDNEY.jpg\",\"@id\":\"https:\\\/\\\/eldigitaldeasturias.com\\\/radio\\\/verano-en-australia-que-ver-y-que-hacer\\\/#mainImage\",\"width\":960,\"height\":720},\"primaryImageOfPage\":{\"@id\":\"https:\\\/\\\/eldigitaldeasturias.com\\\/radio\\\/verano-en-australia-que-ver-y-que-hacer\\\/#mainImage\"},\"datePublished\":\"2019-07-01T14:27:17+02:00\",\"dateModified\":\"2019-07-01T14:30:58+02:00\"},{\"@type\":\"WebSite\",\"@id\":\"https:\\\/\\\/eldigitaldeasturias.com\\\/radio\\\/#website\",\"url\":\"https:\\\/\\\/eldigitaldeasturias.com\\\/radio\\\/\",\"name\":\"El Digital de Asturias\",\"description\":\"Diario de informaci\\u00f3n y noticias\",\"inLanguage\":\"es-ES\",\"publisher\":{\"@id\":\"https:\\\/\\\/eldigitaldeasturias.com\\\/radio\\\/#organization\"}}]}\n\t\t<\/script>\n\t\t<!-- All in One SEO Pro -->\r\n\t\t<title>Verano en Australia: \u00bfqu\u00e9 ver y qu\u00e9 hacer? | El Digital de Asturias<\/title>\n\n","aioseo_head_json":{"title":"Verano en Australia: \u00bfqu\u00e9 ver y qu\u00e9 hacer? | El Digital de Asturias","description":"Contrario a lo que pasa en la mayor\u00eda de los pa\u00edses del mundo, el verano en Australia no es por estas fechas, sino que va desde el mes de diciembre hasta el mes de febrero. Por lo tanto, entre diciembre y febrero es la \u00e9poca perfecta para disfrutar de unos calurosos y soleados d\u00edas de","canonical_url":"https:\/\/eldigitaldeasturias.com\/radio\/verano-en-australia-que-ver-y-que-hacer\/","robots":"max-image-preview:large","keywords":"turismo","webmasterTools":{"google-site-verification":"UA-38556648-1","miscellaneous":""},"schema":{"@context":"https:\/\/schema.org","@graph":[{"@type":"BreadcrumbList","@id":"https:\/\/eldigitaldeasturias.com\/radio\/verano-en-australia-que-ver-y-que-hacer\/#breadcrumblist","itemListElement":[{"@type":"ListItem","@id":"https:\/\/eldigitaldeasturias.com\/radio#listItem","position":1,"name":"Inicio","item":"https:\/\/eldigitaldeasturias.com\/radio","nextItem":{"@type":"ListItem","@id":"https:\/\/eldigitaldeasturias.com\/radio\/category\/turismo\/#listItem","name":"Turismo"}},{"@type":"ListItem","@id":"https:\/\/eldigitaldeasturias.com\/radio\/category\/turismo\/#listItem","position":2,"name":"Turismo","item":"https:\/\/eldigitaldeasturias.com\/radio\/category\/turismo\/","nextItem":{"@type":"ListItem","@id":"https:\/\/eldigitaldeasturias.com\/radio\/verano-en-australia-que-ver-y-que-hacer\/#listItem","name":"Verano en Australia: \u00bfqu\u00e9 ver y qu\u00e9 hacer?"},"previousItem":{"@type":"ListItem","@id":"https:\/\/eldigitaldeasturias.com\/radio#listItem","name":"Inicio"}},{"@type":"ListItem","@id":"https:\/\/eldigitaldeasturias.com\/radio\/verano-en-australia-que-ver-y-que-hacer\/#listItem","position":3,"name":"Verano en Australia: \u00bfqu\u00e9 ver y qu\u00e9 hacer?","previousItem":{"@type":"ListItem","@id":"https:\/\/eldigitaldeasturias.com\/radio\/category\/turismo\/#listItem","name":"Turismo"}}]},{"@type":"NewsArticle","@id":"https:\/\/eldigitaldeasturias.com\/radio\/verano-en-australia-que-ver-y-que-hacer\/#newsarticle","name":"Verano en Australia: \u00bfqu\u00e9 ver y qu\u00e9 hacer? | El Digital de Asturias","headline":"Verano en Australia: \u00bfqu\u00e9 ver y qu\u00e9 hacer?","author":{"@id":"https:\/\/eldigitaldeasturias.com\/radio\/author\/nbasturias\/#author"},"publisher":{"@id":"https:\/\/eldigitaldeasturias.com\/radio\/#organization"},"image":{"@type":"ImageObject","url":"https:\/\/eldigitaldeasturias.com\/radio\/wp-content\/uploads\/2019\/07\/SYDNEY.jpg","width":960,"height":720},"datePublished":"2019-07-01T14:27:17+02:00","dateModified":"2019-07-01T14:30:58+02:00","inLanguage":"es-ES","mainEntityOfPage":{"@id":"https:\/\/eldigitaldeasturias.com\/radio\/verano-en-australia-que-ver-y-que-hacer\/#webpage"},"isPartOf":{"@id":"https:\/\/eldigitaldeasturias.com\/radio\/verano-en-australia-que-ver-y-que-hacer\/#webpage"},"articleSection":"Turismo","dateline":"Publicado el julio 1, 2019."},{"@type":"Organization","@id":"https:\/\/eldigitaldeasturias.com\/radio\/#organization","name":"El digital de Asturias Radio","description":"Diario de informaci\u00f3n y noticias","url":"https:\/\/eldigitaldeasturias.com\/radio\/","telephone":"+34652131393","logo":{"@type":"ImageObject","url":"https:\/\/www.eldigitaldeasturias.com\/radio\/wp-content\/uploads\/2021\/03\/EDA.jpg","@id":"https:\/\/eldigitaldeasturias.com\/radio\/verano-en-australia-que-ver-y-que-hacer\/#organizationLogo"},"image":{"@id":"https:\/\/eldigitaldeasturias.com\/radio\/verano-en-australia-que-ver-y-que-hacer\/#organizationLogo"},"sameAs":["https:\/\/www.facebook.com\/","https:\/\/x.com\/bercodi","https:\/\/www.instagram.com\/","https:\/\/www.youtube.com\/channel\/UCZP-2wLEB9Rv6erhFmqVnvg"]},{"@type":"Person","@id":"https:\/\/eldigitaldeasturias.com\/radio\/author\/nbasturias\/#author","url":"https:\/\/eldigitaldeasturias.com\/radio\/author\/nbasturias\/","name":"NBAsturias","image":{"@type":"ImageObject","@id":"https:\/\/eldigitaldeasturias.com\/radio\/verano-en-australia-que-ver-y-que-hacer\/#authorImage","url":"https:\/\/secure.gravatar.com\/avatar\/df2aeffc32bcd13f8d26072ef8a91b623d677766deac7f97ca815868cd41bf5e?s=96&d=mm&r=g","width":96,"height":96,"caption":"NBAsturias"}},{"@type":"WebPage","@id":"https:\/\/eldigitaldeasturias.com\/radio\/verano-en-australia-que-ver-y-que-hacer\/#webpage","url":"https:\/\/eldigitaldeasturias.com\/radio\/verano-en-australia-que-ver-y-que-hacer\/","name":"Verano en Australia: \u00bfqu\u00e9 ver y qu\u00e9 hacer? | El Digital de Asturias","description":"Contrario a lo que pasa en la mayor\u00eda de los pa\u00edses del mundo, el verano en Australia no es por estas fechas, sino que va desde el mes de diciembre hasta el mes de febrero. Por lo tanto, entre diciembre y febrero es la \u00e9poca perfecta para disfrutar de unos calurosos y soleados d\u00edas de","inLanguage":"es-ES","isPartOf":{"@id":"https:\/\/eldigitaldeasturias.com\/radio\/#website"},"breadcrumb":{"@id":"https:\/\/eldigitaldeasturias.com\/radio\/verano-en-australia-que-ver-y-que-hacer\/#breadcrumblist"},"author":{"@id":"https:\/\/eldigitaldeasturias.com\/radio\/author\/nbasturias\/#author"},"creator":{"@id":"https:\/\/eldigitaldeasturias.com\/radio\/author\/nbasturias\/#author"},"image":{"@type":"ImageObject","url":"https:\/\/eldigitaldeasturias.com\/radio\/wp-content\/uploads\/2019\/07\/SYDNEY.jpg","@id":"https:\/\/eldigitaldeasturias.com\/radio\/verano-en-australia-que-ver-y-que-hacer\/#mainImage","width":960,"height":720},"primaryImageOfPage":{"@id":"https:\/\/eldigitaldeasturias.com\/radio\/verano-en-australia-que-ver-y-que-hacer\/#mainImage"},"datePublished":"2019-07-01T14:27:17+02:00","dateModified":"2019-07-01T14:30:58+02:00"},{"@type":"WebSite","@id":"https:\/\/eldigitaldeasturias.com\/radio\/#website","url":"https:\/\/eldigitaldeasturias.com\/radio\/","name":"El Digital de Asturias","description":"Diario de informaci\u00f3n y noticias","inLanguage":"es-ES","publisher":{"@id":"https:\/\/eldigitaldeasturias.com\/radio\/#organization"}}]},"og:locale":"es_ES","og:site_name":"El Digital de Asturias | Diario de informaci\u00f3n y noticias","og:type":"article","og:title":"Verano en Australia: \u00bfqu\u00e9 ver y qu\u00e9 hacer? | El Digital de Asturias","og:description":"Contrario a lo que pasa en la mayor\u00eda de los pa\u00edses del mundo, el verano en Australia no es por estas fechas, sino que va desde el mes de diciembre hasta el mes de febrero. Por lo tanto, entre diciembre y febrero es la \u00e9poca perfecta para disfrutar de unos calurosos y soleados d\u00edas de","og:url":"https:\/\/eldigitaldeasturias.com\/radio\/verano-en-australia-que-ver-y-que-hacer\/","og:image":"https:\/\/eldigitaldeasturias.com\/radio\/wp-content\/uploads\/2019\/07\/SYDNEY.jpg","og:image:secure_url":"https:\/\/eldigitaldeasturias.com\/radio\/wp-content\/uploads\/2019\/07\/SYDNEY.jpg","og:image:width":960,"og:image:height":720,"article:published_time":"2019-07-01T14:27:17+00:00","article:modified_time":"2019-07-01T14:30:58+00:00","twitter:card":"summary_large_image","twitter:site":"@bercodi","twitter:title":"Verano en Australia: \u00bfqu\u00e9 ver y qu\u00e9 hacer? | El Digital de Asturias","twitter:description":"Contrario a lo que pasa en la mayor\u00eda de los pa\u00edses del mundo, el verano en Australia no es por estas fechas, sino que va desde el mes de diciembre hasta el mes de febrero. Por lo tanto, entre diciembre y febrero es la \u00e9poca perfecta para disfrutar de unos calurosos y soleados d\u00edas de","twitter:creator":"@bercodi","twitter:image":"https:\/\/eldigitaldeasturias.com\/radio\/wp-content\/uploads\/2019\/07\/SYDNEY.jpg"},"aioseo_meta_data":{"post_id":"2814","title":null,"description":null,"keywords":null,"keyphrases":null,"primary_term":null,"canonical_url":null,"og_title":null,"og_description":null,"og_object_type":"default","og_image_type":"default","og_image_url":null,"og_image_width":null,"og_image_height":null,"og_image_custom_url":null,"og_image_custom_fields":null,"og_video":null,"og_custom_url":null,"og_article_section":null,"og_article_tags":null,"twitter_use_og":false,"twitter_card":"default","twitter_image_type":"default","twitter_image_url":null,"twitter_image_custom_url":null,"twitter_image_custom_fields":null,"twitter_title":null,"twitter_description":null,"schema":{"blockGraphs":[],"customGraphs":[],"default":{"data":{"Article":[],"Course":[],"Dataset":[],"FAQPage":[],"Movie":[],"Person":[],"Product":[],"ProductReview":[],"Car":[],"Recipe":[],"Service":[],"SoftwareApplication":[],"WebPage":[]},"graphName":"","isEnabled":true},"graphs":[],"defaultGraph":"","defaultPostTypeGraph":""},"schema_type":null,"schema_type_options":null,"pillar_content":false,"robots_default":true,"robots_noindex":false,"robots_noarchive":false,"robots_nosnippet":false,"robots_nofollow":false,"robots_noimageindex":false,"robots_noodp":false,"robots_notranslate":false,"robots_max_snippet":null,"robots_max_videopreview":null,"robots_max_imagepreview":"large","priority":null,"frequency":null,"location":null,"local_seo":null,"seo_analyzer_scan_date":"2025-08-28 13:00:26","breadcrumb_settings":null,"limit_modified_date":false,"open_ai":null,"ai":null,"created":"2021-03-26 11:22:07","updated":"2025-08-28 13:00:26"},"aioseo_breadcrumb":"<div class=\"aioseo-breadcrumbs\"><span class=\"aioseo-breadcrumb\">\n\t<a href=\"https:\/\/eldigitaldeasturias.com\/radio\" title=\"Inicio\">Inicio<\/a>\n<\/span><span class=\"aioseo-breadcrumb-separator\">&ndash;<\/span><span class=\"aioseo-breadcrumb\">\n\t<a href=\"https:\/\/eldigitaldeasturias.com\/radio\/category\/turismo\/\" title=\"Turismo\">Turismo<\/a>\n<\/span><span class=\"aioseo-breadcrumb-separator\">&ndash;<\/span><span class=\"aioseo-breadcrumb\">\n\tVerano en Australia: \u00bfqu\u00e9 ver y qu\u00e9 hacer?\n<\/span><\/div>","aioseo_breadcrumb_json":[{"label":"Inicio","link":"https:\/\/eldigitaldeasturias.com\/radio"},{"label":"Turismo","link":"https:\/\/eldigitaldeasturias.com\/radio\/category\/turismo\/"},{"label":"Verano en Australia: \u00bfqu\u00e9 ver y qu\u00e9 hacer?","link":"https:\/\/eldigitaldeasturias.com\/radio\/verano-en-australia-que-ver-y-que-hacer\/"}],"_links":{"self":[{"href":"https:\/\/eldigitaldeasturias.com\/radio\/wp-json\/wp\/v2\/posts\/2814","targetHints":{"allow":["GET"]}}],"collection":[{"href":"https:\/\/eldigitaldeasturias.com\/radio\/wp-json\/wp\/v2\/posts"}],"about":[{"href":"https:\/\/eldigitaldeasturias.com\/radio\/wp-json\/wp\/v2\/types\/post"}],"author":[{"embeddable":true,"href":"https:\/\/eldigitaldeasturias.com\/radio\/wp-json\/wp\/v2\/users\/1"}],"replies":[{"embeddable":true,"href":"https:\/\/eldigitaldeasturias.com\/radio\/wp-json\/wp\/v2\/comments?post=2814"}],"version-history":[{"count":0,"href":"https:\/\/eldigitaldeasturias.com\/radio\/wp-json\/wp\/v2\/posts\/2814\/revisions"}],"wp:featuredmedia":[{"embeddable":true,"href":"https:\/\/eldigitaldeasturias.com\/radio\/wp-json\/wp\/v2\/media\/2815"}],"wp:attachment":[{"href":"https:\/\/eldigitaldeasturias.com\/radio\/wp-json\/wp\/v2\/media?parent=2814"}],"wp:term":[{"taxonomy":"category","embeddable":true,"href":"https:\/\/eldigitaldeasturias.com\/radio\/wp-json\/wp\/v2\/categories?post=2814"},{"taxonomy":"post_tag","embeddable":true,"href":"https:\/\/eldigitaldeasturias.com\/radio\/wp-json\/wp\/v2\/tags?post=2814"}],"curies":[{"name":"wp","href":"https:\/\/api.w.org\/{rel}","templated":true}]}}