{"id":2801,"date":"2019-06-20T21:11:42","date_gmt":"2019-06-20T21:11:42","guid":{"rendered":"http:\/\/eldigitaldeasturias.com\/radio\/?p=2801"},"modified":"2019-06-20T21:11:42","modified_gmt":"2019-06-20T21:11:42","slug":"disminuye-el-uso-de-antibioticos-en-los-establos-de-alemania","status":"publish","type":"post","link":"https:\/\/eldigitaldeasturias.com\/radio\/disminuye-el-uso-de-antibioticos-en-los-establos-de-alemania\/","title":{"rendered":"Disminuye el uso de antibi\u00f3ticos en los establos de Alemania"},"content":{"rendered":"<p><img fetchpriority=\"high\" decoding=\"async\" class=\"alignleft size-medium wp-image-2802\" src=\"https:\/\/eldigitaldeasturias.com\/radio\/wp-content\/uploads\/2019\/06\/horse-1681714_960_720-360x240.jpg\" alt=\"\" width=\"360\" height=\"240\" srcset=\"https:\/\/eldigitaldeasturias.com\/radio\/wp-content\/uploads\/2019\/06\/horse-1681714_960_720-360x240.jpg 360w, https:\/\/eldigitaldeasturias.com\/radio\/wp-content\/uploads\/2019\/06\/horse-1681714_960_720-768x512.jpg 768w, https:\/\/eldigitaldeasturias.com\/radio\/wp-content\/uploads\/2019\/06\/horse-1681714_960_720.jpg 960w\" sizes=\"(max-width: 360px) 100vw, 360px\" \/>Berl\u00edn, 20 jun (dpa) &#8211; El pol\u00e9mico uso de antibi\u00f3ticos en los establos disminuy\u00f3 en Alemania, pero a\u00fan se siguen empleando muchos principios activos especialmente para las aves de corral, inform\u00f3 el Ministerio de Agricultura.<\/p>\n<p>Entre 2014 y 2017, el volumen de consumo de antibi\u00f3ticos disminuy\u00f3 en casi un tercio (204 toneladas) en el caso de seis especies de animales de engorde, detallaron las autoridades.<\/p>\n<p>El uso de antibi\u00f3ticos se redujo m\u00e1s del 40 por ciento en el caso de cochinillos y cerdos y en un 76 por ciento en el ganado vacuno.<\/p>\n<p>En cambio, el uso de antibacterianos solo se redujo en un cuatro por ciento en el caso de los pavos y en un uno por ciento en el de los pollos de engorde.<\/p>\n<p>Los antibi\u00f3ticos de reserva particularmente cr\u00edticos representan alrededor del 40 por ciento del volumen total en la poblaci\u00f3n de aves de corral en Alemania y menos del diez por ciento en el ganado porcino y vacuno.<\/p>\n<p>Se trata de sustancias de gran importancia para el ser humano, ya que tambi\u00e9n se utilizan en personas con enfermedades graves cuando los antibi\u00f3ticos normales ya no son eficaces.<\/p>\n<p>La ministra alemana de Agricultura, la cristianodem\u00f3crata Julia Kl\u00f6ckner, objet\u00f3 el alto porcentaje de antibi\u00f3ticos en aves de corral y lo calific\u00f3 de inaceptable.<\/p>\n<p>En su opini\u00f3n, los medicamentos solo deber\u00edan utilizarse en emergencias y despu\u00e9s de considerarlo detenidamente. El sector tiene la obligaci\u00f3n de actuar, agreg\u00f3. De lo contrario, Kl\u00f6ckner amenaz\u00f3 con emprender acciones legales.<\/p>\n<p>El uso de medicamentos en los establos es criticado desde hace mucho tiempo y debe ser reducido para evitar que las sustancias activas dejen de sutir efecto. Para alcanzar esta meta las autoridades introdujeron en 2014 la obligaci\u00f3n de registrar el uso de antibi\u00f3ticos.<\/p>\n<p>La regulaci\u00f3n estipula que los agricultores informen cada seis meses sobre la administraci\u00f3n de antibi\u00f3ticos a cerdos, pollos, pavos y bovinos.<\/p>\n<p>Los datos son recopilados y evaluados en todo el pa\u00eds. Las autoridades alemanas pueden ordenar inspecciones y contramedidas.<\/p>\n<p>Por su parte, los ecologistas y los Verdes reclaman disposiciones m\u00e1s amplias, por ejemplo la prohibici\u00f3n total de los antibi\u00f3ticos de reserva en la cr\u00eda de animales.<\/p>\n","protected":false},"excerpt":{"rendered":"<p>Berl\u00edn, 20 jun (dpa) &#8211; El pol\u00e9mico uso de antibi\u00f3ticos en los establos disminuy\u00f3 en Alemania, pero a\u00fan se siguen empleando muchos principios activos especialmente para las aves de corral, inform\u00f3 el Ministerio de Agricultura. Entre 2014 y 2017, el volumen de consumo de antibi\u00f3ticos disminuy\u00f3 en casi un tercio (204 toneladas) en el caso<\/p>\n","protected":false},"author":1,"featured_media":2802,"comment_status":"closed","ping_status":"closed","sticky":false,"template":"","format":"standard","meta":{"footnotes":""},"categories":[1],"tags":[],"class_list":{"0":"post-2801","1":"post","2":"type-post","3":"status-publish","4":"format-standard","5":"has-post-thumbnail","7":"category-noticias"},"aioseo_notices":[],"aioseo_head":"\n\t\t<!-- All in One SEO Pro 4.9.6.2 - aioseo.com -->\n\t<meta name=\"description\" content=\"Berl\u00edn, 20 jun (dpa) - El pol\u00e9mico uso de antibi\u00f3ticos en los establos disminuy\u00f3 en Alemania, pero a\u00fan se siguen empleando muchos principios activos especialmente para las aves de corral, inform\u00f3 el Ministerio de Agricultura. Entre 2014 y 2017, el volumen de consumo de antibi\u00f3ticos disminuy\u00f3 en casi un tercio (204 toneladas) en el caso\" \/>\n\t<meta name=\"robots\" content=\"max-image-preview:large\" \/>\n\t<meta name=\"author\" content=\"NBAsturias\"\/>\n\t<meta name=\"google-site-verification\" content=\"UA-38556648-1\" \/>\n\t<meta name=\"keywords\" content=\"noticias\" \/>\n\t<link rel=\"canonical\" href=\"https:\/\/eldigitaldeasturias.com\/radio\/disminuye-el-uso-de-antibioticos-en-los-establos-de-alemania\/\" \/>\n\t<meta name=\"generator\" content=\"All in One SEO Pro (AIOSEO) 4.9.6.2\" \/>\n\t\t<meta property=\"og:locale\" content=\"es_ES\" \/>\n\t\t<meta property=\"og:site_name\" content=\"El Digital de Asturias | Diario de informaci\u00f3n y noticias\" \/>\n\t\t<meta property=\"og:type\" content=\"article\" \/>\n\t\t<meta property=\"og:title\" content=\"Disminuye el uso de antibi\u00f3ticos en los establos de Alemania | El Digital de Asturias\" \/>\n\t\t<meta property=\"og:description\" content=\"Berl\u00edn, 20 jun (dpa) - El pol\u00e9mico uso de antibi\u00f3ticos en los establos disminuy\u00f3 en Alemania, pero a\u00fan se siguen empleando muchos principios activos especialmente para las aves de corral, inform\u00f3 el Ministerio de Agricultura. Entre 2014 y 2017, el volumen de consumo de antibi\u00f3ticos disminuy\u00f3 en casi un tercio (204 toneladas) en el caso\" \/>\n\t\t<meta property=\"og:url\" content=\"https:\/\/eldigitaldeasturias.com\/radio\/disminuye-el-uso-de-antibioticos-en-los-establos-de-alemania\/\" \/>\n\t\t<meta property=\"og:image\" content=\"https:\/\/eldigitaldeasturias.com\/radio\/wp-content\/uploads\/2019\/06\/horse-1681714_960_720.jpg\" \/>\n\t\t<meta property=\"og:image:secure_url\" content=\"https:\/\/eldigitaldeasturias.com\/radio\/wp-content\/uploads\/2019\/06\/horse-1681714_960_720.jpg\" \/>\n\t\t<meta property=\"og:image:width\" content=\"960\" \/>\n\t\t<meta property=\"og:image:height\" content=\"640\" \/>\n\t\t<meta property=\"article:published_time\" content=\"2019-06-20T21:11:42+00:00\" \/>\n\t\t<meta property=\"article:modified_time\" content=\"2019-06-20T21:11:42+00:00\" \/>\n\t\t<meta name=\"twitter:card\" content=\"summary_large_image\" \/>\n\t\t<meta name=\"twitter:site\" content=\"@bercodi\" \/>\n\t\t<meta name=\"twitter:title\" content=\"Disminuye el uso de antibi\u00f3ticos en los establos de Alemania | El Digital de Asturias\" \/>\n\t\t<meta name=\"twitter:description\" content=\"Berl\u00edn, 20 jun (dpa) - El pol\u00e9mico uso de antibi\u00f3ticos en los establos disminuy\u00f3 en Alemania, pero a\u00fan se siguen empleando muchos principios activos especialmente para las aves de corral, inform\u00f3 el Ministerio de Agricultura. Entre 2014 y 2017, el volumen de consumo de antibi\u00f3ticos disminuy\u00f3 en casi un tercio (204 toneladas) en el caso\" \/>\n\t\t<meta name=\"twitter:creator\" content=\"@bercodi\" \/>\n\t\t<meta name=\"twitter:image\" content=\"https:\/\/eldigitaldeasturias.com\/radio\/wp-content\/uploads\/2019\/06\/horse-1681714_960_720.jpg\" \/>\n\t\t<script type=\"application\/ld+json\" class=\"aioseo-schema\">\n\t\t\t{\"@context\":\"https:\\\/\\\/schema.org\",\"@graph\":[{\"@type\":\"BreadcrumbList\",\"@id\":\"https:\\\/\\\/eldigitaldeasturias.com\\\/radio\\\/disminuye-el-uso-de-antibioticos-en-los-establos-de-alemania\\\/#breadcrumblist\",\"itemListElement\":[{\"@type\":\"ListItem\",\"@id\":\"https:\\\/\\\/eldigitaldeasturias.com\\\/radio#listItem\",\"position\":1,\"name\":\"Inicio\",\"item\":\"https:\\\/\\\/eldigitaldeasturias.com\\\/radio\",\"nextItem\":{\"@type\":\"ListItem\",\"@id\":\"https:\\\/\\\/eldigitaldeasturias.com\\\/radio\\\/category\\\/noticias\\\/#listItem\",\"name\":\"Noticias\"}},{\"@type\":\"ListItem\",\"@id\":\"https:\\\/\\\/eldigitaldeasturias.com\\\/radio\\\/category\\\/noticias\\\/#listItem\",\"position\":2,\"name\":\"Noticias\",\"item\":\"https:\\\/\\\/eldigitaldeasturias.com\\\/radio\\\/category\\\/noticias\\\/\",\"nextItem\":{\"@type\":\"ListItem\",\"@id\":\"https:\\\/\\\/eldigitaldeasturias.com\\\/radio\\\/disminuye-el-uso-de-antibioticos-en-los-establos-de-alemania\\\/#listItem\",\"name\":\"Disminuye el uso de antibi\\u00f3ticos en los establos de Alemania\"},\"previousItem\":{\"@type\":\"ListItem\",\"@id\":\"https:\\\/\\\/eldigitaldeasturias.com\\\/radio#listItem\",\"name\":\"Inicio\"}},{\"@type\":\"ListItem\",\"@id\":\"https:\\\/\\\/eldigitaldeasturias.com\\\/radio\\\/disminuye-el-uso-de-antibioticos-en-los-establos-de-alemania\\\/#listItem\",\"position\":3,\"name\":\"Disminuye el uso de antibi\\u00f3ticos en los establos de Alemania\",\"previousItem\":{\"@type\":\"ListItem\",\"@id\":\"https:\\\/\\\/eldigitaldeasturias.com\\\/radio\\\/category\\\/noticias\\\/#listItem\",\"name\":\"Noticias\"}}]},{\"@type\":\"NewsArticle\",\"@id\":\"https:\\\/\\\/eldigitaldeasturias.com\\\/radio\\\/disminuye-el-uso-de-antibioticos-en-los-establos-de-alemania\\\/#newsarticle\",\"name\":\"Disminuye el uso de antibi\\u00f3ticos en los establos de Alemania | El Digital de Asturias\",\"headline\":\"Disminuye el uso de antibi\\u00f3ticos en los establos de Alemania\",\"author\":{\"@id\":\"https:\\\/\\\/eldigitaldeasturias.com\\\/radio\\\/author\\\/nbasturias\\\/#author\"},\"publisher\":{\"@id\":\"https:\\\/\\\/eldigitaldeasturias.com\\\/radio\\\/#organization\"},\"image\":{\"@type\":\"ImageObject\",\"url\":\"https:\\\/\\\/eldigitaldeasturias.com\\\/radio\\\/wp-content\\\/uploads\\\/2019\\\/06\\\/horse-1681714_960_720.jpg\",\"width\":960,\"height\":640},\"datePublished\":\"2019-06-20T21:11:42+02:00\",\"dateModified\":\"2019-06-20T21:11:42+02:00\",\"inLanguage\":\"es-ES\",\"mainEntityOfPage\":{\"@id\":\"https:\\\/\\\/eldigitaldeasturias.com\\\/radio\\\/disminuye-el-uso-de-antibioticos-en-los-establos-de-alemania\\\/#webpage\"},\"isPartOf\":{\"@id\":\"https:\\\/\\\/eldigitaldeasturias.com\\\/radio\\\/disminuye-el-uso-de-antibioticos-en-los-establos-de-alemania\\\/#webpage\"},\"articleSection\":\"Noticias\",\"dateline\":\"Publicado el junio 20, 2019.\"},{\"@type\":\"Organization\",\"@id\":\"https:\\\/\\\/eldigitaldeasturias.com\\\/radio\\\/#organization\",\"name\":\"El digital de Asturias Radio\",\"description\":\"Diario de informaci\\u00f3n y noticias\",\"url\":\"https:\\\/\\\/eldigitaldeasturias.com\\\/radio\\\/\",\"telephone\":\"+34652131393\",\"logo\":{\"@type\":\"ImageObject\",\"url\":\"https:\\\/\\\/www.eldigitaldeasturias.com\\\/radio\\\/wp-content\\\/uploads\\\/2021\\\/03\\\/EDA.jpg\",\"@id\":\"https:\\\/\\\/eldigitaldeasturias.com\\\/radio\\\/disminuye-el-uso-de-antibioticos-en-los-establos-de-alemania\\\/#organizationLogo\"},\"image\":{\"@id\":\"https:\\\/\\\/eldigitaldeasturias.com\\\/radio\\\/disminuye-el-uso-de-antibioticos-en-los-establos-de-alemania\\\/#organizationLogo\"},\"sameAs\":[\"https:\\\/\\\/www.facebook.com\\\/\",\"https:\\\/\\\/x.com\\\/bercodi\",\"https:\\\/\\\/www.instagram.com\\\/\",\"https:\\\/\\\/www.youtube.com\\\/channel\\\/UCZP-2wLEB9Rv6erhFmqVnvg\"]},{\"@type\":\"Person\",\"@id\":\"https:\\\/\\\/eldigitaldeasturias.com\\\/radio\\\/author\\\/nbasturias\\\/#author\",\"url\":\"https:\\\/\\\/eldigitaldeasturias.com\\\/radio\\\/author\\\/nbasturias\\\/\",\"name\":\"NBAsturias\",\"image\":{\"@type\":\"ImageObject\",\"@id\":\"https:\\\/\\\/eldigitaldeasturias.com\\\/radio\\\/disminuye-el-uso-de-antibioticos-en-los-establos-de-alemania\\\/#authorImage\",\"url\":\"https:\\\/\\\/secure.gravatar.com\\\/avatar\\\/df2aeffc32bcd13f8d26072ef8a91b623d677766deac7f97ca815868cd41bf5e?s=96&d=mm&r=g\",\"width\":96,\"height\":96,\"caption\":\"NBAsturias\"}},{\"@type\":\"WebPage\",\"@id\":\"https:\\\/\\\/eldigitaldeasturias.com\\\/radio\\\/disminuye-el-uso-de-antibioticos-en-los-establos-de-alemania\\\/#webpage\",\"url\":\"https:\\\/\\\/eldigitaldeasturias.com\\\/radio\\\/disminuye-el-uso-de-antibioticos-en-los-establos-de-alemania\\\/\",\"name\":\"Disminuye el uso de antibi\\u00f3ticos en los establos de Alemania | El Digital de Asturias\",\"description\":\"Berl\\u00edn, 20 jun (dpa) - El pol\\u00e9mico uso de antibi\\u00f3ticos en los establos disminuy\\u00f3 en Alemania, pero a\\u00fan se siguen empleando muchos principios activos especialmente para las aves de corral, inform\\u00f3 el Ministerio de Agricultura. Entre 2014 y 2017, el volumen de consumo de antibi\\u00f3ticos disminuy\\u00f3 en casi un tercio (204 toneladas) en el caso\",\"inLanguage\":\"es-ES\",\"isPartOf\":{\"@id\":\"https:\\\/\\\/eldigitaldeasturias.com\\\/radio\\\/#website\"},\"breadcrumb\":{\"@id\":\"https:\\\/\\\/eldigitaldeasturias.com\\\/radio\\\/disminuye-el-uso-de-antibioticos-en-los-establos-de-alemania\\\/#breadcrumblist\"},\"author\":{\"@id\":\"https:\\\/\\\/eldigitaldeasturias.com\\\/radio\\\/author\\\/nbasturias\\\/#author\"},\"creator\":{\"@id\":\"https:\\\/\\\/eldigitaldeasturias.com\\\/radio\\\/author\\\/nbasturias\\\/#author\"},\"image\":{\"@type\":\"ImageObject\",\"url\":\"https:\\\/\\\/eldigitaldeasturias.com\\\/radio\\\/wp-content\\\/uploads\\\/2019\\\/06\\\/horse-1681714_960_720.jpg\",\"@id\":\"https:\\\/\\\/eldigitaldeasturias.com\\\/radio\\\/disminuye-el-uso-de-antibioticos-en-los-establos-de-alemania\\\/#mainImage\",\"width\":960,\"height\":640},\"primaryImageOfPage\":{\"@id\":\"https:\\\/\\\/eldigitaldeasturias.com\\\/radio\\\/disminuye-el-uso-de-antibioticos-en-los-establos-de-alemania\\\/#mainImage\"},\"datePublished\":\"2019-06-20T21:11:42+02:00\",\"dateModified\":\"2019-06-20T21:11:42+02:00\"},{\"@type\":\"WebSite\",\"@id\":\"https:\\\/\\\/eldigitaldeasturias.com\\\/radio\\\/#website\",\"url\":\"https:\\\/\\\/eldigitaldeasturias.com\\\/radio\\\/\",\"name\":\"El Digital de Asturias\",\"description\":\"Diario de informaci\\u00f3n y noticias\",\"inLanguage\":\"es-ES\",\"publisher\":{\"@id\":\"https:\\\/\\\/eldigitaldeasturias.com\\\/radio\\\/#organization\"}}]}\n\t\t<\/script>\n\t\t<!-- All in One SEO Pro -->\r\n\t\t<title>Disminuye el uso de antibi\u00f3ticos en los establos de Alemania | El Digital de Asturias<\/title>\n\n","aioseo_head_json":{"title":"Disminuye el uso de antibi\u00f3ticos en los establos de Alemania | El Digital de Asturias","description":"Berl\u00edn, 20 jun (dpa) - El pol\u00e9mico uso de antibi\u00f3ticos en los establos disminuy\u00f3 en Alemania, pero a\u00fan se siguen empleando muchos principios activos especialmente para las aves de corral, inform\u00f3 el Ministerio de Agricultura. Entre 2014 y 2017, el volumen de consumo de antibi\u00f3ticos disminuy\u00f3 en casi un tercio (204 toneladas) en el caso","canonical_url":"https:\/\/eldigitaldeasturias.com\/radio\/disminuye-el-uso-de-antibioticos-en-los-establos-de-alemania\/","robots":"max-image-preview:large","keywords":"noticias","webmasterTools":{"google-site-verification":"UA-38556648-1","miscellaneous":""},"schema":{"@context":"https:\/\/schema.org","@graph":[{"@type":"BreadcrumbList","@id":"https:\/\/eldigitaldeasturias.com\/radio\/disminuye-el-uso-de-antibioticos-en-los-establos-de-alemania\/#breadcrumblist","itemListElement":[{"@type":"ListItem","@id":"https:\/\/eldigitaldeasturias.com\/radio#listItem","position":1,"name":"Inicio","item":"https:\/\/eldigitaldeasturias.com\/radio","nextItem":{"@type":"ListItem","@id":"https:\/\/eldigitaldeasturias.com\/radio\/category\/noticias\/#listItem","name":"Noticias"}},{"@type":"ListItem","@id":"https:\/\/eldigitaldeasturias.com\/radio\/category\/noticias\/#listItem","position":2,"name":"Noticias","item":"https:\/\/eldigitaldeasturias.com\/radio\/category\/noticias\/","nextItem":{"@type":"ListItem","@id":"https:\/\/eldigitaldeasturias.com\/radio\/disminuye-el-uso-de-antibioticos-en-los-establos-de-alemania\/#listItem","name":"Disminuye el uso de antibi\u00f3ticos en los establos de Alemania"},"previousItem":{"@type":"ListItem","@id":"https:\/\/eldigitaldeasturias.com\/radio#listItem","name":"Inicio"}},{"@type":"ListItem","@id":"https:\/\/eldigitaldeasturias.com\/radio\/disminuye-el-uso-de-antibioticos-en-los-establos-de-alemania\/#listItem","position":3,"name":"Disminuye el uso de antibi\u00f3ticos en los establos de Alemania","previousItem":{"@type":"ListItem","@id":"https:\/\/eldigitaldeasturias.com\/radio\/category\/noticias\/#listItem","name":"Noticias"}}]},{"@type":"NewsArticle","@id":"https:\/\/eldigitaldeasturias.com\/radio\/disminuye-el-uso-de-antibioticos-en-los-establos-de-alemania\/#newsarticle","name":"Disminuye el uso de antibi\u00f3ticos en los establos de Alemania | El Digital de Asturias","headline":"Disminuye el uso de antibi\u00f3ticos en los establos de Alemania","author":{"@id":"https:\/\/eldigitaldeasturias.com\/radio\/author\/nbasturias\/#author"},"publisher":{"@id":"https:\/\/eldigitaldeasturias.com\/radio\/#organization"},"image":{"@type":"ImageObject","url":"https:\/\/eldigitaldeasturias.com\/radio\/wp-content\/uploads\/2019\/06\/horse-1681714_960_720.jpg","width":960,"height":640},"datePublished":"2019-06-20T21:11:42+02:00","dateModified":"2019-06-20T21:11:42+02:00","inLanguage":"es-ES","mainEntityOfPage":{"@id":"https:\/\/eldigitaldeasturias.com\/radio\/disminuye-el-uso-de-antibioticos-en-los-establos-de-alemania\/#webpage"},"isPartOf":{"@id":"https:\/\/eldigitaldeasturias.com\/radio\/disminuye-el-uso-de-antibioticos-en-los-establos-de-alemania\/#webpage"},"articleSection":"Noticias","dateline":"Publicado el junio 20, 2019."},{"@type":"Organization","@id":"https:\/\/eldigitaldeasturias.com\/radio\/#organization","name":"El digital de Asturias Radio","description":"Diario de informaci\u00f3n y noticias","url":"https:\/\/eldigitaldeasturias.com\/radio\/","telephone":"+34652131393","logo":{"@type":"ImageObject","url":"https:\/\/www.eldigitaldeasturias.com\/radio\/wp-content\/uploads\/2021\/03\/EDA.jpg","@id":"https:\/\/eldigitaldeasturias.com\/radio\/disminuye-el-uso-de-antibioticos-en-los-establos-de-alemania\/#organizationLogo"},"image":{"@id":"https:\/\/eldigitaldeasturias.com\/radio\/disminuye-el-uso-de-antibioticos-en-los-establos-de-alemania\/#organizationLogo"},"sameAs":["https:\/\/www.facebook.com\/","https:\/\/x.com\/bercodi","https:\/\/www.instagram.com\/","https:\/\/www.youtube.com\/channel\/UCZP-2wLEB9Rv6erhFmqVnvg"]},{"@type":"Person","@id":"https:\/\/eldigitaldeasturias.com\/radio\/author\/nbasturias\/#author","url":"https:\/\/eldigitaldeasturias.com\/radio\/author\/nbasturias\/","name":"NBAsturias","image":{"@type":"ImageObject","@id":"https:\/\/eldigitaldeasturias.com\/radio\/disminuye-el-uso-de-antibioticos-en-los-establos-de-alemania\/#authorImage","url":"https:\/\/secure.gravatar.com\/avatar\/df2aeffc32bcd13f8d26072ef8a91b623d677766deac7f97ca815868cd41bf5e?s=96&d=mm&r=g","width":96,"height":96,"caption":"NBAsturias"}},{"@type":"WebPage","@id":"https:\/\/eldigitaldeasturias.com\/radio\/disminuye-el-uso-de-antibioticos-en-los-establos-de-alemania\/#webpage","url":"https:\/\/eldigitaldeasturias.com\/radio\/disminuye-el-uso-de-antibioticos-en-los-establos-de-alemania\/","name":"Disminuye el uso de antibi\u00f3ticos en los establos de Alemania | El Digital de Asturias","description":"Berl\u00edn, 20 jun (dpa) - El pol\u00e9mico uso de antibi\u00f3ticos en los establos disminuy\u00f3 en Alemania, pero a\u00fan se siguen empleando muchos principios activos especialmente para las aves de corral, inform\u00f3 el Ministerio de Agricultura. Entre 2014 y 2017, el volumen de consumo de antibi\u00f3ticos disminuy\u00f3 en casi un tercio (204 toneladas) en el caso","inLanguage":"es-ES","isPartOf":{"@id":"https:\/\/eldigitaldeasturias.com\/radio\/#website"},"breadcrumb":{"@id":"https:\/\/eldigitaldeasturias.com\/radio\/disminuye-el-uso-de-antibioticos-en-los-establos-de-alemania\/#breadcrumblist"},"author":{"@id":"https:\/\/eldigitaldeasturias.com\/radio\/author\/nbasturias\/#author"},"creator":{"@id":"https:\/\/eldigitaldeasturias.com\/radio\/author\/nbasturias\/#author"},"image":{"@type":"ImageObject","url":"https:\/\/eldigitaldeasturias.com\/radio\/wp-content\/uploads\/2019\/06\/horse-1681714_960_720.jpg","@id":"https:\/\/eldigitaldeasturias.com\/radio\/disminuye-el-uso-de-antibioticos-en-los-establos-de-alemania\/#mainImage","width":960,"height":640},"primaryImageOfPage":{"@id":"https:\/\/eldigitaldeasturias.com\/radio\/disminuye-el-uso-de-antibioticos-en-los-establos-de-alemania\/#mainImage"},"datePublished":"2019-06-20T21:11:42+02:00","dateModified":"2019-06-20T21:11:42+02:00"},{"@type":"WebSite","@id":"https:\/\/eldigitaldeasturias.com\/radio\/#website","url":"https:\/\/eldigitaldeasturias.com\/radio\/","name":"El Digital de Asturias","description":"Diario de informaci\u00f3n y noticias","inLanguage":"es-ES","publisher":{"@id":"https:\/\/eldigitaldeasturias.com\/radio\/#organization"}}]},"og:locale":"es_ES","og:site_name":"El Digital de Asturias | Diario de informaci\u00f3n y noticias","og:type":"article","og:title":"Disminuye el uso de antibi\u00f3ticos en los establos de Alemania | El Digital de Asturias","og:description":"Berl\u00edn, 20 jun (dpa) - El pol\u00e9mico uso de antibi\u00f3ticos en los establos disminuy\u00f3 en Alemania, pero a\u00fan se siguen empleando muchos principios activos especialmente para las aves de corral, inform\u00f3 el Ministerio de Agricultura. Entre 2014 y 2017, el volumen de consumo de antibi\u00f3ticos disminuy\u00f3 en casi un tercio (204 toneladas) en el caso","og:url":"https:\/\/eldigitaldeasturias.com\/radio\/disminuye-el-uso-de-antibioticos-en-los-establos-de-alemania\/","og:image":"https:\/\/eldigitaldeasturias.com\/radio\/wp-content\/uploads\/2019\/06\/horse-1681714_960_720.jpg","og:image:secure_url":"https:\/\/eldigitaldeasturias.com\/radio\/wp-content\/uploads\/2019\/06\/horse-1681714_960_720.jpg","og:image:width":960,"og:image:height":640,"article:published_time":"2019-06-20T21:11:42+00:00","article:modified_time":"2019-06-20T21:11:42+00:00","twitter:card":"summary_large_image","twitter:site":"@bercodi","twitter:title":"Disminuye el uso de antibi\u00f3ticos en los establos de Alemania | El Digital de Asturias","twitter:description":"Berl\u00edn, 20 jun (dpa) - El pol\u00e9mico uso de antibi\u00f3ticos en los establos disminuy\u00f3 en Alemania, pero a\u00fan se siguen empleando muchos principios activos especialmente para las aves de corral, inform\u00f3 el Ministerio de Agricultura. Entre 2014 y 2017, el volumen de consumo de antibi\u00f3ticos disminuy\u00f3 en casi un tercio (204 toneladas) en el caso","twitter:creator":"@bercodi","twitter:image":"https:\/\/eldigitaldeasturias.com\/radio\/wp-content\/uploads\/2019\/06\/horse-1681714_960_720.jpg"},"aioseo_meta_data":{"post_id":"2801","title":null,"description":null,"keywords":null,"keyphrases":null,"primary_term":null,"canonical_url":null,"og_title":null,"og_description":null,"og_object_type":"default","og_image_type":"default","og_image_url":null,"og_image_width":null,"og_image_height":null,"og_image_custom_url":null,"og_image_custom_fields":null,"og_video":null,"og_custom_url":null,"og_article_section":null,"og_article_tags":null,"twitter_use_og":false,"twitter_card":"default","twitter_image_type":"default","twitter_image_url":null,"twitter_image_custom_url":null,"twitter_image_custom_fields":null,"twitter_title":null,"twitter_description":null,"schema":{"blockGraphs":[],"customGraphs":[],"default":{"data":{"Article":[],"Course":[],"Dataset":[],"FAQPage":[],"Movie":[],"Person":[],"Product":[],"ProductReview":[],"Car":[],"Recipe":[],"Service":[],"SoftwareApplication":[],"WebPage":[]},"graphName":"","isEnabled":true},"graphs":[],"defaultGraph":"","defaultPostTypeGraph":""},"schema_type":null,"schema_type_options":null,"pillar_content":false,"robots_default":true,"robots_noindex":false,"robots_noarchive":false,"robots_nosnippet":false,"robots_nofollow":false,"robots_noimageindex":false,"robots_noodp":false,"robots_notranslate":false,"robots_max_snippet":null,"robots_max_videopreview":null,"robots_max_imagepreview":"large","priority":null,"frequency":null,"location":null,"local_seo":null,"seo_analyzer_scan_date":"2025-08-28 12:58:29","breadcrumb_settings":null,"limit_modified_date":false,"open_ai":null,"ai":null,"created":"2021-03-26 19:42:31","updated":"2025-08-28 12:58:29"},"aioseo_breadcrumb":"<div class=\"aioseo-breadcrumbs\"><span class=\"aioseo-breadcrumb\">\n\t<a href=\"https:\/\/eldigitaldeasturias.com\/radio\" title=\"Inicio\">Inicio<\/a>\n<\/span><span class=\"aioseo-breadcrumb-separator\">&ndash;<\/span><span class=\"aioseo-breadcrumb\">\n\t<a href=\"https:\/\/eldigitaldeasturias.com\/radio\/category\/noticias\/\" title=\"Noticias\">Noticias<\/a>\n<\/span><span class=\"aioseo-breadcrumb-separator\">&ndash;<\/span><span class=\"aioseo-breadcrumb\">\n\tDisminuye el uso de antibi\u00f3ticos en los establos de Alemania\n<\/span><\/div>","aioseo_breadcrumb_json":[{"label":"Inicio","link":"https:\/\/eldigitaldeasturias.com\/radio"},{"label":"Noticias","link":"https:\/\/eldigitaldeasturias.com\/radio\/category\/noticias\/"},{"label":"Disminuye el uso de antibi\u00f3ticos en los establos de Alemania","link":"https:\/\/eldigitaldeasturias.com\/radio\/disminuye-el-uso-de-antibioticos-en-los-establos-de-alemania\/"}],"_links":{"self":[{"href":"https:\/\/eldigitaldeasturias.com\/radio\/wp-json\/wp\/v2\/posts\/2801","targetHints":{"allow":["GET"]}}],"collection":[{"href":"https:\/\/eldigitaldeasturias.com\/radio\/wp-json\/wp\/v2\/posts"}],"about":[{"href":"https:\/\/eldigitaldeasturias.com\/radio\/wp-json\/wp\/v2\/types\/post"}],"author":[{"embeddable":true,"href":"https:\/\/eldigitaldeasturias.com\/radio\/wp-json\/wp\/v2\/users\/1"}],"replies":[{"embeddable":true,"href":"https:\/\/eldigitaldeasturias.com\/radio\/wp-json\/wp\/v2\/comments?post=2801"}],"version-history":[{"count":0,"href":"https:\/\/eldigitaldeasturias.com\/radio\/wp-json\/wp\/v2\/posts\/2801\/revisions"}],"wp:featuredmedia":[{"embeddable":true,"href":"https:\/\/eldigitaldeasturias.com\/radio\/wp-json\/wp\/v2\/media\/2802"}],"wp:attachment":[{"href":"https:\/\/eldigitaldeasturias.com\/radio\/wp-json\/wp\/v2\/media?parent=2801"}],"wp:term":[{"taxonomy":"category","embeddable":true,"href":"https:\/\/eldigitaldeasturias.com\/radio\/wp-json\/wp\/v2\/categories?post=2801"},{"taxonomy":"post_tag","embeddable":true,"href":"https:\/\/eldigitaldeasturias.com\/radio\/wp-json\/wp\/v2\/tags?post=2801"}],"curies":[{"name":"wp","href":"https:\/\/api.w.org\/{rel}","templated":true}]}}