{"id":2780,"date":"2019-06-18T01:02:03","date_gmt":"2019-06-18T01:02:03","guid":{"rendered":"http:\/\/eldigitaldeasturias.com\/radio\/?p=2780"},"modified":"2019-06-18T01:02:03","modified_gmt":"2019-06-18T01:02:03","slug":"maria-jesus-merino-ya-es-la-primera-alcaldesa-de-la-historia-de-siguenza","status":"publish","type":"post","link":"https:\/\/eldigitaldeasturias.com\/radio\/maria-jesus-merino-ya-es-la-primera-alcaldesa-de-la-historia-de-siguenza\/","title":{"rendered":"Mar\u00eda Jes\u00fas Merino ya es la primera alcaldesa de la historia de Sig\u00fcenza"},"content":{"rendered":"<p><img fetchpriority=\"high\" decoding=\"async\" class=\"alignleft size-medium wp-image-2781\" src=\"https:\/\/eldigitaldeasturias.com\/radio\/wp-content\/uploads\/2019\/06\/1560752025_Corporaci_n_Municipal1560639342-360x270.jpg\" alt=\"\" width=\"360\" height=\"270\" srcset=\"https:\/\/eldigitaldeasturias.com\/radio\/wp-content\/uploads\/2019\/06\/1560752025_Corporaci_n_Municipal1560639342-360x270.jpg 360w, https:\/\/eldigitaldeasturias.com\/radio\/wp-content\/uploads\/2019\/06\/1560752025_Corporaci_n_Municipal1560639342-768x576.jpg 768w, https:\/\/eldigitaldeasturias.com\/radio\/wp-content\/uploads\/2019\/06\/1560752025_Corporaci_n_Municipal1560639342.jpg 800w\" sizes=\"(max-width: 360px) 100vw, 360px\" \/>A partir de las 12:30 horas de esta ma\u00f1ana ha comenzado en el sal\u00f3n de Plenos del Ayuntamiento de Sig\u00fcenza la sesi\u00f3n constitutiva de la nueva Corporaci\u00f3n Municipal para el mandato 2019-2023, como resultado de las elecciones auton\u00f3micas y municipales del pasado 26 de mayo.<\/p>\n<p>La sesi\u00f3n ha comenzado con un minuto de silencio en memoria del padre de quien ha sido alcalde de Sig\u00fcenza durante los \u00faltimos ocho a\u00f1os, Jos\u00e9 Manuel Latre, que ha fallecido esta madrugada, raz\u00f3n de fuerza mayor por la que Latre no ha estado presente en la sesi\u00f3n de investidura.<\/p>\n<p>En aquel domingo electoral el partido m\u00e1s votado, con 1.124 votos, fue el PSOE, por 998 del PP. Consecuentemente, los socialistas obten\u00edan seis de los once ediles de la Corporaci\u00f3n Municipal, por cinco de los populares. IU Unidas y Ciudadanos se quedaron en 104 y 75 votos, respectivamente, sin llegar con ellos a lograr edil representante.<\/p>\n<p>Una vez qued\u00f3 constituida la Corporaci\u00f3n Municipal del Ayuntamiento de Sig\u00fcenza para el mandato 2019-2023, y por seis votos contra cinco, Mar\u00eda Jes\u00fas Merino ha sido elegida alcaldesa de Sig\u00fcenza, siendo con ello la primera mujer que ocupa el cargo en la historia del municipio. VER TOMA DE POSESION.<\/p>\n<p>En su discurso de investidura, Merino ha dado las gracias, en primer lugar, \u0093a todos los seguntinos que nos dieron su apoyo en las urnas\u0094. As\u00ed, y respondiendo a la voluntad de cambio pol\u00edtico expresada por los ciudadanos, ha asegurado que el equipo de gobierno que dirige va a trabajar con empe\u00f1o y dedicaci\u00f3n para hacer reales los compromisos adquiridos. \u0093Sabemos que no ser\u00e1 una tarea f\u00e1cil, pero tambi\u00e9n que nunca flaquearemos en su desempe\u00f1o\u0094, ha aseverado.<\/p>\n<p>La reci\u00e9n investida alcaldesa, como no pod\u00eda ser de otra manera, se ha referido precisamente a esta circunstancia. \u0093A partir de hoy me convierto en la primera mujer alcaldesa de nuestro municipio, un hito hist\u00f3rico que marca un antes y un despu\u00e9s, que normaliza las instituciones y que nos hace avanzar en la direcci\u00f3n correcta hacia la igualdad real de g\u00e9nero, con la aspiraci\u00f3n de conseguir una conciliaci\u00f3n real de la vida laboral y familiar\u0094, ha dicho.<\/p>\n<p>Merino ha desgranado a continuaci\u00f3n algunos de los objetivos fundamentales con los que afronta el mandato 2019-2023. El equipo socialista inicia su acci\u00f3n de gobierno con el prop\u00f3sito de hacer de Sig\u00fcenza y sus n\u00facleos agregados un lugar capaz no s\u00f3lo de retener a los j\u00f3venes, sino de atraer incluso nuevos vecinos, para lo que apostar\u00e1 por la formaci\u00f3n y la cultura, por el acceso a las telecomunicaciones y por conseguir un Turismo de calidad, que llegue al municipio todos los d\u00edas de la semana y repercuta en los negocios, comercios y empresarios locales. En este sentido, Merino se ha referido a los empresarios como \u0093el alma de nuestra ciudad, a los que hay que apoyar y acompa\u00f1ar para que sigan generando riqueza y puestos de trabajo\u0094. Estas ser\u00e1n algunas de las pol\u00edticas con las que el gobierno municipal va a luchar, desde su \u00e1mbito de competencias, contra la despoblaci\u00f3n del medio rural.<\/p>\n<p>Merino se ha puesto, adem\u00e1s, a disposici\u00f3n de los ciudadanos: \u0093escucharemos siempre a todo aquel que quiera ayudarnos en la tarea de mejorar el municipio\u0094, manifest\u00f3; y ha mostrado su compromiso para trabajar junto a Di\u00f3cesis y Cabildo Catedralicio por el bien de Sig\u00fcenza, plenamente consciente \u0093del importante papel que ambas instituciones juegan en nuestra ciudad\u0094, acrecentado adicionalmente por la cercan\u00eda de las efem\u00e9rides hist\u00f3ricas que llegar\u00e1n en los pr\u00f3ximos a\u00f1os.<\/p>\n<p>La alcaldesa tendi\u00f3 la mano al consenso pol\u00edtico en el gobierno municipal \u0093all\u00ed donde sea posible\u0094 y manifest\u00f3 su voluntad de trabajar para los seguntinos, \u0093no s\u00f3lo para superar las expectativas de quienes han confiado en nuestra candidatura, sino tambi\u00e9n para convencer con trabajo honesto, diario, con ilusi\u00f3n y cercan\u00eda a quienes no nos han votado\u0094. Tambi\u00e9n tuvo unas palabras de reconocimiento para su antecesor en el cargo, Jos\u00e9 Manuel Latre, ausente hoy por el fallecimiento de su padre, y para su equipo de gobierno. \u0093Siempre digo que qui\u00e9n emprende el camino de la pol\u00edtica local, lo hace con la mejor de sus intenciones, rest\u00e1ndole tiempo a su vida personal, a su familia y amigos. Me comprometo a continuar el trabajo bien hecho, all\u00ed donde lo ha habido, pero sobre todo me comprometo a mejorarlo y superarlo, como nos han pedido los ciudadanos que hagamos, desde los principios en los que nosotros creemos, aportando a Sig\u00fcenza una dosis extra de proyectos e inversiones que desarrollaremos con ilusi\u00f3n y optimismo\u0094.<\/p>\n<p>Merino ha finalizado su intervenci\u00f3n poniendo sobre el tapete el compromiso de otras instituciones, como es el caso del Gobierno Regional y de su presidente, Emiliano Garc\u00eda Page, para \u0093poner de moda\u0094 Sig\u00fcenza y para apoyar el proyecto. \u0093No dudar\u00e9 en record\u00e1rselo y, humildemente, exig\u00edrselo\u0094, termin\u00f3.<\/p>\n","protected":false},"excerpt":{"rendered":"<p>A partir de las 12:30 horas de esta ma\u00f1ana ha comenzado en el sal\u00f3n de Plenos del Ayuntamiento de Sig\u00fcenza la sesi\u00f3n constitutiva de la nueva Corporaci\u00f3n Municipal para el mandato 2019-2023, como resultado de las elecciones auton\u00f3micas y municipales del pasado 26 de mayo. La sesi\u00f3n ha comenzado con un minuto de silencio en<\/p>\n","protected":false},"author":1,"featured_media":2781,"comment_status":"closed","ping_status":"closed","sticky":false,"template":"","format":"standard","meta":{"footnotes":""},"categories":[1],"tags":[],"class_list":{"0":"post-2780","1":"post","2":"type-post","3":"status-publish","4":"format-standard","5":"has-post-thumbnail","7":"category-noticias"},"aioseo_notices":[],"aioseo_head":"\n\t\t<!-- All in One SEO Pro 4.9.6.2 - aioseo.com -->\n\t<meta name=\"description\" content=\"A partir de las 12:30 horas de esta ma\u00f1ana ha comenzado en el sal\u00f3n de Plenos del Ayuntamiento de Sig\u00fcenza la sesi\u00f3n constitutiva de la nueva Corporaci\u00f3n Municipal para el mandato 2019-2023, como resultado de las elecciones auton\u00f3micas y municipales del pasado 26 de mayo. La sesi\u00f3n ha comenzado con un minuto de silencio en\" \/>\n\t<meta name=\"robots\" content=\"max-image-preview:large\" \/>\n\t<meta name=\"author\" content=\"NBAsturias\"\/>\n\t<meta name=\"google-site-verification\" content=\"UA-38556648-1\" \/>\n\t<meta name=\"keywords\" content=\"noticias\" \/>\n\t<link rel=\"canonical\" href=\"https:\/\/eldigitaldeasturias.com\/radio\/maria-jesus-merino-ya-es-la-primera-alcaldesa-de-la-historia-de-siguenza\/\" \/>\n\t<meta name=\"generator\" content=\"All in One SEO Pro (AIOSEO) 4.9.6.2\" \/>\n\t\t<meta property=\"og:locale\" content=\"es_ES\" \/>\n\t\t<meta property=\"og:site_name\" content=\"El Digital de Asturias | Diario de informaci\u00f3n y noticias\" \/>\n\t\t<meta property=\"og:type\" content=\"article\" \/>\n\t\t<meta property=\"og:title\" content=\"Mar\u00eda Jes\u00fas Merino ya es la primera alcaldesa de la historia de Sig\u00fcenza | El Digital de Asturias\" \/>\n\t\t<meta property=\"og:description\" content=\"A partir de las 12:30 horas de esta ma\u00f1ana ha comenzado en el sal\u00f3n de Plenos del Ayuntamiento de Sig\u00fcenza la sesi\u00f3n constitutiva de la nueva Corporaci\u00f3n Municipal para el mandato 2019-2023, como resultado de las elecciones auton\u00f3micas y municipales del pasado 26 de mayo. La sesi\u00f3n ha comenzado con un minuto de silencio en\" \/>\n\t\t<meta property=\"og:url\" content=\"https:\/\/eldigitaldeasturias.com\/radio\/maria-jesus-merino-ya-es-la-primera-alcaldesa-de-la-historia-de-siguenza\/\" \/>\n\t\t<meta property=\"og:image\" content=\"https:\/\/eldigitaldeasturias.com\/radio\/wp-content\/uploads\/2019\/06\/1560752025_Corporaci_n_Municipal1560639342.jpg\" \/>\n\t\t<meta property=\"og:image:secure_url\" content=\"https:\/\/eldigitaldeasturias.com\/radio\/wp-content\/uploads\/2019\/06\/1560752025_Corporaci_n_Municipal1560639342.jpg\" \/>\n\t\t<meta property=\"og:image:width\" content=\"800\" \/>\n\t\t<meta property=\"og:image:height\" content=\"600\" \/>\n\t\t<meta property=\"article:published_time\" content=\"2019-06-18T01:02:03+00:00\" \/>\n\t\t<meta property=\"article:modified_time\" content=\"2019-06-18T01:02:03+00:00\" \/>\n\t\t<meta name=\"twitter:card\" content=\"summary_large_image\" \/>\n\t\t<meta name=\"twitter:site\" content=\"@bercodi\" \/>\n\t\t<meta name=\"twitter:title\" content=\"Mar\u00eda Jes\u00fas Merino ya es la primera alcaldesa de la historia de Sig\u00fcenza | El Digital de Asturias\" \/>\n\t\t<meta name=\"twitter:description\" content=\"A partir de las 12:30 horas de esta ma\u00f1ana ha comenzado en el sal\u00f3n de Plenos del Ayuntamiento de Sig\u00fcenza la sesi\u00f3n constitutiva de la nueva Corporaci\u00f3n Municipal para el mandato 2019-2023, como resultado de las elecciones auton\u00f3micas y municipales del pasado 26 de mayo. La sesi\u00f3n ha comenzado con un minuto de silencio en\" \/>\n\t\t<meta name=\"twitter:creator\" content=\"@bercodi\" \/>\n\t\t<meta name=\"twitter:image\" content=\"https:\/\/eldigitaldeasturias.com\/radio\/wp-content\/uploads\/2019\/06\/1560752025_Corporaci_n_Municipal1560639342.jpg\" \/>\n\t\t<script type=\"application\/ld+json\" class=\"aioseo-schema\">\n\t\t\t{\"@context\":\"https:\\\/\\\/schema.org\",\"@graph\":[{\"@type\":\"BreadcrumbList\",\"@id\":\"https:\\\/\\\/eldigitaldeasturias.com\\\/radio\\\/maria-jesus-merino-ya-es-la-primera-alcaldesa-de-la-historia-de-siguenza\\\/#breadcrumblist\",\"itemListElement\":[{\"@type\":\"ListItem\",\"@id\":\"https:\\\/\\\/eldigitaldeasturias.com\\\/radio#listItem\",\"position\":1,\"name\":\"Inicio\",\"item\":\"https:\\\/\\\/eldigitaldeasturias.com\\\/radio\",\"nextItem\":{\"@type\":\"ListItem\",\"@id\":\"https:\\\/\\\/eldigitaldeasturias.com\\\/radio\\\/category\\\/noticias\\\/#listItem\",\"name\":\"Noticias\"}},{\"@type\":\"ListItem\",\"@id\":\"https:\\\/\\\/eldigitaldeasturias.com\\\/radio\\\/category\\\/noticias\\\/#listItem\",\"position\":2,\"name\":\"Noticias\",\"item\":\"https:\\\/\\\/eldigitaldeasturias.com\\\/radio\\\/category\\\/noticias\\\/\",\"nextItem\":{\"@type\":\"ListItem\",\"@id\":\"https:\\\/\\\/eldigitaldeasturias.com\\\/radio\\\/maria-jesus-merino-ya-es-la-primera-alcaldesa-de-la-historia-de-siguenza\\\/#listItem\",\"name\":\"Mar\\u00eda Jes\\u00fas Merino ya es la primera alcaldesa de la historia de Sig\\u00fcenza\"},\"previousItem\":{\"@type\":\"ListItem\",\"@id\":\"https:\\\/\\\/eldigitaldeasturias.com\\\/radio#listItem\",\"name\":\"Inicio\"}},{\"@type\":\"ListItem\",\"@id\":\"https:\\\/\\\/eldigitaldeasturias.com\\\/radio\\\/maria-jesus-merino-ya-es-la-primera-alcaldesa-de-la-historia-de-siguenza\\\/#listItem\",\"position\":3,\"name\":\"Mar\\u00eda Jes\\u00fas Merino ya es la primera alcaldesa de la historia de Sig\\u00fcenza\",\"previousItem\":{\"@type\":\"ListItem\",\"@id\":\"https:\\\/\\\/eldigitaldeasturias.com\\\/radio\\\/category\\\/noticias\\\/#listItem\",\"name\":\"Noticias\"}}]},{\"@type\":\"NewsArticle\",\"@id\":\"https:\\\/\\\/eldigitaldeasturias.com\\\/radio\\\/maria-jesus-merino-ya-es-la-primera-alcaldesa-de-la-historia-de-siguenza\\\/#newsarticle\",\"name\":\"Mar\\u00eda Jes\\u00fas Merino ya es la primera alcaldesa de la historia de Sig\\u00fcenza | El Digital de Asturias\",\"headline\":\"Mar\\u00eda Jes\\u00fas Merino ya es la primera alcaldesa de la historia de Sig\\u00fcenza\",\"author\":{\"@id\":\"https:\\\/\\\/eldigitaldeasturias.com\\\/radio\\\/author\\\/nbasturias\\\/#author\"},\"publisher\":{\"@id\":\"https:\\\/\\\/eldigitaldeasturias.com\\\/radio\\\/#organization\"},\"image\":{\"@type\":\"ImageObject\",\"url\":\"https:\\\/\\\/eldigitaldeasturias.com\\\/radio\\\/wp-content\\\/uploads\\\/2019\\\/06\\\/1560752025_Corporaci_n_Municipal1560639342.jpg\",\"width\":800,\"height\":600},\"datePublished\":\"2019-06-18T01:02:03+02:00\",\"dateModified\":\"2019-06-18T01:02:03+02:00\",\"inLanguage\":\"es-ES\",\"mainEntityOfPage\":{\"@id\":\"https:\\\/\\\/eldigitaldeasturias.com\\\/radio\\\/maria-jesus-merino-ya-es-la-primera-alcaldesa-de-la-historia-de-siguenza\\\/#webpage\"},\"isPartOf\":{\"@id\":\"https:\\\/\\\/eldigitaldeasturias.com\\\/radio\\\/maria-jesus-merino-ya-es-la-primera-alcaldesa-de-la-historia-de-siguenza\\\/#webpage\"},\"articleSection\":\"Noticias\",\"dateline\":\"Publicado el junio 18, 2019.\"},{\"@type\":\"Organization\",\"@id\":\"https:\\\/\\\/eldigitaldeasturias.com\\\/radio\\\/#organization\",\"name\":\"El digital de Asturias Radio\",\"description\":\"Diario de informaci\\u00f3n y noticias\",\"url\":\"https:\\\/\\\/eldigitaldeasturias.com\\\/radio\\\/\",\"telephone\":\"+34652131393\",\"logo\":{\"@type\":\"ImageObject\",\"url\":\"https:\\\/\\\/www.eldigitaldeasturias.com\\\/radio\\\/wp-content\\\/uploads\\\/2021\\\/03\\\/EDA.jpg\",\"@id\":\"https:\\\/\\\/eldigitaldeasturias.com\\\/radio\\\/maria-jesus-merino-ya-es-la-primera-alcaldesa-de-la-historia-de-siguenza\\\/#organizationLogo\"},\"image\":{\"@id\":\"https:\\\/\\\/eldigitaldeasturias.com\\\/radio\\\/maria-jesus-merino-ya-es-la-primera-alcaldesa-de-la-historia-de-siguenza\\\/#organizationLogo\"},\"sameAs\":[\"https:\\\/\\\/www.facebook.com\\\/\",\"https:\\\/\\\/x.com\\\/bercodi\",\"https:\\\/\\\/www.instagram.com\\\/\",\"https:\\\/\\\/www.youtube.com\\\/channel\\\/UCZP-2wLEB9Rv6erhFmqVnvg\"]},{\"@type\":\"Person\",\"@id\":\"https:\\\/\\\/eldigitaldeasturias.com\\\/radio\\\/author\\\/nbasturias\\\/#author\",\"url\":\"https:\\\/\\\/eldigitaldeasturias.com\\\/radio\\\/author\\\/nbasturias\\\/\",\"name\":\"NBAsturias\",\"image\":{\"@type\":\"ImageObject\",\"@id\":\"https:\\\/\\\/eldigitaldeasturias.com\\\/radio\\\/maria-jesus-merino-ya-es-la-primera-alcaldesa-de-la-historia-de-siguenza\\\/#authorImage\",\"url\":\"https:\\\/\\\/secure.gravatar.com\\\/avatar\\\/df2aeffc32bcd13f8d26072ef8a91b623d677766deac7f97ca815868cd41bf5e?s=96&d=mm&r=g\",\"width\":96,\"height\":96,\"caption\":\"NBAsturias\"}},{\"@type\":\"WebPage\",\"@id\":\"https:\\\/\\\/eldigitaldeasturias.com\\\/radio\\\/maria-jesus-merino-ya-es-la-primera-alcaldesa-de-la-historia-de-siguenza\\\/#webpage\",\"url\":\"https:\\\/\\\/eldigitaldeasturias.com\\\/radio\\\/maria-jesus-merino-ya-es-la-primera-alcaldesa-de-la-historia-de-siguenza\\\/\",\"name\":\"Mar\\u00eda Jes\\u00fas Merino ya es la primera alcaldesa de la historia de Sig\\u00fcenza | El Digital de Asturias\",\"description\":\"A partir de las 12:30 horas de esta ma\\u00f1ana ha comenzado en el sal\\u00f3n de Plenos del Ayuntamiento de Sig\\u00fcenza la sesi\\u00f3n constitutiva de la nueva Corporaci\\u00f3n Municipal para el mandato 2019-2023, como resultado de las elecciones auton\\u00f3micas y municipales del pasado 26 de mayo. La sesi\\u00f3n ha comenzado con un minuto de silencio en\",\"inLanguage\":\"es-ES\",\"isPartOf\":{\"@id\":\"https:\\\/\\\/eldigitaldeasturias.com\\\/radio\\\/#website\"},\"breadcrumb\":{\"@id\":\"https:\\\/\\\/eldigitaldeasturias.com\\\/radio\\\/maria-jesus-merino-ya-es-la-primera-alcaldesa-de-la-historia-de-siguenza\\\/#breadcrumblist\"},\"author\":{\"@id\":\"https:\\\/\\\/eldigitaldeasturias.com\\\/radio\\\/author\\\/nbasturias\\\/#author\"},\"creator\":{\"@id\":\"https:\\\/\\\/eldigitaldeasturias.com\\\/radio\\\/author\\\/nbasturias\\\/#author\"},\"image\":{\"@type\":\"ImageObject\",\"url\":\"https:\\\/\\\/eldigitaldeasturias.com\\\/radio\\\/wp-content\\\/uploads\\\/2019\\\/06\\\/1560752025_Corporaci_n_Municipal1560639342.jpg\",\"@id\":\"https:\\\/\\\/eldigitaldeasturias.com\\\/radio\\\/maria-jesus-merino-ya-es-la-primera-alcaldesa-de-la-historia-de-siguenza\\\/#mainImage\",\"width\":800,\"height\":600},\"primaryImageOfPage\":{\"@id\":\"https:\\\/\\\/eldigitaldeasturias.com\\\/radio\\\/maria-jesus-merino-ya-es-la-primera-alcaldesa-de-la-historia-de-siguenza\\\/#mainImage\"},\"datePublished\":\"2019-06-18T01:02:03+02:00\",\"dateModified\":\"2019-06-18T01:02:03+02:00\"},{\"@type\":\"WebSite\",\"@id\":\"https:\\\/\\\/eldigitaldeasturias.com\\\/radio\\\/#website\",\"url\":\"https:\\\/\\\/eldigitaldeasturias.com\\\/radio\\\/\",\"name\":\"El Digital de Asturias\",\"description\":\"Diario de informaci\\u00f3n y noticias\",\"inLanguage\":\"es-ES\",\"publisher\":{\"@id\":\"https:\\\/\\\/eldigitaldeasturias.com\\\/radio\\\/#organization\"}}]}\n\t\t<\/script>\n\t\t<!-- All in One SEO Pro -->\r\n\t\t<title>Mar\u00eda Jes\u00fas Merino ya es la primera alcaldesa de la historia de Sig\u00fcenza | El Digital de Asturias<\/title>\n\n","aioseo_head_json":{"title":"Mar\u00eda Jes\u00fas Merino ya es la primera alcaldesa de la historia de Sig\u00fcenza | El Digital de Asturias","description":"A partir de las 12:30 horas de esta ma\u00f1ana ha comenzado en el sal\u00f3n de Plenos del Ayuntamiento de Sig\u00fcenza la sesi\u00f3n constitutiva de la nueva Corporaci\u00f3n Municipal para el mandato 2019-2023, como resultado de las elecciones auton\u00f3micas y municipales del pasado 26 de mayo. La sesi\u00f3n ha comenzado con un minuto de silencio en","canonical_url":"https:\/\/eldigitaldeasturias.com\/radio\/maria-jesus-merino-ya-es-la-primera-alcaldesa-de-la-historia-de-siguenza\/","robots":"max-image-preview:large","keywords":"noticias","webmasterTools":{"google-site-verification":"UA-38556648-1","miscellaneous":""},"schema":{"@context":"https:\/\/schema.org","@graph":[{"@type":"BreadcrumbList","@id":"https:\/\/eldigitaldeasturias.com\/radio\/maria-jesus-merino-ya-es-la-primera-alcaldesa-de-la-historia-de-siguenza\/#breadcrumblist","itemListElement":[{"@type":"ListItem","@id":"https:\/\/eldigitaldeasturias.com\/radio#listItem","position":1,"name":"Inicio","item":"https:\/\/eldigitaldeasturias.com\/radio","nextItem":{"@type":"ListItem","@id":"https:\/\/eldigitaldeasturias.com\/radio\/category\/noticias\/#listItem","name":"Noticias"}},{"@type":"ListItem","@id":"https:\/\/eldigitaldeasturias.com\/radio\/category\/noticias\/#listItem","position":2,"name":"Noticias","item":"https:\/\/eldigitaldeasturias.com\/radio\/category\/noticias\/","nextItem":{"@type":"ListItem","@id":"https:\/\/eldigitaldeasturias.com\/radio\/maria-jesus-merino-ya-es-la-primera-alcaldesa-de-la-historia-de-siguenza\/#listItem","name":"Mar\u00eda Jes\u00fas Merino ya es la primera alcaldesa de la historia de Sig\u00fcenza"},"previousItem":{"@type":"ListItem","@id":"https:\/\/eldigitaldeasturias.com\/radio#listItem","name":"Inicio"}},{"@type":"ListItem","@id":"https:\/\/eldigitaldeasturias.com\/radio\/maria-jesus-merino-ya-es-la-primera-alcaldesa-de-la-historia-de-siguenza\/#listItem","position":3,"name":"Mar\u00eda Jes\u00fas Merino ya es la primera alcaldesa de la historia de Sig\u00fcenza","previousItem":{"@type":"ListItem","@id":"https:\/\/eldigitaldeasturias.com\/radio\/category\/noticias\/#listItem","name":"Noticias"}}]},{"@type":"NewsArticle","@id":"https:\/\/eldigitaldeasturias.com\/radio\/maria-jesus-merino-ya-es-la-primera-alcaldesa-de-la-historia-de-siguenza\/#newsarticle","name":"Mar\u00eda Jes\u00fas Merino ya es la primera alcaldesa de la historia de Sig\u00fcenza | El Digital de Asturias","headline":"Mar\u00eda Jes\u00fas Merino ya es la primera alcaldesa de la historia de Sig\u00fcenza","author":{"@id":"https:\/\/eldigitaldeasturias.com\/radio\/author\/nbasturias\/#author"},"publisher":{"@id":"https:\/\/eldigitaldeasturias.com\/radio\/#organization"},"image":{"@type":"ImageObject","url":"https:\/\/eldigitaldeasturias.com\/radio\/wp-content\/uploads\/2019\/06\/1560752025_Corporaci_n_Municipal1560639342.jpg","width":800,"height":600},"datePublished":"2019-06-18T01:02:03+02:00","dateModified":"2019-06-18T01:02:03+02:00","inLanguage":"es-ES","mainEntityOfPage":{"@id":"https:\/\/eldigitaldeasturias.com\/radio\/maria-jesus-merino-ya-es-la-primera-alcaldesa-de-la-historia-de-siguenza\/#webpage"},"isPartOf":{"@id":"https:\/\/eldigitaldeasturias.com\/radio\/maria-jesus-merino-ya-es-la-primera-alcaldesa-de-la-historia-de-siguenza\/#webpage"},"articleSection":"Noticias","dateline":"Publicado el junio 18, 2019."},{"@type":"Organization","@id":"https:\/\/eldigitaldeasturias.com\/radio\/#organization","name":"El digital de Asturias Radio","description":"Diario de informaci\u00f3n y noticias","url":"https:\/\/eldigitaldeasturias.com\/radio\/","telephone":"+34652131393","logo":{"@type":"ImageObject","url":"https:\/\/www.eldigitaldeasturias.com\/radio\/wp-content\/uploads\/2021\/03\/EDA.jpg","@id":"https:\/\/eldigitaldeasturias.com\/radio\/maria-jesus-merino-ya-es-la-primera-alcaldesa-de-la-historia-de-siguenza\/#organizationLogo"},"image":{"@id":"https:\/\/eldigitaldeasturias.com\/radio\/maria-jesus-merino-ya-es-la-primera-alcaldesa-de-la-historia-de-siguenza\/#organizationLogo"},"sameAs":["https:\/\/www.facebook.com\/","https:\/\/x.com\/bercodi","https:\/\/www.instagram.com\/","https:\/\/www.youtube.com\/channel\/UCZP-2wLEB9Rv6erhFmqVnvg"]},{"@type":"Person","@id":"https:\/\/eldigitaldeasturias.com\/radio\/author\/nbasturias\/#author","url":"https:\/\/eldigitaldeasturias.com\/radio\/author\/nbasturias\/","name":"NBAsturias","image":{"@type":"ImageObject","@id":"https:\/\/eldigitaldeasturias.com\/radio\/maria-jesus-merino-ya-es-la-primera-alcaldesa-de-la-historia-de-siguenza\/#authorImage","url":"https:\/\/secure.gravatar.com\/avatar\/df2aeffc32bcd13f8d26072ef8a91b623d677766deac7f97ca815868cd41bf5e?s=96&d=mm&r=g","width":96,"height":96,"caption":"NBAsturias"}},{"@type":"WebPage","@id":"https:\/\/eldigitaldeasturias.com\/radio\/maria-jesus-merino-ya-es-la-primera-alcaldesa-de-la-historia-de-siguenza\/#webpage","url":"https:\/\/eldigitaldeasturias.com\/radio\/maria-jesus-merino-ya-es-la-primera-alcaldesa-de-la-historia-de-siguenza\/","name":"Mar\u00eda Jes\u00fas Merino ya es la primera alcaldesa de la historia de Sig\u00fcenza | El Digital de Asturias","description":"A partir de las 12:30 horas de esta ma\u00f1ana ha comenzado en el sal\u00f3n de Plenos del Ayuntamiento de Sig\u00fcenza la sesi\u00f3n constitutiva de la nueva Corporaci\u00f3n Municipal para el mandato 2019-2023, como resultado de las elecciones auton\u00f3micas y municipales del pasado 26 de mayo. La sesi\u00f3n ha comenzado con un minuto de silencio en","inLanguage":"es-ES","isPartOf":{"@id":"https:\/\/eldigitaldeasturias.com\/radio\/#website"},"breadcrumb":{"@id":"https:\/\/eldigitaldeasturias.com\/radio\/maria-jesus-merino-ya-es-la-primera-alcaldesa-de-la-historia-de-siguenza\/#breadcrumblist"},"author":{"@id":"https:\/\/eldigitaldeasturias.com\/radio\/author\/nbasturias\/#author"},"creator":{"@id":"https:\/\/eldigitaldeasturias.com\/radio\/author\/nbasturias\/#author"},"image":{"@type":"ImageObject","url":"https:\/\/eldigitaldeasturias.com\/radio\/wp-content\/uploads\/2019\/06\/1560752025_Corporaci_n_Municipal1560639342.jpg","@id":"https:\/\/eldigitaldeasturias.com\/radio\/maria-jesus-merino-ya-es-la-primera-alcaldesa-de-la-historia-de-siguenza\/#mainImage","width":800,"height":600},"primaryImageOfPage":{"@id":"https:\/\/eldigitaldeasturias.com\/radio\/maria-jesus-merino-ya-es-la-primera-alcaldesa-de-la-historia-de-siguenza\/#mainImage"},"datePublished":"2019-06-18T01:02:03+02:00","dateModified":"2019-06-18T01:02:03+02:00"},{"@type":"WebSite","@id":"https:\/\/eldigitaldeasturias.com\/radio\/#website","url":"https:\/\/eldigitaldeasturias.com\/radio\/","name":"El Digital de Asturias","description":"Diario de informaci\u00f3n y noticias","inLanguage":"es-ES","publisher":{"@id":"https:\/\/eldigitaldeasturias.com\/radio\/#organization"}}]},"og:locale":"es_ES","og:site_name":"El Digital de Asturias | Diario de informaci\u00f3n y noticias","og:type":"article","og:title":"Mar\u00eda Jes\u00fas Merino ya es la primera alcaldesa de la historia de Sig\u00fcenza | El Digital de Asturias","og:description":"A partir de las 12:30 horas de esta ma\u00f1ana ha comenzado en el sal\u00f3n de Plenos del Ayuntamiento de Sig\u00fcenza la sesi\u00f3n constitutiva de la nueva Corporaci\u00f3n Municipal para el mandato 2019-2023, como resultado de las elecciones auton\u00f3micas y municipales del pasado 26 de mayo. La sesi\u00f3n ha comenzado con un minuto de silencio en","og:url":"https:\/\/eldigitaldeasturias.com\/radio\/maria-jesus-merino-ya-es-la-primera-alcaldesa-de-la-historia-de-siguenza\/","og:image":"https:\/\/eldigitaldeasturias.com\/radio\/wp-content\/uploads\/2019\/06\/1560752025_Corporaci_n_Municipal1560639342.jpg","og:image:secure_url":"https:\/\/eldigitaldeasturias.com\/radio\/wp-content\/uploads\/2019\/06\/1560752025_Corporaci_n_Municipal1560639342.jpg","og:image:width":800,"og:image:height":600,"article:published_time":"2019-06-18T01:02:03+00:00","article:modified_time":"2019-06-18T01:02:03+00:00","twitter:card":"summary_large_image","twitter:site":"@bercodi","twitter:title":"Mar\u00eda Jes\u00fas Merino ya es la primera alcaldesa de la historia de Sig\u00fcenza | El Digital de Asturias","twitter:description":"A partir de las 12:30 horas de esta ma\u00f1ana ha comenzado en el sal\u00f3n de Plenos del Ayuntamiento de Sig\u00fcenza la sesi\u00f3n constitutiva de la nueva Corporaci\u00f3n Municipal para el mandato 2019-2023, como resultado de las elecciones auton\u00f3micas y municipales del pasado 26 de mayo. La sesi\u00f3n ha comenzado con un minuto de silencio en","twitter:creator":"@bercodi","twitter:image":"https:\/\/eldigitaldeasturias.com\/radio\/wp-content\/uploads\/2019\/06\/1560752025_Corporaci_n_Municipal1560639342.jpg"},"aioseo_meta_data":{"post_id":"2780","title":null,"description":null,"keywords":null,"keyphrases":null,"primary_term":null,"canonical_url":null,"og_title":null,"og_description":null,"og_object_type":"default","og_image_type":"default","og_image_url":null,"og_image_width":null,"og_image_height":null,"og_image_custom_url":null,"og_image_custom_fields":null,"og_video":null,"og_custom_url":null,"og_article_section":null,"og_article_tags":null,"twitter_use_og":false,"twitter_card":"default","twitter_image_type":"default","twitter_image_url":null,"twitter_image_custom_url":null,"twitter_image_custom_fields":null,"twitter_title":null,"twitter_description":null,"schema":{"blockGraphs":[],"customGraphs":[],"default":{"data":{"Article":[],"Course":[],"Dataset":[],"FAQPage":[],"Movie":[],"Person":[],"Product":[],"ProductReview":[],"Car":[],"Recipe":[],"Service":[],"SoftwareApplication":[],"WebPage":[]},"graphName":"","isEnabled":true},"graphs":[],"defaultGraph":"","defaultPostTypeGraph":""},"schema_type":null,"schema_type_options":null,"pillar_content":false,"robots_default":true,"robots_noindex":false,"robots_noarchive":false,"robots_nosnippet":false,"robots_nofollow":false,"robots_noimageindex":false,"robots_noodp":false,"robots_notranslate":false,"robots_max_snippet":null,"robots_max_videopreview":null,"robots_max_imagepreview":"large","priority":null,"frequency":null,"location":null,"local_seo":null,"seo_analyzer_scan_date":"2025-08-28 12:54:27","breadcrumb_settings":null,"limit_modified_date":false,"open_ai":null,"ai":null,"created":"2021-03-25 20:12:10","updated":"2025-08-28 12:54:27"},"aioseo_breadcrumb":"<div class=\"aioseo-breadcrumbs\"><span class=\"aioseo-breadcrumb\">\n\t<a href=\"https:\/\/eldigitaldeasturias.com\/radio\" title=\"Inicio\">Inicio<\/a>\n<\/span><span class=\"aioseo-breadcrumb-separator\">&ndash;<\/span><span class=\"aioseo-breadcrumb\">\n\t<a href=\"https:\/\/eldigitaldeasturias.com\/radio\/category\/noticias\/\" title=\"Noticias\">Noticias<\/a>\n<\/span><span class=\"aioseo-breadcrumb-separator\">&ndash;<\/span><span class=\"aioseo-breadcrumb\">\n\tMar\u00eda Jes\u00fas Merino ya es la primera alcaldesa de la historia de Sig\u00fcenza\n<\/span><\/div>","aioseo_breadcrumb_json":[{"label":"Inicio","link":"https:\/\/eldigitaldeasturias.com\/radio"},{"label":"Noticias","link":"https:\/\/eldigitaldeasturias.com\/radio\/category\/noticias\/"},{"label":"Mar\u00eda Jes\u00fas Merino ya es la primera alcaldesa de la historia de Sig\u00fcenza","link":"https:\/\/eldigitaldeasturias.com\/radio\/maria-jesus-merino-ya-es-la-primera-alcaldesa-de-la-historia-de-siguenza\/"}],"_links":{"self":[{"href":"https:\/\/eldigitaldeasturias.com\/radio\/wp-json\/wp\/v2\/posts\/2780","targetHints":{"allow":["GET"]}}],"collection":[{"href":"https:\/\/eldigitaldeasturias.com\/radio\/wp-json\/wp\/v2\/posts"}],"about":[{"href":"https:\/\/eldigitaldeasturias.com\/radio\/wp-json\/wp\/v2\/types\/post"}],"author":[{"embeddable":true,"href":"https:\/\/eldigitaldeasturias.com\/radio\/wp-json\/wp\/v2\/users\/1"}],"replies":[{"embeddable":true,"href":"https:\/\/eldigitaldeasturias.com\/radio\/wp-json\/wp\/v2\/comments?post=2780"}],"version-history":[{"count":0,"href":"https:\/\/eldigitaldeasturias.com\/radio\/wp-json\/wp\/v2\/posts\/2780\/revisions"}],"wp:featuredmedia":[{"embeddable":true,"href":"https:\/\/eldigitaldeasturias.com\/radio\/wp-json\/wp\/v2\/media\/2781"}],"wp:attachment":[{"href":"https:\/\/eldigitaldeasturias.com\/radio\/wp-json\/wp\/v2\/media?parent=2780"}],"wp:term":[{"taxonomy":"category","embeddable":true,"href":"https:\/\/eldigitaldeasturias.com\/radio\/wp-json\/wp\/v2\/categories?post=2780"},{"taxonomy":"post_tag","embeddable":true,"href":"https:\/\/eldigitaldeasturias.com\/radio\/wp-json\/wp\/v2\/tags?post=2780"}],"curies":[{"name":"wp","href":"https:\/\/api.w.org\/{rel}","templated":true}]}}