{"id":2776,"date":"2019-06-18T01:00:29","date_gmt":"2019-06-18T01:00:29","guid":{"rendered":"http:\/\/eldigitaldeasturias.com\/radio\/?p=2776"},"modified":"2019-06-18T01:00:55","modified_gmt":"2019-06-18T01:00:55","slug":"afa-angola-tricampeon-del-torneo-internacional-memorial-jose-luis-vara-de-futbol-7","status":"publish","type":"post","link":"https:\/\/eldigitaldeasturias.com\/radio\/afa-angola-tricampeon-del-torneo-internacional-memorial-jose-luis-vara-de-futbol-7\/","title":{"rendered":"AFA Angola tricampe\u00f3n del torneo internacional Memorial Jos\u00e9 Luis Vara de F\u00fatbol-7"},"content":{"rendered":"<p><img fetchpriority=\"high\" decoding=\"async\" class=\"alignleft size-medium wp-image-2777\" src=\"https:\/\/eldigitaldeasturias.com\/radio\/wp-content\/uploads\/2019\/06\/1560591485_XV_Torneo_de_Carballo_2019_Premios-360x270.jpg\" alt=\"\" width=\"360\" height=\"270\" srcset=\"https:\/\/eldigitaldeasturias.com\/radio\/wp-content\/uploads\/2019\/06\/1560591485_XV_Torneo_de_Carballo_2019_Premios-360x270.jpg 360w, https:\/\/eldigitaldeasturias.com\/radio\/wp-content\/uploads\/2019\/06\/1560591485_XV_Torneo_de_Carballo_2019_Premios-768x576.jpg 768w, https:\/\/eldigitaldeasturias.com\/radio\/wp-content\/uploads\/2019\/06\/1560591485_XV_Torneo_de_Carballo_2019_Premios.jpg 1024w\" sizes=\"(max-width: 360px) 100vw, 360px\" \/>La\u00a0<a href=\"http:\/\/www.futbolon.com\/afa-angola-tricampeon-del-torneo-internacional-memorial-jose-luis-vara-de-futbol-7\/\" target=\"_blank\" rel=\"nofollow noopener noreferrer\"><span style=\"color: #ff6600;\"><strong>AFA ha vuelto a reinar en el Torneo<\/strong><\/span><\/a>\u00a0despu\u00e9s de vencer el pasado 9 de junio al Atl\u00e9tico de Madrid por 2-3 en una disputada final y Eurico se llev\u00f3 el trofeo al m\u00e1ximo goleador de la competici\u00f3n. El tercer clasificado fue el Celta, que se impuso en la tanda de penaltis al Sporting de Gij\u00f3n en el partido para el tercer y cuarto puesto. Deportivo de la Coru\u00f1a ocup\u00f3 la sexta posici\u00f3n.<\/p>\n<p>En este XV Torneo internacional de F\u00fatbol-7 en Carballo la AFA present\u00f3 a su equipo infantil, que hab\u00eda conquistado la primera posici\u00f3n en la liga de Luanda, formado por jugadores que estuvieron el a\u00f1o pasado con una experiencia formativa en este torneo: Arnaldo, Eurico, Edinho, Kikas, Zacarias, Lucas, Cl\u00e1udio y tambi\u00e9n con otros infantiles que debutaban en esta competici\u00f3n: Alegria, Joaquim, \u00c0lex, Densel, M\u00e1ndela, Paulino, Eurio y Manelson.<\/p>\n<p>La Academia de F\u00fatbol de Angola fue creada hace 5 a\u00f1os gracias a una iniciativa del expresidente de la Rep\u00fablica, Jos\u00e9 Eduardo dos Santos que quiso impulsar un proyecto que diera la oportunidad a los ni\u00f1os con talento futbol\u00edstico de poder desarrollar todo su potencial fuera cual fuera su nivel econ\u00f3mico gracias a las becas de la Fundaci\u00f3n que impulsa la AFA. Otros de los ejes de la esta escuela de \u00e9lite es la educaci\u00f3n y formaci\u00f3n en los valores del deporte para todos los ni\u00f1os que son seleccionados para formar parte de la academia. Durante estos a\u00f1os la AFA ha tenido al frente como Director Ejecutivo al brasile\u00f1o Jos\u00e9 Lu\u00eds Garrido y al espa\u00f1ol Toni Cort\u00e9s como Director Deportivo.<\/p>\n<p>Como an\u00e9cdota cabe citar que el reciente fichaje del Real Madrid, el japon\u00e9s Takefusa Kubo, conocido por Take Kubo de 18 a\u00f1os, brill\u00f3 en la edici\u00f3n de 2013 de este torneo por encima del resto de jugadores siendo el m\u00e1ximo goleador de aquella edici\u00f3n.<\/p>\n","protected":false},"excerpt":{"rendered":"<p>La\u00a0AFA ha vuelto a reinar en el Torneo\u00a0despu\u00e9s de vencer el pasado 9 de junio al Atl\u00e9tico de Madrid por 2-3 en una disputada final y Eurico se llev\u00f3 el trofeo al m\u00e1ximo goleador de la competici\u00f3n. El tercer clasificado fue el Celta, que se impuso en la tanda de penaltis al Sporting de Gij\u00f3n<\/p>\n","protected":false},"author":1,"featured_media":2777,"comment_status":"closed","ping_status":"closed","sticky":false,"template":"","format":"standard","meta":{"footnotes":""},"categories":[1],"tags":[],"class_list":{"0":"post-2776","1":"post","2":"type-post","3":"status-publish","4":"format-standard","5":"has-post-thumbnail","7":"category-noticias"},"aioseo_notices":[],"aioseo_head":"\n\t\t<!-- All in One SEO Pro 4.9.6.2 - aioseo.com -->\n\t<meta name=\"description\" content=\"La AFA ha vuelto a reinar en el Torneo despu\u00e9s de vencer el pasado 9 de junio al Atl\u00e9tico de Madrid por 2-3 en una disputada final y Eurico se llev\u00f3 el trofeo al m\u00e1ximo goleador de la competici\u00f3n. El tercer clasificado fue el Celta, que se impuso en la tanda de penaltis al Sporting de Gij\u00f3n\" \/>\n\t<meta name=\"robots\" content=\"max-image-preview:large\" \/>\n\t<meta name=\"author\" content=\"NBAsturias\"\/>\n\t<meta name=\"google-site-verification\" content=\"UA-38556648-1\" \/>\n\t<meta name=\"keywords\" content=\"noticias\" \/>\n\t<link rel=\"canonical\" href=\"https:\/\/eldigitaldeasturias.com\/radio\/afa-angola-tricampeon-del-torneo-internacional-memorial-jose-luis-vara-de-futbol-7\/\" \/>\n\t<meta name=\"generator\" content=\"All in One SEO Pro (AIOSEO) 4.9.6.2\" \/>\n\t\t<meta property=\"og:locale\" content=\"es_ES\" \/>\n\t\t<meta property=\"og:site_name\" content=\"El Digital de Asturias | Diario de informaci\u00f3n y noticias\" \/>\n\t\t<meta property=\"og:type\" content=\"article\" \/>\n\t\t<meta property=\"og:title\" content=\"AFA Angola tricampe\u00f3n del torneo internacional Memorial Jos\u00e9 Luis Vara de F\u00fatbol-7 | El Digital de Asturias\" \/>\n\t\t<meta property=\"og:description\" content=\"La AFA ha vuelto a reinar en el Torneo despu\u00e9s de vencer el pasado 9 de junio al Atl\u00e9tico de Madrid por 2-3 en una disputada final y Eurico se llev\u00f3 el trofeo al m\u00e1ximo goleador de la competici\u00f3n. El tercer clasificado fue el Celta, que se impuso en la tanda de penaltis al Sporting de Gij\u00f3n\" \/>\n\t\t<meta property=\"og:url\" content=\"https:\/\/eldigitaldeasturias.com\/radio\/afa-angola-tricampeon-del-torneo-internacional-memorial-jose-luis-vara-de-futbol-7\/\" \/>\n\t\t<meta property=\"og:image\" content=\"https:\/\/eldigitaldeasturias.com\/radio\/wp-content\/uploads\/2019\/06\/1560591485_XV_Torneo_de_Carballo_2019_Premios.jpg\" \/>\n\t\t<meta property=\"og:image:secure_url\" content=\"https:\/\/eldigitaldeasturias.com\/radio\/wp-content\/uploads\/2019\/06\/1560591485_XV_Torneo_de_Carballo_2019_Premios.jpg\" \/>\n\t\t<meta property=\"og:image:width\" content=\"1024\" \/>\n\t\t<meta property=\"og:image:height\" content=\"768\" \/>\n\t\t<meta property=\"article:published_time\" content=\"2019-06-18T01:00:29+00:00\" \/>\n\t\t<meta property=\"article:modified_time\" content=\"2019-06-18T01:00:55+00:00\" \/>\n\t\t<meta name=\"twitter:card\" content=\"summary_large_image\" \/>\n\t\t<meta name=\"twitter:site\" content=\"@bercodi\" \/>\n\t\t<meta name=\"twitter:title\" content=\"AFA Angola tricampe\u00f3n del torneo internacional Memorial Jos\u00e9 Luis Vara de F\u00fatbol-7 | El Digital de Asturias\" \/>\n\t\t<meta name=\"twitter:description\" content=\"La AFA ha vuelto a reinar en el Torneo despu\u00e9s de vencer el pasado 9 de junio al Atl\u00e9tico de Madrid por 2-3 en una disputada final y Eurico se llev\u00f3 el trofeo al m\u00e1ximo goleador de la competici\u00f3n. El tercer clasificado fue el Celta, que se impuso en la tanda de penaltis al Sporting de Gij\u00f3n\" \/>\n\t\t<meta name=\"twitter:creator\" content=\"@bercodi\" \/>\n\t\t<meta name=\"twitter:image\" content=\"https:\/\/eldigitaldeasturias.com\/radio\/wp-content\/uploads\/2019\/06\/1560591485_XV_Torneo_de_Carballo_2019_Premios.jpg\" \/>\n\t\t<script type=\"application\/ld+json\" class=\"aioseo-schema\">\n\t\t\t{\"@context\":\"https:\\\/\\\/schema.org\",\"@graph\":[{\"@type\":\"BreadcrumbList\",\"@id\":\"https:\\\/\\\/eldigitaldeasturias.com\\\/radio\\\/afa-angola-tricampeon-del-torneo-internacional-memorial-jose-luis-vara-de-futbol-7\\\/#breadcrumblist\",\"itemListElement\":[{\"@type\":\"ListItem\",\"@id\":\"https:\\\/\\\/eldigitaldeasturias.com\\\/radio#listItem\",\"position\":1,\"name\":\"Inicio\",\"item\":\"https:\\\/\\\/eldigitaldeasturias.com\\\/radio\",\"nextItem\":{\"@type\":\"ListItem\",\"@id\":\"https:\\\/\\\/eldigitaldeasturias.com\\\/radio\\\/category\\\/noticias\\\/#listItem\",\"name\":\"Noticias\"}},{\"@type\":\"ListItem\",\"@id\":\"https:\\\/\\\/eldigitaldeasturias.com\\\/radio\\\/category\\\/noticias\\\/#listItem\",\"position\":2,\"name\":\"Noticias\",\"item\":\"https:\\\/\\\/eldigitaldeasturias.com\\\/radio\\\/category\\\/noticias\\\/\",\"nextItem\":{\"@type\":\"ListItem\",\"@id\":\"https:\\\/\\\/eldigitaldeasturias.com\\\/radio\\\/afa-angola-tricampeon-del-torneo-internacional-memorial-jose-luis-vara-de-futbol-7\\\/#listItem\",\"name\":\"AFA Angola tricampe\\u00f3n del torneo internacional Memorial Jos\\u00e9 Luis Vara de F\\u00fatbol-7\"},\"previousItem\":{\"@type\":\"ListItem\",\"@id\":\"https:\\\/\\\/eldigitaldeasturias.com\\\/radio#listItem\",\"name\":\"Inicio\"}},{\"@type\":\"ListItem\",\"@id\":\"https:\\\/\\\/eldigitaldeasturias.com\\\/radio\\\/afa-angola-tricampeon-del-torneo-internacional-memorial-jose-luis-vara-de-futbol-7\\\/#listItem\",\"position\":3,\"name\":\"AFA Angola tricampe\\u00f3n del torneo internacional Memorial Jos\\u00e9 Luis Vara de F\\u00fatbol-7\",\"previousItem\":{\"@type\":\"ListItem\",\"@id\":\"https:\\\/\\\/eldigitaldeasturias.com\\\/radio\\\/category\\\/noticias\\\/#listItem\",\"name\":\"Noticias\"}}]},{\"@type\":\"NewsArticle\",\"@id\":\"https:\\\/\\\/eldigitaldeasturias.com\\\/radio\\\/afa-angola-tricampeon-del-torneo-internacional-memorial-jose-luis-vara-de-futbol-7\\\/#newsarticle\",\"name\":\"AFA Angola tricampe\\u00f3n del torneo internacional Memorial Jos\\u00e9 Luis Vara de F\\u00fatbol-7 | El Digital de Asturias\",\"headline\":\"AFA Angola tricampe\\u00f3n del torneo internacional Memorial Jos\\u00e9 Luis Vara de F\\u00fatbol-7\",\"author\":{\"@id\":\"https:\\\/\\\/eldigitaldeasturias.com\\\/radio\\\/author\\\/nbasturias\\\/#author\"},\"publisher\":{\"@id\":\"https:\\\/\\\/eldigitaldeasturias.com\\\/radio\\\/#organization\"},\"image\":{\"@type\":\"ImageObject\",\"url\":\"https:\\\/\\\/eldigitaldeasturias.com\\\/radio\\\/wp-content\\\/uploads\\\/2019\\\/06\\\/1560591485_XV_Torneo_de_Carballo_2019_Premios.jpg\",\"width\":1024,\"height\":768},\"datePublished\":\"2019-06-18T01:00:29+02:00\",\"dateModified\":\"2019-06-18T01:00:55+02:00\",\"inLanguage\":\"es-ES\",\"mainEntityOfPage\":{\"@id\":\"https:\\\/\\\/eldigitaldeasturias.com\\\/radio\\\/afa-angola-tricampeon-del-torneo-internacional-memorial-jose-luis-vara-de-futbol-7\\\/#webpage\"},\"isPartOf\":{\"@id\":\"https:\\\/\\\/eldigitaldeasturias.com\\\/radio\\\/afa-angola-tricampeon-del-torneo-internacional-memorial-jose-luis-vara-de-futbol-7\\\/#webpage\"},\"articleSection\":\"Noticias\",\"dateline\":\"Publicado el junio 18, 2019.\"},{\"@type\":\"Organization\",\"@id\":\"https:\\\/\\\/eldigitaldeasturias.com\\\/radio\\\/#organization\",\"name\":\"El digital de Asturias Radio\",\"description\":\"Diario de informaci\\u00f3n y noticias\",\"url\":\"https:\\\/\\\/eldigitaldeasturias.com\\\/radio\\\/\",\"telephone\":\"+34652131393\",\"logo\":{\"@type\":\"ImageObject\",\"url\":\"https:\\\/\\\/www.eldigitaldeasturias.com\\\/radio\\\/wp-content\\\/uploads\\\/2021\\\/03\\\/EDA.jpg\",\"@id\":\"https:\\\/\\\/eldigitaldeasturias.com\\\/radio\\\/afa-angola-tricampeon-del-torneo-internacional-memorial-jose-luis-vara-de-futbol-7\\\/#organizationLogo\"},\"image\":{\"@id\":\"https:\\\/\\\/eldigitaldeasturias.com\\\/radio\\\/afa-angola-tricampeon-del-torneo-internacional-memorial-jose-luis-vara-de-futbol-7\\\/#organizationLogo\"},\"sameAs\":[\"https:\\\/\\\/www.facebook.com\\\/\",\"https:\\\/\\\/x.com\\\/bercodi\",\"https:\\\/\\\/www.instagram.com\\\/\",\"https:\\\/\\\/www.youtube.com\\\/channel\\\/UCZP-2wLEB9Rv6erhFmqVnvg\"]},{\"@type\":\"Person\",\"@id\":\"https:\\\/\\\/eldigitaldeasturias.com\\\/radio\\\/author\\\/nbasturias\\\/#author\",\"url\":\"https:\\\/\\\/eldigitaldeasturias.com\\\/radio\\\/author\\\/nbasturias\\\/\",\"name\":\"NBAsturias\",\"image\":{\"@type\":\"ImageObject\",\"@id\":\"https:\\\/\\\/eldigitaldeasturias.com\\\/radio\\\/afa-angola-tricampeon-del-torneo-internacional-memorial-jose-luis-vara-de-futbol-7\\\/#authorImage\",\"url\":\"https:\\\/\\\/secure.gravatar.com\\\/avatar\\\/df2aeffc32bcd13f8d26072ef8a91b623d677766deac7f97ca815868cd41bf5e?s=96&d=mm&r=g\",\"width\":96,\"height\":96,\"caption\":\"NBAsturias\"}},{\"@type\":\"WebPage\",\"@id\":\"https:\\\/\\\/eldigitaldeasturias.com\\\/radio\\\/afa-angola-tricampeon-del-torneo-internacional-memorial-jose-luis-vara-de-futbol-7\\\/#webpage\",\"url\":\"https:\\\/\\\/eldigitaldeasturias.com\\\/radio\\\/afa-angola-tricampeon-del-torneo-internacional-memorial-jose-luis-vara-de-futbol-7\\\/\",\"name\":\"AFA Angola tricampe\\u00f3n del torneo internacional Memorial Jos\\u00e9 Luis Vara de F\\u00fatbol-7 | El Digital de Asturias\",\"description\":\"La AFA ha vuelto a reinar en el Torneo despu\\u00e9s de vencer el pasado 9 de junio al Atl\\u00e9tico de Madrid por 2-3 en una disputada final y Eurico se llev\\u00f3 el trofeo al m\\u00e1ximo goleador de la competici\\u00f3n. El tercer clasificado fue el Celta, que se impuso en la tanda de penaltis al Sporting de Gij\\u00f3n\",\"inLanguage\":\"es-ES\",\"isPartOf\":{\"@id\":\"https:\\\/\\\/eldigitaldeasturias.com\\\/radio\\\/#website\"},\"breadcrumb\":{\"@id\":\"https:\\\/\\\/eldigitaldeasturias.com\\\/radio\\\/afa-angola-tricampeon-del-torneo-internacional-memorial-jose-luis-vara-de-futbol-7\\\/#breadcrumblist\"},\"author\":{\"@id\":\"https:\\\/\\\/eldigitaldeasturias.com\\\/radio\\\/author\\\/nbasturias\\\/#author\"},\"creator\":{\"@id\":\"https:\\\/\\\/eldigitaldeasturias.com\\\/radio\\\/author\\\/nbasturias\\\/#author\"},\"image\":{\"@type\":\"ImageObject\",\"url\":\"https:\\\/\\\/eldigitaldeasturias.com\\\/radio\\\/wp-content\\\/uploads\\\/2019\\\/06\\\/1560591485_XV_Torneo_de_Carballo_2019_Premios.jpg\",\"@id\":\"https:\\\/\\\/eldigitaldeasturias.com\\\/radio\\\/afa-angola-tricampeon-del-torneo-internacional-memorial-jose-luis-vara-de-futbol-7\\\/#mainImage\",\"width\":1024,\"height\":768},\"primaryImageOfPage\":{\"@id\":\"https:\\\/\\\/eldigitaldeasturias.com\\\/radio\\\/afa-angola-tricampeon-del-torneo-internacional-memorial-jose-luis-vara-de-futbol-7\\\/#mainImage\"},\"datePublished\":\"2019-06-18T01:00:29+02:00\",\"dateModified\":\"2019-06-18T01:00:55+02:00\"},{\"@type\":\"WebSite\",\"@id\":\"https:\\\/\\\/eldigitaldeasturias.com\\\/radio\\\/#website\",\"url\":\"https:\\\/\\\/eldigitaldeasturias.com\\\/radio\\\/\",\"name\":\"El Digital de Asturias\",\"description\":\"Diario de informaci\\u00f3n y noticias\",\"inLanguage\":\"es-ES\",\"publisher\":{\"@id\":\"https:\\\/\\\/eldigitaldeasturias.com\\\/radio\\\/#organization\"}}]}\n\t\t<\/script>\n\t\t<!-- All in One SEO Pro -->\r\n\t\t<title>AFA Angola tricampe\u00f3n del torneo internacional Memorial Jos\u00e9 Luis Vara de F\u00fatbol-7 | El Digital de Asturias<\/title>\n\n","aioseo_head_json":{"title":"AFA Angola tricampe\u00f3n del torneo internacional Memorial Jos\u00e9 Luis Vara de F\u00fatbol-7 | El Digital de Asturias","description":"La AFA ha vuelto a reinar en el Torneo despu\u00e9s de vencer el pasado 9 de junio al Atl\u00e9tico de Madrid por 2-3 en una disputada final y Eurico se llev\u00f3 el trofeo al m\u00e1ximo goleador de la competici\u00f3n. El tercer clasificado fue el Celta, que se impuso en la tanda de penaltis al Sporting de Gij\u00f3n","canonical_url":"https:\/\/eldigitaldeasturias.com\/radio\/afa-angola-tricampeon-del-torneo-internacional-memorial-jose-luis-vara-de-futbol-7\/","robots":"max-image-preview:large","keywords":"noticias","webmasterTools":{"google-site-verification":"UA-38556648-1","miscellaneous":""},"schema":{"@context":"https:\/\/schema.org","@graph":[{"@type":"BreadcrumbList","@id":"https:\/\/eldigitaldeasturias.com\/radio\/afa-angola-tricampeon-del-torneo-internacional-memorial-jose-luis-vara-de-futbol-7\/#breadcrumblist","itemListElement":[{"@type":"ListItem","@id":"https:\/\/eldigitaldeasturias.com\/radio#listItem","position":1,"name":"Inicio","item":"https:\/\/eldigitaldeasturias.com\/radio","nextItem":{"@type":"ListItem","@id":"https:\/\/eldigitaldeasturias.com\/radio\/category\/noticias\/#listItem","name":"Noticias"}},{"@type":"ListItem","@id":"https:\/\/eldigitaldeasturias.com\/radio\/category\/noticias\/#listItem","position":2,"name":"Noticias","item":"https:\/\/eldigitaldeasturias.com\/radio\/category\/noticias\/","nextItem":{"@type":"ListItem","@id":"https:\/\/eldigitaldeasturias.com\/radio\/afa-angola-tricampeon-del-torneo-internacional-memorial-jose-luis-vara-de-futbol-7\/#listItem","name":"AFA Angola tricampe\u00f3n del torneo internacional Memorial Jos\u00e9 Luis Vara de F\u00fatbol-7"},"previousItem":{"@type":"ListItem","@id":"https:\/\/eldigitaldeasturias.com\/radio#listItem","name":"Inicio"}},{"@type":"ListItem","@id":"https:\/\/eldigitaldeasturias.com\/radio\/afa-angola-tricampeon-del-torneo-internacional-memorial-jose-luis-vara-de-futbol-7\/#listItem","position":3,"name":"AFA Angola tricampe\u00f3n del torneo internacional Memorial Jos\u00e9 Luis Vara de F\u00fatbol-7","previousItem":{"@type":"ListItem","@id":"https:\/\/eldigitaldeasturias.com\/radio\/category\/noticias\/#listItem","name":"Noticias"}}]},{"@type":"NewsArticle","@id":"https:\/\/eldigitaldeasturias.com\/radio\/afa-angola-tricampeon-del-torneo-internacional-memorial-jose-luis-vara-de-futbol-7\/#newsarticle","name":"AFA Angola tricampe\u00f3n del torneo internacional Memorial Jos\u00e9 Luis Vara de F\u00fatbol-7 | El Digital de Asturias","headline":"AFA Angola tricampe\u00f3n del torneo internacional Memorial Jos\u00e9 Luis Vara de F\u00fatbol-7","author":{"@id":"https:\/\/eldigitaldeasturias.com\/radio\/author\/nbasturias\/#author"},"publisher":{"@id":"https:\/\/eldigitaldeasturias.com\/radio\/#organization"},"image":{"@type":"ImageObject","url":"https:\/\/eldigitaldeasturias.com\/radio\/wp-content\/uploads\/2019\/06\/1560591485_XV_Torneo_de_Carballo_2019_Premios.jpg","width":1024,"height":768},"datePublished":"2019-06-18T01:00:29+02:00","dateModified":"2019-06-18T01:00:55+02:00","inLanguage":"es-ES","mainEntityOfPage":{"@id":"https:\/\/eldigitaldeasturias.com\/radio\/afa-angola-tricampeon-del-torneo-internacional-memorial-jose-luis-vara-de-futbol-7\/#webpage"},"isPartOf":{"@id":"https:\/\/eldigitaldeasturias.com\/radio\/afa-angola-tricampeon-del-torneo-internacional-memorial-jose-luis-vara-de-futbol-7\/#webpage"},"articleSection":"Noticias","dateline":"Publicado el junio 18, 2019."},{"@type":"Organization","@id":"https:\/\/eldigitaldeasturias.com\/radio\/#organization","name":"El digital de Asturias Radio","description":"Diario de informaci\u00f3n y noticias","url":"https:\/\/eldigitaldeasturias.com\/radio\/","telephone":"+34652131393","logo":{"@type":"ImageObject","url":"https:\/\/www.eldigitaldeasturias.com\/radio\/wp-content\/uploads\/2021\/03\/EDA.jpg","@id":"https:\/\/eldigitaldeasturias.com\/radio\/afa-angola-tricampeon-del-torneo-internacional-memorial-jose-luis-vara-de-futbol-7\/#organizationLogo"},"image":{"@id":"https:\/\/eldigitaldeasturias.com\/radio\/afa-angola-tricampeon-del-torneo-internacional-memorial-jose-luis-vara-de-futbol-7\/#organizationLogo"},"sameAs":["https:\/\/www.facebook.com\/","https:\/\/x.com\/bercodi","https:\/\/www.instagram.com\/","https:\/\/www.youtube.com\/channel\/UCZP-2wLEB9Rv6erhFmqVnvg"]},{"@type":"Person","@id":"https:\/\/eldigitaldeasturias.com\/radio\/author\/nbasturias\/#author","url":"https:\/\/eldigitaldeasturias.com\/radio\/author\/nbasturias\/","name":"NBAsturias","image":{"@type":"ImageObject","@id":"https:\/\/eldigitaldeasturias.com\/radio\/afa-angola-tricampeon-del-torneo-internacional-memorial-jose-luis-vara-de-futbol-7\/#authorImage","url":"https:\/\/secure.gravatar.com\/avatar\/df2aeffc32bcd13f8d26072ef8a91b623d677766deac7f97ca815868cd41bf5e?s=96&d=mm&r=g","width":96,"height":96,"caption":"NBAsturias"}},{"@type":"WebPage","@id":"https:\/\/eldigitaldeasturias.com\/radio\/afa-angola-tricampeon-del-torneo-internacional-memorial-jose-luis-vara-de-futbol-7\/#webpage","url":"https:\/\/eldigitaldeasturias.com\/radio\/afa-angola-tricampeon-del-torneo-internacional-memorial-jose-luis-vara-de-futbol-7\/","name":"AFA Angola tricampe\u00f3n del torneo internacional Memorial Jos\u00e9 Luis Vara de F\u00fatbol-7 | El Digital de Asturias","description":"La AFA ha vuelto a reinar en el Torneo despu\u00e9s de vencer el pasado 9 de junio al Atl\u00e9tico de Madrid por 2-3 en una disputada final y Eurico se llev\u00f3 el trofeo al m\u00e1ximo goleador de la competici\u00f3n. El tercer clasificado fue el Celta, que se impuso en la tanda de penaltis al Sporting de Gij\u00f3n","inLanguage":"es-ES","isPartOf":{"@id":"https:\/\/eldigitaldeasturias.com\/radio\/#website"},"breadcrumb":{"@id":"https:\/\/eldigitaldeasturias.com\/radio\/afa-angola-tricampeon-del-torneo-internacional-memorial-jose-luis-vara-de-futbol-7\/#breadcrumblist"},"author":{"@id":"https:\/\/eldigitaldeasturias.com\/radio\/author\/nbasturias\/#author"},"creator":{"@id":"https:\/\/eldigitaldeasturias.com\/radio\/author\/nbasturias\/#author"},"image":{"@type":"ImageObject","url":"https:\/\/eldigitaldeasturias.com\/radio\/wp-content\/uploads\/2019\/06\/1560591485_XV_Torneo_de_Carballo_2019_Premios.jpg","@id":"https:\/\/eldigitaldeasturias.com\/radio\/afa-angola-tricampeon-del-torneo-internacional-memorial-jose-luis-vara-de-futbol-7\/#mainImage","width":1024,"height":768},"primaryImageOfPage":{"@id":"https:\/\/eldigitaldeasturias.com\/radio\/afa-angola-tricampeon-del-torneo-internacional-memorial-jose-luis-vara-de-futbol-7\/#mainImage"},"datePublished":"2019-06-18T01:00:29+02:00","dateModified":"2019-06-18T01:00:55+02:00"},{"@type":"WebSite","@id":"https:\/\/eldigitaldeasturias.com\/radio\/#website","url":"https:\/\/eldigitaldeasturias.com\/radio\/","name":"El Digital de Asturias","description":"Diario de informaci\u00f3n y noticias","inLanguage":"es-ES","publisher":{"@id":"https:\/\/eldigitaldeasturias.com\/radio\/#organization"}}]},"og:locale":"es_ES","og:site_name":"El Digital de Asturias | Diario de informaci\u00f3n y noticias","og:type":"article","og:title":"AFA Angola tricampe\u00f3n del torneo internacional Memorial Jos\u00e9 Luis Vara de F\u00fatbol-7 | El Digital de Asturias","og:description":"La AFA ha vuelto a reinar en el Torneo despu\u00e9s de vencer el pasado 9 de junio al Atl\u00e9tico de Madrid por 2-3 en una disputada final y Eurico se llev\u00f3 el trofeo al m\u00e1ximo goleador de la competici\u00f3n. El tercer clasificado fue el Celta, que se impuso en la tanda de penaltis al Sporting de Gij\u00f3n","og:url":"https:\/\/eldigitaldeasturias.com\/radio\/afa-angola-tricampeon-del-torneo-internacional-memorial-jose-luis-vara-de-futbol-7\/","og:image":"https:\/\/eldigitaldeasturias.com\/radio\/wp-content\/uploads\/2019\/06\/1560591485_XV_Torneo_de_Carballo_2019_Premios.jpg","og:image:secure_url":"https:\/\/eldigitaldeasturias.com\/radio\/wp-content\/uploads\/2019\/06\/1560591485_XV_Torneo_de_Carballo_2019_Premios.jpg","og:image:width":1024,"og:image:height":768,"article:published_time":"2019-06-18T01:00:29+00:00","article:modified_time":"2019-06-18T01:00:55+00:00","twitter:card":"summary_large_image","twitter:site":"@bercodi","twitter:title":"AFA Angola tricampe\u00f3n del torneo internacional Memorial Jos\u00e9 Luis Vara de F\u00fatbol-7 | El Digital de Asturias","twitter:description":"La AFA ha vuelto a reinar en el Torneo despu\u00e9s de vencer el pasado 9 de junio al Atl\u00e9tico de Madrid por 2-3 en una disputada final y Eurico se llev\u00f3 el trofeo al m\u00e1ximo goleador de la competici\u00f3n. El tercer clasificado fue el Celta, que se impuso en la tanda de penaltis al Sporting de Gij\u00f3n","twitter:creator":"@bercodi","twitter:image":"https:\/\/eldigitaldeasturias.com\/radio\/wp-content\/uploads\/2019\/06\/1560591485_XV_Torneo_de_Carballo_2019_Premios.jpg"},"aioseo_meta_data":{"post_id":"2776","title":null,"description":null,"keywords":null,"keyphrases":null,"primary_term":null,"canonical_url":null,"og_title":null,"og_description":null,"og_object_type":"default","og_image_type":"default","og_image_url":null,"og_image_width":null,"og_image_height":null,"og_image_custom_url":null,"og_image_custom_fields":null,"og_video":null,"og_custom_url":null,"og_article_section":null,"og_article_tags":null,"twitter_use_og":false,"twitter_card":"default","twitter_image_type":"default","twitter_image_url":null,"twitter_image_custom_url":null,"twitter_image_custom_fields":null,"twitter_title":null,"twitter_description":null,"schema":{"blockGraphs":[],"customGraphs":[],"default":{"data":{"Article":[],"Course":[],"Dataset":[],"FAQPage":[],"Movie":[],"Person":[],"Product":[],"ProductReview":[],"Car":[],"Recipe":[],"Service":[],"SoftwareApplication":[],"WebPage":[]},"graphName":"","isEnabled":true},"graphs":[]},"schema_type":null,"schema_type_options":null,"pillar_content":false,"robots_default":true,"robots_noindex":false,"robots_noarchive":false,"robots_nosnippet":false,"robots_nofollow":false,"robots_noimageindex":false,"robots_noodp":false,"robots_notranslate":false,"robots_max_snippet":null,"robots_max_videopreview":null,"robots_max_imagepreview":"large","priority":null,"frequency":null,"location":null,"local_seo":null,"seo_analyzer_scan_date":"2025-08-28 12:54:26","breadcrumb_settings":null,"limit_modified_date":false,"open_ai":null,"ai":null,"created":"2021-03-25 20:49:22","updated":"2025-08-28 12:54:26"},"aioseo_breadcrumb":"<div class=\"aioseo-breadcrumbs\"><span class=\"aioseo-breadcrumb\">\n\t<a href=\"https:\/\/eldigitaldeasturias.com\/radio\" title=\"Inicio\">Inicio<\/a>\n<\/span><span class=\"aioseo-breadcrumb-separator\">&ndash;<\/span><span class=\"aioseo-breadcrumb\">\n\t<a href=\"https:\/\/eldigitaldeasturias.com\/radio\/category\/noticias\/\" title=\"Noticias\">Noticias<\/a>\n<\/span><span class=\"aioseo-breadcrumb-separator\">&ndash;<\/span><span class=\"aioseo-breadcrumb\">\n\tAFA Angola tricampe\u00f3n del torneo internacional Memorial Jos\u00e9 Luis Vara de F\u00fatbol-7\n<\/span><\/div>","aioseo_breadcrumb_json":[{"label":"Inicio","link":"https:\/\/eldigitaldeasturias.com\/radio"},{"label":"Noticias","link":"https:\/\/eldigitaldeasturias.com\/radio\/category\/noticias\/"},{"label":"AFA Angola tricampe\u00f3n del torneo internacional Memorial Jos\u00e9 Luis Vara de F\u00fatbol-7","link":"https:\/\/eldigitaldeasturias.com\/radio\/afa-angola-tricampeon-del-torneo-internacional-memorial-jose-luis-vara-de-futbol-7\/"}],"_links":{"self":[{"href":"https:\/\/eldigitaldeasturias.com\/radio\/wp-json\/wp\/v2\/posts\/2776","targetHints":{"allow":["GET"]}}],"collection":[{"href":"https:\/\/eldigitaldeasturias.com\/radio\/wp-json\/wp\/v2\/posts"}],"about":[{"href":"https:\/\/eldigitaldeasturias.com\/radio\/wp-json\/wp\/v2\/types\/post"}],"author":[{"embeddable":true,"href":"https:\/\/eldigitaldeasturias.com\/radio\/wp-json\/wp\/v2\/users\/1"}],"replies":[{"embeddable":true,"href":"https:\/\/eldigitaldeasturias.com\/radio\/wp-json\/wp\/v2\/comments?post=2776"}],"version-history":[{"count":0,"href":"https:\/\/eldigitaldeasturias.com\/radio\/wp-json\/wp\/v2\/posts\/2776\/revisions"}],"wp:featuredmedia":[{"embeddable":true,"href":"https:\/\/eldigitaldeasturias.com\/radio\/wp-json\/wp\/v2\/media\/2777"}],"wp:attachment":[{"href":"https:\/\/eldigitaldeasturias.com\/radio\/wp-json\/wp\/v2\/media?parent=2776"}],"wp:term":[{"taxonomy":"category","embeddable":true,"href":"https:\/\/eldigitaldeasturias.com\/radio\/wp-json\/wp\/v2\/categories?post=2776"},{"taxonomy":"post_tag","embeddable":true,"href":"https:\/\/eldigitaldeasturias.com\/radio\/wp-json\/wp\/v2\/tags?post=2776"}],"curies":[{"name":"wp","href":"https:\/\/api.w.org\/{rel}","templated":true}]}}