{"id":2756,"date":"2019-06-02T19:35:31","date_gmt":"2019-06-02T19:35:31","guid":{"rendered":"http:\/\/eldigitaldeasturias.com\/radio\/?p=2756"},"modified":"2019-06-02T19:53:06","modified_gmt":"2019-06-02T19:53:06","slug":"alemania-festeja-el-dia-del-patrimonio-mundial-de-la-unesco","status":"publish","type":"post","link":"https:\/\/eldigitaldeasturias.com\/radio\/alemania-festeja-el-dia-del-patrimonio-mundial-de-la-unesco\/","title":{"rendered":"Alemania festeja el D\u00eda del Patrimonio Mundial de la Unesco"},"content":{"rendered":"<p><img fetchpriority=\"high\" decoding=\"async\" class=\"alignleft size-medium wp-image-2758\" src=\"https:\/\/eldigitaldeasturias.com\/radio\/wp-content\/uploads\/2019\/06\/Dia-Unesco-360x241.jpg\" alt=\"\" width=\"360\" height=\"241\" srcset=\"https:\/\/eldigitaldeasturias.com\/radio\/wp-content\/uploads\/2019\/06\/Dia-Unesco-360x241.jpg 360w, https:\/\/eldigitaldeasturias.com\/radio\/wp-content\/uploads\/2019\/06\/Dia-Unesco-768x514.jpg 768w, https:\/\/eldigitaldeasturias.com\/radio\/wp-content\/uploads\/2019\/06\/Dia-Unesco.jpg 1016w\" sizes=\"(max-width: 360px) 100vw, 360px\" \/>Quedlinburg (Alemania), 2 jun (dpa) &#8211; Con muy buen clima veraniego y un programa de exposiciones, conciertos y visitas guiadas, comenzaron hoy los festejos por el D\u00eda del Patrimonio Mundial de la Unesco en Alemania.<\/p>\n<p>La presidenta de la comisi\u00f3n alemana de la Unesco, Maria B\u00f6hmer, y el primer ministro del estado federado de Sajonia-Anhalt, Reiner Haseloff, inauguraron el evento que incluye a los 44 sitios alemanes declarados patrimonio cultural o natural por la Organizaci\u00f3n de las Naciones Unidas para la Educaci\u00f3n, la Ciencia y la Cultura (Unesco).<\/p>\n<p>El festejo se llev\u00f3 a cabo en la ciudad alemana de Quedlinburg, declarada patrimonio cultural de la Unesco.<\/p>\n<p>Este d\u00eda se festeja desde 2005 siempre el primer domingo de junio y los 44 sitios alemanes ubicados entre el Mar de Wadden al norte y el lago de Constanza al sur del pa\u00eds, que fueron declarados patrimonio mundial buscan destacar su importancia y atraer a m\u00e1s vistantes.<\/p>\n<p>Para la inauguraci\u00f3n central en la ciudad sajona de Quedlinburg se soltaron simb\u00f3licamente palomas blancas mientras que sobre el escenario de la plaza central de la ciudad hubo teatro, danza, ciclos de conversaciones y presentaciones, informaron la comisi\u00f3n alemana de la Unesco y la ciudad.<\/p>\n<p>\u00abLos sitios de patrimonio mundial son testigos del poder creador sobresaliente de la humanidad\u00bb, se\u00f1al\u00f3 B\u00f6hmer por medio de un comunicado.<\/p>\n<p>\u00abRepresentan el tesoro que nos han legado las generaciones pasadas\u00bb, a\u00f1adi\u00f3 e indic\u00f3 que se trata de crear puentes entre pasado y futuro.<\/p>\n<p>El casco antiguo de Quedlinburg, con sus 2.000 casas t\u00edpicas con entramado de madera de ocho siglos de antig\u00fcedad, se encuentra desde 1994 en la lista de patrimonio mundial de la Unesco.<\/p>\n<p>Las sitios de patrimonio mundial son, seg\u00fan la comisi\u00f3n de la Unesco, testigos de culturas pasadas, obras maestras art\u00edsticas y paisajes \u00fanicos.<\/p>\n<p>En todo el mundo hay m\u00e1s de 1.000 de estos sitios en m\u00e1s de 160 pa\u00edses. De los 44 sitios de patrimonio mundial con que cuenta Alemania, cinco se encuentran en el estado federado de Sajonia-Anhalt.<\/p>\n<p>La apertura central del D\u00eda de Patrimonio Mundial fue parte del festejo de tres d\u00edas del D\u00eda de Sajonia-Anhalt en Quedlinburg, que comenz\u00f3 el viernes.<\/p>\n<p>Para ello se levant\u00f3 en la ciudad un \u00abpueblo de patrimonio mundial\u00bb con m\u00e1s de 20 puestos para celebrar la mayor fiesta popular de este estado federal ubicado en el este alem\u00e1n.<\/p>\n","protected":false},"excerpt":{"rendered":"<p>Quedlinburg (Alemania), 2 jun (dpa) &#8211; Con muy buen clima veraniego y un programa de exposiciones, conciertos y visitas guiadas, comenzaron hoy los festejos por el D\u00eda del Patrimonio Mundial de la Unesco en Alemania. La presidenta de la comisi\u00f3n alemana de la Unesco, Maria B\u00f6hmer, y el primer ministro del estado federado de Sajonia-Anhalt,<\/p>\n","protected":false},"author":1,"featured_media":2758,"comment_status":"closed","ping_status":"closed","sticky":false,"template":"","format":"standard","meta":{"footnotes":""},"categories":[1],"tags":[],"class_list":{"0":"post-2756","1":"post","2":"type-post","3":"status-publish","4":"format-standard","5":"has-post-thumbnail","7":"category-noticias"},"aioseo_notices":[],"aioseo_head":"\n\t\t<!-- All in One SEO Pro 4.9.6.2 - aioseo.com -->\n\t<meta name=\"description\" content=\"Quedlinburg (Alemania), 2 jun (dpa) - Con muy buen clima veraniego y un programa de exposiciones, conciertos y visitas guiadas, comenzaron hoy los festejos por el D\u00eda del Patrimonio Mundial de la Unesco en Alemania. La presidenta de la comisi\u00f3n alemana de la Unesco, Maria B\u00f6hmer, y el primer ministro del estado federado de Sajonia-Anhalt,\" \/>\n\t<meta name=\"robots\" content=\"max-image-preview:large\" \/>\n\t<meta name=\"author\" content=\"NBAsturias\"\/>\n\t<meta name=\"google-site-verification\" content=\"UA-38556648-1\" \/>\n\t<meta name=\"keywords\" content=\"noticias\" \/>\n\t<link rel=\"canonical\" href=\"https:\/\/eldigitaldeasturias.com\/radio\/alemania-festeja-el-dia-del-patrimonio-mundial-de-la-unesco\/\" \/>\n\t<meta name=\"generator\" content=\"All in One SEO Pro (AIOSEO) 4.9.6.2\" \/>\n\t\t<meta property=\"og:locale\" content=\"es_ES\" \/>\n\t\t<meta property=\"og:site_name\" content=\"El Digital de Asturias | Diario de informaci\u00f3n y noticias\" \/>\n\t\t<meta property=\"og:type\" content=\"article\" \/>\n\t\t<meta property=\"og:title\" content=\"Alemania festeja el D\u00eda del Patrimonio Mundial de la Unesco | El Digital de Asturias\" \/>\n\t\t<meta property=\"og:description\" content=\"Quedlinburg (Alemania), 2 jun (dpa) - Con muy buen clima veraniego y un programa de exposiciones, conciertos y visitas guiadas, comenzaron hoy los festejos por el D\u00eda del Patrimonio Mundial de la Unesco en Alemania. La presidenta de la comisi\u00f3n alemana de la Unesco, Maria B\u00f6hmer, y el primer ministro del estado federado de Sajonia-Anhalt,\" \/>\n\t\t<meta property=\"og:url\" content=\"https:\/\/eldigitaldeasturias.com\/radio\/alemania-festeja-el-dia-del-patrimonio-mundial-de-la-unesco\/\" \/>\n\t\t<meta property=\"og:image\" content=\"https:\/\/eldigitaldeasturias.com\/radio\/wp-content\/uploads\/2019\/06\/Dia-Unesco.jpg\" \/>\n\t\t<meta property=\"og:image:secure_url\" content=\"https:\/\/eldigitaldeasturias.com\/radio\/wp-content\/uploads\/2019\/06\/Dia-Unesco.jpg\" \/>\n\t\t<meta property=\"og:image:width\" content=\"1016\" \/>\n\t\t<meta property=\"og:image:height\" content=\"680\" \/>\n\t\t<meta property=\"article:published_time\" content=\"2019-06-02T19:35:31+00:00\" \/>\n\t\t<meta property=\"article:modified_time\" content=\"2019-06-02T19:53:06+00:00\" \/>\n\t\t<meta name=\"twitter:card\" content=\"summary_large_image\" \/>\n\t\t<meta name=\"twitter:site\" content=\"@bercodi\" \/>\n\t\t<meta name=\"twitter:title\" content=\"Alemania festeja el D\u00eda del Patrimonio Mundial de la Unesco | El Digital de Asturias\" \/>\n\t\t<meta name=\"twitter:description\" content=\"Quedlinburg (Alemania), 2 jun (dpa) - Con muy buen clima veraniego y un programa de exposiciones, conciertos y visitas guiadas, comenzaron hoy los festejos por el D\u00eda del Patrimonio Mundial de la Unesco en Alemania. La presidenta de la comisi\u00f3n alemana de la Unesco, Maria B\u00f6hmer, y el primer ministro del estado federado de Sajonia-Anhalt,\" \/>\n\t\t<meta name=\"twitter:creator\" content=\"@bercodi\" \/>\n\t\t<meta name=\"twitter:image\" content=\"https:\/\/eldigitaldeasturias.com\/radio\/wp-content\/uploads\/2019\/06\/Dia-Unesco.jpg\" \/>\n\t\t<script type=\"application\/ld+json\" class=\"aioseo-schema\">\n\t\t\t{\"@context\":\"https:\\\/\\\/schema.org\",\"@graph\":[{\"@type\":\"BreadcrumbList\",\"@id\":\"https:\\\/\\\/eldigitaldeasturias.com\\\/radio\\\/alemania-festeja-el-dia-del-patrimonio-mundial-de-la-unesco\\\/#breadcrumblist\",\"itemListElement\":[{\"@type\":\"ListItem\",\"@id\":\"https:\\\/\\\/eldigitaldeasturias.com\\\/radio#listItem\",\"position\":1,\"name\":\"Inicio\",\"item\":\"https:\\\/\\\/eldigitaldeasturias.com\\\/radio\",\"nextItem\":{\"@type\":\"ListItem\",\"@id\":\"https:\\\/\\\/eldigitaldeasturias.com\\\/radio\\\/category\\\/noticias\\\/#listItem\",\"name\":\"Noticias\"}},{\"@type\":\"ListItem\",\"@id\":\"https:\\\/\\\/eldigitaldeasturias.com\\\/radio\\\/category\\\/noticias\\\/#listItem\",\"position\":2,\"name\":\"Noticias\",\"item\":\"https:\\\/\\\/eldigitaldeasturias.com\\\/radio\\\/category\\\/noticias\\\/\",\"nextItem\":{\"@type\":\"ListItem\",\"@id\":\"https:\\\/\\\/eldigitaldeasturias.com\\\/radio\\\/alemania-festeja-el-dia-del-patrimonio-mundial-de-la-unesco\\\/#listItem\",\"name\":\"Alemania festeja el D\\u00eda del Patrimonio Mundial de la Unesco\"},\"previousItem\":{\"@type\":\"ListItem\",\"@id\":\"https:\\\/\\\/eldigitaldeasturias.com\\\/radio#listItem\",\"name\":\"Inicio\"}},{\"@type\":\"ListItem\",\"@id\":\"https:\\\/\\\/eldigitaldeasturias.com\\\/radio\\\/alemania-festeja-el-dia-del-patrimonio-mundial-de-la-unesco\\\/#listItem\",\"position\":3,\"name\":\"Alemania festeja el D\\u00eda del Patrimonio Mundial de la Unesco\",\"previousItem\":{\"@type\":\"ListItem\",\"@id\":\"https:\\\/\\\/eldigitaldeasturias.com\\\/radio\\\/category\\\/noticias\\\/#listItem\",\"name\":\"Noticias\"}}]},{\"@type\":\"NewsArticle\",\"@id\":\"https:\\\/\\\/eldigitaldeasturias.com\\\/radio\\\/alemania-festeja-el-dia-del-patrimonio-mundial-de-la-unesco\\\/#newsarticle\",\"name\":\"Alemania festeja el D\\u00eda del Patrimonio Mundial de la Unesco | El Digital de Asturias\",\"headline\":\"Alemania festeja el D\\u00eda del Patrimonio Mundial de la Unesco\",\"author\":{\"@id\":\"https:\\\/\\\/eldigitaldeasturias.com\\\/radio\\\/author\\\/nbasturias\\\/#author\"},\"publisher\":{\"@id\":\"https:\\\/\\\/eldigitaldeasturias.com\\\/radio\\\/#organization\"},\"image\":{\"@type\":\"ImageObject\",\"url\":\"https:\\\/\\\/eldigitaldeasturias.com\\\/radio\\\/wp-content\\\/uploads\\\/2019\\\/06\\\/Dia-Unesco.jpg\",\"width\":1016,\"height\":680},\"datePublished\":\"2019-06-02T19:35:31+02:00\",\"dateModified\":\"2019-06-02T19:53:06+02:00\",\"inLanguage\":\"es-ES\",\"mainEntityOfPage\":{\"@id\":\"https:\\\/\\\/eldigitaldeasturias.com\\\/radio\\\/alemania-festeja-el-dia-del-patrimonio-mundial-de-la-unesco\\\/#webpage\"},\"isPartOf\":{\"@id\":\"https:\\\/\\\/eldigitaldeasturias.com\\\/radio\\\/alemania-festeja-el-dia-del-patrimonio-mundial-de-la-unesco\\\/#webpage\"},\"articleSection\":\"Noticias\",\"dateline\":\"Publicado el junio 2, 2019.\"},{\"@type\":\"Organization\",\"@id\":\"https:\\\/\\\/eldigitaldeasturias.com\\\/radio\\\/#organization\",\"name\":\"El digital de Asturias Radio\",\"description\":\"Diario de informaci\\u00f3n y noticias\",\"url\":\"https:\\\/\\\/eldigitaldeasturias.com\\\/radio\\\/\",\"telephone\":\"+34652131393\",\"logo\":{\"@type\":\"ImageObject\",\"url\":\"https:\\\/\\\/www.eldigitaldeasturias.com\\\/radio\\\/wp-content\\\/uploads\\\/2021\\\/03\\\/EDA.jpg\",\"@id\":\"https:\\\/\\\/eldigitaldeasturias.com\\\/radio\\\/alemania-festeja-el-dia-del-patrimonio-mundial-de-la-unesco\\\/#organizationLogo\"},\"image\":{\"@id\":\"https:\\\/\\\/eldigitaldeasturias.com\\\/radio\\\/alemania-festeja-el-dia-del-patrimonio-mundial-de-la-unesco\\\/#organizationLogo\"},\"sameAs\":[\"https:\\\/\\\/www.facebook.com\\\/\",\"https:\\\/\\\/x.com\\\/bercodi\",\"https:\\\/\\\/www.instagram.com\\\/\",\"https:\\\/\\\/www.youtube.com\\\/channel\\\/UCZP-2wLEB9Rv6erhFmqVnvg\"]},{\"@type\":\"Person\",\"@id\":\"https:\\\/\\\/eldigitaldeasturias.com\\\/radio\\\/author\\\/nbasturias\\\/#author\",\"url\":\"https:\\\/\\\/eldigitaldeasturias.com\\\/radio\\\/author\\\/nbasturias\\\/\",\"name\":\"NBAsturias\",\"image\":{\"@type\":\"ImageObject\",\"@id\":\"https:\\\/\\\/eldigitaldeasturias.com\\\/radio\\\/alemania-festeja-el-dia-del-patrimonio-mundial-de-la-unesco\\\/#authorImage\",\"url\":\"https:\\\/\\\/secure.gravatar.com\\\/avatar\\\/df2aeffc32bcd13f8d26072ef8a91b623d677766deac7f97ca815868cd41bf5e?s=96&d=mm&r=g\",\"width\":96,\"height\":96,\"caption\":\"NBAsturias\"}},{\"@type\":\"WebPage\",\"@id\":\"https:\\\/\\\/eldigitaldeasturias.com\\\/radio\\\/alemania-festeja-el-dia-del-patrimonio-mundial-de-la-unesco\\\/#webpage\",\"url\":\"https:\\\/\\\/eldigitaldeasturias.com\\\/radio\\\/alemania-festeja-el-dia-del-patrimonio-mundial-de-la-unesco\\\/\",\"name\":\"Alemania festeja el D\\u00eda del Patrimonio Mundial de la Unesco | El Digital de Asturias\",\"description\":\"Quedlinburg (Alemania), 2 jun (dpa) - Con muy buen clima veraniego y un programa de exposiciones, conciertos y visitas guiadas, comenzaron hoy los festejos por el D\\u00eda del Patrimonio Mundial de la Unesco en Alemania. La presidenta de la comisi\\u00f3n alemana de la Unesco, Maria B\\u00f6hmer, y el primer ministro del estado federado de Sajonia-Anhalt,\",\"inLanguage\":\"es-ES\",\"isPartOf\":{\"@id\":\"https:\\\/\\\/eldigitaldeasturias.com\\\/radio\\\/#website\"},\"breadcrumb\":{\"@id\":\"https:\\\/\\\/eldigitaldeasturias.com\\\/radio\\\/alemania-festeja-el-dia-del-patrimonio-mundial-de-la-unesco\\\/#breadcrumblist\"},\"author\":{\"@id\":\"https:\\\/\\\/eldigitaldeasturias.com\\\/radio\\\/author\\\/nbasturias\\\/#author\"},\"creator\":{\"@id\":\"https:\\\/\\\/eldigitaldeasturias.com\\\/radio\\\/author\\\/nbasturias\\\/#author\"},\"image\":{\"@type\":\"ImageObject\",\"url\":\"https:\\\/\\\/eldigitaldeasturias.com\\\/radio\\\/wp-content\\\/uploads\\\/2019\\\/06\\\/Dia-Unesco.jpg\",\"@id\":\"https:\\\/\\\/eldigitaldeasturias.com\\\/radio\\\/alemania-festeja-el-dia-del-patrimonio-mundial-de-la-unesco\\\/#mainImage\",\"width\":1016,\"height\":680},\"primaryImageOfPage\":{\"@id\":\"https:\\\/\\\/eldigitaldeasturias.com\\\/radio\\\/alemania-festeja-el-dia-del-patrimonio-mundial-de-la-unesco\\\/#mainImage\"},\"datePublished\":\"2019-06-02T19:35:31+02:00\",\"dateModified\":\"2019-06-02T19:53:06+02:00\"},{\"@type\":\"WebSite\",\"@id\":\"https:\\\/\\\/eldigitaldeasturias.com\\\/radio\\\/#website\",\"url\":\"https:\\\/\\\/eldigitaldeasturias.com\\\/radio\\\/\",\"name\":\"El Digital de Asturias\",\"description\":\"Diario de informaci\\u00f3n y noticias\",\"inLanguage\":\"es-ES\",\"publisher\":{\"@id\":\"https:\\\/\\\/eldigitaldeasturias.com\\\/radio\\\/#organization\"}}]}\n\t\t<\/script>\n\t\t<!-- All in One SEO Pro -->\r\n\t\t<title>Alemania festeja el D\u00eda del Patrimonio Mundial de la Unesco | El Digital de Asturias<\/title>\n\n","aioseo_head_json":{"title":"Alemania festeja el D\u00eda del Patrimonio Mundial de la Unesco | El Digital de Asturias","description":"Quedlinburg (Alemania), 2 jun (dpa) - Con muy buen clima veraniego y un programa de exposiciones, conciertos y visitas guiadas, comenzaron hoy los festejos por el D\u00eda del Patrimonio Mundial de la Unesco en Alemania. La presidenta de la comisi\u00f3n alemana de la Unesco, Maria B\u00f6hmer, y el primer ministro del estado federado de Sajonia-Anhalt,","canonical_url":"https:\/\/eldigitaldeasturias.com\/radio\/alemania-festeja-el-dia-del-patrimonio-mundial-de-la-unesco\/","robots":"max-image-preview:large","keywords":"noticias","webmasterTools":{"google-site-verification":"UA-38556648-1","miscellaneous":""},"schema":{"@context":"https:\/\/schema.org","@graph":[{"@type":"BreadcrumbList","@id":"https:\/\/eldigitaldeasturias.com\/radio\/alemania-festeja-el-dia-del-patrimonio-mundial-de-la-unesco\/#breadcrumblist","itemListElement":[{"@type":"ListItem","@id":"https:\/\/eldigitaldeasturias.com\/radio#listItem","position":1,"name":"Inicio","item":"https:\/\/eldigitaldeasturias.com\/radio","nextItem":{"@type":"ListItem","@id":"https:\/\/eldigitaldeasturias.com\/radio\/category\/noticias\/#listItem","name":"Noticias"}},{"@type":"ListItem","@id":"https:\/\/eldigitaldeasturias.com\/radio\/category\/noticias\/#listItem","position":2,"name":"Noticias","item":"https:\/\/eldigitaldeasturias.com\/radio\/category\/noticias\/","nextItem":{"@type":"ListItem","@id":"https:\/\/eldigitaldeasturias.com\/radio\/alemania-festeja-el-dia-del-patrimonio-mundial-de-la-unesco\/#listItem","name":"Alemania festeja el D\u00eda del Patrimonio Mundial de la Unesco"},"previousItem":{"@type":"ListItem","@id":"https:\/\/eldigitaldeasturias.com\/radio#listItem","name":"Inicio"}},{"@type":"ListItem","@id":"https:\/\/eldigitaldeasturias.com\/radio\/alemania-festeja-el-dia-del-patrimonio-mundial-de-la-unesco\/#listItem","position":3,"name":"Alemania festeja el D\u00eda del Patrimonio Mundial de la Unesco","previousItem":{"@type":"ListItem","@id":"https:\/\/eldigitaldeasturias.com\/radio\/category\/noticias\/#listItem","name":"Noticias"}}]},{"@type":"NewsArticle","@id":"https:\/\/eldigitaldeasturias.com\/radio\/alemania-festeja-el-dia-del-patrimonio-mundial-de-la-unesco\/#newsarticle","name":"Alemania festeja el D\u00eda del Patrimonio Mundial de la Unesco | El Digital de Asturias","headline":"Alemania festeja el D\u00eda del Patrimonio Mundial de la Unesco","author":{"@id":"https:\/\/eldigitaldeasturias.com\/radio\/author\/nbasturias\/#author"},"publisher":{"@id":"https:\/\/eldigitaldeasturias.com\/radio\/#organization"},"image":{"@type":"ImageObject","url":"https:\/\/eldigitaldeasturias.com\/radio\/wp-content\/uploads\/2019\/06\/Dia-Unesco.jpg","width":1016,"height":680},"datePublished":"2019-06-02T19:35:31+02:00","dateModified":"2019-06-02T19:53:06+02:00","inLanguage":"es-ES","mainEntityOfPage":{"@id":"https:\/\/eldigitaldeasturias.com\/radio\/alemania-festeja-el-dia-del-patrimonio-mundial-de-la-unesco\/#webpage"},"isPartOf":{"@id":"https:\/\/eldigitaldeasturias.com\/radio\/alemania-festeja-el-dia-del-patrimonio-mundial-de-la-unesco\/#webpage"},"articleSection":"Noticias","dateline":"Publicado el junio 2, 2019."},{"@type":"Organization","@id":"https:\/\/eldigitaldeasturias.com\/radio\/#organization","name":"El digital de Asturias Radio","description":"Diario de informaci\u00f3n y noticias","url":"https:\/\/eldigitaldeasturias.com\/radio\/","telephone":"+34652131393","logo":{"@type":"ImageObject","url":"https:\/\/www.eldigitaldeasturias.com\/radio\/wp-content\/uploads\/2021\/03\/EDA.jpg","@id":"https:\/\/eldigitaldeasturias.com\/radio\/alemania-festeja-el-dia-del-patrimonio-mundial-de-la-unesco\/#organizationLogo"},"image":{"@id":"https:\/\/eldigitaldeasturias.com\/radio\/alemania-festeja-el-dia-del-patrimonio-mundial-de-la-unesco\/#organizationLogo"},"sameAs":["https:\/\/www.facebook.com\/","https:\/\/x.com\/bercodi","https:\/\/www.instagram.com\/","https:\/\/www.youtube.com\/channel\/UCZP-2wLEB9Rv6erhFmqVnvg"]},{"@type":"Person","@id":"https:\/\/eldigitaldeasturias.com\/radio\/author\/nbasturias\/#author","url":"https:\/\/eldigitaldeasturias.com\/radio\/author\/nbasturias\/","name":"NBAsturias","image":{"@type":"ImageObject","@id":"https:\/\/eldigitaldeasturias.com\/radio\/alemania-festeja-el-dia-del-patrimonio-mundial-de-la-unesco\/#authorImage","url":"https:\/\/secure.gravatar.com\/avatar\/df2aeffc32bcd13f8d26072ef8a91b623d677766deac7f97ca815868cd41bf5e?s=96&d=mm&r=g","width":96,"height":96,"caption":"NBAsturias"}},{"@type":"WebPage","@id":"https:\/\/eldigitaldeasturias.com\/radio\/alemania-festeja-el-dia-del-patrimonio-mundial-de-la-unesco\/#webpage","url":"https:\/\/eldigitaldeasturias.com\/radio\/alemania-festeja-el-dia-del-patrimonio-mundial-de-la-unesco\/","name":"Alemania festeja el D\u00eda del Patrimonio Mundial de la Unesco | El Digital de Asturias","description":"Quedlinburg (Alemania), 2 jun (dpa) - Con muy buen clima veraniego y un programa de exposiciones, conciertos y visitas guiadas, comenzaron hoy los festejos por el D\u00eda del Patrimonio Mundial de la Unesco en Alemania. La presidenta de la comisi\u00f3n alemana de la Unesco, Maria B\u00f6hmer, y el primer ministro del estado federado de Sajonia-Anhalt,","inLanguage":"es-ES","isPartOf":{"@id":"https:\/\/eldigitaldeasturias.com\/radio\/#website"},"breadcrumb":{"@id":"https:\/\/eldigitaldeasturias.com\/radio\/alemania-festeja-el-dia-del-patrimonio-mundial-de-la-unesco\/#breadcrumblist"},"author":{"@id":"https:\/\/eldigitaldeasturias.com\/radio\/author\/nbasturias\/#author"},"creator":{"@id":"https:\/\/eldigitaldeasturias.com\/radio\/author\/nbasturias\/#author"},"image":{"@type":"ImageObject","url":"https:\/\/eldigitaldeasturias.com\/radio\/wp-content\/uploads\/2019\/06\/Dia-Unesco.jpg","@id":"https:\/\/eldigitaldeasturias.com\/radio\/alemania-festeja-el-dia-del-patrimonio-mundial-de-la-unesco\/#mainImage","width":1016,"height":680},"primaryImageOfPage":{"@id":"https:\/\/eldigitaldeasturias.com\/radio\/alemania-festeja-el-dia-del-patrimonio-mundial-de-la-unesco\/#mainImage"},"datePublished":"2019-06-02T19:35:31+02:00","dateModified":"2019-06-02T19:53:06+02:00"},{"@type":"WebSite","@id":"https:\/\/eldigitaldeasturias.com\/radio\/#website","url":"https:\/\/eldigitaldeasturias.com\/radio\/","name":"El Digital de Asturias","description":"Diario de informaci\u00f3n y noticias","inLanguage":"es-ES","publisher":{"@id":"https:\/\/eldigitaldeasturias.com\/radio\/#organization"}}]},"og:locale":"es_ES","og:site_name":"El Digital de Asturias | Diario de informaci\u00f3n y noticias","og:type":"article","og:title":"Alemania festeja el D\u00eda del Patrimonio Mundial de la Unesco | El Digital de Asturias","og:description":"Quedlinburg (Alemania), 2 jun (dpa) - Con muy buen clima veraniego y un programa de exposiciones, conciertos y visitas guiadas, comenzaron hoy los festejos por el D\u00eda del Patrimonio Mundial de la Unesco en Alemania. La presidenta de la comisi\u00f3n alemana de la Unesco, Maria B\u00f6hmer, y el primer ministro del estado federado de Sajonia-Anhalt,","og:url":"https:\/\/eldigitaldeasturias.com\/radio\/alemania-festeja-el-dia-del-patrimonio-mundial-de-la-unesco\/","og:image":"https:\/\/eldigitaldeasturias.com\/radio\/wp-content\/uploads\/2019\/06\/Dia-Unesco.jpg","og:image:secure_url":"https:\/\/eldigitaldeasturias.com\/radio\/wp-content\/uploads\/2019\/06\/Dia-Unesco.jpg","og:image:width":1016,"og:image:height":680,"article:published_time":"2019-06-02T19:35:31+00:00","article:modified_time":"2019-06-02T19:53:06+00:00","twitter:card":"summary_large_image","twitter:site":"@bercodi","twitter:title":"Alemania festeja el D\u00eda del Patrimonio Mundial de la Unesco | El Digital de Asturias","twitter:description":"Quedlinburg (Alemania), 2 jun (dpa) - Con muy buen clima veraniego y un programa de exposiciones, conciertos y visitas guiadas, comenzaron hoy los festejos por el D\u00eda del Patrimonio Mundial de la Unesco en Alemania. La presidenta de la comisi\u00f3n alemana de la Unesco, Maria B\u00f6hmer, y el primer ministro del estado federado de Sajonia-Anhalt,","twitter:creator":"@bercodi","twitter:image":"https:\/\/eldigitaldeasturias.com\/radio\/wp-content\/uploads\/2019\/06\/Dia-Unesco.jpg"},"aioseo_meta_data":{"post_id":"2756","title":null,"description":null,"keywords":null,"keyphrases":null,"primary_term":null,"canonical_url":null,"og_title":null,"og_description":null,"og_object_type":"default","og_image_type":"default","og_image_url":null,"og_image_width":null,"og_image_height":null,"og_image_custom_url":null,"og_image_custom_fields":null,"og_video":null,"og_custom_url":null,"og_article_section":null,"og_article_tags":null,"twitter_use_og":false,"twitter_card":"default","twitter_image_type":"default","twitter_image_url":null,"twitter_image_custom_url":null,"twitter_image_custom_fields":null,"twitter_title":null,"twitter_description":null,"schema":{"blockGraphs":[],"customGraphs":[],"default":{"data":{"Article":[],"Course":[],"Dataset":[],"FAQPage":[],"Movie":[],"Person":[],"Product":[],"ProductReview":[],"Car":[],"Recipe":[],"Service":[],"SoftwareApplication":[],"WebPage":[]},"graphName":"","isEnabled":true},"graphs":[],"defaultGraph":"","defaultPostTypeGraph":""},"schema_type":null,"schema_type_options":null,"pillar_content":false,"robots_default":true,"robots_noindex":false,"robots_noarchive":false,"robots_nosnippet":false,"robots_nofollow":false,"robots_noimageindex":false,"robots_noodp":false,"robots_notranslate":false,"robots_max_snippet":null,"robots_max_videopreview":null,"robots_max_imagepreview":"large","priority":null,"frequency":null,"location":null,"local_seo":null,"seo_analyzer_scan_date":"2025-08-28 12:52:58","breadcrumb_settings":null,"limit_modified_date":false,"open_ai":null,"ai":null,"created":"2021-03-27 03:03:55","updated":"2025-08-28 12:52:58"},"aioseo_breadcrumb":"<div class=\"aioseo-breadcrumbs\"><span class=\"aioseo-breadcrumb\">\n\t<a href=\"https:\/\/eldigitaldeasturias.com\/radio\" title=\"Inicio\">Inicio<\/a>\n<\/span><span class=\"aioseo-breadcrumb-separator\">&ndash;<\/span><span class=\"aioseo-breadcrumb\">\n\t<a href=\"https:\/\/eldigitaldeasturias.com\/radio\/category\/noticias\/\" title=\"Noticias\">Noticias<\/a>\n<\/span><span class=\"aioseo-breadcrumb-separator\">&ndash;<\/span><span class=\"aioseo-breadcrumb\">\n\tAlemania festeja el D\u00eda del Patrimonio Mundial de la Unesco\n<\/span><\/div>","aioseo_breadcrumb_json":[{"label":"Inicio","link":"https:\/\/eldigitaldeasturias.com\/radio"},{"label":"Noticias","link":"https:\/\/eldigitaldeasturias.com\/radio\/category\/noticias\/"},{"label":"Alemania festeja el D\u00eda del Patrimonio Mundial de la Unesco","link":"https:\/\/eldigitaldeasturias.com\/radio\/alemania-festeja-el-dia-del-patrimonio-mundial-de-la-unesco\/"}],"_links":{"self":[{"href":"https:\/\/eldigitaldeasturias.com\/radio\/wp-json\/wp\/v2\/posts\/2756","targetHints":{"allow":["GET"]}}],"collection":[{"href":"https:\/\/eldigitaldeasturias.com\/radio\/wp-json\/wp\/v2\/posts"}],"about":[{"href":"https:\/\/eldigitaldeasturias.com\/radio\/wp-json\/wp\/v2\/types\/post"}],"author":[{"embeddable":true,"href":"https:\/\/eldigitaldeasturias.com\/radio\/wp-json\/wp\/v2\/users\/1"}],"replies":[{"embeddable":true,"href":"https:\/\/eldigitaldeasturias.com\/radio\/wp-json\/wp\/v2\/comments?post=2756"}],"version-history":[{"count":0,"href":"https:\/\/eldigitaldeasturias.com\/radio\/wp-json\/wp\/v2\/posts\/2756\/revisions"}],"wp:featuredmedia":[{"embeddable":true,"href":"https:\/\/eldigitaldeasturias.com\/radio\/wp-json\/wp\/v2\/media\/2758"}],"wp:attachment":[{"href":"https:\/\/eldigitaldeasturias.com\/radio\/wp-json\/wp\/v2\/media?parent=2756"}],"wp:term":[{"taxonomy":"category","embeddable":true,"href":"https:\/\/eldigitaldeasturias.com\/radio\/wp-json\/wp\/v2\/categories?post=2756"},{"taxonomy":"post_tag","embeddable":true,"href":"https:\/\/eldigitaldeasturias.com\/radio\/wp-json\/wp\/v2\/tags?post=2756"}],"curies":[{"name":"wp","href":"https:\/\/api.w.org\/{rel}","templated":true}]}}