{"id":2749,"date":"2019-05-30T18:03:12","date_gmt":"2019-05-30T18:03:12","guid":{"rendered":"http:\/\/eldigitaldeasturias.com\/radio\/?p=2749"},"modified":"2019-05-30T18:03:12","modified_gmt":"2019-05-30T18:03:12","slug":"el-turismo-deportivo-se-consolida-en-espana","status":"publish","type":"post","link":"https:\/\/eldigitaldeasturias.com\/radio\/el-turismo-deportivo-se-consolida-en-espana\/","title":{"rendered":"El turismo deportivo se consolida en Espa\u00f1a"},"content":{"rendered":"<p><img fetchpriority=\"high\" decoding=\"async\" class=\"alignleft size-medium wp-image-2750\" src=\"https:\/\/eldigitaldeasturias.com\/radio\/wp-content\/uploads\/2019\/05\/1559117977_Kilometro_vertical_1-360x240.jpg\" alt=\"\" width=\"360\" height=\"240\" srcset=\"https:\/\/eldigitaldeasturias.com\/radio\/wp-content\/uploads\/2019\/05\/1559117977_Kilometro_vertical_1-360x240.jpg 360w, https:\/\/eldigitaldeasturias.com\/radio\/wp-content\/uploads\/2019\/05\/1559117977_Kilometro_vertical_1-1024x684.jpg 1024w, https:\/\/eldigitaldeasturias.com\/radio\/wp-content\/uploads\/2019\/05\/1559117977_Kilometro_vertical_1-768x513.jpg 768w, https:\/\/eldigitaldeasturias.com\/radio\/wp-content\/uploads\/2019\/05\/1559117977_Kilometro_vertical_1.jpg 1200w\" sizes=\"(max-width: 360px) 100vw, 360px\" \/>Espa\u00f1a es el segundo pa\u00eds m\u00e1s monta\u00f1oso de Europa que, junto a las m\u00faltiples posibilidades que ofrece, atrae a miles de visitantes que tienen ya en rojo en el calendario citas tan especiales como la Transgrancanaria, la Ruta de las Fortalezas de Cartagena o la Ultra Pirineu.<\/p>\n<p>La marat\u00f3n de monta\u00f1a m\u00e1s m\u00edtica e importante del pa\u00eds, Zegama &#8211; Aizkorri, vuelve este fin de semana con sus 42.195km y 5.472m de desnivel acumulado, y lo hace con un nuevo r\u00e9cord de participaci\u00f3n: m\u00e1s de 10.000 personas se han inscrito pero solo hay cabida para 500 corredores.<\/p>\n<p>Cada uno de los atletas tendr\u00e1 la oportunidad de correr el pr\u00f3ximo domingo por los picos m\u00e1s altos del Pa\u00eds Vasco, y entre los corredores, estar\u00e1n presentes Aritz Egea, Jan Margarit y Eli Gord\u00f3n, del Salomon IATI Team, uno de los equipo m\u00e1s laureados de Espa\u00f1a.<\/p>\n<p>\u00abZegama la conozco como la palma de mi mano, y el hayedo de Aratz y la vista del cresterio de Aizkorri es brutal\u00bb, afirma Aritz Egea, aunque confiesa que la mayor\u00eda de las veces no le da tiempo a contemplar los paisajes durante las carreras. \u00abEn ocasiones levantas la cabeza y flipas\u00bb, dice. Tras muchos a\u00f1os de ciclismo y triatl\u00f3n, el deportista buscaba nuevos retos y en 2012 corri\u00f3 el m\u00edtico trail de Euskadi. Desde entonces, el guipuzcoano no ha faltado a su cita y en 2017 protagoniz\u00f3 uno de sus mejores a\u00f1os.<\/p>\n<p>Seg\u00fan el Anuario de Estad\u00edstica Deportivas 2018, elaborado por el Ministerio de Educaci\u00f3n, Cultura y Deporte, el 4,1% de todos los viajes de ocio realizados por residentes en Espa\u00f1a fueron por motivos deportivos, lo que equivale a cuatro millones de viajes, a los que hay que sumar los 1,3 realizados por visitantes internacionales con el mismo objetivo. Todas cifras se traducen en 2.205,6 millones de euros para la econom\u00eda espa\u00f1ola.<\/p>\n<p>De hecho, cada vez son m\u00e1s las empresas e instituciones que apuestan por estos eventos deportivos como patrocinio o colaboraci\u00f3n. Un buen ejemplo de ello es la apuesta de<strong>\u00a0<span style=\"color: #ff6600;\"><a style=\"color: #ff6600;\" href=\"https:\/\/www.iatiseguros.com\/\" target=\"_blank\" rel=\"nofollow noopener noreferrer\">IATI Seguros<\/a><\/span><\/strong>, una de las mayores aseguradoras de viaje en Espa\u00f1a con el equipo de trail de monta\u00f1a Salomon IATI, al que este a\u00f1o patrocina. \u00abLa apuesta por el deporte y el turismo deportivo es un win \u2013 win \u2013 win; ganan los deportistas, ganan los aficionados y ganan las compa\u00f1\u00edas\u00bb, declara Alfonso Calzado, CEO de la corredur\u00eda.<\/p>\n<p>El turismo deportivo en Espa\u00f1a va a consolidar su senda de crecimiento en 2019 porque \u00abla gente ya no lo ve como un deporte tan t\u00e9cnico y descubren que tambi\u00e9n es v\u00e1lido como diversi\u00f3n o placer\u00bb, asegura Aritz Egea, uno de los mejores corredores de trails de monta\u00f1a de nuestro pa\u00eds.<\/p>\n<p>Este Zegama &#8211; Aizkorri ser\u00e1 s\u00f3lo la primera prueba de las\u00a0<em>Golden Trail World Series<\/em>\u00a0para dar paso a la Marathon du Mont-Blanc, Dolomyths run Skyrace o Annapurna Trail Marathon que congregar\u00e1 a cientos de deportistas y miles de visitantes.<\/p>\n<p><strong>Acerca del equipo Salomon IATI<\/strong><\/p>\n<p>Una edici\u00f3n m\u00e1s se ha presentado ante los medios uno de los equipos m\u00e1s competitivos que se pueda reunir, el de Salomon, al que se ha unido IATI este a\u00f1o para formar <em>Salomon IATI Team<\/em>. Eli Gord\u00f3n, T\u00f2fol Castanyer, Jan Margarit, Aritz Egea y Cristofer Clemente, todos con extenso palmar\u00e9s, componen el grupo que tomar\u00e1 parte de los principales trails nacionales e internacionales, cuyo principal patrocinador es IATI Seguros.<\/p>\n<p>IATI es una corredur\u00eda de seguros, creada por la familia Calzado en 1885, pionera en la contrataci\u00f3n de seguros online tras una importante transformaci\u00f3n digital. M\u00e1s de 500.000 clientes en los \u00faltimos cinco a\u00f1os han confiado en IATI, que ha incrementado su facturaci\u00f3n exponencialmente convirti\u00e9ndose as\u00ed en un referente en el sector.<\/p>\n","protected":false},"excerpt":{"rendered":"<p>Espa\u00f1a es el segundo pa\u00eds m\u00e1s monta\u00f1oso de Europa que, junto a las m\u00faltiples posibilidades que ofrece, atrae a miles de visitantes que tienen ya en rojo en el calendario citas tan especiales como la Transgrancanaria, la Ruta de las Fortalezas de Cartagena o la Ultra Pirineu. La marat\u00f3n de monta\u00f1a m\u00e1s m\u00edtica e importante<\/p>\n","protected":false},"author":1,"featured_media":2750,"comment_status":"closed","ping_status":"closed","sticky":false,"template":"","format":"standard","meta":{"footnotes":""},"categories":[34],"tags":[],"class_list":{"0":"post-2749","1":"post","2":"type-post","3":"status-publish","4":"format-standard","5":"has-post-thumbnail","7":"category-turismo"},"aioseo_notices":[],"aioseo_head":"\n\t\t<!-- All in One SEO Pro 4.9.6.2 - aioseo.com -->\n\t<meta name=\"description\" content=\"Espa\u00f1a es el segundo pa\u00eds m\u00e1s monta\u00f1oso de Europa que, junto a las m\u00faltiples posibilidades que ofrece, atrae a miles de visitantes que tienen ya en rojo en el calendario citas tan especiales como la Transgrancanaria, la Ruta de las Fortalezas de Cartagena o la Ultra Pirineu. La marat\u00f3n de monta\u00f1a m\u00e1s m\u00edtica e importante\" \/>\n\t<meta name=\"robots\" content=\"max-image-preview:large\" \/>\n\t<meta name=\"author\" content=\"NBAsturias\"\/>\n\t<meta name=\"google-site-verification\" content=\"UA-38556648-1\" \/>\n\t<meta name=\"keywords\" content=\"turismo\" \/>\n\t<link rel=\"canonical\" href=\"https:\/\/eldigitaldeasturias.com\/radio\/el-turismo-deportivo-se-consolida-en-espana\/\" \/>\n\t<meta name=\"generator\" content=\"All in One SEO Pro (AIOSEO) 4.9.6.2\" \/>\n\t\t<meta property=\"og:locale\" content=\"es_ES\" \/>\n\t\t<meta property=\"og:site_name\" content=\"El Digital de Asturias | Diario de informaci\u00f3n y noticias\" \/>\n\t\t<meta property=\"og:type\" content=\"article\" \/>\n\t\t<meta property=\"og:title\" content=\"El turismo deportivo se consolida en Espa\u00f1a | El Digital de Asturias\" \/>\n\t\t<meta property=\"og:description\" content=\"Espa\u00f1a es el segundo pa\u00eds m\u00e1s monta\u00f1oso de Europa que, junto a las m\u00faltiples posibilidades que ofrece, atrae a miles de visitantes que tienen ya en rojo en el calendario citas tan especiales como la Transgrancanaria, la Ruta de las Fortalezas de Cartagena o la Ultra Pirineu. La marat\u00f3n de monta\u00f1a m\u00e1s m\u00edtica e importante\" \/>\n\t\t<meta property=\"og:url\" content=\"https:\/\/eldigitaldeasturias.com\/radio\/el-turismo-deportivo-se-consolida-en-espana\/\" \/>\n\t\t<meta property=\"og:image\" content=\"https:\/\/eldigitaldeasturias.com\/radio\/wp-content\/uploads\/2019\/05\/1559117977_Kilometro_vertical_1.jpg\" \/>\n\t\t<meta property=\"og:image:secure_url\" content=\"https:\/\/eldigitaldeasturias.com\/radio\/wp-content\/uploads\/2019\/05\/1559117977_Kilometro_vertical_1.jpg\" \/>\n\t\t<meta property=\"og:image:width\" content=\"1200\" \/>\n\t\t<meta property=\"og:image:height\" content=\"801\" \/>\n\t\t<meta property=\"article:published_time\" content=\"2019-05-30T18:03:12+00:00\" \/>\n\t\t<meta property=\"article:modified_time\" content=\"2019-05-30T18:03:12+00:00\" \/>\n\t\t<meta name=\"twitter:card\" content=\"summary_large_image\" \/>\n\t\t<meta name=\"twitter:site\" content=\"@bercodi\" \/>\n\t\t<meta name=\"twitter:title\" content=\"El turismo deportivo se consolida en Espa\u00f1a | El Digital de Asturias\" \/>\n\t\t<meta name=\"twitter:description\" content=\"Espa\u00f1a es el segundo pa\u00eds m\u00e1s monta\u00f1oso de Europa que, junto a las m\u00faltiples posibilidades que ofrece, atrae a miles de visitantes que tienen ya en rojo en el calendario citas tan especiales como la Transgrancanaria, la Ruta de las Fortalezas de Cartagena o la Ultra Pirineu. La marat\u00f3n de monta\u00f1a m\u00e1s m\u00edtica e importante\" \/>\n\t\t<meta name=\"twitter:creator\" content=\"@bercodi\" \/>\n\t\t<meta name=\"twitter:image\" content=\"https:\/\/eldigitaldeasturias.com\/radio\/wp-content\/uploads\/2019\/05\/1559117977_Kilometro_vertical_1.jpg\" \/>\n\t\t<script type=\"application\/ld+json\" class=\"aioseo-schema\">\n\t\t\t{\"@context\":\"https:\\\/\\\/schema.org\",\"@graph\":[{\"@type\":\"BreadcrumbList\",\"@id\":\"https:\\\/\\\/eldigitaldeasturias.com\\\/radio\\\/el-turismo-deportivo-se-consolida-en-espana\\\/#breadcrumblist\",\"itemListElement\":[{\"@type\":\"ListItem\",\"@id\":\"https:\\\/\\\/eldigitaldeasturias.com\\\/radio#listItem\",\"position\":1,\"name\":\"Inicio\",\"item\":\"https:\\\/\\\/eldigitaldeasturias.com\\\/radio\",\"nextItem\":{\"@type\":\"ListItem\",\"@id\":\"https:\\\/\\\/eldigitaldeasturias.com\\\/radio\\\/category\\\/turismo\\\/#listItem\",\"name\":\"Turismo\"}},{\"@type\":\"ListItem\",\"@id\":\"https:\\\/\\\/eldigitaldeasturias.com\\\/radio\\\/category\\\/turismo\\\/#listItem\",\"position\":2,\"name\":\"Turismo\",\"item\":\"https:\\\/\\\/eldigitaldeasturias.com\\\/radio\\\/category\\\/turismo\\\/\",\"nextItem\":{\"@type\":\"ListItem\",\"@id\":\"https:\\\/\\\/eldigitaldeasturias.com\\\/radio\\\/el-turismo-deportivo-se-consolida-en-espana\\\/#listItem\",\"name\":\"El turismo deportivo se consolida en Espa\\u00f1a\"},\"previousItem\":{\"@type\":\"ListItem\",\"@id\":\"https:\\\/\\\/eldigitaldeasturias.com\\\/radio#listItem\",\"name\":\"Inicio\"}},{\"@type\":\"ListItem\",\"@id\":\"https:\\\/\\\/eldigitaldeasturias.com\\\/radio\\\/el-turismo-deportivo-se-consolida-en-espana\\\/#listItem\",\"position\":3,\"name\":\"El turismo deportivo se consolida en Espa\\u00f1a\",\"previousItem\":{\"@type\":\"ListItem\",\"@id\":\"https:\\\/\\\/eldigitaldeasturias.com\\\/radio\\\/category\\\/turismo\\\/#listItem\",\"name\":\"Turismo\"}}]},{\"@type\":\"NewsArticle\",\"@id\":\"https:\\\/\\\/eldigitaldeasturias.com\\\/radio\\\/el-turismo-deportivo-se-consolida-en-espana\\\/#newsarticle\",\"name\":\"El turismo deportivo se consolida en Espa\\u00f1a | El Digital de Asturias\",\"headline\":\"El turismo deportivo se consolida en Espa\\u00f1a\",\"author\":{\"@id\":\"https:\\\/\\\/eldigitaldeasturias.com\\\/radio\\\/author\\\/nbasturias\\\/#author\"},\"publisher\":{\"@id\":\"https:\\\/\\\/eldigitaldeasturias.com\\\/radio\\\/#organization\"},\"image\":{\"@type\":\"ImageObject\",\"url\":\"https:\\\/\\\/eldigitaldeasturias.com\\\/radio\\\/wp-content\\\/uploads\\\/2019\\\/05\\\/1559117977_Kilometro_vertical_1.jpg\",\"width\":1200,\"height\":801},\"datePublished\":\"2019-05-30T18:03:12+02:00\",\"dateModified\":\"2019-05-30T18:03:12+02:00\",\"inLanguage\":\"es-ES\",\"mainEntityOfPage\":{\"@id\":\"https:\\\/\\\/eldigitaldeasturias.com\\\/radio\\\/el-turismo-deportivo-se-consolida-en-espana\\\/#webpage\"},\"isPartOf\":{\"@id\":\"https:\\\/\\\/eldigitaldeasturias.com\\\/radio\\\/el-turismo-deportivo-se-consolida-en-espana\\\/#webpage\"},\"articleSection\":\"Turismo\",\"dateline\":\"Publicado el mayo 30, 2019.\"},{\"@type\":\"Organization\",\"@id\":\"https:\\\/\\\/eldigitaldeasturias.com\\\/radio\\\/#organization\",\"name\":\"El digital de Asturias Radio\",\"description\":\"Diario de informaci\\u00f3n y noticias\",\"url\":\"https:\\\/\\\/eldigitaldeasturias.com\\\/radio\\\/\",\"telephone\":\"+34652131393\",\"logo\":{\"@type\":\"ImageObject\",\"url\":\"https:\\\/\\\/www.eldigitaldeasturias.com\\\/radio\\\/wp-content\\\/uploads\\\/2021\\\/03\\\/EDA.jpg\",\"@id\":\"https:\\\/\\\/eldigitaldeasturias.com\\\/radio\\\/el-turismo-deportivo-se-consolida-en-espana\\\/#organizationLogo\"},\"image\":{\"@id\":\"https:\\\/\\\/eldigitaldeasturias.com\\\/radio\\\/el-turismo-deportivo-se-consolida-en-espana\\\/#organizationLogo\"},\"sameAs\":[\"https:\\\/\\\/www.facebook.com\\\/\",\"https:\\\/\\\/x.com\\\/bercodi\",\"https:\\\/\\\/www.instagram.com\\\/\",\"https:\\\/\\\/www.youtube.com\\\/channel\\\/UCZP-2wLEB9Rv6erhFmqVnvg\"]},{\"@type\":\"Person\",\"@id\":\"https:\\\/\\\/eldigitaldeasturias.com\\\/radio\\\/author\\\/nbasturias\\\/#author\",\"url\":\"https:\\\/\\\/eldigitaldeasturias.com\\\/radio\\\/author\\\/nbasturias\\\/\",\"name\":\"NBAsturias\",\"image\":{\"@type\":\"ImageObject\",\"@id\":\"https:\\\/\\\/eldigitaldeasturias.com\\\/radio\\\/el-turismo-deportivo-se-consolida-en-espana\\\/#authorImage\",\"url\":\"https:\\\/\\\/secure.gravatar.com\\\/avatar\\\/df2aeffc32bcd13f8d26072ef8a91b623d677766deac7f97ca815868cd41bf5e?s=96&d=mm&r=g\",\"width\":96,\"height\":96,\"caption\":\"NBAsturias\"}},{\"@type\":\"WebPage\",\"@id\":\"https:\\\/\\\/eldigitaldeasturias.com\\\/radio\\\/el-turismo-deportivo-se-consolida-en-espana\\\/#webpage\",\"url\":\"https:\\\/\\\/eldigitaldeasturias.com\\\/radio\\\/el-turismo-deportivo-se-consolida-en-espana\\\/\",\"name\":\"El turismo deportivo se consolida en Espa\\u00f1a | El Digital de Asturias\",\"description\":\"Espa\\u00f1a es el segundo pa\\u00eds m\\u00e1s monta\\u00f1oso de Europa que, junto a las m\\u00faltiples posibilidades que ofrece, atrae a miles de visitantes que tienen ya en rojo en el calendario citas tan especiales como la Transgrancanaria, la Ruta de las Fortalezas de Cartagena o la Ultra Pirineu. La marat\\u00f3n de monta\\u00f1a m\\u00e1s m\\u00edtica e importante\",\"inLanguage\":\"es-ES\",\"isPartOf\":{\"@id\":\"https:\\\/\\\/eldigitaldeasturias.com\\\/radio\\\/#website\"},\"breadcrumb\":{\"@id\":\"https:\\\/\\\/eldigitaldeasturias.com\\\/radio\\\/el-turismo-deportivo-se-consolida-en-espana\\\/#breadcrumblist\"},\"author\":{\"@id\":\"https:\\\/\\\/eldigitaldeasturias.com\\\/radio\\\/author\\\/nbasturias\\\/#author\"},\"creator\":{\"@id\":\"https:\\\/\\\/eldigitaldeasturias.com\\\/radio\\\/author\\\/nbasturias\\\/#author\"},\"image\":{\"@type\":\"ImageObject\",\"url\":\"https:\\\/\\\/eldigitaldeasturias.com\\\/radio\\\/wp-content\\\/uploads\\\/2019\\\/05\\\/1559117977_Kilometro_vertical_1.jpg\",\"@id\":\"https:\\\/\\\/eldigitaldeasturias.com\\\/radio\\\/el-turismo-deportivo-se-consolida-en-espana\\\/#mainImage\",\"width\":1200,\"height\":801},\"primaryImageOfPage\":{\"@id\":\"https:\\\/\\\/eldigitaldeasturias.com\\\/radio\\\/el-turismo-deportivo-se-consolida-en-espana\\\/#mainImage\"},\"datePublished\":\"2019-05-30T18:03:12+02:00\",\"dateModified\":\"2019-05-30T18:03:12+02:00\"},{\"@type\":\"WebSite\",\"@id\":\"https:\\\/\\\/eldigitaldeasturias.com\\\/radio\\\/#website\",\"url\":\"https:\\\/\\\/eldigitaldeasturias.com\\\/radio\\\/\",\"name\":\"El Digital de Asturias\",\"description\":\"Diario de informaci\\u00f3n y noticias\",\"inLanguage\":\"es-ES\",\"publisher\":{\"@id\":\"https:\\\/\\\/eldigitaldeasturias.com\\\/radio\\\/#organization\"}}]}\n\t\t<\/script>\n\t\t<!-- All in One SEO Pro -->\r\n\t\t<title>El turismo deportivo se consolida en Espa\u00f1a | El Digital de Asturias<\/title>\n\n","aioseo_head_json":{"title":"El turismo deportivo se consolida en Espa\u00f1a | El Digital de Asturias","description":"Espa\u00f1a es el segundo pa\u00eds m\u00e1s monta\u00f1oso de Europa que, junto a las m\u00faltiples posibilidades que ofrece, atrae a miles de visitantes que tienen ya en rojo en el calendario citas tan especiales como la Transgrancanaria, la Ruta de las Fortalezas de Cartagena o la Ultra Pirineu. La marat\u00f3n de monta\u00f1a m\u00e1s m\u00edtica e importante","canonical_url":"https:\/\/eldigitaldeasturias.com\/radio\/el-turismo-deportivo-se-consolida-en-espana\/","robots":"max-image-preview:large","keywords":"turismo","webmasterTools":{"google-site-verification":"UA-38556648-1","miscellaneous":""},"schema":{"@context":"https:\/\/schema.org","@graph":[{"@type":"BreadcrumbList","@id":"https:\/\/eldigitaldeasturias.com\/radio\/el-turismo-deportivo-se-consolida-en-espana\/#breadcrumblist","itemListElement":[{"@type":"ListItem","@id":"https:\/\/eldigitaldeasturias.com\/radio#listItem","position":1,"name":"Inicio","item":"https:\/\/eldigitaldeasturias.com\/radio","nextItem":{"@type":"ListItem","@id":"https:\/\/eldigitaldeasturias.com\/radio\/category\/turismo\/#listItem","name":"Turismo"}},{"@type":"ListItem","@id":"https:\/\/eldigitaldeasturias.com\/radio\/category\/turismo\/#listItem","position":2,"name":"Turismo","item":"https:\/\/eldigitaldeasturias.com\/radio\/category\/turismo\/","nextItem":{"@type":"ListItem","@id":"https:\/\/eldigitaldeasturias.com\/radio\/el-turismo-deportivo-se-consolida-en-espana\/#listItem","name":"El turismo deportivo se consolida en Espa\u00f1a"},"previousItem":{"@type":"ListItem","@id":"https:\/\/eldigitaldeasturias.com\/radio#listItem","name":"Inicio"}},{"@type":"ListItem","@id":"https:\/\/eldigitaldeasturias.com\/radio\/el-turismo-deportivo-se-consolida-en-espana\/#listItem","position":3,"name":"El turismo deportivo se consolida en Espa\u00f1a","previousItem":{"@type":"ListItem","@id":"https:\/\/eldigitaldeasturias.com\/radio\/category\/turismo\/#listItem","name":"Turismo"}}]},{"@type":"NewsArticle","@id":"https:\/\/eldigitaldeasturias.com\/radio\/el-turismo-deportivo-se-consolida-en-espana\/#newsarticle","name":"El turismo deportivo se consolida en Espa\u00f1a | El Digital de Asturias","headline":"El turismo deportivo se consolida en Espa\u00f1a","author":{"@id":"https:\/\/eldigitaldeasturias.com\/radio\/author\/nbasturias\/#author"},"publisher":{"@id":"https:\/\/eldigitaldeasturias.com\/radio\/#organization"},"image":{"@type":"ImageObject","url":"https:\/\/eldigitaldeasturias.com\/radio\/wp-content\/uploads\/2019\/05\/1559117977_Kilometro_vertical_1.jpg","width":1200,"height":801},"datePublished":"2019-05-30T18:03:12+02:00","dateModified":"2019-05-30T18:03:12+02:00","inLanguage":"es-ES","mainEntityOfPage":{"@id":"https:\/\/eldigitaldeasturias.com\/radio\/el-turismo-deportivo-se-consolida-en-espana\/#webpage"},"isPartOf":{"@id":"https:\/\/eldigitaldeasturias.com\/radio\/el-turismo-deportivo-se-consolida-en-espana\/#webpage"},"articleSection":"Turismo","dateline":"Publicado el mayo 30, 2019."},{"@type":"Organization","@id":"https:\/\/eldigitaldeasturias.com\/radio\/#organization","name":"El digital de Asturias Radio","description":"Diario de informaci\u00f3n y noticias","url":"https:\/\/eldigitaldeasturias.com\/radio\/","telephone":"+34652131393","logo":{"@type":"ImageObject","url":"https:\/\/www.eldigitaldeasturias.com\/radio\/wp-content\/uploads\/2021\/03\/EDA.jpg","@id":"https:\/\/eldigitaldeasturias.com\/radio\/el-turismo-deportivo-se-consolida-en-espana\/#organizationLogo"},"image":{"@id":"https:\/\/eldigitaldeasturias.com\/radio\/el-turismo-deportivo-se-consolida-en-espana\/#organizationLogo"},"sameAs":["https:\/\/www.facebook.com\/","https:\/\/x.com\/bercodi","https:\/\/www.instagram.com\/","https:\/\/www.youtube.com\/channel\/UCZP-2wLEB9Rv6erhFmqVnvg"]},{"@type":"Person","@id":"https:\/\/eldigitaldeasturias.com\/radio\/author\/nbasturias\/#author","url":"https:\/\/eldigitaldeasturias.com\/radio\/author\/nbasturias\/","name":"NBAsturias","image":{"@type":"ImageObject","@id":"https:\/\/eldigitaldeasturias.com\/radio\/el-turismo-deportivo-se-consolida-en-espana\/#authorImage","url":"https:\/\/secure.gravatar.com\/avatar\/df2aeffc32bcd13f8d26072ef8a91b623d677766deac7f97ca815868cd41bf5e?s=96&d=mm&r=g","width":96,"height":96,"caption":"NBAsturias"}},{"@type":"WebPage","@id":"https:\/\/eldigitaldeasturias.com\/radio\/el-turismo-deportivo-se-consolida-en-espana\/#webpage","url":"https:\/\/eldigitaldeasturias.com\/radio\/el-turismo-deportivo-se-consolida-en-espana\/","name":"El turismo deportivo se consolida en Espa\u00f1a | El Digital de Asturias","description":"Espa\u00f1a es el segundo pa\u00eds m\u00e1s monta\u00f1oso de Europa que, junto a las m\u00faltiples posibilidades que ofrece, atrae a miles de visitantes que tienen ya en rojo en el calendario citas tan especiales como la Transgrancanaria, la Ruta de las Fortalezas de Cartagena o la Ultra Pirineu. La marat\u00f3n de monta\u00f1a m\u00e1s m\u00edtica e importante","inLanguage":"es-ES","isPartOf":{"@id":"https:\/\/eldigitaldeasturias.com\/radio\/#website"},"breadcrumb":{"@id":"https:\/\/eldigitaldeasturias.com\/radio\/el-turismo-deportivo-se-consolida-en-espana\/#breadcrumblist"},"author":{"@id":"https:\/\/eldigitaldeasturias.com\/radio\/author\/nbasturias\/#author"},"creator":{"@id":"https:\/\/eldigitaldeasturias.com\/radio\/author\/nbasturias\/#author"},"image":{"@type":"ImageObject","url":"https:\/\/eldigitaldeasturias.com\/radio\/wp-content\/uploads\/2019\/05\/1559117977_Kilometro_vertical_1.jpg","@id":"https:\/\/eldigitaldeasturias.com\/radio\/el-turismo-deportivo-se-consolida-en-espana\/#mainImage","width":1200,"height":801},"primaryImageOfPage":{"@id":"https:\/\/eldigitaldeasturias.com\/radio\/el-turismo-deportivo-se-consolida-en-espana\/#mainImage"},"datePublished":"2019-05-30T18:03:12+02:00","dateModified":"2019-05-30T18:03:12+02:00"},{"@type":"WebSite","@id":"https:\/\/eldigitaldeasturias.com\/radio\/#website","url":"https:\/\/eldigitaldeasturias.com\/radio\/","name":"El Digital de Asturias","description":"Diario de informaci\u00f3n y noticias","inLanguage":"es-ES","publisher":{"@id":"https:\/\/eldigitaldeasturias.com\/radio\/#organization"}}]},"og:locale":"es_ES","og:site_name":"El Digital de Asturias | Diario de informaci\u00f3n y noticias","og:type":"article","og:title":"El turismo deportivo se consolida en Espa\u00f1a | El Digital de Asturias","og:description":"Espa\u00f1a es el segundo pa\u00eds m\u00e1s monta\u00f1oso de Europa que, junto a las m\u00faltiples posibilidades que ofrece, atrae a miles de visitantes que tienen ya en rojo en el calendario citas tan especiales como la Transgrancanaria, la Ruta de las Fortalezas de Cartagena o la Ultra Pirineu. La marat\u00f3n de monta\u00f1a m\u00e1s m\u00edtica e importante","og:url":"https:\/\/eldigitaldeasturias.com\/radio\/el-turismo-deportivo-se-consolida-en-espana\/","og:image":"https:\/\/eldigitaldeasturias.com\/radio\/wp-content\/uploads\/2019\/05\/1559117977_Kilometro_vertical_1.jpg","og:image:secure_url":"https:\/\/eldigitaldeasturias.com\/radio\/wp-content\/uploads\/2019\/05\/1559117977_Kilometro_vertical_1.jpg","og:image:width":1200,"og:image:height":801,"article:published_time":"2019-05-30T18:03:12+00:00","article:modified_time":"2019-05-30T18:03:12+00:00","twitter:card":"summary_large_image","twitter:site":"@bercodi","twitter:title":"El turismo deportivo se consolida en Espa\u00f1a | El Digital de Asturias","twitter:description":"Espa\u00f1a es el segundo pa\u00eds m\u00e1s monta\u00f1oso de Europa que, junto a las m\u00faltiples posibilidades que ofrece, atrae a miles de visitantes que tienen ya en rojo en el calendario citas tan especiales como la Transgrancanaria, la Ruta de las Fortalezas de Cartagena o la Ultra Pirineu. La marat\u00f3n de monta\u00f1a m\u00e1s m\u00edtica e importante","twitter:creator":"@bercodi","twitter:image":"https:\/\/eldigitaldeasturias.com\/radio\/wp-content\/uploads\/2019\/05\/1559117977_Kilometro_vertical_1.jpg"},"aioseo_meta_data":{"post_id":"2749","title":null,"description":null,"keywords":null,"keyphrases":null,"primary_term":null,"canonical_url":null,"og_title":null,"og_description":null,"og_object_type":"default","og_image_type":"default","og_image_url":null,"og_image_width":null,"og_image_height":null,"og_image_custom_url":null,"og_image_custom_fields":null,"og_video":null,"og_custom_url":null,"og_article_section":null,"og_article_tags":null,"twitter_use_og":false,"twitter_card":"default","twitter_image_type":"default","twitter_image_url":null,"twitter_image_custom_url":null,"twitter_image_custom_fields":null,"twitter_title":null,"twitter_description":null,"schema":{"blockGraphs":[],"customGraphs":[],"default":{"data":{"Article":[],"Course":[],"Dataset":[],"FAQPage":[],"Movie":[],"Person":[],"Product":[],"ProductReview":[],"Car":[],"Recipe":[],"Service":[],"SoftwareApplication":[],"WebPage":[]},"graphName":"","isEnabled":true},"graphs":[]},"schema_type":null,"schema_type_options":null,"pillar_content":false,"robots_default":true,"robots_noindex":false,"robots_noarchive":false,"robots_nosnippet":false,"robots_nofollow":false,"robots_noimageindex":false,"robots_noodp":false,"robots_notranslate":false,"robots_max_snippet":null,"robots_max_videopreview":null,"robots_max_imagepreview":"large","priority":null,"frequency":null,"location":null,"local_seo":null,"seo_analyzer_scan_date":"2025-08-28 12:52:54","breadcrumb_settings":null,"limit_modified_date":false,"open_ai":null,"ai":null,"created":"2021-03-27 01:31:19","updated":"2025-08-28 12:52:54"},"aioseo_breadcrumb":"<div class=\"aioseo-breadcrumbs\"><span class=\"aioseo-breadcrumb\">\n\t<a href=\"https:\/\/eldigitaldeasturias.com\/radio\" title=\"Inicio\">Inicio<\/a>\n<\/span><span class=\"aioseo-breadcrumb-separator\">&ndash;<\/span><span class=\"aioseo-breadcrumb\">\n\t<a href=\"https:\/\/eldigitaldeasturias.com\/radio\/category\/turismo\/\" title=\"Turismo\">Turismo<\/a>\n<\/span><span class=\"aioseo-breadcrumb-separator\">&ndash;<\/span><span class=\"aioseo-breadcrumb\">\n\tEl turismo deportivo se consolida en Espa\u00f1a\n<\/span><\/div>","aioseo_breadcrumb_json":[{"label":"Inicio","link":"https:\/\/eldigitaldeasturias.com\/radio"},{"label":"Turismo","link":"https:\/\/eldigitaldeasturias.com\/radio\/category\/turismo\/"},{"label":"El turismo deportivo se consolida en Espa\u00f1a","link":"https:\/\/eldigitaldeasturias.com\/radio\/el-turismo-deportivo-se-consolida-en-espana\/"}],"_links":{"self":[{"href":"https:\/\/eldigitaldeasturias.com\/radio\/wp-json\/wp\/v2\/posts\/2749","targetHints":{"allow":["GET"]}}],"collection":[{"href":"https:\/\/eldigitaldeasturias.com\/radio\/wp-json\/wp\/v2\/posts"}],"about":[{"href":"https:\/\/eldigitaldeasturias.com\/radio\/wp-json\/wp\/v2\/types\/post"}],"author":[{"embeddable":true,"href":"https:\/\/eldigitaldeasturias.com\/radio\/wp-json\/wp\/v2\/users\/1"}],"replies":[{"embeddable":true,"href":"https:\/\/eldigitaldeasturias.com\/radio\/wp-json\/wp\/v2\/comments?post=2749"}],"version-history":[{"count":0,"href":"https:\/\/eldigitaldeasturias.com\/radio\/wp-json\/wp\/v2\/posts\/2749\/revisions"}],"wp:featuredmedia":[{"embeddable":true,"href":"https:\/\/eldigitaldeasturias.com\/radio\/wp-json\/wp\/v2\/media\/2750"}],"wp:attachment":[{"href":"https:\/\/eldigitaldeasturias.com\/radio\/wp-json\/wp\/v2\/media?parent=2749"}],"wp:term":[{"taxonomy":"category","embeddable":true,"href":"https:\/\/eldigitaldeasturias.com\/radio\/wp-json\/wp\/v2\/categories?post=2749"},{"taxonomy":"post_tag","embeddable":true,"href":"https:\/\/eldigitaldeasturias.com\/radio\/wp-json\/wp\/v2\/tags?post=2749"}],"curies":[{"name":"wp","href":"https:\/\/api.w.org\/{rel}","templated":true}]}}