{"id":2737,"date":"2019-05-30T17:47:44","date_gmt":"2019-05-30T17:47:44","guid":{"rendered":"http:\/\/eldigitaldeasturias.com\/radio\/?p=2737"},"modified":"2019-05-30T17:47:44","modified_gmt":"2019-05-30T17:47:44","slug":"barcelo-bavaro-grand-resort-revela-las-fechas-de-sus-eventos-especiales-2019","status":"publish","type":"post","link":"https:\/\/eldigitaldeasturias.com\/radio\/barcelo-bavaro-grand-resort-revela-las-fechas-de-sus-eventos-especiales-2019\/","title":{"rendered":"Barcel\u00f3 B\u00e1varo Grand Resort, revela las fechas de sus eventos especiales 2019"},"content":{"rendered":"<p><img fetchpriority=\"high\" decoding=\"async\" class=\"alignleft size-medium wp-image-2738\" src=\"https:\/\/eldigitaldeasturias.com\/radio\/wp-content\/uploads\/2019\/05\/1558993466_Eventos_especiales_Barcel_B_varo_Grand_Resort-307x300.png\" alt=\"\" width=\"307\" height=\"300\" srcset=\"https:\/\/eldigitaldeasturias.com\/radio\/wp-content\/uploads\/2019\/05\/1558993466_Eventos_especiales_Barcel_B_varo_Grand_Resort-307x300.png 307w, https:\/\/eldigitaldeasturias.com\/radio\/wp-content\/uploads\/2019\/05\/1558993466_Eventos_especiales_Barcel_B_varo_Grand_Resort.png 613w\" sizes=\"(max-width: 307px) 100vw, 307px\" \/>Barcel\u00f3 B\u00e1varo Grand Resort es uno de esos complejos hoteleros que ha sabido combinar a la perfecci\u00f3n actividades y planes para ofrecer una experiencia completa a sus visitantes, desde su ubicaci\u00f3n ideal en la maravillosa Playa B\u00e1varo, pasando por una gastronom\u00eda de calidad y variada con m\u00e1s de diez restaurantes, hasta una amplia oferta de ocio para los m\u00e1s deportistas o para aquellos que tienen ganas de una noche de fiesta.<\/p>\n<p>La necesidad de ir un paso m\u00e1s all\u00e1 y ofrecer al cliente servicios que hagan que su estancia sea lo m\u00e1s satisfactoria posible, hacen que el complejo lleve\u00a0<strong>m\u00e1s de 8 a\u00f1os realizando<\/strong>\u00a0<strong>eventos especiales<\/strong>\u00a0que se han repartido a lo largo de las diferentes estaciones del a\u00f1o, el 2019 no ser\u00e1 la excepci\u00f3n, por ello los invitamos nuevamente a las exitosas ediciones de:<\/p>\n<p>Del 27 al 29 de septiembre el\u00a0<strong>Torneo de Golf, The Lakes<\/strong>\u00a0en su octava edici\u00f3n con el formato, Stableford individual modificado al 75% del H\u00e1ndicap. #BarceloLakesGolfCourse<\/p>\n<p><strong>C\u00f3digo de descuento de hasta un 55%<\/strong><\/p>\n<p><span style=\"color: #ff6600;\"><strong><a style=\"color: #ff6600;\" href=\"https:\/\/www.barcelo.com\/es\/barcelo-hotels\/hoteles\/republica-dominicana\/punta-cana-playa-bavaro\/barcelo-bavaro-palace\/\" target=\"_blank\" rel=\"nofollow noopener noreferrer\">Barcel\u00f3 B\u00e1varo Palace<\/a><\/strong><\/span>\u00a0&#8211; PALACEGOLF2019<br \/>\n<a href=\"https:\/\/www.barcelo.com\/es\/barcelo-hotels\/hoteles\/republica-dominicana\/punta-cana-playa-bavaro\/barcelo-bavaro-beach\/?utm_source=instagram&amp;utm_medium=org_soc&amp;utm_campaign=nombredelinfluencerenminuscu\" target=\"_blank\" rel=\"nofollow noopener noreferrer\"><span style=\"color: #ff6600;\"><strong>Barcel\u00f3 B\u00e1varo Beach Adults Only<\/strong><\/span><\/a>\u00a0&#8211; BEACHGOLF2019<\/p>\n<p>Del 23 al 29 de Septiembre se celebrar\u00e1 el certamen de belleza\u00a0<strong>Miss Mundo Dominicana<\/strong>. #MisMundoDominicana2019<br \/>\n<strong>C\u00f3digo de descuento de hasta un 55%<\/strong><br \/>\n<span style=\"color: #ff6600;\"><strong><a style=\"color: #ff6600;\" href=\"https:\/\/www.barcelo.com\/es\/barcelo-hotels\/hoteles\/republica-dominicana\/punta-cana-playa-bavaro\/barcelo-bavaro-palace\/\" target=\"_blank\" rel=\"nofollow noopener noreferrer\">Barcel\u00f3 B\u00e1varo Palace<\/a><\/strong><\/span>\u00a0&#8211; MMD2019<br \/>\n<a href=\"https:\/\/www.barcelo.com\/es\/barcelo-hotels\/hoteles\/republica-dominicana\/punta-cana-playa-bavaro\/barcelo-bavaro-beach\/?utm_source=instagram&amp;utm_medium=org_soc&amp;utm_campaign=nombredelinfluencerenminuscu\" target=\"_blank\" rel=\"nofollow noopener noreferrer\"><span style=\"color: #ff6600;\"><strong>Barcel\u00f3 B\u00e1varo Beach Adults Only<\/strong><\/span><\/a>\u00a0&#8211; MMD-2019<\/p>\n<p>Del 07 al 14 de octubre tendr\u00e1 lugar la\u00a0<strong>Singles Week<\/strong>, con un programa de actividades, concursos, clases de bailes latinos y c\u00f3cteles tropicales, entre otras diversiones.\u00a0<em>#SinglesWeek2019<\/em><br \/>\n<strong>C\u00f3digo de descuento de hasta un 55%<\/strong><br \/>\n<span style=\"color: #ff6600;\"><strong><a style=\"color: #ff6600;\" href=\"https:\/\/www.barcelo.com\/es\/barcelo-hotels\/hoteles\/republica-dominicana\/punta-cana-playa-bavaro\/barcelo-bavaro-palace\/\" target=\"_blank\" rel=\"nofollow noopener noreferrer\">Barcel\u00f3 B\u00e1varo Palace<\/a><\/strong><\/span>\u00a0&#8211; SinglesWeek2019<br \/>\n<span style=\"color: #ff6600;\"><strong><a style=\"color: #ff6600;\" href=\"https:\/\/www.barcelo.com\/es\/barcelo-hotels\/hoteles\/republica-dominicana\/punta-cana-playa-bavaro\/barcelo-bavaro-beach\/?utm_source=instagram&amp;utm_medium=org_soc&amp;utm_campaign=nombredelinfluencerenminuscu\" target=\"_blank\" rel=\"nofollow noopener noreferrer\">Barcel\u00f3 B\u00e1varo Beach Adults Only<\/a><\/strong><\/span>\u00a0&#8211; SinglesWeek-2019<\/p>\n<p>Del 20 al 27 de octubre la\u00a0<strong>Culinary Week<\/strong>, durante la cual los hu\u00e9spedes podr\u00e1n experimentar la aut\u00e9ntica cocina de diferentes partes del mundo a trav\u00e9s de actividades y eventos interactivos, como demostraciones de cocina con reconocidos chefs, degustaciones. #CulinaryWeek2019<br \/>\n<strong>C\u00f3digo de descuento de hasta un 55%<\/strong><br \/>\n<a href=\"https:\/\/www.barcelo.com\/es\/barcelo-hotels\/hoteles\/republica-dominicana\/punta-cana-playa-bavaro\/barcelo-bavaro-palace\/\" target=\"_blank\" rel=\"nofollow noopener noreferrer\"><span style=\"color: #ff6600;\"><strong>Barcel\u00f3 B\u00e1varo Palace<\/strong><\/span><\/a>\u00a0&#8211; Culinary2019<br \/>\n<span style=\"color: #ff6600;\"><strong><a style=\"color: #ff6600;\" href=\"https:\/\/www.barcelo.com\/es\/barcelo-hotels\/hoteles\/republica-dominicana\/punta-cana-playa-bavaro\/barcelo-bavaro-beach\/?utm_source=instagram&amp;utm_medium=org_soc&amp;utm_campaign=nombredelinfluencerenminuscu\" target=\"_blank\" rel=\"nofollow noopener noreferrer\">Barcel\u00f3 B\u00e1varo Beach Adults Only<\/a><\/strong><\/span>\u00a0&#8211; Culinary-2019<\/p>\n<p>M\u00e1s all\u00e1 de los eventos especiales en s\u00ed, el complejo ofrece a sus visitantes una inmensa variedad de actividades aptas para todos los gustos y edades.<\/p>\n<p><strong>Acerca de Barcel\u00f3 B\u00e1varo Grand Resort<\/strong><\/p>\n<p>El complejo se encuentra ubicado a lo largo de la hermosa playa de arena blanca y agua cristalina de Playa B\u00e1varo. Barcel\u00f3 B\u00e1varo Grand Resort, cuenta con 1991 habitaciones distribuidas en 2 hoteles:<\/p>\n<p><a href=\"https:\/\/www.barcelo.com\/es\/barcelo-hotels\/hoteles\/republica-dominicana\/punta-cana-playa-bavaro\/barcelo-bavaro-palace\/\" target=\"_blank\" rel=\"nofollow noopener noreferrer\"><span style=\"color: #ff6600;\"><strong>Barcel\u00f3 B\u00e1varo Palace<\/strong><\/span><\/a>\u00a0ofrece gran variedad de tiendas, sports bar y casino abiertos las 24 horas, un spa de categor\u00eda mundial, campo de golf, Escape Room y mucho m\u00e1s.<\/p>\n<p><a href=\"https:\/\/www.barcelo.com\/es\/barcelo-hotels\/hoteles\/republica-dominicana\/punta-cana-playa-bavaro\/barcelo-bavaro-beach\/?utm_source=instagram&amp;utm_medium=org_soc&amp;utm_campaign=nombredelinfluencerenminuscu\" target=\"_blank\" rel=\"nofollow noopener noreferrer\"><span style=\"color: #ff6600;\"><strong>Barcel\u00f3 B\u00e1varo Beach \u2013 Adults Only<\/strong><\/span><\/a>\u00a0ofrece c\u00f3modas habitaciones en un espacio solo para adultos, situado en una de las mejores playas del mundo.<\/p>\n<p><strong>Acerca de Barcel\u00f3 Hotel Group<\/strong><\/p>\n<p>Barcel\u00f3 Hotel Group, la divisi\u00f3n hotelera del Grupo Barcel\u00f3, es la 2\u00aa cadena de Espa\u00f1a y la 29\u00aa m\u00e1s grande del mundo. Actualmente cuenta con 251 hoteles urbanos y vacacionales de 4 y 5 estrellas, y m\u00e1s de 55.000 habitaciones, distribuidos en 22 pa\u00edses y comercializados bajo cuatro marcas: Royal Hideaway Luxury Hotels &amp; Resorts, Barcel\u00f3 Hotels &amp; Resorts, Occidental Hotels &amp; Resorts y Allegro Hotels. <span style=\"color: #ff6600;\"><a style=\"color: #ff6600;\" href=\"https:\/\/emea01.safelinks.protection.outlook.com\/?url=http%3A%2F%2Fwww.barcelo.com&amp;data=02%7C01%7Ca.bauza%40barcelo.com%7C108cb47b53d449a3557b08d6067617e1%7Ca5df4cb84dcf47669bc75e5b494cdc2b%7C0%7C0%7C636703501623217530&amp;sdata=Ejy5v5IBJ3bX5KQNcE%2B4YVX2eVF1REw0SryM6EczO3g%3D&amp;reserved=0\" target=\"_blank\" rel=\"nofollow noopener noreferrer\"><strong>www.barcelo.com<\/strong><\/a><\/span><\/p>\n","protected":false},"excerpt":{"rendered":"<p>Barcel\u00f3 B\u00e1varo Grand Resort es uno de esos complejos hoteleros que ha sabido combinar a la perfecci\u00f3n actividades y planes para ofrecer una experiencia completa a sus visitantes, desde su ubicaci\u00f3n ideal en la maravillosa Playa B\u00e1varo, pasando por una gastronom\u00eda de calidad y variada con m\u00e1s de diez restaurantes, hasta una amplia oferta de<\/p>\n","protected":false},"author":1,"featured_media":2738,"comment_status":"closed","ping_status":"closed","sticky":false,"template":"","format":"standard","meta":{"footnotes":""},"categories":[34],"tags":[],"class_list":{"0":"post-2737","1":"post","2":"type-post","3":"status-publish","4":"format-standard","5":"has-post-thumbnail","7":"category-turismo"},"aioseo_notices":[],"aioseo_head":"\n\t\t<!-- All in One SEO Pro 4.9.6.2 - aioseo.com -->\n\t<meta name=\"description\" content=\"Barcel\u00f3 B\u00e1varo Grand Resort es uno de esos complejos hoteleros que ha sabido combinar a la perfecci\u00f3n actividades y planes para ofrecer una experiencia completa a sus visitantes, desde su ubicaci\u00f3n ideal en la maravillosa Playa B\u00e1varo, pasando por una gastronom\u00eda de calidad y variada con m\u00e1s de diez restaurantes, hasta una amplia oferta de\" \/>\n\t<meta name=\"robots\" content=\"max-image-preview:large\" \/>\n\t<meta name=\"author\" content=\"NBAsturias\"\/>\n\t<meta name=\"google-site-verification\" content=\"UA-38556648-1\" \/>\n\t<meta name=\"keywords\" content=\"turismo\" \/>\n\t<link rel=\"canonical\" href=\"https:\/\/eldigitaldeasturias.com\/radio\/barcelo-bavaro-grand-resort-revela-las-fechas-de-sus-eventos-especiales-2019\/\" \/>\n\t<meta name=\"generator\" content=\"All in One SEO Pro (AIOSEO) 4.9.6.2\" \/>\n\t\t<meta property=\"og:locale\" content=\"es_ES\" \/>\n\t\t<meta property=\"og:site_name\" content=\"El Digital de Asturias | Diario de informaci\u00f3n y noticias\" \/>\n\t\t<meta property=\"og:type\" content=\"article\" \/>\n\t\t<meta property=\"og:title\" content=\"Barcel\u00f3 B\u00e1varo Grand Resort, revela las fechas de sus eventos especiales 2019 | El Digital de Asturias\" \/>\n\t\t<meta property=\"og:description\" content=\"Barcel\u00f3 B\u00e1varo Grand Resort es uno de esos complejos hoteleros que ha sabido combinar a la perfecci\u00f3n actividades y planes para ofrecer una experiencia completa a sus visitantes, desde su ubicaci\u00f3n ideal en la maravillosa Playa B\u00e1varo, pasando por una gastronom\u00eda de calidad y variada con m\u00e1s de diez restaurantes, hasta una amplia oferta de\" \/>\n\t\t<meta property=\"og:url\" content=\"https:\/\/eldigitaldeasturias.com\/radio\/barcelo-bavaro-grand-resort-revela-las-fechas-de-sus-eventos-especiales-2019\/\" \/>\n\t\t<meta property=\"og:image\" content=\"https:\/\/eldigitaldeasturias.com\/radio\/wp-content\/uploads\/2019\/05\/1558993466_Eventos_especiales_Barcel_B_varo_Grand_Resort.png\" \/>\n\t\t<meta property=\"og:image:secure_url\" content=\"https:\/\/eldigitaldeasturias.com\/radio\/wp-content\/uploads\/2019\/05\/1558993466_Eventos_especiales_Barcel_B_varo_Grand_Resort.png\" \/>\n\t\t<meta property=\"og:image:width\" content=\"613\" \/>\n\t\t<meta property=\"og:image:height\" content=\"599\" \/>\n\t\t<meta property=\"article:published_time\" content=\"2019-05-30T17:47:44+00:00\" \/>\n\t\t<meta property=\"article:modified_time\" content=\"2019-05-30T17:47:44+00:00\" \/>\n\t\t<meta name=\"twitter:card\" content=\"summary_large_image\" \/>\n\t\t<meta name=\"twitter:site\" content=\"@bercodi\" \/>\n\t\t<meta name=\"twitter:title\" content=\"Barcel\u00f3 B\u00e1varo Grand Resort, revela las fechas de sus eventos especiales 2019 | El Digital de Asturias\" \/>\n\t\t<meta name=\"twitter:description\" content=\"Barcel\u00f3 B\u00e1varo Grand Resort es uno de esos complejos hoteleros que ha sabido combinar a la perfecci\u00f3n actividades y planes para ofrecer una experiencia completa a sus visitantes, desde su ubicaci\u00f3n ideal en la maravillosa Playa B\u00e1varo, pasando por una gastronom\u00eda de calidad y variada con m\u00e1s de diez restaurantes, hasta una amplia oferta de\" \/>\n\t\t<meta name=\"twitter:creator\" content=\"@bercodi\" \/>\n\t\t<meta name=\"twitter:image\" content=\"https:\/\/eldigitaldeasturias.com\/radio\/wp-content\/uploads\/2019\/05\/1558993466_Eventos_especiales_Barcel_B_varo_Grand_Resort.png\" \/>\n\t\t<script type=\"application\/ld+json\" class=\"aioseo-schema\">\n\t\t\t{\"@context\":\"https:\\\/\\\/schema.org\",\"@graph\":[{\"@type\":\"BreadcrumbList\",\"@id\":\"https:\\\/\\\/eldigitaldeasturias.com\\\/radio\\\/barcelo-bavaro-grand-resort-revela-las-fechas-de-sus-eventos-especiales-2019\\\/#breadcrumblist\",\"itemListElement\":[{\"@type\":\"ListItem\",\"@id\":\"https:\\\/\\\/eldigitaldeasturias.com\\\/radio#listItem\",\"position\":1,\"name\":\"Inicio\",\"item\":\"https:\\\/\\\/eldigitaldeasturias.com\\\/radio\",\"nextItem\":{\"@type\":\"ListItem\",\"@id\":\"https:\\\/\\\/eldigitaldeasturias.com\\\/radio\\\/category\\\/turismo\\\/#listItem\",\"name\":\"Turismo\"}},{\"@type\":\"ListItem\",\"@id\":\"https:\\\/\\\/eldigitaldeasturias.com\\\/radio\\\/category\\\/turismo\\\/#listItem\",\"position\":2,\"name\":\"Turismo\",\"item\":\"https:\\\/\\\/eldigitaldeasturias.com\\\/radio\\\/category\\\/turismo\\\/\",\"nextItem\":{\"@type\":\"ListItem\",\"@id\":\"https:\\\/\\\/eldigitaldeasturias.com\\\/radio\\\/barcelo-bavaro-grand-resort-revela-las-fechas-de-sus-eventos-especiales-2019\\\/#listItem\",\"name\":\"Barcel\\u00f3 B\\u00e1varo Grand Resort, revela las fechas de sus eventos especiales 2019\"},\"previousItem\":{\"@type\":\"ListItem\",\"@id\":\"https:\\\/\\\/eldigitaldeasturias.com\\\/radio#listItem\",\"name\":\"Inicio\"}},{\"@type\":\"ListItem\",\"@id\":\"https:\\\/\\\/eldigitaldeasturias.com\\\/radio\\\/barcelo-bavaro-grand-resort-revela-las-fechas-de-sus-eventos-especiales-2019\\\/#listItem\",\"position\":3,\"name\":\"Barcel\\u00f3 B\\u00e1varo Grand Resort, revela las fechas de sus eventos especiales 2019\",\"previousItem\":{\"@type\":\"ListItem\",\"@id\":\"https:\\\/\\\/eldigitaldeasturias.com\\\/radio\\\/category\\\/turismo\\\/#listItem\",\"name\":\"Turismo\"}}]},{\"@type\":\"NewsArticle\",\"@id\":\"https:\\\/\\\/eldigitaldeasturias.com\\\/radio\\\/barcelo-bavaro-grand-resort-revela-las-fechas-de-sus-eventos-especiales-2019\\\/#newsarticle\",\"name\":\"Barcel\\u00f3 B\\u00e1varo Grand Resort, revela las fechas de sus eventos especiales 2019 | El Digital de Asturias\",\"headline\":\"Barcel\\u00f3 B\\u00e1varo Grand Resort, revela las fechas de sus eventos especiales 2019\",\"author\":{\"@id\":\"https:\\\/\\\/eldigitaldeasturias.com\\\/radio\\\/author\\\/nbasturias\\\/#author\"},\"publisher\":{\"@id\":\"https:\\\/\\\/eldigitaldeasturias.com\\\/radio\\\/#organization\"},\"image\":{\"@type\":\"ImageObject\",\"url\":\"https:\\\/\\\/eldigitaldeasturias.com\\\/radio\\\/wp-content\\\/uploads\\\/2019\\\/05\\\/1558993466_Eventos_especiales_Barcel_B_varo_Grand_Resort.png\",\"width\":613,\"height\":599},\"datePublished\":\"2019-05-30T17:47:44+02:00\",\"dateModified\":\"2019-05-30T17:47:44+02:00\",\"inLanguage\":\"es-ES\",\"mainEntityOfPage\":{\"@id\":\"https:\\\/\\\/eldigitaldeasturias.com\\\/radio\\\/barcelo-bavaro-grand-resort-revela-las-fechas-de-sus-eventos-especiales-2019\\\/#webpage\"},\"isPartOf\":{\"@id\":\"https:\\\/\\\/eldigitaldeasturias.com\\\/radio\\\/barcelo-bavaro-grand-resort-revela-las-fechas-de-sus-eventos-especiales-2019\\\/#webpage\"},\"articleSection\":\"Turismo\",\"dateline\":\"Publicado el mayo 30, 2019.\"},{\"@type\":\"Organization\",\"@id\":\"https:\\\/\\\/eldigitaldeasturias.com\\\/radio\\\/#organization\",\"name\":\"El digital de Asturias Radio\",\"description\":\"Diario de informaci\\u00f3n y noticias\",\"url\":\"https:\\\/\\\/eldigitaldeasturias.com\\\/radio\\\/\",\"telephone\":\"+34652131393\",\"logo\":{\"@type\":\"ImageObject\",\"url\":\"https:\\\/\\\/www.eldigitaldeasturias.com\\\/radio\\\/wp-content\\\/uploads\\\/2021\\\/03\\\/EDA.jpg\",\"@id\":\"https:\\\/\\\/eldigitaldeasturias.com\\\/radio\\\/barcelo-bavaro-grand-resort-revela-las-fechas-de-sus-eventos-especiales-2019\\\/#organizationLogo\"},\"image\":{\"@id\":\"https:\\\/\\\/eldigitaldeasturias.com\\\/radio\\\/barcelo-bavaro-grand-resort-revela-las-fechas-de-sus-eventos-especiales-2019\\\/#organizationLogo\"},\"sameAs\":[\"https:\\\/\\\/www.facebook.com\\\/\",\"https:\\\/\\\/x.com\\\/bercodi\",\"https:\\\/\\\/www.instagram.com\\\/\",\"https:\\\/\\\/www.youtube.com\\\/channel\\\/UCZP-2wLEB9Rv6erhFmqVnvg\"]},{\"@type\":\"Person\",\"@id\":\"https:\\\/\\\/eldigitaldeasturias.com\\\/radio\\\/author\\\/nbasturias\\\/#author\",\"url\":\"https:\\\/\\\/eldigitaldeasturias.com\\\/radio\\\/author\\\/nbasturias\\\/\",\"name\":\"NBAsturias\",\"image\":{\"@type\":\"ImageObject\",\"@id\":\"https:\\\/\\\/eldigitaldeasturias.com\\\/radio\\\/barcelo-bavaro-grand-resort-revela-las-fechas-de-sus-eventos-especiales-2019\\\/#authorImage\",\"url\":\"https:\\\/\\\/secure.gravatar.com\\\/avatar\\\/df2aeffc32bcd13f8d26072ef8a91b623d677766deac7f97ca815868cd41bf5e?s=96&d=mm&r=g\",\"width\":96,\"height\":96,\"caption\":\"NBAsturias\"}},{\"@type\":\"WebPage\",\"@id\":\"https:\\\/\\\/eldigitaldeasturias.com\\\/radio\\\/barcelo-bavaro-grand-resort-revela-las-fechas-de-sus-eventos-especiales-2019\\\/#webpage\",\"url\":\"https:\\\/\\\/eldigitaldeasturias.com\\\/radio\\\/barcelo-bavaro-grand-resort-revela-las-fechas-de-sus-eventos-especiales-2019\\\/\",\"name\":\"Barcel\\u00f3 B\\u00e1varo Grand Resort, revela las fechas de sus eventos especiales 2019 | El Digital de Asturias\",\"description\":\"Barcel\\u00f3 B\\u00e1varo Grand Resort es uno de esos complejos hoteleros que ha sabido combinar a la perfecci\\u00f3n actividades y planes para ofrecer una experiencia completa a sus visitantes, desde su ubicaci\\u00f3n ideal en la maravillosa Playa B\\u00e1varo, pasando por una gastronom\\u00eda de calidad y variada con m\\u00e1s de diez restaurantes, hasta una amplia oferta de\",\"inLanguage\":\"es-ES\",\"isPartOf\":{\"@id\":\"https:\\\/\\\/eldigitaldeasturias.com\\\/radio\\\/#website\"},\"breadcrumb\":{\"@id\":\"https:\\\/\\\/eldigitaldeasturias.com\\\/radio\\\/barcelo-bavaro-grand-resort-revela-las-fechas-de-sus-eventos-especiales-2019\\\/#breadcrumblist\"},\"author\":{\"@id\":\"https:\\\/\\\/eldigitaldeasturias.com\\\/radio\\\/author\\\/nbasturias\\\/#author\"},\"creator\":{\"@id\":\"https:\\\/\\\/eldigitaldeasturias.com\\\/radio\\\/author\\\/nbasturias\\\/#author\"},\"image\":{\"@type\":\"ImageObject\",\"url\":\"https:\\\/\\\/eldigitaldeasturias.com\\\/radio\\\/wp-content\\\/uploads\\\/2019\\\/05\\\/1558993466_Eventos_especiales_Barcel_B_varo_Grand_Resort.png\",\"@id\":\"https:\\\/\\\/eldigitaldeasturias.com\\\/radio\\\/barcelo-bavaro-grand-resort-revela-las-fechas-de-sus-eventos-especiales-2019\\\/#mainImage\",\"width\":613,\"height\":599},\"primaryImageOfPage\":{\"@id\":\"https:\\\/\\\/eldigitaldeasturias.com\\\/radio\\\/barcelo-bavaro-grand-resort-revela-las-fechas-de-sus-eventos-especiales-2019\\\/#mainImage\"},\"datePublished\":\"2019-05-30T17:47:44+02:00\",\"dateModified\":\"2019-05-30T17:47:44+02:00\"},{\"@type\":\"WebSite\",\"@id\":\"https:\\\/\\\/eldigitaldeasturias.com\\\/radio\\\/#website\",\"url\":\"https:\\\/\\\/eldigitaldeasturias.com\\\/radio\\\/\",\"name\":\"El Digital de Asturias\",\"description\":\"Diario de informaci\\u00f3n y noticias\",\"inLanguage\":\"es-ES\",\"publisher\":{\"@id\":\"https:\\\/\\\/eldigitaldeasturias.com\\\/radio\\\/#organization\"}}]}\n\t\t<\/script>\n\t\t<!-- All in One SEO Pro -->\r\n\t\t<title>Barcel\u00f3 B\u00e1varo Grand Resort, revela las fechas de sus eventos especiales 2019 | El Digital de Asturias<\/title>\n\n","aioseo_head_json":{"title":"Barcel\u00f3 B\u00e1varo Grand Resort, revela las fechas de sus eventos especiales 2019 | El Digital de Asturias","description":"Barcel\u00f3 B\u00e1varo Grand Resort es uno de esos complejos hoteleros que ha sabido combinar a la perfecci\u00f3n actividades y planes para ofrecer una experiencia completa a sus visitantes, desde su ubicaci\u00f3n ideal en la maravillosa Playa B\u00e1varo, pasando por una gastronom\u00eda de calidad y variada con m\u00e1s de diez restaurantes, hasta una amplia oferta de","canonical_url":"https:\/\/eldigitaldeasturias.com\/radio\/barcelo-bavaro-grand-resort-revela-las-fechas-de-sus-eventos-especiales-2019\/","robots":"max-image-preview:large","keywords":"turismo","webmasterTools":{"google-site-verification":"UA-38556648-1","miscellaneous":""},"schema":{"@context":"https:\/\/schema.org","@graph":[{"@type":"BreadcrumbList","@id":"https:\/\/eldigitaldeasturias.com\/radio\/barcelo-bavaro-grand-resort-revela-las-fechas-de-sus-eventos-especiales-2019\/#breadcrumblist","itemListElement":[{"@type":"ListItem","@id":"https:\/\/eldigitaldeasturias.com\/radio#listItem","position":1,"name":"Inicio","item":"https:\/\/eldigitaldeasturias.com\/radio","nextItem":{"@type":"ListItem","@id":"https:\/\/eldigitaldeasturias.com\/radio\/category\/turismo\/#listItem","name":"Turismo"}},{"@type":"ListItem","@id":"https:\/\/eldigitaldeasturias.com\/radio\/category\/turismo\/#listItem","position":2,"name":"Turismo","item":"https:\/\/eldigitaldeasturias.com\/radio\/category\/turismo\/","nextItem":{"@type":"ListItem","@id":"https:\/\/eldigitaldeasturias.com\/radio\/barcelo-bavaro-grand-resort-revela-las-fechas-de-sus-eventos-especiales-2019\/#listItem","name":"Barcel\u00f3 B\u00e1varo Grand Resort, revela las fechas de sus eventos especiales 2019"},"previousItem":{"@type":"ListItem","@id":"https:\/\/eldigitaldeasturias.com\/radio#listItem","name":"Inicio"}},{"@type":"ListItem","@id":"https:\/\/eldigitaldeasturias.com\/radio\/barcelo-bavaro-grand-resort-revela-las-fechas-de-sus-eventos-especiales-2019\/#listItem","position":3,"name":"Barcel\u00f3 B\u00e1varo Grand Resort, revela las fechas de sus eventos especiales 2019","previousItem":{"@type":"ListItem","@id":"https:\/\/eldigitaldeasturias.com\/radio\/category\/turismo\/#listItem","name":"Turismo"}}]},{"@type":"NewsArticle","@id":"https:\/\/eldigitaldeasturias.com\/radio\/barcelo-bavaro-grand-resort-revela-las-fechas-de-sus-eventos-especiales-2019\/#newsarticle","name":"Barcel\u00f3 B\u00e1varo Grand Resort, revela las fechas de sus eventos especiales 2019 | El Digital de Asturias","headline":"Barcel\u00f3 B\u00e1varo Grand Resort, revela las fechas de sus eventos especiales 2019","author":{"@id":"https:\/\/eldigitaldeasturias.com\/radio\/author\/nbasturias\/#author"},"publisher":{"@id":"https:\/\/eldigitaldeasturias.com\/radio\/#organization"},"image":{"@type":"ImageObject","url":"https:\/\/eldigitaldeasturias.com\/radio\/wp-content\/uploads\/2019\/05\/1558993466_Eventos_especiales_Barcel_B_varo_Grand_Resort.png","width":613,"height":599},"datePublished":"2019-05-30T17:47:44+02:00","dateModified":"2019-05-30T17:47:44+02:00","inLanguage":"es-ES","mainEntityOfPage":{"@id":"https:\/\/eldigitaldeasturias.com\/radio\/barcelo-bavaro-grand-resort-revela-las-fechas-de-sus-eventos-especiales-2019\/#webpage"},"isPartOf":{"@id":"https:\/\/eldigitaldeasturias.com\/radio\/barcelo-bavaro-grand-resort-revela-las-fechas-de-sus-eventos-especiales-2019\/#webpage"},"articleSection":"Turismo","dateline":"Publicado el mayo 30, 2019."},{"@type":"Organization","@id":"https:\/\/eldigitaldeasturias.com\/radio\/#organization","name":"El digital de Asturias Radio","description":"Diario de informaci\u00f3n y noticias","url":"https:\/\/eldigitaldeasturias.com\/radio\/","telephone":"+34652131393","logo":{"@type":"ImageObject","url":"https:\/\/www.eldigitaldeasturias.com\/radio\/wp-content\/uploads\/2021\/03\/EDA.jpg","@id":"https:\/\/eldigitaldeasturias.com\/radio\/barcelo-bavaro-grand-resort-revela-las-fechas-de-sus-eventos-especiales-2019\/#organizationLogo"},"image":{"@id":"https:\/\/eldigitaldeasturias.com\/radio\/barcelo-bavaro-grand-resort-revela-las-fechas-de-sus-eventos-especiales-2019\/#organizationLogo"},"sameAs":["https:\/\/www.facebook.com\/","https:\/\/x.com\/bercodi","https:\/\/www.instagram.com\/","https:\/\/www.youtube.com\/channel\/UCZP-2wLEB9Rv6erhFmqVnvg"]},{"@type":"Person","@id":"https:\/\/eldigitaldeasturias.com\/radio\/author\/nbasturias\/#author","url":"https:\/\/eldigitaldeasturias.com\/radio\/author\/nbasturias\/","name":"NBAsturias","image":{"@type":"ImageObject","@id":"https:\/\/eldigitaldeasturias.com\/radio\/barcelo-bavaro-grand-resort-revela-las-fechas-de-sus-eventos-especiales-2019\/#authorImage","url":"https:\/\/secure.gravatar.com\/avatar\/df2aeffc32bcd13f8d26072ef8a91b623d677766deac7f97ca815868cd41bf5e?s=96&d=mm&r=g","width":96,"height":96,"caption":"NBAsturias"}},{"@type":"WebPage","@id":"https:\/\/eldigitaldeasturias.com\/radio\/barcelo-bavaro-grand-resort-revela-las-fechas-de-sus-eventos-especiales-2019\/#webpage","url":"https:\/\/eldigitaldeasturias.com\/radio\/barcelo-bavaro-grand-resort-revela-las-fechas-de-sus-eventos-especiales-2019\/","name":"Barcel\u00f3 B\u00e1varo Grand Resort, revela las fechas de sus eventos especiales 2019 | El Digital de Asturias","description":"Barcel\u00f3 B\u00e1varo Grand Resort es uno de esos complejos hoteleros que ha sabido combinar a la perfecci\u00f3n actividades y planes para ofrecer una experiencia completa a sus visitantes, desde su ubicaci\u00f3n ideal en la maravillosa Playa B\u00e1varo, pasando por una gastronom\u00eda de calidad y variada con m\u00e1s de diez restaurantes, hasta una amplia oferta de","inLanguage":"es-ES","isPartOf":{"@id":"https:\/\/eldigitaldeasturias.com\/radio\/#website"},"breadcrumb":{"@id":"https:\/\/eldigitaldeasturias.com\/radio\/barcelo-bavaro-grand-resort-revela-las-fechas-de-sus-eventos-especiales-2019\/#breadcrumblist"},"author":{"@id":"https:\/\/eldigitaldeasturias.com\/radio\/author\/nbasturias\/#author"},"creator":{"@id":"https:\/\/eldigitaldeasturias.com\/radio\/author\/nbasturias\/#author"},"image":{"@type":"ImageObject","url":"https:\/\/eldigitaldeasturias.com\/radio\/wp-content\/uploads\/2019\/05\/1558993466_Eventos_especiales_Barcel_B_varo_Grand_Resort.png","@id":"https:\/\/eldigitaldeasturias.com\/radio\/barcelo-bavaro-grand-resort-revela-las-fechas-de-sus-eventos-especiales-2019\/#mainImage","width":613,"height":599},"primaryImageOfPage":{"@id":"https:\/\/eldigitaldeasturias.com\/radio\/barcelo-bavaro-grand-resort-revela-las-fechas-de-sus-eventos-especiales-2019\/#mainImage"},"datePublished":"2019-05-30T17:47:44+02:00","dateModified":"2019-05-30T17:47:44+02:00"},{"@type":"WebSite","@id":"https:\/\/eldigitaldeasturias.com\/radio\/#website","url":"https:\/\/eldigitaldeasturias.com\/radio\/","name":"El Digital de Asturias","description":"Diario de informaci\u00f3n y noticias","inLanguage":"es-ES","publisher":{"@id":"https:\/\/eldigitaldeasturias.com\/radio\/#organization"}}]},"og:locale":"es_ES","og:site_name":"El Digital de Asturias | Diario de informaci\u00f3n y noticias","og:type":"article","og:title":"Barcel\u00f3 B\u00e1varo Grand Resort, revela las fechas de sus eventos especiales 2019 | El Digital de Asturias","og:description":"Barcel\u00f3 B\u00e1varo Grand Resort es uno de esos complejos hoteleros que ha sabido combinar a la perfecci\u00f3n actividades y planes para ofrecer una experiencia completa a sus visitantes, desde su ubicaci\u00f3n ideal en la maravillosa Playa B\u00e1varo, pasando por una gastronom\u00eda de calidad y variada con m\u00e1s de diez restaurantes, hasta una amplia oferta de","og:url":"https:\/\/eldigitaldeasturias.com\/radio\/barcelo-bavaro-grand-resort-revela-las-fechas-de-sus-eventos-especiales-2019\/","og:image":"https:\/\/eldigitaldeasturias.com\/radio\/wp-content\/uploads\/2019\/05\/1558993466_Eventos_especiales_Barcel_B_varo_Grand_Resort.png","og:image:secure_url":"https:\/\/eldigitaldeasturias.com\/radio\/wp-content\/uploads\/2019\/05\/1558993466_Eventos_especiales_Barcel_B_varo_Grand_Resort.png","og:image:width":613,"og:image:height":599,"article:published_time":"2019-05-30T17:47:44+00:00","article:modified_time":"2019-05-30T17:47:44+00:00","twitter:card":"summary_large_image","twitter:site":"@bercodi","twitter:title":"Barcel\u00f3 B\u00e1varo Grand Resort, revela las fechas de sus eventos especiales 2019 | El Digital de Asturias","twitter:description":"Barcel\u00f3 B\u00e1varo Grand Resort es uno de esos complejos hoteleros que ha sabido combinar a la perfecci\u00f3n actividades y planes para ofrecer una experiencia completa a sus visitantes, desde su ubicaci\u00f3n ideal en la maravillosa Playa B\u00e1varo, pasando por una gastronom\u00eda de calidad y variada con m\u00e1s de diez restaurantes, hasta una amplia oferta de","twitter:creator":"@bercodi","twitter:image":"https:\/\/eldigitaldeasturias.com\/radio\/wp-content\/uploads\/2019\/05\/1558993466_Eventos_especiales_Barcel_B_varo_Grand_Resort.png"},"aioseo_meta_data":{"post_id":"2737","title":null,"description":null,"keywords":null,"keyphrases":null,"primary_term":null,"canonical_url":null,"og_title":null,"og_description":null,"og_object_type":"default","og_image_type":"default","og_image_url":null,"og_image_width":null,"og_image_height":null,"og_image_custom_url":null,"og_image_custom_fields":null,"og_video":null,"og_custom_url":null,"og_article_section":null,"og_article_tags":null,"twitter_use_og":false,"twitter_card":"default","twitter_image_type":"default","twitter_image_url":null,"twitter_image_custom_url":null,"twitter_image_custom_fields":null,"twitter_title":null,"twitter_description":null,"schema":{"blockGraphs":[],"customGraphs":[],"default":{"data":{"Article":[],"Course":[],"Dataset":[],"FAQPage":[],"Movie":[],"Person":[],"Product":[],"ProductReview":[],"Car":[],"Recipe":[],"Service":[],"SoftwareApplication":[],"WebPage":[]},"graphName":"","isEnabled":true},"graphs":[],"defaultGraph":"","defaultPostTypeGraph":""},"schema_type":null,"schema_type_options":null,"pillar_content":false,"robots_default":true,"robots_noindex":false,"robots_noarchive":false,"robots_nosnippet":false,"robots_nofollow":false,"robots_noimageindex":false,"robots_noodp":false,"robots_notranslate":false,"robots_max_snippet":null,"robots_max_videopreview":null,"robots_max_imagepreview":"large","priority":null,"frequency":null,"location":null,"local_seo":null,"seo_analyzer_scan_date":"2025-08-28 12:51:26","breadcrumb_settings":null,"limit_modified_date":false,"open_ai":null,"ai":null,"created":"2021-03-27 01:31:19","updated":"2025-08-28 12:51:26"},"aioseo_breadcrumb":"<div class=\"aioseo-breadcrumbs\"><span class=\"aioseo-breadcrumb\">\n\t<a href=\"https:\/\/eldigitaldeasturias.com\/radio\" title=\"Inicio\">Inicio<\/a>\n<\/span><span class=\"aioseo-breadcrumb-separator\">&ndash;<\/span><span class=\"aioseo-breadcrumb\">\n\t<a href=\"https:\/\/eldigitaldeasturias.com\/radio\/category\/turismo\/\" title=\"Turismo\">Turismo<\/a>\n<\/span><span class=\"aioseo-breadcrumb-separator\">&ndash;<\/span><span class=\"aioseo-breadcrumb\">\n\tBarcel\u00f3 B\u00e1varo Grand Resort, revela las fechas de sus eventos especiales 2019\n<\/span><\/div>","aioseo_breadcrumb_json":[{"label":"Inicio","link":"https:\/\/eldigitaldeasturias.com\/radio"},{"label":"Turismo","link":"https:\/\/eldigitaldeasturias.com\/radio\/category\/turismo\/"},{"label":"Barcel\u00f3 B\u00e1varo Grand Resort, revela las fechas de sus eventos especiales 2019","link":"https:\/\/eldigitaldeasturias.com\/radio\/barcelo-bavaro-grand-resort-revela-las-fechas-de-sus-eventos-especiales-2019\/"}],"_links":{"self":[{"href":"https:\/\/eldigitaldeasturias.com\/radio\/wp-json\/wp\/v2\/posts\/2737","targetHints":{"allow":["GET"]}}],"collection":[{"href":"https:\/\/eldigitaldeasturias.com\/radio\/wp-json\/wp\/v2\/posts"}],"about":[{"href":"https:\/\/eldigitaldeasturias.com\/radio\/wp-json\/wp\/v2\/types\/post"}],"author":[{"embeddable":true,"href":"https:\/\/eldigitaldeasturias.com\/radio\/wp-json\/wp\/v2\/users\/1"}],"replies":[{"embeddable":true,"href":"https:\/\/eldigitaldeasturias.com\/radio\/wp-json\/wp\/v2\/comments?post=2737"}],"version-history":[{"count":0,"href":"https:\/\/eldigitaldeasturias.com\/radio\/wp-json\/wp\/v2\/posts\/2737\/revisions"}],"wp:featuredmedia":[{"embeddable":true,"href":"https:\/\/eldigitaldeasturias.com\/radio\/wp-json\/wp\/v2\/media\/2738"}],"wp:attachment":[{"href":"https:\/\/eldigitaldeasturias.com\/radio\/wp-json\/wp\/v2\/media?parent=2737"}],"wp:term":[{"taxonomy":"category","embeddable":true,"href":"https:\/\/eldigitaldeasturias.com\/radio\/wp-json\/wp\/v2\/categories?post=2737"},{"taxonomy":"post_tag","embeddable":true,"href":"https:\/\/eldigitaldeasturias.com\/radio\/wp-json\/wp\/v2\/tags?post=2737"}],"curies":[{"name":"wp","href":"https:\/\/api.w.org\/{rel}","templated":true}]}}