{"id":2260,"date":"2019-01-01T05:42:30","date_gmt":"2019-01-01T05:42:30","guid":{"rendered":"http:\/\/eldigitaldeasturias.com\/radio\/?p=2260"},"modified":"2019-01-01T05:42:30","modified_gmt":"2019-01-01T05:42:30","slug":"gerd-muller-la-neutralidad-climatica-tiene-que-convertirse-en-un-estandar","status":"publish","type":"post","link":"https:\/\/eldigitaldeasturias.com\/radio\/gerd-muller-la-neutralidad-climatica-tiene-que-convertirse-en-un-estandar\/","title":{"rendered":"Gerd M\u00fcller: \u00abLa neutralidad clim\u00e1tica tiene que convertirse en un est\u00e1ndar\u00bb"},"content":{"rendered":"<p><img fetchpriority=\"high\" decoding=\"async\" class=\"alignleft size-medium wp-image-2261\" src=\"https:\/\/eldigitaldeasturias.com\/radio\/wp-content\/uploads\/2019\/01\/hill-2165759_960_720-360x240.jpg\" alt=\"\" width=\"360\" height=\"240\" srcset=\"https:\/\/eldigitaldeasturias.com\/radio\/wp-content\/uploads\/2019\/01\/hill-2165759_960_720-360x240.jpg 360w, https:\/\/eldigitaldeasturias.com\/radio\/wp-content\/uploads\/2019\/01\/hill-2165759_960_720-768x512.jpg 768w, https:\/\/eldigitaldeasturias.com\/radio\/wp-content\/uploads\/2019\/01\/hill-2165759_960_720.jpg 960w\" sizes=\"(max-width: 360px) 100vw, 360px\" \/>Berl\u00edn, 31 dic (dpa) &#8211; El ministro alem\u00e1n de Desarrollo, Gerd M\u00fcller, quiere motivar en 2019 a m\u00e1s empresarios e instituciones a operar teniendo en cuenta la neutralidad clim\u00e1tica, seg\u00fan se\u00f1al\u00f3 hoy a la agencia dpa.<\/p>\n<p>\u00abLa neutralidad clim\u00e1tica tiene que convertirse en un est\u00e1ndar\u00bb, subray\u00f3 el ministro germano. El sitio adecuado para impulsar esta postura es el foro \u00abAlianza para el Desarrollo y el Clima\u00bb, en el que participan m\u00e1s de 70 empresas, organismos p\u00fablicos y organizaciones, recalc\u00f3 M\u00fcller.<\/p>\n<p>\u00abEvitan y reducen las emisiones y compensan el resto. Espero que pronto sean 1.000\u00bb las entidades agrupadas en el foro, agreg\u00f3 M\u00fcller. \u00abCon esto ganamos inversiones privadas adicionales para proyectos de protecci\u00f3n clim\u00e1tica en pa\u00edses en desarrollo y emergentes\u00bb, detall\u00f3 el ministro germano.<\/p>\n<p>Uno de los destinos principales de las inversiones ser\u00e1n los combustibles sint\u00e9ticos, revel\u00f3 M\u00fcller. Ya existen propuestas para producir un carburante neutral a partir de energ\u00eda solar y capaz de ser transportado. \u00abEl agua y la energ\u00eda del sol son pr\u00e1cticamente gratuitas en \u00c1frica. Por ejemplo, as\u00ed podr\u00edamos producir metanol. Eso ser\u00eda un gran avance para producir el combustible para el transporte del futuro, tambi\u00e9n en Alemania y Europa\u00bb, se\u00f1al\u00f3 el ministro.<\/p>\n<p>Seg\u00fan coment\u00f3, M\u00fcller se pregunta por qu\u00e9 estas ideas a\u00fan no han sido puestas en pr\u00e1ctica. En Alemania ya existe un reactor experimental, pero falta la aplicaci\u00f3n adecuada. \u00abLo digo sin tapujos: hasta ahora, la industria petroqu\u00edmica no ha dado se\u00f1as de interesarse. Pero yo la considero una importante tecnolog\u00eda del futuro\u00bb, puntualiz\u00f3 M\u00fcller.<\/p>\n","protected":false},"excerpt":{"rendered":"<p>Berl\u00edn, 31 dic (dpa) &#8211; El ministro alem\u00e1n de Desarrollo, Gerd M\u00fcller, quiere motivar en 2019 a m\u00e1s empresarios e instituciones a operar teniendo en cuenta la neutralidad clim\u00e1tica, seg\u00fan se\u00f1al\u00f3 hoy a la agencia dpa. \u00abLa neutralidad clim\u00e1tica tiene que convertirse en un est\u00e1ndar\u00bb, subray\u00f3 el ministro germano. El sitio adecuado para impulsar esta<\/p>\n","protected":false},"author":1,"featured_media":2261,"comment_status":"closed","ping_status":"closed","sticky":false,"template":"","format":"standard","meta":{"footnotes":""},"categories":[1],"tags":[],"class_list":{"0":"post-2260","1":"post","2":"type-post","3":"status-publish","4":"format-standard","5":"has-post-thumbnail","7":"category-noticias"},"aioseo_notices":[],"aioseo_head":"\n\t\t<!-- All in One SEO Pro 4.9.6.2 - aioseo.com -->\n\t<meta name=\"description\" content=\"Berl\u00edn, 31 dic (dpa) - El ministro alem\u00e1n de Desarrollo, Gerd M\u00fcller, quiere motivar en 2019 a m\u00e1s empresarios e instituciones a operar teniendo en cuenta la neutralidad clim\u00e1tica, seg\u00fan se\u00f1al\u00f3 hoy a la agencia dpa. &quot;La neutralidad clim\u00e1tica tiene que convertirse en un est\u00e1ndar&quot;, subray\u00f3 el ministro germano. El sitio adecuado para impulsar esta\" \/>\n\t<meta name=\"robots\" content=\"max-image-preview:large\" \/>\n\t<meta name=\"author\" content=\"NBAsturias\"\/>\n\t<meta name=\"google-site-verification\" content=\"UA-38556648-1\" \/>\n\t<meta name=\"keywords\" content=\"noticias\" \/>\n\t<link rel=\"canonical\" href=\"https:\/\/eldigitaldeasturias.com\/radio\/gerd-muller-la-neutralidad-climatica-tiene-que-convertirse-en-un-estandar\/\" \/>\n\t<meta name=\"generator\" content=\"All in One SEO Pro (AIOSEO) 4.9.6.2\" \/>\n\t\t<meta property=\"og:locale\" content=\"es_ES\" \/>\n\t\t<meta property=\"og:site_name\" content=\"El Digital de Asturias | Diario de informaci\u00f3n y noticias\" \/>\n\t\t<meta property=\"og:type\" content=\"article\" \/>\n\t\t<meta property=\"og:title\" content=\"Gerd M\u00fcller: \u00abLa neutralidad clim\u00e1tica tiene que convertirse en un est\u00e1ndar\u00bb | El Digital de Asturias\" \/>\n\t\t<meta property=\"og:description\" content=\"Berl\u00edn, 31 dic (dpa) - El ministro alem\u00e1n de Desarrollo, Gerd M\u00fcller, quiere motivar en 2019 a m\u00e1s empresarios e instituciones a operar teniendo en cuenta la neutralidad clim\u00e1tica, seg\u00fan se\u00f1al\u00f3 hoy a la agencia dpa. &quot;La neutralidad clim\u00e1tica tiene que convertirse en un est\u00e1ndar&quot;, subray\u00f3 el ministro germano. El sitio adecuado para impulsar esta\" \/>\n\t\t<meta property=\"og:url\" content=\"https:\/\/eldigitaldeasturias.com\/radio\/gerd-muller-la-neutralidad-climatica-tiene-que-convertirse-en-un-estandar\/\" \/>\n\t\t<meta property=\"og:image\" content=\"https:\/\/eldigitaldeasturias.com\/radio\/wp-content\/uploads\/2019\/01\/hill-2165759_960_720.jpg\" \/>\n\t\t<meta property=\"og:image:secure_url\" content=\"https:\/\/eldigitaldeasturias.com\/radio\/wp-content\/uploads\/2019\/01\/hill-2165759_960_720.jpg\" \/>\n\t\t<meta property=\"og:image:width\" content=\"960\" \/>\n\t\t<meta property=\"og:image:height\" content=\"640\" \/>\n\t\t<meta property=\"article:published_time\" content=\"2019-01-01T05:42:30+00:00\" \/>\n\t\t<meta property=\"article:modified_time\" content=\"2019-01-01T05:42:30+00:00\" \/>\n\t\t<meta name=\"twitter:card\" content=\"summary_large_image\" \/>\n\t\t<meta name=\"twitter:site\" content=\"@bercodi\" \/>\n\t\t<meta name=\"twitter:title\" content=\"Gerd M\u00fcller: \u00abLa neutralidad clim\u00e1tica tiene que convertirse en un est\u00e1ndar\u00bb | El Digital de Asturias\" \/>\n\t\t<meta name=\"twitter:description\" content=\"Berl\u00edn, 31 dic (dpa) - El ministro alem\u00e1n de Desarrollo, Gerd M\u00fcller, quiere motivar en 2019 a m\u00e1s empresarios e instituciones a operar teniendo en cuenta la neutralidad clim\u00e1tica, seg\u00fan se\u00f1al\u00f3 hoy a la agencia dpa. &quot;La neutralidad clim\u00e1tica tiene que convertirse en un est\u00e1ndar&quot;, subray\u00f3 el ministro germano. El sitio adecuado para impulsar esta\" \/>\n\t\t<meta name=\"twitter:creator\" content=\"@bercodi\" \/>\n\t\t<meta name=\"twitter:image\" content=\"https:\/\/eldigitaldeasturias.com\/radio\/wp-content\/uploads\/2019\/01\/hill-2165759_960_720.jpg\" \/>\n\t\t<script type=\"application\/ld+json\" class=\"aioseo-schema\">\n\t\t\t{\"@context\":\"https:\\\/\\\/schema.org\",\"@graph\":[{\"@type\":\"BreadcrumbList\",\"@id\":\"https:\\\/\\\/eldigitaldeasturias.com\\\/radio\\\/gerd-muller-la-neutralidad-climatica-tiene-que-convertirse-en-un-estandar\\\/#breadcrumblist\",\"itemListElement\":[{\"@type\":\"ListItem\",\"@id\":\"https:\\\/\\\/eldigitaldeasturias.com\\\/radio#listItem\",\"position\":1,\"name\":\"Inicio\",\"item\":\"https:\\\/\\\/eldigitaldeasturias.com\\\/radio\",\"nextItem\":{\"@type\":\"ListItem\",\"@id\":\"https:\\\/\\\/eldigitaldeasturias.com\\\/radio\\\/category\\\/noticias\\\/#listItem\",\"name\":\"Noticias\"}},{\"@type\":\"ListItem\",\"@id\":\"https:\\\/\\\/eldigitaldeasturias.com\\\/radio\\\/category\\\/noticias\\\/#listItem\",\"position\":2,\"name\":\"Noticias\",\"item\":\"https:\\\/\\\/eldigitaldeasturias.com\\\/radio\\\/category\\\/noticias\\\/\",\"nextItem\":{\"@type\":\"ListItem\",\"@id\":\"https:\\\/\\\/eldigitaldeasturias.com\\\/radio\\\/gerd-muller-la-neutralidad-climatica-tiene-que-convertirse-en-un-estandar\\\/#listItem\",\"name\":\"Gerd M\\u00fcller: \\u00abLa neutralidad clim\\u00e1tica tiene que convertirse en un est\\u00e1ndar\\u00bb\"},\"previousItem\":{\"@type\":\"ListItem\",\"@id\":\"https:\\\/\\\/eldigitaldeasturias.com\\\/radio#listItem\",\"name\":\"Inicio\"}},{\"@type\":\"ListItem\",\"@id\":\"https:\\\/\\\/eldigitaldeasturias.com\\\/radio\\\/gerd-muller-la-neutralidad-climatica-tiene-que-convertirse-en-un-estandar\\\/#listItem\",\"position\":3,\"name\":\"Gerd M\\u00fcller: \\u00abLa neutralidad clim\\u00e1tica tiene que convertirse en un est\\u00e1ndar\\u00bb\",\"previousItem\":{\"@type\":\"ListItem\",\"@id\":\"https:\\\/\\\/eldigitaldeasturias.com\\\/radio\\\/category\\\/noticias\\\/#listItem\",\"name\":\"Noticias\"}}]},{\"@type\":\"NewsArticle\",\"@id\":\"https:\\\/\\\/eldigitaldeasturias.com\\\/radio\\\/gerd-muller-la-neutralidad-climatica-tiene-que-convertirse-en-un-estandar\\\/#newsarticle\",\"name\":\"Gerd M\\u00fcller: \\u00abLa neutralidad clim\\u00e1tica tiene que convertirse en un est\\u00e1ndar\\u00bb | El Digital de Asturias\",\"headline\":\"Gerd M\\u00fcller: \\u00abLa neutralidad clim\\u00e1tica tiene que convertirse en un est\\u00e1ndar\\u00bb\",\"author\":{\"@id\":\"https:\\\/\\\/eldigitaldeasturias.com\\\/radio\\\/author\\\/nbasturias\\\/#author\"},\"publisher\":{\"@id\":\"https:\\\/\\\/eldigitaldeasturias.com\\\/radio\\\/#organization\"},\"image\":{\"@type\":\"ImageObject\",\"url\":\"https:\\\/\\\/eldigitaldeasturias.com\\\/radio\\\/wp-content\\\/uploads\\\/2019\\\/01\\\/hill-2165759_960_720.jpg\",\"width\":960,\"height\":640},\"datePublished\":\"2019-01-01T05:42:30+01:00\",\"dateModified\":\"2019-01-01T05:42:30+01:00\",\"inLanguage\":\"es-ES\",\"mainEntityOfPage\":{\"@id\":\"https:\\\/\\\/eldigitaldeasturias.com\\\/radio\\\/gerd-muller-la-neutralidad-climatica-tiene-que-convertirse-en-un-estandar\\\/#webpage\"},\"isPartOf\":{\"@id\":\"https:\\\/\\\/eldigitaldeasturias.com\\\/radio\\\/gerd-muller-la-neutralidad-climatica-tiene-que-convertirse-en-un-estandar\\\/#webpage\"},\"articleSection\":\"Noticias\",\"dateline\":\"Publicado el enero 1, 2019.\"},{\"@type\":\"Organization\",\"@id\":\"https:\\\/\\\/eldigitaldeasturias.com\\\/radio\\\/#organization\",\"name\":\"El digital de Asturias Radio\",\"description\":\"Diario de informaci\\u00f3n y noticias\",\"url\":\"https:\\\/\\\/eldigitaldeasturias.com\\\/radio\\\/\",\"telephone\":\"+34652131393\",\"logo\":{\"@type\":\"ImageObject\",\"url\":\"https:\\\/\\\/www.eldigitaldeasturias.com\\\/radio\\\/wp-content\\\/uploads\\\/2021\\\/03\\\/EDA.jpg\",\"@id\":\"https:\\\/\\\/eldigitaldeasturias.com\\\/radio\\\/gerd-muller-la-neutralidad-climatica-tiene-que-convertirse-en-un-estandar\\\/#organizationLogo\"},\"image\":{\"@id\":\"https:\\\/\\\/eldigitaldeasturias.com\\\/radio\\\/gerd-muller-la-neutralidad-climatica-tiene-que-convertirse-en-un-estandar\\\/#organizationLogo\"},\"sameAs\":[\"https:\\\/\\\/www.facebook.com\\\/\",\"https:\\\/\\\/x.com\\\/bercodi\",\"https:\\\/\\\/www.instagram.com\\\/\",\"https:\\\/\\\/www.youtube.com\\\/channel\\\/UCZP-2wLEB9Rv6erhFmqVnvg\"]},{\"@type\":\"Person\",\"@id\":\"https:\\\/\\\/eldigitaldeasturias.com\\\/radio\\\/author\\\/nbasturias\\\/#author\",\"url\":\"https:\\\/\\\/eldigitaldeasturias.com\\\/radio\\\/author\\\/nbasturias\\\/\",\"name\":\"NBAsturias\",\"image\":{\"@type\":\"ImageObject\",\"@id\":\"https:\\\/\\\/eldigitaldeasturias.com\\\/radio\\\/gerd-muller-la-neutralidad-climatica-tiene-que-convertirse-en-un-estandar\\\/#authorImage\",\"url\":\"https:\\\/\\\/secure.gravatar.com\\\/avatar\\\/df2aeffc32bcd13f8d26072ef8a91b623d677766deac7f97ca815868cd41bf5e?s=96&d=mm&r=g\",\"width\":96,\"height\":96,\"caption\":\"NBAsturias\"}},{\"@type\":\"WebPage\",\"@id\":\"https:\\\/\\\/eldigitaldeasturias.com\\\/radio\\\/gerd-muller-la-neutralidad-climatica-tiene-que-convertirse-en-un-estandar\\\/#webpage\",\"url\":\"https:\\\/\\\/eldigitaldeasturias.com\\\/radio\\\/gerd-muller-la-neutralidad-climatica-tiene-que-convertirse-en-un-estandar\\\/\",\"name\":\"Gerd M\\u00fcller: \\u00abLa neutralidad clim\\u00e1tica tiene que convertirse en un est\\u00e1ndar\\u00bb | El Digital de Asturias\",\"description\":\"Berl\\u00edn, 31 dic (dpa) - El ministro alem\\u00e1n de Desarrollo, Gerd M\\u00fcller, quiere motivar en 2019 a m\\u00e1s empresarios e instituciones a operar teniendo en cuenta la neutralidad clim\\u00e1tica, seg\\u00fan se\\u00f1al\\u00f3 hoy a la agencia dpa. \\\"La neutralidad clim\\u00e1tica tiene que convertirse en un est\\u00e1ndar\\\", subray\\u00f3 el ministro germano. El sitio adecuado para impulsar esta\",\"inLanguage\":\"es-ES\",\"isPartOf\":{\"@id\":\"https:\\\/\\\/eldigitaldeasturias.com\\\/radio\\\/#website\"},\"breadcrumb\":{\"@id\":\"https:\\\/\\\/eldigitaldeasturias.com\\\/radio\\\/gerd-muller-la-neutralidad-climatica-tiene-que-convertirse-en-un-estandar\\\/#breadcrumblist\"},\"author\":{\"@id\":\"https:\\\/\\\/eldigitaldeasturias.com\\\/radio\\\/author\\\/nbasturias\\\/#author\"},\"creator\":{\"@id\":\"https:\\\/\\\/eldigitaldeasturias.com\\\/radio\\\/author\\\/nbasturias\\\/#author\"},\"image\":{\"@type\":\"ImageObject\",\"url\":\"https:\\\/\\\/eldigitaldeasturias.com\\\/radio\\\/wp-content\\\/uploads\\\/2019\\\/01\\\/hill-2165759_960_720.jpg\",\"@id\":\"https:\\\/\\\/eldigitaldeasturias.com\\\/radio\\\/gerd-muller-la-neutralidad-climatica-tiene-que-convertirse-en-un-estandar\\\/#mainImage\",\"width\":960,\"height\":640},\"primaryImageOfPage\":{\"@id\":\"https:\\\/\\\/eldigitaldeasturias.com\\\/radio\\\/gerd-muller-la-neutralidad-climatica-tiene-que-convertirse-en-un-estandar\\\/#mainImage\"},\"datePublished\":\"2019-01-01T05:42:30+01:00\",\"dateModified\":\"2019-01-01T05:42:30+01:00\"},{\"@type\":\"WebSite\",\"@id\":\"https:\\\/\\\/eldigitaldeasturias.com\\\/radio\\\/#website\",\"url\":\"https:\\\/\\\/eldigitaldeasturias.com\\\/radio\\\/\",\"name\":\"El Digital de Asturias\",\"description\":\"Diario de informaci\\u00f3n y noticias\",\"inLanguage\":\"es-ES\",\"publisher\":{\"@id\":\"https:\\\/\\\/eldigitaldeasturias.com\\\/radio\\\/#organization\"}}]}\n\t\t<\/script>\n\t\t<!-- All in One SEO Pro -->\r\n\t\t<title>Gerd M\u00fcller: \u00abLa neutralidad clim\u00e1tica tiene que convertirse en un est\u00e1ndar\u00bb | El Digital de Asturias<\/title>\n\n","aioseo_head_json":{"title":"Gerd M\u00fcller: \u00abLa neutralidad clim\u00e1tica tiene que convertirse en un est\u00e1ndar\u00bb | El Digital de Asturias","description":"Berl\u00edn, 31 dic (dpa) - El ministro alem\u00e1n de Desarrollo, Gerd M\u00fcller, quiere motivar en 2019 a m\u00e1s empresarios e instituciones a operar teniendo en cuenta la neutralidad clim\u00e1tica, seg\u00fan se\u00f1al\u00f3 hoy a la agencia dpa. \"La neutralidad clim\u00e1tica tiene que convertirse en un est\u00e1ndar\", subray\u00f3 el ministro germano. El sitio adecuado para impulsar esta","canonical_url":"https:\/\/eldigitaldeasturias.com\/radio\/gerd-muller-la-neutralidad-climatica-tiene-que-convertirse-en-un-estandar\/","robots":"max-image-preview:large","keywords":"noticias","webmasterTools":{"google-site-verification":"UA-38556648-1","miscellaneous":""},"schema":{"@context":"https:\/\/schema.org","@graph":[{"@type":"BreadcrumbList","@id":"https:\/\/eldigitaldeasturias.com\/radio\/gerd-muller-la-neutralidad-climatica-tiene-que-convertirse-en-un-estandar\/#breadcrumblist","itemListElement":[{"@type":"ListItem","@id":"https:\/\/eldigitaldeasturias.com\/radio#listItem","position":1,"name":"Inicio","item":"https:\/\/eldigitaldeasturias.com\/radio","nextItem":{"@type":"ListItem","@id":"https:\/\/eldigitaldeasturias.com\/radio\/category\/noticias\/#listItem","name":"Noticias"}},{"@type":"ListItem","@id":"https:\/\/eldigitaldeasturias.com\/radio\/category\/noticias\/#listItem","position":2,"name":"Noticias","item":"https:\/\/eldigitaldeasturias.com\/radio\/category\/noticias\/","nextItem":{"@type":"ListItem","@id":"https:\/\/eldigitaldeasturias.com\/radio\/gerd-muller-la-neutralidad-climatica-tiene-que-convertirse-en-un-estandar\/#listItem","name":"Gerd M\u00fcller: \u00abLa neutralidad clim\u00e1tica tiene que convertirse en un est\u00e1ndar\u00bb"},"previousItem":{"@type":"ListItem","@id":"https:\/\/eldigitaldeasturias.com\/radio#listItem","name":"Inicio"}},{"@type":"ListItem","@id":"https:\/\/eldigitaldeasturias.com\/radio\/gerd-muller-la-neutralidad-climatica-tiene-que-convertirse-en-un-estandar\/#listItem","position":3,"name":"Gerd M\u00fcller: \u00abLa neutralidad clim\u00e1tica tiene que convertirse en un est\u00e1ndar\u00bb","previousItem":{"@type":"ListItem","@id":"https:\/\/eldigitaldeasturias.com\/radio\/category\/noticias\/#listItem","name":"Noticias"}}]},{"@type":"NewsArticle","@id":"https:\/\/eldigitaldeasturias.com\/radio\/gerd-muller-la-neutralidad-climatica-tiene-que-convertirse-en-un-estandar\/#newsarticle","name":"Gerd M\u00fcller: \u00abLa neutralidad clim\u00e1tica tiene que convertirse en un est\u00e1ndar\u00bb | El Digital de Asturias","headline":"Gerd M\u00fcller: \u00abLa neutralidad clim\u00e1tica tiene que convertirse en un est\u00e1ndar\u00bb","author":{"@id":"https:\/\/eldigitaldeasturias.com\/radio\/author\/nbasturias\/#author"},"publisher":{"@id":"https:\/\/eldigitaldeasturias.com\/radio\/#organization"},"image":{"@type":"ImageObject","url":"https:\/\/eldigitaldeasturias.com\/radio\/wp-content\/uploads\/2019\/01\/hill-2165759_960_720.jpg","width":960,"height":640},"datePublished":"2019-01-01T05:42:30+01:00","dateModified":"2019-01-01T05:42:30+01:00","inLanguage":"es-ES","mainEntityOfPage":{"@id":"https:\/\/eldigitaldeasturias.com\/radio\/gerd-muller-la-neutralidad-climatica-tiene-que-convertirse-en-un-estandar\/#webpage"},"isPartOf":{"@id":"https:\/\/eldigitaldeasturias.com\/radio\/gerd-muller-la-neutralidad-climatica-tiene-que-convertirse-en-un-estandar\/#webpage"},"articleSection":"Noticias","dateline":"Publicado el enero 1, 2019."},{"@type":"Organization","@id":"https:\/\/eldigitaldeasturias.com\/radio\/#organization","name":"El digital de Asturias Radio","description":"Diario de informaci\u00f3n y noticias","url":"https:\/\/eldigitaldeasturias.com\/radio\/","telephone":"+34652131393","logo":{"@type":"ImageObject","url":"https:\/\/www.eldigitaldeasturias.com\/radio\/wp-content\/uploads\/2021\/03\/EDA.jpg","@id":"https:\/\/eldigitaldeasturias.com\/radio\/gerd-muller-la-neutralidad-climatica-tiene-que-convertirse-en-un-estandar\/#organizationLogo"},"image":{"@id":"https:\/\/eldigitaldeasturias.com\/radio\/gerd-muller-la-neutralidad-climatica-tiene-que-convertirse-en-un-estandar\/#organizationLogo"},"sameAs":["https:\/\/www.facebook.com\/","https:\/\/x.com\/bercodi","https:\/\/www.instagram.com\/","https:\/\/www.youtube.com\/channel\/UCZP-2wLEB9Rv6erhFmqVnvg"]},{"@type":"Person","@id":"https:\/\/eldigitaldeasturias.com\/radio\/author\/nbasturias\/#author","url":"https:\/\/eldigitaldeasturias.com\/radio\/author\/nbasturias\/","name":"NBAsturias","image":{"@type":"ImageObject","@id":"https:\/\/eldigitaldeasturias.com\/radio\/gerd-muller-la-neutralidad-climatica-tiene-que-convertirse-en-un-estandar\/#authorImage","url":"https:\/\/secure.gravatar.com\/avatar\/df2aeffc32bcd13f8d26072ef8a91b623d677766deac7f97ca815868cd41bf5e?s=96&d=mm&r=g","width":96,"height":96,"caption":"NBAsturias"}},{"@type":"WebPage","@id":"https:\/\/eldigitaldeasturias.com\/radio\/gerd-muller-la-neutralidad-climatica-tiene-que-convertirse-en-un-estandar\/#webpage","url":"https:\/\/eldigitaldeasturias.com\/radio\/gerd-muller-la-neutralidad-climatica-tiene-que-convertirse-en-un-estandar\/","name":"Gerd M\u00fcller: \u00abLa neutralidad clim\u00e1tica tiene que convertirse en un est\u00e1ndar\u00bb | El Digital de Asturias","description":"Berl\u00edn, 31 dic (dpa) - El ministro alem\u00e1n de Desarrollo, Gerd M\u00fcller, quiere motivar en 2019 a m\u00e1s empresarios e instituciones a operar teniendo en cuenta la neutralidad clim\u00e1tica, seg\u00fan se\u00f1al\u00f3 hoy a la agencia dpa. \"La neutralidad clim\u00e1tica tiene que convertirse en un est\u00e1ndar\", subray\u00f3 el ministro germano. El sitio adecuado para impulsar esta","inLanguage":"es-ES","isPartOf":{"@id":"https:\/\/eldigitaldeasturias.com\/radio\/#website"},"breadcrumb":{"@id":"https:\/\/eldigitaldeasturias.com\/radio\/gerd-muller-la-neutralidad-climatica-tiene-que-convertirse-en-un-estandar\/#breadcrumblist"},"author":{"@id":"https:\/\/eldigitaldeasturias.com\/radio\/author\/nbasturias\/#author"},"creator":{"@id":"https:\/\/eldigitaldeasturias.com\/radio\/author\/nbasturias\/#author"},"image":{"@type":"ImageObject","url":"https:\/\/eldigitaldeasturias.com\/radio\/wp-content\/uploads\/2019\/01\/hill-2165759_960_720.jpg","@id":"https:\/\/eldigitaldeasturias.com\/radio\/gerd-muller-la-neutralidad-climatica-tiene-que-convertirse-en-un-estandar\/#mainImage","width":960,"height":640},"primaryImageOfPage":{"@id":"https:\/\/eldigitaldeasturias.com\/radio\/gerd-muller-la-neutralidad-climatica-tiene-que-convertirse-en-un-estandar\/#mainImage"},"datePublished":"2019-01-01T05:42:30+01:00","dateModified":"2019-01-01T05:42:30+01:00"},{"@type":"WebSite","@id":"https:\/\/eldigitaldeasturias.com\/radio\/#website","url":"https:\/\/eldigitaldeasturias.com\/radio\/","name":"El Digital de Asturias","description":"Diario de informaci\u00f3n y noticias","inLanguage":"es-ES","publisher":{"@id":"https:\/\/eldigitaldeasturias.com\/radio\/#organization"}}]},"og:locale":"es_ES","og:site_name":"El Digital de Asturias | Diario de informaci\u00f3n y noticias","og:type":"article","og:title":"Gerd M\u00fcller: \u00abLa neutralidad clim\u00e1tica tiene que convertirse en un est\u00e1ndar\u00bb | El Digital de Asturias","og:description":"Berl\u00edn, 31 dic (dpa) - El ministro alem\u00e1n de Desarrollo, Gerd M\u00fcller, quiere motivar en 2019 a m\u00e1s empresarios e instituciones a operar teniendo en cuenta la neutralidad clim\u00e1tica, seg\u00fan se\u00f1al\u00f3 hoy a la agencia dpa. &quot;La neutralidad clim\u00e1tica tiene que convertirse en un est\u00e1ndar&quot;, subray\u00f3 el ministro germano. El sitio adecuado para impulsar esta","og:url":"https:\/\/eldigitaldeasturias.com\/radio\/gerd-muller-la-neutralidad-climatica-tiene-que-convertirse-en-un-estandar\/","og:image":"https:\/\/eldigitaldeasturias.com\/radio\/wp-content\/uploads\/2019\/01\/hill-2165759_960_720.jpg","og:image:secure_url":"https:\/\/eldigitaldeasturias.com\/radio\/wp-content\/uploads\/2019\/01\/hill-2165759_960_720.jpg","og:image:width":960,"og:image:height":640,"article:published_time":"2019-01-01T05:42:30+00:00","article:modified_time":"2019-01-01T05:42:30+00:00","twitter:card":"summary_large_image","twitter:site":"@bercodi","twitter:title":"Gerd M\u00fcller: \u00abLa neutralidad clim\u00e1tica tiene que convertirse en un est\u00e1ndar\u00bb | El Digital de Asturias","twitter:description":"Berl\u00edn, 31 dic (dpa) - El ministro alem\u00e1n de Desarrollo, Gerd M\u00fcller, quiere motivar en 2019 a m\u00e1s empresarios e instituciones a operar teniendo en cuenta la neutralidad clim\u00e1tica, seg\u00fan se\u00f1al\u00f3 hoy a la agencia dpa. &quot;La neutralidad clim\u00e1tica tiene que convertirse en un est\u00e1ndar&quot;, subray\u00f3 el ministro germano. El sitio adecuado para impulsar esta","twitter:creator":"@bercodi","twitter:image":"https:\/\/eldigitaldeasturias.com\/radio\/wp-content\/uploads\/2019\/01\/hill-2165759_960_720.jpg"},"aioseo_meta_data":{"post_id":"2260","title":null,"description":null,"keywords":null,"keyphrases":null,"primary_term":null,"canonical_url":null,"og_title":null,"og_description":null,"og_object_type":"default","og_image_type":"default","og_image_url":null,"og_image_width":null,"og_image_height":null,"og_image_custom_url":null,"og_image_custom_fields":null,"og_video":null,"og_custom_url":null,"og_article_section":null,"og_article_tags":null,"twitter_use_og":false,"twitter_card":"default","twitter_image_type":"default","twitter_image_url":null,"twitter_image_custom_url":null,"twitter_image_custom_fields":null,"twitter_title":null,"twitter_description":null,"schema":{"blockGraphs":[],"customGraphs":[],"default":{"data":{"Article":[],"Course":[],"Dataset":[],"FAQPage":[],"Movie":[],"Person":[],"Product":[],"ProductReview":[],"Car":[],"Recipe":[],"Service":[],"SoftwareApplication":[],"WebPage":[]},"graphName":"","isEnabled":true},"graphs":[],"defaultGraph":"","defaultPostTypeGraph":""},"schema_type":null,"schema_type_options":null,"pillar_content":false,"robots_default":true,"robots_noindex":false,"robots_noarchive":false,"robots_nosnippet":false,"robots_nofollow":false,"robots_noimageindex":false,"robots_noodp":false,"robots_notranslate":false,"robots_max_snippet":null,"robots_max_videopreview":null,"robots_max_imagepreview":"large","priority":null,"frequency":null,"location":null,"local_seo":null,"seo_analyzer_scan_date":"2025-08-28 12:00:45","breadcrumb_settings":null,"limit_modified_date":false,"open_ai":null,"ai":null,"created":"2021-03-26 11:24:33","updated":"2025-08-28 12:00:45"},"aioseo_breadcrumb":"<div class=\"aioseo-breadcrumbs\"><span class=\"aioseo-breadcrumb\">\n\t<a href=\"https:\/\/eldigitaldeasturias.com\/radio\" title=\"Inicio\">Inicio<\/a>\n<\/span><span class=\"aioseo-breadcrumb-separator\">&ndash;<\/span><span class=\"aioseo-breadcrumb\">\n\t<a href=\"https:\/\/eldigitaldeasturias.com\/radio\/category\/noticias\/\" title=\"Noticias\">Noticias<\/a>\n<\/span><span class=\"aioseo-breadcrumb-separator\">&ndash;<\/span><span class=\"aioseo-breadcrumb\">\n\tGerd M\u00fcller: \u00abLa neutralidad clim\u00e1tica tiene que convertirse en un est\u00e1ndar\u00bb\n<\/span><\/div>","aioseo_breadcrumb_json":[{"label":"Inicio","link":"https:\/\/eldigitaldeasturias.com\/radio"},{"label":"Noticias","link":"https:\/\/eldigitaldeasturias.com\/radio\/category\/noticias\/"},{"label":"Gerd M\u00fcller: \u00abLa neutralidad clim\u00e1tica tiene que convertirse en un est\u00e1ndar\u00bb","link":"https:\/\/eldigitaldeasturias.com\/radio\/gerd-muller-la-neutralidad-climatica-tiene-que-convertirse-en-un-estandar\/"}],"_links":{"self":[{"href":"https:\/\/eldigitaldeasturias.com\/radio\/wp-json\/wp\/v2\/posts\/2260","targetHints":{"allow":["GET"]}}],"collection":[{"href":"https:\/\/eldigitaldeasturias.com\/radio\/wp-json\/wp\/v2\/posts"}],"about":[{"href":"https:\/\/eldigitaldeasturias.com\/radio\/wp-json\/wp\/v2\/types\/post"}],"author":[{"embeddable":true,"href":"https:\/\/eldigitaldeasturias.com\/radio\/wp-json\/wp\/v2\/users\/1"}],"replies":[{"embeddable":true,"href":"https:\/\/eldigitaldeasturias.com\/radio\/wp-json\/wp\/v2\/comments?post=2260"}],"version-history":[{"count":0,"href":"https:\/\/eldigitaldeasturias.com\/radio\/wp-json\/wp\/v2\/posts\/2260\/revisions"}],"wp:featuredmedia":[{"embeddable":true,"href":"https:\/\/eldigitaldeasturias.com\/radio\/wp-json\/wp\/v2\/media\/2261"}],"wp:attachment":[{"href":"https:\/\/eldigitaldeasturias.com\/radio\/wp-json\/wp\/v2\/media?parent=2260"}],"wp:term":[{"taxonomy":"category","embeddable":true,"href":"https:\/\/eldigitaldeasturias.com\/radio\/wp-json\/wp\/v2\/categories?post=2260"},{"taxonomy":"post_tag","embeddable":true,"href":"https:\/\/eldigitaldeasturias.com\/radio\/wp-json\/wp\/v2\/tags?post=2260"}],"curies":[{"name":"wp","href":"https:\/\/api.w.org\/{rel}","templated":true}]}}